{"id":373308,"date":"2019-05-10T16:53:16","date_gmt":"2019-05-10T19:53:16","guid":{"rendered":"https:\/\/www.estrategiaconcursos.com.br\/blog\/?p=373308"},"modified":"2019-05-10T16:54:12","modified_gmt":"2019-05-10T19:54:12","slug":"concurso-pm-sc-banca-organizadora-do-certame-e-escolhida","status":"publish","type":"post","link":"https:\/\/www.estrategiaconcursos.com.br\/blog\/concurso-pm-sc-banca-organizadora-do-certame-e-escolhida\/","title":{"rendered":"Concurso PM SC: SAIU A BANCA; edital com 1.000 vagas sai em breve"},"content":{"rendered":"\n<p>Fala, guerreiros&#8230;<\/p>\n\n\n\n<p>Saiu a banca do concurso da Pol\u00edcia Militar de Santa Catarina. A defini\u00e7\u00e3o foi feita na tarde desta sexta-feira, 10 de maio. A escolha foi feita ap\u00f3s an\u00e1lise das propostas apresentadas pelas institui\u00e7\u00f5es atrav\u00e9s de preg\u00e3o eletr\u00f4nico. A sess\u00e3o foi aberta ontem, por volta das 13h, e encerrada \u00e0s 19h30.<\/p>\n\n\n\n<p>Entre as bancas inscritas, apenas a AVR &#8211; Assessoria T\u00e9cnica foi desclassificada do leil\u00e3o. Concuplan, Instituto AOCP, IBADE, Objetiva Concursos e Sarmento Concursos conseguiram a classifica\u00e7\u00e3o no preg\u00e3o, mas n\u00e3o foram selecionadas.<\/p>\n\n\n\n<p>A banca vencedora do leil\u00e3o e respons\u00e1vel por organizar o concurso PM SC ser\u00e1 o Instituto Carlos Augusto Bittencourt (INCAB). O valor oferecido de R$ 990.000,00 foi considerado o mais atrativo e agora o Instituto trabalha no edital do certame.<\/p>\n\n\n\n<figure class=\"wp-block-image\"><img loading=\"lazy\" decoding=\"async\" width=\"1280\" height=\"657\" src=\"https:\/\/dhg1h5j42swfq.cloudfront.net\/2019\/05\/10160901\/WhatsApp-Image-2019-05-10-at-15.48.111.jpeg\" alt=\"\" class=\"wp-image-373314\" srcset=\"https:\/\/dhg1h5j42swfq.cloudfront.net\/2019\/05\/10160901\/WhatsApp-Image-2019-05-10-at-15.48.111.jpeg 1280w, https:\/\/dhg1h5j42swfq.cloudfront.net\/2019\/05\/10160901\/WhatsApp-Image-2019-05-10-at-15.48.111.jpeg 300w, https:\/\/dhg1h5j42swfq.cloudfront.net\/2019\/05\/10160901\/WhatsApp-Image-2019-05-10-at-15.48.111.jpeg 768w, https:\/\/dhg1h5j42swfq.cloudfront.net\/2019\/05\/10160901\/WhatsApp-Image-2019-05-10-at-15.48.111.jpeg 1024w, https:\/\/dhg1h5j42swfq.cloudfront.net\/2019\/05\/10160901\/WhatsApp-Image-2019-05-10-at-15.48.111.jpeg 610w\" sizes=\"auto, (max-width: 1280px) 100vw, 1280px\" \/><\/figure>\n\n\n\n<p>Vale lembrar que<em> <span style=\"text-decoration: underline;\"><a rel=\"noreferrer noopener\" aria-label=\" (abre numa nova aba)\" href=\"https:\/\/www.estrategiaconcursos.com.br\/blog\/concurso-pm-sc-pregao-eletronico-nao-recebe-lances-e-tera-uma-nova-sessao\/\" target=\"_blank\">a banca respons\u00e1vel pelo TAF e pelo concurso de admiss\u00e3o do Curso de Forma\u00e7\u00e3o para Soldado ainda n\u00e3o foi definida<\/a><\/span><\/em>. Uma nova sess\u00e3o ser\u00e1 reaberta para definir a respons\u00e1vel por tais etapas.<\/p>\n\n\n\n<p style=\"font-size:25px;text-align:center\" class=\"has-background has-luminous-vivid-amber-background-color\"><strong>MAIS INFORMA\u00c7\u00d5ES:&nbsp;<a href=\"https:\/\/www.estrategiaconcursos.com.br\/blog\/concurso-pm-sc-2019\/\" target=\"_blank\" rel=\"noreferrer noopener\">Concurso PM SC<\/a><\/strong><\/p>\n\n\n\n<p style=\"text-align:center\" class=\"has-medium-font-size\"><em><strong>Assinatura Anual Ilimitada*<\/strong><\/em><\/p>\n\n\n\n<p style=\"text-align:center\"><em>Prepare-se com o melhor material e com quem mais aprova em Concursos P\u00fablicos em todo o pa\u00eds. Assine agora a nossa Assinatura Anual e tenha acesso ilimitado a todos os nossos cursos.<\/em><\/p>\n\n\n\n<p style=\"text-align:center\" class=\"has-background has-medium-font-size has-light-green-cyan-background-color\"><strong>ASSINE AGORA<\/strong>&nbsp;\u2013&nbsp;<a href=\"https:\/\/www.estrategiaconcursos.com.br\/assinaturas\" target=\"_blank\" rel=\"noreferrer noopener\">Assinatura Ilimitada<\/a><\/p>\n","protected":false},"excerpt":{"rendered":"<p>Fala, guerreiros&#8230; Saiu a banca do concurso da Pol\u00edcia Militar de Santa Catarina. A defini\u00e7\u00e3o foi feita na tarde desta sexta-feira, 10 de maio. A escolha foi feita ap\u00f3s an\u00e1lise das propostas apresentadas pelas institui\u00e7\u00f5es atrav\u00e9s de preg\u00e3o eletr\u00f4nico. A sess\u00e3o foi aberta ontem, por volta das 13h, e encerrada \u00e0s 19h30. Entre as bancas [&hellip;]<\/p>\n","protected":false},"author":552,"featured_media":147480,"comment_status":"open","ping_status":"closed","sticky":false,"template":"","format":"standard","meta":{"post_tipo":"article","footnotes":""},"categories":[1],"tags":[],"tax_estado":[],"class_list":["post-373308","post","type-post","status-publish","format-standard","has-post-thumbnail","hentry","category-cursos-e-concursos"],"acf":[],"yoast_head":"<!-- This site is optimized with the Yoast SEO Premium plugin v27.2 (Yoast SEO v27.2) - https:\/\/yoast.com\/product\/yoast-seo-premium-wordpress\/ -->\n<title>Concurso PM SC: SAIU A BANCA; edital com 1.000 vagas sai em breve<\/title>\n<meta name=\"robots\" content=\"index, follow, max-snippet:-1, max-image-preview:large, max-video-preview:-1\" \/>\n<link rel=\"canonical\" href=\"https:\/\/www.estrategiaconcursos.com.br\/blog\/concurso-pm-sc-banca-organizadora-do-certame-e-escolhida\/\" \/>\n<meta property=\"og:locale\" content=\"pt_BR\" \/>\n<meta property=\"og:type\" content=\"article\" \/>\n<meta property=\"og:title\" content=\"Concurso PM SC: SAIU A BANCA; edital com 1.000 vagas sai em breve\" \/>\n<meta property=\"og:description\" content=\"Fala, guerreiros&#8230; Saiu a banca do concurso da Pol\u00edcia Militar de Santa Catarina. A defini\u00e7\u00e3o foi feita na tarde desta sexta-feira, 10 de maio. A escolha foi feita ap\u00f3s an\u00e1lise das propostas apresentadas pelas institui\u00e7\u00f5es atrav\u00e9s de preg\u00e3o eletr\u00f4nico. A sess\u00e3o foi aberta ontem, por volta das 13h, e encerrada \u00e0s 19h30. Entre as bancas [&hellip;]\" \/>\n<meta property=\"og:url\" content=\"https:\/\/www.estrategiaconcursos.com.br\/blog\/concurso-pm-sc-banca-organizadora-do-certame-e-escolhida\/\" \/>\n<meta property=\"og:site_name\" content=\"Estrat\u00e9gia Concursos\" \/>\n<meta property=\"article:published_time\" content=\"2019-05-10T19:53:16+00:00\" \/>\n<meta property=\"article:modified_time\" content=\"2019-05-10T19:54:12+00:00\" \/>\n<meta property=\"og:image\" content=\"https:\/\/dhg1h5j42swfq.cloudfront.net\/2018\/10\/18182404\/PM-SC3-e1539897851219.jpg\" \/>\n\t<meta property=\"og:image:width\" content=\"400\" \/>\n\t<meta property=\"og:image:height\" content=\"209\" \/>\n\t<meta property=\"og:image:type\" content=\"image\/jpeg\" \/>\n<meta name=\"author\" content=\"Paulo Bilynskyj\" \/>\n<meta name=\"twitter:card\" content=\"summary_large_image\" \/>\n<meta name=\"twitter:creator\" content=\"@EstratConcursos\" \/>\n<meta name=\"twitter:site\" content=\"@EstratConcursos\" \/>\n<meta name=\"twitter:label1\" content=\"Escrito por\" \/>\n\t<meta name=\"twitter:data1\" content=\"Paulo Bilynskyj\" \/>\n\t<meta name=\"twitter:label2\" content=\"Est. tempo de leitura\" \/>\n\t<meta name=\"twitter:data2\" content=\"1 minuto\" \/>\n<script type=\"application\/ld+json\" class=\"yoast-schema-graph\">{\"@context\":\"https:\/\/schema.org\",\"@graph\":[{\"@type\":\"NewsArticle\",\"@id\":\"https:\/\/www.estrategiaconcursos.com.br\/blog\/concurso-pm-sc-banca-organizadora-do-certame-e-escolhida\/#article\",\"isPartOf\":{\"@id\":\"https:\/\/www.estrategiaconcursos.com.br\/blog\/concurso-pm-sc-banca-organizadora-do-certame-e-escolhida\/\"},\"author\":{\"name\":\"Paulo Bilynskyj\",\"@id\":\"https:\/\/www.estrategiaconcursos.com.br\/blog\/#\/schema\/person\/a630b15e36f45b4c21fed01219843cb5\"},\"headline\":\"Concurso PM SC: SAIU A BANCA; edital com 1.000 vagas sai em breve\",\"datePublished\":\"2019-05-10T19:53:16+00:00\",\"dateModified\":\"2019-05-10T19:54:12+00:00\",\"mainEntityOfPage\":{\"@id\":\"https:\/\/www.estrategiaconcursos.com.br\/blog\/concurso-pm-sc-banca-organizadora-do-certame-e-escolhida\/\"},\"wordCount\":241,\"commentCount\":2,\"publisher\":{\"@id\":\"https:\/\/www.estrategiaconcursos.com.br\/blog\/#organization\"},\"image\":{\"@id\":\"https:\/\/www.estrategiaconcursos.com.br\/blog\/concurso-pm-sc-banca-organizadora-do-certame-e-escolhida\/#primaryimage\"},\"thumbnailUrl\":\"https:\/\/dhg1h5j42swfq.cloudfront.net\/2018\/10\/18182404\/PM-SC3-e1539897851219.jpg\",\"articleSection\":[\"Concursos P\u00fablicos\"],\"inLanguage\":\"pt-BR\",\"potentialAction\":[{\"@type\":\"CommentAction\",\"name\":\"Comment\",\"target\":[\"https:\/\/www.estrategiaconcursos.com.br\/blog\/concurso-pm-sc-banca-organizadora-do-certame-e-escolhida\/#respond\"]}],\"copyrightYear\":\"2019\",\"copyrightHolder\":{\"@id\":\"https:\/\/www.estrategiaconcursos.com.br\/blog\/#organization\"}},{\"@type\":\"WebPage\",\"@id\":\"https:\/\/www.estrategiaconcursos.com.br\/blog\/concurso-pm-sc-banca-organizadora-do-certame-e-escolhida\/\",\"url\":\"https:\/\/www.estrategiaconcursos.com.br\/blog\/concurso-pm-sc-banca-organizadora-do-certame-e-escolhida\/\",\"name\":\"Concurso PM SC: SAIU A BANCA; edital com 1.000 vagas sai em breve\",\"isPartOf\":{\"@id\":\"https:\/\/www.estrategiaconcursos.com.br\/blog\/#website\"},\"primaryImageOfPage\":{\"@id\":\"https:\/\/www.estrategiaconcursos.com.br\/blog\/concurso-pm-sc-banca-organizadora-do-certame-e-escolhida\/#primaryimage\"},\"image\":{\"@id\":\"https:\/\/www.estrategiaconcursos.com.br\/blog\/concurso-pm-sc-banca-organizadora-do-certame-e-escolhida\/#primaryimage\"},\"thumbnailUrl\":\"https:\/\/dhg1h5j42swfq.cloudfront.net\/2018\/10\/18182404\/PM-SC3-e1539897851219.jpg\",\"datePublished\":\"2019-05-10T19:53:16+00:00\",\"dateModified\":\"2019-05-10T19:54:12+00:00\",\"breadcrumb\":{\"@id\":\"https:\/\/www.estrategiaconcursos.com.br\/blog\/concurso-pm-sc-banca-organizadora-do-certame-e-escolhida\/#breadcrumb\"},\"inLanguage\":\"pt-BR\",\"potentialAction\":[{\"@type\":\"ReadAction\",\"target\":[\"https:\/\/www.estrategiaconcursos.com.br\/blog\/concurso-pm-sc-banca-organizadora-do-certame-e-escolhida\/\"]}]},{\"@type\":\"ImageObject\",\"inLanguage\":\"pt-BR\",\"@id\":\"https:\/\/www.estrategiaconcursos.com.br\/blog\/concurso-pm-sc-banca-organizadora-do-certame-e-escolhida\/#primaryimage\",\"url\":\"https:\/\/dhg1h5j42swfq.cloudfront.net\/2018\/10\/18182404\/PM-SC3-e1539897851219.jpg\",\"contentUrl\":\"https:\/\/dhg1h5j42swfq.cloudfront.net\/2018\/10\/18182404\/PM-SC3-e1539897851219.jpg\",\"width\":400,\"height\":209,\"caption\":\"concurso pm sc\"},{\"@type\":\"BreadcrumbList\",\"@id\":\"https:\/\/www.estrategiaconcursos.com.br\/blog\/concurso-pm-sc-banca-organizadora-do-certame-e-escolhida\/#breadcrumb\",\"itemListElement\":[{\"@type\":\"ListItem\",\"position\":1,\"name\":\"In\u00edcio\",\"item\":\"https:\/\/www.estrategiaconcursos.com.br\/blog\/\"},{\"@type\":\"ListItem\",\"position\":2,\"name\":\"Concurso PM SC: SAIU A BANCA; edital com 1.000 vagas sai em breve\"}]},{\"@type\":\"WebSite\",\"@id\":\"https:\/\/www.estrategiaconcursos.com.br\/blog\/#website\",\"url\":\"https:\/\/www.estrategiaconcursos.com.br\/blog\/\",\"name\":\"Estrat\u00e9gia Concursos\",\"description\":\"O blog da Estrat\u00e9gia Concursos traz not\u00edcias sobre concursos e artigos de professores oferecendo cursos para concursos (pdf + videaulas) no site.\",\"publisher\":{\"@id\":\"https:\/\/www.estrategiaconcursos.com.br\/blog\/#organization\"},\"potentialAction\":[{\"@type\":\"SearchAction\",\"target\":{\"@type\":\"EntryPoint\",\"urlTemplate\":\"https:\/\/www.estrategiaconcursos.com.br\/blog\/?s={search_term_string}\"},\"query-input\":{\"@type\":\"PropertyValueSpecification\",\"valueRequired\":true,\"valueName\":\"search_term_string\"}}],\"inLanguage\":\"pt-BR\"},{\"@type\":\"Organization\",\"@id\":\"https:\/\/www.estrategiaconcursos.com.br\/blog\/#organization\",\"name\":\"Estrat\u00e9gia Concursos\",\"url\":\"https:\/\/www.estrategiaconcursos.com.br\/blog\/\",\"logo\":{\"@type\":\"ImageObject\",\"inLanguage\":\"pt-BR\",\"@id\":\"https:\/\/www.estrategiaconcursos.com.br\/blog\/#\/schema\/logo\/image\/\",\"url\":\"https:\/\/dhg1h5j42swfq.cloudfront.net\/2025\/06\/03203428\/logo_concursos-1.jpg\",\"contentUrl\":\"https:\/\/dhg1h5j42swfq.cloudfront.net\/2025\/06\/03203428\/logo_concursos-1.jpg\",\"width\":230,\"height\":60,\"caption\":\"Estrat\u00e9gia Concursos\"},\"image\":{\"@id\":\"https:\/\/www.estrategiaconcursos.com.br\/blog\/#\/schema\/logo\/image\/\"},\"sameAs\":[\"https:\/\/x.com\/EstratConcursos\"]},{\"@type\":\"Person\",\"@id\":\"https:\/\/www.estrategiaconcursos.com.br\/blog\/#\/schema\/person\/a630b15e36f45b4c21fed01219843cb5\",\"name\":\"Paulo Bilynskyj\",\"image\":{\"@type\":\"ImageObject\",\"inLanguage\":\"pt-BR\",\"@id\":\"https:\/\/secure.gravatar.com\/avatar\/37e21f70c9042e7456beffdc6d31fe051f3f6dcbf252f69343a791b144852057?s=96&d=mm&r=g\",\"url\":\"https:\/\/secure.gravatar.com\/avatar\/37e21f70c9042e7456beffdc6d31fe051f3f6dcbf252f69343a791b144852057?s=96&d=mm&r=g\",\"contentUrl\":\"https:\/\/secure.gravatar.com\/avatar\/37e21f70c9042e7456beffdc6d31fe051f3f6dcbf252f69343a791b144852057?s=96&d=mm&r=g\",\"caption\":\"Paulo Bilynskyj\"},\"url\":\"https:\/\/www.estrategiaconcursos.com.br\/blog\/author\/pbilynskyjgmail-com\/\"}]}<\/script>\n<!-- \/ Yoast SEO Premium plugin. -->","yoast_head_json":{"title":"Concurso PM SC: SAIU A BANCA; edital com 1.000 vagas sai em breve","robots":{"index":"index","follow":"follow","max-snippet":"max-snippet:-1","max-image-preview":"max-image-preview:large","max-video-preview":"max-video-preview:-1"},"canonical":"https:\/\/www.estrategiaconcursos.com.br\/blog\/concurso-pm-sc-banca-organizadora-do-certame-e-escolhida\/","og_locale":"pt_BR","og_type":"article","og_title":"Concurso PM SC: SAIU A BANCA; edital com 1.000 vagas sai em breve","og_description":"Fala, guerreiros&#8230; Saiu a banca do concurso da Pol\u00edcia Militar de Santa Catarina. A defini\u00e7\u00e3o foi feita na tarde desta sexta-feira, 10 de maio. A escolha foi feita ap\u00f3s an\u00e1lise das propostas apresentadas pelas institui\u00e7\u00f5es atrav\u00e9s de preg\u00e3o eletr\u00f4nico. A sess\u00e3o foi aberta ontem, por volta das 13h, e encerrada \u00e0s 19h30. Entre as bancas [&hellip;]","og_url":"https:\/\/www.estrategiaconcursos.com.br\/blog\/concurso-pm-sc-banca-organizadora-do-certame-e-escolhida\/","og_site_name":"Estrat\u00e9gia Concursos","article_published_time":"2019-05-10T19:53:16+00:00","article_modified_time":"2019-05-10T19:54:12+00:00","og_image":[{"width":400,"height":209,"url":"https:\/\/dhg1h5j42swfq.cloudfront.net\/2018\/10\/18182404\/PM-SC3-e1539897851219.jpg","type":"image\/jpeg"}],"author":"Paulo Bilynskyj","twitter_card":"summary_large_image","twitter_creator":"@EstratConcursos","twitter_site":"@EstratConcursos","twitter_misc":{"Escrito por":"Paulo Bilynskyj","Est. tempo de leitura":"1 minuto"},"schema":{"@context":"https:\/\/schema.org","@graph":[{"@type":"NewsArticle","@id":"https:\/\/www.estrategiaconcursos.com.br\/blog\/concurso-pm-sc-banca-organizadora-do-certame-e-escolhida\/#article","isPartOf":{"@id":"https:\/\/www.estrategiaconcursos.com.br\/blog\/concurso-pm-sc-banca-organizadora-do-certame-e-escolhida\/"},"author":{"name":"Paulo Bilynskyj","@id":"https:\/\/www.estrategiaconcursos.com.br\/blog\/#\/schema\/person\/a630b15e36f45b4c21fed01219843cb5"},"headline":"Concurso PM SC: SAIU A BANCA; edital com 1.000 vagas sai em breve","datePublished":"2019-05-10T19:53:16+00:00","dateModified":"2019-05-10T19:54:12+00:00","mainEntityOfPage":{"@id":"https:\/\/www.estrategiaconcursos.com.br\/blog\/concurso-pm-sc-banca-organizadora-do-certame-e-escolhida\/"},"wordCount":241,"commentCount":2,"publisher":{"@id":"https:\/\/www.estrategiaconcursos.com.br\/blog\/#organization"},"image":{"@id":"https:\/\/www.estrategiaconcursos.com.br\/blog\/concurso-pm-sc-banca-organizadora-do-certame-e-escolhida\/#primaryimage"},"thumbnailUrl":"https:\/\/dhg1h5j42swfq.cloudfront.net\/2018\/10\/18182404\/PM-SC3-e1539897851219.jpg","articleSection":["Concursos P\u00fablicos"],"inLanguage":"pt-BR","potentialAction":[{"@type":"CommentAction","name":"Comment","target":["https:\/\/www.estrategiaconcursos.com.br\/blog\/concurso-pm-sc-banca-organizadora-do-certame-e-escolhida\/#respond"]}],"copyrightYear":"2019","copyrightHolder":{"@id":"https:\/\/www.estrategiaconcursos.com.br\/blog\/#organization"}},{"@type":"WebPage","@id":"https:\/\/www.estrategiaconcursos.com.br\/blog\/concurso-pm-sc-banca-organizadora-do-certame-e-escolhida\/","url":"https:\/\/www.estrategiaconcursos.com.br\/blog\/concurso-pm-sc-banca-organizadora-do-certame-e-escolhida\/","name":"Concurso PM SC: SAIU A BANCA; edital com 1.000 vagas sai em breve","isPartOf":{"@id":"https:\/\/www.estrategiaconcursos.com.br\/blog\/#website"},"primaryImageOfPage":{"@id":"https:\/\/www.estrategiaconcursos.com.br\/blog\/concurso-pm-sc-banca-organizadora-do-certame-e-escolhida\/#primaryimage"},"image":{"@id":"https:\/\/www.estrategiaconcursos.com.br\/blog\/concurso-pm-sc-banca-organizadora-do-certame-e-escolhida\/#primaryimage"},"thumbnailUrl":"https:\/\/dhg1h5j42swfq.cloudfront.net\/2018\/10\/18182404\/PM-SC3-e1539897851219.jpg","datePublished":"2019-05-10T19:53:16+00:00","dateModified":"2019-05-10T19:54:12+00:00","breadcrumb":{"@id":"https:\/\/www.estrategiaconcursos.com.br\/blog\/concurso-pm-sc-banca-organizadora-do-certame-e-escolhida\/#breadcrumb"},"inLanguage":"pt-BR","potentialAction":[{"@type":"ReadAction","target":["https:\/\/www.estrategiaconcursos.com.br\/blog\/concurso-pm-sc-banca-organizadora-do-certame-e-escolhida\/"]}]},{"@type":"ImageObject","inLanguage":"pt-BR","@id":"https:\/\/www.estrategiaconcursos.com.br\/blog\/concurso-pm-sc-banca-organizadora-do-certame-e-escolhida\/#primaryimage","url":"https:\/\/dhg1h5j42swfq.cloudfront.net\/2018\/10\/18182404\/PM-SC3-e1539897851219.jpg","contentUrl":"https:\/\/dhg1h5j42swfq.cloudfront.net\/2018\/10\/18182404\/PM-SC3-e1539897851219.jpg","width":400,"height":209,"caption":"concurso pm sc"},{"@type":"BreadcrumbList","@id":"https:\/\/www.estrategiaconcursos.com.br\/blog\/concurso-pm-sc-banca-organizadora-do-certame-e-escolhida\/#breadcrumb","itemListElement":[{"@type":"ListItem","position":1,"name":"In\u00edcio","item":"https:\/\/www.estrategiaconcursos.com.br\/blog\/"},{"@type":"ListItem","position":2,"name":"Concurso PM SC: SAIU A BANCA; edital com 1.000 vagas sai em breve"}]},{"@type":"WebSite","@id":"https:\/\/www.estrategiaconcursos.com.br\/blog\/#website","url":"https:\/\/www.estrategiaconcursos.com.br\/blog\/","name":"Estrat\u00e9gia Concursos","description":"O blog da Estrat\u00e9gia Concursos traz not\u00edcias sobre concursos e artigos de professores oferecendo cursos para concursos (pdf + videaulas) no site.","publisher":{"@id":"https:\/\/www.estrategiaconcursos.com.br\/blog\/#organization"},"potentialAction":[{"@type":"SearchAction","target":{"@type":"EntryPoint","urlTemplate":"https:\/\/www.estrategiaconcursos.com.br\/blog\/?s={search_term_string}"},"query-input":{"@type":"PropertyValueSpecification","valueRequired":true,"valueName":"search_term_string"}}],"inLanguage":"pt-BR"},{"@type":"Organization","@id":"https:\/\/www.estrategiaconcursos.com.br\/blog\/#organization","name":"Estrat\u00e9gia Concursos","url":"https:\/\/www.estrategiaconcursos.com.br\/blog\/","logo":{"@type":"ImageObject","inLanguage":"pt-BR","@id":"https:\/\/www.estrategiaconcursos.com.br\/blog\/#\/schema\/logo\/image\/","url":"https:\/\/dhg1h5j42swfq.cloudfront.net\/2025\/06\/03203428\/logo_concursos-1.jpg","contentUrl":"https:\/\/dhg1h5j42swfq.cloudfront.net\/2025\/06\/03203428\/logo_concursos-1.jpg","width":230,"height":60,"caption":"Estrat\u00e9gia Concursos"},"image":{"@id":"https:\/\/www.estrategiaconcursos.com.br\/blog\/#\/schema\/logo\/image\/"},"sameAs":["https:\/\/x.com\/EstratConcursos"]},{"@type":"Person","@id":"https:\/\/www.estrategiaconcursos.com.br\/blog\/#\/schema\/person\/a630b15e36f45b4c21fed01219843cb5","name":"Paulo Bilynskyj","image":{"@type":"ImageObject","inLanguage":"pt-BR","@id":"https:\/\/secure.gravatar.com\/avatar\/37e21f70c9042e7456beffdc6d31fe051f3f6dcbf252f69343a791b144852057?s=96&d=mm&r=g","url":"https:\/\/secure.gravatar.com\/avatar\/37e21f70c9042e7456beffdc6d31fe051f3f6dcbf252f69343a791b144852057?s=96&d=mm&r=g","contentUrl":"https:\/\/secure.gravatar.com\/avatar\/37e21f70c9042e7456beffdc6d31fe051f3f6dcbf252f69343a791b144852057?s=96&d=mm&r=g","caption":"Paulo Bilynskyj"},"url":"https:\/\/www.estrategiaconcursos.com.br\/blog\/author\/pbilynskyjgmail-com\/"}]}},"_links":{"self":[{"href":"https:\/\/www.estrategiaconcursos.com.br\/blog\/wp-json\/wp\/v2\/posts\/373308","targetHints":{"allow":["GET"]}}],"collection":[{"href":"https:\/\/www.estrategiaconcursos.com.br\/blog\/wp-json\/wp\/v2\/posts"}],"about":[{"href":"https:\/\/www.estrategiaconcursos.com.br\/blog\/wp-json\/wp\/v2\/types\/post"}],"author":[{"embeddable":true,"href":"https:\/\/www.estrategiaconcursos.com.br\/blog\/wp-json\/wp\/v2\/users\/552"}],"replies":[{"embeddable":true,"href":"https:\/\/www.estrategiaconcursos.com.br\/blog\/wp-json\/wp\/v2\/comments?post=373308"}],"version-history":[{"count":6,"href":"https:\/\/www.estrategiaconcursos.com.br\/blog\/wp-json\/wp\/v2\/posts\/373308\/revisions"}],"predecessor-version":[{"id":373343,"href":"https:\/\/www.estrategiaconcursos.com.br\/blog\/wp-json\/wp\/v2\/posts\/373308\/revisions\/373343"}],"wp:featuredmedia":[{"embeddable":true,"href":"https:\/\/www.estrategiaconcursos.com.br\/blog\/wp-json\/wp\/v2\/media\/147480"}],"wp:attachment":[{"href":"https:\/\/www.estrategiaconcursos.com.br\/blog\/wp-json\/wp\/v2\/media?parent=373308"}],"wp:term":[{"taxonomy":"category","embeddable":true,"href":"https:\/\/www.estrategiaconcursos.com.br\/blog\/wp-json\/wp\/v2\/categories?post=373308"},{"taxonomy":"post_tag","embeddable":true,"href":"https:\/\/www.estrategiaconcursos.com.br\/blog\/wp-json\/wp\/v2\/tags?post=373308"},{"taxonomy":"tax_estado","embeddable":true,"href":"https:\/\/www.estrategiaconcursos.com.br\/blog\/wp-json\/wp\/v2\/tax_estado?post=373308"}],"curies":[{"name":"wp","href":"https:\/\/api.w.org\/{rel}","templated":true}]}}