{"id":372891,"date":"2019-05-13T02:00:32","date_gmt":"2019-05-13T05:00:32","guid":{"rendered":"https:\/\/www.estrategiaconcursos.com.br\/blog\/?p=372891"},"modified":"2019-05-13T10:03:56","modified_gmt":"2019-05-13T13:03:56","slug":"edital-semed-porto-velho","status":"publish","type":"post","link":"https:\/\/www.estrategiaconcursos.com.br\/blog\/edital-semed-porto-velho\/","title":{"rendered":"Edital SEMED Porto Velho: inscri\u00e7\u00f5es abertas com 824 vagas"},"content":{"rendered":"\n<p style=\"font-size:25px\"><em>Edital SEMED Porto Velho tem vagas para n\u00edvel fundamental, m\u00e9dio e superior.<\/em><\/p>\n\n\n\n<p class=\"MsoNormal\">As inscri\u00e7\u00f5es do concurso p\u00fablico da Secret\u00e1ria Municipal de Administra\u00e7\u00e3o est\u00e3o abertas a partir desta segunda-feira, 13 de maio de 2019.<\/p>\n\n\n\n<p>Aqueles que desejam garantir sua inscri\u00e7\u00e3o devem acessar o site da banca at\u00e9 o dia 16 de junho. Al\u00e9m disso, \u00e9 necess\u00e1rio pagar uma taxa no valor de R$ 45,00 para cargos de n\u00edvel fundamental, R$ 63,00 para os de n\u00edvel m\u00e9dio e R$ 80,00 para os de n\u00edvel superior. <\/p>\n\n\n\n<p>S\u00e3o ofertadas 824 vagas para cargos de todas as escolaridades na \u00e1rea de educa\u00e7\u00e3o. A organiza\u00e7\u00e3o do certame fica por conta do Instituto Brasileiro de Apoio e Desenvolvimento Executivo, o IBADE.<\/p>\n\n\n\n<p class=\"MsoNormal\">A remunera\u00e7\u00e3o inicial dos cargos varia entre R$ 1.251,05 e R$ 2.046,11 de acordo com o cargo e escolaridade. <\/p>\n\n\n\n<h2 class=\"wp-block-heading\"><b>Principais datas do edital<\/b> SEMED Porto Velho<\/h2>\n\n\n\n<p class=\"has-background has-very-light-gray-background-color MsoNormal\"><strong>Inscri\u00e7\u00f5es:<\/strong> 13\/05 a 16\/06<br \/><strong>Taxa de inscri\u00e7\u00e3o:<\/strong><br \/>&#8211; Fundamental: R$ 45,00 <br \/>&#8211; M\u00e9dio: R$ 63,00 <br \/>&#8211; Superior: R$ 80,00 <br \/><strong>Data da prova: <\/strong>14 e 21\/07 <\/p>\n\n\n\n<p class=\"MsoNormal\">A prova objetiva ser\u00e1 realizada em dois domingos consecutivos, sendo no primeiro dia (14\/07) para os cargos de n\u00edvel m\u00e9dio e fundamental e para os cargos de n\u00edvel superior no segundo dia (21\/07):<\/p>\n\n\n\n<h3 class=\"wp-block-heading\"><strong>1\u00ba dia (14\/07)<\/strong><\/h3>\n\n\n\n<p class=\"MsoNormal\"><strong>Manh\u00e3:<\/strong><br \/>Merendeira Escolar<br \/>Cuidador de Aluno<br \/>Auxiliar Bibliotec\u00e1rio<\/p>\n\n\n\n<p class=\"MsoNormal\"><strong>Tarde:<\/strong><br \/>Agente de Limpeza Escolar<br \/>Agente de Secretaria Escolar<br \/>Inspetor Escolar<br \/>Instrutor de Arte (todas as especialidades)<\/p>\n\n\n\n<h3 class=\"wp-block-heading\">2\u00ba dia (21\/07)<\/h3>\n\n\n\n<p class=\"MsoNormal\"><strong>Manh\u00e3:<\/strong><br \/>Especialista em Educa\u00e7\u00e3o (todas as especialidades)<\/p>\n\n\n\n<p class=\"MsoNormal\"><strong>Tarde:<\/strong><br \/>Professor (todas as especialidades)<\/p>\n\n\n\n<h2 class=\"wp-block-heading\"><b>Distribui\u00e7\u00e3o das vagas<\/b> e remunera\u00e7\u00e3o<\/h2>\n\n\n\n<p class=\"MsoNormal\"><strong>N\u00edvel fundamental (R$ 1.251,05):<\/strong><br \/>Agente de Limpeza: 68 vagas<br \/>Merendeira: 78 vagas<\/p>\n\n\n\n<p class=\"MsoNormal\"><strong>N\u00edvel m\u00e9dio (R$ 2.046,11 Instrutor de Arte e R$ 1.338,11 demais cargos):<\/strong><br \/>Agente de Secretaria: 52 vagas<br \/>Auxiliar Bibliotec\u00e1rio: 4 vagas<br \/>Cuidador de Aluno: 55 vagas<br \/>Inspetor: 14 vagas<br \/>Instrutor de arte: 12 vagas<\/p>\n\n\n\n<p class=\"MsoNormal\"><strong>N\u00edvel superior (R$ 1.404,32; R$ 1.627,81 e R$ 1.851,30 de acordo com o cargo):<\/strong><br \/>Supervis\u00e3o Educacional: 49 vagas<br \/>Orientador Educacional: 58 vagas<br \/>Nutricionista: 2 vagas<br \/>Psic\u00f3logo: 1 vaga<br \/>Bibliotec\u00e1rio: 1 vaga<br \/>Professor N\u00edvel II &#8211; S\u00e9ries Iniciais do 1\u00b0 ao 5\u00b0 ano: 389 vagas<br \/>Professor N\u00edvel II &#8211; Educa\u00e7\u00e3o F\u00edsica: 27 vagas<br \/>Professor N\u00edvel II &#8211; Letras Portugu\u00eas: 1 vaga<br \/>Professor N\u00edvel II \u2013 Matem\u00e1tica: 4 vagas<br \/>Professor N\u00edvel II &#8211; Letras Ingl\u00eas: 4 vagas<br \/>Professor N\u00edvel II &#8211; Ci\u00eancias Biol\u00f3gicas: 1 vaga<br \/>Professor N\u00edvel II \u2013 Hist\u00f3ria: 1 vaga<br \/>Professor N\u00edvel II \u2013 Geografia: 3 vagas<\/p>\n\n\n\n<h2 class=\"wp-block-heading\"><b>Etapas do concurso SEMED Porto Velho<\/b><\/h2>\n\n\n\n<p class=\"MsoNormal\">O concurso ser\u00e1 regido por uma prova objetiva para todos os cargos, al\u00e9m de prova pr\u00e1tica ou de t\u00edtulos somente para alguns cargos espec\u00edficos.<\/p>\n\n\n\n<h4 class=\"wp-block-heading\">N\u00edvel fundamental:<\/h4>\n\n\n\n<p class=\"MsoNormal\"><strong>1\u00aa Etapa:<\/strong> Prova Objetiva, para todos os cargos (classificat\u00f3rio e eliminat\u00f3rio);<\/p>\n\n\n\n<p class=\"MsoNormal\"><strong>2\u00aa Etapa:<\/strong> Prova Pr\u00e1tica, somente para o cargo Merendeira Escolar (eliminat\u00f3rio).<\/p>\n\n\n\n<h4 class=\"wp-block-heading\">N\u00edvel m\u00e9dio:<\/h4>\n\n\n\n<p class=\"MsoNormal\"><strong>1\u00aaa Etapa:<\/strong> Prova Objetiva, para todos os cargos (classificat\u00f3rio e eliminat\u00f3rio);<\/p>\n\n\n\n<p class=\"MsoNormal\"><strong>2\u00aa Etapa:<\/strong> Prova Pr\u00e1tica, somente para os cargos de Instrutor de Arte &#8211; M\u00fasica (car\u00e1ter eliminat\u00f3rio).<\/p>\n\n\n\n<h4 class=\"wp-block-heading\">N\u00edvel Superior:<\/h4>\n\n\n\n<p class=\"MsoNormal\"><strong>1\u00aa Etapa:<\/strong> Prova Objetiva, para todos os cargos (classificat\u00f3rio e eliminat\u00f3rio);<\/p>\n\n\n\n<p class=\"MsoNormal\"><strong>2\u00aa Etapa:<\/strong> Prova de T\u00edtulos, somente para os cargos de Professor (classificat\u00f3rio).<\/p>\n\n\n\n<h3 class=\"wp-block-heading\">Prova Objetiva:<\/h3>\n\n\n\n<p class=\"MsoNormal\">A prova objetiva de m\u00faltipla escolha para todos os cargos ter\u00e1 a dura\u00e7\u00e3o de 3 horas e 30 minutos. Os candidatos v\u00e3o responder 100 quest\u00f5es de Conhecimentos Gerais e Conhecimento Espec\u00edficos, distribu\u00eddas da seguinte forma:<\/p>\n\n\n\n<p class=\"MsoNormal\"><strong>Fundamental:<\/strong><br \/>&#8211; L\u00edngua Portuguesa &#8211; 10 quest\u00f5es (peso 4)&nbsp;<br \/>&#8211; Matem\u00e1tica \u2013 10 quest\u00f5es (peso 3)&nbsp;<br \/>&#8211; Conhecimentos Gerais \u2013 10 quest\u00f5es (peso 3)<\/p>\n\n\n\n<p class=\"MsoNormal\"><strong>M\u00e9dio:<\/strong><br \/>&#8211; L\u00edngua Portuguesa 15 quest\u00f5es (peso 3)&nbsp;<br \/>&#8211; Atualidades 5 quest\u00f5es (peso 1)&nbsp;<br \/>&#8211; Inform\u00e1tica b\u00e1sica 5 quest\u00f5es (peso 1)&nbsp;<br \/>&#8211; Conhecimentos Espec\u00edficos 15 quest\u00f5es (peso 3)<\/p>\n\n\n\n<p class=\"MsoNormal\"><strong>Superior:<\/strong><\/p>\n\n\n\n<p class=\"MsoNormal\">&#8211; L\u00edngua Portuguesa 15 quest\u00f5es (peso 2)&nbsp;<br \/>&#8211; Atualidades 5 quest\u00f5es (peso 2)<br \/>&#8211; Conhecimentos Pedag\u00f3gicos 10 quest\u00f5es (peso 2)&nbsp;<br \/>&#8211; Conhecimentos Espec\u00edficos 20 quest\u00f5es (peso 2)<\/p>\n\n\n\n<h3 class=\"wp-block-heading\"><b>Avalia\u00e7\u00e3o de T\u00edtulos<\/b><\/h3>\n\n\n\n<p class=\"MsoNormal\">Ser\u00e3o considerados os seguintes t\u00edtulos, sendo pontuado somente um t\u00edtulo em cada item:<\/p>\n\n\n\n<div class=\"wp-block-image\"><figure class=\"aligncenter\"><img loading=\"lazy\" decoding=\"async\" width=\"591\" height=\"173\" src=\"https:\/\/dhg1h5j42swfq.cloudfront.net\/2019\/05\/09143023\/image77.png\" alt=\"\" class=\"wp-image-372894\" srcset=\"https:\/\/dhg1h5j42swfq.cloudfront.net\/2019\/05\/09143023\/image77.png 591w, https:\/\/dhg1h5j42swfq.cloudfront.net\/2019\/05\/09143023\/image77.png 300w\" sizes=\"auto, (max-width: 591px) 100vw, 591px\" \/><\/figure><\/div>\n\n\n\n<h3 class=\"wp-block-heading\"><b>Prova pr\u00e1tica<\/b><\/h3>\n\n\n\n<p class=\"MsoNormal\">A Prova Pr\u00e1tica valer\u00e1 20 pontos, n\u00e3o sendo a pontua\u00e7\u00e3o obtida considerada na nota final do candidato. Ser\u00e1 considerado inapto o candidato que n\u00e3o obtiver, pelo menos, 50% dos pontos na etapa.<br \/><\/p>\n\n\n\n<p style=\"text-align:center\"><strong><em>Quer estudar para Concurso SEMED Porto Velho?<\/em><\/strong><\/p>\n\n\n\n<p style=\"text-align:center\"><em><strong>Gostou desta oportunidade e deseja come\u00e7ar se preparar agora mesmo? Ent\u00e3o, confira os nossos cursos e comece a estudar para SEMED Porto Velho:<\/strong><\/em><\/p>\n\n\n\n<p style=\"font-size:22px;text-align:center\"><a href=\"https:\/\/www.estrategiaconcursos.com.br\/cursosPorConcurso\/semed-porto-velho\/\" target=\"_blank\" rel=\"noreferrer noopener\" aria-label=\"CURSO SEMED PORTO VELHO (abre numa nova aba)\">CURSO SEMED PORTO VELHO<\/a><\/p>\n\n\n\n<p style=\"text-align:center\"><em><strong>Assinatura Anual Ilimitada*<\/strong><\/em><\/p>\n\n\n\n<p style=\"text-align:center\"><em>Prepare-se com o melhor material e com quem mais aprova em Concursos P\u00fablicos em todo o pa\u00eds. Assine agora a nossa Assinatura Anual e tenha acesso ilimitado a todos os nossos cursos.<\/em><\/p>\n\n\n\n<p style=\"text-align:center\" class=\"has-background has-light-green-cyan-background-color\"><strong>ASSINE AGORA<\/strong>&nbsp;\u2013&nbsp;<a href=\"https:\/\/www.estrategiaconcursos.com.br\/assinaturas\" target=\"_blank\" rel=\"noreferrer noopener\">Assinatura Ilimitada<\/a><\/p>\n\n\n\n<figure class=\"wp-block-image\"><img loading=\"lazy\" decoding=\"async\" width=\"300\" height=\"102\" src=\"https:\/\/dhg1h5j42swfq.cloudfront.net\/2017\/03\/28152500\/coruja-ficha-tecnica-300x102.png\" alt=\"Ficha t\u00e9cnica edital semed porto velho\" class=\"wp-image-68542\"\/><\/figure>\n\n\n\n<p><strong>Informa\u00e7\u00f5es do concurso SEMED Porto Velho<\/strong><br \/>\u25ba<strong>Data prov\u00e1vel da prova:<\/strong> &nbsp;14 e 21\/07<br \/>\u25ba<strong>Vagas<\/strong>: 824<br \/>\u25ba<strong>Cargos<\/strong>: V\u00e1rios<br \/>\u25ba<strong>Lota\u00e7\u00f5es<\/strong>: Porto Velho<br \/>\u25ba<strong>Escolaridade<\/strong>: N\u00edvel fundamental, m\u00e9dio e superior<br \/>\u25ba<strong>Banca<\/strong>: IBADE<br \/>\u25ba<strong>Edital:<\/strong> <u class=\"remove-format\"><a aria-label=\"Edital Concurso SEMED Porto Velho (opens in a new tab)\" href=\"https:\/\/dhg1h5j42swfq.cloudfront.net\/2019\/05\/09142149\/1557405718dom-5733-09-05-2019.pdf\" target=\"_blank\" rel=\"noreferrer noopener\">Edital Concurso SEMED Porto Velho<\/a><\/u><\/p>\n\n\n\n<p><em>Ascom Estrat\u00e9gia<\/em><br \/>ascomestrategia@gmail.com<\/p>\n\n\n\n<p style=\"text-align:center\"><em><strong>Receba not\u00edcias de Concursos no seu WhatsApp e\/ou Telegram!<\/strong><\/em><\/p>\n\n\n\n<p style=\"text-align:center\"><em><strong>Cadastre-se clicando no \u00edcone abaixo<\/strong><\/em><\/p>\n\n\n\n<div class=\"wp-block-image\"><figure class=\"aligncenter\"><a href=\"https:\/\/www.estrategiaconcursos.com.br\/blog\/noticias-de-concursos-whatsapp-estrategia-concursos\/\" target=\"_blank\" rel=\"noreferrer noopener\"><img loading=\"lazy\" decoding=\"async\" width=\"320\" height=\"180\" src=\"https:\/\/dhg1h5j42swfq.cloudfront.net\/2018\/03\/22113932\/whatsapptelegram-e1548177162795.png\" alt=\"\" class=\"wp-image-112824\"\/><\/a><\/figure><\/div>\n\n\n\n<p style=\"text-align:center\"><a href=\"https:\/\/www.estrategiaconcursos.com.br\/blog\/noticias-de-concursos-whatsapp-estrategia-concursos\/\" target=\"_blank\" rel=\"noreferrer noopener\">Not\u00edcias de concursos no seu WhatsApp e\/ou Telegram<\/a><\/p>\n","protected":false},"excerpt":{"rendered":"<p>Edital SEMED Porto Velho tem vagas para n\u00edvel fundamental, m\u00e9dio e superior. As inscri\u00e7\u00f5es do concurso p\u00fablico da Secret\u00e1ria Municipal de Administra\u00e7\u00e3o est\u00e3o abertas a partir desta segunda-feira, 13 de maio de 2019. Aqueles que desejam garantir sua inscri\u00e7\u00e3o devem acessar o site da banca at\u00e9 o dia 16 de junho. Al\u00e9m disso, \u00e9 necess\u00e1rio [&hellip;]<\/p>\n","protected":false},"author":1,"featured_media":146144,"comment_status":"open","ping_status":"closed","sticky":false,"template":"","format":"standard","meta":{"post_tipo":"news","footnotes":""},"categories":[1],"tags":[],"tax_estado":[],"class_list":["post-372891","post","type-post","status-publish","format-standard","has-post-thumbnail","hentry","category-cursos-e-concursos"],"acf":[],"yoast_head":"<!-- This site is optimized with the Yoast SEO Premium plugin v27.2 (Yoast SEO v27.2) - https:\/\/yoast.com\/product\/yoast-seo-premium-wordpress\/ -->\n<title>Edital SEMED Porto Velho: inscri\u00e7\u00f5es abertas com 824 vagas<\/title>\n<meta name=\"description\" content=\"Edital SEMED Porto Velho: est\u00e3o abertas as inscri\u00e7\u00f5es do certame com 824 vagas para todas as escolaridades. Provas em julho.\" \/>\n<meta name=\"robots\" content=\"index, follow, max-snippet:-1, max-image-preview:large, max-video-preview:-1\" \/>\n<link rel=\"canonical\" href=\"https:\/\/www.estrategiaconcursos.com.br\/blog\/edital-semed-porto-velho\/\" \/>\n<meta property=\"og:locale\" content=\"pt_BR\" \/>\n<meta property=\"og:type\" content=\"article\" \/>\n<meta property=\"og:title\" content=\"Edital SEMED Porto Velho: inscri\u00e7\u00f5es abertas com 824 vagas\" \/>\n<meta property=\"og:description\" content=\"Edital SEMED Porto Velho: est\u00e3o abertas as inscri\u00e7\u00f5es do certame com 824 vagas para todas as escolaridades. Provas em julho.\" \/>\n<meta property=\"og:url\" content=\"https:\/\/www.estrategiaconcursos.com.br\/blog\/edital-semed-porto-velho\/\" \/>\n<meta property=\"og:site_name\" content=\"Estrat\u00e9gia Concursos\" \/>\n<meta property=\"article:author\" content=\"https:\/\/www.facebook.com\/EstrategiaConcursos\" \/>\n<meta property=\"article:published_time\" content=\"2019-05-13T05:00:32+00:00\" \/>\n<meta property=\"article:modified_time\" content=\"2019-05-13T13:03:56+00:00\" \/>\n<meta property=\"og:image\" content=\"https:\/\/dhg1h5j42swfq.cloudfront.net\/2018\/10\/08173718\/saiu-edital.jpg\" \/>\n\t<meta property=\"og:image:width\" content=\"400\" \/>\n\t<meta property=\"og:image:height\" content=\"209\" \/>\n\t<meta property=\"og:image:type\" content=\"image\/jpeg\" \/>\n<meta name=\"author\" content=\"Coordena\u00e7\u00e3o\" \/>\n<meta name=\"twitter:card\" content=\"summary_large_image\" \/>\n<meta name=\"twitter:creator\" content=\"@EstratConcursos\" \/>\n<meta name=\"twitter:site\" content=\"@EstratConcursos\" \/>\n<meta name=\"twitter:label1\" content=\"Escrito por\" \/>\n\t<meta name=\"twitter:data1\" content=\"Coordena\u00e7\u00e3o\" \/>\n\t<meta name=\"twitter:label2\" content=\"Est. tempo de leitura\" \/>\n\t<meta name=\"twitter:data2\" content=\"4 minutos\" \/>\n<script type=\"application\/ld+json\" class=\"yoast-schema-graph\">{\"@context\":\"https:\/\/schema.org\",\"@graph\":[{\"@type\":\"NewsArticle\",\"@id\":\"https:\/\/www.estrategiaconcursos.com.br\/blog\/edital-semed-porto-velho\/#article\",\"isPartOf\":{\"@id\":\"https:\/\/www.estrategiaconcursos.com.br\/blog\/edital-semed-porto-velho\/\"},\"author\":{\"name\":\"Coordena\u00e7\u00e3o\",\"@id\":\"https:\/\/www.estrategiaconcursos.com.br\/blog\/#\/schema\/person\/b4a388c97673c5f483d72185668afa1f\"},\"headline\":\"Edital SEMED Porto Velho: inscri\u00e7\u00f5es abertas com 824 vagas\",\"datePublished\":\"2019-05-13T05:00:32+00:00\",\"dateModified\":\"2019-05-13T13:03:56+00:00\",\"mainEntityOfPage\":{\"@id\":\"https:\/\/www.estrategiaconcursos.com.br\/blog\/edital-semed-porto-velho\/\"},\"wordCount\":831,\"commentCount\":2,\"publisher\":{\"@id\":\"https:\/\/www.estrategiaconcursos.com.br\/blog\/#organization\"},\"image\":{\"@id\":\"https:\/\/www.estrategiaconcursos.com.br\/blog\/edital-semed-porto-velho\/#primaryimage\"},\"thumbnailUrl\":\"https:\/\/dhg1h5j42swfq.cloudfront.net\/2018\/10\/08173718\/saiu-edital.jpg\",\"articleSection\":[\"Concursos P\u00fablicos\"],\"inLanguage\":\"pt-BR\",\"potentialAction\":[{\"@type\":\"CommentAction\",\"name\":\"Comment\",\"target\":[\"https:\/\/www.estrategiaconcursos.com.br\/blog\/edital-semed-porto-velho\/#respond\"]}],\"copyrightYear\":\"2019\",\"copyrightHolder\":{\"@id\":\"https:\/\/www.estrategiaconcursos.com.br\/blog\/#organization\"}},{\"@type\":\"WebPage\",\"@id\":\"https:\/\/www.estrategiaconcursos.com.br\/blog\/edital-semed-porto-velho\/\",\"url\":\"https:\/\/www.estrategiaconcursos.com.br\/blog\/edital-semed-porto-velho\/\",\"name\":\"Edital SEMED Porto Velho: inscri\u00e7\u00f5es abertas com 824 vagas\",\"isPartOf\":{\"@id\":\"https:\/\/www.estrategiaconcursos.com.br\/blog\/#website\"},\"primaryImageOfPage\":{\"@id\":\"https:\/\/www.estrategiaconcursos.com.br\/blog\/edital-semed-porto-velho\/#primaryimage\"},\"image\":{\"@id\":\"https:\/\/www.estrategiaconcursos.com.br\/blog\/edital-semed-porto-velho\/#primaryimage\"},\"thumbnailUrl\":\"https:\/\/dhg1h5j42swfq.cloudfront.net\/2018\/10\/08173718\/saiu-edital.jpg\",\"datePublished\":\"2019-05-13T05:00:32+00:00\",\"dateModified\":\"2019-05-13T13:03:56+00:00\",\"description\":\"Edital SEMED Porto Velho: est\u00e3o abertas as inscri\u00e7\u00f5es do certame com 824 vagas para todas as escolaridades. Provas em julho.\",\"breadcrumb\":{\"@id\":\"https:\/\/www.estrategiaconcursos.com.br\/blog\/edital-semed-porto-velho\/#breadcrumb\"},\"inLanguage\":\"pt-BR\",\"potentialAction\":[{\"@type\":\"ReadAction\",\"target\":[\"https:\/\/www.estrategiaconcursos.com.br\/blog\/edital-semed-porto-velho\/\"]}]},{\"@type\":\"ImageObject\",\"inLanguage\":\"pt-BR\",\"@id\":\"https:\/\/www.estrategiaconcursos.com.br\/blog\/edital-semed-porto-velho\/#primaryimage\",\"url\":\"https:\/\/dhg1h5j42swfq.cloudfront.net\/2018\/10\/08173718\/saiu-edital.jpg\",\"contentUrl\":\"https:\/\/dhg1h5j42swfq.cloudfront.net\/2018\/10\/08173718\/saiu-edital.jpg\",\"width\":400,\"height\":209,\"caption\":\"CONCURSO CRESS DF\"},{\"@type\":\"BreadcrumbList\",\"@id\":\"https:\/\/www.estrategiaconcursos.com.br\/blog\/edital-semed-porto-velho\/#breadcrumb\",\"itemListElement\":[{\"@type\":\"ListItem\",\"position\":1,\"name\":\"In\u00edcio\",\"item\":\"https:\/\/www.estrategiaconcursos.com.br\/blog\/\"},{\"@type\":\"ListItem\",\"position\":2,\"name\":\"Edital SEMED Porto Velho: inscri\u00e7\u00f5es abertas com 824 vagas\"}]},{\"@type\":\"WebSite\",\"@id\":\"https:\/\/www.estrategiaconcursos.com.br\/blog\/#website\",\"url\":\"https:\/\/www.estrategiaconcursos.com.br\/blog\/\",\"name\":\"Estrat\u00e9gia Concursos\",\"description\":\"O blog da Estrat\u00e9gia Concursos traz not\u00edcias sobre concursos e artigos de professores oferecendo cursos para concursos (pdf + videaulas) no site.\",\"publisher\":{\"@id\":\"https:\/\/www.estrategiaconcursos.com.br\/blog\/#organization\"},\"potentialAction\":[{\"@type\":\"SearchAction\",\"target\":{\"@type\":\"EntryPoint\",\"urlTemplate\":\"https:\/\/www.estrategiaconcursos.com.br\/blog\/?s={search_term_string}\"},\"query-input\":{\"@type\":\"PropertyValueSpecification\",\"valueRequired\":true,\"valueName\":\"search_term_string\"}}],\"inLanguage\":\"pt-BR\"},{\"@type\":\"Organization\",\"@id\":\"https:\/\/www.estrategiaconcursos.com.br\/blog\/#organization\",\"name\":\"Estrat\u00e9gia Concursos\",\"url\":\"https:\/\/www.estrategiaconcursos.com.br\/blog\/\",\"logo\":{\"@type\":\"ImageObject\",\"inLanguage\":\"pt-BR\",\"@id\":\"https:\/\/www.estrategiaconcursos.com.br\/blog\/#\/schema\/logo\/image\/\",\"url\":\"https:\/\/dhg1h5j42swfq.cloudfront.net\/2025\/06\/03203428\/logo_concursos-1.jpg\",\"contentUrl\":\"https:\/\/dhg1h5j42swfq.cloudfront.net\/2025\/06\/03203428\/logo_concursos-1.jpg\",\"width\":230,\"height\":60,\"caption\":\"Estrat\u00e9gia Concursos\"},\"image\":{\"@id\":\"https:\/\/www.estrategiaconcursos.com.br\/blog\/#\/schema\/logo\/image\/\"},\"sameAs\":[\"https:\/\/x.com\/EstratConcursos\"]},{\"@type\":\"Person\",\"@id\":\"https:\/\/www.estrategiaconcursos.com.br\/blog\/#\/schema\/person\/b4a388c97673c5f483d72185668afa1f\",\"name\":\"Coordena\u00e7\u00e3o\",\"image\":{\"@type\":\"ImageObject\",\"inLanguage\":\"pt-BR\",\"@id\":\"https:\/\/secure.gravatar.com\/avatar\/b720319e4c9a967eb58678d110f4fe35452fc5d5f97b202bac7b8acceb18c6ad?s=96&d=mm&r=g\",\"url\":\"https:\/\/secure.gravatar.com\/avatar\/b720319e4c9a967eb58678d110f4fe35452fc5d5f97b202bac7b8acceb18c6ad?s=96&d=mm&r=g\",\"contentUrl\":\"https:\/\/secure.gravatar.com\/avatar\/b720319e4c9a967eb58678d110f4fe35452fc5d5f97b202bac7b8acceb18c6ad?s=96&d=mm&r=g\",\"caption\":\"Coordena\u00e7\u00e3o\"},\"sameAs\":[\"https:\/\/www.facebook.com\/EstrategiaConcursos\",\"https:\/\/x.com\/EstratConcursos\"],\"url\":\"https:\/\/www.estrategiaconcursos.com.br\/blog\/author\/estrategia2013\/\"}]}<\/script>\n<!-- \/ Yoast SEO Premium plugin. -->","yoast_head_json":{"title":"Edital SEMED Porto Velho: inscri\u00e7\u00f5es abertas com 824 vagas","description":"Edital SEMED Porto Velho: est\u00e3o abertas as inscri\u00e7\u00f5es do certame com 824 vagas para todas as escolaridades. Provas em julho.","robots":{"index":"index","follow":"follow","max-snippet":"max-snippet:-1","max-image-preview":"max-image-preview:large","max-video-preview":"max-video-preview:-1"},"canonical":"https:\/\/www.estrategiaconcursos.com.br\/blog\/edital-semed-porto-velho\/","og_locale":"pt_BR","og_type":"article","og_title":"Edital SEMED Porto Velho: inscri\u00e7\u00f5es abertas com 824 vagas","og_description":"Edital SEMED Porto Velho: est\u00e3o abertas as inscri\u00e7\u00f5es do certame com 824 vagas para todas as escolaridades. Provas em julho.","og_url":"https:\/\/www.estrategiaconcursos.com.br\/blog\/edital-semed-porto-velho\/","og_site_name":"Estrat\u00e9gia Concursos","article_author":"https:\/\/www.facebook.com\/EstrategiaConcursos","article_published_time":"2019-05-13T05:00:32+00:00","article_modified_time":"2019-05-13T13:03:56+00:00","og_image":[{"width":400,"height":209,"url":"https:\/\/dhg1h5j42swfq.cloudfront.net\/2018\/10\/08173718\/saiu-edital.jpg","type":"image\/jpeg"}],"author":"Coordena\u00e7\u00e3o","twitter_card":"summary_large_image","twitter_creator":"@EstratConcursos","twitter_site":"@EstratConcursos","twitter_misc":{"Escrito por":"Coordena\u00e7\u00e3o","Est. tempo de leitura":"4 minutos"},"schema":{"@context":"https:\/\/schema.org","@graph":[{"@type":"NewsArticle","@id":"https:\/\/www.estrategiaconcursos.com.br\/blog\/edital-semed-porto-velho\/#article","isPartOf":{"@id":"https:\/\/www.estrategiaconcursos.com.br\/blog\/edital-semed-porto-velho\/"},"author":{"name":"Coordena\u00e7\u00e3o","@id":"https:\/\/www.estrategiaconcursos.com.br\/blog\/#\/schema\/person\/b4a388c97673c5f483d72185668afa1f"},"headline":"Edital SEMED Porto Velho: inscri\u00e7\u00f5es abertas com 824 vagas","datePublished":"2019-05-13T05:00:32+00:00","dateModified":"2019-05-13T13:03:56+00:00","mainEntityOfPage":{"@id":"https:\/\/www.estrategiaconcursos.com.br\/blog\/edital-semed-porto-velho\/"},"wordCount":831,"commentCount":2,"publisher":{"@id":"https:\/\/www.estrategiaconcursos.com.br\/blog\/#organization"},"image":{"@id":"https:\/\/www.estrategiaconcursos.com.br\/blog\/edital-semed-porto-velho\/#primaryimage"},"thumbnailUrl":"https:\/\/dhg1h5j42swfq.cloudfront.net\/2018\/10\/08173718\/saiu-edital.jpg","articleSection":["Concursos P\u00fablicos"],"inLanguage":"pt-BR","potentialAction":[{"@type":"CommentAction","name":"Comment","target":["https:\/\/www.estrategiaconcursos.com.br\/blog\/edital-semed-porto-velho\/#respond"]}],"copyrightYear":"2019","copyrightHolder":{"@id":"https:\/\/www.estrategiaconcursos.com.br\/blog\/#organization"}},{"@type":"WebPage","@id":"https:\/\/www.estrategiaconcursos.com.br\/blog\/edital-semed-porto-velho\/","url":"https:\/\/www.estrategiaconcursos.com.br\/blog\/edital-semed-porto-velho\/","name":"Edital SEMED Porto Velho: inscri\u00e7\u00f5es abertas com 824 vagas","isPartOf":{"@id":"https:\/\/www.estrategiaconcursos.com.br\/blog\/#website"},"primaryImageOfPage":{"@id":"https:\/\/www.estrategiaconcursos.com.br\/blog\/edital-semed-porto-velho\/#primaryimage"},"image":{"@id":"https:\/\/www.estrategiaconcursos.com.br\/blog\/edital-semed-porto-velho\/#primaryimage"},"thumbnailUrl":"https:\/\/dhg1h5j42swfq.cloudfront.net\/2018\/10\/08173718\/saiu-edital.jpg","datePublished":"2019-05-13T05:00:32+00:00","dateModified":"2019-05-13T13:03:56+00:00","description":"Edital SEMED Porto Velho: est\u00e3o abertas as inscri\u00e7\u00f5es do certame com 824 vagas para todas as escolaridades. Provas em julho.","breadcrumb":{"@id":"https:\/\/www.estrategiaconcursos.com.br\/blog\/edital-semed-porto-velho\/#breadcrumb"},"inLanguage":"pt-BR","potentialAction":[{"@type":"ReadAction","target":["https:\/\/www.estrategiaconcursos.com.br\/blog\/edital-semed-porto-velho\/"]}]},{"@type":"ImageObject","inLanguage":"pt-BR","@id":"https:\/\/www.estrategiaconcursos.com.br\/blog\/edital-semed-porto-velho\/#primaryimage","url":"https:\/\/dhg1h5j42swfq.cloudfront.net\/2018\/10\/08173718\/saiu-edital.jpg","contentUrl":"https:\/\/dhg1h5j42swfq.cloudfront.net\/2018\/10\/08173718\/saiu-edital.jpg","width":400,"height":209,"caption":"CONCURSO CRESS DF"},{"@type":"BreadcrumbList","@id":"https:\/\/www.estrategiaconcursos.com.br\/blog\/edital-semed-porto-velho\/#breadcrumb","itemListElement":[{"@type":"ListItem","position":1,"name":"In\u00edcio","item":"https:\/\/www.estrategiaconcursos.com.br\/blog\/"},{"@type":"ListItem","position":2,"name":"Edital SEMED Porto Velho: inscri\u00e7\u00f5es abertas com 824 vagas"}]},{"@type":"WebSite","@id":"https:\/\/www.estrategiaconcursos.com.br\/blog\/#website","url":"https:\/\/www.estrategiaconcursos.com.br\/blog\/","name":"Estrat\u00e9gia Concursos","description":"O blog da Estrat\u00e9gia Concursos traz not\u00edcias sobre concursos e artigos de professores oferecendo cursos para concursos (pdf + videaulas) no site.","publisher":{"@id":"https:\/\/www.estrategiaconcursos.com.br\/blog\/#organization"},"potentialAction":[{"@type":"SearchAction","target":{"@type":"EntryPoint","urlTemplate":"https:\/\/www.estrategiaconcursos.com.br\/blog\/?s={search_term_string}"},"query-input":{"@type":"PropertyValueSpecification","valueRequired":true,"valueName":"search_term_string"}}],"inLanguage":"pt-BR"},{"@type":"Organization","@id":"https:\/\/www.estrategiaconcursos.com.br\/blog\/#organization","name":"Estrat\u00e9gia Concursos","url":"https:\/\/www.estrategiaconcursos.com.br\/blog\/","logo":{"@type":"ImageObject","inLanguage":"pt-BR","@id":"https:\/\/www.estrategiaconcursos.com.br\/blog\/#\/schema\/logo\/image\/","url":"https:\/\/dhg1h5j42swfq.cloudfront.net\/2025\/06\/03203428\/logo_concursos-1.jpg","contentUrl":"https:\/\/dhg1h5j42swfq.cloudfront.net\/2025\/06\/03203428\/logo_concursos-1.jpg","width":230,"height":60,"caption":"Estrat\u00e9gia Concursos"},"image":{"@id":"https:\/\/www.estrategiaconcursos.com.br\/blog\/#\/schema\/logo\/image\/"},"sameAs":["https:\/\/x.com\/EstratConcursos"]},{"@type":"Person","@id":"https:\/\/www.estrategiaconcursos.com.br\/blog\/#\/schema\/person\/b4a388c97673c5f483d72185668afa1f","name":"Coordena\u00e7\u00e3o","image":{"@type":"ImageObject","inLanguage":"pt-BR","@id":"https:\/\/secure.gravatar.com\/avatar\/b720319e4c9a967eb58678d110f4fe35452fc5d5f97b202bac7b8acceb18c6ad?s=96&d=mm&r=g","url":"https:\/\/secure.gravatar.com\/avatar\/b720319e4c9a967eb58678d110f4fe35452fc5d5f97b202bac7b8acceb18c6ad?s=96&d=mm&r=g","contentUrl":"https:\/\/secure.gravatar.com\/avatar\/b720319e4c9a967eb58678d110f4fe35452fc5d5f97b202bac7b8acceb18c6ad?s=96&d=mm&r=g","caption":"Coordena\u00e7\u00e3o"},"sameAs":["https:\/\/www.facebook.com\/EstrategiaConcursos","https:\/\/x.com\/EstratConcursos"],"url":"https:\/\/www.estrategiaconcursos.com.br\/blog\/author\/estrategia2013\/"}]}},"_links":{"self":[{"href":"https:\/\/www.estrategiaconcursos.com.br\/blog\/wp-json\/wp\/v2\/posts\/372891","targetHints":{"allow":["GET"]}}],"collection":[{"href":"https:\/\/www.estrategiaconcursos.com.br\/blog\/wp-json\/wp\/v2\/posts"}],"about":[{"href":"https:\/\/www.estrategiaconcursos.com.br\/blog\/wp-json\/wp\/v2\/types\/post"}],"author":[{"embeddable":true,"href":"https:\/\/www.estrategiaconcursos.com.br\/blog\/wp-json\/wp\/v2\/users\/1"}],"replies":[{"embeddable":true,"href":"https:\/\/www.estrategiaconcursos.com.br\/blog\/wp-json\/wp\/v2\/comments?post=372891"}],"version-history":[{"count":6,"href":"https:\/\/www.estrategiaconcursos.com.br\/blog\/wp-json\/wp\/v2\/posts\/372891\/revisions"}],"predecessor-version":[{"id":373751,"href":"https:\/\/www.estrategiaconcursos.com.br\/blog\/wp-json\/wp\/v2\/posts\/372891\/revisions\/373751"}],"wp:featuredmedia":[{"embeddable":true,"href":"https:\/\/www.estrategiaconcursos.com.br\/blog\/wp-json\/wp\/v2\/media\/146144"}],"wp:attachment":[{"href":"https:\/\/www.estrategiaconcursos.com.br\/blog\/wp-json\/wp\/v2\/media?parent=372891"}],"wp:term":[{"taxonomy":"category","embeddable":true,"href":"https:\/\/www.estrategiaconcursos.com.br\/blog\/wp-json\/wp\/v2\/categories?post=372891"},{"taxonomy":"post_tag","embeddable":true,"href":"https:\/\/www.estrategiaconcursos.com.br\/blog\/wp-json\/wp\/v2\/tags?post=372891"},{"taxonomy":"tax_estado","embeddable":true,"href":"https:\/\/www.estrategiaconcursos.com.br\/blog\/wp-json\/wp\/v2\/tax_estado?post=372891"}],"curies":[{"name":"wp","href":"https:\/\/api.w.org\/{rel}","templated":true}]}}