{"id":372754,"date":"2019-05-09T10:55:46","date_gmt":"2019-05-09T13:55:46","guid":{"rendered":"https:\/\/www.estrategiaconcursos.com.br\/blog\/?p=372754"},"modified":"2019-05-09T11:04:22","modified_gmt":"2019-05-09T14:04:22","slug":"concurso-mp-sp-promotor-pgj-apresenta-projeto-de-criacao-de-400-cargos","status":"publish","type":"post","link":"https:\/\/www.estrategiaconcursos.com.br\/blog\/concurso-mp-sp-promotor-pgj-apresenta-projeto-de-criacao-de-400-cargos\/","title":{"rendered":"Concurso MP SP Promotor: PGJ apresenta projeto de cria\u00e7\u00e3o de 400 cargos"},"content":{"rendered":"\n<p style=\"font-size:25px\"><em>Modifica\u00e7\u00e3o na Lei Org\u00e2nica visa planejar crescrimento do MP SP para os pr\u00f3ximos anos<\/em><\/p>\n\n\n\n<p>O Procurador-Geral de Justi\u00e7a de S\u00e3o Paulo, Gianpaolo Poggio Smanio, apresentou \u00e0 Assembleia Legislativa do Estado (ALESP) um projeto de lei complementar que visa ampliar o n\u00famero de cargos de Promotor de Justi\u00e7a.<\/p>\n\n\n\n<p>De acordo com o texto, prev\u00ea-se a cria\u00e7\u00e3o de <strong>30 cargos<\/strong> de Promotor Substituto, <strong>70<\/strong> para a entr\u00e2ncia inicial, <strong>100<\/strong> para a entr\u00e2ncia intermedi\u00e1ria e <strong>200 <\/strong>para a entr\u00e2ncia final.<\/p>\n\n\n\n<p>O Projeto de Lei Complementar 22\/2019 prop\u00f5e altera\u00e7\u00f5es na LC 734\/1993, a Lei Org\u00e2nica do Minist\u00e9rio P\u00fablico de S\u00e3o Paulo. De acordo com a justificativa do projeto, os novos cargos n\u00e3o implicar\u00e3o em impacto or\u00e7ament\u00e1rio imediato, j\u00e1 que a previs\u00e3o \u00e9 que o seu provimento se d\u00ea paulatinamente, conforme a disponibilidade de recursos.<\/p>\n\n\n\n<p>Smanio destacou que o Tribunal de Justi\u00e7a de S\u00e3o Paulo experimentou uma grande expans\u00e3o nos \u00faltimos anos, com a cria\u00e7\u00e3o de novas varas e cart\u00f3rios judiciais e que o Minist\u00e9rio P\u00fablico precisa planejar adequadamente seu crescimento, para poder continuar a cumprir sua fun\u00e7\u00e3o constitucional.<\/p>\n\n\n\n<blockquote class=\"wp-block-quote is-layout-flow wp-block-quote-is-layout-flow\"><p><em> Com essas medidas, \u00e9 vi\u00e1vel alcan\u00e7ar o crescimento respons\u00e1vel da Institui\u00e7\u00e3o, paulatina e vagarosamente, sem necessidade de que, em futuro pr\u00f3ximo, novo projeto seja apresentado, porque se elevaria o estoque abstrato de cargos de forma a poder-se atender \u00e0s necessidades futuras do Minist\u00e9rio P\u00fablico <\/em><\/p><cite>Gianpaolo Poggio Smanio, Procurador-Geral de Justi\u00e7a de S\u00e3o Paulo<\/cite><\/blockquote>\n\n\n\n<p>O PLC j\u00e1 tem relator designado na Comiss\u00e3o de Constitui\u00e7\u00e3o, Justi\u00e7a e Reda\u00e7\u00e3o da ALESP. Uma vez aprovado, o projeto cria a perspectiva da realiza\u00e7\u00e3o de novos concursos para o \u00f3rg\u00e3o no longo prazo.<\/p>\n\n\n\n<div class=\"wp-block-file\"><a href=\"https:\/\/dhg1h5j42swfq.cloudfront.net\/2019\/05\/09105536\/PLC-22-2019.pdf\" target=\"_blank\" rel=\"noreferrer noopener\">PLC 22-2019<\/a><a href=\"https:\/\/dhg1h5j42swfq.cloudfront.net\/2019\/05\/09105536\/PLC-22-2019.pdf\" class=\"wp-block-file__button\" download>Baixar<\/a><\/div>\n\n\n\n<h2 class=\"wp-block-heading\">O concurso 2019 (93\u00ba)<\/h2>\n\n\n\n<p>O Minist\u00e9rio P\u00fablico de S\u00e3o Paulo lan\u00e7ou neste ano o edital do seu 93\u00ba concurso de ingresso. S\u00e3o ofertadas 80 vagas imediatas para Promotor de Justi\u00e7a Substituto, com remunera\u00e7\u00e3o inicial de R$ 28 mil.<\/p>\n\n\n\n<p>As inscri\u00e7\u00f5es para o certame j\u00e1 se encontram encerradas. A prova preambular, primeira etapa do concurso, est\u00e1 marcada para o dia 30 de junho de 2019.<\/p>\n\n\n\n<p style=\"font-size:25px;text-align:center\"><em>Mais informa\u00e7\u00f5es<\/em><\/p>\n\n\n\n<p style=\"font-size:25px;text-align:center\" class=\"has-background has-very-light-gray-background-color\"><a href=\"https:\/\/www.estrategiaconcursos.com.br\/blog\/concurso-mp-sp-promotor\/\">CONCURSO MP SP PROMOTOR<\/a><\/p>\n\n\n\n<p><em>Ascom Estrat\u00e9gia<\/em><br \/>ascomestrategia@gmail.com<\/p>\n\n\n\n<p style=\"font-size:25px;text-align:center\" class=\"has-background has-luminous-vivid-amber-background-color\"><a href=\"https:\/\/www.estrategiaconcursos.com.br\/cursosPorConcurso\/ministerio-publico-de-sao-paulo-mp-sp-promotor\/\" target=\"_blank\" rel=\"noreferrer noopener\" aria-label=\"CURSO MP SP PROMOTOR (opens in a new tab)\">CURSO MP SP PROMOTOR<\/a><\/p>\n\n\n<p><!--EndFragment--><br \/>\n<br \/>\n<\/p>\n\n","protected":false},"excerpt":{"rendered":"<p>Modifica\u00e7\u00e3o na Lei Org\u00e2nica visa planejar crescrimento do MP SP para os pr\u00f3ximos anos O Procurador-Geral de Justi\u00e7a de S\u00e3o Paulo, Gianpaolo Poggio Smanio, apresentou \u00e0 Assembleia Legislativa do Estado (ALESP) um projeto de lei complementar que visa ampliar o n\u00famero de cargos de Promotor de Justi\u00e7a. De acordo com o texto, prev\u00ea-se a cria\u00e7\u00e3o [&hellip;]<\/p>\n","protected":false},"author":180,"featured_media":171061,"comment_status":"open","ping_status":"closed","sticky":false,"template":"","format":"standard","meta":{"post_tipo":"article","footnotes":""},"categories":[1,2185],"tags":[],"tax_estado":[],"class_list":["post-372754","post","type-post","status-publish","format-standard","has-post-thumbnail","hentry","category-cursos-e-concursos","category-carreiras-juridicas"],"acf":[],"yoast_head":"<!-- This site is optimized with the Yoast SEO Premium plugin v27.2 (Yoast SEO v27.2) - https:\/\/yoast.com\/product\/yoast-seo-premium-wordpress\/ -->\n<title>Concurso MP SP Promotor: PGJ apresenta projeto de cria\u00e7\u00e3o de 400 cargos<\/title>\n<meta name=\"description\" content=\"Procurador-Geral de Justi\u00e7a de S\u00e3o Paulo apresenta projeto de lei para a cria\u00e7\u00e3o de 400 novos cargos de Promotor de Justi\u00e7a.\" \/>\n<meta name=\"robots\" content=\"index, follow, max-snippet:-1, max-image-preview:large, max-video-preview:-1\" \/>\n<link rel=\"canonical\" href=\"https:\/\/www.estrategiaconcursos.com.br\/blog\/concurso-mp-sp-promotor-pgj-apresenta-projeto-de-criacao-de-400-cargos\/\" \/>\n<meta property=\"og:locale\" content=\"pt_BR\" \/>\n<meta property=\"og:type\" content=\"article\" \/>\n<meta property=\"og:title\" content=\"Concurso MP SP Promotor: PGJ apresenta projeto de cria\u00e7\u00e3o de 400 cargos\" \/>\n<meta property=\"og:description\" content=\"Procurador-Geral de Justi\u00e7a de S\u00e3o Paulo apresenta projeto de lei para a cria\u00e7\u00e3o de 400 novos cargos de Promotor de Justi\u00e7a.\" \/>\n<meta property=\"og:url\" content=\"https:\/\/www.estrategiaconcursos.com.br\/blog\/concurso-mp-sp-promotor-pgj-apresenta-projeto-de-criacao-de-400-cargos\/\" \/>\n<meta property=\"og:site_name\" content=\"Estrat\u00e9gia Concursos\" \/>\n<meta property=\"article:author\" content=\"https:\/\/www.facebook.com\/ricardo.s.torques\" \/>\n<meta property=\"article:published_time\" content=\"2019-05-09T13:55:46+00:00\" \/>\n<meta property=\"article:modified_time\" content=\"2019-05-09T14:04:22+00:00\" \/>\n<meta property=\"og:image\" content=\"https:\/\/dhg1h5j42swfq.cloudfront.net\/2019\/03\/12173854\/concurso-mp-sp-2.png\" \/>\n\t<meta property=\"og:image:width\" content=\"400\" \/>\n\t<meta property=\"og:image:height\" content=\"209\" \/>\n\t<meta property=\"og:image:type\" content=\"image\/png\" \/>\n<meta name=\"author\" content=\"Ricardo Torques\" \/>\n<meta name=\"twitter:card\" content=\"summary_large_image\" \/>\n<meta name=\"twitter:creator\" content=\"@EstratConcursos\" \/>\n<meta name=\"twitter:site\" content=\"@EstratConcursos\" \/>\n<meta name=\"twitter:label1\" content=\"Escrito por\" \/>\n\t<meta name=\"twitter:data1\" content=\"Ricardo Torques\" \/>\n\t<meta name=\"twitter:label2\" content=\"Est. tempo de leitura\" \/>\n\t<meta name=\"twitter:data2\" content=\"2 minutos\" \/>\n<script type=\"application\/ld+json\" class=\"yoast-schema-graph\">{\"@context\":\"https:\/\/schema.org\",\"@graph\":[{\"@type\":\"NewsArticle\",\"@id\":\"https:\/\/www.estrategiaconcursos.com.br\/blog\/concurso-mp-sp-promotor-pgj-apresenta-projeto-de-criacao-de-400-cargos\/#article\",\"isPartOf\":{\"@id\":\"https:\/\/www.estrategiaconcursos.com.br\/blog\/concurso-mp-sp-promotor-pgj-apresenta-projeto-de-criacao-de-400-cargos\/\"},\"author\":{\"name\":\"Ricardo Torques\",\"@id\":\"https:\/\/www.estrategiaconcursos.com.br\/blog\/#\/schema\/person\/aa39cf5ddb518e5bdce27c35788405e2\"},\"headline\":\"Concurso MP SP Promotor: PGJ apresenta projeto de cria\u00e7\u00e3o de 400 cargos\",\"datePublished\":\"2019-05-09T13:55:46+00:00\",\"dateModified\":\"2019-05-09T14:04:22+00:00\",\"mainEntityOfPage\":{\"@id\":\"https:\/\/www.estrategiaconcursos.com.br\/blog\/concurso-mp-sp-promotor-pgj-apresenta-projeto-de-criacao-de-400-cargos\/\"},\"wordCount\":396,\"commentCount\":0,\"publisher\":{\"@id\":\"https:\/\/www.estrategiaconcursos.com.br\/blog\/#organization\"},\"image\":{\"@id\":\"https:\/\/www.estrategiaconcursos.com.br\/blog\/concurso-mp-sp-promotor-pgj-apresenta-projeto-de-criacao-de-400-cargos\/#primaryimage\"},\"thumbnailUrl\":\"https:\/\/dhg1h5j42swfq.cloudfront.net\/2019\/03\/12173854\/concurso-mp-sp-2.png\",\"articleSection\":[\"Concursos P\u00fablicos\",\"Jur\u00eddico\"],\"inLanguage\":\"pt-BR\",\"potentialAction\":[{\"@type\":\"CommentAction\",\"name\":\"Comment\",\"target\":[\"https:\/\/www.estrategiaconcursos.com.br\/blog\/concurso-mp-sp-promotor-pgj-apresenta-projeto-de-criacao-de-400-cargos\/#respond\"]}],\"copyrightYear\":\"2019\",\"copyrightHolder\":{\"@id\":\"https:\/\/www.estrategiaconcursos.com.br\/blog\/#organization\"}},{\"@type\":\"WebPage\",\"@id\":\"https:\/\/www.estrategiaconcursos.com.br\/blog\/concurso-mp-sp-promotor-pgj-apresenta-projeto-de-criacao-de-400-cargos\/\",\"url\":\"https:\/\/www.estrategiaconcursos.com.br\/blog\/concurso-mp-sp-promotor-pgj-apresenta-projeto-de-criacao-de-400-cargos\/\",\"name\":\"Concurso MP SP Promotor: PGJ apresenta projeto de cria\u00e7\u00e3o de 400 cargos\",\"isPartOf\":{\"@id\":\"https:\/\/www.estrategiaconcursos.com.br\/blog\/#website\"},\"primaryImageOfPage\":{\"@id\":\"https:\/\/www.estrategiaconcursos.com.br\/blog\/concurso-mp-sp-promotor-pgj-apresenta-projeto-de-criacao-de-400-cargos\/#primaryimage\"},\"image\":{\"@id\":\"https:\/\/www.estrategiaconcursos.com.br\/blog\/concurso-mp-sp-promotor-pgj-apresenta-projeto-de-criacao-de-400-cargos\/#primaryimage\"},\"thumbnailUrl\":\"https:\/\/dhg1h5j42swfq.cloudfront.net\/2019\/03\/12173854\/concurso-mp-sp-2.png\",\"datePublished\":\"2019-05-09T13:55:46+00:00\",\"dateModified\":\"2019-05-09T14:04:22+00:00\",\"description\":\"Procurador-Geral de Justi\u00e7a de S\u00e3o Paulo apresenta projeto de lei para a cria\u00e7\u00e3o de 400 novos cargos de Promotor de Justi\u00e7a.\",\"breadcrumb\":{\"@id\":\"https:\/\/www.estrategiaconcursos.com.br\/blog\/concurso-mp-sp-promotor-pgj-apresenta-projeto-de-criacao-de-400-cargos\/#breadcrumb\"},\"inLanguage\":\"pt-BR\",\"potentialAction\":[{\"@type\":\"ReadAction\",\"target\":[\"https:\/\/www.estrategiaconcursos.com.br\/blog\/concurso-mp-sp-promotor-pgj-apresenta-projeto-de-criacao-de-400-cargos\/\"]}]},{\"@type\":\"ImageObject\",\"inLanguage\":\"pt-BR\",\"@id\":\"https:\/\/www.estrategiaconcursos.com.br\/blog\/concurso-mp-sp-promotor-pgj-apresenta-projeto-de-criacao-de-400-cargos\/#primaryimage\",\"url\":\"https:\/\/dhg1h5j42swfq.cloudfront.net\/2019\/03\/12173854\/concurso-mp-sp-2.png\",\"contentUrl\":\"https:\/\/dhg1h5j42swfq.cloudfront.net\/2019\/03\/12173854\/concurso-mp-sp-2.png\",\"width\":400,\"height\":209,\"caption\":\"mp sp promotor\"},{\"@type\":\"BreadcrumbList\",\"@id\":\"https:\/\/www.estrategiaconcursos.com.br\/blog\/concurso-mp-sp-promotor-pgj-apresenta-projeto-de-criacao-de-400-cargos\/#breadcrumb\",\"itemListElement\":[{\"@type\":\"ListItem\",\"position\":1,\"name\":\"In\u00edcio\",\"item\":\"https:\/\/www.estrategiaconcursos.com.br\/blog\/\"},{\"@type\":\"ListItem\",\"position\":2,\"name\":\"Concurso MP SP Promotor: PGJ apresenta projeto de cria\u00e7\u00e3o de 400 cargos\"}]},{\"@type\":\"WebSite\",\"@id\":\"https:\/\/www.estrategiaconcursos.com.br\/blog\/#website\",\"url\":\"https:\/\/www.estrategiaconcursos.com.br\/blog\/\",\"name\":\"Estrat\u00e9gia Concursos\",\"description\":\"O blog da Estrat\u00e9gia Concursos traz not\u00edcias sobre concursos e artigos de professores oferecendo cursos para concursos (pdf + videaulas) no site.\",\"publisher\":{\"@id\":\"https:\/\/www.estrategiaconcursos.com.br\/blog\/#organization\"},\"potentialAction\":[{\"@type\":\"SearchAction\",\"target\":{\"@type\":\"EntryPoint\",\"urlTemplate\":\"https:\/\/www.estrategiaconcursos.com.br\/blog\/?s={search_term_string}\"},\"query-input\":{\"@type\":\"PropertyValueSpecification\",\"valueRequired\":true,\"valueName\":\"search_term_string\"}}],\"inLanguage\":\"pt-BR\"},{\"@type\":\"Organization\",\"@id\":\"https:\/\/www.estrategiaconcursos.com.br\/blog\/#organization\",\"name\":\"Estrat\u00e9gia Concursos\",\"url\":\"https:\/\/www.estrategiaconcursos.com.br\/blog\/\",\"logo\":{\"@type\":\"ImageObject\",\"inLanguage\":\"pt-BR\",\"@id\":\"https:\/\/www.estrategiaconcursos.com.br\/blog\/#\/schema\/logo\/image\/\",\"url\":\"https:\/\/dhg1h5j42swfq.cloudfront.net\/2025\/06\/03203428\/logo_concursos-1.jpg\",\"contentUrl\":\"https:\/\/dhg1h5j42swfq.cloudfront.net\/2025\/06\/03203428\/logo_concursos-1.jpg\",\"width\":230,\"height\":60,\"caption\":\"Estrat\u00e9gia Concursos\"},\"image\":{\"@id\":\"https:\/\/www.estrategiaconcursos.com.br\/blog\/#\/schema\/logo\/image\/\"},\"sameAs\":[\"https:\/\/x.com\/EstratConcursos\"]},{\"@type\":\"Person\",\"@id\":\"https:\/\/www.estrategiaconcursos.com.br\/blog\/#\/schema\/person\/aa39cf5ddb518e5bdce27c35788405e2\",\"name\":\"Ricardo Torques\",\"image\":{\"@type\":\"ImageObject\",\"inLanguage\":\"pt-BR\",\"@id\":\"https:\/\/secure.gravatar.com\/avatar\/ce9ac6c3cff25fe86d15ed568ebc64d1724baf5c0693133bcb1f6073f712f92a?s=96&d=mm&r=g\",\"url\":\"https:\/\/secure.gravatar.com\/avatar\/ce9ac6c3cff25fe86d15ed568ebc64d1724baf5c0693133bcb1f6073f712f92a?s=96&d=mm&r=g\",\"contentUrl\":\"https:\/\/secure.gravatar.com\/avatar\/ce9ac6c3cff25fe86d15ed568ebc64d1724baf5c0693133bcb1f6073f712f92a?s=96&d=mm&r=g\",\"caption\":\"Ricardo Torques\"},\"sameAs\":[\"https:\/\/www.facebook.com\/ricardo.s.torques\"],\"url\":\"https:\/\/www.estrategiaconcursos.com.br\/blog\/author\/ricardotorquesestrategiaconcursos-com-br\/\"}]}<\/script>\n<!-- \/ Yoast SEO Premium plugin. -->","yoast_head_json":{"title":"Concurso MP SP Promotor: PGJ apresenta projeto de cria\u00e7\u00e3o de 400 cargos","description":"Procurador-Geral de Justi\u00e7a de S\u00e3o Paulo apresenta projeto de lei para a cria\u00e7\u00e3o de 400 novos cargos de Promotor de Justi\u00e7a.","robots":{"index":"index","follow":"follow","max-snippet":"max-snippet:-1","max-image-preview":"max-image-preview:large","max-video-preview":"max-video-preview:-1"},"canonical":"https:\/\/www.estrategiaconcursos.com.br\/blog\/concurso-mp-sp-promotor-pgj-apresenta-projeto-de-criacao-de-400-cargos\/","og_locale":"pt_BR","og_type":"article","og_title":"Concurso MP SP Promotor: PGJ apresenta projeto de cria\u00e7\u00e3o de 400 cargos","og_description":"Procurador-Geral de Justi\u00e7a de S\u00e3o Paulo apresenta projeto de lei para a cria\u00e7\u00e3o de 400 novos cargos de Promotor de Justi\u00e7a.","og_url":"https:\/\/www.estrategiaconcursos.com.br\/blog\/concurso-mp-sp-promotor-pgj-apresenta-projeto-de-criacao-de-400-cargos\/","og_site_name":"Estrat\u00e9gia Concursos","article_author":"https:\/\/www.facebook.com\/ricardo.s.torques","article_published_time":"2019-05-09T13:55:46+00:00","article_modified_time":"2019-05-09T14:04:22+00:00","og_image":[{"width":400,"height":209,"url":"https:\/\/dhg1h5j42swfq.cloudfront.net\/2019\/03\/12173854\/concurso-mp-sp-2.png","type":"image\/png"}],"author":"Ricardo Torques","twitter_card":"summary_large_image","twitter_creator":"@EstratConcursos","twitter_site":"@EstratConcursos","twitter_misc":{"Escrito por":"Ricardo Torques","Est. tempo de leitura":"2 minutos"},"schema":{"@context":"https:\/\/schema.org","@graph":[{"@type":"NewsArticle","@id":"https:\/\/www.estrategiaconcursos.com.br\/blog\/concurso-mp-sp-promotor-pgj-apresenta-projeto-de-criacao-de-400-cargos\/#article","isPartOf":{"@id":"https:\/\/www.estrategiaconcursos.com.br\/blog\/concurso-mp-sp-promotor-pgj-apresenta-projeto-de-criacao-de-400-cargos\/"},"author":{"name":"Ricardo Torques","@id":"https:\/\/www.estrategiaconcursos.com.br\/blog\/#\/schema\/person\/aa39cf5ddb518e5bdce27c35788405e2"},"headline":"Concurso MP SP Promotor: PGJ apresenta projeto de cria\u00e7\u00e3o de 400 cargos","datePublished":"2019-05-09T13:55:46+00:00","dateModified":"2019-05-09T14:04:22+00:00","mainEntityOfPage":{"@id":"https:\/\/www.estrategiaconcursos.com.br\/blog\/concurso-mp-sp-promotor-pgj-apresenta-projeto-de-criacao-de-400-cargos\/"},"wordCount":396,"commentCount":0,"publisher":{"@id":"https:\/\/www.estrategiaconcursos.com.br\/blog\/#organization"},"image":{"@id":"https:\/\/www.estrategiaconcursos.com.br\/blog\/concurso-mp-sp-promotor-pgj-apresenta-projeto-de-criacao-de-400-cargos\/#primaryimage"},"thumbnailUrl":"https:\/\/dhg1h5j42swfq.cloudfront.net\/2019\/03\/12173854\/concurso-mp-sp-2.png","articleSection":["Concursos P\u00fablicos","Jur\u00eddico"],"inLanguage":"pt-BR","potentialAction":[{"@type":"CommentAction","name":"Comment","target":["https:\/\/www.estrategiaconcursos.com.br\/blog\/concurso-mp-sp-promotor-pgj-apresenta-projeto-de-criacao-de-400-cargos\/#respond"]}],"copyrightYear":"2019","copyrightHolder":{"@id":"https:\/\/www.estrategiaconcursos.com.br\/blog\/#organization"}},{"@type":"WebPage","@id":"https:\/\/www.estrategiaconcursos.com.br\/blog\/concurso-mp-sp-promotor-pgj-apresenta-projeto-de-criacao-de-400-cargos\/","url":"https:\/\/www.estrategiaconcursos.com.br\/blog\/concurso-mp-sp-promotor-pgj-apresenta-projeto-de-criacao-de-400-cargos\/","name":"Concurso MP SP Promotor: PGJ apresenta projeto de cria\u00e7\u00e3o de 400 cargos","isPartOf":{"@id":"https:\/\/www.estrategiaconcursos.com.br\/blog\/#website"},"primaryImageOfPage":{"@id":"https:\/\/www.estrategiaconcursos.com.br\/blog\/concurso-mp-sp-promotor-pgj-apresenta-projeto-de-criacao-de-400-cargos\/#primaryimage"},"image":{"@id":"https:\/\/www.estrategiaconcursos.com.br\/blog\/concurso-mp-sp-promotor-pgj-apresenta-projeto-de-criacao-de-400-cargos\/#primaryimage"},"thumbnailUrl":"https:\/\/dhg1h5j42swfq.cloudfront.net\/2019\/03\/12173854\/concurso-mp-sp-2.png","datePublished":"2019-05-09T13:55:46+00:00","dateModified":"2019-05-09T14:04:22+00:00","description":"Procurador-Geral de Justi\u00e7a de S\u00e3o Paulo apresenta projeto de lei para a cria\u00e7\u00e3o de 400 novos cargos de Promotor de Justi\u00e7a.","breadcrumb":{"@id":"https:\/\/www.estrategiaconcursos.com.br\/blog\/concurso-mp-sp-promotor-pgj-apresenta-projeto-de-criacao-de-400-cargos\/#breadcrumb"},"inLanguage":"pt-BR","potentialAction":[{"@type":"ReadAction","target":["https:\/\/www.estrategiaconcursos.com.br\/blog\/concurso-mp-sp-promotor-pgj-apresenta-projeto-de-criacao-de-400-cargos\/"]}]},{"@type":"ImageObject","inLanguage":"pt-BR","@id":"https:\/\/www.estrategiaconcursos.com.br\/blog\/concurso-mp-sp-promotor-pgj-apresenta-projeto-de-criacao-de-400-cargos\/#primaryimage","url":"https:\/\/dhg1h5j42swfq.cloudfront.net\/2019\/03\/12173854\/concurso-mp-sp-2.png","contentUrl":"https:\/\/dhg1h5j42swfq.cloudfront.net\/2019\/03\/12173854\/concurso-mp-sp-2.png","width":400,"height":209,"caption":"mp sp promotor"},{"@type":"BreadcrumbList","@id":"https:\/\/www.estrategiaconcursos.com.br\/blog\/concurso-mp-sp-promotor-pgj-apresenta-projeto-de-criacao-de-400-cargos\/#breadcrumb","itemListElement":[{"@type":"ListItem","position":1,"name":"In\u00edcio","item":"https:\/\/www.estrategiaconcursos.com.br\/blog\/"},{"@type":"ListItem","position":2,"name":"Concurso MP SP Promotor: PGJ apresenta projeto de cria\u00e7\u00e3o de 400 cargos"}]},{"@type":"WebSite","@id":"https:\/\/www.estrategiaconcursos.com.br\/blog\/#website","url":"https:\/\/www.estrategiaconcursos.com.br\/blog\/","name":"Estrat\u00e9gia Concursos","description":"O blog da Estrat\u00e9gia Concursos traz not\u00edcias sobre concursos e artigos de professores oferecendo cursos para concursos (pdf + videaulas) no site.","publisher":{"@id":"https:\/\/www.estrategiaconcursos.com.br\/blog\/#organization"},"potentialAction":[{"@type":"SearchAction","target":{"@type":"EntryPoint","urlTemplate":"https:\/\/www.estrategiaconcursos.com.br\/blog\/?s={search_term_string}"},"query-input":{"@type":"PropertyValueSpecification","valueRequired":true,"valueName":"search_term_string"}}],"inLanguage":"pt-BR"},{"@type":"Organization","@id":"https:\/\/www.estrategiaconcursos.com.br\/blog\/#organization","name":"Estrat\u00e9gia Concursos","url":"https:\/\/www.estrategiaconcursos.com.br\/blog\/","logo":{"@type":"ImageObject","inLanguage":"pt-BR","@id":"https:\/\/www.estrategiaconcursos.com.br\/blog\/#\/schema\/logo\/image\/","url":"https:\/\/dhg1h5j42swfq.cloudfront.net\/2025\/06\/03203428\/logo_concursos-1.jpg","contentUrl":"https:\/\/dhg1h5j42swfq.cloudfront.net\/2025\/06\/03203428\/logo_concursos-1.jpg","width":230,"height":60,"caption":"Estrat\u00e9gia Concursos"},"image":{"@id":"https:\/\/www.estrategiaconcursos.com.br\/blog\/#\/schema\/logo\/image\/"},"sameAs":["https:\/\/x.com\/EstratConcursos"]},{"@type":"Person","@id":"https:\/\/www.estrategiaconcursos.com.br\/blog\/#\/schema\/person\/aa39cf5ddb518e5bdce27c35788405e2","name":"Ricardo Torques","image":{"@type":"ImageObject","inLanguage":"pt-BR","@id":"https:\/\/secure.gravatar.com\/avatar\/ce9ac6c3cff25fe86d15ed568ebc64d1724baf5c0693133bcb1f6073f712f92a?s=96&d=mm&r=g","url":"https:\/\/secure.gravatar.com\/avatar\/ce9ac6c3cff25fe86d15ed568ebc64d1724baf5c0693133bcb1f6073f712f92a?s=96&d=mm&r=g","contentUrl":"https:\/\/secure.gravatar.com\/avatar\/ce9ac6c3cff25fe86d15ed568ebc64d1724baf5c0693133bcb1f6073f712f92a?s=96&d=mm&r=g","caption":"Ricardo Torques"},"sameAs":["https:\/\/www.facebook.com\/ricardo.s.torques"],"url":"https:\/\/www.estrategiaconcursos.com.br\/blog\/author\/ricardotorquesestrategiaconcursos-com-br\/"}]}},"_links":{"self":[{"href":"https:\/\/www.estrategiaconcursos.com.br\/blog\/wp-json\/wp\/v2\/posts\/372754","targetHints":{"allow":["GET"]}}],"collection":[{"href":"https:\/\/www.estrategiaconcursos.com.br\/blog\/wp-json\/wp\/v2\/posts"}],"about":[{"href":"https:\/\/www.estrategiaconcursos.com.br\/blog\/wp-json\/wp\/v2\/types\/post"}],"author":[{"embeddable":true,"href":"https:\/\/www.estrategiaconcursos.com.br\/blog\/wp-json\/wp\/v2\/users\/180"}],"replies":[{"embeddable":true,"href":"https:\/\/www.estrategiaconcursos.com.br\/blog\/wp-json\/wp\/v2\/comments?post=372754"}],"version-history":[{"count":5,"href":"https:\/\/www.estrategiaconcursos.com.br\/blog\/wp-json\/wp\/v2\/posts\/372754\/revisions"}],"predecessor-version":[{"id":372769,"href":"https:\/\/www.estrategiaconcursos.com.br\/blog\/wp-json\/wp\/v2\/posts\/372754\/revisions\/372769"}],"wp:featuredmedia":[{"embeddable":true,"href":"https:\/\/www.estrategiaconcursos.com.br\/blog\/wp-json\/wp\/v2\/media\/171061"}],"wp:attachment":[{"href":"https:\/\/www.estrategiaconcursos.com.br\/blog\/wp-json\/wp\/v2\/media?parent=372754"}],"wp:term":[{"taxonomy":"category","embeddable":true,"href":"https:\/\/www.estrategiaconcursos.com.br\/blog\/wp-json\/wp\/v2\/categories?post=372754"},{"taxonomy":"post_tag","embeddable":true,"href":"https:\/\/www.estrategiaconcursos.com.br\/blog\/wp-json\/wp\/v2\/tags?post=372754"},{"taxonomy":"tax_estado","embeddable":true,"href":"https:\/\/www.estrategiaconcursos.com.br\/blog\/wp-json\/wp\/v2\/tax_estado?post=372754"}],"curies":[{"name":"wp","href":"https:\/\/api.w.org\/{rel}","templated":true}]}}