{"id":372701,"date":"2019-05-09T07:23:45","date_gmt":"2019-05-09T10:23:45","guid":{"rendered":"https:\/\/www.estrategiaconcursos.com.br\/blog\/?p=372701"},"modified":"2019-05-09T07:23:48","modified_gmt":"2019-05-09T10:23:48","slug":"concurso-mp-mt-promotor-contrato-com-fcc-e-publicado-edital-e-iminente","status":"publish","type":"post","link":"https:\/\/www.estrategiaconcursos.com.br\/blog\/concurso-mp-mt-promotor-contrato-com-fcc-e-publicado-edital-e-iminente\/","title":{"rendered":"Concurso MP MT Promotor: contrato com FCC \u00e9 publicado; edital \u00e9 iminente"},"content":{"rendered":"\n<p style=\"font-size:25px\"><em>MP MT tem 35 cargos vagos de Promotor Substituto<\/em><\/p>\n\n\n\n<p>O Minist\u00e9rio P\u00fablico do Estado do Mato Grosso oficializou a escolha da <strong>Funda\u00e7\u00e3o Carlos Chagas (FCC)<\/strong> para a organiza\u00e7\u00e3o de seu novo concurso de ingresso: o contrato para a realiza\u00e7\u00e3o do certame foi assinado pelos representantes do \u00f3rg\u00e3o e da FCC.<\/p>\n\n\n\n<p>A publica\u00e7\u00e3o do extrato do contrato no Di\u00e1rio Oficial do Estado desta quinta-feira, 9 de maio, \u00e9 a \u00faltima formalidade necess\u00e1ria antes da publica\u00e7\u00e3o do edital do concurso.<\/p>\n\n\n\n<p>Est\u00e1 autorizado o provimento inicial de <strong>tr\u00eas vagas imediatas<\/strong> para Promotor de Justi\u00e7a Substituto. Vale lembrar que todos os <strong>35 cargos<\/strong> da classe inicial da carreira est\u00e3o <strong>vagos<\/strong>.<\/p>\n\n\n\n<p>O \u00faltimo concurso do MP MT foi realizado em 2014 e contou com a organiza\u00e7\u00e3o do N\u00facleo de Concursos da Universidade Federal do Mato Grosso (UFMT), tradicional banca de certames da regi\u00e3o. A despeito do concurso ter ofertado inicialmente 10 vagas, todos os 75 aprovados foram convocados para a posse.<\/p>\n\n\n\n<p> Para ingressar na carreira do Minist\u00e9rio P\u00fablico, por for\u00e7a de ordem constitucional  (art. 129, \u00a7 3\u00ba CF) \u00e9 necess\u00e1rio ser bacharel em Direito e comprovar o desempenho de <strong>atividade&nbsp;jur\u00eddica<\/strong> por <strong>tr\u00eas&nbsp;anos<\/strong> ap\u00f3s a cola\u00e7\u00e3o de grau no curso superior.&nbsp;<\/p>\n\n\n\n<p>Abaixo voc\u00ea confere a \u00edntegra do extrato do contrato, publicado no Di\u00e1rio Oficial do Mato Grosso:<\/p>\n\n\n\n<figure class=\"wp-block-image\"><img loading=\"lazy\" decoding=\"async\" width=\"543\" height=\"583\" src=\"https:\/\/dhg1h5j42swfq.cloudfront.net\/2019\/05\/09072204\/image75.png\" alt=\"concurso mp mt promotor\" class=\"wp-image-372702\" srcset=\"https:\/\/dhg1h5j42swfq.cloudfront.net\/2019\/05\/09072204\/image75.png 543w, https:\/\/dhg1h5j42swfq.cloudfront.net\/2019\/05\/09072204\/image75.png 279w, https:\/\/dhg1h5j42swfq.cloudfront.net\/2019\/05\/09072204\/image75.png 120w\" sizes=\"auto, (max-width: 543px) 100vw, 543px\" \/><\/figure>\n\n\n\n<p style=\"text-align:center\" class=\"has-medium-font-size\"><em>Mais informa\u00e7\u00f5es<\/em><\/p>\n\n\n\n<p style=\"font-size:25px;text-align:center\" class=\"has-background has-very-light-gray-background-color\"><a rel=\"noreferrer noopener\" aria-label=\"CONCURSO MP MT PROMOTOR (opens in a new tab)\" href=\"https:\/\/www.estrategiaconcursos.com.br\/blog\/concurso-mp-mt-promotor\/\" target=\"_blank\">CONCURSO MP MT PROMOTOR<\/a><\/p>\n\n\n\n<p><em>Ascom Estrat\u00e9gia<\/em><br \/>ascomestrategia@gmail.com<\/p>\n\n\n\n<p style=\"font-size:25px;text-align:center\"><a href=\"https:\/\/www.estrategiaconcursos.com.br\/cursosPorConcurso\/mp-mt-ministerio-publico-do-mato-grosso-promotor\/\" target=\"_blank\" rel=\"noreferrer noopener\" aria-label=\"CURSOS CONCURSO MP MT PROMOTOR (opens in a new tab)\">CURSOS CONCURSO MP MT PROMOTOR<\/a><\/p>\n\n\n<p><!--EndFragment--><br \/>\n<br \/>\n<\/p>\n\n","protected":false},"excerpt":{"rendered":"<p>MP MT tem 35 cargos vagos de Promotor Substituto O Minist\u00e9rio P\u00fablico do Estado do Mato Grosso oficializou a escolha da Funda\u00e7\u00e3o Carlos Chagas (FCC) para a organiza\u00e7\u00e3o de seu novo concurso de ingresso: o contrato para a realiza\u00e7\u00e3o do certame foi assinado pelos representantes do \u00f3rg\u00e3o e da FCC. A publica\u00e7\u00e3o do extrato do [&hellip;]<\/p>\n","protected":false},"author":180,"featured_media":172795,"comment_status":"open","ping_status":"closed","sticky":false,"template":"","format":"standard","meta":{"post_tipo":"article","footnotes":""},"categories":[2185],"tags":[],"tax_estado":[],"class_list":["post-372701","post","type-post","status-publish","format-standard","has-post-thumbnail","hentry","category-carreiras-juridicas"],"acf":[],"yoast_head":"<!-- This site is optimized with the Yoast SEO Premium plugin v27.2 (Yoast SEO v27.2) - https:\/\/yoast.com\/product\/yoast-seo-premium-wordpress\/ -->\n<title>Concurso MP MT Promotor: contrato com FCC \u00e9 publicado; edital \u00e9 iminente<\/title>\n<meta name=\"description\" content=\"Concurso MP MT Promotor: extrato do contrato com a Funda\u00e7\u00e3o Carlos Chagas (FCC) para a realiza\u00e7\u00e3o do novo concurso \u00e9 publicado. Edital \u00e9 iminente.\" \/>\n<meta name=\"robots\" content=\"index, follow, max-snippet:-1, max-image-preview:large, max-video-preview:-1\" \/>\n<link rel=\"canonical\" href=\"https:\/\/www.estrategiaconcursos.com.br\/blog\/concurso-mp-mt-promotor-contrato-com-fcc-e-publicado-edital-e-iminente\/\" \/>\n<meta property=\"og:locale\" content=\"pt_BR\" \/>\n<meta property=\"og:type\" content=\"article\" \/>\n<meta property=\"og:title\" content=\"Concurso MP MT Promotor: contrato com FCC \u00e9 publicado; edital \u00e9 iminente\" \/>\n<meta property=\"og:description\" content=\"Concurso MP MT Promotor: extrato do contrato com a Funda\u00e7\u00e3o Carlos Chagas (FCC) para a realiza\u00e7\u00e3o do novo concurso \u00e9 publicado. Edital \u00e9 iminente.\" \/>\n<meta property=\"og:url\" content=\"https:\/\/www.estrategiaconcursos.com.br\/blog\/concurso-mp-mt-promotor-contrato-com-fcc-e-publicado-edital-e-iminente\/\" \/>\n<meta property=\"og:site_name\" content=\"Estrat\u00e9gia Concursos\" \/>\n<meta property=\"article:author\" content=\"https:\/\/www.facebook.com\/ricardo.s.torques\" \/>\n<meta property=\"article:published_time\" content=\"2019-05-09T10:23:45+00:00\" \/>\n<meta property=\"article:modified_time\" content=\"2019-05-09T10:23:48+00:00\" \/>\n<meta property=\"og:image\" content=\"https:\/\/dhg1h5j42swfq.cloudfront.net\/2019\/03\/20103518\/concurso-mp-mt.png\" \/>\n\t<meta property=\"og:image:width\" content=\"400\" \/>\n\t<meta property=\"og:image:height\" content=\"209\" \/>\n\t<meta property=\"og:image:type\" content=\"image\/png\" \/>\n<meta name=\"author\" content=\"Ricardo Torques\" \/>\n<meta name=\"twitter:card\" content=\"summary_large_image\" \/>\n<meta name=\"twitter:creator\" content=\"@EstratConcursos\" \/>\n<meta name=\"twitter:site\" content=\"@EstratConcursos\" \/>\n<meta name=\"twitter:label1\" content=\"Escrito por\" \/>\n\t<meta name=\"twitter:data1\" content=\"Ricardo Torques\" \/>\n\t<meta name=\"twitter:label2\" content=\"Est. tempo de leitura\" \/>\n\t<meta name=\"twitter:data2\" content=\"1 minuto\" \/>\n<script type=\"application\/ld+json\" class=\"yoast-schema-graph\">{\"@context\":\"https:\/\/schema.org\",\"@graph\":[{\"@type\":\"NewsArticle\",\"@id\":\"https:\/\/www.estrategiaconcursos.com.br\/blog\/concurso-mp-mt-promotor-contrato-com-fcc-e-publicado-edital-e-iminente\/#article\",\"isPartOf\":{\"@id\":\"https:\/\/www.estrategiaconcursos.com.br\/blog\/concurso-mp-mt-promotor-contrato-com-fcc-e-publicado-edital-e-iminente\/\"},\"author\":{\"name\":\"Ricardo Torques\",\"@id\":\"https:\/\/www.estrategiaconcursos.com.br\/blog\/#\/schema\/person\/aa39cf5ddb518e5bdce27c35788405e2\"},\"headline\":\"Concurso MP MT Promotor: contrato com FCC \u00e9 publicado; edital \u00e9 iminente\",\"datePublished\":\"2019-05-09T10:23:45+00:00\",\"dateModified\":\"2019-05-09T10:23:48+00:00\",\"mainEntityOfPage\":{\"@id\":\"https:\/\/www.estrategiaconcursos.com.br\/blog\/concurso-mp-mt-promotor-contrato-com-fcc-e-publicado-edital-e-iminente\/\"},\"wordCount\":258,\"commentCount\":0,\"publisher\":{\"@id\":\"https:\/\/www.estrategiaconcursos.com.br\/blog\/#organization\"},\"image\":{\"@id\":\"https:\/\/www.estrategiaconcursos.com.br\/blog\/concurso-mp-mt-promotor-contrato-com-fcc-e-publicado-edital-e-iminente\/#primaryimage\"},\"thumbnailUrl\":\"https:\/\/dhg1h5j42swfq.cloudfront.net\/2019\/03\/20103518\/concurso-mp-mt.png\",\"articleSection\":[\"Jur\u00eddico\"],\"inLanguage\":\"pt-BR\",\"potentialAction\":[{\"@type\":\"CommentAction\",\"name\":\"Comment\",\"target\":[\"https:\/\/www.estrategiaconcursos.com.br\/blog\/concurso-mp-mt-promotor-contrato-com-fcc-e-publicado-edital-e-iminente\/#respond\"]}],\"copyrightYear\":\"2019\",\"copyrightHolder\":{\"@id\":\"https:\/\/www.estrategiaconcursos.com.br\/blog\/#organization\"}},{\"@type\":\"WebPage\",\"@id\":\"https:\/\/www.estrategiaconcursos.com.br\/blog\/concurso-mp-mt-promotor-contrato-com-fcc-e-publicado-edital-e-iminente\/\",\"url\":\"https:\/\/www.estrategiaconcursos.com.br\/blog\/concurso-mp-mt-promotor-contrato-com-fcc-e-publicado-edital-e-iminente\/\",\"name\":\"Concurso MP MT Promotor: contrato com FCC \u00e9 publicado; edital \u00e9 iminente\",\"isPartOf\":{\"@id\":\"https:\/\/www.estrategiaconcursos.com.br\/blog\/#website\"},\"primaryImageOfPage\":{\"@id\":\"https:\/\/www.estrategiaconcursos.com.br\/blog\/concurso-mp-mt-promotor-contrato-com-fcc-e-publicado-edital-e-iminente\/#primaryimage\"},\"image\":{\"@id\":\"https:\/\/www.estrategiaconcursos.com.br\/blog\/concurso-mp-mt-promotor-contrato-com-fcc-e-publicado-edital-e-iminente\/#primaryimage\"},\"thumbnailUrl\":\"https:\/\/dhg1h5j42swfq.cloudfront.net\/2019\/03\/20103518\/concurso-mp-mt.png\",\"datePublished\":\"2019-05-09T10:23:45+00:00\",\"dateModified\":\"2019-05-09T10:23:48+00:00\",\"description\":\"Concurso MP MT Promotor: extrato do contrato com a Funda\u00e7\u00e3o Carlos Chagas (FCC) para a realiza\u00e7\u00e3o do novo concurso \u00e9 publicado. Edital \u00e9 iminente.\",\"breadcrumb\":{\"@id\":\"https:\/\/www.estrategiaconcursos.com.br\/blog\/concurso-mp-mt-promotor-contrato-com-fcc-e-publicado-edital-e-iminente\/#breadcrumb\"},\"inLanguage\":\"pt-BR\",\"potentialAction\":[{\"@type\":\"ReadAction\",\"target\":[\"https:\/\/www.estrategiaconcursos.com.br\/blog\/concurso-mp-mt-promotor-contrato-com-fcc-e-publicado-edital-e-iminente\/\"]}]},{\"@type\":\"ImageObject\",\"inLanguage\":\"pt-BR\",\"@id\":\"https:\/\/www.estrategiaconcursos.com.br\/blog\/concurso-mp-mt-promotor-contrato-com-fcc-e-publicado-edital-e-iminente\/#primaryimage\",\"url\":\"https:\/\/dhg1h5j42swfq.cloudfront.net\/2019\/03\/20103518\/concurso-mp-mt.png\",\"contentUrl\":\"https:\/\/dhg1h5j42swfq.cloudfront.net\/2019\/03\/20103518\/concurso-mp-mt.png\",\"width\":400,\"height\":209,\"caption\":\"concurso mp mt promotor\"},{\"@type\":\"BreadcrumbList\",\"@id\":\"https:\/\/www.estrategiaconcursos.com.br\/blog\/concurso-mp-mt-promotor-contrato-com-fcc-e-publicado-edital-e-iminente\/#breadcrumb\",\"itemListElement\":[{\"@type\":\"ListItem\",\"position\":1,\"name\":\"In\u00edcio\",\"item\":\"https:\/\/www.estrategiaconcursos.com.br\/blog\/\"},{\"@type\":\"ListItem\",\"position\":2,\"name\":\"Concurso MP MT Promotor: contrato com FCC \u00e9 publicado; edital \u00e9 iminente\"}]},{\"@type\":\"WebSite\",\"@id\":\"https:\/\/www.estrategiaconcursos.com.br\/blog\/#website\",\"url\":\"https:\/\/www.estrategiaconcursos.com.br\/blog\/\",\"name\":\"Estrat\u00e9gia Concursos\",\"description\":\"O blog da Estrat\u00e9gia Concursos traz not\u00edcias sobre concursos e artigos de professores oferecendo cursos para concursos (pdf + videaulas) no site.\",\"publisher\":{\"@id\":\"https:\/\/www.estrategiaconcursos.com.br\/blog\/#organization\"},\"potentialAction\":[{\"@type\":\"SearchAction\",\"target\":{\"@type\":\"EntryPoint\",\"urlTemplate\":\"https:\/\/www.estrategiaconcursos.com.br\/blog\/?s={search_term_string}\"},\"query-input\":{\"@type\":\"PropertyValueSpecification\",\"valueRequired\":true,\"valueName\":\"search_term_string\"}}],\"inLanguage\":\"pt-BR\"},{\"@type\":\"Organization\",\"@id\":\"https:\/\/www.estrategiaconcursos.com.br\/blog\/#organization\",\"name\":\"Estrat\u00e9gia Concursos\",\"url\":\"https:\/\/www.estrategiaconcursos.com.br\/blog\/\",\"logo\":{\"@type\":\"ImageObject\",\"inLanguage\":\"pt-BR\",\"@id\":\"https:\/\/www.estrategiaconcursos.com.br\/blog\/#\/schema\/logo\/image\/\",\"url\":\"https:\/\/dhg1h5j42swfq.cloudfront.net\/2025\/06\/03203428\/logo_concursos-1.jpg\",\"contentUrl\":\"https:\/\/dhg1h5j42swfq.cloudfront.net\/2025\/06\/03203428\/logo_concursos-1.jpg\",\"width\":230,\"height\":60,\"caption\":\"Estrat\u00e9gia Concursos\"},\"image\":{\"@id\":\"https:\/\/www.estrategiaconcursos.com.br\/blog\/#\/schema\/logo\/image\/\"},\"sameAs\":[\"https:\/\/x.com\/EstratConcursos\"]},{\"@type\":\"Person\",\"@id\":\"https:\/\/www.estrategiaconcursos.com.br\/blog\/#\/schema\/person\/aa39cf5ddb518e5bdce27c35788405e2\",\"name\":\"Ricardo Torques\",\"image\":{\"@type\":\"ImageObject\",\"inLanguage\":\"pt-BR\",\"@id\":\"https:\/\/secure.gravatar.com\/avatar\/ce9ac6c3cff25fe86d15ed568ebc64d1724baf5c0693133bcb1f6073f712f92a?s=96&d=mm&r=g\",\"url\":\"https:\/\/secure.gravatar.com\/avatar\/ce9ac6c3cff25fe86d15ed568ebc64d1724baf5c0693133bcb1f6073f712f92a?s=96&d=mm&r=g\",\"contentUrl\":\"https:\/\/secure.gravatar.com\/avatar\/ce9ac6c3cff25fe86d15ed568ebc64d1724baf5c0693133bcb1f6073f712f92a?s=96&d=mm&r=g\",\"caption\":\"Ricardo Torques\"},\"sameAs\":[\"https:\/\/www.facebook.com\/ricardo.s.torques\"],\"url\":\"https:\/\/www.estrategiaconcursos.com.br\/blog\/author\/ricardotorquesestrategiaconcursos-com-br\/\"}]}<\/script>\n<!-- \/ Yoast SEO Premium plugin. -->","yoast_head_json":{"title":"Concurso MP MT Promotor: contrato com FCC \u00e9 publicado; edital \u00e9 iminente","description":"Concurso MP MT Promotor: extrato do contrato com a Funda\u00e7\u00e3o Carlos Chagas (FCC) para a realiza\u00e7\u00e3o do novo concurso \u00e9 publicado. Edital \u00e9 iminente.","robots":{"index":"index","follow":"follow","max-snippet":"max-snippet:-1","max-image-preview":"max-image-preview:large","max-video-preview":"max-video-preview:-1"},"canonical":"https:\/\/www.estrategiaconcursos.com.br\/blog\/concurso-mp-mt-promotor-contrato-com-fcc-e-publicado-edital-e-iminente\/","og_locale":"pt_BR","og_type":"article","og_title":"Concurso MP MT Promotor: contrato com FCC \u00e9 publicado; edital \u00e9 iminente","og_description":"Concurso MP MT Promotor: extrato do contrato com a Funda\u00e7\u00e3o Carlos Chagas (FCC) para a realiza\u00e7\u00e3o do novo concurso \u00e9 publicado. Edital \u00e9 iminente.","og_url":"https:\/\/www.estrategiaconcursos.com.br\/blog\/concurso-mp-mt-promotor-contrato-com-fcc-e-publicado-edital-e-iminente\/","og_site_name":"Estrat\u00e9gia Concursos","article_author":"https:\/\/www.facebook.com\/ricardo.s.torques","article_published_time":"2019-05-09T10:23:45+00:00","article_modified_time":"2019-05-09T10:23:48+00:00","og_image":[{"width":400,"height":209,"url":"https:\/\/dhg1h5j42swfq.cloudfront.net\/2019\/03\/20103518\/concurso-mp-mt.png","type":"image\/png"}],"author":"Ricardo Torques","twitter_card":"summary_large_image","twitter_creator":"@EstratConcursos","twitter_site":"@EstratConcursos","twitter_misc":{"Escrito por":"Ricardo Torques","Est. tempo de leitura":"1 minuto"},"schema":{"@context":"https:\/\/schema.org","@graph":[{"@type":"NewsArticle","@id":"https:\/\/www.estrategiaconcursos.com.br\/blog\/concurso-mp-mt-promotor-contrato-com-fcc-e-publicado-edital-e-iminente\/#article","isPartOf":{"@id":"https:\/\/www.estrategiaconcursos.com.br\/blog\/concurso-mp-mt-promotor-contrato-com-fcc-e-publicado-edital-e-iminente\/"},"author":{"name":"Ricardo Torques","@id":"https:\/\/www.estrategiaconcursos.com.br\/blog\/#\/schema\/person\/aa39cf5ddb518e5bdce27c35788405e2"},"headline":"Concurso MP MT Promotor: contrato com FCC \u00e9 publicado; edital \u00e9 iminente","datePublished":"2019-05-09T10:23:45+00:00","dateModified":"2019-05-09T10:23:48+00:00","mainEntityOfPage":{"@id":"https:\/\/www.estrategiaconcursos.com.br\/blog\/concurso-mp-mt-promotor-contrato-com-fcc-e-publicado-edital-e-iminente\/"},"wordCount":258,"commentCount":0,"publisher":{"@id":"https:\/\/www.estrategiaconcursos.com.br\/blog\/#organization"},"image":{"@id":"https:\/\/www.estrategiaconcursos.com.br\/blog\/concurso-mp-mt-promotor-contrato-com-fcc-e-publicado-edital-e-iminente\/#primaryimage"},"thumbnailUrl":"https:\/\/dhg1h5j42swfq.cloudfront.net\/2019\/03\/20103518\/concurso-mp-mt.png","articleSection":["Jur\u00eddico"],"inLanguage":"pt-BR","potentialAction":[{"@type":"CommentAction","name":"Comment","target":["https:\/\/www.estrategiaconcursos.com.br\/blog\/concurso-mp-mt-promotor-contrato-com-fcc-e-publicado-edital-e-iminente\/#respond"]}],"copyrightYear":"2019","copyrightHolder":{"@id":"https:\/\/www.estrategiaconcursos.com.br\/blog\/#organization"}},{"@type":"WebPage","@id":"https:\/\/www.estrategiaconcursos.com.br\/blog\/concurso-mp-mt-promotor-contrato-com-fcc-e-publicado-edital-e-iminente\/","url":"https:\/\/www.estrategiaconcursos.com.br\/blog\/concurso-mp-mt-promotor-contrato-com-fcc-e-publicado-edital-e-iminente\/","name":"Concurso MP MT Promotor: contrato com FCC \u00e9 publicado; edital \u00e9 iminente","isPartOf":{"@id":"https:\/\/www.estrategiaconcursos.com.br\/blog\/#website"},"primaryImageOfPage":{"@id":"https:\/\/www.estrategiaconcursos.com.br\/blog\/concurso-mp-mt-promotor-contrato-com-fcc-e-publicado-edital-e-iminente\/#primaryimage"},"image":{"@id":"https:\/\/www.estrategiaconcursos.com.br\/blog\/concurso-mp-mt-promotor-contrato-com-fcc-e-publicado-edital-e-iminente\/#primaryimage"},"thumbnailUrl":"https:\/\/dhg1h5j42swfq.cloudfront.net\/2019\/03\/20103518\/concurso-mp-mt.png","datePublished":"2019-05-09T10:23:45+00:00","dateModified":"2019-05-09T10:23:48+00:00","description":"Concurso MP MT Promotor: extrato do contrato com a Funda\u00e7\u00e3o Carlos Chagas (FCC) para a realiza\u00e7\u00e3o do novo concurso \u00e9 publicado. Edital \u00e9 iminente.","breadcrumb":{"@id":"https:\/\/www.estrategiaconcursos.com.br\/blog\/concurso-mp-mt-promotor-contrato-com-fcc-e-publicado-edital-e-iminente\/#breadcrumb"},"inLanguage":"pt-BR","potentialAction":[{"@type":"ReadAction","target":["https:\/\/www.estrategiaconcursos.com.br\/blog\/concurso-mp-mt-promotor-contrato-com-fcc-e-publicado-edital-e-iminente\/"]}]},{"@type":"ImageObject","inLanguage":"pt-BR","@id":"https:\/\/www.estrategiaconcursos.com.br\/blog\/concurso-mp-mt-promotor-contrato-com-fcc-e-publicado-edital-e-iminente\/#primaryimage","url":"https:\/\/dhg1h5j42swfq.cloudfront.net\/2019\/03\/20103518\/concurso-mp-mt.png","contentUrl":"https:\/\/dhg1h5j42swfq.cloudfront.net\/2019\/03\/20103518\/concurso-mp-mt.png","width":400,"height":209,"caption":"concurso mp mt promotor"},{"@type":"BreadcrumbList","@id":"https:\/\/www.estrategiaconcursos.com.br\/blog\/concurso-mp-mt-promotor-contrato-com-fcc-e-publicado-edital-e-iminente\/#breadcrumb","itemListElement":[{"@type":"ListItem","position":1,"name":"In\u00edcio","item":"https:\/\/www.estrategiaconcursos.com.br\/blog\/"},{"@type":"ListItem","position":2,"name":"Concurso MP MT Promotor: contrato com FCC \u00e9 publicado; edital \u00e9 iminente"}]},{"@type":"WebSite","@id":"https:\/\/www.estrategiaconcursos.com.br\/blog\/#website","url":"https:\/\/www.estrategiaconcursos.com.br\/blog\/","name":"Estrat\u00e9gia Concursos","description":"O blog da Estrat\u00e9gia Concursos traz not\u00edcias sobre concursos e artigos de professores oferecendo cursos para concursos (pdf + videaulas) no site.","publisher":{"@id":"https:\/\/www.estrategiaconcursos.com.br\/blog\/#organization"},"potentialAction":[{"@type":"SearchAction","target":{"@type":"EntryPoint","urlTemplate":"https:\/\/www.estrategiaconcursos.com.br\/blog\/?s={search_term_string}"},"query-input":{"@type":"PropertyValueSpecification","valueRequired":true,"valueName":"search_term_string"}}],"inLanguage":"pt-BR"},{"@type":"Organization","@id":"https:\/\/www.estrategiaconcursos.com.br\/blog\/#organization","name":"Estrat\u00e9gia Concursos","url":"https:\/\/www.estrategiaconcursos.com.br\/blog\/","logo":{"@type":"ImageObject","inLanguage":"pt-BR","@id":"https:\/\/www.estrategiaconcursos.com.br\/blog\/#\/schema\/logo\/image\/","url":"https:\/\/dhg1h5j42swfq.cloudfront.net\/2025\/06\/03203428\/logo_concursos-1.jpg","contentUrl":"https:\/\/dhg1h5j42swfq.cloudfront.net\/2025\/06\/03203428\/logo_concursos-1.jpg","width":230,"height":60,"caption":"Estrat\u00e9gia Concursos"},"image":{"@id":"https:\/\/www.estrategiaconcursos.com.br\/blog\/#\/schema\/logo\/image\/"},"sameAs":["https:\/\/x.com\/EstratConcursos"]},{"@type":"Person","@id":"https:\/\/www.estrategiaconcursos.com.br\/blog\/#\/schema\/person\/aa39cf5ddb518e5bdce27c35788405e2","name":"Ricardo Torques","image":{"@type":"ImageObject","inLanguage":"pt-BR","@id":"https:\/\/secure.gravatar.com\/avatar\/ce9ac6c3cff25fe86d15ed568ebc64d1724baf5c0693133bcb1f6073f712f92a?s=96&d=mm&r=g","url":"https:\/\/secure.gravatar.com\/avatar\/ce9ac6c3cff25fe86d15ed568ebc64d1724baf5c0693133bcb1f6073f712f92a?s=96&d=mm&r=g","contentUrl":"https:\/\/secure.gravatar.com\/avatar\/ce9ac6c3cff25fe86d15ed568ebc64d1724baf5c0693133bcb1f6073f712f92a?s=96&d=mm&r=g","caption":"Ricardo Torques"},"sameAs":["https:\/\/www.facebook.com\/ricardo.s.torques"],"url":"https:\/\/www.estrategiaconcursos.com.br\/blog\/author\/ricardotorquesestrategiaconcursos-com-br\/"}]}},"_links":{"self":[{"href":"https:\/\/www.estrategiaconcursos.com.br\/blog\/wp-json\/wp\/v2\/posts\/372701","targetHints":{"allow":["GET"]}}],"collection":[{"href":"https:\/\/www.estrategiaconcursos.com.br\/blog\/wp-json\/wp\/v2\/posts"}],"about":[{"href":"https:\/\/www.estrategiaconcursos.com.br\/blog\/wp-json\/wp\/v2\/types\/post"}],"author":[{"embeddable":true,"href":"https:\/\/www.estrategiaconcursos.com.br\/blog\/wp-json\/wp\/v2\/users\/180"}],"replies":[{"embeddable":true,"href":"https:\/\/www.estrategiaconcursos.com.br\/blog\/wp-json\/wp\/v2\/comments?post=372701"}],"version-history":[{"count":2,"href":"https:\/\/www.estrategiaconcursos.com.br\/blog\/wp-json\/wp\/v2\/posts\/372701\/revisions"}],"predecessor-version":[{"id":372704,"href":"https:\/\/www.estrategiaconcursos.com.br\/blog\/wp-json\/wp\/v2\/posts\/372701\/revisions\/372704"}],"wp:featuredmedia":[{"embeddable":true,"href":"https:\/\/www.estrategiaconcursos.com.br\/blog\/wp-json\/wp\/v2\/media\/172795"}],"wp:attachment":[{"href":"https:\/\/www.estrategiaconcursos.com.br\/blog\/wp-json\/wp\/v2\/media?parent=372701"}],"wp:term":[{"taxonomy":"category","embeddable":true,"href":"https:\/\/www.estrategiaconcursos.com.br\/blog\/wp-json\/wp\/v2\/categories?post=372701"},{"taxonomy":"post_tag","embeddable":true,"href":"https:\/\/www.estrategiaconcursos.com.br\/blog\/wp-json\/wp\/v2\/tags?post=372701"},{"taxonomy":"tax_estado","embeddable":true,"href":"https:\/\/www.estrategiaconcursos.com.br\/blog\/wp-json\/wp\/v2\/tax_estado?post=372701"}],"curies":[{"name":"wp","href":"https:\/\/api.w.org\/{rel}","templated":true}]}}