{"id":372325,"date":"2019-05-08T09:47:00","date_gmt":"2019-05-08T12:47:00","guid":{"rendered":"https:\/\/www.estrategiaconcursos.com.br\/blog\/?p=372325"},"modified":"2019-05-08T09:54:28","modified_gmt":"2019-05-08T12:54:28","slug":"concurso-delegado-rj-policia-civil-anuncia-novo-membro-da-banca","status":"publish","type":"post","link":"https:\/\/www.estrategiaconcursos.com.br\/blog\/concurso-delegado-rj-policia-civil-anuncia-novo-membro-da-banca\/","title":{"rendered":"Concurso Delegado RJ: Pol\u00edcia Civil anuncia novo membro da banca"},"content":{"rendered":"\n<p style=\"font-size:25px\"><em>Desembargador Guilherme Calmon far\u00e1 parte da banca de Direito Civil<\/em><\/p>\n\n\n\n<p>A Pol\u00edcia Civil do Rio de Janeiro anunciou mais um membro da banca examinadora do concurso para Delegado de Pol\u00edcia, cujo edital deve ser lan\u00e7ado em 2019.<\/p>\n\n\n\n<p> O desembargador federal Guilherme Calmon (TRF2) far\u00e1 parte da banca de Direito Civil, respons\u00e1vel por elaborar as quest\u00f5es de prova da disciplina. O comunicado foi divulgado nas redes oficiais da PC RJ.<\/p>\n\n\n\n<p>No fim de abril, a Secretaria de Pol\u00edcia Civil do Rio de Janeiro j\u00e1 havia comunicado que o desembargador Paulo Rangel (TJ RJ) faria parte da banca de Direito Processual Penal. <\/p>\n\n\n\n<p>A organiza\u00e7\u00e3o do concurso precisa ainda oficializar os nomes dos membros da banca de mais <strong>seis disciplinas<\/strong>: Direito Administrativo, Direito Constitucional, Direito Penal  e Medicina Legal. <\/p>\n\n\n\n<p>O novo concurso para Delegado da Pol\u00edcia Civil do Rio de Janeiro foi autorizado ainda em 2018, com previs\u00e3o de oferta de 16 vagas. J\u00e1 em 2019, em entrevista para marcar os 100 dias de gest\u00e3o, o novo Governador do Estado, Wilson Witzel, estimou que o certame deve ofertar 180 vagas para a terceira classe da carreira de Delegado.<\/p>\n\n\n\n<div class=\"wp-block-image\"><figure class=\"aligncenter is-resized\"><img loading=\"lazy\" decoding=\"async\" src=\"https:\/\/dhg1h5j42swfq.cloudfront.net\/2019\/05\/08091907\/58423758_327233937965225_4361811671729443616_n1.jpg\" alt=\"\" class=\"wp-image-372336\" width=\"445\" height=\"445\" srcset=\"https:\/\/dhg1h5j42swfq.cloudfront.net\/2019\/05\/08091907\/58423758_327233937965225_4361811671729443616_n1.jpg 768w, https:\/\/dhg1h5j42swfq.cloudfront.net\/2019\/05\/08091907\/58423758_327233937965225_4361811671729443616_n1.jpg 150w, https:\/\/dhg1h5j42swfq.cloudfront.net\/2019\/05\/08091907\/58423758_327233937965225_4361811671729443616_n1.jpg 300w, https:\/\/dhg1h5j42swfq.cloudfront.net\/2019\/05\/08091907\/58423758_327233937965225_4361811671729443616_n1.jpg 610w\" sizes=\"auto, (max-width: 445px) 100vw, 445px\" \/><figcaption>Secret\u00e1rio de Pol\u00edcia do Rio de Janeiro, Marcus Vin\u00edcius Braga, convida o desembargador federal Guilherme Calmon para ser membro da banca de Direito Civil do concurso Delegado RJ. (Fonte: PC RJ\/Instagram)<\/figcaption><\/figure><\/div>\n\n\n\n<h2 class=\"wp-block-heading\">Conhecendo os membros da banca<\/h2>\n\n\n\n<p style=\"font-size:25px\"><strong><em>Guilherme Calmon<\/em><\/strong><\/p>\n\n\n\n<p>O desembargador Guilherme Calmon Nogueira da Gama, do Tribunal Regional Federal da 2\u00aa  Regi\u00e3o, \u00e9 mestre e doutor em Direito Civil pela Universidade do Estado do Rio de Janeiro (UERJ), onde tamb\u00e9m \u00e9 Professor Associado na gradua\u00e7\u00e3o e p\u00f3s-gradua\u00e7\u00e3o. \u00c9 professor permanente do Programa de P\u00f3s-gradua\u00e7\u00e3o em Direito da Universidade Est\u00e1cio de S\u00e1.<\/p>\n\n\n\n<p>Foi Juiz de Direito do Estado de S\u00e3o Paulo, Promotor de Justi\u00e7a do Estado de Minas Gerais e Defensor P\u00fablico do Estado do Rio de Janeiro, Juiz Federal da Se\u00e7\u00e3o Judici\u00e1ria do RJ, conselheiro do CNJ e Juiz Auxiliar do Supremo Tribunal Federal.<\/p>\n\n\n\n<p style=\"font-size:25px\"><em><strong>Paulo S\u00e9rgio Rangel do Nacimento<\/strong><\/em><\/p>\n\n\n\n<p>O desembargador Paulo S\u00e9rgio Rangel do Nascimento, do Tribunal de Justi\u00e7a do Rio de Janeiro, \u00e9 graduado em Direito pela Universidade C\u00e2ndido Mendes (UCAM), onde obteve tamb\u00e9m o grau de Mestre em Ci\u00eancias Penais. \u00c9 doutor em Direito pela Universidade Federal do Paran\u00e1 (UFPR). <\/p>\n\n\n\n<p>\u00c9 Professor Adjunto da Universidade do Estado do Rio de Janeiro (UERJ), onde leciona Direito Processual Penal e Pr\u00e1tica Forense, com vasta obra publicada. Foi Promotor de Justi\u00e7a do Estado do Rio de Janeiro antes de ingressar no TJ RJ j\u00e1 como desembargador.<\/p>\n\n\n\n<p style=\"font-size:25px;text-align:center\"><em>Mais informa\u00e7\u00f5es:<\/em><\/p>\n\n\n\n<p style=\"font-size:25px;text-align:center\" class=\"has-background has-very-light-gray-background-color\"><a href=\"https:\/\/www.estrategiaconcursos.com.br\/blog\/concurso-delegado-rj\/\" target=\"_blank\" rel=\"noreferrer noopener\" aria-label=\"CONCURSO DELEGADO RJ (opens in a new tab)\">CONCURSO DELEGADO RJ<\/a><\/p>\n\n\n\n<p><em>Ascom Estrat\u00e9gia<\/em><br \/>ascomestrategia@gmail.com<\/p>\n\n\n\n<p style=\"font-size:25px;text-align:center\" class=\"has-background has-luminous-vivid-amber-background-color\"><a href=\"https:\/\/www.estrategiaconcursos.com.br\/cursosPorConcurso\/policia-civil-rj-delegado\/\" target=\"_blank\" rel=\"noreferrer noopener\" aria-label=\"CURSO DELEGADO RJ (opens in a new tab)\">CURSO DELEGADO RJ<\/a><\/p>\n\n\n","protected":false},"excerpt":{"rendered":"<p>Desembargador Guilherme Calmon far\u00e1 parte da banca de Direito Civil A Pol\u00edcia Civil do Rio de Janeiro anunciou mais um membro da banca examinadora do concurso para Delegado de Pol\u00edcia, cujo edital deve ser lan\u00e7ado em 2019. O desembargador federal Guilherme Calmon (TRF2) far\u00e1 parte da banca de Direito Civil, respons\u00e1vel por elaborar as quest\u00f5es [&hellip;]<\/p>\n","protected":false},"author":552,"featured_media":372350,"comment_status":"open","ping_status":"closed","sticky":false,"template":"","format":"standard","meta":{"post_tipo":"article","footnotes":""},"categories":[1,2185],"tags":[],"tax_estado":[],"class_list":["post-372325","post","type-post","status-publish","format-standard","has-post-thumbnail","hentry","category-cursos-e-concursos","category-carreiras-juridicas"],"acf":[],"yoast_head":"<!-- This site is optimized with the Yoast SEO Premium plugin v27.2 (Yoast SEO v27.2) - https:\/\/yoast.com\/product\/yoast-seo-premium-wordpress\/ -->\n<title>Concurso Delegado RJ: Pol\u00edcia Civil anuncia novo membro da banca<\/title>\n<meta name=\"description\" content=\"Membro da banca de Direito Civil do Concurso Delegado RJ \u00e9 anunciado pela Secretaria de Pol\u00edcia Civil do Rio de Janeiro. Certame deve ofertar 180 vagas.\" \/>\n<meta name=\"robots\" content=\"index, follow, max-snippet:-1, max-image-preview:large, max-video-preview:-1\" \/>\n<link rel=\"canonical\" href=\"https:\/\/www.estrategiaconcursos.com.br\/blog\/concurso-delegado-rj-policia-civil-anuncia-novo-membro-da-banca\/\" \/>\n<meta property=\"og:locale\" content=\"pt_BR\" \/>\n<meta property=\"og:type\" content=\"article\" \/>\n<meta property=\"og:title\" content=\"Concurso Delegado RJ: Pol\u00edcia Civil anuncia novo membro da banca\" \/>\n<meta property=\"og:description\" content=\"Membro da banca de Direito Civil do Concurso Delegado RJ \u00e9 anunciado pela Secretaria de Pol\u00edcia Civil do Rio de Janeiro. Certame deve ofertar 180 vagas.\" \/>\n<meta property=\"og:url\" content=\"https:\/\/www.estrategiaconcursos.com.br\/blog\/concurso-delegado-rj-policia-civil-anuncia-novo-membro-da-banca\/\" \/>\n<meta property=\"og:site_name\" content=\"Estrat\u00e9gia Concursos\" \/>\n<meta property=\"article:published_time\" content=\"2019-05-08T12:47:00+00:00\" \/>\n<meta property=\"article:modified_time\" content=\"2019-05-08T12:54:28+00:00\" \/>\n<meta property=\"og:image\" content=\"https:\/\/dhg1h5j42swfq.cloudfront.net\/2019\/05\/08094112\/concurso-delegado-rj.jpg.jpg\" \/>\n\t<meta property=\"og:image:width\" content=\"796\" \/>\n\t<meta property=\"og:image:height\" content=\"418\" \/>\n\t<meta property=\"og:image:type\" content=\"image\/jpeg\" \/>\n<meta name=\"author\" content=\"Paulo Bilynskyj\" \/>\n<meta name=\"twitter:card\" content=\"summary_large_image\" \/>\n<meta name=\"twitter:creator\" content=\"@EstratConcursos\" \/>\n<meta name=\"twitter:site\" content=\"@EstratConcursos\" \/>\n<meta name=\"twitter:label1\" content=\"Escrito por\" \/>\n\t<meta name=\"twitter:data1\" content=\"Paulo Bilynskyj\" \/>\n\t<meta name=\"twitter:label2\" content=\"Est. tempo de leitura\" \/>\n\t<meta name=\"twitter:data2\" content=\"2 minutos\" \/>\n<script type=\"application\/ld+json\" class=\"yoast-schema-graph\">{\"@context\":\"https:\/\/schema.org\",\"@graph\":[{\"@type\":\"NewsArticle\",\"@id\":\"https:\/\/www.estrategiaconcursos.com.br\/blog\/concurso-delegado-rj-policia-civil-anuncia-novo-membro-da-banca\/#article\",\"isPartOf\":{\"@id\":\"https:\/\/www.estrategiaconcursos.com.br\/blog\/concurso-delegado-rj-policia-civil-anuncia-novo-membro-da-banca\/\"},\"author\":{\"name\":\"Paulo Bilynskyj\",\"@id\":\"https:\/\/www.estrategiaconcursos.com.br\/blog\/#\/schema\/person\/a630b15e36f45b4c21fed01219843cb5\"},\"headline\":\"Concurso Delegado RJ: Pol\u00edcia Civil anuncia novo membro da banca\",\"datePublished\":\"2019-05-08T12:47:00+00:00\",\"dateModified\":\"2019-05-08T12:54:28+00:00\",\"mainEntityOfPage\":{\"@id\":\"https:\/\/www.estrategiaconcursos.com.br\/blog\/concurso-delegado-rj-policia-civil-anuncia-novo-membro-da-banca\/\"},\"wordCount\":459,\"commentCount\":0,\"publisher\":{\"@id\":\"https:\/\/www.estrategiaconcursos.com.br\/blog\/#organization\"},\"image\":{\"@id\":\"https:\/\/www.estrategiaconcursos.com.br\/blog\/concurso-delegado-rj-policia-civil-anuncia-novo-membro-da-banca\/#primaryimage\"},\"thumbnailUrl\":\"https:\/\/dhg1h5j42swfq.cloudfront.net\/2019\/05\/08094112\/concurso-delegado-rj.jpg.jpg\",\"articleSection\":[\"Concursos P\u00fablicos\",\"Jur\u00eddico\"],\"inLanguage\":\"pt-BR\",\"potentialAction\":[{\"@type\":\"CommentAction\",\"name\":\"Comment\",\"target\":[\"https:\/\/www.estrategiaconcursos.com.br\/blog\/concurso-delegado-rj-policia-civil-anuncia-novo-membro-da-banca\/#respond\"]}],\"copyrightYear\":\"2019\",\"copyrightHolder\":{\"@id\":\"https:\/\/www.estrategiaconcursos.com.br\/blog\/#organization\"}},{\"@type\":\"WebPage\",\"@id\":\"https:\/\/www.estrategiaconcursos.com.br\/blog\/concurso-delegado-rj-policia-civil-anuncia-novo-membro-da-banca\/\",\"url\":\"https:\/\/www.estrategiaconcursos.com.br\/blog\/concurso-delegado-rj-policia-civil-anuncia-novo-membro-da-banca\/\",\"name\":\"Concurso Delegado RJ: Pol\u00edcia Civil anuncia novo membro da banca\",\"isPartOf\":{\"@id\":\"https:\/\/www.estrategiaconcursos.com.br\/blog\/#website\"},\"primaryImageOfPage\":{\"@id\":\"https:\/\/www.estrategiaconcursos.com.br\/blog\/concurso-delegado-rj-policia-civil-anuncia-novo-membro-da-banca\/#primaryimage\"},\"image\":{\"@id\":\"https:\/\/www.estrategiaconcursos.com.br\/blog\/concurso-delegado-rj-policia-civil-anuncia-novo-membro-da-banca\/#primaryimage\"},\"thumbnailUrl\":\"https:\/\/dhg1h5j42swfq.cloudfront.net\/2019\/05\/08094112\/concurso-delegado-rj.jpg.jpg\",\"datePublished\":\"2019-05-08T12:47:00+00:00\",\"dateModified\":\"2019-05-08T12:54:28+00:00\",\"description\":\"Membro da banca de Direito Civil do Concurso Delegado RJ \u00e9 anunciado pela Secretaria de Pol\u00edcia Civil do Rio de Janeiro. Certame deve ofertar 180 vagas.\",\"breadcrumb\":{\"@id\":\"https:\/\/www.estrategiaconcursos.com.br\/blog\/concurso-delegado-rj-policia-civil-anuncia-novo-membro-da-banca\/#breadcrumb\"},\"inLanguage\":\"pt-BR\",\"potentialAction\":[{\"@type\":\"ReadAction\",\"target\":[\"https:\/\/www.estrategiaconcursos.com.br\/blog\/concurso-delegado-rj-policia-civil-anuncia-novo-membro-da-banca\/\"]}]},{\"@type\":\"ImageObject\",\"inLanguage\":\"pt-BR\",\"@id\":\"https:\/\/www.estrategiaconcursos.com.br\/blog\/concurso-delegado-rj-policia-civil-anuncia-novo-membro-da-banca\/#primaryimage\",\"url\":\"https:\/\/dhg1h5j42swfq.cloudfront.net\/2019\/05\/08094112\/concurso-delegado-rj.jpg.jpg\",\"contentUrl\":\"https:\/\/dhg1h5j42swfq.cloudfront.net\/2019\/05\/08094112\/concurso-delegado-rj.jpg.jpg\",\"width\":796,\"height\":418,\"caption\":\"concurso delegado rj\"},{\"@type\":\"BreadcrumbList\",\"@id\":\"https:\/\/www.estrategiaconcursos.com.br\/blog\/concurso-delegado-rj-policia-civil-anuncia-novo-membro-da-banca\/#breadcrumb\",\"itemListElement\":[{\"@type\":\"ListItem\",\"position\":1,\"name\":\"In\u00edcio\",\"item\":\"https:\/\/www.estrategiaconcursos.com.br\/blog\/\"},{\"@type\":\"ListItem\",\"position\":2,\"name\":\"Concurso Delegado RJ: Pol\u00edcia Civil anuncia novo membro da banca\"}]},{\"@type\":\"WebSite\",\"@id\":\"https:\/\/www.estrategiaconcursos.com.br\/blog\/#website\",\"url\":\"https:\/\/www.estrategiaconcursos.com.br\/blog\/\",\"name\":\"Estrat\u00e9gia Concursos\",\"description\":\"O blog da Estrat\u00e9gia Concursos traz not\u00edcias sobre concursos e artigos de professores oferecendo cursos para concursos (pdf + videaulas) no site.\",\"publisher\":{\"@id\":\"https:\/\/www.estrategiaconcursos.com.br\/blog\/#organization\"},\"potentialAction\":[{\"@type\":\"SearchAction\",\"target\":{\"@type\":\"EntryPoint\",\"urlTemplate\":\"https:\/\/www.estrategiaconcursos.com.br\/blog\/?s={search_term_string}\"},\"query-input\":{\"@type\":\"PropertyValueSpecification\",\"valueRequired\":true,\"valueName\":\"search_term_string\"}}],\"inLanguage\":\"pt-BR\"},{\"@type\":\"Organization\",\"@id\":\"https:\/\/www.estrategiaconcursos.com.br\/blog\/#organization\",\"name\":\"Estrat\u00e9gia Concursos\",\"url\":\"https:\/\/www.estrategiaconcursos.com.br\/blog\/\",\"logo\":{\"@type\":\"ImageObject\",\"inLanguage\":\"pt-BR\",\"@id\":\"https:\/\/www.estrategiaconcursos.com.br\/blog\/#\/schema\/logo\/image\/\",\"url\":\"https:\/\/dhg1h5j42swfq.cloudfront.net\/2025\/06\/03203428\/logo_concursos-1.jpg\",\"contentUrl\":\"https:\/\/dhg1h5j42swfq.cloudfront.net\/2025\/06\/03203428\/logo_concursos-1.jpg\",\"width\":230,\"height\":60,\"caption\":\"Estrat\u00e9gia Concursos\"},\"image\":{\"@id\":\"https:\/\/www.estrategiaconcursos.com.br\/blog\/#\/schema\/logo\/image\/\"},\"sameAs\":[\"https:\/\/x.com\/EstratConcursos\"]},{\"@type\":\"Person\",\"@id\":\"https:\/\/www.estrategiaconcursos.com.br\/blog\/#\/schema\/person\/a630b15e36f45b4c21fed01219843cb5\",\"name\":\"Paulo Bilynskyj\",\"image\":{\"@type\":\"ImageObject\",\"inLanguage\":\"pt-BR\",\"@id\":\"https:\/\/secure.gravatar.com\/avatar\/37e21f70c9042e7456beffdc6d31fe051f3f6dcbf252f69343a791b144852057?s=96&d=mm&r=g\",\"url\":\"https:\/\/secure.gravatar.com\/avatar\/37e21f70c9042e7456beffdc6d31fe051f3f6dcbf252f69343a791b144852057?s=96&d=mm&r=g\",\"contentUrl\":\"https:\/\/secure.gravatar.com\/avatar\/37e21f70c9042e7456beffdc6d31fe051f3f6dcbf252f69343a791b144852057?s=96&d=mm&r=g\",\"caption\":\"Paulo Bilynskyj\"},\"url\":\"https:\/\/www.estrategiaconcursos.com.br\/blog\/author\/pbilynskyjgmail-com\/\"}]}<\/script>\n<!-- \/ Yoast SEO Premium plugin. -->","yoast_head_json":{"title":"Concurso Delegado RJ: Pol\u00edcia Civil anuncia novo membro da banca","description":"Membro da banca de Direito Civil do Concurso Delegado RJ \u00e9 anunciado pela Secretaria de Pol\u00edcia Civil do Rio de Janeiro. Certame deve ofertar 180 vagas.","robots":{"index":"index","follow":"follow","max-snippet":"max-snippet:-1","max-image-preview":"max-image-preview:large","max-video-preview":"max-video-preview:-1"},"canonical":"https:\/\/www.estrategiaconcursos.com.br\/blog\/concurso-delegado-rj-policia-civil-anuncia-novo-membro-da-banca\/","og_locale":"pt_BR","og_type":"article","og_title":"Concurso Delegado RJ: Pol\u00edcia Civil anuncia novo membro da banca","og_description":"Membro da banca de Direito Civil do Concurso Delegado RJ \u00e9 anunciado pela Secretaria de Pol\u00edcia Civil do Rio de Janeiro. Certame deve ofertar 180 vagas.","og_url":"https:\/\/www.estrategiaconcursos.com.br\/blog\/concurso-delegado-rj-policia-civil-anuncia-novo-membro-da-banca\/","og_site_name":"Estrat\u00e9gia Concursos","article_published_time":"2019-05-08T12:47:00+00:00","article_modified_time":"2019-05-08T12:54:28+00:00","og_image":[{"width":796,"height":418,"url":"https:\/\/dhg1h5j42swfq.cloudfront.net\/2019\/05\/08094112\/concurso-delegado-rj.jpg.jpg","type":"image\/jpeg"}],"author":"Paulo Bilynskyj","twitter_card":"summary_large_image","twitter_creator":"@EstratConcursos","twitter_site":"@EstratConcursos","twitter_misc":{"Escrito por":"Paulo Bilynskyj","Est. tempo de leitura":"2 minutos"},"schema":{"@context":"https:\/\/schema.org","@graph":[{"@type":"NewsArticle","@id":"https:\/\/www.estrategiaconcursos.com.br\/blog\/concurso-delegado-rj-policia-civil-anuncia-novo-membro-da-banca\/#article","isPartOf":{"@id":"https:\/\/www.estrategiaconcursos.com.br\/blog\/concurso-delegado-rj-policia-civil-anuncia-novo-membro-da-banca\/"},"author":{"name":"Paulo Bilynskyj","@id":"https:\/\/www.estrategiaconcursos.com.br\/blog\/#\/schema\/person\/a630b15e36f45b4c21fed01219843cb5"},"headline":"Concurso Delegado RJ: Pol\u00edcia Civil anuncia novo membro da banca","datePublished":"2019-05-08T12:47:00+00:00","dateModified":"2019-05-08T12:54:28+00:00","mainEntityOfPage":{"@id":"https:\/\/www.estrategiaconcursos.com.br\/blog\/concurso-delegado-rj-policia-civil-anuncia-novo-membro-da-banca\/"},"wordCount":459,"commentCount":0,"publisher":{"@id":"https:\/\/www.estrategiaconcursos.com.br\/blog\/#organization"},"image":{"@id":"https:\/\/www.estrategiaconcursos.com.br\/blog\/concurso-delegado-rj-policia-civil-anuncia-novo-membro-da-banca\/#primaryimage"},"thumbnailUrl":"https:\/\/dhg1h5j42swfq.cloudfront.net\/2019\/05\/08094112\/concurso-delegado-rj.jpg.jpg","articleSection":["Concursos P\u00fablicos","Jur\u00eddico"],"inLanguage":"pt-BR","potentialAction":[{"@type":"CommentAction","name":"Comment","target":["https:\/\/www.estrategiaconcursos.com.br\/blog\/concurso-delegado-rj-policia-civil-anuncia-novo-membro-da-banca\/#respond"]}],"copyrightYear":"2019","copyrightHolder":{"@id":"https:\/\/www.estrategiaconcursos.com.br\/blog\/#organization"}},{"@type":"WebPage","@id":"https:\/\/www.estrategiaconcursos.com.br\/blog\/concurso-delegado-rj-policia-civil-anuncia-novo-membro-da-banca\/","url":"https:\/\/www.estrategiaconcursos.com.br\/blog\/concurso-delegado-rj-policia-civil-anuncia-novo-membro-da-banca\/","name":"Concurso Delegado RJ: Pol\u00edcia Civil anuncia novo membro da banca","isPartOf":{"@id":"https:\/\/www.estrategiaconcursos.com.br\/blog\/#website"},"primaryImageOfPage":{"@id":"https:\/\/www.estrategiaconcursos.com.br\/blog\/concurso-delegado-rj-policia-civil-anuncia-novo-membro-da-banca\/#primaryimage"},"image":{"@id":"https:\/\/www.estrategiaconcursos.com.br\/blog\/concurso-delegado-rj-policia-civil-anuncia-novo-membro-da-banca\/#primaryimage"},"thumbnailUrl":"https:\/\/dhg1h5j42swfq.cloudfront.net\/2019\/05\/08094112\/concurso-delegado-rj.jpg.jpg","datePublished":"2019-05-08T12:47:00+00:00","dateModified":"2019-05-08T12:54:28+00:00","description":"Membro da banca de Direito Civil do Concurso Delegado RJ \u00e9 anunciado pela Secretaria de Pol\u00edcia Civil do Rio de Janeiro. Certame deve ofertar 180 vagas.","breadcrumb":{"@id":"https:\/\/www.estrategiaconcursos.com.br\/blog\/concurso-delegado-rj-policia-civil-anuncia-novo-membro-da-banca\/#breadcrumb"},"inLanguage":"pt-BR","potentialAction":[{"@type":"ReadAction","target":["https:\/\/www.estrategiaconcursos.com.br\/blog\/concurso-delegado-rj-policia-civil-anuncia-novo-membro-da-banca\/"]}]},{"@type":"ImageObject","inLanguage":"pt-BR","@id":"https:\/\/www.estrategiaconcursos.com.br\/blog\/concurso-delegado-rj-policia-civil-anuncia-novo-membro-da-banca\/#primaryimage","url":"https:\/\/dhg1h5j42swfq.cloudfront.net\/2019\/05\/08094112\/concurso-delegado-rj.jpg.jpg","contentUrl":"https:\/\/dhg1h5j42swfq.cloudfront.net\/2019\/05\/08094112\/concurso-delegado-rj.jpg.jpg","width":796,"height":418,"caption":"concurso delegado rj"},{"@type":"BreadcrumbList","@id":"https:\/\/www.estrategiaconcursos.com.br\/blog\/concurso-delegado-rj-policia-civil-anuncia-novo-membro-da-banca\/#breadcrumb","itemListElement":[{"@type":"ListItem","position":1,"name":"In\u00edcio","item":"https:\/\/www.estrategiaconcursos.com.br\/blog\/"},{"@type":"ListItem","position":2,"name":"Concurso Delegado RJ: Pol\u00edcia Civil anuncia novo membro da banca"}]},{"@type":"WebSite","@id":"https:\/\/www.estrategiaconcursos.com.br\/blog\/#website","url":"https:\/\/www.estrategiaconcursos.com.br\/blog\/","name":"Estrat\u00e9gia Concursos","description":"O blog da Estrat\u00e9gia Concursos traz not\u00edcias sobre concursos e artigos de professores oferecendo cursos para concursos (pdf + videaulas) no site.","publisher":{"@id":"https:\/\/www.estrategiaconcursos.com.br\/blog\/#organization"},"potentialAction":[{"@type":"SearchAction","target":{"@type":"EntryPoint","urlTemplate":"https:\/\/www.estrategiaconcursos.com.br\/blog\/?s={search_term_string}"},"query-input":{"@type":"PropertyValueSpecification","valueRequired":true,"valueName":"search_term_string"}}],"inLanguage":"pt-BR"},{"@type":"Organization","@id":"https:\/\/www.estrategiaconcursos.com.br\/blog\/#organization","name":"Estrat\u00e9gia Concursos","url":"https:\/\/www.estrategiaconcursos.com.br\/blog\/","logo":{"@type":"ImageObject","inLanguage":"pt-BR","@id":"https:\/\/www.estrategiaconcursos.com.br\/blog\/#\/schema\/logo\/image\/","url":"https:\/\/dhg1h5j42swfq.cloudfront.net\/2025\/06\/03203428\/logo_concursos-1.jpg","contentUrl":"https:\/\/dhg1h5j42swfq.cloudfront.net\/2025\/06\/03203428\/logo_concursos-1.jpg","width":230,"height":60,"caption":"Estrat\u00e9gia Concursos"},"image":{"@id":"https:\/\/www.estrategiaconcursos.com.br\/blog\/#\/schema\/logo\/image\/"},"sameAs":["https:\/\/x.com\/EstratConcursos"]},{"@type":"Person","@id":"https:\/\/www.estrategiaconcursos.com.br\/blog\/#\/schema\/person\/a630b15e36f45b4c21fed01219843cb5","name":"Paulo Bilynskyj","image":{"@type":"ImageObject","inLanguage":"pt-BR","@id":"https:\/\/secure.gravatar.com\/avatar\/37e21f70c9042e7456beffdc6d31fe051f3f6dcbf252f69343a791b144852057?s=96&d=mm&r=g","url":"https:\/\/secure.gravatar.com\/avatar\/37e21f70c9042e7456beffdc6d31fe051f3f6dcbf252f69343a791b144852057?s=96&d=mm&r=g","contentUrl":"https:\/\/secure.gravatar.com\/avatar\/37e21f70c9042e7456beffdc6d31fe051f3f6dcbf252f69343a791b144852057?s=96&d=mm&r=g","caption":"Paulo Bilynskyj"},"url":"https:\/\/www.estrategiaconcursos.com.br\/blog\/author\/pbilynskyjgmail-com\/"}]}},"_links":{"self":[{"href":"https:\/\/www.estrategiaconcursos.com.br\/blog\/wp-json\/wp\/v2\/posts\/372325","targetHints":{"allow":["GET"]}}],"collection":[{"href":"https:\/\/www.estrategiaconcursos.com.br\/blog\/wp-json\/wp\/v2\/posts"}],"about":[{"href":"https:\/\/www.estrategiaconcursos.com.br\/blog\/wp-json\/wp\/v2\/types\/post"}],"author":[{"embeddable":true,"href":"https:\/\/www.estrategiaconcursos.com.br\/blog\/wp-json\/wp\/v2\/users\/552"}],"replies":[{"embeddable":true,"href":"https:\/\/www.estrategiaconcursos.com.br\/blog\/wp-json\/wp\/v2\/comments?post=372325"}],"version-history":[{"count":6,"href":"https:\/\/www.estrategiaconcursos.com.br\/blog\/wp-json\/wp\/v2\/posts\/372325\/revisions"}],"predecessor-version":[{"id":376350,"href":"https:\/\/www.estrategiaconcursos.com.br\/blog\/wp-json\/wp\/v2\/posts\/372325\/revisions\/376350"}],"wp:featuredmedia":[{"embeddable":true,"href":"https:\/\/www.estrategiaconcursos.com.br\/blog\/wp-json\/wp\/v2\/media\/372350"}],"wp:attachment":[{"href":"https:\/\/www.estrategiaconcursos.com.br\/blog\/wp-json\/wp\/v2\/media?parent=372325"}],"wp:term":[{"taxonomy":"category","embeddable":true,"href":"https:\/\/www.estrategiaconcursos.com.br\/blog\/wp-json\/wp\/v2\/categories?post=372325"},{"taxonomy":"post_tag","embeddable":true,"href":"https:\/\/www.estrategiaconcursos.com.br\/blog\/wp-json\/wp\/v2\/tags?post=372325"},{"taxonomy":"tax_estado","embeddable":true,"href":"https:\/\/www.estrategiaconcursos.com.br\/blog\/wp-json\/wp\/v2\/tax_estado?post=372325"}],"curies":[{"name":"wp","href":"https:\/\/api.w.org\/{rel}","templated":true}]}}