{"id":372266,"date":"2019-05-08T07:05:14","date_gmt":"2019-05-08T10:05:14","guid":{"rendered":"https:\/\/www.estrategiaconcursos.com.br\/blog\/?p=372266"},"modified":"2020-06-01T20:50:04","modified_gmt":"2020-06-01T23:50:04","slug":"concurso-prf-divulgado-resultado-definitivo-do-exame-de-capacidade-fisica","status":"publish","type":"post","link":"https:\/\/www.estrategiaconcursos.com.br\/blog\/concurso-prf-divulgado-resultado-definitivo-do-exame-de-capacidade-fisica\/","title":{"rendered":"Resultado definitivo do Exame de Capacidade F\u00edsica PRF"},"content":{"rendered":"\n<p style=\"font-size:25px\"><em>Pr\u00f3xima etapa do concurso PRF \u00e9 Avalia\u00e7\u00e3o de Sa\u00fade<\/em><\/p>\n\n\n\n<p>A Pol\u00edcia Rodovi\u00e1ria Federal divulgou nesta quarta-feira, 8 de maio, o resultado definitivo do Exame de Capacidade F\u00edsica do concurso p\u00fablico 2018\/2019. A lista completa dos candidatos considerados aptos foi publicado no Di\u00e1rio Oficial da Uni\u00e3o.<\/p>\n\n\n\n<p>Os candidatos aprovados devem agora realizar os procedimentos preparat\u00f3rios para a Avalia\u00e7\u00e3o de Sa\u00fade. A entrega dos exames m\u00e9dicos come\u00e7a na quinta-feira, 9 de maio, e se estende at\u00e9 o dia 19 de maio, quando come\u00e7a a avalia\u00e7\u00e3o cl\u00ednica e f\u00edsica dos candidatos.<\/p>\n\n\n\n<p>O concurso da Pol\u00edcia Rodovi\u00e1ria Federal foi lan\u00e7ado em 2018 e encontra-se agora em suas fases finais. S\u00e3o ofertadas inicialmente 500 vagas, n\u00famero muito inferior \u00e0s necessidades da corpora\u00e7\u00e3o. No in\u00edcio do m\u00eas, o Ministro da Justi\u00e7a e Seguran\u00e7a P\u00fablica, S\u00e9rgio Moro, anunciou que negocia a amplia\u00e7\u00e3o das nomea\u00e7\u00f5es na PRF.<\/p>\n\n\n\n<h2 class=\"wp-block-heading\">Baixe o resultado<\/h2>\n\n\n\n<div class=\"wp-block-file\"><a href=\"https:\/\/dhg1h5j42swfq.cloudfront.net\/2019\/05\/08071138\/PRF-Resultado-definitivo-TAF.pdf\">PRF &#8211; Resultado definitivo TAF<\/a><a href=\"https:\/\/dhg1h5j42swfq.cloudfront.net\/2019\/05\/08071138\/PRF-Resultado-definitivo-TAF.pdf\" class=\"wp-block-file__button\" download>Baixar<\/a><\/div>\n\n\n\n<p style=\"font-size:25px\" class=\"has-text-align-center\"><em>Mais informa\u00e7\u00f5es<\/em><\/p>\n\n\n\n<p style=\"font-size:25px\" class=\"has-background has-text-align-center has-very-light-gray-background-color\"><a href=\"https:\/\/www.estrategiaconcursos.com.br\/blog\/concurso-prf-3\/\" target=\"_blank\" rel=\"noreferrer noopener\" aria-label=\"CONCURSO PRF (opens in a new tab)\">CONCURSO PRF<\/a><\/p>\n\n\n\n<p><em>Ascom Estrat\u00e9gia<\/em><br \/>ascomestrategia@gmail.com<\/p>\n\n\n\n<p style=\"font-size:25px\" class=\"has-background has-text-align-center has-luminous-vivid-amber-background-color\"><a href=\"https:\/\/www.estrategiaconcursos.com.br\/cursosPorConcurso\/prf-policial-rodoviario-federal\/\" target=\"_blank\" rel=\"noreferrer noopener\" aria-label=\"CURSO PRF (opens in a new tab)\">CURSO PRF<\/a><\/p>\n\n\n\n<p style=\"font-size:25px\" class=\"has-text-align-center\"><em><strong>Assinatura Anual Ilimitada*<\/strong><\/em><\/p>\n\n\n\n<p><em>Prepare-se com o melhor material e com quem mais aprova em Concursos P\u00fablicos em todo o pa\u00eds. Assine agora a nossa Assinatura Anual e tenha acesso ilimitado a todos os nossos cursos.<\/em><\/p>\n\n\n\n<p style=\"font-size:25px\" class=\"has-background has-text-align-center has-light-green-cyan-background-color\"><strong>ASSINE AGORA<\/strong>&nbsp;\u2013&nbsp;<a href=\"https:\/\/www.estrategiaconcursos.com.br\/assinaturas\/\" target=\"_blank\" rel=\"noreferrer noopener\">Assinatura Ilimitada<\/a><\/p>\n","protected":false},"excerpt":{"rendered":"<p>Pr\u00f3xima etapa do concurso PRF \u00e9 Avalia\u00e7\u00e3o de Sa\u00fade A Pol\u00edcia Rodovi\u00e1ria Federal divulgou nesta quarta-feira, 8 de maio, o resultado definitivo do Exame de Capacidade F\u00edsica do concurso p\u00fablico 2018\/2019. A lista completa dos candidatos considerados aptos foi publicado no Di\u00e1rio Oficial da Uni\u00e3o. Os candidatos aprovados devem agora realizar os procedimentos preparat\u00f3rios para [&hellip;]<\/p>\n","protected":false},"author":552,"featured_media":164458,"comment_status":"open","ping_status":"closed","sticky":false,"template":"","format":"standard","meta":{"post_tipo":"article","footnotes":""},"categories":[1988],"tags":[],"tax_estado":[],"class_list":["post-372266","post","type-post","status-publish","format-standard","has-post-thumbnail","hentry","category-policia"],"acf":[],"yoast_head":"<!-- This site is optimized with the Yoast SEO Premium plugin v27.2 (Yoast SEO v27.2) - https:\/\/yoast.com\/product\/yoast-seo-premium-wordpress\/ -->\n<title>Resultado definitivo do Exame de Capacidade F\u00edsica PRF<\/title>\n<meta name=\"description\" content=\"Concurso PRF: divulgado resultado definitivo do Exame de Capacidade F\u00edsica e convoca\u00e7\u00e3o para a Avalia\u00e7\u00e3o M\u00e9dica no concurso com 500 vagas. Confira!\" \/>\n<meta name=\"robots\" content=\"index, follow, max-snippet:-1, max-image-preview:large, max-video-preview:-1\" \/>\n<link rel=\"canonical\" href=\"https:\/\/www.estrategiaconcursos.com.br\/blog\/concurso-prf-divulgado-resultado-definitivo-do-exame-de-capacidade-fisica\/\" \/>\n<meta property=\"og:locale\" content=\"pt_BR\" \/>\n<meta property=\"og:type\" content=\"article\" \/>\n<meta property=\"og:title\" content=\"Resultado definitivo do Exame de Capacidade F\u00edsica PRF\" \/>\n<meta property=\"og:description\" content=\"Concurso PRF: divulgado resultado definitivo do Exame de Capacidade F\u00edsica e convoca\u00e7\u00e3o para a Avalia\u00e7\u00e3o M\u00e9dica no concurso com 500 vagas. Confira!\" \/>\n<meta property=\"og:url\" content=\"https:\/\/www.estrategiaconcursos.com.br\/blog\/concurso-prf-divulgado-resultado-definitivo-do-exame-de-capacidade-fisica\/\" \/>\n<meta property=\"og:site_name\" content=\"Estrat\u00e9gia Concursos\" \/>\n<meta property=\"article:published_time\" content=\"2019-05-08T10:05:14+00:00\" \/>\n<meta property=\"article:modified_time\" content=\"2020-06-01T23:50:04+00:00\" \/>\n<meta property=\"og:image\" content=\"https:\/\/dhg1h5j42swfq.cloudfront.net\/2019\/02\/05092251\/recursos-provas-objetivas-prf-e1556895345550.jpg\" \/>\n\t<meta property=\"og:image:width\" content=\"400\" \/>\n\t<meta property=\"og:image:height\" content=\"212\" \/>\n\t<meta property=\"og:image:type\" content=\"image\/jpeg\" \/>\n<meta name=\"author\" content=\"Paulo Bilynskyj\" \/>\n<meta name=\"twitter:card\" content=\"summary_large_image\" \/>\n<meta name=\"twitter:creator\" content=\"@EstratConcursos\" \/>\n<meta name=\"twitter:site\" content=\"@EstratConcursos\" \/>\n<meta name=\"twitter:label1\" content=\"Escrito por\" \/>\n\t<meta name=\"twitter:data1\" content=\"Paulo Bilynskyj\" \/>\n\t<meta name=\"twitter:label2\" content=\"Est. tempo de leitura\" \/>\n\t<meta name=\"twitter:data2\" content=\"1 minuto\" \/>\n<script type=\"application\/ld+json\" class=\"yoast-schema-graph\">{\"@context\":\"https:\/\/schema.org\",\"@graph\":[{\"@type\":\"NewsArticle\",\"@id\":\"https:\/\/www.estrategiaconcursos.com.br\/blog\/concurso-prf-divulgado-resultado-definitivo-do-exame-de-capacidade-fisica\/#article\",\"isPartOf\":{\"@id\":\"https:\/\/www.estrategiaconcursos.com.br\/blog\/concurso-prf-divulgado-resultado-definitivo-do-exame-de-capacidade-fisica\/\"},\"author\":{\"name\":\"Paulo Bilynskyj\",\"@id\":\"https:\/\/www.estrategiaconcursos.com.br\/blog\/#\/schema\/person\/a630b15e36f45b4c21fed01219843cb5\"},\"headline\":\"Resultado definitivo do Exame de Capacidade F\u00edsica PRF\",\"datePublished\":\"2019-05-08T10:05:14+00:00\",\"dateModified\":\"2020-06-01T23:50:04+00:00\",\"mainEntityOfPage\":{\"@id\":\"https:\/\/www.estrategiaconcursos.com.br\/blog\/concurso-prf-divulgado-resultado-definitivo-do-exame-de-capacidade-fisica\/\"},\"wordCount\":238,\"commentCount\":1,\"publisher\":{\"@id\":\"https:\/\/www.estrategiaconcursos.com.br\/blog\/#organization\"},\"image\":{\"@id\":\"https:\/\/www.estrategiaconcursos.com.br\/blog\/concurso-prf-divulgado-resultado-definitivo-do-exame-de-capacidade-fisica\/#primaryimage\"},\"thumbnailUrl\":\"https:\/\/dhg1h5j42swfq.cloudfront.net\/2019\/02\/05092251\/recursos-provas-objetivas-prf-e1556895345550.jpg\",\"articleSection\":[\"Policial (Agente, Escriv\u00e3o e Investigador)\"],\"inLanguage\":\"pt-BR\",\"potentialAction\":[{\"@type\":\"CommentAction\",\"name\":\"Comment\",\"target\":[\"https:\/\/www.estrategiaconcursos.com.br\/blog\/concurso-prf-divulgado-resultado-definitivo-do-exame-de-capacidade-fisica\/#respond\"]}],\"copyrightYear\":\"2019\",\"copyrightHolder\":{\"@id\":\"https:\/\/www.estrategiaconcursos.com.br\/blog\/#organization\"}},{\"@type\":\"WebPage\",\"@id\":\"https:\/\/www.estrategiaconcursos.com.br\/blog\/concurso-prf-divulgado-resultado-definitivo-do-exame-de-capacidade-fisica\/\",\"url\":\"https:\/\/www.estrategiaconcursos.com.br\/blog\/concurso-prf-divulgado-resultado-definitivo-do-exame-de-capacidade-fisica\/\",\"name\":\"Resultado definitivo do Exame de Capacidade F\u00edsica PRF\",\"isPartOf\":{\"@id\":\"https:\/\/www.estrategiaconcursos.com.br\/blog\/#website\"},\"primaryImageOfPage\":{\"@id\":\"https:\/\/www.estrategiaconcursos.com.br\/blog\/concurso-prf-divulgado-resultado-definitivo-do-exame-de-capacidade-fisica\/#primaryimage\"},\"image\":{\"@id\":\"https:\/\/www.estrategiaconcursos.com.br\/blog\/concurso-prf-divulgado-resultado-definitivo-do-exame-de-capacidade-fisica\/#primaryimage\"},\"thumbnailUrl\":\"https:\/\/dhg1h5j42swfq.cloudfront.net\/2019\/02\/05092251\/recursos-provas-objetivas-prf-e1556895345550.jpg\",\"datePublished\":\"2019-05-08T10:05:14+00:00\",\"dateModified\":\"2020-06-01T23:50:04+00:00\",\"description\":\"Concurso PRF: divulgado resultado definitivo do Exame de Capacidade F\u00edsica e convoca\u00e7\u00e3o para a Avalia\u00e7\u00e3o M\u00e9dica no concurso com 500 vagas. Confira!\",\"breadcrumb\":{\"@id\":\"https:\/\/www.estrategiaconcursos.com.br\/blog\/concurso-prf-divulgado-resultado-definitivo-do-exame-de-capacidade-fisica\/#breadcrumb\"},\"inLanguage\":\"pt-BR\",\"potentialAction\":[{\"@type\":\"ReadAction\",\"target\":[\"https:\/\/www.estrategiaconcursos.com.br\/blog\/concurso-prf-divulgado-resultado-definitivo-do-exame-de-capacidade-fisica\/\"]}]},{\"@type\":\"ImageObject\",\"inLanguage\":\"pt-BR\",\"@id\":\"https:\/\/www.estrategiaconcursos.com.br\/blog\/concurso-prf-divulgado-resultado-definitivo-do-exame-de-capacidade-fisica\/#primaryimage\",\"url\":\"https:\/\/dhg1h5j42swfq.cloudfront.net\/2019\/02\/05092251\/recursos-provas-objetivas-prf-e1556895345550.jpg\",\"contentUrl\":\"https:\/\/dhg1h5j42swfq.cloudfront.net\/2019\/02\/05092251\/recursos-provas-objetivas-prf-e1556895345550.jpg\",\"width\":400,\"height\":212,\"caption\":\"para ser um prf\"},{\"@type\":\"BreadcrumbList\",\"@id\":\"https:\/\/www.estrategiaconcursos.com.br\/blog\/concurso-prf-divulgado-resultado-definitivo-do-exame-de-capacidade-fisica\/#breadcrumb\",\"itemListElement\":[{\"@type\":\"ListItem\",\"position\":1,\"name\":\"In\u00edcio\",\"item\":\"https:\/\/www.estrategiaconcursos.com.br\/blog\/\"},{\"@type\":\"ListItem\",\"position\":2,\"name\":\"Resultado definitivo do Exame de Capacidade F\u00edsica PRF\"}]},{\"@type\":\"WebSite\",\"@id\":\"https:\/\/www.estrategiaconcursos.com.br\/blog\/#website\",\"url\":\"https:\/\/www.estrategiaconcursos.com.br\/blog\/\",\"name\":\"Estrat\u00e9gia Concursos\",\"description\":\"O blog da Estrat\u00e9gia Concursos traz not\u00edcias sobre concursos e artigos de professores oferecendo cursos para concursos (pdf + videaulas) no site.\",\"publisher\":{\"@id\":\"https:\/\/www.estrategiaconcursos.com.br\/blog\/#organization\"},\"potentialAction\":[{\"@type\":\"SearchAction\",\"target\":{\"@type\":\"EntryPoint\",\"urlTemplate\":\"https:\/\/www.estrategiaconcursos.com.br\/blog\/?s={search_term_string}\"},\"query-input\":{\"@type\":\"PropertyValueSpecification\",\"valueRequired\":true,\"valueName\":\"search_term_string\"}}],\"inLanguage\":\"pt-BR\"},{\"@type\":\"Organization\",\"@id\":\"https:\/\/www.estrategiaconcursos.com.br\/blog\/#organization\",\"name\":\"Estrat\u00e9gia Concursos\",\"url\":\"https:\/\/www.estrategiaconcursos.com.br\/blog\/\",\"logo\":{\"@type\":\"ImageObject\",\"inLanguage\":\"pt-BR\",\"@id\":\"https:\/\/www.estrategiaconcursos.com.br\/blog\/#\/schema\/logo\/image\/\",\"url\":\"https:\/\/dhg1h5j42swfq.cloudfront.net\/2025\/06\/03203428\/logo_concursos-1.jpg\",\"contentUrl\":\"https:\/\/dhg1h5j42swfq.cloudfront.net\/2025\/06\/03203428\/logo_concursos-1.jpg\",\"width\":230,\"height\":60,\"caption\":\"Estrat\u00e9gia Concursos\"},\"image\":{\"@id\":\"https:\/\/www.estrategiaconcursos.com.br\/blog\/#\/schema\/logo\/image\/\"},\"sameAs\":[\"https:\/\/x.com\/EstratConcursos\"]},{\"@type\":\"Person\",\"@id\":\"https:\/\/www.estrategiaconcursos.com.br\/blog\/#\/schema\/person\/a630b15e36f45b4c21fed01219843cb5\",\"name\":\"Paulo Bilynskyj\",\"image\":{\"@type\":\"ImageObject\",\"inLanguage\":\"pt-BR\",\"@id\":\"https:\/\/secure.gravatar.com\/avatar\/37e21f70c9042e7456beffdc6d31fe051f3f6dcbf252f69343a791b144852057?s=96&d=mm&r=g\",\"url\":\"https:\/\/secure.gravatar.com\/avatar\/37e21f70c9042e7456beffdc6d31fe051f3f6dcbf252f69343a791b144852057?s=96&d=mm&r=g\",\"contentUrl\":\"https:\/\/secure.gravatar.com\/avatar\/37e21f70c9042e7456beffdc6d31fe051f3f6dcbf252f69343a791b144852057?s=96&d=mm&r=g\",\"caption\":\"Paulo Bilynskyj\"},\"url\":\"https:\/\/www.estrategiaconcursos.com.br\/blog\/author\/pbilynskyjgmail-com\/\"}]}<\/script>\n<!-- \/ Yoast SEO Premium plugin. -->","yoast_head_json":{"title":"Resultado definitivo do Exame de Capacidade F\u00edsica PRF","description":"Concurso PRF: divulgado resultado definitivo do Exame de Capacidade F\u00edsica e convoca\u00e7\u00e3o para a Avalia\u00e7\u00e3o M\u00e9dica no concurso com 500 vagas. Confira!","robots":{"index":"index","follow":"follow","max-snippet":"max-snippet:-1","max-image-preview":"max-image-preview:large","max-video-preview":"max-video-preview:-1"},"canonical":"https:\/\/www.estrategiaconcursos.com.br\/blog\/concurso-prf-divulgado-resultado-definitivo-do-exame-de-capacidade-fisica\/","og_locale":"pt_BR","og_type":"article","og_title":"Resultado definitivo do Exame de Capacidade F\u00edsica PRF","og_description":"Concurso PRF: divulgado resultado definitivo do Exame de Capacidade F\u00edsica e convoca\u00e7\u00e3o para a Avalia\u00e7\u00e3o M\u00e9dica no concurso com 500 vagas. Confira!","og_url":"https:\/\/www.estrategiaconcursos.com.br\/blog\/concurso-prf-divulgado-resultado-definitivo-do-exame-de-capacidade-fisica\/","og_site_name":"Estrat\u00e9gia Concursos","article_published_time":"2019-05-08T10:05:14+00:00","article_modified_time":"2020-06-01T23:50:04+00:00","og_image":[{"width":400,"height":212,"url":"https:\/\/dhg1h5j42swfq.cloudfront.net\/2019\/02\/05092251\/recursos-provas-objetivas-prf-e1556895345550.jpg","type":"image\/jpeg"}],"author":"Paulo Bilynskyj","twitter_card":"summary_large_image","twitter_creator":"@EstratConcursos","twitter_site":"@EstratConcursos","twitter_misc":{"Escrito por":"Paulo Bilynskyj","Est. tempo de leitura":"1 minuto"},"schema":{"@context":"https:\/\/schema.org","@graph":[{"@type":"NewsArticle","@id":"https:\/\/www.estrategiaconcursos.com.br\/blog\/concurso-prf-divulgado-resultado-definitivo-do-exame-de-capacidade-fisica\/#article","isPartOf":{"@id":"https:\/\/www.estrategiaconcursos.com.br\/blog\/concurso-prf-divulgado-resultado-definitivo-do-exame-de-capacidade-fisica\/"},"author":{"name":"Paulo Bilynskyj","@id":"https:\/\/www.estrategiaconcursos.com.br\/blog\/#\/schema\/person\/a630b15e36f45b4c21fed01219843cb5"},"headline":"Resultado definitivo do Exame de Capacidade F\u00edsica PRF","datePublished":"2019-05-08T10:05:14+00:00","dateModified":"2020-06-01T23:50:04+00:00","mainEntityOfPage":{"@id":"https:\/\/www.estrategiaconcursos.com.br\/blog\/concurso-prf-divulgado-resultado-definitivo-do-exame-de-capacidade-fisica\/"},"wordCount":238,"commentCount":1,"publisher":{"@id":"https:\/\/www.estrategiaconcursos.com.br\/blog\/#organization"},"image":{"@id":"https:\/\/www.estrategiaconcursos.com.br\/blog\/concurso-prf-divulgado-resultado-definitivo-do-exame-de-capacidade-fisica\/#primaryimage"},"thumbnailUrl":"https:\/\/dhg1h5j42swfq.cloudfront.net\/2019\/02\/05092251\/recursos-provas-objetivas-prf-e1556895345550.jpg","articleSection":["Policial (Agente, Escriv\u00e3o e Investigador)"],"inLanguage":"pt-BR","potentialAction":[{"@type":"CommentAction","name":"Comment","target":["https:\/\/www.estrategiaconcursos.com.br\/blog\/concurso-prf-divulgado-resultado-definitivo-do-exame-de-capacidade-fisica\/#respond"]}],"copyrightYear":"2019","copyrightHolder":{"@id":"https:\/\/www.estrategiaconcursos.com.br\/blog\/#organization"}},{"@type":"WebPage","@id":"https:\/\/www.estrategiaconcursos.com.br\/blog\/concurso-prf-divulgado-resultado-definitivo-do-exame-de-capacidade-fisica\/","url":"https:\/\/www.estrategiaconcursos.com.br\/blog\/concurso-prf-divulgado-resultado-definitivo-do-exame-de-capacidade-fisica\/","name":"Resultado definitivo do Exame de Capacidade F\u00edsica PRF","isPartOf":{"@id":"https:\/\/www.estrategiaconcursos.com.br\/blog\/#website"},"primaryImageOfPage":{"@id":"https:\/\/www.estrategiaconcursos.com.br\/blog\/concurso-prf-divulgado-resultado-definitivo-do-exame-de-capacidade-fisica\/#primaryimage"},"image":{"@id":"https:\/\/www.estrategiaconcursos.com.br\/blog\/concurso-prf-divulgado-resultado-definitivo-do-exame-de-capacidade-fisica\/#primaryimage"},"thumbnailUrl":"https:\/\/dhg1h5j42swfq.cloudfront.net\/2019\/02\/05092251\/recursos-provas-objetivas-prf-e1556895345550.jpg","datePublished":"2019-05-08T10:05:14+00:00","dateModified":"2020-06-01T23:50:04+00:00","description":"Concurso PRF: divulgado resultado definitivo do Exame de Capacidade F\u00edsica e convoca\u00e7\u00e3o para a Avalia\u00e7\u00e3o M\u00e9dica no concurso com 500 vagas. Confira!","breadcrumb":{"@id":"https:\/\/www.estrategiaconcursos.com.br\/blog\/concurso-prf-divulgado-resultado-definitivo-do-exame-de-capacidade-fisica\/#breadcrumb"},"inLanguage":"pt-BR","potentialAction":[{"@type":"ReadAction","target":["https:\/\/www.estrategiaconcursos.com.br\/blog\/concurso-prf-divulgado-resultado-definitivo-do-exame-de-capacidade-fisica\/"]}]},{"@type":"ImageObject","inLanguage":"pt-BR","@id":"https:\/\/www.estrategiaconcursos.com.br\/blog\/concurso-prf-divulgado-resultado-definitivo-do-exame-de-capacidade-fisica\/#primaryimage","url":"https:\/\/dhg1h5j42swfq.cloudfront.net\/2019\/02\/05092251\/recursos-provas-objetivas-prf-e1556895345550.jpg","contentUrl":"https:\/\/dhg1h5j42swfq.cloudfront.net\/2019\/02\/05092251\/recursos-provas-objetivas-prf-e1556895345550.jpg","width":400,"height":212,"caption":"para ser um prf"},{"@type":"BreadcrumbList","@id":"https:\/\/www.estrategiaconcursos.com.br\/blog\/concurso-prf-divulgado-resultado-definitivo-do-exame-de-capacidade-fisica\/#breadcrumb","itemListElement":[{"@type":"ListItem","position":1,"name":"In\u00edcio","item":"https:\/\/www.estrategiaconcursos.com.br\/blog\/"},{"@type":"ListItem","position":2,"name":"Resultado definitivo do Exame de Capacidade F\u00edsica PRF"}]},{"@type":"WebSite","@id":"https:\/\/www.estrategiaconcursos.com.br\/blog\/#website","url":"https:\/\/www.estrategiaconcursos.com.br\/blog\/","name":"Estrat\u00e9gia Concursos","description":"O blog da Estrat\u00e9gia Concursos traz not\u00edcias sobre concursos e artigos de professores oferecendo cursos para concursos (pdf + videaulas) no site.","publisher":{"@id":"https:\/\/www.estrategiaconcursos.com.br\/blog\/#organization"},"potentialAction":[{"@type":"SearchAction","target":{"@type":"EntryPoint","urlTemplate":"https:\/\/www.estrategiaconcursos.com.br\/blog\/?s={search_term_string}"},"query-input":{"@type":"PropertyValueSpecification","valueRequired":true,"valueName":"search_term_string"}}],"inLanguage":"pt-BR"},{"@type":"Organization","@id":"https:\/\/www.estrategiaconcursos.com.br\/blog\/#organization","name":"Estrat\u00e9gia Concursos","url":"https:\/\/www.estrategiaconcursos.com.br\/blog\/","logo":{"@type":"ImageObject","inLanguage":"pt-BR","@id":"https:\/\/www.estrategiaconcursos.com.br\/blog\/#\/schema\/logo\/image\/","url":"https:\/\/dhg1h5j42swfq.cloudfront.net\/2025\/06\/03203428\/logo_concursos-1.jpg","contentUrl":"https:\/\/dhg1h5j42swfq.cloudfront.net\/2025\/06\/03203428\/logo_concursos-1.jpg","width":230,"height":60,"caption":"Estrat\u00e9gia Concursos"},"image":{"@id":"https:\/\/www.estrategiaconcursos.com.br\/blog\/#\/schema\/logo\/image\/"},"sameAs":["https:\/\/x.com\/EstratConcursos"]},{"@type":"Person","@id":"https:\/\/www.estrategiaconcursos.com.br\/blog\/#\/schema\/person\/a630b15e36f45b4c21fed01219843cb5","name":"Paulo Bilynskyj","image":{"@type":"ImageObject","inLanguage":"pt-BR","@id":"https:\/\/secure.gravatar.com\/avatar\/37e21f70c9042e7456beffdc6d31fe051f3f6dcbf252f69343a791b144852057?s=96&d=mm&r=g","url":"https:\/\/secure.gravatar.com\/avatar\/37e21f70c9042e7456beffdc6d31fe051f3f6dcbf252f69343a791b144852057?s=96&d=mm&r=g","contentUrl":"https:\/\/secure.gravatar.com\/avatar\/37e21f70c9042e7456beffdc6d31fe051f3f6dcbf252f69343a791b144852057?s=96&d=mm&r=g","caption":"Paulo Bilynskyj"},"url":"https:\/\/www.estrategiaconcursos.com.br\/blog\/author\/pbilynskyjgmail-com\/"}]}},"_links":{"self":[{"href":"https:\/\/www.estrategiaconcursos.com.br\/blog\/wp-json\/wp\/v2\/posts\/372266","targetHints":{"allow":["GET"]}}],"collection":[{"href":"https:\/\/www.estrategiaconcursos.com.br\/blog\/wp-json\/wp\/v2\/posts"}],"about":[{"href":"https:\/\/www.estrategiaconcursos.com.br\/blog\/wp-json\/wp\/v2\/types\/post"}],"author":[{"embeddable":true,"href":"https:\/\/www.estrategiaconcursos.com.br\/blog\/wp-json\/wp\/v2\/users\/552"}],"replies":[{"embeddable":true,"href":"https:\/\/www.estrategiaconcursos.com.br\/blog\/wp-json\/wp\/v2\/comments?post=372266"}],"version-history":[{"count":7,"href":"https:\/\/www.estrategiaconcursos.com.br\/blog\/wp-json\/wp\/v2\/posts\/372266\/revisions"}],"predecessor-version":[{"id":521345,"href":"https:\/\/www.estrategiaconcursos.com.br\/blog\/wp-json\/wp\/v2\/posts\/372266\/revisions\/521345"}],"wp:featuredmedia":[{"embeddable":true,"href":"https:\/\/www.estrategiaconcursos.com.br\/blog\/wp-json\/wp\/v2\/media\/164458"}],"wp:attachment":[{"href":"https:\/\/www.estrategiaconcursos.com.br\/blog\/wp-json\/wp\/v2\/media?parent=372266"}],"wp:term":[{"taxonomy":"category","embeddable":true,"href":"https:\/\/www.estrategiaconcursos.com.br\/blog\/wp-json\/wp\/v2\/categories?post=372266"},{"taxonomy":"post_tag","embeddable":true,"href":"https:\/\/www.estrategiaconcursos.com.br\/blog\/wp-json\/wp\/v2\/tags?post=372266"},{"taxonomy":"tax_estado","embeddable":true,"href":"https:\/\/www.estrategiaconcursos.com.br\/blog\/wp-json\/wp\/v2\/tax_estado?post=372266"}],"curies":[{"name":"wp","href":"https:\/\/api.w.org\/{rel}","templated":true}]}}