{"id":372160,"date":"2019-05-08T06:34:59","date_gmt":"2019-05-08T09:34:59","guid":{"rendered":"https:\/\/www.estrategiaconcursos.com.br\/blog\/?p=372160"},"modified":"2019-05-08T06:34:49","modified_gmt":"2019-05-08T09:34:49","slug":"entrevista-renan-melo-aprovado-no-concurso-da-pf-para-o-cargo-de-agente","status":"publish","type":"post","link":"https:\/\/www.estrategiaconcursos.com.br\/blog\/entrevista-renan-melo-aprovado-no-concurso-da-pf-para-o-cargo-de-agente\/","title":{"rendered":"ENTREVISTA: Renan Melo &#8211; Aprovado no concurso da PF para o cargo de Agente"},"content":{"rendered":"\n<p><\/p>\n<p style=\"text-align: center;\"><em><strong><span style=\"font-family: Verdana, sans-serif;\"><span style=\"font-size: medium;\"><img loading=\"lazy\" decoding=\"async\" class=\" wp-image-372167 alignleft\" src=\"https:\/\/dhg1h5j42swfq.cloudfront.net\/2019\/05\/07141213\/renan-21.jpg\" alt=\"\" width=\"157\" height=\"245\" srcset=\"https:\/\/dhg1h5j42swfq.cloudfront.net\/2019\/05\/07141213\/renan-21.jpg 613w, https:\/\/dhg1h5j42swfq.cloudfront.net\/2019\/05\/07141213\/renan-21.jpg 192w, https:\/\/dhg1h5j42swfq.cloudfront.net\/2019\/05\/07141213\/renan-21.jpg 610w\" sizes=\"auto, (max-width: 157px) 100vw, 157px\" \/>&#8220;Acredite no processo. N\u00e3o existem atalhos. Se voc\u00ea fizer um bom planejamento e cumprir suas metas di\u00e1rias com um bom material, voc\u00ea vai conseguir. Identifique o que tem que ser feito e fa\u00e7a o que voc\u00ea n\u00e3o gosta de fazer. Vai dar certo e vale muito a pena!&#8221;<\/span><\/span><\/strong><\/em><\/p>\n<p> <\/p>\n<p>Confira nossa entrevista com <span style=\"font-family: Verdana, sans-serif; font-size: medium;\">Renan Melo<\/span>, aprovado em 93\u00ba lugar no concurso da Pol\u00edcia Federal para o cargo de Agente:<\/p>\n<p> <\/p>\n<p class=\"western\" align=\"justify\"><b><span style=\"font-family: Verdana, sans-serif;\"><span style=\"font-size: medium;\">Estrat\u00e9gia Concursos: <\/span><\/span><span style=\"font-family: Verdana, sans-serif;\"><span style=\"font-size: medium;\">Conte-nos um pouco sobre voc\u00ea, para que nossos leitores possam te conhecer melhor. Voc\u00ea \u00e9 formado em que \u00e1rea? Qual sua idade? De onde voc\u00ea \u00e9? <\/span><\/span><\/b><\/p>\n<p class=\"western\" align=\"justify\"><span style=\"font-family: Verdana, sans-serif;\"><span style=\"font-size: medium;\"><b>Renan Melo:<\/b><\/span><\/span> <span style=\"font-family: Verdana, sans-serif;\"><span style=\"font-size: medium;\">Sou de<\/span><\/span><span style=\"font-family: Verdana, sans-serif;\"><span style=\"font-size: medium;\"> Aracaju\/SE, tenho 27 anos e sou formado em Engenharia Mec\u00e2nica.<\/span><\/span><\/p>\n<p class=\"western\" align=\"justify\"><b><span style=\"font-family: Verdana, sans-serif;\"><span style=\"font-size: medium;\">Estrat\u00e9gia: <\/span><\/span><span style=\"font-family: Verdana, sans-serif;\"><span style=\"font-size: medium;\">O que te levou a tomar a decis\u00e3o de come\u00e7ar a estudar para concursos? Porque a \u00e1rea Policial?<\/span><\/span><\/b><\/p>\n<p class=\"western\" align=\"justify\"><span style=\"color: #000000;\"><span style=\"font-family: Verdana, sans-serif;\"><span style=\"font-size: medium;\"><b>Renan: <\/b><\/span><\/span><\/span><span style=\"color: #000000;\"><span style=\"font-family: Verdana, sans-serif;\"><span style=\"font-size: medium;\">Eu decidi estudar para concursos ap\u00f3s identificar as dificuldades inerentes ao desenvolvimento na iniciativa privada em nosso pa\u00eds. <\/span><\/span><\/span><\/p>\n<p class=\"western\" align=\"justify\"><span style=\"color: #000000;\"><span style=\"font-family: Verdana, sans-serif;\"><span style=\"font-size: medium;\">A estabilidade, a qualidade de vida e o patamar salarial s\u00e3o alguns dos fatores que abriram meus olhos para os concursos. <\/span><\/span><\/span><\/p>\n<p class=\"western\" align=\"justify\"><span style=\"font-family: Verdana, sans-serif;\"><span style=\"font-size: medium;\">Eu escolhi a PF pela possibilidade de, com o trabalho do dia a dia, contribuir com a sociedade brasileira, que merece um pa\u00eds muito mais honrado do que o que temos experimentado. <\/span><\/span><\/p>\n<p class=\"western\" align=\"justify\"><b><span style=\"font-family: Verdana, sans-serif;\"><span style=\"font-size: medium;\">Estrat\u00e9gia: <\/span><\/span><span style=\"font-family: Verdana, sans-serif;\"><span style=\"font-size: medium;\">Durante sua caminhada como concurseiro, voc\u00ea trabalhava e estudava (como conciliava trabalho e estudos?), ou se dedicava inteiramente aos estudos para concurso? <\/span><\/span><\/b><\/p>\n<p class=\"western\" align=\"justify\"><span style=\"font-family: Verdana, sans-serif;\"><span style=\"font-size: medium;\"><b>Renan:<\/b><\/span><\/span> <span style=\"font-family: Verdana, sans-serif;\"><span style=\"font-size: medium;\">Eu conciliava os estudos com o trabalho aut\u00f4nomo de representar uma multinacional polonesa no Brasil. Eventualmente, tinha que fazer viagens <\/span><\/span><span style=\"font-family: Verdana, sans-serif;\"><span style=\"font-size: medium;\">a<\/span><\/span><span style=\"font-family: Verdana, sans-serif;\"><span style=\"font-size: medium;\"> neg\u00f3cio, o que me for\u00e7ava a estudar com a m\u00e1xima efici\u00eancia poss\u00edvel no restante do tempo. <\/span><\/span><\/p>\n<p class=\"western\" align=\"justify\"><b><span style=\"font-family: Verdana, sans-serif;\"><span style=\"font-size: medium;\">Estrat\u00e9gia: <\/span><\/span><span style=\"font-family: Verdana, sans-serif;\"><span style=\"font-size: medium;\">Quantos e em quais concursos j\u00e1 foi aprovado? Qual o \u00faltimo? Em qual cargo e em que coloca\u00e7\u00e3o?<\/span><\/span><\/b><\/p>\n<p class=\"western\" align=\"justify\"><span style=\"font-family: Verdana, sans-serif;\"><span style=\"font-size: medium;\"><b>Renan:<\/b><\/span><\/span> <span style=\"font-family: Verdana, sans-serif;\"><span style=\"font-size: medium;\">Durante a gradua\u00e7\u00e3o fui aprovado para os cargos de Engenheiro Mec\u00e2nico, na Defensoria P\u00fablica do Estado de S\u00e3o Paulo (8\u00ba lugar); e de Engenheiro de Planejamento da SERG\u00c1S (Sergipe G\u00e1s), na terceira coloca\u00e7\u00e3o. <\/span><\/span><\/p>\n<p class=\"western\" align=\"justify\"><span style=\"font-family: Verdana, sans-serif;\"><span style=\"font-size: medium;\">O \u00faltimo concurso que prestei foi para o cargo de Agente de Pol\u00edcia Federal, em que me encontro, no momento, na posi\u00e7\u00e3o de n\u00famero 93.<\/span><\/span><\/p>\n<p class=\"western\" align=\"justify\"><b><span style=\"font-family: Verdana, sans-serif;\"><span style=\"font-size: medium;\">Estrat\u00e9gia: <\/span><\/span><span style=\"font-family: Verdana, sans-serif;\"><span style=\"font-size: medium;\">Qual foi sua sensa\u00e7\u00e3o ao ver seu nome na lista dos aprovados\/classificados na primeira fase do certame?<\/span><\/span><\/b><\/p>\n<p class=\"western\" align=\"justify\"><span style=\"color: #000000;\"><span style=\"font-family: Verdana, sans-serif;\"><span style=\"font-size: medium;\"><b>Renan: <\/b><\/span><\/span><\/span><span style=\"color: #000000;\"><span style=\"font-family: Verdana, sans-serif;\"><span style=\"font-size: medium;\">A sensa\u00e7\u00e3o \u00e9 realmente \u00fanica, como li diversas vezes nos depoimentos de outros aprovados. Durante os estudos, colocamo-nos <\/span><\/span><\/span><span style=\"color: #000000;\"><span style=\"font-family: Verdana, sans-serif;\"><span style=\"font-size: medium;\">em <\/span><\/span><\/span><span style=\"color: #000000;\"><span style=\"font-family: Verdana, sans-serif;\"><span style=\"font-size: medium;\">muitas d\u00favidas, que s\u00e3o instantaneamente extirpadas ao vermos nosso nome na lista dos aprovados. <\/span><\/span><\/span><\/p>\n<p class=\"western\" align=\"justify\"><span style=\"font-family: Verdana, sans-serif;\"><span style=\"font-size: medium;\">Foi uma mistura de al\u00edvio, alegria e surpresa, principalmente quando organizamos a lista do CESPE e notei que estava classificado dentro das vagas imediatas do certame. <\/span><\/span><\/p>\n<p class=\"western\" align=\"justify\"><b><span style=\"font-family: Verdana, sans-serif;\"><span style=\"font-size: medium;\">Estrat\u00e9gia: <\/span><\/span><span style=\"font-family: Verdana, sans-serif;\"><span style=\"font-size: medium;\">Como era sua vida social durante a prepara\u00e7\u00e3o para concursos? Voc\u00ea sa\u00eda com amigos, fam\u00edlia, etc? Ou adotou uma postura radical, abdicando do conv\u00edvio social?<\/span><\/span><\/b><\/p>\n<p class=\"western\" align=\"justify\"><span style=\"font-family: Verdana, sans-serif;\"><span style=\"font-size: medium;\"><b>Renan: <\/b><\/span><\/span><span style=\"font-family: Verdana, sans-serif;\"><span style=\"font-size: medium;\">Procurei adotar uma postura equilibrada, isso me ajudava a manter a concentra\u00e7\u00e3o e a for\u00e7a de vontade durante as horas de estudo. Desde o in\u00edcio, eu tinha certeza de que a qualidade do estudo era muito mais importante do que a quantidade. Ent\u00e3o tentei manter uma rotina que me garantisse um estudo eficiente e concentrado ao longo do tempo. <\/span><\/span><\/p>\n<p class=\"western\" align=\"justify\"><b><span style=\"font-family: Verdana, sans-serif;\"><span style=\"font-size: medium;\">Estrat\u00e9gia: <\/span><\/span><span style=\"font-family: Verdana, sans-serif;\"><span style=\"font-size: medium;\">Voc\u00ea \u00e9 casado? Tem filhos? Namora? Mora com seus pais? Sua fam\u00edlia entendeu e apoiou sua caminhada como concurseiro? Se sim, de que forma? <\/span><\/span><\/b><\/p>\n<p class=\"western\" align=\"justify\"><span style=\"font-family: Verdana, sans-serif;\"><span style=\"font-size: medium;\"><b>Renan: <\/b><\/span><\/span><span style=\"font-family: Verdana, sans-serif;\"><span style=\"font-size: medium;\">Moro com meus pais, que sempre me apoiaram e acreditaram em meu sucesso, assim como meus irm\u00e3os (o mais velho \u00e9 servidor p\u00fablico). <\/span><\/span><\/p>\n<p class=\"western\" align=\"justify\"><span style=\"font-family: Verdana, sans-serif;\"><span style=\"font-size: medium;\">Minha namorada, que est\u00e1 comigo h\u00e1 7 anos, tamb\u00e9m foi essencial nessa trajet\u00f3ria. N\u00e3o deve ter sido f\u00e1cil para ela, me ouvir falar sobre os estudos tantas vezes por dia. Imagin\u00e1-los felizes com minha aprova\u00e7\u00e3o sempre foi uma grande motiva\u00e7\u00e3o durante os estudos.\u00a0<\/span><\/span><\/p>\n<p class=\"western\" align=\"justify\"><b><span style=\"font-family: Verdana, sans-serif;\"><span style=\"font-size: medium;\">Estrat\u00e9gia: <\/span><\/span><span style=\"font-family: Verdana, sans-serif;\"><span style=\"font-size: medium;\">Voc\u00ea acha que vale a pena fazer outros concursos, com foco diferente daquele concurso que \u00e9 realmente seu objetivo maior?\u00a0<\/span><\/span><\/b><\/p>\n<p class=\"western\" align=\"justify\"><span style=\"font-family: Verdana, sans-serif;\"><span style=\"font-size: medium;\"><b>Renan: <\/b><\/span><\/span><span style=\"font-family: Verdana, sans-serif;\"><span style=\"font-size: medium;\">Acredito que o foco <\/span><\/span><span style=\"font-family: Verdana, sans-serif;\"><span style=\"font-size: medium;\">em uma <\/span><\/span><span style=\"font-family: Verdana, sans-serif;\"><span style=\"font-size: medium;\">\u00e1rea espec\u00edfica de concursos \u00e9 uma das chaves para o sucesso. Portanto, acho que fazer concursos de uma \u00e1rea diversa \u00e9 vi\u00e1vel, desde que isso n\u00e3o interfira muito na rotina de estudos. Afinal, fazer provas e se testar \u00e9 sempre interessante.\u00a0<\/span><\/span><\/p>\n<p class=\"western\" align=\"justify\"><b><span style=\"font-family: Verdana, sans-serif;\"><span style=\"font-size: medium;\">Estrat\u00e9gia: <\/span><\/span><span style=\"font-family: Verdana, sans-serif;\"><span style=\"font-size: medium;\">Voc\u00ea estudou por quanto tempo direcionado ao concurso que foi aprovado? <\/span><\/span><\/b><\/p>\n<p class=\"western\" align=\"justify\"><span style=\"font-family: Verdana, sans-serif;\"><span style=\"font-size: medium;\"><b>Renan: <\/b><\/span><\/span><span style=\"font-family: Verdana, sans-serif;\"><span style=\"font-size: medium;\">Eu estudei durante 5 meses para a Receita Federal, com o material do Estrat\u00e9gia. Fiz uma pausa durante a copa do mundo (o que foi uma falha), per\u00edodo em que saiu o edital da Pol\u00edcia Federal. Decidi ent\u00e3o modificar minha rotina de estudos e estudar direcionado a ela at\u00e9 a prova, o que deve ter dado mais uns tr\u00eas meses. <\/span><\/span><\/p>\n<p class=\"western\" align=\"justify\"><b><span style=\"font-family: Verdana, sans-serif;\"><span style=\"font-size: medium;\">Estrat\u00e9gia: <\/span><\/span><span style=\"font-family: Verdana, sans-serif;\"><span style=\"font-size: medium;\">Chegou a estudar sem ter edital na pra\u00e7a? Durante esse tempo, como voc\u00ea fazia para manter a disciplina nos estudos?<\/span><\/span><\/b><\/p>\n<p class=\"western\" align=\"justify\"><span style=\"font-family: Verdana, sans-serif;\"><span style=\"font-size: medium;\"><b>Renan: <\/b><\/span><\/span><span style=\"font-family: Verdana, sans-serif;\"><span style=\"font-size: medium;\">Sim, estudava para a Receita Federal no in\u00edcio de 2018 sem qualquer edital. No entanto, estava certo de que haveria concurso ao final do ano, o que me ajudou a manter a disciplina. Afinal, eu sabia que, para ficar competitivo com um ano de estudos para a Receita Federal, deveria dar meu m\u00e1ximo todos os dias.<\/span><\/span><\/p>\n<p class=\"western\" align=\"justify\"><b><span style=\"font-family: Verdana, sans-serif;\"><span style=\"font-size: medium;\">Estrat\u00e9gia: <\/span><\/span><span style=\"font-family: Verdana, sans-serif;\"><span style=\"font-size: medium;\">Que materiais voc\u00ea usou em sua prepara\u00e7\u00e3o para o concurso? Aulas presenciais, telepresenciais, livros, cursos em PDF, videoaulas? Quais foram as principais vantagens e desvantagens de cada um?<\/span><\/span><\/b><\/p>\n<p class=\"western\" align=\"justify\"><span style=\"font-family: Verdana, sans-serif;\"><span style=\"font-size: medium;\"><b>Renan: <\/b><\/span><\/span><span style=\"font-family: Verdana, sans-serif;\"><span style=\"font-size: medium;\">O n\u00facleo de meus estudos foram os PDFs do Estrat\u00e9gia, com algumas videoaulas como complemento, em mat\u00e9rias importantes como Contabilidade e Direito Penal. <\/span><\/span><\/p>\n<p class=\"western\" align=\"justify\"><span style=\"font-family: Verdana, sans-serif;\"><span style=\"font-size: medium;\">Vejo que n\u00e3o h\u00e1 forma \u00fanica de obter sucesso nos estudos, o que deve ser sempre pensado \u00e9 quanto de tempo voc\u00ea vai gastar com aquele m\u00e9todo e quanto de benef\u00edcio, em termos de aprendizado, ele te traz. <\/span><\/span><\/p>\n<p class=\"western\" align=\"justify\"><span style=\"font-family: Verdana, sans-serif;\"><span style=\"font-size: medium;\"><b>Estrat\u00e9gia: Como conheceu o Estrat\u00e9gia Concursos?<\/b><\/span><\/span><\/p>\n<p class=\"western\" align=\"justify\"><span style=\"font-family: Verdana, sans-serif;\"><span style=\"font-size: medium;\"><b>Renan: <\/b><\/span><\/span><span style=\"font-family: Verdana, sans-serif;\"><span style=\"font-size: medium;\">O Estrat\u00e9gia foi o primeiro curso que conheci, quando resolvi entrar no mundo dos concursos. <\/span><\/span><span style=\"font-family: Verdana, sans-serif;\"><span style=\"font-size: medium;\">Na<\/span><\/span><span style=\"font-family: Verdana, sans-serif;\"><span style=\"font-size: medium;\">quela \u00e9poca, a maioria dos amigos estudava<\/span><\/span><span style=\"font-family: Verdana, sans-serif;\"><span style=\"font-size: medium;\">m<\/span><\/span><span style=\"font-family: Verdana, sans-serif;\"><span style=\"font-size: medium;\"> pelos materiais do Estrat\u00e9gia e me deram boas recomenda\u00e7\u00f5es.<\/span><\/span><\/p>\n<p class=\"western\" align=\"justify\"><b><span style=\"font-family: Verdana, sans-serif;\"><span style=\"font-size: medium;\">Estrat\u00e9gia: <\/span><\/span><span style=\"font-family: Verdana, sans-serif;\"><span style=\"font-size: medium;\">Uma das principais dificuldades de todo o concursando \u00e9 a quantidade de assuntos que devem ser memorizados. Como voc\u00ea fez para estudar todo o conte\u00fado do concurso? Falando de modo mais espec\u00edfico: voc\u00ea estudava v\u00e1rias mat\u00e9rias ao mesmo tempo? Quantas? Costumava fazer resumos? Focava mais em exerc\u00edcios, ou na leitura e releitura da teoria? Como montou seu plano de estudos? Quantas horas por dia costumava estudar?<\/span><\/span><\/b><\/p>\n<p class=\"western\" align=\"justify\"><span style=\"font-family: Verdana, sans-serif;\"><span style=\"font-size: medium;\"><b>Renan: <\/b><\/span><\/span><span style=\"font-family: Verdana, sans-serif;\"><span style=\"font-size: medium;\">Na maioria dos dias, eu estudava tr\u00eas ou quatro mat\u00e9rias, de uma a uma hora e meia de teoria nova, de cada disciplina. Finalizada a parte de teoria nova daquele dia, resolvia quest\u00f5es do PDF anterior (nunca do que acabara de ler) e passava <\/span><\/span><span style=\"font-family: Verdana, sans-serif;\"><span style=\"font-size: medium;\">a<\/span><\/span><span style=\"font-family: Verdana, sans-serif;\"><span style=\"font-size: medium;\">s revis\u00f5es de 24 horas, durante as quais eu lia as marca\u00e7\u00f5es que havia feito no material te\u00f3rico estudado no dia anterior. <\/span><\/span><\/p>\n<p class=\"western\" align=\"justify\"><span style=\"font-family: Verdana, sans-serif;\"><span style=\"font-size: medium;\">Quem me apresentou esse m\u00e9todo de estudo foi o Arquimedes, auditor da Receita Federal, que me ajudou bastante na montagem do plano de estudos e em seu cumprimento. <\/span><\/span><\/p>\n<p class=\"western\" align=\"justify\"><b><span style=\"font-family: Verdana, sans-serif;\"><span style=\"font-size: medium;\">Estrat\u00e9gia: <\/span><\/span><span style=\"font-family: Verdana, sans-serif;\"><span style=\"font-size: medium;\">Voc\u00ea tinha mais dificuldades em alguma(s) disciplina(s)? Quais? Como voc\u00ea fez para superar estas dificuldades?<\/span><\/span><\/b><\/p>\n<p class=\"western\" align=\"justify\"><span style=\"font-family: Verdana, sans-serif;\"><span style=\"font-size: medium;\"><b>Renan: <\/b><\/span><\/span><span style=\"font-family: Verdana, sans-serif;\"><span style=\"font-size: medium;\">No in\u00edcio, senti dificuldade em Direito Administrativo. Tinha a sensa\u00e7\u00e3o de que os conhecimentos acerca da disciplina eram muito dispersos e de que n\u00e3o conseguia reuni-los de forma satisfat\u00f3ria.<\/span><\/span><\/p>\n<p class=\"western\" align=\"justify\"><span style=\"font-family: Verdana, sans-serif;\"><span style=\"font-size: medium;\">No entanto, ao longo do tempo essa sensa\u00e7\u00e3o foi diminuindo, \u00e0 medida que acreditava no material e seguia o plano de estudos e o m\u00e9todo. Como qualquer dificuldade que encontramos na vida, o importante \u00e9 insistir e seguir em frente.<\/span><\/span><\/p>\n<p class=\"western\" align=\"justify\"><b><span style=\"font-family: Verdana, sans-serif;\"><span style=\"font-size: medium;\">Estrat\u00e9gia: <\/span><\/span><span style=\"font-family: Verdana, sans-serif;\"><span style=\"font-size: medium;\">A reta final \u00e9 sempre um per\u00edodo estressante. Como foi sua rotina de estudos na semana que antecedeu a prova? E v\u00e9spera de prova: foi dia de descanso ou dia de estudo?<\/span><\/span><\/b><\/p>\n<p class=\"western\" align=\"justify\"><span style=\"font-family: Verdana, sans-serif;\"><span style=\"font-size: medium;\"><b>Renan:<\/b><\/span><\/span> <span style=\"font-family: Verdana, sans-serif;\"><span style=\"font-size: medium;\">Como grande parte das mat\u00e9rias presentes no edital da PF estava contida no edital da Receita Federal, eu j\u00e1 sentia que tinha um bom n\u00edvel para a prova. <\/span><\/span><\/p>\n<p class=\"western\" align=\"justify\"><span style=\"font-family: Verdana, sans-serif;\"><span style=\"font-size: medium;\">Ent\u00e3o, na reta final, eu diminu\u00ed a carga hor\u00e1ria de estudo nestas mat\u00e9rias e foquei em aprender coisas novas sobre Direito Penal, Processo Penal, legisla\u00e7\u00e3o e Inform\u00e1tica. <\/span><\/span><\/p>\n<p class=\"western\" align=\"justify\"><span style=\"font-family: Verdana, sans-serif;\"><span style=\"font-size: medium;\">Nos momentos que antecedem a prova, eu gosto de reunir o m\u00e1ximo de motiva\u00e7\u00e3o poss\u00edvel, lembrando-me dos motivos que me fizeram chegar at\u00e9 ali e tentando revisar o m\u00e1ximo poss\u00edvel de conte\u00fado antes de sair de casa para a prova. <\/span><\/span><\/p>\n<p class=\"western\" align=\"justify\"><span style=\"font-family: Verdana, sans-serif;\"><span style=\"font-size: medium;\"><b>Estrat\u00e9gia: No seu concurso, tivemos, al\u00e9m das provas objetivas, as provas discursivas. Como foi seu estudo para esta importante parte do certame? O que voc\u00ea aconselha?<\/b><\/span><\/span><\/p>\n<p class=\"western\" align=\"justify\"><span style=\"font-family: Verdana, sans-serif;\"><span style=\"font-size: medium;\"><b>Renan: <\/b><\/span><\/span><span style=\"font-family: Verdana, sans-serif;\"><span style=\"font-size: medium;\">Confesso que n\u00e3o planejei um m\u00e9todo espec\u00edfico para me preparar para as discursivas. Confiei em toda a bagagem de estudo que adquiri ao longo da vida, procurei conhecer a forma de cobran\u00e7a e de corre\u00e7\u00e3o da banca, o que se revelou important\u00edssimo. Felizmente, isso foi suficiente e obtive uma excelente nota na parte discursiva, o que me ajudou a ficar dentro das vagas. <\/span><\/span><\/p>\n<p class=\"western\" align=\"justify\"><span style=\"font-family: Verdana, sans-serif;\"><span style=\"font-size: medium;\">O que aconselho, portanto, \u00e9 que voc\u00ea identifique o teor das provas discursivas (se temas gerais ou espec\u00edficos), conhe\u00e7a as diferentes formas de cobran\u00e7a da banca e avalie se necessita aprimorar a parte t\u00e9cnica da escrita. <\/span><\/span><\/p>\n<p class=\"western\" align=\"justify\"><b><span style=\"font-family: Verdana, sans-serif;\"><span style=\"font-size: medium;\">Estrat\u00e9gia: <\/span><\/span><span style=\"font-family: Verdana, sans-serif;\"><span style=\"font-size: medium;\">Como foi sua prepara\u00e7\u00e3o para o TAF e para as demais etapas? <\/span><\/span><\/b><\/p>\n<p class=\"western\" align=\"justify\"><span style=\"font-size: medium;\"><span style=\"font-family: Verdana, sans-serif;\"><b>Renan: <\/b><\/span><span style=\"font-family: Verdana, sans-serif;\">A prepara\u00e7\u00e3o para o TAF foi bastante intensa, com treinos duas vezes por dia ao longo das \u00faltimas tr\u00eas semanas. Recomendo que a prepara\u00e7\u00e3o f\u00edsica esteja presente desde o in\u00edcio dos estudos, para que as \u00faltimas semanas n\u00e3o sejam t\u00e3o sofridas quanto as minhas.<\/span><\/span><\/p>\n<p class=\"western\" align=\"justify\"><span style=\"font-family: Verdana, sans-serif;\"><span style=\"font-size: medium;\">As etapas de avalia\u00e7\u00e3o m\u00e9dica e psicot\u00e9cnica foram igualmente estressantes. S\u00e3o muitos detalhes e documentos envolvidos, de forma que planejamento e organiza\u00e7\u00e3o foram muito importantes para que tudo desse certo. \u00c9 fundamental ler e reler o edital diversas vezes para ter certeza de todos os pontos exigidos. <\/span><\/span><\/p>\n<p class=\"western\" align=\"justify\"><b><span style=\"font-family: Verdana, sans-serif;\"><span style=\"font-size: medium;\">Estrat\u00e9gia: <\/span><\/span><span style=\"font-family: Verdana, sans-serif;\"><span style=\"font-size: medium;\">Se voc\u00ea tivesse que apontar ERROS em sua prepara\u00e7\u00e3o (se \u00e9 que houve), quais seriam? Diga-nos tamb\u00e9m quais foram os maiores ACERTOS?<\/span><\/span><\/b><\/p>\n<p class=\"western\" align=\"justify\"><span style=\"font-family: Verdana, sans-serif;\"><span style=\"font-size: medium;\"><b>Renan: <\/b><\/span><\/span><span style=\"font-family: Verdana, sans-serif;\"><span style=\"font-size: medium;\">Sempre haver\u00e1 erros ao longo da prepara\u00e7\u00e3o. Identific\u00e1-los o quanto antes e ajustar o plano de estudo \u00e9 o mais importante. Em minha trajet\u00f3ria para a Pol\u00edcia Federal, acredito que negligenciar a prepara\u00e7\u00e3o para as discursivas foi um erro, ainda que eu tenha tido uma boa nota. <\/span><\/span><\/p>\n<p class=\"western\" align=\"justify\"><span style=\"font-family: Verdana, sans-serif;\"><span style=\"font-size: medium;\">\u00c9 importante n\u00e3o deixar margens. Tamb\u00e9m acho que poderia ter feito mais quest\u00f5es, sobretudo da mat\u00e9ria de Inform\u00e1tica, que tinha um peso alto na prova. <\/span><\/span><\/p>\n<p class=\"western\" align=\"justify\"><span style=\"font-family: Verdana, sans-serif;\"><span style=\"font-size: medium;\">Como acertos, aponto a escolha de um bom material, um bom m\u00e9todo e a for\u00e7a de vontade de cumprir as metas todos os dias. Os mapas mentais que eu criei no computador foram muito importantes durante minhas revis\u00f5es. Atrav\u00e9s deles, era poss\u00edvel rever uma grande parte do conte\u00fado em pouco tempo.<\/span><\/span><\/p>\n<p class=\"western\" align=\"justify\"><b><span style=\"font-family: Verdana, sans-serif;\"><span style=\"font-size: medium;\">Estrat\u00e9gia: <\/span><\/span><span style=\"font-family: Verdana, sans-serif;\"><span style=\"font-size: medium;\">O que foi mais dif\u00edcil nessa caminhada rumo \u00e0 aprova\u00e7\u00e3o? Chegou a pensar, por algum momento, em desistir? Se sim, como fez para seguir em frente?<\/span><\/span><\/b><\/p>\n<p class=\"western\" align=\"justify\"><span style=\"font-family: Verdana, sans-serif;\"><span style=\"font-size: medium;\"><b>Renan: <\/b><\/span><\/span><span style=\"font-family: Verdana, sans-serif;\"><span style=\"font-size: medium;\">O mais dif\u00edcil, sem d\u00favida, foi manter o foco dia ap\u00f3s dia. \u00c9 natural que voc\u00ea acorde desmotivado algum dia ou sem tanta vontade de estudar. Mas \u00e9 preciso que voc\u00ea v\u00e1 e fa\u00e7a da mesma forma como no dia anterior. <\/span><\/span><\/p>\n<p class=\"western\" align=\"justify\"><span style=\"font-family: Verdana, sans-serif;\"><span style=\"font-size: medium;\">N\u00e3o pensei em desistir, mas durante alguns momentos tive d\u00favidas se seria capaz de ser aprovado. Tinha certeza, no entanto, de que faria meu m\u00e1ximo para conseguir, superando meus limites a cada dia e me for\u00e7ando a estudar sempre um pouco mais. <\/span><\/span><\/p>\n<p class=\"western\" align=\"justify\"><span style=\"font-family: Verdana, sans-serif;\"><span style=\"font-size: medium;\"><b>Estrat\u00e9gia: Qual foi sua principal motiva\u00e7\u00e3o? <\/b><\/span><\/span><\/p>\n<p class=\"western\" align=\"justify\"><span style=\"font-family: Verdana, sans-serif;\"><span style=\"font-size: medium;\"><b>Renan: <\/b>A vontade de vencer e dar orgulho \u00e0 minha fam\u00edlia, namorada e amigos. <\/span><\/span><\/p>\n<p class=\"western\" align=\"justify\"><span style=\"font-family: Verdana, sans-serif;\"><span style=\"font-size: medium;\"><b>Estrat\u00e9gia: Por fim, o que voc\u00ea aconselharia a algu\u00e9m que est\u00e1 iniciando seus estudos para concurso. Deixe-nos sua mensagem para todos aqueles que um dia almejam chegar aonde voc\u00ea chegou!<\/b><\/span><\/span><\/p>\n<p class=\"western\" align=\"justify\"><span style=\"font-family: Verdana, sans-serif;\"><span style=\"font-size: medium;\"><b>Renan: <\/b>Acredite no processo. N\u00e3o existem atalhos. Se voc\u00ea fizer um bom planejamento e cumprir suas metas di\u00e1rias com um bom material, voc\u00ea vai conseguir. Identifique o que tem que ser feito e fa\u00e7a o que voc\u00ea n\u00e3o gosta de fazer. Vai dar certo e vale muito a pena!<\/span><\/span><\/p>\n<p><strong>Confira outras entrevistas em:<\/strong><\/p>\n<p><a href=\"https:\/\/www.estrategiaconcursos.com.br\/depoimentos\/\" target=\"_blank\" rel=\"noreferrer noopener\">Depoimentos de Aprovados<\/a><\/p>\n<p><a href=\"https:\/\/www.estrategiaconcursos.com.br\/cursos\/concurso\" target=\"_blank\" rel=\"noreferrer noopener\">Cursos Online para Concursos<\/a><\/p>\n<p style=\"text-align: center;\"><em><strong>Foi aprovado e deseja dividir com a gente e com outros concurseiros como foi sua trajet\u00f3ria at\u00e9 a aprova\u00e7\u00e3o?! Mande um e-mail para:\u00a0<\/strong><\/em><strong>comunicacao@estrategiaconcursos.com.br<\/strong><\/p>\n<p>Abra\u00e7os,<\/p>\n<p>Tha\u00eds Mendes<\/p>\n<p><\/p>\n","protected":false},"excerpt":{"rendered":"","protected":false},"author":1,"featured_media":372168,"comment_status":"open","ping_status":"closed","sticky":false,"template":"","format":"standard","meta":{"post_tipo":"news","footnotes":""},"categories":[1],"tags":[],"tax_estado":[],"class_list":["post-372160","post","type-post","status-publish","format-standard","has-post-thumbnail","hentry","category-cursos-e-concursos"],"acf":[],"yoast_head":"<!-- This site is optimized with the Yoast SEO Premium plugin v27.2 (Yoast SEO v27.2) - https:\/\/yoast.com\/product\/yoast-seo-premium-wordpress\/ -->\n<title>ENTREVISTA: Renan Melo - Aprovado no concurso da PF para o cargo de Agente<\/title>\n<meta name=\"description\" content=\"Confira nossa entrevista com Renan Melo, aprovado em 93\u00ba lugar no concurso da Pol\u00edcia Federal para o cargo de Agente\" \/>\n<meta name=\"robots\" content=\"index, follow, max-snippet:-1, max-image-preview:large, max-video-preview:-1\" \/>\n<link rel=\"canonical\" href=\"https:\/\/www.estrategiaconcursos.com.br\/blog\/entrevista-renan-melo-aprovado-no-concurso-da-pf-para-o-cargo-de-agente\/\" \/>\n<meta property=\"og:locale\" content=\"pt_BR\" \/>\n<meta property=\"og:type\" content=\"article\" \/>\n<meta property=\"og:title\" content=\"ENTREVISTA: Renan Melo - Aprovado no concurso da PF para o cargo de Agente\" \/>\n<meta property=\"og:description\" content=\"Confira nossa entrevista com Renan Melo, aprovado em 93\u00ba lugar no concurso da Pol\u00edcia Federal para o cargo de Agente\" \/>\n<meta property=\"og:url\" content=\"https:\/\/www.estrategiaconcursos.com.br\/blog\/entrevista-renan-melo-aprovado-no-concurso-da-pf-para-o-cargo-de-agente\/\" \/>\n<meta property=\"og:site_name\" content=\"Estrat\u00e9gia Concursos\" \/>\n<meta property=\"article:author\" content=\"https:\/\/www.facebook.com\/EstrategiaConcursos\" \/>\n<meta property=\"article:published_time\" content=\"2019-05-08T09:34:59+00:00\" \/>\n<meta property=\"og:image\" content=\"https:\/\/dhg1h5j42swfq.cloudfront.net\/2019\/05\/07141521\/renan-22.jpg\" \/>\n\t<meta property=\"og:image:width\" content=\"613\" \/>\n\t<meta property=\"og:image:height\" content=\"360\" \/>\n\t<meta property=\"og:image:type\" content=\"image\/jpeg\" \/>\n<meta name=\"author\" content=\"Coordena\u00e7\u00e3o\" \/>\n<meta name=\"twitter:card\" content=\"summary_large_image\" \/>\n<meta name=\"twitter:creator\" content=\"@EstratConcursos\" \/>\n<meta name=\"twitter:site\" content=\"@EstratConcursos\" \/>\n<meta name=\"twitter:label1\" content=\"Escrito por\" \/>\n\t<meta name=\"twitter:data1\" content=\"Coordena\u00e7\u00e3o\" \/>\n\t<meta name=\"twitter:label2\" content=\"Est. tempo de leitura\" \/>\n\t<meta name=\"twitter:data2\" content=\"11 minutos\" \/>\n<script type=\"application\/ld+json\" class=\"yoast-schema-graph\">{\"@context\":\"https:\/\/schema.org\",\"@graph\":[{\"@type\":\"NewsArticle\",\"@id\":\"https:\/\/www.estrategiaconcursos.com.br\/blog\/entrevista-renan-melo-aprovado-no-concurso-da-pf-para-o-cargo-de-agente\/#article\",\"isPartOf\":{\"@id\":\"https:\/\/www.estrategiaconcursos.com.br\/blog\/entrevista-renan-melo-aprovado-no-concurso-da-pf-para-o-cargo-de-agente\/\"},\"author\":{\"name\":\"Coordena\u00e7\u00e3o\",\"@id\":\"https:\/\/www.estrategiaconcursos.com.br\/blog\/#\/schema\/person\/b4a388c97673c5f483d72185668afa1f\"},\"headline\":\"ENTREVISTA: Renan Melo &#8211; Aprovado no concurso da PF para o cargo de Agente\",\"datePublished\":\"2019-05-08T09:34:59+00:00\",\"mainEntityOfPage\":{\"@id\":\"https:\/\/www.estrategiaconcursos.com.br\/blog\/entrevista-renan-melo-aprovado-no-concurso-da-pf-para-o-cargo-de-agente\/\"},\"wordCount\":2132,\"commentCount\":1,\"publisher\":{\"@id\":\"https:\/\/www.estrategiaconcursos.com.br\/blog\/#organization\"},\"image\":{\"@id\":\"https:\/\/www.estrategiaconcursos.com.br\/blog\/entrevista-renan-melo-aprovado-no-concurso-da-pf-para-o-cargo-de-agente\/#primaryimage\"},\"thumbnailUrl\":\"https:\/\/dhg1h5j42swfq.cloudfront.net\/2019\/05\/07141521\/renan-22.jpg\",\"articleSection\":[\"Concursos P\u00fablicos\"],\"inLanguage\":\"pt-BR\",\"potentialAction\":[{\"@type\":\"CommentAction\",\"name\":\"Comment\",\"target\":[\"https:\/\/www.estrategiaconcursos.com.br\/blog\/entrevista-renan-melo-aprovado-no-concurso-da-pf-para-o-cargo-de-agente\/#respond\"]}],\"copyrightYear\":\"2019\",\"copyrightHolder\":{\"@id\":\"https:\/\/www.estrategiaconcursos.com.br\/blog\/#organization\"}},{\"@type\":\"WebPage\",\"@id\":\"https:\/\/www.estrategiaconcursos.com.br\/blog\/entrevista-renan-melo-aprovado-no-concurso-da-pf-para-o-cargo-de-agente\/\",\"url\":\"https:\/\/www.estrategiaconcursos.com.br\/blog\/entrevista-renan-melo-aprovado-no-concurso-da-pf-para-o-cargo-de-agente\/\",\"name\":\"ENTREVISTA: Renan Melo - Aprovado no concurso da PF para o cargo de Agente\",\"isPartOf\":{\"@id\":\"https:\/\/www.estrategiaconcursos.com.br\/blog\/#website\"},\"primaryImageOfPage\":{\"@id\":\"https:\/\/www.estrategiaconcursos.com.br\/blog\/entrevista-renan-melo-aprovado-no-concurso-da-pf-para-o-cargo-de-agente\/#primaryimage\"},\"image\":{\"@id\":\"https:\/\/www.estrategiaconcursos.com.br\/blog\/entrevista-renan-melo-aprovado-no-concurso-da-pf-para-o-cargo-de-agente\/#primaryimage\"},\"thumbnailUrl\":\"https:\/\/dhg1h5j42swfq.cloudfront.net\/2019\/05\/07141521\/renan-22.jpg\",\"datePublished\":\"2019-05-08T09:34:59+00:00\",\"description\":\"Confira nossa entrevista com Renan Melo, aprovado em 93\u00ba lugar no concurso da Pol\u00edcia Federal para o cargo de Agente\",\"breadcrumb\":{\"@id\":\"https:\/\/www.estrategiaconcursos.com.br\/blog\/entrevista-renan-melo-aprovado-no-concurso-da-pf-para-o-cargo-de-agente\/#breadcrumb\"},\"inLanguage\":\"pt-BR\",\"potentialAction\":[{\"@type\":\"ReadAction\",\"target\":[\"https:\/\/www.estrategiaconcursos.com.br\/blog\/entrevista-renan-melo-aprovado-no-concurso-da-pf-para-o-cargo-de-agente\/\"]}]},{\"@type\":\"ImageObject\",\"inLanguage\":\"pt-BR\",\"@id\":\"https:\/\/www.estrategiaconcursos.com.br\/blog\/entrevista-renan-melo-aprovado-no-concurso-da-pf-para-o-cargo-de-agente\/#primaryimage\",\"url\":\"https:\/\/dhg1h5j42swfq.cloudfront.net\/2019\/05\/07141521\/renan-22.jpg\",\"contentUrl\":\"https:\/\/dhg1h5j42swfq.cloudfront.net\/2019\/05\/07141521\/renan-22.jpg\",\"width\":613,\"height\":360},{\"@type\":\"BreadcrumbList\",\"@id\":\"https:\/\/www.estrategiaconcursos.com.br\/blog\/entrevista-renan-melo-aprovado-no-concurso-da-pf-para-o-cargo-de-agente\/#breadcrumb\",\"itemListElement\":[{\"@type\":\"ListItem\",\"position\":1,\"name\":\"In\u00edcio\",\"item\":\"https:\/\/www.estrategiaconcursos.com.br\/blog\/\"},{\"@type\":\"ListItem\",\"position\":2,\"name\":\"ENTREVISTA: Renan Melo &#8211; Aprovado no concurso da PF para o cargo de Agente\"}]},{\"@type\":\"WebSite\",\"@id\":\"https:\/\/www.estrategiaconcursos.com.br\/blog\/#website\",\"url\":\"https:\/\/www.estrategiaconcursos.com.br\/blog\/\",\"name\":\"Estrat\u00e9gia Concursos\",\"description\":\"O blog da Estrat\u00e9gia Concursos traz not\u00edcias sobre concursos e artigos de professores oferecendo cursos para concursos (pdf + videaulas) no site.\",\"publisher\":{\"@id\":\"https:\/\/www.estrategiaconcursos.com.br\/blog\/#organization\"},\"potentialAction\":[{\"@type\":\"SearchAction\",\"target\":{\"@type\":\"EntryPoint\",\"urlTemplate\":\"https:\/\/www.estrategiaconcursos.com.br\/blog\/?s={search_term_string}\"},\"query-input\":{\"@type\":\"PropertyValueSpecification\",\"valueRequired\":true,\"valueName\":\"search_term_string\"}}],\"inLanguage\":\"pt-BR\"},{\"@type\":\"Organization\",\"@id\":\"https:\/\/www.estrategiaconcursos.com.br\/blog\/#organization\",\"name\":\"Estrat\u00e9gia Concursos\",\"url\":\"https:\/\/www.estrategiaconcursos.com.br\/blog\/\",\"logo\":{\"@type\":\"ImageObject\",\"inLanguage\":\"pt-BR\",\"@id\":\"https:\/\/www.estrategiaconcursos.com.br\/blog\/#\/schema\/logo\/image\/\",\"url\":\"https:\/\/dhg1h5j42swfq.cloudfront.net\/2025\/06\/03203428\/logo_concursos-1.jpg\",\"contentUrl\":\"https:\/\/dhg1h5j42swfq.cloudfront.net\/2025\/06\/03203428\/logo_concursos-1.jpg\",\"width\":230,\"height\":60,\"caption\":\"Estrat\u00e9gia Concursos\"},\"image\":{\"@id\":\"https:\/\/www.estrategiaconcursos.com.br\/blog\/#\/schema\/logo\/image\/\"},\"sameAs\":[\"https:\/\/x.com\/EstratConcursos\"]},{\"@type\":\"Person\",\"@id\":\"https:\/\/www.estrategiaconcursos.com.br\/blog\/#\/schema\/person\/b4a388c97673c5f483d72185668afa1f\",\"name\":\"Coordena\u00e7\u00e3o\",\"image\":{\"@type\":\"ImageObject\",\"inLanguage\":\"pt-BR\",\"@id\":\"https:\/\/secure.gravatar.com\/avatar\/b720319e4c9a967eb58678d110f4fe35452fc5d5f97b202bac7b8acceb18c6ad?s=96&d=mm&r=g\",\"url\":\"https:\/\/secure.gravatar.com\/avatar\/b720319e4c9a967eb58678d110f4fe35452fc5d5f97b202bac7b8acceb18c6ad?s=96&d=mm&r=g\",\"contentUrl\":\"https:\/\/secure.gravatar.com\/avatar\/b720319e4c9a967eb58678d110f4fe35452fc5d5f97b202bac7b8acceb18c6ad?s=96&d=mm&r=g\",\"caption\":\"Coordena\u00e7\u00e3o\"},\"sameAs\":[\"https:\/\/www.facebook.com\/EstrategiaConcursos\",\"https:\/\/x.com\/EstratConcursos\"],\"url\":\"https:\/\/www.estrategiaconcursos.com.br\/blog\/author\/estrategia2013\/\"}]}<\/script>\n<!-- \/ Yoast SEO Premium plugin. -->","yoast_head_json":{"title":"ENTREVISTA: Renan Melo - Aprovado no concurso da PF para o cargo de Agente","description":"Confira nossa entrevista com Renan Melo, aprovado em 93\u00ba lugar no concurso da Pol\u00edcia Federal para o cargo de Agente","robots":{"index":"index","follow":"follow","max-snippet":"max-snippet:-1","max-image-preview":"max-image-preview:large","max-video-preview":"max-video-preview:-1"},"canonical":"https:\/\/www.estrategiaconcursos.com.br\/blog\/entrevista-renan-melo-aprovado-no-concurso-da-pf-para-o-cargo-de-agente\/","og_locale":"pt_BR","og_type":"article","og_title":"ENTREVISTA: Renan Melo - Aprovado no concurso da PF para o cargo de Agente","og_description":"Confira nossa entrevista com Renan Melo, aprovado em 93\u00ba lugar no concurso da Pol\u00edcia Federal para o cargo de Agente","og_url":"https:\/\/www.estrategiaconcursos.com.br\/blog\/entrevista-renan-melo-aprovado-no-concurso-da-pf-para-o-cargo-de-agente\/","og_site_name":"Estrat\u00e9gia Concursos","article_author":"https:\/\/www.facebook.com\/EstrategiaConcursos","article_published_time":"2019-05-08T09:34:59+00:00","og_image":[{"width":613,"height":360,"url":"https:\/\/dhg1h5j42swfq.cloudfront.net\/2019\/05\/07141521\/renan-22.jpg","type":"image\/jpeg"}],"author":"Coordena\u00e7\u00e3o","twitter_card":"summary_large_image","twitter_creator":"@EstratConcursos","twitter_site":"@EstratConcursos","twitter_misc":{"Escrito por":"Coordena\u00e7\u00e3o","Est. tempo de leitura":"11 minutos"},"schema":{"@context":"https:\/\/schema.org","@graph":[{"@type":"NewsArticle","@id":"https:\/\/www.estrategiaconcursos.com.br\/blog\/entrevista-renan-melo-aprovado-no-concurso-da-pf-para-o-cargo-de-agente\/#article","isPartOf":{"@id":"https:\/\/www.estrategiaconcursos.com.br\/blog\/entrevista-renan-melo-aprovado-no-concurso-da-pf-para-o-cargo-de-agente\/"},"author":{"name":"Coordena\u00e7\u00e3o","@id":"https:\/\/www.estrategiaconcursos.com.br\/blog\/#\/schema\/person\/b4a388c97673c5f483d72185668afa1f"},"headline":"ENTREVISTA: Renan Melo &#8211; Aprovado no concurso da PF para o cargo de Agente","datePublished":"2019-05-08T09:34:59+00:00","mainEntityOfPage":{"@id":"https:\/\/www.estrategiaconcursos.com.br\/blog\/entrevista-renan-melo-aprovado-no-concurso-da-pf-para-o-cargo-de-agente\/"},"wordCount":2132,"commentCount":1,"publisher":{"@id":"https:\/\/www.estrategiaconcursos.com.br\/blog\/#organization"},"image":{"@id":"https:\/\/www.estrategiaconcursos.com.br\/blog\/entrevista-renan-melo-aprovado-no-concurso-da-pf-para-o-cargo-de-agente\/#primaryimage"},"thumbnailUrl":"https:\/\/dhg1h5j42swfq.cloudfront.net\/2019\/05\/07141521\/renan-22.jpg","articleSection":["Concursos P\u00fablicos"],"inLanguage":"pt-BR","potentialAction":[{"@type":"CommentAction","name":"Comment","target":["https:\/\/www.estrategiaconcursos.com.br\/blog\/entrevista-renan-melo-aprovado-no-concurso-da-pf-para-o-cargo-de-agente\/#respond"]}],"copyrightYear":"2019","copyrightHolder":{"@id":"https:\/\/www.estrategiaconcursos.com.br\/blog\/#organization"}},{"@type":"WebPage","@id":"https:\/\/www.estrategiaconcursos.com.br\/blog\/entrevista-renan-melo-aprovado-no-concurso-da-pf-para-o-cargo-de-agente\/","url":"https:\/\/www.estrategiaconcursos.com.br\/blog\/entrevista-renan-melo-aprovado-no-concurso-da-pf-para-o-cargo-de-agente\/","name":"ENTREVISTA: Renan Melo - Aprovado no concurso da PF para o cargo de Agente","isPartOf":{"@id":"https:\/\/www.estrategiaconcursos.com.br\/blog\/#website"},"primaryImageOfPage":{"@id":"https:\/\/www.estrategiaconcursos.com.br\/blog\/entrevista-renan-melo-aprovado-no-concurso-da-pf-para-o-cargo-de-agente\/#primaryimage"},"image":{"@id":"https:\/\/www.estrategiaconcursos.com.br\/blog\/entrevista-renan-melo-aprovado-no-concurso-da-pf-para-o-cargo-de-agente\/#primaryimage"},"thumbnailUrl":"https:\/\/dhg1h5j42swfq.cloudfront.net\/2019\/05\/07141521\/renan-22.jpg","datePublished":"2019-05-08T09:34:59+00:00","description":"Confira nossa entrevista com Renan Melo, aprovado em 93\u00ba lugar no concurso da Pol\u00edcia Federal para o cargo de Agente","breadcrumb":{"@id":"https:\/\/www.estrategiaconcursos.com.br\/blog\/entrevista-renan-melo-aprovado-no-concurso-da-pf-para-o-cargo-de-agente\/#breadcrumb"},"inLanguage":"pt-BR","potentialAction":[{"@type":"ReadAction","target":["https:\/\/www.estrategiaconcursos.com.br\/blog\/entrevista-renan-melo-aprovado-no-concurso-da-pf-para-o-cargo-de-agente\/"]}]},{"@type":"ImageObject","inLanguage":"pt-BR","@id":"https:\/\/www.estrategiaconcursos.com.br\/blog\/entrevista-renan-melo-aprovado-no-concurso-da-pf-para-o-cargo-de-agente\/#primaryimage","url":"https:\/\/dhg1h5j42swfq.cloudfront.net\/2019\/05\/07141521\/renan-22.jpg","contentUrl":"https:\/\/dhg1h5j42swfq.cloudfront.net\/2019\/05\/07141521\/renan-22.jpg","width":613,"height":360},{"@type":"BreadcrumbList","@id":"https:\/\/www.estrategiaconcursos.com.br\/blog\/entrevista-renan-melo-aprovado-no-concurso-da-pf-para-o-cargo-de-agente\/#breadcrumb","itemListElement":[{"@type":"ListItem","position":1,"name":"In\u00edcio","item":"https:\/\/www.estrategiaconcursos.com.br\/blog\/"},{"@type":"ListItem","position":2,"name":"ENTREVISTA: Renan Melo &#8211; Aprovado no concurso da PF para o cargo de Agente"}]},{"@type":"WebSite","@id":"https:\/\/www.estrategiaconcursos.com.br\/blog\/#website","url":"https:\/\/www.estrategiaconcursos.com.br\/blog\/","name":"Estrat\u00e9gia Concursos","description":"O blog da Estrat\u00e9gia Concursos traz not\u00edcias sobre concursos e artigos de professores oferecendo cursos para concursos (pdf + videaulas) no site.","publisher":{"@id":"https:\/\/www.estrategiaconcursos.com.br\/blog\/#organization"},"potentialAction":[{"@type":"SearchAction","target":{"@type":"EntryPoint","urlTemplate":"https:\/\/www.estrategiaconcursos.com.br\/blog\/?s={search_term_string}"},"query-input":{"@type":"PropertyValueSpecification","valueRequired":true,"valueName":"search_term_string"}}],"inLanguage":"pt-BR"},{"@type":"Organization","@id":"https:\/\/www.estrategiaconcursos.com.br\/blog\/#organization","name":"Estrat\u00e9gia Concursos","url":"https:\/\/www.estrategiaconcursos.com.br\/blog\/","logo":{"@type":"ImageObject","inLanguage":"pt-BR","@id":"https:\/\/www.estrategiaconcursos.com.br\/blog\/#\/schema\/logo\/image\/","url":"https:\/\/dhg1h5j42swfq.cloudfront.net\/2025\/06\/03203428\/logo_concursos-1.jpg","contentUrl":"https:\/\/dhg1h5j42swfq.cloudfront.net\/2025\/06\/03203428\/logo_concursos-1.jpg","width":230,"height":60,"caption":"Estrat\u00e9gia Concursos"},"image":{"@id":"https:\/\/www.estrategiaconcursos.com.br\/blog\/#\/schema\/logo\/image\/"},"sameAs":["https:\/\/x.com\/EstratConcursos"]},{"@type":"Person","@id":"https:\/\/www.estrategiaconcursos.com.br\/blog\/#\/schema\/person\/b4a388c97673c5f483d72185668afa1f","name":"Coordena\u00e7\u00e3o","image":{"@type":"ImageObject","inLanguage":"pt-BR","@id":"https:\/\/secure.gravatar.com\/avatar\/b720319e4c9a967eb58678d110f4fe35452fc5d5f97b202bac7b8acceb18c6ad?s=96&d=mm&r=g","url":"https:\/\/secure.gravatar.com\/avatar\/b720319e4c9a967eb58678d110f4fe35452fc5d5f97b202bac7b8acceb18c6ad?s=96&d=mm&r=g","contentUrl":"https:\/\/secure.gravatar.com\/avatar\/b720319e4c9a967eb58678d110f4fe35452fc5d5f97b202bac7b8acceb18c6ad?s=96&d=mm&r=g","caption":"Coordena\u00e7\u00e3o"},"sameAs":["https:\/\/www.facebook.com\/EstrategiaConcursos","https:\/\/x.com\/EstratConcursos"],"url":"https:\/\/www.estrategiaconcursos.com.br\/blog\/author\/estrategia2013\/"}]}},"_links":{"self":[{"href":"https:\/\/www.estrategiaconcursos.com.br\/blog\/wp-json\/wp\/v2\/posts\/372160","targetHints":{"allow":["GET"]}}],"collection":[{"href":"https:\/\/www.estrategiaconcursos.com.br\/blog\/wp-json\/wp\/v2\/posts"}],"about":[{"href":"https:\/\/www.estrategiaconcursos.com.br\/blog\/wp-json\/wp\/v2\/types\/post"}],"author":[{"embeddable":true,"href":"https:\/\/www.estrategiaconcursos.com.br\/blog\/wp-json\/wp\/v2\/users\/1"}],"replies":[{"embeddable":true,"href":"https:\/\/www.estrategiaconcursos.com.br\/blog\/wp-json\/wp\/v2\/comments?post=372160"}],"version-history":[{"count":2,"href":"https:\/\/www.estrategiaconcursos.com.br\/blog\/wp-json\/wp\/v2\/posts\/372160\/revisions"}],"predecessor-version":[{"id":372173,"href":"https:\/\/www.estrategiaconcursos.com.br\/blog\/wp-json\/wp\/v2\/posts\/372160\/revisions\/372173"}],"wp:featuredmedia":[{"embeddable":true,"href":"https:\/\/www.estrategiaconcursos.com.br\/blog\/wp-json\/wp\/v2\/media\/372168"}],"wp:attachment":[{"href":"https:\/\/www.estrategiaconcursos.com.br\/blog\/wp-json\/wp\/v2\/media?parent=372160"}],"wp:term":[{"taxonomy":"category","embeddable":true,"href":"https:\/\/www.estrategiaconcursos.com.br\/blog\/wp-json\/wp\/v2\/categories?post=372160"},{"taxonomy":"post_tag","embeddable":true,"href":"https:\/\/www.estrategiaconcursos.com.br\/blog\/wp-json\/wp\/v2\/tags?post=372160"},{"taxonomy":"tax_estado","embeddable":true,"href":"https:\/\/www.estrategiaconcursos.com.br\/blog\/wp-json\/wp\/v2\/tax_estado?post=372160"}],"curies":[{"name":"wp","href":"https:\/\/api.w.org\/{rel}","templated":true}]}}