{"id":371261,"date":"2019-05-06T03:49:04","date_gmt":"2019-05-06T06:49:04","guid":{"rendered":"https:\/\/www.estrategiaconcursos.com.br\/blog\/?p=371261"},"modified":"2019-05-06T03:51:50","modified_gmt":"2019-05-06T06:51:50","slug":"gabarito-comentado-de-direito-administrativo-prova-pgm-curitiba-com-recurso","status":"publish","type":"post","link":"https:\/\/www.estrategiaconcursos.com.br\/blog\/gabarito-comentado-de-direito-administrativo-prova-pgm-curitiba-com-recurso\/","title":{"rendered":"Gabarito Comentado de Direito Administrativo &#8211; Prova PGM-Curitiba (Com Recurso)"},"content":{"rendered":"\n<p>Ol\u00e1 amigos, tudo bem!?<\/p>\n<p>Para quem n\u00e3o me conhece, muito prazer! Meu nome \u00e9 <strong>Wagner Damazio<\/strong> e sou professor de <strong>Direito Administrativo<\/strong> do Estrat\u00e9gia Carreira Jur\u00eddica.<\/p>\n<p>Hoje, dia 05 de maio de 2019, ocorreu a aplica\u00e7\u00e3o da prova objetiva para ingresso \u00e0 carreira de <strong>Procurador do Munic\u00edpio de Curitiba<\/strong>. Foram 100 quest\u00f5es aplicadas pela Banca UFPR, <strong>sendo 15 quest\u00f5es de Direito Administrativo<\/strong>.<\/p>\n<p>Nosso objetivo neste post \u00e9 comentar cada uma das quest\u00f5es da prova.<\/p>\n<p>Antes, contudo, deixo a dica de que no meu perfil no Instagram voc\u00ea pode ter acesso a muito conte\u00fado gratuito de Direito Administrativo e de Legisla\u00e7\u00e3o Tribut\u00e1ria Municipal.<\/p>\n<p>Inclusive, voc\u00ea tem o <strong>Curso de Direito Administrativo Gr\u00e1tis (em slides)<\/strong> a sua disposi\u00e7\u00e3o.<\/p>\n<p style=\"text-align: left;\">Portanto, para fazer&nbsp;<em>download<\/em>&nbsp;do material, acesse o meu perfil no Instagram:&nbsp;<\/p>\n<p style=\"text-align: center;\"><strong>@professorwagnerdamazio<\/strong>&nbsp;e clique no link constante na bio.<\/p>\n\n\n\n<div class=\"wp-block-image\"><figure class=\"aligncenter is-resized\"><img loading=\"lazy\" decoding=\"async\" src=\"https:\/\/dhg1h5j42swfq.cloudfront.net\/2019\/05\/05220049\/instagram-%40professorwagnerdamazio.png\" alt=\"\" class=\"wp-image-371262\" width=\"298\" height=\"63\" srcset=\"https:\/\/dhg1h5j42swfq.cloudfront.net\/2019\/05\/05220049\/instagram-%40professorwagnerdamazio.png 632w, https:\/\/dhg1h5j42swfq.cloudfront.net\/2019\/05\/05220049\/instagram-%40professorwagnerdamazio.png 300w, https:\/\/dhg1h5j42swfq.cloudfront.net\/2019\/05\/05220049\/instagram-%40professorwagnerdamazio.png 610w\" sizes=\"auto, (max-width: 298px) 100vw, 298px\" \/><\/figure><\/div>\n\n\n\n<p>Caso queira, acesse o post para saber mais sobre o <strong>curso de Direito Administrativo Gr\u00e1tis (em slides)<\/strong>:<\/p>\n\n\n\n<p style=\"text-align:center\"><a href=\"https:\/\/www.estrategiaconcursos.com.br\/blog\/sonhando-com-o-direito-administrativo-curso-em-slides-material-gratis-wagner-damazio\/\">https:\/\/www.estrategiaconcursos.com.br\/blog\/sonhando-com-o-direito-administrativo-curso-em-slides-material-gratis-wagner-damazio\/<\/a> <\/p>\n\n\n\n<p>Vamos aos coment\u00e1rios da prova de Direito Administrativo para a PGM-Curitiba!<\/p>\n<p><strong>Quest\u00e3o 16:<\/strong>&nbsp;Conforme explica Irene Patr\u00edcia Nohara (2018), \u201ctanto a desconcentra\u00e7\u00e3o como a descentraliza\u00e7\u00e3o s\u00e3o t\u00e9cnicas utilizadas para racionalizar o desenvolvimento e a presta\u00e7\u00e3o de atividades do Estado\u201d. Considerando o tema tratado, assinale a alternativa correta.<\/p>\n<p>a) Como decorr\u00eancia do processo de desconcentra\u00e7\u00e3o, surge a Administra\u00e7\u00e3o Indireta da Uni\u00e3o, Estados, Distrito Federal e Munic\u00edpios.<\/p>\n<p>b) A descentraliza\u00e7\u00e3o pode ser definida como a realoca\u00e7\u00e3o de \u00f3rg\u00e3os administrativos despersonalizados.<\/p>\n<p>c) As sociedades de economia mista e as empresas p\u00fablicas s\u00e3o consideradas entes estatais, mesmo sendo detentoras de personalidade jur\u00eddica de direito privado.<\/p>\n<p>d) Os cons\u00f3rcios p\u00fablicos s\u00e3o \u00f3rg\u00e3os despersonalizados, podendo ser tanto de direito p\u00fablico quanto de direito privado.<\/p>\n<p>e) Os servi\u00e7os sociais aut\u00f4nomos s\u00e3o esp\u00e9cies de autarquias.&nbsp;<\/p>\n<p><strong>Gabarito: alternativa C<\/strong><\/p>\n<p><span style=\"color: #ff0000;\">Incorreta a alternativa &#8220;a&#8221;<\/span> porque o surgimento da Administra\u00e7\u00e3o Indireta decorre da t\u00e9cnica de descentraliza\u00e7\u00e3o (descentraliza\u00e7\u00e3o por servi\u00e7os, funcional ou t\u00e9cnica, tamb\u00e9m denominada descentraliza\u00e7\u00e3o por outorga) e n\u00e3o da desconcentra\u00e7\u00e3o.&nbsp;<\/p>\n<p><span style=\"color: #ff0000;\">Incorreta a alternativa &#8220;b&#8221;<\/span> porque a t\u00e9cnica de descentraliza\u00e7\u00e3o pressup\u00f5e o surgimento de novas pessoas jur\u00eddicas. A cria\u00e7\u00e3o de \u00f3rg\u00e3os despersonalizados dentro da estrutura piramidal da Administra\u00e7\u00e3o P\u00fablica faz parte da t\u00e9cnica da desconcentra\u00e7\u00e3o.<\/p>\n<p><span style=\"color: #0000ff;\">Correta a alternativa &#8220;c&#8221; <\/span>porque, de fato, as Estatais (Sociedades de Economia Mistas, Empresas P\u00fablicas e suas subsidi\u00e1rias) integram a Administra\u00e7\u00e3o P\u00fablica Indireta, mesmo tendo personalidade jur\u00eddica de direito privado. Nessa linha, os artigos 3\u00ba e 4\u00ba da Lei das Estatais (Lei n\u00ba 13.303, de 2016):<\/p>\n<p class=\"Artigo\" style=\"text-align: right;\" align=\"justify\"><em>Art. 3\u00ba Empresa p\u00fablica \u00e9 a entidade dotada de personalidade jur\u00eddica de direito privado, com cria\u00e7\u00e3o autorizada por lei e com patrim\u00f4nio pr\u00f3prio, cujo capital social \u00e9 integralmente detido pela Uni\u00e3o, pelos Estados, pelo Distrito Federal ou pelos Munic\u00edpios.<\/em><\/p>\n<p class=\"Artigo\" style=\"text-align: right;\" align=\"justify\"><em>Art. 4\u00ba Sociedade de economia mista \u00e9 a entidade dotada de personalidade jur\u00eddica de direito privado, com cria\u00e7\u00e3o autorizada por lei, sob a forma de sociedade an\u00f4nima, cujas a\u00e7\u00f5es com direito a voto perten\u00e7am em sua maioria \u00e0 Uni\u00e3o, aos Estados, ao Distrito Federal, aos Munic\u00edpios ou a entidade da administra\u00e7\u00e3o indireta.<\/em><\/p>\n<p><span style=\"color: #ff0000;\">Incorreta a alternativa &#8220;d&#8221;<\/span> porque os Cons\u00f3rcios P\u00fablicos, tratados pela Lei n\u00ba 11.107, de 2005, s\u00e3o entes personalizados, constituindo-se em Associa\u00e7\u00e3o P\u00fablica ou Pessoa Jur\u00eddica de Direito Privado. Nessa linha, veja o art. 6\u00ba da aludida lei:<\/p>\n<p style=\"text-align: right;\" align=\"JUSTIFY\"><em>Art. 6<sup><u>o<\/u><\/sup>&nbsp;O cons\u00f3rcio p\u00fablico adquirir\u00e1 personalidade jur\u00eddica:<\/em><\/p>\n<p style=\"text-align: right;\" align=\"JUSTIFY\"><em>&nbsp;&nbsp;&nbsp;&nbsp;&nbsp;&nbsp;&nbsp; I \u2013 de direito p\u00fablico, no caso de constituir associa\u00e7\u00e3o p\u00fablica, mediante a vig\u00eancia das leis de ratifica\u00e7\u00e3o do protocolo de inten\u00e7\u00f5es;<\/em><\/p>\n<p style=\"text-align: right;\" align=\"JUSTIFY\"><em>&nbsp;&nbsp;&nbsp;&nbsp;&nbsp;&nbsp;&nbsp; II \u2013 de direito privado, mediante o atendimento dos requisitos da legisla\u00e7\u00e3o civil.<\/em><\/p>\n<p style=\"text-align: right;\" align=\"JUSTIFY\"><em>&nbsp;&nbsp;&nbsp;&nbsp;&nbsp;&nbsp;&nbsp; \u00a7 1<sup><u>o<\/u><\/sup>&nbsp;O cons\u00f3rcio p\u00fablico com personalidade jur\u00eddica de direito p\u00fablico integra a administra\u00e7\u00e3o indireta de todos os entes da Federa\u00e7\u00e3o consorciados.<\/em><\/p>\n<p style=\"text-align: right;\" align=\"JUSTIFY\"><em>&nbsp;&nbsp;&nbsp;&nbsp;&nbsp;&nbsp;&nbsp; \u00a7 2<sup><u>o<\/u><\/sup>&nbsp;No caso de se revestir de personalidade jur\u00eddica de direito privado, o cons\u00f3rcio p\u00fablico observar\u00e1 as normas de direito p\u00fablico no que concerne \u00e0 realiza\u00e7\u00e3o de licita\u00e7\u00e3o, celebra\u00e7\u00e3o de contratos, presta\u00e7\u00e3o de contas e admiss\u00e3o de pessoal, que ser\u00e1 regido pela Consolida\u00e7\u00e3o das Leis do Trabalho &#8211; CLT.<\/em><\/p>\n<p align=\"JUSTIFY\"><span style=\"color: #ff0000;\">Incorreta a alternativa &#8220;e&#8221;<\/span> porque os servi\u00e7os sociais aut\u00f4nomos s\u00e3o pessoas jur\u00eddicas de direito privado, n\u00e3o integrantes da Administra\u00e7\u00e3o P\u00fablica indireta, criadas ou autorizadas por lei para realizarem atividade de interesse p\u00fablico n\u00e3o exclusivo do Estado, sem fins lucrativos, e que por esse motivo s\u00e3o fomentadas, incentivadas e subvencionadas pela Administra\u00e7\u00e3o P\u00fablica.<\/p>\n\n\n\n<p><strong>Quest\u00e3o 17: <\/strong> A Lei Municipal n\u00ba 11.001\/04 instituiu o Plano de Carreiras para o cargo de Procurador do Munic\u00edpio de Curitiba. Com base<br \/> em suas disposi\u00e7\u00f5es, considere as seguintes afirmativas:<\/p>\n\n\n\n<p>1 &#8211; A fun\u00e7\u00e3o de Procurador do Munic\u00edpio de Curitiba \u00e9 de natureza permanente, sendo permitida em car\u00e1ter tempor\u00e1rio<br \/> e excepcional a realiza\u00e7\u00e3o de tais atribui\u00e7\u00f5es por terceiros n\u00e3o integrantes da carreira, desde que autorizada<br \/> expressamente por Decreto do Poder Executivo municipal.<\/p>\n\n\n\n<p>2 &#8211; S\u00e3o princ\u00edpios b\u00e1sicos do plano de carreira: o fortalecimento da autonomia do Procurador do Munic\u00edpio, o<br \/> induzimento \u00e0 presta\u00e7\u00e3o de servi\u00e7os p\u00fablicos de excel\u00eancia e o desenvolvimento de trajet\u00f3ria profissional<br \/> correspons\u00e1vel.<\/p>\n\n\n\n<p>3 &#8211; Compet\u00eancias s\u00e3o conhecimentos, habilidades e atitudes interdependentes, segundo padr\u00f5es previamente<br \/> conhecidos, que se manifestam atrav\u00e9s do comportamento profissional e contribuem para o alcance do resultado<br \/> esperado no trabalho.<\/p>\n\n\n\n<p>4 &#8211; Devem ser garantidos, mediante inser\u00e7\u00e3o em t\u00f3pico espec\u00edfico da Lei de Diretrizes Or\u00e7ament\u00e1rias, os recursos<br \/> necess\u00e1rios \u00e0 concess\u00e3o do crescimento horizontal para a totalidade dos titulares do cargo de Procurador, est\u00e1veis,<br \/> que cumpram os requisitos estabelecidos da lei, a cada procedimento.<br \/><\/p>\n\n\n\n<p>Assinale a alternativa correta.<br \/> a) Somente a afirmativa 1 \u00e9 verdadeira.<br \/> b) Somente as afirmativas 1 e 2 s\u00e3o verdadeiras.<br \/> c) Somente as afirmativas 3 e 4 s\u00e3o verdadeiras.<br \/> d) Somente as afirmativas 2, 3 e 4 s\u00e3o verdadeiras.<br \/> e) As afirmativas 1, 2, 3 e 4 s\u00e3o verdadeiras. <\/p>\n\n\n\n<p><strong>Gabarito: alternativa D<\/strong><\/p>\n\n\n\n<p><span style=\"color: #ff0000;\">Incorreta a assertiva &#8220;1&#8221;<\/span> porque, de acordo com o art. 2\u00ba da Lei n\u00ba 11.101, de 2004, de Curitiba:<\/p>\n<p style=\"text-align: right;\"><em><span class=\"label label-pill label-danger\">Art. 2\u00ba<\/span>&nbsp;A carreira p\u00fablica de Procurador do Munic\u00edpio de Curitiba \u00e9 de natureza permanente e essencial ao desenvolvimento das fun\u00e7\u00f5es de representa\u00e7\u00e3o judicial e consultoria no \u00e2mbito da Administra\u00e7\u00e3o Direta, aut\u00e1rquica e fundacional do Munic\u00edpio de Curitiba, <strong>vedada a realiza\u00e7\u00e3o de suas atribui\u00e7\u00f5es por terceiros n\u00e3o integrantes da carreira, servidores ou n\u00e3o<\/strong>.&nbsp;<\/em><\/p>\n<p><span style=\"color: #0000ff;\">Correta a assertiva &#8220;2&#8221;<\/span> porque, de acordo com o art. 3\u00ba da Lei n\u00ba 11.101, de 2004, de Curitiba:<\/p>\n<p style=\"text-align: right;\"><em>Art. 3\u00ba O Plano de Carreira tem como princ\u00edpios b\u00e1sicos:<\/em><br \/><br \/><em>I &#8211; o fortalecimento da autonomia do Procurador do Munic\u00edpio, permitindo efetivo controle interno dos atos da Administra\u00e7\u00e3o Direta;<\/em><br \/><br \/><em>II &#8211; o induzimento \u00e0 presta\u00e7\u00e3o de servi\u00e7os p\u00fablicos de excel\u00eancia;<\/em><br \/><br \/><em>III &#8211; o desenvolvimento de trajet\u00f3ria profissional co-respons\u00e1vel, que possibilite o estabelecimento da trajet\u00f3ria de carreira, mediante crescimento horizontal e vertical por merecimento.<\/em><\/p>\n<p><span style=\"color: #0000ff;\">Correta a assertiva &#8220;3&#8221;<\/span> porque, de acordo com o inciso III do art. 5\u00ba da Lei n\u00ba 11.101, de 2004, de Curitiba:<\/p>\n<p style=\"text-align: right;\"><em>Art. 5\u00ba Para os efeitos desta lei, entende-se por: (&#8230;)<\/em><\/p>\n<p style=\"text-align: right;\"><em>III &#8211; Compet\u00eancias &#8211; agrupamento de conhecimentos, habilidades e atitudes interdependentes, segundo padr\u00f5es previamente conhecidos, que se manifestam atrav\u00e9s do comportamento profissional e contribuem para o alcance do resultado esperado no trabalho;<\/em><\/p>\n<p><span style=\"color: #0000ff;\">Correta a assertiva &#8220;4&#8221;<\/span> porque, de acordo com o art. 20 da Lei n\u00ba 11.101, de 2004, de Curitiba:<\/p>\n<p style=\"text-align: right;\"><em><span class=\"label label-pill label-danger\">Art. 20<\/span>&nbsp;A Administra\u00e7\u00e3o garantir\u00e1, mediante inser\u00e7\u00e3o em t\u00f3pico espec\u00edfico da Lei de Diretrizes Or\u00e7ament\u00e1rias, os recursos necess\u00e1rios \u00e0 concess\u00e3o do Crescimento Horizontal para a totalidade dos titulares do cargo de Procurador, est\u00e1veis, que cumpram os requisitos estabelecidos no artigo anterior, a cada procedimento.<\/em><\/p>\n\n\n\n<p><strong>Quest\u00e3o 18: <\/strong> N\u00e3o h\u00e1 assunto mais tratado no Direito Administrativo contempor\u00e2neo do que o referente ao exerc\u00edcio da discricionariedade administrativa e seus limites. V\u00e1rios outros temas est\u00e3o coligados a esse assunto central. Sobre essa importante tem\u00e1tica, assinale a alternativa correta.&nbsp;<\/p>\n<p>a) Os atos administrativos discricion\u00e1rios podem ser anulados em caso de v\u00edcio de um dos seus elementos ou convalidados em caso da presen\u00e7a de um leg\u00edtimo motivo de interesse p\u00fablico justificador.<\/p>\n<p>b) A legisla\u00e7\u00e3o de cada ente federativo deve estabelecer como <em>numerus clausus<\/em> os atos que ser\u00e3o considerados atos vinculados e aqueles que ser\u00e3o caracterizados como atos vinculados.<\/p>\n<p>c) Al\u00e9m dos atos administrativos, os fatos da Administra\u00e7\u00e3o tamb\u00e9m podem ser caracterizados como discricion\u00e1rios.<\/p>\n<p>d) \u00c9 vedada a revoga\u00e7\u00e3o de atos vinculados segundo a reda\u00e7\u00e3o expressa da Constitui\u00e7\u00e3o.<\/p>\n<p>e) Os atos administrativos complexos n\u00e3o podem ser atos discricion\u00e1rios.<\/p>\n<p><strong>Gabarito: alternativa A<\/strong><\/p>\n<p><span style=\"color: #0000ff;\">Correta a alternativa &#8220;a&#8221;<\/span> porque, de fato, discricionariedade n\u00e3o se confunde com arbitrariedade e, portanto, havendo v\u00edcio dever\u00e1 ser anulado, seja no exerc\u00edcio da autotutela da Administra\u00e7\u00e3o P\u00fablica (Controle Interno) ou no exerc\u00edcio leg\u00edtimo pelo Controle Externo (dentro dos limites de atua\u00e7\u00e3o previstos no ordenamento jur\u00eddico. Quanto \u00e0 convalida\u00e7\u00e3o, cabe dizer que, sendo san\u00e1vel o defeito do ato administrativo e n\u00e3o acarretando les\u00e3o ao interesse p\u00fablico nem preju\u00edzo a terceiros, o ato poder\u00e1 ser convalidado pela pr\u00f3pria Administra\u00e7\u00e3o P\u00fablica (nessa linha, por exemplo, o art. 55 da Lei n\u00ba 9.784, de 1999).<\/p>\n<p><span style=\"color: #ff0000;\">Incorreta a alternativa &#8220;b&#8221;<\/span> porque o Regime Jur\u00eddico do Direito Administrativo, em especial dos atos administrativos e do exerc\u00edcio do Poder Discricion\u00e1rio, n\u00e3o exige a listagem taxativa (<em>numerus clausus<\/em>) dos atos que s\u00e3o discricion\u00e1rios (conveni\u00eancia e oportunidade \/ m\u00e9rito administrativo \/ variabilidade dos elementos motivo e objeto do ato administrativo) e dos atos que s\u00e3o vinculados (todos os cinco elementos dos atos administrativo est\u00e3o definidos em lei &#8211; compet\u00eancia, forma, finalidade, motivo e objeto).<\/p>\n<p><span style=\"color: #ff0000;\">Incorreta a alternativa &#8220;c&#8221;&nbsp;<span style=\"color: #000000;\">porque fatos da administra\u00e7\u00e3o s\u00e3o aqueles acontecimentos praticados pela Administra\u00e7\u00e3o P\u00fablica que n\u00e3o apresentam nenhuma repercuss\u00e3o no \u00e2mbito do Direito Administrativo. N\u00e3o confunda Fato DA Administra\u00e7\u00e3o com Fato Administrativo. Este &#8220;tem o<\/span><\/span>de atividade material no exerc\u00edcio da fun\u00e7\u00e3o administrativa que visa a efeitos de ordem pr\u00e1tica para a Administra\u00e7\u00e3o&#8221; (Jos\u00e9 dos Santos Carvalho Filho &#8211; Manual de Direito Administrativo, 31\u00aa edi\u00e7\u00e3o, p 101).<\/p>\n<p><span style=\"color: #ff0000;\">Incorreta a alternativa &#8220;d&#8221; <span style=\"color: #000000;\">porque n\u00e3o h\u00e1 no texto constitucional qualquer veda\u00e7\u00e3o expressa \u00e0 revoga\u00e7\u00e3o de atos vinculados. Segundo parte da doutrina, de fato, os atos vinculados n\u00e3o podem ser revogados.<\/span><\/span><\/p>\n<p><span style=\"color: #ff0000;\">Incorreta a alternativa &#8220;e&#8221;&nbsp;<span style=\"color: #000000;\">porque atos administrativos complexos s\u00e3o aqueles que se originam da manifesta\u00e7\u00e3o da vontade de mais de um \u00f3rg\u00e3o administrativo, podendo ser singulares ou colegiados. H\u00e1 um concurso de vontade homog\u00eanea de \u00f3rg\u00e3os para a produ\u00e7\u00e3o do um \u00fanico ato administrativo. Logo, podem sim ser discricion\u00e1rios. Exemplo: assinatura de um Decreto pelo Chefe do Poder Executivo, referendado pelo Ministro ou Secret\u00e1rio.<\/span><\/span><\/p>\n\n\n\n<p><strong>Quest\u00e3o 19:<\/strong> O desfazimento dos atos administrativos \u00e9 uma tarefa corriqueira da Administra\u00e7\u00e3o. \u00c9 essencial que se mantenham respeitados os princ\u00edpios da Administra\u00e7\u00e3o P\u00fablica e as regras do ordenamento positivo, a partir da ideia de que o agente p\u00fablico n\u00e3o disp\u00f5e dos meios administrativos segundo a sua vontade. Considerando essa realidade, assinale a alternativa correta.<\/p>\n<p>a) A revoga\u00e7\u00e3o \u00e9 ato administrativo que desfaz o ato anterior desde que haja a constata\u00e7\u00e3o de algum v\u00edcio.<\/p>\n<p>b) A revoga\u00e7\u00e3o dos atos administrativos pode ser realizada tanto pela Administra\u00e7\u00e3o P\u00fablica quanto pelo Poder Judici\u00e1rio.<\/p>\n<p>c) A Constitui\u00e7\u00e3o Federal veda expressamente a convalida\u00e7\u00e3o judicial de atos administrativos.<\/p>\n<p>d) Segundo a legisla\u00e7\u00e3o regente da mat\u00e9ria, a convalida\u00e7\u00e3o \u00e9 um ato administrativo que somente pode ser realizado por uma autoridade superior \u00e0 autoridade que praticou o ato convalidado.<\/p>\n<p>e) Em que pese os seus caracter\u00edsticos efeitos ex tunc, a anula\u00e7\u00e3o de um ato administrativo pode, excepcionalmente, n\u00e3o acarretar efeitos retroativos plenos.<\/p>\n<p><strong>Gabarito: alternativa E<\/strong><\/p>\n<p><span style=\"color: #ff0000;\">Incorreta a alternativa &#8220;a&#8221; <span style=\"color: #000000;\">porque a revoga\u00e7\u00e3o \u00e9 o desfazimento de um ato administrativo por motivo de conveni\u00eancia ou oportunidade, respeitados os direitos adquiridos (art. 53 da Lei n\u00ba 9.784, de 1999). Quando eivado de v\u00edcio, a Administra\u00e7\u00e3o P\u00fablica tem o poder-dever de anul\u00e1-lo.<\/span><\/span><\/p>\n<p>Nessa linha, a S\u00famula 473 do STF: <em>A administra\u00e7\u00e3o pode anular seus pr\u00f3prios atos, quando eivados de v\u00edcios que os tornam ilegais, porque deles n\u00e3o se originam direitos; ou revog\u00e1-los, por motivo de conveni\u00eancia ou oportunidade, respeitados os direitos adquiridos, e ressalvada, em todos os casos, a aprecia\u00e7\u00e3o judicial.<\/em><\/p>\n<p><span style=\"color: #ff0000;\">Incorreta a alternativa &#8220;b&#8221;&nbsp;<span style=\"color: #000000;\">porque ao Poder Judici\u00e1rio \u00e9 vedado adentrar ao m\u00e9rito administrativo. O controle jurisdicional poder\u00e1 ocorrer em caso de ilegalidade.<\/span><\/span><\/p>\n<p><span style=\"color: #ff0000;\">Incorreta a alternativa &#8220;c&#8221; <span style=\"color: #000000;\">porque n\u00e3o h\u00e1 no texto constitucional veda\u00e7\u00e3o expressa no sentido de que ao Poder Judici\u00e1rio descabe convalidar atos administrativos.&nbsp;<\/span><\/span><\/p>\n<p><span style=\"color: #ff0000;\">Incorreta a alternativa &#8220;d&#8221; <span style=\"color: #000000;\">porque o art. 55 da Lei n\u00ba 9.784, de 1999, n\u00e3o obriga que a convalida\u00e7\u00e3o seja feita pela autoridade superior \u00e0quela que praticou o ato. Pode ser, inclusive, pela pr\u00f3pria autoridade que o produziu.&nbsp;<\/span><\/span><\/p>\n<p style=\"text-align: right;\"><em>Art. 55. Em decis\u00e3o na qual se evidencie n\u00e3o acarretarem les\u00e3o ao interesse p\u00fablico nem preju\u00edzo a terceiros, os atos que apresentarem defeitos san\u00e1veis poder\u00e3o ser convalidados pela pr\u00f3pria Administra\u00e7\u00e3o.<\/em><\/p>\n<p><span style=\"color: #ff0000;\"><span style=\"color: #0000ff;\">Correta a alternativa &#8220;e&#8221;<\/span> <span style=\"color: #000000;\">porque em linha com a posic\u00e3o doutrin\u00e1ria. De fato, a regra \u00e9 que a anula\u00e7\u00e3o do ato administrativo produza efeitos <em>ex tunc<\/em> (retroativos, desde a origem). Contudo, excepcionalmente, quando o preju\u00edzo resultante da anula\u00e7\u00e3o retroativa for maior do que o preju\u00edzo dos efeitos produzidos pelo ato, a Administra\u00e7\u00e3o dever\u00e1 ser norteada pelo interesse p\u00fablico. Nessa linha, a professora Maria Sylvia (Direito Administrativo, 30\u00aa edi\u00e7\u00e3o, pp 279 e 280).<\/span><\/span><\/p>\n\n\n\n<p><strong>Quest\u00e3o 20:<\/strong> Segundo Luciano Elias Reis (2013), \u201cinexiste uma posi\u00e7\u00e3o un\u00edssona sobre a natureza jur\u00eddica dos conv\u00eanios administrativos na doutrina brasileira\u201d. Considerando essa constata\u00e7\u00e3o, assinale a alternativa correta.<\/p>\n<p>a) Os conv\u00eanios administrativos n\u00e3o possuem regula\u00e7\u00e3o legal, estando relegados \u00e0 regula\u00e7\u00e3o por decretos municipais.<\/p>\n<p>b) Apesar da controv\u00e9rsia doutrin\u00e1ria, os conv\u00eanios administrativos s\u00e3o esp\u00e9cies de contratos administrativos, segundo reda\u00e7\u00e3o constitucional expressa.<\/p>\n<p>c) Aplicam-se as disposi\u00e7\u00f5es da Lei de Licita\u00e7\u00f5es (Lei n\u00ba 8.666\/93), no que couber, aos conv\u00eanios celebrados por \u00f3rg\u00e3os e entidades da Administra\u00e7\u00e3o.<\/p>\n<p>d) Os cons\u00f3rcios p\u00fablicos s\u00e3o modalidades t\u00edpicas de conv\u00eanios administrativos.<\/p>\n<p>e) Segundo a atual reda\u00e7\u00e3o constitucional, n\u00e3o cabe ao Poder Legislativo firmar aquiesc\u00eancia em conv\u00eanios que envolvam transfer\u00eancia de recursos financeiros, independentemente de estarem ou n\u00e3o previstos na lei or\u00e7ament\u00e1ria anual.&nbsp;<\/p>\n<p><strong>Gabarito: alternativa C.<\/strong><\/p>\n<p><span style=\"color: #ff0000;\">Incorreta a alternativa &#8220;a&#8221;<\/span> porque, por exemplo, o art. 116 da Lei n\u00ba 8.666, de 1993 (Lei Geral de Licita\u00e7\u00f5es e Contratos), e os arts. 27, \u00a73\u00ba, e 28, \u00a72\u00ba, da Lei n\u00ba 13.303, de 2016 (Lei das Estatais) disciplinam os conv\u00eanios.&nbsp;&nbsp;<\/p>\n<p><span style=\"color: #ff0000;\">Incorreta a alternativa &#8220;b&#8221;<\/span> porque conv\u00eanio \u00e9 um ajuste entre o poder p\u00fablico e entidades p\u00fablicas ou privadas para a realiza\u00e7\u00e3o de objetivos de interesse comum, mediante m\u00fatua colabora\u00e7\u00e3o (os interesses dos convenentes s\u00e3o convergentes e n\u00e3o contrapostos), e n\u00e3o um contrato administrativo (interesses contrapostos).&nbsp;&nbsp;<\/p>\n<p><span style=\"color: #0000ff;\">Correta a alternativa &#8220;c&#8221;<\/span> porque em linha com o art. 116 da Lei n\u00ba 8.666, de 1993 (Lei Geral de Licita\u00e7\u00f5es e Contratos):&nbsp;<\/p>\n<p style=\"text-align: right;\"><em>Art.&nbsp;116.&nbsp;&nbsp;Aplicam-se as disposi\u00e7\u00f5es desta Lei, no que couber, aos conv\u00eanios, acordos, ajustes e outros instrumentos cong\u00eaneres celebrados por \u00f3rg\u00e3os e entidades da Administra\u00e7\u00e3o.&nbsp;<\/em><\/p>\n<p><span style=\"color: #ff0000;\">Incorreta a alternativa &#8220;d&#8221;<\/span> porque os cons\u00f3rcios p\u00fablicos de que tratam a Lei n\u00ba 11.107, de 2005, constituem associa\u00e7\u00e3o p\u00fablica ou pessoa jur\u00eddica de direito privado decorrentes da participa\u00e7\u00e3o dos entes da federa\u00e7\u00e3o para a realiza\u00e7\u00e3o de objetivos de interesse comum. N\u00e3o se trata de conv\u00eanio. S\u00e3o constitu\u00eddos por contrato ratificado por lei. Vide art. 5\u00ba da citada lei.&nbsp;<\/p>\n<p style=\"text-align: right;\"><em>Art. 5<sup><u>o<\/u><\/sup>&nbsp;O contrato de cons\u00f3rcio p\u00fablico ser\u00e1 celebrado com a ratifica\u00e7\u00e3o, mediante lei, do protocolo de inten\u00e7\u00f5es.<\/em><\/p>\n<p><span style=\"color: #ff0000;\">Incorreta a alternativa &#8220;e&#8221; <span style=\"color: #000000;\">porque, de acordo com o inciso VI do art. 71 da CRFB, compete ao controle externo, a cargo do Congresso Nacional, exercido com o aux\u00edlio do Tribunal de Contas da Uni\u00e3o, fiscalizar a aplica\u00e7\u00e3o de quaisquer recursos repassados pela Uni\u00e3o mediante conv\u00eanio, acordo, ajuste ou outros instrumentos cong\u00eaneres, a Estado, ao Distrito Federal ou a Munic\u00edpio. Ademais, fixa <\/span><\/span><span style=\"color: #000000;\">o art. 167, inciso I, da CRFB, que s\u00e3o vedados o in\u00edcio de programas ou projetos n\u00e3o inclu\u00eddos na lei or\u00e7ament\u00e1ria anual.&nbsp;<\/span><\/p>\n\n\n\n<p><strong>Quest\u00e3o 21:<\/strong> O legislador municipal de Curitiba resolveu instituir um programa espec\u00edfico de parcerias p\u00fablico-privadas. Sobre esse regime jur\u00eddico institu\u00eddo, assinale a alternativa correta.<\/p>\n<p>a) O programa \u00e9 regido por legisla\u00e7\u00e3o pr\u00f3pria municipal e por normas gerais nacionais aplic\u00e1veis \u00e0s contrata\u00e7\u00f5es dessa modalidade, especialmente as normas gerais para a contrata\u00e7\u00e3o de parcerias p\u00fablico-privadas, aplicando-se, ainda, supletivamente e no que couber, o disposto no C\u00f3digo Civil Brasileiro, entre outras leis.<\/p>\n<p>b) \u00c9 um dos objetivos da legisla\u00e7\u00e3o municipal regente da mat\u00e9ria reduzir o financiamento privado de investimentos em atividades de interesse p\u00fablico.<\/p>\n<p>c) Podem ser objeto de parceria todas as atividades administrativas do Munic\u00edpio, inclusive aquelas definidas normativamente como insuscet\u00edveis de delega\u00e7\u00e3o.<\/p>\n<p>d) Os projetos de parceria de que trata o programa municipal de parcerias p\u00fablico-privadas n\u00e3o necessitar\u00e3o de aprova\u00e7\u00e3o mediante processo administrativo deliberativo pr\u00e9vio, bastando a edi\u00e7\u00e3o de um ato administrativo normativo para cada caso.<\/p>\n<p>e) O objeto da contrata\u00e7\u00e3o inerente ao programa municipal de parcerias p\u00fablico-privadas n\u00e3o poder\u00e1 restringir-se \u00e0 delega\u00e7\u00e3o da gest\u00e3o de bens p\u00fablicos.&nbsp;<\/p>\n<p><strong>Gabarito: alternativa A<\/strong><\/p>\n<p><span style=\"color: #0000ff;\">Correta a alternativa &#8220;a&#8221;<\/span> que est\u00e1 em linha com art. 1\u00ba da Lei n\u00ba 11.929, de 2006:<\/p>\n<p style=\"text-align: right;\"><em><span class=\"label label-pill label-danger\">Art. 1\u00ba<\/span>&nbsp;Fica institu\u00eddo o Programa Municipal de Parcerias P\u00fablico-Privadas, que ser\u00e1 regido pelas normas desta lei e pelas normas gerais nacionais aplic\u00e1veis \u00e0s contrata\u00e7\u00f5es desta modalidade, especialmente as normas gerais para a contrata\u00e7\u00e3o de parcerias p\u00fablico-privadas, Lei Federal n\u00ba 11.079, de 30 de dezembro de 2004, aplicando-se, ainda, supletivamente e no que couber, o disposto no C\u00f3digo Civil Brasileiro e nas Leis Federais n\u00bas 8.987, de 13 de fevereiro de 1995 e 8.666, de 21 de junho de 1993.&nbsp;<\/em><\/p>\n<p><span style=\"color: #ff0000;\">Incorreta a alternativa &#8220;b&#8221;<\/span> porque \u00e9 o contr\u00e1rio. O inciso II do art. 2\u00ba da aludida Lei fixa que \u00e9 um dos objetivos do Programa Municipal de Parcerias P\u00fablico-Privadas incrementar o financiamento privado de investimentos em atividades de interesse p\u00fablico m\u00fatuo.<\/p>\n<p><span style=\"color: #ff0000;\">Incorreta a alternativa &#8220;c&#8221;<\/span> porque afronta o \u00a72\u00ba do art. 2\u00ba da Lei n\u00ba 11.929, de 2006:<\/p>\n<p style=\"text-align: right;\"><em>\u00a7 2\u00ba Poder\u00e3o ser objeto de parceria todas as atividades que <strong>n\u00e3o<\/strong> sejam definidas normativamente como indeleg\u00e1veis pela Administra\u00e7\u00e3o P\u00fablica, preponderantemente as da \u00e1rea de infra-estrutura.<\/em><\/p>\n<p><span style=\"color: #ff0000;\">Incorreta a alternativa &#8220;d&#8221; <span style=\"color: #000000;\">porque afronta o &#8220;caput&#8221; do art. 5\u00ba da Lei n\u00ba 11.929, de 2006, que exige a aprova\u00e7\u00e3o mediante processo administrativo deliberativo pr\u00e9vio que compreender\u00e1 as seguintes fases:<\/span><br \/><br \/><span style=\"color: #000000;\">I &#8211; proposi\u00e7\u00e3o do projeto;<\/span><br \/><br \/><span style=\"color: #000000;\">II &#8211; an\u00e1lise da viabilidade do projeto;<\/span><br \/><br \/><span style=\"color: #000000;\">III &#8211; consulta p\u00fablica;<\/span><br \/><br \/><span style=\"color: #000000;\">IV &#8211; delibera\u00e7\u00e3o.<\/span><\/span><\/p>\n<p><span style=\"color: #ff0000;\">Incorreta a alternativa &#8220;e&#8221; <span style=\"color: #000000;\">porque o objeto da contrata\u00e7\u00e3o poder\u00e1 abranger, dentre outras atividades de interesse p\u00fablico m\u00fatuo:<br \/><br \/>I &#8211; a delega\u00e7\u00e3o da gest\u00e3o de servi\u00e7os p\u00fablicos;<br \/><br \/><strong>II &#8211; a delega\u00e7\u00e3o da gest\u00e3o de bens p\u00fablicos<\/strong>;<br \/><br \/>III &#8211; a delega\u00e7\u00e3o da gest\u00e3o de servi\u00e7os p\u00fablicos associada \u00e0 realiza\u00e7\u00e3o de obra p\u00fablica;<br \/><br \/>IV &#8211; a delega\u00e7\u00e3o da gest\u00e3o de bens p\u00fablicos associada \u00e0 realiza\u00e7\u00e3o de obra p\u00fablica.<\/span><\/span><\/p>\n\n\n\n<p><strong>Quest\u00e3o 22:<\/strong> Uma das atividades de gest\u00e3o administrativa mais importantes dos Estados contempor\u00e2neos \u00e9 o servi\u00e7o p\u00fablico. No Brasil, a tradi\u00e7\u00e3o francesa impactou significativamente a regula\u00e7\u00e3o da mat\u00e9ria, que segue, todavia, ainda muito controvertida e exigindo constante aten\u00e7\u00e3o da doutrina especializada. Sobre o assunto, assinale a alternativa correta.<\/p>\n<p>a) O conceito de servi\u00e7o p\u00fablico previsto no texto original da Constitui\u00e7\u00e3o de 1988 foi alterado por Emenda Constitucional na d\u00e9cada de 1990.<\/p>\n<p>b) A teoria do servi\u00e7o p\u00fablico brasileira, com base na Constitui\u00e7\u00e3o, costuma fazer distin\u00e7\u00e3o entre servi\u00e7os p\u00fablicos privativos (ou exclusivos) do Estado e n\u00e3o privativos (ou n\u00e3o exclusivos) do Estado.<\/p>\n<p>c) A reda\u00e7\u00e3o atual da Constitui\u00e7\u00e3o Federal pro\u00edbe a presta\u00e7\u00e3o de servi\u00e7os p\u00fablicos pela via direta.<\/p>\n<p>d) No Brasil, inexiste uma lei nacional de participa\u00e7\u00e3o, prote\u00e7\u00e3o e defesa dos direitos do usu\u00e1rio dos servi\u00e7os p\u00fablicos da administra\u00e7\u00e3o p\u00fablica.<\/p>\n<p>e) A Constitui\u00e7\u00e3o n\u00e3o faz diferen\u00e7a entre o regime jur\u00eddico da presta\u00e7\u00e3o de servi\u00e7os p\u00fablicos e a explora\u00e7\u00e3o direta de atividade econ\u00f4mica em sentido estrito pelo Estado.<\/p>\n<p><strong>Gabarito: alternativa B<\/strong><\/p>\n<p><span style=\"color: #ff0000;\">Incorreta a alternativa &#8220;a&#8221; <span style=\"color: #000000;\">porque uma das principais dificuldades acerca do tema servi\u00e7os p\u00fablicos \u00e9 a aus\u00eancia de uma defini\u00e7\u00e3o precisa. N\u00e3o h\u00e1 contornos fixos desse conceito no texto constitucional. O artigo 175 da CRFB trata do tema, mas sem apresentar uma defini\u00e7\u00e3o de servi\u00e7o p\u00fablico. Essa aus\u00eancia de defini\u00e7\u00e3o abre margem para varia\u00e7\u00f5es de conceitos na doutrina. H\u00e1 conceitos ampl\u00edssimos, amplos e restritos. Defini\u00e7\u00f5es com os mais diferentes alcances. Por exemplo, Hely Lopes Meireles assim define servi\u00e7os p\u00fablicos: <em>todo aquele prestado pela Administra\u00e7\u00e3o ou por<\/em> <em>seus delegados, sob normas e controles estatais, para satisfazer necessidades<\/em> <em>essenciais ou secund\u00e1rias da coletividade ou simples conveni\u00eancias do<\/em> <em>Estado<\/em>.<\/span><\/span><\/p>\n<p><span style=\"color: #ff0000;\"><span style=\"color: #0000ff;\">Correta a alternativa &#8220;b&#8221;<\/span> <span style=\"color: #000000;\">porque, de fato, os artigos 175 e seguintes da CRFB trazem diferencia\u00e7\u00e3o entre servi\u00e7os deleg\u00e1veis (n\u00e3o privativos ou n\u00e3o exclusivos) e servi\u00e7os n\u00e3o deleg\u00e1veis (privativos ou exclusivos). O art. 177, por exemplo, fixa aqueles que s\u00e3o monop\u00f3lio da Uni\u00e3o.<\/span><\/span><\/p>\n<p><span style=\"color: #ff0000;\">Incorreta a alternativa &#8220;c&#8221; <span style=\"color: #000000;\">porque, de acordo com o &#8220;caput&#8221; do art. 175 da CRFB, incumbe ao Poder P\u00fablico, na forma da lei, <strong>diretamente<\/strong> ou sob regime de concess\u00e3o ou permiss\u00e3o, sempre atrav\u00e9s de licita\u00e7\u00e3o, a presta\u00e7\u00e3o de servi\u00e7os p\u00fablicos.<\/span><\/span><\/p>\n<p><span style=\"color: #ff0000;\">Incorreta a alternativa &#8220;d&#8221; <span style=\"color: #000000;\">porque, em 2017, foi sancionada a Lei n\u00ba 13.460, de 2017, que disp\u00f5e sobre a participa\u00e7\u00e3o, a prote\u00e7\u00e3o e a defesa dos direitos do usu\u00e1rio dos servi\u00e7os p\u00fablicos da administra\u00e7\u00e3o p\u00fablica.<\/span><\/span><\/p>\n<p><span style=\"color: #ff0000;\">Incorreta a alternativa &#8220;e&#8221; <span style=\"color: #000000;\">porque h\u00e1 sim essa diferencia\u00e7\u00e3o entre os artigos 173 e 175 da CRFB:&nbsp;<\/span><\/span><\/p>\n<p style=\"text-align: right;\"><em>Art. 173. Ressalvados os casos previstos nesta Constitui\u00e7\u00e3o, a explora\u00e7\u00e3o direta de atividade econ\u00f4mica pelo Estado s\u00f3 ser\u00e1 permitida quando necess\u00e1ria aos imperativos da seguran\u00e7a nacional ou a relevante interesse coletivo, conforme definidos em lei.<\/em><\/p>\n<p style=\"text-align: right;\"><em>Art. 175. Incumbe ao Poder P\u00fablico, na forma da lei, diretamente ou sob regime de concess\u00e3o ou permiss\u00e3o, sempre atrav\u00e9s de licita\u00e7\u00e3o, a presta\u00e7\u00e3o de servi\u00e7os p\u00fablicos.<\/em>&nbsp;<\/p>\n\n\n\n<p><strong>Quest\u00e3o 23<\/strong>: Um dos temas mais debatidos da Administra\u00e7\u00e3o P\u00fablica atual \u00e9 o do controle. Particularmente, \u00e9 interessante o impacto nesse tema que a nova reda\u00e7\u00e3o da Lei de Introdu\u00e7\u00e3o \u00e0s Normas do Direito Brasileiro (LINDB) promoveu. Sobre o assunto, assinale a alternativa correta.<\/p>\n<p>a) A inten\u00e7\u00e3o formalmente declarada da recente modifica\u00e7\u00e3o da LINDB foi propiciar mais efici\u00eancia \u00e0 atividade de controle, ainda que reduzindo o espectro da seguran\u00e7a jur\u00eddica incidente.<\/p>\n<p>b) A nova reda\u00e7\u00e3o aplica-se \u00e0s esferas administrativa e controladora, n\u00e3o incidindo sobre a esfera judicial.<\/p>\n<p>c) \u00c9 poss\u00edvel que a decis\u00e3o administrativa imponha aos sujeitos atingidos \u00f4nus ou perdas que, em fun\u00e7\u00e3o das peculiaridades do caso, sejam anormais, mas que estejam consonantes ao interesse p\u00fablico.&nbsp;<\/p>\n<p>d) A decis\u00e3o que decretar a invalida\u00e7\u00e3o de ato, contrato, ajuste, processo ou norma administrativa dever\u00e1, quando for o caso, indicar as condi\u00e7\u00f5es para que a regulariza\u00e7\u00e3o ocorra de modo proporcional e equ\u00e2nime.<\/p>\n<p>e) Segundo o novo texto legal, na dosimetria das san\u00e7\u00f5es decorrentes de medidas de combate \u00e0 corrup\u00e7\u00e3o n\u00e3o poder\u00e3o ser relevadas as circunst\u00e2ncias atenuantes.&nbsp;<\/p>\n<p><strong>Gabarito: alternativa D (Pol\u00eamico: a alternativa E, a depender da sem\u00e2ntica de &#8220;relevar&#8221;, tamb\u00e9m est\u00e1 correta).<\/strong><\/p>\n<p><span style=\"color: #ff0000;\">Incorreta a alternativa &#8220;a&#8221;<\/span> porque, de acordo com o PLS 349\/2015 e PL 7448\/2017, projetos de lei, respectivamente, no Senado e na C\u00e2mara, que culminaram na Lei n\u00ba 13.655, de 2018, o objetivo era incrementar a seguran\u00e7a jur\u00eddica e a efici\u00eancia na cria\u00e7\u00e3o e na aplica\u00e7\u00e3o do direito p\u00fablico.<\/p>\n<p><span style=\"color: #ff0000;\">Incorreta a alternativa &#8220;b&#8221;<\/span> porque, j\u00e1 do &#8220;caput&#8221; do art. 20 da LINDB, com a reda\u00e7\u00e3o da Lei n\u00ba 13.655, de 2018, tem-se que: <em>Nas esferas administrativa, controladora e judicial, n\u00e3o se decidir\u00e1 com base em valores jur\u00eddicos abstratos sem que sejam consideradas as consequ\u00eancias pr\u00e1ticas da decis\u00e3o.<\/em><\/p>\n<p>E n\u00e3o \u00e9 s\u00f3, as esferas administrativa, controladora e judicial constaram expressamente nos arts. 20, 21, 23, 24 e 27.<\/p>\n<p><span style=\"color: #ff0000;\">Incorreta a alternativa &#8220;c&#8221;<\/span> porque, de acordo com o art. 21 e, especialmente seu par\u00e1grafo \u00fanico, tem-se que:<\/p>\n<p style=\"text-align: right;\" align=\"justify\"><em>Art. 21. A decis\u00e3o que, nas esferas administrativa, controladora ou judicial, decretar a invalida\u00e7\u00e3o de ato, contrato, ajuste, processo ou norma administrativa dever\u00e1 indicar de modo expresso suas consequ\u00eancias jur\u00eddicas e administrativas.<\/em><\/p>\n<p style=\"text-align: right;\" align=\"justify\"><em>Par\u00e1grafo \u00fanico. A decis\u00e3o a que se refere o caput deste artigo dever\u00e1, quando for o caso, indicar as condi\u00e7\u00f5es para que a regulariza\u00e7\u00e3o ocorra de modo proporcional e equ\u00e2nime e sem preju\u00edzo aos interesses gerais, <strong>n\u00e3o se podendo impor aos sujeitos atingidos \u00f4nus ou perdas que, em fun\u00e7\u00e3o das peculiaridades do caso, sejam anormais ou excessivos<\/strong>.<\/em><\/p>\n<p><span style=\"color: #0000ff;\">Correta a alternativa &#8220;d&#8221; <\/span>que tem como fundamento o mesmo art. 21 citado na alternativa anterior. Veja:<\/p>\n<p style=\"text-align: right;\" align=\"justify\"><em>Art. 21. A decis\u00e3o que, nas esferas administrativa, controladora ou judicial, decretar a invalida\u00e7\u00e3o de ato, contrato, ajuste, processo ou norma administrativa dever\u00e1 indicar de modo expresso suas consequ\u00eancias jur\u00eddicas e administrativas.<\/em><\/p>\n<p style=\"text-align: right;\" align=\"justify\"><em>Par\u00e1grafo \u00fanico. <strong>A decis\u00e3o a que se refere o caput deste artigo dever\u00e1, quando for o caso, indicar as condi\u00e7\u00f5es para que a regulariza\u00e7\u00e3o ocorra de modo proporcional e equ\u00e2nime<\/strong> e sem preju\u00edzo aos interesses gerais, n\u00e3o se podendo impor aos sujeitos atingidos \u00f4nus ou perdas que, em fun\u00e7\u00e3o das peculiaridades do caso, sejam anormais ou excessivos.<\/em><\/p>\n<p align=\"justify\"><span style=\"color: #ff0000;\"><strong>A alternativa &#8220;e&#8221; \u00e9 pol\u00eamica<\/strong>:&nbsp;<span style=\"color: #000000;\">De acordo com o \u00a72\u00ba do art. 22 da LINDB, com a reda\u00e7\u00e3o da Lei n\u00ba 13.655, de 2018, prev\u00ea que:<\/span><\/span><\/p>\n<p style=\"text-align: right;\" align=\"justify\"><em>\u00a7 2\u00ba &nbsp;Na aplica\u00e7\u00e3o de san\u00e7\u00f5es, ser\u00e3o consideradas a natureza e a gravidade da infra\u00e7\u00e3o cometida, os danos que dela provierem para a administra\u00e7\u00e3o p\u00fablica, as circunst\u00e2ncias agravantes ou <strong>atenuantes<\/strong> e os antecedentes do agente.<\/em><\/p>\n<p align=\"justify\">Ou seja, as circunst\u00e2ncias atenuantes devem ser consideradas na dosimetria de aplica\u00e7\u00e3o da san\u00e7\u00e3o. \u00c9 obrigat\u00f3ria a sua observ\u00e2ncia.<\/p>\n<p align=\"justify\">Assim, se a leitura da alternativa &#8220;e&#8221; para o verbo &#8220;relevar&#8221; for como ser afastadas, dispensadas, deixar de ser aplicadas ou desconsideradas, ent\u00e3o a assertiva estar\u00e1 correta (em linha com o citado \u00a72\u00ba do art. 22 da LINDB que obrigado levar em considera\u00e7\u00e3o as circunst\u00e2ncias atenuantes): &#8220;Segundo o novo texto legal, na dosimetria das san\u00e7\u00f5es decorrentes de medidas de combate \u00e0 corrup\u00e7\u00e3o n\u00e3o poder\u00e3o ser relevadas (<strong>ser afastadas \/ dispensadas \/ deixar de ser aplicadas \/ desconsideradas<\/strong>) as circunst\u00e2ncias atenuantes&#8221;.<\/p>\n<p align=\"justify\">Por outro lado, se a leitura da alternativa &#8220;e&#8221; para o verbo &#8220;relevar&#8221; for como sobressair, acentuar, destacar ou evidenciar, ent\u00e3o a assertiva estar\u00e1 incorreta (contr\u00e1rio ao citado \u00a72\u00ba do art. 22 da LINDB, que n\u00e3o autoriza que se destaque as circunst\u00e2ncias atenuantes, mas que as leve em considera\u00e7\u00e3o na dosimetria): &#8220;Segundo o novo texto legal, na dosimetria das san\u00e7\u00f5es decorrentes de medidas de combate \u00e0 corrup\u00e7\u00e3o n\u00e3o poder\u00e3o ser relevadas (<strong>sobressair \/ acentuar \/ destacar \/ evidenciar<\/strong>) as circunst\u00e2ncias atenuantes&#8221;.<\/p>\n<p align=\"justify\"><strong>Portanto, pode-se requerer a duplicidade do gabarito (aceitarem como corretas D e E) ou a anula\u00e7\u00e3o da quest\u00e3o (por ter duas respostas corretas).<\/strong><\/p>\n\n\n\n<p><strong>Quest\u00e3o 24:<\/strong> O Brasil \u00e9 um pa\u00eds pioneiro na mat\u00e9ria responsabilidade civil do Estado. Ainda que por for\u00e7a jurisprudencial e doutrin\u00e1ria, o tema desenvolveu-se sobremaneira no pa\u00eds. As lacunas do ordenamento positivo formal, todavia, acabaram por propiciar certa inseguran\u00e7a, decorrente da variedade de teses e teorias que s\u00e3o encontradas nessa seara. Considerando esse contexto, assinale a alternativa correta.<\/p>\n<p>a) Tanto a doutrina como a jurisprud\u00eancia n\u00e3o est\u00e3o pacificadas, no Brasil, no tocante ao estabelecimento do regime jur\u00eddico da responsabilidade civil estatal por omiss\u00e3o, que ora \u00e9 entendida como objetiva, ora como subjetiva.<\/p>\n<p>b) A responsabilidade civil do Estado no Brasil \u00e9 mat\u00e9ria tradicionalmente regulada tanto pela Constitui\u00e7\u00e3o da Rep\u00fablica quanto pela Lei Nacional de Responsabilidade Civil do Estado.<\/p>\n<p>c) A teoria do risco administrativo n\u00e3o foi recepcionada pela Constitui\u00e7\u00e3o da Rep\u00fablica de 1988.<\/p>\n<p>d) O texto da Constitui\u00e7\u00e3o da Rep\u00fablica veda expressamente a responsabilidade civil do Estado por atos legislativos.<\/p>\n<p>e) As pessoas jur\u00eddicas prestadoras de servi\u00e7os p\u00fablicos respondem subjetivamente por suas a\u00e7\u00f5es se tiverem personalidade de Direito privado.<\/p>\n<p><strong>Gabarito: alternativa A.<\/strong><\/p>\n<p><span style=\"color: #0000ff;\">Correta a alternativa &#8220;a&#8221;<\/span> porque a doutrina e a jurisprud\u00eancia diferenciam omiss\u00e3o espec\u00edfica de omiss\u00e3o gen\u00e9rica para classificar a responsabilidade, respectivamente, como objetiva ou subjetiva (STF RE 841.526; 136861; 754778 tende \u00e0 posi\u00e7\u00e3o objetiva \/ STJ REsp 302.747; 1230155 &#8211; tende \u00e0 posi\u00e7\u00e3o subjetiva) . A jurisprud\u00eancia traz \u00e0 baila o fato de que n\u00e3o cabe ao Estado ser considerado um segurador universal ou um ser onipotente. N\u00e3o se pode confundir o risco administrativo com o risco integral. Contudo, havendo dano e o dever de prote\u00e7\u00e3o razo\u00e1vel do Estado, estar\u00e1 presente a responsabilidade.<\/p>\n<p><span style=\"color: #ff0000;\">Incorreta a alternativa &#8220;b&#8221;<\/span> porque n\u00e3o h\u00e1 uma Lei Nacional de Responsabilidade Civil do Estado. A disciplina da responsabilidade objetiva do Estado deriva diretamente do \u00a76\u00ba do art. 37 da CRFB:<\/p>\n<p style=\"text-align: right;\"><em>\u00a7 6\u00ba As pessoas jur\u00eddicas de direito p\u00fablico e as de direito privado prestadoras de servi\u00e7os p\u00fablicos responder\u00e3o pelos danos que seus agentes, nessa qualidade, causarem a terceiros, assegurado o direito de regresso contra o respons\u00e1vel nos casos de dolo ou culpa.<\/em><\/p>\n<p><span style=\"color: #ff0000;\">Incorreta a alternativa &#8220;c&#8221;<\/span> porque a teoria do risco administrativo foi sim recepcionada pela Constitui\u00e7\u00e3o de 1988. Essa teoria foi recepcionada j\u00e1 pela Constitui\u00e7\u00e3o de 1946 e tem sido adotada no Brasil.<\/p>\n<p><span style=\"color: #ff0000;\">Incorreta a alternativa &#8220;d&#8221;<\/span> porque n\u00e3o h\u00e1 na CRFB veda\u00e7\u00e3o expressa \u00e0 responsabilidade civil do Estado por atos legislativos. A doutrina, como exemplo, Celso Ant\u00f4nio Bandeira de Mello (Curso de Direito Administrativo, 27\u00aa edi\u00e7\u00e3o, p 970), e a jurisprud\u00eancia reconhecem a possibilidade de atos legislativos ensejarem a responsabilidade civil do Estado em duas situa\u00e7\u00f5es excepcionais: leis inconstitucionais e leis de efeitos concretos (exigem, em regra, culpa manifesta na expedi\u00e7\u00e3o, de maneira ileg\u00edtima e lesiva).<\/p>\n<p><span style=\"color: #ff0000;\">Incorreta a alternativa &#8220;e&#8221;<\/span> porque afronta o \u00a76\u00ba do art. 37 da CRFB j\u00e1 citado.<\/p>\n\n\n\n<p><strong>Quest\u00e3o 25: <\/strong>Cada entidade federativa possui compet\u00eancia para legislar a respeito dos seus pr\u00f3prios servidores, desde que respeitando as disposi\u00e7\u00f5es constitucionais sobre a mat\u00e9ria. Considerando as disposi\u00e7\u00f5es espec\u00edficas do Estatuto dos Funcion\u00e1rios P\u00fablicos do Munic\u00edpio de Curitiba, assinale a alternativa correta.<\/p>\n<p>a) Posse \u00e9 o ato que investe o cidad\u00e3o em cargo, bem como no de fun\u00e7\u00f5es gratificadas ou n\u00e3o gratificadas.<\/p>\n<p>b) Al\u00e9m do vencimento ou da remunera\u00e7\u00e3o do cargo, o funcion\u00e1rio s\u00f3 poder\u00e1 perceber como vantagens o sal\u00e1rio fam\u00edlia e as gratifica\u00e7\u00f5es.<\/p>\n<p>c) Remunera\u00e7\u00e3o \u00e9 a retribui\u00e7\u00e3o paga ao funcion\u00e1rio pelo efetivo exerc\u00edcio do cargo correspondente ao padr\u00e3o fixado em lei, e vencimento \u00e9 a retribui\u00e7\u00e3o paga ao funcion\u00e1rio pelo efetivo exerc\u00edcio do cargo, correspondente a dois ter\u00e7os do padr\u00e3o de vencimentos e mais quotas ou percentagens atribu\u00eddas em lei.<\/p>\n<p>d) Depois de tr\u00eas anos de exerc\u00edcio, o funcion\u00e1rio poder\u00e1 obter licen\u00e7a, com vencimento ou remunera\u00e7\u00e3o, para tratar de interesses particulares, desde que autorizado diretamente pelo Prefeito municipal.<\/p>\n<p>e) Classe \u00e9 o agrupamento de cargos de mesma especializa\u00e7\u00e3o e de igual padr\u00e3o de vencimentos, e carreira \u00e9 o conjunto de classes da mesma especializa\u00e7\u00e3o, em n\u00famero fixado por lei e escalonados segundo os padr\u00f5es de vencimentos.&nbsp;<\/p>\n<p><strong>Gabarito: alternativa E<\/strong>.<\/p>\n<p><span style=\"color: #ff0000;\">Incorreta a alternativa &#8220;a&#8221;<\/span> porque, de acordo com o art. 17 do Estatuto dos Servidores P\u00fablicos de Curitiba, Lei n\u00ba 1.656, de 1958:<\/p>\n<p style=\"text-align: right;\"><em><span class=\"label label-pill label-danger\">Art. 17<\/span>&nbsp;Posse \u00e9 o ato que investe o cidad\u00e3o em cargo ou em <strong>fun\u00e7\u00e3o gratificada<\/strong>.<\/em><br \/><br \/><em>Par\u00e1grafo \u00danico &#8211; <strong>N\u00e3o haver\u00e1 posse nos cargos de promo\u00e7\u00e3o e de designa\u00e7\u00e3o para desempenho de fun\u00e7\u00e3o n\u00e3o gratificada<\/strong>.&nbsp;<\/em><\/p>\n<p><span style=\"color: #ff0000;\">Incorreta a alternativa &#8220;b&#8221;<\/span> porque, de acordo com o art. 121 do Estatuto dos Servidores P\u00fablicos de Curitiba, Lei n\u00ba 1.656, de 1958:<\/p>\n<p style=\"text-align: right;\"><em>Art. 121 Al\u00e9m do vencimento ou da remunera\u00e7\u00e3o do cargo, o funcion\u00e1rio s\u00f3 poder\u00e1 perceber as seguintes vantagens:<\/em><br \/><br \/><em>I &#8211; ajuda de custo;<\/em><br \/><br \/><em>II &#8211; di\u00e1rias;<\/em><br \/><br \/><em>III &#8211; aux\u00edlio para diferen\u00e7a de caixas;<\/em><br \/><br \/><em>IV &#8211; sal\u00e1rio fam\u00edlia;<\/em><br \/><br \/><em>V &#8211; gratifica\u00e7\u00e3o;<\/em><\/p>\n<p><span style=\"color: #ff0000;\">Incorreta a alternativa &#8220;c&#8221;<\/span> porque inverte vencimento e remunera\u00e7\u00e3o. Veja os artigos 125 e 126 do Estatuto dos Servidores P\u00fablicos de Curitiba, Lei n\u00ba 1.656, de 1958:<\/p>\n<p style=\"text-align: right;\"><em><span class=\"label label-pill label-danger\">Art. 125<\/span>&nbsp;Vencimento \u00e9 a retribui\u00e7\u00e3o paga ao funcion\u00e1rio pelo efetivo exerc\u00edcio do cargo correspondente ao padr\u00e3o fixado em lei.<\/em><br \/><br \/><em><span class=\"label label-pill label-danger\">Art. 126<\/span>&nbsp;Remunera\u00e7\u00e3o \u00e9 a retribui\u00e7\u00e3o paga ao funcion\u00e1rio pelo efetivo exerc\u00edcio do cargo, correspondente a dois ter\u00e7os do padr\u00e3o de vencimentos e mais quotas ou percentagens atribu\u00eddas em lei.<\/em><\/p>\n<p><span style=\"color: #ff0000;\">Incorreta a alternativa &#8220;d&#8221;<\/span> porque a licen\u00e7a por interesses particulares \u00e9 sem vencimento ou remunera\u00e7\u00e3o (art. 187).<\/p>\n<p><span style=\"color: #0000ff;\">Correta a alternativa &#8220;e&#8221;<\/span> porque apresenta o teor dos artigos 5\u00ba e 6\u00ba do Estatuto dos Servidores P\u00fablicos de Curitiba, Lei n\u00ba 1.656, de 1958.<\/p>\n\n\n\n<p><strong>Quest\u00e3o 26:<\/strong> \u201cO processo administrativo \u2013 como garantia constitucional \u2013 possibilita a regula\u00e7\u00e3o do exerc\u00edcio da compet\u00eancia (garantia geral de estrutura do ordenamento jur\u00eddico) e age como instrumento de prote\u00e7\u00e3o do indiv\u00edduo perante a a\u00e7\u00e3o daquela compet\u00eancia. Na rela\u00e7\u00e3o entre administra\u00e7\u00e3o e cidad\u00e3os, t\u00e9cnicas processuais tutelam compet\u00eancias para aquela e direitos e liberdades para estes\u201d (BACELLAR FILHO, 2013).<\/p>\n<p>Considerando a mat\u00e9ria suscitada no texto, assinale a alternativa correta.<\/p>\n<p>a) Segundo o texto constitucional expresso, a compet\u00eancia para legislar sobre processo administrativo \u00e9 privativa da Uni\u00e3o para normas gerais.&nbsp;<\/p>\n<p>b) Por for\u00e7a de interpreta\u00e7\u00e3o judicial a respeito da mat\u00e9ria, os munic\u00edpios que n\u00e3o tenham editado lei pr\u00f3pria est\u00e3o submetidos \u00e0 Lei Federal de Processo Administrativo.<\/p>\n<p>c) A Lei Federal de Processo Administrativo regula o processo disciplinar de servidores p\u00fablicos da Uni\u00e3o, dos Estados e dos Munic\u00edpios com for\u00e7a de lei nacional.<\/p>\n<p>d) Uma das inova\u00e7\u00f5es do texto expresso da Constitui\u00e7\u00e3o de 1988 foi garantir o direito ao contradit\u00f3rio e \u00e0 ampla defesa para todas as esp\u00e9cies de procedimentos administrativos.<\/p>\n<p>e) Os preceitos da Lei Federal de Processo Administrativo n\u00e3o se aplicam aos \u00f3rg\u00e3os do Poder Legislativo, ainda que no desempenho de fun\u00e7\u00e3o administrativa.&nbsp;<\/p>\n<p><strong>Gabarito: alternativa B.<\/strong><\/p>\n<p><span style=\"color: #ff0000;\">Incorreta a alternativa &#8220;a&#8221;<\/span> porque n\u00e3o conta na CRFB a previs\u00e3o expressa quanto \u00e0 compet\u00eancia privativa da Uni\u00e3o para legislar sobre processo administrativo. O art. 22, I, fixa a compet\u00eancia privativa da Uni\u00e3o para legislar sobre direito processual. J\u00e1 o art. 24, inciso XI, estabelece a compet\u00eancia da concorrente para legislar sobre procedimento em mat\u00e9ria processual.&nbsp;<\/p>\n<p><span style=\"color: #0000ff;\">Correta a alternativa &#8220;b&#8221;<\/span> porque \u00e9 posi\u00e7\u00e3o firmada no STJ e no STF no sentido de que a Lei n\u00ba 9.784, de 1999, pode ser aplicada de forma subsidi\u00e1ria no \u00e2mbito dos demais Estados Membros, se ausente lei pr\u00f3pria que regule o processo administrativo local.&nbsp;<\/p>\n<p><span style=\"color: #ff0000;\">Incorreta a alternativa &#8220;c&#8221; <span style=\"color: #000000;\">porque o processo disciplinar dos servidores p\u00fablico \u00e9 de compet\u00eancia comum, cabendo a cada ente da federa\u00e7\u00e3o a sua disciplina pr\u00f3pria em seus Estatutos de Servidores. No \u00e2mbito da Uni\u00e3o, \u00e9 a Lei n\u00ba 8.112, de 1990.&nbsp;&nbsp;<\/span><\/span><\/p>\n<p><span style=\"color: #ff0000;\">Incorreta a alternativa &#8220;d&#8221; <span style=\"color: #000000;\">porque o inciso LV do art. 5\u00ba da CRFB garante aos litigantes, em processo judicial ou administrativo, e aos acusados em geral s\u00e3o assegurados o contradit\u00f3rio e ampla defesa, com os meios e recursos a ela inerentes. Portanto, a garantia \u00e9 ao processo e n\u00e3o a todo procedimento.<\/span><\/span><\/p>\n<p><span style=\"color: #ff0000;\">Incorreta a alternativa &#8220;e&#8221; <span style=\"color: #000000;\">porque, de acordo com o \u00a71\u00ba do art. 1\u00ba da Lei n\u00ba 9.784, de 1999:<\/span><\/span><\/p>\n<p style=\"text-align: right;\"><em>\u00a7 1<sup><u>o<\/u><\/sup>&nbsp;Os preceitos desta Lei tamb\u00e9m se aplicam aos \u00f3rg\u00e3os dos Poderes Legislativo e Judici\u00e1rio da Uni\u00e3o, quando no desempenho de fun\u00e7\u00e3o administrativa.<\/em><\/p>\n\n\n\n<p><strong>Quest\u00e3o 27:<\/strong> A partir da primeira d\u00e9cada do s\u00e9culo XXI, o Brasil passou a legislar de forma mais consistente, a fim de propiciar o combate \u00e0 corrup\u00e7\u00e3o. Um dos focos foi ampliar o espectro de atua\u00e7\u00e3o sobre as pessoas jur\u00eddicas. Uma das leis mais destacadas nessa seara foi a Lei n\u00ba 12.846\/13. Sobre essa disposi\u00e7\u00e3o legal, assinale a alternativa correta.<\/p>\n<p>a) A lei \u00e9 aplic\u00e1vel \u00e0s sociedades empres\u00e1rias e \u00e0s sociedades simples, personificadas ou n\u00e3o, independentemente da forma de organiza\u00e7\u00e3o ou modelo societ\u00e1rio adotado, bem como a quaisquer funda\u00e7\u00f5es, associa\u00e7\u00f5es, ou sociedades estrangeiras, que tenham sede, filial ou representa\u00e7\u00e3o no territ\u00f3rio brasileiro, constitu\u00eddas de fato ou de direito.<\/p>\n<p>b) A lei disp\u00f5e sobre a responsabiliza\u00e7\u00e3o administrativa e criminal de pessoas jur\u00eddicas pela pr\u00e1tica de atos contra a Administra\u00e7\u00e3o P\u00fablica, nacional ou estrangeira.<\/p>\n<p>c) Os administradores das pessoas jur\u00eddicas ser\u00e3o responsabilizados objetivamente pelos atos lesivos previstos nessa lei praticados em seu interesse ou benef\u00edcio, exclusivo ou n\u00e3o.<\/p>\n<p>d) A lei prev\u00ea que cabe ao Minist\u00e9rio P\u00fablico a realiza\u00e7\u00e3o de acordos de leni\u00eancia na esfera administrativa e criminal, para a redu\u00e7\u00e3o ou extin\u00e7\u00e3o da multa aplic\u00e1vel, que poder\u00e1 ser destinada para funda\u00e7\u00e3o privada, desde que no conselho fundacional estejam presentes representantes do Minist\u00e9rio P\u00fablico e que em sua finalidade figure o combate \u00e0 corrup\u00e7\u00e3o.<\/p>\n<p>e) A aplica\u00e7\u00e3o das san\u00e7\u00f5es previstas nessa lei implica a imediata paralisa\u00e7\u00e3o dos processos judiciais de responsabiliza\u00e7\u00e3o por ato de improbidade administrativa em curso, se relativos aos mesmos fatos, para a n\u00e3o configura\u00e7\u00e3o de bis in idem.<\/p>\n<p><strong>Gabarito: alternativa A<\/strong><\/p>\n<p><span style=\"color: #0000ff;\">Correta a alternativa &#8220;a&#8221;<\/span> porque est\u00e1 me linha com o par\u00e1grafo \u00fanico do art. 1\u00ba da Lei n\u00ba 12.846, de 2013.<\/p>\n<p style=\"text-align: right;\"><em>Par\u00e1grafo \u00fanico.&nbsp; Aplica-se o disposto nesta Lei \u00e0s sociedades empres\u00e1rias e \u00e0s sociedades simples, personificadas ou n\u00e3o, independentemente da forma de organiza\u00e7\u00e3o ou modelo societ\u00e1rio adotado, bem como a quaisquer funda\u00e7\u00f5es, associa\u00e7\u00f5es de entidades ou pessoas, ou sociedades estrangeiras, que tenham sede, filial ou representa\u00e7\u00e3o no territ\u00f3rio brasileiro, constitu\u00eddas de fato ou de direito, ainda que temporariamente.<\/em><\/p>\n<p><span style=\"color: #ff0000;\">Incorreta a alternativa &#8220;b&#8221; <span style=\"color: #000000;\">porque, de acordo com o &#8220;caput&#8221; do art. 1\u00ba da Lei n\u00ba 12.846, de 2013:<\/span><\/span><\/p>\n<p style=\"text-align: right;\"><em>Art. 1<u><sup>o<\/sup><\/u>&nbsp; Esta Lei disp\u00f5e sobre a responsabiliza\u00e7\u00e3o objetiva <strong>administrativa e civil<\/strong> de pessoas jur\u00eddicas pela pr\u00e1tica de atos contra a administra\u00e7\u00e3o p\u00fablica, nacional ou estrangeira.<\/em><\/p>\n<p><span style=\"color: #ff0000;\">Incorreta a alternativa &#8220;c&#8221; <span style=\"color: #000000;\">porque os dirigentes ou administradores somente ser\u00e3o responsabilizados por atos il\u00edcitos na medida da sua culpabilidade (\u00a72\u00ba do art. 3\u00ba da Lei). A PJ que \u00e9 responsabilizada objetivamente.<\/span><\/span><\/p>\n<p><span style=\"color: #ff0000;\">Incorreta a alternativa &#8220;d&#8221; <span style=\"color: #000000;\">porque, de acordo com o &#8220;caput&#8221; do art. 16 da Lei n\u00ba 12.846, de 2013:<\/span><\/span><\/p>\n<p style=\"text-align: right;\"><em>Art. 16.&nbsp; <strong>A autoridade m\u00e1xima de cada \u00f3rg\u00e3o ou entidade p\u00fablica poder\u00e1 celebrar acordo de leni\u00eancia<\/strong> com as pessoas jur\u00eddicas respons\u00e1veis pela pr\u00e1tica dos atos previstos nesta Lei que colaborem efetivamente com as investiga\u00e7\u00f5es e o processo administrativo, sendo que dessa colabora\u00e7\u00e3o resulte: (&#8230;)<\/em><\/p>\n<p style=\"text-align: right;\"><em>\u00a7 10.&nbsp; <strong>A Controladoria-Geral da Uni\u00e3o &#8211; CGU \u00e9 o \u00f3rg\u00e3o competente para celebrar os acordos de leni\u00eancia no \u00e2mbito do Poder Executivo federal<\/strong>, bem como no caso de atos lesivos praticados contra a administra\u00e7\u00e3o p\u00fablica estrangeira.<\/em><\/p>\n<p><span style=\"color: #ff0000;\">Incorreta a alternativa &#8220;e&#8221; <span style=\"color: #000000;\">porque, de acordo com o art. 30 da Lei n\u00ba 12.846, de 2013:<\/span><\/span><\/p>\n<p class=\"texto1\" style=\"text-align: right;\"><em>Art. 30.&nbsp; A aplica\u00e7\u00e3o das san\u00e7\u00f5es previstas nesta Lei n<strong>\u00e3o afeta os processos de responsabiliza\u00e7\u00e3o e aplica\u00e7\u00e3o de penalidades decorrentes de:<\/strong><\/em><\/p>\n<p class=\"texto1\" style=\"text-align: right;\"><em><strong>I &#8211; ato de improbidade administrativa<\/strong> nos termos da&nbsp;<a href=\"http:\/\/www.planalto.gov.br\/ccivil_03\/LEIS\/L8429.htm\">Lei n<u><sup>o<\/sup><\/u>&nbsp;8.429, de 2 de junho de 1992<\/a>; e<\/em><\/p>\n<p class=\"texto1\" style=\"text-align: right;\"><em>II &#8211; atos il\u00edcitos alcan\u00e7ados pela&nbsp;<a href=\"http:\/\/www.planalto.gov.br\/ccivil_03\/LEIS\/L8666cons.htm\">Lei n<u><sup>o<\/sup><\/u>&nbsp;8.666, de 21 de junho de 1993<\/a>, ou outras normas de licita\u00e7\u00f5es e contratos da administra\u00e7\u00e3o p\u00fablica, inclusive no tocante ao Regime Diferenciado de Contrata\u00e7\u00f5es P\u00fablicas &#8211; RDC institu\u00eddo pela&nbsp;<a href=\"http:\/\/www.planalto.gov.br\/ccivil_03\/_ato2011-2014\/2011\/Lei\/L12462.htm\">Lei n<u><sup>o<\/sup><\/u>&nbsp;12.462, de 4 de agosto de 2011<\/a>.<\/em><\/p>\n\n\n\n<p><strong>Quest\u00e3o 28:<\/strong> Para parte significativa da doutrina, o \u201cato de improbidade \u00e9 ato il\u00edcito doloso, decorrente de desonestidade do agente, que cause preju\u00edzo \u00e0 Administra\u00e7\u00e3o, acarrete enriquecimento il\u00edcito a um cidad\u00e3o ou pessoa jur\u00eddica ou esteja previsto em um dos incisos do art. 11 da Lei n\u00ba 8.429\/92\u201d (HARGER, 2015). Entretanto, o assunto est\u00e1 longe de ser consensual, notadamente em uma sociedade fortemente punitivista como a brasileira. Com rela\u00e7\u00e3o ao assunto e \u00e0 legisla\u00e7\u00e3o mencionada, assinale a alternativa correta.<\/p>\n<p>a) \u00c9 consenso jurisprudencial e doutrin\u00e1rio que a Lei de Improbidade Administrativa pode punir o administrador in\u00e1bil, ainda que n\u00e3o propriamente desonesto.<\/p>\n<p>b) Ap\u00f3s iniciado o processo, n\u00e3o mais ser\u00e1 poss\u00edvel o juiz extingui-lo sem julgamento do m\u00e9rito, mesmo reconhecida a inadequa\u00e7\u00e3o da a\u00e7\u00e3o de improbidade.<\/p>\n<p>c) As a\u00e7\u00f5es destinadas a levar a efeito as san\u00e7\u00f5es previstas nessa lei s\u00e3o imprescrit\u00edveis por for\u00e7a de determina\u00e7\u00e3o constitucional.<\/p>\n<p>d) Quando o ato de improbidade causar les\u00e3o ao patrim\u00f4nio p\u00fablico ou ensejar enriquecimento il\u00edcito, poder\u00e1 ser realizada a indisponibilidade dos bens do indiciado, que recair\u00e1 sobre todos os seus bens, conforme avalia\u00e7\u00e3o discricion\u00e1ria do Minist\u00e9rio P\u00fablico, desde que autorizada pelo juiz.<\/p>\n<p>e) As disposi\u00e7\u00f5es dessa lei s\u00e3o aplic\u00e1veis, no que couber, \u00e0quele que, mesmo n\u00e3o sendo agente p\u00fablico, induza ou concorra para a pr\u00e1tica do ato de improbidade ou dele se beneficie sob qualquer forma direta ou indireta.&nbsp;<\/p>\n<p><strong>Gabarito: alternativa E<\/strong><\/p>\n<p><span style=\"color: #ff0000;\">Incorreta a alternativa &#8220;a&#8221; <span style=\"color: #000000;\">porque a pr\u00f3pria introdu\u00e7\u00e3o da quest\u00e3o, com o excerto apresentado, j\u00e1 mostra n\u00e3o ser consenso a punibilidade com base apenas na culpa. O autor exige ato doloso (desonesto, ardil, malicioso e ilegal).&nbsp;<\/span><\/span><\/p>\n<p><span style=\"color: #ff0000;\">Incorreta a alternativa &#8220;b&#8221; <span style=\"color: #000000;\">porque, de acordo com o \u00a711 do art. 17 da Lei n\u00ba 8.429, de 1992:&nbsp;<\/span><\/span><\/p>\n<p style=\"text-align: right;\"><em>\u00a711. Em qualquer fase do processo, reconhecida a inadequa\u00e7\u00e3o da a\u00e7\u00e3o de improbidade, o juiz extinguir\u00e1 o processo sem julgamento do m\u00e9rito.<\/em><\/p>\n<p><span style=\"color: #ff0000;\">Incorreta a alternativa &#8220;c&#8221; <span style=\"color: #000000;\">porque, de acordo com o art. 23 da Lei n\u00ba 8.429, de 1992, os prazos prescricionais s\u00e3o:&nbsp;<\/span><\/span><\/p>\n<p style=\"text-align: right;\"><em><span style=\"font-family: Arial;\">Art. 23. A<strong>s a\u00e7\u00f5es destinadas a levar a efeitos as san\u00e7\u00f5es previstas nesta lei podem ser propostas<\/strong>:<\/span><\/em><\/p>\n<p style=\"text-align: right;\"><em><span style=\"font-family: Arial;\">&nbsp;&nbsp;&nbsp;&nbsp;&nbsp;&nbsp;&nbsp;&nbsp;I &#8211; at\u00e9 cinco anos ap\u00f3s o t\u00e9rmino do exerc\u00edcio de mandato, de cargo em comiss\u00e3o ou de fun\u00e7\u00e3o de confian\u00e7a;<\/span><\/em><\/p>\n<p style=\"text-align: right;\"><em><span style=\"font-family: Arial;\">&nbsp;&nbsp;&nbsp;&nbsp;&nbsp;&nbsp;&nbsp;&nbsp;II &#8211; dentro do prazo prescricional previsto em lei espec\u00edfica para faltas disciplinares pun\u00edveis com demiss\u00e3o a bem do servi\u00e7o p\u00fablico, nos casos de exerc\u00edcio de cargo efetivo ou emprego.<\/span><\/em><\/p>\n<p style=\"text-align: right;\"><em><span style=\"font-family: Arial; font-size: small;\">III &#8211; at\u00e9 cinco anos da data da apresenta\u00e7\u00e3o \u00e0 administra\u00e7\u00e3o p\u00fablica da presta\u00e7\u00e3o de contas final pelas entidades referidas no par\u00e1grafo \u00fanico do art. 1<u><sup>o<\/sup><\/u>&nbsp;desta Lei.<\/span><\/em><\/p>\n<p><span style=\"color: #ff0000;\">Incorreta a alternativa &#8220;d&#8221; <span style=\"color: #000000;\">porque, de acordo com o par\u00e1grafo \u00fanico do art. 7\u00ba da Lei n\u00ba 8.429, de 1992:<\/span><\/span><\/p>\n<p style=\"text-align: right;\"><em><span style=\"font-family: Arial;\">Art. 7\u00b0 Quando o ato de improbidade causar les\u00e3o ao patrim\u00f4nio p\u00fablico ou ensejar enriquecimento il\u00edcito, caber\u00e1 a autoridade administrativa respons\u00e1vel pelo inqu\u00e9rito representar ao Minist\u00e9rio P\u00fablico, para a indisponibilidade dos bens do indiciado.<\/span><\/em><\/p>\n<p style=\"text-align: right;\"><em><span style=\"font-family: Arial;\">&nbsp;&nbsp;&nbsp;&nbsp;&nbsp;&nbsp;&nbsp;&nbsp;Par\u00e1grafo \u00fanico. A indisponibilidade a que se refere o caput deste artigo recair\u00e1 <strong>sobre bens que assegurem o integral ressarcimento do dano<\/strong>, ou sobre o acr\u00e9scimo patrimonial resultante do enriquecimento il\u00edcito.<\/span><\/em><\/p>\n<p><span style=\"color: #ff0000;\"><span style=\"color: #0000ff;\">Correta a alternativa &#8220;e&#8221;<\/span> <span style=\"color: #000000;\">porque apresenta o teor do art. 3\u00ba da Lei n\u00ba 8.429, de 1992.<\/span><\/span><\/p>\n\n\n\n<p><strong>Quest\u00e3o 29:<\/strong> Um dos pilares da seguridade social no Brasil \u00e9 a sa\u00fade, considerada pela Constitui\u00e7\u00e3o da Rep\u00fablica um direito de todos e dever do Estado. Sobre o assunto, assinale a alternativa correta.<\/p>\n<p>a) Uma das diretrizes de organiza\u00e7\u00e3o das a\u00e7\u00f5es e servi\u00e7os p\u00fablicos de sa\u00fade, que constituem um sistema \u00fanico, \u00e9 o atendimento com prioridade para os servi\u00e7os assistenciais.<\/p>\n<p>b) Os servi\u00e7os do sistema \u00fanico de sa\u00fade, ainda que prestados pelos munic\u00edpios e pelos Estados, devem ser financiados com recursos da Uni\u00e3o.&nbsp;<\/p>\n<p>c) Est\u00e3o entre os princ\u00edpios das a\u00e7\u00f5es e servi\u00e7os p\u00fablicos de sa\u00fade (que tamb\u00e9m regem os servi\u00e7os privados contratados ou conveniados que integram o Sistema \u00danico de Sa\u00fade): a universalidade de acesso em todos os n\u00edveis de assist\u00eancia e a descentraliza\u00e7\u00e3o pol\u00edtico-administrativa, com dire\u00e7\u00e3o \u00fanica em cada esfera de governo.<\/p>\n<p>d) Lei municipal dispor\u00e1 sobre o regime jur\u00eddico, o piso salarial profissional, e as diretrizes para os planos de carreira do agente comunit\u00e1rio de sa\u00fade, competindo aos estados prestar assist\u00eancia financeira complementar aos munic\u00edpios.<\/p>\n<p>e) Segundo o texto constitucional expresso, a destina\u00e7\u00e3o de recursos p\u00fablicos para aux\u00edlios ou subven\u00e7\u00f5es \u00e0s institui\u00e7\u00f5es privadas com fins lucrativos deve ser prevista e regulada por lei complementar da Uni\u00e3o.&nbsp;<\/p>\n<p><strong>Gabarito: alternativa C<\/strong><\/p>\n<p><span style=\"color: #ff0000;\">Incorreta a alternativa &#8220;a&#8221; <span style=\"color: #000000;\">porque, de acordo com o art. 198 da CRFB, a prioridade s\u00e3o as atividades preventivas.<\/span><\/span><\/p>\n<p style=\"text-align: right;\"><em>Art. 198. As a\u00e7\u00f5es e servi\u00e7os p\u00fablicos de sa\u00fade integram uma rede regionalizada e hierarquizada e constituem um sistema \u00fanico, organizado de acordo com as seguintes diretrizes:<\/em><\/p>\n<p style=\"text-align: right;\"><em>I &#8211; descentraliza\u00e7\u00e3o, com dire\u00e7\u00e3o \u00fanica em cada esfera de governo;<\/em><\/p>\n<p style=\"text-align: right;\"><em>II &#8211; atendimento integral, com prioridade para as atividades preventivas, sem preju\u00edzo dos servi\u00e7os assistenciais;<\/em><\/p>\n<p style=\"text-align: right;\"><em>III &#8211; participa\u00e7\u00e3o da comunidade.<\/em><\/p>\n<p><span style=\"color: #ff0000;\">Incorreta a alternativa &#8220;b&#8221; <span style=\"color: #000000;\">porque, de acordo com o \u00a71\u00ba do art. 198, o sistema \u00fanico de sa\u00fade ser\u00e1 financiado com recursos do or\u00e7amento da seguridade social, da Uni\u00e3o, dos Estados, do Distrito Federal e dos Munic\u00edpios, al\u00e9m de outras fontes.<\/span><\/span><\/p>\n<p><span style=\"color: #ff0000;\"><span style=\"color: #0000ff;\">Correta a alternativa &#8220;c&#8221;<\/span> <span style=\"color: #000000;\">porque em linha com o &#8220;caput&#8221; do art. 196 e com o inciso I do art. 204:<\/span><\/span><\/p>\n<p style=\"text-align: right;\"><em>Art. 196. A sa\u00fade \u00e9 direito de todos e dever do Estado, garantido mediante pol\u00edticas sociais e econ\u00f4micas que visem \u00e0 redu\u00e7\u00e3o do risco de doen\u00e7a e de outros agravos e ao <strong>acesso universal e igualit\u00e1rio \u00e0s a\u00e7\u00f5es e servi\u00e7os para sua promo\u00e7\u00e3o, prote\u00e7\u00e3o e recupera\u00e7\u00e3o<\/strong>.<\/em><\/p>\n<p style=\"text-align: right;\"><em>Art. 204. As a\u00e7\u00f5es governamentais na \u00e1rea da assist\u00eancia social ser\u00e3o realizadas com recursos do or\u00e7amento da seguridade social, previstos no art. 195, al\u00e9m de outras fontes, e organizadas com base nas seguintes diretrizes:<\/em><\/p>\n<p style=\"text-align: right;\"><em>I &#8211; <strong>descentraliza\u00e7\u00e3o pol\u00edtico-administrativa<\/strong>, cabendo a coordena\u00e7\u00e3o e as normas gerais \u00e0 esfera federal e a <strong>coordena\u00e7\u00e3o e a execu\u00e7\u00e3o dos respectivos programas \u00e0s esferas estadual e municipal,<\/strong> bem como a entidades beneficentes e de assist\u00eancia social;<\/em><\/p>\n<p><span style=\"color: #ff0000;\">Incorreta a alternativa &#8220;d&#8221; <span style=\"color: #000000;\">porque, de acordo com o \u00a75\u00ba art. 198 da CRFB, cabe \u00e0 lei federal e n\u00e3o \u00e0 lei municipal:<\/span><\/span><\/p>\n<p style=\"text-align: right;\"><em>\u00a7 5\u00ba Lei federal dispor\u00e1 sobre o regime jur\u00eddico, o piso salarial profissional nacional, as diretrizes para os Planos de Carreira e a regulamenta\u00e7\u00e3o das atividades de agente comunit\u00e1rio de sa\u00fade e agente de combate \u00e0s endemias, competindo \u00e0 Uni\u00e3o, nos termos da lei, prestar assist\u00eancia financeira complementar aos Estados, ao Distrito Federal e aos Munic\u00edpios, para o cumprimento do referido piso salarial.&nbsp;<\/em><\/p>\n<p><span style=\"color: #ff0000;\">Incorreta a alternativa &#8220;e&#8221; <span style=\"color: #000000;\">porque, de acordo com o \u00a72\u00ba do art. 199 da CRFB, &nbsp;\u00e9 vedada a destina\u00e7\u00e3o de recursos p\u00fablicos para aux\u00edlios ou subven\u00e7\u00f5es \u00e0s institui\u00e7\u00f5es privadas com fins lucrativos.<\/span><\/span><\/p>\n\n\n\n<p><strong>Quest\u00e3o 30:<\/strong> A Lei Municipal n\u00ba 7.671\/91 prev\u00ea a organiza\u00e7\u00e3o administrativa do Poder Executivo do Munic\u00edpio de Curitiba. Considerando suas disposi\u00e7\u00f5es, considere as seguintes afirmativas:<\/p>\n<p>1. A estrutura organizacional b\u00e1sica do Poder Executivo no tocante \u00e0s unidades da Administra\u00e7\u00e3o Direta \u00e9 composta, entre outros, por \u00f3rg\u00e3os colegiados de consulta e orienta\u00e7\u00e3o, \u00f3rg\u00e3os colegiados de delibera\u00e7\u00e3o e \u00f3rg\u00e3os de assessoramento.<\/p>\n<p>2. A Administra\u00e7\u00e3o Indireta compreender\u00e1 entidades tipificadas em decreto do Prefeito.<\/p>\n<p>3. O Prefeito Municipal fixar\u00e1 por decreto a composi\u00e7\u00e3o, atribui\u00e7\u00f5es e forma de funcionamento dos \u00f3rg\u00e3os colegiados de consulta, orienta\u00e7\u00e3o e delibera\u00e7\u00e3o, observada a legisla\u00e7\u00e3o pertinente.<\/p>\n<p>4. Est\u00e3o entre as compet\u00eancias expressas da Procuradoria-Geral do Munic\u00edpio: an\u00e1lise jur\u00eddica preliminar e lavratura de todos os acordos, contratos e conv\u00eanios, sem exce\u00e7\u00e3o; instaura\u00e7\u00e3o e processamento de sindic\u00e2ncias e processos administrativos disciplinares; bem como o exerc\u00edcio do controle de legalidade de atos administrativos.<\/p>\n<p>Assinale a alternativa correta.<\/p>\n<p>a) Somente a afirmativa 1 \u00e9 verdadeira.<\/p>\n<p>b) Somente as afirmativas 2 e 3 s\u00e3o verdadeiras.<\/p>\n<p>c) Somente as afirmativas 1, 3 e 4 s\u00e3o verdadeiras<\/p>\n<p>d) Somente as afirmativas 2, 3 e 4 s\u00e3o verdadeiras<\/p>\n<p>e) As afirmativas 1, 2, 3 e 4 s\u00e3o verdadeiras<\/p>\n<p><strong>Gabarito: alternativa C<\/strong><\/p>\n<p><span style=\"color: #0000ff;\">Correta a assertiva 1<\/span>&nbsp;que est\u00e1 em linha com o art. 2, inciso I, al\u00edneas &#8220;a&#8221;, &#8220;b&#8221;e &#8220;c&#8221;.<\/p>\n<p style=\"text-align: right;\"><em><span class=\"label label-pill label-danger\">Art. 2\u00ba<\/span>&nbsp;A estrutura organizacional b\u00e1sica do Poder Executivo do Munic\u00edpio de Curitiba ser\u00e1 a seguinte :<\/em><br \/><br \/><em>I &#8211; Unidades de Administra\u00e7\u00e3o Direta:<\/em><br \/><br \/><em>a) \u00f3rg\u00e3os colegiados de consulta e orienta\u00e7\u00e3o;<\/em><br \/><br \/><em>b) \u00f3rg\u00e3os colegiados de delibera\u00e7\u00e3o;<\/em><br \/><br \/><em>c) \u00f3rg\u00e3os de assessoramento:<\/em><\/p>\n<p><span style=\"color: #ff0000;\">Incorreta a assertiva 2<\/span>&nbsp;porque a institui\u00e7\u00e3o de entidades da Administra\u00e7\u00e3o Indireta exige lei, n\u00e3o podendo ser estruturada por Decreto (Art. 37, inciso XIX, da CRFB).<\/p>\n<p style=\"text-align: right;\"><em>XIX &#8211; somente por lei espec\u00edfica poder\u00e1 ser criada autarquia e autorizada a institui\u00e7\u00e3o de empresa p\u00fablica, de sociedade de economia mista e de funda\u00e7\u00e3o, cabendo \u00e0 lei complementar, neste \u00faltimo caso, definir as \u00e1reas de sua atua\u00e7\u00e3o.<\/em><\/p>\n<p><span style=\"color: #0000ff;\">Correta a assertiva 3<\/span>&nbsp;que apresenta o teor do&nbsp; art. 12. da aludida lei.<\/p>\n<p><span style=\"color: #0000ff;\">Correta a assertiva 4<\/span> que est\u00e1 em linha com o art. 16. da aludida lei.<\/p>\n<p style=\"text-align: right;\"><em><span class=\"label label-pill label-danger\">Art. 16 &#8211;<\/span>&nbsp;Ser\u00e1 de compet\u00eancia da Procuradoria-Geral do Munic\u00edpio, no \u00e2mbito da Administra\u00e7\u00e3o direta, aut\u00e1rquica e fundacional do Munic\u00edpio:<\/em><br \/><br \/><em>a) a consultoria e o assessoramento jur\u00eddico, bem como a representa\u00e7\u00e3o e defesa judicial, em qualquer foro ou inst\u00e2ncia;<\/em><br \/><em>b) <strong>a an\u00e1lise jur\u00eddica preliminar e lavratura de todos os acordos, contratos e conv\u00eanios; sem exce\u00e7\u00e3o<\/strong>;<\/em><br \/><em>c) proceder, com exclusividade, \u00e0 cobran\u00e7a da d\u00edvida ativa judicial;<\/em><br \/><em>d) a instaura\u00e7\u00e3o e processamento de sindic\u00e2ncias e processos administrativos disciplinares;<\/em><br \/><em>e) o exerc\u00edcio das atividades concernentes ao sistema de assessoramento jur\u00eddico;<\/em><br \/><em>f) a emiss\u00e3o de pareceres jur\u00eddicos sobre quest\u00f5es que lhe forem submetidas;<\/em><br \/><em>g) <strong>exercer o controle de legalidade de atos administrativos;<\/strong><\/em><br \/><em>h) o julgamento, em primeira inst\u00e2ncia, das impugna\u00e7\u00f5es ao lan\u00e7amento de tributos municipais.<\/em><\/p>\n\n\n\n<p>Ent\u00e3o \u00e9 isso, caro concurseiro!<\/p>\n<p>Espero que voc\u00ea tenha ido muito bem na prova e que, em breve, esteja com seu nome no Di\u00e1rio Oficial.<\/p>\n<p style=\"text-align: center;\"><span style=\"color: #ff0000;\">Deus os ilumine sempre!<\/span><\/p>\n<p style=\"text-align: center;\"><span style=\"color: #000000;\"><strong>Cordial abra\u00e7o<\/strong><\/span><\/p>\n<p style=\"text-align: center;\"><span style=\"color: #000000;\"><strong>Wagner Damazio<\/strong><\/span><\/p>\n","protected":false},"excerpt":{"rendered":"<p>Caso queira, acesse o post para saber mais sobre o curso de Direito Administrativo Gr\u00e1tis (em slides): https:\/\/www.estrategiaconcursos.com.br\/blog\/sonhando-com-o-direito-administrativo-curso-em-slides-material-gratis-wagner-damazio\/ Quest\u00e3o 17: A Lei Municipal n\u00ba 11.001\/04 instituiu o Plano de Carreiras para o cargo de Procurador do Munic\u00edpio de Curitiba. Com base em suas disposi\u00e7\u00f5es, considere as seguintes afirmativas: 1 &#8211; A fun\u00e7\u00e3o de Procurador do [&hellip;]<\/p>\n","protected":false},"author":463,"featured_media":0,"comment_status":"open","ping_status":"closed","sticky":false,"template":"","format":"standard","meta":{"post_tipo":"article","footnotes":""},"categories":[1],"tags":[],"tax_estado":[],"class_list":["post-371261","post","type-post","status-publish","format-standard","hentry","category-cursos-e-concursos"],"acf":[],"yoast_head":"<!-- This site is optimized with the Yoast SEO Premium plugin v27.2 (Yoast SEO v27.2) - https:\/\/yoast.com\/product\/yoast-seo-premium-wordpress\/ -->\n<title>Gabarito Comentado de Direito Administrativo - Prova PGM-Curitiba (Com Recurso)<\/title>\n<meta name=\"robots\" content=\"index, follow, max-snippet:-1, max-image-preview:large, max-video-preview:-1\" \/>\n<link rel=\"canonical\" href=\"https:\/\/www.estrategiaconcursos.com.br\/blog\/gabarito-comentado-de-direito-administrativo-prova-pgm-curitiba-com-recurso\/\" \/>\n<meta property=\"og:locale\" content=\"pt_BR\" \/>\n<meta property=\"og:type\" content=\"article\" \/>\n<meta property=\"og:title\" content=\"Gabarito Comentado de Direito Administrativo - Prova PGM-Curitiba (Com Recurso)\" \/>\n<meta property=\"og:description\" content=\"Caso queira, acesse o post para saber mais sobre o curso de Direito Administrativo Gr\u00e1tis (em slides): https:\/\/www.estrategiaconcursos.com.br\/blog\/sonhando-com-o-direito-administrativo-curso-em-slides-material-gratis-wagner-damazio\/ Quest\u00e3o 17: A Lei Municipal n\u00ba 11.001\/04 instituiu o Plano de Carreiras para o cargo de Procurador do Munic\u00edpio de Curitiba. Com base em suas disposi\u00e7\u00f5es, considere as seguintes afirmativas: 1 &#8211; A fun\u00e7\u00e3o de Procurador do [&hellip;]\" \/>\n<meta property=\"og:url\" content=\"https:\/\/www.estrategiaconcursos.com.br\/blog\/gabarito-comentado-de-direito-administrativo-prova-pgm-curitiba-com-recurso\/\" \/>\n<meta property=\"og:site_name\" content=\"Estrat\u00e9gia Concursos\" \/>\n<meta property=\"article:published_time\" content=\"2019-05-06T06:49:04+00:00\" \/>\n<meta property=\"article:modified_time\" content=\"2019-05-06T06:51:50+00:00\" \/>\n<meta property=\"og:image\" content=\"https:\/\/www.estrategiaconcursos.com.br\/blog\/wp-content\/uploads\/2019\/05\/instagram-@professorwagnerdamazio.png\" \/>\n<meta name=\"author\" content=\"Wagner Damazio\" \/>\n<meta name=\"twitter:card\" content=\"summary_large_image\" \/>\n<meta name=\"twitter:creator\" content=\"@EstratConcursos\" \/>\n<meta name=\"twitter:site\" content=\"@EstratConcursos\" \/>\n<meta name=\"twitter:label1\" content=\"Escrito por\" \/>\n\t<meta name=\"twitter:data1\" content=\"Wagner Damazio\" \/>\n\t<meta name=\"twitter:label2\" content=\"Est. tempo de leitura\" \/>\n\t<meta name=\"twitter:data2\" content=\"44 minutos\" \/>\n<script type=\"application\/ld+json\" class=\"yoast-schema-graph\">{\"@context\":\"https:\/\/schema.org\",\"@graph\":[{\"@type\":\"NewsArticle\",\"@id\":\"https:\/\/www.estrategiaconcursos.com.br\/blog\/gabarito-comentado-de-direito-administrativo-prova-pgm-curitiba-com-recurso\/#article\",\"isPartOf\":{\"@id\":\"https:\/\/www.estrategiaconcursos.com.br\/blog\/gabarito-comentado-de-direito-administrativo-prova-pgm-curitiba-com-recurso\/\"},\"author\":{\"name\":\"Wagner Damazio\",\"@id\":\"https:\/\/www.estrategiaconcursos.com.br\/blog\/#\/schema\/person\/f5b81e04c4522e78c0d896ba290e4cb0\"},\"headline\":\"Gabarito Comentado de Direito Administrativo &#8211; Prova PGM-Curitiba (Com Recurso)\",\"datePublished\":\"2019-05-06T06:49:04+00:00\",\"dateModified\":\"2019-05-06T06:51:50+00:00\",\"mainEntityOfPage\":{\"@id\":\"https:\/\/www.estrategiaconcursos.com.br\/blog\/gabarito-comentado-de-direito-administrativo-prova-pgm-curitiba-com-recurso\/\"},\"wordCount\":8738,\"commentCount\":0,\"publisher\":{\"@id\":\"https:\/\/www.estrategiaconcursos.com.br\/blog\/#organization\"},\"image\":{\"@id\":\"https:\/\/www.estrategiaconcursos.com.br\/blog\/gabarito-comentado-de-direito-administrativo-prova-pgm-curitiba-com-recurso\/#primaryimage\"},\"thumbnailUrl\":\"https:\/\/www.estrategiaconcursos.com.br\/blog\/wp-content\/uploads\/2019\/05\/instagram-@professorwagnerdamazio.png\",\"articleSection\":[\"Concursos P\u00fablicos\"],\"inLanguage\":\"pt-BR\",\"potentialAction\":[{\"@type\":\"CommentAction\",\"name\":\"Comment\",\"target\":[\"https:\/\/www.estrategiaconcursos.com.br\/blog\/gabarito-comentado-de-direito-administrativo-prova-pgm-curitiba-com-recurso\/#respond\"]}],\"copyrightYear\":\"2019\",\"copyrightHolder\":{\"@id\":\"https:\/\/www.estrategiaconcursos.com.br\/blog\/#organization\"}},{\"@type\":\"WebPage\",\"@id\":\"https:\/\/www.estrategiaconcursos.com.br\/blog\/gabarito-comentado-de-direito-administrativo-prova-pgm-curitiba-com-recurso\/\",\"url\":\"https:\/\/www.estrategiaconcursos.com.br\/blog\/gabarito-comentado-de-direito-administrativo-prova-pgm-curitiba-com-recurso\/\",\"name\":\"Gabarito Comentado de Direito Administrativo - Prova PGM-Curitiba (Com Recurso)\",\"isPartOf\":{\"@id\":\"https:\/\/www.estrategiaconcursos.com.br\/blog\/#website\"},\"primaryImageOfPage\":{\"@id\":\"https:\/\/www.estrategiaconcursos.com.br\/blog\/gabarito-comentado-de-direito-administrativo-prova-pgm-curitiba-com-recurso\/#primaryimage\"},\"image\":{\"@id\":\"https:\/\/www.estrategiaconcursos.com.br\/blog\/gabarito-comentado-de-direito-administrativo-prova-pgm-curitiba-com-recurso\/#primaryimage\"},\"thumbnailUrl\":\"https:\/\/www.estrategiaconcursos.com.br\/blog\/wp-content\/uploads\/2019\/05\/instagram-@professorwagnerdamazio.png\",\"datePublished\":\"2019-05-06T06:49:04+00:00\",\"dateModified\":\"2019-05-06T06:51:50+00:00\",\"breadcrumb\":{\"@id\":\"https:\/\/www.estrategiaconcursos.com.br\/blog\/gabarito-comentado-de-direito-administrativo-prova-pgm-curitiba-com-recurso\/#breadcrumb\"},\"inLanguage\":\"pt-BR\",\"potentialAction\":[{\"@type\":\"ReadAction\",\"target\":[\"https:\/\/www.estrategiaconcursos.com.br\/blog\/gabarito-comentado-de-direito-administrativo-prova-pgm-curitiba-com-recurso\/\"]}]},{\"@type\":\"ImageObject\",\"inLanguage\":\"pt-BR\",\"@id\":\"https:\/\/www.estrategiaconcursos.com.br\/blog\/gabarito-comentado-de-direito-administrativo-prova-pgm-curitiba-com-recurso\/#primaryimage\",\"url\":\"https:\/\/dhg1h5j42swfq.cloudfront.net\/2019\/05\/05220049\/instagram-%40professorwagnerdamazio.png\",\"contentUrl\":\"https:\/\/dhg1h5j42swfq.cloudfront.net\/2019\/05\/05220049\/instagram-%40professorwagnerdamazio.png\",\"width\":632,\"height\":134},{\"@type\":\"BreadcrumbList\",\"@id\":\"https:\/\/www.estrategiaconcursos.com.br\/blog\/gabarito-comentado-de-direito-administrativo-prova-pgm-curitiba-com-recurso\/#breadcrumb\",\"itemListElement\":[{\"@type\":\"ListItem\",\"position\":1,\"name\":\"In\u00edcio\",\"item\":\"https:\/\/www.estrategiaconcursos.com.br\/blog\/\"},{\"@type\":\"ListItem\",\"position\":2,\"name\":\"Gabarito Comentado de Direito Administrativo &#8211; Prova PGM-Curitiba (Com Recurso)\"}]},{\"@type\":\"WebSite\",\"@id\":\"https:\/\/www.estrategiaconcursos.com.br\/blog\/#website\",\"url\":\"https:\/\/www.estrategiaconcursos.com.br\/blog\/\",\"name\":\"Estrat\u00e9gia Concursos\",\"description\":\"O blog da Estrat\u00e9gia Concursos traz not\u00edcias sobre concursos e artigos de professores oferecendo cursos para concursos (pdf + videaulas) no site.\",\"publisher\":{\"@id\":\"https:\/\/www.estrategiaconcursos.com.br\/blog\/#organization\"},\"potentialAction\":[{\"@type\":\"SearchAction\",\"target\":{\"@type\":\"EntryPoint\",\"urlTemplate\":\"https:\/\/www.estrategiaconcursos.com.br\/blog\/?s={search_term_string}\"},\"query-input\":{\"@type\":\"PropertyValueSpecification\",\"valueRequired\":true,\"valueName\":\"search_term_string\"}}],\"inLanguage\":\"pt-BR\"},{\"@type\":\"Organization\",\"@id\":\"https:\/\/www.estrategiaconcursos.com.br\/blog\/#organization\",\"name\":\"Estrat\u00e9gia Concursos\",\"url\":\"https:\/\/www.estrategiaconcursos.com.br\/blog\/\",\"logo\":{\"@type\":\"ImageObject\",\"inLanguage\":\"pt-BR\",\"@id\":\"https:\/\/www.estrategiaconcursos.com.br\/blog\/#\/schema\/logo\/image\/\",\"url\":\"https:\/\/dhg1h5j42swfq.cloudfront.net\/2025\/06\/03203428\/logo_concursos-1.jpg\",\"contentUrl\":\"https:\/\/dhg1h5j42swfq.cloudfront.net\/2025\/06\/03203428\/logo_concursos-1.jpg\",\"width\":230,\"height\":60,\"caption\":\"Estrat\u00e9gia Concursos\"},\"image\":{\"@id\":\"https:\/\/www.estrategiaconcursos.com.br\/blog\/#\/schema\/logo\/image\/\"},\"sameAs\":[\"https:\/\/x.com\/EstratConcursos\"]},{\"@type\":\"Person\",\"@id\":\"https:\/\/www.estrategiaconcursos.com.br\/blog\/#\/schema\/person\/f5b81e04c4522e78c0d896ba290e4cb0\",\"name\":\"Wagner Damazio\",\"image\":{\"@type\":\"ImageObject\",\"inLanguage\":\"pt-BR\",\"@id\":\"https:\/\/secure.gravatar.com\/avatar\/5841b494cf624bcdfca728a4708ad21f8dd8e34657a98b9970e6136e633ae15a?s=96&d=mm&r=g\",\"url\":\"https:\/\/secure.gravatar.com\/avatar\/5841b494cf624bcdfca728a4708ad21f8dd8e34657a98b9970e6136e633ae15a?s=96&d=mm&r=g\",\"contentUrl\":\"https:\/\/secure.gravatar.com\/avatar\/5841b494cf624bcdfca728a4708ad21f8dd8e34657a98b9970e6136e633ae15a?s=96&d=mm&r=g\",\"caption\":\"Wagner Damazio\"},\"url\":\"https:\/\/www.estrategiaconcursos.com.br\/blog\/author\/wagnermatematicoyahoo-com-br\/\"}]}<\/script>\n<!-- \/ Yoast SEO Premium plugin. -->","yoast_head_json":{"title":"Gabarito Comentado de Direito Administrativo - Prova PGM-Curitiba (Com Recurso)","robots":{"index":"index","follow":"follow","max-snippet":"max-snippet:-1","max-image-preview":"max-image-preview:large","max-video-preview":"max-video-preview:-1"},"canonical":"https:\/\/www.estrategiaconcursos.com.br\/blog\/gabarito-comentado-de-direito-administrativo-prova-pgm-curitiba-com-recurso\/","og_locale":"pt_BR","og_type":"article","og_title":"Gabarito Comentado de Direito Administrativo - Prova PGM-Curitiba (Com Recurso)","og_description":"Caso queira, acesse o post para saber mais sobre o curso de Direito Administrativo Gr\u00e1tis (em slides): https:\/\/www.estrategiaconcursos.com.br\/blog\/sonhando-com-o-direito-administrativo-curso-em-slides-material-gratis-wagner-damazio\/ Quest\u00e3o 17: A Lei Municipal n\u00ba 11.001\/04 instituiu o Plano de Carreiras para o cargo de Procurador do Munic\u00edpio de Curitiba. Com base em suas disposi\u00e7\u00f5es, considere as seguintes afirmativas: 1 &#8211; A fun\u00e7\u00e3o de Procurador do [&hellip;]","og_url":"https:\/\/www.estrategiaconcursos.com.br\/blog\/gabarito-comentado-de-direito-administrativo-prova-pgm-curitiba-com-recurso\/","og_site_name":"Estrat\u00e9gia Concursos","article_published_time":"2019-05-06T06:49:04+00:00","article_modified_time":"2019-05-06T06:51:50+00:00","og_image":[{"url":"https:\/\/www.estrategiaconcursos.com.br\/blog\/wp-content\/uploads\/2019\/05\/instagram-@professorwagnerdamazio.png","type":"","width":"","height":""}],"author":"Wagner Damazio","twitter_card":"summary_large_image","twitter_creator":"@EstratConcursos","twitter_site":"@EstratConcursos","twitter_misc":{"Escrito por":"Wagner Damazio","Est. tempo de leitura":"44 minutos"},"schema":{"@context":"https:\/\/schema.org","@graph":[{"@type":"NewsArticle","@id":"https:\/\/www.estrategiaconcursos.com.br\/blog\/gabarito-comentado-de-direito-administrativo-prova-pgm-curitiba-com-recurso\/#article","isPartOf":{"@id":"https:\/\/www.estrategiaconcursos.com.br\/blog\/gabarito-comentado-de-direito-administrativo-prova-pgm-curitiba-com-recurso\/"},"author":{"name":"Wagner Damazio","@id":"https:\/\/www.estrategiaconcursos.com.br\/blog\/#\/schema\/person\/f5b81e04c4522e78c0d896ba290e4cb0"},"headline":"Gabarito Comentado de Direito Administrativo &#8211; Prova PGM-Curitiba (Com Recurso)","datePublished":"2019-05-06T06:49:04+00:00","dateModified":"2019-05-06T06:51:50+00:00","mainEntityOfPage":{"@id":"https:\/\/www.estrategiaconcursos.com.br\/blog\/gabarito-comentado-de-direito-administrativo-prova-pgm-curitiba-com-recurso\/"},"wordCount":8738,"commentCount":0,"publisher":{"@id":"https:\/\/www.estrategiaconcursos.com.br\/blog\/#organization"},"image":{"@id":"https:\/\/www.estrategiaconcursos.com.br\/blog\/gabarito-comentado-de-direito-administrativo-prova-pgm-curitiba-com-recurso\/#primaryimage"},"thumbnailUrl":"https:\/\/www.estrategiaconcursos.com.br\/blog\/wp-content\/uploads\/2019\/05\/instagram-@professorwagnerdamazio.png","articleSection":["Concursos P\u00fablicos"],"inLanguage":"pt-BR","potentialAction":[{"@type":"CommentAction","name":"Comment","target":["https:\/\/www.estrategiaconcursos.com.br\/blog\/gabarito-comentado-de-direito-administrativo-prova-pgm-curitiba-com-recurso\/#respond"]}],"copyrightYear":"2019","copyrightHolder":{"@id":"https:\/\/www.estrategiaconcursos.com.br\/blog\/#organization"}},{"@type":"WebPage","@id":"https:\/\/www.estrategiaconcursos.com.br\/blog\/gabarito-comentado-de-direito-administrativo-prova-pgm-curitiba-com-recurso\/","url":"https:\/\/www.estrategiaconcursos.com.br\/blog\/gabarito-comentado-de-direito-administrativo-prova-pgm-curitiba-com-recurso\/","name":"Gabarito Comentado de Direito Administrativo - Prova PGM-Curitiba (Com Recurso)","isPartOf":{"@id":"https:\/\/www.estrategiaconcursos.com.br\/blog\/#website"},"primaryImageOfPage":{"@id":"https:\/\/www.estrategiaconcursos.com.br\/blog\/gabarito-comentado-de-direito-administrativo-prova-pgm-curitiba-com-recurso\/#primaryimage"},"image":{"@id":"https:\/\/www.estrategiaconcursos.com.br\/blog\/gabarito-comentado-de-direito-administrativo-prova-pgm-curitiba-com-recurso\/#primaryimage"},"thumbnailUrl":"https:\/\/www.estrategiaconcursos.com.br\/blog\/wp-content\/uploads\/2019\/05\/instagram-@professorwagnerdamazio.png","datePublished":"2019-05-06T06:49:04+00:00","dateModified":"2019-05-06T06:51:50+00:00","breadcrumb":{"@id":"https:\/\/www.estrategiaconcursos.com.br\/blog\/gabarito-comentado-de-direito-administrativo-prova-pgm-curitiba-com-recurso\/#breadcrumb"},"inLanguage":"pt-BR","potentialAction":[{"@type":"ReadAction","target":["https:\/\/www.estrategiaconcursos.com.br\/blog\/gabarito-comentado-de-direito-administrativo-prova-pgm-curitiba-com-recurso\/"]}]},{"@type":"ImageObject","inLanguage":"pt-BR","@id":"https:\/\/www.estrategiaconcursos.com.br\/blog\/gabarito-comentado-de-direito-administrativo-prova-pgm-curitiba-com-recurso\/#primaryimage","url":"https:\/\/dhg1h5j42swfq.cloudfront.net\/2019\/05\/05220049\/instagram-%40professorwagnerdamazio.png","contentUrl":"https:\/\/dhg1h5j42swfq.cloudfront.net\/2019\/05\/05220049\/instagram-%40professorwagnerdamazio.png","width":632,"height":134},{"@type":"BreadcrumbList","@id":"https:\/\/www.estrategiaconcursos.com.br\/blog\/gabarito-comentado-de-direito-administrativo-prova-pgm-curitiba-com-recurso\/#breadcrumb","itemListElement":[{"@type":"ListItem","position":1,"name":"In\u00edcio","item":"https:\/\/www.estrategiaconcursos.com.br\/blog\/"},{"@type":"ListItem","position":2,"name":"Gabarito Comentado de Direito Administrativo &#8211; Prova PGM-Curitiba (Com Recurso)"}]},{"@type":"WebSite","@id":"https:\/\/www.estrategiaconcursos.com.br\/blog\/#website","url":"https:\/\/www.estrategiaconcursos.com.br\/blog\/","name":"Estrat\u00e9gia Concursos","description":"O blog da Estrat\u00e9gia Concursos traz not\u00edcias sobre concursos e artigos de professores oferecendo cursos para concursos (pdf + videaulas) no site.","publisher":{"@id":"https:\/\/www.estrategiaconcursos.com.br\/blog\/#organization"},"potentialAction":[{"@type":"SearchAction","target":{"@type":"EntryPoint","urlTemplate":"https:\/\/www.estrategiaconcursos.com.br\/blog\/?s={search_term_string}"},"query-input":{"@type":"PropertyValueSpecification","valueRequired":true,"valueName":"search_term_string"}}],"inLanguage":"pt-BR"},{"@type":"Organization","@id":"https:\/\/www.estrategiaconcursos.com.br\/blog\/#organization","name":"Estrat\u00e9gia Concursos","url":"https:\/\/www.estrategiaconcursos.com.br\/blog\/","logo":{"@type":"ImageObject","inLanguage":"pt-BR","@id":"https:\/\/www.estrategiaconcursos.com.br\/blog\/#\/schema\/logo\/image\/","url":"https:\/\/dhg1h5j42swfq.cloudfront.net\/2025\/06\/03203428\/logo_concursos-1.jpg","contentUrl":"https:\/\/dhg1h5j42swfq.cloudfront.net\/2025\/06\/03203428\/logo_concursos-1.jpg","width":230,"height":60,"caption":"Estrat\u00e9gia Concursos"},"image":{"@id":"https:\/\/www.estrategiaconcursos.com.br\/blog\/#\/schema\/logo\/image\/"},"sameAs":["https:\/\/x.com\/EstratConcursos"]},{"@type":"Person","@id":"https:\/\/www.estrategiaconcursos.com.br\/blog\/#\/schema\/person\/f5b81e04c4522e78c0d896ba290e4cb0","name":"Wagner Damazio","image":{"@type":"ImageObject","inLanguage":"pt-BR","@id":"https:\/\/secure.gravatar.com\/avatar\/5841b494cf624bcdfca728a4708ad21f8dd8e34657a98b9970e6136e633ae15a?s=96&d=mm&r=g","url":"https:\/\/secure.gravatar.com\/avatar\/5841b494cf624bcdfca728a4708ad21f8dd8e34657a98b9970e6136e633ae15a?s=96&d=mm&r=g","contentUrl":"https:\/\/secure.gravatar.com\/avatar\/5841b494cf624bcdfca728a4708ad21f8dd8e34657a98b9970e6136e633ae15a?s=96&d=mm&r=g","caption":"Wagner Damazio"},"url":"https:\/\/www.estrategiaconcursos.com.br\/blog\/author\/wagnermatematicoyahoo-com-br\/"}]}},"_links":{"self":[{"href":"https:\/\/www.estrategiaconcursos.com.br\/blog\/wp-json\/wp\/v2\/posts\/371261","targetHints":{"allow":["GET"]}}],"collection":[{"href":"https:\/\/www.estrategiaconcursos.com.br\/blog\/wp-json\/wp\/v2\/posts"}],"about":[{"href":"https:\/\/www.estrategiaconcursos.com.br\/blog\/wp-json\/wp\/v2\/types\/post"}],"author":[{"embeddable":true,"href":"https:\/\/www.estrategiaconcursos.com.br\/blog\/wp-json\/wp\/v2\/users\/463"}],"replies":[{"embeddable":true,"href":"https:\/\/www.estrategiaconcursos.com.br\/blog\/wp-json\/wp\/v2\/comments?post=371261"}],"version-history":[{"count":2,"href":"https:\/\/www.estrategiaconcursos.com.br\/blog\/wp-json\/wp\/v2\/posts\/371261\/revisions"}],"predecessor-version":[{"id":371321,"href":"https:\/\/www.estrategiaconcursos.com.br\/blog\/wp-json\/wp\/v2\/posts\/371261\/revisions\/371321"}],"wp:attachment":[{"href":"https:\/\/www.estrategiaconcursos.com.br\/blog\/wp-json\/wp\/v2\/media?parent=371261"}],"wp:term":[{"taxonomy":"category","embeddable":true,"href":"https:\/\/www.estrategiaconcursos.com.br\/blog\/wp-json\/wp\/v2\/categories?post=371261"},{"taxonomy":"post_tag","embeddable":true,"href":"https:\/\/www.estrategiaconcursos.com.br\/blog\/wp-json\/wp\/v2\/tags?post=371261"},{"taxonomy":"tax_estado","embeddable":true,"href":"https:\/\/www.estrategiaconcursos.com.br\/blog\/wp-json\/wp\/v2\/tax_estado?post=371261"}],"curies":[{"name":"wp","href":"https:\/\/api.w.org\/{rel}","templated":true}]}}