{"id":370953,"date":"2019-05-04T17:46:50","date_gmt":"2019-05-04T20:46:50","guid":{"rendered":"https:\/\/www.estrategiaconcursos.com.br\/blog\/?p=370953"},"modified":"2019-06-01T10:41:24","modified_gmt":"2019-06-01T13:41:24","slug":"5-temas-que-vao-cair-na-prova-de-ciencias-humanas-do-enem","status":"publish","type":"post","link":"https:\/\/www.estrategiaconcursos.com.br\/blog\/5-temas-que-vao-cair-na-prova-de-ciencias-humanas-do-enem\/","title":{"rendered":"5 temas que v\u00e3o cair na prova de Ci\u00eancias Humanas do ENEM"},"content":{"rendered":"\n<p>Estrategianos, tudo bem?<\/p>\n\n\n\n<p>H\u00e1 5 temas potenciais que, certamente, o ENEM 2019 ir\u00e1 explorar na prova de Ci\u00eancias Humanas. Vai por mim, esse temas merecem sua aten\u00e7\u00e3o ;)<\/p>\n\n\n\n<p>1 A import\u00e2ncia da mem\u00f3ria e do patrim\u00f4nio hist\u00f3rico e cultural, com foco motivador a partir do inc\u00eandio do Museu Nacional. Inclusive, esse tema \u00e9 candidato para a reda\u00e7\u00e3o;<\/p>\n\n\n\n<figure class=\"wp-block-image\"><img decoding=\"async\" src=\"https:\/\/abrilveja.files.wordpress.com\/2018\/09\/2018-09-03t003119z_1651330244_rc168d791cc0_rtrmadp_3_brazil-fire-museum.jpg\" alt=\"Resultado de imagem para museu nacional incendio\" \/><\/figure>\n\n\n\n<ol class=\"wp-block-list\"><li>Reflex\u00e3o sobre liberdade e justi\u00e7a em perspectiva comparada, isto \u00e9, a realidade brasileira em contraste com outras na\u00e7\u00f5es;<\/li><\/ol>\n\n\n\n<figure class=\"wp-block-image\"><img decoding=\"async\" src=\"https:\/\/thumbs.jusbr.com\/filters:format(webp)\/imgs.jusbr.com\/publications\/artigos\/images\/1427994838.png\" alt=\"Resultado de imagem para equidade\" \/><\/figure>\n\n\n\n<ol class=\"wp-block-list\"><li>Desastres ambientais. Penso que n\u00e3o haver\u00e1 abordagem direta sobre o desastre de Brumadinho, uma vez que aconteceu no in\u00edcio deste ano, por\u00e9m uma reflex\u00e3o sobre o desastre de Mariana (2015) e suas respectivas consequ\u00eancias devem ser abordadas. O tema sobre trag\u00e9dias ambientais tamb\u00e9m \u00e9 candidat\u00edssimo para a reda\u00e7\u00e3o;<\/li><\/ol>\n\n\n\n<figure class=\"wp-block-image\"><img decoding=\"async\" src=\"https:\/\/sounoticia.com.br\/wp-content\/uploads\/2019\/02\/TRAG%C3%89DIA-2015-1-e1551381448767-780x405.jpg\" alt=\"Resultado de imagem para trag\u00c3\u00a9dia mariana\" \/><\/figure>\n\n\n\n<ol class=\"wp-block-list\"><li>Um tema que n\u00e3o me lembro de ainda ter sido cobrado \u00e9 sobre intelig\u00eancia artificial &#8211; cada vez mais o tema \u00e9 debatido em livros de literatura, fic\u00e7\u00e3o cient\u00edfica, filmes e artigos acad\u00eamicos. Afinal, seria um tema bem legal para a reda\u00e7\u00e3o, n\u00e3o \u00e9 mesmo?<\/li><\/ol>\n\n\n\n<figure class=\"wp-block-image\"><img loading=\"lazy\" decoding=\"async\" width=\"275\" height=\"183\" src=\"https:\/\/dhg1h5j42swfq.cloudfront.net\/2019\/06\/01103928\/image.jpeg\" alt=\"\" class=\"wp-image-381842\" \/><\/figure>\n\n\n\n<ol class=\"wp-block-list\"><li>Por fim, uma reflex\u00e3o de como ser cidad\u00e3o no s\u00e9culo XXI. O que \u00e9 cidadania? Como ela se expressa? Como ela pode ser ampliada?<\/li><li><\/li><\/ol>\n\n\n\n<figure class=\"wp-block-image\"><img decoding=\"async\" src=\"https:\/\/cdn-images-1.medium.com\/max\/1600\/1*ht4EpUtSM6E8eLahQIXkkA.jpeg\" alt=\"Resultado de imagem para cidadania\" \/><\/figure>\n\n\n\n<ol class=\"wp-block-list\"><li><\/li><\/ol>\n\n\n\n<p>Bons estudos! #tmj<\/p>\n","protected":false},"excerpt":{"rendered":"<p>Estrategianos, tudo bem? H\u00e1 5 temas potenciais que, certamente, o ENEM 2019 ir\u00e1 explorar na prova de Ci\u00eancias Humanas. Vai por mim, esse temas merecem sua aten\u00e7\u00e3o ;) 1 A import\u00e2ncia da mem\u00f3ria e do patrim\u00f4nio hist\u00f3rico e cultural, com foco motivador a partir do inc\u00eandio do Museu Nacional. Inclusive, esse tema \u00e9 candidato para [&hellip;]<\/p>\n","protected":false},"author":384,"featured_media":0,"comment_status":"open","ping_status":"closed","sticky":false,"template":"","format":"standard","meta":{"post_tipo":"article","footnotes":""},"categories":[1],"tags":[],"tax_estado":[],"class_list":["post-370953","post","type-post","status-publish","format-standard","hentry","category-cursos-e-concursos"],"acf":[],"yoast_head":"<!-- This site is optimized with the Yoast SEO Premium plugin v27.2 (Yoast SEO v27.2) - https:\/\/yoast.com\/product\/yoast-seo-premium-wordpress\/ -->\n<title>5 temas que v\u00e3o cair na prova de Ci\u00eancias Humanas do ENEM<\/title>\n<meta name=\"robots\" content=\"index, follow, max-snippet:-1, max-image-preview:large, max-video-preview:-1\" \/>\n<link rel=\"canonical\" href=\"https:\/\/www.estrategiaconcursos.com.br\/blog\/5-temas-que-vao-cair-na-prova-de-ciencias-humanas-do-enem\/\" \/>\n<meta property=\"og:locale\" content=\"pt_BR\" \/>\n<meta property=\"og:type\" content=\"article\" \/>\n<meta property=\"og:title\" content=\"5 temas que v\u00e3o cair na prova de Ci\u00eancias Humanas do ENEM\" \/>\n<meta property=\"og:description\" content=\"Estrategianos, tudo bem? H\u00e1 5 temas potenciais que, certamente, o ENEM 2019 ir\u00e1 explorar na prova de Ci\u00eancias Humanas. Vai por mim, esse temas merecem sua aten\u00e7\u00e3o ;) 1 A import\u00e2ncia da mem\u00f3ria e do patrim\u00f4nio hist\u00f3rico e cultural, com foco motivador a partir do inc\u00eandio do Museu Nacional. Inclusive, esse tema \u00e9 candidato para [&hellip;]\" \/>\n<meta property=\"og:url\" content=\"https:\/\/www.estrategiaconcursos.com.br\/blog\/5-temas-que-vao-cair-na-prova-de-ciencias-humanas-do-enem\/\" \/>\n<meta property=\"og:site_name\" content=\"Estrat\u00e9gia Concursos\" \/>\n<meta property=\"article:published_time\" content=\"2019-05-04T20:46:50+00:00\" \/>\n<meta property=\"article:modified_time\" content=\"2019-06-01T13:41:24+00:00\" \/>\n<meta property=\"og:image\" content=\"https:\/\/abrilveja.files.wordpress.com\/2018\/09\/2018-09-03t003119z_1651330244_rc168d791cc0_rtrmadp_3_brazil-fire-museum.jpg\" \/>\n<meta name=\"author\" content=\"Raphael de Oliveira Reis\" \/>\n<meta name=\"twitter:card\" content=\"summary_large_image\" \/>\n<meta name=\"twitter:creator\" content=\"@EstratConcursos\" \/>\n<meta name=\"twitter:site\" content=\"@EstratConcursos\" \/>\n<meta name=\"twitter:label1\" content=\"Escrito por\" \/>\n\t<meta name=\"twitter:data1\" content=\"Raphael de Oliveira Reis\" \/>\n\t<meta name=\"twitter:label2\" content=\"Est. tempo de leitura\" \/>\n\t<meta name=\"twitter:data2\" content=\"1 minuto\" \/>\n<script type=\"application\/ld+json\" class=\"yoast-schema-graph\">{\"@context\":\"https:\/\/schema.org\",\"@graph\":[{\"@type\":\"NewsArticle\",\"@id\":\"https:\/\/www.estrategiaconcursos.com.br\/blog\/5-temas-que-vao-cair-na-prova-de-ciencias-humanas-do-enem\/#article\",\"isPartOf\":{\"@id\":\"https:\/\/www.estrategiaconcursos.com.br\/blog\/5-temas-que-vao-cair-na-prova-de-ciencias-humanas-do-enem\/\"},\"author\":{\"name\":\"Raphael de Oliveira Reis\",\"@id\":\"https:\/\/www.estrategiaconcursos.com.br\/blog\/#\/schema\/person\/b49a1a49e5ef8a9f8d3268e74404a911\"},\"headline\":\"5 temas que v\u00e3o cair na prova de Ci\u00eancias Humanas do ENEM\",\"datePublished\":\"2019-05-04T20:46:50+00:00\",\"dateModified\":\"2019-06-01T13:41:24+00:00\",\"mainEntityOfPage\":{\"@id\":\"https:\/\/www.estrategiaconcursos.com.br\/blog\/5-temas-que-vao-cair-na-prova-de-ciencias-humanas-do-enem\/\"},\"wordCount\":226,\"commentCount\":0,\"publisher\":{\"@id\":\"https:\/\/www.estrategiaconcursos.com.br\/blog\/#organization\"},\"image\":{\"@id\":\"https:\/\/www.estrategiaconcursos.com.br\/blog\/5-temas-que-vao-cair-na-prova-de-ciencias-humanas-do-enem\/#primaryimage\"},\"thumbnailUrl\":\"https:\/\/abrilveja.files.wordpress.com\/2018\/09\/2018-09-03t003119z_1651330244_rc168d791cc0_rtrmadp_3_brazil-fire-museum.jpg\",\"articleSection\":[\"Concursos P\u00fablicos\"],\"inLanguage\":\"pt-BR\",\"potentialAction\":[{\"@type\":\"CommentAction\",\"name\":\"Comment\",\"target\":[\"https:\/\/www.estrategiaconcursos.com.br\/blog\/5-temas-que-vao-cair-na-prova-de-ciencias-humanas-do-enem\/#respond\"]}],\"copyrightYear\":\"2019\",\"copyrightHolder\":{\"@id\":\"https:\/\/www.estrategiaconcursos.com.br\/blog\/#organization\"}},{\"@type\":\"WebPage\",\"@id\":\"https:\/\/www.estrategiaconcursos.com.br\/blog\/5-temas-que-vao-cair-na-prova-de-ciencias-humanas-do-enem\/\",\"url\":\"https:\/\/www.estrategiaconcursos.com.br\/blog\/5-temas-que-vao-cair-na-prova-de-ciencias-humanas-do-enem\/\",\"name\":\"5 temas que v\u00e3o cair na prova de Ci\u00eancias Humanas do ENEM\",\"isPartOf\":{\"@id\":\"https:\/\/www.estrategiaconcursos.com.br\/blog\/#website\"},\"primaryImageOfPage\":{\"@id\":\"https:\/\/www.estrategiaconcursos.com.br\/blog\/5-temas-que-vao-cair-na-prova-de-ciencias-humanas-do-enem\/#primaryimage\"},\"image\":{\"@id\":\"https:\/\/www.estrategiaconcursos.com.br\/blog\/5-temas-que-vao-cair-na-prova-de-ciencias-humanas-do-enem\/#primaryimage\"},\"thumbnailUrl\":\"https:\/\/abrilveja.files.wordpress.com\/2018\/09\/2018-09-03t003119z_1651330244_rc168d791cc0_rtrmadp_3_brazil-fire-museum.jpg\",\"datePublished\":\"2019-05-04T20:46:50+00:00\",\"dateModified\":\"2019-06-01T13:41:24+00:00\",\"breadcrumb\":{\"@id\":\"https:\/\/www.estrategiaconcursos.com.br\/blog\/5-temas-que-vao-cair-na-prova-de-ciencias-humanas-do-enem\/#breadcrumb\"},\"inLanguage\":\"pt-BR\",\"potentialAction\":[{\"@type\":\"ReadAction\",\"target\":[\"https:\/\/www.estrategiaconcursos.com.br\/blog\/5-temas-que-vao-cair-na-prova-de-ciencias-humanas-do-enem\/\"]}]},{\"@type\":\"ImageObject\",\"inLanguage\":\"pt-BR\",\"@id\":\"https:\/\/www.estrategiaconcursos.com.br\/blog\/5-temas-que-vao-cair-na-prova-de-ciencias-humanas-do-enem\/#primaryimage\",\"url\":\"https:\/\/abrilveja.files.wordpress.com\/2018\/09\/2018-09-03t003119z_1651330244_rc168d791cc0_rtrmadp_3_brazil-fire-museum.jpg\",\"contentUrl\":\"https:\/\/abrilveja.files.wordpress.com\/2018\/09\/2018-09-03t003119z_1651330244_rc168d791cc0_rtrmadp_3_brazil-fire-museum.jpg\"},{\"@type\":\"BreadcrumbList\",\"@id\":\"https:\/\/www.estrategiaconcursos.com.br\/blog\/5-temas-que-vao-cair-na-prova-de-ciencias-humanas-do-enem\/#breadcrumb\",\"itemListElement\":[{\"@type\":\"ListItem\",\"position\":1,\"name\":\"In\u00edcio\",\"item\":\"https:\/\/www.estrategiaconcursos.com.br\/blog\/\"},{\"@type\":\"ListItem\",\"position\":2,\"name\":\"5 temas que v\u00e3o cair na prova de Ci\u00eancias Humanas do ENEM\"}]},{\"@type\":\"WebSite\",\"@id\":\"https:\/\/www.estrategiaconcursos.com.br\/blog\/#website\",\"url\":\"https:\/\/www.estrategiaconcursos.com.br\/blog\/\",\"name\":\"Estrat\u00e9gia Concursos\",\"description\":\"O blog da Estrat\u00e9gia Concursos traz not\u00edcias sobre concursos e artigos de professores oferecendo cursos para concursos (pdf + videaulas) no site.\",\"publisher\":{\"@id\":\"https:\/\/www.estrategiaconcursos.com.br\/blog\/#organization\"},\"potentialAction\":[{\"@type\":\"SearchAction\",\"target\":{\"@type\":\"EntryPoint\",\"urlTemplate\":\"https:\/\/www.estrategiaconcursos.com.br\/blog\/?s={search_term_string}\"},\"query-input\":{\"@type\":\"PropertyValueSpecification\",\"valueRequired\":true,\"valueName\":\"search_term_string\"}}],\"inLanguage\":\"pt-BR\"},{\"@type\":\"Organization\",\"@id\":\"https:\/\/www.estrategiaconcursos.com.br\/blog\/#organization\",\"name\":\"Estrat\u00e9gia Concursos\",\"url\":\"https:\/\/www.estrategiaconcursos.com.br\/blog\/\",\"logo\":{\"@type\":\"ImageObject\",\"inLanguage\":\"pt-BR\",\"@id\":\"https:\/\/www.estrategiaconcursos.com.br\/blog\/#\/schema\/logo\/image\/\",\"url\":\"https:\/\/dhg1h5j42swfq.cloudfront.net\/2025\/06\/03203428\/logo_concursos-1.jpg\",\"contentUrl\":\"https:\/\/dhg1h5j42swfq.cloudfront.net\/2025\/06\/03203428\/logo_concursos-1.jpg\",\"width\":230,\"height\":60,\"caption\":\"Estrat\u00e9gia Concursos\"},\"image\":{\"@id\":\"https:\/\/www.estrategiaconcursos.com.br\/blog\/#\/schema\/logo\/image\/\"},\"sameAs\":[\"https:\/\/x.com\/EstratConcursos\"]},{\"@type\":\"Person\",\"@id\":\"https:\/\/www.estrategiaconcursos.com.br\/blog\/#\/schema\/person\/b49a1a49e5ef8a9f8d3268e74404a911\",\"name\":\"Raphael de Oliveira Reis\",\"image\":{\"@type\":\"ImageObject\",\"inLanguage\":\"pt-BR\",\"@id\":\"https:\/\/secure.gravatar.com\/avatar\/b1c5789180fc7bfb5103ec006c301370c02393e37aa13c55f6d72f05fcc76b3b?s=96&d=mm&r=g\",\"url\":\"https:\/\/secure.gravatar.com\/avatar\/b1c5789180fc7bfb5103ec006c301370c02393e37aa13c55f6d72f05fcc76b3b?s=96&d=mm&r=g\",\"contentUrl\":\"https:\/\/secure.gravatar.com\/avatar\/b1c5789180fc7bfb5103ec006c301370c02393e37aa13c55f6d72f05fcc76b3b?s=96&d=mm&r=g\",\"caption\":\"Raphael de Oliveira Reis\"},\"url\":\"https:\/\/www.estrategiaconcursos.com.br\/blog\/author\/profraphaelreisgmail-com\/\"}]}<\/script>\n<!-- \/ Yoast SEO Premium plugin. -->","yoast_head_json":{"title":"5 temas que v\u00e3o cair na prova de Ci\u00eancias Humanas do ENEM","robots":{"index":"index","follow":"follow","max-snippet":"max-snippet:-1","max-image-preview":"max-image-preview:large","max-video-preview":"max-video-preview:-1"},"canonical":"https:\/\/www.estrategiaconcursos.com.br\/blog\/5-temas-que-vao-cair-na-prova-de-ciencias-humanas-do-enem\/","og_locale":"pt_BR","og_type":"article","og_title":"5 temas que v\u00e3o cair na prova de Ci\u00eancias Humanas do ENEM","og_description":"Estrategianos, tudo bem? H\u00e1 5 temas potenciais que, certamente, o ENEM 2019 ir\u00e1 explorar na prova de Ci\u00eancias Humanas. Vai por mim, esse temas merecem sua aten\u00e7\u00e3o ;) 1 A import\u00e2ncia da mem\u00f3ria e do patrim\u00f4nio hist\u00f3rico e cultural, com foco motivador a partir do inc\u00eandio do Museu Nacional. Inclusive, esse tema \u00e9 candidato para [&hellip;]","og_url":"https:\/\/www.estrategiaconcursos.com.br\/blog\/5-temas-que-vao-cair-na-prova-de-ciencias-humanas-do-enem\/","og_site_name":"Estrat\u00e9gia Concursos","article_published_time":"2019-05-04T20:46:50+00:00","article_modified_time":"2019-06-01T13:41:24+00:00","og_image":[{"url":"https:\/\/abrilveja.files.wordpress.com\/2018\/09\/2018-09-03t003119z_1651330244_rc168d791cc0_rtrmadp_3_brazil-fire-museum.jpg","type":"","width":"","height":""}],"author":"Raphael de Oliveira Reis","twitter_card":"summary_large_image","twitter_creator":"@EstratConcursos","twitter_site":"@EstratConcursos","twitter_misc":{"Escrito por":"Raphael de Oliveira Reis","Est. tempo de leitura":"1 minuto"},"schema":{"@context":"https:\/\/schema.org","@graph":[{"@type":"NewsArticle","@id":"https:\/\/www.estrategiaconcursos.com.br\/blog\/5-temas-que-vao-cair-na-prova-de-ciencias-humanas-do-enem\/#article","isPartOf":{"@id":"https:\/\/www.estrategiaconcursos.com.br\/blog\/5-temas-que-vao-cair-na-prova-de-ciencias-humanas-do-enem\/"},"author":{"name":"Raphael de Oliveira Reis","@id":"https:\/\/www.estrategiaconcursos.com.br\/blog\/#\/schema\/person\/b49a1a49e5ef8a9f8d3268e74404a911"},"headline":"5 temas que v\u00e3o cair na prova de Ci\u00eancias Humanas do ENEM","datePublished":"2019-05-04T20:46:50+00:00","dateModified":"2019-06-01T13:41:24+00:00","mainEntityOfPage":{"@id":"https:\/\/www.estrategiaconcursos.com.br\/blog\/5-temas-que-vao-cair-na-prova-de-ciencias-humanas-do-enem\/"},"wordCount":226,"commentCount":0,"publisher":{"@id":"https:\/\/www.estrategiaconcursos.com.br\/blog\/#organization"},"image":{"@id":"https:\/\/www.estrategiaconcursos.com.br\/blog\/5-temas-que-vao-cair-na-prova-de-ciencias-humanas-do-enem\/#primaryimage"},"thumbnailUrl":"https:\/\/abrilveja.files.wordpress.com\/2018\/09\/2018-09-03t003119z_1651330244_rc168d791cc0_rtrmadp_3_brazil-fire-museum.jpg","articleSection":["Concursos P\u00fablicos"],"inLanguage":"pt-BR","potentialAction":[{"@type":"CommentAction","name":"Comment","target":["https:\/\/www.estrategiaconcursos.com.br\/blog\/5-temas-que-vao-cair-na-prova-de-ciencias-humanas-do-enem\/#respond"]}],"copyrightYear":"2019","copyrightHolder":{"@id":"https:\/\/www.estrategiaconcursos.com.br\/blog\/#organization"}},{"@type":"WebPage","@id":"https:\/\/www.estrategiaconcursos.com.br\/blog\/5-temas-que-vao-cair-na-prova-de-ciencias-humanas-do-enem\/","url":"https:\/\/www.estrategiaconcursos.com.br\/blog\/5-temas-que-vao-cair-na-prova-de-ciencias-humanas-do-enem\/","name":"5 temas que v\u00e3o cair na prova de Ci\u00eancias Humanas do ENEM","isPartOf":{"@id":"https:\/\/www.estrategiaconcursos.com.br\/blog\/#website"},"primaryImageOfPage":{"@id":"https:\/\/www.estrategiaconcursos.com.br\/blog\/5-temas-que-vao-cair-na-prova-de-ciencias-humanas-do-enem\/#primaryimage"},"image":{"@id":"https:\/\/www.estrategiaconcursos.com.br\/blog\/5-temas-que-vao-cair-na-prova-de-ciencias-humanas-do-enem\/#primaryimage"},"thumbnailUrl":"https:\/\/abrilveja.files.wordpress.com\/2018\/09\/2018-09-03t003119z_1651330244_rc168d791cc0_rtrmadp_3_brazil-fire-museum.jpg","datePublished":"2019-05-04T20:46:50+00:00","dateModified":"2019-06-01T13:41:24+00:00","breadcrumb":{"@id":"https:\/\/www.estrategiaconcursos.com.br\/blog\/5-temas-que-vao-cair-na-prova-de-ciencias-humanas-do-enem\/#breadcrumb"},"inLanguage":"pt-BR","potentialAction":[{"@type":"ReadAction","target":["https:\/\/www.estrategiaconcursos.com.br\/blog\/5-temas-que-vao-cair-na-prova-de-ciencias-humanas-do-enem\/"]}]},{"@type":"ImageObject","inLanguage":"pt-BR","@id":"https:\/\/www.estrategiaconcursos.com.br\/blog\/5-temas-que-vao-cair-na-prova-de-ciencias-humanas-do-enem\/#primaryimage","url":"https:\/\/abrilveja.files.wordpress.com\/2018\/09\/2018-09-03t003119z_1651330244_rc168d791cc0_rtrmadp_3_brazil-fire-museum.jpg","contentUrl":"https:\/\/abrilveja.files.wordpress.com\/2018\/09\/2018-09-03t003119z_1651330244_rc168d791cc0_rtrmadp_3_brazil-fire-museum.jpg"},{"@type":"BreadcrumbList","@id":"https:\/\/www.estrategiaconcursos.com.br\/blog\/5-temas-que-vao-cair-na-prova-de-ciencias-humanas-do-enem\/#breadcrumb","itemListElement":[{"@type":"ListItem","position":1,"name":"In\u00edcio","item":"https:\/\/www.estrategiaconcursos.com.br\/blog\/"},{"@type":"ListItem","position":2,"name":"5 temas que v\u00e3o cair na prova de Ci\u00eancias Humanas do ENEM"}]},{"@type":"WebSite","@id":"https:\/\/www.estrategiaconcursos.com.br\/blog\/#website","url":"https:\/\/www.estrategiaconcursos.com.br\/blog\/","name":"Estrat\u00e9gia Concursos","description":"O blog da Estrat\u00e9gia Concursos traz not\u00edcias sobre concursos e artigos de professores oferecendo cursos para concursos (pdf + videaulas) no site.","publisher":{"@id":"https:\/\/www.estrategiaconcursos.com.br\/blog\/#organization"},"potentialAction":[{"@type":"SearchAction","target":{"@type":"EntryPoint","urlTemplate":"https:\/\/www.estrategiaconcursos.com.br\/blog\/?s={search_term_string}"},"query-input":{"@type":"PropertyValueSpecification","valueRequired":true,"valueName":"search_term_string"}}],"inLanguage":"pt-BR"},{"@type":"Organization","@id":"https:\/\/www.estrategiaconcursos.com.br\/blog\/#organization","name":"Estrat\u00e9gia Concursos","url":"https:\/\/www.estrategiaconcursos.com.br\/blog\/","logo":{"@type":"ImageObject","inLanguage":"pt-BR","@id":"https:\/\/www.estrategiaconcursos.com.br\/blog\/#\/schema\/logo\/image\/","url":"https:\/\/dhg1h5j42swfq.cloudfront.net\/2025\/06\/03203428\/logo_concursos-1.jpg","contentUrl":"https:\/\/dhg1h5j42swfq.cloudfront.net\/2025\/06\/03203428\/logo_concursos-1.jpg","width":230,"height":60,"caption":"Estrat\u00e9gia Concursos"},"image":{"@id":"https:\/\/www.estrategiaconcursos.com.br\/blog\/#\/schema\/logo\/image\/"},"sameAs":["https:\/\/x.com\/EstratConcursos"]},{"@type":"Person","@id":"https:\/\/www.estrategiaconcursos.com.br\/blog\/#\/schema\/person\/b49a1a49e5ef8a9f8d3268e74404a911","name":"Raphael de Oliveira Reis","image":{"@type":"ImageObject","inLanguage":"pt-BR","@id":"https:\/\/secure.gravatar.com\/avatar\/b1c5789180fc7bfb5103ec006c301370c02393e37aa13c55f6d72f05fcc76b3b?s=96&d=mm&r=g","url":"https:\/\/secure.gravatar.com\/avatar\/b1c5789180fc7bfb5103ec006c301370c02393e37aa13c55f6d72f05fcc76b3b?s=96&d=mm&r=g","contentUrl":"https:\/\/secure.gravatar.com\/avatar\/b1c5789180fc7bfb5103ec006c301370c02393e37aa13c55f6d72f05fcc76b3b?s=96&d=mm&r=g","caption":"Raphael de Oliveira Reis"},"url":"https:\/\/www.estrategiaconcursos.com.br\/blog\/author\/profraphaelreisgmail-com\/"}]}},"_links":{"self":[{"href":"https:\/\/www.estrategiaconcursos.com.br\/blog\/wp-json\/wp\/v2\/posts\/370953","targetHints":{"allow":["GET"]}}],"collection":[{"href":"https:\/\/www.estrategiaconcursos.com.br\/blog\/wp-json\/wp\/v2\/posts"}],"about":[{"href":"https:\/\/www.estrategiaconcursos.com.br\/blog\/wp-json\/wp\/v2\/types\/post"}],"author":[{"embeddable":true,"href":"https:\/\/www.estrategiaconcursos.com.br\/blog\/wp-json\/wp\/v2\/users\/384"}],"replies":[{"embeddable":true,"href":"https:\/\/www.estrategiaconcursos.com.br\/blog\/wp-json\/wp\/v2\/comments?post=370953"}],"version-history":[{"count":2,"href":"https:\/\/www.estrategiaconcursos.com.br\/blog\/wp-json\/wp\/v2\/posts\/370953\/revisions"}],"predecessor-version":[{"id":381843,"href":"https:\/\/www.estrategiaconcursos.com.br\/blog\/wp-json\/wp\/v2\/posts\/370953\/revisions\/381843"}],"wp:attachment":[{"href":"https:\/\/www.estrategiaconcursos.com.br\/blog\/wp-json\/wp\/v2\/media?parent=370953"}],"wp:term":[{"taxonomy":"category","embeddable":true,"href":"https:\/\/www.estrategiaconcursos.com.br\/blog\/wp-json\/wp\/v2\/categories?post=370953"},{"taxonomy":"post_tag","embeddable":true,"href":"https:\/\/www.estrategiaconcursos.com.br\/blog\/wp-json\/wp\/v2\/tags?post=370953"},{"taxonomy":"tax_estado","embeddable":true,"href":"https:\/\/www.estrategiaconcursos.com.br\/blog\/wp-json\/wp\/v2\/tax_estado?post=370953"}],"curies":[{"name":"wp","href":"https:\/\/api.w.org\/{rel}","templated":true}]}}