{"id":370916,"date":"2019-05-04T11:28:52","date_gmt":"2019-05-04T14:28:52","guid":{"rendered":"https:\/\/www.estrategiaconcursos.com.br\/blog\/?p=370916"},"modified":"2020-08-04T11:28:33","modified_gmt":"2020-08-04T14:28:33","slug":"entrevista-daniel-serra-mascarenhas-aprovado-no-concurso-da-policia-federal","status":"publish","type":"post","link":"https:\/\/www.estrategiaconcursos.com.br\/blog\/entrevista-daniel-serra-mascarenhas-aprovado-no-concurso-da-policia-federal\/","title":{"rendered":"ENTREVISTA: Daniel Serra Mascarenhas &#8211; Aprovado no concurso da Pol\u00edcia Federal para o cargo de Agente"},"content":{"rendered":"\n<p>\n\n<\/p>\n<p style=\"text-align: center;\"><strong><img loading=\"lazy\" decoding=\"async\" class=\" wp-image-370841 alignleft\" src=\"https:\/\/dhg1h5j42swfq.cloudfront.net\/2019\/04\/03173602\/DANIEL-HOME.jpeg\" alt=\"\" width=\"168\" height=\"215\" srcset=\"https:\/\/dhg1h5j42swfq.cloudfront.net\/2019\/04\/03173602\/DANIEL-HOME.jpeg 598w, https:\/\/dhg1h5j42swfq.cloudfront.net\/2019\/04\/03173602\/DANIEL-HOME.jpeg 234w\" sizes=\"auto, (max-width: 168px) 100vw, 168px\" \/>&#8220;\u00c9 poss\u00edvel sim, acredite em si mesmo. N\u00e3o v\u00e1 naquela conversa: \u201cpassar em concurso \u00e9 quest\u00e3o de sorte\u201d ou at\u00e9 \u201cningu\u00e9m passa em concurso com menos de X anos de estudo\u201d. A lei do esfor\u00e7o nunca te trai, pode ter certeza disso&#8221;<\/strong><\/p>\n<p>\n\n \n\n<\/p>\n<p>Confira nossa entrevista com Daniel Serra Mascarenhas, aprovado no concurso da Pol\u00edcia Federal para o cargo de Agente:<\/p>\n<p>\n\n \n\n<\/p>\n<p><strong>Estrat\u00e9gia Concursos: Conte-nos um pouco sobre voc\u00ea, para que nossos leitores possam te conhecer melhor. Voc\u00ea \u00e9 formado em que \u00e1rea? Qual sua idade? De onde voc\u00ea \u00e9? <\/strong><\/p>\n<p>\n\n \n\n<\/p>\n<p><strong>Daniel Serra Mascarenhas: <\/strong>Tenho 24 anos, sou engenheiro eletricista pela Universidade de Bras\u00edlia e fui aprovado no concurso da Pol\u00edcia Federal, para o cargo de agente.<\/p>\n<p>\n\n \n\n<\/p>\n<p><strong>Estrat\u00e9gia: O que te levou a tomar a decis\u00e3o de come\u00e7ar a estudar para concursos? Porque a \u00e1rea Policial?<\/strong><\/p>\n<p>\n\n \n\n<\/p>\n<p><strong>Daniel: <\/strong>Eu sempre tive um interesse muito grande pela \u00e1rea policial. Acredito que devemos contribuir da forma a melhorar a vida das outras pessoas. Eu escolhi que a minha forma seria me tornando policial.<\/p>\n<p>\n\n \n\n<\/p>\n<p>A primeira vez que essa ideia surgiu, foi no meu segundo semestre de faculdade. Mas, inicialmente, minha ideia era entrar como perito. Por\u00e9m esse pensamento ficou guardado, esporadicamente me al\ufb01netando.<\/p>\n<p>\n\n \n\n<\/p>\n<p>Com o passar do tempo, a vida acontecendo, esse plano \ufb01cou adormecido. Estagiei, terminei a faculdade e comecei a busca por um emprego na minha \u00e1rea.<\/p>\n<p>\n\n \n\n<\/p>\n<p>Fiz v\u00e1rias entrevistas, projetos, viajei algumas vezes, tudo para conseguir uma vaga. At\u00e9 que um dia, logo ap\u00f3s uma das entrevistas, a velha al\ufb01netada ressurgiu e eu logo pensei: \u201c\u00e9 isso, vou fazer o que for preciso para chegar l\u00e1\u201d. Rapidamente comecei a estudar, direcionado para a PF.<\/p>\n<p>\n\n \n\n<\/p>\n<p><strong>Estrat\u00e9gia: Durante sua caminhada como concurseiro, voc\u00ea trabalhava e estudava (como conciliava trabalho e estudos?), ou se dedicava inteiramente aos estudos para concurso? <\/strong><\/p>\n<p>\n\n \n\n<\/p>\n<p><strong>Daniel:<\/strong> Comecei fazendo uma pesquisa na internet. Vi que o edital da PF ainda n\u00e3o tinha sa\u00eddo, mas estava pr\u00f3ximo. Constava tamb\u00e9m que havia o concurso para soldado da PMDF prestes a acontecer.<\/p>\n<p>\n\n \n\n<\/p>\n<p>Pelo meu hist\u00f3rico de estudos na faculdade, eu j\u00e1 sabia que a melhor estrat\u00e9gia seria eu assinar um cursinho na internet e me dedicar sozinho aos estudos.<\/p>\n<p>\n\n \n\n<\/p>\n<p>Assim, \ufb01z uma pesquisa bem simples no Google sobre melhores cursinhos e nas listas encontrei o Estrat\u00e9gia. Fiz o dever de casa assistindo as aulas e estudando pelos PDF\u2019s. Decidi ent\u00e3o que iria dar meu voto de confian\u00e7a \u00e0 eles.<\/p>\n<p>\n\n \n\n<\/p>\n<p>Depois de tudo isso, comecei a me planejar. E pelo fato de ter um hor\u00e1rio extremamente \ufb02ex\u00edvel, tive outra ideia: o sonho de ser \ufb01siculturista e de participar de campeonatos.<\/p>\n<p>\n\n \n\n<\/p>\n<p>Realizar meus dois grandes sonhos ao mesmo tempo, que maravilha. Conversei com meus familiares e eles aceitaram me sustentar nesse meio tempo. Pronto, era isso. Comecei os trabalhos.<\/p>\n<p>\n\n \n\n<\/p>\n<p><strong>Estrat\u00e9gia: Qual foi sua sensa\u00e7\u00e3o ao ver seu nome na lista dos aprovados\/classificados na primeira fase do certame?<\/strong><\/p>\n<p>\n\n \n\n<\/p>\n<p><strong>Daniel: <\/strong>Finalmente saiu o resultado. Depois de 8 meses dando o m\u00e1ximo de mim, estava l\u00e1, meu nome na lista. Sensa\u00e7\u00e3o de al\u00edvio! Mas, quem faz concurso policial sabe, a luta ainda n\u00e3o acabou. Ainda tinham muitas etapas.<\/p>\n<p>\n\n \n\n<\/p>\n<p>Como eu j\u00e1 tinha uma rotina de atleta, pude me dar ao luxo de s\u00f3 come\u00e7ar a me dedicar ao TAF ap\u00f3s o resultado (crian\u00e7as, n\u00e3o fa\u00e7am isso em casa). Depois foram os exames m\u00e9dicos. Passei. A \ufb01cha s\u00f3 caiu mesmo quando saiu o resultado do psicot\u00e9cnico, que eu quase \ufb01quei sem voz de tanto que eu comemorei (hahaha).<\/p>\n<p>\n\n \n\n<\/p>\n<p><strong>Estr<\/strong><strong>at\u00e9gia<\/strong><strong>: <\/strong><strong>Como era sua vida social durante a prepara\u00e7\u00e3o para concursos? Voc\u00ea sa\u00eda com amigos, fam\u00edlia, etc? Ou adotou uma postura radical, abdicando do conv\u00edvio social?<\/strong><\/p>\n<p>\n\n \n\n<\/p>\n<p><strong>Daniel: <\/strong>Quanto a vida social, ela \u00e9 superimportante para se desligar e relaxar um pouco a cabe\u00e7a. Uma vez por semana eu me encontrava com meus amigos.<\/p>\n<p>\n\n \n\n<\/p>\n<p><strong>Estrat\u00e9gia: Voc\u00ea estudou por quanto tempo direcionado ao concurso que foi aprovado? <\/strong><\/p>\n<p>\n\n \n\n<\/p>\n<p><strong>Daniel: <\/strong>Estudei durante 8 meses, dando meu m\u00e1ximo.<\/p>\n<p>\n\n \n\n<\/p>\n<p><strong>Estrat\u00e9gia: Chegou a estudar sem ter edital na pra\u00e7a? Durante esse tempo, como voc\u00ea fazia para manter a disciplina nos estudos?<\/strong><\/p>\n<p>\n\n \n\n<\/p>\n<p><strong>Daniel: <\/strong>Como eu vi que seria um per\u00edodo muito longo, deveria ter uma abordagem que fosse sustent\u00e1vel por muito tempo. Nada adiantaria me matar de estudar por v\u00e1rias horas sem rendimento e me estressando sem necessidade.<\/p>\n<p>\n\n \n\n<\/p>\n<p>Fui experimentando. Cheguei a um n\u00famero: 5 horas l\u00edquidas de estudo por dia. Esse n\u00famero eu conseguia render bem e n\u00e3o sa\u00eda exausto. \u00d3timo. Para o meu campeonato eu precisava em torno de 3 a 4 horas por dia de treino, considerando a academia e as outras atividades. Ent\u00e3o minha rotina come\u00e7ou desta forma.<\/p>\n<p>\n\n \n\n<\/p>\n<p><strong>Estrat\u00e9gia: Que materiais voc\u00ea usou em sua prepara\u00e7\u00e3o para o concurso? Aulas presenciais, telepresenciais, livros, cursos em PDF, videoaulas? Quais foram as principais vantagens e desvantagens de cada um?<\/strong><\/p>\n<p>\n\n \n\n<\/p>\n<p><strong>Daniel: <\/strong>Agora, sobre estrat\u00e9gia de estudos, antes de tudo, tenho de ressaltar uma coisa: ela \u00e9 algo totalmente pessoal, cada um deve experimentar e experimentar at\u00e9 encontrar a que melhor funciona para si!<\/p>\n<p>\n\n \n\n<\/p>\n<p>Para mim, ela foi da seguinte forma: Eu usava videoaula na introdu\u00e7\u00e3o, PDF como aprofundamento e exerc\u00edcios como revis\u00e3o. Estudava 1 ou 2 mat\u00e9rias por dia (s\u00f3 mudava de assunto quando j\u00e1 estava saturado).<\/p>\n<p>\n\n \n\n<\/p>\n<p>Eu n\u00e3o costumava fazer anota\u00e7\u00f5es no caderno (se eu tiver rabiscado 10 p\u00e1ginas nesse tempo todo, foi muito). Planejei para terminar todo o conte\u00fado mais ou menos um m\u00eas antes da prova, para poder \ufb01car fazendo s\u00f3 exerc\u00edcios nesse meio tempo.<\/p>\n<p>\n\n \n\n<\/p>\n<p>Se eu achasse que eu estava tendo um rendimento baixo nas quest\u00f5es, parava, relia a teoria antes de continuar mais quest\u00f5es. Fiz por volta de 10.000 quest\u00f5es nesse per\u00edodo.<\/p>\n<p>\n\n \n\n<\/p>\n<p><strong>Estrat\u00e9gia: Como conheceu o Estrat\u00e9gia Concursos? <\/strong><\/p>\n<p>\n\n \n\n<\/p>\n<p><strong>Daniel: <\/strong>Assim, \ufb01z uma pesquisa bem simples: \u201dmelhores cursinhos para concurso\u201d. Nas listas que eu encontrei, o Estrat\u00e9gia estava sempre como um dos primeiros.<\/p>\n<p>\n\n \n\n<\/p>\n<p><strong>Estrat\u00e9gia: Uma das principais dificuldades de todo o concursando \u00e9 a quantidade de assuntos que devem ser memorizados. Como voc\u00ea fez para estudar todo o conte\u00fado do concurso? Falando de modo mais espec\u00edfico: voc\u00ea estudava v\u00e1rias mat\u00e9rias ao mesmo tempo? Quantas? Costumava fazer resumos? Focava mais em exerc\u00edcios, ou na leitura e releitura da teoria? Como montou seu plano de estudos? Quantas horas por dia costumava estudar?<\/strong><\/p>\n<p>\n\n \n\n<\/p>\n<p><strong>Daniel: <\/strong>Mais tempo se passou, saiu o edital da PF. Agora eu tinha 2 meses para a prova. Neste momento a estrat\u00e9gia deveria mudar, eu n\u00e3o precisaria mais manter um ritmo sustent\u00e1vel a longo prazo, mas sim, um que eu chegasse ao meu auge no dia da prova.<\/p>\n<p>\n\n \n\n<\/p>\n<p>Radicalizei. Eu saia uma vez a cada 15\/20 dias, quando realmente estivesse exausto e sem conseguir estudar. O tempo de estudo subiu e \ufb01cou por volta das 8 horas l\u00edquidas (quando tentei passar disso, vi que o meu rendimento simplesmente acabava).<\/p>\n<p>\n\n \n\n<\/p>\n<p>Como eu \ufb01cava muito tempo na academia, nesse meio tempo eu estudava do jeito que podia tamb\u00e9m. Durante o treino de muscula\u00e7\u00e3o eu n\u00e3o conseguia. Mas como \ufb01cava 2 horas por dia na esteira, usava esse tempo para rever videoaula de alguma mat\u00e9ria que n\u00e3o tinha me sa\u00eddo t\u00e3o bem.<\/p>\n<p>\n\n \n\n<\/p>\n<p><strong>Estrat\u00e9gia: A reta final \u00e9 sempre um per\u00edodo estressante. Como foi sua rotina de estudos na semana que antecedeu a prova? E v\u00e9spera de prova: foi dia de descanso ou dia de estudo?<\/strong><\/p>\n<p>\n\n \n\n<\/p>\n<p><strong>Daniel: <\/strong>Finalmente, para a \u00faltima semana, eu usei o tempo que tinha para enfatizar nas mat\u00e9rias em que eu n\u00e3o estava t\u00e3o bem (principalmente portugu\u00eas). E, dois dias antes da prova, eu parei de estudar.<\/p>\n<p>\n\n \n\n<\/p>\n<p>N\u00e3o acredito que se voc\u00ea tiver meses para aprender alguma mat\u00e9ria e n\u00e3o consegue entend\u00ea-la, na v\u00e9spera voc\u00ea conseguir\u00e1. Melhor descansar e chegar em sua melhor forma no dia da prova.<\/p>\n<p>\n\n \n\n<\/p>\n<p><strong>Estrat\u00e9gia: O que foi mais dif\u00edcil nessa caminhada rumo \u00e0 aprova\u00e7\u00e3o? Chegou a pensar, por algum momento, em desistir? Se sim, como fez para seguir em frente?<\/strong><\/p>\n<p>\n\n \n\n<\/p>\n<p><strong>Daniel: <\/strong>Contando assim, a minha hist\u00f3ria parece ter sido f\u00e1cil, mas eu garanto, futuros colegas, n\u00e3o foi. Ningu\u00e9m de fora entende a di\ufb01culdade que \u00e9 voc\u00ea parar a vida para estudar. Os amigos e colegas trabalhando e voc\u00ea, \u201cde f\u00e9rias\u201d.<\/p>\n<p>\n\n \n\n<\/p>\n<p>Crises existenciais, questionamentos se est\u00e1 no caminho certo, um sentimento ruim de \u201cn\u00e3o estar fazendo nada\u201d. Tudo isso \u00e9 muito comum. Muitas vezes eu pensei em desistir, mais do que eu possa contar.<\/p>\n<p>\n\n \n\n<\/p>\n<p>Nessas horas eu repetia pra mim mesmo: esse \u00e9 o meu sonho e vou fazer o que for preciso, independente do pre\u00e7o. Me imaginava com meu uniforme, meu distintivo e tirava for\u00e7as de onde eu n\u00e3o sabia que tinha para continuar.<\/p>\n<p>\n\n \n\n<\/p>\n<p><strong>Estrat\u00e9gia: Qual foi sua principal motiva\u00e7\u00e3o? <\/strong><\/p>\n<p>\n\n \n\n<\/p>\n<p><strong>Daniel:<\/strong> Acreditar que temos que contribuir da nossa melhor forma para ajudar as pessoas.<\/p>\n<p>\n\n \n\n<\/p>\n<p><strong>Estrat\u00e9gia: Por fim, o que voc\u00ea aconselharia a algu\u00e9m que est\u00e1 iniciando seus estudos para concurso. Deixe-nos sua mensagem para todos aqueles que um dia almejam chegar aonde voc\u00ea chegou!<\/strong><\/p>\n<p>\n\n \n\n<\/p>\n<p><strong>Daniel: <\/strong>Ent\u00e3o, essa foi minha hist\u00f3ria. Espero que ela possa ajudar algu\u00e9m que est\u00e1 para seguir esse caminho. Meu \u00faltimo conselho: \u00e9 poss\u00edvel sim, acredite em si mesmo. N\u00e3o v\u00e1 naquela conversa: \u201cpassar em concurso \u00e9 quest\u00e3o de sorte\u201d ou at\u00e9 \u201cningu\u00e9m passa em concurso com menos de X anos de estudo\u201d.<\/p>\n<p>\n\n \n\n<\/p>\n<p>Isso tudo \u00e9 balela de quem n\u00e3o sabe o que est\u00e1 falando. Chegue na prova com a sensa\u00e7\u00e3o de ter feito o seu melhor, o seu momento est\u00e1 para chegar. A lei do esfor\u00e7o nunca te trai, pode ter certeza disso. Abra\u00e7os!<\/p>\n<p>\n\n \n\n<\/p>\n<p><strong>Confira outras entrevistas em:<\/strong><\/p>\n<p>\n\n \n\n<\/p>\n<p><a href=\"https:\/\/www.estrategiaconcursos.com.br\/depoimentos\/\" target=\"_blank\" rel=\"noreferrer noopener\">Depoimentos de Aprovados<\/a><\/p>\n<p>\n\n \n\n<\/p>\n<p><a href=\"https:\/\/www.estrategiaconcursos.com.br\/cursos\/concurso\" target=\"_blank\" rel=\"noreferrer noopener\">Cursos Online para Concursos<\/a><\/p>\n<p>\n\n \n\n<\/p>\n<p style=\"text-align: center;\"><em><strong>Foi aprovado e deseja dividir com a gente e com outros concurseiros como foi sua trajet\u00f3ria at\u00e9 a aprova\u00e7\u00e3o?! Mande um e-mail para:&nbsp;<\/strong><\/em><strong>comunicacao@estrategiaconcursos.com.br<\/strong><\/p>\n<p>\n\n \n\n<\/p>\n<p>Abra\u00e7os,<\/p>\n<p>\n\n \n\n<\/p>\n<p>Tha\u00eds Mendes<\/p>\n<p>\n\n<\/p>\n","protected":false},"excerpt":{"rendered":"","protected":false},"author":188,"featured_media":370924,"comment_status":"open","ping_status":"closed","sticky":false,"template":"","format":"standard","meta":{"post_tipo":"article","footnotes":""},"categories":[1],"tags":[],"tax_estado":[],"class_list":["post-370916","post","type-post","status-publish","format-standard","has-post-thumbnail","hentry","category-cursos-e-concursos"],"acf":[],"yoast_head":"<!-- This site is optimized with the Yoast SEO Premium plugin v27.2 (Yoast SEO v27.2) - https:\/\/yoast.com\/product\/yoast-seo-premium-wordpress\/ -->\n<title>ENTREVISTA: Daniel Serra Mascarenhas - Aprovado no concurso da Pol\u00edcia Federal para o cargo de Agente<\/title>\n<meta name=\"description\" content=\"Confira nossa entrevista com Daniel Serra Mascarenhas, aprovado no concurso da Pol\u00edcia Federal para o cargo de Agente\" \/>\n<meta name=\"robots\" content=\"index, follow, max-snippet:-1, max-image-preview:large, max-video-preview:-1\" \/>\n<link rel=\"canonical\" href=\"https:\/\/www.estrategiaconcursos.com.br\/blog\/entrevista-daniel-serra-mascarenhas-aprovado-no-concurso-da-policia-federal\/\" \/>\n<meta property=\"og:locale\" content=\"pt_BR\" \/>\n<meta property=\"og:type\" content=\"article\" \/>\n<meta property=\"og:title\" content=\"ENTREVISTA: Daniel Serra Mascarenhas - Aprovado no concurso da Pol\u00edcia Federal para o cargo de Agente\" \/>\n<meta property=\"og:description\" content=\"Confira nossa entrevista com Daniel Serra Mascarenhas, aprovado no concurso da Pol\u00edcia Federal para o cargo de Agente\" \/>\n<meta property=\"og:url\" content=\"https:\/\/www.estrategiaconcursos.com.br\/blog\/entrevista-daniel-serra-mascarenhas-aprovado-no-concurso-da-policia-federal\/\" \/>\n<meta property=\"og:site_name\" content=\"Estrat\u00e9gia Concursos\" \/>\n<meta property=\"article:published_time\" content=\"2019-05-04T14:28:52+00:00\" \/>\n<meta property=\"article:modified_time\" content=\"2020-08-04T14:28:33+00:00\" \/>\n<meta property=\"og:image\" content=\"https:\/\/dhg1h5j42swfq.cloudfront.net\/2019\/05\/04113010\/WhatsApp-Image-2019-04-26-at-17.56.291.jpeg\" \/>\n\t<meta property=\"og:image:width\" content=\"1024\" \/>\n\t<meta property=\"og:image:height\" content=\"601\" \/>\n\t<meta property=\"og:image:type\" content=\"image\/jpeg\" \/>\n<meta name=\"author\" content=\"Tha\u00eds Mendes (Jornalista)\" \/>\n<meta name=\"twitter:card\" content=\"summary_large_image\" \/>\n<meta name=\"twitter:creator\" content=\"@EstratConcursos\" \/>\n<meta name=\"twitter:site\" content=\"@EstratConcursos\" \/>\n<meta name=\"twitter:label1\" content=\"Escrito por\" \/>\n\t<meta name=\"twitter:data1\" content=\"Tha\u00eds Mendes (Jornalista)\" \/>\n\t<meta name=\"twitter:label2\" content=\"Est. tempo de leitura\" \/>\n\t<meta name=\"twitter:data2\" content=\"8 minutos\" \/>\n<script type=\"application\/ld+json\" class=\"yoast-schema-graph\">{\"@context\":\"https:\/\/schema.org\",\"@graph\":[{\"@type\":\"NewsArticle\",\"@id\":\"https:\/\/www.estrategiaconcursos.com.br\/blog\/entrevista-daniel-serra-mascarenhas-aprovado-no-concurso-da-policia-federal\/#article\",\"isPartOf\":{\"@id\":\"https:\/\/www.estrategiaconcursos.com.br\/blog\/entrevista-daniel-serra-mascarenhas-aprovado-no-concurso-da-policia-federal\/\"},\"author\":{\"name\":\"Tha\u00eds Mendes (Jornalista)\",\"@id\":\"https:\/\/www.estrategiaconcursos.com.br\/blog\/#\/schema\/person\/b69f846fcb6f09c1b651569e30b6e865\"},\"headline\":\"ENTREVISTA: Daniel Serra Mascarenhas &#8211; Aprovado no concurso da Pol\u00edcia Federal para o cargo de Agente\",\"datePublished\":\"2019-05-04T14:28:52+00:00\",\"dateModified\":\"2020-08-04T14:28:33+00:00\",\"mainEntityOfPage\":{\"@id\":\"https:\/\/www.estrategiaconcursos.com.br\/blog\/entrevista-daniel-serra-mascarenhas-aprovado-no-concurso-da-policia-federal\/\"},\"wordCount\":1711,\"commentCount\":0,\"publisher\":{\"@id\":\"https:\/\/www.estrategiaconcursos.com.br\/blog\/#organization\"},\"image\":{\"@id\":\"https:\/\/www.estrategiaconcursos.com.br\/blog\/entrevista-daniel-serra-mascarenhas-aprovado-no-concurso-da-policia-federal\/#primaryimage\"},\"thumbnailUrl\":\"https:\/\/dhg1h5j42swfq.cloudfront.net\/2019\/05\/04113010\/WhatsApp-Image-2019-04-26-at-17.56.291.jpeg\",\"articleSection\":[\"Concursos P\u00fablicos\"],\"inLanguage\":\"pt-BR\",\"potentialAction\":[{\"@type\":\"CommentAction\",\"name\":\"Comment\",\"target\":[\"https:\/\/www.estrategiaconcursos.com.br\/blog\/entrevista-daniel-serra-mascarenhas-aprovado-no-concurso-da-policia-federal\/#respond\"]}],\"copyrightYear\":\"2019\",\"copyrightHolder\":{\"@id\":\"https:\/\/www.estrategiaconcursos.com.br\/blog\/#organization\"}},{\"@type\":\"WebPage\",\"@id\":\"https:\/\/www.estrategiaconcursos.com.br\/blog\/entrevista-daniel-serra-mascarenhas-aprovado-no-concurso-da-policia-federal\/\",\"url\":\"https:\/\/www.estrategiaconcursos.com.br\/blog\/entrevista-daniel-serra-mascarenhas-aprovado-no-concurso-da-policia-federal\/\",\"name\":\"ENTREVISTA: Daniel Serra Mascarenhas - Aprovado no concurso da Pol\u00edcia Federal para o cargo de Agente\",\"isPartOf\":{\"@id\":\"https:\/\/www.estrategiaconcursos.com.br\/blog\/#website\"},\"primaryImageOfPage\":{\"@id\":\"https:\/\/www.estrategiaconcursos.com.br\/blog\/entrevista-daniel-serra-mascarenhas-aprovado-no-concurso-da-policia-federal\/#primaryimage\"},\"image\":{\"@id\":\"https:\/\/www.estrategiaconcursos.com.br\/blog\/entrevista-daniel-serra-mascarenhas-aprovado-no-concurso-da-policia-federal\/#primaryimage\"},\"thumbnailUrl\":\"https:\/\/dhg1h5j42swfq.cloudfront.net\/2019\/05\/04113010\/WhatsApp-Image-2019-04-26-at-17.56.291.jpeg\",\"datePublished\":\"2019-05-04T14:28:52+00:00\",\"dateModified\":\"2020-08-04T14:28:33+00:00\",\"description\":\"Confira nossa entrevista com Daniel Serra Mascarenhas, aprovado no concurso da Pol\u00edcia Federal para o cargo de Agente\",\"breadcrumb\":{\"@id\":\"https:\/\/www.estrategiaconcursos.com.br\/blog\/entrevista-daniel-serra-mascarenhas-aprovado-no-concurso-da-policia-federal\/#breadcrumb\"},\"inLanguage\":\"pt-BR\",\"potentialAction\":[{\"@type\":\"ReadAction\",\"target\":[\"https:\/\/www.estrategiaconcursos.com.br\/blog\/entrevista-daniel-serra-mascarenhas-aprovado-no-concurso-da-policia-federal\/\"]}]},{\"@type\":\"ImageObject\",\"inLanguage\":\"pt-BR\",\"@id\":\"https:\/\/www.estrategiaconcursos.com.br\/blog\/entrevista-daniel-serra-mascarenhas-aprovado-no-concurso-da-policia-federal\/#primaryimage\",\"url\":\"https:\/\/dhg1h5j42swfq.cloudfront.net\/2019\/05\/04113010\/WhatsApp-Image-2019-04-26-at-17.56.291.jpeg\",\"contentUrl\":\"https:\/\/dhg1h5j42swfq.cloudfront.net\/2019\/05\/04113010\/WhatsApp-Image-2019-04-26-at-17.56.291.jpeg\",\"width\":1024,\"height\":601},{\"@type\":\"BreadcrumbList\",\"@id\":\"https:\/\/www.estrategiaconcursos.com.br\/blog\/entrevista-daniel-serra-mascarenhas-aprovado-no-concurso-da-policia-federal\/#breadcrumb\",\"itemListElement\":[{\"@type\":\"ListItem\",\"position\":1,\"name\":\"In\u00edcio\",\"item\":\"https:\/\/www.estrategiaconcursos.com.br\/blog\/\"},{\"@type\":\"ListItem\",\"position\":2,\"name\":\"ENTREVISTA: Daniel Serra Mascarenhas &#8211; Aprovado no concurso da Pol\u00edcia Federal para o cargo de Agente\"}]},{\"@type\":\"WebSite\",\"@id\":\"https:\/\/www.estrategiaconcursos.com.br\/blog\/#website\",\"url\":\"https:\/\/www.estrategiaconcursos.com.br\/blog\/\",\"name\":\"Estrat\u00e9gia Concursos\",\"description\":\"O blog da Estrat\u00e9gia Concursos traz not\u00edcias sobre concursos e artigos de professores oferecendo cursos para concursos (pdf + videaulas) no site.\",\"publisher\":{\"@id\":\"https:\/\/www.estrategiaconcursos.com.br\/blog\/#organization\"},\"potentialAction\":[{\"@type\":\"SearchAction\",\"target\":{\"@type\":\"EntryPoint\",\"urlTemplate\":\"https:\/\/www.estrategiaconcursos.com.br\/blog\/?s={search_term_string}\"},\"query-input\":{\"@type\":\"PropertyValueSpecification\",\"valueRequired\":true,\"valueName\":\"search_term_string\"}}],\"inLanguage\":\"pt-BR\"},{\"@type\":\"Organization\",\"@id\":\"https:\/\/www.estrategiaconcursos.com.br\/blog\/#organization\",\"name\":\"Estrat\u00e9gia Concursos\",\"url\":\"https:\/\/www.estrategiaconcursos.com.br\/blog\/\",\"logo\":{\"@type\":\"ImageObject\",\"inLanguage\":\"pt-BR\",\"@id\":\"https:\/\/www.estrategiaconcursos.com.br\/blog\/#\/schema\/logo\/image\/\",\"url\":\"https:\/\/dhg1h5j42swfq.cloudfront.net\/2025\/06\/03203428\/logo_concursos-1.jpg\",\"contentUrl\":\"https:\/\/dhg1h5j42swfq.cloudfront.net\/2025\/06\/03203428\/logo_concursos-1.jpg\",\"width\":230,\"height\":60,\"caption\":\"Estrat\u00e9gia Concursos\"},\"image\":{\"@id\":\"https:\/\/www.estrategiaconcursos.com.br\/blog\/#\/schema\/logo\/image\/\"},\"sameAs\":[\"https:\/\/x.com\/EstratConcursos\"]},{\"@type\":\"Person\",\"@id\":\"https:\/\/www.estrategiaconcursos.com.br\/blog\/#\/schema\/person\/b69f846fcb6f09c1b651569e30b6e865\",\"name\":\"Tha\u00eds Mendes (Jornalista)\",\"image\":{\"@type\":\"ImageObject\",\"inLanguage\":\"pt-BR\",\"@id\":\"https:\/\/secure.gravatar.com\/avatar\/3c9c4f2eb3e762ee925852cf3188d5507fcec36cfe4fdee47acd4135266a8614?s=96&d=mm&r=g\",\"url\":\"https:\/\/secure.gravatar.com\/avatar\/3c9c4f2eb3e762ee925852cf3188d5507fcec36cfe4fdee47acd4135266a8614?s=96&d=mm&r=g\",\"contentUrl\":\"https:\/\/secure.gravatar.com\/avatar\/3c9c4f2eb3e762ee925852cf3188d5507fcec36cfe4fdee47acd4135266a8614?s=96&d=mm&r=g\",\"caption\":\"Tha\u00eds Mendes (Jornalista)\"},\"url\":\"https:\/\/www.estrategiaconcursos.com.br\/blog\/author\/comunicacaoestrategiaconcursos-com-br\/\"}]}<\/script>\n<!-- \/ Yoast SEO Premium plugin. -->","yoast_head_json":{"title":"ENTREVISTA: Daniel Serra Mascarenhas - Aprovado no concurso da Pol\u00edcia Federal para o cargo de Agente","description":"Confira nossa entrevista com Daniel Serra Mascarenhas, aprovado no concurso da Pol\u00edcia Federal para o cargo de Agente","robots":{"index":"index","follow":"follow","max-snippet":"max-snippet:-1","max-image-preview":"max-image-preview:large","max-video-preview":"max-video-preview:-1"},"canonical":"https:\/\/www.estrategiaconcursos.com.br\/blog\/entrevista-daniel-serra-mascarenhas-aprovado-no-concurso-da-policia-federal\/","og_locale":"pt_BR","og_type":"article","og_title":"ENTREVISTA: Daniel Serra Mascarenhas - Aprovado no concurso da Pol\u00edcia Federal para o cargo de Agente","og_description":"Confira nossa entrevista com Daniel Serra Mascarenhas, aprovado no concurso da Pol\u00edcia Federal para o cargo de Agente","og_url":"https:\/\/www.estrategiaconcursos.com.br\/blog\/entrevista-daniel-serra-mascarenhas-aprovado-no-concurso-da-policia-federal\/","og_site_name":"Estrat\u00e9gia Concursos","article_published_time":"2019-05-04T14:28:52+00:00","article_modified_time":"2020-08-04T14:28:33+00:00","og_image":[{"width":1024,"height":601,"url":"https:\/\/dhg1h5j42swfq.cloudfront.net\/2019\/05\/04113010\/WhatsApp-Image-2019-04-26-at-17.56.291.jpeg","type":"image\/jpeg"}],"author":"Tha\u00eds Mendes (Jornalista)","twitter_card":"summary_large_image","twitter_creator":"@EstratConcursos","twitter_site":"@EstratConcursos","twitter_misc":{"Escrito por":"Tha\u00eds Mendes (Jornalista)","Est. tempo de leitura":"8 minutos"},"schema":{"@context":"https:\/\/schema.org","@graph":[{"@type":"NewsArticle","@id":"https:\/\/www.estrategiaconcursos.com.br\/blog\/entrevista-daniel-serra-mascarenhas-aprovado-no-concurso-da-policia-federal\/#article","isPartOf":{"@id":"https:\/\/www.estrategiaconcursos.com.br\/blog\/entrevista-daniel-serra-mascarenhas-aprovado-no-concurso-da-policia-federal\/"},"author":{"name":"Tha\u00eds Mendes (Jornalista)","@id":"https:\/\/www.estrategiaconcursos.com.br\/blog\/#\/schema\/person\/b69f846fcb6f09c1b651569e30b6e865"},"headline":"ENTREVISTA: Daniel Serra Mascarenhas &#8211; Aprovado no concurso da Pol\u00edcia Federal para o cargo de Agente","datePublished":"2019-05-04T14:28:52+00:00","dateModified":"2020-08-04T14:28:33+00:00","mainEntityOfPage":{"@id":"https:\/\/www.estrategiaconcursos.com.br\/blog\/entrevista-daniel-serra-mascarenhas-aprovado-no-concurso-da-policia-federal\/"},"wordCount":1711,"commentCount":0,"publisher":{"@id":"https:\/\/www.estrategiaconcursos.com.br\/blog\/#organization"},"image":{"@id":"https:\/\/www.estrategiaconcursos.com.br\/blog\/entrevista-daniel-serra-mascarenhas-aprovado-no-concurso-da-policia-federal\/#primaryimage"},"thumbnailUrl":"https:\/\/dhg1h5j42swfq.cloudfront.net\/2019\/05\/04113010\/WhatsApp-Image-2019-04-26-at-17.56.291.jpeg","articleSection":["Concursos P\u00fablicos"],"inLanguage":"pt-BR","potentialAction":[{"@type":"CommentAction","name":"Comment","target":["https:\/\/www.estrategiaconcursos.com.br\/blog\/entrevista-daniel-serra-mascarenhas-aprovado-no-concurso-da-policia-federal\/#respond"]}],"copyrightYear":"2019","copyrightHolder":{"@id":"https:\/\/www.estrategiaconcursos.com.br\/blog\/#organization"}},{"@type":"WebPage","@id":"https:\/\/www.estrategiaconcursos.com.br\/blog\/entrevista-daniel-serra-mascarenhas-aprovado-no-concurso-da-policia-federal\/","url":"https:\/\/www.estrategiaconcursos.com.br\/blog\/entrevista-daniel-serra-mascarenhas-aprovado-no-concurso-da-policia-federal\/","name":"ENTREVISTA: Daniel Serra Mascarenhas - Aprovado no concurso da Pol\u00edcia Federal para o cargo de Agente","isPartOf":{"@id":"https:\/\/www.estrategiaconcursos.com.br\/blog\/#website"},"primaryImageOfPage":{"@id":"https:\/\/www.estrategiaconcursos.com.br\/blog\/entrevista-daniel-serra-mascarenhas-aprovado-no-concurso-da-policia-federal\/#primaryimage"},"image":{"@id":"https:\/\/www.estrategiaconcursos.com.br\/blog\/entrevista-daniel-serra-mascarenhas-aprovado-no-concurso-da-policia-federal\/#primaryimage"},"thumbnailUrl":"https:\/\/dhg1h5j42swfq.cloudfront.net\/2019\/05\/04113010\/WhatsApp-Image-2019-04-26-at-17.56.291.jpeg","datePublished":"2019-05-04T14:28:52+00:00","dateModified":"2020-08-04T14:28:33+00:00","description":"Confira nossa entrevista com Daniel Serra Mascarenhas, aprovado no concurso da Pol\u00edcia Federal para o cargo de Agente","breadcrumb":{"@id":"https:\/\/www.estrategiaconcursos.com.br\/blog\/entrevista-daniel-serra-mascarenhas-aprovado-no-concurso-da-policia-federal\/#breadcrumb"},"inLanguage":"pt-BR","potentialAction":[{"@type":"ReadAction","target":["https:\/\/www.estrategiaconcursos.com.br\/blog\/entrevista-daniel-serra-mascarenhas-aprovado-no-concurso-da-policia-federal\/"]}]},{"@type":"ImageObject","inLanguage":"pt-BR","@id":"https:\/\/www.estrategiaconcursos.com.br\/blog\/entrevista-daniel-serra-mascarenhas-aprovado-no-concurso-da-policia-federal\/#primaryimage","url":"https:\/\/dhg1h5j42swfq.cloudfront.net\/2019\/05\/04113010\/WhatsApp-Image-2019-04-26-at-17.56.291.jpeg","contentUrl":"https:\/\/dhg1h5j42swfq.cloudfront.net\/2019\/05\/04113010\/WhatsApp-Image-2019-04-26-at-17.56.291.jpeg","width":1024,"height":601},{"@type":"BreadcrumbList","@id":"https:\/\/www.estrategiaconcursos.com.br\/blog\/entrevista-daniel-serra-mascarenhas-aprovado-no-concurso-da-policia-federal\/#breadcrumb","itemListElement":[{"@type":"ListItem","position":1,"name":"In\u00edcio","item":"https:\/\/www.estrategiaconcursos.com.br\/blog\/"},{"@type":"ListItem","position":2,"name":"ENTREVISTA: Daniel Serra Mascarenhas &#8211; Aprovado no concurso da Pol\u00edcia Federal para o cargo de Agente"}]},{"@type":"WebSite","@id":"https:\/\/www.estrategiaconcursos.com.br\/blog\/#website","url":"https:\/\/www.estrategiaconcursos.com.br\/blog\/","name":"Estrat\u00e9gia Concursos","description":"O blog da Estrat\u00e9gia Concursos traz not\u00edcias sobre concursos e artigos de professores oferecendo cursos para concursos (pdf + videaulas) no site.","publisher":{"@id":"https:\/\/www.estrategiaconcursos.com.br\/blog\/#organization"},"potentialAction":[{"@type":"SearchAction","target":{"@type":"EntryPoint","urlTemplate":"https:\/\/www.estrategiaconcursos.com.br\/blog\/?s={search_term_string}"},"query-input":{"@type":"PropertyValueSpecification","valueRequired":true,"valueName":"search_term_string"}}],"inLanguage":"pt-BR"},{"@type":"Organization","@id":"https:\/\/www.estrategiaconcursos.com.br\/blog\/#organization","name":"Estrat\u00e9gia Concursos","url":"https:\/\/www.estrategiaconcursos.com.br\/blog\/","logo":{"@type":"ImageObject","inLanguage":"pt-BR","@id":"https:\/\/www.estrategiaconcursos.com.br\/blog\/#\/schema\/logo\/image\/","url":"https:\/\/dhg1h5j42swfq.cloudfront.net\/2025\/06\/03203428\/logo_concursos-1.jpg","contentUrl":"https:\/\/dhg1h5j42swfq.cloudfront.net\/2025\/06\/03203428\/logo_concursos-1.jpg","width":230,"height":60,"caption":"Estrat\u00e9gia Concursos"},"image":{"@id":"https:\/\/www.estrategiaconcursos.com.br\/blog\/#\/schema\/logo\/image\/"},"sameAs":["https:\/\/x.com\/EstratConcursos"]},{"@type":"Person","@id":"https:\/\/www.estrategiaconcursos.com.br\/blog\/#\/schema\/person\/b69f846fcb6f09c1b651569e30b6e865","name":"Tha\u00eds Mendes (Jornalista)","image":{"@type":"ImageObject","inLanguage":"pt-BR","@id":"https:\/\/secure.gravatar.com\/avatar\/3c9c4f2eb3e762ee925852cf3188d5507fcec36cfe4fdee47acd4135266a8614?s=96&d=mm&r=g","url":"https:\/\/secure.gravatar.com\/avatar\/3c9c4f2eb3e762ee925852cf3188d5507fcec36cfe4fdee47acd4135266a8614?s=96&d=mm&r=g","contentUrl":"https:\/\/secure.gravatar.com\/avatar\/3c9c4f2eb3e762ee925852cf3188d5507fcec36cfe4fdee47acd4135266a8614?s=96&d=mm&r=g","caption":"Tha\u00eds Mendes (Jornalista)"},"url":"https:\/\/www.estrategiaconcursos.com.br\/blog\/author\/comunicacaoestrategiaconcursos-com-br\/"}]}},"_links":{"self":[{"href":"https:\/\/www.estrategiaconcursos.com.br\/blog\/wp-json\/wp\/v2\/posts\/370916","targetHints":{"allow":["GET"]}}],"collection":[{"href":"https:\/\/www.estrategiaconcursos.com.br\/blog\/wp-json\/wp\/v2\/posts"}],"about":[{"href":"https:\/\/www.estrategiaconcursos.com.br\/blog\/wp-json\/wp\/v2\/types\/post"}],"author":[{"embeddable":true,"href":"https:\/\/www.estrategiaconcursos.com.br\/blog\/wp-json\/wp\/v2\/users\/188"}],"replies":[{"embeddable":true,"href":"https:\/\/www.estrategiaconcursos.com.br\/blog\/wp-json\/wp\/v2\/comments?post=370916"}],"version-history":[{"count":2,"href":"https:\/\/www.estrategiaconcursos.com.br\/blog\/wp-json\/wp\/v2\/posts\/370916\/revisions"}],"predecessor-version":[{"id":501129,"href":"https:\/\/www.estrategiaconcursos.com.br\/blog\/wp-json\/wp\/v2\/posts\/370916\/revisions\/501129"}],"wp:featuredmedia":[{"embeddable":true,"href":"https:\/\/www.estrategiaconcursos.com.br\/blog\/wp-json\/wp\/v2\/media\/370924"}],"wp:attachment":[{"href":"https:\/\/www.estrategiaconcursos.com.br\/blog\/wp-json\/wp\/v2\/media?parent=370916"}],"wp:term":[{"taxonomy":"category","embeddable":true,"href":"https:\/\/www.estrategiaconcursos.com.br\/blog\/wp-json\/wp\/v2\/categories?post=370916"},{"taxonomy":"post_tag","embeddable":true,"href":"https:\/\/www.estrategiaconcursos.com.br\/blog\/wp-json\/wp\/v2\/tags?post=370916"},{"taxonomy":"tax_estado","embeddable":true,"href":"https:\/\/www.estrategiaconcursos.com.br\/blog\/wp-json\/wp\/v2\/tax_estado?post=370916"}],"curies":[{"name":"wp","href":"https:\/\/api.w.org\/{rel}","templated":true}]}}