{"id":37011,"date":"2016-08-13T14:24:08","date_gmt":"2016-08-13T17:24:08","guid":{"rendered":"http:\/\/www.estrategiaconcursos.com.br\/blog\/?p=37011"},"modified":"2022-09-20T17:07:47","modified_gmt":"2022-09-20T20:07:47","slug":"concurso-do-trf-2a-regiao","status":"publish","type":"post","link":"https:\/\/www.estrategiaconcursos.com.br\/blog\/concurso-do-trf-2a-regiao\/","title":{"rendered":"Concurso TRF 2: tudo que voc\u00ea precisa saber"},"content":{"rendered":"<p style=\"text-align: justify;\"><strong>Concurso TRF 2: tudo que voc\u00ea precisa saber<\/strong><\/p>\n<p style=\"text-align: justify;\">Ol\u00e1 amigos e amigas!<\/p>\n<p style=\"text-align: justify;\">Hoje falarei a respeito do aguardado concurso para o Tribunal Regional Federal da 2<sup>a<\/sup>\u00a0Regi\u00e3o (concurso TRF 2). H\u00e1 fortes expectativas de que o edital para este concurso seja publicado ainda em 2016, e quem concorre de verdade\u00a0\u00e9 o concurseiro que sabe o que est\u00e1 fazendo, n\u00e3o \u00e9 mesmo!? J\u00e1 foi autorizada a escolha da banca examinadora.<\/p>\n<p style=\"text-align: justify;\">Em tempos de escassez de concursos, esta ser\u00e1 uma oportunidade de ouro para voc\u00ea conquistar seu t\u00e3o sonhado cargo p\u00fablico! Agora vou explicar tudo que voc\u00ea precisa saber para tra\u00e7ar sua estrat\u00e9gia de aprova\u00e7\u00e3o!<\/p>\n<p style=\"text-align: justify;\">Ao final do artigo veja um link para voc\u00ea ter acesso a diversas leis esquematizadas produzidas pelos nossos professores.<\/p>\n<h3 style=\"text-align: justify;\"><span style=\"color: #993300;\"><em><strong>QUANDO O EDITAL DO CONCURSO TRF 2 VAI SER PUBLICADO?<\/strong><\/em><\/span><\/h3>\n<p style=\"text-align: justify;\">Essa \u00e9 a pergunta de 1 milh\u00e3o de d\u00f3lares, n\u00e3o \u00e9 mesmo? O concurso anterior,\u00a0realizado em 2012, vai vencer em julho de 2016. Na ocasi\u00e3o foi formado cadastro de reserva para os cargos de analista e t\u00e9cnico judici\u00e1rios, e a organiza\u00e7\u00e3o do certamente ficou por conta da Funda\u00e7\u00e3o Carlos Chagas.<\/p>\n<p style=\"text-align: justify;\">O Tribunal chegou a anunciar que publicaria o edital ainda no primeiro semestre, mas depois a pr\u00f3pria assessoria informou que o lan\u00e7amento do certame <em><strong>deve ficar para o segundo semestre de 2016<\/strong><\/em>.<\/p>\n<h3 style=\"text-align: justify;\"><span style=\"color: #993300;\"><em><strong>E OS CARGOS E VAGAS?<\/strong><\/em><\/span><\/h3>\n<p style=\"text-align: justify;\">N\u00e3o sabemos ao certo quantas vagas ser\u00e3o oferecidas, mas essa informa\u00e7\u00e3o n\u00e3o \u00e9 t\u00e3o importante, e vou explicar a voc\u00ea por que. Os tribunais em geral n\u00e3o costumam lan\u00e7ar editais com grande n\u00famero de vagas. Algumas vezes apenas selecionam para forma\u00e7\u00e3o de cadastro reserva, mas isso n\u00e3o quer dizer que n\u00e3o haja muitas vagas.<\/p>\n<p style=\"text-align: justify;\">Para voc\u00ea ter uma ideia, no concurso realizado em 2012 o TRF da 2<sup>a<\/sup>\u00a0Regi\u00e3o convocou 277 candidatos para o cargo de Analista Judici\u00e1rio na \u00c1rea Judici\u00e1ria, somente no Rio de Janeiro. No Esp\u00edrito Santo foram mais 22! E estou falando apenas de um cargo, ok!?<\/p>\n<p style=\"text-align: justify;\">Se passarmos para os T\u00e9cnicos Judici\u00e1rios sem especialidade, tivemos 482 convoca\u00e7\u00f5es no Rio de Janeiro e 59 no Esp\u00edrito Santo!<\/p>\n<p style=\"text-align: justify;\">Al\u00e9m desses cargos, devemos ter no edital tamb\u00e9m vagas destinadas a \u00e1reas espec\u00edficas. No certame anterior tivemos vagas de n\u00edvel superior para as \u00e1reas de <strong>Arquitetura<\/strong>, <strong>Arquivologia<\/strong>, <strong>Biblioteconomia<\/strong>, <strong>Contabilidade<\/strong>, <strong>Enfermagem<\/strong>, <strong>Engenharia<\/strong>, <strong>Estat\u00edstica<\/strong>, <strong>Inform\u00e1tica<\/strong>, <strong>Medicina<\/strong>, <strong>Odontologia<\/strong>, <strong>Psicologia<\/strong>, <strong>Servi\u00e7o<\/strong> <strong>Social<\/strong> e <strong>Taquigrafia<\/strong>. De n\u00edvel m\u00e9dio tivemos vagas para <strong>Seguran\u00e7a e Transporte<\/strong>, <strong>Telecomunica\u00e7\u00f5es<\/strong>, <strong>Contabilidade<\/strong>, <strong>Enfermagem<\/strong> e <strong>Inform\u00e1tica<\/strong>.<\/p>\n<p style=\"text-align: justify;\">S\u00e3o muitas \u00e1reas diferentes!<\/p>\n<p><span style=\"color: #008000;\"><em>Acesse o nosso Guia Completo Concursos Tribunais.<\/em><\/span><\/p>\n<p><a href=\"https:\/\/www.estrategiaconcursos.com.br\/blog\/guia-completo-concursos-tribunais\/\" target=\"_blank\" rel=\"noopener noreferrer\">Guia Completo Concursos Tribunais<\/a><\/p>\n<h3 style=\"text-align: justify;\"><span style=\"color: #800000;\"><em><strong>QUANTO GANHAM OS SERVIDORES DO TRIBUNAL?<\/strong><\/em><\/span><\/h3>\n<p style=\"text-align: justify;\">A remunera\u00e7\u00e3o dos servidores do Tribunal \u00e9 composta pelo vencimento b\u00e1sico, adicionado de outras parcelas. O que interessa a n\u00f3s aqui \u00e9 saber quanto \u00e9 esse sal\u00e1rio, n\u00e3o \u00e9 mesmo!? Saiba que em julho de 2016 foi alterada as remunera\u00e7\u00f5es dessas carreiras, veja abaixo como ficou.<\/p>\n<p style=\"text-align: justify;\">Pois bem, a remunera\u00e7\u00e3o para <strong>analistas<\/strong> se inicia em interessantes <strong>R$ 10.120<\/strong>. J\u00e1 os <strong>t\u00e9cnicos<\/strong> iniciam a carreira ganhando <strong>R$ 6.148, j\u00e1 em novembro de 2016<\/strong>. N\u00e3o sei se voc\u00ea j\u00e1 conhece a maneira como s\u00e3o organizadas as carreiras p\u00fablicas, mas tanto para o cargo de t\u00e9cnico quanto de analista estamos falando apenas da remunera\u00e7\u00e3o inicial. Ao longo da sua carreira voc\u00ea vai passar por progress\u00f5es e promo\u00e7\u00f5es, e a sua remunera\u00e7\u00e3o vai aumentando com o tempo.<\/p>\n<p style=\"text-align: justify;\">A seguir est\u00e3o as tabelas remunerat\u00f3rias para os dois cargos.<\/p>\n<p style=\"text-align: justify;\"><img loading=\"lazy\" decoding=\"async\" class=\"aligncenter size-full wp-image-44099\" src=\"https:\/\/dhg1h5j42swfq.cloudfront.net\/2016\/05\/22162845\/CONCURSO-TRF-2-ANALISTA.png\" alt=\"CONCURSO TRF 2 ANALISTA\" width=\"1263\" height=\"366\" srcset=\"https:\/\/dhg1h5j42swfq.cloudfront.net\/2016\/05\/22162845\/CONCURSO-TRF-2-ANALISTA.png 1263w, https:\/\/dhg1h5j42swfq.cloudfront.net\/2016\/05\/22162845\/CONCURSO-TRF-2-ANALISTA.png 300w, https:\/\/dhg1h5j42swfq.cloudfront.net\/2016\/05\/22162845\/CONCURSO-TRF-2-ANALISTA.png 768w, https:\/\/dhg1h5j42swfq.cloudfront.net\/2016\/05\/22162845\/CONCURSO-TRF-2-ANALISTA.png 1024w, https:\/\/dhg1h5j42swfq.cloudfront.net\/2016\/05\/22162845\/CONCURSO-TRF-2-ANALISTA.png 500w\" sizes=\"auto, (max-width: 1263px) 100vw, 1263px\" \/> <img loading=\"lazy\" decoding=\"async\" class=\"aligncenter size-full wp-image-44100\" src=\"https:\/\/dhg1h5j42swfq.cloudfront.net\/2016\/05\/22162848\/CONCURSO-TRF-2-T%C3%89CNICO.png\" alt=\"CONCURSO TRF 2 T\u00c9CNICO\" width=\"1263\" height=\"366\" srcset=\"https:\/\/dhg1h5j42swfq.cloudfront.net\/2016\/05\/22162848\/CONCURSO-TRF-2-T%C3%89CNICO.png 1263w, https:\/\/dhg1h5j42swfq.cloudfront.net\/2016\/05\/22162848\/CONCURSO-TRF-2-T%C3%89CNICO.png 300w, https:\/\/dhg1h5j42swfq.cloudfront.net\/2016\/05\/22162848\/CONCURSO-TRF-2-T%C3%89CNICO.png 768w, https:\/\/dhg1h5j42swfq.cloudfront.net\/2016\/05\/22162848\/CONCURSO-TRF-2-T%C3%89CNICO.png 1024w, https:\/\/dhg1h5j42swfq.cloudfront.net\/2016\/05\/22162848\/CONCURSO-TRF-2-T%C3%89CNICO.png 500w\" sizes=\"auto, (max-width: 1263px) 100vw, 1263px\" \/><\/p>\n<h3 style=\"text-align: justify;\"><span style=\"color: #800000;\"><em><strong>QUANDO EU PASSAR NO CONCURSO, ONDE VOU TRABALHAR?<\/strong><\/em><\/span><\/h3>\n<p style=\"text-align: justify;\">Como voc\u00ea j\u00e1 sabe, o TRF da 2a Regi\u00e3o abrange as Se\u00e7\u00f5es Judici\u00e1rias do Rio de Janeiro e do Esp\u00edrito Santo. Em geral os concursos dos Tribunais Regionais Federais exigem\u00a0que o candidato se inscreva especificamente para uma Se\u00e7\u00e3o Judici\u00e1ria. Assim, voc\u00ea ter\u00e1 que escolher se pretende inscrever-se para o Rio de Janeiro ou para o Esp\u00edrito Santo.<\/p>\n<p style=\"text-align: justify;\">Dentro de cada uma dessas Se\u00e7\u00f5es Judici\u00e1rias voc\u00ea poder\u00e1 ser lotado em uma das cidades onde h\u00e1 varas federais ou, no caso do Rio de Janeiro, tamb\u00e9m na sede do Tribunal.<\/p>\n<p style=\"text-align: justify;\">Clique <a href=\"https:\/\/www.jfrj.jus.br\/jurisdicoes\/jurisdicoes-e-enderecos\">aqui<\/a> para saber onde existem Varas Federais no Rio de Janeiro, e <a href=\"http:\/\/www.jfes.jus.br\/menu\/inst_varasFederais.jsp\">aqui<\/a> para conhecer as Varas Federais do Esp\u00edrito Santo.<\/p>\n<p style=\"text-align: justify;\"><span style=\"color: #008000;\"><em>Voc\u00ea j\u00e1 conhece o Informativo Estrat\u00e9gico? Veja essa novidade que preparamos para voc\u00eas: informativos do STF e STJ comentados pela equipe de professores do Estrat\u00e9gia.<\/em><\/span><\/p>\n<p><a href=\"https:\/\/www.estrategiaconcursos.com.br\/blog\/informativo-stj\/\">Informativo STJ<\/a><\/p>\n<p><a href=\"https:\/\/www.estrategiaconcursos.com.br\/blog\/informativo-stf\/\">Informativo STF<\/a><\/p>\n<h3 style=\"text-align: justify;\"><span style=\"color: #800000;\"><em><strong>AGORA ESTOU LOUCO PARA FAZER O CONCURSO TRF 2! QUAIS MAT\u00c9RIAS EU PRECISO ESTUDAR?<\/strong><\/em><\/span><\/h3>\n<p style=\"text-align: justify;\">A melhor maneira de estudar antes de um edital ser publicado \u00e9 utilizar o edital do concurso anterior como base.<\/p>\n<p style=\"text-align: justify;\">Para o cargo de <strong>Analista Judici\u00e1rio na \u00c1rea Administrativa<\/strong> foram cobradas as seguintes mat\u00e9rias:<\/p>\n<p style=\"text-align: justify;\">a) <strong>Portugu\u00eas<\/strong>;<\/p>\n<p style=\"text-align: justify;\">b) <strong>No\u00e7\u00f5es de Administra\u00e7\u00e3o<\/strong>;<\/p>\n<p style=\"text-align: justify;\">c) <strong>No\u00e7\u00f5es de Direito Administrativo<\/strong>; e<\/p>\n<p style=\"text-align: justify;\">d) <strong>No\u00e7\u00f5es de Direito\u00a0Constitucional<\/strong>.<\/p>\n<p style=\"text-align: justify;\">Para o n\u00edvel do concurso, este foi um edital muito enxuto, e por isso eu apostaria em novas mat\u00e9rias para o certame de 2016. Se voc\u00ea est\u00e1 come\u00e7ando a estudar agora, sugiro que inicialmente foque nessas mat\u00e9rias, mas tenho quase certeza que v\u00e3o aparecer outras, como <strong>Ingl\u00eas<\/strong>, <strong>Racioc\u00ednio<\/strong> <strong>L\u00f3gico<\/strong>, <strong>Inform\u00e1tica<\/strong>, <strong>Administra\u00e7\u00e3o P\u00fablica<\/strong>, <strong>Administra\u00e7\u00e3o Financeira Or\u00e7ament\u00e1ria<\/strong>, al\u00e9m do <strong>Regimento Interno do Tribunal<\/strong>.<\/p>\n<p style=\"text-align: justify;\">J\u00e1 para o cargo de <strong>T\u00e9cnico Judici\u00e1rio na \u00c1rea Administrativa<\/strong>, tivemos as seguintes mat\u00e9rias no concurso anterior:<\/p>\n<p style=\"text-align: justify;\">a) <strong>Portugu\u00eas<\/strong>;<\/p>\n<p style=\"text-align: justify;\">b) <strong>Matem\u00e1tica e Racioc\u00ednio L\u00f3gico<\/strong>;<\/p>\n<p style=\"text-align: justify;\">c) <strong>No\u00e7\u00f5es de Direito Administrativo<\/strong>;<\/p>\n<p style=\"text-align: justify;\">d) <strong>No\u00e7\u00f5es de Direito Constitucional<\/strong>;<\/p>\n<p style=\"text-align: justify;\">e) <strong>No\u00e7\u00f5es de Direito Processual Civil<\/strong>; e<\/p>\n<p style=\"text-align: justify;\">f) <strong>No\u00e7\u00f5es de Direito Processual Penal<\/strong>.<\/p>\n<p style=\"text-align: justify;\">Voc\u00ea pode ver que o conte\u00fado para o cargo de T\u00e9cnico foi mais completo, e por isso acredito em menos mudan\u00e7as para o pr\u00f3prio concurso. Eu apostaria na troca das mat\u00e9rias de Direito Processual Civil e Penal por mat\u00e9rias mais diretamente ligadas \u00e0 \u00e1rea administrativa, como <strong>Inform\u00e1tica<\/strong>,\u00a0<strong>Administra\u00e7\u00e3o<\/strong>\u00a0e <strong>Administra\u00e7\u00e3o Financeira Or\u00e7ament\u00e1ria<\/strong>, al\u00e9m do <strong>Regimento Interno do Tribunal<\/strong>.<\/p>\n<p style=\"text-align: justify;\">O Estrat\u00e9gia j\u00e1 conta com cursos para esses cargos. <span style=\"color: #993300;\"><em><strong>Voc\u00ea pode\u00a0conhecer todos os nossos cursos para o TRF da 2a Regi\u00e3o clicando\u00a0<\/strong><\/em><\/span><a href=\"https:\/\/www.estrategiaconcursos.com.br\/cursosPorConcurso\/trf-2-regiao-43\/\">aqui<\/a>.<\/p>\n<blockquote class=\"wp-embedded-content\" data-secret=\"fxXZGouQAb\"><p><a href=\"https:\/\/www.estrategiaconcursos.com.br\/blog\/tribunais-voce-conhece-os-beneficios-de-ser-um-tecnico-ou-analista\/\">TRIBUNAIS &#8211;  Sancionado reajuste de 41,5% para servidores do Poder Judici\u00e1rio! 50 dias de f\u00e9rias, feriados exclusivos e sal\u00e1rios de at\u00e9 R$19.000,00<\/a><\/p><\/blockquote>\n<p><iframe loading=\"lazy\" class=\"wp-embedded-content\" sandbox=\"allow-scripts\" security=\"restricted\" style=\"position: absolute; clip: rect(1px, 1px, 1px, 1px);\" title=\"&#8220;TRIBUNAIS &#8211;  Sancionado reajuste de 41,5% para servidores do Poder Judici\u00e1rio! 50 dias de f\u00e9rias, feriados exclusivos e sal\u00e1rios de at\u00e9 R$19.000,00&#8221; &#8212; Estrat\u00e9gia Concursos\" src=\"https:\/\/www.estrategiaconcursos.com.br\/blog\/tribunais-voce-conhece-os-beneficios-de-ser-um-tecnico-ou-analista\/embed\/#?secret=RyuVFSW9Q8#?secret=fxXZGouQAb\" data-secret=\"fxXZGouQAb\" width=\"500\" height=\"282\" frameborder=\"0\" marginwidth=\"0\" marginheight=\"0\" scrolling=\"no\"><\/iframe><\/p>\n<blockquote class=\"wp-embedded-content\" data-secret=\"ZoG5qYQjbt\"><p><a href=\"https:\/\/www.estrategiaconcursos.com.br\/blog\/leis-esquematizadas-para-concursos\/\">Leis esquematizadas para concursos &#8211; GRATUITAS<\/a><\/p><\/blockquote>\n<p><iframe loading=\"lazy\" class=\"wp-embedded-content\" sandbox=\"allow-scripts\" security=\"restricted\" style=\"position: absolute; clip: rect(1px, 1px, 1px, 1px);\" title=\"&#8220;Leis esquematizadas para concursos &#8211; GRATUITAS&#8221; &#8212; Estrat\u00e9gia Concursos\" src=\"https:\/\/www.estrategiaconcursos.com.br\/blog\/leis-esquematizadas-para-concursos\/embed\/#?secret=9NM6GHkjZx#?secret=ZoG5qYQjbt\" data-secret=\"ZoG5qYQjbt\" width=\"500\" height=\"282\" frameborder=\"0\" marginwidth=\"0\" marginheight=\"0\" scrolling=\"no\"><\/iframe><\/p>\n<p style=\"text-align: justify;\">Vou me despedindo na certeza de que agora voc\u00ea est\u00e1 mais animado para se preparar para o concurso TRF 2. Se tiver alguma d\u00favida a respeito de como pode se preparar n\u00e3o deixe de me procurar! :)<\/p>\n<p style=\"text-align: justify;\">Grande abra\u00e7o!<\/p>\n<p style=\"text-align: justify;\"><strong>Paulo Guimar\u00e3es<\/strong><\/p>\n<p style=\"text-align: justify;\">Siga-me nas redes socias!<\/p>\n<p style=\"text-align: justify;\"><a href=\"http:\/\/www.facebook.com\/pauloguimaraesf\">www.facebook.com\/pauloguimaraesf<\/a><\/p>\n<p style=\"text-align: justify;\"><a href=\"http:\/\/www.periscope.tv\/pauloguimaraesf\">www.periscope.tv\/pauloguimaraesf<\/a><\/p>\n<p style=\"text-align: justify;\"><a href=\"http:\/\/www.twitter.com\/pauloguimaraesf\">www.twitter.com\/pauloguimaraesf<\/a><\/p>\n","protected":false},"excerpt":{"rendered":"<p>Concurso TRF 2: tudo que voc\u00ea precisa saber Ol\u00e1 amigos e amigas! Hoje falarei a respeito do aguardado concurso para o Tribunal Regional Federal da 2a\u00a0Regi\u00e3o (concurso TRF 2). H\u00e1 fortes expectativas de que o edital para este concurso seja publicado ainda em 2016, e quem concorre de verdade\u00a0\u00e9 o concurseiro que sabe o que [&hellip;]<\/p>\n","protected":false},"author":99,"featured_media":0,"comment_status":"open","ping_status":"open","sticky":false,"template":"","format":"standard","meta":{"post_tipo":"article","footnotes":""},"categories":[1,1984],"tags":[1614,1294],"tax_estado":[],"class_list":["post-37011","post","type-post","status-publish","format-standard","hentry","category-cursos-e-concursos","category-tribunais","tag-concurso-trf-2","tag-trf-2"],"acf":[],"yoast_head":"<!-- This site is optimized with the Yoast SEO Premium plugin v27.2 (Yoast SEO v27.2) - https:\/\/yoast.com\/product\/yoast-seo-premium-wordpress\/ -->\n<title>Concurso TRF 2: tudo que voc\u00ea precisa saber<\/title>\n<meta name=\"description\" content=\"Neste artigo, o professor Paulo Guimar\u00e3es &quot;disseca&quot; o concurso TRF2: vagas, cargos, remunera\u00e7\u00e3o, edital e muito mais! Confira!\" \/>\n<meta name=\"robots\" content=\"index, follow, max-snippet:-1, max-image-preview:large, max-video-preview:-1\" \/>\n<link rel=\"canonical\" href=\"https:\/\/www.estrategiaconcursos.com.br\/blog\/concurso-do-trf-2a-regiao\/\" \/>\n<meta property=\"og:locale\" content=\"pt_BR\" \/>\n<meta property=\"og:type\" content=\"article\" \/>\n<meta property=\"og:title\" content=\"Concurso TRF 2: tudo que voc\u00ea precisa saber\" \/>\n<meta property=\"og:description\" content=\"Neste artigo, o professor Paulo Guimar\u00e3es &quot;disseca&quot; o concurso TRF2: vagas, cargos, remunera\u00e7\u00e3o, edital e muito mais! Confira!\" \/>\n<meta property=\"og:url\" content=\"https:\/\/www.estrategiaconcursos.com.br\/blog\/concurso-do-trf-2a-regiao\/\" \/>\n<meta property=\"og:site_name\" content=\"Estrat\u00e9gia Concursos\" \/>\n<meta property=\"article:published_time\" content=\"2016-08-13T17:24:08+00:00\" \/>\n<meta property=\"article:modified_time\" content=\"2022-09-20T20:07:47+00:00\" \/>\n<meta property=\"og:image\" content=\"https:\/\/www.estrategiaconcursos.com.br\/blog\/wp-content\/uploads\/2016\/05\/CONCURSO-TRF-2-ANALISTA.png\" \/>\n<meta name=\"author\" content=\"Paulo Guimar\u00e3es\" \/>\n<meta name=\"twitter:card\" content=\"summary_large_image\" \/>\n<meta name=\"twitter:creator\" content=\"@EstratConcursos\" \/>\n<meta name=\"twitter:site\" content=\"@EstratConcursos\" \/>\n<meta name=\"twitter:label1\" content=\"Escrito por\" \/>\n\t<meta name=\"twitter:data1\" content=\"Paulo Guimar\u00e3es\" \/>\n\t<meta name=\"twitter:label2\" content=\"Est. tempo de leitura\" \/>\n\t<meta name=\"twitter:data2\" content=\"6 minutos\" \/>\n<script type=\"application\/ld+json\" class=\"yoast-schema-graph\">{\"@context\":\"https:\/\/schema.org\",\"@graph\":[{\"@type\":\"NewsArticle\",\"@id\":\"https:\/\/www.estrategiaconcursos.com.br\/blog\/concurso-do-trf-2a-regiao\/#article\",\"isPartOf\":{\"@id\":\"https:\/\/www.estrategiaconcursos.com.br\/blog\/concurso-do-trf-2a-regiao\/\"},\"author\":{\"name\":\"Paulo Guimar\u00e3es\",\"@id\":\"https:\/\/www.estrategiaconcursos.com.br\/blog\/#\/schema\/person\/80ff9f9f52e43a90b6efd99f2869d22b\"},\"headline\":\"Concurso TRF 2: tudo que voc\u00ea precisa saber\",\"datePublished\":\"2016-08-13T17:24:08+00:00\",\"dateModified\":\"2022-09-20T20:07:47+00:00\",\"mainEntityOfPage\":{\"@id\":\"https:\/\/www.estrategiaconcursos.com.br\/blog\/concurso-do-trf-2a-regiao\/\"},\"wordCount\":1131,\"commentCount\":8,\"publisher\":{\"@id\":\"https:\/\/www.estrategiaconcursos.com.br\/blog\/#organization\"},\"image\":{\"@id\":\"https:\/\/www.estrategiaconcursos.com.br\/blog\/concurso-do-trf-2a-regiao\/#primaryimage\"},\"thumbnailUrl\":\"https:\/\/www.estrategiaconcursos.com.br\/blog\/wp-content\/uploads\/2016\/05\/CONCURSO-TRF-2-ANALISTA.png\",\"keywords\":[\"concurso trf 2\",\"TRF 2\"],\"articleSection\":[\"Concursos P\u00fablicos\",\"Tribunais\"],\"inLanguage\":\"pt-BR\",\"potentialAction\":[{\"@type\":\"CommentAction\",\"name\":\"Comment\",\"target\":[\"https:\/\/www.estrategiaconcursos.com.br\/blog\/concurso-do-trf-2a-regiao\/#respond\"]}],\"copyrightYear\":\"2016\",\"copyrightHolder\":{\"@id\":\"https:\/\/www.estrategiaconcursos.com.br\/blog\/#organization\"}},{\"@type\":\"WebPage\",\"@id\":\"https:\/\/www.estrategiaconcursos.com.br\/blog\/concurso-do-trf-2a-regiao\/\",\"url\":\"https:\/\/www.estrategiaconcursos.com.br\/blog\/concurso-do-trf-2a-regiao\/\",\"name\":\"Concurso TRF 2: tudo que voc\u00ea precisa saber\",\"isPartOf\":{\"@id\":\"https:\/\/www.estrategiaconcursos.com.br\/blog\/#website\"},\"primaryImageOfPage\":{\"@id\":\"https:\/\/www.estrategiaconcursos.com.br\/blog\/concurso-do-trf-2a-regiao\/#primaryimage\"},\"image\":{\"@id\":\"https:\/\/www.estrategiaconcursos.com.br\/blog\/concurso-do-trf-2a-regiao\/#primaryimage\"},\"thumbnailUrl\":\"https:\/\/www.estrategiaconcursos.com.br\/blog\/wp-content\/uploads\/2016\/05\/CONCURSO-TRF-2-ANALISTA.png\",\"datePublished\":\"2016-08-13T17:24:08+00:00\",\"dateModified\":\"2022-09-20T20:07:47+00:00\",\"description\":\"Neste artigo, o professor Paulo Guimar\u00e3es \\\"disseca\\\" o concurso TRF2: vagas, cargos, remunera\u00e7\u00e3o, edital e muito mais! Confira!\",\"breadcrumb\":{\"@id\":\"https:\/\/www.estrategiaconcursos.com.br\/blog\/concurso-do-trf-2a-regiao\/#breadcrumb\"},\"inLanguage\":\"pt-BR\",\"potentialAction\":[{\"@type\":\"ReadAction\",\"target\":[\"https:\/\/www.estrategiaconcursos.com.br\/blog\/concurso-do-trf-2a-regiao\/\"]}]},{\"@type\":\"ImageObject\",\"inLanguage\":\"pt-BR\",\"@id\":\"https:\/\/www.estrategiaconcursos.com.br\/blog\/concurso-do-trf-2a-regiao\/#primaryimage\",\"url\":\"https:\/\/dhg1h5j42swfq.cloudfront.net\/2016\/05\/22162845\/CONCURSO-TRF-2-ANALISTA.png\",\"contentUrl\":\"https:\/\/dhg1h5j42swfq.cloudfront.net\/2016\/05\/22162845\/CONCURSO-TRF-2-ANALISTA.png\",\"width\":1263,\"height\":366},{\"@type\":\"BreadcrumbList\",\"@id\":\"https:\/\/www.estrategiaconcursos.com.br\/blog\/concurso-do-trf-2a-regiao\/#breadcrumb\",\"itemListElement\":[{\"@type\":\"ListItem\",\"position\":1,\"name\":\"In\u00edcio\",\"item\":\"https:\/\/www.estrategiaconcursos.com.br\/blog\/\"},{\"@type\":\"ListItem\",\"position\":2,\"name\":\"Concurso TRF 2: tudo que voc\u00ea precisa saber\"}]},{\"@type\":\"WebSite\",\"@id\":\"https:\/\/www.estrategiaconcursos.com.br\/blog\/#website\",\"url\":\"https:\/\/www.estrategiaconcursos.com.br\/blog\/\",\"name\":\"Estrat\u00e9gia Concursos\",\"description\":\"O blog da Estrat\u00e9gia Concursos traz not\u00edcias sobre concursos e artigos de professores oferecendo cursos para concursos (pdf + videaulas) no site.\",\"publisher\":{\"@id\":\"https:\/\/www.estrategiaconcursos.com.br\/blog\/#organization\"},\"potentialAction\":[{\"@type\":\"SearchAction\",\"target\":{\"@type\":\"EntryPoint\",\"urlTemplate\":\"https:\/\/www.estrategiaconcursos.com.br\/blog\/?s={search_term_string}\"},\"query-input\":{\"@type\":\"PropertyValueSpecification\",\"valueRequired\":true,\"valueName\":\"search_term_string\"}}],\"inLanguage\":\"pt-BR\"},{\"@type\":\"Organization\",\"@id\":\"https:\/\/www.estrategiaconcursos.com.br\/blog\/#organization\",\"name\":\"Estrat\u00e9gia Concursos\",\"url\":\"https:\/\/www.estrategiaconcursos.com.br\/blog\/\",\"logo\":{\"@type\":\"ImageObject\",\"inLanguage\":\"pt-BR\",\"@id\":\"https:\/\/www.estrategiaconcursos.com.br\/blog\/#\/schema\/logo\/image\/\",\"url\":\"https:\/\/dhg1h5j42swfq.cloudfront.net\/2025\/06\/03203428\/logo_concursos-1.jpg\",\"contentUrl\":\"https:\/\/dhg1h5j42swfq.cloudfront.net\/2025\/06\/03203428\/logo_concursos-1.jpg\",\"width\":230,\"height\":60,\"caption\":\"Estrat\u00e9gia Concursos\"},\"image\":{\"@id\":\"https:\/\/www.estrategiaconcursos.com.br\/blog\/#\/schema\/logo\/image\/\"},\"sameAs\":[\"https:\/\/x.com\/EstratConcursos\"]},{\"@type\":\"Person\",\"@id\":\"https:\/\/www.estrategiaconcursos.com.br\/blog\/#\/schema\/person\/80ff9f9f52e43a90b6efd99f2869d22b\",\"name\":\"Paulo Guimar\u00e3es\",\"image\":{\"@type\":\"ImageObject\",\"inLanguage\":\"pt-BR\",\"@id\":\"https:\/\/secure.gravatar.com\/avatar\/08d24bbaa2d103a1d6aba72ee81baa1680267436588d5d9cfb8d32c3aa4ca278?s=96&d=mm&r=g\",\"url\":\"https:\/\/secure.gravatar.com\/avatar\/08d24bbaa2d103a1d6aba72ee81baa1680267436588d5d9cfb8d32c3aa4ca278?s=96&d=mm&r=g\",\"contentUrl\":\"https:\/\/secure.gravatar.com\/avatar\/08d24bbaa2d103a1d6aba72ee81baa1680267436588d5d9cfb8d32c3aa4ca278?s=96&d=mm&r=g\",\"caption\":\"Paulo Guimar\u00e3es\"},\"url\":\"https:\/\/www.estrategiaconcursos.com.br\/blog\/author\/pauloguimaraesestrategiaconcursos-com-br\/\"}]}<\/script>\n<!-- \/ Yoast SEO Premium plugin. -->","yoast_head_json":{"title":"Concurso TRF 2: tudo que voc\u00ea precisa saber","description":"Neste artigo, o professor Paulo Guimar\u00e3es \"disseca\" o concurso TRF2: vagas, cargos, remunera\u00e7\u00e3o, edital e muito mais! Confira!","robots":{"index":"index","follow":"follow","max-snippet":"max-snippet:-1","max-image-preview":"max-image-preview:large","max-video-preview":"max-video-preview:-1"},"canonical":"https:\/\/www.estrategiaconcursos.com.br\/blog\/concurso-do-trf-2a-regiao\/","og_locale":"pt_BR","og_type":"article","og_title":"Concurso TRF 2: tudo que voc\u00ea precisa saber","og_description":"Neste artigo, o professor Paulo Guimar\u00e3es \"disseca\" o concurso TRF2: vagas, cargos, remunera\u00e7\u00e3o, edital e muito mais! Confira!","og_url":"https:\/\/www.estrategiaconcursos.com.br\/blog\/concurso-do-trf-2a-regiao\/","og_site_name":"Estrat\u00e9gia Concursos","article_published_time":"2016-08-13T17:24:08+00:00","article_modified_time":"2022-09-20T20:07:47+00:00","og_image":[{"url":"https:\/\/www.estrategiaconcursos.com.br\/blog\/wp-content\/uploads\/2016\/05\/CONCURSO-TRF-2-ANALISTA.png","type":"","width":"","height":""}],"author":"Paulo Guimar\u00e3es","twitter_card":"summary_large_image","twitter_creator":"@EstratConcursos","twitter_site":"@EstratConcursos","twitter_misc":{"Escrito por":"Paulo Guimar\u00e3es","Est. tempo de leitura":"6 minutos"},"schema":{"@context":"https:\/\/schema.org","@graph":[{"@type":"NewsArticle","@id":"https:\/\/www.estrategiaconcursos.com.br\/blog\/concurso-do-trf-2a-regiao\/#article","isPartOf":{"@id":"https:\/\/www.estrategiaconcursos.com.br\/blog\/concurso-do-trf-2a-regiao\/"},"author":{"name":"Paulo Guimar\u00e3es","@id":"https:\/\/www.estrategiaconcursos.com.br\/blog\/#\/schema\/person\/80ff9f9f52e43a90b6efd99f2869d22b"},"headline":"Concurso TRF 2: tudo que voc\u00ea precisa saber","datePublished":"2016-08-13T17:24:08+00:00","dateModified":"2022-09-20T20:07:47+00:00","mainEntityOfPage":{"@id":"https:\/\/www.estrategiaconcursos.com.br\/blog\/concurso-do-trf-2a-regiao\/"},"wordCount":1131,"commentCount":8,"publisher":{"@id":"https:\/\/www.estrategiaconcursos.com.br\/blog\/#organization"},"image":{"@id":"https:\/\/www.estrategiaconcursos.com.br\/blog\/concurso-do-trf-2a-regiao\/#primaryimage"},"thumbnailUrl":"https:\/\/www.estrategiaconcursos.com.br\/blog\/wp-content\/uploads\/2016\/05\/CONCURSO-TRF-2-ANALISTA.png","keywords":["concurso trf 2","TRF 2"],"articleSection":["Concursos P\u00fablicos","Tribunais"],"inLanguage":"pt-BR","potentialAction":[{"@type":"CommentAction","name":"Comment","target":["https:\/\/www.estrategiaconcursos.com.br\/blog\/concurso-do-trf-2a-regiao\/#respond"]}],"copyrightYear":"2016","copyrightHolder":{"@id":"https:\/\/www.estrategiaconcursos.com.br\/blog\/#organization"}},{"@type":"WebPage","@id":"https:\/\/www.estrategiaconcursos.com.br\/blog\/concurso-do-trf-2a-regiao\/","url":"https:\/\/www.estrategiaconcursos.com.br\/blog\/concurso-do-trf-2a-regiao\/","name":"Concurso TRF 2: tudo que voc\u00ea precisa saber","isPartOf":{"@id":"https:\/\/www.estrategiaconcursos.com.br\/blog\/#website"},"primaryImageOfPage":{"@id":"https:\/\/www.estrategiaconcursos.com.br\/blog\/concurso-do-trf-2a-regiao\/#primaryimage"},"image":{"@id":"https:\/\/www.estrategiaconcursos.com.br\/blog\/concurso-do-trf-2a-regiao\/#primaryimage"},"thumbnailUrl":"https:\/\/www.estrategiaconcursos.com.br\/blog\/wp-content\/uploads\/2016\/05\/CONCURSO-TRF-2-ANALISTA.png","datePublished":"2016-08-13T17:24:08+00:00","dateModified":"2022-09-20T20:07:47+00:00","description":"Neste artigo, o professor Paulo Guimar\u00e3es \"disseca\" o concurso TRF2: vagas, cargos, remunera\u00e7\u00e3o, edital e muito mais! Confira!","breadcrumb":{"@id":"https:\/\/www.estrategiaconcursos.com.br\/blog\/concurso-do-trf-2a-regiao\/#breadcrumb"},"inLanguage":"pt-BR","potentialAction":[{"@type":"ReadAction","target":["https:\/\/www.estrategiaconcursos.com.br\/blog\/concurso-do-trf-2a-regiao\/"]}]},{"@type":"ImageObject","inLanguage":"pt-BR","@id":"https:\/\/www.estrategiaconcursos.com.br\/blog\/concurso-do-trf-2a-regiao\/#primaryimage","url":"https:\/\/dhg1h5j42swfq.cloudfront.net\/2016\/05\/22162845\/CONCURSO-TRF-2-ANALISTA.png","contentUrl":"https:\/\/dhg1h5j42swfq.cloudfront.net\/2016\/05\/22162845\/CONCURSO-TRF-2-ANALISTA.png","width":1263,"height":366},{"@type":"BreadcrumbList","@id":"https:\/\/www.estrategiaconcursos.com.br\/blog\/concurso-do-trf-2a-regiao\/#breadcrumb","itemListElement":[{"@type":"ListItem","position":1,"name":"In\u00edcio","item":"https:\/\/www.estrategiaconcursos.com.br\/blog\/"},{"@type":"ListItem","position":2,"name":"Concurso TRF 2: tudo que voc\u00ea precisa saber"}]},{"@type":"WebSite","@id":"https:\/\/www.estrategiaconcursos.com.br\/blog\/#website","url":"https:\/\/www.estrategiaconcursos.com.br\/blog\/","name":"Estrat\u00e9gia Concursos","description":"O blog da Estrat\u00e9gia Concursos traz not\u00edcias sobre concursos e artigos de professores oferecendo cursos para concursos (pdf + videaulas) no site.","publisher":{"@id":"https:\/\/www.estrategiaconcursos.com.br\/blog\/#organization"},"potentialAction":[{"@type":"SearchAction","target":{"@type":"EntryPoint","urlTemplate":"https:\/\/www.estrategiaconcursos.com.br\/blog\/?s={search_term_string}"},"query-input":{"@type":"PropertyValueSpecification","valueRequired":true,"valueName":"search_term_string"}}],"inLanguage":"pt-BR"},{"@type":"Organization","@id":"https:\/\/www.estrategiaconcursos.com.br\/blog\/#organization","name":"Estrat\u00e9gia Concursos","url":"https:\/\/www.estrategiaconcursos.com.br\/blog\/","logo":{"@type":"ImageObject","inLanguage":"pt-BR","@id":"https:\/\/www.estrategiaconcursos.com.br\/blog\/#\/schema\/logo\/image\/","url":"https:\/\/dhg1h5j42swfq.cloudfront.net\/2025\/06\/03203428\/logo_concursos-1.jpg","contentUrl":"https:\/\/dhg1h5j42swfq.cloudfront.net\/2025\/06\/03203428\/logo_concursos-1.jpg","width":230,"height":60,"caption":"Estrat\u00e9gia Concursos"},"image":{"@id":"https:\/\/www.estrategiaconcursos.com.br\/blog\/#\/schema\/logo\/image\/"},"sameAs":["https:\/\/x.com\/EstratConcursos"]},{"@type":"Person","@id":"https:\/\/www.estrategiaconcursos.com.br\/blog\/#\/schema\/person\/80ff9f9f52e43a90b6efd99f2869d22b","name":"Paulo Guimar\u00e3es","image":{"@type":"ImageObject","inLanguage":"pt-BR","@id":"https:\/\/secure.gravatar.com\/avatar\/08d24bbaa2d103a1d6aba72ee81baa1680267436588d5d9cfb8d32c3aa4ca278?s=96&d=mm&r=g","url":"https:\/\/secure.gravatar.com\/avatar\/08d24bbaa2d103a1d6aba72ee81baa1680267436588d5d9cfb8d32c3aa4ca278?s=96&d=mm&r=g","contentUrl":"https:\/\/secure.gravatar.com\/avatar\/08d24bbaa2d103a1d6aba72ee81baa1680267436588d5d9cfb8d32c3aa4ca278?s=96&d=mm&r=g","caption":"Paulo Guimar\u00e3es"},"url":"https:\/\/www.estrategiaconcursos.com.br\/blog\/author\/pauloguimaraesestrategiaconcursos-com-br\/"}]}},"_links":{"self":[{"href":"https:\/\/www.estrategiaconcursos.com.br\/blog\/wp-json\/wp\/v2\/posts\/37011","targetHints":{"allow":["GET"]}}],"collection":[{"href":"https:\/\/www.estrategiaconcursos.com.br\/blog\/wp-json\/wp\/v2\/posts"}],"about":[{"href":"https:\/\/www.estrategiaconcursos.com.br\/blog\/wp-json\/wp\/v2\/types\/post"}],"author":[{"embeddable":true,"href":"https:\/\/www.estrategiaconcursos.com.br\/blog\/wp-json\/wp\/v2\/users\/99"}],"replies":[{"embeddable":true,"href":"https:\/\/www.estrategiaconcursos.com.br\/blog\/wp-json\/wp\/v2\/comments?post=37011"}],"version-history":[{"count":12,"href":"https:\/\/www.estrategiaconcursos.com.br\/blog\/wp-json\/wp\/v2\/posts\/37011\/revisions"}],"predecessor-version":[{"id":1097844,"href":"https:\/\/www.estrategiaconcursos.com.br\/blog\/wp-json\/wp\/v2\/posts\/37011\/revisions\/1097844"}],"wp:attachment":[{"href":"https:\/\/www.estrategiaconcursos.com.br\/blog\/wp-json\/wp\/v2\/media?parent=37011"}],"wp:term":[{"taxonomy":"category","embeddable":true,"href":"https:\/\/www.estrategiaconcursos.com.br\/blog\/wp-json\/wp\/v2\/categories?post=37011"},{"taxonomy":"post_tag","embeddable":true,"href":"https:\/\/www.estrategiaconcursos.com.br\/blog\/wp-json\/wp\/v2\/tags?post=37011"},{"taxonomy":"tax_estado","embeddable":true,"href":"https:\/\/www.estrategiaconcursos.com.br\/blog\/wp-json\/wp\/v2\/tax_estado?post=37011"}],"curies":[{"name":"wp","href":"https:\/\/api.w.org\/{rel}","templated":true}]}}