{"id":367621,"date":"2019-06-14T02:00:07","date_gmt":"2019-06-14T05:00:07","guid":{"rendered":"https:\/\/www.estrategiaconcursos.com.br\/blog\/?p=367621"},"modified":"2019-06-14T10:51:25","modified_gmt":"2019-06-14T13:51:25","slug":"edital-concurso-camara-de-brodowski","status":"publish","type":"post","link":"https:\/\/www.estrategiaconcursos.com.br\/blog\/edital-concurso-camara-de-brodowski\/","title":{"rendered":"Edital C\u00e2mara de Brodowski: inscri\u00e7\u00f5es terminam nesta sexta-feira (14)"},"content":{"rendered":"\n<p>As inscri\u00e7\u00f5es do concurso da C\u00e2mara de Brodowski terminam nesta sexta-feira, 14 de junho, no site da banca organizadora do certame, <strong>Consulpam<\/strong>. <\/p>\n\n\n\n<p>Todos os candidatos interessados em participar devem acessar o portal da banca e realizar o pagamento da taxa fixada no valor de R$ 42,00 ou R$ 74,00 de acordo com o cargo\/escolaridade.<\/p>\n\n\n\n<p>S\u00e3o ofertadas 05 vagas para os cargos de Agente de Seguran\u00e7a, Assessor de Imprensa, Assessor Legislativo e Assessor de Recursos Humanos, Patrim\u00f4nio e Licita\u00e7\u00f5es.<\/p>\n\n\n\n<p>Al\u00e9m disso, \u00e9 importante ficar atento a data de aplica\u00e7\u00e3o da prova objetiva que foi alterada e agora est\u00e1 prevista para o dia 14 de julho. A sele\u00e7\u00e3o ser\u00e1 feita por apenas duas etapas e ao longo deste artigo voc\u00ea vai conferir os principais pontos do edital do concurso C\u00e2mara de Brodowski.<\/p>\n\n\n\n<h2 class=\"wp-block-heading\">Distribui\u00e7\u00e3o das vagas e remunera\u00e7\u00e3o<\/h2>\n\n\n\n<h3 class=\"wp-block-heading\">N\u00edvel fundamental:<\/h3>\n\n\n\n<p><strong>Agente de Seguran\u00e7a (2 vagas)<\/strong><br \/>Fundamental Incompleto <br \/>\u25baR$ 2.041,33 + R$ 635,20 de Vale Alimenta\u00e7\u00e3o<\/p>\n\n\n\n<h3 class=\"wp-block-heading\">N\u00edvel superior:<\/h3>\n\n\n\n<p><strong>Assessor de Imprensa (1 vaga)<\/strong><br \/>Superior Completo em Jornalismo, Rela\u00e7\u00f5es P\u00fablicas ou Publicidade e Propaganda <br \/>\u25baR$ 3.040,95 + R$ 635,20 de Vale Alimenta\u00e7\u00e3o  <\/p>\n\n\n\n<p><strong>Assessor Legislativo (1 vaga)<\/strong><br \/>Superior Completo em Direito <br \/>\u25baR$ 3.040,95 + R$ 635,20 de Vale Alimenta\u00e7\u00e3o  <\/p>\n\n\n\n<p><strong>Assessor de Recursos Humanos, Patrim\u00f4nio e Licita\u00e7\u00f5es (1 vaga)<\/strong><br \/>Superior Completo em Direito, Administra\u00e7\u00e3o, Gest\u00e3o em Recursos Humanos ou Ci\u00eancias Cont\u00e1beis <br \/>\u25baR$ 3.040,95 + R$ 635,20 de Vale Alimenta\u00e7\u00e3o <\/p>\n\n\n\n<h2 class=\"wp-block-heading\">Principais datas do edital C\u00e2mara de Brodowski<\/h2>\n\n\n\n<p class=\"has-background has-very-light-gray-background-color\"><strong>Inscri\u00e7\u00f5es:<\/strong> 02 a 14 de junho <strong><br \/>Taxa de Inscri\u00e7\u00e3o:<\/strong> <br \/><em>&#8211; Fundamental:<\/em> R$ 42,00<br \/><em>&#8211; Superior: <\/em>R$ 74,00<br \/><strong>Isen\u00e7\u00e3o da taxa:<\/strong> 2 e 3 de maio<strong><br \/>Data data prova:<\/strong> 14 de julho <\/p>\n\n\n\n<h2 class=\"wp-block-heading\">Etapas do concurso C\u00e2mara de Brodowski<\/h2>\n\n\n\n<p>A sele\u00e7\u00e3o do concurso ser\u00e1 feita atrav\u00e9s de duas etapas, sendo elas uma Prova Objetiva, de car\u00e1ter eliminat\u00f3rio e classificat\u00f3rio para todos os cargos e Prova de T\u00edtulos, de car\u00e1ter classificat\u00f3rio somente para os cargos de n\u00edvel superior. <\/p>\n\n\n\n<p>A dura\u00e7\u00e3o das provas objetivas ser\u00e1 de<strong> tr\u00eas horas<\/strong> para todos os cargos, tendo in\u00edcio e t\u00e9rmino a serem divulgados.  <\/p>\n\n\n\n<h3 class=\"wp-block-heading\">Prova objetiva:<\/h3>\n\n\n\n<p>A Prova Objetiva ser\u00e1 composta por quest\u00f5es de m\u00faltipla escolha (A, B, C, D), sendo considerado aprovado o candidato que obtiver total de pontos igual ou superior a 50%.  <\/p>\n\n\n\n<p><strong>N\u00edvel fundamental:<\/strong><br \/>L\u00edngua Portuguesa &#8211; 10 quest\u00f5es (peso 2,5)<br \/>Conhecimentos Matem\u00e1ticos e Atualidades &#8211; 10 quest\u00f5es (peso 2,5)<br \/>Conhecimentos espec\u00edficos &#8211; 30 quest\u00f5es (peso 5,0)<\/p>\n\n\n\n<p><strong>N\u00edvel superior:<\/strong><br \/>L\u00edngua Portuguesa  &#8211; 10 quest\u00f5es (peso 2,5)<br \/>Conhecimentos Matem\u00e1ticos, No\u00e7\u00f5es de Direito Administrativo, No\u00e7\u00f5es de Inform\u00e1tica e Atualidades &#8211; 10 quest\u00f5es (peso 2,5)<br \/>Conhecimentos espec\u00edficos &#8211; 30 quest\u00f5es (peso 5,0)<\/p>\n\n\n\n<h3 class=\"wp-block-heading\">Prova de t\u00edtulos:<\/h3>\n\n\n\n<p>A entrega dos documentos \u00e9 facultativa e dever\u00e1 ser feita no dia da prova objetiva a um fiscal da unidade escolar destinado a esse fim. Ser\u00e3o pontuados, conforme crit\u00e9rios de pontua\u00e7\u00e3o definidos no edital, apenas os seguintes t\u00edtulos: <\/p>\n\n\n\n<div class=\"wp-block-image\"><figure class=\"aligncenter\"><img loading=\"lazy\" decoding=\"async\" width=\"749\" height=\"472\" src=\"https:\/\/dhg1h5j42swfq.cloudfront.net\/2019\/05\/02084914\/image.png\" alt=\"\" class=\"wp-image-367628\" srcset=\"https:\/\/dhg1h5j42swfq.cloudfront.net\/2019\/05\/02084914\/image.png 749w, https:\/\/dhg1h5j42swfq.cloudfront.net\/2019\/05\/02084914\/image.png 300w, https:\/\/dhg1h5j42swfq.cloudfront.net\/2019\/05\/02084914\/image.png 610w\" sizes=\"auto, (max-width: 749px) 100vw, 749px\" \/><\/figure><\/div>\n\n\n\n<p><strong><em>Obs.:<\/em><\/strong> O candidato que n\u00e3o entregar t\u00edtulos n\u00e3o ser\u00e1 eliminado do Concurso C\u00e2mara de Brodowski.   <\/p>\n\n\n\n<h3 class=\"wp-block-heading\">Pontua\u00e7\u00e3o final<\/h3>\n\n\n\n<p><strong>PF = <\/strong>pontua\u00e7\u00e3o final<\/p>\n\n\n\n<p><strong>NPCG =<\/strong> nota da prova de conhecimentos gerais<\/p>\n\n\n\n<p><strong>NPESP =<\/strong> nota da prova espec\u00edfica<\/p>\n\n\n\n<p><strong>NPT= <\/strong>nota da prova de t\u00edtulos<\/p>\n\n\n\n<p>1. Pontua\u00e7\u00e3o final para os cargos com sem prova de t\u00edtulos  <\/p>\n\n\n\n<p><strong>PF= NPCG + NPESP <\/strong><\/p>\n\n\n\n<p>2. Pontua\u00e7\u00e3o final para os cargos com prova de t\u00edtulos<\/p>\n\n\n\n<p><strong>PF= NPCG + NPESP + NPT <\/strong><\/p>\n\n\n\n<p style=\"text-align:center\"><br \/><strong><em>Quer estudar para Concurso C\u00e2mara de <\/em><\/strong><em><strong>Brodowski<\/strong><\/em><strong><em>?<\/em><\/strong><\/p>\n\n\n\n<p style=\"text-align:center\"><em><strong>Gostou desta oportunidade e deseja come\u00e7ar se preparar agora mesmo? Em breve podemos lan\u00e7ar cursos para o certame. Confira os nossos cursos e comece a estudar para <\/strong><\/em> <br \/><em><strong>C\u00e2mara de Brodowski<\/strong><\/em><em><strong>:<\/strong><\/em><\/p>\n\n\n\n<p style=\"font-size:18px;text-align:center\"><span style=\"text-decoration: underline\" class=\"underline\"><a href=\"https:\/\/www.estrategiaconcursos.com.br\/cursos\/concurso\/\" target=\"_blank\" rel=\"noreferrer noopener\" aria-label=\"CURSO C\u00c2MARA DE BRODOWSKI (opens in a new tab)\">CURSO C\u00c2MARA DE BRODOWSKI<\/a><\/span><\/p>\n\n\n\n<p style=\"text-align:center\"><em><strong>Assinatura Anual Ilimitada*<\/strong><\/em><\/p>\n\n\n\n<p style=\"text-align:center\"><em>Prepare-se com o melhor material e com quem mais aprova em Concursos P\u00fablicos em todo o pa\u00eds. Assine agora a nossa Assinatura Anual e tenha acesso ilimitado* a todos os nossos cursos.<\/em><\/p>\n\n\n\n<p style=\"text-align:center\" class=\"has-background has-light-green-cyan-background-color\"><strong>ASSINE AGORA<\/strong>&nbsp;\u2013&nbsp;<span class=\"underline\"><a rel=\"noreferrer noopener\" aria-label=\" (opens in a new tab)\" href=\"https:\/\/www.estrategiaconcursos.com.br\/assinaturas\" target=\"_blank\"><strong>Assinatura Ilimitada<\/strong><\/a><\/span><\/p>\n\n\n\n<figure class=\"wp-block-image\"><img loading=\"lazy\" decoding=\"async\" width=\"300\" height=\"102\" src=\"https:\/\/dhg1h5j42swfq.cloudfront.net\/2017\/03\/28152500\/coruja-ficha-tecnica-300x102.png\" alt=\"Ficha t\u00e9cnica concurso c\u00e2mara de brodowski\" class=\"wp-image-68542\"\/><\/figure>\n\n\n\n<p><strong>Informa\u00e7\u00f5es do Concurso C\u00e2mara de Brodowski<\/strong><\/p>\n\n\n\n<p>\u25ba<strong>Data prov\u00e1vel da prova<\/strong>: 14\/07<br \/>\u25ba<strong>Vagas<\/strong>: 05<br \/>\u25ba<strong>Cargos<\/strong>: V\u00e1rios<br \/>\u25ba<strong>Banca<\/strong>: Instituto Consulpam <br \/>\u25ba<strong>Escolaridade<\/strong>: N\u00edvel fundamental e superior<br \/>\u25ba<strong>Edital:<\/strong> <span class=\"underline\" style=\"text-decoration: underline\"><a href=\"https:\/\/dhg1h5j42swfq.cloudfront.net\/2019\/05\/21104708\/20190516_140744_EDITAL-001.2019-RETIFICADO-2.pdf\" target=\"_blank\" rel=\"noreferrer noopener\" aria-label=\"Edital C\u00e2mara de Brodowski (abre numa nova aba)\">Edital C\u00e2mara de Brodowski<\/a><\/span><\/p>\n\n\n\n<p><em>Camila Leite<\/em><br \/><em>Ascom Estrat\u00e9gia<\/em><br \/>ascomestrategia@gmail.com<\/p>\n\n\n\n<p style=\"text-align:center\"><em><strong>Receba not\u00edcias de Concursos no seu WhatsApp e\/ou Telegram!<\/strong><\/em><\/p>\n\n\n\n<p style=\"text-align:center\"><em><strong>Cadastre-se clicando no \u00edcone abaixo<\/strong><\/em><\/p>\n\n\n\n<div class=\"wp-block-image\"><figure class=\"aligncenter\"><a href=\"https:\/\/www.estrategiaconcursos.com.br\/blog\/noticias-de-concursos-whatsapp-estrategia-concursos\/\" target=\"_blank\" rel=\"noreferrer noopener\"><img loading=\"lazy\" decoding=\"async\" width=\"320\" height=\"180\" src=\"https:\/\/dhg1h5j42swfq.cloudfront.net\/2018\/03\/22113932\/whatsapptelegram-e1548177162795.png\" alt=\"\" class=\"wp-image-112824\"\/><\/a><\/figure><\/div>\n\n\n\n<p style=\"text-align:center\"><a href=\"https:\/\/www.estrategiaconcursos.com.br\/blog\/noticias-de-concursos-whatsapp-estrategia-concursos\/\" target=\"_blank\" rel=\"noreferrer noopener\">Not\u00edcias de concursos no seu WhatsApp e\/ou Telegram<\/a><\/p>\n","protected":false},"excerpt":{"rendered":"<p>As inscri\u00e7\u00f5es do concurso da C\u00e2mara de Brodowski terminam nesta sexta-feira, 14 de junho, no site da banca organizadora do certame, Consulpam. Todos os candidatos interessados em participar devem acessar o portal da banca e realizar o pagamento da taxa fixada no valor de R$ 42,00 ou R$ 74,00 de acordo com o cargo\/escolaridade. S\u00e3o [&hellip;]<\/p>\n","protected":false},"author":657,"featured_media":146144,"comment_status":"open","ping_status":"closed","sticky":false,"template":"","format":"standard","meta":{"post_tipo":"article","footnotes":""},"categories":[1],"tags":[],"tax_estado":[],"class_list":["post-367621","post","type-post","status-publish","format-standard","has-post-thumbnail","hentry","category-cursos-e-concursos"],"acf":[],"yoast_head":"<!-- This site is optimized with the Yoast SEO Premium plugin v27.2 (Yoast SEO v27.2) - https:\/\/yoast.com\/product\/yoast-seo-premium-wordpress\/ -->\n<title>Edital C\u00e2mara de Brodowski: inscri\u00e7\u00f5es terminam nesta sexta-feira (14)<\/title>\n<meta name=\"description\" content=\"Concurso C\u00e2mara de Brodowski: inscri\u00e7\u00f5es terminam nesta sexta (14) com vagas para cargos de n\u00edvel fundamental e superior e inicial de at\u00e9 R$ 3.040,95.\" \/>\n<meta name=\"robots\" content=\"index, follow, max-snippet:-1, max-image-preview:large, max-video-preview:-1\" \/>\n<link rel=\"canonical\" href=\"https:\/\/www.estrategiaconcursos.com.br\/blog\/edital-concurso-camara-de-brodowski\/\" \/>\n<meta property=\"og:locale\" content=\"pt_BR\" \/>\n<meta property=\"og:type\" content=\"article\" \/>\n<meta property=\"og:title\" content=\"Edital C\u00e2mara de Brodowski: inscri\u00e7\u00f5es terminam nesta sexta-feira (14)\" \/>\n<meta property=\"og:description\" content=\"Concurso C\u00e2mara de Brodowski: inscri\u00e7\u00f5es terminam nesta sexta (14) com vagas para cargos de n\u00edvel fundamental e superior e inicial de at\u00e9 R$ 3.040,95.\" \/>\n<meta property=\"og:url\" content=\"https:\/\/www.estrategiaconcursos.com.br\/blog\/edital-concurso-camara-de-brodowski\/\" \/>\n<meta property=\"og:site_name\" content=\"Estrat\u00e9gia Concursos\" \/>\n<meta property=\"article:published_time\" content=\"2019-06-14T05:00:07+00:00\" \/>\n<meta property=\"article:modified_time\" content=\"2019-06-14T13:51:25+00:00\" \/>\n<meta property=\"og:image\" content=\"https:\/\/dhg1h5j42swfq.cloudfront.net\/2018\/10\/08173718\/saiu-edital.jpg\" \/>\n\t<meta property=\"og:image:width\" content=\"400\" \/>\n\t<meta property=\"og:image:height\" content=\"209\" \/>\n\t<meta property=\"og:image:type\" content=\"image\/jpeg\" \/>\n<meta name=\"author\" content=\"Nat\u00e1lia Scarano\" \/>\n<meta name=\"twitter:card\" content=\"summary_large_image\" \/>\n<meta name=\"twitter:creator\" content=\"@EstratConcursos\" \/>\n<meta name=\"twitter:site\" content=\"@EstratConcursos\" \/>\n<meta name=\"twitter:label1\" content=\"Escrito por\" \/>\n\t<meta name=\"twitter:data1\" content=\"Nat\u00e1lia Scarano\" \/>\n\t<meta name=\"twitter:label2\" content=\"Est. tempo de leitura\" \/>\n\t<meta name=\"twitter:data2\" content=\"4 minutos\" \/>\n<script type=\"application\/ld+json\" class=\"yoast-schema-graph\">{\"@context\":\"https:\/\/schema.org\",\"@graph\":[{\"@type\":\"NewsArticle\",\"@id\":\"https:\/\/www.estrategiaconcursos.com.br\/blog\/edital-concurso-camara-de-brodowski\/#article\",\"isPartOf\":{\"@id\":\"https:\/\/www.estrategiaconcursos.com.br\/blog\/edital-concurso-camara-de-brodowski\/\"},\"author\":{\"name\":\"Nat\u00e1lia Scarano\",\"@id\":\"https:\/\/www.estrategiaconcursos.com.br\/blog\/#\/schema\/person\/751aedf909a9d10cb23ce6ac527ce0f2\"},\"headline\":\"Edital C\u00e2mara de Brodowski: inscri\u00e7\u00f5es terminam nesta sexta-feira (14)\",\"datePublished\":\"2019-06-14T05:00:07+00:00\",\"dateModified\":\"2019-06-14T13:51:25+00:00\",\"mainEntityOfPage\":{\"@id\":\"https:\/\/www.estrategiaconcursos.com.br\/blog\/edital-concurso-camara-de-brodowski\/\"},\"wordCount\":721,\"commentCount\":3,\"publisher\":{\"@id\":\"https:\/\/www.estrategiaconcursos.com.br\/blog\/#organization\"},\"image\":{\"@id\":\"https:\/\/www.estrategiaconcursos.com.br\/blog\/edital-concurso-camara-de-brodowski\/#primaryimage\"},\"thumbnailUrl\":\"https:\/\/dhg1h5j42swfq.cloudfront.net\/2018\/10\/08173718\/saiu-edital.jpg\",\"articleSection\":[\"Concursos P\u00fablicos\"],\"inLanguage\":\"pt-BR\",\"potentialAction\":[{\"@type\":\"CommentAction\",\"name\":\"Comment\",\"target\":[\"https:\/\/www.estrategiaconcursos.com.br\/blog\/edital-concurso-camara-de-brodowski\/#respond\"]}],\"copyrightYear\":\"2019\",\"copyrightHolder\":{\"@id\":\"https:\/\/www.estrategiaconcursos.com.br\/blog\/#organization\"}},{\"@type\":\"WebPage\",\"@id\":\"https:\/\/www.estrategiaconcursos.com.br\/blog\/edital-concurso-camara-de-brodowski\/\",\"url\":\"https:\/\/www.estrategiaconcursos.com.br\/blog\/edital-concurso-camara-de-brodowski\/\",\"name\":\"Edital C\u00e2mara de Brodowski: inscri\u00e7\u00f5es terminam nesta sexta-feira (14)\",\"isPartOf\":{\"@id\":\"https:\/\/www.estrategiaconcursos.com.br\/blog\/#website\"},\"primaryImageOfPage\":{\"@id\":\"https:\/\/www.estrategiaconcursos.com.br\/blog\/edital-concurso-camara-de-brodowski\/#primaryimage\"},\"image\":{\"@id\":\"https:\/\/www.estrategiaconcursos.com.br\/blog\/edital-concurso-camara-de-brodowski\/#primaryimage\"},\"thumbnailUrl\":\"https:\/\/dhg1h5j42swfq.cloudfront.net\/2018\/10\/08173718\/saiu-edital.jpg\",\"datePublished\":\"2019-06-14T05:00:07+00:00\",\"dateModified\":\"2019-06-14T13:51:25+00:00\",\"description\":\"Concurso C\u00e2mara de Brodowski: inscri\u00e7\u00f5es terminam nesta sexta (14) com vagas para cargos de n\u00edvel fundamental e superior e inicial de at\u00e9 R$ 3.040,95.\",\"breadcrumb\":{\"@id\":\"https:\/\/www.estrategiaconcursos.com.br\/blog\/edital-concurso-camara-de-brodowski\/#breadcrumb\"},\"inLanguage\":\"pt-BR\",\"potentialAction\":[{\"@type\":\"ReadAction\",\"target\":[\"https:\/\/www.estrategiaconcursos.com.br\/blog\/edital-concurso-camara-de-brodowski\/\"]}]},{\"@type\":\"ImageObject\",\"inLanguage\":\"pt-BR\",\"@id\":\"https:\/\/www.estrategiaconcursos.com.br\/blog\/edital-concurso-camara-de-brodowski\/#primaryimage\",\"url\":\"https:\/\/dhg1h5j42swfq.cloudfront.net\/2018\/10\/08173718\/saiu-edital.jpg\",\"contentUrl\":\"https:\/\/dhg1h5j42swfq.cloudfront.net\/2018\/10\/08173718\/saiu-edital.jpg\",\"width\":400,\"height\":209,\"caption\":\"CONCURSO CRESS DF\"},{\"@type\":\"BreadcrumbList\",\"@id\":\"https:\/\/www.estrategiaconcursos.com.br\/blog\/edital-concurso-camara-de-brodowski\/#breadcrumb\",\"itemListElement\":[{\"@type\":\"ListItem\",\"position\":1,\"name\":\"In\u00edcio\",\"item\":\"https:\/\/www.estrategiaconcursos.com.br\/blog\/\"},{\"@type\":\"ListItem\",\"position\":2,\"name\":\"Edital C\u00e2mara de Brodowski: inscri\u00e7\u00f5es terminam nesta sexta-feira (14)\"}]},{\"@type\":\"WebSite\",\"@id\":\"https:\/\/www.estrategiaconcursos.com.br\/blog\/#website\",\"url\":\"https:\/\/www.estrategiaconcursos.com.br\/blog\/\",\"name\":\"Estrat\u00e9gia Concursos\",\"description\":\"O blog da Estrat\u00e9gia Concursos traz not\u00edcias sobre concursos e artigos de professores oferecendo cursos para concursos (pdf + videaulas) no site.\",\"publisher\":{\"@id\":\"https:\/\/www.estrategiaconcursos.com.br\/blog\/#organization\"},\"potentialAction\":[{\"@type\":\"SearchAction\",\"target\":{\"@type\":\"EntryPoint\",\"urlTemplate\":\"https:\/\/www.estrategiaconcursos.com.br\/blog\/?s={search_term_string}\"},\"query-input\":{\"@type\":\"PropertyValueSpecification\",\"valueRequired\":true,\"valueName\":\"search_term_string\"}}],\"inLanguage\":\"pt-BR\"},{\"@type\":\"Organization\",\"@id\":\"https:\/\/www.estrategiaconcursos.com.br\/blog\/#organization\",\"name\":\"Estrat\u00e9gia Concursos\",\"url\":\"https:\/\/www.estrategiaconcursos.com.br\/blog\/\",\"logo\":{\"@type\":\"ImageObject\",\"inLanguage\":\"pt-BR\",\"@id\":\"https:\/\/www.estrategiaconcursos.com.br\/blog\/#\/schema\/logo\/image\/\",\"url\":\"https:\/\/dhg1h5j42swfq.cloudfront.net\/2025\/06\/03203428\/logo_concursos-1.jpg\",\"contentUrl\":\"https:\/\/dhg1h5j42swfq.cloudfront.net\/2025\/06\/03203428\/logo_concursos-1.jpg\",\"width\":230,\"height\":60,\"caption\":\"Estrat\u00e9gia Concursos\"},\"image\":{\"@id\":\"https:\/\/www.estrategiaconcursos.com.br\/blog\/#\/schema\/logo\/image\/\"},\"sameAs\":[\"https:\/\/x.com\/EstratConcursos\"]},{\"@type\":\"Person\",\"@id\":\"https:\/\/www.estrategiaconcursos.com.br\/blog\/#\/schema\/person\/751aedf909a9d10cb23ce6ac527ce0f2\",\"name\":\"Nat\u00e1lia Scarano\",\"image\":{\"@type\":\"ImageObject\",\"inLanguage\":\"pt-BR\",\"@id\":\"https:\/\/secure.gravatar.com\/avatar\/8a889b8db3dbd227a1a78627357ec8fe64f5e99189d1889a270127828ab372ac?s=96&d=mm&r=g\",\"url\":\"https:\/\/secure.gravatar.com\/avatar\/8a889b8db3dbd227a1a78627357ec8fe64f5e99189d1889a270127828ab372ac?s=96&d=mm&r=g\",\"contentUrl\":\"https:\/\/secure.gravatar.com\/avatar\/8a889b8db3dbd227a1a78627357ec8fe64f5e99189d1889a270127828ab372ac?s=96&d=mm&r=g\",\"caption\":\"Nat\u00e1lia Scarano\"},\"description\":\"Jornalista, formada e p\u00f3s graduada pelo IESB, faz parte do time de jornalistas do Estrat\u00e9gia desde 2017. Possui familiaridade com as \u00e1reas de Tribunais, Defensorias, Procuradorias, Minist\u00e9rios P\u00fablicos, Conselhos, Educa\u00e7\u00e3o, \u00c1rea de Seguran\u00e7a, concursos de Carreiras Jur\u00eddicas e OAB. Experi\u00eancia em marketing digital, assessoria de comunica\u00e7\u00e3o e institucional na \u00e1rea privada e p\u00fablica, com atua\u00e7\u00e3o em \u00f3rg\u00e3os como CGU, Cofen e CNM.\",\"url\":\"https:\/\/www.estrategiaconcursos.com.br\/blog\/author\/natalia-scaranoestrategiaconcursos-com-br\/\"}]}<\/script>\n<!-- \/ Yoast SEO Premium plugin. -->","yoast_head_json":{"title":"Edital C\u00e2mara de Brodowski: inscri\u00e7\u00f5es terminam nesta sexta-feira (14)","description":"Concurso C\u00e2mara de Brodowski: inscri\u00e7\u00f5es terminam nesta sexta (14) com vagas para cargos de n\u00edvel fundamental e superior e inicial de at\u00e9 R$ 3.040,95.","robots":{"index":"index","follow":"follow","max-snippet":"max-snippet:-1","max-image-preview":"max-image-preview:large","max-video-preview":"max-video-preview:-1"},"canonical":"https:\/\/www.estrategiaconcursos.com.br\/blog\/edital-concurso-camara-de-brodowski\/","og_locale":"pt_BR","og_type":"article","og_title":"Edital C\u00e2mara de Brodowski: inscri\u00e7\u00f5es terminam nesta sexta-feira (14)","og_description":"Concurso C\u00e2mara de Brodowski: inscri\u00e7\u00f5es terminam nesta sexta (14) com vagas para cargos de n\u00edvel fundamental e superior e inicial de at\u00e9 R$ 3.040,95.","og_url":"https:\/\/www.estrategiaconcursos.com.br\/blog\/edital-concurso-camara-de-brodowski\/","og_site_name":"Estrat\u00e9gia Concursos","article_published_time":"2019-06-14T05:00:07+00:00","article_modified_time":"2019-06-14T13:51:25+00:00","og_image":[{"width":400,"height":209,"url":"https:\/\/dhg1h5j42swfq.cloudfront.net\/2018\/10\/08173718\/saiu-edital.jpg","type":"image\/jpeg"}],"author":"Nat\u00e1lia Scarano","twitter_card":"summary_large_image","twitter_creator":"@EstratConcursos","twitter_site":"@EstratConcursos","twitter_misc":{"Escrito por":"Nat\u00e1lia Scarano","Est. tempo de leitura":"4 minutos"},"schema":{"@context":"https:\/\/schema.org","@graph":[{"@type":"NewsArticle","@id":"https:\/\/www.estrategiaconcursos.com.br\/blog\/edital-concurso-camara-de-brodowski\/#article","isPartOf":{"@id":"https:\/\/www.estrategiaconcursos.com.br\/blog\/edital-concurso-camara-de-brodowski\/"},"author":{"name":"Nat\u00e1lia Scarano","@id":"https:\/\/www.estrategiaconcursos.com.br\/blog\/#\/schema\/person\/751aedf909a9d10cb23ce6ac527ce0f2"},"headline":"Edital C\u00e2mara de Brodowski: inscri\u00e7\u00f5es terminam nesta sexta-feira (14)","datePublished":"2019-06-14T05:00:07+00:00","dateModified":"2019-06-14T13:51:25+00:00","mainEntityOfPage":{"@id":"https:\/\/www.estrategiaconcursos.com.br\/blog\/edital-concurso-camara-de-brodowski\/"},"wordCount":721,"commentCount":3,"publisher":{"@id":"https:\/\/www.estrategiaconcursos.com.br\/blog\/#organization"},"image":{"@id":"https:\/\/www.estrategiaconcursos.com.br\/blog\/edital-concurso-camara-de-brodowski\/#primaryimage"},"thumbnailUrl":"https:\/\/dhg1h5j42swfq.cloudfront.net\/2018\/10\/08173718\/saiu-edital.jpg","articleSection":["Concursos P\u00fablicos"],"inLanguage":"pt-BR","potentialAction":[{"@type":"CommentAction","name":"Comment","target":["https:\/\/www.estrategiaconcursos.com.br\/blog\/edital-concurso-camara-de-brodowski\/#respond"]}],"copyrightYear":"2019","copyrightHolder":{"@id":"https:\/\/www.estrategiaconcursos.com.br\/blog\/#organization"}},{"@type":"WebPage","@id":"https:\/\/www.estrategiaconcursos.com.br\/blog\/edital-concurso-camara-de-brodowski\/","url":"https:\/\/www.estrategiaconcursos.com.br\/blog\/edital-concurso-camara-de-brodowski\/","name":"Edital C\u00e2mara de Brodowski: inscri\u00e7\u00f5es terminam nesta sexta-feira (14)","isPartOf":{"@id":"https:\/\/www.estrategiaconcursos.com.br\/blog\/#website"},"primaryImageOfPage":{"@id":"https:\/\/www.estrategiaconcursos.com.br\/blog\/edital-concurso-camara-de-brodowski\/#primaryimage"},"image":{"@id":"https:\/\/www.estrategiaconcursos.com.br\/blog\/edital-concurso-camara-de-brodowski\/#primaryimage"},"thumbnailUrl":"https:\/\/dhg1h5j42swfq.cloudfront.net\/2018\/10\/08173718\/saiu-edital.jpg","datePublished":"2019-06-14T05:00:07+00:00","dateModified":"2019-06-14T13:51:25+00:00","description":"Concurso C\u00e2mara de Brodowski: inscri\u00e7\u00f5es terminam nesta sexta (14) com vagas para cargos de n\u00edvel fundamental e superior e inicial de at\u00e9 R$ 3.040,95.","breadcrumb":{"@id":"https:\/\/www.estrategiaconcursos.com.br\/blog\/edital-concurso-camara-de-brodowski\/#breadcrumb"},"inLanguage":"pt-BR","potentialAction":[{"@type":"ReadAction","target":["https:\/\/www.estrategiaconcursos.com.br\/blog\/edital-concurso-camara-de-brodowski\/"]}]},{"@type":"ImageObject","inLanguage":"pt-BR","@id":"https:\/\/www.estrategiaconcursos.com.br\/blog\/edital-concurso-camara-de-brodowski\/#primaryimage","url":"https:\/\/dhg1h5j42swfq.cloudfront.net\/2018\/10\/08173718\/saiu-edital.jpg","contentUrl":"https:\/\/dhg1h5j42swfq.cloudfront.net\/2018\/10\/08173718\/saiu-edital.jpg","width":400,"height":209,"caption":"CONCURSO CRESS DF"},{"@type":"BreadcrumbList","@id":"https:\/\/www.estrategiaconcursos.com.br\/blog\/edital-concurso-camara-de-brodowski\/#breadcrumb","itemListElement":[{"@type":"ListItem","position":1,"name":"In\u00edcio","item":"https:\/\/www.estrategiaconcursos.com.br\/blog\/"},{"@type":"ListItem","position":2,"name":"Edital C\u00e2mara de Brodowski: inscri\u00e7\u00f5es terminam nesta sexta-feira (14)"}]},{"@type":"WebSite","@id":"https:\/\/www.estrategiaconcursos.com.br\/blog\/#website","url":"https:\/\/www.estrategiaconcursos.com.br\/blog\/","name":"Estrat\u00e9gia Concursos","description":"O blog da Estrat\u00e9gia Concursos traz not\u00edcias sobre concursos e artigos de professores oferecendo cursos para concursos (pdf + videaulas) no site.","publisher":{"@id":"https:\/\/www.estrategiaconcursos.com.br\/blog\/#organization"},"potentialAction":[{"@type":"SearchAction","target":{"@type":"EntryPoint","urlTemplate":"https:\/\/www.estrategiaconcursos.com.br\/blog\/?s={search_term_string}"},"query-input":{"@type":"PropertyValueSpecification","valueRequired":true,"valueName":"search_term_string"}}],"inLanguage":"pt-BR"},{"@type":"Organization","@id":"https:\/\/www.estrategiaconcursos.com.br\/blog\/#organization","name":"Estrat\u00e9gia Concursos","url":"https:\/\/www.estrategiaconcursos.com.br\/blog\/","logo":{"@type":"ImageObject","inLanguage":"pt-BR","@id":"https:\/\/www.estrategiaconcursos.com.br\/blog\/#\/schema\/logo\/image\/","url":"https:\/\/dhg1h5j42swfq.cloudfront.net\/2025\/06\/03203428\/logo_concursos-1.jpg","contentUrl":"https:\/\/dhg1h5j42swfq.cloudfront.net\/2025\/06\/03203428\/logo_concursos-1.jpg","width":230,"height":60,"caption":"Estrat\u00e9gia Concursos"},"image":{"@id":"https:\/\/www.estrategiaconcursos.com.br\/blog\/#\/schema\/logo\/image\/"},"sameAs":["https:\/\/x.com\/EstratConcursos"]},{"@type":"Person","@id":"https:\/\/www.estrategiaconcursos.com.br\/blog\/#\/schema\/person\/751aedf909a9d10cb23ce6ac527ce0f2","name":"Nat\u00e1lia Scarano","image":{"@type":"ImageObject","inLanguage":"pt-BR","@id":"https:\/\/secure.gravatar.com\/avatar\/8a889b8db3dbd227a1a78627357ec8fe64f5e99189d1889a270127828ab372ac?s=96&d=mm&r=g","url":"https:\/\/secure.gravatar.com\/avatar\/8a889b8db3dbd227a1a78627357ec8fe64f5e99189d1889a270127828ab372ac?s=96&d=mm&r=g","contentUrl":"https:\/\/secure.gravatar.com\/avatar\/8a889b8db3dbd227a1a78627357ec8fe64f5e99189d1889a270127828ab372ac?s=96&d=mm&r=g","caption":"Nat\u00e1lia Scarano"},"description":"Jornalista, formada e p\u00f3s graduada pelo IESB, faz parte do time de jornalistas do Estrat\u00e9gia desde 2017. Possui familiaridade com as \u00e1reas de Tribunais, Defensorias, Procuradorias, Minist\u00e9rios P\u00fablicos, Conselhos, Educa\u00e7\u00e3o, \u00c1rea de Seguran\u00e7a, concursos de Carreiras Jur\u00eddicas e OAB. Experi\u00eancia em marketing digital, assessoria de comunica\u00e7\u00e3o e institucional na \u00e1rea privada e p\u00fablica, com atua\u00e7\u00e3o em \u00f3rg\u00e3os como CGU, Cofen e CNM.","url":"https:\/\/www.estrategiaconcursos.com.br\/blog\/author\/natalia-scaranoestrategiaconcursos-com-br\/"}]}},"_links":{"self":[{"href":"https:\/\/www.estrategiaconcursos.com.br\/blog\/wp-json\/wp\/v2\/posts\/367621","targetHints":{"allow":["GET"]}}],"collection":[{"href":"https:\/\/www.estrategiaconcursos.com.br\/blog\/wp-json\/wp\/v2\/posts"}],"about":[{"href":"https:\/\/www.estrategiaconcursos.com.br\/blog\/wp-json\/wp\/v2\/types\/post"}],"author":[{"embeddable":true,"href":"https:\/\/www.estrategiaconcursos.com.br\/blog\/wp-json\/wp\/v2\/users\/657"}],"replies":[{"embeddable":true,"href":"https:\/\/www.estrategiaconcursos.com.br\/blog\/wp-json\/wp\/v2\/comments?post=367621"}],"version-history":[{"count":15,"href":"https:\/\/www.estrategiaconcursos.com.br\/blog\/wp-json\/wp\/v2\/posts\/367621\/revisions"}],"predecessor-version":[{"id":387711,"href":"https:\/\/www.estrategiaconcursos.com.br\/blog\/wp-json\/wp\/v2\/posts\/367621\/revisions\/387711"}],"wp:featuredmedia":[{"embeddable":true,"href":"https:\/\/www.estrategiaconcursos.com.br\/blog\/wp-json\/wp\/v2\/media\/146144"}],"wp:attachment":[{"href":"https:\/\/www.estrategiaconcursos.com.br\/blog\/wp-json\/wp\/v2\/media?parent=367621"}],"wp:term":[{"taxonomy":"category","embeddable":true,"href":"https:\/\/www.estrategiaconcursos.com.br\/blog\/wp-json\/wp\/v2\/categories?post=367621"},{"taxonomy":"post_tag","embeddable":true,"href":"https:\/\/www.estrategiaconcursos.com.br\/blog\/wp-json\/wp\/v2\/tags?post=367621"},{"taxonomy":"tax_estado","embeddable":true,"href":"https:\/\/www.estrategiaconcursos.com.br\/blog\/wp-json\/wp\/v2\/tax_estado?post=367621"}],"curies":[{"name":"wp","href":"https:\/\/api.w.org\/{rel}","templated":true}]}}