{"id":367579,"date":"2019-05-01T19:46:09","date_gmt":"2019-05-01T22:46:09","guid":{"rendered":"https:\/\/www.estrategiaconcursos.com.br\/blog\/?p=367579"},"modified":"2019-05-02T10:32:18","modified_gmt":"2019-05-02T13:32:18","slug":"gabarito-cge-ce-direito-administrativo","status":"publish","type":"post","link":"https:\/\/www.estrategiaconcursos.com.br\/blog\/gabarito-cge-ce-direito-administrativo\/","title":{"rendered":"Gabarito CGE CE Direito Administrativo &#8211; recursos"},"content":{"rendered":"\n<p>[Gabarito CGE CE Direito Administrativo] Ol\u00e1, pessoal! Estou passando para comentar duas quest\u00f5es do concurso da CGE CE que, a meu ver, s\u00e3o pass\u00edveis de recurso.<\/p>\n<p>Eu fiz o coment\u00e1rio do gabarito extraoficial neste v\u00eddeo dispon\u00edvel no canal do Youtube do Estrat\u00e9gia Concursos: <a href=\"https:\/\/youtu.be\/zQ_HJOsjbgQ?t=6667\" target=\"_blank\" rel=\"noopener noreferrer\">https:\/\/youtu.be\/zQ_HJOsjbgQ?t=6667<\/a><\/p>\n<p>Por\u00e9m, notamos que, em duas quest\u00f5es, o gabarito do Cespe n\u00e3o bateu com o nosso. Foram justamente nas duas quest\u00f5es em que j\u00e1 hav\u00edamos comentado sobre a possibilidade de recursos.<\/p>\n<p>S\u00f3 uma observa\u00e7\u00e3o. N\u00e3o copie e cole os meus coment\u00e1rios. Fa\u00e7a o seu pr\u00f3prio recurso, adotando os posicionamentos abaixo como refer\u00eancia. O Cespe desconsidera recursos repetidos, com o mesmo teor.<\/p>\n<p>Ent\u00e3o, vamos l\u00e1!<\/p>\n<p><strong>47. (Cespe &#8211; Auditor de Controle Interno\/CGE CE\/2019)<\/strong><\/p>\n<p><span style=\"color: #3366ff\"><em>Assinale a op\u00e7\u00e3o que apresenta exemplo de presta\u00e7\u00e3o direta de servi\u00e7o p\u00fablico.<\/em><\/span><br \/><span style=\"color: #3366ff\"><em>a) servi\u00e7os de distribui\u00e7\u00e3o de g\u00e1s natural<\/em><\/span><br \/><span style=\"color: #3366ff\"><em>b) coleta seletiva de lixo<\/em><\/span><br \/><span style=\"color: #3366ff\"><em>c) execu\u00e7\u00e3o de obra p\u00fablica<\/em><\/span><br \/><span style=\"color: #3366ff\"><em>d) servi\u00e7o postal<\/em><\/span><br \/><span style=\"color: #3366ff\"><em>e) servi\u00e7os de radiodifus\u00e3o<\/em><\/span><\/p>\n<p><strong>Coment\u00e1rio<\/strong>: no coment\u00e1rio do gabarito extraoficial eu j\u00e1 havia comentado que a quest\u00e3o seria pass\u00edvel de recurso. A quest\u00e3o n\u00e3o define qual \u00e9 o sentido de &#8220;presta\u00e7\u00e3o direta&#8221; e tamb\u00e9m de &#8220;servi\u00e7o p\u00fablico&#8221;. As duas express\u00f5es possuem sentido bastante diverso na doutrina.<\/p>\n<p>O termo servi\u00e7o p\u00fablico possui v\u00e1rios sentidos, mas para facilitar vamos empregar o conceito de Jos\u00e9 dos Santos Carvalho Filho, que define servi\u00e7o p\u00fablico como: &#8220;<em>toda atividade prestada pelo Estado ou por seus delegados, basicamente sob regime de direito p\u00fablico, <strong>com vistas \u00e0 satisfa\u00e7\u00e3o de necessidades essenciais e secund\u00e1rias da coletividade<\/strong><\/em>&#8220;.<\/p>\n<p>Por esse conceito, todas as atividades mencionadas na quest\u00e3o, com exce\u00e7\u00e3o da obra p\u00fablica, s\u00e3o consideradas servi\u00e7os p\u00fablicos. A obra p\u00fablica, por si s\u00f3, n\u00e3o \u00e9 servi\u00e7o p\u00fablico porque, sozinha, ela n\u00e3o atende a uma necessidade essencial e secund\u00e1ria da sociedade. \u00c9 preciso algo a mais, um servi\u00e7o, como a manuten\u00e7\u00e3o de uma rodovia ou outra forma de presta\u00e7\u00e3o de utilidades para a popula\u00e7\u00e3o.<\/p>\n<p>Agora, vamos ao conceito de <strong>presta\u00e7\u00e3o direta. <\/strong>Para Marcelo Alexandrino e Vicente Paulo, a <strong>execu\u00e7\u00e3o direta<\/strong> \u00e9 aquela realizada pela administra\u00e7\u00e3o p\u00fablica, seja pela administra\u00e7\u00e3o direta ou pela administra\u00e7\u00e3o indireta. Assim, tanto a presta\u00e7\u00e3o centralizada como a descentralizada, quando executada pela administra\u00e7\u00e3o indireta, s\u00e3o formas de presta\u00e7\u00e3o direta.\u00a0<\/p>\n<p>Por outro lado, a presta\u00e7\u00e3o indireta ocorre invariavelmente por descentraliza\u00e7\u00e3o, mas somente quando prestada por meio de delega\u00e7\u00e3o. Nesse caso, a presta\u00e7\u00e3o indireta \u00e9 aquela realizada mediante concess\u00e3o ou permiss\u00e3o.<\/p>\n<p>Contribui com esse posicionamento o texto constitucional, que disp\u00f5e que: &#8220;incumbe ao Poder P\u00fablico, na forma da lei, <strong>diretamente <span style=\"text-decoration: underline\"><em>ou<\/em><\/span><\/strong> <strong>sob regime de concess\u00e3o ou permiss\u00e3o<\/strong>, sempre atrav\u00e9s de licita\u00e7\u00e3o, a presta\u00e7\u00e3o de servi\u00e7os p\u00fablicos&#8221; (CF, art. 175).<\/p>\n<p>Agora, vamos tratar de cada alternativa:<\/p>\n<p>a) segundo a CF, &#8220;cabe aos Estados explorar diretamente, ou mediante concess\u00e3o, os servi\u00e7os locais de g\u00e1s canalizado&#8221;. Logo, segundo o sentido formal, a distribui\u00e7\u00e3o de g\u00e1s \u00e9 um servi\u00e7o p\u00fablico, que pode ser prestado direta ou indiretamente &#8211; ERRADA;<\/p>\n<p>b) a coleta seletiva de lixo \u00e9 um servi\u00e7o p\u00fablico de interesse local, que pode ser explorado pelas prefeituras ou por meio de delega\u00e7\u00e3o (inclusive, a maioria dos munic\u00edpios delega o servi\u00e7o de recolhimento de lixo a empresas privadas) &#8211; ERRADA (mas foi o gabarito da banca);<\/p>\n<p>c)\u00a0 a execu\u00e7\u00e3o de obra n\u00e3o \u00e9 servi\u00e7o p\u00fablico &#8211; ERRADA;<\/p>\n<p>d) o servi\u00e7o postal \u00e9 de compet\u00eancia da Uni\u00e3o, na forma do art. 22, X, da CF. Tal servi\u00e7o \u00e9 prestado diretamente, por interm\u00e9dio da Empresa Brasileira de Correios e Tel\u00e9grafos &#8211; no meu ponto de vista, este \u00e9 o gabarito.<\/p>\n<p>e) disp\u00f5e a CF que compete \u00e0 Uni\u00e3o: &#8220;explorar, diretamente ou mediante autoriza\u00e7\u00e3o, concess\u00e3o ou permiss\u00e3o: a) os servi\u00e7os de radiodifus\u00e3o sonora, e de sons e imagens&#8221; (CF, art. 25, II). Portanto, este servi\u00e7o tamb\u00e9m pode ser explorado de forma direta ou indireta &#8211; ERRADA.<\/p>\n<p>Logo, n\u00e3o h\u00e1 como discutir, a letra B est\u00e1 INCORRETA e n\u00e3o pode ser o gabarito da quest\u00e3o. Por isso, sugiro a interposi\u00e7\u00e3o de recurso com o objetivo de alterar o gabarito para letra D.<\/p>\n<p>Tamb\u00e9m \u00e9 poss\u00edvel recorrer simplesmente para anular a quest\u00e3o.<\/p>\n<p>Seguindo o entendimento de\u00a0Jos\u00e9 dos Santos Carvalho Filho, a presta\u00e7\u00e3o direta \u00e9 aquela:<\/p>\n<blockquote>\n<p>[&#8230;] atrav\u00e9s da qual o pr\u00f3prio Estado presta diretamente os servi\u00e7os p\u00fablicos. Acumula, pois, as situa\u00e7\u00f5es de titular e prestador do servi\u00e7o. As compet\u00eancias para essa fun\u00e7\u00e3o s\u00e3o distribu\u00eddas entre os diversos \u00f3rg\u00e3os que comp\u00f5em a estrutura administrativa da pessoa prestadora.<\/p>\n<p>O Estado deve ser entendido aqui no sentido de pessoa federativa. Assim, pode-se dizer que a execu\u00e7\u00e3o direta dos servi\u00e7os p\u00fablicos est\u00e1 a cargo da Uni\u00e3o, dos Estados, dos Munic\u00edpios e do Distrito Federal atrav\u00e9s dos \u00f3rg\u00e3os integrantes de suas respectivas estruturas.<\/p>\n<\/blockquote>\n<p>Logo, a execu\u00e7\u00e3o direta \u00e9 aquela realizada pela <strong>administra\u00e7\u00e3o direta ou centralizada<\/strong>.<\/p>\n<p>Por outro lado, o autor diz que a execu\u00e7\u00e3o indireta \u00e9 aquela em que os servi\u00e7os &#8220;s\u00e3o prestados por entidades diversas das pessoas federativas&#8221;. Nesse caso, a presta\u00e7\u00e3o indireta \u00e9 aquela realizada por descentraliza\u00e7\u00e3o, que pode ocorrer por meio da <strong>&#8220;delega\u00e7\u00e3o legal&#8221;<\/strong> ou da &#8220;<strong>delega\u00e7\u00e3o negocial<\/strong>&#8220;. No primeiro caso temos a cria\u00e7\u00e3o de entidades administrativas, no segundo temos a delega\u00e7\u00e3o mediante permiss\u00e3o ou concess\u00e3o.<\/p>\n<p>No conceito de Carvalho Filho, nenhuma alternativa estaria correta, j\u00e1 que todos os casos podem ser prestados de forma direta ou indireta.<\/p>\n<p>Gabarito preliminar: letra B (recurso para anular ou alterar para D).<\/p>\n<p>Fontes:<\/p>\n<p>CARVALHO FILHO, Jos\u00e9 dos Santos. Manual de Direito Administrativo. 31\u00aa Edi\u00e7\u00e3o. S\u00e3o Paulo: Atlas, 2017 (pp. 359-360).<\/p>\n<p>ALEXANDRINO, Marcelo; PAULO, Vicente. Direito Administrativo Descomplicado. S\u00e3o Paulo: M\u00e9todo, 2017 (p. 836-837).<\/p>\n<p><strong>53. (Cespe &#8211; Auditor de Controle Interno\/CGE CE\/2019)<\/strong><\/p>\n<p><span style=\"color: #3366ff\"><em>Acerca das entidades paraestatais e do terceiro setor, assinale a op\u00e7\u00e3o correta.<\/em><\/span><br \/><span style=\"color: #3366ff\"><em>a) As organiza\u00e7\u00f5es da sociedade civil de interesse p\u00fablico (OSCIP) que firmem termo de parceria com a Uni\u00e3o devem contratar mediante processo licitat\u00f3rio.<\/em><\/span><br \/><span style=\"color: #3366ff\"><em>b) A outorga de qualifica\u00e7\u00e3o como organiza\u00e7\u00e3o social \u00e9 vinculada, desde que sejam atendidos os requisitos legais.<\/em><\/span><br \/><span style=\"color: #3366ff\"><em>c) Os servi\u00e7os sociais aut\u00f4nomos executam essencialmente servi\u00e7os p\u00fablicos.<\/em><\/span><br \/><span style=\"color: #3366ff\"><em>d) Os servi\u00e7os sociais aut\u00f4nomos s\u00e3o custeados pelas contribui\u00e7\u00f5es de seus associados, incidindo impostos sobre esses servi\u00e7os.<\/em><\/span><br \/><span style=\"color: #3366ff\"><em>e) Os servi\u00e7os sociais aut\u00f4nomos s\u00e3o criados por meio de decreto.<\/em><\/span><\/p>\n<p><span style=\"color: #000000\"><strong>Coment\u00e1rio<\/strong>: no gabarito extraoficial, eu fui bastante enf\u00e1tico ao afirmar que n\u00e3o existia gabarito correto nesta quest\u00e3o. Ent\u00e3o, eu j\u00e1 havia afirmado que a quest\u00e3o seria pass\u00edvel de recurso.<\/span><\/p>\n<p>Por\u00e9m, como era para &#8220;chutar&#8221; uma resposta, eu falei que acreditava que seria a letra C.<\/p>\n<p>No entanto, reconhe\u00e7o que eu fiz uma pequena confus\u00e3o entre Oscip e servi\u00e7o social aut\u00f4nomo. N\u00e3o notei que a letra A tratava de entidade distinta das alternatvas C, D e E. Mesmo assim, continuo defendendo que cabe recurso, pois a alternativa indicada pela banca est\u00e1 incorreta.<\/p>\n<p>Vamos ent\u00e3o justificar o erro da letra A da quest\u00e3o da prova da CGE.\u00a0<\/p>\n<p>Segundo a Lei 9.790\/1999 (Lei das Oscips):<\/p>\n<blockquote>\n<p>Art. 14. A organiza\u00e7\u00e3o parceira far\u00e1 publicar, no prazo m\u00e1ximo de trinta dias, contado da assinatura do Termo de Parceria, <strong>regulamento pr\u00f3prio contendo os procedimentos que adotar\u00e1 para a contrata\u00e7\u00e3o de obras e servi\u00e7os<\/strong>, bem como para compras com emprego de recursos provenientes do Poder P\u00fablico, observados os princ\u00edpios estabelecidos no inciso I do art. 4<sup><u>o<\/u><\/sup>\u00a0desta Lei.<\/p>\n<\/blockquote>\n<p>Logo, expressamente, as Oscips n\u00e3o seguem a Lei de Licita\u00e7\u00f5es. Portanto, elas n\u00e3o licitam, mas apenas promovem um procedimento de contrata\u00e7\u00e3o, com base em seu regulamento pr\u00f3prio.<\/p>\n<p>J\u00e1 houve entendimento no TCU de que as Oscips deveriam licitar. O entendimento era amparado nas disposi\u00e7\u00f5es do Decreto 5.504\/2005, que expressamente determinava a realiza\u00e7\u00e3o de licita\u00e7\u00e3o por parte das OS e Oscips, quando: &#8220;<span style=\"text-decoration: line-through\">relativamente aos recursos por elas administrados oriundos de repasses da Uni\u00e3o, em face dos respectivos contratos de gest\u00e3o ou termos de parceria&#8221;.<\/span><\/p>\n<p>O dispositivo, entretanto, foi REVOGADO pelo Decreto 9.190\/2017. Com efeito, podemos ainda utilizar o julgamento da ADI 1.923, no \u00e2mbito do STF. O objeto da mencionada ADI era a Lei das Organiza\u00e7\u00f5es Sociais, mas o entendimento l\u00e1 exarado nos d\u00e1 uma boa ideia do regime a ser aplicado \u00e0s Oscips. Segundo o STF, as organiza\u00e7\u00f5es sociais n\u00e3o realizam licita\u00e7\u00e3o, pois a Lei de Licita\u00e7\u00f5es destina-se apenas aos \u00f3rg\u00e3os e entidades da administra\u00e7\u00e3o p\u00fablica. Assim, as OS devem promover suas contrata\u00e7\u00f5es, quando utilizarem recursos p\u00fablicos, por procedimento &#8220;conduzido de forma p\u00fablica, objetiva e impessoal, com observ\u00e2ncia dos princ\u00edpios constitucionais que regem a Administra\u00e7\u00e3o P\u00fablica&#8221; (STF, ADI 1923, julgada em 16\/4\/2015).<\/p>\n<p>A mesma l\u00f3gica poderia ser levada \u00e0s Oscips, pois elas tamb\u00e9m s\u00e3o entidades privadas sem fins lucrativos. Digo mais: no regime jur\u00eddico das Oscips \u00e9 ainda mais claro que tais entidades n\u00e3o devem licitar, diante da previs\u00e3o expressa do art. 14 da Lei 9.790\/1999.<\/p>\n<p>Por fim, no \u00e2mbito do TCU o antigo entendimento sobre a necessidade de promover licita\u00e7\u00f5es tamb\u00e9m foi superado:<\/p>\n<blockquote>\n<p>Ac\u00f3rd\u00e3o 1.777\/2005-TCU\/Plen\u00e1rio: [&#8230;] as Organiza\u00e7\u00f5es da Sociedade Civil de Interesse P\u00fablico &#8211; Oscips, contratadas pela Administra\u00e7\u00e3o P\u00fablica Federal, por interm\u00e9dio de Termos de Parceria, submetem-se ao Regulamento Pr\u00f3prio de contrata\u00e7\u00e3o de obras e servi\u00e7os, bem como para compras com emprego de recursos provenientes do Poder P\u00fablico, observados os princ\u00edpios da legalidade, impessoalidade, moralidade, publicidade, economicidade e da efici\u00eancia, nos termos do art. 14, c\/c o art. 4\u00ba, inciso I, todos da Lei 9.790\/99.<\/p>\n<\/blockquote>\n<p>Portanto, a letra A est\u00e1 nitidamente incorreta.<\/p>\n<p>No gabarito extraoficial, eu indiquei que nenhuma alternativa estaria correta, mas disse que, na prova, eu marcaria a letra C, por ser &#8220;a menos errada&#8221;.<\/p>\n<p>Por\u00e9m, ainda assim, a alternativa merece reparos. Segundo Maria Di Pietro, os servi\u00e7os sociais aut\u00f4nomos &#8220;n\u00e3o prestam servi\u00e7o p\u00fablico delegado pelo Estado, mas atividade de interesse p\u00fablico&#8221;. Acredito que esse trecho j\u00e1 seja suficiente para considerar a op\u00e7\u00e3o tamb\u00e9m como errada.<\/p>\n<p>Dessa forma, todas as alternativas est\u00e3o incorretas, motivo pelo qual a quest\u00e3o merece ser anulada.\u00a0<\/p>\n<p>Observa\u00e7\u00e3o: recentemente, vem surgindo um novo tipo de entidades denominadas servi\u00e7os sociais aut\u00f4nomos. S\u00e3o entidades criadas mediante autoriza\u00e7\u00e3o em lei, mas institu\u00eddas pelo pr\u00f3prio Poder Executivo. Elas recebem dota\u00e7\u00f5es diretamente do or\u00e7amento e n\u00e3o comp\u00f5em formalmente a administra\u00e7\u00e3o p\u00fablica indireta. H\u00e1 bastante cr\u00edtica na doutrina quanto \u00e0 cria\u00e7\u00e3o dessas entidades, pois elas s\u00e3o institu\u00eddas pelo poder p\u00fablico, dependem do or\u00e7amento p\u00fablico para a realiza\u00e7\u00e3o de suas atividades e, simplesmente, n\u00e3o comp\u00f5em a administra\u00e7\u00e3o p\u00fablica.<\/p>\n<p>Esse grupo mais recente de servi\u00e7os sociais aut\u00f4nomos realiza servi\u00e7os de natureza p\u00fablica, semelhante \u00e0s atividades das entidades da administra\u00e7\u00e3o indireta. Por\u00e9m, o sentido das atividades dessas entidades \u00e9 bastante gen\u00e9rico, sendo dif\u00edcil enquadrar (ou n\u00e3o) no conceito de servi\u00e7o p\u00fablico, j\u00e1 que novamente ter\u00edamos que nos deparar com o sentido da express\u00e3o &#8220;servi\u00e7o p\u00fablico&#8221;. Por isso, mesmo nesse novo conceito, entendo que a letra C tamb\u00e9m estaria errada.<\/p>\n<p>Gabarito preliminar: letra A (proposta de recurso para anula\u00e7\u00e3o).<\/p>\n<p>Por enquanto, \u00e9 isso pessoal! Espero que o artigo acima ajude na compreens\u00e3o do tema e tamb\u00e9m na formula\u00e7\u00e3o dos recursos.<\/p>\n<p><\/p>\n<p>N\u00e3o se esque\u00e7am de nos acompanhar nas redes sociais. Para isso, basta escanear a tag a seguir:<\/p>\n<p> <\/p>\n<div class=\"wp-block-image\">\n<figure class=\"aligncenter is-resized\"><a href=\"https:\/\/www.instagram.com\/profherbertalmeida\/\" target=\"_blank\" rel=\"noreferrer noopener\"><img loading=\"lazy\" decoding=\"async\" class=\"wp-image-149376\" src=\"https:\/\/dhg1h5j42swfq.cloudfront.net\/2018\/01\/29210516\/tag-instagram-profherbertalmeida.jpeg\" alt=\"\" width=\"301\" height=\"312\" srcset=\"https:\/\/dhg1h5j42swfq.cloudfront.net\/2018\/01\/29210516\/tag-instagram-profherbertalmeida.jpeg 743w, https:\/\/dhg1h5j42swfq.cloudfront.net\/2018\/01\/29210516\/tag-instagram-profherbertalmeida.jpeg 289w, https:\/\/dhg1h5j42swfq.cloudfront.net\/2018\/01\/29210516\/tag-instagram-profherbertalmeida.jpeg 610w\" sizes=\"auto, (max-width: 301px) 100vw, 301px\" \/><\/a><\/figure>\n<\/div>\n<p> <\/p>\n<p>Para se inscrever no nosso canal no Youtube, basta escanear o QRCODE abaixo:<\/p>\n<p> <\/p>\n<div class=\"wp-block-image\">\n<figure class=\"aligncenter is-resized\"><a href=\"https:\/\/www.youtube.com\/profherbertalmeida\" target=\"_blank\" rel=\"noreferrer noopener\"><img loading=\"lazy\" decoding=\"async\" class=\"wp-image-149561\" src=\"https:\/\/dhg1h5j42swfq.cloudfront.net\/2018\/10\/30182004\/qr-code.png\" alt=\"\" width=\"296\" height=\"296\" srcset=\"https:\/\/dhg1h5j42swfq.cloudfront.net\/2018\/10\/30182004\/qr-code.png 1148w, https:\/\/dhg1h5j42swfq.cloudfront.net\/2018\/10\/30182004\/qr-code.png 150w, https:\/\/dhg1h5j42swfq.cloudfront.net\/2018\/10\/30182004\/qr-code.png 300w, https:\/\/dhg1h5j42swfq.cloudfront.net\/2018\/10\/30182004\/qr-code.png 768w, https:\/\/dhg1h5j42swfq.cloudfront.net\/2018\/10\/30182004\/qr-code.png 1024w, https:\/\/dhg1h5j42swfq.cloudfront.net\/2018\/10\/30182004\/qr-code.png 610w\" sizes=\"auto, (max-width: 296px) 100vw, 296px\" \/><\/a><\/figure>\n<\/div>\n<p> <\/p>\n<p>Ou se preferir, pode fazer pelo modo tradicional:<\/p>\n<p> <\/p>\n<p><a href=\"http:\/\/www.youtube.com\/profherbertalmeida\" target=\"_blank\" rel=\"noreferrer noopener\" aria-label=\"www.youtube.com\/profherbertalmeida (opens in a new tab)\">www.youtube.com\/profherbertalmeida<\/a><\/p>\n<p> <\/p>\n<p><a href=\"http:\/\/www.instagram\/profherbertalmeida\" target=\"_blank\" rel=\"noreferrer noopener\" aria-label=\"www.instagram\/profherbertalmeida (opens in a new tab)\">www.instagram\/profherbertalmeida<\/a><\/p>\n<p> <\/p>\n<p><a href=\"http:\/\/www.facebook.com\/profherbertalmeida\" target=\"_blank\" rel=\"noreferrer noopener\" aria-label=\"www.facebook.com\/profherbertalmeida (opens in a new tab)\">www.facebook.com\/profherbertalmeida<\/a><\/p>\n<p> <\/p>\n<p>Um grande abra\u00e7o e at\u00e9 a pr\u00f3xima!<\/p>\n<p> <\/p>\n<p>Herbert Almeida<\/p>\n<p> <\/p>\n<p>Gabarito CGE CE Direito Administrativo<\/p>\n<p><\/p>\n","protected":false},"excerpt":{"rendered":"","protected":false},"author":129,"featured_media":0,"comment_status":"open","ping_status":"closed","sticky":false,"template":"","format":"standard","meta":{"post_tipo":"article","footnotes":""},"categories":[1],"tags":[],"tax_estado":[],"class_list":["post-367579","post","type-post","status-publish","format-standard","hentry","category-cursos-e-concursos"],"acf":[],"yoast_head":"<!-- This site is optimized with the Yoast SEO Premium plugin v27.2 (Yoast SEO v27.2) - https:\/\/yoast.com\/product\/yoast-seo-premium-wordpress\/ -->\n<title>Gabarito CGE CE Direito Administrativo - recursos<\/title>\n<meta name=\"description\" content=\"Gabarito CGE CE Direito Administrativo. Coment\u00e1rio das quest\u00f5es e proposta de recurso, na prova de Auditor de Controle Interno, organizada pelo Cespe.\" \/>\n<meta name=\"robots\" content=\"index, follow, max-snippet:-1, max-image-preview:large, max-video-preview:-1\" \/>\n<link rel=\"canonical\" href=\"https:\/\/www.estrategiaconcursos.com.br\/blog\/gabarito-cge-ce-direito-administrativo\/\" \/>\n<meta property=\"og:locale\" content=\"pt_BR\" \/>\n<meta property=\"og:type\" content=\"article\" \/>\n<meta property=\"og:title\" content=\"Gabarito CGE CE Direito Administrativo - recursos\" \/>\n<meta property=\"og:description\" content=\"Gabarito CGE CE Direito Administrativo. Coment\u00e1rio das quest\u00f5es e proposta de recurso, na prova de Auditor de Controle Interno, organizada pelo Cespe.\" \/>\n<meta property=\"og:url\" content=\"https:\/\/www.estrategiaconcursos.com.br\/blog\/gabarito-cge-ce-direito-administrativo\/\" \/>\n<meta property=\"og:site_name\" content=\"Estrat\u00e9gia Concursos\" \/>\n<meta property=\"article:published_time\" content=\"2019-05-01T22:46:09+00:00\" \/>\n<meta property=\"article:modified_time\" content=\"2019-05-02T13:32:18+00:00\" \/>\n<meta property=\"og:image\" content=\"https:\/\/www.estrategiaconcursos.com.br\/blog\/wp-content\/uploads\/2018\/01\/tag-instagram-profherbertalmeida.jpeg\" \/>\n<meta name=\"author\" content=\"Herbert Almeida\" \/>\n<meta name=\"twitter:card\" content=\"summary_large_image\" \/>\n<meta name=\"twitter:creator\" content=\"@EstratConcursos\" \/>\n<meta name=\"twitter:site\" content=\"@EstratConcursos\" \/>\n<meta name=\"twitter:label1\" content=\"Escrito por\" \/>\n\t<meta name=\"twitter:data1\" content=\"Herbert Almeida\" \/>\n\t<meta name=\"twitter:label2\" content=\"Est. tempo de leitura\" \/>\n\t<meta name=\"twitter:data2\" content=\"10 minutos\" \/>\n<script type=\"application\/ld+json\" class=\"yoast-schema-graph\">{\"@context\":\"https:\/\/schema.org\",\"@graph\":[{\"@type\":\"NewsArticle\",\"@id\":\"https:\/\/www.estrategiaconcursos.com.br\/blog\/gabarito-cge-ce-direito-administrativo\/#article\",\"isPartOf\":{\"@id\":\"https:\/\/www.estrategiaconcursos.com.br\/blog\/gabarito-cge-ce-direito-administrativo\/\"},\"author\":{\"name\":\"Herbert Almeida\",\"@id\":\"https:\/\/www.estrategiaconcursos.com.br\/blog\/#\/schema\/person\/59717c75350fa01aa0fd68a52a8d02e0\"},\"headline\":\"Gabarito CGE CE Direito Administrativo &#8211; recursos\",\"datePublished\":\"2019-05-01T22:46:09+00:00\",\"dateModified\":\"2019-05-02T13:32:18+00:00\",\"mainEntityOfPage\":{\"@id\":\"https:\/\/www.estrategiaconcursos.com.br\/blog\/gabarito-cge-ce-direito-administrativo\/\"},\"wordCount\":2098,\"commentCount\":1,\"publisher\":{\"@id\":\"https:\/\/www.estrategiaconcursos.com.br\/blog\/#organization\"},\"image\":{\"@id\":\"https:\/\/www.estrategiaconcursos.com.br\/blog\/gabarito-cge-ce-direito-administrativo\/#primaryimage\"},\"thumbnailUrl\":\"https:\/\/www.estrategiaconcursos.com.br\/blog\/wp-content\/uploads\/2018\/01\/tag-instagram-profherbertalmeida.jpeg\",\"articleSection\":[\"Concursos P\u00fablicos\"],\"inLanguage\":\"pt-BR\",\"potentialAction\":[{\"@type\":\"CommentAction\",\"name\":\"Comment\",\"target\":[\"https:\/\/www.estrategiaconcursos.com.br\/blog\/gabarito-cge-ce-direito-administrativo\/#respond\"]}],\"copyrightYear\":\"2019\",\"copyrightHolder\":{\"@id\":\"https:\/\/www.estrategiaconcursos.com.br\/blog\/#organization\"}},{\"@type\":\"WebPage\",\"@id\":\"https:\/\/www.estrategiaconcursos.com.br\/blog\/gabarito-cge-ce-direito-administrativo\/\",\"url\":\"https:\/\/www.estrategiaconcursos.com.br\/blog\/gabarito-cge-ce-direito-administrativo\/\",\"name\":\"Gabarito CGE CE Direito Administrativo - recursos\",\"isPartOf\":{\"@id\":\"https:\/\/www.estrategiaconcursos.com.br\/blog\/#website\"},\"primaryImageOfPage\":{\"@id\":\"https:\/\/www.estrategiaconcursos.com.br\/blog\/gabarito-cge-ce-direito-administrativo\/#primaryimage\"},\"image\":{\"@id\":\"https:\/\/www.estrategiaconcursos.com.br\/blog\/gabarito-cge-ce-direito-administrativo\/#primaryimage\"},\"thumbnailUrl\":\"https:\/\/www.estrategiaconcursos.com.br\/blog\/wp-content\/uploads\/2018\/01\/tag-instagram-profherbertalmeida.jpeg\",\"datePublished\":\"2019-05-01T22:46:09+00:00\",\"dateModified\":\"2019-05-02T13:32:18+00:00\",\"description\":\"Gabarito CGE CE Direito Administrativo. Coment\u00e1rio das quest\u00f5es e proposta de recurso, na prova de Auditor de Controle Interno, organizada pelo Cespe.\",\"breadcrumb\":{\"@id\":\"https:\/\/www.estrategiaconcursos.com.br\/blog\/gabarito-cge-ce-direito-administrativo\/#breadcrumb\"},\"inLanguage\":\"pt-BR\",\"potentialAction\":[{\"@type\":\"ReadAction\",\"target\":[\"https:\/\/www.estrategiaconcursos.com.br\/blog\/gabarito-cge-ce-direito-administrativo\/\"]}]},{\"@type\":\"ImageObject\",\"inLanguage\":\"pt-BR\",\"@id\":\"https:\/\/www.estrategiaconcursos.com.br\/blog\/gabarito-cge-ce-direito-administrativo\/#primaryimage\",\"url\":\"https:\/\/dhg1h5j42swfq.cloudfront.net\/2018\/01\/29210516\/tag-instagram-profherbertalmeida.jpeg\",\"contentUrl\":\"https:\/\/dhg1h5j42swfq.cloudfront.net\/2018\/01\/29210516\/tag-instagram-profherbertalmeida.jpeg\",\"width\":743,\"height\":772},{\"@type\":\"BreadcrumbList\",\"@id\":\"https:\/\/www.estrategiaconcursos.com.br\/blog\/gabarito-cge-ce-direito-administrativo\/#breadcrumb\",\"itemListElement\":[{\"@type\":\"ListItem\",\"position\":1,\"name\":\"In\u00edcio\",\"item\":\"https:\/\/www.estrategiaconcursos.com.br\/blog\/\"},{\"@type\":\"ListItem\",\"position\":2,\"name\":\"Gabarito CGE CE Direito Administrativo &#8211; recursos\"}]},{\"@type\":\"WebSite\",\"@id\":\"https:\/\/www.estrategiaconcursos.com.br\/blog\/#website\",\"url\":\"https:\/\/www.estrategiaconcursos.com.br\/blog\/\",\"name\":\"Estrat\u00e9gia Concursos\",\"description\":\"O blog da Estrat\u00e9gia Concursos traz not\u00edcias sobre concursos e artigos de professores oferecendo cursos para concursos (pdf + videaulas) no site.\",\"publisher\":{\"@id\":\"https:\/\/www.estrategiaconcursos.com.br\/blog\/#organization\"},\"potentialAction\":[{\"@type\":\"SearchAction\",\"target\":{\"@type\":\"EntryPoint\",\"urlTemplate\":\"https:\/\/www.estrategiaconcursos.com.br\/blog\/?s={search_term_string}\"},\"query-input\":{\"@type\":\"PropertyValueSpecification\",\"valueRequired\":true,\"valueName\":\"search_term_string\"}}],\"inLanguage\":\"pt-BR\"},{\"@type\":\"Organization\",\"@id\":\"https:\/\/www.estrategiaconcursos.com.br\/blog\/#organization\",\"name\":\"Estrat\u00e9gia Concursos\",\"url\":\"https:\/\/www.estrategiaconcursos.com.br\/blog\/\",\"logo\":{\"@type\":\"ImageObject\",\"inLanguage\":\"pt-BR\",\"@id\":\"https:\/\/www.estrategiaconcursos.com.br\/blog\/#\/schema\/logo\/image\/\",\"url\":\"https:\/\/dhg1h5j42swfq.cloudfront.net\/2025\/06\/03203428\/logo_concursos-1.jpg\",\"contentUrl\":\"https:\/\/dhg1h5j42swfq.cloudfront.net\/2025\/06\/03203428\/logo_concursos-1.jpg\",\"width\":230,\"height\":60,\"caption\":\"Estrat\u00e9gia Concursos\"},\"image\":{\"@id\":\"https:\/\/www.estrategiaconcursos.com.br\/blog\/#\/schema\/logo\/image\/\"},\"sameAs\":[\"https:\/\/x.com\/EstratConcursos\"]},{\"@type\":\"Person\",\"@id\":\"https:\/\/www.estrategiaconcursos.com.br\/blog\/#\/schema\/person\/59717c75350fa01aa0fd68a52a8d02e0\",\"name\":\"Herbert Almeida\",\"image\":{\"@type\":\"ImageObject\",\"inLanguage\":\"pt-BR\",\"@id\":\"https:\/\/secure.gravatar.com\/avatar\/b6461a43893c24d5fc91efc433971ffec025c84c0341129f4578034d77f9a536?s=96&d=mm&r=g\",\"url\":\"https:\/\/secure.gravatar.com\/avatar\/b6461a43893c24d5fc91efc433971ffec025c84c0341129f4578034d77f9a536?s=96&d=mm&r=g\",\"contentUrl\":\"https:\/\/secure.gravatar.com\/avatar\/b6461a43893c24d5fc91efc433971ffec025c84c0341129f4578034d77f9a536?s=96&d=mm&r=g\",\"caption\":\"Herbert Almeida\"},\"url\":\"https:\/\/www.estrategiaconcursos.com.br\/blog\/author\/herbertestrategiaconcursos-com-br\/\"}]}<\/script>\n<!-- \/ Yoast SEO Premium plugin. -->","yoast_head_json":{"title":"Gabarito CGE CE Direito Administrativo - recursos","description":"Gabarito CGE CE Direito Administrativo. Coment\u00e1rio das quest\u00f5es e proposta de recurso, na prova de Auditor de Controle Interno, organizada pelo Cespe.","robots":{"index":"index","follow":"follow","max-snippet":"max-snippet:-1","max-image-preview":"max-image-preview:large","max-video-preview":"max-video-preview:-1"},"canonical":"https:\/\/www.estrategiaconcursos.com.br\/blog\/gabarito-cge-ce-direito-administrativo\/","og_locale":"pt_BR","og_type":"article","og_title":"Gabarito CGE CE Direito Administrativo - recursos","og_description":"Gabarito CGE CE Direito Administrativo. Coment\u00e1rio das quest\u00f5es e proposta de recurso, na prova de Auditor de Controle Interno, organizada pelo Cespe.","og_url":"https:\/\/www.estrategiaconcursos.com.br\/blog\/gabarito-cge-ce-direito-administrativo\/","og_site_name":"Estrat\u00e9gia Concursos","article_published_time":"2019-05-01T22:46:09+00:00","article_modified_time":"2019-05-02T13:32:18+00:00","og_image":[{"url":"https:\/\/www.estrategiaconcursos.com.br\/blog\/wp-content\/uploads\/2018\/01\/tag-instagram-profherbertalmeida.jpeg","type":"","width":"","height":""}],"author":"Herbert Almeida","twitter_card":"summary_large_image","twitter_creator":"@EstratConcursos","twitter_site":"@EstratConcursos","twitter_misc":{"Escrito por":"Herbert Almeida","Est. tempo de leitura":"10 minutos"},"schema":{"@context":"https:\/\/schema.org","@graph":[{"@type":"NewsArticle","@id":"https:\/\/www.estrategiaconcursos.com.br\/blog\/gabarito-cge-ce-direito-administrativo\/#article","isPartOf":{"@id":"https:\/\/www.estrategiaconcursos.com.br\/blog\/gabarito-cge-ce-direito-administrativo\/"},"author":{"name":"Herbert Almeida","@id":"https:\/\/www.estrategiaconcursos.com.br\/blog\/#\/schema\/person\/59717c75350fa01aa0fd68a52a8d02e0"},"headline":"Gabarito CGE CE Direito Administrativo &#8211; recursos","datePublished":"2019-05-01T22:46:09+00:00","dateModified":"2019-05-02T13:32:18+00:00","mainEntityOfPage":{"@id":"https:\/\/www.estrategiaconcursos.com.br\/blog\/gabarito-cge-ce-direito-administrativo\/"},"wordCount":2098,"commentCount":1,"publisher":{"@id":"https:\/\/www.estrategiaconcursos.com.br\/blog\/#organization"},"image":{"@id":"https:\/\/www.estrategiaconcursos.com.br\/blog\/gabarito-cge-ce-direito-administrativo\/#primaryimage"},"thumbnailUrl":"https:\/\/www.estrategiaconcursos.com.br\/blog\/wp-content\/uploads\/2018\/01\/tag-instagram-profherbertalmeida.jpeg","articleSection":["Concursos P\u00fablicos"],"inLanguage":"pt-BR","potentialAction":[{"@type":"CommentAction","name":"Comment","target":["https:\/\/www.estrategiaconcursos.com.br\/blog\/gabarito-cge-ce-direito-administrativo\/#respond"]}],"copyrightYear":"2019","copyrightHolder":{"@id":"https:\/\/www.estrategiaconcursos.com.br\/blog\/#organization"}},{"@type":"WebPage","@id":"https:\/\/www.estrategiaconcursos.com.br\/blog\/gabarito-cge-ce-direito-administrativo\/","url":"https:\/\/www.estrategiaconcursos.com.br\/blog\/gabarito-cge-ce-direito-administrativo\/","name":"Gabarito CGE CE Direito Administrativo - recursos","isPartOf":{"@id":"https:\/\/www.estrategiaconcursos.com.br\/blog\/#website"},"primaryImageOfPage":{"@id":"https:\/\/www.estrategiaconcursos.com.br\/blog\/gabarito-cge-ce-direito-administrativo\/#primaryimage"},"image":{"@id":"https:\/\/www.estrategiaconcursos.com.br\/blog\/gabarito-cge-ce-direito-administrativo\/#primaryimage"},"thumbnailUrl":"https:\/\/www.estrategiaconcursos.com.br\/blog\/wp-content\/uploads\/2018\/01\/tag-instagram-profherbertalmeida.jpeg","datePublished":"2019-05-01T22:46:09+00:00","dateModified":"2019-05-02T13:32:18+00:00","description":"Gabarito CGE CE Direito Administrativo. Coment\u00e1rio das quest\u00f5es e proposta de recurso, na prova de Auditor de Controle Interno, organizada pelo Cespe.","breadcrumb":{"@id":"https:\/\/www.estrategiaconcursos.com.br\/blog\/gabarito-cge-ce-direito-administrativo\/#breadcrumb"},"inLanguage":"pt-BR","potentialAction":[{"@type":"ReadAction","target":["https:\/\/www.estrategiaconcursos.com.br\/blog\/gabarito-cge-ce-direito-administrativo\/"]}]},{"@type":"ImageObject","inLanguage":"pt-BR","@id":"https:\/\/www.estrategiaconcursos.com.br\/blog\/gabarito-cge-ce-direito-administrativo\/#primaryimage","url":"https:\/\/dhg1h5j42swfq.cloudfront.net\/2018\/01\/29210516\/tag-instagram-profherbertalmeida.jpeg","contentUrl":"https:\/\/dhg1h5j42swfq.cloudfront.net\/2018\/01\/29210516\/tag-instagram-profherbertalmeida.jpeg","width":743,"height":772},{"@type":"BreadcrumbList","@id":"https:\/\/www.estrategiaconcursos.com.br\/blog\/gabarito-cge-ce-direito-administrativo\/#breadcrumb","itemListElement":[{"@type":"ListItem","position":1,"name":"In\u00edcio","item":"https:\/\/www.estrategiaconcursos.com.br\/blog\/"},{"@type":"ListItem","position":2,"name":"Gabarito CGE CE Direito Administrativo &#8211; recursos"}]},{"@type":"WebSite","@id":"https:\/\/www.estrategiaconcursos.com.br\/blog\/#website","url":"https:\/\/www.estrategiaconcursos.com.br\/blog\/","name":"Estrat\u00e9gia Concursos","description":"O blog da Estrat\u00e9gia Concursos traz not\u00edcias sobre concursos e artigos de professores oferecendo cursos para concursos (pdf + videaulas) no site.","publisher":{"@id":"https:\/\/www.estrategiaconcursos.com.br\/blog\/#organization"},"potentialAction":[{"@type":"SearchAction","target":{"@type":"EntryPoint","urlTemplate":"https:\/\/www.estrategiaconcursos.com.br\/blog\/?s={search_term_string}"},"query-input":{"@type":"PropertyValueSpecification","valueRequired":true,"valueName":"search_term_string"}}],"inLanguage":"pt-BR"},{"@type":"Organization","@id":"https:\/\/www.estrategiaconcursos.com.br\/blog\/#organization","name":"Estrat\u00e9gia Concursos","url":"https:\/\/www.estrategiaconcursos.com.br\/blog\/","logo":{"@type":"ImageObject","inLanguage":"pt-BR","@id":"https:\/\/www.estrategiaconcursos.com.br\/blog\/#\/schema\/logo\/image\/","url":"https:\/\/dhg1h5j42swfq.cloudfront.net\/2025\/06\/03203428\/logo_concursos-1.jpg","contentUrl":"https:\/\/dhg1h5j42swfq.cloudfront.net\/2025\/06\/03203428\/logo_concursos-1.jpg","width":230,"height":60,"caption":"Estrat\u00e9gia Concursos"},"image":{"@id":"https:\/\/www.estrategiaconcursos.com.br\/blog\/#\/schema\/logo\/image\/"},"sameAs":["https:\/\/x.com\/EstratConcursos"]},{"@type":"Person","@id":"https:\/\/www.estrategiaconcursos.com.br\/blog\/#\/schema\/person\/59717c75350fa01aa0fd68a52a8d02e0","name":"Herbert Almeida","image":{"@type":"ImageObject","inLanguage":"pt-BR","@id":"https:\/\/secure.gravatar.com\/avatar\/b6461a43893c24d5fc91efc433971ffec025c84c0341129f4578034d77f9a536?s=96&d=mm&r=g","url":"https:\/\/secure.gravatar.com\/avatar\/b6461a43893c24d5fc91efc433971ffec025c84c0341129f4578034d77f9a536?s=96&d=mm&r=g","contentUrl":"https:\/\/secure.gravatar.com\/avatar\/b6461a43893c24d5fc91efc433971ffec025c84c0341129f4578034d77f9a536?s=96&d=mm&r=g","caption":"Herbert Almeida"},"url":"https:\/\/www.estrategiaconcursos.com.br\/blog\/author\/herbertestrategiaconcursos-com-br\/"}]}},"_links":{"self":[{"href":"https:\/\/www.estrategiaconcursos.com.br\/blog\/wp-json\/wp\/v2\/posts\/367579","targetHints":{"allow":["GET"]}}],"collection":[{"href":"https:\/\/www.estrategiaconcursos.com.br\/blog\/wp-json\/wp\/v2\/posts"}],"about":[{"href":"https:\/\/www.estrategiaconcursos.com.br\/blog\/wp-json\/wp\/v2\/types\/post"}],"author":[{"embeddable":true,"href":"https:\/\/www.estrategiaconcursos.com.br\/blog\/wp-json\/wp\/v2\/users\/129"}],"replies":[{"embeddable":true,"href":"https:\/\/www.estrategiaconcursos.com.br\/blog\/wp-json\/wp\/v2\/comments?post=367579"}],"version-history":[{"count":3,"href":"https:\/\/www.estrategiaconcursos.com.br\/blog\/wp-json\/wp\/v2\/posts\/367579\/revisions"}],"predecessor-version":[{"id":367718,"href":"https:\/\/www.estrategiaconcursos.com.br\/blog\/wp-json\/wp\/v2\/posts\/367579\/revisions\/367718"}],"wp:attachment":[{"href":"https:\/\/www.estrategiaconcursos.com.br\/blog\/wp-json\/wp\/v2\/media?parent=367579"}],"wp:term":[{"taxonomy":"category","embeddable":true,"href":"https:\/\/www.estrategiaconcursos.com.br\/blog\/wp-json\/wp\/v2\/categories?post=367579"},{"taxonomy":"post_tag","embeddable":true,"href":"https:\/\/www.estrategiaconcursos.com.br\/blog\/wp-json\/wp\/v2\/tags?post=367579"},{"taxonomy":"tax_estado","embeddable":true,"href":"https:\/\/www.estrategiaconcursos.com.br\/blog\/wp-json\/wp\/v2\/tax_estado?post=367579"}],"curies":[{"name":"wp","href":"https:\/\/api.w.org\/{rel}","templated":true}]}}