{"id":367198,"date":"2019-05-06T01:00:47","date_gmt":"2019-05-06T04:00:47","guid":{"rendered":"https:\/\/www.estrategiaconcursos.com.br\/blog\/?p=367198"},"modified":"2019-05-06T10:06:35","modified_gmt":"2019-05-06T13:06:35","slug":"concurso-ifmg-datas-alteradas","status":"publish","type":"post","link":"https:\/\/www.estrategiaconcursos.com.br\/blog\/concurso-ifmg-datas-alteradas\/","title":{"rendered":"Concurso IFMG: encerrado o prazo de inscri\u00e7\u00f5es do certame"},"content":{"rendered":"\n<p>O concurso do Instituto Federal e Minas Gerais teve seu prazo de inscri\u00e7\u00f5es encerrados neste domingo, 05 de maio de 2019. <\/p>\n\n\n\n<p>Vale lembrar que aconteceram algumas retifica\u00e7\u00f5es no edital alterando algumas de suas datas, entre as principais, o prazo final para inscri\u00e7\u00f5es e a data de realiza\u00e7\u00e3o da prova objetiva. Confira abaixo as principais mudan\u00e7as no certame.<\/p>\n\n\n\n<h3 class=\"wp-block-heading\">Inscri\u00e7\u00f5es:<\/h3>\n\n\n\n<p>O prazo para garantir a inscri\u00e7\u00e3o havia sido prorrogado at\u00e9 o domingo (5) com o pagamento estendido at\u00e9 a data do dia 06 de maio devendo ser realizado no Banco do Brasil.<\/p>\n\n\n\n<h3 class=\"wp-block-heading\">Isen\u00e7\u00e3o da taxa:<\/h3>\n\n\n\n<p>O candidato que, em raz\u00e3o de limita\u00e7\u00f5es de ordem financeira, n\u00e3o puder arcar com o pagamento do valor de inscri\u00e7\u00e3o, sob pena de comprometimento do sustento pr\u00f3prio e de sua fam\u00edlia, poder\u00e1 requerer isen\u00e7\u00e3o do pagamento do valor de inscri\u00e7\u00e3o, exclusivamente pela internet, no per\u00edodo de <strong>25 de abril <\/strong>a <strong>29 de abril <\/strong>considerando como hor\u00e1rio oficial o de Bras\u00edlia\/DF. <\/p>\n\n\n\n<h3 class=\"wp-block-heading\">Prova objetiva:<\/h3>\n\n\n\n<p>A Prova Objetiva para todos os cargos, n\u00edveis e campi ser\u00e1 realizada no dia <strong>14 de julho<\/strong>, domingo, com in\u00edcio \u00e0s 13:00h, hor\u00e1rio de Bras\u00edlia, com dura\u00e7\u00e3o de 4 horas. O endere\u00e7o do local de realiza\u00e7\u00e3o das provas ser\u00e1 definido posteriormente divulgado na data prov\u00e1vel do dia 1\u00ba de julho no site da institui\u00e7\u00e3o. <\/p>\n\n\n\n<h3 class=\"wp-block-heading\">Conte\u00fado Program\u00e1tico:<\/h3>\n\n\n\n<p>Al\u00e9m da altera\u00e7\u00e3o das datas, tamb\u00e9m foi divulgado recentemente, o conte\u00fado program\u00e1tico dos concursos. Todos os documentos com as datas retificadas e os conte\u00fados que ser\u00e3o cobrados nas provas est\u00e3o dispon\u00edveis para download ao final desta p\u00e1gina.<\/p>\n\n\n\n<p style=\"text-align:center\"><em>Para conferir todas as informa\u00e7\u00f5es sobre o concurso IFMG, acesse o link a seguir:<\/em><\/p>\n\n\n\n<p style=\"font-size:22px;text-align:center\" class=\"has-background has-very-light-gray-background-color\"><span style=\"text-decoration: underline\" class=\"underline\"><em><a rel=\"noreferrer noopener\" aria-label=\"Concurso UFMG (opens in a new tab)\" href=\"https:\/\/www.estrategiaconcursos.com.br\/blog\/edital-ifmg-2019\/\" target=\"_blank\">Concurso IFMG<\/a><\/em><\/span><\/p>\n\n\n\n<p style=\"text-align:center\"><br \/><em><strong>Assinatura Anual Ilimitada*<\/strong><\/em><\/p>\n\n\n\n<p style=\"text-align:center\"><em>Prepare-se com o melhor material e com quem mais aprova em Concursos P\u00fablicos em todo o pa\u00eds. Assine agora a nossa Assinatura Anual e tenha acesso ilimitado* a todos os nossos cursos.<\/em><\/p>\n\n\n\n<p style=\"text-align:center\" class=\"has-background has-light-green-cyan-background-color\"><strong>ASSINE AGORA<\/strong>&nbsp;\u2013&nbsp;<a rel=\"noreferrer noopener\" href=\"https:\/\/www.estrategiaconcursos.com.br\/assinaturas\/\" target=\"_blank\"><strong>Assinatura Ilimitada<\/strong><\/a><\/p>\n\n\n\n<p> <br \/>\u25ba<strong>Retifica\u00e7\u00f5es:<\/strong><br \/><span style=\"text-decoration: underline\" class=\"underline\"><a rel=\"noreferrer noopener\" aria-label=\"Edital 45\/2019 (opens in a new tab)\" href=\"https:\/\/dhg1h5j42swfq.cloudfront.net\/2019\/04\/30092443\/1322_sei_23208.001300_2019_01_1_-_retificacao_03.pdf\" target=\"_blank\">Edital 45\/2019<\/a><\/span><br \/><span style=\"text-decoration: underline\" class=\"underline\"><a rel=\"noreferrer noopener\" aria-label=\"Edital 46\/2019 (opens in a new tab)\" href=\"https:\/\/dhg1h5j42swfq.cloudfront.net\/2019\/04\/30092446\/8443_sei_23208.001306_2019_71_1_-_retificacao_02.pdf\" target=\"_blank\">Edital 46\/2019<\/a><\/span><\/p>\n\n\n\n<p>\u25ba<strong>Conte\u00fado program\u00e1tico:<\/strong><br \/><span style=\"text-decoration: underline\" class=\"underline\"><a href=\"https:\/\/dhg1h5j42swfq.cloudfront.net\/2019\/04\/30094315\/9839_conteudo_programatico_-_ed_045-2019_-_ii.pdf\" target=\"_blank\" rel=\"noreferrer noopener\" aria-label=\"Edital 45\/2019\n (opens in a new tab)\">Edital 45\/2019<br \/><\/a><a rel=\"noreferrer noopener\" aria-label=\"Edital 46\/2019  (opens in a new tab)\" href=\"https:\/\/dhg1h5j42swfq.cloudfront.net\/2019\/04\/30094312\/5908_conteudo_programatico_-_ed_046-2019_-_ultimo.pdf\" target=\"_blank\">Edital 46\/2019<\/a><\/span><a rel=\"noreferrer noopener\" aria-label=\"Edital 46\/2019  (opens in a new tab)\" href=\"https:\/\/dhg1h5j42swfq.cloudfront.net\/2019\/04\/30094312\/5908_conteudo_programatico_-_ed_046-2019_-_ultimo.pdf\" target=\"_blank\"> <\/a><br \/><\/p>\n\n\n\n<p><br \/><em>Ascom Estrat\u00e9gia<br \/><\/em>ascomestrategia@gmail.com<\/p>\n","protected":false},"excerpt":{"rendered":"<p>O concurso do Instituto Federal e Minas Gerais teve seu prazo de inscri\u00e7\u00f5es encerrados neste domingo, 05 de maio de 2019. Vale lembrar que aconteceram algumas retifica\u00e7\u00f5es no edital alterando algumas de suas datas, entre as principais, o prazo final para inscri\u00e7\u00f5es e a data de realiza\u00e7\u00e3o da prova objetiva. Confira abaixo as principais mudan\u00e7as [&hellip;]<\/p>\n","protected":false},"author":741,"featured_media":367215,"comment_status":"open","ping_status":"closed","sticky":false,"template":"","format":"standard","meta":{"post_tipo":"article","footnotes":""},"categories":[1],"tags":[],"tax_estado":[],"class_list":["post-367198","post","type-post","status-publish","format-standard","has-post-thumbnail","hentry","category-cursos-e-concursos"],"acf":[],"yoast_head":"<!-- This site is optimized with the Yoast SEO Premium plugin v27.2 (Yoast SEO v27.2) - https:\/\/yoast.com\/product\/yoast-seo-premium-wordpress\/ -->\n<title>Concurso IFMG: encerrado o prazo de inscri\u00e7\u00f5es do certame<\/title>\n<meta name=\"description\" content=\"Concurso IFMG 2019: prazo para as inscri\u00e7\u00f5es do certame foi encerrado neste domingo (5) de maio; Saiba mais neste artigo!!!\" \/>\n<meta name=\"robots\" content=\"index, follow, max-snippet:-1, max-image-preview:large, max-video-preview:-1\" \/>\n<link rel=\"canonical\" href=\"https:\/\/www.estrategiaconcursos.com.br\/blog\/concurso-ifmg-datas-alteradas\/\" \/>\n<meta property=\"og:locale\" content=\"pt_BR\" \/>\n<meta property=\"og:type\" content=\"article\" \/>\n<meta property=\"og:title\" content=\"Concurso IFMG: encerrado o prazo de inscri\u00e7\u00f5es do certame\" \/>\n<meta property=\"og:description\" content=\"Concurso IFMG 2019: prazo para as inscri\u00e7\u00f5es do certame foi encerrado neste domingo (5) de maio; Saiba mais neste artigo!!!\" \/>\n<meta property=\"og:url\" content=\"https:\/\/www.estrategiaconcursos.com.br\/blog\/concurso-ifmg-datas-alteradas\/\" \/>\n<meta property=\"og:site_name\" content=\"Estrat\u00e9gia Concursos\" \/>\n<meta property=\"article:published_time\" content=\"2019-05-06T04:00:47+00:00\" \/>\n<meta property=\"article:modified_time\" content=\"2019-05-06T13:06:35+00:00\" \/>\n<meta property=\"og:image\" content=\"https:\/\/dhg1h5j42swfq.cloudfront.net\/2019\/04\/30092743\/jorna-voz-ativa-ouro-preto-mg-vagas-de-emprego-professor-ifmg-e1556627272252.png\" \/>\n\t<meta property=\"og:image:width\" content=\"400\" \/>\n\t<meta property=\"og:image:height\" content=\"282\" \/>\n\t<meta property=\"og:image:type\" content=\"image\/png\" \/>\n<meta name=\"author\" content=\"Brunno Lima\" \/>\n<meta name=\"twitter:card\" content=\"summary_large_image\" \/>\n<meta name=\"twitter:creator\" content=\"@EstratConcursos\" \/>\n<meta name=\"twitter:site\" content=\"@EstratConcursos\" \/>\n<meta name=\"twitter:label1\" content=\"Escrito por\" \/>\n\t<meta name=\"twitter:data1\" content=\"Brunno Lima\" \/>\n\t<meta name=\"twitter:label2\" content=\"Est. tempo de leitura\" \/>\n\t<meta name=\"twitter:data2\" content=\"2 minutos\" \/>\n<script type=\"application\/ld+json\" class=\"yoast-schema-graph\">{\"@context\":\"https:\/\/schema.org\",\"@graph\":[{\"@type\":\"NewsArticle\",\"@id\":\"https:\/\/www.estrategiaconcursos.com.br\/blog\/concurso-ifmg-datas-alteradas\/#article\",\"isPartOf\":{\"@id\":\"https:\/\/www.estrategiaconcursos.com.br\/blog\/concurso-ifmg-datas-alteradas\/\"},\"author\":{\"name\":\"Brunno Lima\",\"@id\":\"https:\/\/www.estrategiaconcursos.com.br\/blog\/#\/schema\/person\/2865ec132c3404c9912015dd7a24eb1e\"},\"headline\":\"Concurso IFMG: encerrado o prazo de inscri\u00e7\u00f5es do certame\",\"datePublished\":\"2019-05-06T04:00:47+00:00\",\"dateModified\":\"2019-05-06T13:06:35+00:00\",\"mainEntityOfPage\":{\"@id\":\"https:\/\/www.estrategiaconcursos.com.br\/blog\/concurso-ifmg-datas-alteradas\/\"},\"wordCount\":366,\"commentCount\":0,\"publisher\":{\"@id\":\"https:\/\/www.estrategiaconcursos.com.br\/blog\/#organization\"},\"image\":{\"@id\":\"https:\/\/www.estrategiaconcursos.com.br\/blog\/concurso-ifmg-datas-alteradas\/#primaryimage\"},\"thumbnailUrl\":\"https:\/\/dhg1h5j42swfq.cloudfront.net\/2019\/04\/30092743\/jorna-voz-ativa-ouro-preto-mg-vagas-de-emprego-professor-ifmg-e1556627272252.png\",\"articleSection\":[\"Concursos P\u00fablicos\"],\"inLanguage\":\"pt-BR\",\"potentialAction\":[{\"@type\":\"CommentAction\",\"name\":\"Comment\",\"target\":[\"https:\/\/www.estrategiaconcursos.com.br\/blog\/concurso-ifmg-datas-alteradas\/#respond\"]}],\"copyrightYear\":\"2019\",\"copyrightHolder\":{\"@id\":\"https:\/\/www.estrategiaconcursos.com.br\/blog\/#organization\"}},{\"@type\":\"WebPage\",\"@id\":\"https:\/\/www.estrategiaconcursos.com.br\/blog\/concurso-ifmg-datas-alteradas\/\",\"url\":\"https:\/\/www.estrategiaconcursos.com.br\/blog\/concurso-ifmg-datas-alteradas\/\",\"name\":\"Concurso IFMG: encerrado o prazo de inscri\u00e7\u00f5es do certame\",\"isPartOf\":{\"@id\":\"https:\/\/www.estrategiaconcursos.com.br\/blog\/#website\"},\"primaryImageOfPage\":{\"@id\":\"https:\/\/www.estrategiaconcursos.com.br\/blog\/concurso-ifmg-datas-alteradas\/#primaryimage\"},\"image\":{\"@id\":\"https:\/\/www.estrategiaconcursos.com.br\/blog\/concurso-ifmg-datas-alteradas\/#primaryimage\"},\"thumbnailUrl\":\"https:\/\/dhg1h5j42swfq.cloudfront.net\/2019\/04\/30092743\/jorna-voz-ativa-ouro-preto-mg-vagas-de-emprego-professor-ifmg-e1556627272252.png\",\"datePublished\":\"2019-05-06T04:00:47+00:00\",\"dateModified\":\"2019-05-06T13:06:35+00:00\",\"description\":\"Concurso IFMG 2019: prazo para as inscri\u00e7\u00f5es do certame foi encerrado neste domingo (5) de maio; Saiba mais neste artigo!!!\",\"breadcrumb\":{\"@id\":\"https:\/\/www.estrategiaconcursos.com.br\/blog\/concurso-ifmg-datas-alteradas\/#breadcrumb\"},\"inLanguage\":\"pt-BR\",\"potentialAction\":[{\"@type\":\"ReadAction\",\"target\":[\"https:\/\/www.estrategiaconcursos.com.br\/blog\/concurso-ifmg-datas-alteradas\/\"]}]},{\"@type\":\"ImageObject\",\"inLanguage\":\"pt-BR\",\"@id\":\"https:\/\/www.estrategiaconcursos.com.br\/blog\/concurso-ifmg-datas-alteradas\/#primaryimage\",\"url\":\"https:\/\/dhg1h5j42swfq.cloudfront.net\/2019\/04\/30092743\/jorna-voz-ativa-ouro-preto-mg-vagas-de-emprego-professor-ifmg-e1556627272252.png\",\"contentUrl\":\"https:\/\/dhg1h5j42swfq.cloudfront.net\/2019\/04\/30092743\/jorna-voz-ativa-ouro-preto-mg-vagas-de-emprego-professor-ifmg-e1556627272252.png\",\"width\":400,\"height\":282},{\"@type\":\"BreadcrumbList\",\"@id\":\"https:\/\/www.estrategiaconcursos.com.br\/blog\/concurso-ifmg-datas-alteradas\/#breadcrumb\",\"itemListElement\":[{\"@type\":\"ListItem\",\"position\":1,\"name\":\"In\u00edcio\",\"item\":\"https:\/\/www.estrategiaconcursos.com.br\/blog\/\"},{\"@type\":\"ListItem\",\"position\":2,\"name\":\"Concurso IFMG: encerrado o prazo de inscri\u00e7\u00f5es do certame\"}]},{\"@type\":\"WebSite\",\"@id\":\"https:\/\/www.estrategiaconcursos.com.br\/blog\/#website\",\"url\":\"https:\/\/www.estrategiaconcursos.com.br\/blog\/\",\"name\":\"Estrat\u00e9gia Concursos\",\"description\":\"O blog da Estrat\u00e9gia Concursos traz not\u00edcias sobre concursos e artigos de professores oferecendo cursos para concursos (pdf + videaulas) no site.\",\"publisher\":{\"@id\":\"https:\/\/www.estrategiaconcursos.com.br\/blog\/#organization\"},\"potentialAction\":[{\"@type\":\"SearchAction\",\"target\":{\"@type\":\"EntryPoint\",\"urlTemplate\":\"https:\/\/www.estrategiaconcursos.com.br\/blog\/?s={search_term_string}\"},\"query-input\":{\"@type\":\"PropertyValueSpecification\",\"valueRequired\":true,\"valueName\":\"search_term_string\"}}],\"inLanguage\":\"pt-BR\"},{\"@type\":\"Organization\",\"@id\":\"https:\/\/www.estrategiaconcursos.com.br\/blog\/#organization\",\"name\":\"Estrat\u00e9gia Concursos\",\"url\":\"https:\/\/www.estrategiaconcursos.com.br\/blog\/\",\"logo\":{\"@type\":\"ImageObject\",\"inLanguage\":\"pt-BR\",\"@id\":\"https:\/\/www.estrategiaconcursos.com.br\/blog\/#\/schema\/logo\/image\/\",\"url\":\"https:\/\/dhg1h5j42swfq.cloudfront.net\/2025\/06\/03203428\/logo_concursos-1.jpg\",\"contentUrl\":\"https:\/\/dhg1h5j42swfq.cloudfront.net\/2025\/06\/03203428\/logo_concursos-1.jpg\",\"width\":230,\"height\":60,\"caption\":\"Estrat\u00e9gia Concursos\"},\"image\":{\"@id\":\"https:\/\/www.estrategiaconcursos.com.br\/blog\/#\/schema\/logo\/image\/\"},\"sameAs\":[\"https:\/\/x.com\/EstratConcursos\"]},{\"@type\":\"Person\",\"@id\":\"https:\/\/www.estrategiaconcursos.com.br\/blog\/#\/schema\/person\/2865ec132c3404c9912015dd7a24eb1e\",\"name\":\"Brunno Lima\",\"image\":{\"@type\":\"ImageObject\",\"inLanguage\":\"pt-BR\",\"@id\":\"https:\/\/secure.gravatar.com\/avatar\/d40b472e5e2856222d4a4a1c3ee2189ed7d7a9f67dc3343b880cc1889a7bd6af?s=96&d=mm&r=g\",\"url\":\"https:\/\/secure.gravatar.com\/avatar\/d40b472e5e2856222d4a4a1c3ee2189ed7d7a9f67dc3343b880cc1889a7bd6af?s=96&d=mm&r=g\",\"contentUrl\":\"https:\/\/secure.gravatar.com\/avatar\/d40b472e5e2856222d4a4a1c3ee2189ed7d7a9f67dc3343b880cc1889a7bd6af?s=96&d=mm&r=g\",\"caption\":\"Brunno Lima\"},\"url\":\"https:\/\/www.estrategiaconcursos.com.br\/blog\/author\/brunnoestrategiaconcursos-com-br\/\"}]}<\/script>\n<!-- \/ Yoast SEO Premium plugin. -->","yoast_head_json":{"title":"Concurso IFMG: encerrado o prazo de inscri\u00e7\u00f5es do certame","description":"Concurso IFMG 2019: prazo para as inscri\u00e7\u00f5es do certame foi encerrado neste domingo (5) de maio; Saiba mais neste artigo!!!","robots":{"index":"index","follow":"follow","max-snippet":"max-snippet:-1","max-image-preview":"max-image-preview:large","max-video-preview":"max-video-preview:-1"},"canonical":"https:\/\/www.estrategiaconcursos.com.br\/blog\/concurso-ifmg-datas-alteradas\/","og_locale":"pt_BR","og_type":"article","og_title":"Concurso IFMG: encerrado o prazo de inscri\u00e7\u00f5es do certame","og_description":"Concurso IFMG 2019: prazo para as inscri\u00e7\u00f5es do certame foi encerrado neste domingo (5) de maio; Saiba mais neste artigo!!!","og_url":"https:\/\/www.estrategiaconcursos.com.br\/blog\/concurso-ifmg-datas-alteradas\/","og_site_name":"Estrat\u00e9gia Concursos","article_published_time":"2019-05-06T04:00:47+00:00","article_modified_time":"2019-05-06T13:06:35+00:00","og_image":[{"width":400,"height":282,"url":"https:\/\/dhg1h5j42swfq.cloudfront.net\/2019\/04\/30092743\/jorna-voz-ativa-ouro-preto-mg-vagas-de-emprego-professor-ifmg-e1556627272252.png","type":"image\/png"}],"author":"Brunno Lima","twitter_card":"summary_large_image","twitter_creator":"@EstratConcursos","twitter_site":"@EstratConcursos","twitter_misc":{"Escrito por":"Brunno Lima","Est. tempo de leitura":"2 minutos"},"schema":{"@context":"https:\/\/schema.org","@graph":[{"@type":"NewsArticle","@id":"https:\/\/www.estrategiaconcursos.com.br\/blog\/concurso-ifmg-datas-alteradas\/#article","isPartOf":{"@id":"https:\/\/www.estrategiaconcursos.com.br\/blog\/concurso-ifmg-datas-alteradas\/"},"author":{"name":"Brunno Lima","@id":"https:\/\/www.estrategiaconcursos.com.br\/blog\/#\/schema\/person\/2865ec132c3404c9912015dd7a24eb1e"},"headline":"Concurso IFMG: encerrado o prazo de inscri\u00e7\u00f5es do certame","datePublished":"2019-05-06T04:00:47+00:00","dateModified":"2019-05-06T13:06:35+00:00","mainEntityOfPage":{"@id":"https:\/\/www.estrategiaconcursos.com.br\/blog\/concurso-ifmg-datas-alteradas\/"},"wordCount":366,"commentCount":0,"publisher":{"@id":"https:\/\/www.estrategiaconcursos.com.br\/blog\/#organization"},"image":{"@id":"https:\/\/www.estrategiaconcursos.com.br\/blog\/concurso-ifmg-datas-alteradas\/#primaryimage"},"thumbnailUrl":"https:\/\/dhg1h5j42swfq.cloudfront.net\/2019\/04\/30092743\/jorna-voz-ativa-ouro-preto-mg-vagas-de-emprego-professor-ifmg-e1556627272252.png","articleSection":["Concursos P\u00fablicos"],"inLanguage":"pt-BR","potentialAction":[{"@type":"CommentAction","name":"Comment","target":["https:\/\/www.estrategiaconcursos.com.br\/blog\/concurso-ifmg-datas-alteradas\/#respond"]}],"copyrightYear":"2019","copyrightHolder":{"@id":"https:\/\/www.estrategiaconcursos.com.br\/blog\/#organization"}},{"@type":"WebPage","@id":"https:\/\/www.estrategiaconcursos.com.br\/blog\/concurso-ifmg-datas-alteradas\/","url":"https:\/\/www.estrategiaconcursos.com.br\/blog\/concurso-ifmg-datas-alteradas\/","name":"Concurso IFMG: encerrado o prazo de inscri\u00e7\u00f5es do certame","isPartOf":{"@id":"https:\/\/www.estrategiaconcursos.com.br\/blog\/#website"},"primaryImageOfPage":{"@id":"https:\/\/www.estrategiaconcursos.com.br\/blog\/concurso-ifmg-datas-alteradas\/#primaryimage"},"image":{"@id":"https:\/\/www.estrategiaconcursos.com.br\/blog\/concurso-ifmg-datas-alteradas\/#primaryimage"},"thumbnailUrl":"https:\/\/dhg1h5j42swfq.cloudfront.net\/2019\/04\/30092743\/jorna-voz-ativa-ouro-preto-mg-vagas-de-emprego-professor-ifmg-e1556627272252.png","datePublished":"2019-05-06T04:00:47+00:00","dateModified":"2019-05-06T13:06:35+00:00","description":"Concurso IFMG 2019: prazo para as inscri\u00e7\u00f5es do certame foi encerrado neste domingo (5) de maio; Saiba mais neste artigo!!!","breadcrumb":{"@id":"https:\/\/www.estrategiaconcursos.com.br\/blog\/concurso-ifmg-datas-alteradas\/#breadcrumb"},"inLanguage":"pt-BR","potentialAction":[{"@type":"ReadAction","target":["https:\/\/www.estrategiaconcursos.com.br\/blog\/concurso-ifmg-datas-alteradas\/"]}]},{"@type":"ImageObject","inLanguage":"pt-BR","@id":"https:\/\/www.estrategiaconcursos.com.br\/blog\/concurso-ifmg-datas-alteradas\/#primaryimage","url":"https:\/\/dhg1h5j42swfq.cloudfront.net\/2019\/04\/30092743\/jorna-voz-ativa-ouro-preto-mg-vagas-de-emprego-professor-ifmg-e1556627272252.png","contentUrl":"https:\/\/dhg1h5j42swfq.cloudfront.net\/2019\/04\/30092743\/jorna-voz-ativa-ouro-preto-mg-vagas-de-emprego-professor-ifmg-e1556627272252.png","width":400,"height":282},{"@type":"BreadcrumbList","@id":"https:\/\/www.estrategiaconcursos.com.br\/blog\/concurso-ifmg-datas-alteradas\/#breadcrumb","itemListElement":[{"@type":"ListItem","position":1,"name":"In\u00edcio","item":"https:\/\/www.estrategiaconcursos.com.br\/blog\/"},{"@type":"ListItem","position":2,"name":"Concurso IFMG: encerrado o prazo de inscri\u00e7\u00f5es do certame"}]},{"@type":"WebSite","@id":"https:\/\/www.estrategiaconcursos.com.br\/blog\/#website","url":"https:\/\/www.estrategiaconcursos.com.br\/blog\/","name":"Estrat\u00e9gia Concursos","description":"O blog da Estrat\u00e9gia Concursos traz not\u00edcias sobre concursos e artigos de professores oferecendo cursos para concursos (pdf + videaulas) no site.","publisher":{"@id":"https:\/\/www.estrategiaconcursos.com.br\/blog\/#organization"},"potentialAction":[{"@type":"SearchAction","target":{"@type":"EntryPoint","urlTemplate":"https:\/\/www.estrategiaconcursos.com.br\/blog\/?s={search_term_string}"},"query-input":{"@type":"PropertyValueSpecification","valueRequired":true,"valueName":"search_term_string"}}],"inLanguage":"pt-BR"},{"@type":"Organization","@id":"https:\/\/www.estrategiaconcursos.com.br\/blog\/#organization","name":"Estrat\u00e9gia Concursos","url":"https:\/\/www.estrategiaconcursos.com.br\/blog\/","logo":{"@type":"ImageObject","inLanguage":"pt-BR","@id":"https:\/\/www.estrategiaconcursos.com.br\/blog\/#\/schema\/logo\/image\/","url":"https:\/\/dhg1h5j42swfq.cloudfront.net\/2025\/06\/03203428\/logo_concursos-1.jpg","contentUrl":"https:\/\/dhg1h5j42swfq.cloudfront.net\/2025\/06\/03203428\/logo_concursos-1.jpg","width":230,"height":60,"caption":"Estrat\u00e9gia Concursos"},"image":{"@id":"https:\/\/www.estrategiaconcursos.com.br\/blog\/#\/schema\/logo\/image\/"},"sameAs":["https:\/\/x.com\/EstratConcursos"]},{"@type":"Person","@id":"https:\/\/www.estrategiaconcursos.com.br\/blog\/#\/schema\/person\/2865ec132c3404c9912015dd7a24eb1e","name":"Brunno Lima","image":{"@type":"ImageObject","inLanguage":"pt-BR","@id":"https:\/\/secure.gravatar.com\/avatar\/d40b472e5e2856222d4a4a1c3ee2189ed7d7a9f67dc3343b880cc1889a7bd6af?s=96&d=mm&r=g","url":"https:\/\/secure.gravatar.com\/avatar\/d40b472e5e2856222d4a4a1c3ee2189ed7d7a9f67dc3343b880cc1889a7bd6af?s=96&d=mm&r=g","contentUrl":"https:\/\/secure.gravatar.com\/avatar\/d40b472e5e2856222d4a4a1c3ee2189ed7d7a9f67dc3343b880cc1889a7bd6af?s=96&d=mm&r=g","caption":"Brunno Lima"},"url":"https:\/\/www.estrategiaconcursos.com.br\/blog\/author\/brunnoestrategiaconcursos-com-br\/"}]}},"_links":{"self":[{"href":"https:\/\/www.estrategiaconcursos.com.br\/blog\/wp-json\/wp\/v2\/posts\/367198","targetHints":{"allow":["GET"]}}],"collection":[{"href":"https:\/\/www.estrategiaconcursos.com.br\/blog\/wp-json\/wp\/v2\/posts"}],"about":[{"href":"https:\/\/www.estrategiaconcursos.com.br\/blog\/wp-json\/wp\/v2\/types\/post"}],"author":[{"embeddable":true,"href":"https:\/\/www.estrategiaconcursos.com.br\/blog\/wp-json\/wp\/v2\/users\/741"}],"replies":[{"embeddable":true,"href":"https:\/\/www.estrategiaconcursos.com.br\/blog\/wp-json\/wp\/v2\/comments?post=367198"}],"version-history":[{"count":7,"href":"https:\/\/www.estrategiaconcursos.com.br\/blog\/wp-json\/wp\/v2\/posts\/367198\/revisions"}],"predecessor-version":[{"id":371534,"href":"https:\/\/www.estrategiaconcursos.com.br\/blog\/wp-json\/wp\/v2\/posts\/367198\/revisions\/371534"}],"wp:featuredmedia":[{"embeddable":true,"href":"https:\/\/www.estrategiaconcursos.com.br\/blog\/wp-json\/wp\/v2\/media\/367215"}],"wp:attachment":[{"href":"https:\/\/www.estrategiaconcursos.com.br\/blog\/wp-json\/wp\/v2\/media?parent=367198"}],"wp:term":[{"taxonomy":"category","embeddable":true,"href":"https:\/\/www.estrategiaconcursos.com.br\/blog\/wp-json\/wp\/v2\/categories?post=367198"},{"taxonomy":"post_tag","embeddable":true,"href":"https:\/\/www.estrategiaconcursos.com.br\/blog\/wp-json\/wp\/v2\/tags?post=367198"},{"taxonomy":"tax_estado","embeddable":true,"href":"https:\/\/www.estrategiaconcursos.com.br\/blog\/wp-json\/wp\/v2\/tax_estado?post=367198"}],"curies":[{"name":"wp","href":"https:\/\/api.w.org\/{rel}","templated":true}]}}