{"id":366859,"date":"2019-05-06T01:59:18","date_gmt":"2019-05-06T04:59:18","guid":{"rendered":"https:\/\/www.estrategiaconcursos.com.br\/blog\/?p=366859"},"modified":"2019-05-06T09:36:08","modified_gmt":"2019-05-06T12:36:08","slug":"concurso-camara-de-monte-alegre-dos-campos-rs-edital-publicado","status":"publish","type":"post","link":"https:\/\/www.estrategiaconcursos.com.br\/blog\/concurso-camara-de-monte-alegre-dos-campos-rs-edital-publicado\/","title":{"rendered":"Concurso C\u00e2mara de Monte Alegre dos Campos RS: inscri\u00e7\u00f5es abertas"},"content":{"rendered":"\n<p>Est\u00e3o abertas as inscri\u00e7\u00f5es do concurso C\u00e2mara de Monte Alegre dos Campos do Rio Grande do Sul a partir desta segunda-feira (6) de maio de 2019.<\/p>\n\n\n\n<p> Os interessados em participar devem entrar no site da banca organizadora, <strong>UNA Gest\u00e3o e Assessoria<\/strong>, que \u00e9 a respons\u00e1vel pelo certame. As datas estipuladas s\u00e3o entre os dias<strong> 22 de abril a 06 de maio de 2019.<\/strong><\/p>\n\n\n\n<p>\n\nAl\u00e9m disso, o candidato precisa efetuar o pagamento da taxa fixada em R$ 110,00.\n\n<\/p>\n\n\n\n<p>O edital do seu concurso p\u00fablico que visa ofertar vaga para o cargo de <strong>T\u00e9cnico Legislativo.<\/strong><\/p>\n\n\n\n<p>O cargo contar\u00e1 com remunera\u00e7\u00e3o inicial de R$ 2.095,96 para jornada de trabalho de 40 horas semanais. Ser\u00e1 01 vaga para n\u00edvel m\u00e9dio completo.<\/p>\n\n\n\n<h2 class=\"wp-block-heading\">Etapa de provas<\/h2>\n\n\n\n<p>A prova do concurso ser\u00e1 realizada no dia 26 de maio de 2019, composta por disciplinas como: <strong>Conhecimentos Espec\u00edficos, Portugu\u00eas, Legisla\u00e7\u00e3o e Racioc\u00ednio Logico<\/strong>. Ser\u00e3o 10 quest\u00f5es por disciplina, sendo 40 pontos de peso em Conhecimentos Espec\u00edficos e 20 nas demais. <\/p>\n\n\n\n<p>Totalizando desta forma, 100 pontos na prova objetiva. Confira na tabela abaixo os detalhes desta etapa:<\/p>\n\n\n\n<div class=\"wp-block-image\"><figure class=\"aligncenter is-resized\"><img loading=\"lazy\" decoding=\"async\" src=\"https:\/\/dhg1h5j42swfq.cloudfront.net\/2019\/04\/29110647\/prova-camara-1.jpg\" alt=\"\" class=\"wp-image-366866\" width=\"608\" height=\"110\" srcset=\"https:\/\/dhg1h5j42swfq.cloudfront.net\/2019\/04\/29110647\/prova-camara-1.jpg 696w, https:\/\/dhg1h5j42swfq.cloudfront.net\/2019\/04\/29110647\/prova-camara-1.jpg 300w\" sizes=\"auto, (max-width: 608px) 100vw, 608px\" \/><\/figure><\/div>\n\n\n\n<h2 class=\"wp-block-heading\">O que faz um T\u00e9cnico Legislativo?<\/h2>\n\n\n\n<ul class=\"wp-block-list\"><li>Executa atividades de assist\u00eancia legislativa, compreendendo as tarefas de: recebimento, prepara\u00e7\u00e3o, organiza\u00e7\u00e3o,<\/li><li>tramita\u00e7\u00e3o, expediente, controle de prazos, e acompanhamento da documenta\u00e7\u00e3o do processo legislativo;<\/li><li>Executar, sob orienta\u00e7\u00e3o superior, as diversas tarefas relativas ao processo legislativo em todas as suas etapas;<\/li><li>Protocolar, instruir e encaminhar a documenta\u00e7\u00e3o relativa ao processo legislativo;<\/li><li>Secretariar reuni\u00f5es das comiss\u00f5es parlamentares, redigindo as atas sempre que designado;<\/li><li>Emitir informa\u00e7\u00f5es e certid\u00f5es, por determina\u00e7\u00e3o superior;<\/li><li>Atualizar banco de dados;<\/li><li>Elaborar relat\u00f3rios estat\u00edsticos e outras atividades.<\/li><\/ul>\n\n\n\n<p style=\"text-align:center\" class=\"has-background has-light-green-cyan-background-color\"><em><strong>Assinatura Anual Ilimitada*<\/strong><\/em><\/p>\n\n\n\n<p><em>Prepare-se com o melhor material e com quem mais aprova em&nbsp;Concursos P\u00fablicos de todo o pa\u00eds. Assine agora a nossa Assinatura Anual e tenha acesso ilimitado* a todos os nossos cursos.<\/em><\/p>\n\n\n\n<p style=\"text-align:center\"><strong>ASSINE AGORA<\/strong>&nbsp;\u2013&nbsp;<a rel=\"noreferrer noopener\" href=\"https:\/\/www.estrategiaconcursos.com.br\/blog\/concursos-abertos\/\" target=\"_blank\">Assinatura Ilimitada<\/a><\/p>\n\n\n\n<figure class=\"wp-block-image\"><img loading=\"lazy\" decoding=\"async\" width=\"300\" height=\"102\" src=\"https:\/\/dhg1h5j42swfq.cloudfront.net\/2017\/03\/28152500\/coruja-ficha-tecnica-300x102.png\" alt=\"Ficha t\u00e9cnica Concurso saae\" class=\"wp-image-68542\"\/><\/figure>\n\n\n\n<p><strong>Informa\u00e7\u00f5es do concurso C\u00e2mara de Monte Alegre dos Campos RS<\/strong><\/p>\n\n\n\n<p>\u25ba<strong>Data prevista da prova<\/strong>: 26 de maio de 2019<br \/>\u25ba<strong>Vagas<\/strong>: 01<br \/>\u25ba<strong>Cargos<\/strong>: T\u00e9cnico Legislativo<br \/>\u25ba <strong>Banca<\/strong>: UNA Gest\u00e3o e Assessoria <br \/>\u25ba<strong>Escolaridade<\/strong>: N\u00edvel m\u00e9dio<br \/>\u25ba<strong>Edital<\/strong>: <a rel=\"noreferrer noopener\" href=\"https:\/\/dhg1h5j42swfq.cloudfront.net\/2019\/04\/29093527\/SAAE-Pedreiras-SP.pdf\" target=\"_blank\"><\/a><\/p>\n\n\n\n<p><em>Ascom Estrat\u00e9gia<\/em><br \/>ascomestrategia@gmail.com<\/p>\n","protected":false},"excerpt":{"rendered":"<p>Est\u00e3o abertas as inscri\u00e7\u00f5es do concurso C\u00e2mara de Monte Alegre dos Campos do Rio Grande do Sul a partir desta segunda-feira (6) de maio de 2019. Os interessados em participar devem entrar no site da banca organizadora, UNA Gest\u00e3o e Assessoria, que \u00e9 a respons\u00e1vel pelo certame. As datas estipuladas s\u00e3o entre os dias 22 [&hellip;]<\/p>\n","protected":false},"author":1,"featured_media":0,"comment_status":"open","ping_status":"closed","sticky":false,"template":"","format":"standard","meta":{"post_tipo":"news","footnotes":""},"categories":[1],"tags":[],"tax_estado":[],"class_list":["post-366859","post","type-post","status-publish","format-standard","hentry","category-cursos-e-concursos"],"acf":[],"yoast_head":"<!-- This site is optimized with the Yoast SEO Premium plugin v27.2 (Yoast SEO v27.2) - https:\/\/yoast.com\/product\/yoast-seo-premium-wordpress\/ -->\n<title>Concurso C\u00e2mara de Monte Alegre dos Campos RS: inscri\u00e7\u00f5es abertas<\/title>\n<meta name=\"description\" content=\"Concuirso C\u00e2mara de Monte Alegre dos Campos RS: inscri\u00e7\u00f5es abertas com oferta de vaga para o cargo de T\u00e9cnico Legislativo; Provas em maio!\" \/>\n<meta name=\"robots\" content=\"index, follow, max-snippet:-1, max-image-preview:large, max-video-preview:-1\" \/>\n<link rel=\"canonical\" href=\"https:\/\/www.estrategiaconcursos.com.br\/blog\/concurso-camara-de-monte-alegre-dos-campos-rs-edital-publicado\/\" \/>\n<meta property=\"og:locale\" content=\"pt_BR\" \/>\n<meta property=\"og:type\" content=\"article\" \/>\n<meta property=\"og:title\" content=\"Concurso C\u00e2mara de Monte Alegre dos Campos RS: inscri\u00e7\u00f5es abertas\" \/>\n<meta property=\"og:description\" content=\"Concuirso C\u00e2mara de Monte Alegre dos Campos RS: inscri\u00e7\u00f5es abertas com oferta de vaga para o cargo de T\u00e9cnico Legislativo; Provas em maio!\" \/>\n<meta property=\"og:url\" content=\"https:\/\/www.estrategiaconcursos.com.br\/blog\/concurso-camara-de-monte-alegre-dos-campos-rs-edital-publicado\/\" \/>\n<meta property=\"og:site_name\" content=\"Estrat\u00e9gia Concursos\" \/>\n<meta property=\"article:author\" content=\"https:\/\/www.facebook.com\/EstrategiaConcursos\" \/>\n<meta property=\"article:published_time\" content=\"2019-05-06T04:59:18+00:00\" \/>\n<meta property=\"article:modified_time\" content=\"2019-05-06T12:36:08+00:00\" \/>\n<meta property=\"og:image\" content=\"https:\/\/www.estrategiaconcursos.com.br\/blog\/wp-content\/uploads\/2019\/04\/prova-camara-1.jpg\" \/>\n<meta name=\"author\" content=\"Coordena\u00e7\u00e3o\" \/>\n<meta name=\"twitter:card\" content=\"summary_large_image\" \/>\n<meta name=\"twitter:creator\" content=\"@EstratConcursos\" \/>\n<meta name=\"twitter:site\" content=\"@EstratConcursos\" \/>\n<meta name=\"twitter:label1\" content=\"Escrito por\" \/>\n\t<meta name=\"twitter:data1\" content=\"Coordena\u00e7\u00e3o\" \/>\n\t<meta name=\"twitter:label2\" content=\"Est. tempo de leitura\" \/>\n\t<meta name=\"twitter:data2\" content=\"2 minutos\" \/>\n<script type=\"application\/ld+json\" class=\"yoast-schema-graph\">{\"@context\":\"https:\/\/schema.org\",\"@graph\":[{\"@type\":\"NewsArticle\",\"@id\":\"https:\/\/www.estrategiaconcursos.com.br\/blog\/concurso-camara-de-monte-alegre-dos-campos-rs-edital-publicado\/#article\",\"isPartOf\":{\"@id\":\"https:\/\/www.estrategiaconcursos.com.br\/blog\/concurso-camara-de-monte-alegre-dos-campos-rs-edital-publicado\/\"},\"author\":{\"name\":\"Coordena\u00e7\u00e3o\",\"@id\":\"https:\/\/www.estrategiaconcursos.com.br\/blog\/#\/schema\/person\/b4a388c97673c5f483d72185668afa1f\"},\"headline\":\"Concurso C\u00e2mara de Monte Alegre dos Campos RS: inscri\u00e7\u00f5es abertas\",\"datePublished\":\"2019-05-06T04:59:18+00:00\",\"dateModified\":\"2019-05-06T12:36:08+00:00\",\"mainEntityOfPage\":{\"@id\":\"https:\/\/www.estrategiaconcursos.com.br\/blog\/concurso-camara-de-monte-alegre-dos-campos-rs-edital-publicado\/\"},\"wordCount\":377,\"commentCount\":0,\"publisher\":{\"@id\":\"https:\/\/www.estrategiaconcursos.com.br\/blog\/#organization\"},\"image\":{\"@id\":\"https:\/\/www.estrategiaconcursos.com.br\/blog\/concurso-camara-de-monte-alegre-dos-campos-rs-edital-publicado\/#primaryimage\"},\"thumbnailUrl\":\"https:\/\/www.estrategiaconcursos.com.br\/blog\/wp-content\/uploads\/2019\/04\/prova-camara-1.jpg\",\"articleSection\":[\"Concursos P\u00fablicos\"],\"inLanguage\":\"pt-BR\",\"potentialAction\":[{\"@type\":\"CommentAction\",\"name\":\"Comment\",\"target\":[\"https:\/\/www.estrategiaconcursos.com.br\/blog\/concurso-camara-de-monte-alegre-dos-campos-rs-edital-publicado\/#respond\"]}],\"copyrightYear\":\"2019\",\"copyrightHolder\":{\"@id\":\"https:\/\/www.estrategiaconcursos.com.br\/blog\/#organization\"}},{\"@type\":\"WebPage\",\"@id\":\"https:\/\/www.estrategiaconcursos.com.br\/blog\/concurso-camara-de-monte-alegre-dos-campos-rs-edital-publicado\/\",\"url\":\"https:\/\/www.estrategiaconcursos.com.br\/blog\/concurso-camara-de-monte-alegre-dos-campos-rs-edital-publicado\/\",\"name\":\"Concurso C\u00e2mara de Monte Alegre dos Campos RS: inscri\u00e7\u00f5es abertas\",\"isPartOf\":{\"@id\":\"https:\/\/www.estrategiaconcursos.com.br\/blog\/#website\"},\"primaryImageOfPage\":{\"@id\":\"https:\/\/www.estrategiaconcursos.com.br\/blog\/concurso-camara-de-monte-alegre-dos-campos-rs-edital-publicado\/#primaryimage\"},\"image\":{\"@id\":\"https:\/\/www.estrategiaconcursos.com.br\/blog\/concurso-camara-de-monte-alegre-dos-campos-rs-edital-publicado\/#primaryimage\"},\"thumbnailUrl\":\"https:\/\/www.estrategiaconcursos.com.br\/blog\/wp-content\/uploads\/2019\/04\/prova-camara-1.jpg\",\"datePublished\":\"2019-05-06T04:59:18+00:00\",\"dateModified\":\"2019-05-06T12:36:08+00:00\",\"description\":\"Concuirso C\u00e2mara de Monte Alegre dos Campos RS: inscri\u00e7\u00f5es abertas com oferta de vaga para o cargo de T\u00e9cnico Legislativo; Provas em maio!\",\"breadcrumb\":{\"@id\":\"https:\/\/www.estrategiaconcursos.com.br\/blog\/concurso-camara-de-monte-alegre-dos-campos-rs-edital-publicado\/#breadcrumb\"},\"inLanguage\":\"pt-BR\",\"potentialAction\":[{\"@type\":\"ReadAction\",\"target\":[\"https:\/\/www.estrategiaconcursos.com.br\/blog\/concurso-camara-de-monte-alegre-dos-campos-rs-edital-publicado\/\"]}]},{\"@type\":\"ImageObject\",\"inLanguage\":\"pt-BR\",\"@id\":\"https:\/\/www.estrategiaconcursos.com.br\/blog\/concurso-camara-de-monte-alegre-dos-campos-rs-edital-publicado\/#primaryimage\",\"url\":\"https:\/\/dhg1h5j42swfq.cloudfront.net\/2019\/04\/29110647\/prova-camara-1.jpg\",\"contentUrl\":\"https:\/\/dhg1h5j42swfq.cloudfront.net\/2019\/04\/29110647\/prova-camara-1.jpg\",\"width\":696,\"height\":126},{\"@type\":\"BreadcrumbList\",\"@id\":\"https:\/\/www.estrategiaconcursos.com.br\/blog\/concurso-camara-de-monte-alegre-dos-campos-rs-edital-publicado\/#breadcrumb\",\"itemListElement\":[{\"@type\":\"ListItem\",\"position\":1,\"name\":\"In\u00edcio\",\"item\":\"https:\/\/www.estrategiaconcursos.com.br\/blog\/\"},{\"@type\":\"ListItem\",\"position\":2,\"name\":\"Concurso C\u00e2mara de Monte Alegre dos Campos RS: inscri\u00e7\u00f5es abertas\"}]},{\"@type\":\"WebSite\",\"@id\":\"https:\/\/www.estrategiaconcursos.com.br\/blog\/#website\",\"url\":\"https:\/\/www.estrategiaconcursos.com.br\/blog\/\",\"name\":\"Estrat\u00e9gia Concursos\",\"description\":\"O blog da Estrat\u00e9gia Concursos traz not\u00edcias sobre concursos e artigos de professores oferecendo cursos para concursos (pdf + videaulas) no site.\",\"publisher\":{\"@id\":\"https:\/\/www.estrategiaconcursos.com.br\/blog\/#organization\"},\"potentialAction\":[{\"@type\":\"SearchAction\",\"target\":{\"@type\":\"EntryPoint\",\"urlTemplate\":\"https:\/\/www.estrategiaconcursos.com.br\/blog\/?s={search_term_string}\"},\"query-input\":{\"@type\":\"PropertyValueSpecification\",\"valueRequired\":true,\"valueName\":\"search_term_string\"}}],\"inLanguage\":\"pt-BR\"},{\"@type\":\"Organization\",\"@id\":\"https:\/\/www.estrategiaconcursos.com.br\/blog\/#organization\",\"name\":\"Estrat\u00e9gia Concursos\",\"url\":\"https:\/\/www.estrategiaconcursos.com.br\/blog\/\",\"logo\":{\"@type\":\"ImageObject\",\"inLanguage\":\"pt-BR\",\"@id\":\"https:\/\/www.estrategiaconcursos.com.br\/blog\/#\/schema\/logo\/image\/\",\"url\":\"https:\/\/dhg1h5j42swfq.cloudfront.net\/2025\/06\/03203428\/logo_concursos-1.jpg\",\"contentUrl\":\"https:\/\/dhg1h5j42swfq.cloudfront.net\/2025\/06\/03203428\/logo_concursos-1.jpg\",\"width\":230,\"height\":60,\"caption\":\"Estrat\u00e9gia Concursos\"},\"image\":{\"@id\":\"https:\/\/www.estrategiaconcursos.com.br\/blog\/#\/schema\/logo\/image\/\"},\"sameAs\":[\"https:\/\/x.com\/EstratConcursos\"]},{\"@type\":\"Person\",\"@id\":\"https:\/\/www.estrategiaconcursos.com.br\/blog\/#\/schema\/person\/b4a388c97673c5f483d72185668afa1f\",\"name\":\"Coordena\u00e7\u00e3o\",\"image\":{\"@type\":\"ImageObject\",\"inLanguage\":\"pt-BR\",\"@id\":\"https:\/\/secure.gravatar.com\/avatar\/b720319e4c9a967eb58678d110f4fe35452fc5d5f97b202bac7b8acceb18c6ad?s=96&d=mm&r=g\",\"url\":\"https:\/\/secure.gravatar.com\/avatar\/b720319e4c9a967eb58678d110f4fe35452fc5d5f97b202bac7b8acceb18c6ad?s=96&d=mm&r=g\",\"contentUrl\":\"https:\/\/secure.gravatar.com\/avatar\/b720319e4c9a967eb58678d110f4fe35452fc5d5f97b202bac7b8acceb18c6ad?s=96&d=mm&r=g\",\"caption\":\"Coordena\u00e7\u00e3o\"},\"sameAs\":[\"https:\/\/www.facebook.com\/EstrategiaConcursos\",\"https:\/\/x.com\/EstratConcursos\"],\"url\":\"https:\/\/www.estrategiaconcursos.com.br\/blog\/author\/estrategia2013\/\"}]}<\/script>\n<!-- \/ Yoast SEO Premium plugin. -->","yoast_head_json":{"title":"Concurso C\u00e2mara de Monte Alegre dos Campos RS: inscri\u00e7\u00f5es abertas","description":"Concuirso C\u00e2mara de Monte Alegre dos Campos RS: inscri\u00e7\u00f5es abertas com oferta de vaga para o cargo de T\u00e9cnico Legislativo; Provas em maio!","robots":{"index":"index","follow":"follow","max-snippet":"max-snippet:-1","max-image-preview":"max-image-preview:large","max-video-preview":"max-video-preview:-1"},"canonical":"https:\/\/www.estrategiaconcursos.com.br\/blog\/concurso-camara-de-monte-alegre-dos-campos-rs-edital-publicado\/","og_locale":"pt_BR","og_type":"article","og_title":"Concurso C\u00e2mara de Monte Alegre dos Campos RS: inscri\u00e7\u00f5es abertas","og_description":"Concuirso C\u00e2mara de Monte Alegre dos Campos RS: inscri\u00e7\u00f5es abertas com oferta de vaga para o cargo de T\u00e9cnico Legislativo; Provas em maio!","og_url":"https:\/\/www.estrategiaconcursos.com.br\/blog\/concurso-camara-de-monte-alegre-dos-campos-rs-edital-publicado\/","og_site_name":"Estrat\u00e9gia Concursos","article_author":"https:\/\/www.facebook.com\/EstrategiaConcursos","article_published_time":"2019-05-06T04:59:18+00:00","article_modified_time":"2019-05-06T12:36:08+00:00","og_image":[{"url":"https:\/\/www.estrategiaconcursos.com.br\/blog\/wp-content\/uploads\/2019\/04\/prova-camara-1.jpg","type":"","width":"","height":""}],"author":"Coordena\u00e7\u00e3o","twitter_card":"summary_large_image","twitter_creator":"@EstratConcursos","twitter_site":"@EstratConcursos","twitter_misc":{"Escrito por":"Coordena\u00e7\u00e3o","Est. tempo de leitura":"2 minutos"},"schema":{"@context":"https:\/\/schema.org","@graph":[{"@type":"NewsArticle","@id":"https:\/\/www.estrategiaconcursos.com.br\/blog\/concurso-camara-de-monte-alegre-dos-campos-rs-edital-publicado\/#article","isPartOf":{"@id":"https:\/\/www.estrategiaconcursos.com.br\/blog\/concurso-camara-de-monte-alegre-dos-campos-rs-edital-publicado\/"},"author":{"name":"Coordena\u00e7\u00e3o","@id":"https:\/\/www.estrategiaconcursos.com.br\/blog\/#\/schema\/person\/b4a388c97673c5f483d72185668afa1f"},"headline":"Concurso C\u00e2mara de Monte Alegre dos Campos RS: inscri\u00e7\u00f5es abertas","datePublished":"2019-05-06T04:59:18+00:00","dateModified":"2019-05-06T12:36:08+00:00","mainEntityOfPage":{"@id":"https:\/\/www.estrategiaconcursos.com.br\/blog\/concurso-camara-de-monte-alegre-dos-campos-rs-edital-publicado\/"},"wordCount":377,"commentCount":0,"publisher":{"@id":"https:\/\/www.estrategiaconcursos.com.br\/blog\/#organization"},"image":{"@id":"https:\/\/www.estrategiaconcursos.com.br\/blog\/concurso-camara-de-monte-alegre-dos-campos-rs-edital-publicado\/#primaryimage"},"thumbnailUrl":"https:\/\/www.estrategiaconcursos.com.br\/blog\/wp-content\/uploads\/2019\/04\/prova-camara-1.jpg","articleSection":["Concursos P\u00fablicos"],"inLanguage":"pt-BR","potentialAction":[{"@type":"CommentAction","name":"Comment","target":["https:\/\/www.estrategiaconcursos.com.br\/blog\/concurso-camara-de-monte-alegre-dos-campos-rs-edital-publicado\/#respond"]}],"copyrightYear":"2019","copyrightHolder":{"@id":"https:\/\/www.estrategiaconcursos.com.br\/blog\/#organization"}},{"@type":"WebPage","@id":"https:\/\/www.estrategiaconcursos.com.br\/blog\/concurso-camara-de-monte-alegre-dos-campos-rs-edital-publicado\/","url":"https:\/\/www.estrategiaconcursos.com.br\/blog\/concurso-camara-de-monte-alegre-dos-campos-rs-edital-publicado\/","name":"Concurso C\u00e2mara de Monte Alegre dos Campos RS: inscri\u00e7\u00f5es abertas","isPartOf":{"@id":"https:\/\/www.estrategiaconcursos.com.br\/blog\/#website"},"primaryImageOfPage":{"@id":"https:\/\/www.estrategiaconcursos.com.br\/blog\/concurso-camara-de-monte-alegre-dos-campos-rs-edital-publicado\/#primaryimage"},"image":{"@id":"https:\/\/www.estrategiaconcursos.com.br\/blog\/concurso-camara-de-monte-alegre-dos-campos-rs-edital-publicado\/#primaryimage"},"thumbnailUrl":"https:\/\/www.estrategiaconcursos.com.br\/blog\/wp-content\/uploads\/2019\/04\/prova-camara-1.jpg","datePublished":"2019-05-06T04:59:18+00:00","dateModified":"2019-05-06T12:36:08+00:00","description":"Concuirso C\u00e2mara de Monte Alegre dos Campos RS: inscri\u00e7\u00f5es abertas com oferta de vaga para o cargo de T\u00e9cnico Legislativo; Provas em maio!","breadcrumb":{"@id":"https:\/\/www.estrategiaconcursos.com.br\/blog\/concurso-camara-de-monte-alegre-dos-campos-rs-edital-publicado\/#breadcrumb"},"inLanguage":"pt-BR","potentialAction":[{"@type":"ReadAction","target":["https:\/\/www.estrategiaconcursos.com.br\/blog\/concurso-camara-de-monte-alegre-dos-campos-rs-edital-publicado\/"]}]},{"@type":"ImageObject","inLanguage":"pt-BR","@id":"https:\/\/www.estrategiaconcursos.com.br\/blog\/concurso-camara-de-monte-alegre-dos-campos-rs-edital-publicado\/#primaryimage","url":"https:\/\/dhg1h5j42swfq.cloudfront.net\/2019\/04\/29110647\/prova-camara-1.jpg","contentUrl":"https:\/\/dhg1h5j42swfq.cloudfront.net\/2019\/04\/29110647\/prova-camara-1.jpg","width":696,"height":126},{"@type":"BreadcrumbList","@id":"https:\/\/www.estrategiaconcursos.com.br\/blog\/concurso-camara-de-monte-alegre-dos-campos-rs-edital-publicado\/#breadcrumb","itemListElement":[{"@type":"ListItem","position":1,"name":"In\u00edcio","item":"https:\/\/www.estrategiaconcursos.com.br\/blog\/"},{"@type":"ListItem","position":2,"name":"Concurso C\u00e2mara de Monte Alegre dos Campos RS: inscri\u00e7\u00f5es abertas"}]},{"@type":"WebSite","@id":"https:\/\/www.estrategiaconcursos.com.br\/blog\/#website","url":"https:\/\/www.estrategiaconcursos.com.br\/blog\/","name":"Estrat\u00e9gia Concursos","description":"O blog da Estrat\u00e9gia Concursos traz not\u00edcias sobre concursos e artigos de professores oferecendo cursos para concursos (pdf + videaulas) no site.","publisher":{"@id":"https:\/\/www.estrategiaconcursos.com.br\/blog\/#organization"},"potentialAction":[{"@type":"SearchAction","target":{"@type":"EntryPoint","urlTemplate":"https:\/\/www.estrategiaconcursos.com.br\/blog\/?s={search_term_string}"},"query-input":{"@type":"PropertyValueSpecification","valueRequired":true,"valueName":"search_term_string"}}],"inLanguage":"pt-BR"},{"@type":"Organization","@id":"https:\/\/www.estrategiaconcursos.com.br\/blog\/#organization","name":"Estrat\u00e9gia Concursos","url":"https:\/\/www.estrategiaconcursos.com.br\/blog\/","logo":{"@type":"ImageObject","inLanguage":"pt-BR","@id":"https:\/\/www.estrategiaconcursos.com.br\/blog\/#\/schema\/logo\/image\/","url":"https:\/\/dhg1h5j42swfq.cloudfront.net\/2025\/06\/03203428\/logo_concursos-1.jpg","contentUrl":"https:\/\/dhg1h5j42swfq.cloudfront.net\/2025\/06\/03203428\/logo_concursos-1.jpg","width":230,"height":60,"caption":"Estrat\u00e9gia Concursos"},"image":{"@id":"https:\/\/www.estrategiaconcursos.com.br\/blog\/#\/schema\/logo\/image\/"},"sameAs":["https:\/\/x.com\/EstratConcursos"]},{"@type":"Person","@id":"https:\/\/www.estrategiaconcursos.com.br\/blog\/#\/schema\/person\/b4a388c97673c5f483d72185668afa1f","name":"Coordena\u00e7\u00e3o","image":{"@type":"ImageObject","inLanguage":"pt-BR","@id":"https:\/\/secure.gravatar.com\/avatar\/b720319e4c9a967eb58678d110f4fe35452fc5d5f97b202bac7b8acceb18c6ad?s=96&d=mm&r=g","url":"https:\/\/secure.gravatar.com\/avatar\/b720319e4c9a967eb58678d110f4fe35452fc5d5f97b202bac7b8acceb18c6ad?s=96&d=mm&r=g","contentUrl":"https:\/\/secure.gravatar.com\/avatar\/b720319e4c9a967eb58678d110f4fe35452fc5d5f97b202bac7b8acceb18c6ad?s=96&d=mm&r=g","caption":"Coordena\u00e7\u00e3o"},"sameAs":["https:\/\/www.facebook.com\/EstrategiaConcursos","https:\/\/x.com\/EstratConcursos"],"url":"https:\/\/www.estrategiaconcursos.com.br\/blog\/author\/estrategia2013\/"}]}},"_links":{"self":[{"href":"https:\/\/www.estrategiaconcursos.com.br\/blog\/wp-json\/wp\/v2\/posts\/366859","targetHints":{"allow":["GET"]}}],"collection":[{"href":"https:\/\/www.estrategiaconcursos.com.br\/blog\/wp-json\/wp\/v2\/posts"}],"about":[{"href":"https:\/\/www.estrategiaconcursos.com.br\/blog\/wp-json\/wp\/v2\/types\/post"}],"author":[{"embeddable":true,"href":"https:\/\/www.estrategiaconcursos.com.br\/blog\/wp-json\/wp\/v2\/users\/1"}],"replies":[{"embeddable":true,"href":"https:\/\/www.estrategiaconcursos.com.br\/blog\/wp-json\/wp\/v2\/comments?post=366859"}],"version-history":[{"count":2,"href":"https:\/\/www.estrategiaconcursos.com.br\/blog\/wp-json\/wp\/v2\/posts\/366859\/revisions"}],"predecessor-version":[{"id":371495,"href":"https:\/\/www.estrategiaconcursos.com.br\/blog\/wp-json\/wp\/v2\/posts\/366859\/revisions\/371495"}],"wp:attachment":[{"href":"https:\/\/www.estrategiaconcursos.com.br\/blog\/wp-json\/wp\/v2\/media?parent=366859"}],"wp:term":[{"taxonomy":"category","embeddable":true,"href":"https:\/\/www.estrategiaconcursos.com.br\/blog\/wp-json\/wp\/v2\/categories?post=366859"},{"taxonomy":"post_tag","embeddable":true,"href":"https:\/\/www.estrategiaconcursos.com.br\/blog\/wp-json\/wp\/v2\/tags?post=366859"},{"taxonomy":"tax_estado","embeddable":true,"href":"https:\/\/www.estrategiaconcursos.com.br\/blog\/wp-json\/wp\/v2\/tax_estado?post=366859"}],"curies":[{"name":"wp","href":"https:\/\/api.w.org\/{rel}","templated":true}]}}