{"id":366816,"date":"2026-01-08T18:35:02","date_gmt":"2026-01-08T21:35:02","guid":{"rendered":"https:\/\/www.estrategiaconcursos.com.br\/blog\/?p=366816"},"modified":"2026-01-09T10:26:47","modified_gmt":"2026-01-09T13:26:47","slug":"concurso-sec-ba","status":"publish","type":"post","link":"https:\/\/www.estrategiaconcursos.com.br\/blog\/concurso-sec-ba\/","title":{"rendered":"Concurso SEC BA: novo edital em abril de 2026!"},"content":{"rendered":"<p><center><a id=\"cta-icon\" href=\"https:\/\/sndflw.com\/i\/sec-ba-grupo\" target=\"_blank\" style=\"background:#29a61a; display:inline-flex; align-items:center; padding:10px 15px; border-radius:6px; color:#fff; text-decoration:none; font-weight:500; font-size:15px;\"><img decoding=\"async\" src=\"https:\/\/dhg1h5j42swfq.cloudfront.net\/2023\/12\/07154107\/whatsapp_13851.png\" alt=\"\" style=\"width:20px; height:20px; margin-right:8px;\"><span>Acesse agora o Grupo de Estudos para o Concurso SEC BA<\/span><\/a><\/center><\/p>\n\n\n\n<p>A <strong>SEC BA<\/strong> (<a href=\"https:\/\/www.estrategiaconcursos.com.br\/cursosPorConcurso\/secretaria-da-educacao-do-estado-da-bahia-sec-ba\/\" target=\"_blank\" rel=\"noreferrer noopener\">Secretaria de Educa\u00e7\u00e3o do Estado da Bahia<\/a>) <a href=\"https:\/\/dhg1h5j42swfq.cloudfront.net\/2025\/03\/20170509\/sec-ba.jpeg\">divulgou a informa\u00e7\u00e3o<\/a> de que pretende aderir \u00e0 <a href=\"https:\/\/www.estrategiaconcursos.com.br\/blog\/prova-nacional-docente\/\">Prova Nacional Docente<\/a> para realiza\u00e7\u00e3o do seu novo concurso.<\/p>\n\n\n\n<p>A ades\u00e3o foi confirmada pela secret\u00e1ria de Educa\u00e7\u00e3o, Rowenna Brito, durante uma <em>live<\/em> em suas redes sociais no dia 8 de janeiro de 2026.<\/p>\n\n\n\n<p>Al\u00e9m disso, ela confirmou que <strong>o edital ser\u00e1 publicado at\u00e9 abril de 2026<\/strong>.<\/p>\n\n\n\n<p>S\u00e3o previstas <strong>mais de 6 mil vagas<\/strong> para a pr\u00f3xima sele\u00e7\u00e3o. O \u00faltimo concurso da SEC BA ofereceu <strong>2.113 vagas <\/strong>para cargos de n\u00edvel superior de forma\u00e7\u00e3o divididas da seguinte forma:<\/p>\n\n\n\n<ul class=\"wp-block-list\">\n<li>Professor Padr\u00e3o P &#8211; Grau III (1.806 vagas); e <\/li>\n\n\n\n<li>Coordenador Pedag\u00f3gico Padr\u00e3o P &#8211; Grau III (307 vagas).<\/li>\n<\/ul>\n\n\n\n<p>Confira mais informa\u00e7\u00f5es no decorrer do artigo!<\/p>\n\n\n\n<ul class=\"wp-block-list has-very-light-gray-to-cyan-bluish-gray-gradient-background has-background\">\n<li><strong>Concurso&nbsp;SEC BA<\/strong><\/li>\n\n\n\n<li><strong>Status:<\/strong> novo edital anunciado<\/li>\n\n\n\n<li><strong>Banca<\/strong>: a definir<\/li>\n\n\n\n<li><strong>Vagas:<\/strong>&nbsp;6 mil vagas previstas<\/li>\n\n\n\n<li><strong>Sal\u00e1rio inicial:<\/strong> de R$ 5.050,43 a R$ 5.187,88<\/li>\n\n\n\n<li><strong>\u00daltimo Edital:<\/strong>&nbsp;<a href=\"https:\/\/dhg1h5j42swfq.cloudfront.net\/2022\/08\/02052905\/edital-sec-ba.pdf\" target=\"_blank\" rel=\"noreferrer noopener\">SEC BA 2022<\/a><\/li>\n<\/ul>\n\n\n\n<div class=\"container\" id=\"boxes\">\n  <div class=\"row\">\n\n    <div class=\"col-sm\">\n      <div class=\"banner-estrategia\" id=\"box-assinatura\">\n        <h3 class=\"titulo-assinatura\">Curso SEC BA<\/h3>\n        <p class=\"subtitulo-assinatura\">Conhe\u00e7a os cursos<\/p>\n        <div class=\"box-botao\">\n          <a class=\"btn-assinatura\" target=\"_blank\" href=\"https:\/\/www.estrategiaconcursos.com.br\/cursosPorConcurso\/secretaria-da-educacao-do-estado-da-bahia-sec-ba\/\" role=\"button\" rel=\"noopener noreferrer\">Conhe\u00e7a mais<\/a>\n        <\/div>\n      <\/div>\n      <p class=\"texto-auxiliar\">Prepare-se com o melhor material e com quem mais aprova em Concursos P\u00fablicos em todo o pa\u00eds.<\/p>\n    <\/div>\n\n  <\/div>\n<\/div>\n\n\n\n<ul class=\"wp-block-list\">\n<li><a href=\"#vagas-anunciadas\"><strong>Vagas anunciadas<\/strong><\/a><\/li>\n\n\n\n<li><strong><a href=\"#situa\u00e7\u00e3o\">Concurso 202<\/a><\/strong><a href=\"#situa\u00e7\u00e3o\"><strong>2<\/strong><\/a><\/li>\n\n\n\n<li><a href=\"#cargos\"><strong>Cargos e vagas<\/strong><\/a><\/li>\n\n\n\n<li><strong><a href=\"#remuneracoes\">Remunera\u00e7\u00f5es<\/a><\/strong><\/li>\n\n\n\n<li><strong><a href=\"#requisitos\">Requisitos<\/a><\/strong><\/li>\n\n\n\n<li><strong><a href=\"#etapas\">Etapas de provas<\/a><\/strong>\n<ul class=\"wp-block-list\">\n<li><strong><a href=\"#objetiva\">Objetiva<\/a><\/strong><\/li>\n\n\n\n<li><strong><a href=\"#dicursiva\">Discursiva<\/a><\/strong><\/li>\n\n\n\n<li><strong><a href=\"#titulos\">T\u00edtulos<\/a><\/strong><\/li>\n<\/ul>\n<\/li>\n\n\n\n<li><strong><a href=\"#ultimo\">\u00daltimo concurso SEC BA<\/a><\/strong>\n<ul class=\"wp-block-list\">\n<li><strong><a href=\"#fases\">Etapas de prova<\/a><\/strong><\/li>\n\n\n\n<li><a href=\"#etapas\"><strong>Etapas de prova<\/strong><\/a><\/li>\n<\/ul>\n<\/li>\n\n\n\n<li><a href=\"#analise\"><strong>An\u00e1lise do edital<\/strong><\/a><\/li>\n\n\n\n<li><strong><a href=\"#cursos-assinatura\">Cursos e assinaturas<\/a><\/strong><\/li>\n\n\n\n<li><strong><a href=\"#ficha\">Ficha T\u00e9cnica<\/a><\/strong><\/li>\n<\/ul>\n\n\n\n<h2 class=\"wp-block-heading\" id=\"vagas-anunciadas\">Concurso SEC BA: vagas anunciadas <\/h2>\n\n\n\n<p>No dia 6 de janeiro de 2025, o governador da Bahia <strong>anunciou a contrata\u00e7\u00e3o de mais de 8 mil novos profissionais<\/strong> para a rede estadual de ensino.<\/p>\n\n\n\n<p>As contrata\u00e7\u00f5es ser\u00e3o realizadas por meio da convoca\u00e7\u00e3o de aprovados no \u00faltimo edital e a publica\u00e7\u00e3o de um novo edital de processo seletivo, sendo:<\/p>\n\n\n\n<ul class=\"wp-block-list\">\n<li>2.421 nomea\u00e7\u00f5es de aprovados no concurso realizado em 2022;<\/li>\n\n\n\n<li>6.404 vagas por meio do edital de processo seletivo para contrata\u00e7\u00e3o em Regime Especial de Direito Administrativo (Reda).<\/li>\n<\/ul>\n\n\n\n<p><em>\u201cEstamos numa frente muito forte de melhoria das condi\u00e7\u00f5es f\u00edsica das escolas, com a constru\u00e7\u00e3o de novas salas de aula, quadras poliesportivas, cozinhas, teatro, laborat\u00f3rios. E para acompanhar tudo isso \u00e9 preciso ter pessoal: administrativo, professores, gestores, coordenadores pedag\u00f3gicos. Foi o que fizemos aqui hoje. Renovamos o concurso e chamamos todos. A nossa inten\u00e7\u00e3o \u00e9 garantir que a rede estadual possa, a partir do dia 3 de fevereiro, j\u00e1 na Jornada Pedag\u00f3gica, ter uma boa quantidade desses profissionais participando\u201d<\/em>, enfatizou.<\/p>\n\n\n\n<h2 class=\"wp-block-heading\" id=\"situa\u00e7\u00e3o\">Concurso SEC BA: edital de 2022<\/h2>\n\n\n\n<h3 class=\"wp-block-heading\" id=\"h-homologado\">Homologado<\/h3>\n\n\n\n<p>Confira abaixo a lista com a classifica\u00e7\u00e3o final de aprovados e a homologa\u00e7\u00e3o do certame:<\/p>\n\n\n\n<ul class=\"wp-block-list\">\n<li><a href=\"https:\/\/www.concursosfcc.com.br\/rybena\/web\/index.html?file=https:\/\/www.concursosfcc.com.br\/concursos\/govba122\/resultado_final_e_homologacao_doe_de_29.04.2023.pdf\" target=\"_blank\" rel=\"noreferrer noopener\">Resultado final e homologa\u00e7\u00e3o<\/a>.<\/li>\n<\/ul>\n\n\n\n<h2 class=\"wp-block-heading\" id=\"h-processo-seletivo-sec-ba\">Processo seletivo SEC BA<\/h2>\n\n\n\n<p>No dia 11 de novembro de 2023 foi publicado o <strong><a href=\"https:\/\/www.estrategiaconcursos.com.br\/blog\/processo-seletivo-sec-ba\/\">Processo Seletivo SEC BA<\/a> <\/strong>e as inscri\u00e7\u00f5es para a contrata\u00e7\u00e3o de pessoal, por tempo determinado, para a fun\u00e7\u00e3o tempor\u00e1ria de Professor da Educa\u00e7\u00e3o B\u00e1sica, Professor da Educa\u00e7\u00e3o Ind\u00edgena, Professor da Educa\u00e7\u00e3o Profissional e mediador est\u00e3o encerradas.<\/p>\n\n\n\n<p>Foram, ao todo, 2.115 vagas de n\u00edveis m\u00e9dio e superior. Os sal\u00e1rios iniciais variavam de <span style=\"font-size: revert; color: initial;\"><strong>R$ 1.029,52 a <\/strong><\/span><strong>R$ 2.525,22.<\/strong><\/p>\n\n\n\n<p>As provas foram aplicadas no dia 22 de janeiro de 2023 e o gabarito preliminar foi divulgado no dia 23 de janeiro. <\/p>\n\n\n\n<p>J\u00e1 no dia 08 de fevereiro, foi publicado o <a href=\"https:\/\/www.estrategiaconcursos.com.br\/blog\/processo-seletivo-sec-ba-resultado-objetiva\/\">resultado e classifica\u00e7\u00e3o preliminar da prova objetiva<\/a>.<\/p>\n\n\n\n<h2 class=\"wp-block-heading\" id=\"h-concurso-sec-ba-cargos-e-vagas\">Concurso SEC BA: cargos e vagas<\/h2>\n\n\n\n<p>O edital do concurso SEC BA ofereceu <strong>2.113 vagas<\/strong> para os seguintes cargos:<\/p>\n\n\n\n<ul class=\"wp-block-list\">\n<li>Professor Padr\u00e3o P (Grau III): 1.806 vagas<\/li>\n\n\n\n<li>Coordenador Pedag\u00f3gico Padr\u00e3o P (Grau III): 307 vagas<\/li>\n<\/ul>\n\n\n\n<p>As vagas para o cargo de Professor se dividiram entre as seguintes especialidades:<\/p>\n\n\n\n<ul class=\"wp-block-list\">\n<li>Linguagem \u2013 Arte;<\/li>\n\n\n\n<li>Ci\u00eancias da Natureza \u2013 Biologia;<\/li>\n\n\n\n<li>Linguagem \u2013 Educa\u00e7\u00e3o F\u00edsica;<\/li>\n\n\n\n<li>Ci\u00eancias Humanas \u2013 Filosofia;<\/li>\n\n\n\n<li>Ci\u00eancias da Natureza \u2013 F\u00edsica;<\/li>\n\n\n\n<li>Ci\u00eancias Humanas \u2013 Geografia;<\/li>\n\n\n\n<li>Ci\u00eancias Humanas \u2013 Hist\u00f3ria;<\/li>\n\n\n\n<li>Linguagem \u2013 L\u00edngua Inglesa;<\/li>\n\n\n\n<li>Linguagem \u2013 L\u00edngua Portuguesa;<\/li>\n\n\n\n<li>Matem\u00e1tica;<\/li>\n\n\n\n<li>Ci\u00eancias da Natureza \u2013 Qu\u00edmica; e<\/li>\n\n\n\n<li>Ci\u00eancias Humanas \u2013 Sociologia.<\/li>\n<\/ul>\n\n\n\n<p>J\u00e1 as vagas para o cargo de Coordenador Pedag\u00f3gico se dividiram entre as seguintes especialidades<\/p>\n\n\n\n<ul class=\"wp-block-list\">\n<li>Coordenador Pedag\u00f3gico Padr\u00e3o P (Grau III); e<\/li>\n\n\n\n<li>Coordenador Pedag\u00f3gico Padr\u00e3o P (Grau III) \u2013 Escolas Ind\u00edgenas.<\/li>\n<\/ul>\n\n\n\n<h3 class=\"wp-block-heading\" id=\"h-remuneracoes\">Remunera\u00e7\u00f5es<\/h3>\n\n\n\n<p>Os aprovados no edital SEC BA fizeram jus aos seguintes sal\u00e1rios iniciais:<\/p>\n\n\n\n<ul class=\"wp-block-list\">\n<li>Professor Padr\u00e3o P (Grau III):&nbsp;<strong>R$ 5.050,43<\/strong>; e<\/li>\n\n\n\n<li>Coordenador Pedag\u00f3gico Padr\u00e3o P (Grau III):&nbsp;<strong>R$ 5.187,88<\/strong>.<\/li>\n<\/ul>\n\n\n\n<p>A remunera\u00e7\u00e3o foi composta do vencimento b\u00e1sico de R$ 3.850,00; e Gratifica\u00e7\u00e3o por Condi\u00e7\u00f5es Especiais de Trabalho, no percentual de 34,75%, incidente sobre o vencimento b\u00e1sico \u2013 R$ 1.337,88.<\/p>\n\n\n\n<p>O valor da gratifica\u00e7\u00e3o poderia variar conforme o cargo, sendo:<\/p>\n\n\n\n<p><strong>Professor<\/strong><\/p>\n\n\n\n<ul class=\"wp-block-list\">\n<li>R$ 1.200,43 \u2013 Gratifica\u00e7\u00e3o de Est\u00edmulo \u00e0s Atividades de Classe, no percentual de 31,18% incidente sobre o vencimento b\u00e1sico.<\/li>\n<\/ul>\n\n\n\n<p><strong>Coordenador Pedag\u00f3gico&nbsp;<\/strong><\/p>\n\n\n\n<ul class=\"wp-block-list\">\n<li>R$ 1.337,88 \u2013 Gratifica\u00e7\u00e3o de Est\u00edmulo \u00e0s Atividades de Classe, no percentual de 31,18% incidente sobre o vencimento b\u00e1sico.<\/li>\n<\/ul>\n\n\n\n<h3 class=\"wp-block-heading\" id=\"carreira\">Requisitos dos cargos<\/h3>\n\n\n\n<p>Para concorrer foi necess\u00e1rio atender aos seguintes requisitos:<\/p>\n\n\n\n<h3 class=\"wp-block-heading\" id=\"professor\">Professor<\/h3>\n\n\n\n<ul class=\"wp-block-list\">\n<li><strong>Linguagem \u2013 Arte<\/strong>: Diploma, devidamente registrado, de curso superior de licenciatura plena do campo das artes \u2013 como licenciatura de Artes e suas Tecnologias, de licenciatura do Curso de Artes, licenciatura do Curso de Cultura Art\u00edstica, licenciatura do Curso de Arte Educa\u00e7\u00e3o \u2013 ou mesmo de licenciatura de campos definidos como Educa\u00e7\u00e3o Art\u00edstica, Artes e suas Tecnologias, Artes Visuais, C\u00f3digos e Linguagens, Dan\u00e7a, M\u00fasica, Teatro, Cinema e Audiovisual, Educa\u00e7\u00e3o Musical, Artes Pl\u00e1sticas, Artes C\u00eanicas, ou ainda, diploma de habilita\u00e7\u00e3o \u2013 em campos conexos \u00e0s artes e ao ensino das artes \u2013 oriundo do curso superior de licenciatura, fornecido por Institui\u00e7\u00e3o de Ensino Superior em situa\u00e7\u00e3o regular no cadastro do Minist\u00e9rio da Educa\u00e7\u00e3o (MEC).<\/li>\n\n\n\n<li><strong>Ci\u00eancias da Natureza \u2013 Biologia<\/strong>: Diploma, devidamente registrado, de curso superior de licenciatura plena em Ci\u00eancias Biol\u00f3gicas, ou licenciatura plena em Ci\u00eancias Naturais, ou licenciatura plena em Ci\u00eancias da Natureza, ou licenciatura interdisciplinar em Ci\u00eancias da Natureza e suas Tecnologias, ou, ainda, diploma de habilita\u00e7\u00e3o espec\u00edfica em Biologia oriundo de curso superior de licenciatura, fornecidos por Institui\u00e7\u00e3o de Ensino Superior em situa\u00e7\u00e3o regular no cadastro do Minist\u00e9rio da Educa\u00e7\u00e3o (MEC).<\/li>\n\n\n\n<li><strong>Linguagem \u2013 Educa\u00e7\u00e3o F\u00edsica<\/strong>: Diploma, devidamente registrado, de curso superior de licenciatura plena em Educa\u00e7\u00e3o F\u00edsica, ou licenciatura plena em Educa\u00e7\u00e3o Corporal, ou ainda, diploma de habilita\u00e7\u00e3o \u2013 em campos conexos \u00e0 cultura corporal\/exerc\u00edcio f\u00edsico em escolas e, tamb\u00e9m, ao ensino da educa\u00e7\u00e3o f\u00edsica \u2013 oriundo de curso superior de licenciatura, fornecidos por Institui\u00e7\u00e3o de Ensino Superior em situa\u00e7\u00e3o regular no cadastro do Minist\u00e9rio da Educa\u00e7\u00e3o (MEC).<\/li>\n\n\n\n<li><strong>Ci\u00eancias Humanas \u2013 Filosofia<\/strong>: Diploma, devidamente registrado, de curso superior de licenciatura plena em Filosofia, ou licenciatura plena em Ci\u00eancias da Sociedade, licenciatura interdisciplinar em Ci\u00eancias Humanas e Sociais e suas Tecnologias ou, ainda, diploma de habilita\u00e7\u00e3o espec\u00edfica oriundo de curso superior de licenciatura, fornecidos por Institui\u00e7\u00e3o de Ensino Superior reconhecida em situa\u00e7\u00e3o regular no cadastro do Minist\u00e9rio da Educa\u00e7\u00e3o (MEC).<\/li>\n\n\n\n<li><strong>Ci\u00eancias da Natureza \u2013 F\u00edsica<\/strong>: Diploma, devidamente registrado, de curso superior de licenciatura plena em F\u00edsica, ou licenciatura plena em Ci\u00eancias da Natureza, ou em licenciatura interdisciplinar em Ci\u00eancias da Natureza e suas Tecnologias ou diploma de habilita\u00e7\u00e3o espec\u00edfica em F\u00edsica oriundo de curso superior de licenciatura, fornecidos por Institui\u00e7\u00e3o de Ensino Superior em situa\u00e7\u00e3o regular no cadastro do Minist\u00e9rio da Educa\u00e7\u00e3o (MEC).<\/li>\n\n\n\n<li><strong>Ci\u00eancias Humanas \u2013 Geografia<\/strong>: Diploma, devidamente registrado, de curso superior de licenciatura plena em Geografia ou licenciatura plena em Ci\u00eancias Humanas e Sociais, ou licenciatura interdisciplinar em Ci\u00eancias Humanas e Sociais e suas Tecnologias, ou, ainda, diploma de habilita\u00e7\u00e3o espec\u00edfica em Geografia, oriundo de curso superior de licenciatura, fornecidos por Institui\u00e7\u00e3o de Ensino Superior reconhecida pelo Minist\u00e9rio da Educa\u00e7\u00e3o (MEC)<\/li>\n\n\n\n<li><strong>Ci\u00eancias Humanas \u2013 Hist\u00f3ria<\/strong>: Diploma, devidamente registrado, de curso superior de licenciatura plena em Hist\u00f3ria, ou licenciatura plena em Ci\u00eancias Humanas e Sociais, ou licenciatura interdisciplinar em Ci\u00eancias Humanas e Sociais e suas Tecnologias ou, ainda, ou diploma de habilita\u00e7\u00e3o espec\u00edfica em Hist\u00f3ria, oriundo de curso superior de licenciatura, fornecidos por Institui\u00e7\u00e3o de Ensino Superior em situa\u00e7\u00e3o regular no cadastro do Minist\u00e9rio da Educa\u00e7\u00e3o (MEC).<\/li>\n\n\n\n<li><strong>Linguagem \u2013 L\u00edngua Inglesa<\/strong>: Diploma, devidamente registrado, de curso superior de licenciatura plena em Letras \u2013 Ingl\u00eas, ou licenciatura plena em L\u00edngua e Literatura Inglesa, ou curso superior de licenciatura plena em Letras \u2013 L\u00edngua Inglesa e Literaturas de L\u00edngua Inglesa, ou, ainda, diploma de habilita\u00e7\u00e3o espec\u00edfica oriundo de curso superior de licenciatura em Letras (com \u00eanfase em L\u00edngua Inglesa), fornecidos por Institui\u00e7\u00e3o de Ensino Superior em situa\u00e7\u00e3o regular no cadastro do Minist\u00e9rio da Educa\u00e7\u00e3o (MEC).<\/li>\n\n\n\n<li><strong>Linguagem \u2013 L\u00edngua Portuguesa<\/strong>: Diploma, devidamente registrado, de curso superior de licenciatura plena em L\u00edngua Portuguesa, ou licenciatura plena em L\u00edngua e Literatura Portuguesa, ou, ainda, licenciatura plena em C\u00f3digos e Linguagens, bem como diploma de habilita\u00e7\u00e3o em Letras oriundo de curso superior de licenciatura, ou, tamb\u00e9m, licenciatura interdisciplinar em Linguagens e C\u00f3digos e suas Tecnologias, ou licenciatura em C\u00f3digos e Linguagens, fornecidos por Institui\u00e7\u00e3o de Ensino Superior em situa\u00e7\u00e3o regular no cadastro do Minist\u00e9rio da Educa\u00e7\u00e3o (MEC)<\/li>\n\n\n\n<li><strong>Matem\u00e1tica<\/strong>: Diploma, devidamente registrado, de curso superior de licenciatura plena em Matem\u00e1tica, ou licenciatura interdisciplinar em Matem\u00e1tica e Computa\u00e7\u00e3o e suas Tecnologias, ou licenciatura em Ci\u00eancias da Natureza e Matem\u00e1tica, ou, ainda, diploma de habilita\u00e7\u00e3o espec\u00edfica em Matem\u00e1tica oriundo de curso superior de licenciatura, fornecidos por Institui\u00e7\u00e3o<\/li>\n\n\n\n<li><strong>Ci\u00eancias da Natureza \u2013 Qu\u00edmica<\/strong>: Diploma, devidamente registrado, de curso superior de licenciatura plena em Qu\u00edmica, ou licenciatura plena em Ci\u00eancias da Natureza, ou em licenciatura interdisciplinar em Ci\u00eancias da Natureza e suas Tecnologias ou diploma de habilita\u00e7\u00e3o espec\u00edfica em Qu\u00edmica oriundo de curso superior de licenciatura, fornecidos por Institui\u00e7\u00e3o de Ensino Superior em situa\u00e7\u00e3o regular no cadastro do Minist\u00e9rio da Educa\u00e7\u00e3o (MEC).<\/li>\n\n\n\n<li><strong>Ci\u00eancias Humanas \u2013 Sociologia<\/strong>: Diploma, devidamente registrado, de curso superior de licenciatura plena em Ci\u00eancias Sociais, de licenciatura plena em Ci\u00eancias Sociais ou em Ci\u00eancias da Sociedade, licenciatura interdisciplinar em Ci\u00eancias Humanas e Sociais e suas Tecnologias, ou, ainda, diploma de habilita\u00e7\u00e3o espec\u00edfica (a exemplo de: Sociologia, Ci\u00eancias Sociais, Ci\u00eancias da Sociedade, Ci\u00eancias Humanas e Sociais, ou outra similar), oriundo de curso superior de licenciatura, fornecidos por Institui\u00e7\u00e3o de Ensino Superior em situa\u00e7\u00e3o regular no cadastro do Minist\u00e9rio da Educa\u00e7\u00e3o (MEC).<\/li>\n<\/ul>\n\n\n\n<h3 class=\"wp-block-heading\" id=\"coordenador-pedagogico\">Coordenador Pedag\u00f3gico<\/h3>\n\n\n\n<ul class=\"wp-block-list\">\n<li>Coordenador Pedag\u00f3gico Padr\u00e3o P (Grau III): Diploma, devidamente registrado, de conclus\u00e3o de curso superior de gradua\u00e7\u00e3o em Pedagogia, fornecido por Institui\u00e7\u00e3o de Ensino Superior reconhecida pelo Minist\u00e9rio da Educa\u00e7\u00e3o (MEC)<\/li>\n\n\n\n<li>Coordenador Pedag\u00f3gico Padr\u00e3o P (Grau III) \u2013 Escolas Ind\u00edgenas: Diploma, devidamente registrado, de conclus\u00e3o de curso superior de gradua\u00e7\u00e3o em Pedagogia ou Pedagogia Intercultural, fornecido por Institui\u00e7\u00e3o de Ensino Superior reconhecida pelo Minist\u00e9rio da Educa\u00e7\u00e3o (MEC). Para o provimento de Coordenador Pedag\u00f3gico em vagas destinadas para unidades escolas ind\u00edgenas dever\u00e3o ser preenchidas, somente com ind\u00edgenas, prioritariamente dentro da mesma etnia, observado o disposto nos artigos 5\u00ba e 23\u00ba da Lei estadual n\u00ba 12.046, de 04 de janeiro de 2011 e suas altera\u00e7\u00f5es. S\u00e3o requisitos para investidura no cargo de Coordenador Pedag\u00f3gico Padr\u00e3o P \u2013 Grau III para as Escolas Ind\u00edgenas, al\u00e9m dos requisitos e condi\u00e7\u00f5es discriminados abaixo:\n<ul class=\"wp-block-list\">\n<li>Ser ind\u00edgena e pertencer, prioritariamente, a etnia da aldeia onde dever\u00e1 exercer as suas atividades, comprovada mediante autodeclara\u00e7\u00e3o de sua identidade \u00e9tnica ind\u00edgena e declara\u00e7\u00e3o de reconhecimento dessa identidade por parte do grupo de origem, expedida por l\u00edderes da comunidade (Caciques e Conselheiros da Aldeia) onde funciona a Unidade Escolar na qual dever\u00e1 exercer as suas atividades.<\/li>\n\n\n\n<li>Possuir conhecimento dos processos de produ\u00e7\u00e3o e dos processos econ\u00f4micos pr\u00f3prios da comunidade e dos m\u00e9todos de ensino-aprendizagem para que possam desenvolver a interlocu\u00e7\u00e3o cultural e a pr\u00e1tica da cidadania, comprovado mediante declara\u00e7\u00e3o expedida pelo l\u00edder da comunidade (Cacique da Aldeia) onde funciona a Unidade Escolar na qual dever\u00e1 exercer as suas atividades.<\/li>\n<\/ul>\n<\/li>\n<\/ul>\n\n\n\n<h2 class=\"wp-block-heading\" id=\"h-concurso-sec-ba-provas-e-etapas\">Concurso SEC BA: provas e etapas <\/h2>\n\n\n\n<p>Os candidatos foram avaliados por meio de tr\u00eas etapas:<\/p>\n\n\n\n<ul class=\"wp-block-list\">\n<li>Provas objetivas, de car\u00e1ter eliminat\u00f3rio e classificat\u00f3rio;<\/li>\n\n\n\n<li>Prova discursiva, de car\u00e1ter eliminat\u00f3rio e classificat\u00f3rio; e<\/li>\n\n\n\n<li>Prova de t\u00edtulos, de car\u00e1ter classificat\u00f3rio.<\/li>\n<\/ul>\n\n\n\n<p>As provas objetiva e discursiva foram aplicadas no dia&nbsp;6 de novembro de 2022, no per\u00edodo da manh\u00e3. As etapas ser\u00e3o aplicadas nas seguintes cidades:<\/p>\n\n\n\n<ul class=\"wp-block-list\">\n<li>Alagoinhas<\/li>\n\n\n\n<li>Amargosa<\/li>\n\n\n\n<li>Barreiras<\/li>\n\n\n\n<li>Bom Jesus da Lapa<\/li>\n\n\n\n<li>Caetit\u00e9<\/li>\n\n\n\n<li>Eun\u00e1polis<\/li>\n\n\n\n<li>Feira de Santana<\/li>\n\n\n\n<li>Ipir\u00e1<\/li>\n\n\n\n<li>Irec\u00ea<\/li>\n\n\n\n<li>Itaberaba<\/li>\n\n\n\n<li>Itabuna<\/li>\n\n\n\n<li>Itapetinga<\/li>\n\n\n\n<li>Jacobina<\/li>\n\n\n\n<li>Juazeiro<\/li>\n\n\n\n<li>Jequi\u00e9<\/li>\n\n\n\n<li>Maca\u00fabas<\/li>\n\n\n\n<li>Paulo Afonso<\/li>\n\n\n\n<li>Ribeira do Pombal<\/li>\n\n\n\n<li>Salvador<\/li>\n\n\n\n<li>Santa Maria da Vit\u00f3ria<\/li>\n\n\n\n<li>Seabra, Serrinha<\/li>\n\n\n\n<li>Santo Ant\u00f4nio de Jesus<\/li>\n\n\n\n<li>Senhor do Bonfim<\/li>\n\n\n\n<li>Teixeira de Freitas<\/li>\n\n\n\n<li>Valen\u00e7a<\/li>\n\n\n\n<li>Vit\u00f3ria da Conquista.<\/li>\n<\/ul>\n\n\n\n<h3 class=\"wp-block-heading\" id=\"h-provas-objetivas\">Provas objetivas<\/h3>\n\n\n\n<p>As provas objetivas para o cargo de Professor contaram com 60 quest\u00f5es, sendo<\/p>\n\n\n\n<ul class=\"wp-block-list\">\n<li>Conhecimentos gerais: 20 quest\u00f5es (peso 1,5);<\/li>\n\n\n\n<li>Conhecimentos interdisciplinares: 20 quest\u00f5es (peso 1,5); e<\/li>\n\n\n\n<li>Conhecimentos espec\u00edficos: 10 quest\u00f5es (peso 4,0).<\/li>\n<\/ul>\n\n\n\n<p>A prova teve, ao todo, 100 pontos. Foi considerado aprovado o candidato que obteve, cumulativamente, a soma dos pontos igual ou superior a&nbsp;<strong>60 pontos<\/strong>!<\/p>\n\n\n\n<p>J\u00e1 para o cargo de Coordenador Pedag\u00f3gico, a prova objetiva contou com 50 quest\u00f5es, sendo:<\/p>\n\n\n\n<ul class=\"wp-block-list\">\n<li>Conhecimentos gerais: 30 quest\u00f5es (peso 2,0);<\/li>\n\n\n\n<li>Conhecimentos espec\u00edficos: 10 quest\u00f5es (peso 4,0).<\/li>\n<\/ul>\n\n\n\n<p>A prova valer\u00e1, ao todo, 100 pontos. Ser\u00e1 considerado aprovado quem obtiver, cumulativamente, a soma dos pontos igual ou superior a&nbsp;<strong>60 pontos<\/strong>!<\/p>\n\n\n\n<h3 class=\"wp-block-heading\" id=\"h-prova-discursiva\">Prova discursiva <\/h3>\n\n\n\n<p><strong>Professor<\/strong><\/p>\n\n\n\n<p>A prova discursiva para o cargo de Professor consistiu de 3 quest\u00f5es e versar\u00e1 sobre conte\u00fado program\u00e1tico, sendo:&nbsp;<\/p>\n\n\n\n<ul class=\"wp-block-list\">\n<li><strong>1 de conhecimentos gerais (valor de 30 pontos), <\/strong><\/li>\n\n\n\n<li><strong>1 de conhecimentos interdisciplinares (valor de 30 pontos) e <\/strong><\/li>\n\n\n\n<li><strong>1 de conhecimentos espec\u00edficos (valor de 40 pontos).<\/strong><\/li>\n<\/ul>\n\n\n\n<p>Nesta etapa ser\u00e3o considerados:<\/p>\n\n\n\n<ul class=\"wp-block-list\">\n<li>Compreens\u00e3o e o conhecimento dos temas;<\/li>\n\n\n\n<li>Desenvolvimento e a adequa\u00e7\u00e3o da argumenta\u00e7\u00e3o;<\/li>\n\n\n\n<li>Conex\u00e3o e pertin\u00eancia<\/li>\n\n\n\n<li>Objetividade<\/li>\n\n\n\n<li>Sequ\u00eancia l\u00f3gica<\/li>\n\n\n\n<li>Corre\u00e7\u00e3o gramatical da linguagem.<\/li>\n<\/ul>\n\n\n\n<p>Foi considerado aprovado o candidato que obtiver nota igual ou superior a 60 pontos e que n\u00e3o tiver obtido nota 0 em nenhuma das quest\u00f5es.<\/p>\n\n\n\n<p><strong>Coordenador Pedag\u00f3gico<\/strong><\/p>\n\n\n\n<p>A prova discursiva foi feita por meio de produ\u00e7\u00e3o de duas quest\u00f5es:<strong> <\/strong><\/p>\n\n\n\n<ul class=\"wp-block-list\">\n<li><strong>1 versar\u00e1 sobre o conte\u00fado de conhecimentos gerais (valor de 50 pontos); e<\/strong> a<\/li>\n\n\n\n<li><strong>2 versar\u00e1 sobre conte\u00fado de conhecimentos espec\u00edficos (valor de 50 pontos).<\/strong><\/li>\n<\/ul>\n\n\n\n<p>Nesta etapa ser\u00e3o considerados:<\/p>\n\n\n\n<ul class=\"wp-block-list\">\n<li>Compreens\u00e3o e o conhecimento dos temas;<\/li>\n\n\n\n<li>Desenvolvimento e a adequa\u00e7\u00e3o da argumenta\u00e7\u00e3o;<\/li>\n\n\n\n<li>Conex\u00e3o e pertin\u00eancia<\/li>\n\n\n\n<li>Objetividade<\/li>\n\n\n\n<li>Sequ\u00eancia l\u00f3gica<\/li>\n\n\n\n<li>Corre\u00e7\u00e3o gramatical da linguagem.<\/li>\n<\/ul>\n\n\n\n<p>Foi considerado aprovado o candidato que obtiver nota igual ou superior a 60 pontos e que n\u00e3o tiver obtido nota 0 em nenhuma das quest\u00f5es.<\/p>\n\n\n\n<h3 class=\"wp-block-heading\" id=\"titulos\">Avalia\u00e7\u00e3o de T\u00edtulos<\/h3>\n\n\n\n<p>Os candidatos considerados habilitados na Prova Discursiva tiveram avaliados os t\u00edtulos e os respectivos documentos comprobat\u00f3rios, para fins e pontua\u00e7\u00e3o, nessa fase de avalia\u00e7\u00e3o, na forma prevista no edital. Valor m\u00e1ximo de 5,00 pontos.<\/p>\n\n\n\n<h2 class=\"wp-block-heading\" id=\"ultimo\">\u00daltimo concurso SEC BA<\/h2>\n\n\n\n<p>O \u00faltimo edital do concurso SEC, publicado em 2017, ofertou 3.096 vagas para o cargo de Professor Padr\u00e3o P&nbsp;\u2013 Grau IA&nbsp;de n\u00edvel superior nas mais diversas especialidades e 664 vagas para Coordenador Pedag\u00f3gico Padr\u00e3o P \u2013 Grau IA, ambos de n\u00edvel superior. As remunera\u00e7\u00f5es ofertadas foram de R$&nbsp; 2.814,28 e&nbsp;R$ 2.890,87.<\/p>\n\n\n\n<p>As vagas ofertadas para Professor contemplaram as seguintes \u00e1reas de ensino abaixo: <em>Artes<\/em>, <em>Biologia<\/em>, <em>Educa\u00e7\u00e3o F\u00edsica<\/em>, <em>Filosofia<\/em>, <em>F\u00edsica<\/em>, <em>Geografia<\/em>, <em>Hist\u00f3ria<\/em>, <em>Ingl\u00eas<\/em>, <em>Portugu\u00eas<\/em>, <em>Matem\u00e1tica<\/em>, <em>Qu\u00edmica<\/em>, <em>Sociologia<\/em>. O concurso foi realizado pela FCC &#8211; Funda\u00e7\u00e3o Carlos Chagas e a taxa de inscri\u00e7\u00e3o fixada em R$ 100,00. <\/p>\n\n\n\n<h3 class=\"wp-block-heading\" id=\"fases\">Etapas de provas <\/h3>\n\n\n\n<p>Os candidatos foram avaliados por meio de <strong>prova objetiva, prova discursiva e avalia\u00e7\u00e3o de t\u00edtulos<\/strong>. As provas objetiva e discursiva foram realizadas no mesmo dia e tiveram, juntas, a dura\u00e7\u00e3o de 4 horas e 30 minutos. <\/p>\n\n\n\n<p>A prova objetiva constou de 50 quest\u00f5es, com valor total de 100 pontos, contando com as disciplinas de Conhecimentos Gerais (20 quest\u00f5es &#8211; peso 1.,0); Conhecimentos Interdisciplinares (20 quest\u00f5es &#8211; peso 1,0) e Conhecimentos Espec\u00edficos (10 quest\u00f5es &#8211; peso 4,0). Foi considerado habilitado o candidato que, cumulativamente, obtivesse na soma dos pontos nota igual ou superior a 50,00 pontos.<\/p>\n\n\n\n<p>J\u00e1 a prova discursiva constou de uma quest\u00e3o versando sobre conte\u00fado de Conhecimentos Gerais (valor de 50,00 pontos), e a segunda quest\u00e3o que versou sobre conte\u00fado de Conhecimentos Espec\u00edficos (valor de 50,00 pontos). A Prova foi avaliada na escala de 0 a 100,00 pontos, considerando-se habilitado o candidato que nela obtivesse nota igual ou superior a 50,00 pontos.<\/p>\n\n\n\n<p>A prova de t\u00edtulos limitou-se ao valor m\u00e1ximo de 2,25 pontos e considerou as titula\u00e7\u00f5es acad\u00eamicas em Educa\u00e7\u00e3o ou na pr\u00f3pria \u00e1rea de conhecimento da licenciatura plena ou em \u00e1rea de conhecimento correlata\/afim ao desempenho das atribui\u00e7\u00f5es inerentes ao Cargo, atribuindo-se pontua\u00e7\u00e3o aos t\u00edtulos de doutorado (1,50 pontos); mestrado (1,00 ponto) e especializa\u00e7\u00e3o com carga hor\u00e1ria m\u00ednima de 360 horas (0,25 pontos). <\/p>\n\n\n\n<h2 class=\"wp-block-heading has-text-align-center\" id=\"cursos\">Quer saber tudo sobre concursos previstos?<br \/><strong>Confira nossos artigos!<\/strong><\/h2>\n\n\n\n<ul class=\"wp-block-list\">\n<li><a href=\"https:\/\/www.estrategiaconcursos.com.br\/blog\/concursos-abertos\/\" target=\"_blank\" rel=\"noreferrer noopener\">Concursos abertos<\/a><\/li>\n\n\n\n<li><a href=\"https:\/\/www.estrategiaconcursos.com.br\/blog\/concursos-educacao\/\">Concursos educa\u00e7\u00e3o<\/a><\/li>\n\n\n\n<li><a href=\"https:\/\/www.estrategiaconcursos.com.br\/blog\/concursos-2026\/\" target=\"_blank\" rel=\"noreferrer noopener\">Concursos 2026<\/a><\/li>\n<\/ul>\n\n\n\n<h2 class=\"wp-block-heading has-text-align-center\" id=\"cursos-assinatura\"><em>Quer estudar para o Concurso SEC BA?<\/em><\/h2>\n\n\n\n<p class=\"has-text-align-center\"><em>Gostou desta oportunidade e deseja come\u00e7ar se preparar agora mesmo? <\/em><br \/><em>Ent\u00e3o, confira os nossos cursos e comece a estudar:<\/em><\/p>\n\n\n\n<div class=\"container\" id=\"boxes\">\n  <div class=\"row\">\n\n    <div class=\"col-sm\">\n      <div class=\"banner-estrategia\" id=\"box-assinatura\">\n        <h3 class=\"titulo-assinatura\">Curso SEC BA<\/h3>\n        <p class=\"subtitulo-assinatura\">Conhe\u00e7a os cursos<\/p>\n        <div class=\"box-botao\">\n          <a class=\"btn-assinatura\" target=\"_blank\" href=\"https:\/\/www.estrategiaconcursos.com.br\/cursosPorConcurso\/secretaria-da-educacao-do-estado-da-bahia-sec-ba\/\" role=\"button\" rel=\"noopener noreferrer\">Conhe\u00e7a mais<\/a>\n        <\/div>\n      <\/div>\n      <p class=\"texto-auxiliar\">Prepare-se com o melhor material e com quem mais aprova em Concursos P\u00fablicos em todo o pa\u00eds.<\/p>\n    <\/div>\n\n  <\/div>\n<\/div>\n\n\n\n<div class=\"container\" id=\"boxes\">\n  <div class=\"row\">\n\n    <div class=\"col-sm\">\n      <div class=\"estrategia\" id=\"box-assinatura\">\n        <h3 class=\"titulo-assinatura\">Assinatura Concursos<\/h3>\n        <p class=\"subtitulo-assinatura\">Assinatura de 1 ano ou 2 anos<\/p>\n        <div class=\"box-botao\">\n          <a class=\"btn-assinatura\" target=\"_blank\" href=\"https:\/\/www.estrategiaconcursos.com.br\/assinaturas\/\" role=\"button\" rel=\"noopener noreferrer\">ASSINE AGORA<\/a>\n        <\/div>\n      <\/div>\n     \n    <\/div><\/div><\/div>\n\n\n\n<figure class=\"wp-block-image size-large is-resized\"><img loading=\"lazy\" decoding=\"async\" width=\"1024\" height=\"632\" src=\"https:\/\/dhg1h5j42swfq.cloudfront.net\/2021\/03\/31093931\/ficha-tecnica-1-3-1024x632.png\" alt=\"SEC BA\" class=\"wp-image-705057\" style=\"width:176px;height:109px\" srcset=\"https:\/\/dhg1h5j42swfq.cloudfront.net\/2021\/03\/31093931\/ficha-tecnica-1-3-1024x632.png 1024w, https:\/\/dhg1h5j42swfq.cloudfront.net\/2021\/03\/31093931\/ficha-tecnica-1-3-300x185.png 300w, https:\/\/dhg1h5j42swfq.cloudfront.net\/2021\/03\/31093931\/ficha-tecnica-1-3-768x474.png 768w, https:\/\/dhg1h5j42swfq.cloudfront.net\/2021\/03\/31093931\/ficha-tecnica-1-3-1536x948.png 1536w, https:\/\/dhg1h5j42swfq.cloudfront.net\/2021\/03\/31093931\/ficha-tecnica-1-3-610x377.png 610w, https:\/\/dhg1h5j42swfq.cloudfront.net\/2021\/03\/31093931\/ficha-tecnica-1-3.png 1571w\" sizes=\"auto, (max-width: 1024px) 100vw, 1024px\" \/><\/figure>\n\n\n\n<p id=\"ficha\"><strong>Informa\u00e7\u00f5es do \u00faltimo concurso SEC BA<\/strong><\/p>\n\n\n\n<ul class=\"wp-block-list\">\n<li><strong>Provas<\/strong>: <s>06 de novembro de 2022<\/s><\/li>\n\n\n\n<li><strong>Vagas<\/strong>: 2.113<\/li>\n\n\n\n<li><strong>Cargos<\/strong>: Professores e Coordenadores Pedag\u00f3gicos<\/li>\n\n\n\n<li><strong>Banca<\/strong>: FCC<\/li>\n\n\n\n<li><strong>Escolaridade<\/strong>: superior<\/li>\n\n\n\n<li><strong>Edital<\/strong>:&nbsp;<a href=\"https:\/\/dhg1h5j42swfq.cloudfront.net\/2022\/08\/02052905\/edital-sec-ba.pdf\" target=\"_blank\" rel=\"noreferrer noopener\">SEC BA 2022<\/a><\/li>\n<\/ul>\n","protected":false},"excerpt":{"rendered":"<p>A SEC BA (Secretaria de Educa\u00e7\u00e3o do Estado da Bahia) divulgou a informa\u00e7\u00e3o de que pretende aderir \u00e0 Prova Nacional Docente para realiza\u00e7\u00e3o do seu novo concurso. A ades\u00e3o foi confirmada pela secret\u00e1ria de Educa\u00e7\u00e3o, Rowenna Brito, durante uma live em suas redes sociais no dia 8 de janeiro de 2026. Al\u00e9m disso, ela confirmou [&hellip;]<\/p>\n","protected":false},"author":1,"featured_media":1090639,"comment_status":"open","ping_status":"closed","sticky":false,"template":"","format":"standard","meta":{"post_tipo":"news_page","footnotes":""},"categories":[3766],"tags":[],"tax_estado":[219968],"class_list":["post-366816","post","type-post","status-publish","format-standard","has-post-thumbnail","hentry","category-educacional","tax_estado-ba"],"acf":[],"yoast_head":"<!-- This site is optimized with the Yoast SEO Premium plugin v27.2 (Yoast SEO v27.2) - https:\/\/yoast.com\/product\/yoast-seo-premium-wordpress\/ -->\n<title>Concurso SEC BA: novo edital em abril de 2026!<\/title>\n<meta name=\"description\" content=\"Concurso SEC BA: foram anunciadas mais de 8 mil novas contrata\u00e7\u00f5es de profissionais para 2026 e ades\u00e3o \u00e0 PND!\" \/>\n<meta name=\"robots\" content=\"index, follow, max-snippet:-1, max-image-preview:large, max-video-preview:-1\" \/>\n<link rel=\"canonical\" href=\"https:\/\/www.estrategiaconcursos.com.br\/blog\/concurso-sec-ba\/\" \/>\n<meta property=\"og:locale\" content=\"pt_BR\" \/>\n<meta property=\"og:type\" content=\"article\" \/>\n<meta property=\"og:title\" content=\"Concurso SEC BA: novo edital em abril de 2026!\" \/>\n<meta property=\"og:description\" content=\"Concurso SEC BA: foram anunciadas mais de 8 mil novas contrata\u00e7\u00f5es de profissionais para 2026 e ades\u00e3o \u00e0 PND!\" \/>\n<meta property=\"og:url\" content=\"https:\/\/www.estrategiaconcursos.com.br\/blog\/concurso-sec-ba\/\" \/>\n<meta property=\"og:site_name\" content=\"Estrat\u00e9gia Concursos\" \/>\n<meta property=\"article:author\" content=\"https:\/\/www.facebook.com\/EstrategiaConcursos\" \/>\n<meta property=\"article:published_time\" content=\"2026-01-08T21:35:02+00:00\" \/>\n<meta property=\"article:modified_time\" content=\"2026-01-09T13:26:47+00:00\" \/>\n<meta property=\"og:image\" content=\"https:\/\/dhg1h5j42swfq.cloudfront.net\/2022\/09\/06185737\/concursos_educacao.jpg\" \/>\n\t<meta property=\"og:image:width\" content=\"768\" \/>\n\t<meta property=\"og:image:height\" content=\"432\" \/>\n\t<meta property=\"og:image:type\" content=\"image\/jpeg\" \/>\n<meta name=\"author\" content=\"Coordena\u00e7\u00e3o\" \/>\n<meta name=\"twitter:card\" content=\"summary_large_image\" \/>\n<meta name=\"twitter:creator\" content=\"@EstratConcursos\" \/>\n<meta name=\"twitter:site\" content=\"@EstratConcursos\" \/>\n<meta name=\"twitter:label1\" content=\"Escrito por\" \/>\n\t<meta name=\"twitter:data1\" content=\"Coordena\u00e7\u00e3o\" \/>\n\t<meta name=\"twitter:label2\" content=\"Est. tempo de leitura\" \/>\n\t<meta name=\"twitter:data2\" content=\"16 minutos\" \/>\n<script type=\"application\/ld+json\" class=\"yoast-schema-graph\">{\"@context\":\"https:\/\/schema.org\",\"@graph\":[{\"@type\":\"NewsArticle\",\"@id\":\"https:\/\/www.estrategiaconcursos.com.br\/blog\/concurso-sec-ba\/#article\",\"isPartOf\":{\"@id\":\"https:\/\/www.estrategiaconcursos.com.br\/blog\/concurso-sec-ba\/\"},\"author\":{\"name\":\"Coordena\u00e7\u00e3o\",\"@id\":\"https:\/\/www.estrategiaconcursos.com.br\/blog\/#\/schema\/person\/b4a388c97673c5f483d72185668afa1f\"},\"headline\":\"Concurso SEC BA: novo edital em abril de 2026!\",\"datePublished\":\"2026-01-08T21:35:02+00:00\",\"dateModified\":\"2026-01-09T13:26:47+00:00\",\"mainEntityOfPage\":{\"@id\":\"https:\/\/www.estrategiaconcursos.com.br\/blog\/concurso-sec-ba\/\"},\"wordCount\":3009,\"commentCount\":0,\"publisher\":{\"@id\":\"https:\/\/www.estrategiaconcursos.com.br\/blog\/#organization\"},\"image\":{\"@id\":\"https:\/\/www.estrategiaconcursos.com.br\/blog\/concurso-sec-ba\/#primaryimage\"},\"thumbnailUrl\":\"https:\/\/dhg1h5j42swfq.cloudfront.net\/2022\/09\/06185737\/concursos_educacao.jpg\",\"articleSection\":[\"Educa\u00e7\u00e3o\"],\"inLanguage\":\"pt-BR\",\"potentialAction\":[{\"@type\":\"CommentAction\",\"name\":\"Comment\",\"target\":[\"https:\/\/www.estrategiaconcursos.com.br\/blog\/concurso-sec-ba\/#respond\"]}],\"copyrightYear\":\"2026\",\"copyrightHolder\":{\"@id\":\"https:\/\/www.estrategiaconcursos.com.br\/blog\/#organization\"}},{\"@type\":\"WebPage\",\"@id\":\"https:\/\/www.estrategiaconcursos.com.br\/blog\/concurso-sec-ba\/\",\"url\":\"https:\/\/www.estrategiaconcursos.com.br\/blog\/concurso-sec-ba\/\",\"name\":\"Concurso SEC BA: novo edital em abril de 2026!\",\"isPartOf\":{\"@id\":\"https:\/\/www.estrategiaconcursos.com.br\/blog\/#website\"},\"primaryImageOfPage\":{\"@id\":\"https:\/\/www.estrategiaconcursos.com.br\/blog\/concurso-sec-ba\/#primaryimage\"},\"image\":{\"@id\":\"https:\/\/www.estrategiaconcursos.com.br\/blog\/concurso-sec-ba\/#primaryimage\"},\"thumbnailUrl\":\"https:\/\/dhg1h5j42swfq.cloudfront.net\/2022\/09\/06185737\/concursos_educacao.jpg\",\"datePublished\":\"2026-01-08T21:35:02+00:00\",\"dateModified\":\"2026-01-09T13:26:47+00:00\",\"description\":\"Concurso SEC BA: foram anunciadas mais de 8 mil novas contrata\u00e7\u00f5es de profissionais para 2026 e ades\u00e3o \u00e0 PND!\",\"breadcrumb\":{\"@id\":\"https:\/\/www.estrategiaconcursos.com.br\/blog\/concurso-sec-ba\/#breadcrumb\"},\"inLanguage\":\"pt-BR\",\"potentialAction\":[{\"@type\":\"ReadAction\",\"target\":[\"https:\/\/www.estrategiaconcursos.com.br\/blog\/concurso-sec-ba\/\"]}]},{\"@type\":\"ImageObject\",\"inLanguage\":\"pt-BR\",\"@id\":\"https:\/\/www.estrategiaconcursos.com.br\/blog\/concurso-sec-ba\/#primaryimage\",\"url\":\"https:\/\/dhg1h5j42swfq.cloudfront.net\/2022\/09\/06185737\/concursos_educacao.jpg\",\"contentUrl\":\"https:\/\/dhg1h5j42swfq.cloudfront.net\/2022\/09\/06185737\/concursos_educacao.jpg\",\"width\":768,\"height\":432,\"caption\":\"Concurso SME Indaial SP\"},{\"@type\":\"BreadcrumbList\",\"@id\":\"https:\/\/www.estrategiaconcursos.com.br\/blog\/concurso-sec-ba\/#breadcrumb\",\"itemListElement\":[{\"@type\":\"ListItem\",\"position\":1,\"name\":\"In\u00edcio\",\"item\":\"https:\/\/www.estrategiaconcursos.com.br\/blog\/\"},{\"@type\":\"ListItem\",\"position\":2,\"name\":\"Concurso SEC BA: novo edital em abril de 2026!\"}]},{\"@type\":\"WebSite\",\"@id\":\"https:\/\/www.estrategiaconcursos.com.br\/blog\/#website\",\"url\":\"https:\/\/www.estrategiaconcursos.com.br\/blog\/\",\"name\":\"Estrat\u00e9gia Concursos\",\"description\":\"O blog da Estrat\u00e9gia Concursos traz not\u00edcias sobre concursos e artigos de professores oferecendo cursos para concursos (pdf + videaulas) no site.\",\"publisher\":{\"@id\":\"https:\/\/www.estrategiaconcursos.com.br\/blog\/#organization\"},\"potentialAction\":[{\"@type\":\"SearchAction\",\"target\":{\"@type\":\"EntryPoint\",\"urlTemplate\":\"https:\/\/www.estrategiaconcursos.com.br\/blog\/?s={search_term_string}\"},\"query-input\":{\"@type\":\"PropertyValueSpecification\",\"valueRequired\":true,\"valueName\":\"search_term_string\"}}],\"inLanguage\":\"pt-BR\"},{\"@type\":\"Organization\",\"@id\":\"https:\/\/www.estrategiaconcursos.com.br\/blog\/#organization\",\"name\":\"Estrat\u00e9gia Concursos\",\"url\":\"https:\/\/www.estrategiaconcursos.com.br\/blog\/\",\"logo\":{\"@type\":\"ImageObject\",\"inLanguage\":\"pt-BR\",\"@id\":\"https:\/\/www.estrategiaconcursos.com.br\/blog\/#\/schema\/logo\/image\/\",\"url\":\"https:\/\/dhg1h5j42swfq.cloudfront.net\/2025\/06\/03203428\/logo_concursos-1.jpg\",\"contentUrl\":\"https:\/\/dhg1h5j42swfq.cloudfront.net\/2025\/06\/03203428\/logo_concursos-1.jpg\",\"width\":230,\"height\":60,\"caption\":\"Estrat\u00e9gia Concursos\"},\"image\":{\"@id\":\"https:\/\/www.estrategiaconcursos.com.br\/blog\/#\/schema\/logo\/image\/\"},\"sameAs\":[\"https:\/\/x.com\/EstratConcursos\"]},{\"@type\":\"Person\",\"@id\":\"https:\/\/www.estrategiaconcursos.com.br\/blog\/#\/schema\/person\/b4a388c97673c5f483d72185668afa1f\",\"name\":\"Coordena\u00e7\u00e3o\",\"image\":{\"@type\":\"ImageObject\",\"inLanguage\":\"pt-BR\",\"@id\":\"https:\/\/secure.gravatar.com\/avatar\/b720319e4c9a967eb58678d110f4fe35452fc5d5f97b202bac7b8acceb18c6ad?s=96&d=mm&r=g\",\"url\":\"https:\/\/secure.gravatar.com\/avatar\/b720319e4c9a967eb58678d110f4fe35452fc5d5f97b202bac7b8acceb18c6ad?s=96&d=mm&r=g\",\"contentUrl\":\"https:\/\/secure.gravatar.com\/avatar\/b720319e4c9a967eb58678d110f4fe35452fc5d5f97b202bac7b8acceb18c6ad?s=96&d=mm&r=g\",\"caption\":\"Coordena\u00e7\u00e3o\"},\"sameAs\":[\"https:\/\/www.facebook.com\/EstrategiaConcursos\",\"https:\/\/x.com\/EstratConcursos\"],\"url\":\"https:\/\/www.estrategiaconcursos.com.br\/blog\/author\/estrategia2013\/\"}]}<\/script>\n<!-- \/ Yoast SEO Premium plugin. -->","yoast_head_json":{"title":"Concurso SEC BA: novo edital em abril de 2026!","description":"Concurso SEC BA: foram anunciadas mais de 8 mil novas contrata\u00e7\u00f5es de profissionais para 2026 e ades\u00e3o \u00e0 PND!","robots":{"index":"index","follow":"follow","max-snippet":"max-snippet:-1","max-image-preview":"max-image-preview:large","max-video-preview":"max-video-preview:-1"},"canonical":"https:\/\/www.estrategiaconcursos.com.br\/blog\/concurso-sec-ba\/","og_locale":"pt_BR","og_type":"article","og_title":"Concurso SEC BA: novo edital em abril de 2026!","og_description":"Concurso SEC BA: foram anunciadas mais de 8 mil novas contrata\u00e7\u00f5es de profissionais para 2026 e ades\u00e3o \u00e0 PND!","og_url":"https:\/\/www.estrategiaconcursos.com.br\/blog\/concurso-sec-ba\/","og_site_name":"Estrat\u00e9gia Concursos","article_author":"https:\/\/www.facebook.com\/EstrategiaConcursos","article_published_time":"2026-01-08T21:35:02+00:00","article_modified_time":"2026-01-09T13:26:47+00:00","og_image":[{"width":768,"height":432,"url":"https:\/\/dhg1h5j42swfq.cloudfront.net\/2022\/09\/06185737\/concursos_educacao.jpg","type":"image\/jpeg"}],"author":"Coordena\u00e7\u00e3o","twitter_card":"summary_large_image","twitter_creator":"@EstratConcursos","twitter_site":"@EstratConcursos","twitter_misc":{"Escrito por":"Coordena\u00e7\u00e3o","Est. tempo de leitura":"16 minutos"},"schema":{"@context":"https:\/\/schema.org","@graph":[{"@type":"NewsArticle","@id":"https:\/\/www.estrategiaconcursos.com.br\/blog\/concurso-sec-ba\/#article","isPartOf":{"@id":"https:\/\/www.estrategiaconcursos.com.br\/blog\/concurso-sec-ba\/"},"author":{"name":"Coordena\u00e7\u00e3o","@id":"https:\/\/www.estrategiaconcursos.com.br\/blog\/#\/schema\/person\/b4a388c97673c5f483d72185668afa1f"},"headline":"Concurso SEC BA: novo edital em abril de 2026!","datePublished":"2026-01-08T21:35:02+00:00","dateModified":"2026-01-09T13:26:47+00:00","mainEntityOfPage":{"@id":"https:\/\/www.estrategiaconcursos.com.br\/blog\/concurso-sec-ba\/"},"wordCount":3009,"commentCount":0,"publisher":{"@id":"https:\/\/www.estrategiaconcursos.com.br\/blog\/#organization"},"image":{"@id":"https:\/\/www.estrategiaconcursos.com.br\/blog\/concurso-sec-ba\/#primaryimage"},"thumbnailUrl":"https:\/\/dhg1h5j42swfq.cloudfront.net\/2022\/09\/06185737\/concursos_educacao.jpg","articleSection":["Educa\u00e7\u00e3o"],"inLanguage":"pt-BR","potentialAction":[{"@type":"CommentAction","name":"Comment","target":["https:\/\/www.estrategiaconcursos.com.br\/blog\/concurso-sec-ba\/#respond"]}],"copyrightYear":"2026","copyrightHolder":{"@id":"https:\/\/www.estrategiaconcursos.com.br\/blog\/#organization"}},{"@type":"WebPage","@id":"https:\/\/www.estrategiaconcursos.com.br\/blog\/concurso-sec-ba\/","url":"https:\/\/www.estrategiaconcursos.com.br\/blog\/concurso-sec-ba\/","name":"Concurso SEC BA: novo edital em abril de 2026!","isPartOf":{"@id":"https:\/\/www.estrategiaconcursos.com.br\/blog\/#website"},"primaryImageOfPage":{"@id":"https:\/\/www.estrategiaconcursos.com.br\/blog\/concurso-sec-ba\/#primaryimage"},"image":{"@id":"https:\/\/www.estrategiaconcursos.com.br\/blog\/concurso-sec-ba\/#primaryimage"},"thumbnailUrl":"https:\/\/dhg1h5j42swfq.cloudfront.net\/2022\/09\/06185737\/concursos_educacao.jpg","datePublished":"2026-01-08T21:35:02+00:00","dateModified":"2026-01-09T13:26:47+00:00","description":"Concurso SEC BA: foram anunciadas mais de 8 mil novas contrata\u00e7\u00f5es de profissionais para 2026 e ades\u00e3o \u00e0 PND!","breadcrumb":{"@id":"https:\/\/www.estrategiaconcursos.com.br\/blog\/concurso-sec-ba\/#breadcrumb"},"inLanguage":"pt-BR","potentialAction":[{"@type":"ReadAction","target":["https:\/\/www.estrategiaconcursos.com.br\/blog\/concurso-sec-ba\/"]}]},{"@type":"ImageObject","inLanguage":"pt-BR","@id":"https:\/\/www.estrategiaconcursos.com.br\/blog\/concurso-sec-ba\/#primaryimage","url":"https:\/\/dhg1h5j42swfq.cloudfront.net\/2022\/09\/06185737\/concursos_educacao.jpg","contentUrl":"https:\/\/dhg1h5j42swfq.cloudfront.net\/2022\/09\/06185737\/concursos_educacao.jpg","width":768,"height":432,"caption":"Concurso SME Indaial SP"},{"@type":"BreadcrumbList","@id":"https:\/\/www.estrategiaconcursos.com.br\/blog\/concurso-sec-ba\/#breadcrumb","itemListElement":[{"@type":"ListItem","position":1,"name":"In\u00edcio","item":"https:\/\/www.estrategiaconcursos.com.br\/blog\/"},{"@type":"ListItem","position":2,"name":"Concurso SEC BA: novo edital em abril de 2026!"}]},{"@type":"WebSite","@id":"https:\/\/www.estrategiaconcursos.com.br\/blog\/#website","url":"https:\/\/www.estrategiaconcursos.com.br\/blog\/","name":"Estrat\u00e9gia Concursos","description":"O blog da Estrat\u00e9gia Concursos traz not\u00edcias sobre concursos e artigos de professores oferecendo cursos para concursos (pdf + videaulas) no site.","publisher":{"@id":"https:\/\/www.estrategiaconcursos.com.br\/blog\/#organization"},"potentialAction":[{"@type":"SearchAction","target":{"@type":"EntryPoint","urlTemplate":"https:\/\/www.estrategiaconcursos.com.br\/blog\/?s={search_term_string}"},"query-input":{"@type":"PropertyValueSpecification","valueRequired":true,"valueName":"search_term_string"}}],"inLanguage":"pt-BR"},{"@type":"Organization","@id":"https:\/\/www.estrategiaconcursos.com.br\/blog\/#organization","name":"Estrat\u00e9gia Concursos","url":"https:\/\/www.estrategiaconcursos.com.br\/blog\/","logo":{"@type":"ImageObject","inLanguage":"pt-BR","@id":"https:\/\/www.estrategiaconcursos.com.br\/blog\/#\/schema\/logo\/image\/","url":"https:\/\/dhg1h5j42swfq.cloudfront.net\/2025\/06\/03203428\/logo_concursos-1.jpg","contentUrl":"https:\/\/dhg1h5j42swfq.cloudfront.net\/2025\/06\/03203428\/logo_concursos-1.jpg","width":230,"height":60,"caption":"Estrat\u00e9gia Concursos"},"image":{"@id":"https:\/\/www.estrategiaconcursos.com.br\/blog\/#\/schema\/logo\/image\/"},"sameAs":["https:\/\/x.com\/EstratConcursos"]},{"@type":"Person","@id":"https:\/\/www.estrategiaconcursos.com.br\/blog\/#\/schema\/person\/b4a388c97673c5f483d72185668afa1f","name":"Coordena\u00e7\u00e3o","image":{"@type":"ImageObject","inLanguage":"pt-BR","@id":"https:\/\/secure.gravatar.com\/avatar\/b720319e4c9a967eb58678d110f4fe35452fc5d5f97b202bac7b8acceb18c6ad?s=96&d=mm&r=g","url":"https:\/\/secure.gravatar.com\/avatar\/b720319e4c9a967eb58678d110f4fe35452fc5d5f97b202bac7b8acceb18c6ad?s=96&d=mm&r=g","contentUrl":"https:\/\/secure.gravatar.com\/avatar\/b720319e4c9a967eb58678d110f4fe35452fc5d5f97b202bac7b8acceb18c6ad?s=96&d=mm&r=g","caption":"Coordena\u00e7\u00e3o"},"sameAs":["https:\/\/www.facebook.com\/EstrategiaConcursos","https:\/\/x.com\/EstratConcursos"],"url":"https:\/\/www.estrategiaconcursos.com.br\/blog\/author\/estrategia2013\/"}]}},"_links":{"self":[{"href":"https:\/\/www.estrategiaconcursos.com.br\/blog\/wp-json\/wp\/v2\/posts\/366816","targetHints":{"allow":["GET"]}}],"collection":[{"href":"https:\/\/www.estrategiaconcursos.com.br\/blog\/wp-json\/wp\/v2\/posts"}],"about":[{"href":"https:\/\/www.estrategiaconcursos.com.br\/blog\/wp-json\/wp\/v2\/types\/post"}],"author":[{"embeddable":true,"href":"https:\/\/www.estrategiaconcursos.com.br\/blog\/wp-json\/wp\/v2\/users\/1"}],"replies":[{"embeddable":true,"href":"https:\/\/www.estrategiaconcursos.com.br\/blog\/wp-json\/wp\/v2\/comments?post=366816"}],"version-history":[{"count":91,"href":"https:\/\/www.estrategiaconcursos.com.br\/blog\/wp-json\/wp\/v2\/posts\/366816\/revisions"}],"predecessor-version":[{"id":1696306,"href":"https:\/\/www.estrategiaconcursos.com.br\/blog\/wp-json\/wp\/v2\/posts\/366816\/revisions\/1696306"}],"wp:featuredmedia":[{"embeddable":true,"href":"https:\/\/www.estrategiaconcursos.com.br\/blog\/wp-json\/wp\/v2\/media\/1090639"}],"wp:attachment":[{"href":"https:\/\/www.estrategiaconcursos.com.br\/blog\/wp-json\/wp\/v2\/media?parent=366816"}],"wp:term":[{"taxonomy":"category","embeddable":true,"href":"https:\/\/www.estrategiaconcursos.com.br\/blog\/wp-json\/wp\/v2\/categories?post=366816"},{"taxonomy":"post_tag","embeddable":true,"href":"https:\/\/www.estrategiaconcursos.com.br\/blog\/wp-json\/wp\/v2\/tags?post=366816"},{"taxonomy":"tax_estado","embeddable":true,"href":"https:\/\/www.estrategiaconcursos.com.br\/blog\/wp-json\/wp\/v2\/tax_estado?post=366816"}],"curies":[{"name":"wp","href":"https:\/\/api.w.org\/{rel}","templated":true}]}}