{"id":366757,"date":"2019-06-18T07:00:15","date_gmt":"2019-06-18T10:00:15","guid":{"rendered":"https:\/\/www.estrategiaconcursos.com.br\/blog\/?p=366757"},"modified":"2020-01-22T18:37:36","modified_gmt":"2020-01-22T21:37:36","slug":"concurso-crefono","status":"publish","type":"post","link":"https:\/\/www.estrategiaconcursos.com.br\/blog\/concurso-crefono\/","title":{"rendered":"Concurso Crefono: inscri\u00e7\u00f5es prorrogadas para certame com 110 vagas"},"content":{"rendered":"\n<p>O edital do <strong><em>concurso Crefono<\/em><\/strong> da 9\u00aa regi\u00e3o (Par\u00e1 e Amazonas) j\u00e1 est\u00e1 na pra\u00e7a e teve seu per\u00edodo de inscri\u00e7\u00f5es <strong>prorrogado<\/strong>. Ao longo deste artigo voc\u00ea confere os principais pontos do edital e como se preparar para o certame, que oferta 110 vagas para cargos de n\u00edvel m\u00e9dio e superior.<\/p>\n\n\n\n<ol class=\"wp-block-list\"><li><strong><em><a href=\"#edital\">Edital Crefono 2019<\/a><\/em><\/strong><\/li><li><em><strong><a href=\"#principais-datas\">Principais datas<\/a><\/strong><\/em><\/li><li><strong><em><a href=\"#vagas-e-cargos\">Vagas e cargos do concurso Crefono<\/a><\/em><\/strong><\/li><li><strong><em><a href=\"#atribuicoes\">Atribui\u00e7\u00f5es e requisitos dos cargos<\/a><\/em><\/strong><\/li><li><strong><em><a href=\"#etapas-do-concurso\">Etapas do concurso<\/a><\/em><\/strong><\/li><\/ol>\n\n\n\n<h2 class=\"wp-block-heading\" id=\"edital\">1) Edital Crefono 2019<\/h2>\n\n\n\n<p>Os candidatos interessados em participar do concurso do Conselho Regional de Fonoaudiologia da 9\u00aa Regi\u00e3o devem ficar atentos ao prazo de inscri\u00e7\u00f5es que foi <strong>prorrogado<\/strong>. Agora, a data final para garantir a inscri\u00e7\u00e3o \u00e9 at\u00e9 o dia <strong>27 de junho<\/strong>. <\/p>\n\n\n\n<p>Todo o processo de inscri\u00e7\u00e3o est\u00e1 ocorrendo no site da banca organizadora, o <strong>Instituto Quadrix<\/strong>. O valor da inscri\u00e7\u00e3o ficou fixado no edital em R$ 55 e R$ 60, podendo ser pago at\u00e9 o dia <strong>28 de junho<\/strong>.<\/p>\n\n\n\n<p>S\u00e3o ofertadas no todo, 110 vagas para os cargos de Auxiliar Administrativo e Fiscal, com exig\u00eancia em N\u00edvel M\u00e9dio e Superior, respectivamente. As oportunidades s\u00e3o para os estados do Par\u00e1 e do Amazonas. Os sal\u00e1rios variam entre R$ 1.200 e R$ 3.600, mais benef\u00edcios.  <\/p>\n\n\n\n<h2 class=\"wp-block-heading\" id=\"principais-datas\">2) Principais datas do Concurso Crefono<\/h2>\n\n\n\n<ul class=\"wp-block-list\"><li><strong>Inscri\u00e7\u00f5es:<\/strong> at\u00e9 28\/06<\/li><li><strong>Taxa:<\/strong> R$ 55 (n\u00edvel m\u00e9dio) e R$ 60 (n\u00edvel superior)<\/li><li><strong>Pagamento da taxa:<\/strong> at\u00e9 28\/06<\/li><li><strong>Prova:<\/strong> 14\/07 \u00e0s 14h00 <\/li><\/ul>\n\n\n\n<h2 class=\"wp-block-heading\" id=\"vagas-e-cargos\">3) Vagas e cargos do concurso Crefono<\/h2>\n\n\n\n<p><strong>Auxiliar Administrativo<\/strong> <strong>(40h &#8211; R$ 1.334,98)<\/strong><\/p>\n\n\n\n<ul class=\"wp-block-list\"><li>Bel\u00e9m &#8211; 25 vagas<\/li><li>Manaus &#8211; 30 vagas<\/li><\/ul>\n\n\n\n<p><strong>Fiscal (30h &#8211; R$ 3.679,54)<\/strong><\/p>\n\n\n\n<ul class=\"wp-block-list\"><li>Bel\u00e9m &#8211; 25 vagas<\/li><li>Manaus &#8211; 30 vagas<\/li><\/ul>\n\n\n\n<h2 class=\"wp-block-heading\" id=\"atribuicoes\">4) Atribui\u00e7\u00f5es e requisitos dos cargos do concurso Crefono<\/h2>\n\n\n\n<h3 class=\"wp-block-heading\"><strong>Fiscal<\/strong><\/h3>\n\n\n\n<p><strong>Requisitos: <\/strong>Diploma de conclus\u00e3o de curso de gradua\u00e7\u00e3o de n\u00edvel superior em Fonoaudiologia <strong>+ <\/strong>Registro no Conselho Regional de Fonoaudiologia (CREFONO) devidamente regular <strong>+<\/strong> Carteira Nacional de Habilita\u00e7\u00e3o Categoria \u201cB\u201d. <\/p>\n\n\n\n<ul class=\"wp-block-list\"><li>Responder pelas atividades do Setor de Fiscaliza\u00e7\u00e3o do CREFONO9; organizar, controlar e executar a\u00e7\u00f5es de fiscaliza\u00e7\u00e3o; <\/li><li>Propor metas para a fiscaliza\u00e7\u00e3o e justific\u00e1-las ao presidente da comiss\u00e3o de fiscaliza\u00e7\u00e3o e\/ou \u00e0 diretoria do CREFONO9; <\/li><li>Levantar as pend\u00eancias da fiscaliza\u00e7\u00e3o e proceder com os devidos encaminhamentos; <\/li><li>Identificar-se como fiscal em suas visitas de orienta\u00e7\u00e3o e fiscaliza\u00e7\u00e3o, apresentando c\u00e9dula de identifica\u00e7\u00e3o funcional; <\/li><li>Preencher o termo de visita quando n\u00e3o encontradas irregularidades; <\/li><li>Redigir of\u00edcios, cartas e outros documentos para fonoaudi\u00f3logos e empresas com o objetivo de prestar esclarecimentos sobre irregularidades no exerc\u00edcio profissional e a regulariza\u00e7\u00e3o de situa\u00e7\u00f5es face \u00e0 legisla\u00e7\u00e3o; <\/li><li>Arquivar e\/ou cadastrar toda a documenta\u00e7\u00e3o utilizada no momento de visitas aos profissionais&#8230;<\/li><\/ul>\n\n\n\n<h3 class=\"wp-block-heading\">Auxiliar Administrativo<\/h3>\n\n\n\n<p><strong>Requisitos: <\/strong>Certificado de conclus\u00e3o de curso de n\u00edvel m\u00e9dio.<\/p>\n\n\n\n<ul class=\"wp-block-list\"><li>Executar servi\u00e7os de apoio nas \u00e1reas de secretaria, recursos humanos, administra\u00e7\u00e3o, financeiro e jur\u00eddico; <\/li><li>Atendem fornecedores e clientes, fornecendo e recebendo informa\u00e7\u00f5es sobre produtos e servi\u00e7os; <\/li><li>Registrar a entrada e sa\u00edda de documentos; <\/li><li>Executar processos de inscri\u00e7\u00e3o, cancelamento, transfer\u00eancias de profissionais da fonoaudiologia;<\/li><li>Solicitar pareceres; <\/li><li>Preencher formul\u00e1rio e\/ou cadastros; <\/li><li>Acompanhar notifica\u00e7\u00e3o de n\u00e3o conformidade; <\/li><li>Expedir of\u00edcios e memorandos; <\/li><li>Controlar material de expediente; controlar expedi\u00e7\u00e3o de malotes e recebimentos; <\/li><li>Apresentar para o devedor t\u00edtulos devidos&#8230;  <\/li><\/ul>\n\n\n\n<h2 class=\"wp-block-heading\" id=\"etapas-do-concurso\">5) Etapas do Concurso Crefono<\/h2>\n\n\n\n<p>Os candidatos inscritos no concurso Crefono v\u00e3o ser avaliados a partir da aplica\u00e7\u00e3o de uma prova objetiva de car\u00e1ter eliminat\u00f3rio e classificat\u00f3rio,  <strong><em>composta de 120 itens<\/em><\/strong>. O julgamento de cada item ser\u00e1 do tipo CERTO ou ERRADO.<\/p>\n\n\n\n<p>A  nota  em  cada  item  da prova objetiva  ser\u00e1  igual  a: 1,00  ponto,  caso  a  resposta do  candidato  esteja em  concord\u00e2ncia  com  o  gabarito  oficial definitivo  da prova; 0,50  ponto  negativo,  caso  a resposta  do  candidato  esteja  em  discord\u00e2ncia  com  o  gabarito  oficial  definitivo  da  prova; 0,00,  caso n\u00e3o haja marca\u00e7\u00e3o ou haja marca\u00e7\u00e3o dupla (C e E).<\/p>\n\n\n\n<p><strong><em>A prova objetiva ser\u00e1 aplicada na data prov\u00e1vel de 14 de julho de 2019<\/em><\/strong>, no turno da tarde e ter\u00e1 dura\u00e7\u00e3o de 3 horas. As quest\u00f5es das provas cobrar\u00e3o dos candidatos conhecimentos nas \u00e1reas de:<\/p>\n\n\n\n<h4 class=\"wp-block-heading\">Conhecimentos B\u00e1sicos (40 quest\u00f5es)<\/h4>\n\n\n\n<ul class=\"wp-block-list\"><li>L\u00edngua Portuguesa<\/li><li>No\u00e7\u00f5es de Inform\u00e1tica<\/li><li>Racioc\u00ednio L\u00f3gico e Matem\u00e1tico<\/li><li>Atualidades<\/li><\/ul>\n\n\n\n<h4 class=\"wp-block-heading\">Conhecimentos Complementares (30 quest\u00f5es)<\/h4>\n\n\n\n<ul class=\"wp-block-list\"><li>Legisla\u00e7\u00e3o e \u00e9tica na Administra\u00e7\u00e3o P\u00fablica<\/li><li>No\u00e7\u00f5es de Direito Administrativo<\/li><\/ul>\n\n\n\n<h4 class=\"wp-block-heading\">Conhecimentos Espec\u00edficos (50 quest\u00f5es)<\/h4>\n\n\n\n<p><strong><em>Auxiliar Administrativo<\/em><\/strong><\/p>\n\n\n\n<ul class=\"wp-block-list\"><li>No\u00e7\u00f5es de Administra\u00e7\u00e3o P\u00fablica<\/li><li>Organiza\u00e7\u00e3o<\/li><li>Or\u00e7amento P\u00fablico<\/li><\/ul>\n\n\n\n<p><strong><em>Fiscal<\/em><\/strong><\/p>\n\n\n\n<ul class=\"wp-block-list\"><li>No\u00e7\u00f5es de Direito Constitucional<\/li><li>Legisla\u00e7\u00e3o<\/li><\/ul>\n\n\n\n<h3 class=\"wp-block-heading\">Avalia\u00e7\u00e3o de t\u00edtulos<\/h3>\n\n\n\n<p>O cargo de Fiscal (n\u00edvel superior) vai passar ainda por uma Avalia\u00e7\u00e3o de T\u00edtulos de car\u00e1ter classificat\u00f3rio, com valor m\u00e1ximo de 5 pontos, ainda que a soma dos valores dos t\u00edtulos e comprovantes seja superior a este valor.<\/p>\n\n\n\n<table class=\"wp-block-table has-subtle-pale-blue-background-color has-fixed-layout has-background is-style-stripes\"><tbody><tr><td><strong>Item de avalia\u00e7\u00e3o<\/strong><\/td><td><strong>Descri\u00e7\u00e3o<\/strong><\/td><td><strong>Pontua\u00e7\u00e3o por item<\/strong><\/td><td><strong>Pontua\u00e7\u00e3o m\u00e1xima<\/strong><\/td><\/tr><tr><td>Doutorado<\/td><td>Diploma, devidamente registrado, de conclus\u00e3o do curso de p\u00f3s-gradua\u00e7\u00e3o (n\u00edvel de Doutorado). <\/td><td>2,50<\/td><td>2,50<\/td><\/tr><tr><td>Mestrado<\/td><td>Diploma, devidamente registrado, de conclus\u00e3o do curso de p\u00f3s-gradua\u00e7\u00e3o em n\u00edvel de Mestrado (T\u00edtulo de Mestre). <\/td><td>1,50<\/td><td>1,50<\/td><\/tr><tr><td>P\u00f3s-gradua\u00e7\u00e3o especializa\u00e7\u00e3o <em>lato sensu<\/em> <\/td><td>Certificado\/declara\u00e7\u00e3o de conclus\u00e3o de curso de p\u00f3s-gradua\u00e7\u00e3o em n\u00edvel de especializa\u00e7\u00e3o <em>lato sensu<\/em>, acompanhado de hist\u00f3rico escolar, com carga hor\u00e1ria m\u00ednima de 360 horas\/aula. <\/td><td>0,50<\/td><td>1,00<\/td><\/tr><tr><td><strong>Total m\u00e1ximo de pontos<\/strong><\/td><td><\/td><td><\/td><td><strong>5,00<\/strong><\/td><\/tr><\/tbody><\/table>\n\n\n\n<p style=\"font-size:25px;text-align:center\"><br \/><strong><em>Cursos Crefono<\/em><\/strong><\/p>\n\n\n\n<p style=\"text-align:center\"><em><strong>Gostou desta oportunidade e deseja come\u00e7ar se preparar agora mesmo? Ent\u00e3o, confira os cursos para o concurso Crefono dispon\u00edveis em nosso site:<\/strong><\/em><\/p>\n\n\n\n<p style=\"font-size:25px;text-align:center\"><span class=\"underline\" style=\"text-decoration: underline\"><strong><a href=\"https:\/\/www.estrategiaconcursos.com.br\/cursosPorConcurso\/conselho-regional-de-fonoaudiologia-da-9-regiao-crefono-9\/\" target=\"_blank\" rel=\"noreferrer noopener\" aria-label=\"CURSO CREFONO (abre numa nova aba)\">CURSO CREFONO<\/a><\/strong><\/span><\/p>\n\n\n\n<p style=\"font-size:25px;text-align:center\"><em><strong>Assinatura Anual Ilimitada*<\/strong><\/em><\/p>\n\n\n\n<p style=\"text-align:center\"><em>Prepare-se com o melhor material e com quem mais aprova em Concursos P\u00fablicos em todo o pa\u00eds. Assine agora a nossa Assinatura Anual e tenha acesso ilimitado* a todos os nossos cursos.<\/em><\/p>\n\n\n\n<p style=\"font-size:22px;text-align:center\" class=\"has-background has-light-green-cyan-background-color\"><strong>ASSINE AGORA<\/strong>&nbsp;\u2013&nbsp;<a href=\"https:\/\/www.estrategiaconcursos.com.br\/assinaturas\/\" target=\"_blank\" rel=\"noreferrer noopener\">Assinatura Ilimitada<\/a><\/p>\n\n\n\n<figure class=\"wp-block-image\"><img decoding=\"async\" src=\"https:\/\/dhg1h5j42swfq.cloudfront.net\/2017\/03\/28152500\/coruja-ficha-tecnica-300x102.png\" alt=\"Ficha T\u00e9cnica Concurso Crefono\"\/><\/figure>\n\n\n\n<p><strong>Informa\u00e7\u00f5es do Concurso CREFONO<\/strong> <strong>2019<\/strong><br \/>\u25ba<strong>Data prevista da prova:<\/strong> 14\/07<br \/>\u25ba<strong>Vagas:<\/strong> 110<br \/>\u25ba<strong>Lota\u00e7\u00f5es:<\/strong> Bel\u00e9m e Manaus<br \/>\u25ba<strong>Banca:<\/strong> Instituto Quadrix<br \/>\u25ba<strong>Escolaridade:\u00a0<\/strong>N\u00edvel m\u00e9dio e superior<br \/><strong>\u25baEdital: <span class=\"underline\" style=\"text-decoration: underline\"><a rel=\"noreferrer noopener\" aria-label=\"Edital Crefono 2019 (opens in a new tab)\" href=\"https:\/\/dhg1h5j42swfq.cloudfront.net\/2019\/04\/29000426\/Edital-Crefono-2019.pdf\" target=\"_blank\">Edital Crefono 2019<\/a><\/span><\/strong><\/p>\n\n\n\n<p><em>Ascom Estrat\u00e9gia<\/em><br \/>ascomestrategia@gmail.com<\/p>\n\n\n\n<hr class=\"wp-block-separator\"\/>\n\n\n\n<p style=\"text-align:center\"><em><strong>Receba not\u00edcias de Concursos no seu WhatsApp e\/ou Telegram!<\/strong><\/em><\/p>\n\n\n\n<p style=\"text-align:center\"><em><strong>Cadastre-se clicando no link abaixo<\/strong><\/em>:<\/p>\n\n\n\n<p style=\"text-align:center\" class=\"has-background has-medium-font-size has-very-light-gray-background-color\"><a rel=\"noreferrer noopener\" href=\"https:\/\/www.estrategiaconcursos.com.br\/blog\/noticias-de-concursos-whatsapp-estrategia-concursos\/\" target=\"_blank\"><strong>Not\u00edcias de concursos no seu WhatsApp e\/ou Telegram<\/strong><\/a><\/p>\n","protected":false},"excerpt":{"rendered":"<p>O edital do concurso Crefono da 9\u00aa regi\u00e3o (Par\u00e1 e Amazonas) j\u00e1 est\u00e1 na pra\u00e7a e teve seu per\u00edodo de inscri\u00e7\u00f5es prorrogado. Ao longo deste artigo voc\u00ea confere os principais pontos do edital e como se preparar para o certame, que oferta 110 vagas para cargos de n\u00edvel m\u00e9dio e superior. Edital Crefono 2019 Principais [&hellip;]<\/p>\n","protected":false},"author":1,"featured_media":389058,"comment_status":"open","ping_status":"closed","sticky":false,"template":"","format":"standard","meta":{"post_tipo":"news","footnotes":""},"categories":[1],"tags":[],"tax_estado":[],"class_list":["post-366757","post","type-post","status-publish","format-standard","has-post-thumbnail","hentry","category-cursos-e-concursos"],"acf":[],"yoast_head":"<!-- This site is optimized with the Yoast SEO Premium plugin v27.2 (Yoast SEO v27.2) - https:\/\/yoast.com\/product\/yoast-seo-premium-wordpress\/ -->\n<title>Concurso Crefono: inscri\u00e7\u00f5es prorrogadas para certame com 110 vagas<\/title>\n<meta name=\"description\" content=\"Concurso Crefono: inscri\u00e7\u00f5es prorrogadas para 110 vagas de Auxiliar Administrativo e Fiscal com lota\u00e7\u00e3o em Bel\u00e9m e Manaus. Provas previstas para julho.\" \/>\n<meta name=\"robots\" content=\"index, follow, max-snippet:-1, max-image-preview:large, max-video-preview:-1\" \/>\n<link rel=\"canonical\" href=\"https:\/\/www.estrategiaconcursos.com.br\/blog\/concurso-crefono\/\" \/>\n<meta property=\"og:locale\" content=\"pt_BR\" \/>\n<meta property=\"og:type\" content=\"article\" \/>\n<meta property=\"og:title\" content=\"Concurso Crefono: inscri\u00e7\u00f5es prorrogadas para certame com 110 vagas\" \/>\n<meta property=\"og:description\" content=\"Concurso Crefono: inscri\u00e7\u00f5es prorrogadas para 110 vagas de Auxiliar Administrativo e Fiscal com lota\u00e7\u00e3o em Bel\u00e9m e Manaus. Provas previstas para julho.\" \/>\n<meta property=\"og:url\" content=\"https:\/\/www.estrategiaconcursos.com.br\/blog\/concurso-crefono\/\" \/>\n<meta property=\"og:site_name\" content=\"Estrat\u00e9gia Concursos\" \/>\n<meta property=\"article:author\" content=\"https:\/\/www.facebook.com\/EstrategiaConcursos\" \/>\n<meta property=\"article:published_time\" content=\"2019-06-18T10:00:15+00:00\" \/>\n<meta property=\"article:modified_time\" content=\"2020-01-22T21:37:36+00:00\" \/>\n<meta property=\"og:image\" content=\"https:\/\/dhg1h5j42swfq.cloudfront.net\/2019\/06\/18104121\/1556537731.jpg\" \/>\n\t<meta property=\"og:image:width\" content=\"300\" \/>\n\t<meta property=\"og:image:height\" content=\"225\" \/>\n\t<meta property=\"og:image:type\" content=\"image\/jpeg\" \/>\n<meta name=\"author\" content=\"Coordena\u00e7\u00e3o\" \/>\n<meta name=\"twitter:card\" content=\"summary_large_image\" \/>\n<meta name=\"twitter:creator\" content=\"@EstratConcursos\" \/>\n<meta name=\"twitter:site\" content=\"@EstratConcursos\" \/>\n<meta name=\"twitter:label1\" content=\"Escrito por\" \/>\n\t<meta name=\"twitter:data1\" content=\"Coordena\u00e7\u00e3o\" \/>\n\t<meta name=\"twitter:label2\" content=\"Est. tempo de leitura\" \/>\n\t<meta name=\"twitter:data2\" content=\"5 minutos\" \/>\n<script type=\"application\/ld+json\" class=\"yoast-schema-graph\">{\"@context\":\"https:\/\/schema.org\",\"@graph\":[{\"@type\":\"NewsArticle\",\"@id\":\"https:\/\/www.estrategiaconcursos.com.br\/blog\/concurso-crefono\/#article\",\"isPartOf\":{\"@id\":\"https:\/\/www.estrategiaconcursos.com.br\/blog\/concurso-crefono\/\"},\"author\":{\"name\":\"Coordena\u00e7\u00e3o\",\"@id\":\"https:\/\/www.estrategiaconcursos.com.br\/blog\/#\/schema\/person\/b4a388c97673c5f483d72185668afa1f\"},\"headline\":\"Concurso Crefono: inscri\u00e7\u00f5es prorrogadas para certame com 110 vagas\",\"datePublished\":\"2019-06-18T10:00:15+00:00\",\"dateModified\":\"2020-01-22T21:37:36+00:00\",\"mainEntityOfPage\":{\"@id\":\"https:\/\/www.estrategiaconcursos.com.br\/blog\/concurso-crefono\/\"},\"wordCount\":1031,\"commentCount\":2,\"publisher\":{\"@id\":\"https:\/\/www.estrategiaconcursos.com.br\/blog\/#organization\"},\"image\":{\"@id\":\"https:\/\/www.estrategiaconcursos.com.br\/blog\/concurso-crefono\/#primaryimage\"},\"thumbnailUrl\":\"https:\/\/dhg1h5j42swfq.cloudfront.net\/2019\/06\/18104121\/1556537731.jpg\",\"articleSection\":[\"Concursos P\u00fablicos\"],\"inLanguage\":\"pt-BR\",\"potentialAction\":[{\"@type\":\"CommentAction\",\"name\":\"Comment\",\"target\":[\"https:\/\/www.estrategiaconcursos.com.br\/blog\/concurso-crefono\/#respond\"]}],\"copyrightYear\":\"2019\",\"copyrightHolder\":{\"@id\":\"https:\/\/www.estrategiaconcursos.com.br\/blog\/#organization\"}},{\"@type\":\"WebPage\",\"@id\":\"https:\/\/www.estrategiaconcursos.com.br\/blog\/concurso-crefono\/\",\"url\":\"https:\/\/www.estrategiaconcursos.com.br\/blog\/concurso-crefono\/\",\"name\":\"Concurso Crefono: inscri\u00e7\u00f5es prorrogadas para certame com 110 vagas\",\"isPartOf\":{\"@id\":\"https:\/\/www.estrategiaconcursos.com.br\/blog\/#website\"},\"primaryImageOfPage\":{\"@id\":\"https:\/\/www.estrategiaconcursos.com.br\/blog\/concurso-crefono\/#primaryimage\"},\"image\":{\"@id\":\"https:\/\/www.estrategiaconcursos.com.br\/blog\/concurso-crefono\/#primaryimage\"},\"thumbnailUrl\":\"https:\/\/dhg1h5j42swfq.cloudfront.net\/2019\/06\/18104121\/1556537731.jpg\",\"datePublished\":\"2019-06-18T10:00:15+00:00\",\"dateModified\":\"2020-01-22T21:37:36+00:00\",\"description\":\"Concurso Crefono: inscri\u00e7\u00f5es prorrogadas para 110 vagas de Auxiliar Administrativo e Fiscal com lota\u00e7\u00e3o em Bel\u00e9m e Manaus. Provas previstas para julho.\",\"breadcrumb\":{\"@id\":\"https:\/\/www.estrategiaconcursos.com.br\/blog\/concurso-crefono\/#breadcrumb\"},\"inLanguage\":\"pt-BR\",\"potentialAction\":[{\"@type\":\"ReadAction\",\"target\":[\"https:\/\/www.estrategiaconcursos.com.br\/blog\/concurso-crefono\/\"]}]},{\"@type\":\"ImageObject\",\"inLanguage\":\"pt-BR\",\"@id\":\"https:\/\/www.estrategiaconcursos.com.br\/blog\/concurso-crefono\/#primaryimage\",\"url\":\"https:\/\/dhg1h5j42swfq.cloudfront.net\/2019\/06\/18104121\/1556537731.jpg\",\"contentUrl\":\"https:\/\/dhg1h5j42swfq.cloudfront.net\/2019\/06\/18104121\/1556537731.jpg\",\"width\":300,\"height\":225,\"caption\":\"concurso crefono\"},{\"@type\":\"BreadcrumbList\",\"@id\":\"https:\/\/www.estrategiaconcursos.com.br\/blog\/concurso-crefono\/#breadcrumb\",\"itemListElement\":[{\"@type\":\"ListItem\",\"position\":1,\"name\":\"In\u00edcio\",\"item\":\"https:\/\/www.estrategiaconcursos.com.br\/blog\/\"},{\"@type\":\"ListItem\",\"position\":2,\"name\":\"Concurso Crefono: inscri\u00e7\u00f5es prorrogadas para certame com 110 vagas\"}]},{\"@type\":\"WebSite\",\"@id\":\"https:\/\/www.estrategiaconcursos.com.br\/blog\/#website\",\"url\":\"https:\/\/www.estrategiaconcursos.com.br\/blog\/\",\"name\":\"Estrat\u00e9gia Concursos\",\"description\":\"O blog da Estrat\u00e9gia Concursos traz not\u00edcias sobre concursos e artigos de professores oferecendo cursos para concursos (pdf + videaulas) no site.\",\"publisher\":{\"@id\":\"https:\/\/www.estrategiaconcursos.com.br\/blog\/#organization\"},\"potentialAction\":[{\"@type\":\"SearchAction\",\"target\":{\"@type\":\"EntryPoint\",\"urlTemplate\":\"https:\/\/www.estrategiaconcursos.com.br\/blog\/?s={search_term_string}\"},\"query-input\":{\"@type\":\"PropertyValueSpecification\",\"valueRequired\":true,\"valueName\":\"search_term_string\"}}],\"inLanguage\":\"pt-BR\"},{\"@type\":\"Organization\",\"@id\":\"https:\/\/www.estrategiaconcursos.com.br\/blog\/#organization\",\"name\":\"Estrat\u00e9gia Concursos\",\"url\":\"https:\/\/www.estrategiaconcursos.com.br\/blog\/\",\"logo\":{\"@type\":\"ImageObject\",\"inLanguage\":\"pt-BR\",\"@id\":\"https:\/\/www.estrategiaconcursos.com.br\/blog\/#\/schema\/logo\/image\/\",\"url\":\"https:\/\/dhg1h5j42swfq.cloudfront.net\/2025\/06\/03203428\/logo_concursos-1.jpg\",\"contentUrl\":\"https:\/\/dhg1h5j42swfq.cloudfront.net\/2025\/06\/03203428\/logo_concursos-1.jpg\",\"width\":230,\"height\":60,\"caption\":\"Estrat\u00e9gia Concursos\"},\"image\":{\"@id\":\"https:\/\/www.estrategiaconcursos.com.br\/blog\/#\/schema\/logo\/image\/\"},\"sameAs\":[\"https:\/\/x.com\/EstratConcursos\"]},{\"@type\":\"Person\",\"@id\":\"https:\/\/www.estrategiaconcursos.com.br\/blog\/#\/schema\/person\/b4a388c97673c5f483d72185668afa1f\",\"name\":\"Coordena\u00e7\u00e3o\",\"image\":{\"@type\":\"ImageObject\",\"inLanguage\":\"pt-BR\",\"@id\":\"https:\/\/secure.gravatar.com\/avatar\/b720319e4c9a967eb58678d110f4fe35452fc5d5f97b202bac7b8acceb18c6ad?s=96&d=mm&r=g\",\"url\":\"https:\/\/secure.gravatar.com\/avatar\/b720319e4c9a967eb58678d110f4fe35452fc5d5f97b202bac7b8acceb18c6ad?s=96&d=mm&r=g\",\"contentUrl\":\"https:\/\/secure.gravatar.com\/avatar\/b720319e4c9a967eb58678d110f4fe35452fc5d5f97b202bac7b8acceb18c6ad?s=96&d=mm&r=g\",\"caption\":\"Coordena\u00e7\u00e3o\"},\"sameAs\":[\"https:\/\/www.facebook.com\/EstrategiaConcursos\",\"https:\/\/x.com\/EstratConcursos\"],\"url\":\"https:\/\/www.estrategiaconcursos.com.br\/blog\/author\/estrategia2013\/\"}]}<\/script>\n<!-- \/ Yoast SEO Premium plugin. -->","yoast_head_json":{"title":"Concurso Crefono: inscri\u00e7\u00f5es prorrogadas para certame com 110 vagas","description":"Concurso Crefono: inscri\u00e7\u00f5es prorrogadas para 110 vagas de Auxiliar Administrativo e Fiscal com lota\u00e7\u00e3o em Bel\u00e9m e Manaus. Provas previstas para julho.","robots":{"index":"index","follow":"follow","max-snippet":"max-snippet:-1","max-image-preview":"max-image-preview:large","max-video-preview":"max-video-preview:-1"},"canonical":"https:\/\/www.estrategiaconcursos.com.br\/blog\/concurso-crefono\/","og_locale":"pt_BR","og_type":"article","og_title":"Concurso Crefono: inscri\u00e7\u00f5es prorrogadas para certame com 110 vagas","og_description":"Concurso Crefono: inscri\u00e7\u00f5es prorrogadas para 110 vagas de Auxiliar Administrativo e Fiscal com lota\u00e7\u00e3o em Bel\u00e9m e Manaus. Provas previstas para julho.","og_url":"https:\/\/www.estrategiaconcursos.com.br\/blog\/concurso-crefono\/","og_site_name":"Estrat\u00e9gia Concursos","article_author":"https:\/\/www.facebook.com\/EstrategiaConcursos","article_published_time":"2019-06-18T10:00:15+00:00","article_modified_time":"2020-01-22T21:37:36+00:00","og_image":[{"width":300,"height":225,"url":"https:\/\/dhg1h5j42swfq.cloudfront.net\/2019\/06\/18104121\/1556537731.jpg","type":"image\/jpeg"}],"author":"Coordena\u00e7\u00e3o","twitter_card":"summary_large_image","twitter_creator":"@EstratConcursos","twitter_site":"@EstratConcursos","twitter_misc":{"Escrito por":"Coordena\u00e7\u00e3o","Est. tempo de leitura":"5 minutos"},"schema":{"@context":"https:\/\/schema.org","@graph":[{"@type":"NewsArticle","@id":"https:\/\/www.estrategiaconcursos.com.br\/blog\/concurso-crefono\/#article","isPartOf":{"@id":"https:\/\/www.estrategiaconcursos.com.br\/blog\/concurso-crefono\/"},"author":{"name":"Coordena\u00e7\u00e3o","@id":"https:\/\/www.estrategiaconcursos.com.br\/blog\/#\/schema\/person\/b4a388c97673c5f483d72185668afa1f"},"headline":"Concurso Crefono: inscri\u00e7\u00f5es prorrogadas para certame com 110 vagas","datePublished":"2019-06-18T10:00:15+00:00","dateModified":"2020-01-22T21:37:36+00:00","mainEntityOfPage":{"@id":"https:\/\/www.estrategiaconcursos.com.br\/blog\/concurso-crefono\/"},"wordCount":1031,"commentCount":2,"publisher":{"@id":"https:\/\/www.estrategiaconcursos.com.br\/blog\/#organization"},"image":{"@id":"https:\/\/www.estrategiaconcursos.com.br\/blog\/concurso-crefono\/#primaryimage"},"thumbnailUrl":"https:\/\/dhg1h5j42swfq.cloudfront.net\/2019\/06\/18104121\/1556537731.jpg","articleSection":["Concursos P\u00fablicos"],"inLanguage":"pt-BR","potentialAction":[{"@type":"CommentAction","name":"Comment","target":["https:\/\/www.estrategiaconcursos.com.br\/blog\/concurso-crefono\/#respond"]}],"copyrightYear":"2019","copyrightHolder":{"@id":"https:\/\/www.estrategiaconcursos.com.br\/blog\/#organization"}},{"@type":"WebPage","@id":"https:\/\/www.estrategiaconcursos.com.br\/blog\/concurso-crefono\/","url":"https:\/\/www.estrategiaconcursos.com.br\/blog\/concurso-crefono\/","name":"Concurso Crefono: inscri\u00e7\u00f5es prorrogadas para certame com 110 vagas","isPartOf":{"@id":"https:\/\/www.estrategiaconcursos.com.br\/blog\/#website"},"primaryImageOfPage":{"@id":"https:\/\/www.estrategiaconcursos.com.br\/blog\/concurso-crefono\/#primaryimage"},"image":{"@id":"https:\/\/www.estrategiaconcursos.com.br\/blog\/concurso-crefono\/#primaryimage"},"thumbnailUrl":"https:\/\/dhg1h5j42swfq.cloudfront.net\/2019\/06\/18104121\/1556537731.jpg","datePublished":"2019-06-18T10:00:15+00:00","dateModified":"2020-01-22T21:37:36+00:00","description":"Concurso Crefono: inscri\u00e7\u00f5es prorrogadas para 110 vagas de Auxiliar Administrativo e Fiscal com lota\u00e7\u00e3o em Bel\u00e9m e Manaus. Provas previstas para julho.","breadcrumb":{"@id":"https:\/\/www.estrategiaconcursos.com.br\/blog\/concurso-crefono\/#breadcrumb"},"inLanguage":"pt-BR","potentialAction":[{"@type":"ReadAction","target":["https:\/\/www.estrategiaconcursos.com.br\/blog\/concurso-crefono\/"]}]},{"@type":"ImageObject","inLanguage":"pt-BR","@id":"https:\/\/www.estrategiaconcursos.com.br\/blog\/concurso-crefono\/#primaryimage","url":"https:\/\/dhg1h5j42swfq.cloudfront.net\/2019\/06\/18104121\/1556537731.jpg","contentUrl":"https:\/\/dhg1h5j42swfq.cloudfront.net\/2019\/06\/18104121\/1556537731.jpg","width":300,"height":225,"caption":"concurso crefono"},{"@type":"BreadcrumbList","@id":"https:\/\/www.estrategiaconcursos.com.br\/blog\/concurso-crefono\/#breadcrumb","itemListElement":[{"@type":"ListItem","position":1,"name":"In\u00edcio","item":"https:\/\/www.estrategiaconcursos.com.br\/blog\/"},{"@type":"ListItem","position":2,"name":"Concurso Crefono: inscri\u00e7\u00f5es prorrogadas para certame com 110 vagas"}]},{"@type":"WebSite","@id":"https:\/\/www.estrategiaconcursos.com.br\/blog\/#website","url":"https:\/\/www.estrategiaconcursos.com.br\/blog\/","name":"Estrat\u00e9gia Concursos","description":"O blog da Estrat\u00e9gia Concursos traz not\u00edcias sobre concursos e artigos de professores oferecendo cursos para concursos (pdf + videaulas) no site.","publisher":{"@id":"https:\/\/www.estrategiaconcursos.com.br\/blog\/#organization"},"potentialAction":[{"@type":"SearchAction","target":{"@type":"EntryPoint","urlTemplate":"https:\/\/www.estrategiaconcursos.com.br\/blog\/?s={search_term_string}"},"query-input":{"@type":"PropertyValueSpecification","valueRequired":true,"valueName":"search_term_string"}}],"inLanguage":"pt-BR"},{"@type":"Organization","@id":"https:\/\/www.estrategiaconcursos.com.br\/blog\/#organization","name":"Estrat\u00e9gia Concursos","url":"https:\/\/www.estrategiaconcursos.com.br\/blog\/","logo":{"@type":"ImageObject","inLanguage":"pt-BR","@id":"https:\/\/www.estrategiaconcursos.com.br\/blog\/#\/schema\/logo\/image\/","url":"https:\/\/dhg1h5j42swfq.cloudfront.net\/2025\/06\/03203428\/logo_concursos-1.jpg","contentUrl":"https:\/\/dhg1h5j42swfq.cloudfront.net\/2025\/06\/03203428\/logo_concursos-1.jpg","width":230,"height":60,"caption":"Estrat\u00e9gia Concursos"},"image":{"@id":"https:\/\/www.estrategiaconcursos.com.br\/blog\/#\/schema\/logo\/image\/"},"sameAs":["https:\/\/x.com\/EstratConcursos"]},{"@type":"Person","@id":"https:\/\/www.estrategiaconcursos.com.br\/blog\/#\/schema\/person\/b4a388c97673c5f483d72185668afa1f","name":"Coordena\u00e7\u00e3o","image":{"@type":"ImageObject","inLanguage":"pt-BR","@id":"https:\/\/secure.gravatar.com\/avatar\/b720319e4c9a967eb58678d110f4fe35452fc5d5f97b202bac7b8acceb18c6ad?s=96&d=mm&r=g","url":"https:\/\/secure.gravatar.com\/avatar\/b720319e4c9a967eb58678d110f4fe35452fc5d5f97b202bac7b8acceb18c6ad?s=96&d=mm&r=g","contentUrl":"https:\/\/secure.gravatar.com\/avatar\/b720319e4c9a967eb58678d110f4fe35452fc5d5f97b202bac7b8acceb18c6ad?s=96&d=mm&r=g","caption":"Coordena\u00e7\u00e3o"},"sameAs":["https:\/\/www.facebook.com\/EstrategiaConcursos","https:\/\/x.com\/EstratConcursos"],"url":"https:\/\/www.estrategiaconcursos.com.br\/blog\/author\/estrategia2013\/"}]}},"_links":{"self":[{"href":"https:\/\/www.estrategiaconcursos.com.br\/blog\/wp-json\/wp\/v2\/posts\/366757","targetHints":{"allow":["GET"]}}],"collection":[{"href":"https:\/\/www.estrategiaconcursos.com.br\/blog\/wp-json\/wp\/v2\/posts"}],"about":[{"href":"https:\/\/www.estrategiaconcursos.com.br\/blog\/wp-json\/wp\/v2\/types\/post"}],"author":[{"embeddable":true,"href":"https:\/\/www.estrategiaconcursos.com.br\/blog\/wp-json\/wp\/v2\/users\/1"}],"replies":[{"embeddable":true,"href":"https:\/\/www.estrategiaconcursos.com.br\/blog\/wp-json\/wp\/v2\/comments?post=366757"}],"version-history":[{"count":6,"href":"https:\/\/www.estrategiaconcursos.com.br\/blog\/wp-json\/wp\/v2\/posts\/366757\/revisions"}],"predecessor-version":[{"id":389085,"href":"https:\/\/www.estrategiaconcursos.com.br\/blog\/wp-json\/wp\/v2\/posts\/366757\/revisions\/389085"}],"wp:featuredmedia":[{"embeddable":true,"href":"https:\/\/www.estrategiaconcursos.com.br\/blog\/wp-json\/wp\/v2\/media\/389058"}],"wp:attachment":[{"href":"https:\/\/www.estrategiaconcursos.com.br\/blog\/wp-json\/wp\/v2\/media?parent=366757"}],"wp:term":[{"taxonomy":"category","embeddable":true,"href":"https:\/\/www.estrategiaconcursos.com.br\/blog\/wp-json\/wp\/v2\/categories?post=366757"},{"taxonomy":"post_tag","embeddable":true,"href":"https:\/\/www.estrategiaconcursos.com.br\/blog\/wp-json\/wp\/v2\/tags?post=366757"},{"taxonomy":"tax_estado","embeddable":true,"href":"https:\/\/www.estrategiaconcursos.com.br\/blog\/wp-json\/wp\/v2\/tax_estado?post=366757"}],"curies":[{"name":"wp","href":"https:\/\/api.w.org\/{rel}","templated":true}]}}