{"id":366603,"date":"2019-04-28T16:46:19","date_gmt":"2019-04-28T19:46:19","guid":{"rendered":"https:\/\/www.estrategiaconcursos.com.br\/blog\/?p=366603"},"modified":"2019-04-28T18:31:33","modified_gmt":"2019-04-28T21:31:33","slug":"detran-pa-gabarito-extraoficial-da-parte-especifica-inclusive-transito","status":"publish","type":"post","link":"https:\/\/www.estrategiaconcursos.com.br\/blog\/detran-pa-gabarito-extraoficial-da-parte-especifica-inclusive-transito\/","title":{"rendered":"DETRAN PA &#8211;  gabarito extraoficial da parte espec\u00edfica (inclusive tr\u00e2nsito)."},"content":{"rendered":"\n<p>Ol\u00e1, meus amigos!<\/p>\n\n\n\n<p>Seguem os poss\u00edveis gabaritos da parte espec\u00edfica para Agente de Educa\u00e7\u00e3o de Tr\u00e2nsito do Detran do Par\u00e1. Prova aplicada hoje na parte da manh\u00e3!<\/p>\n\n\n\n<p>Fiquei feliz, pois abordamos praticamente tudo nos nossos cursos. Al\u00e9m disso, falei ontem, na revis\u00e3o, v\u00e1rios pontos abordados na prova.<\/p>\n\n\n\n<p>As quest\u00f5es 25, 26, 27, e 28 dever\u00e3o ser anuladas, pois a banca se valeu da Resolu\u00e7\u00e3o 166\/04 do Contran, <strong>mas esta foi revogada pela Resolu\u00e7\u00e3o 541\/14 do Contran.<\/strong><\/p>\n\n\n\n<p>21 \u2013 De acordo com as\ndefini\u00e7\u00f5es&#8230;.<\/p>\n\n\n\n<p>Gabarito: C &#8211; transporte urbano de cargas, transporte p\u00fablico individual.<\/p>\n\n\n\n<p><\/p>\n\n\n\n<p>22 \u2013 Sobre a lei 12.587&#8230;<\/p>\n\n\n\n<p>Gabarito: E (II, III, e IV)<\/p>\n\n\n\n<p>23 \u2013 Sobre os objetivos da\nPol\u00edtica Nacional<\/p>\n\n\n\n<p>Gabarito: D (II, III, IV)<\/p>\n\n\n\n<p>24 \u2013 De acordo com a Lei 12.587&#8230;<\/p>\n\n\n\n<p>Gabarito: B &#8211; tarifa p\u00fablica. <\/p>\n\n\n\n<p>25 \u2013 Na Po\u00edtica Nacional de\nTr\u00e2nsito&#8230;<\/p>\n\n\n\n<p>Gabarito: B. Mas a quest\u00e3o\ntem que ser anulada, pois a banca se valeu da Resolu\u00e7\u00e3o 166\/04 do Contran, <strong>mas esta foi revogada pela Resolu\u00e7\u00e3o 514\/14\ndo Contran.<\/strong><\/p>\n\n\n\n<p>26 \u2013 Sobre a mobilidade,\nqualidade de vida&#8230;<\/p>\n\n\n\n<p>Gabarito: D. Mas a quest\u00e3o\ntem que ser anulada, pois a banca se valeu da Resolu\u00e7\u00e3o 166\/04 do Contran, <strong>mas esta foi revogada pela Resolu\u00e7\u00e3o 514\/14\ndo Contran.<\/strong><\/p>\n\n\n\n<p>27 \u2013 A Pol\u00edtica Nacional de\nTr\u00e2nsito quando se refere&#8230;<\/p>\n\n\n\n<p>Gabarito: D. Mas a quest\u00e3o\ntem que ser anulada, pois a banca se valeu da Resolu\u00e7\u00e3o 166\/04 do Contran, <strong>mas esta foi revogada pela Resolu\u00e7\u00e3o 514\/14\ndo Contran.<\/strong><\/p>\n\n\n\n<p>28 \u2013 Educar para o Tr\u00e2nsito&#8230;<\/p>\n\n\n\n<p>Gabarito: C. Mas a quest\u00e3o\ntem que ser anulada, pois a banca se valeu da Resolu\u00e7\u00e3o 166\/04 do Contran, <strong>mas esta foi revogada pela Resolu\u00e7\u00e3o 514\/14\ndo Contran.<\/strong><\/p>\n\n\n\n<p>29 \u2013 Sobre a educa\u00e7\u00e3o para o\ntr\u00e2nsito&#8230;<\/p>\n\n\n\n<p>Gabarito: A &#8211; a viol\u00eancia no tr\u00e2nsito.<\/p>\n\n\n\n<p>30 \u2013 No cotidiano, o cidad\u00e3o&#8230;<\/p>\n\n\n\n<p>Gabarito: (I) A  .<\/p>\n\n\n\n<p>31 \u2013 Um condutor&#8230;<\/p>\n\n\n\n<p>Gabarito: E &#8211; 90 km\/h.<\/p>\n\n\n\n<p>32 \u2013 Sobre a veicula\u00e7\u00e3o&#8230;<\/p>\n\n\n\n<p>Gabarito: A &#8211; toda pe\u00e7a publicit\u00e1ria.<\/p>\n\n\n\n<p>33 \u2013 Administrar fundo&#8230;<\/p>\n\n\n\n<p>Gabarito: D &#8211; \u00f3rg\u00e3o m\u00e1ximo executivo.<\/p>\n\n\n\n<p>34 \u2013 No Brasil, &#8230;<\/p>\n\n\n\n<p>Gabarito: B &#8211; passarela.<\/p>\n\n\n\n<p>35 \u2013 Uma pesquisa&#8230;<\/p>\n\n\n\n<p>Gabarito: E &#8211; motociclista mantenha o farol.<\/p>\n\n\n\n<p>36 \u2013 Sobre habilita\u00e7\u00e3o&#8230;<\/p>\n\n\n\n<p>Gabarito: E &#8211; (I, II, III e IV).<\/p>\n\n\n\n<p>37 &#8211;&nbsp; De acordo com o CTB&#8230;<\/p>\n\n\n\n<p>Gabarito: A &#8211; conduzir ve\u00edculo sem os documentos.<\/p>\n\n\n\n<p>38 \u2013 Compete ao \u00f3rg\u00e3o\nm\u00e1ximo&#8230;<\/p>\n\n\n\n<p>Gabarito: C &#8211; multa e cassa\u00e7\u00e3o.<\/p>\n\n\n\n<p>39 \u2013 Onde n\u00e3o houver linha&#8230;<\/p>\n\n\n\n<p>Gabarito: B &#8211; carga ou misto.<\/p>\n\n\n\n<p>40 &#8211;&nbsp; Bloquear a via&#8230;<\/p>\n\n\n\n<p>Gabarito: C &#8211; grav\u00edssima e grave.<\/p>\n\n\n\n<p>41 \u2013 Um agente de tr\u00e2nsito&#8230;<\/p>\n\n\n\n<p>Gabarito: E &#8211; tipifica\u00e7\u00e3o da infra\u00e7\u00e3o&#8230;sua identifica\u00e7\u00e3o.<\/p>\n\n\n\n<p>42 \u2013 \u201cDe janeiro a julho&#8230;<\/p>\n\n\n\n<p>Gabarito: C &#8211; pena de reclus\u00e3o de 5 a 8 anos.<\/p>\n\n\n\n<p>43 \u2013 Segundo o CTB, \u00e9\ncompet\u00eancia do Conselho&#8230;<\/p>\n\n\n\n<p>Gabarito: B &#8211; reduzir&#8230;.<\/p>\n\n\n\n<p>44 \u2013 De acordo com o CTB, os\nCETRANS&#8230;<\/p>\n\n\n\n<p>Gabarito: D &#8211; estados e munic\u00edpios.<\/p>\n\n\n\n<p>45 \u2013 O uso do etil\u00f4metro&#8230;<\/p>\n\n\n\n<p>Gabarito: A &#8211; (III).<\/p>\n\n\n\n<p>46 \u2013 Em uma fiscaliza\u00e7\u00e3o de\nrotina&#8230;<\/p>\n\n\n\n<p>Gabarito: E &#8211; 1,84.<\/p>\n\n\n\n<p>47 \u2013 No caso de a Pol\u00edcia\nMilitar&#8230;<\/p>\n\n\n\n<p>Gabarito: A 90 dias .<\/p>\n\n\n\n<p>48 \u2013 De acordo com os conceitos\ne as defini\u00e7\u00f5es&#8230;<\/p>\n\n\n\n<p>Gabarito: B &#8211; obst\u00e1culo f\u00edsico .<\/p>\n\n\n\n<p>49 \u2013 De acordo com anexo\nII&#8230;<\/p>\n\n\n\n<p>Gabarito: D &#8211; linhas de est\u00edmulo.<\/p>\n\n\n\n<p>50 \u2013 O condutor de um ve\u00edculo\nautomotor&#8230;<\/p>\n\n\n\n<p>Gabarito: C &#8211; deve ser na cor branca.<\/p>\n\n\n\n<p>Grande abra\u00e7o a todos e boa sorte!<\/p>\n\n\n\n<p>Alexandre Herculano<\/p>\n\n\n\n<p>Instagram: @prof_herculano<\/p>\n","protected":false},"excerpt":{"rendered":"<p>Ol\u00e1, meus amigos! Seguem os poss\u00edveis gabaritos da parte espec\u00edfica para Agente de Educa\u00e7\u00e3o de Tr\u00e2nsito do Detran do Par\u00e1. Prova aplicada hoje na parte da manh\u00e3! Fiquei feliz, pois abordamos praticamente tudo nos nossos cursos. Al\u00e9m disso, falei ontem, na revis\u00e3o, v\u00e1rios pontos abordados na prova. As quest\u00f5es 25, 26, 27, e 28 dever\u00e3o [&hellip;]<\/p>\n","protected":false},"author":86,"featured_media":0,"comment_status":"open","ping_status":"closed","sticky":false,"template":"","format":"standard","meta":{"post_tipo":"article","footnotes":""},"categories":[1],"tags":[],"tax_estado":[],"class_list":["post-366603","post","type-post","status-publish","format-standard","hentry","category-cursos-e-concursos"],"acf":[],"yoast_head":"<!-- This site is optimized with the Yoast SEO Premium plugin v27.2 (Yoast SEO v27.2) - https:\/\/yoast.com\/product\/yoast-seo-premium-wordpress\/ -->\n<title>DETRAN PA - gabarito extraoficial da parte espec\u00edfica (inclusive tr\u00e2nsito).<\/title>\n<meta name=\"robots\" content=\"index, follow, max-snippet:-1, max-image-preview:large, max-video-preview:-1\" \/>\n<link rel=\"canonical\" href=\"https:\/\/www.estrategiaconcursos.com.br\/blog\/detran-pa-gabarito-extraoficial-da-parte-especifica-inclusive-transito\/\" \/>\n<meta property=\"og:locale\" content=\"pt_BR\" \/>\n<meta property=\"og:type\" content=\"article\" \/>\n<meta property=\"og:title\" content=\"DETRAN PA - gabarito extraoficial da parte espec\u00edfica (inclusive tr\u00e2nsito).\" \/>\n<meta property=\"og:description\" content=\"Ol\u00e1, meus amigos! Seguem os poss\u00edveis gabaritos da parte espec\u00edfica para Agente de Educa\u00e7\u00e3o de Tr\u00e2nsito do Detran do Par\u00e1. Prova aplicada hoje na parte da manh\u00e3! Fiquei feliz, pois abordamos praticamente tudo nos nossos cursos. Al\u00e9m disso, falei ontem, na revis\u00e3o, v\u00e1rios pontos abordados na prova. As quest\u00f5es 25, 26, 27, e 28 dever\u00e3o [&hellip;]\" \/>\n<meta property=\"og:url\" content=\"https:\/\/www.estrategiaconcursos.com.br\/blog\/detran-pa-gabarito-extraoficial-da-parte-especifica-inclusive-transito\/\" \/>\n<meta property=\"og:site_name\" content=\"Estrat\u00e9gia Concursos\" \/>\n<meta property=\"article:published_time\" content=\"2019-04-28T19:46:19+00:00\" \/>\n<meta property=\"article:modified_time\" content=\"2019-04-28T21:31:33+00:00\" \/>\n<meta name=\"author\" content=\"Alexandre Herculano\" \/>\n<meta name=\"twitter:card\" content=\"summary_large_image\" \/>\n<meta name=\"twitter:creator\" content=\"@EstratConcursos\" \/>\n<meta name=\"twitter:site\" content=\"@EstratConcursos\" \/>\n<meta name=\"twitter:label1\" content=\"Escrito por\" \/>\n\t<meta name=\"twitter:data1\" content=\"Alexandre Herculano\" \/>\n\t<meta name=\"twitter:label2\" content=\"Est. tempo de leitura\" \/>\n\t<meta name=\"twitter:data2\" content=\"3 minutos\" \/>\n<script type=\"application\/ld+json\" class=\"yoast-schema-graph\">{\"@context\":\"https:\/\/schema.org\",\"@graph\":[{\"@type\":\"NewsArticle\",\"@id\":\"https:\/\/www.estrategiaconcursos.com.br\/blog\/detran-pa-gabarito-extraoficial-da-parte-especifica-inclusive-transito\/#article\",\"isPartOf\":{\"@id\":\"https:\/\/www.estrategiaconcursos.com.br\/blog\/detran-pa-gabarito-extraoficial-da-parte-especifica-inclusive-transito\/\"},\"author\":{\"name\":\"Alexandre Herculano\",\"@id\":\"https:\/\/www.estrategiaconcursos.com.br\/blog\/#\/schema\/person\/edda4e500c7c5065d53cfab276ffa8dd\"},\"headline\":\"DETRAN PA &#8211; gabarito extraoficial da parte espec\u00edfica (inclusive tr\u00e2nsito).\",\"datePublished\":\"2019-04-28T19:46:19+00:00\",\"dateModified\":\"2019-04-28T21:31:33+00:00\",\"mainEntityOfPage\":{\"@id\":\"https:\/\/www.estrategiaconcursos.com.br\/blog\/detran-pa-gabarito-extraoficial-da-parte-especifica-inclusive-transito\/\"},\"wordCount\":557,\"commentCount\":3,\"publisher\":{\"@id\":\"https:\/\/www.estrategiaconcursos.com.br\/blog\/#organization\"},\"articleSection\":[\"Concursos P\u00fablicos\"],\"inLanguage\":\"pt-BR\",\"potentialAction\":[{\"@type\":\"CommentAction\",\"name\":\"Comment\",\"target\":[\"https:\/\/www.estrategiaconcursos.com.br\/blog\/detran-pa-gabarito-extraoficial-da-parte-especifica-inclusive-transito\/#respond\"]}],\"copyrightYear\":\"2019\",\"copyrightHolder\":{\"@id\":\"https:\/\/www.estrategiaconcursos.com.br\/blog\/#organization\"}},{\"@type\":\"WebPage\",\"@id\":\"https:\/\/www.estrategiaconcursos.com.br\/blog\/detran-pa-gabarito-extraoficial-da-parte-especifica-inclusive-transito\/\",\"url\":\"https:\/\/www.estrategiaconcursos.com.br\/blog\/detran-pa-gabarito-extraoficial-da-parte-especifica-inclusive-transito\/\",\"name\":\"DETRAN PA - gabarito extraoficial da parte espec\u00edfica (inclusive tr\u00e2nsito).\",\"isPartOf\":{\"@id\":\"https:\/\/www.estrategiaconcursos.com.br\/blog\/#website\"},\"datePublished\":\"2019-04-28T19:46:19+00:00\",\"dateModified\":\"2019-04-28T21:31:33+00:00\",\"breadcrumb\":{\"@id\":\"https:\/\/www.estrategiaconcursos.com.br\/blog\/detran-pa-gabarito-extraoficial-da-parte-especifica-inclusive-transito\/#breadcrumb\"},\"inLanguage\":\"pt-BR\",\"potentialAction\":[{\"@type\":\"ReadAction\",\"target\":[\"https:\/\/www.estrategiaconcursos.com.br\/blog\/detran-pa-gabarito-extraoficial-da-parte-especifica-inclusive-transito\/\"]}]},{\"@type\":\"BreadcrumbList\",\"@id\":\"https:\/\/www.estrategiaconcursos.com.br\/blog\/detran-pa-gabarito-extraoficial-da-parte-especifica-inclusive-transito\/#breadcrumb\",\"itemListElement\":[{\"@type\":\"ListItem\",\"position\":1,\"name\":\"In\u00edcio\",\"item\":\"https:\/\/www.estrategiaconcursos.com.br\/blog\/\"},{\"@type\":\"ListItem\",\"position\":2,\"name\":\"DETRAN PA &#8211; gabarito extraoficial da parte espec\u00edfica (inclusive tr\u00e2nsito).\"}]},{\"@type\":\"WebSite\",\"@id\":\"https:\/\/www.estrategiaconcursos.com.br\/blog\/#website\",\"url\":\"https:\/\/www.estrategiaconcursos.com.br\/blog\/\",\"name\":\"Estrat\u00e9gia Concursos\",\"description\":\"O blog da Estrat\u00e9gia Concursos traz not\u00edcias sobre concursos e artigos de professores oferecendo cursos para concursos (pdf + videaulas) no site.\",\"publisher\":{\"@id\":\"https:\/\/www.estrategiaconcursos.com.br\/blog\/#organization\"},\"potentialAction\":[{\"@type\":\"SearchAction\",\"target\":{\"@type\":\"EntryPoint\",\"urlTemplate\":\"https:\/\/www.estrategiaconcursos.com.br\/blog\/?s={search_term_string}\"},\"query-input\":{\"@type\":\"PropertyValueSpecification\",\"valueRequired\":true,\"valueName\":\"search_term_string\"}}],\"inLanguage\":\"pt-BR\"},{\"@type\":\"Organization\",\"@id\":\"https:\/\/www.estrategiaconcursos.com.br\/blog\/#organization\",\"name\":\"Estrat\u00e9gia Concursos\",\"url\":\"https:\/\/www.estrategiaconcursos.com.br\/blog\/\",\"logo\":{\"@type\":\"ImageObject\",\"inLanguage\":\"pt-BR\",\"@id\":\"https:\/\/www.estrategiaconcursos.com.br\/blog\/#\/schema\/logo\/image\/\",\"url\":\"https:\/\/dhg1h5j42swfq.cloudfront.net\/2025\/06\/03203428\/logo_concursos-1.jpg\",\"contentUrl\":\"https:\/\/dhg1h5j42swfq.cloudfront.net\/2025\/06\/03203428\/logo_concursos-1.jpg\",\"width\":230,\"height\":60,\"caption\":\"Estrat\u00e9gia Concursos\"},\"image\":{\"@id\":\"https:\/\/www.estrategiaconcursos.com.br\/blog\/#\/schema\/logo\/image\/\"},\"sameAs\":[\"https:\/\/x.com\/EstratConcursos\"]},{\"@type\":\"Person\",\"@id\":\"https:\/\/www.estrategiaconcursos.com.br\/blog\/#\/schema\/person\/edda4e500c7c5065d53cfab276ffa8dd\",\"name\":\"Alexandre Herculano\",\"image\":{\"@type\":\"ImageObject\",\"inLanguage\":\"pt-BR\",\"@id\":\"https:\/\/secure.gravatar.com\/avatar\/38cb0c33a42096a75e0d9cdd0d8f7413cf51bcfdd398eb7a35bdcd48e89060f8?s=96&d=mm&r=g\",\"url\":\"https:\/\/secure.gravatar.com\/avatar\/38cb0c33a42096a75e0d9cdd0d8f7413cf51bcfdd398eb7a35bdcd48e89060f8?s=96&d=mm&r=g\",\"contentUrl\":\"https:\/\/secure.gravatar.com\/avatar\/38cb0c33a42096a75e0d9cdd0d8f7413cf51bcfdd398eb7a35bdcd48e89060f8?s=96&d=mm&r=g\",\"caption\":\"Alexandre Herculano\"},\"url\":\"https:\/\/www.estrategiaconcursos.com.br\/blog\/author\/alexandreherculanoestrategiaconcursos-com-br\/\"}]}<\/script>\n<!-- \/ Yoast SEO Premium plugin. -->","yoast_head_json":{"title":"DETRAN PA - gabarito extraoficial da parte espec\u00edfica (inclusive tr\u00e2nsito).","robots":{"index":"index","follow":"follow","max-snippet":"max-snippet:-1","max-image-preview":"max-image-preview:large","max-video-preview":"max-video-preview:-1"},"canonical":"https:\/\/www.estrategiaconcursos.com.br\/blog\/detran-pa-gabarito-extraoficial-da-parte-especifica-inclusive-transito\/","og_locale":"pt_BR","og_type":"article","og_title":"DETRAN PA - gabarito extraoficial da parte espec\u00edfica (inclusive tr\u00e2nsito).","og_description":"Ol\u00e1, meus amigos! Seguem os poss\u00edveis gabaritos da parte espec\u00edfica para Agente de Educa\u00e7\u00e3o de Tr\u00e2nsito do Detran do Par\u00e1. Prova aplicada hoje na parte da manh\u00e3! Fiquei feliz, pois abordamos praticamente tudo nos nossos cursos. Al\u00e9m disso, falei ontem, na revis\u00e3o, v\u00e1rios pontos abordados na prova. As quest\u00f5es 25, 26, 27, e 28 dever\u00e3o [&hellip;]","og_url":"https:\/\/www.estrategiaconcursos.com.br\/blog\/detran-pa-gabarito-extraoficial-da-parte-especifica-inclusive-transito\/","og_site_name":"Estrat\u00e9gia Concursos","article_published_time":"2019-04-28T19:46:19+00:00","article_modified_time":"2019-04-28T21:31:33+00:00","author":"Alexandre Herculano","twitter_card":"summary_large_image","twitter_creator":"@EstratConcursos","twitter_site":"@EstratConcursos","twitter_misc":{"Escrito por":"Alexandre Herculano","Est. tempo de leitura":"3 minutos"},"schema":{"@context":"https:\/\/schema.org","@graph":[{"@type":"NewsArticle","@id":"https:\/\/www.estrategiaconcursos.com.br\/blog\/detran-pa-gabarito-extraoficial-da-parte-especifica-inclusive-transito\/#article","isPartOf":{"@id":"https:\/\/www.estrategiaconcursos.com.br\/blog\/detran-pa-gabarito-extraoficial-da-parte-especifica-inclusive-transito\/"},"author":{"name":"Alexandre Herculano","@id":"https:\/\/www.estrategiaconcursos.com.br\/blog\/#\/schema\/person\/edda4e500c7c5065d53cfab276ffa8dd"},"headline":"DETRAN PA &#8211; gabarito extraoficial da parte espec\u00edfica (inclusive tr\u00e2nsito).","datePublished":"2019-04-28T19:46:19+00:00","dateModified":"2019-04-28T21:31:33+00:00","mainEntityOfPage":{"@id":"https:\/\/www.estrategiaconcursos.com.br\/blog\/detran-pa-gabarito-extraoficial-da-parte-especifica-inclusive-transito\/"},"wordCount":557,"commentCount":3,"publisher":{"@id":"https:\/\/www.estrategiaconcursos.com.br\/blog\/#organization"},"articleSection":["Concursos P\u00fablicos"],"inLanguage":"pt-BR","potentialAction":[{"@type":"CommentAction","name":"Comment","target":["https:\/\/www.estrategiaconcursos.com.br\/blog\/detran-pa-gabarito-extraoficial-da-parte-especifica-inclusive-transito\/#respond"]}],"copyrightYear":"2019","copyrightHolder":{"@id":"https:\/\/www.estrategiaconcursos.com.br\/blog\/#organization"}},{"@type":"WebPage","@id":"https:\/\/www.estrategiaconcursos.com.br\/blog\/detran-pa-gabarito-extraoficial-da-parte-especifica-inclusive-transito\/","url":"https:\/\/www.estrategiaconcursos.com.br\/blog\/detran-pa-gabarito-extraoficial-da-parte-especifica-inclusive-transito\/","name":"DETRAN PA - gabarito extraoficial da parte espec\u00edfica (inclusive tr\u00e2nsito).","isPartOf":{"@id":"https:\/\/www.estrategiaconcursos.com.br\/blog\/#website"},"datePublished":"2019-04-28T19:46:19+00:00","dateModified":"2019-04-28T21:31:33+00:00","breadcrumb":{"@id":"https:\/\/www.estrategiaconcursos.com.br\/blog\/detran-pa-gabarito-extraoficial-da-parte-especifica-inclusive-transito\/#breadcrumb"},"inLanguage":"pt-BR","potentialAction":[{"@type":"ReadAction","target":["https:\/\/www.estrategiaconcursos.com.br\/blog\/detran-pa-gabarito-extraoficial-da-parte-especifica-inclusive-transito\/"]}]},{"@type":"BreadcrumbList","@id":"https:\/\/www.estrategiaconcursos.com.br\/blog\/detran-pa-gabarito-extraoficial-da-parte-especifica-inclusive-transito\/#breadcrumb","itemListElement":[{"@type":"ListItem","position":1,"name":"In\u00edcio","item":"https:\/\/www.estrategiaconcursos.com.br\/blog\/"},{"@type":"ListItem","position":2,"name":"DETRAN PA &#8211; gabarito extraoficial da parte espec\u00edfica (inclusive tr\u00e2nsito)."}]},{"@type":"WebSite","@id":"https:\/\/www.estrategiaconcursos.com.br\/blog\/#website","url":"https:\/\/www.estrategiaconcursos.com.br\/blog\/","name":"Estrat\u00e9gia Concursos","description":"O blog da Estrat\u00e9gia Concursos traz not\u00edcias sobre concursos e artigos de professores oferecendo cursos para concursos (pdf + videaulas) no site.","publisher":{"@id":"https:\/\/www.estrategiaconcursos.com.br\/blog\/#organization"},"potentialAction":[{"@type":"SearchAction","target":{"@type":"EntryPoint","urlTemplate":"https:\/\/www.estrategiaconcursos.com.br\/blog\/?s={search_term_string}"},"query-input":{"@type":"PropertyValueSpecification","valueRequired":true,"valueName":"search_term_string"}}],"inLanguage":"pt-BR"},{"@type":"Organization","@id":"https:\/\/www.estrategiaconcursos.com.br\/blog\/#organization","name":"Estrat\u00e9gia Concursos","url":"https:\/\/www.estrategiaconcursos.com.br\/blog\/","logo":{"@type":"ImageObject","inLanguage":"pt-BR","@id":"https:\/\/www.estrategiaconcursos.com.br\/blog\/#\/schema\/logo\/image\/","url":"https:\/\/dhg1h5j42swfq.cloudfront.net\/2025\/06\/03203428\/logo_concursos-1.jpg","contentUrl":"https:\/\/dhg1h5j42swfq.cloudfront.net\/2025\/06\/03203428\/logo_concursos-1.jpg","width":230,"height":60,"caption":"Estrat\u00e9gia Concursos"},"image":{"@id":"https:\/\/www.estrategiaconcursos.com.br\/blog\/#\/schema\/logo\/image\/"},"sameAs":["https:\/\/x.com\/EstratConcursos"]},{"@type":"Person","@id":"https:\/\/www.estrategiaconcursos.com.br\/blog\/#\/schema\/person\/edda4e500c7c5065d53cfab276ffa8dd","name":"Alexandre Herculano","image":{"@type":"ImageObject","inLanguage":"pt-BR","@id":"https:\/\/secure.gravatar.com\/avatar\/38cb0c33a42096a75e0d9cdd0d8f7413cf51bcfdd398eb7a35bdcd48e89060f8?s=96&d=mm&r=g","url":"https:\/\/secure.gravatar.com\/avatar\/38cb0c33a42096a75e0d9cdd0d8f7413cf51bcfdd398eb7a35bdcd48e89060f8?s=96&d=mm&r=g","contentUrl":"https:\/\/secure.gravatar.com\/avatar\/38cb0c33a42096a75e0d9cdd0d8f7413cf51bcfdd398eb7a35bdcd48e89060f8?s=96&d=mm&r=g","caption":"Alexandre Herculano"},"url":"https:\/\/www.estrategiaconcursos.com.br\/blog\/author\/alexandreherculanoestrategiaconcursos-com-br\/"}]}},"_links":{"self":[{"href":"https:\/\/www.estrategiaconcursos.com.br\/blog\/wp-json\/wp\/v2\/posts\/366603","targetHints":{"allow":["GET"]}}],"collection":[{"href":"https:\/\/www.estrategiaconcursos.com.br\/blog\/wp-json\/wp\/v2\/posts"}],"about":[{"href":"https:\/\/www.estrategiaconcursos.com.br\/blog\/wp-json\/wp\/v2\/types\/post"}],"author":[{"embeddable":true,"href":"https:\/\/www.estrategiaconcursos.com.br\/blog\/wp-json\/wp\/v2\/users\/86"}],"replies":[{"embeddable":true,"href":"https:\/\/www.estrategiaconcursos.com.br\/blog\/wp-json\/wp\/v2\/comments?post=366603"}],"version-history":[{"count":4,"href":"https:\/\/www.estrategiaconcursos.com.br\/blog\/wp-json\/wp\/v2\/posts\/366603\/revisions"}],"predecessor-version":[{"id":366613,"href":"https:\/\/www.estrategiaconcursos.com.br\/blog\/wp-json\/wp\/v2\/posts\/366603\/revisions\/366613"}],"wp:attachment":[{"href":"https:\/\/www.estrategiaconcursos.com.br\/blog\/wp-json\/wp\/v2\/media?parent=366603"}],"wp:term":[{"taxonomy":"category","embeddable":true,"href":"https:\/\/www.estrategiaconcursos.com.br\/blog\/wp-json\/wp\/v2\/categories?post=366603"},{"taxonomy":"post_tag","embeddable":true,"href":"https:\/\/www.estrategiaconcursos.com.br\/blog\/wp-json\/wp\/v2\/tags?post=366603"},{"taxonomy":"tax_estado","embeddable":true,"href":"https:\/\/www.estrategiaconcursos.com.br\/blog\/wp-json\/wp\/v2\/tax_estado?post=366603"}],"curies":[{"name":"wp","href":"https:\/\/api.w.org\/{rel}","templated":true}]}}