{"id":366359,"date":"2019-04-26T11:35:55","date_gmt":"2019-04-26T14:35:55","guid":{"rendered":"https:\/\/www.estrategiaconcursos.com.br\/blog\/?p=366359"},"modified":"2019-04-26T11:36:01","modified_gmt":"2019-04-26T14:36:01","slug":"concurso-trf4-autorizado-edital-deve-sair-no-primeiro-semestre","status":"publish","type":"post","link":"https:\/\/www.estrategiaconcursos.com.br\/blog\/concurso-trf4-autorizado-edital-deve-sair-no-primeiro-semestre\/","title":{"rendered":"Concurso TRF4: AUTORIZADO, edital deve sair no primeiro semestre"},"content":{"rendered":"\n<p style=\"font-size:22px\"><em>Comiss\u00e3o trabalha no cronograma do Edital TRF4 para junho<\/em><\/p>\n\n\n\n<p>O Tribunal Regional Federal da 4\u00aa Regi\u00e3o divulgou oficialmente em seu portal a autoriza\u00e7\u00e3o por parte do Conselho de Administra\u00e7\u00e3o do \u00f3rg\u00e3o em realizar o novo Concurso TRF4.<\/p>\n\n\n\n<p>Agora, a comiss\u00e3o institu\u00edda no in\u00edcio do m\u00eas de abril segue trabalhando no levantamento de informa\u00e7\u00f5es necess\u00e1rias para a contrata\u00e7\u00e3o de uma banca organizadora, defini\u00e7\u00e3o de cronograma e determina\u00e7\u00e3o de cargos e vagas.<\/p>\n\n\n\n<figure class=\"wp-block-image\"><img loading=\"lazy\" decoding=\"async\" width=\"1293\" height=\"635\" src=\"https:\/\/dhg1h5j42swfq.cloudfront.net\/2019\/04\/26112145\/trf43.jpg\" alt=\"\" class=\"wp-image-366367\" srcset=\"https:\/\/dhg1h5j42swfq.cloudfront.net\/2019\/04\/26112145\/trf43.jpg 1293w, https:\/\/dhg1h5j42swfq.cloudfront.net\/2019\/04\/26112145\/trf43.jpg 300w, https:\/\/dhg1h5j42swfq.cloudfront.net\/2019\/04\/26112145\/trf43.jpg 768w, https:\/\/dhg1h5j42swfq.cloudfront.net\/2019\/04\/26112145\/trf43.jpg 1024w\" sizes=\"auto, (max-width: 1293px) 100vw, 1293px\" \/><\/figure>\n\n\n\n<p>Segundo dados informados pelo Conselho da Justi\u00e7a Federal em mar\u00e7o, o TRF 4 conta com 222 cargos vagos no seu quadro de pessoal, distribu\u00eddos entre a sede do Tribunal e as Se\u00e7\u00f5es Judici\u00e1rias do Paran\u00e1, Rio Grande do Sul e Santa Catarina. <\/p>\n\n\n\n<p>Os cargos dispon\u00edveis s\u00e3o de Analista (n\u00edvel superior) e T\u00e9cnico (n\u00edvel m\u00e9dio). A remunera\u00e7\u00f5es iniciais variam entre R$ 5.007,82 e R$ 8.178,06, com jornadas de 40 horas semanais. <\/p>\n\n\n\n<p>O \u00faltimo certame do TRF-4 foi em 2014. Na \u00e9poca, foram ofertadas vagas para cadastro reserva de analistas e t\u00e9cnicos judici\u00e1rios. <\/p>\n\n\n\n<p style=\"text-align:center\" class=\"has-background has-very-light-gray-background-color\"><strong>Quer saber mais sobre este certame? Acesse a mat\u00e9ria completa:<\/strong><\/p>\n\n\n\n<figure class=\"wp-block-embed is-type-rich is-provider-estrategia-concursos\"><div class=\"wp-block-embed__wrapper\">\n<blockquote class=\"wp-embedded-content\" data-secret=\"L6pUAE6LPG\"><a href=\"https:\/\/www.estrategiaconcursos.com.br\/blog\/concurso-trf4\/\">Concurso TRF4: 20 novas nomea\u00e7\u00f5es s\u00e3o previstas na LOA 2022!<\/a><\/blockquote><iframe loading=\"lazy\" class=\"wp-embedded-content\" sandbox=\"allow-scripts\" security=\"restricted\" style=\"position: absolute; clip: rect(1px, 1px, 1px, 1px);\" title=\"&#8220;Concurso TRF4: 20 novas nomea\u00e7\u00f5es s\u00e3o previstas na LOA 2022!&#8221; &#8212; Estrat\u00e9gia Concursos\" src=\"https:\/\/www.estrategiaconcursos.com.br\/blog\/concurso-trf4\/embed\/#?secret=OsO9JhaouS#?secret=L6pUAE6LPG\" data-secret=\"L6pUAE6LPG\" width=\"500\" height=\"282\" frameborder=\"0\" marginwidth=\"0\" marginheight=\"0\" scrolling=\"no\"><\/iframe>\n<\/div><\/figure>\n\n\n\n<p><strong>Para uma prepara\u00e7\u00e3o direcionada e antecipada conhe\u00e7a nossos<\/strong>&nbsp;<strong>cursos para o TRF 4:<\/strong><\/p>\n\n\n\n<p style=\"font-size:25px;text-align:center\"><strong><a rel=\"noreferrer noopener\" href=\"https:\/\/www.estrategiaconcursos.com.br\/cursosPorConcurso\/trf-4-regiao\/\" target=\"_blank\"><em>Cursos TRF 4\u00aa Regi\u00e3o<\/em><\/a><\/strong><\/p>\n\n\n\n<p style=\"text-align:center\"><em><strong>Assinatura Anual Ilimitada*<\/strong><\/em><\/p>\n\n\n\n<p><em>Prepare-se com o melhor material e com quem mais aprova em&nbsp;Concursos P\u00fablicos de todo o pa\u00eds. Assine agora a nossa Assinatura Anual e tenha acesso ilimitado* a todos os nossos cursos.<\/em><\/p>\n\n\n\n<figure class=\"wp-block-image\"><a href=\"https:\/\/www.estrategiaconcursos.com.br\/assinaturas\" target=\"_blank\" rel=\"noreferrer noopener\"><img loading=\"lazy\" decoding=\"async\" width=\"1920\" height=\"480\" src=\"https:\/\/dhg1h5j42swfq.cloudfront.net\/2019\/03\/21123900\/assinatura-ilimitada-estrategia.jpg\" alt=\"assinatura ilimitada estrategia\" class=\"wp-image-173129\" srcset=\"https:\/\/dhg1h5j42swfq.cloudfront.net\/2019\/03\/21123900\/assinatura-ilimitada-estrategia.jpg 1920w, https:\/\/dhg1h5j42swfq.cloudfront.net\/2019\/03\/21123900\/assinatura-ilimitada-estrategia.jpg 300w, https:\/\/dhg1h5j42swfq.cloudfront.net\/2019\/03\/21123900\/assinatura-ilimitada-estrategia.jpg 768w, https:\/\/dhg1h5j42swfq.cloudfront.net\/2019\/03\/21123900\/assinatura-ilimitada-estrategia.jpg 1024w\" sizes=\"auto, (max-width: 1920px) 100vw, 1920px\" \/><\/a><\/figure>\n","protected":false},"excerpt":{"rendered":"<p>Comiss\u00e3o trabalha no cronograma do Edital TRF4 para junho O Tribunal Regional Federal da 4\u00aa Regi\u00e3o divulgou oficialmente em seu portal a autoriza\u00e7\u00e3o por parte do Conselho de Administra\u00e7\u00e3o do \u00f3rg\u00e3o em realizar o novo Concurso TRF4. Agora, a comiss\u00e3o institu\u00edda no in\u00edcio do m\u00eas de abril segue trabalhando no levantamento de informa\u00e7\u00f5es necess\u00e1rias para [&hellip;]<\/p>\n","protected":false},"author":188,"featured_media":0,"comment_status":"open","ping_status":"closed","sticky":false,"template":"","format":"standard","meta":{"post_tipo":"article","footnotes":""},"categories":[1],"tags":[],"tax_estado":[],"class_list":["post-366359","post","type-post","status-publish","format-standard","hentry","category-cursos-e-concursos"],"acf":[],"yoast_head":"<!-- This site is optimized with the Yoast SEO Premium plugin v27.2 (Yoast SEO v27.2) - https:\/\/yoast.com\/product\/yoast-seo-premium-wordpress\/ -->\n<title>Concurso TRF4: AUTORIZADO, edital deve sair no primeiro semestre<\/title>\n<meta name=\"description\" content=\"Autorizado! Concurso TRF4 deve ter seu edital publicado ainda no primeiro semestre para T\u00e9cnico e Analista. Saiba tudo sobre este certame e prepare-se!\" \/>\n<meta name=\"robots\" content=\"index, follow, max-snippet:-1, max-image-preview:large, max-video-preview:-1\" \/>\n<link rel=\"canonical\" href=\"https:\/\/www.estrategiaconcursos.com.br\/blog\/concurso-trf4-autorizado-edital-deve-sair-no-primeiro-semestre\/\" \/>\n<meta property=\"og:locale\" content=\"pt_BR\" \/>\n<meta property=\"og:type\" content=\"article\" \/>\n<meta property=\"og:title\" content=\"Concurso TRF4: AUTORIZADO, edital deve sair no primeiro semestre\" \/>\n<meta property=\"og:description\" content=\"Autorizado! Concurso TRF4 deve ter seu edital publicado ainda no primeiro semestre para T\u00e9cnico e Analista. Saiba tudo sobre este certame e prepare-se!\" \/>\n<meta property=\"og:url\" content=\"https:\/\/www.estrategiaconcursos.com.br\/blog\/concurso-trf4-autorizado-edital-deve-sair-no-primeiro-semestre\/\" \/>\n<meta property=\"og:site_name\" content=\"Estrat\u00e9gia Concursos\" \/>\n<meta property=\"article:published_time\" content=\"2019-04-26T14:35:55+00:00\" \/>\n<meta property=\"article:modified_time\" content=\"2019-04-26T14:36:01+00:00\" \/>\n<meta property=\"og:image\" content=\"https:\/\/www.estrategiaconcursos.com.br\/blog\/wp-content\/uploads\/2019\/04\/trf43-1024x503.jpg\" \/>\n<meta name=\"author\" content=\"Tha\u00eds Mendes (Jornalista)\" \/>\n<meta name=\"twitter:card\" content=\"summary_large_image\" \/>\n<meta name=\"twitter:creator\" content=\"@EstratConcursos\" \/>\n<meta name=\"twitter:site\" content=\"@EstratConcursos\" \/>\n<meta name=\"twitter:label1\" content=\"Escrito por\" \/>\n\t<meta name=\"twitter:data1\" content=\"Tha\u00eds Mendes (Jornalista)\" \/>\n\t<meta name=\"twitter:label2\" content=\"Est. tempo de leitura\" \/>\n\t<meta name=\"twitter:data2\" content=\"1 minuto\" \/>\n<script type=\"application\/ld+json\" class=\"yoast-schema-graph\">{\"@context\":\"https:\/\/schema.org\",\"@graph\":[{\"@type\":\"NewsArticle\",\"@id\":\"https:\/\/www.estrategiaconcursos.com.br\/blog\/concurso-trf4-autorizado-edital-deve-sair-no-primeiro-semestre\/#article\",\"isPartOf\":{\"@id\":\"https:\/\/www.estrategiaconcursos.com.br\/blog\/concurso-trf4-autorizado-edital-deve-sair-no-primeiro-semestre\/\"},\"author\":{\"name\":\"Tha\u00eds Mendes (Jornalista)\",\"@id\":\"https:\/\/www.estrategiaconcursos.com.br\/blog\/#\/schema\/person\/b69f846fcb6f09c1b651569e30b6e865\"},\"headline\":\"Concurso TRF4: AUTORIZADO, edital deve sair no primeiro semestre\",\"datePublished\":\"2019-04-26T14:35:55+00:00\",\"dateModified\":\"2019-04-26T14:36:01+00:00\",\"mainEntityOfPage\":{\"@id\":\"https:\/\/www.estrategiaconcursos.com.br\/blog\/concurso-trf4-autorizado-edital-deve-sair-no-primeiro-semestre\/\"},\"wordCount\":266,\"commentCount\":4,\"publisher\":{\"@id\":\"https:\/\/www.estrategiaconcursos.com.br\/blog\/#organization\"},\"image\":{\"@id\":\"https:\/\/www.estrategiaconcursos.com.br\/blog\/concurso-trf4-autorizado-edital-deve-sair-no-primeiro-semestre\/#primaryimage\"},\"thumbnailUrl\":\"https:\/\/www.estrategiaconcursos.com.br\/blog\/wp-content\/uploads\/2019\/04\/trf43-1024x503.jpg\",\"articleSection\":[\"Concursos P\u00fablicos\"],\"inLanguage\":\"pt-BR\",\"potentialAction\":[{\"@type\":\"CommentAction\",\"name\":\"Comment\",\"target\":[\"https:\/\/www.estrategiaconcursos.com.br\/blog\/concurso-trf4-autorizado-edital-deve-sair-no-primeiro-semestre\/#respond\"]}],\"copyrightYear\":\"2019\",\"copyrightHolder\":{\"@id\":\"https:\/\/www.estrategiaconcursos.com.br\/blog\/#organization\"}},{\"@type\":\"WebPage\",\"@id\":\"https:\/\/www.estrategiaconcursos.com.br\/blog\/concurso-trf4-autorizado-edital-deve-sair-no-primeiro-semestre\/\",\"url\":\"https:\/\/www.estrategiaconcursos.com.br\/blog\/concurso-trf4-autorizado-edital-deve-sair-no-primeiro-semestre\/\",\"name\":\"Concurso TRF4: AUTORIZADO, edital deve sair no primeiro semestre\",\"isPartOf\":{\"@id\":\"https:\/\/www.estrategiaconcursos.com.br\/blog\/#website\"},\"primaryImageOfPage\":{\"@id\":\"https:\/\/www.estrategiaconcursos.com.br\/blog\/concurso-trf4-autorizado-edital-deve-sair-no-primeiro-semestre\/#primaryimage\"},\"image\":{\"@id\":\"https:\/\/www.estrategiaconcursos.com.br\/blog\/concurso-trf4-autorizado-edital-deve-sair-no-primeiro-semestre\/#primaryimage\"},\"thumbnailUrl\":\"https:\/\/www.estrategiaconcursos.com.br\/blog\/wp-content\/uploads\/2019\/04\/trf43-1024x503.jpg\",\"datePublished\":\"2019-04-26T14:35:55+00:00\",\"dateModified\":\"2019-04-26T14:36:01+00:00\",\"description\":\"Autorizado! Concurso TRF4 deve ter seu edital publicado ainda no primeiro semestre para T\u00e9cnico e Analista. Saiba tudo sobre este certame e prepare-se!\",\"breadcrumb\":{\"@id\":\"https:\/\/www.estrategiaconcursos.com.br\/blog\/concurso-trf4-autorizado-edital-deve-sair-no-primeiro-semestre\/#breadcrumb\"},\"inLanguage\":\"pt-BR\",\"potentialAction\":[{\"@type\":\"ReadAction\",\"target\":[\"https:\/\/www.estrategiaconcursos.com.br\/blog\/concurso-trf4-autorizado-edital-deve-sair-no-primeiro-semestre\/\"]}]},{\"@type\":\"ImageObject\",\"inLanguage\":\"pt-BR\",\"@id\":\"https:\/\/www.estrategiaconcursos.com.br\/blog\/concurso-trf4-autorizado-edital-deve-sair-no-primeiro-semestre\/#primaryimage\",\"url\":\"https:\/\/dhg1h5j42swfq.cloudfront.net\/2019\/04\/26112145\/trf43.jpg\",\"contentUrl\":\"https:\/\/dhg1h5j42swfq.cloudfront.net\/2019\/04\/26112145\/trf43.jpg\",\"width\":1293,\"height\":635},{\"@type\":\"BreadcrumbList\",\"@id\":\"https:\/\/www.estrategiaconcursos.com.br\/blog\/concurso-trf4-autorizado-edital-deve-sair-no-primeiro-semestre\/#breadcrumb\",\"itemListElement\":[{\"@type\":\"ListItem\",\"position\":1,\"name\":\"In\u00edcio\",\"item\":\"https:\/\/www.estrategiaconcursos.com.br\/blog\/\"},{\"@type\":\"ListItem\",\"position\":2,\"name\":\"Concurso TRF4: AUTORIZADO, edital deve sair no primeiro semestre\"}]},{\"@type\":\"WebSite\",\"@id\":\"https:\/\/www.estrategiaconcursos.com.br\/blog\/#website\",\"url\":\"https:\/\/www.estrategiaconcursos.com.br\/blog\/\",\"name\":\"Estrat\u00e9gia Concursos\",\"description\":\"O blog da Estrat\u00e9gia Concursos traz not\u00edcias sobre concursos e artigos de professores oferecendo cursos para concursos (pdf + videaulas) no site.\",\"publisher\":{\"@id\":\"https:\/\/www.estrategiaconcursos.com.br\/blog\/#organization\"},\"potentialAction\":[{\"@type\":\"SearchAction\",\"target\":{\"@type\":\"EntryPoint\",\"urlTemplate\":\"https:\/\/www.estrategiaconcursos.com.br\/blog\/?s={search_term_string}\"},\"query-input\":{\"@type\":\"PropertyValueSpecification\",\"valueRequired\":true,\"valueName\":\"search_term_string\"}}],\"inLanguage\":\"pt-BR\"},{\"@type\":\"Organization\",\"@id\":\"https:\/\/www.estrategiaconcursos.com.br\/blog\/#organization\",\"name\":\"Estrat\u00e9gia Concursos\",\"url\":\"https:\/\/www.estrategiaconcursos.com.br\/blog\/\",\"logo\":{\"@type\":\"ImageObject\",\"inLanguage\":\"pt-BR\",\"@id\":\"https:\/\/www.estrategiaconcursos.com.br\/blog\/#\/schema\/logo\/image\/\",\"url\":\"https:\/\/dhg1h5j42swfq.cloudfront.net\/2025\/06\/03203428\/logo_concursos-1.jpg\",\"contentUrl\":\"https:\/\/dhg1h5j42swfq.cloudfront.net\/2025\/06\/03203428\/logo_concursos-1.jpg\",\"width\":230,\"height\":60,\"caption\":\"Estrat\u00e9gia Concursos\"},\"image\":{\"@id\":\"https:\/\/www.estrategiaconcursos.com.br\/blog\/#\/schema\/logo\/image\/\"},\"sameAs\":[\"https:\/\/x.com\/EstratConcursos\"]},{\"@type\":\"Person\",\"@id\":\"https:\/\/www.estrategiaconcursos.com.br\/blog\/#\/schema\/person\/b69f846fcb6f09c1b651569e30b6e865\",\"name\":\"Tha\u00eds Mendes (Jornalista)\",\"image\":{\"@type\":\"ImageObject\",\"inLanguage\":\"pt-BR\",\"@id\":\"https:\/\/secure.gravatar.com\/avatar\/3c9c4f2eb3e762ee925852cf3188d5507fcec36cfe4fdee47acd4135266a8614?s=96&d=mm&r=g\",\"url\":\"https:\/\/secure.gravatar.com\/avatar\/3c9c4f2eb3e762ee925852cf3188d5507fcec36cfe4fdee47acd4135266a8614?s=96&d=mm&r=g\",\"contentUrl\":\"https:\/\/secure.gravatar.com\/avatar\/3c9c4f2eb3e762ee925852cf3188d5507fcec36cfe4fdee47acd4135266a8614?s=96&d=mm&r=g\",\"caption\":\"Tha\u00eds Mendes (Jornalista)\"},\"url\":\"https:\/\/www.estrategiaconcursos.com.br\/blog\/author\/comunicacaoestrategiaconcursos-com-br\/\"}]}<\/script>\n<!-- \/ Yoast SEO Premium plugin. -->","yoast_head_json":{"title":"Concurso TRF4: AUTORIZADO, edital deve sair no primeiro semestre","description":"Autorizado! Concurso TRF4 deve ter seu edital publicado ainda no primeiro semestre para T\u00e9cnico e Analista. Saiba tudo sobre este certame e prepare-se!","robots":{"index":"index","follow":"follow","max-snippet":"max-snippet:-1","max-image-preview":"max-image-preview:large","max-video-preview":"max-video-preview:-1"},"canonical":"https:\/\/www.estrategiaconcursos.com.br\/blog\/concurso-trf4-autorizado-edital-deve-sair-no-primeiro-semestre\/","og_locale":"pt_BR","og_type":"article","og_title":"Concurso TRF4: AUTORIZADO, edital deve sair no primeiro semestre","og_description":"Autorizado! Concurso TRF4 deve ter seu edital publicado ainda no primeiro semestre para T\u00e9cnico e Analista. Saiba tudo sobre este certame e prepare-se!","og_url":"https:\/\/www.estrategiaconcursos.com.br\/blog\/concurso-trf4-autorizado-edital-deve-sair-no-primeiro-semestre\/","og_site_name":"Estrat\u00e9gia Concursos","article_published_time":"2019-04-26T14:35:55+00:00","article_modified_time":"2019-04-26T14:36:01+00:00","og_image":[{"url":"https:\/\/www.estrategiaconcursos.com.br\/blog\/wp-content\/uploads\/2019\/04\/trf43-1024x503.jpg","type":"","width":"","height":""}],"author":"Tha\u00eds Mendes (Jornalista)","twitter_card":"summary_large_image","twitter_creator":"@EstratConcursos","twitter_site":"@EstratConcursos","twitter_misc":{"Escrito por":"Tha\u00eds Mendes (Jornalista)","Est. tempo de leitura":"1 minuto"},"schema":{"@context":"https:\/\/schema.org","@graph":[{"@type":"NewsArticle","@id":"https:\/\/www.estrategiaconcursos.com.br\/blog\/concurso-trf4-autorizado-edital-deve-sair-no-primeiro-semestre\/#article","isPartOf":{"@id":"https:\/\/www.estrategiaconcursos.com.br\/blog\/concurso-trf4-autorizado-edital-deve-sair-no-primeiro-semestre\/"},"author":{"name":"Tha\u00eds Mendes (Jornalista)","@id":"https:\/\/www.estrategiaconcursos.com.br\/blog\/#\/schema\/person\/b69f846fcb6f09c1b651569e30b6e865"},"headline":"Concurso TRF4: AUTORIZADO, edital deve sair no primeiro semestre","datePublished":"2019-04-26T14:35:55+00:00","dateModified":"2019-04-26T14:36:01+00:00","mainEntityOfPage":{"@id":"https:\/\/www.estrategiaconcursos.com.br\/blog\/concurso-trf4-autorizado-edital-deve-sair-no-primeiro-semestre\/"},"wordCount":266,"commentCount":4,"publisher":{"@id":"https:\/\/www.estrategiaconcursos.com.br\/blog\/#organization"},"image":{"@id":"https:\/\/www.estrategiaconcursos.com.br\/blog\/concurso-trf4-autorizado-edital-deve-sair-no-primeiro-semestre\/#primaryimage"},"thumbnailUrl":"https:\/\/www.estrategiaconcursos.com.br\/blog\/wp-content\/uploads\/2019\/04\/trf43-1024x503.jpg","articleSection":["Concursos P\u00fablicos"],"inLanguage":"pt-BR","potentialAction":[{"@type":"CommentAction","name":"Comment","target":["https:\/\/www.estrategiaconcursos.com.br\/blog\/concurso-trf4-autorizado-edital-deve-sair-no-primeiro-semestre\/#respond"]}],"copyrightYear":"2019","copyrightHolder":{"@id":"https:\/\/www.estrategiaconcursos.com.br\/blog\/#organization"}},{"@type":"WebPage","@id":"https:\/\/www.estrategiaconcursos.com.br\/blog\/concurso-trf4-autorizado-edital-deve-sair-no-primeiro-semestre\/","url":"https:\/\/www.estrategiaconcursos.com.br\/blog\/concurso-trf4-autorizado-edital-deve-sair-no-primeiro-semestre\/","name":"Concurso TRF4: AUTORIZADO, edital deve sair no primeiro semestre","isPartOf":{"@id":"https:\/\/www.estrategiaconcursos.com.br\/blog\/#website"},"primaryImageOfPage":{"@id":"https:\/\/www.estrategiaconcursos.com.br\/blog\/concurso-trf4-autorizado-edital-deve-sair-no-primeiro-semestre\/#primaryimage"},"image":{"@id":"https:\/\/www.estrategiaconcursos.com.br\/blog\/concurso-trf4-autorizado-edital-deve-sair-no-primeiro-semestre\/#primaryimage"},"thumbnailUrl":"https:\/\/www.estrategiaconcursos.com.br\/blog\/wp-content\/uploads\/2019\/04\/trf43-1024x503.jpg","datePublished":"2019-04-26T14:35:55+00:00","dateModified":"2019-04-26T14:36:01+00:00","description":"Autorizado! Concurso TRF4 deve ter seu edital publicado ainda no primeiro semestre para T\u00e9cnico e Analista. Saiba tudo sobre este certame e prepare-se!","breadcrumb":{"@id":"https:\/\/www.estrategiaconcursos.com.br\/blog\/concurso-trf4-autorizado-edital-deve-sair-no-primeiro-semestre\/#breadcrumb"},"inLanguage":"pt-BR","potentialAction":[{"@type":"ReadAction","target":["https:\/\/www.estrategiaconcursos.com.br\/blog\/concurso-trf4-autorizado-edital-deve-sair-no-primeiro-semestre\/"]}]},{"@type":"ImageObject","inLanguage":"pt-BR","@id":"https:\/\/www.estrategiaconcursos.com.br\/blog\/concurso-trf4-autorizado-edital-deve-sair-no-primeiro-semestre\/#primaryimage","url":"https:\/\/dhg1h5j42swfq.cloudfront.net\/2019\/04\/26112145\/trf43.jpg","contentUrl":"https:\/\/dhg1h5j42swfq.cloudfront.net\/2019\/04\/26112145\/trf43.jpg","width":1293,"height":635},{"@type":"BreadcrumbList","@id":"https:\/\/www.estrategiaconcursos.com.br\/blog\/concurso-trf4-autorizado-edital-deve-sair-no-primeiro-semestre\/#breadcrumb","itemListElement":[{"@type":"ListItem","position":1,"name":"In\u00edcio","item":"https:\/\/www.estrategiaconcursos.com.br\/blog\/"},{"@type":"ListItem","position":2,"name":"Concurso TRF4: AUTORIZADO, edital deve sair no primeiro semestre"}]},{"@type":"WebSite","@id":"https:\/\/www.estrategiaconcursos.com.br\/blog\/#website","url":"https:\/\/www.estrategiaconcursos.com.br\/blog\/","name":"Estrat\u00e9gia Concursos","description":"O blog da Estrat\u00e9gia Concursos traz not\u00edcias sobre concursos e artigos de professores oferecendo cursos para concursos (pdf + videaulas) no site.","publisher":{"@id":"https:\/\/www.estrategiaconcursos.com.br\/blog\/#organization"},"potentialAction":[{"@type":"SearchAction","target":{"@type":"EntryPoint","urlTemplate":"https:\/\/www.estrategiaconcursos.com.br\/blog\/?s={search_term_string}"},"query-input":{"@type":"PropertyValueSpecification","valueRequired":true,"valueName":"search_term_string"}}],"inLanguage":"pt-BR"},{"@type":"Organization","@id":"https:\/\/www.estrategiaconcursos.com.br\/blog\/#organization","name":"Estrat\u00e9gia Concursos","url":"https:\/\/www.estrategiaconcursos.com.br\/blog\/","logo":{"@type":"ImageObject","inLanguage":"pt-BR","@id":"https:\/\/www.estrategiaconcursos.com.br\/blog\/#\/schema\/logo\/image\/","url":"https:\/\/dhg1h5j42swfq.cloudfront.net\/2025\/06\/03203428\/logo_concursos-1.jpg","contentUrl":"https:\/\/dhg1h5j42swfq.cloudfront.net\/2025\/06\/03203428\/logo_concursos-1.jpg","width":230,"height":60,"caption":"Estrat\u00e9gia Concursos"},"image":{"@id":"https:\/\/www.estrategiaconcursos.com.br\/blog\/#\/schema\/logo\/image\/"},"sameAs":["https:\/\/x.com\/EstratConcursos"]},{"@type":"Person","@id":"https:\/\/www.estrategiaconcursos.com.br\/blog\/#\/schema\/person\/b69f846fcb6f09c1b651569e30b6e865","name":"Tha\u00eds Mendes (Jornalista)","image":{"@type":"ImageObject","inLanguage":"pt-BR","@id":"https:\/\/secure.gravatar.com\/avatar\/3c9c4f2eb3e762ee925852cf3188d5507fcec36cfe4fdee47acd4135266a8614?s=96&d=mm&r=g","url":"https:\/\/secure.gravatar.com\/avatar\/3c9c4f2eb3e762ee925852cf3188d5507fcec36cfe4fdee47acd4135266a8614?s=96&d=mm&r=g","contentUrl":"https:\/\/secure.gravatar.com\/avatar\/3c9c4f2eb3e762ee925852cf3188d5507fcec36cfe4fdee47acd4135266a8614?s=96&d=mm&r=g","caption":"Tha\u00eds Mendes (Jornalista)"},"url":"https:\/\/www.estrategiaconcursos.com.br\/blog\/author\/comunicacaoestrategiaconcursos-com-br\/"}]}},"_links":{"self":[{"href":"https:\/\/www.estrategiaconcursos.com.br\/blog\/wp-json\/wp\/v2\/posts\/366359","targetHints":{"allow":["GET"]}}],"collection":[{"href":"https:\/\/www.estrategiaconcursos.com.br\/blog\/wp-json\/wp\/v2\/posts"}],"about":[{"href":"https:\/\/www.estrategiaconcursos.com.br\/blog\/wp-json\/wp\/v2\/types\/post"}],"author":[{"embeddable":true,"href":"https:\/\/www.estrategiaconcursos.com.br\/blog\/wp-json\/wp\/v2\/users\/188"}],"replies":[{"embeddable":true,"href":"https:\/\/www.estrategiaconcursos.com.br\/blog\/wp-json\/wp\/v2\/comments?post=366359"}],"version-history":[{"count":2,"href":"https:\/\/www.estrategiaconcursos.com.br\/blog\/wp-json\/wp\/v2\/posts\/366359\/revisions"}],"predecessor-version":[{"id":374093,"href":"https:\/\/www.estrategiaconcursos.com.br\/blog\/wp-json\/wp\/v2\/posts\/366359\/revisions\/374093"}],"wp:attachment":[{"href":"https:\/\/www.estrategiaconcursos.com.br\/blog\/wp-json\/wp\/v2\/media?parent=366359"}],"wp:term":[{"taxonomy":"category","embeddable":true,"href":"https:\/\/www.estrategiaconcursos.com.br\/blog\/wp-json\/wp\/v2\/categories?post=366359"},{"taxonomy":"post_tag","embeddable":true,"href":"https:\/\/www.estrategiaconcursos.com.br\/blog\/wp-json\/wp\/v2\/tags?post=366359"},{"taxonomy":"tax_estado","embeddable":true,"href":"https:\/\/www.estrategiaconcursos.com.br\/blog\/wp-json\/wp\/v2\/tax_estado?post=366359"}],"curies":[{"name":"wp","href":"https:\/\/api.w.org\/{rel}","templated":true}]}}