{"id":366210,"date":"2019-04-25T23:05:42","date_gmt":"2019-04-26T02:05:42","guid":{"rendered":"https:\/\/www.estrategiaconcursos.com.br\/blog\/?p=366210"},"modified":"2019-04-25T23:05:49","modified_gmt":"2019-04-26T02:05:49","slug":"recursos-de-redacao-para-o-concurso-da-uff-igualdade-perante-a-lei","status":"publish","type":"post","link":"https:\/\/www.estrategiaconcursos.com.br\/blog\/recursos-de-redacao-para-o-concurso-da-uff-igualdade-perante-a-lei\/","title":{"rendered":"Recursos de reda\u00e7\u00e3o para o concurso da UFF &#8211; Igualdade perante a lei"},"content":{"rendered":"\n<p>Estrategistas, tudo bem? <\/p>\n\n\n\n<p>Estou muito feliz em ter sido\nconvidado pelo Coordenador de Provas Discursivas, Professor Carlos Roberto, para\nauxili\u00e1-los nesta fase de extrema import\u00e2ncia de seu concurso: <strong>recursos para\na prova discursiva (macroestrutura)\ndo concurso UFF.<\/strong><\/p>\n\n\n\n<p>Antes de iniciarmos, quero fazer uma breve apresenta\u00e7\u00e3o:<\/p>\n\n\n\n<p>Meu nome \u00e9 Raphael Reis, sou graduado em Hist\u00f3ria (UFJF),\nEspecialista em Pol\u00edticas P\u00fablicas e Gest\u00e3o Social (UFJF), MBA em Organiza\u00e7\u00e3o\nde Campanha Eleitoral (Uninter) e Mestre em Sociologia da Educa\u00e7\u00e3o (UFJF).\nAtualmente, trabalho no Estrat\u00e9gia Concursos\/ENEM com as disciplinas de\nFilosofia, de Hist\u00f3ria e de Sociologia. Atuo tamb\u00e9m na parte de Macroestrutura\ne Recursos do N\u00facleo de Reda\u00e7\u00e3o.<\/p>\n\n\n\n<p>&nbsp;Inicialmente,\ngostaria de dar-lhes os parab\u00e9ns por terem chegado at\u00e9 aqui em um concurso t\u00e3o\nconcorrido e de alt\u00edssimo n\u00edvel organizado pela banca COSEAC, a qual, certamente, testou seus\nconhecimentos e comprovou que voc\u00eas est\u00e3o aptos para, a qualquer momento,\ningressarem de forma majestosa na Administra\u00e7\u00e3o P\u00fablica do nosso pa\u00eds. <strong>Quem\nsabe n\u00e3o chegou a hora, n\u00e3o \u00e9 verdade? <\/strong>N\u00f3s, do Estrat\u00e9gia, trabalhamos com afinco para que isso se\nconcretize! <\/p>\n\n\n\n<p>Malgrado as dificuldades\nvivenciadas em sua trajet\u00f3ria at\u00e9 aqui, devo informar-lhes que ainda \u00e9 cedo\npara qualquer tipo de comemora\u00e7\u00e3o ou desist\u00eancia, pois o jogo s\u00f3 acaba quando o\njuiz apita o final da partida e, no seu caso, esse apito ainda n\u00e3o foi dado. <\/p>\n\n\n\n<p><strong>Professor, mas a\nclassifica\u00e7\u00e3o muda tanto assim ap\u00f3s os recursos da prova discursiva?<\/strong> Posso dizer que quem acompanha os concursos p\u00fablicos, que essa\nfase \u00e9 t\u00e3o importante quanto a elabora\u00e7\u00e3o do texto discursivo que voc\u00ea fez no\ndia da sua prova. Por\u00e9m, h\u00e1 possibilidade real de a nota ser\nmajorada? N\u00e3o s\u00f3 existe essa possibilidade, como temos conseguido resultados\nsignificativos nos \u00faltimos concursos p\u00fablicos (a cada tr\u00eas recursos um \u00e9\nexitoso). Alguns pontinhos a mais podem salvar sua classifica\u00e7\u00e3o e, por\nconseguinte, sua aprova\u00e7\u00e3o. <\/p>\n\n\n\n<p>Nem sempre a banca erra ao\ncorrigir sua prova, <strong>mas isso pode acontecer! <\/strong>Nem sempre a banca te\ndevolve a pontua\u00e7\u00e3o quando est\u00e1 errada, <strong>mas isso pode acontecer! <\/strong>Nem\nsempre a banca te d\u00e1 uma nota abaixo daquela que realmente lhe \u00e9 devida, <strong>mas\nisso pode acontecer! <\/strong><\/p>\n\n\n\n<p>Portanto, meus amigos, entrar\ncom recursos na sua prova discursiva \u00e9 algo necess\u00e1rio para quem ainda se v\u00ea\ncom chances de conseguir a classifica\u00e7\u00e3o dentro das vagas. <\/p>\n\n\n\n<p>O meu foco aqui \u00e9 avaliar a <strong>MACROESTRUTURA do seu texto (desenvolvimento\ndo conte\u00fado).<\/strong><\/p>\n\n\n\n<p>Sem mais delongas, vamos ver o\nque disp\u00f5e o edital sobre os crit\u00e9rios de avalia\u00e7\u00e3o de sua reda\u00e7\u00e3o, bem como o\nprocesso de recurso. Vamos l\u00e1!<\/p>\n\n\n\n<p><strong>Ok,\nprofessor, entendi, mas como fazer o recurso contra o resultado provis\u00f3rio da\nprova discursiva?<\/strong><strong><\/strong><\/p>\n\n\n\n<p>Voc\u00ea\ntem que ser bem esperto e agir r\u00e1pido! <\/p>\n\n\n\n<p>Os&nbsp;candidatos&nbsp;poder\u00e3o&nbsp;ter&nbsp;acesso&nbsp;\u00e0&nbsp;prova&nbsp;discursiva&nbsp;e&nbsp;aos&nbsp;espelhos&nbsp;de&nbsp;avalia\u00e7\u00e3o&nbsp;e&nbsp;interpor&nbsp;recurso&nbsp;contra\no&nbsp;resultado&nbsp;provis\u00f3rio&nbsp;na&nbsp;prova&nbsp;discursiva,&nbsp;<strong>das&nbsp;9&nbsp;horas&nbsp;do&nbsp;dia&nbsp;26\nde abril&nbsp;de&nbsp;2019&nbsp;\u00e0s&nbsp;18h00min&nbsp;horas&nbsp;do dia&nbsp;27\nde abril de 2019, <\/strong>(hor\u00e1rio&nbsp;\noficial&nbsp; de&nbsp; Bras\u00edlia\/DF),&nbsp; no&nbsp; endere\u00e7o&nbsp;\neletr\u00f4nico&nbsp;do site da banca COSEAC,\npor meio do Sistema de Interposi\u00e7\u00e3o de Recursos.<\/p>\n\n\n\n<p>Ap\u00f3s&nbsp;esse&nbsp;per\u00edodo,&nbsp;n\u00e3o&nbsp;ser\u00e3o&nbsp;aceitos&nbsp;pedidos&nbsp;de&nbsp;revis\u00e3o.&nbsp;\n<\/p>\n\n\n\n<p>\u00c9 fundamental que voc\u00eas tenham\nacesso ao caderno de respostas o mais r\u00e1pido poss\u00edvel para que possamos\npreparar seu recurso de forma bem fundamentada e com tranquilidade, ok? <\/p>\n\n\n\n<p>Assim que voc\u00ea tiver acesso ao seu caderno de respostas, dever\u00e1 me\ndisponibilizar por meio da \u00e1rea do aluno no site Estrat\u00e9gia Concursos o mais\nr\u00e1pido poss\u00edvel, os seguintes arquivos: <\/p>\n\n\n\n<p><strong>1<\/strong><strong>) C\u00f3pia digitalizada leg\u00edvel da sua reda\u00e7\u00e3o; <\/strong><\/p>\n\n\n\n<p><strong>3) Barema da banca (avalia\u00e7\u00e3o que\nlhe foi atribu\u00edda em cada item);<\/strong><\/p>\n\n\n\n<p><strong>4) Padr\u00e3o de resposta divulgado\npela banca, se houver.<\/strong><\/p>\n\n\n\n<p>Obs.: aqueles que adquirirem o\nservi\u00e7o de recursos devem enviar os arquivos supracitados tamb\u00e9m para o e-mail\ndo Professor Raphael Reis: <a href=\"mailto:profraphaelreis@gmail.com\">profraphaelreis@gmail.com<\/a><\/p>\n\n\n\n<p>Devo lembrar-lhes que as <strong>vagas s\u00e3o limitadas \u2013 temos\nsomente 3 (tr\u00eas) vagas<\/strong>, pois, haja vista o tempo ex\u00edguo para a\nelabora\u00e7\u00e3o dos recursos, \u00e9 necess\u00e1rio impor esse limite para que eu possa\natender a todos com a qualidade necess\u00e1ria e em tempo h\u00e1bil (<strong>s\u00f3 vamos aceitar o envio\nat\u00e9 13h do dia 26 de abril<\/strong>). Ap\u00f3s a confec\u00e7\u00e3o dos recursos, ser\u00e1 de inteira <strong>responsabilidade\ndo aluno <\/strong>envi\u00e1-los para avalia\u00e7\u00e3o da banca examinadora no site da COSEAC.<\/p>\n\n\n\n<p><strong>Duas coisas\nprecisam ficar muito claras:<\/strong><strong><\/strong><\/p>\n\n\n\n<p><em>&#8211; a contrata\u00e7\u00e3o do nosso servi\u00e7o n\u00e3o garante a\nmajora\u00e7\u00e3o da sua nota! \u00c9 uma possibilidade!<\/em><\/p>\n\n\n\n<p><em>&#8211; ao receber o seu texto, vou avaliar de maneira muito honesta,\nfazendo uma an\u00e1lise minuciosa de cada erro apontado pela banca. Se n\u00e3o houver\npossibilidade de recurso, devolveremos\n100% do valor.<\/em><\/p>\n\n\n\n<p>Comprometo-me a doar meu\nm\u00e1ximo em prol de conseguirmos alguns pontos ou d\u00e9cimos em sua nota final.\nContudo, isso depender\u00e1, em grande parte, do texto que foi produzido por voc\u00ea e\ndas margens que ele nos deixou para que possamos argumentar com o examinador a\npossibilidade de majora\u00e7\u00e3o de sua pontua\u00e7\u00e3o. <\/p>\n\n\n\n<p>Feitos esses esclarecimentos,\ndesejo-lhes boa sorte com os recursos e espero, sinceramente, que obtenhamos\n\u00eaxito para que possamos comemorar sua aprova\u00e7\u00e3o! <\/p>\n\n\n\n<p>Coloco-me \u00e0 disposi\u00e7\u00e3o de voc\u00eas neste pr\u00f3ximo desafio!<\/p>\n\n\n\n<p><strong>Link para os adquirir o curso de Recursos: clique <\/strong><strong><a href=\"https:\/\/www.estrategiaconcursos.com.br\/curso\/recurso-p-discursiva-da-uff-todos-os-cargos-aspectos-textuais-e-discursivos-prof-raphael-reis\/\">AQUI<\/a><\/strong><strong><\/strong><\/p>\n\n\n\n<p><strong>E-mail da Coordena\u00e7\u00e3o\nde Recursos:<\/strong><\/p>\n\n\n\n<p>recursos@estrategiaconcursos.com.br<\/p>\n\n\n\n<p><strong>Redes Sociais:<\/strong><\/p>\n\n\n\n<p>\n \n \n  \n  \n  \n  \n  \n  \n  \n  \n  \n  \n  \n  \n \n \n \n\n \nProfessor\nRaphael Reis<\/p>\n","protected":false},"excerpt":{"rendered":"<p>Estrategistas, tudo bem? Estou muito feliz em ter sido convidado pelo Coordenador de Provas Discursivas, Professor Carlos Roberto, para auxili\u00e1-los nesta fase de extrema import\u00e2ncia de seu concurso: recursos para a prova discursiva (macroestrutura) do concurso UFF. Antes de iniciarmos, quero fazer uma breve apresenta\u00e7\u00e3o: Meu nome \u00e9 Raphael Reis, sou graduado em Hist\u00f3ria (UFJF), [&hellip;]<\/p>\n","protected":false},"author":384,"featured_media":0,"comment_status":"open","ping_status":"closed","sticky":false,"template":"","format":"standard","meta":{"post_tipo":"article","footnotes":""},"categories":[1],"tags":[],"tax_estado":[],"class_list":["post-366210","post","type-post","status-publish","format-standard","hentry","category-cursos-e-concursos"],"acf":[],"yoast_head":"<!-- This site is optimized with the Yoast SEO Premium plugin v27.2 (Yoast SEO v27.2) - https:\/\/yoast.com\/product\/yoast-seo-premium-wordpress\/ -->\n<title>Recursos de reda\u00e7\u00e3o para o concurso da UFF - Igualdade perante a lei<\/title>\n<meta name=\"robots\" content=\"index, follow, max-snippet:-1, max-image-preview:large, max-video-preview:-1\" \/>\n<link rel=\"canonical\" href=\"https:\/\/www.estrategiaconcursos.com.br\/blog\/recursos-de-redacao-para-o-concurso-da-uff-igualdade-perante-a-lei\/\" \/>\n<meta property=\"og:locale\" content=\"pt_BR\" \/>\n<meta property=\"og:type\" content=\"article\" \/>\n<meta property=\"og:title\" content=\"Recursos de reda\u00e7\u00e3o para o concurso da UFF - Igualdade perante a lei\" \/>\n<meta property=\"og:description\" content=\"Estrategistas, tudo bem? Estou muito feliz em ter sido convidado pelo Coordenador de Provas Discursivas, Professor Carlos Roberto, para auxili\u00e1-los nesta fase de extrema import\u00e2ncia de seu concurso: recursos para a prova discursiva (macroestrutura) do concurso UFF. Antes de iniciarmos, quero fazer uma breve apresenta\u00e7\u00e3o: Meu nome \u00e9 Raphael Reis, sou graduado em Hist\u00f3ria (UFJF), [&hellip;]\" \/>\n<meta property=\"og:url\" content=\"https:\/\/www.estrategiaconcursos.com.br\/blog\/recursos-de-redacao-para-o-concurso-da-uff-igualdade-perante-a-lei\/\" \/>\n<meta property=\"og:site_name\" content=\"Estrat\u00e9gia Concursos\" \/>\n<meta property=\"article:published_time\" content=\"2019-04-26T02:05:42+00:00\" \/>\n<meta property=\"article:modified_time\" content=\"2019-04-26T02:05:49+00:00\" \/>\n<meta name=\"author\" content=\"Raphael de Oliveira Reis\" \/>\n<meta name=\"twitter:card\" content=\"summary_large_image\" \/>\n<meta name=\"twitter:creator\" content=\"@EstratConcursos\" \/>\n<meta name=\"twitter:site\" content=\"@EstratConcursos\" \/>\n<meta name=\"twitter:label1\" content=\"Escrito por\" \/>\n\t<meta name=\"twitter:data1\" content=\"Raphael de Oliveira Reis\" \/>\n\t<meta name=\"twitter:label2\" content=\"Est. tempo de leitura\" \/>\n\t<meta name=\"twitter:data2\" content=\"5 minutos\" \/>\n<script type=\"application\/ld+json\" class=\"yoast-schema-graph\">{\"@context\":\"https:\/\/schema.org\",\"@graph\":[{\"@type\":\"NewsArticle\",\"@id\":\"https:\/\/www.estrategiaconcursos.com.br\/blog\/recursos-de-redacao-para-o-concurso-da-uff-igualdade-perante-a-lei\/#article\",\"isPartOf\":{\"@id\":\"https:\/\/www.estrategiaconcursos.com.br\/blog\/recursos-de-redacao-para-o-concurso-da-uff-igualdade-perante-a-lei\/\"},\"author\":{\"name\":\"Raphael de Oliveira Reis\",\"@id\":\"https:\/\/www.estrategiaconcursos.com.br\/blog\/#\/schema\/person\/b49a1a49e5ef8a9f8d3268e74404a911\"},\"headline\":\"Recursos de reda\u00e7\u00e3o para o concurso da UFF &#8211; Igualdade perante a lei\",\"datePublished\":\"2019-04-26T02:05:42+00:00\",\"dateModified\":\"2019-04-26T02:05:49+00:00\",\"mainEntityOfPage\":{\"@id\":\"https:\/\/www.estrategiaconcursos.com.br\/blog\/recursos-de-redacao-para-o-concurso-da-uff-igualdade-perante-a-lei\/\"},\"wordCount\":1006,\"commentCount\":0,\"publisher\":{\"@id\":\"https:\/\/www.estrategiaconcursos.com.br\/blog\/#organization\"},\"articleSection\":[\"Concursos P\u00fablicos\"],\"inLanguage\":\"pt-BR\",\"potentialAction\":[{\"@type\":\"CommentAction\",\"name\":\"Comment\",\"target\":[\"https:\/\/www.estrategiaconcursos.com.br\/blog\/recursos-de-redacao-para-o-concurso-da-uff-igualdade-perante-a-lei\/#respond\"]}],\"copyrightYear\":\"2019\",\"copyrightHolder\":{\"@id\":\"https:\/\/www.estrategiaconcursos.com.br\/blog\/#organization\"}},{\"@type\":\"WebPage\",\"@id\":\"https:\/\/www.estrategiaconcursos.com.br\/blog\/recursos-de-redacao-para-o-concurso-da-uff-igualdade-perante-a-lei\/\",\"url\":\"https:\/\/www.estrategiaconcursos.com.br\/blog\/recursos-de-redacao-para-o-concurso-da-uff-igualdade-perante-a-lei\/\",\"name\":\"Recursos de reda\u00e7\u00e3o para o concurso da UFF - Igualdade perante a lei\",\"isPartOf\":{\"@id\":\"https:\/\/www.estrategiaconcursos.com.br\/blog\/#website\"},\"datePublished\":\"2019-04-26T02:05:42+00:00\",\"dateModified\":\"2019-04-26T02:05:49+00:00\",\"breadcrumb\":{\"@id\":\"https:\/\/www.estrategiaconcursos.com.br\/blog\/recursos-de-redacao-para-o-concurso-da-uff-igualdade-perante-a-lei\/#breadcrumb\"},\"inLanguage\":\"pt-BR\",\"potentialAction\":[{\"@type\":\"ReadAction\",\"target\":[\"https:\/\/www.estrategiaconcursos.com.br\/blog\/recursos-de-redacao-para-o-concurso-da-uff-igualdade-perante-a-lei\/\"]}]},{\"@type\":\"BreadcrumbList\",\"@id\":\"https:\/\/www.estrategiaconcursos.com.br\/blog\/recursos-de-redacao-para-o-concurso-da-uff-igualdade-perante-a-lei\/#breadcrumb\",\"itemListElement\":[{\"@type\":\"ListItem\",\"position\":1,\"name\":\"In\u00edcio\",\"item\":\"https:\/\/www.estrategiaconcursos.com.br\/blog\/\"},{\"@type\":\"ListItem\",\"position\":2,\"name\":\"Recursos de reda\u00e7\u00e3o para o concurso da UFF &#8211; Igualdade perante a lei\"}]},{\"@type\":\"WebSite\",\"@id\":\"https:\/\/www.estrategiaconcursos.com.br\/blog\/#website\",\"url\":\"https:\/\/www.estrategiaconcursos.com.br\/blog\/\",\"name\":\"Estrat\u00e9gia Concursos\",\"description\":\"O blog da Estrat\u00e9gia Concursos traz not\u00edcias sobre concursos e artigos de professores oferecendo cursos para concursos (pdf + videaulas) no site.\",\"publisher\":{\"@id\":\"https:\/\/www.estrategiaconcursos.com.br\/blog\/#organization\"},\"potentialAction\":[{\"@type\":\"SearchAction\",\"target\":{\"@type\":\"EntryPoint\",\"urlTemplate\":\"https:\/\/www.estrategiaconcursos.com.br\/blog\/?s={search_term_string}\"},\"query-input\":{\"@type\":\"PropertyValueSpecification\",\"valueRequired\":true,\"valueName\":\"search_term_string\"}}],\"inLanguage\":\"pt-BR\"},{\"@type\":\"Organization\",\"@id\":\"https:\/\/www.estrategiaconcursos.com.br\/blog\/#organization\",\"name\":\"Estrat\u00e9gia Concursos\",\"url\":\"https:\/\/www.estrategiaconcursos.com.br\/blog\/\",\"logo\":{\"@type\":\"ImageObject\",\"inLanguage\":\"pt-BR\",\"@id\":\"https:\/\/www.estrategiaconcursos.com.br\/blog\/#\/schema\/logo\/image\/\",\"url\":\"https:\/\/dhg1h5j42swfq.cloudfront.net\/2025\/06\/03203428\/logo_concursos-1.jpg\",\"contentUrl\":\"https:\/\/dhg1h5j42swfq.cloudfront.net\/2025\/06\/03203428\/logo_concursos-1.jpg\",\"width\":230,\"height\":60,\"caption\":\"Estrat\u00e9gia Concursos\"},\"image\":{\"@id\":\"https:\/\/www.estrategiaconcursos.com.br\/blog\/#\/schema\/logo\/image\/\"},\"sameAs\":[\"https:\/\/x.com\/EstratConcursos\"]},{\"@type\":\"Person\",\"@id\":\"https:\/\/www.estrategiaconcursos.com.br\/blog\/#\/schema\/person\/b49a1a49e5ef8a9f8d3268e74404a911\",\"name\":\"Raphael de Oliveira Reis\",\"image\":{\"@type\":\"ImageObject\",\"inLanguage\":\"pt-BR\",\"@id\":\"https:\/\/secure.gravatar.com\/avatar\/b1c5789180fc7bfb5103ec006c301370c02393e37aa13c55f6d72f05fcc76b3b?s=96&d=mm&r=g\",\"url\":\"https:\/\/secure.gravatar.com\/avatar\/b1c5789180fc7bfb5103ec006c301370c02393e37aa13c55f6d72f05fcc76b3b?s=96&d=mm&r=g\",\"contentUrl\":\"https:\/\/secure.gravatar.com\/avatar\/b1c5789180fc7bfb5103ec006c301370c02393e37aa13c55f6d72f05fcc76b3b?s=96&d=mm&r=g\",\"caption\":\"Raphael de Oliveira Reis\"},\"url\":\"https:\/\/www.estrategiaconcursos.com.br\/blog\/author\/profraphaelreisgmail-com\/\"}]}<\/script>\n<!-- \/ Yoast SEO Premium plugin. -->","yoast_head_json":{"title":"Recursos de reda\u00e7\u00e3o para o concurso da UFF - Igualdade perante a lei","robots":{"index":"index","follow":"follow","max-snippet":"max-snippet:-1","max-image-preview":"max-image-preview:large","max-video-preview":"max-video-preview:-1"},"canonical":"https:\/\/www.estrategiaconcursos.com.br\/blog\/recursos-de-redacao-para-o-concurso-da-uff-igualdade-perante-a-lei\/","og_locale":"pt_BR","og_type":"article","og_title":"Recursos de reda\u00e7\u00e3o para o concurso da UFF - Igualdade perante a lei","og_description":"Estrategistas, tudo bem? Estou muito feliz em ter sido convidado pelo Coordenador de Provas Discursivas, Professor Carlos Roberto, para auxili\u00e1-los nesta fase de extrema import\u00e2ncia de seu concurso: recursos para a prova discursiva (macroestrutura) do concurso UFF. Antes de iniciarmos, quero fazer uma breve apresenta\u00e7\u00e3o: Meu nome \u00e9 Raphael Reis, sou graduado em Hist\u00f3ria (UFJF), [&hellip;]","og_url":"https:\/\/www.estrategiaconcursos.com.br\/blog\/recursos-de-redacao-para-o-concurso-da-uff-igualdade-perante-a-lei\/","og_site_name":"Estrat\u00e9gia Concursos","article_published_time":"2019-04-26T02:05:42+00:00","article_modified_time":"2019-04-26T02:05:49+00:00","author":"Raphael de Oliveira Reis","twitter_card":"summary_large_image","twitter_creator":"@EstratConcursos","twitter_site":"@EstratConcursos","twitter_misc":{"Escrito por":"Raphael de Oliveira Reis","Est. tempo de leitura":"5 minutos"},"schema":{"@context":"https:\/\/schema.org","@graph":[{"@type":"NewsArticle","@id":"https:\/\/www.estrategiaconcursos.com.br\/blog\/recursos-de-redacao-para-o-concurso-da-uff-igualdade-perante-a-lei\/#article","isPartOf":{"@id":"https:\/\/www.estrategiaconcursos.com.br\/blog\/recursos-de-redacao-para-o-concurso-da-uff-igualdade-perante-a-lei\/"},"author":{"name":"Raphael de Oliveira Reis","@id":"https:\/\/www.estrategiaconcursos.com.br\/blog\/#\/schema\/person\/b49a1a49e5ef8a9f8d3268e74404a911"},"headline":"Recursos de reda\u00e7\u00e3o para o concurso da UFF &#8211; Igualdade perante a lei","datePublished":"2019-04-26T02:05:42+00:00","dateModified":"2019-04-26T02:05:49+00:00","mainEntityOfPage":{"@id":"https:\/\/www.estrategiaconcursos.com.br\/blog\/recursos-de-redacao-para-o-concurso-da-uff-igualdade-perante-a-lei\/"},"wordCount":1006,"commentCount":0,"publisher":{"@id":"https:\/\/www.estrategiaconcursos.com.br\/blog\/#organization"},"articleSection":["Concursos P\u00fablicos"],"inLanguage":"pt-BR","potentialAction":[{"@type":"CommentAction","name":"Comment","target":["https:\/\/www.estrategiaconcursos.com.br\/blog\/recursos-de-redacao-para-o-concurso-da-uff-igualdade-perante-a-lei\/#respond"]}],"copyrightYear":"2019","copyrightHolder":{"@id":"https:\/\/www.estrategiaconcursos.com.br\/blog\/#organization"}},{"@type":"WebPage","@id":"https:\/\/www.estrategiaconcursos.com.br\/blog\/recursos-de-redacao-para-o-concurso-da-uff-igualdade-perante-a-lei\/","url":"https:\/\/www.estrategiaconcursos.com.br\/blog\/recursos-de-redacao-para-o-concurso-da-uff-igualdade-perante-a-lei\/","name":"Recursos de reda\u00e7\u00e3o para o concurso da UFF - Igualdade perante a lei","isPartOf":{"@id":"https:\/\/www.estrategiaconcursos.com.br\/blog\/#website"},"datePublished":"2019-04-26T02:05:42+00:00","dateModified":"2019-04-26T02:05:49+00:00","breadcrumb":{"@id":"https:\/\/www.estrategiaconcursos.com.br\/blog\/recursos-de-redacao-para-o-concurso-da-uff-igualdade-perante-a-lei\/#breadcrumb"},"inLanguage":"pt-BR","potentialAction":[{"@type":"ReadAction","target":["https:\/\/www.estrategiaconcursos.com.br\/blog\/recursos-de-redacao-para-o-concurso-da-uff-igualdade-perante-a-lei\/"]}]},{"@type":"BreadcrumbList","@id":"https:\/\/www.estrategiaconcursos.com.br\/blog\/recursos-de-redacao-para-o-concurso-da-uff-igualdade-perante-a-lei\/#breadcrumb","itemListElement":[{"@type":"ListItem","position":1,"name":"In\u00edcio","item":"https:\/\/www.estrategiaconcursos.com.br\/blog\/"},{"@type":"ListItem","position":2,"name":"Recursos de reda\u00e7\u00e3o para o concurso da UFF &#8211; Igualdade perante a lei"}]},{"@type":"WebSite","@id":"https:\/\/www.estrategiaconcursos.com.br\/blog\/#website","url":"https:\/\/www.estrategiaconcursos.com.br\/blog\/","name":"Estrat\u00e9gia Concursos","description":"O blog da Estrat\u00e9gia Concursos traz not\u00edcias sobre concursos e artigos de professores oferecendo cursos para concursos (pdf + videaulas) no site.","publisher":{"@id":"https:\/\/www.estrategiaconcursos.com.br\/blog\/#organization"},"potentialAction":[{"@type":"SearchAction","target":{"@type":"EntryPoint","urlTemplate":"https:\/\/www.estrategiaconcursos.com.br\/blog\/?s={search_term_string}"},"query-input":{"@type":"PropertyValueSpecification","valueRequired":true,"valueName":"search_term_string"}}],"inLanguage":"pt-BR"},{"@type":"Organization","@id":"https:\/\/www.estrategiaconcursos.com.br\/blog\/#organization","name":"Estrat\u00e9gia Concursos","url":"https:\/\/www.estrategiaconcursos.com.br\/blog\/","logo":{"@type":"ImageObject","inLanguage":"pt-BR","@id":"https:\/\/www.estrategiaconcursos.com.br\/blog\/#\/schema\/logo\/image\/","url":"https:\/\/dhg1h5j42swfq.cloudfront.net\/2025\/06\/03203428\/logo_concursos-1.jpg","contentUrl":"https:\/\/dhg1h5j42swfq.cloudfront.net\/2025\/06\/03203428\/logo_concursos-1.jpg","width":230,"height":60,"caption":"Estrat\u00e9gia Concursos"},"image":{"@id":"https:\/\/www.estrategiaconcursos.com.br\/blog\/#\/schema\/logo\/image\/"},"sameAs":["https:\/\/x.com\/EstratConcursos"]},{"@type":"Person","@id":"https:\/\/www.estrategiaconcursos.com.br\/blog\/#\/schema\/person\/b49a1a49e5ef8a9f8d3268e74404a911","name":"Raphael de Oliveira Reis","image":{"@type":"ImageObject","inLanguage":"pt-BR","@id":"https:\/\/secure.gravatar.com\/avatar\/b1c5789180fc7bfb5103ec006c301370c02393e37aa13c55f6d72f05fcc76b3b?s=96&d=mm&r=g","url":"https:\/\/secure.gravatar.com\/avatar\/b1c5789180fc7bfb5103ec006c301370c02393e37aa13c55f6d72f05fcc76b3b?s=96&d=mm&r=g","contentUrl":"https:\/\/secure.gravatar.com\/avatar\/b1c5789180fc7bfb5103ec006c301370c02393e37aa13c55f6d72f05fcc76b3b?s=96&d=mm&r=g","caption":"Raphael de Oliveira Reis"},"url":"https:\/\/www.estrategiaconcursos.com.br\/blog\/author\/profraphaelreisgmail-com\/"}]}},"_links":{"self":[{"href":"https:\/\/www.estrategiaconcursos.com.br\/blog\/wp-json\/wp\/v2\/posts\/366210","targetHints":{"allow":["GET"]}}],"collection":[{"href":"https:\/\/www.estrategiaconcursos.com.br\/blog\/wp-json\/wp\/v2\/posts"}],"about":[{"href":"https:\/\/www.estrategiaconcursos.com.br\/blog\/wp-json\/wp\/v2\/types\/post"}],"author":[{"embeddable":true,"href":"https:\/\/www.estrategiaconcursos.com.br\/blog\/wp-json\/wp\/v2\/users\/384"}],"replies":[{"embeddable":true,"href":"https:\/\/www.estrategiaconcursos.com.br\/blog\/wp-json\/wp\/v2\/comments?post=366210"}],"version-history":[{"count":1,"href":"https:\/\/www.estrategiaconcursos.com.br\/blog\/wp-json\/wp\/v2\/posts\/366210\/revisions"}],"predecessor-version":[{"id":366214,"href":"https:\/\/www.estrategiaconcursos.com.br\/blog\/wp-json\/wp\/v2\/posts\/366210\/revisions\/366214"}],"wp:attachment":[{"href":"https:\/\/www.estrategiaconcursos.com.br\/blog\/wp-json\/wp\/v2\/media?parent=366210"}],"wp:term":[{"taxonomy":"category","embeddable":true,"href":"https:\/\/www.estrategiaconcursos.com.br\/blog\/wp-json\/wp\/v2\/categories?post=366210"},{"taxonomy":"post_tag","embeddable":true,"href":"https:\/\/www.estrategiaconcursos.com.br\/blog\/wp-json\/wp\/v2\/tags?post=366210"},{"taxonomy":"tax_estado","embeddable":true,"href":"https:\/\/www.estrategiaconcursos.com.br\/blog\/wp-json\/wp\/v2\/tax_estado?post=366210"}],"curies":[{"name":"wp","href":"https:\/\/api.w.org\/{rel}","templated":true}]}}