{"id":36612,"date":"2016-04-10T23:30:02","date_gmt":"2016-04-11T02:30:02","guid":{"rendered":"http:\/\/www.estrategiaconcursos.com.br\/blog\/?p=36612"},"modified":"2022-10-14T11:38:31","modified_gmt":"2022-10-14T14:38:31","slug":"resumo-de-organizacao-do-ministerio-publico-para-o-concurso-mp-rj","status":"publish","type":"post","link":"https:\/\/www.estrategiaconcursos.com.br\/blog\/resumo-de-organizacao-do-ministerio-publico-para-o-concurso-mp-rj\/","title":{"rendered":"Resumo de Organiza\u00e7\u00e3o do Minist\u00e9rio P\u00fablico para o Concurso MP RJ"},"content":{"rendered":"<p><img loading=\"lazy\" decoding=\"async\" class=\"aligncenter wp-image-21136\" src=\"https:\/\/dhg1h5j42swfq.cloudfront.net\/2015\/02\/concurso-MPRJ.jpg\" alt=\"resumo concurso MPRJ 2016\" width=\"176\" height=\"177\" srcset=\"https:\/\/dhg1h5j42swfq.cloudfront.net\/2015\/02\/concurso-MPRJ.jpg 500w, https:\/\/dhg1h5j42swfq.cloudfront.net\/2015\/02\/concurso-MPRJ.jpg 150w, https:\/\/dhg1h5j42swfq.cloudfront.net\/2015\/02\/concurso-MPRJ.jpg 297w\" sizes=\"auto, (max-width: 176px) 100vw, 176px\" \/><\/p>\n<p style=\"text-align: justify;\">Ol\u00e1, pessoal!<\/p>\n<p style=\"text-align: justify;\">Para quem n\u00e3o me conhece ainda, meu nome \u00e9 <strong>Renan Araujo<\/strong> e sou professor aqui no Estrat\u00e9gia Concursos, lecionando as mat\u00e9rias de Direito Penal, Processual Penal e Legisla\u00e7\u00e3o aplicada ao MP e \u00e0 Defensoria P\u00fablica.<\/p>\n<p style=\"text-align: justify;\">Neste artigo eu disponibilizo\u00a0para voc\u00eas um material <strong>TOTALMENTE GRATUITO<\/strong>. Trata-se de um <span style=\"color: #0000ff;\"><strong>RESUMO ESQUEMATIZADO de Organiza\u00e7\u00e3o do Minist\u00e9rio P\u00fablico para o CONCURSO MP RJ<\/strong><\/span>.<\/p>\n<p style=\"text-align: justify;\">O edital do concurso MP RJ, que est\u00e1 sendo organizado pela FGV, exigiu os seguintes conhecimentos na mat\u00e9ria de Organiza\u00e7\u00e3o do MP:<\/p>\n<div class=\"page\" title=\"Page 30\">\n<div class=\"layoutArea\">\n<div class=\"column\">\n<p style=\"text-align: justify;\"><em>O Minist\u00e9rio P\u00fablico na Constitui\u00e7\u00e3o Federal de 1988: princ\u00edpios, garantias, veda\u00e7\u00f5es, estrutura e fun\u00e7\u00f5es institucionais; Conselho Nacional do Minist\u00e9rio P\u00fablico &#8211; CNMP: natureza jur\u00eddica, composi\u00e7\u00e3o, \u00f3rg\u00e3os, atribui\u00e7\u00f5es e rela\u00e7\u00e3o com as Institui\u00e7\u00f5es controladas; Inqu\u00e9rito Civil e investiga\u00e7\u00e3o penal pelo Minist\u00e9rio P\u00fablico: instrumentos para o exerc\u00edcio das fun\u00e7\u00f5es institucionais. Procedimento investigat\u00f3rio criminal: instaura\u00e7\u00e3o e tramita\u00e7\u00e3o, no \u00e2mbito do MPRJ (Resolu\u00e7\u00e3o GPGJ 1.678\/2011); Inqu\u00e9rito civil p\u00fablico, procedimento preparat\u00f3rio, termo de ajustamento de conduta e a\u00e7\u00e3o civil p\u00fablica, no \u00e2mbito do MPRJ (Resolu\u00e7\u00e3o GPGJ no 1.769\/2012); Procedimentos administrativos voltados \u00e0 tutela dos direitos individuais indispon\u00edveis: instaura\u00e7\u00e3o e tramita\u00e7\u00e3o (Resolu\u00e7\u00e3o GPGJ no 1.778\/2012); Rotina e funcionamento das secretarias das Promotorias de Justi\u00e7a (Resolu\u00e7\u00e3o Conjunta GPGJ\/CGMP no 11\/2012); Organiza\u00e7\u00e3o do Minist\u00e9rio P\u00fablico: Lei no 8.625\/93, Lei Complementar Estadual no 106\/03 e suas altera\u00e7\u00f5es; Lei Estadual no 5.891\/2011 (Disp\u00f5e sobre o Quadro Permanente dos Servi\u00e7os Auxiliares do Minist\u00e9rio P\u00fablico do Estado do Rio de Janeiro).<\/em><\/p>\n<\/div>\n<\/div>\n<\/div>\n<p style=\"text-align: justify;\">Neste resumo n\u00f3s vamos abordar toda a parte de <strong>Legisla\u00e7\u00e3o Institucional do MP<\/strong>, o que inclui as disposi\u00e7\u00f5es constitucionais referentes ao MP, a Lei 8.625\/93, a Lei Complementar Estadual n\u00ba 106\/03 e as Resolu\u00e7\u00f5es do MP exigidas no edital.<\/p>\n<p style=\"text-align: justify;\">Este concurso realmente est\u00e1 agitando o estado do Rio de Janeiro, e com certeza ser\u00e1 muito concorrido. Como sabemos, vida de concurseiro n\u00e3o \u00e9 f\u00e1cil, e tempo \u00e9 um elemento bastante escasso, at\u00e9 porque a prova est\u00e1 agendada para o dia 01\u00ba.05.2016, conforme item 8.1 do edital.\u00a0Assim, <strong>nada melhor do que se preparar com um material objetivo, esquematizado e resumido.<\/strong><\/p>\n<p style=\"text-align: justify;\">Para fazer o download do\u00a0material, basta clicar no link abaixo:<\/p>\n<p style=\"text-align: justify;\"><a href=\"https:\/\/dhg1h5j42swfq.cloudfront.net\/2016\/04\/11023002\/RESUMO-GRATUITO-Organiza%C3%A7%C3%A3o-do-MPE-RJ2.pdf\" target=\"_blank\" rel=\"noopener\">Resumo de Organiza\u00e7\u00e3o do Minist\u00e9rio P\u00fablico para o Concurso MP RJ<\/a><\/p>\n<div style=\"margin-bottom: 5px;\">\n<p><iframe loading=\"lazy\" title=\"Resumo gratuito   organizac\u0327a\u0303o do mpe-rj\" src=\"https:\/\/www.slideshare.net\/slideshow\/embed_code\/key\/jlpjYnNuX5xuKQ\" width=\"479\" height=\"511\" frameborder=\"0\" marginwidth=\"0\" marginheight=\"0\" scrolling=\"no\" style=\"border:1px solid #CCC; border-width:1px; margin-bottom:5px; max-width: 100%;\" allowfullscreen> <\/iframe> <\/p>\n<div style=\"margin-bottom:5px\"> <strong> <a href=\"https:\/\/pt.slideshare.net\/slideshow\/resumo-gratuito-organizacao-do-mperj\/61423581\" title=\"Resumo gratuito organizac\u0327a\u0303o do mpe-rj\" target=\"_blank\">Resumo gratuito organizac\u0327a\u0303o do mpe-rj<\/a> <\/strong> from <strong><a href=\"https:\/\/www.slideshare.net\/profrenanaraujo\" target=\"_blank\">profrenanaraujo<\/a><\/strong> <\/div>\n<p>Mas isso n\u00e3o \u00e9 tudo!<\/p>\n<\/div>\n<p style=\"text-align: justify;\"><strong>Dia 14.04.2016, quinta-feira, \u00e0s 20h, farei uma <span style=\"text-decoration: underline;\">REVIS\u00c3O AO VIVO<\/span>, via Periscope. <\/strong>Caso voc\u00ea tenha interesse em acompanhar a transmiss\u00e3o, basta me seguir no Periscope (@profrenanaraujo).<\/p>\n<p style=\"text-align: justify;\">Se voc\u00ea quer conhecer mais do meu trabalho aqui no\u00a0<strong>Estrat\u00e9gia Concursos<\/strong>,\u00a0<a href=\"https:\/\/www.estrategiaconcursos.com.br\/cursosPorProfessor\/renan-araujo-3209\/\" target=\"_blank\" rel=\"noopener\">clique aqui\u00a0<\/a>e baixe, gratuitamente, as aulas demonstrativas dos meus cursos.<\/p>\n<p><strong>Bons estudos!<\/strong><\/p>\n<p><strong>Prof. Renan Araujo<\/strong><\/p>\n<p><strong>profrenanaraujo@gmail.com<\/strong><\/p>\n<p><strong><img loading=\"lazy\" decoding=\"async\" class=\"wp-image-35489 alignleft\" src=\"https:\/\/dhg1h5j42swfq.cloudfront.net\/2016\/03\/21115355\/periscope.jpg\" alt=\"periscope\" width=\"77\" height=\"69\" \/><\/strong><\/p>\n<p><strong>PERISCOPE: @profrenanaraujo<\/strong><\/p>\n<p><em><strong><span style=\"color: #993300;\">Confira os cursos do Estrat\u00e9gia Concursos para o MP RJ:<\/span><\/strong><\/em><\/p>\n<p><a href=\"https:\/\/www.estrategiaconcursos.com.br\/cursosPorConcurso\/mp-rj-365\/\" target=\"_blank\" rel=\"noopener\">https:\/\/www.estrategiaconcursos.com.br\/cursosPorConcurso\/mp-rj-365\/<\/a><\/p>\n","protected":false},"excerpt":{"rendered":"<p>Ol\u00e1, pessoal! Para quem n\u00e3o me conhece ainda, meu nome \u00e9 Renan Araujo e sou professor aqui no Estrat\u00e9gia Concursos, lecionando as mat\u00e9rias de Direito Penal, Processual Penal e Legisla\u00e7\u00e3o aplicada ao MP e \u00e0 Defensoria P\u00fablica. Neste artigo eu disponibilizo\u00a0para voc\u00eas um material TOTALMENTE GRATUITO. Trata-se de um RESUMO ESQUEMATIZADO de Organiza\u00e7\u00e3o do Minist\u00e9rio [&hellip;]<\/p>\n","protected":false},"author":39,"featured_media":0,"comment_status":"open","ping_status":"open","sticky":false,"template":"","format":"standard","meta":{"post_tipo":"article","footnotes":""},"categories":[1],"tags":[623,1574,1145],"tax_estado":[],"class_list":["post-36612","post","type-post","status-publish","format-standard","hentry","category-cursos-e-concursos","tag-mp-rj","tag-organizacao-do-mp","tag-resumo"],"acf":[],"yoast_head":"<!-- This site is optimized with the Yoast SEO Premium plugin v27.2 (Yoast SEO v27.2) - https:\/\/yoast.com\/product\/yoast-seo-premium-wordpress\/ -->\n<title>Resumo: Organiza\u00e7\u00e3o do Minist\u00e9rio P\u00fablico para MP RJ 2016<\/title>\n<meta name=\"description\" content=\"Resumo gratuito de Organiza\u00e7\u00e3o do MP para o concurso MP RJ 2016 - Prof. Renan Araujo\" \/>\n<meta name=\"robots\" content=\"index, follow, max-snippet:-1, max-image-preview:large, max-video-preview:-1\" \/>\n<link rel=\"canonical\" href=\"https:\/\/www.estrategiaconcursos.com.br\/blog\/resumo-de-organizacao-do-ministerio-publico-para-o-concurso-mp-rj\/\" \/>\n<meta property=\"og:locale\" content=\"pt_BR\" \/>\n<meta property=\"og:type\" content=\"article\" \/>\n<meta property=\"og:title\" content=\"Resumo de Organiza\u00e7\u00e3o do Minist\u00e9rio P\u00fablico para o Concurso MP RJ\" \/>\n<meta property=\"og:description\" content=\"Resumo gratuito de Organiza\u00e7\u00e3o do MP para o concurso MP RJ 2016 - Prof. Renan Araujo\" \/>\n<meta property=\"og:url\" content=\"https:\/\/www.estrategiaconcursos.com.br\/blog\/resumo-de-organizacao-do-ministerio-publico-para-o-concurso-mp-rj\/\" \/>\n<meta property=\"og:site_name\" content=\"Estrat\u00e9gia Concursos\" \/>\n<meta property=\"article:published_time\" content=\"2016-04-11T02:30:02+00:00\" \/>\n<meta property=\"article:modified_time\" content=\"2022-10-14T14:38:31+00:00\" \/>\n<meta property=\"og:image\" content=\"https:\/\/www.estrategiaconcursos.com.br\/blog\/wp-content\/uploads\/2015\/02\/concurso-MPRJ.jpg\" \/>\n<meta name=\"author\" content=\"Renan Araujo\" \/>\n<meta name=\"twitter:card\" content=\"summary_large_image\" \/>\n<meta name=\"twitter:creator\" content=\"@EstratConcursos\" \/>\n<meta name=\"twitter:site\" content=\"@EstratConcursos\" \/>\n<meta name=\"twitter:label1\" content=\"Escrito por\" \/>\n\t<meta name=\"twitter:data1\" content=\"Renan Araujo\" \/>\n\t<meta name=\"twitter:label2\" content=\"Est. tempo de leitura\" \/>\n\t<meta name=\"twitter:data2\" content=\"2 minutos\" \/>\n<script type=\"application\/ld+json\" class=\"yoast-schema-graph\">{\"@context\":\"https:\/\/schema.org\",\"@graph\":[{\"@type\":\"NewsArticle\",\"@id\":\"https:\/\/www.estrategiaconcursos.com.br\/blog\/resumo-de-organizacao-do-ministerio-publico-para-o-concurso-mp-rj\/#article\",\"isPartOf\":{\"@id\":\"https:\/\/www.estrategiaconcursos.com.br\/blog\/resumo-de-organizacao-do-ministerio-publico-para-o-concurso-mp-rj\/\"},\"author\":{\"name\":\"Renan Araujo\",\"@id\":\"https:\/\/www.estrategiaconcursos.com.br\/blog\/#\/schema\/person\/1a7a7af72da82939a6308b2ee292162b\"},\"headline\":\"Resumo de Organiza\u00e7\u00e3o do Minist\u00e9rio P\u00fablico para o Concurso MP RJ\",\"datePublished\":\"2016-04-11T02:30:02+00:00\",\"dateModified\":\"2022-10-14T14:38:31+00:00\",\"mainEntityOfPage\":{\"@id\":\"https:\/\/www.estrategiaconcursos.com.br\/blog\/resumo-de-organizacao-do-ministerio-publico-para-o-concurso-mp-rj\/\"},\"wordCount\":509,\"commentCount\":32,\"publisher\":{\"@id\":\"https:\/\/www.estrategiaconcursos.com.br\/blog\/#organization\"},\"image\":{\"@id\":\"https:\/\/www.estrategiaconcursos.com.br\/blog\/resumo-de-organizacao-do-ministerio-publico-para-o-concurso-mp-rj\/#primaryimage\"},\"thumbnailUrl\":\"https:\/\/www.estrategiaconcursos.com.br\/blog\/wp-content\/uploads\/2015\/02\/concurso-MPRJ.jpg\",\"keywords\":[\"MP-RJ\",\"organiza\u00e7\u00e3o do MP\",\"resumo\"],\"articleSection\":[\"Concursos P\u00fablicos\"],\"inLanguage\":\"pt-BR\",\"potentialAction\":[{\"@type\":\"CommentAction\",\"name\":\"Comment\",\"target\":[\"https:\/\/www.estrategiaconcursos.com.br\/blog\/resumo-de-organizacao-do-ministerio-publico-para-o-concurso-mp-rj\/#respond\"]}],\"copyrightYear\":\"2016\",\"copyrightHolder\":{\"@id\":\"https:\/\/www.estrategiaconcursos.com.br\/blog\/#organization\"}},{\"@type\":\"WebPage\",\"@id\":\"https:\/\/www.estrategiaconcursos.com.br\/blog\/resumo-de-organizacao-do-ministerio-publico-para-o-concurso-mp-rj\/\",\"url\":\"https:\/\/www.estrategiaconcursos.com.br\/blog\/resumo-de-organizacao-do-ministerio-publico-para-o-concurso-mp-rj\/\",\"name\":\"Resumo: Organiza\u00e7\u00e3o do Minist\u00e9rio P\u00fablico para MP RJ 2016\",\"isPartOf\":{\"@id\":\"https:\/\/www.estrategiaconcursos.com.br\/blog\/#website\"},\"primaryImageOfPage\":{\"@id\":\"https:\/\/www.estrategiaconcursos.com.br\/blog\/resumo-de-organizacao-do-ministerio-publico-para-o-concurso-mp-rj\/#primaryimage\"},\"image\":{\"@id\":\"https:\/\/www.estrategiaconcursos.com.br\/blog\/resumo-de-organizacao-do-ministerio-publico-para-o-concurso-mp-rj\/#primaryimage\"},\"thumbnailUrl\":\"https:\/\/www.estrategiaconcursos.com.br\/blog\/wp-content\/uploads\/2015\/02\/concurso-MPRJ.jpg\",\"datePublished\":\"2016-04-11T02:30:02+00:00\",\"dateModified\":\"2022-10-14T14:38:31+00:00\",\"description\":\"Resumo gratuito de Organiza\u00e7\u00e3o do MP para o concurso MP RJ 2016 - Prof. Renan Araujo\",\"breadcrumb\":{\"@id\":\"https:\/\/www.estrategiaconcursos.com.br\/blog\/resumo-de-organizacao-do-ministerio-publico-para-o-concurso-mp-rj\/#breadcrumb\"},\"inLanguage\":\"pt-BR\",\"potentialAction\":[{\"@type\":\"ReadAction\",\"target\":[\"https:\/\/www.estrategiaconcursos.com.br\/blog\/resumo-de-organizacao-do-ministerio-publico-para-o-concurso-mp-rj\/\"]}]},{\"@type\":\"ImageObject\",\"inLanguage\":\"pt-BR\",\"@id\":\"https:\/\/www.estrategiaconcursos.com.br\/blog\/resumo-de-organizacao-do-ministerio-publico-para-o-concurso-mp-rj\/#primaryimage\",\"url\":\"https:\/\/dhg1h5j42swfq.cloudfront.net\/2015\/02\/concurso-MPRJ.jpg\",\"contentUrl\":\"https:\/\/dhg1h5j42swfq.cloudfront.net\/2015\/02\/concurso-MPRJ.jpg\",\"width\":500,\"height\":505},{\"@type\":\"BreadcrumbList\",\"@id\":\"https:\/\/www.estrategiaconcursos.com.br\/blog\/resumo-de-organizacao-do-ministerio-publico-para-o-concurso-mp-rj\/#breadcrumb\",\"itemListElement\":[{\"@type\":\"ListItem\",\"position\":1,\"name\":\"In\u00edcio\",\"item\":\"https:\/\/www.estrategiaconcursos.com.br\/blog\/\"},{\"@type\":\"ListItem\",\"position\":2,\"name\":\"Resumo de Organiza\u00e7\u00e3o do Minist\u00e9rio P\u00fablico para o Concurso MP RJ\"}]},{\"@type\":\"WebSite\",\"@id\":\"https:\/\/www.estrategiaconcursos.com.br\/blog\/#website\",\"url\":\"https:\/\/www.estrategiaconcursos.com.br\/blog\/\",\"name\":\"Estrat\u00e9gia Concursos\",\"description\":\"O blog da Estrat\u00e9gia Concursos traz not\u00edcias sobre concursos e artigos de professores oferecendo cursos para concursos (pdf + videaulas) no site.\",\"publisher\":{\"@id\":\"https:\/\/www.estrategiaconcursos.com.br\/blog\/#organization\"},\"potentialAction\":[{\"@type\":\"SearchAction\",\"target\":{\"@type\":\"EntryPoint\",\"urlTemplate\":\"https:\/\/www.estrategiaconcursos.com.br\/blog\/?s={search_term_string}\"},\"query-input\":{\"@type\":\"PropertyValueSpecification\",\"valueRequired\":true,\"valueName\":\"search_term_string\"}}],\"inLanguage\":\"pt-BR\"},{\"@type\":\"Organization\",\"@id\":\"https:\/\/www.estrategiaconcursos.com.br\/blog\/#organization\",\"name\":\"Estrat\u00e9gia Concursos\",\"url\":\"https:\/\/www.estrategiaconcursos.com.br\/blog\/\",\"logo\":{\"@type\":\"ImageObject\",\"inLanguage\":\"pt-BR\",\"@id\":\"https:\/\/www.estrategiaconcursos.com.br\/blog\/#\/schema\/logo\/image\/\",\"url\":\"https:\/\/dhg1h5j42swfq.cloudfront.net\/2025\/06\/03203428\/logo_concursos-1.jpg\",\"contentUrl\":\"https:\/\/dhg1h5j42swfq.cloudfront.net\/2025\/06\/03203428\/logo_concursos-1.jpg\",\"width\":230,\"height\":60,\"caption\":\"Estrat\u00e9gia Concursos\"},\"image\":{\"@id\":\"https:\/\/www.estrategiaconcursos.com.br\/blog\/#\/schema\/logo\/image\/\"},\"sameAs\":[\"https:\/\/x.com\/EstratConcursos\"]},{\"@type\":\"Person\",\"@id\":\"https:\/\/www.estrategiaconcursos.com.br\/blog\/#\/schema\/person\/1a7a7af72da82939a6308b2ee292162b\",\"name\":\"Renan Araujo\",\"image\":{\"@type\":\"ImageObject\",\"inLanguage\":\"pt-BR\",\"@id\":\"https:\/\/secure.gravatar.com\/avatar\/ca6cb9ba5a547fbe93c05c63d6103dff6c2566555a601f1efb8590a69fb9ed76?s=96&d=mm&r=g\",\"url\":\"https:\/\/secure.gravatar.com\/avatar\/ca6cb9ba5a547fbe93c05c63d6103dff6c2566555a601f1efb8590a69fb9ed76?s=96&d=mm&r=g\",\"contentUrl\":\"https:\/\/secure.gravatar.com\/avatar\/ca6cb9ba5a547fbe93c05c63d6103dff6c2566555a601f1efb8590a69fb9ed76?s=96&d=mm&r=g\",\"caption\":\"Renan Araujo\"},\"url\":\"https:\/\/www.estrategiaconcursos.com.br\/blog\/author\/renanaraujoestrategiaconcursos-com-br\/\"}]}<\/script>\n<!-- \/ Yoast SEO Premium plugin. -->","yoast_head_json":{"title":"Resumo: Organiza\u00e7\u00e3o do Minist\u00e9rio P\u00fablico para MP RJ 2016","description":"Resumo gratuito de Organiza\u00e7\u00e3o do MP para o concurso MP RJ 2016 - Prof. Renan Araujo","robots":{"index":"index","follow":"follow","max-snippet":"max-snippet:-1","max-image-preview":"max-image-preview:large","max-video-preview":"max-video-preview:-1"},"canonical":"https:\/\/www.estrategiaconcursos.com.br\/blog\/resumo-de-organizacao-do-ministerio-publico-para-o-concurso-mp-rj\/","og_locale":"pt_BR","og_type":"article","og_title":"Resumo de Organiza\u00e7\u00e3o do Minist\u00e9rio P\u00fablico para o Concurso MP RJ","og_description":"Resumo gratuito de Organiza\u00e7\u00e3o do MP para o concurso MP RJ 2016 - Prof. Renan Araujo","og_url":"https:\/\/www.estrategiaconcursos.com.br\/blog\/resumo-de-organizacao-do-ministerio-publico-para-o-concurso-mp-rj\/","og_site_name":"Estrat\u00e9gia Concursos","article_published_time":"2016-04-11T02:30:02+00:00","article_modified_time":"2022-10-14T14:38:31+00:00","og_image":[{"url":"https:\/\/www.estrategiaconcursos.com.br\/blog\/wp-content\/uploads\/2015\/02\/concurso-MPRJ.jpg","type":"","width":"","height":""}],"author":"Renan Araujo","twitter_card":"summary_large_image","twitter_creator":"@EstratConcursos","twitter_site":"@EstratConcursos","twitter_misc":{"Escrito por":"Renan Araujo","Est. tempo de leitura":"2 minutos"},"schema":{"@context":"https:\/\/schema.org","@graph":[{"@type":"NewsArticle","@id":"https:\/\/www.estrategiaconcursos.com.br\/blog\/resumo-de-organizacao-do-ministerio-publico-para-o-concurso-mp-rj\/#article","isPartOf":{"@id":"https:\/\/www.estrategiaconcursos.com.br\/blog\/resumo-de-organizacao-do-ministerio-publico-para-o-concurso-mp-rj\/"},"author":{"name":"Renan Araujo","@id":"https:\/\/www.estrategiaconcursos.com.br\/blog\/#\/schema\/person\/1a7a7af72da82939a6308b2ee292162b"},"headline":"Resumo de Organiza\u00e7\u00e3o do Minist\u00e9rio P\u00fablico para o Concurso MP RJ","datePublished":"2016-04-11T02:30:02+00:00","dateModified":"2022-10-14T14:38:31+00:00","mainEntityOfPage":{"@id":"https:\/\/www.estrategiaconcursos.com.br\/blog\/resumo-de-organizacao-do-ministerio-publico-para-o-concurso-mp-rj\/"},"wordCount":509,"commentCount":32,"publisher":{"@id":"https:\/\/www.estrategiaconcursos.com.br\/blog\/#organization"},"image":{"@id":"https:\/\/www.estrategiaconcursos.com.br\/blog\/resumo-de-organizacao-do-ministerio-publico-para-o-concurso-mp-rj\/#primaryimage"},"thumbnailUrl":"https:\/\/www.estrategiaconcursos.com.br\/blog\/wp-content\/uploads\/2015\/02\/concurso-MPRJ.jpg","keywords":["MP-RJ","organiza\u00e7\u00e3o do MP","resumo"],"articleSection":["Concursos P\u00fablicos"],"inLanguage":"pt-BR","potentialAction":[{"@type":"CommentAction","name":"Comment","target":["https:\/\/www.estrategiaconcursos.com.br\/blog\/resumo-de-organizacao-do-ministerio-publico-para-o-concurso-mp-rj\/#respond"]}],"copyrightYear":"2016","copyrightHolder":{"@id":"https:\/\/www.estrategiaconcursos.com.br\/blog\/#organization"}},{"@type":"WebPage","@id":"https:\/\/www.estrategiaconcursos.com.br\/blog\/resumo-de-organizacao-do-ministerio-publico-para-o-concurso-mp-rj\/","url":"https:\/\/www.estrategiaconcursos.com.br\/blog\/resumo-de-organizacao-do-ministerio-publico-para-o-concurso-mp-rj\/","name":"Resumo: Organiza\u00e7\u00e3o do Minist\u00e9rio P\u00fablico para MP RJ 2016","isPartOf":{"@id":"https:\/\/www.estrategiaconcursos.com.br\/blog\/#website"},"primaryImageOfPage":{"@id":"https:\/\/www.estrategiaconcursos.com.br\/blog\/resumo-de-organizacao-do-ministerio-publico-para-o-concurso-mp-rj\/#primaryimage"},"image":{"@id":"https:\/\/www.estrategiaconcursos.com.br\/blog\/resumo-de-organizacao-do-ministerio-publico-para-o-concurso-mp-rj\/#primaryimage"},"thumbnailUrl":"https:\/\/www.estrategiaconcursos.com.br\/blog\/wp-content\/uploads\/2015\/02\/concurso-MPRJ.jpg","datePublished":"2016-04-11T02:30:02+00:00","dateModified":"2022-10-14T14:38:31+00:00","description":"Resumo gratuito de Organiza\u00e7\u00e3o do MP para o concurso MP RJ 2016 - Prof. Renan Araujo","breadcrumb":{"@id":"https:\/\/www.estrategiaconcursos.com.br\/blog\/resumo-de-organizacao-do-ministerio-publico-para-o-concurso-mp-rj\/#breadcrumb"},"inLanguage":"pt-BR","potentialAction":[{"@type":"ReadAction","target":["https:\/\/www.estrategiaconcursos.com.br\/blog\/resumo-de-organizacao-do-ministerio-publico-para-o-concurso-mp-rj\/"]}]},{"@type":"ImageObject","inLanguage":"pt-BR","@id":"https:\/\/www.estrategiaconcursos.com.br\/blog\/resumo-de-organizacao-do-ministerio-publico-para-o-concurso-mp-rj\/#primaryimage","url":"https:\/\/dhg1h5j42swfq.cloudfront.net\/2015\/02\/concurso-MPRJ.jpg","contentUrl":"https:\/\/dhg1h5j42swfq.cloudfront.net\/2015\/02\/concurso-MPRJ.jpg","width":500,"height":505},{"@type":"BreadcrumbList","@id":"https:\/\/www.estrategiaconcursos.com.br\/blog\/resumo-de-organizacao-do-ministerio-publico-para-o-concurso-mp-rj\/#breadcrumb","itemListElement":[{"@type":"ListItem","position":1,"name":"In\u00edcio","item":"https:\/\/www.estrategiaconcursos.com.br\/blog\/"},{"@type":"ListItem","position":2,"name":"Resumo de Organiza\u00e7\u00e3o do Minist\u00e9rio P\u00fablico para o Concurso MP RJ"}]},{"@type":"WebSite","@id":"https:\/\/www.estrategiaconcursos.com.br\/blog\/#website","url":"https:\/\/www.estrategiaconcursos.com.br\/blog\/","name":"Estrat\u00e9gia Concursos","description":"O blog da Estrat\u00e9gia Concursos traz not\u00edcias sobre concursos e artigos de professores oferecendo cursos para concursos (pdf + videaulas) no site.","publisher":{"@id":"https:\/\/www.estrategiaconcursos.com.br\/blog\/#organization"},"potentialAction":[{"@type":"SearchAction","target":{"@type":"EntryPoint","urlTemplate":"https:\/\/www.estrategiaconcursos.com.br\/blog\/?s={search_term_string}"},"query-input":{"@type":"PropertyValueSpecification","valueRequired":true,"valueName":"search_term_string"}}],"inLanguage":"pt-BR"},{"@type":"Organization","@id":"https:\/\/www.estrategiaconcursos.com.br\/blog\/#organization","name":"Estrat\u00e9gia Concursos","url":"https:\/\/www.estrategiaconcursos.com.br\/blog\/","logo":{"@type":"ImageObject","inLanguage":"pt-BR","@id":"https:\/\/www.estrategiaconcursos.com.br\/blog\/#\/schema\/logo\/image\/","url":"https:\/\/dhg1h5j42swfq.cloudfront.net\/2025\/06\/03203428\/logo_concursos-1.jpg","contentUrl":"https:\/\/dhg1h5j42swfq.cloudfront.net\/2025\/06\/03203428\/logo_concursos-1.jpg","width":230,"height":60,"caption":"Estrat\u00e9gia Concursos"},"image":{"@id":"https:\/\/www.estrategiaconcursos.com.br\/blog\/#\/schema\/logo\/image\/"},"sameAs":["https:\/\/x.com\/EstratConcursos"]},{"@type":"Person","@id":"https:\/\/www.estrategiaconcursos.com.br\/blog\/#\/schema\/person\/1a7a7af72da82939a6308b2ee292162b","name":"Renan Araujo","image":{"@type":"ImageObject","inLanguage":"pt-BR","@id":"https:\/\/secure.gravatar.com\/avatar\/ca6cb9ba5a547fbe93c05c63d6103dff6c2566555a601f1efb8590a69fb9ed76?s=96&d=mm&r=g","url":"https:\/\/secure.gravatar.com\/avatar\/ca6cb9ba5a547fbe93c05c63d6103dff6c2566555a601f1efb8590a69fb9ed76?s=96&d=mm&r=g","contentUrl":"https:\/\/secure.gravatar.com\/avatar\/ca6cb9ba5a547fbe93c05c63d6103dff6c2566555a601f1efb8590a69fb9ed76?s=96&d=mm&r=g","caption":"Renan Araujo"},"url":"https:\/\/www.estrategiaconcursos.com.br\/blog\/author\/renanaraujoestrategiaconcursos-com-br\/"}]}},"_links":{"self":[{"href":"https:\/\/www.estrategiaconcursos.com.br\/blog\/wp-json\/wp\/v2\/posts\/36612","targetHints":{"allow":["GET"]}}],"collection":[{"href":"https:\/\/www.estrategiaconcursos.com.br\/blog\/wp-json\/wp\/v2\/posts"}],"about":[{"href":"https:\/\/www.estrategiaconcursos.com.br\/blog\/wp-json\/wp\/v2\/types\/post"}],"author":[{"embeddable":true,"href":"https:\/\/www.estrategiaconcursos.com.br\/blog\/wp-json\/wp\/v2\/users\/39"}],"replies":[{"embeddable":true,"href":"https:\/\/www.estrategiaconcursos.com.br\/blog\/wp-json\/wp\/v2\/comments?post=36612"}],"version-history":[{"count":23,"href":"https:\/\/www.estrategiaconcursos.com.br\/blog\/wp-json\/wp\/v2\/posts\/36612\/revisions"}],"predecessor-version":[{"id":1110116,"href":"https:\/\/www.estrategiaconcursos.com.br\/blog\/wp-json\/wp\/v2\/posts\/36612\/revisions\/1110116"}],"wp:attachment":[{"href":"https:\/\/www.estrategiaconcursos.com.br\/blog\/wp-json\/wp\/v2\/media?parent=36612"}],"wp:term":[{"taxonomy":"category","embeddable":true,"href":"https:\/\/www.estrategiaconcursos.com.br\/blog\/wp-json\/wp\/v2\/categories?post=36612"},{"taxonomy":"post_tag","embeddable":true,"href":"https:\/\/www.estrategiaconcursos.com.br\/blog\/wp-json\/wp\/v2\/tags?post=36612"},{"taxonomy":"tax_estado","embeddable":true,"href":"https:\/\/www.estrategiaconcursos.com.br\/blog\/wp-json\/wp\/v2\/tax_estado?post=36612"}],"curies":[{"name":"wp","href":"https:\/\/api.w.org\/{rel}","templated":true}]}}