{"id":366105,"date":"2019-04-25T14:00:34","date_gmt":"2019-04-25T17:00:34","guid":{"rendered":"https:\/\/www.estrategiaconcursos.com.br\/blog\/?p=366105"},"modified":"2019-04-25T14:05:24","modified_gmt":"2019-04-25T17:05:24","slug":"secretario-da-casa-civil-confirma-concurso-pc-rj","status":"publish","type":"post","link":"https:\/\/www.estrategiaconcursos.com.br\/blog\/secretario-da-casa-civil-confirma-concurso-pc-rj\/","title":{"rendered":"Secret\u00e1rio da Casa Civil do Rio de Janeiro confirma Concurso PC RJ"},"content":{"rendered":"\n<p style=\"font-size:22px\"><em> Estado segue em Regime de Recupera\u00e7\u00e3o Fiscal <\/em><\/p>\n\n\n\n<p>O Estado do Rio de Janeiro segue dentro do Regime de Recupera\u00e7\u00e3o Fiscal desde 2017 e as possibilidades de novos certames seguem reduzidas com as restri\u00e7\u00f5es de despesas.<\/p>\n\n\n\n<p>Em entrevista dada ao jornal O Dia, o Secret\u00e1rio da Casa Civil, Jos\u00e9 Lu\u00eds Zamith, informou que n\u00e3o h\u00e1 perspectivas de que o novo governo realize sele\u00e7\u00f5es t\u00e3o cedo.<\/p>\n\n\n\n<p>Apesar desta afirma\u00e7\u00e3o, o Secret\u00e1rio confirmou a realiza\u00e7\u00e3o do<strong> Concurso PC RJ<\/strong> com 1.000 vagas, que j\u00e1 havia sido anunciado pelo governador do Estado,  <br \/>Wilson Witzel.<\/p>\n\n\n\n<h2 class=\"wp-block-heading\">O Concurso Pol\u00edcia Civil RJ<\/h2>\n\n\n\n<p>O an\u00fancio feito em janeiro e ser\u00e3o ofertadas mil vagas, sendo 180 para o cargo de Delegado.<\/p>\n\n\n\n<p>A previs\u00e3o \u00e9 de que o edital seja publicado at\u00e9 o m\u00eas de julho e ter\u00e1 oportunidades para o n\u00edvel fundamental, m\u00e9dio e o superior. <\/p>\n\n\n\n<p>Confira abaixo os cargos da Pol\u00edcia Civil do Rio de Janeiro e suas respectivas remunera\u00e7\u00f5es:<\/p>\n\n\n\n<figure class=\"wp-block-image\"><img loading=\"lazy\" decoding=\"async\" width=\"752\" height=\"356\" src=\"https:\/\/dhg1h5j42swfq.cloudfront.net\/2019\/04\/25135340\/image143.png\" alt=\"\" class=\"wp-image-366110\" srcset=\"https:\/\/dhg1h5j42swfq.cloudfront.net\/2019\/04\/25135340\/image143.png 752w, https:\/\/dhg1h5j42swfq.cloudfront.net\/2019\/04\/25135340\/image143.png 300w\" sizes=\"auto, (max-width: 752px) 100vw, 752px\" \/><\/figure>\n\n\n\n<p>Quer saber mais sobre este certame? Acesse a mat\u00e9ria completa e nossos cursos:<\/p>\n\n\n\n<p style=\"font-size:25px;text-align:center\"><a href=\"https:\/\/www.estrategiaconcursos.com.br\/blog\/concurso-policia-civil-rj\/\"><strong>Concurso PC RJ <\/strong><\/a><\/p>\n\n\n\n<p style=\"text-align:center\"><a rel=\"noreferrer noopener\" href=\"https:\/\/www.estrategiaconcursos.com.br\/cursosPorConcurso\/policia-civil-rj-pc-rj\/\" target=\"_blank\"><strong>Cursos Concurso Pol\u00edcia Civil RJ<\/strong><\/a><strong><br \/><\/strong><a rel=\"noreferrer noopener\" href=\"https:\/\/www.estrategiaconcursos.com.br\/cursosPorConcurso\/policia-civil-rj-delegado\/\" target=\"_blank\"><strong>Cursos Delegado Pol\u00edcia Civil RJ<\/strong><\/a><\/p>\n\n\n\n<p><em><strong>Assinatura Anual Ilimitada*<\/strong><\/em><\/p>\n\n\n\n<p><em>Prepare-se com o melhor material e com quem mais aprova em&nbsp;Concursos P\u00fablicos de todo o pa\u00eds. Assine agora a nossa Assinatura Anual e tenha acesso ilimitado* a todos os nossos cursos.<\/em><\/p>\n\n\n\n<figure class=\"wp-block-image\"><a href=\"https:\/\/www.estrategiaconcursos.com.br\/assinaturas\" target=\"_blank\" rel=\"noreferrer noopener\"><img decoding=\"async\" src=\"https:\/\/www.estrategiaconcursos.com.br\/assets\/img\/banner-assinaturas.jpg\" alt=\"Assinatura Ilimitada Concurso BRB\" class=\"wp-image-157836\"\/><\/a><\/figure>\n","protected":false},"excerpt":{"rendered":"<p>Estado segue em Regime de Recupera\u00e7\u00e3o Fiscal O Estado do Rio de Janeiro segue dentro do Regime de Recupera\u00e7\u00e3o Fiscal desde 2017 e as possibilidades de novos certames seguem reduzidas com as restri\u00e7\u00f5es de despesas. Em entrevista dada ao jornal O Dia, o Secret\u00e1rio da Casa Civil, Jos\u00e9 Lu\u00eds Zamith, informou que n\u00e3o h\u00e1 perspectivas [&hellip;]<\/p>\n","protected":false},"author":552,"featured_media":130239,"comment_status":"open","ping_status":"closed","sticky":false,"template":"","format":"standard","meta":{"post_tipo":"article","footnotes":""},"categories":[1],"tags":[],"tax_estado":[],"class_list":["post-366105","post","type-post","status-publish","format-standard","has-post-thumbnail","hentry","category-cursos-e-concursos"],"acf":[],"yoast_head":"<!-- This site is optimized with the Yoast SEO Premium plugin v27.2 (Yoast SEO v27.2) - https:\/\/yoast.com\/product\/yoast-seo-premium-wordpress\/ -->\n<title>Secret\u00e1rio da Casa Civil do Rio de Janeiro confirma Concurso PC RJ<\/title>\n<meta name=\"description\" content=\"Em entrevista, Secret\u00e1rio da Casa Civil confirma realiza\u00e7\u00e3o do Concurso Pol\u00edcia Civil RJ para 2019, mesmo dentro do Regime de Recupera\u00e7\u00e3o.\" \/>\n<meta name=\"robots\" content=\"index, follow, max-snippet:-1, max-image-preview:large, max-video-preview:-1\" \/>\n<link rel=\"canonical\" href=\"https:\/\/www.estrategiaconcursos.com.br\/blog\/secretario-da-casa-civil-confirma-concurso-pc-rj\/\" \/>\n<meta property=\"og:locale\" content=\"pt_BR\" \/>\n<meta property=\"og:type\" content=\"article\" \/>\n<meta property=\"og:title\" content=\"Secret\u00e1rio da Casa Civil do Rio de Janeiro confirma Concurso PC RJ\" \/>\n<meta property=\"og:description\" content=\"Em entrevista, Secret\u00e1rio da Casa Civil confirma realiza\u00e7\u00e3o do Concurso Pol\u00edcia Civil RJ para 2019, mesmo dentro do Regime de Recupera\u00e7\u00e3o.\" \/>\n<meta property=\"og:url\" content=\"https:\/\/www.estrategiaconcursos.com.br\/blog\/secretario-da-casa-civil-confirma-concurso-pc-rj\/\" \/>\n<meta property=\"og:site_name\" content=\"Estrat\u00e9gia Concursos\" \/>\n<meta property=\"article:published_time\" content=\"2019-04-25T17:00:34+00:00\" \/>\n<meta property=\"article:modified_time\" content=\"2019-04-25T17:05:24+00:00\" \/>\n<meta property=\"og:image\" content=\"https:\/\/dhg1h5j42swfq.cloudfront.net\/2018\/07\/07091259\/PC-RJ-AUTORIZADO-e1530965586992.jpg\" \/>\n\t<meta property=\"og:image:width\" content=\"400\" \/>\n\t<meta property=\"og:image:height\" content=\"209\" \/>\n\t<meta property=\"og:image:type\" content=\"image\/jpeg\" \/>\n<meta name=\"author\" content=\"Paulo Bilynskyj\" \/>\n<meta name=\"twitter:card\" content=\"summary_large_image\" \/>\n<meta name=\"twitter:creator\" content=\"@EstratConcursos\" \/>\n<meta name=\"twitter:site\" content=\"@EstratConcursos\" \/>\n<meta name=\"twitter:label1\" content=\"Escrito por\" \/>\n\t<meta name=\"twitter:data1\" content=\"Paulo Bilynskyj\" \/>\n\t<meta name=\"twitter:label2\" content=\"Est. tempo de leitura\" \/>\n\t<meta name=\"twitter:data2\" content=\"1 minuto\" \/>\n<script type=\"application\/ld+json\" class=\"yoast-schema-graph\">{\"@context\":\"https:\/\/schema.org\",\"@graph\":[{\"@type\":\"NewsArticle\",\"@id\":\"https:\/\/www.estrategiaconcursos.com.br\/blog\/secretario-da-casa-civil-confirma-concurso-pc-rj\/#article\",\"isPartOf\":{\"@id\":\"https:\/\/www.estrategiaconcursos.com.br\/blog\/secretario-da-casa-civil-confirma-concurso-pc-rj\/\"},\"author\":{\"name\":\"Paulo Bilynskyj\",\"@id\":\"https:\/\/www.estrategiaconcursos.com.br\/blog\/#\/schema\/person\/a630b15e36f45b4c21fed01219843cb5\"},\"headline\":\"Secret\u00e1rio da Casa Civil do Rio de Janeiro confirma Concurso PC RJ\",\"datePublished\":\"2019-04-25T17:00:34+00:00\",\"dateModified\":\"2019-04-25T17:05:24+00:00\",\"mainEntityOfPage\":{\"@id\":\"https:\/\/www.estrategiaconcursos.com.br\/blog\/secretario-da-casa-civil-confirma-concurso-pc-rj\/\"},\"wordCount\":248,\"commentCount\":1,\"publisher\":{\"@id\":\"https:\/\/www.estrategiaconcursos.com.br\/blog\/#organization\"},\"image\":{\"@id\":\"https:\/\/www.estrategiaconcursos.com.br\/blog\/secretario-da-casa-civil-confirma-concurso-pc-rj\/#primaryimage\"},\"thumbnailUrl\":\"https:\/\/dhg1h5j42swfq.cloudfront.net\/2018\/07\/07091259\/PC-RJ-AUTORIZADO-e1530965586992.jpg\",\"articleSection\":[\"Concursos P\u00fablicos\"],\"inLanguage\":\"pt-BR\",\"potentialAction\":[{\"@type\":\"CommentAction\",\"name\":\"Comment\",\"target\":[\"https:\/\/www.estrategiaconcursos.com.br\/blog\/secretario-da-casa-civil-confirma-concurso-pc-rj\/#respond\"]}],\"copyrightYear\":\"2019\",\"copyrightHolder\":{\"@id\":\"https:\/\/www.estrategiaconcursos.com.br\/blog\/#organization\"}},{\"@type\":\"WebPage\",\"@id\":\"https:\/\/www.estrategiaconcursos.com.br\/blog\/secretario-da-casa-civil-confirma-concurso-pc-rj\/\",\"url\":\"https:\/\/www.estrategiaconcursos.com.br\/blog\/secretario-da-casa-civil-confirma-concurso-pc-rj\/\",\"name\":\"Secret\u00e1rio da Casa Civil do Rio de Janeiro confirma Concurso PC RJ\",\"isPartOf\":{\"@id\":\"https:\/\/www.estrategiaconcursos.com.br\/blog\/#website\"},\"primaryImageOfPage\":{\"@id\":\"https:\/\/www.estrategiaconcursos.com.br\/blog\/secretario-da-casa-civil-confirma-concurso-pc-rj\/#primaryimage\"},\"image\":{\"@id\":\"https:\/\/www.estrategiaconcursos.com.br\/blog\/secretario-da-casa-civil-confirma-concurso-pc-rj\/#primaryimage\"},\"thumbnailUrl\":\"https:\/\/dhg1h5j42swfq.cloudfront.net\/2018\/07\/07091259\/PC-RJ-AUTORIZADO-e1530965586992.jpg\",\"datePublished\":\"2019-04-25T17:00:34+00:00\",\"dateModified\":\"2019-04-25T17:05:24+00:00\",\"description\":\"Em entrevista, Secret\u00e1rio da Casa Civil confirma realiza\u00e7\u00e3o do Concurso Pol\u00edcia Civil RJ para 2019, mesmo dentro do Regime de Recupera\u00e7\u00e3o.\",\"breadcrumb\":{\"@id\":\"https:\/\/www.estrategiaconcursos.com.br\/blog\/secretario-da-casa-civil-confirma-concurso-pc-rj\/#breadcrumb\"},\"inLanguage\":\"pt-BR\",\"potentialAction\":[{\"@type\":\"ReadAction\",\"target\":[\"https:\/\/www.estrategiaconcursos.com.br\/blog\/secretario-da-casa-civil-confirma-concurso-pc-rj\/\"]}]},{\"@type\":\"ImageObject\",\"inLanguage\":\"pt-BR\",\"@id\":\"https:\/\/www.estrategiaconcursos.com.br\/blog\/secretario-da-casa-civil-confirma-concurso-pc-rj\/#primaryimage\",\"url\":\"https:\/\/dhg1h5j42swfq.cloudfront.net\/2018\/07\/07091259\/PC-RJ-AUTORIZADO-e1530965586992.jpg\",\"contentUrl\":\"https:\/\/dhg1h5j42swfq.cloudfront.net\/2018\/07\/07091259\/PC-RJ-AUTORIZADO-e1530965586992.jpg\",\"width\":400,\"height\":209,\"caption\":\"nova disputa\"},{\"@type\":\"BreadcrumbList\",\"@id\":\"https:\/\/www.estrategiaconcursos.com.br\/blog\/secretario-da-casa-civil-confirma-concurso-pc-rj\/#breadcrumb\",\"itemListElement\":[{\"@type\":\"ListItem\",\"position\":1,\"name\":\"In\u00edcio\",\"item\":\"https:\/\/www.estrategiaconcursos.com.br\/blog\/\"},{\"@type\":\"ListItem\",\"position\":2,\"name\":\"Secret\u00e1rio da Casa Civil do Rio de Janeiro confirma Concurso PC RJ\"}]},{\"@type\":\"WebSite\",\"@id\":\"https:\/\/www.estrategiaconcursos.com.br\/blog\/#website\",\"url\":\"https:\/\/www.estrategiaconcursos.com.br\/blog\/\",\"name\":\"Estrat\u00e9gia Concursos\",\"description\":\"O blog da Estrat\u00e9gia Concursos traz not\u00edcias sobre concursos e artigos de professores oferecendo cursos para concursos (pdf + videaulas) no site.\",\"publisher\":{\"@id\":\"https:\/\/www.estrategiaconcursos.com.br\/blog\/#organization\"},\"potentialAction\":[{\"@type\":\"SearchAction\",\"target\":{\"@type\":\"EntryPoint\",\"urlTemplate\":\"https:\/\/www.estrategiaconcursos.com.br\/blog\/?s={search_term_string}\"},\"query-input\":{\"@type\":\"PropertyValueSpecification\",\"valueRequired\":true,\"valueName\":\"search_term_string\"}}],\"inLanguage\":\"pt-BR\"},{\"@type\":\"Organization\",\"@id\":\"https:\/\/www.estrategiaconcursos.com.br\/blog\/#organization\",\"name\":\"Estrat\u00e9gia Concursos\",\"url\":\"https:\/\/www.estrategiaconcursos.com.br\/blog\/\",\"logo\":{\"@type\":\"ImageObject\",\"inLanguage\":\"pt-BR\",\"@id\":\"https:\/\/www.estrategiaconcursos.com.br\/blog\/#\/schema\/logo\/image\/\",\"url\":\"https:\/\/dhg1h5j42swfq.cloudfront.net\/2025\/06\/03203428\/logo_concursos-1.jpg\",\"contentUrl\":\"https:\/\/dhg1h5j42swfq.cloudfront.net\/2025\/06\/03203428\/logo_concursos-1.jpg\",\"width\":230,\"height\":60,\"caption\":\"Estrat\u00e9gia Concursos\"},\"image\":{\"@id\":\"https:\/\/www.estrategiaconcursos.com.br\/blog\/#\/schema\/logo\/image\/\"},\"sameAs\":[\"https:\/\/x.com\/EstratConcursos\"]},{\"@type\":\"Person\",\"@id\":\"https:\/\/www.estrategiaconcursos.com.br\/blog\/#\/schema\/person\/a630b15e36f45b4c21fed01219843cb5\",\"name\":\"Paulo Bilynskyj\",\"image\":{\"@type\":\"ImageObject\",\"inLanguage\":\"pt-BR\",\"@id\":\"https:\/\/secure.gravatar.com\/avatar\/37e21f70c9042e7456beffdc6d31fe051f3f6dcbf252f69343a791b144852057?s=96&d=mm&r=g\",\"url\":\"https:\/\/secure.gravatar.com\/avatar\/37e21f70c9042e7456beffdc6d31fe051f3f6dcbf252f69343a791b144852057?s=96&d=mm&r=g\",\"contentUrl\":\"https:\/\/secure.gravatar.com\/avatar\/37e21f70c9042e7456beffdc6d31fe051f3f6dcbf252f69343a791b144852057?s=96&d=mm&r=g\",\"caption\":\"Paulo Bilynskyj\"},\"url\":\"https:\/\/www.estrategiaconcursos.com.br\/blog\/author\/pbilynskyjgmail-com\/\"}]}<\/script>\n<!-- \/ Yoast SEO Premium plugin. -->","yoast_head_json":{"title":"Secret\u00e1rio da Casa Civil do Rio de Janeiro confirma Concurso PC RJ","description":"Em entrevista, Secret\u00e1rio da Casa Civil confirma realiza\u00e7\u00e3o do Concurso Pol\u00edcia Civil RJ para 2019, mesmo dentro do Regime de Recupera\u00e7\u00e3o.","robots":{"index":"index","follow":"follow","max-snippet":"max-snippet:-1","max-image-preview":"max-image-preview:large","max-video-preview":"max-video-preview:-1"},"canonical":"https:\/\/www.estrategiaconcursos.com.br\/blog\/secretario-da-casa-civil-confirma-concurso-pc-rj\/","og_locale":"pt_BR","og_type":"article","og_title":"Secret\u00e1rio da Casa Civil do Rio de Janeiro confirma Concurso PC RJ","og_description":"Em entrevista, Secret\u00e1rio da Casa Civil confirma realiza\u00e7\u00e3o do Concurso Pol\u00edcia Civil RJ para 2019, mesmo dentro do Regime de Recupera\u00e7\u00e3o.","og_url":"https:\/\/www.estrategiaconcursos.com.br\/blog\/secretario-da-casa-civil-confirma-concurso-pc-rj\/","og_site_name":"Estrat\u00e9gia Concursos","article_published_time":"2019-04-25T17:00:34+00:00","article_modified_time":"2019-04-25T17:05:24+00:00","og_image":[{"width":400,"height":209,"url":"https:\/\/dhg1h5j42swfq.cloudfront.net\/2018\/07\/07091259\/PC-RJ-AUTORIZADO-e1530965586992.jpg","type":"image\/jpeg"}],"author":"Paulo Bilynskyj","twitter_card":"summary_large_image","twitter_creator":"@EstratConcursos","twitter_site":"@EstratConcursos","twitter_misc":{"Escrito por":"Paulo Bilynskyj","Est. tempo de leitura":"1 minuto"},"schema":{"@context":"https:\/\/schema.org","@graph":[{"@type":"NewsArticle","@id":"https:\/\/www.estrategiaconcursos.com.br\/blog\/secretario-da-casa-civil-confirma-concurso-pc-rj\/#article","isPartOf":{"@id":"https:\/\/www.estrategiaconcursos.com.br\/blog\/secretario-da-casa-civil-confirma-concurso-pc-rj\/"},"author":{"name":"Paulo Bilynskyj","@id":"https:\/\/www.estrategiaconcursos.com.br\/blog\/#\/schema\/person\/a630b15e36f45b4c21fed01219843cb5"},"headline":"Secret\u00e1rio da Casa Civil do Rio de Janeiro confirma Concurso PC RJ","datePublished":"2019-04-25T17:00:34+00:00","dateModified":"2019-04-25T17:05:24+00:00","mainEntityOfPage":{"@id":"https:\/\/www.estrategiaconcursos.com.br\/blog\/secretario-da-casa-civil-confirma-concurso-pc-rj\/"},"wordCount":248,"commentCount":1,"publisher":{"@id":"https:\/\/www.estrategiaconcursos.com.br\/blog\/#organization"},"image":{"@id":"https:\/\/www.estrategiaconcursos.com.br\/blog\/secretario-da-casa-civil-confirma-concurso-pc-rj\/#primaryimage"},"thumbnailUrl":"https:\/\/dhg1h5j42swfq.cloudfront.net\/2018\/07\/07091259\/PC-RJ-AUTORIZADO-e1530965586992.jpg","articleSection":["Concursos P\u00fablicos"],"inLanguage":"pt-BR","potentialAction":[{"@type":"CommentAction","name":"Comment","target":["https:\/\/www.estrategiaconcursos.com.br\/blog\/secretario-da-casa-civil-confirma-concurso-pc-rj\/#respond"]}],"copyrightYear":"2019","copyrightHolder":{"@id":"https:\/\/www.estrategiaconcursos.com.br\/blog\/#organization"}},{"@type":"WebPage","@id":"https:\/\/www.estrategiaconcursos.com.br\/blog\/secretario-da-casa-civil-confirma-concurso-pc-rj\/","url":"https:\/\/www.estrategiaconcursos.com.br\/blog\/secretario-da-casa-civil-confirma-concurso-pc-rj\/","name":"Secret\u00e1rio da Casa Civil do Rio de Janeiro confirma Concurso PC RJ","isPartOf":{"@id":"https:\/\/www.estrategiaconcursos.com.br\/blog\/#website"},"primaryImageOfPage":{"@id":"https:\/\/www.estrategiaconcursos.com.br\/blog\/secretario-da-casa-civil-confirma-concurso-pc-rj\/#primaryimage"},"image":{"@id":"https:\/\/www.estrategiaconcursos.com.br\/blog\/secretario-da-casa-civil-confirma-concurso-pc-rj\/#primaryimage"},"thumbnailUrl":"https:\/\/dhg1h5j42swfq.cloudfront.net\/2018\/07\/07091259\/PC-RJ-AUTORIZADO-e1530965586992.jpg","datePublished":"2019-04-25T17:00:34+00:00","dateModified":"2019-04-25T17:05:24+00:00","description":"Em entrevista, Secret\u00e1rio da Casa Civil confirma realiza\u00e7\u00e3o do Concurso Pol\u00edcia Civil RJ para 2019, mesmo dentro do Regime de Recupera\u00e7\u00e3o.","breadcrumb":{"@id":"https:\/\/www.estrategiaconcursos.com.br\/blog\/secretario-da-casa-civil-confirma-concurso-pc-rj\/#breadcrumb"},"inLanguage":"pt-BR","potentialAction":[{"@type":"ReadAction","target":["https:\/\/www.estrategiaconcursos.com.br\/blog\/secretario-da-casa-civil-confirma-concurso-pc-rj\/"]}]},{"@type":"ImageObject","inLanguage":"pt-BR","@id":"https:\/\/www.estrategiaconcursos.com.br\/blog\/secretario-da-casa-civil-confirma-concurso-pc-rj\/#primaryimage","url":"https:\/\/dhg1h5j42swfq.cloudfront.net\/2018\/07\/07091259\/PC-RJ-AUTORIZADO-e1530965586992.jpg","contentUrl":"https:\/\/dhg1h5j42swfq.cloudfront.net\/2018\/07\/07091259\/PC-RJ-AUTORIZADO-e1530965586992.jpg","width":400,"height":209,"caption":"nova disputa"},{"@type":"BreadcrumbList","@id":"https:\/\/www.estrategiaconcursos.com.br\/blog\/secretario-da-casa-civil-confirma-concurso-pc-rj\/#breadcrumb","itemListElement":[{"@type":"ListItem","position":1,"name":"In\u00edcio","item":"https:\/\/www.estrategiaconcursos.com.br\/blog\/"},{"@type":"ListItem","position":2,"name":"Secret\u00e1rio da Casa Civil do Rio de Janeiro confirma Concurso PC RJ"}]},{"@type":"WebSite","@id":"https:\/\/www.estrategiaconcursos.com.br\/blog\/#website","url":"https:\/\/www.estrategiaconcursos.com.br\/blog\/","name":"Estrat\u00e9gia Concursos","description":"O blog da Estrat\u00e9gia Concursos traz not\u00edcias sobre concursos e artigos de professores oferecendo cursos para concursos (pdf + videaulas) no site.","publisher":{"@id":"https:\/\/www.estrategiaconcursos.com.br\/blog\/#organization"},"potentialAction":[{"@type":"SearchAction","target":{"@type":"EntryPoint","urlTemplate":"https:\/\/www.estrategiaconcursos.com.br\/blog\/?s={search_term_string}"},"query-input":{"@type":"PropertyValueSpecification","valueRequired":true,"valueName":"search_term_string"}}],"inLanguage":"pt-BR"},{"@type":"Organization","@id":"https:\/\/www.estrategiaconcursos.com.br\/blog\/#organization","name":"Estrat\u00e9gia Concursos","url":"https:\/\/www.estrategiaconcursos.com.br\/blog\/","logo":{"@type":"ImageObject","inLanguage":"pt-BR","@id":"https:\/\/www.estrategiaconcursos.com.br\/blog\/#\/schema\/logo\/image\/","url":"https:\/\/dhg1h5j42swfq.cloudfront.net\/2025\/06\/03203428\/logo_concursos-1.jpg","contentUrl":"https:\/\/dhg1h5j42swfq.cloudfront.net\/2025\/06\/03203428\/logo_concursos-1.jpg","width":230,"height":60,"caption":"Estrat\u00e9gia Concursos"},"image":{"@id":"https:\/\/www.estrategiaconcursos.com.br\/blog\/#\/schema\/logo\/image\/"},"sameAs":["https:\/\/x.com\/EstratConcursos"]},{"@type":"Person","@id":"https:\/\/www.estrategiaconcursos.com.br\/blog\/#\/schema\/person\/a630b15e36f45b4c21fed01219843cb5","name":"Paulo Bilynskyj","image":{"@type":"ImageObject","inLanguage":"pt-BR","@id":"https:\/\/secure.gravatar.com\/avatar\/37e21f70c9042e7456beffdc6d31fe051f3f6dcbf252f69343a791b144852057?s=96&d=mm&r=g","url":"https:\/\/secure.gravatar.com\/avatar\/37e21f70c9042e7456beffdc6d31fe051f3f6dcbf252f69343a791b144852057?s=96&d=mm&r=g","contentUrl":"https:\/\/secure.gravatar.com\/avatar\/37e21f70c9042e7456beffdc6d31fe051f3f6dcbf252f69343a791b144852057?s=96&d=mm&r=g","caption":"Paulo Bilynskyj"},"url":"https:\/\/www.estrategiaconcursos.com.br\/blog\/author\/pbilynskyjgmail-com\/"}]}},"_links":{"self":[{"href":"https:\/\/www.estrategiaconcursos.com.br\/blog\/wp-json\/wp\/v2\/posts\/366105","targetHints":{"allow":["GET"]}}],"collection":[{"href":"https:\/\/www.estrategiaconcursos.com.br\/blog\/wp-json\/wp\/v2\/posts"}],"about":[{"href":"https:\/\/www.estrategiaconcursos.com.br\/blog\/wp-json\/wp\/v2\/types\/post"}],"author":[{"embeddable":true,"href":"https:\/\/www.estrategiaconcursos.com.br\/blog\/wp-json\/wp\/v2\/users\/552"}],"replies":[{"embeddable":true,"href":"https:\/\/www.estrategiaconcursos.com.br\/blog\/wp-json\/wp\/v2\/comments?post=366105"}],"version-history":[{"count":2,"href":"https:\/\/www.estrategiaconcursos.com.br\/blog\/wp-json\/wp\/v2\/posts\/366105\/revisions"}],"predecessor-version":[{"id":366118,"href":"https:\/\/www.estrategiaconcursos.com.br\/blog\/wp-json\/wp\/v2\/posts\/366105\/revisions\/366118"}],"wp:featuredmedia":[{"embeddable":true,"href":"https:\/\/www.estrategiaconcursos.com.br\/blog\/wp-json\/wp\/v2\/media\/130239"}],"wp:attachment":[{"href":"https:\/\/www.estrategiaconcursos.com.br\/blog\/wp-json\/wp\/v2\/media?parent=366105"}],"wp:term":[{"taxonomy":"category","embeddable":true,"href":"https:\/\/www.estrategiaconcursos.com.br\/blog\/wp-json\/wp\/v2\/categories?post=366105"},{"taxonomy":"post_tag","embeddable":true,"href":"https:\/\/www.estrategiaconcursos.com.br\/blog\/wp-json\/wp\/v2\/tags?post=366105"},{"taxonomy":"tax_estado","embeddable":true,"href":"https:\/\/www.estrategiaconcursos.com.br\/blog\/wp-json\/wp\/v2\/tax_estado?post=366105"}],"curies":[{"name":"wp","href":"https:\/\/api.w.org\/{rel}","templated":true}]}}