{"id":365583,"date":"2019-04-25T07:24:29","date_gmt":"2019-04-25T10:24:29","guid":{"rendered":"https:\/\/www.estrategiaconcursos.com.br\/blog\/?p=365583"},"modified":"2019-04-25T07:35:09","modified_gmt":"2019-04-25T10:35:09","slug":"concurso-mp-sp-promotor-prova-preambular-data","status":"publish","type":"post","link":"https:\/\/www.estrategiaconcursos.com.br\/blog\/concurso-mp-sp-promotor-prova-preambular-data\/","title":{"rendered":"Concurso MP SP Promotor: prova preambular tem data divulgada"},"content":{"rendered":"\n<p style=\"font-size:25px\"><em>Prova preambular acontece em 30 de junho; inscri\u00e7\u00f5es seguem abertas at\u00e9 amanh\u00e3 (25)<\/em><\/p>\n\n\n\n<p>Ap\u00f3s pouco menos de um m\u00eas de espera, os candidatos ao 93\u00ba concurso de ingresso na carreira do Minist\u00e9rio P\u00fablico de S\u00e3o Paulo j\u00e1 sabem quando enfrentar\u00e3o a prova preambular do certame: <strong>30 de junho de 2019.<\/strong><\/p>\n\n\n\n<p>Em publica\u00e7\u00e3o realizada nesta quarta-feira, 24 de abril, no Di\u00e1rio Oficial do Estado, a Procuradoria-Geral de Justi\u00e7a de S\u00e3o Paulo definiu a data da primeira fase do concurso, que ser\u00e1 aplicado exclusivamente na capital. Os hor\u00e1rios s\u00f3 devem ser divulgados posteriormente.<\/p>\n\n\n\n<p>O concurso do Minist\u00e9rio P\u00fablico de S\u00e3o Paulo oferta <strong>80 vagas imediatas<\/strong> para a classe inicial da carreira, Promotor de Justi\u00e7a Substituto, com remunera\u00e7\u00e3o inicial a partir de R$ 28 mil. <\/p>\n\n\n\n<p>O certame contar\u00e1 ainda com provas escritas e oral, al\u00e9m de avalia\u00e7\u00e3o de t\u00edtulos. Os novos promotores devem tomar posse em 2020, quando o concurso deve ser finalizado.<\/p>\n\n\n\n<p>Para ingressar na carreira \u00e9 necess\u00e1rio ser <strong>bacharel em Direito <\/strong> e contar, no tempo da inscri\u00e7\u00e3o definitiva, com <strong>tr\u00eas anos de atividade jur\u00eddica<\/strong>, exercidos ap\u00f3s a cola\u00e7\u00e3o de grau no curso superior.<\/p>\n\n\n\n<p style=\"font-size:25px;text-align:center\"><em>Mais informa\u00e7\u00f5es<\/em><\/p>\n\n\n\n<p style=\"font-size:25px;text-align:center\"><a rel=\"noreferrer noopener\" aria-label=\"CONCURSO MP SP PROMOTOR (opens in a new tab)\" href=\"https:\/\/www.estrategiaconcursos.com.br\/blog\/concurso-mp-sp-promotor\/\" target=\"_blank\">CONCURSO MP SP PROMOTOR<\/a><\/p>\n\n\n\n<p><em>Ascom Estrat\u00e9gia<\/em><br \/>ascomestrategia@gmail.com<\/p>\n\n\n\n<p style=\"font-size:25px;text-align:center\" class=\"has-background has-very-light-gray-background-color\"><a href=\"https:\/\/www.estrategiaconcursos.com.br\/cursosPorConcurso\/ministerio-publico-de-sao-paulo-mp-sp-promotor\/\" target=\"_blank\" rel=\"noreferrer noopener\" aria-label=\"CURSOS CONCURSO MP SP PROMOTOR (opens in a new tab)\">CURSOS CONCURSO MP SP PROMOTOR<\/a><\/p>\n","protected":false},"excerpt":{"rendered":"<p>Prova preambular acontece em 30 de junho; inscri\u00e7\u00f5es seguem abertas at\u00e9 amanh\u00e3 (25) Ap\u00f3s pouco menos de um m\u00eas de espera, os candidatos ao 93\u00ba concurso de ingresso na carreira do Minist\u00e9rio P\u00fablico de S\u00e3o Paulo j\u00e1 sabem quando enfrentar\u00e3o a prova preambular do certame: 30 de junho de 2019. Em publica\u00e7\u00e3o realizada nesta quarta-feira, [&hellip;]<\/p>\n","protected":false},"author":180,"featured_media":171061,"comment_status":"open","ping_status":"closed","sticky":false,"template":"","format":"standard","meta":{"post_tipo":"article","footnotes":""},"categories":[2185],"tags":[],"tax_estado":[],"class_list":["post-365583","post","type-post","status-publish","format-standard","has-post-thumbnail","hentry","category-carreiras-juridicas"],"acf":[],"yoast_head":"<!-- This site is optimized with the Yoast SEO Premium plugin v27.2 (Yoast SEO v27.2) - https:\/\/yoast.com\/product\/yoast-seo-premium-wordpress\/ -->\n<title>Concurso MP SP Promotor: prova preambular tem data divulgada<\/title>\n<meta name=\"description\" content=\"Concurso MP SP Promotor: prova preambular \u00e9 agendada para o dia 30 de junho de 2019. Concurso com 80 vagas tem inscri\u00e7\u00f5es abertas at\u00e9 25 de abril.\" \/>\n<meta name=\"robots\" content=\"index, follow, max-snippet:-1, max-image-preview:large, max-video-preview:-1\" \/>\n<link rel=\"canonical\" href=\"https:\/\/www.estrategiaconcursos.com.br\/blog\/concurso-mp-sp-promotor-prova-preambular-data\/\" \/>\n<meta property=\"og:locale\" content=\"pt_BR\" \/>\n<meta property=\"og:type\" content=\"article\" \/>\n<meta property=\"og:title\" content=\"Concurso MP SP Promotor: prova preambular tem data divulgada\" \/>\n<meta property=\"og:description\" content=\"Concurso MP SP Promotor: prova preambular \u00e9 agendada para o dia 30 de junho de 2019. Concurso com 80 vagas tem inscri\u00e7\u00f5es abertas at\u00e9 25 de abril.\" \/>\n<meta property=\"og:url\" content=\"https:\/\/www.estrategiaconcursos.com.br\/blog\/concurso-mp-sp-promotor-prova-preambular-data\/\" \/>\n<meta property=\"og:site_name\" content=\"Estrat\u00e9gia Concursos\" \/>\n<meta property=\"article:author\" content=\"https:\/\/www.facebook.com\/ricardo.s.torques\" \/>\n<meta property=\"article:published_time\" content=\"2019-04-25T10:24:29+00:00\" \/>\n<meta property=\"article:modified_time\" content=\"2019-04-25T10:35:09+00:00\" \/>\n<meta property=\"og:image\" content=\"https:\/\/dhg1h5j42swfq.cloudfront.net\/2019\/03\/12173854\/concurso-mp-sp-2.png\" \/>\n\t<meta property=\"og:image:width\" content=\"400\" \/>\n\t<meta property=\"og:image:height\" content=\"209\" \/>\n\t<meta property=\"og:image:type\" content=\"image\/png\" \/>\n<meta name=\"author\" content=\"Ricardo Torques\" \/>\n<meta name=\"twitter:card\" content=\"summary_large_image\" \/>\n<meta name=\"twitter:creator\" content=\"@EstratConcursos\" \/>\n<meta name=\"twitter:site\" content=\"@EstratConcursos\" \/>\n<meta name=\"twitter:label1\" content=\"Escrito por\" \/>\n\t<meta name=\"twitter:data1\" content=\"Ricardo Torques\" \/>\n\t<meta name=\"twitter:label2\" content=\"Est. tempo de leitura\" \/>\n\t<meta name=\"twitter:data2\" content=\"1 minuto\" \/>\n<script type=\"application\/ld+json\" class=\"yoast-schema-graph\">{\"@context\":\"https:\/\/schema.org\",\"@graph\":[{\"@type\":\"NewsArticle\",\"@id\":\"https:\/\/www.estrategiaconcursos.com.br\/blog\/concurso-mp-sp-promotor-prova-preambular-data\/#article\",\"isPartOf\":{\"@id\":\"https:\/\/www.estrategiaconcursos.com.br\/blog\/concurso-mp-sp-promotor-prova-preambular-data\/\"},\"author\":{\"name\":\"Ricardo Torques\",\"@id\":\"https:\/\/www.estrategiaconcursos.com.br\/blog\/#\/schema\/person\/aa39cf5ddb518e5bdce27c35788405e2\"},\"headline\":\"Concurso MP SP Promotor: prova preambular tem data divulgada\",\"datePublished\":\"2019-04-25T10:24:29+00:00\",\"dateModified\":\"2019-04-25T10:35:09+00:00\",\"mainEntityOfPage\":{\"@id\":\"https:\/\/www.estrategiaconcursos.com.br\/blog\/concurso-mp-sp-promotor-prova-preambular-data\/\"},\"wordCount\":225,\"commentCount\":0,\"publisher\":{\"@id\":\"https:\/\/www.estrategiaconcursos.com.br\/blog\/#organization\"},\"image\":{\"@id\":\"https:\/\/www.estrategiaconcursos.com.br\/blog\/concurso-mp-sp-promotor-prova-preambular-data\/#primaryimage\"},\"thumbnailUrl\":\"https:\/\/dhg1h5j42swfq.cloudfront.net\/2019\/03\/12173854\/concurso-mp-sp-2.png\",\"articleSection\":[\"Jur\u00eddico\"],\"inLanguage\":\"pt-BR\",\"potentialAction\":[{\"@type\":\"CommentAction\",\"name\":\"Comment\",\"target\":[\"https:\/\/www.estrategiaconcursos.com.br\/blog\/concurso-mp-sp-promotor-prova-preambular-data\/#respond\"]}],\"copyrightYear\":\"2019\",\"copyrightHolder\":{\"@id\":\"https:\/\/www.estrategiaconcursos.com.br\/blog\/#organization\"}},{\"@type\":\"WebPage\",\"@id\":\"https:\/\/www.estrategiaconcursos.com.br\/blog\/concurso-mp-sp-promotor-prova-preambular-data\/\",\"url\":\"https:\/\/www.estrategiaconcursos.com.br\/blog\/concurso-mp-sp-promotor-prova-preambular-data\/\",\"name\":\"Concurso MP SP Promotor: prova preambular tem data divulgada\",\"isPartOf\":{\"@id\":\"https:\/\/www.estrategiaconcursos.com.br\/blog\/#website\"},\"primaryImageOfPage\":{\"@id\":\"https:\/\/www.estrategiaconcursos.com.br\/blog\/concurso-mp-sp-promotor-prova-preambular-data\/#primaryimage\"},\"image\":{\"@id\":\"https:\/\/www.estrategiaconcursos.com.br\/blog\/concurso-mp-sp-promotor-prova-preambular-data\/#primaryimage\"},\"thumbnailUrl\":\"https:\/\/dhg1h5j42swfq.cloudfront.net\/2019\/03\/12173854\/concurso-mp-sp-2.png\",\"datePublished\":\"2019-04-25T10:24:29+00:00\",\"dateModified\":\"2019-04-25T10:35:09+00:00\",\"description\":\"Concurso MP SP Promotor: prova preambular \u00e9 agendada para o dia 30 de junho de 2019. Concurso com 80 vagas tem inscri\u00e7\u00f5es abertas at\u00e9 25 de abril.\",\"breadcrumb\":{\"@id\":\"https:\/\/www.estrategiaconcursos.com.br\/blog\/concurso-mp-sp-promotor-prova-preambular-data\/#breadcrumb\"},\"inLanguage\":\"pt-BR\",\"potentialAction\":[{\"@type\":\"ReadAction\",\"target\":[\"https:\/\/www.estrategiaconcursos.com.br\/blog\/concurso-mp-sp-promotor-prova-preambular-data\/\"]}]},{\"@type\":\"ImageObject\",\"inLanguage\":\"pt-BR\",\"@id\":\"https:\/\/www.estrategiaconcursos.com.br\/blog\/concurso-mp-sp-promotor-prova-preambular-data\/#primaryimage\",\"url\":\"https:\/\/dhg1h5j42swfq.cloudfront.net\/2019\/03\/12173854\/concurso-mp-sp-2.png\",\"contentUrl\":\"https:\/\/dhg1h5j42swfq.cloudfront.net\/2019\/03\/12173854\/concurso-mp-sp-2.png\",\"width\":400,\"height\":209,\"caption\":\"mp sp promotor\"},{\"@type\":\"BreadcrumbList\",\"@id\":\"https:\/\/www.estrategiaconcursos.com.br\/blog\/concurso-mp-sp-promotor-prova-preambular-data\/#breadcrumb\",\"itemListElement\":[{\"@type\":\"ListItem\",\"position\":1,\"name\":\"In\u00edcio\",\"item\":\"https:\/\/www.estrategiaconcursos.com.br\/blog\/\"},{\"@type\":\"ListItem\",\"position\":2,\"name\":\"Concurso MP SP Promotor: prova preambular tem data divulgada\"}]},{\"@type\":\"WebSite\",\"@id\":\"https:\/\/www.estrategiaconcursos.com.br\/blog\/#website\",\"url\":\"https:\/\/www.estrategiaconcursos.com.br\/blog\/\",\"name\":\"Estrat\u00e9gia Concursos\",\"description\":\"O blog da Estrat\u00e9gia Concursos traz not\u00edcias sobre concursos e artigos de professores oferecendo cursos para concursos (pdf + videaulas) no site.\",\"publisher\":{\"@id\":\"https:\/\/www.estrategiaconcursos.com.br\/blog\/#organization\"},\"potentialAction\":[{\"@type\":\"SearchAction\",\"target\":{\"@type\":\"EntryPoint\",\"urlTemplate\":\"https:\/\/www.estrategiaconcursos.com.br\/blog\/?s={search_term_string}\"},\"query-input\":{\"@type\":\"PropertyValueSpecification\",\"valueRequired\":true,\"valueName\":\"search_term_string\"}}],\"inLanguage\":\"pt-BR\"},{\"@type\":\"Organization\",\"@id\":\"https:\/\/www.estrategiaconcursos.com.br\/blog\/#organization\",\"name\":\"Estrat\u00e9gia Concursos\",\"url\":\"https:\/\/www.estrategiaconcursos.com.br\/blog\/\",\"logo\":{\"@type\":\"ImageObject\",\"inLanguage\":\"pt-BR\",\"@id\":\"https:\/\/www.estrategiaconcursos.com.br\/blog\/#\/schema\/logo\/image\/\",\"url\":\"https:\/\/dhg1h5j42swfq.cloudfront.net\/2025\/06\/03203428\/logo_concursos-1.jpg\",\"contentUrl\":\"https:\/\/dhg1h5j42swfq.cloudfront.net\/2025\/06\/03203428\/logo_concursos-1.jpg\",\"width\":230,\"height\":60,\"caption\":\"Estrat\u00e9gia Concursos\"},\"image\":{\"@id\":\"https:\/\/www.estrategiaconcursos.com.br\/blog\/#\/schema\/logo\/image\/\"},\"sameAs\":[\"https:\/\/x.com\/EstratConcursos\"]},{\"@type\":\"Person\",\"@id\":\"https:\/\/www.estrategiaconcursos.com.br\/blog\/#\/schema\/person\/aa39cf5ddb518e5bdce27c35788405e2\",\"name\":\"Ricardo Torques\",\"image\":{\"@type\":\"ImageObject\",\"inLanguage\":\"pt-BR\",\"@id\":\"https:\/\/secure.gravatar.com\/avatar\/ce9ac6c3cff25fe86d15ed568ebc64d1724baf5c0693133bcb1f6073f712f92a?s=96&d=mm&r=g\",\"url\":\"https:\/\/secure.gravatar.com\/avatar\/ce9ac6c3cff25fe86d15ed568ebc64d1724baf5c0693133bcb1f6073f712f92a?s=96&d=mm&r=g\",\"contentUrl\":\"https:\/\/secure.gravatar.com\/avatar\/ce9ac6c3cff25fe86d15ed568ebc64d1724baf5c0693133bcb1f6073f712f92a?s=96&d=mm&r=g\",\"caption\":\"Ricardo Torques\"},\"sameAs\":[\"https:\/\/www.facebook.com\/ricardo.s.torques\"],\"url\":\"https:\/\/www.estrategiaconcursos.com.br\/blog\/author\/ricardotorquesestrategiaconcursos-com-br\/\"}]}<\/script>\n<!-- \/ Yoast SEO Premium plugin. -->","yoast_head_json":{"title":"Concurso MP SP Promotor: prova preambular tem data divulgada","description":"Concurso MP SP Promotor: prova preambular \u00e9 agendada para o dia 30 de junho de 2019. Concurso com 80 vagas tem inscri\u00e7\u00f5es abertas at\u00e9 25 de abril.","robots":{"index":"index","follow":"follow","max-snippet":"max-snippet:-1","max-image-preview":"max-image-preview:large","max-video-preview":"max-video-preview:-1"},"canonical":"https:\/\/www.estrategiaconcursos.com.br\/blog\/concurso-mp-sp-promotor-prova-preambular-data\/","og_locale":"pt_BR","og_type":"article","og_title":"Concurso MP SP Promotor: prova preambular tem data divulgada","og_description":"Concurso MP SP Promotor: prova preambular \u00e9 agendada para o dia 30 de junho de 2019. Concurso com 80 vagas tem inscri\u00e7\u00f5es abertas at\u00e9 25 de abril.","og_url":"https:\/\/www.estrategiaconcursos.com.br\/blog\/concurso-mp-sp-promotor-prova-preambular-data\/","og_site_name":"Estrat\u00e9gia Concursos","article_author":"https:\/\/www.facebook.com\/ricardo.s.torques","article_published_time":"2019-04-25T10:24:29+00:00","article_modified_time":"2019-04-25T10:35:09+00:00","og_image":[{"width":400,"height":209,"url":"https:\/\/dhg1h5j42swfq.cloudfront.net\/2019\/03\/12173854\/concurso-mp-sp-2.png","type":"image\/png"}],"author":"Ricardo Torques","twitter_card":"summary_large_image","twitter_creator":"@EstratConcursos","twitter_site":"@EstratConcursos","twitter_misc":{"Escrito por":"Ricardo Torques","Est. tempo de leitura":"1 minuto"},"schema":{"@context":"https:\/\/schema.org","@graph":[{"@type":"NewsArticle","@id":"https:\/\/www.estrategiaconcursos.com.br\/blog\/concurso-mp-sp-promotor-prova-preambular-data\/#article","isPartOf":{"@id":"https:\/\/www.estrategiaconcursos.com.br\/blog\/concurso-mp-sp-promotor-prova-preambular-data\/"},"author":{"name":"Ricardo Torques","@id":"https:\/\/www.estrategiaconcursos.com.br\/blog\/#\/schema\/person\/aa39cf5ddb518e5bdce27c35788405e2"},"headline":"Concurso MP SP Promotor: prova preambular tem data divulgada","datePublished":"2019-04-25T10:24:29+00:00","dateModified":"2019-04-25T10:35:09+00:00","mainEntityOfPage":{"@id":"https:\/\/www.estrategiaconcursos.com.br\/blog\/concurso-mp-sp-promotor-prova-preambular-data\/"},"wordCount":225,"commentCount":0,"publisher":{"@id":"https:\/\/www.estrategiaconcursos.com.br\/blog\/#organization"},"image":{"@id":"https:\/\/www.estrategiaconcursos.com.br\/blog\/concurso-mp-sp-promotor-prova-preambular-data\/#primaryimage"},"thumbnailUrl":"https:\/\/dhg1h5j42swfq.cloudfront.net\/2019\/03\/12173854\/concurso-mp-sp-2.png","articleSection":["Jur\u00eddico"],"inLanguage":"pt-BR","potentialAction":[{"@type":"CommentAction","name":"Comment","target":["https:\/\/www.estrategiaconcursos.com.br\/blog\/concurso-mp-sp-promotor-prova-preambular-data\/#respond"]}],"copyrightYear":"2019","copyrightHolder":{"@id":"https:\/\/www.estrategiaconcursos.com.br\/blog\/#organization"}},{"@type":"WebPage","@id":"https:\/\/www.estrategiaconcursos.com.br\/blog\/concurso-mp-sp-promotor-prova-preambular-data\/","url":"https:\/\/www.estrategiaconcursos.com.br\/blog\/concurso-mp-sp-promotor-prova-preambular-data\/","name":"Concurso MP SP Promotor: prova preambular tem data divulgada","isPartOf":{"@id":"https:\/\/www.estrategiaconcursos.com.br\/blog\/#website"},"primaryImageOfPage":{"@id":"https:\/\/www.estrategiaconcursos.com.br\/blog\/concurso-mp-sp-promotor-prova-preambular-data\/#primaryimage"},"image":{"@id":"https:\/\/www.estrategiaconcursos.com.br\/blog\/concurso-mp-sp-promotor-prova-preambular-data\/#primaryimage"},"thumbnailUrl":"https:\/\/dhg1h5j42swfq.cloudfront.net\/2019\/03\/12173854\/concurso-mp-sp-2.png","datePublished":"2019-04-25T10:24:29+00:00","dateModified":"2019-04-25T10:35:09+00:00","description":"Concurso MP SP Promotor: prova preambular \u00e9 agendada para o dia 30 de junho de 2019. Concurso com 80 vagas tem inscri\u00e7\u00f5es abertas at\u00e9 25 de abril.","breadcrumb":{"@id":"https:\/\/www.estrategiaconcursos.com.br\/blog\/concurso-mp-sp-promotor-prova-preambular-data\/#breadcrumb"},"inLanguage":"pt-BR","potentialAction":[{"@type":"ReadAction","target":["https:\/\/www.estrategiaconcursos.com.br\/blog\/concurso-mp-sp-promotor-prova-preambular-data\/"]}]},{"@type":"ImageObject","inLanguage":"pt-BR","@id":"https:\/\/www.estrategiaconcursos.com.br\/blog\/concurso-mp-sp-promotor-prova-preambular-data\/#primaryimage","url":"https:\/\/dhg1h5j42swfq.cloudfront.net\/2019\/03\/12173854\/concurso-mp-sp-2.png","contentUrl":"https:\/\/dhg1h5j42swfq.cloudfront.net\/2019\/03\/12173854\/concurso-mp-sp-2.png","width":400,"height":209,"caption":"mp sp promotor"},{"@type":"BreadcrumbList","@id":"https:\/\/www.estrategiaconcursos.com.br\/blog\/concurso-mp-sp-promotor-prova-preambular-data\/#breadcrumb","itemListElement":[{"@type":"ListItem","position":1,"name":"In\u00edcio","item":"https:\/\/www.estrategiaconcursos.com.br\/blog\/"},{"@type":"ListItem","position":2,"name":"Concurso MP SP Promotor: prova preambular tem data divulgada"}]},{"@type":"WebSite","@id":"https:\/\/www.estrategiaconcursos.com.br\/blog\/#website","url":"https:\/\/www.estrategiaconcursos.com.br\/blog\/","name":"Estrat\u00e9gia Concursos","description":"O blog da Estrat\u00e9gia Concursos traz not\u00edcias sobre concursos e artigos de professores oferecendo cursos para concursos (pdf + videaulas) no site.","publisher":{"@id":"https:\/\/www.estrategiaconcursos.com.br\/blog\/#organization"},"potentialAction":[{"@type":"SearchAction","target":{"@type":"EntryPoint","urlTemplate":"https:\/\/www.estrategiaconcursos.com.br\/blog\/?s={search_term_string}"},"query-input":{"@type":"PropertyValueSpecification","valueRequired":true,"valueName":"search_term_string"}}],"inLanguage":"pt-BR"},{"@type":"Organization","@id":"https:\/\/www.estrategiaconcursos.com.br\/blog\/#organization","name":"Estrat\u00e9gia Concursos","url":"https:\/\/www.estrategiaconcursos.com.br\/blog\/","logo":{"@type":"ImageObject","inLanguage":"pt-BR","@id":"https:\/\/www.estrategiaconcursos.com.br\/blog\/#\/schema\/logo\/image\/","url":"https:\/\/dhg1h5j42swfq.cloudfront.net\/2025\/06\/03203428\/logo_concursos-1.jpg","contentUrl":"https:\/\/dhg1h5j42swfq.cloudfront.net\/2025\/06\/03203428\/logo_concursos-1.jpg","width":230,"height":60,"caption":"Estrat\u00e9gia Concursos"},"image":{"@id":"https:\/\/www.estrategiaconcursos.com.br\/blog\/#\/schema\/logo\/image\/"},"sameAs":["https:\/\/x.com\/EstratConcursos"]},{"@type":"Person","@id":"https:\/\/www.estrategiaconcursos.com.br\/blog\/#\/schema\/person\/aa39cf5ddb518e5bdce27c35788405e2","name":"Ricardo Torques","image":{"@type":"ImageObject","inLanguage":"pt-BR","@id":"https:\/\/secure.gravatar.com\/avatar\/ce9ac6c3cff25fe86d15ed568ebc64d1724baf5c0693133bcb1f6073f712f92a?s=96&d=mm&r=g","url":"https:\/\/secure.gravatar.com\/avatar\/ce9ac6c3cff25fe86d15ed568ebc64d1724baf5c0693133bcb1f6073f712f92a?s=96&d=mm&r=g","contentUrl":"https:\/\/secure.gravatar.com\/avatar\/ce9ac6c3cff25fe86d15ed568ebc64d1724baf5c0693133bcb1f6073f712f92a?s=96&d=mm&r=g","caption":"Ricardo Torques"},"sameAs":["https:\/\/www.facebook.com\/ricardo.s.torques"],"url":"https:\/\/www.estrategiaconcursos.com.br\/blog\/author\/ricardotorquesestrategiaconcursos-com-br\/"}]}},"_links":{"self":[{"href":"https:\/\/www.estrategiaconcursos.com.br\/blog\/wp-json\/wp\/v2\/posts\/365583","targetHints":{"allow":["GET"]}}],"collection":[{"href":"https:\/\/www.estrategiaconcursos.com.br\/blog\/wp-json\/wp\/v2\/posts"}],"about":[{"href":"https:\/\/www.estrategiaconcursos.com.br\/blog\/wp-json\/wp\/v2\/types\/post"}],"author":[{"embeddable":true,"href":"https:\/\/www.estrategiaconcursos.com.br\/blog\/wp-json\/wp\/v2\/users\/180"}],"replies":[{"embeddable":true,"href":"https:\/\/www.estrategiaconcursos.com.br\/blog\/wp-json\/wp\/v2\/comments?post=365583"}],"version-history":[{"count":2,"href":"https:\/\/www.estrategiaconcursos.com.br\/blog\/wp-json\/wp\/v2\/posts\/365583\/revisions"}],"predecessor-version":[{"id":365587,"href":"https:\/\/www.estrategiaconcursos.com.br\/blog\/wp-json\/wp\/v2\/posts\/365583\/revisions\/365587"}],"wp:featuredmedia":[{"embeddable":true,"href":"https:\/\/www.estrategiaconcursos.com.br\/blog\/wp-json\/wp\/v2\/media\/171061"}],"wp:attachment":[{"href":"https:\/\/www.estrategiaconcursos.com.br\/blog\/wp-json\/wp\/v2\/media?parent=365583"}],"wp:term":[{"taxonomy":"category","embeddable":true,"href":"https:\/\/www.estrategiaconcursos.com.br\/blog\/wp-json\/wp\/v2\/categories?post=365583"},{"taxonomy":"post_tag","embeddable":true,"href":"https:\/\/www.estrategiaconcursos.com.br\/blog\/wp-json\/wp\/v2\/tags?post=365583"},{"taxonomy":"tax_estado","embeddable":true,"href":"https:\/\/www.estrategiaconcursos.com.br\/blog\/wp-json\/wp\/v2\/tax_estado?post=365583"}],"curies":[{"name":"wp","href":"https:\/\/api.w.org\/{rel}","templated":true}]}}