{"id":365572,"date":"2019-04-30T02:00:39","date_gmt":"2019-04-30T05:00:39","guid":{"rendered":"https:\/\/www.estrategiaconcursos.com.br\/blog\/?p=365572"},"modified":"2019-04-30T09:34:51","modified_gmt":"2019-04-30T12:34:51","slug":"retificacao-altera-inscricoes-e-provas-do-concurso-pc-es-delegado","status":"publish","type":"post","link":"https:\/\/www.estrategiaconcursos.com.br\/blog\/retificacao-altera-inscricoes-e-provas-do-concurso-pc-es-delegado\/","title":{"rendered":"\u00daltimo dia de inscri\u00e7\u00f5es do concurso PC ES Delegado"},"content":{"rendered":"\n<p style=\"font-size:22px\">Inscri\u00e7\u00f5es prorrogadas at\u00e9 30 de abril ap\u00f3s retifica\u00e7\u00e3o<\/p>\n\n\n\n<p>As inscri\u00e7\u00f5es do concurso da Pol\u00edcia Civil do estado do Espirito Santo terminam nesta ter\u00e7a-feira, 30 de abril, no site da banca organizadora do certame, Instituto Acesso. <\/p>\n\n\n\n<p>Ap\u00f3s a inscri\u00e7\u00e3o no concurso os candidatos devem ficar atentos ao pagamento da taxa fixada no valor de <strong>R$138,00<\/strong> que deve ser paga no mesmo dia. <\/p>\n\n\n\n<p>O documento do edital oferta no total 33 vagas para o cargo de delegado da pol\u00edcia com sal\u00e1rio inicial de R$ 10.058,56.<\/p>\n\n\n\n<h2 class=\"wp-block-heading\">A retifica\u00e7\u00e3o das provas<\/h2>\n\n\n\n<p class=\"has-medium-font-size\"><strong>A Prova Objetiva<\/strong><\/p>\n\n\n\n<p>Anteriormente a Prova Objetiva contava com 120 quest\u00f5es, valendo 01 ponto cada. Agora ser\u00e3o 100 quest\u00f5es, com pontua\u00e7\u00f5es distintas entre elas, conforme o quadro abaixo:<\/p>\n\n\n\n<figure class=\"wp-block-image\"><img loading=\"lazy\" decoding=\"async\" width=\"450\" height=\"338\" src=\"https:\/\/dhg1h5j42swfq.cloudfront.net\/2019\/04\/24092243\/pc-es-delta.jpg\" alt=\"\" class=\"wp-image-365582\" srcset=\"https:\/\/dhg1h5j42swfq.cloudfront.net\/2019\/04\/24092243\/pc-es-delta.jpg 450w, https:\/\/dhg1h5j42swfq.cloudfront.net\/2019\/04\/24092243\/pc-es-delta.jpg 300w\" sizes=\"auto, (max-width: 450px) 100vw, 450px\" \/><\/figure>\n\n\n\n<p>A dura\u00e7\u00e3o da prova tamb\u00e9m foi alterada e agora contar\u00e1 com <strong>5:30<\/strong> para ser realizada no <strong>dia 14 de julho.<\/strong><\/p>\n\n\n\n<p class=\"has-medium-font-size\"><strong>A Prova Oral<\/strong><\/p>\n\n\n\n<p>A prova oral valer\u00e1 em seu conjunto 40 pontos e versar\u00e1 sobre as mat\u00e9rias de Direito Administrativo, Direito Constitucional, Direito Penal e Direito Processual Penal, conforme conte\u00fado program\u00e1tico do edital.<\/p>\n\n\n\n<p>Ser\u00e1 eliminado do concurso o candidato que obtiver nota na prova oral inferior a 20 pontos ou que n\u00e3o comparecer para a realiza\u00e7\u00e3o da prova <\/p>\n\n\n\n<p class=\"has-medium-font-size\"><strong>Conte\u00fado Program\u00e1tico<\/strong><\/p>\n\n\n\n<p>O conte\u00fado program\u00e1tico tamb\u00e9m sofreu altera\u00e7\u00f5es conforme abaixo:<\/p>\n\n\n\n<p>Altera\u00e7\u00e3o do Conte\u00fado Program\u00e1tico &#8211; <em>Direito Administrativo <\/em><\/p>\n\n\n\n<ul class=\"wp-block-list\"><li> Incluir item 13) Lei n\u00ba 8.429\/92 e suas altera\u00e7\u00f5es (Improbidade Administrativa) <\/li><\/ul>\n\n\n\n<p>Altera\u00e7\u00e3o do Conte\u00fado Program\u00e1tico &#8211;<em> Direito Penal <\/em><\/p>\n\n\n\n<ul class=\"wp-block-list\"><li> Incluir item  25) Decreto-Lei n\u00ba 3.688\/41 e suas altera\u00e7\u00f5es (Lei das Contraven\u00e7\u00f5es Penais) <\/li><\/ul>\n\n\n\n<h2 class=\"wp-block-heading\">O Concurso PC ES Delegado<\/h2>\n\n\n\n<p>O Edital trouxe a oferta de 33 vagas para a classe inicial da carreira de Delegado.  <\/p>\n\n\n\n<p>Para ingressar na carreira \u00e9 necess\u00e1rio ser bacharel em Direito e ter completado, <strong>na data da posse<\/strong>, tr\u00eas anos de atividade jur\u00eddica ou policial, que dever\u00e3o ter sido exercidas ap\u00f3s a cola\u00e7\u00e3o de grau no curso superior. <\/p>\n\n\n\n<p>A remunera\u00e7\u00e3o inicial \u00e9 de R$ 10.058,56 e as inscri\u00e7\u00f5es, ap\u00f3s retifica\u00e7\u00e3o, poder\u00e3o ser realizadas no site do Instituto Acesso at\u00e9 o dia 30 de abril.  <br \/>O valor da taxa est\u00e1 fixado em R$ 138,00. <\/p>\n\n\n\n<p>A primeira etapa do certame, que consistir\u00e1 em uma prova objetiva, ser\u00e1 aplicada no dia <strong>14&nbsp;de&nbsp;julho&nbsp;de&nbsp;2019<\/strong>&nbsp;e ser\u00e1 aplicada na capital do Esp\u00edrito Santo, Vit\u00f3ria, e em cidades da regi\u00e3o metropolitana. <\/p>\n\n\n\n<p style=\"text-align:center\"><strong>Quer saber tudo sobre este edital? Confira a mat\u00e9ria completa:<\/strong><\/p>\n\n\n\n<p style=\"font-size:25px;text-align:center\"><a href=\"https:\/\/www.estrategiaconcursos.com.br\/blog\/concurso-delegado-es\/\"><strong>Concurso Delegado ES<\/strong><\/a><\/p>\n\n\n\n<p><em>Ascom<br \/>ascomestrategia@gmail.com<\/em><\/p>\n\n\n\n<p style=\"font-size:25px;text-align:center\"><em><strong>Assinatura Anual Ilimitada*<\/strong><\/em><\/p>\n\n\n\n<p style=\"text-align:center\"><em>Prepare-se com o melhor material e com quem mais aprova em&nbsp;Concursos P\u00fablicos de todo o pa\u00eds. Assine agora a nossa Assinatura Anual e tenha acesso ilimitado a todos* os nossos cursos.<\/em><\/p>\n\n\n\n<div class=\"wp-block-image\"><figure class=\"aligncenter\"><a href=\"https:\/\/www.estrategiaconcursos.com.br\/assinaturas\" target=\"_blank\" rel=\"noreferrer noopener\"><img decoding=\"async\" src=\"https:\/\/www.estrategiaconcursos.com.br\/assets\/img\/banner-assinaturas.jpg\" alt=\"Assinatura Ilimitada\" class=\"wp-image-157836\"\/><\/a><figcaption><br \/><\/figcaption><\/figure><\/div>\n\n\n\n<p style=\"font-size:25px;text-align:center\" class=\"has-background has-very-light-gray-background-color\"><a rel=\"noreferrer noopener\" href=\"https:\/\/www.estrategiaconcursos.com.br\/cursosPorConcurso\/policia-civil-do-espirito-santo-pc-es-delegado\/\" target=\"_blank\">CURSOS&nbsp;CONCURSO&nbsp;DELEGADO&nbsp;ES<\/a><\/p>\n","protected":false},"excerpt":{"rendered":"<p>Inscri\u00e7\u00f5es prorrogadas at\u00e9 30 de abril ap\u00f3s retifica\u00e7\u00e3o As inscri\u00e7\u00f5es do concurso da Pol\u00edcia Civil do estado do Espirito Santo terminam nesta ter\u00e7a-feira, 30 de abril, no site da banca organizadora do certame, Instituto Acesso. Ap\u00f3s a inscri\u00e7\u00e3o no concurso os candidatos devem ficar atentos ao pagamento da taxa fixada no valor de R$138,00 que [&hellip;]<\/p>\n","protected":false},"author":552,"featured_media":365590,"comment_status":"open","ping_status":"closed","sticky":false,"template":"","format":"standard","meta":{"post_tipo":"article","footnotes":""},"categories":[1],"tags":[],"tax_estado":[],"class_list":["post-365572","post","type-post","status-publish","format-standard","has-post-thumbnail","hentry","category-cursos-e-concursos"],"acf":[],"yoast_head":"<!-- This site is optimized with the Yoast SEO Premium plugin v27.2 (Yoast SEO v27.2) - https:\/\/yoast.com\/product\/yoast-seo-premium-wordpress\/ -->\n<title>\u00daltimo dia de inscri\u00e7\u00f5es do concurso PC ES Delegado<\/title>\n<meta name=\"description\" content=\"Ap\u00f3s retifica\u00e7\u00f5es, inscri\u00e7\u00f5es do Concurso PC ES Delegado eterminam hoje com oferta de 33 vagas. Fique informado nesta p\u00e1gina!\" \/>\n<meta name=\"robots\" content=\"index, follow, max-snippet:-1, max-image-preview:large, max-video-preview:-1\" \/>\n<link rel=\"canonical\" href=\"https:\/\/www.estrategiaconcursos.com.br\/blog\/retificacao-altera-inscricoes-e-provas-do-concurso-pc-es-delegado\/\" \/>\n<meta property=\"og:locale\" content=\"pt_BR\" \/>\n<meta property=\"og:type\" content=\"article\" \/>\n<meta property=\"og:title\" content=\"\u00daltimo dia de inscri\u00e7\u00f5es do concurso PC ES Delegado\" \/>\n<meta property=\"og:description\" content=\"Ap\u00f3s retifica\u00e7\u00f5es, inscri\u00e7\u00f5es do Concurso PC ES Delegado eterminam hoje com oferta de 33 vagas. Fique informado nesta p\u00e1gina!\" \/>\n<meta property=\"og:url\" content=\"https:\/\/www.estrategiaconcursos.com.br\/blog\/retificacao-altera-inscricoes-e-provas-do-concurso-pc-es-delegado\/\" \/>\n<meta property=\"og:site_name\" content=\"Estrat\u00e9gia Concursos\" \/>\n<meta property=\"article:published_time\" content=\"2019-04-30T05:00:39+00:00\" \/>\n<meta property=\"article:modified_time\" content=\"2019-04-30T12:34:51+00:00\" \/>\n<meta property=\"og:image\" content=\"https:\/\/dhg1h5j42swfq.cloudfront.net\/2019\/04\/24094024\/PC-ES-e1556109636223.jpg\" \/>\n\t<meta property=\"og:image:width\" content=\"400\" \/>\n\t<meta property=\"og:image:height\" content=\"209\" \/>\n\t<meta property=\"og:image:type\" content=\"image\/jpeg\" \/>\n<meta name=\"author\" content=\"Paulo Bilynskyj\" \/>\n<meta name=\"twitter:card\" content=\"summary_large_image\" \/>\n<meta name=\"twitter:creator\" content=\"@EstratConcursos\" \/>\n<meta name=\"twitter:site\" content=\"@EstratConcursos\" \/>\n<meta name=\"twitter:label1\" content=\"Escrito por\" \/>\n\t<meta name=\"twitter:data1\" content=\"Paulo Bilynskyj\" \/>\n\t<meta name=\"twitter:label2\" content=\"Est. tempo de leitura\" \/>\n\t<meta name=\"twitter:data2\" content=\"2 minutos\" \/>\n<script type=\"application\/ld+json\" class=\"yoast-schema-graph\">{\"@context\":\"https:\/\/schema.org\",\"@graph\":[{\"@type\":\"NewsArticle\",\"@id\":\"https:\/\/www.estrategiaconcursos.com.br\/blog\/retificacao-altera-inscricoes-e-provas-do-concurso-pc-es-delegado\/#article\",\"isPartOf\":{\"@id\":\"https:\/\/www.estrategiaconcursos.com.br\/blog\/retificacao-altera-inscricoes-e-provas-do-concurso-pc-es-delegado\/\"},\"author\":{\"name\":\"Paulo Bilynskyj\",\"@id\":\"https:\/\/www.estrategiaconcursos.com.br\/blog\/#\/schema\/person\/a630b15e36f45b4c21fed01219843cb5\"},\"headline\":\"\u00daltimo dia de inscri\u00e7\u00f5es do concurso PC ES Delegado\",\"datePublished\":\"2019-04-30T05:00:39+00:00\",\"dateModified\":\"2019-04-30T12:34:51+00:00\",\"mainEntityOfPage\":{\"@id\":\"https:\/\/www.estrategiaconcursos.com.br\/blog\/retificacao-altera-inscricoes-e-provas-do-concurso-pc-es-delegado\/\"},\"wordCount\":474,\"commentCount\":2,\"publisher\":{\"@id\":\"https:\/\/www.estrategiaconcursos.com.br\/blog\/#organization\"},\"image\":{\"@id\":\"https:\/\/www.estrategiaconcursos.com.br\/blog\/retificacao-altera-inscricoes-e-provas-do-concurso-pc-es-delegado\/#primaryimage\"},\"thumbnailUrl\":\"https:\/\/dhg1h5j42swfq.cloudfront.net\/2019\/04\/24094024\/PC-ES-e1556109636223.jpg\",\"articleSection\":[\"Concursos P\u00fablicos\"],\"inLanguage\":\"pt-BR\",\"potentialAction\":[{\"@type\":\"CommentAction\",\"name\":\"Comment\",\"target\":[\"https:\/\/www.estrategiaconcursos.com.br\/blog\/retificacao-altera-inscricoes-e-provas-do-concurso-pc-es-delegado\/#respond\"]}],\"copyrightYear\":\"2019\",\"copyrightHolder\":{\"@id\":\"https:\/\/www.estrategiaconcursos.com.br\/blog\/#organization\"}},{\"@type\":\"WebPage\",\"@id\":\"https:\/\/www.estrategiaconcursos.com.br\/blog\/retificacao-altera-inscricoes-e-provas-do-concurso-pc-es-delegado\/\",\"url\":\"https:\/\/www.estrategiaconcursos.com.br\/blog\/retificacao-altera-inscricoes-e-provas-do-concurso-pc-es-delegado\/\",\"name\":\"\u00daltimo dia de inscri\u00e7\u00f5es do concurso PC ES Delegado\",\"isPartOf\":{\"@id\":\"https:\/\/www.estrategiaconcursos.com.br\/blog\/#website\"},\"primaryImageOfPage\":{\"@id\":\"https:\/\/www.estrategiaconcursos.com.br\/blog\/retificacao-altera-inscricoes-e-provas-do-concurso-pc-es-delegado\/#primaryimage\"},\"image\":{\"@id\":\"https:\/\/www.estrategiaconcursos.com.br\/blog\/retificacao-altera-inscricoes-e-provas-do-concurso-pc-es-delegado\/#primaryimage\"},\"thumbnailUrl\":\"https:\/\/dhg1h5j42swfq.cloudfront.net\/2019\/04\/24094024\/PC-ES-e1556109636223.jpg\",\"datePublished\":\"2019-04-30T05:00:39+00:00\",\"dateModified\":\"2019-04-30T12:34:51+00:00\",\"description\":\"Ap\u00f3s retifica\u00e7\u00f5es, inscri\u00e7\u00f5es do Concurso PC ES Delegado eterminam hoje com oferta de 33 vagas. Fique informado nesta p\u00e1gina!\",\"breadcrumb\":{\"@id\":\"https:\/\/www.estrategiaconcursos.com.br\/blog\/retificacao-altera-inscricoes-e-provas-do-concurso-pc-es-delegado\/#breadcrumb\"},\"inLanguage\":\"pt-BR\",\"potentialAction\":[{\"@type\":\"ReadAction\",\"target\":[\"https:\/\/www.estrategiaconcursos.com.br\/blog\/retificacao-altera-inscricoes-e-provas-do-concurso-pc-es-delegado\/\"]}]},{\"@type\":\"ImageObject\",\"inLanguage\":\"pt-BR\",\"@id\":\"https:\/\/www.estrategiaconcursos.com.br\/blog\/retificacao-altera-inscricoes-e-provas-do-concurso-pc-es-delegado\/#primaryimage\",\"url\":\"https:\/\/dhg1h5j42swfq.cloudfront.net\/2019\/04\/24094024\/PC-ES-e1556109636223.jpg\",\"contentUrl\":\"https:\/\/dhg1h5j42swfq.cloudfront.net\/2019\/04\/24094024\/PC-ES-e1556109636223.jpg\",\"width\":400,\"height\":209},{\"@type\":\"BreadcrumbList\",\"@id\":\"https:\/\/www.estrategiaconcursos.com.br\/blog\/retificacao-altera-inscricoes-e-provas-do-concurso-pc-es-delegado\/#breadcrumb\",\"itemListElement\":[{\"@type\":\"ListItem\",\"position\":1,\"name\":\"In\u00edcio\",\"item\":\"https:\/\/www.estrategiaconcursos.com.br\/blog\/\"},{\"@type\":\"ListItem\",\"position\":2,\"name\":\"\u00daltimo dia de inscri\u00e7\u00f5es do concurso PC ES Delegado\"}]},{\"@type\":\"WebSite\",\"@id\":\"https:\/\/www.estrategiaconcursos.com.br\/blog\/#website\",\"url\":\"https:\/\/www.estrategiaconcursos.com.br\/blog\/\",\"name\":\"Estrat\u00e9gia Concursos\",\"description\":\"O blog da Estrat\u00e9gia Concursos traz not\u00edcias sobre concursos e artigos de professores oferecendo cursos para concursos (pdf + videaulas) no site.\",\"publisher\":{\"@id\":\"https:\/\/www.estrategiaconcursos.com.br\/blog\/#organization\"},\"potentialAction\":[{\"@type\":\"SearchAction\",\"target\":{\"@type\":\"EntryPoint\",\"urlTemplate\":\"https:\/\/www.estrategiaconcursos.com.br\/blog\/?s={search_term_string}\"},\"query-input\":{\"@type\":\"PropertyValueSpecification\",\"valueRequired\":true,\"valueName\":\"search_term_string\"}}],\"inLanguage\":\"pt-BR\"},{\"@type\":\"Organization\",\"@id\":\"https:\/\/www.estrategiaconcursos.com.br\/blog\/#organization\",\"name\":\"Estrat\u00e9gia Concursos\",\"url\":\"https:\/\/www.estrategiaconcursos.com.br\/blog\/\",\"logo\":{\"@type\":\"ImageObject\",\"inLanguage\":\"pt-BR\",\"@id\":\"https:\/\/www.estrategiaconcursos.com.br\/blog\/#\/schema\/logo\/image\/\",\"url\":\"https:\/\/dhg1h5j42swfq.cloudfront.net\/2025\/06\/03203428\/logo_concursos-1.jpg\",\"contentUrl\":\"https:\/\/dhg1h5j42swfq.cloudfront.net\/2025\/06\/03203428\/logo_concursos-1.jpg\",\"width\":230,\"height\":60,\"caption\":\"Estrat\u00e9gia Concursos\"},\"image\":{\"@id\":\"https:\/\/www.estrategiaconcursos.com.br\/blog\/#\/schema\/logo\/image\/\"},\"sameAs\":[\"https:\/\/x.com\/EstratConcursos\"]},{\"@type\":\"Person\",\"@id\":\"https:\/\/www.estrategiaconcursos.com.br\/blog\/#\/schema\/person\/a630b15e36f45b4c21fed01219843cb5\",\"name\":\"Paulo Bilynskyj\",\"image\":{\"@type\":\"ImageObject\",\"inLanguage\":\"pt-BR\",\"@id\":\"https:\/\/secure.gravatar.com\/avatar\/37e21f70c9042e7456beffdc6d31fe051f3f6dcbf252f69343a791b144852057?s=96&d=mm&r=g\",\"url\":\"https:\/\/secure.gravatar.com\/avatar\/37e21f70c9042e7456beffdc6d31fe051f3f6dcbf252f69343a791b144852057?s=96&d=mm&r=g\",\"contentUrl\":\"https:\/\/secure.gravatar.com\/avatar\/37e21f70c9042e7456beffdc6d31fe051f3f6dcbf252f69343a791b144852057?s=96&d=mm&r=g\",\"caption\":\"Paulo Bilynskyj\"},\"url\":\"https:\/\/www.estrategiaconcursos.com.br\/blog\/author\/pbilynskyjgmail-com\/\"}]}<\/script>\n<!-- \/ Yoast SEO Premium plugin. -->","yoast_head_json":{"title":"\u00daltimo dia de inscri\u00e7\u00f5es do concurso PC ES Delegado","description":"Ap\u00f3s retifica\u00e7\u00f5es, inscri\u00e7\u00f5es do Concurso PC ES Delegado eterminam hoje com oferta de 33 vagas. Fique informado nesta p\u00e1gina!","robots":{"index":"index","follow":"follow","max-snippet":"max-snippet:-1","max-image-preview":"max-image-preview:large","max-video-preview":"max-video-preview:-1"},"canonical":"https:\/\/www.estrategiaconcursos.com.br\/blog\/retificacao-altera-inscricoes-e-provas-do-concurso-pc-es-delegado\/","og_locale":"pt_BR","og_type":"article","og_title":"\u00daltimo dia de inscri\u00e7\u00f5es do concurso PC ES Delegado","og_description":"Ap\u00f3s retifica\u00e7\u00f5es, inscri\u00e7\u00f5es do Concurso PC ES Delegado eterminam hoje com oferta de 33 vagas. Fique informado nesta p\u00e1gina!","og_url":"https:\/\/www.estrategiaconcursos.com.br\/blog\/retificacao-altera-inscricoes-e-provas-do-concurso-pc-es-delegado\/","og_site_name":"Estrat\u00e9gia Concursos","article_published_time":"2019-04-30T05:00:39+00:00","article_modified_time":"2019-04-30T12:34:51+00:00","og_image":[{"width":400,"height":209,"url":"https:\/\/dhg1h5j42swfq.cloudfront.net\/2019\/04\/24094024\/PC-ES-e1556109636223.jpg","type":"image\/jpeg"}],"author":"Paulo Bilynskyj","twitter_card":"summary_large_image","twitter_creator":"@EstratConcursos","twitter_site":"@EstratConcursos","twitter_misc":{"Escrito por":"Paulo Bilynskyj","Est. tempo de leitura":"2 minutos"},"schema":{"@context":"https:\/\/schema.org","@graph":[{"@type":"NewsArticle","@id":"https:\/\/www.estrategiaconcursos.com.br\/blog\/retificacao-altera-inscricoes-e-provas-do-concurso-pc-es-delegado\/#article","isPartOf":{"@id":"https:\/\/www.estrategiaconcursos.com.br\/blog\/retificacao-altera-inscricoes-e-provas-do-concurso-pc-es-delegado\/"},"author":{"name":"Paulo Bilynskyj","@id":"https:\/\/www.estrategiaconcursos.com.br\/blog\/#\/schema\/person\/a630b15e36f45b4c21fed01219843cb5"},"headline":"\u00daltimo dia de inscri\u00e7\u00f5es do concurso PC ES Delegado","datePublished":"2019-04-30T05:00:39+00:00","dateModified":"2019-04-30T12:34:51+00:00","mainEntityOfPage":{"@id":"https:\/\/www.estrategiaconcursos.com.br\/blog\/retificacao-altera-inscricoes-e-provas-do-concurso-pc-es-delegado\/"},"wordCount":474,"commentCount":2,"publisher":{"@id":"https:\/\/www.estrategiaconcursos.com.br\/blog\/#organization"},"image":{"@id":"https:\/\/www.estrategiaconcursos.com.br\/blog\/retificacao-altera-inscricoes-e-provas-do-concurso-pc-es-delegado\/#primaryimage"},"thumbnailUrl":"https:\/\/dhg1h5j42swfq.cloudfront.net\/2019\/04\/24094024\/PC-ES-e1556109636223.jpg","articleSection":["Concursos P\u00fablicos"],"inLanguage":"pt-BR","potentialAction":[{"@type":"CommentAction","name":"Comment","target":["https:\/\/www.estrategiaconcursos.com.br\/blog\/retificacao-altera-inscricoes-e-provas-do-concurso-pc-es-delegado\/#respond"]}],"copyrightYear":"2019","copyrightHolder":{"@id":"https:\/\/www.estrategiaconcursos.com.br\/blog\/#organization"}},{"@type":"WebPage","@id":"https:\/\/www.estrategiaconcursos.com.br\/blog\/retificacao-altera-inscricoes-e-provas-do-concurso-pc-es-delegado\/","url":"https:\/\/www.estrategiaconcursos.com.br\/blog\/retificacao-altera-inscricoes-e-provas-do-concurso-pc-es-delegado\/","name":"\u00daltimo dia de inscri\u00e7\u00f5es do concurso PC ES Delegado","isPartOf":{"@id":"https:\/\/www.estrategiaconcursos.com.br\/blog\/#website"},"primaryImageOfPage":{"@id":"https:\/\/www.estrategiaconcursos.com.br\/blog\/retificacao-altera-inscricoes-e-provas-do-concurso-pc-es-delegado\/#primaryimage"},"image":{"@id":"https:\/\/www.estrategiaconcursos.com.br\/blog\/retificacao-altera-inscricoes-e-provas-do-concurso-pc-es-delegado\/#primaryimage"},"thumbnailUrl":"https:\/\/dhg1h5j42swfq.cloudfront.net\/2019\/04\/24094024\/PC-ES-e1556109636223.jpg","datePublished":"2019-04-30T05:00:39+00:00","dateModified":"2019-04-30T12:34:51+00:00","description":"Ap\u00f3s retifica\u00e7\u00f5es, inscri\u00e7\u00f5es do Concurso PC ES Delegado eterminam hoje com oferta de 33 vagas. Fique informado nesta p\u00e1gina!","breadcrumb":{"@id":"https:\/\/www.estrategiaconcursos.com.br\/blog\/retificacao-altera-inscricoes-e-provas-do-concurso-pc-es-delegado\/#breadcrumb"},"inLanguage":"pt-BR","potentialAction":[{"@type":"ReadAction","target":["https:\/\/www.estrategiaconcursos.com.br\/blog\/retificacao-altera-inscricoes-e-provas-do-concurso-pc-es-delegado\/"]}]},{"@type":"ImageObject","inLanguage":"pt-BR","@id":"https:\/\/www.estrategiaconcursos.com.br\/blog\/retificacao-altera-inscricoes-e-provas-do-concurso-pc-es-delegado\/#primaryimage","url":"https:\/\/dhg1h5j42swfq.cloudfront.net\/2019\/04\/24094024\/PC-ES-e1556109636223.jpg","contentUrl":"https:\/\/dhg1h5j42swfq.cloudfront.net\/2019\/04\/24094024\/PC-ES-e1556109636223.jpg","width":400,"height":209},{"@type":"BreadcrumbList","@id":"https:\/\/www.estrategiaconcursos.com.br\/blog\/retificacao-altera-inscricoes-e-provas-do-concurso-pc-es-delegado\/#breadcrumb","itemListElement":[{"@type":"ListItem","position":1,"name":"In\u00edcio","item":"https:\/\/www.estrategiaconcursos.com.br\/blog\/"},{"@type":"ListItem","position":2,"name":"\u00daltimo dia de inscri\u00e7\u00f5es do concurso PC ES Delegado"}]},{"@type":"WebSite","@id":"https:\/\/www.estrategiaconcursos.com.br\/blog\/#website","url":"https:\/\/www.estrategiaconcursos.com.br\/blog\/","name":"Estrat\u00e9gia Concursos","description":"O blog da Estrat\u00e9gia Concursos traz not\u00edcias sobre concursos e artigos de professores oferecendo cursos para concursos (pdf + videaulas) no site.","publisher":{"@id":"https:\/\/www.estrategiaconcursos.com.br\/blog\/#organization"},"potentialAction":[{"@type":"SearchAction","target":{"@type":"EntryPoint","urlTemplate":"https:\/\/www.estrategiaconcursos.com.br\/blog\/?s={search_term_string}"},"query-input":{"@type":"PropertyValueSpecification","valueRequired":true,"valueName":"search_term_string"}}],"inLanguage":"pt-BR"},{"@type":"Organization","@id":"https:\/\/www.estrategiaconcursos.com.br\/blog\/#organization","name":"Estrat\u00e9gia Concursos","url":"https:\/\/www.estrategiaconcursos.com.br\/blog\/","logo":{"@type":"ImageObject","inLanguage":"pt-BR","@id":"https:\/\/www.estrategiaconcursos.com.br\/blog\/#\/schema\/logo\/image\/","url":"https:\/\/dhg1h5j42swfq.cloudfront.net\/2025\/06\/03203428\/logo_concursos-1.jpg","contentUrl":"https:\/\/dhg1h5j42swfq.cloudfront.net\/2025\/06\/03203428\/logo_concursos-1.jpg","width":230,"height":60,"caption":"Estrat\u00e9gia Concursos"},"image":{"@id":"https:\/\/www.estrategiaconcursos.com.br\/blog\/#\/schema\/logo\/image\/"},"sameAs":["https:\/\/x.com\/EstratConcursos"]},{"@type":"Person","@id":"https:\/\/www.estrategiaconcursos.com.br\/blog\/#\/schema\/person\/a630b15e36f45b4c21fed01219843cb5","name":"Paulo Bilynskyj","image":{"@type":"ImageObject","inLanguage":"pt-BR","@id":"https:\/\/secure.gravatar.com\/avatar\/37e21f70c9042e7456beffdc6d31fe051f3f6dcbf252f69343a791b144852057?s=96&d=mm&r=g","url":"https:\/\/secure.gravatar.com\/avatar\/37e21f70c9042e7456beffdc6d31fe051f3f6dcbf252f69343a791b144852057?s=96&d=mm&r=g","contentUrl":"https:\/\/secure.gravatar.com\/avatar\/37e21f70c9042e7456beffdc6d31fe051f3f6dcbf252f69343a791b144852057?s=96&d=mm&r=g","caption":"Paulo Bilynskyj"},"url":"https:\/\/www.estrategiaconcursos.com.br\/blog\/author\/pbilynskyjgmail-com\/"}]}},"_links":{"self":[{"href":"https:\/\/www.estrategiaconcursos.com.br\/blog\/wp-json\/wp\/v2\/posts\/365572","targetHints":{"allow":["GET"]}}],"collection":[{"href":"https:\/\/www.estrategiaconcursos.com.br\/blog\/wp-json\/wp\/v2\/posts"}],"about":[{"href":"https:\/\/www.estrategiaconcursos.com.br\/blog\/wp-json\/wp\/v2\/types\/post"}],"author":[{"embeddable":true,"href":"https:\/\/www.estrategiaconcursos.com.br\/blog\/wp-json\/wp\/v2\/users\/552"}],"replies":[{"embeddable":true,"href":"https:\/\/www.estrategiaconcursos.com.br\/blog\/wp-json\/wp\/v2\/comments?post=365572"}],"version-history":[{"count":4,"href":"https:\/\/www.estrategiaconcursos.com.br\/blog\/wp-json\/wp\/v2\/posts\/365572\/revisions"}],"predecessor-version":[{"id":367223,"href":"https:\/\/www.estrategiaconcursos.com.br\/blog\/wp-json\/wp\/v2\/posts\/365572\/revisions\/367223"}],"wp:featuredmedia":[{"embeddable":true,"href":"https:\/\/www.estrategiaconcursos.com.br\/blog\/wp-json\/wp\/v2\/media\/365590"}],"wp:attachment":[{"href":"https:\/\/www.estrategiaconcursos.com.br\/blog\/wp-json\/wp\/v2\/media?parent=365572"}],"wp:term":[{"taxonomy":"category","embeddable":true,"href":"https:\/\/www.estrategiaconcursos.com.br\/blog\/wp-json\/wp\/v2\/categories?post=365572"},{"taxonomy":"post_tag","embeddable":true,"href":"https:\/\/www.estrategiaconcursos.com.br\/blog\/wp-json\/wp\/v2\/tags?post=365572"},{"taxonomy":"tax_estado","embeddable":true,"href":"https:\/\/www.estrategiaconcursos.com.br\/blog\/wp-json\/wp\/v2\/tax_estado?post=365572"}],"curies":[{"name":"wp","href":"https:\/\/api.w.org\/{rel}","templated":true}]}}