{"id":36532,"date":"2025-12-27T05:25:00","date_gmt":"2025-12-27T08:25:00","guid":{"rendered":"http:\/\/www.estrategiaconcursos.com.br\/blog\/?p=36532"},"modified":"2026-02-06T14:06:10","modified_gmt":"2026-02-06T17:06:10","slug":"concurso-trt-sc","status":"publish","type":"post","link":"https:\/\/www.estrategiaconcursos.com.br\/blog\/concurso-trt-sc\/","title":{"rendered":"Concurso TRT SC (12): validade prorrogada!"},"content":{"rendered":"\n<p>O prazo de validade do concurso do <a href=\"https:\/\/www.estrategiaconcursos.com.br\/cursosPorConcurso\/trts-cursos-regulares-62\/\" target=\"_blank\" rel=\"noreferrer noopener\">Tribunal Regional do Trabalho de Santa Catarina &#8211; 12\u00aa Regi\u00e3o<\/a> (<strong>TRT SC<\/strong>) foi prorrogado!<\/p>\n\n\n\n<p>A informa\u00e7\u00e3o consta em publica\u00e7\u00e3o no Di\u00e1rio Oficial da Uni\u00e3o do dia 11 de julho de 2025. De acordo com o documento, o certame foi <a href=\"https:\/\/www.in.gov.br\/web\/dou\/-\/edital-de-10-de-julho-de-2025-641429790\">prorrogado por dois anos<\/a>&nbsp;&#8211; a contar de 10\/07\/2025. Ou seja, <strong>v\u00e1lido at\u00e9 10 de julho de 2027. <\/strong><\/p>\n\n\n\n<p>Quanto a homologa\u00e7\u00e3o, ela ocorreu em 9 de abril de 2024, por meio do Di\u00e1rio Oficial da Uni\u00e3o. Confira:<\/p>\n\n\n\n<ul class=\"wp-block-list\">\n<li><a href=\"https:\/\/portal.trt12.jus.br\/sites\/default\/files\/2024-04\/EDITAL_16-HOMOLOGA\u00c7\u00c3O%20-%20227%20-%20ATO%20-%20Edital%20n\u00ba%2016-2024%20%281%29.pdf\">Homologa\u00e7\u00e3o<\/a>.<\/li>\n<\/ul>\n\n\n\n<p>As oportunidades foram para cadastro de reserva em diversas \u00e1reas e especialidades de n\u00edvel superior, al\u00e9m das vagas na \u00e1rea de Tecnologia da Informa\u00e7\u00e3o (TI).<\/p>\n\n\n\n<p>Importante lembrar que j\u00e1 est\u00e3o em vigor as novas remunera\u00e7\u00f5es da justi\u00e7a federal. No dia 22 de dezembro de 2025, o presidente Lula sancionou parcialmente o&nbsp;<strong><a href=\"https:\/\/www25.senado.leg.br\/web\/atividade\/materias\/-\/materia\/171600?utm_source=google&amp;utm_medium=cpc&amp;utm_campaign=ec-adm-vd-gdy-telebras-web-101215\" target=\"_blank\" rel=\"noreferrer noopener\">Projeto de Lei n\u00ba 4.750\/25<\/a><\/strong>, referente ao reajuste salarial dos servidores do Judici\u00e1rio federal.<\/p>\n\n\n\n<p>As corre\u00e7\u00f5es sucessivas de 8% previstas para ocorrer anualmente em 2026, 2027 e 2028 foram limitadas a uma parcela apenas, paga no pr\u00f3ximo ano.<\/p>\n\n\n\n<p>Confira todos os detalhes ao longo do artigo!<\/p>\n\n\n\n<ul style=\"background-color:#8dd2fc96\" class=\"wp-block-list has-background\">\n<li><strong>Concurso TRT SC (12)<\/strong><\/li>\n\n\n\n<li><strong>Status:<\/strong>&nbsp;v\u00e1lido at\u00e9 2027<\/li>\n\n\n\n<li><strong>Banca<\/strong>: FCC<\/li>\n\n\n\n<li><strong>Vagas:<\/strong>&nbsp;CR<\/li>\n\n\n\n<li><strong>Escolaridade:<\/strong> n\u00edvel superior <\/li>\n\n\n\n<li><strong>Sal\u00e1rios a partir de Jul. de 2026:\u00a0<\/strong>R$ 9.776,74 (T\u00e9cnico) e R$ 16.041,21 (Analista)<\/li>\n\n\n\n<li><strong>Edital:<\/strong> <a href=\"https:\/\/dhg1h5j42swfq.cloudfront.net\/2023\/07\/24200148\/ato-1-2023-edital-no-01-2023-assinado.pdf\" target=\"_blank\" rel=\"noreferrer noopener nofollow\">TRT SC 2023<\/a><\/li>\n<\/ul>\n\n\n\n<div class=\"container\" id=\"boxes\">\n  <div class=\"row\">\n\n    <div class=\"col-sm\">\n      <div class=\"banner-tribunal\" id=\"box-assinatura\">\n        <h3 class=\"titulo-assinatura\">Curso TRT SC<\/h3>\n        <p class=\"subtitulo-assinatura\">Conhe\u00e7a os cursos<\/p>\n        <div class=\"box-botao\">\n          <a class=\"btn-assinatura\" target=\"_blank\" href=\"https:\/\/www.estrategiaconcursos.com.br\/cursosPorConcurso\/trts-cursos-regulares-62\/\" role=\"button\" rel=\"noopener noreferrer\">Conhe\u00e7a mais<\/a>\n        <\/div>\n      <\/div>\n      <p class=\"texto-auxiliar\">Prepare-se com o melhor material e com quem mais aprova em Concursos P\u00fablicos em todo o pa\u00eds.<\/p>\n    <\/div>\n\n  <\/div>\n<\/div>\n\n\n\n<ul id=\"indice\" class=\"wp-block-list\">\n<li><strong><a href=\"#situacao-atual\">Situa\u00e7\u00e3o atual do concurso<\/a><\/strong>\n<ul class=\"wp-block-list\">\n<li><strong><a href=\"#h-resultados\">Resultados e homologa\u00e7\u00e3o<\/a><\/strong><\/li>\n<\/ul>\n<\/li>\n\n\n\n<li><strong><a href=\"#carreira\">Carreira<\/a><\/strong>\n<ul class=\"wp-block-list\">\n<li><strong><a href=\"#cargos-vagos\">Cargos e vagas<\/a><\/strong><\/li>\n\n\n\n<li><strong><a href=\"#reuneracao\">Sal\u00e1rios e Benef\u00edcios<\/a><\/strong><\/li>\n\n\n\n<li><strong><a href=\"#atribuicoes\">Requisitos<\/a><\/strong><\/li>\n\n\n\n<li><a href=\"#cargos-vagos\"><strong>Cargos vagos<\/strong><\/a><\/li>\n<\/ul>\n<\/li>\n\n\n\n<li><a href=\"#etapas\" target=\"_blank\" rel=\"noreferrer noopener nofollow\"><strong>Etapas e provas <\/strong><\/a>\n<ul class=\"wp-block-list\">\n<li><a href=\"#objetiva\"><strong>Provas Objetivas<\/strong><\/a><\/li>\n\n\n\n<li><a href=\"#discursiva\"><strong>Prova Discursiva<\/strong><\/a><\/li>\n<\/ul>\n<\/li>\n\n\n\n<li><strong><a href=\"#inscritos\">Inscritos<\/a><\/strong><\/li>\n\n\n\n<li><strong><a href=\"#ultimo-concurso\">\u00daltimo concurso TRT SC<\/a><\/strong>\n<ul class=\"wp-block-list\">\n<li><a href=\"#nomeacoes\"><strong>Nomea\u00e7\u00f5es<\/strong><\/a><\/li>\n<\/ul>\n<\/li>\n\n\n\n<li><strong><a href=\"#cursos\">Cursos e assinaturas<\/a><\/strong><\/li>\n\n\n\n<li><strong><a href=\"#ficha\">Ficha t\u00e9cnica<\/a><\/strong><\/li>\n<\/ul>\n\n\n\n<h2 class=\"wp-block-heading\" id=\"situacao-atual\">Concurso TRT SC: Situa\u00e7\u00e3o atual<\/h2>\n\n\n\n<h3 class=\"wp-block-heading\" id=\"h-resultados\">Resultados<\/h3>\n\n\n\n<p>Abaixo voc\u00ea confere os resultados das provas e a homologa\u00e7\u00e3o do certame:<\/p>\n\n\n\n<ul class=\"wp-block-list\">\n<li><a href=\"https:\/\/dhg1h5j42swfq.cloudfront.net\/2024\/02\/05084809\/habilitados_obj_disc_class-1.pdf\" target=\"_blank\" rel=\"noreferrer noopener nofollow\">Resultados das provas<\/a>;<\/li>\n\n\n\n<li><a href=\"https:\/\/portal.trt12.jus.br\/sites\/default\/files\/2024-04\/EDITAL_16-HOMOLOGA\u00c7\u00c3O%20-%20227%20-%20ATO%20-%20Edital%20n\u00ba%2016-2024%20%281%29.pdf\">Homologa\u00e7\u00e3o<\/a>.<\/li>\n<\/ul>\n\n\n\n<h2 class=\"wp-block-heading\" id=\"carreira\">Carreira no TRT SC<\/h2>\n\n\n\n<h3 class=\"wp-block-heading\" id=\"cargos-vagos\">Cargos e vagas<\/h3>\n\n\n\n<figure class=\"wp-block-table is-style-stripes\"><table><thead><tr><th>CARGOS<\/th><th>VAGAS<\/th><th>SAL\u00c1RIO<\/th><\/tr><\/thead><tbody><tr><td>Analista Judici\u00e1rio &#8211; diversas especialidades<\/td><td>CR<\/td><td>R$ 13.202,62<\/td><\/tr><tr><td>Analista Judici\u00e1rio &#8211; Oficial de Justi\u00e7a<\/td><td>CR<\/td><td>R$ 15.128,00<\/td><\/tr><tr><td>T\u00e9cnico Judici\u00e1rio &#8211; Agente da Pol\u00edcia Judicial<\/td><td>CR<\/td><td>R$ 9.220,35<\/td><\/tr><tr><td>T\u00e9cnico Judici\u00e1rio &#8211; diversas especialidades<\/td><td>CR<\/td><td>R$ 8.046,85<\/td><\/tr><\/tbody><\/table><\/figure>\n\n\n\n<p><span style=\"text-decoration: underline;\">Especialidades de T\u00e9cnico:<\/span><\/p>\n\n\n\n<ul class=\"wp-block-list\">\n<li><a href=\"https:\/\/www.estrategiaconcursos.com.br\/curso\/trt-sc-12-regiao-tecnico-judiciario-area-administrativa-pacote-passo-estrategico-2023-pre-edital\/\" target=\"_blank\" rel=\"noreferrer noopener\">\u00c1rea Administrativa;<\/a><\/li>\n\n\n\n<li>\u00c1rea Administrativa &#8211; Tecnologia da Informa\u00e7\u00e3o<\/li>\n<\/ul>\n\n\n\n<p><span style=\"text-decoration: underline;\">Especialidades de Analista:<\/span><\/p>\n\n\n\n<ul class=\"wp-block-list\">\n<li>\u00c1rea Judici\u00e1ria;<\/li>\n\n\n\n<li><a href=\"https:\/\/www.estrategiaconcursos.com.br\/curso\/trt-sc-12-regiao-analista-judiciario-area-administrativa-pacote-passo-estrategico-2023-pre-edital\/\" target=\"_blank\" rel=\"noreferrer noopener\">\u00c1rea Administrativa;<\/a><\/li>\n\n\n\n<li>\u00c1rea Administrativa &#8211; Contabilidade;<\/li>\n\n\n\n<li>\u00c1rea Apoio Especializado &#8211; Medicina do Trabalho;<\/li>\n\n\n\n<li>\u00c1rea Apoio Especializado &#8211; Engenharia Civil;<\/li>\n\n\n\n<li>\u00c1rea Apoio Especializado &#8211; Engenharia El\u00e9trica; e<\/li>\n\n\n\n<li>\u00c1rea Apoio Especializado &#8211; Tecnologia da Informa\u00e7\u00e3o.<\/li>\n<\/ul>\n\n\n\n<h3 class=\"wp-block-heading\" id=\"h-salarios-e-beneficios\">Sal\u00e1rios e benef\u00edcios<\/h3>\n\n\n\n<p>A Justi\u00e7a Federal teve o&nbsp;<a href=\"https:\/\/www.estrategiaconcursos.com.br\/blog\/lula-sancionou-reajuste-salarial-aos-servidores-para-2026\/\">reajuste salarial de 8%<\/a>&nbsp;para todas as carreiras sancionado pelo governo federal. Com isso, os sal\u00e1rios iniciais podem&nbsp;<strong>chegar a R$&nbsp;16.041,21<\/strong>, al\u00e9m de benef\u00edcios.<\/p>\n\n\n\n<p>O adicional de qualifica\u00e7\u00e3o tamb\u00e9m foi reajustado. Atualmente, um analista em final de carreira pode somar R$ 1.161,52 se tiver doutorado, por exemplo.&nbsp;<\/p>\n\n\n\n<p>Com a mudan\u00e7a, o valor vai para&nbsp;<strong>R$ 3.857,75<\/strong>&nbsp;a partir de 2026, considerando-se o reajuste de 8% a partir do pr\u00f3ximo ano, previsto na&nbsp;Lei 15.293, de 19 de dezembro de 2025.<\/p>\n\n\n\n<p>Tamb\u00e9m a partir de 2026, o mestrado valer\u00e1&nbsp;<strong>R$ 2.700,43 (contra os atuais R$ 929,21)<\/strong>. Essas duas qualifica\u00e7\u00f5es n\u00e3o podem ser acumuladas entre si e absorvem outras de valores menores.<\/p>\n\n\n\n<p>Com o reajuste, os vencimentos b\u00e1sicos iniciais para os cargos ficam com os seguintes valores a partir de julho de 2026:<\/p>\n\n\n\n<p><strong>R$ 16.041,21 (Analista)<\/strong><\/p>\n\n\n\n<p><strong>R$ 9.776,74 (T\u00e9cnico)&nbsp;<\/strong><\/p>\n\n\n\n<p>Al\u00e9m do vencimento b\u00e1sico atualizado, os aprovados ter\u00e3o direito a benef\u00edcios como&nbsp;<strong>aux\u00edlio pr\u00e9-escolar<\/strong>&nbsp;no valor de&nbsp;<strong><\/strong><strong>R$ 1.288,47<\/strong>, e&nbsp;<strong>aux\u00edlio alimenta\u00e7\u00e3o<\/strong>&nbsp;no valor de&nbsp;<strong><\/strong><strong>R$ 1.860,51<\/strong>,&nbsp;<strong>Aux\u00edlio-Natalidade<\/strong>&nbsp;no valor de&nbsp;<strong>R$718,58<\/strong>&nbsp;e&nbsp;<strong>Aux\u00edlio-Sa\u00fade&nbsp;<\/strong>no valor de&nbsp;<strong>R$579,39<\/strong>.<strong> <\/strong><\/p>\n\n\n\n<h2 class=\"wp-block-heading\" id=\"atribuicoes\">Concurso TRT SC: requisitos<\/h2>\n\n\n\n<ul class=\"wp-block-list\">\n<li><strong>Analista Judici\u00e1rio \u2014 \u00c1rea Judici\u00e1ria<\/strong>\n<ul class=\"wp-block-list\">\n<li>Diploma de Gradua\u00e7\u00e3o em Direito, devidamente registrado, fornecido por Institui\u00e7\u00e3o de Ensino Superior reconhecida pelo Minist\u00e9rio da Educa\u00e7\u00e3o.<\/li>\n<\/ul>\n<\/li>\n\n\n\n<li><strong>Analista Judici\u00e1rio \u2014 \u00c1rea Judici\u00e1ria \u2014 Especialidade Oficial de Justi\u00e7a Avaliador Federal<\/strong>\n<ul class=\"wp-block-list\">\n<li>Diploma de Gradua\u00e7\u00e3o em Direito, devidamente registrado, fornecido por Institui\u00e7\u00e3o de Ensino Superior reconhecida pelo Minist\u00e9rio da Educa\u00e7\u00e3o.<\/li>\n<\/ul>\n<\/li>\n\n\n\n<li><strong>Analista Judici\u00e1rio \u2014 \u00c1rea Administrativa<\/strong>\n<ul class=\"wp-block-list\">\n<li>Diploma de curso superior, em qualquer \u00e1rea de forma\u00e7\u00e3o, inclusive Licenciatura Plena, devidamente registrado, fornecido por Institui\u00e7\u00e3o de Ensino Superior reconhecida pelo Minist\u00e9rio da Educa\u00e7\u00e3o.<\/li>\n<\/ul>\n<\/li>\n\n\n\n<li><strong>Analista Judici\u00e1rios \u00c1rea Administrativa \u2014 Especialidade Contabilidade<\/strong>\n<ul class=\"wp-block-list\">\n<li>Diploma de Gradua\u00e7\u00e3o em Contabilidade, devidamente registrado, reconhecido pelo Minist\u00e9rio da Educa\u00e7\u00e3o, e registro no respectivo \u00d3rg\u00e3o de Classe.<\/li>\n<\/ul>\n<\/li>\n\n\n\n<li><strong>Analista Judici\u00e1rio \u2014 \u00c1rea Apoio Especializado \u2014 Especialidade Medicina do Trabalho<\/strong>\n<ul class=\"wp-block-list\">\n<li>Diploma de Gradua\u00e7\u00e3o em Medicina e p\u00f3s-gradua\u00e7\u00e3o em Medicina do Trabalho, devidamente registrados, reconhecidos pelo Minist\u00e9rio da Educa\u00e7\u00e3o, e registro no respectivo \u00d3rg\u00e3o de Classe.<\/li>\n<\/ul>\n<\/li>\n\n\n\n<li><strong>Analista Judici\u00e1rio \u2014 \u00c1rea Apoio Especializado \u2014 Especialidade Engenharia Civil<\/strong>\n<ul class=\"wp-block-list\">\n<li>Diploma de Gradua\u00e7\u00e3o em Engenharia Civil, devidamente registrado, reconhecido pelo Minist\u00e9rio da Educa\u00e7\u00e3o, e registro no respectivo \u00d3rg\u00e3o de Classe.<\/li>\n<\/ul>\n<\/li>\n\n\n\n<li><strong>Analista Judici\u00e1rio \u2014 \u00c1rea Apoio Especializado \u2014 Especialidade Engenharia El\u00e9trica<\/strong>\n<ul class=\"wp-block-list\">\n<li>Diploma de Gradua\u00e7\u00e3o em Engenharia El\u00e9trica, devidamente registrado, reconhecido pelo Minist\u00e9rio da Educa\u00e7\u00e3o, e registro no respectivo \u00d3rg\u00e3o de Classe.<\/li>\n<\/ul>\n<\/li>\n\n\n\n<li><strong>Analista Judici\u00e1rio \u2014 \u00c1rea Apoio Especializado \u2014 Tecnologia da Informa\u00e7\u00e3o<\/strong>\n<ul class=\"wp-block-list\">\n<li>Diploma de curso superior em Inform\u00e1tica, ou de qualquer outro curso superior acrescido de curso de P\u00f3s-Gradua\u00e7\u00e3o na \u00e1rea de Inform\u00e1tica, devidamente registrados e fornecidos por Institui\u00e7\u00e3o de Ensino Superior reconhecida pelo Minist\u00e9rio da Educa\u00e7\u00e3o.<\/li>\n<\/ul>\n<\/li>\n\n\n\n<li><strong>T\u00e9cnico Judici\u00e1rio \u2014 \u00c1rea Administrativa<\/strong>\n<ul class=\"wp-block-list\">\n<li>Diploma de curso superior, em qualquer \u00e1rea de forma\u00e7\u00e3o, inclusive Licenciatura Plena, devidamente registrado, fornecido por Institui\u00e7\u00e3o de Ensino Superior reconhecida pelo Minist\u00e9rio da Educa\u00e7\u00e3o.<\/li>\n<\/ul>\n<\/li>\n\n\n\n<li><strong>T\u00e9cnico Judici\u00e1rio \u2014 \u00c1rea Administrativa \u2014 Especialidade Agente da Pol\u00edcia Judicial<\/strong>\n<ul class=\"wp-block-list\">\n<li>Diploma de curso superior, em qualquer \u00e1rea de forma\u00e7\u00e3o, inclusive Licenciatura Plena, devidamente registrado, fornecido por Institui\u00e7\u00e3o de Ensino Superior reconhecida pelo Minist\u00e9rio da Educa\u00e7\u00e3o e carteira nacional de habilita\u00e7\u00e3o categoria \u201cB\u201d ou superior<\/li>\n<\/ul>\n<\/li>\n\n\n\n<li><strong>T\u00e9cnico Judici\u00e1rio \u2014 \u00c1rea Apoio Especializado \u2014 Especialidade Tecnologia da Informa\u00e7\u00e3o<\/strong>\n<ul class=\"wp-block-list\">\n<li>Diploma de curso superior, em qualquer \u00e1rea de forma\u00e7\u00e3o, inclusive Licenciatura Plena, devidamente registrado, fornecido por Institui\u00e7\u00e3o de Ensino Superior reconhecida pelo Minist\u00e9rio da Educa\u00e7\u00e3o: acrescido de um curso de programa\u00e7\u00e3o que tenha, no m\u00ednimo, 120 horas\/aula, ou curso t\u00e9cnico na \u00e1rea de inform\u00e1tica expedido por institui\u00e7\u00e3o de ensino reconhecida pelo Minist\u00e9rio da Educa\u00e7\u00e3o.<\/li>\n<\/ul>\n<\/li>\n<\/ul>\n\n\n\n<h2 class=\"wp-block-heading\" id=\"cargos-vagos\">Quantos cargos vagos o TRT SC tem?<\/h2>\n\n\n\n<p>Segundo os dados do pr\u00f3prio TRT SC, em <a href=\"https:\/\/portal.trt12.jus.br\/sites\/default\/files\/2025-01\/ANEXO%20IVa%20-%20Res%20102_31_12_2024.pdf\">levantamento realizado em dezembro de 2024<\/a>, est\u00e3o vagos no TRT:<\/p>\n\n\n\n<ul class=\"wp-block-list\">\n<li>Analista &#8211; 22 cargos vagos;<\/li>\n\n\n\n<li>T\u00e9cnico &#8211; 88 cargos vagos.<\/li>\n<\/ul>\n\n\n\n<h2 class=\"wp-block-heading\" id=\"etapas\">Etapas e provas do concurso TRT SC<\/h2>\n\n\n\n<p>A sele\u00e7\u00e3o dos candidatos inscritos no edital TRT SC se deu mediante aplica\u00e7\u00e3o das seguintes etapas:<\/p>\n\n\n\n<ul class=\"wp-block-list\">\n<li>Prova objetiva \u2013 eliminat\u00f3rio e classificat\u00f3rio; e<\/li>\n\n\n\n<li>Prova discursiva \u2013 eliminat\u00f3rio e classificat\u00f3rio;<\/li>\n<\/ul>\n\n\n\n<p>As provas objetiva e discursiva foram realizadas nas cidades de Blumenau, Crici\u00fama, Chapec\u00f3, Florian\u00f3polis, Itaja\u00ed, Joinville, Lages, Mafra, Joa\u00e7aba e Tubar\u00e3o.<\/p>\n\n\n\n<h3 class=\"wp-block-heading\" id=\"objetiva\">Provas Objetivas<\/h3>\n\n\n\n<p>As provas objetivas do concurso TRT SC contaram com 60 quest\u00f5es de m\u00faltipla escolha, com 5 alternativas cada e apenas uma considerada a correta.<\/p>\n\n\n\n<figure class=\"wp-block-image aligncenter size-full\"><img loading=\"lazy\" decoding=\"async\" width=\"803\" height=\"509\" src=\"https:\/\/dhg1h5j42swfq.cloudfront.net\/2023\/07\/24201835\/image-344.png\" alt=\"Quadro de provas do concurso TRT SC\" class=\"wp-image-1254139\" srcset=\"https:\/\/dhg1h5j42swfq.cloudfront.net\/2023\/07\/24201835\/image-344.png 803w, https:\/\/dhg1h5j42swfq.cloudfront.net\/2023\/07\/24201835\/image-344-300x190.png 300w, https:\/\/dhg1h5j42swfq.cloudfront.net\/2023\/07\/24201835\/image-344-768x487.png 768w, https:\/\/dhg1h5j42swfq.cloudfront.net\/2023\/07\/24201835\/image-344-610x387.png 610w, https:\/\/dhg1h5j42swfq.cloudfront.net\/2023\/07\/24201835\/image-344-150x95.png 150w\" sizes=\"auto, (max-width: 803px) 100vw, 803px\" \/><figcaption class=\"wp-element-caption\">Quadro de provas do concurso TRT SC<\/figcaption><\/figure>\n\n\n\n<h3 class=\"wp-block-heading\" id=\"discursiva\">Prova Discursiva<\/h3>\n\n\n\n<p>Na prova discursiva-reda\u00e7\u00e3o o candidato desenvolveu texto dissertativo-argumentativo a partir de proposta \u00fanica, sobre assunto de interesse geral.<\/p>\n\n\n\n<p>O objetivo da avalia\u00e7\u00e3o foi avaliar a profici\u00eancia em L\u00edngua Portuguesa em sua modalidade escrita, considerando a capacidade de compreender e expor argumento com clareza, concis\u00e3o, precis\u00e3o, coer\u00eancia e objetividade.<\/p>\n\n\n\n<p>A etapa valeu 10 pontos, sendo at\u00e9 4 para o conte\u00fado, at\u00e9 3 para a estrutura e at\u00e9 3 para a express\u00e3o. Foi considerado habilitado quem obteve mais de 6 ponto<\/p>\n\n\n\n<h3 class=\"wp-block-heading\" id=\"h-demanda-de-inscritos\">Demanda de inscritos<\/h3>\n\n\n\n<p>Foram 43.801 candidatos inscritos! O cargo mais concorrido do certame do TRT SC foi o de T\u00e9cnico Judici\u00e1rio &#8211; sem especialidade: 14.629 inscritos. Em segundo lugar &#8211; Analista Judici\u00e1rio \u2013 \u00c1rea Judici\u00e1ria: 10.749. Veja os detalhes:<\/p>\n\n\n\n<figure class=\"wp-block-image aligncenter size-full\"><img loading=\"lazy\" decoding=\"async\" width=\"541\" height=\"186\" src=\"https:\/\/dhg1h5j42swfq.cloudfront.net\/2023\/09\/13194602\/capturar.jpg\" alt=\"\" class=\"wp-image-1276989\" srcset=\"https:\/\/dhg1h5j42swfq.cloudfront.net\/2023\/09\/13194602\/capturar.jpg 541w, https:\/\/dhg1h5j42swfq.cloudfront.net\/2023\/09\/13194602\/capturar-300x103.jpg 300w, https:\/\/dhg1h5j42swfq.cloudfront.net\/2023\/09\/13194602\/capturar-150x52.jpg 150w\" sizes=\"auto, (max-width: 541px) 100vw, 541px\" \/><\/figure>\n\n\n\n<h2 class=\"wp-block-heading\" id=\"ultimo-concurso\">\u00daltimo concurso TRT SC<\/h2>\n\n\n\n<p>O \u00faltimo concurso do Tribunal Regional do Trabalho da 12.\u00aa Regi\u00e3o foi publicado em 2017 e foi homologado em dezembro do mesmo ano, valendo por dois anos e podendo ser prorrogado por igual per\u00edodo. Em seguida, teve sua&nbsp;<a href=\"https:\/\/portal.trt12.jus.br\/sites\/default\/files\/2019-10\/EditaldeProrrogacaoconcurso2017.pdf\" target=\"_blank\" rel=\"noreferrer noopener\">validade prorrogada em 2019<\/a>.<\/p>\n\n\n\n<p>A organiza\u00e7\u00e3o do certame ficou a cargo da Funda\u00e7\u00e3o Get\u00falio Vagas, a FGV. Na ocasi\u00e3o, foram ofertadas 3 vagas mais cadastro de reserva para os cargos de Analista e T\u00e9cnico Judici\u00e1rio.<\/p>\n\n\n\n<p><strong><em>T\u00e9cnico Judici\u00e1rio<\/em><\/strong><\/p>\n\n\n\n<ul class=\"wp-block-list\">\n<li>\u00c1rea Administrativa &#8211;  <strong>1 vaga + CR<\/strong><\/li>\n<\/ul>\n\n\n\n<p><strong><em>Analista Judici\u00e1rio<\/em><\/strong><\/p>\n\n\n\n<ul class=\"wp-block-list\">\n<li>\u00c1rea Administrativa sem especialidade &#8211; <strong>CR<\/strong> <\/li>\n\n\n\n<li>\u00c1rea Judici\u00e1ria sem especialidade &#8211; <strong>1 vaga + CR  <\/strong><\/li>\n\n\n\n<li>\u00c1rea Judici\u00e1ria especialidade Oficial de Justi\u00e7a Avaliador Federal &#8211; <strong>1 vaga + CR  <\/strong> <\/li>\n<\/ul>\n\n\n\n<h2 class=\"wp-block-heading\" id=\"nomeacoes\">Nomea\u00e7\u00f5es no concurso TRT SC<\/h2>\n\n\n\n<p>Segundo informa\u00e7\u00f5es disponibilizadas pelo pr\u00f3prio TRT SC, o n\u00famero de nomea\u00e7\u00f5es do edital publicado em 2017 \u00e9 o seguinte:<\/p>\n\n\n\n<ul class=\"wp-block-list\">\n<li>38 T\u00e9cnicos Judici\u00e1rios \u2013 \u00e1rea administrativa;<\/li>\n\n\n\n<li>25 Analista Judici\u00e1rios \u2013 \u00e1rea judici\u00e1ria;<\/li>\n\n\n\n<li>1 Analista Judici\u00e1rio \u2013 \u00e1rea administrativa; e<\/li>\n\n\n\n<li>16 Analista Judici\u00e1rios \u2013 \u00e1rea judici\u00e1ria \u2013 especialidade Oficial de Justi\u00e7a Avaliador Federal.<\/li>\n<\/ul>\n\n\n\n<h2 class=\"wp-block-heading has-text-align-center\" id=\"h-quer-saber-tudo-sobre-concursos-previstos-confira-nossos-artigos\">Quer saber tudo sobre concursos previstos?<br \/>Confira nossos artigos!<\/h2>\n\n\n\n<ul class=\"wp-block-list\">\n<li><a href=\"https:\/\/www.estrategiaconcursos.com.br\/blog\/concursos-abertos\/\" target=\"_blank\" rel=\"noreferrer noopener\">Concursos abertos<\/a><\/li>\n\n\n\n<li><a href=\"https:\/\/www.estrategiaconcursos.com.br\/blog\/concursos-tribunais\/\">Concursos tribunais<\/a><\/li>\n\n\n\n<li><a href=\"https:\/\/www.estrategiaconcursos.com.br\/blog\/concursos-trt\/\">Concursos TRT<\/a><\/li>\n\n\n\n<li><a href=\"https:\/\/www.estrategiaconcursos.com.br\/blog\/concursos-2026\/\">Concursos 2026<\/a><\/li>\n<\/ul>\n\n\n\n<h2 class=\"wp-block-heading has-text-align-center\" id=\"cursos\"><strong><em>Quer estudar para concurso TRT SC?<\/em><\/strong><\/h2>\n\n\n\n<div class=\"container\" id=\"boxes\">\n  <div class=\"row\">\n\n    <div class=\"col-sm\">\n      <div class=\"banner-tribunal\" id=\"box-assinatura\">\n        <h3 class=\"titulo-assinatura\">Curso TRT SC<\/h3>\n        <p class=\"subtitulo-assinatura\">Conhe\u00e7a os cursos<\/p>\n        <div class=\"box-botao\">\n          <a class=\"btn-assinatura\" target=\"_blank\" href=\"https:\/\/www.estrategiaconcursos.com.br\/cursosPorConcurso\/trts-cursos-regulares-62\/\" role=\"button\" rel=\"noopener noreferrer\">Conhe\u00e7a mais<\/a>\n        <\/div>\n      <\/div>\n      <p class=\"texto-auxiliar\">Prepare-se com o melhor material e com quem mais aprova em Concursos P\u00fablicos em todo o pa\u00eds.<\/p>\n    <\/div>\n\n  <\/div>\n<\/div>\n\n\n\n<div class=\"container\" id=\"boxes\">\n  <div class=\"row\">\n\n    <div class=\"col-sm\">\n      <div class=\"estrategia\" id=\"box-assinatura\">\n        <h3 class=\"titulo-assinatura\">Assinatura Concursos<\/h3>\n        <p class=\"subtitulo-assinatura\">Assinatura de 1 ano ou 2 anos<\/p>\n        <div class=\"box-botao\">\n          <a class=\"btn-assinatura\" target=\"_blank\" href=\"https:\/\/www.estrategiaconcursos.com.br\/assinaturas\/\" role=\"button\" rel=\"noopener noreferrer\">ASSINE AGORA<\/a>\n        <\/div>\n      <\/div>\n     \n    <\/div><\/div><\/div>\n\n\n\n<figure class=\"wp-block-image size-large is-resized\"><img loading=\"lazy\" decoding=\"async\" width=\"1024\" height=\"632\" src=\"https:\/\/dhg1h5j42swfq.cloudfront.net\/2021\/04\/06120617\/ficha-tecnica-86-1024x632.png\" alt=\"\" class=\"wp-image-708443\" style=\"width:186px;height:115px\" srcset=\"https:\/\/dhg1h5j42swfq.cloudfront.net\/2021\/04\/06120617\/ficha-tecnica-86-1024x632.png 1024w, https:\/\/dhg1h5j42swfq.cloudfront.net\/2021\/04\/06120617\/ficha-tecnica-86-300x185.png 300w, https:\/\/dhg1h5j42swfq.cloudfront.net\/2021\/04\/06120617\/ficha-tecnica-86-768x474.png 768w, https:\/\/dhg1h5j42swfq.cloudfront.net\/2021\/04\/06120617\/ficha-tecnica-86-1536x948.png 1536w, https:\/\/dhg1h5j42swfq.cloudfront.net\/2021\/04\/06120617\/ficha-tecnica-86-610x377.png 610w, https:\/\/dhg1h5j42swfq.cloudfront.net\/2021\/04\/06120617\/ficha-tecnica-86.png 1571w\" sizes=\"auto, (max-width: 1024px) 100vw, 1024px\" \/><\/figure>\n\n\n\n<h4 class=\"wp-block-heading\" id=\"ficha\"><strong>Informa\u00e7\u00f5es do Concurso TRT SC<\/strong><br \/><\/h4>\n\n\n\n<p>\u25ba<strong>Data<\/strong>: <s>22\/10\/2023<\/s><br \/>\u25ba<strong>Vagas<\/strong>: CR<br \/>\u25ba<strong>Cargos<\/strong>: Analista Judici\u00e1rio e T\u00e9cnico Judici\u00e1rio<br \/>\u25ba<strong>Banca<\/strong>: FCC<br \/>\u25ba<strong>Escolaridade<\/strong>: N\u00edvel superior<br \/>\u25ba <strong>\u00daltimos editais: <\/strong><a href=\"https:\/\/dhg1h5j42swfq.cloudfront.net\/2023\/07\/24200148\/ato-1-2023-edital-no-01-2023-assinado.pdf\" target=\"_blank\" rel=\"noreferrer noopener nofollow\">TRT SC 2023<\/a> | <span style=\"text-decoration: underline;\"><a aria-label=\"Edital TRT SC (abre numa nova aba)\" href=\"https:\/\/dhg1h5j42swfq.cloudfront.net\/2019\/05\/21141216\/concurso-TRT-SC.pdf\" target=\"_blank\" rel=\"noreferrer noopener\">TRT SC 2017<\/a><\/span><\/p>\n","protected":false},"excerpt":{"rendered":"<p>O prazo de validade do concurso do Tribunal Regional do Trabalho de Santa Catarina &#8211; 12\u00aa Regi\u00e3o (TRT SC) foi prorrogado! A informa\u00e7\u00e3o consta em publica\u00e7\u00e3o no Di\u00e1rio Oficial da Uni\u00e3o do dia 11 de julho de 2025. De acordo com o documento, o certame foi prorrogado por dois anos&nbsp;&#8211; a contar de 10\/07\/2025. Ou [&hellip;]<\/p>\n","protected":false},"author":1,"featured_media":1103442,"comment_status":"open","ping_status":"open","sticky":false,"template":"","format":"standard","meta":{"post_tipo":"news_page","footnotes":""},"categories":[1984],"tags":[48,1565,1566],"tax_estado":[219987],"class_list":["post-36532","post","type-post","status-publish","format-standard","has-post-thumbnail","hentry","category-tribunais","tag-edital","tag-trt-12","tag-trt-sc","tax_estado-sc"],"acf":[],"yoast_head":"<!-- This site is optimized with the Yoast SEO Premium plugin v27.2 (Yoast SEO v27.2) - https:\/\/yoast.com\/product\/yoast-seo-premium-wordpress\/ -->\n<title>Concurso TRT SC (12): validade prorrogada!<\/title>\n<meta name=\"description\" content=\"Concurso TRT SC: edital ofertou vagas em CR para Analista e T\u00e9cnico Judici\u00e1rio! Certame segue v\u00e1lido at\u00e9 julho de 2027.\" \/>\n<meta name=\"robots\" content=\"index, follow, max-snippet:-1, max-image-preview:large, max-video-preview:-1\" \/>\n<link rel=\"canonical\" href=\"https:\/\/www.estrategiaconcursos.com.br\/blog\/concurso-trt-sc\/\" \/>\n<meta property=\"og:locale\" content=\"pt_BR\" \/>\n<meta property=\"og:type\" content=\"article\" \/>\n<meta property=\"og:title\" content=\"Concurso TRT SC (12): validade prorrogada!\" \/>\n<meta property=\"og:description\" content=\"Concurso TRT SC: edital ofertou vagas em CR para Analista e T\u00e9cnico Judici\u00e1rio! Certame segue v\u00e1lido at\u00e9 julho de 2027.\" \/>\n<meta property=\"og:url\" content=\"https:\/\/www.estrategiaconcursos.com.br\/blog\/concurso-trt-sc\/\" \/>\n<meta property=\"og:site_name\" content=\"Estrat\u00e9gia Concursos\" \/>\n<meta property=\"article:author\" content=\"https:\/\/www.facebook.com\/EstrategiaConcursos\" \/>\n<meta property=\"article:published_time\" content=\"2025-12-27T08:25:00+00:00\" \/>\n<meta property=\"article:modified_time\" content=\"2026-02-06T17:06:10+00:00\" \/>\n<meta property=\"og:image\" content=\"https:\/\/dhg1h5j42swfq.cloudfront.net\/2022\/09\/30170124\/trt_sc.jpg\" \/>\n\t<meta property=\"og:image:width\" content=\"768\" \/>\n\t<meta property=\"og:image:height\" content=\"432\" \/>\n\t<meta property=\"og:image:type\" content=\"image\/jpeg\" \/>\n<meta name=\"author\" content=\"Coordena\u00e7\u00e3o\" \/>\n<meta name=\"twitter:card\" content=\"summary_large_image\" \/>\n<meta name=\"twitter:creator\" content=\"@EstratConcursos\" \/>\n<meta name=\"twitter:site\" content=\"@EstratConcursos\" \/>\n<meta name=\"twitter:label1\" content=\"Escrito por\" \/>\n\t<meta name=\"twitter:data1\" content=\"Coordena\u00e7\u00e3o\" \/>\n\t<meta name=\"twitter:label2\" content=\"Est. tempo de leitura\" \/>\n\t<meta name=\"twitter:data2\" content=\"9 minutos\" \/>\n<script type=\"application\/ld+json\" class=\"yoast-schema-graph\">{\"@context\":\"https:\/\/schema.org\",\"@graph\":[{\"@type\":\"NewsArticle\",\"@id\":\"https:\/\/www.estrategiaconcursos.com.br\/blog\/concurso-trt-sc\/#article\",\"isPartOf\":{\"@id\":\"https:\/\/www.estrategiaconcursos.com.br\/blog\/concurso-trt-sc\/\"},\"author\":{\"name\":\"Coordena\u00e7\u00e3o\",\"@id\":\"https:\/\/www.estrategiaconcursos.com.br\/blog\/#\/schema\/person\/b4a388c97673c5f483d72185668afa1f\"},\"headline\":\"Concurso TRT SC (12): validade prorrogada!\",\"datePublished\":\"2025-12-27T08:25:00+00:00\",\"dateModified\":\"2026-02-06T17:06:10+00:00\",\"mainEntityOfPage\":{\"@id\":\"https:\/\/www.estrategiaconcursos.com.br\/blog\/concurso-trt-sc\/\"},\"wordCount\":1621,\"commentCount\":13,\"publisher\":{\"@id\":\"https:\/\/www.estrategiaconcursos.com.br\/blog\/#organization\"},\"image\":{\"@id\":\"https:\/\/www.estrategiaconcursos.com.br\/blog\/concurso-trt-sc\/#primaryimage\"},\"thumbnailUrl\":\"https:\/\/dhg1h5j42swfq.cloudfront.net\/2022\/09\/30170124\/trt_sc.jpg\",\"keywords\":[\"edital\",\"TRT 12\",\"TRT SC\"],\"articleSection\":[\"Tribunais\"],\"inLanguage\":\"pt-BR\",\"potentialAction\":[{\"@type\":\"CommentAction\",\"name\":\"Comment\",\"target\":[\"https:\/\/www.estrategiaconcursos.com.br\/blog\/concurso-trt-sc\/#respond\"]}],\"copyrightYear\":\"2025\",\"copyrightHolder\":{\"@id\":\"https:\/\/www.estrategiaconcursos.com.br\/blog\/#organization\"}},{\"@type\":\"WebPage\",\"@id\":\"https:\/\/www.estrategiaconcursos.com.br\/blog\/concurso-trt-sc\/\",\"url\":\"https:\/\/www.estrategiaconcursos.com.br\/blog\/concurso-trt-sc\/\",\"name\":\"Concurso TRT SC (12): validade prorrogada!\",\"isPartOf\":{\"@id\":\"https:\/\/www.estrategiaconcursos.com.br\/blog\/#website\"},\"primaryImageOfPage\":{\"@id\":\"https:\/\/www.estrategiaconcursos.com.br\/blog\/concurso-trt-sc\/#primaryimage\"},\"image\":{\"@id\":\"https:\/\/www.estrategiaconcursos.com.br\/blog\/concurso-trt-sc\/#primaryimage\"},\"thumbnailUrl\":\"https:\/\/dhg1h5j42swfq.cloudfront.net\/2022\/09\/30170124\/trt_sc.jpg\",\"datePublished\":\"2025-12-27T08:25:00+00:00\",\"dateModified\":\"2026-02-06T17:06:10+00:00\",\"description\":\"Concurso TRT SC: edital ofertou vagas em CR para Analista e T\u00e9cnico Judici\u00e1rio! Certame segue v\u00e1lido at\u00e9 julho de 2027.\",\"breadcrumb\":{\"@id\":\"https:\/\/www.estrategiaconcursos.com.br\/blog\/concurso-trt-sc\/#breadcrumb\"},\"inLanguage\":\"pt-BR\",\"potentialAction\":[{\"@type\":\"ReadAction\",\"target\":[\"https:\/\/www.estrategiaconcursos.com.br\/blog\/concurso-trt-sc\/\"]}]},{\"@type\":\"ImageObject\",\"inLanguage\":\"pt-BR\",\"@id\":\"https:\/\/www.estrategiaconcursos.com.br\/blog\/concurso-trt-sc\/#primaryimage\",\"url\":\"https:\/\/dhg1h5j42swfq.cloudfront.net\/2022\/09\/30170124\/trt_sc.jpg\",\"contentUrl\":\"https:\/\/dhg1h5j42swfq.cloudfront.net\/2022\/09\/30170124\/trt_sc.jpg\",\"width\":768,\"height\":432,\"caption\":\"Dos per\u00edodos de descanso para TRT-SC\"},{\"@type\":\"BreadcrumbList\",\"@id\":\"https:\/\/www.estrategiaconcursos.com.br\/blog\/concurso-trt-sc\/#breadcrumb\",\"itemListElement\":[{\"@type\":\"ListItem\",\"position\":1,\"name\":\"In\u00edcio\",\"item\":\"https:\/\/www.estrategiaconcursos.com.br\/blog\/\"},{\"@type\":\"ListItem\",\"position\":2,\"name\":\"Concurso TRT SC (12): validade prorrogada!\"}]},{\"@type\":\"WebSite\",\"@id\":\"https:\/\/www.estrategiaconcursos.com.br\/blog\/#website\",\"url\":\"https:\/\/www.estrategiaconcursos.com.br\/blog\/\",\"name\":\"Estrat\u00e9gia Concursos\",\"description\":\"O blog da Estrat\u00e9gia Concursos traz not\u00edcias sobre concursos e artigos de professores oferecendo cursos para concursos (pdf + videaulas) no site.\",\"publisher\":{\"@id\":\"https:\/\/www.estrategiaconcursos.com.br\/blog\/#organization\"},\"potentialAction\":[{\"@type\":\"SearchAction\",\"target\":{\"@type\":\"EntryPoint\",\"urlTemplate\":\"https:\/\/www.estrategiaconcursos.com.br\/blog\/?s={search_term_string}\"},\"query-input\":{\"@type\":\"PropertyValueSpecification\",\"valueRequired\":true,\"valueName\":\"search_term_string\"}}],\"inLanguage\":\"pt-BR\"},{\"@type\":\"Organization\",\"@id\":\"https:\/\/www.estrategiaconcursos.com.br\/blog\/#organization\",\"name\":\"Estrat\u00e9gia Concursos\",\"url\":\"https:\/\/www.estrategiaconcursos.com.br\/blog\/\",\"logo\":{\"@type\":\"ImageObject\",\"inLanguage\":\"pt-BR\",\"@id\":\"https:\/\/www.estrategiaconcursos.com.br\/blog\/#\/schema\/logo\/image\/\",\"url\":\"https:\/\/dhg1h5j42swfq.cloudfront.net\/2025\/06\/03203428\/logo_concursos-1.jpg\",\"contentUrl\":\"https:\/\/dhg1h5j42swfq.cloudfront.net\/2025\/06\/03203428\/logo_concursos-1.jpg\",\"width\":230,\"height\":60,\"caption\":\"Estrat\u00e9gia Concursos\"},\"image\":{\"@id\":\"https:\/\/www.estrategiaconcursos.com.br\/blog\/#\/schema\/logo\/image\/\"},\"sameAs\":[\"https:\/\/x.com\/EstratConcursos\"]},{\"@type\":\"Person\",\"@id\":\"https:\/\/www.estrategiaconcursos.com.br\/blog\/#\/schema\/person\/b4a388c97673c5f483d72185668afa1f\",\"name\":\"Coordena\u00e7\u00e3o\",\"image\":{\"@type\":\"ImageObject\",\"inLanguage\":\"pt-BR\",\"@id\":\"https:\/\/secure.gravatar.com\/avatar\/b720319e4c9a967eb58678d110f4fe35452fc5d5f97b202bac7b8acceb18c6ad?s=96&d=mm&r=g\",\"url\":\"https:\/\/secure.gravatar.com\/avatar\/b720319e4c9a967eb58678d110f4fe35452fc5d5f97b202bac7b8acceb18c6ad?s=96&d=mm&r=g\",\"contentUrl\":\"https:\/\/secure.gravatar.com\/avatar\/b720319e4c9a967eb58678d110f4fe35452fc5d5f97b202bac7b8acceb18c6ad?s=96&d=mm&r=g\",\"caption\":\"Coordena\u00e7\u00e3o\"},\"sameAs\":[\"https:\/\/www.facebook.com\/EstrategiaConcursos\",\"https:\/\/x.com\/EstratConcursos\"],\"url\":\"https:\/\/www.estrategiaconcursos.com.br\/blog\/author\/estrategia2013\/\"}]}<\/script>\n<!-- \/ Yoast SEO Premium plugin. -->","yoast_head_json":{"title":"Concurso TRT SC (12): validade prorrogada!","description":"Concurso TRT SC: edital ofertou vagas em CR para Analista e T\u00e9cnico Judici\u00e1rio! Certame segue v\u00e1lido at\u00e9 julho de 2027.","robots":{"index":"index","follow":"follow","max-snippet":"max-snippet:-1","max-image-preview":"max-image-preview:large","max-video-preview":"max-video-preview:-1"},"canonical":"https:\/\/www.estrategiaconcursos.com.br\/blog\/concurso-trt-sc\/","og_locale":"pt_BR","og_type":"article","og_title":"Concurso TRT SC (12): validade prorrogada!","og_description":"Concurso TRT SC: edital ofertou vagas em CR para Analista e T\u00e9cnico Judici\u00e1rio! Certame segue v\u00e1lido at\u00e9 julho de 2027.","og_url":"https:\/\/www.estrategiaconcursos.com.br\/blog\/concurso-trt-sc\/","og_site_name":"Estrat\u00e9gia Concursos","article_author":"https:\/\/www.facebook.com\/EstrategiaConcursos","article_published_time":"2025-12-27T08:25:00+00:00","article_modified_time":"2026-02-06T17:06:10+00:00","og_image":[{"width":768,"height":432,"url":"https:\/\/dhg1h5j42swfq.cloudfront.net\/2022\/09\/30170124\/trt_sc.jpg","type":"image\/jpeg"}],"author":"Coordena\u00e7\u00e3o","twitter_card":"summary_large_image","twitter_creator":"@EstratConcursos","twitter_site":"@EstratConcursos","twitter_misc":{"Escrito por":"Coordena\u00e7\u00e3o","Est. tempo de leitura":"9 minutos"},"schema":{"@context":"https:\/\/schema.org","@graph":[{"@type":"NewsArticle","@id":"https:\/\/www.estrategiaconcursos.com.br\/blog\/concurso-trt-sc\/#article","isPartOf":{"@id":"https:\/\/www.estrategiaconcursos.com.br\/blog\/concurso-trt-sc\/"},"author":{"name":"Coordena\u00e7\u00e3o","@id":"https:\/\/www.estrategiaconcursos.com.br\/blog\/#\/schema\/person\/b4a388c97673c5f483d72185668afa1f"},"headline":"Concurso TRT SC (12): validade prorrogada!","datePublished":"2025-12-27T08:25:00+00:00","dateModified":"2026-02-06T17:06:10+00:00","mainEntityOfPage":{"@id":"https:\/\/www.estrategiaconcursos.com.br\/blog\/concurso-trt-sc\/"},"wordCount":1621,"commentCount":13,"publisher":{"@id":"https:\/\/www.estrategiaconcursos.com.br\/blog\/#organization"},"image":{"@id":"https:\/\/www.estrategiaconcursos.com.br\/blog\/concurso-trt-sc\/#primaryimage"},"thumbnailUrl":"https:\/\/dhg1h5j42swfq.cloudfront.net\/2022\/09\/30170124\/trt_sc.jpg","keywords":["edital","TRT 12","TRT SC"],"articleSection":["Tribunais"],"inLanguage":"pt-BR","potentialAction":[{"@type":"CommentAction","name":"Comment","target":["https:\/\/www.estrategiaconcursos.com.br\/blog\/concurso-trt-sc\/#respond"]}],"copyrightYear":"2025","copyrightHolder":{"@id":"https:\/\/www.estrategiaconcursos.com.br\/blog\/#organization"}},{"@type":"WebPage","@id":"https:\/\/www.estrategiaconcursos.com.br\/blog\/concurso-trt-sc\/","url":"https:\/\/www.estrategiaconcursos.com.br\/blog\/concurso-trt-sc\/","name":"Concurso TRT SC (12): validade prorrogada!","isPartOf":{"@id":"https:\/\/www.estrategiaconcursos.com.br\/blog\/#website"},"primaryImageOfPage":{"@id":"https:\/\/www.estrategiaconcursos.com.br\/blog\/concurso-trt-sc\/#primaryimage"},"image":{"@id":"https:\/\/www.estrategiaconcursos.com.br\/blog\/concurso-trt-sc\/#primaryimage"},"thumbnailUrl":"https:\/\/dhg1h5j42swfq.cloudfront.net\/2022\/09\/30170124\/trt_sc.jpg","datePublished":"2025-12-27T08:25:00+00:00","dateModified":"2026-02-06T17:06:10+00:00","description":"Concurso TRT SC: edital ofertou vagas em CR para Analista e T\u00e9cnico Judici\u00e1rio! Certame segue v\u00e1lido at\u00e9 julho de 2027.","breadcrumb":{"@id":"https:\/\/www.estrategiaconcursos.com.br\/blog\/concurso-trt-sc\/#breadcrumb"},"inLanguage":"pt-BR","potentialAction":[{"@type":"ReadAction","target":["https:\/\/www.estrategiaconcursos.com.br\/blog\/concurso-trt-sc\/"]}]},{"@type":"ImageObject","inLanguage":"pt-BR","@id":"https:\/\/www.estrategiaconcursos.com.br\/blog\/concurso-trt-sc\/#primaryimage","url":"https:\/\/dhg1h5j42swfq.cloudfront.net\/2022\/09\/30170124\/trt_sc.jpg","contentUrl":"https:\/\/dhg1h5j42swfq.cloudfront.net\/2022\/09\/30170124\/trt_sc.jpg","width":768,"height":432,"caption":"Dos per\u00edodos de descanso para TRT-SC"},{"@type":"BreadcrumbList","@id":"https:\/\/www.estrategiaconcursos.com.br\/blog\/concurso-trt-sc\/#breadcrumb","itemListElement":[{"@type":"ListItem","position":1,"name":"In\u00edcio","item":"https:\/\/www.estrategiaconcursos.com.br\/blog\/"},{"@type":"ListItem","position":2,"name":"Concurso TRT SC (12): validade prorrogada!"}]},{"@type":"WebSite","@id":"https:\/\/www.estrategiaconcursos.com.br\/blog\/#website","url":"https:\/\/www.estrategiaconcursos.com.br\/blog\/","name":"Estrat\u00e9gia Concursos","description":"O blog da Estrat\u00e9gia Concursos traz not\u00edcias sobre concursos e artigos de professores oferecendo cursos para concursos (pdf + videaulas) no site.","publisher":{"@id":"https:\/\/www.estrategiaconcursos.com.br\/blog\/#organization"},"potentialAction":[{"@type":"SearchAction","target":{"@type":"EntryPoint","urlTemplate":"https:\/\/www.estrategiaconcursos.com.br\/blog\/?s={search_term_string}"},"query-input":{"@type":"PropertyValueSpecification","valueRequired":true,"valueName":"search_term_string"}}],"inLanguage":"pt-BR"},{"@type":"Organization","@id":"https:\/\/www.estrategiaconcursos.com.br\/blog\/#organization","name":"Estrat\u00e9gia Concursos","url":"https:\/\/www.estrategiaconcursos.com.br\/blog\/","logo":{"@type":"ImageObject","inLanguage":"pt-BR","@id":"https:\/\/www.estrategiaconcursos.com.br\/blog\/#\/schema\/logo\/image\/","url":"https:\/\/dhg1h5j42swfq.cloudfront.net\/2025\/06\/03203428\/logo_concursos-1.jpg","contentUrl":"https:\/\/dhg1h5j42swfq.cloudfront.net\/2025\/06\/03203428\/logo_concursos-1.jpg","width":230,"height":60,"caption":"Estrat\u00e9gia Concursos"},"image":{"@id":"https:\/\/www.estrategiaconcursos.com.br\/blog\/#\/schema\/logo\/image\/"},"sameAs":["https:\/\/x.com\/EstratConcursos"]},{"@type":"Person","@id":"https:\/\/www.estrategiaconcursos.com.br\/blog\/#\/schema\/person\/b4a388c97673c5f483d72185668afa1f","name":"Coordena\u00e7\u00e3o","image":{"@type":"ImageObject","inLanguage":"pt-BR","@id":"https:\/\/secure.gravatar.com\/avatar\/b720319e4c9a967eb58678d110f4fe35452fc5d5f97b202bac7b8acceb18c6ad?s=96&d=mm&r=g","url":"https:\/\/secure.gravatar.com\/avatar\/b720319e4c9a967eb58678d110f4fe35452fc5d5f97b202bac7b8acceb18c6ad?s=96&d=mm&r=g","contentUrl":"https:\/\/secure.gravatar.com\/avatar\/b720319e4c9a967eb58678d110f4fe35452fc5d5f97b202bac7b8acceb18c6ad?s=96&d=mm&r=g","caption":"Coordena\u00e7\u00e3o"},"sameAs":["https:\/\/www.facebook.com\/EstrategiaConcursos","https:\/\/x.com\/EstratConcursos"],"url":"https:\/\/www.estrategiaconcursos.com.br\/blog\/author\/estrategia2013\/"}]}},"_links":{"self":[{"href":"https:\/\/www.estrategiaconcursos.com.br\/blog\/wp-json\/wp\/v2\/posts\/36532","targetHints":{"allow":["GET"]}}],"collection":[{"href":"https:\/\/www.estrategiaconcursos.com.br\/blog\/wp-json\/wp\/v2\/posts"}],"about":[{"href":"https:\/\/www.estrategiaconcursos.com.br\/blog\/wp-json\/wp\/v2\/types\/post"}],"author":[{"embeddable":true,"href":"https:\/\/www.estrategiaconcursos.com.br\/blog\/wp-json\/wp\/v2\/users\/1"}],"replies":[{"embeddable":true,"href":"https:\/\/www.estrategiaconcursos.com.br\/blog\/wp-json\/wp\/v2\/comments?post=36532"}],"version-history":[{"count":175,"href":"https:\/\/www.estrategiaconcursos.com.br\/blog\/wp-json\/wp\/v2\/posts\/36532\/revisions"}],"predecessor-version":[{"id":1711773,"href":"https:\/\/www.estrategiaconcursos.com.br\/blog\/wp-json\/wp\/v2\/posts\/36532\/revisions\/1711773"}],"wp:featuredmedia":[{"embeddable":true,"href":"https:\/\/www.estrategiaconcursos.com.br\/blog\/wp-json\/wp\/v2\/media\/1103442"}],"wp:attachment":[{"href":"https:\/\/www.estrategiaconcursos.com.br\/blog\/wp-json\/wp\/v2\/media?parent=36532"}],"wp:term":[{"taxonomy":"category","embeddable":true,"href":"https:\/\/www.estrategiaconcursos.com.br\/blog\/wp-json\/wp\/v2\/categories?post=36532"},{"taxonomy":"post_tag","embeddable":true,"href":"https:\/\/www.estrategiaconcursos.com.br\/blog\/wp-json\/wp\/v2\/tags?post=36532"},{"taxonomy":"tax_estado","embeddable":true,"href":"https:\/\/www.estrategiaconcursos.com.br\/blog\/wp-json\/wp\/v2\/tax_estado?post=36532"}],"curies":[{"name":"wp","href":"https:\/\/api.w.org\/{rel}","templated":true}]}}