{"id":365210,"date":"2020-05-29T10:00:23","date_gmt":"2020-05-29T13:00:23","guid":{"rendered":"https:\/\/www.estrategiaconcursos.com.br\/blog\/?p=365210"},"modified":"2025-04-08T23:44:39","modified_gmt":"2025-04-09T02:44:39","slug":"edital-see-pb-2019","status":"publish","type":"post","link":"https:\/\/www.estrategiaconcursos.com.br\/blog\/edital-see-pb-2019\/","title":{"rendered":"Edital SEE PB: validade prorrogada por mais 6 meses"},"content":{"rendered":"\n<p>Foi publicada no Di\u00e1rio Oficial da Para\u00edba, a prorroga\u00e7\u00e3o do prazo de validade do concurso SEE PB por mais seis meses, a contar da data da publica\u00e7\u00e3o da homologa\u00e7\u00e3o de seu resultado final, podendo ser prorrogado, uma vez, por igual per\u00edodo, de acordo com a disponibilidade or\u00e7ament\u00e1ria.<\/p>\n\n\n\n<p>O resultado do concurso foi homologado no dia 29 de novembro de 2019. Portanto, o prazo de validade do concurso segue vigente at\u00e9 novembro de 2020.<\/p>\n\n\n\n<p>Vale lembrar que o concurso da Secretaria de Educa\u00e7\u00e3o da Para\u00edba realizou a prova objetiva nas cidades paraibanas de Cajazeiras, Campina Grande, Catol\u00e9 da Rocha, Cuit\u00e9, Guarabira, Itabaiana, Itaporanga, Jo\u00e3o Pessoa, Mamanguape, Monteiro, Patos, Pombal, Princesa Isabel e Sousa. <\/p>\n\n\n\n<p>O certame oferta no total, <strong>1.000 vagas<\/strong> imediatas para o cargo de Professor de Educa\u00e7\u00e3o B\u00e1sica.<\/p>\n\n\n\n<p>O vencimento para a classe inicial do cargo \u00e9 R$ 2.110,12 para uma jornada de trabalho de 30 horas semanais. A lota\u00e7\u00e3o dos aprovados ocorrer\u00e1 em unidades de ensino em todo o Estado da Para\u00edba.<\/p>\n\n\n\n<h2 class=\"wp-block-heading\">Principais datas do Edital SEE PB<\/h2>\n\n\n\n<p class=\"has-background has-very-light-gray-background-color\"><strong>Inscri\u00e7\u00f5es<\/strong>: <s>24\/04 a 06\/06<\/s><br \/><strong>Isen\u00e7\u00e3o<\/strong>:<s> 24 a 30\/04<\/s><br \/><strong>Pagamento da taxa<\/strong>: <s>07\/06<\/s><br \/><strong>Prova objetiva<\/strong>: <s>21\/07<\/s><\/p>\n\n\n\n<h2 class=\"wp-block-heading\">Requisitos e vagas<\/h2>\n\n\n\n<p>Para ingressar na carreira \u00e9 necess\u00e1rio ter conclu\u00eddo a licenciatura plena na \u00e1rea espec\u00edfica do cargo. Abaixo voc\u00ea confere a distribui\u00e7\u00e3o de vagas prevista no edital:<br \/><\/p>\n\n\n\n<p><strong>1-<\/strong>  Artes &#8211;  72 vagas<br \/><strong>2- <\/strong>Biologia- 150 vagas<br \/><strong>3-<\/strong> Educa\u00e7\u00e3o F\u00edsica -68 vagas<br \/><strong>4-<\/strong> Filosofia &#8211; 06 vagas<br \/><strong>5- <\/strong>F\u00edsica &#8211; 47 vagas<br \/><strong>6- <\/strong>Geografia -72 vagas<br \/><strong>7-<\/strong> Hist\u00f3ria &#8211; 78 vagas<br \/><strong>8- <\/strong>L\u00edngua Espanhola &#8211; 18 vagas<br \/><strong>9-<\/strong> L\u00edngua Inglesa &#8211; 61 vagas<br \/><strong>10-<\/strong> L\u00edngua Portuguesa &#8211; 195 vagas<br \/><strong>11-<\/strong> Matem\u00e1tica &#8211; 199 vagas<br \/><strong>12-<\/strong> Qu\u00edmica &#8211; 28 vagas<br \/><strong>13- <\/strong>Sociologia &#8211; 06 vagas  <\/p>\n\n\n\n<h2 class=\"wp-block-heading\">Remunera\u00e7\u00e3o<\/h2>\n\n\n\n<p>A remunera\u00e7\u00e3o inicial do cargo \u00e9 de R$ 2.110,12, conforme reajuste concedido em janeiro de 2019. Abaixo voc\u00ea confere a tabela completa de remunera\u00e7\u00e3o da categoria:<\/p>\n\n\n\n<figure class=\"wp-block-table is-style-stripes\"><table><tbody><tr><td>\n  <strong>CLASSE<\/strong>\n  <\/td><td>\n  <strong>I<\/strong>\n  <\/td><td>\n  <strong>II<\/strong>\n  <\/td><td>\n  <strong>III<\/strong>\n  <\/td><td>\n  <strong>IV<\/strong>\n  <\/td><td>\n  <strong>V<\/strong>\n  <\/td><td>\n  <strong>VI<\/strong>\n  <\/td><td>\n  <strong>VII<\/strong>\n  <\/td><\/tr><tr><td>\n  <strong>CLASSE A<\/strong>\n  <\/td><td>\n  1.918,29\n  <\/td><td>\n  1.956,65\n  <\/td><td>\n  1.995,78\n  <\/td><td>\n  2.035,69\n  <\/td><td>\n  2.076,40\n  <\/td><td>\n  2.117,92\n  <\/td><td>\n  2.160,27\n  <\/td><\/tr><tr><td>\n  <strong>CLASSE B<\/strong>\n  <\/td><td>   2.110,12   <\/td><td>\n  2.152,31\n  <\/td><td>\n  2.195,35\n  <\/td><td>\n  2.239,25\n  <\/td><td>\n  2.284,03\n  <\/td><td>\n  2.329,71\n  <\/td><td>\n  2.376,30\n  <\/td><\/tr><tr><td>\n  <strong>CLASSE C<\/strong>\n  <\/td><td>\n  2.321,12\n  <\/td><td>\n  2.367,54\n  <\/td><td>\n  2.414,89\n  <\/td><td>\n  2.463,18\n  <\/td><td>\n  2.512,44\n  <\/td><td>\n  2.562,68\n  <\/td><td>\n  2.613,93\n  <\/td><\/tr><tr><td>\n  <strong>CLASSE D<\/strong>\n  <\/td><td>\n  2.553,23\n  <\/td><td>\n  2.604,29\n  <\/td><td>\n  2.656,37\n  <\/td><td>\n  2.709,49\n  <\/td><td>\n  2.763,67\n  <\/td><td>\n  2.818,94\n  <\/td><td>\n  2.875,31\n  <\/td><\/tr><tr><td>\n  <strong>CLASSE E<\/strong>\n  <\/td><td>\n  2.808,55\n  <\/td><td>\n  2.864,72\n  <\/td><td>\n  2.922,01\n  <\/td><td>\n  2.980,45\n  <\/td><td>\n  3.040,05\n  <\/td><td>\n  3.100,85\n  <\/td><td>\n  3.162,86\n  <\/td><\/tr><\/tbody><\/table><\/figure>\n\n\n\n<h2 class=\"wp-block-heading\">Fases do concurso<\/h2>\n\n\n\n<p><strong>1\u00aa Fase<\/strong>: Prova Objetiva (classsificat\u00f3ria e eliminat\u00f3ria).<\/p>\n\n\n\n<p><strong>2\u00aa Fase<\/strong>: Prova de T\u00edtulos (classificat\u00f3ria). <\/p>\n\n\n\n<h2 class=\"wp-block-heading\">Prova objetiva<\/h2>\n\n\n\n<p>A prova objetiva foi composta por <strong>50 quest\u00f5es<\/strong> com quatro alternativas, com dura\u00e7\u00e3o total de <strong>4 horas<\/strong>. Abaixo voc\u00ea confere a distribui\u00e7\u00e3o de quest\u00f5es por disciplina:<\/p>\n\n\n\n<p class=\"has-medium-font-size\"><em>Professor de L\u00edngua Portuguesa<\/em><\/p>\n\n\n\n<figure class=\"wp-block-image\"><img loading=\"lazy\" decoding=\"async\" width=\"1104\" height=\"410\" src=\"https:\/\/dhg1h5j42swfq.cloudfront.net\/2019\/04\/23064321\/image115.png\" alt=\"edital see pb\" class=\"wp-image-365225\" srcset=\"https:\/\/dhg1h5j42swfq.cloudfront.net\/2019\/04\/23064321\/image115.png 1104w, https:\/\/dhg1h5j42swfq.cloudfront.net\/2019\/04\/23064321\/image115.png 300w, https:\/\/dhg1h5j42swfq.cloudfront.net\/2019\/04\/23064321\/image115.png 768w, https:\/\/dhg1h5j42swfq.cloudfront.net\/2019\/04\/23064321\/image115.png 1024w\" sizes=\"auto, (max-width: 1104px) 100vw, 1104px\" \/><\/figure>\n\n\n\n<p class=\"has-medium-font-size\"><em>Professor &#8211; demais \u00e1reas<\/em><\/p>\n\n\n\n<figure class=\"wp-block-image\"><img loading=\"lazy\" decoding=\"async\" width=\"1103\" height=\"439\" src=\"https:\/\/dhg1h5j42swfq.cloudfront.net\/2019\/04\/23064207\/image114.png\" alt=\"edital see pb\" class=\"wp-image-365223\" srcset=\"https:\/\/dhg1h5j42swfq.cloudfront.net\/2019\/04\/23064207\/image114.png 1103w, https:\/\/dhg1h5j42swfq.cloudfront.net\/2019\/04\/23064207\/image114.png 300w, https:\/\/dhg1h5j42swfq.cloudfront.net\/2019\/04\/23064207\/image114.png 768w, https:\/\/dhg1h5j42swfq.cloudfront.net\/2019\/04\/23064207\/image114.png 1024w\" sizes=\"auto, (max-width: 1103px) 100vw, 1103px\" \/><\/figure>\n\n\n\n<p>Para ser aprovado nesta fase, o candidato teve que alcan\u00e7ar o aproveitamento m\u00ednimo de 50% da prova.<\/p>\n\n\n\n<h2 class=\"wp-block-heading\">Prova de T\u00edtulos<\/h2>\n\n\n\n<figure class=\"wp-block-image\"><img loading=\"lazy\" decoding=\"async\" width=\"1106\" height=\"623\" src=\"https:\/\/dhg1h5j42swfq.cloudfront.net\/2019\/04\/23064414\/image116.png\" alt=\"\" class=\"wp-image-365226\" srcset=\"https:\/\/dhg1h5j42swfq.cloudfront.net\/2019\/04\/23064414\/image116.png 1106w, https:\/\/dhg1h5j42swfq.cloudfront.net\/2019\/04\/23064414\/image116.png 300w, https:\/\/dhg1h5j42swfq.cloudfront.net\/2019\/04\/23064414\/image116.png 768w, https:\/\/dhg1h5j42swfq.cloudfront.net\/2019\/04\/23064414\/image116.png 1024w\" sizes=\"auto, (max-width: 1106px) 100vw, 1106px\" \/><\/figure>\n\n\n\n<p><strong>Aten\u00e7\u00e3o<\/strong>: ser\u00e3o convocados para esta etapa os classificados na prova objetiva dentro de cinco vezes o n\u00famero de vagas, respeitados os empates.<\/p>\n\n\n\n<h2 class=\"wp-block-heading\"><a href=\"https:\/\/www.estrategiaconcursos.com.br\/sistema-de-questoes#\/\" target=\"_blank\" rel=\"noreferrer noopener\">O l\u00edder em aprova\u00e7\u00f5es vai lan\u00e7ar o maior sistema de quest\u00f5es<\/a><\/h2>\n\n\n\n<p>Estrat\u00e9gia Quest\u00f5es nasceu maior do que todos os concorrentes, com mais quest\u00f5es cadastradas e mais solu\u00e7\u00f5es por professores. Clique no banner e aproveite os descontos e b\u00f4nus imperd\u00edveis!<\/p>\n\n\n\n<figure class=\"wp-block-image\"><a href=\"https:\/\/www.estrategiaconcursos.com.br\/sistema-de-questoes#\/\" target=\"_blank\" rel=\"noreferrer noopener\"><img loading=\"lazy\" decoding=\"async\" width=\"1024\" height=\"210\" src=\"https:\/\/dhg1h5j42swfq.cloudfront.net\/2020\/05\/18151308\/2a315c84-178e-46c7-aee0-323f57fcfecf-1024x210.jpg\" alt=\"\" class=\"wp-image-516129\" srcset=\"https:\/\/dhg1h5j42swfq.cloudfront.net\/2020\/05\/18151308\/2a315c84-178e-46c7-aee0-323f57fcfecf-1024x210.jpg 1024w, https:\/\/dhg1h5j42swfq.cloudfront.net\/2020\/05\/18151308\/2a315c84-178e-46c7-aee0-323f57fcfecf-300x62.jpg 300w, https:\/\/dhg1h5j42swfq.cloudfront.net\/2020\/05\/18151308\/2a315c84-178e-46c7-aee0-323f57fcfecf-768x158.jpg 768w, https:\/\/dhg1h5j42swfq.cloudfront.net\/2020\/05\/18151308\/2a315c84-178e-46c7-aee0-323f57fcfecf-610x125.jpg 610w, https:\/\/dhg1h5j42swfq.cloudfront.net\/2020\/05\/18151308\/2a315c84-178e-46c7-aee0-323f57fcfecf.jpg 1280w\" sizes=\"auto, (max-width: 1024px) 100vw, 1024px\" \/><\/a><\/figure>\n\n\n\n<p class=\"has-text-align-center has-medium-font-size\"><strong>Comece a estudar j\u00e1!<\/strong><\/p>\n\n\n\n<p class=\"has-background has-text-align-center has-medium-font-size has-very-light-gray-background-color\"><a href=\"https:\/\/www.estrategiaconcursos.com.br\/cursosPorConcurso\/see-pb\/\"><strong><em>Curso Concurso SEE PB<\/em><\/strong><\/a><\/p>\n\n\n\n<p class=\"has-text-align-center\"><em><strong>Assinatura Anual Ilimitada*<\/strong><\/em><\/p>\n\n\n\n<p class=\"has-text-align-center\"><em>Prepare-se com o melhor material e com quem mais aprova em Concursos P\u00fablicos em todo o pa\u00eds. Assine agora a nossa Assinatura Anual e tenha acesso ilimitado a todos os nossos cursos.<\/em><\/p>\n\n\n\n<p style=\"font-size:22px\" class=\"has-background has-text-align-center has-light-green-cyan-background-color\"><strong>ASSINE AGORA<\/strong>\u00a0\u2013\u00a0<a rel=\"noreferrer noopener\" href=\"https:\/\/www.estrategiaconcursos.com.br\/assinaturas\" target=\"_blank\">Assinatura Ilimitada<\/a><\/p>\n\n\n\n<p class=\"has-background has-text-align-center has-pale-cyan-blue-background-color\"><strong><a href=\"https:\/\/www.estrategiaconcursos.com.br\/blog\/concursos-abertos\/\">CONCURSOS ABERTOS<\/a><\/strong><\/p>\n\n\n\n<p class=\"has-background has-text-align-center has-pale-cyan-blue-background-color\"><a href=\"https:\/\/www.estrategiaconcursos.com.br\/blog\/concursos-2020\/\"><strong>CONCURSOS<\/strong><\/a><strong><a href=\"https:\/\/www.estrategiaconcursos.com.br\/blog\/concursos-2020\/\">&nbsp;2020<\/a><\/strong><\/p>\n\n\n\n<figure class=\"wp-block-image\"><img loading=\"lazy\" decoding=\"async\" width=\"300\" height=\"102\" src=\"https:\/\/dhg1h5j42swfq.cloudfront.net\/2017\/03\/28152500\/coruja-ficha-tecnica-300x102.png\" alt=\"ficha t\u00e9cnica concurso brb\" class=\"wp-image-68542\"\/><\/figure>\n\n\n\n<p><strong>Informa\u00e7\u00f5es do concurso SEE PB<\/strong><br \/>\u25ba<strong>Data:&nbsp;<\/strong>21\/072019<strong><br \/>\u25baBanca:<\/strong> Instituto AOCP<br \/><strong>\u25baCargos:&nbsp;<\/strong>Professor de Educa\u00e7\u00e3o B\u00e1sica<strong><br \/>\u25baVagas:&nbsp;<\/strong>1.000 vagas<br \/><strong>\u25baEdital: <\/strong><span class=\"underline\" style=\"text-decoration: underline\"><a aria-label=\"Edital SEE PB (opens in a new tab)\" href=\"https:\/\/dhg1h5j42swfq.cloudfront.net\/2019\/04\/23110839\/ed_abert_seect_pb.pdf\" target=\"_blank\" rel=\"noreferrer noopener\">Edital SEE PB<\/a><\/span><br \/><strong>Nossos Cursos<\/strong>:<a href=\"https:\/\/www.estrategiaconcursos.com.br\/cursosPorConcurso\/see-pb\/\"><strong><em>Curso Concurso SEE PB<\/em><\/strong><\/a> <\/p>\n\n\n\n<p><em><br \/>Ascom Estrat\u00e9gia<\/em><br \/>ascomestrategia@gmail.com<\/p>\n\n\n\n<hr class=\"wp-block-separator\"\/>\n","protected":false},"excerpt":{"rendered":"<p>Foi publicada no Di\u00e1rio Oficial da Para\u00edba, a prorroga\u00e7\u00e3o do prazo de validade do concurso SEE PB por mais seis meses, a contar da data da publica\u00e7\u00e3o da homologa\u00e7\u00e3o de seu resultado final, podendo ser prorrogado, uma vez, por igual per\u00edodo, de acordo com a disponibilidade or\u00e7ament\u00e1ria. O resultado do concurso foi homologado no dia [&hellip;]<\/p>\n","protected":false},"author":1,"featured_media":127705,"comment_status":"open","ping_status":"closed","sticky":false,"template":"","format":"standard","meta":{"post_tipo":"news","footnotes":""},"categories":[1],"tags":[],"tax_estado":[],"class_list":["post-365210","post","type-post","status-publish","format-standard","has-post-thumbnail","hentry","category-cursos-e-concursos"],"acf":[],"yoast_head":"<!-- This site is optimized with the Yoast SEO Premium plugin v27.2 (Yoast SEO v27.2) - https:\/\/yoast.com\/product\/yoast-seo-premium-wordpress\/ -->\n<title>Edital SEE PB: validade prorrogada por mais 6 meses<\/title>\n<meta name=\"description\" content=\"Edital SEE PB foi prorrogado at\u00e9 novembro de 2020. S\u00e3o ofertadas 1.000 vagas imediatas para Professor de Educa\u00e7\u00e3o B\u00e1sica!\" \/>\n<meta name=\"robots\" content=\"index, follow, max-snippet:-1, max-image-preview:large, max-video-preview:-1\" \/>\n<link rel=\"canonical\" href=\"https:\/\/www.estrategiaconcursos.com.br\/blog\/edital-see-pb-2019\/\" \/>\n<meta property=\"og:locale\" content=\"pt_BR\" \/>\n<meta property=\"og:type\" content=\"article\" \/>\n<meta property=\"og:title\" content=\"Edital SEE PB: validade prorrogada por mais 6 meses\" \/>\n<meta property=\"og:description\" content=\"Edital SEE PB foi prorrogado at\u00e9 novembro de 2020. S\u00e3o ofertadas 1.000 vagas imediatas para Professor de Educa\u00e7\u00e3o B\u00e1sica!\" \/>\n<meta property=\"og:url\" content=\"https:\/\/www.estrategiaconcursos.com.br\/blog\/edital-see-pb-2019\/\" \/>\n<meta property=\"og:site_name\" content=\"Estrat\u00e9gia Concursos\" \/>\n<meta property=\"article:author\" content=\"https:\/\/www.facebook.com\/EstrategiaConcursos\" \/>\n<meta property=\"article:published_time\" content=\"2020-05-29T13:00:23+00:00\" \/>\n<meta property=\"article:modified_time\" content=\"2025-04-09T02:44:39+00:00\" \/>\n<meta property=\"og:image\" content=\"https:\/\/dhg1h5j42swfq.cloudfront.net\/2018\/06\/20192923\/saiu-edital--e1530278784619.jpg\" \/>\n\t<meta property=\"og:image:width\" content=\"400\" \/>\n\t<meta property=\"og:image:height\" content=\"209\" \/>\n\t<meta property=\"og:image:type\" content=\"image\/jpeg\" \/>\n<meta name=\"author\" content=\"Coordena\u00e7\u00e3o\" \/>\n<meta name=\"twitter:card\" content=\"summary_large_image\" \/>\n<meta name=\"twitter:creator\" content=\"@EstratConcursos\" \/>\n<meta name=\"twitter:site\" content=\"@EstratConcursos\" \/>\n<meta name=\"twitter:label1\" content=\"Escrito por\" \/>\n\t<meta name=\"twitter:data1\" content=\"Coordena\u00e7\u00e3o\" \/>\n\t<meta name=\"twitter:label2\" content=\"Est. tempo de leitura\" \/>\n\t<meta name=\"twitter:data2\" content=\"3 minutos\" \/>\n<script type=\"application\/ld+json\" class=\"yoast-schema-graph\">{\"@context\":\"https:\/\/schema.org\",\"@graph\":[{\"@type\":\"NewsArticle\",\"@id\":\"https:\/\/www.estrategiaconcursos.com.br\/blog\/edital-see-pb-2019\/#article\",\"isPartOf\":{\"@id\":\"https:\/\/www.estrategiaconcursos.com.br\/blog\/edital-see-pb-2019\/\"},\"author\":{\"name\":\"Coordena\u00e7\u00e3o\",\"@id\":\"https:\/\/www.estrategiaconcursos.com.br\/blog\/#\/schema\/person\/b4a388c97673c5f483d72185668afa1f\"},\"headline\":\"Edital SEE PB: validade prorrogada por mais 6 meses\",\"datePublished\":\"2020-05-29T13:00:23+00:00\",\"dateModified\":\"2025-04-09T02:44:39+00:00\",\"mainEntityOfPage\":{\"@id\":\"https:\/\/www.estrategiaconcursos.com.br\/blog\/edital-see-pb-2019\/\"},\"wordCount\":581,\"commentCount\":1,\"publisher\":{\"@id\":\"https:\/\/www.estrategiaconcursos.com.br\/blog\/#organization\"},\"image\":{\"@id\":\"https:\/\/www.estrategiaconcursos.com.br\/blog\/edital-see-pb-2019\/#primaryimage\"},\"thumbnailUrl\":\"https:\/\/dhg1h5j42swfq.cloudfront.net\/2018\/06\/20192923\/saiu-edital--e1530278784619.jpg\",\"articleSection\":[\"Concursos P\u00fablicos\"],\"inLanguage\":\"pt-BR\",\"potentialAction\":[{\"@type\":\"CommentAction\",\"name\":\"Comment\",\"target\":[\"https:\/\/www.estrategiaconcursos.com.br\/blog\/edital-see-pb-2019\/#respond\"]}],\"copyrightYear\":\"2020\",\"copyrightHolder\":{\"@id\":\"https:\/\/www.estrategiaconcursos.com.br\/blog\/#organization\"}},{\"@type\":\"WebPage\",\"@id\":\"https:\/\/www.estrategiaconcursos.com.br\/blog\/edital-see-pb-2019\/\",\"url\":\"https:\/\/www.estrategiaconcursos.com.br\/blog\/edital-see-pb-2019\/\",\"name\":\"Edital SEE PB: validade prorrogada por mais 6 meses\",\"isPartOf\":{\"@id\":\"https:\/\/www.estrategiaconcursos.com.br\/blog\/#website\"},\"primaryImageOfPage\":{\"@id\":\"https:\/\/www.estrategiaconcursos.com.br\/blog\/edital-see-pb-2019\/#primaryimage\"},\"image\":{\"@id\":\"https:\/\/www.estrategiaconcursos.com.br\/blog\/edital-see-pb-2019\/#primaryimage\"},\"thumbnailUrl\":\"https:\/\/dhg1h5j42swfq.cloudfront.net\/2018\/06\/20192923\/saiu-edital--e1530278784619.jpg\",\"datePublished\":\"2020-05-29T13:00:23+00:00\",\"dateModified\":\"2025-04-09T02:44:39+00:00\",\"description\":\"Edital SEE PB foi prorrogado at\u00e9 novembro de 2020. S\u00e3o ofertadas 1.000 vagas imediatas para Professor de Educa\u00e7\u00e3o B\u00e1sica!\",\"breadcrumb\":{\"@id\":\"https:\/\/www.estrategiaconcursos.com.br\/blog\/edital-see-pb-2019\/#breadcrumb\"},\"inLanguage\":\"pt-BR\",\"potentialAction\":[{\"@type\":\"ReadAction\",\"target\":[\"https:\/\/www.estrategiaconcursos.com.br\/blog\/edital-see-pb-2019\/\"]}]},{\"@type\":\"ImageObject\",\"inLanguage\":\"pt-BR\",\"@id\":\"https:\/\/www.estrategiaconcursos.com.br\/blog\/edital-see-pb-2019\/#primaryimage\",\"url\":\"https:\/\/dhg1h5j42swfq.cloudfront.net\/2018\/06\/20192923\/saiu-edital--e1530278784619.jpg\",\"contentUrl\":\"https:\/\/dhg1h5j42swfq.cloudfront.net\/2018\/06\/20192923\/saiu-edital--e1530278784619.jpg\",\"width\":400,\"height\":209,\"caption\":\"concurso procurador bayeux PB\"},{\"@type\":\"BreadcrumbList\",\"@id\":\"https:\/\/www.estrategiaconcursos.com.br\/blog\/edital-see-pb-2019\/#breadcrumb\",\"itemListElement\":[{\"@type\":\"ListItem\",\"position\":1,\"name\":\"In\u00edcio\",\"item\":\"https:\/\/www.estrategiaconcursos.com.br\/blog\/\"},{\"@type\":\"ListItem\",\"position\":2,\"name\":\"Edital SEE PB: validade prorrogada por mais 6 meses\"}]},{\"@type\":\"WebSite\",\"@id\":\"https:\/\/www.estrategiaconcursos.com.br\/blog\/#website\",\"url\":\"https:\/\/www.estrategiaconcursos.com.br\/blog\/\",\"name\":\"Estrat\u00e9gia Concursos\",\"description\":\"O blog da Estrat\u00e9gia Concursos traz not\u00edcias sobre concursos e artigos de professores oferecendo cursos para concursos (pdf + videaulas) no site.\",\"publisher\":{\"@id\":\"https:\/\/www.estrategiaconcursos.com.br\/blog\/#organization\"},\"potentialAction\":[{\"@type\":\"SearchAction\",\"target\":{\"@type\":\"EntryPoint\",\"urlTemplate\":\"https:\/\/www.estrategiaconcursos.com.br\/blog\/?s={search_term_string}\"},\"query-input\":{\"@type\":\"PropertyValueSpecification\",\"valueRequired\":true,\"valueName\":\"search_term_string\"}}],\"inLanguage\":\"pt-BR\"},{\"@type\":\"Organization\",\"@id\":\"https:\/\/www.estrategiaconcursos.com.br\/blog\/#organization\",\"name\":\"Estrat\u00e9gia Concursos\",\"url\":\"https:\/\/www.estrategiaconcursos.com.br\/blog\/\",\"logo\":{\"@type\":\"ImageObject\",\"inLanguage\":\"pt-BR\",\"@id\":\"https:\/\/www.estrategiaconcursos.com.br\/blog\/#\/schema\/logo\/image\/\",\"url\":\"https:\/\/dhg1h5j42swfq.cloudfront.net\/2025\/06\/03203428\/logo_concursos-1.jpg\",\"contentUrl\":\"https:\/\/dhg1h5j42swfq.cloudfront.net\/2025\/06\/03203428\/logo_concursos-1.jpg\",\"width\":230,\"height\":60,\"caption\":\"Estrat\u00e9gia Concursos\"},\"image\":{\"@id\":\"https:\/\/www.estrategiaconcursos.com.br\/blog\/#\/schema\/logo\/image\/\"},\"sameAs\":[\"https:\/\/x.com\/EstratConcursos\"]},{\"@type\":\"Person\",\"@id\":\"https:\/\/www.estrategiaconcursos.com.br\/blog\/#\/schema\/person\/b4a388c97673c5f483d72185668afa1f\",\"name\":\"Coordena\u00e7\u00e3o\",\"image\":{\"@type\":\"ImageObject\",\"inLanguage\":\"pt-BR\",\"@id\":\"https:\/\/secure.gravatar.com\/avatar\/b720319e4c9a967eb58678d110f4fe35452fc5d5f97b202bac7b8acceb18c6ad?s=96&d=mm&r=g\",\"url\":\"https:\/\/secure.gravatar.com\/avatar\/b720319e4c9a967eb58678d110f4fe35452fc5d5f97b202bac7b8acceb18c6ad?s=96&d=mm&r=g\",\"contentUrl\":\"https:\/\/secure.gravatar.com\/avatar\/b720319e4c9a967eb58678d110f4fe35452fc5d5f97b202bac7b8acceb18c6ad?s=96&d=mm&r=g\",\"caption\":\"Coordena\u00e7\u00e3o\"},\"sameAs\":[\"https:\/\/www.facebook.com\/EstrategiaConcursos\",\"https:\/\/x.com\/EstratConcursos\"],\"url\":\"https:\/\/www.estrategiaconcursos.com.br\/blog\/author\/estrategia2013\/\"}]}<\/script>\n<!-- \/ Yoast SEO Premium plugin. -->","yoast_head_json":{"title":"Edital SEE PB: validade prorrogada por mais 6 meses","description":"Edital SEE PB foi prorrogado at\u00e9 novembro de 2020. S\u00e3o ofertadas 1.000 vagas imediatas para Professor de Educa\u00e7\u00e3o B\u00e1sica!","robots":{"index":"index","follow":"follow","max-snippet":"max-snippet:-1","max-image-preview":"max-image-preview:large","max-video-preview":"max-video-preview:-1"},"canonical":"https:\/\/www.estrategiaconcursos.com.br\/blog\/edital-see-pb-2019\/","og_locale":"pt_BR","og_type":"article","og_title":"Edital SEE PB: validade prorrogada por mais 6 meses","og_description":"Edital SEE PB foi prorrogado at\u00e9 novembro de 2020. S\u00e3o ofertadas 1.000 vagas imediatas para Professor de Educa\u00e7\u00e3o B\u00e1sica!","og_url":"https:\/\/www.estrategiaconcursos.com.br\/blog\/edital-see-pb-2019\/","og_site_name":"Estrat\u00e9gia Concursos","article_author":"https:\/\/www.facebook.com\/EstrategiaConcursos","article_published_time":"2020-05-29T13:00:23+00:00","article_modified_time":"2025-04-09T02:44:39+00:00","og_image":[{"width":400,"height":209,"url":"https:\/\/dhg1h5j42swfq.cloudfront.net\/2018\/06\/20192923\/saiu-edital--e1530278784619.jpg","type":"image\/jpeg"}],"author":"Coordena\u00e7\u00e3o","twitter_card":"summary_large_image","twitter_creator":"@EstratConcursos","twitter_site":"@EstratConcursos","twitter_misc":{"Escrito por":"Coordena\u00e7\u00e3o","Est. tempo de leitura":"3 minutos"},"schema":{"@context":"https:\/\/schema.org","@graph":[{"@type":"NewsArticle","@id":"https:\/\/www.estrategiaconcursos.com.br\/blog\/edital-see-pb-2019\/#article","isPartOf":{"@id":"https:\/\/www.estrategiaconcursos.com.br\/blog\/edital-see-pb-2019\/"},"author":{"name":"Coordena\u00e7\u00e3o","@id":"https:\/\/www.estrategiaconcursos.com.br\/blog\/#\/schema\/person\/b4a388c97673c5f483d72185668afa1f"},"headline":"Edital SEE PB: validade prorrogada por mais 6 meses","datePublished":"2020-05-29T13:00:23+00:00","dateModified":"2025-04-09T02:44:39+00:00","mainEntityOfPage":{"@id":"https:\/\/www.estrategiaconcursos.com.br\/blog\/edital-see-pb-2019\/"},"wordCount":581,"commentCount":1,"publisher":{"@id":"https:\/\/www.estrategiaconcursos.com.br\/blog\/#organization"},"image":{"@id":"https:\/\/www.estrategiaconcursos.com.br\/blog\/edital-see-pb-2019\/#primaryimage"},"thumbnailUrl":"https:\/\/dhg1h5j42swfq.cloudfront.net\/2018\/06\/20192923\/saiu-edital--e1530278784619.jpg","articleSection":["Concursos P\u00fablicos"],"inLanguage":"pt-BR","potentialAction":[{"@type":"CommentAction","name":"Comment","target":["https:\/\/www.estrategiaconcursos.com.br\/blog\/edital-see-pb-2019\/#respond"]}],"copyrightYear":"2020","copyrightHolder":{"@id":"https:\/\/www.estrategiaconcursos.com.br\/blog\/#organization"}},{"@type":"WebPage","@id":"https:\/\/www.estrategiaconcursos.com.br\/blog\/edital-see-pb-2019\/","url":"https:\/\/www.estrategiaconcursos.com.br\/blog\/edital-see-pb-2019\/","name":"Edital SEE PB: validade prorrogada por mais 6 meses","isPartOf":{"@id":"https:\/\/www.estrategiaconcursos.com.br\/blog\/#website"},"primaryImageOfPage":{"@id":"https:\/\/www.estrategiaconcursos.com.br\/blog\/edital-see-pb-2019\/#primaryimage"},"image":{"@id":"https:\/\/www.estrategiaconcursos.com.br\/blog\/edital-see-pb-2019\/#primaryimage"},"thumbnailUrl":"https:\/\/dhg1h5j42swfq.cloudfront.net\/2018\/06\/20192923\/saiu-edital--e1530278784619.jpg","datePublished":"2020-05-29T13:00:23+00:00","dateModified":"2025-04-09T02:44:39+00:00","description":"Edital SEE PB foi prorrogado at\u00e9 novembro de 2020. S\u00e3o ofertadas 1.000 vagas imediatas para Professor de Educa\u00e7\u00e3o B\u00e1sica!","breadcrumb":{"@id":"https:\/\/www.estrategiaconcursos.com.br\/blog\/edital-see-pb-2019\/#breadcrumb"},"inLanguage":"pt-BR","potentialAction":[{"@type":"ReadAction","target":["https:\/\/www.estrategiaconcursos.com.br\/blog\/edital-see-pb-2019\/"]}]},{"@type":"ImageObject","inLanguage":"pt-BR","@id":"https:\/\/www.estrategiaconcursos.com.br\/blog\/edital-see-pb-2019\/#primaryimage","url":"https:\/\/dhg1h5j42swfq.cloudfront.net\/2018\/06\/20192923\/saiu-edital--e1530278784619.jpg","contentUrl":"https:\/\/dhg1h5j42swfq.cloudfront.net\/2018\/06\/20192923\/saiu-edital--e1530278784619.jpg","width":400,"height":209,"caption":"concurso procurador bayeux PB"},{"@type":"BreadcrumbList","@id":"https:\/\/www.estrategiaconcursos.com.br\/blog\/edital-see-pb-2019\/#breadcrumb","itemListElement":[{"@type":"ListItem","position":1,"name":"In\u00edcio","item":"https:\/\/www.estrategiaconcursos.com.br\/blog\/"},{"@type":"ListItem","position":2,"name":"Edital SEE PB: validade prorrogada por mais 6 meses"}]},{"@type":"WebSite","@id":"https:\/\/www.estrategiaconcursos.com.br\/blog\/#website","url":"https:\/\/www.estrategiaconcursos.com.br\/blog\/","name":"Estrat\u00e9gia Concursos","description":"O blog da Estrat\u00e9gia Concursos traz not\u00edcias sobre concursos e artigos de professores oferecendo cursos para concursos (pdf + videaulas) no site.","publisher":{"@id":"https:\/\/www.estrategiaconcursos.com.br\/blog\/#organization"},"potentialAction":[{"@type":"SearchAction","target":{"@type":"EntryPoint","urlTemplate":"https:\/\/www.estrategiaconcursos.com.br\/blog\/?s={search_term_string}"},"query-input":{"@type":"PropertyValueSpecification","valueRequired":true,"valueName":"search_term_string"}}],"inLanguage":"pt-BR"},{"@type":"Organization","@id":"https:\/\/www.estrategiaconcursos.com.br\/blog\/#organization","name":"Estrat\u00e9gia Concursos","url":"https:\/\/www.estrategiaconcursos.com.br\/blog\/","logo":{"@type":"ImageObject","inLanguage":"pt-BR","@id":"https:\/\/www.estrategiaconcursos.com.br\/blog\/#\/schema\/logo\/image\/","url":"https:\/\/dhg1h5j42swfq.cloudfront.net\/2025\/06\/03203428\/logo_concursos-1.jpg","contentUrl":"https:\/\/dhg1h5j42swfq.cloudfront.net\/2025\/06\/03203428\/logo_concursos-1.jpg","width":230,"height":60,"caption":"Estrat\u00e9gia Concursos"},"image":{"@id":"https:\/\/www.estrategiaconcursos.com.br\/blog\/#\/schema\/logo\/image\/"},"sameAs":["https:\/\/x.com\/EstratConcursos"]},{"@type":"Person","@id":"https:\/\/www.estrategiaconcursos.com.br\/blog\/#\/schema\/person\/b4a388c97673c5f483d72185668afa1f","name":"Coordena\u00e7\u00e3o","image":{"@type":"ImageObject","inLanguage":"pt-BR","@id":"https:\/\/secure.gravatar.com\/avatar\/b720319e4c9a967eb58678d110f4fe35452fc5d5f97b202bac7b8acceb18c6ad?s=96&d=mm&r=g","url":"https:\/\/secure.gravatar.com\/avatar\/b720319e4c9a967eb58678d110f4fe35452fc5d5f97b202bac7b8acceb18c6ad?s=96&d=mm&r=g","contentUrl":"https:\/\/secure.gravatar.com\/avatar\/b720319e4c9a967eb58678d110f4fe35452fc5d5f97b202bac7b8acceb18c6ad?s=96&d=mm&r=g","caption":"Coordena\u00e7\u00e3o"},"sameAs":["https:\/\/www.facebook.com\/EstrategiaConcursos","https:\/\/x.com\/EstratConcursos"],"url":"https:\/\/www.estrategiaconcursos.com.br\/blog\/author\/estrategia2013\/"}]}},"_links":{"self":[{"href":"https:\/\/www.estrategiaconcursos.com.br\/blog\/wp-json\/wp\/v2\/posts\/365210","targetHints":{"allow":["GET"]}}],"collection":[{"href":"https:\/\/www.estrategiaconcursos.com.br\/blog\/wp-json\/wp\/v2\/posts"}],"about":[{"href":"https:\/\/www.estrategiaconcursos.com.br\/blog\/wp-json\/wp\/v2\/types\/post"}],"author":[{"embeddable":true,"href":"https:\/\/www.estrategiaconcursos.com.br\/blog\/wp-json\/wp\/v2\/users\/1"}],"replies":[{"embeddable":true,"href":"https:\/\/www.estrategiaconcursos.com.br\/blog\/wp-json\/wp\/v2\/comments?post=365210"}],"version-history":[{"count":14,"href":"https:\/\/www.estrategiaconcursos.com.br\/blog\/wp-json\/wp\/v2\/posts\/365210\/revisions"}],"predecessor-version":[{"id":1560043,"href":"https:\/\/www.estrategiaconcursos.com.br\/blog\/wp-json\/wp\/v2\/posts\/365210\/revisions\/1560043"}],"wp:featuredmedia":[{"embeddable":true,"href":"https:\/\/www.estrategiaconcursos.com.br\/blog\/wp-json\/wp\/v2\/media\/127705"}],"wp:attachment":[{"href":"https:\/\/www.estrategiaconcursos.com.br\/blog\/wp-json\/wp\/v2\/media?parent=365210"}],"wp:term":[{"taxonomy":"category","embeddable":true,"href":"https:\/\/www.estrategiaconcursos.com.br\/blog\/wp-json\/wp\/v2\/categories?post=365210"},{"taxonomy":"post_tag","embeddable":true,"href":"https:\/\/www.estrategiaconcursos.com.br\/blog\/wp-json\/wp\/v2\/tags?post=365210"},{"taxonomy":"tax_estado","embeddable":true,"href":"https:\/\/www.estrategiaconcursos.com.br\/blog\/wp-json\/wp\/v2\/tax_estado?post=365210"}],"curies":[{"name":"wp","href":"https:\/\/api.w.org\/{rel}","templated":true}]}}