{"id":36413,"date":"2016-04-06T17:04:54","date_gmt":"2016-04-06T20:04:54","guid":{"rendered":"http:\/\/www.estrategiaconcursos.com.br\/blog\/?p=36413"},"modified":"2016-07-21T15:54:34","modified_gmt":"2016-07-21T18:54:34","slug":"prova-comentada-de-analista-administrativo-trf3-nocoes-de-afo","status":"publish","type":"post","link":"https:\/\/www.estrategiaconcursos.com.br\/blog\/prova-comentada-de-analista-administrativo-trf3-nocoes-de-afo\/","title":{"rendered":"Prova comentada de Analista Administrativo &#8211; TRF\/3 &#8211; No\u00e7\u00f5es de AFO"},"content":{"rendered":"<p>Ol\u00e1 Concurseiros (as), como est\u00e3o? Estou aqui para apresentar para voc\u00eas a prova comentada de Analista Administrativo &#8211; TRF\/3, especificamente as quest\u00f5es de No\u00e7\u00f5es de AFO!<\/p>\n<p>Vamos ao trabalho?<\/p>\n<p>Obs: Estou utilizado a prova tipo 002 como refer\u00eancia ok?<\/p>\n<p><strong>54. Um analista judici\u00e1rio examinou o or\u00e7amento previsto para o Poder Judici\u00e1rio referente ao exerc\u00edcio de 2015 e verificou que a pe\u00e7a or\u00e7ament\u00e1ria abordou aspecto relacionado ao cumprimento do princ\u00edpio or\u00e7ament\u00e1rio da exclusividade. Ele chegou a essa conclus\u00e3o porque a pe\u00e7a or\u00e7ament\u00e1ria <\/strong><\/p>\n<p><strong>(A) incluiu todas as receitas e todas as despesas. <\/strong><\/p>\n<p><strong>(B) foi elaborada para um per\u00edodo determinado. <\/strong><\/p>\n<p><strong>(C) autorizou a contrata\u00e7\u00e3o de opera\u00e7\u00e3o de cr\u00e9dito. <\/strong><\/p>\n<p><strong>(D) conteve dota\u00e7\u00f5es espec\u00edficas para despesas com pessoal. <\/strong><\/p>\n<p><strong>(E) foi autorizada pelo Poder Legislativo.<\/strong><\/p>\n<p>A) Errado. Esse \u00e9 o princ\u00edpio da universalidade e n\u00e3o da exclusividade como solicita a quest\u00e3o.<\/p>\n<p>B) Errado. Princ\u00edpio da anualidade \u00e9 o que estabelece o or\u00e7amento v\u00e1lido para um determinado per\u00edodo.<\/p>\n<p>C) Certo. Temos aqui uma exce\u00e7\u00e3o ao princ\u00edpio da exclusividade. De acordo com esse princ\u00edpio, a LOA somente conter\u00e1 receitas e despesas, al\u00e9m de autoriza\u00e7\u00e3o de abertura de cr\u00e9dito suplementar, bem como <strong>autoriza\u00e7\u00e3o para contrata\u00e7\u00e3o de opera\u00e7\u00e3o de cr\u00e9dito.<\/strong><\/p>\n<p>D) Errado. Esse \u00e9 o princ\u00edpio da discrimina\u00e7\u00e3o ou especifica\u00e7\u00e3o. Esse princ\u00edpio determina que as receitas e despesas devem ser detalhadas ao m\u00e1ximo para que haja o controle do gasto p\u00fablico.<\/p>\n<p>E) Errado. Esse \u00e9 o princ\u00edpio da legalidade, ou seja, o or\u00e7amento \u00e9 uma lei em que o Legislativo autoriza o gasto p\u00fablico.<\/p>\n<p>Resposta: Letra C<\/p>\n<p><strong>55. Nos termos da Constitui\u00e7\u00e3o Federal \u00e9 conte\u00fado da Lei Or\u00e7ament\u00e1ria Anual: <\/strong><\/p>\n<p><strong>I. Or\u00e7amento fiscal referente aos fundos da Uni\u00e3o. <\/strong><\/p>\n<p><strong>II. O or\u00e7amento de investimento das empresas em que a Uni\u00e3o, direta ou indiretamente, detenha a maioria do capital social com direito a voto. <\/strong><\/p>\n<p><strong>III. Autoriza\u00e7\u00e3o para abertura de cr\u00e9ditos suplementares. <\/strong><\/p>\n<p><strong>IV. Autoriza\u00e7\u00e3o para contrata\u00e7\u00e3o de opera\u00e7\u00e3o de cr\u00e9- dito por antecipa\u00e7\u00e3o de receita. <\/strong><\/p>\n<p><strong>V. Crit\u00e9rios e formas para limita\u00e7\u00e3o de empenho. <\/strong><\/p>\n<p><strong>Est\u00e1 correto o que consta APENAS em<\/strong><\/p>\n<p><strong> (A) I, II, III e V. <\/strong><\/p>\n<p><strong>(B) I, II, III e IV. <\/strong><\/p>\n<p><strong>(C) II, III, IV e V. <\/strong><\/p>\n<p><strong>(D) I, III, IV e V. <\/strong><\/p>\n<p><strong>(E) I, II, IV e V.<\/strong><\/p>\n<p>Somente o item V est\u00e1 errado. O instrumento que cont\u00e9m os crit\u00e9rio e formas para limita\u00e7\u00e3o de empenho \u00e9 a LDO e n\u00e3o a LOA.<\/p>\n<p>Todos os outros itens s\u00e3o relativos \u00e0 LOA.<\/p>\n<p>Resposta: Letra B<\/p>\n<p><strong>56. Quanto ao processo de elabora\u00e7\u00e3o, discuss\u00e3o, vota\u00e7\u00e3o e aprova\u00e7\u00e3o da proposta or\u00e7ament\u00e1ria, a Constitui\u00e7\u00e3o Federal estabelece que <\/strong><\/p>\n<p><strong>(A) em qualquer momento o Presidente da Rep\u00fablica pode enviar mensagem ao Congresso Nacional para propor modifica\u00e7\u00f5es no projeto da lei or\u00e7ament\u00e1ria anual. <\/strong><\/p>\n<p><strong>(B) o projeto de lei relativo ao or\u00e7amento anual ser\u00e1 apreciado pela C\u00e2mara dos Deputados, cabendo ao Senado apenas o acompanhamento do atendimento aos limites constitucionais.<\/strong><\/p>\n<p><strong> (C) uma das fontes de recursos admitida para emendas ao projeto de lei do or\u00e7amento anual \u00e9 a anula\u00e7\u00e3o de despesa que incida sobre dota\u00e7\u00f5es de pessoal e encargos. <\/strong><\/p>\n<p><strong>(D) no caso de emendas ao projeto da lei do or\u00e7amento anual, somente s\u00e3o admitidas as indica\u00e7\u00f5es de recursos advindos de anula\u00e7\u00e3o de despesa. <\/strong><\/p>\n<p><strong>(E) as emendas ao projeto da lei do or\u00e7amento anual ser\u00e3o apresentadas ao Presidente da Rep\u00fablica, respons\u00e1vel por sua aprecia\u00e7\u00e3o.<\/strong><\/p>\n<p>A) Errado. O Presidente somente pode enviar mensagem propondo modifica\u00e7\u00f5es de parte da LOA cuja vota\u00e7\u00e3o ainda n\u00e3o tenha iniciado, e n\u00e3o a qualquer momento.<\/p>\n<p>B) Errado. O projeto ser\u00e1 apreciado pelas duas casas (C\u00e2mara e Senado), na forma do Regimento Comum do Congresso Nacional.<\/p>\n<p>C) Errado. Como fonte de recursos para emendas parlamentares, est\u00e1 a anula\u00e7\u00e3o da despesa. Por\u00e9m n\u00e3o \u00e9 qualquer despesa que pode ser anulada. N\u00e3o \u00e9 permitido anular despesa:<\/p>\n<p>1 &#8211; com pessoal e encargos;<\/p>\n<p>2 &#8211; transfer\u00eancias legais e constitucionais<\/p>\n<p>3 &#8211; servi\u00e7os da d\u00edvida.<\/p>\n<p>D) Certo. Conforme coment\u00e1rio do item anterior.<\/p>\n<p>E) Errado. As emendas ser\u00e3o apresentadas \u00e0 comiss\u00e3o que est\u00e1 analisando o projeto, e n\u00e3o ao executivo como afirma a quest\u00e3o.<\/p>\n<p>Resposta: Letra D<\/p>\n<p><strong>57. No que se refere \u00e0 mat\u00e9ria or\u00e7ament\u00e1ria, considere: <\/strong><\/p>\n<p><strong>I. Concess\u00e3o ou utiliza\u00e7\u00e3o de cr\u00e9ditos ilimitados. <\/strong><\/p>\n<p><strong>II. Realiza\u00e7\u00e3o de despesas ou a assun\u00e7\u00e3o de obriga\u00e7\u00f5es diretas que excedam os cr\u00e9ditos or\u00e7ament\u00e1rios ou adicionais. <\/strong><\/p>\n<p><strong>III. Realiza\u00e7\u00e3o de opera\u00e7\u00f5es de cr\u00e9ditos que excedam o montante das despesas correntes. <\/strong><\/p>\n<p><strong>IV. Transfer\u00eancia volunt\u00e1ria de recursos e a concess\u00e3o de empr\u00e9stimos, inclusive por antecipa\u00e7\u00e3o de receita, pelos Governos Federal e Estaduais e suas institui\u00e7\u00f5es financeiras, para pagamento de despesas com pessoal ativo, inativo e pensionista, dos Estados, do Distrito Federal e dos Munic\u00edpios. <\/strong><\/p>\n<p><strong>A Constitui\u00e7\u00e3o Federal VEDA expressamente o que consta em <\/strong><\/p>\n<p><strong>(A) I, II e IV, apenas. <\/strong><\/p>\n<p><strong>(B) I, II, III e IV. <\/strong><\/p>\n<p><strong>(C) II e IV, apenas. <\/strong><\/p>\n<p><strong>(D) I, III e IV, apenas. <\/strong><\/p>\n<p><strong>(E) I, II e III, apenas.<\/strong><\/p>\n<p>Quest\u00e3o aborda o artigo 167 da CF\/88. Esse artigo traz as veda\u00e7\u00f5es em mat\u00e9rias constitucionais. Vamos analisar cada item?<\/p>\n<p>I &#8211; Certo. Art. 167, VII.<\/p>\n<p>II &#8211; Certo.\u00a0Art. 167, II.<\/p>\n<p>III &#8211; Errado.\u00a0Essa \u00e9 a famosa regra de ouro. Essa regra determina que o montante das opera\u00e7\u00f5es de cr\u00e9dito n\u00e3o excedam o montante das <strong>DESPESAS\u00a0DE CAPITAL.<\/strong><\/p>\n<p>IV &#8211; Certo. Art. 167, X.<\/p>\n<p>Resposta: Letra A<\/p>\n<p><strong>58. Sobre a Lei de Diretrizes Or\u00e7ament\u00e1rias, considere: <\/strong><\/p>\n<p><strong>I. Condi\u00e7\u00f5es e exig\u00eancias para transfer\u00eancias de recursos a entidades p\u00fablicas e privadas. <\/strong><\/p>\n<p><strong>II. Metas anuais, em valores correntes e constantes, relativas a receitas, despesas, resultados nominal e prim\u00e1rio e montante da d\u00edvida p\u00fablica, para o exerc\u00edcio a que se referirem e para os dois seguintes.<\/strong><\/p>\n<p><strong> III. Demonstrativo da estimativa e compensa\u00e7\u00e3o da ren\u00fancia de receita. <\/strong><\/p>\n<p><strong>IV. Demonstrativo da margem de expans\u00e3o das despesas obrigat\u00f3rias de car\u00e1ter continuado. <\/strong><\/p>\n<p><strong>V. Passivos contingentes e outros riscos capazes de afetar as contas p\u00fablicas. <\/strong><\/p>\n<p><strong>\u00c9 conte\u00fado obrigat\u00f3rio da citada lei o que consta em <\/strong><\/p>\n<p><strong>(A) I, III, IV e V, apenas. <\/strong><\/p>\n<p><strong>(B) II, IV e V, apenas. <\/strong><\/p>\n<p><strong>(C) I, II e III, apenas. <\/strong><\/p>\n<p><strong>(D) II, III, IV e V, apenas. <\/strong><\/p>\n<p><strong>(E) I, II, III, IV e V.<\/strong><\/p>\n<p>Todos os itens est\u00e3o corretos. Vamos analisar cada um?<\/p>\n<p>I &#8211; Essa previs\u00e3o consta na LRF, Art. 4\u00ba, Inciso I, al\u00ednea &#8220;f&#8221;.<\/p>\n<p>II &#8211; Esse \u00e9 o Anexo de Metas Fiscais, previsto no art. 4\u00ba, \u00a7 1\u00ba da LRF.<\/p>\n<p>III &#8211; Esse demonstrativo est\u00e1 previsto no art. 4\u00ba, V da LRF.<\/p>\n<p>IV &#8211;\u00a0Esse demonstrativo est\u00e1 previsto no art. 4\u00ba, V da LRF.<\/p>\n<p>V &#8211; Esses passivos est\u00e3o no Anexo de Riscos Fiscais, previsto no art. 4\u00ba, \u00a7 3\u00ba da LRF.<\/p>\n<p>Resposta: Letra E<\/p>\n<p><strong>59. No que se refere \u00e0s receitas p\u00fablicas, a Lei no 4.320\/1964 estabelece que <\/strong><\/p>\n<p><strong>(A) a receita advinda de tributo tem seu produto destinado a custear apenas atividades gerais. <\/strong><\/p>\n<p><strong>(B) receita tribut\u00e1ria e receita n\u00e3o tribut\u00e1ria s\u00e3o esp\u00e9cies de categorias econ\u00f4micas. <\/strong><\/p>\n<p><strong>(C) receitas tribut\u00e1ria e patrimonial s\u00e3o esp\u00e9cies de receitas de capital. <\/strong><\/p>\n<p><strong>(D) o super\u00e1vit do or\u00e7amento corrente resultante do balanceamento dos totais das receitas e despesas correntes n\u00e3o constitui item de receita or\u00e7ament\u00e1ria. <\/strong><\/p>\n<p><strong>(E) a receita proveniente da realiza\u00e7\u00e3o de recursos financeiros oriundos de constitui\u00e7\u00e3o de d\u00edvidas \u00e9 classificada como receita corrente.<\/strong><\/p>\n<p>A) Errado.\u00a0O art. 9\u00ba da referida lei autoriza gasto da receita oriunda de tributo com\u00a0atividades gerais ou especificas exercidas por entidades de direito p\u00fablico.<\/p>\n<p>B) Errado. Receita tribut\u00e1ria \u00e9\u00a0ORIGEM da categoria econ\u00f4mica de receita corrente. A n\u00e3o tribut\u00e1ria pode ser ou n\u00e3o origem da receita corrente.<\/p>\n<p>C) Errado. Essas s\u00e3o ORIGENS da receita CORRENTE.<\/p>\n<p>D) Certo. O SOC (super\u00e1vit do or\u00e7amento corrente) \u00e9 uma receita de capital, e n\u00e3o constitui item da receita or\u00e7ament\u00e1ria, j\u00e1 que foi contabilidade uma vez. (art. 11, \u00a7 3\u00ba da lei 4.320)<\/p>\n<p>E) Errado. As receitas de constitui\u00e7\u00f5es de d\u00edvidas s\u00e3o as opera\u00e7\u00f5es de cr\u00e9dito, portanto receitas de capital.<\/p>\n<p>Resposta: Letra D<\/p>\n<p><strong>60. A Lei no 4.320\/1964 determina que os cr\u00e9ditos adicionais ter\u00e3o vig\u00eancia adstrita ao exerc\u00edcio financeiro em que forem abertos. Essa regra \u00e9 absoluta em rela\u00e7\u00e3o <\/strong><\/p>\n<p><strong>(A) aos cr\u00e9ditos adicionais especial e extraordin\u00e1rio. <\/strong><\/p>\n<p><strong>(B) ao cr\u00e9dito adicional especial, apenas. <\/strong><\/p>\n<p><strong>(C) ao cr\u00e9dito adicional suplementar, apenas. <\/strong><\/p>\n<p><strong>(D) ao cr\u00e9dito adicional extraordin\u00e1rio, apenas. <\/strong><\/p>\n<p><strong>(E) aos cr\u00e9ditos adicionais especial e suplementar.<\/strong><\/p>\n<p>Somente o cr\u00e9dito suplemente fica adstrito, de forma absoluta, ao exerc\u00edcio financeiro.<\/p>\n<p>Os cr\u00e9ditos especiais e extraordin\u00e1rios, quando abertos nos \u00faltimo 4 meses do exerc\u00edcio financeiro, podem ser reabertos no exerc\u00edcio seguinte, em seus saldos remanescente, portanto ultrapassando o exerc\u00edcio financeiro. S\u00e3o exce\u00e7\u00f5es ao princ\u00edpio da anualidade.<\/p>\n<p>Resposta: Letra C<\/p>\n<p><strong>61. Nos termos da Lei no 4.320\/1964, o repasse de valores destinados a cobrir despesas de custeio de entidades<\/strong><\/p>\n<p><strong> (A) somente podem ter car\u00e1ter econ\u00f4mico se destinado a empresas p\u00fablicas. <\/strong><\/p>\n<p><strong>(B) \u00e9 limitado a institui\u00e7\u00f5es p\u00fablicas ou privadas de car\u00e1ter assistencial ou cultural, sem fins lucrativos.<\/strong><\/p>\n<p><strong>(C) \u00e9 ato cont\u00e1bil classificado como invers\u00e3o financeira. <\/strong><\/p>\n<p><strong>(D) \u00e9 considerado despesa de capital se for destinado a empresas de car\u00e1ter industrial ou comercial. <\/strong><\/p>\n<p><strong>(E) pode ter car\u00e1ter social ou econ\u00f4mico.<\/strong><\/p>\n<p>Os repasses \u00a0de recursos destinados a cobrir despesas de custeio das entidades beneficiadas s\u00e3o chamados de subven\u00e7\u00f5es. Essas subven\u00e7\u00f5es podem ser SOCIAIS quando\u00a0se destinar a institui\u00e7\u00f5es p\u00fablicas ou privadas de car\u00e1ter assistencial ou cultural, sem finalidade lucrativa; ou ECON\u00d4MICA quando se destinar\u00a0empresas p\u00fablicas ou privadas de car\u00e1ter industrial, comercial, agr\u00edcola ou pastoril. Art. 13, \u00a7 3\u00ba, incisos I e II da lei 4.320\/64).<\/p>\n<p>Resposta: Letra E<\/p>\n<p><strong>62. O TRF da 3\u00aa Regi\u00e3o realizou despesa para a aquisi\u00e7\u00e3o de microcomputadores, tablets e notebooks. As notas de empenho foram emitidas no m\u00eas de setembro. Em outubro do mesmo ano foram entregues os microcomputadores. Ap\u00f3s essa primeira entrega, o TRF promoveu o pagamento total da despesa. No m\u00eas seguinte os demais itens tamb\u00e9m foram entregues. Esse relato evidencia que houve descumprimento da Lei no 4.320\/1964, uma vez que foi constatada irregularidade <\/strong><\/p>\n<p><strong>(A) nas fases de empenhamento, liquida\u00e7\u00e3o e pagamento da despesa. <\/strong><\/p>\n<p><strong>(B) na fase de planejamento da despesa. <\/strong><\/p>\n<p><strong>(C) nas fases de empenhamento e liquida\u00e7\u00e3o da despesa. <\/strong><\/p>\n<p><strong>(D) na fase de pagamento da despesa. <\/strong><\/p>\n<p><strong>(E) nas fases de liquida\u00e7\u00e3o e pagamento da despesa.<\/strong><\/p>\n<p>S\u00e3o est\u00e1gios da despesa o empenho, liquida\u00e7\u00e3o e pagamento.<\/p>\n<p>A grande sacada \u00e9 que s\u00e3o etapas sequenciais, ou seja:<\/p>\n<p>1\u00ba empenho -&gt; 2\u00ba Liquida\u00e7\u00e3o -&gt; 3\u00ba Pagamento.<\/p>\n<p>Observe que a despesa foi paga sem ter feita a liquida\u00e7\u00e3o, portanto houve irregularidade no pagamento.<\/p>\n<p><em>N\u00e3o entendi professor?<\/em><\/p>\n<p>Ora, para ser feito o pagamento, o bem deve ser entregue, e o fornecedor deve comprovar que o bem foi fornecido (liquida\u00e7\u00e3o), s\u00f3 depois poder\u00e1 ser feito o pagamento. Veja que a despesa foi totalmente paga, por\u00e9m alguns bens foram entregues depois desse pagamento, entendeu?<\/p>\n<p>Resposta: Letra\u00a0D<\/p>\n<p><strong>63. Considere: <\/strong><\/p>\n<p><strong>I. Despesa expressamente definida em lei. <\/strong><\/p>\n<p><strong>II. Empenho pr\u00e9vio.<\/strong><\/p>\n<p><strong> III. Dota\u00e7\u00e3o pr\u00f3pria. <\/strong><\/p>\n<p><strong>IV. Despesa que pode ser submetida ao processo normal de aplica\u00e7\u00e3o. <\/strong><\/p>\n<p><strong>Nos termos da Lei no 4.320\/1964, \u00e9 regra atinente ao suprimento de fundos o que consta em <\/strong><\/p>\n<p><strong>(A) II, III e IV, apenas. <\/strong><\/p>\n<p><strong>(B) I, II, III e IV. <\/strong><\/p>\n<p><strong>(C) I, II e III apenas. <\/strong><\/p>\n<p><strong>(D) II e III, apenas.<\/strong><\/p>\n<p><strong> (E) I e IV, apenas.<\/strong><\/p>\n<p>O suprimento de fundos, ou regime de adiantamentos, \u00e9 a entrega de recursos ao agente suprido, mediante empenho, liquida\u00e7\u00e3o e pagamento. Portanto:<\/p>\n<ol>\n<li>Deve ter previs\u00e3o na LOA<\/li>\n<li>Deve ser feito o empenho pr\u00e9vio<\/li>\n<li>Deve haver dota\u00e7\u00e3o pr\u00f3pria<\/li>\n<li>A despesa N\u00c3O pode ser submetida ao processo normal de despesa.<\/li>\n<\/ol>\n<p>Artigo 45 do Decreto 93.782\/86.<\/p>\n<p>Resposta: Letra C<\/p>\n<p><strong>64. A Lei de Responsabilidade Fiscal estabeleceu normas de finan\u00e7as p\u00fablicas voltadas para a responsabilidade na gest\u00e3o fiscal. Para tanto, fixou regras e limites para gastos com pessoal e endividamento p\u00fablico. A base de c\u00e1lculo para aferi\u00e7\u00e3o desses limites \u00e9 <\/strong><\/p>\n<p><strong>(A) a receita advinda de impostos. <\/strong><\/p>\n<p><strong>(B) o resultado or\u00e7ament\u00e1rio do exerc\u00edcio. <\/strong><\/p>\n<p><strong>(C) o resultado financeiro do exerc\u00edcio. <\/strong><\/p>\n<p><strong>(D) a receita corrente l\u00edquida.<\/strong><\/p>\n<p><strong> (E) a receita l\u00edquida, calculada pelo somat\u00f3rio das receitas correntes e de capital.<\/strong><\/p>\n<p>Os limites de gasto com pessoal e do endividamento s\u00e3o baseados no valor da RECEITA CORRENTE L\u00cdQUIDA.<\/p>\n<p>Previs\u00e3o na LRF:<\/p>\n<p>Despesa com pessoal: art. 19<\/p>\n<p>Endividamento: art. 30, \u00a7 3\u00ba.<\/p>\n<p>Resposta: Letra D<\/p>\n<p><strong>65. No que se refere \u00e0 escritura\u00e7\u00e3o e consolida\u00e7\u00e3o das contas p\u00fablicas, a Lei de Responsabilidade Fiscal estabelece que <\/strong><\/p>\n<p><strong>(A) as opera\u00e7\u00f5es de cr\u00e9dito e inscri\u00e7\u00f5es de restos a pagar devem ser escrituradas de forma a evidenciar, pelo menos, o nome e dados pessoais do credor. <\/strong><\/p>\n<p><strong>(B) no caso de demonstra\u00e7\u00f5es das varia\u00e7\u00f5es patrimoniais conjuntas, dever\u00e3o ser exclu\u00eddas as opera\u00e7\u00f5es intragovernamentais. <\/strong><\/p>\n<p><strong>(C) a despesa, a assun\u00e7\u00e3o de compromisso e o resultado do fluxo financeiro devem ser registrados pelo regime de compet\u00eancia. <\/strong><\/p>\n<p><strong>(D) as demonstra\u00e7\u00f5es cont\u00e1beis compreender\u00e3o, isolada e conjuntamente, as transa\u00e7\u00f5es e opera\u00e7\u00f5es de cada \u00f3rg\u00e3o, fundo ou entidade da Administra\u00e7\u00e3o direta, aut\u00e1rquica e fundacional, excetuando apenas a empresa estatal dependente. <\/strong><\/p>\n<p><strong>(E) a obrigatoriedade de registros individualizados de recursos vinculados n\u00e3o se estende aos fundos de despesa.<\/strong><\/p>\n<p>A) Errado. As opera\u00e7\u00f5es de cr\u00e9dito, as inscri\u00e7\u00f5es em Restos a Pagar e as demais formas de financiamento ou assun\u00e7\u00e3o de compromissos junto a terceiros, dever\u00e3o ser escrituradas <strong>de modo a evidenciar o montante e a varia\u00e7\u00e3o da d\u00edvida p\u00fablica no per\u00edodo, detalhando, pelo menos, a natureza e o tipo de credor;<\/strong>\u00a0(Art. 50, V da LRF)<\/p>\n<p>B) Certo. Essa previs\u00e3o est\u00e1 no art. 50, \u00a7 1\u00ba da LRF.<\/p>\n<p>C) Errado. O registro da assun\u00e7\u00e3o de compromisso \u00e9 pelo regime de compet\u00eancia, enquanto a apura\u00e7\u00e3o do fluxo financeiro \u00e9 pelo regime de caixa. (Art. 50, II da LRF)<\/p>\n<p>D) Errado. Incluindo as estatal dependente. (Art. 50, III da LRF)<\/p>\n<p>E) Errado. Se estende sim a \u00f3rg\u00e3os, fundos e despesas, e essa obriga\u00e7\u00e3o est\u00e1 no art. 50, I da LRF.<\/p>\n<p>Resposta: Letra B<\/p>\n<p>Ent\u00e3o \u00e9 isso pessoal, espero que tenham se sa\u00eddo bem na prova!<\/p>\n<p>Forte abra\u00e7o e bons estudos!<\/p>\n<p>&nbsp;<\/p>\n<p><a href=\"https:\/\/dhg1h5j42swfq.cloudfront.net\/2016\/03\/21115355\/periscope.jpg\" rel=\"attachment wp-att-35489\"><img loading=\"lazy\" decoding=\"async\" class=\"alignnone wp-image-35489\" src=\"https:\/\/dhg1h5j42swfq.cloudfront.net\/2016\/03\/21115355\/periscope.jpg\" alt=\"periscope\" width=\"77\" height=\"72\" \/><\/a>\u00a0 @ProfVinicius<\/p>\n","protected":false},"excerpt":{"rendered":"<p>Ol\u00e1 Concurseiros (as), como est\u00e3o? Estou aqui para apresentar para voc\u00eas a prova comentada de Analista Administrativo &#8211; TRF\/3, especificamente as quest\u00f5es de No\u00e7\u00f5es de AFO! Vamos ao trabalho? Obs: Estou utilizado a prova tipo 002 como refer\u00eancia ok? 54. Um analista judici\u00e1rio examinou o or\u00e7amento previsto para o Poder Judici\u00e1rio referente ao exerc\u00edcio de [&hellip;]<\/p>\n","protected":false},"author":212,"featured_media":0,"comment_status":"open","ping_status":"open","sticky":false,"template":"","format":"standard","meta":{"post_tipo":"article","footnotes":""},"categories":[1984],"tags":[894,1563,1561,1562,1166,867,630,1564],"tax_estado":[],"class_list":["post-36413","post","type-post","status-publish","format-standard","hentry","category-tribunais","tag-afo","tag-estrategia-concuros","tag-lrf","tag-orcamento-publico","tag-prof-vinicius-nascimento","tag-prova-comentada","tag-questoes-comentadas","tag-tribunal-regional-federal"],"acf":[],"yoast_head":"<!-- This site is optimized with the Yoast SEO Premium plugin v27.2 (Yoast SEO v27.2) - https:\/\/yoast.com\/product\/yoast-seo-premium-wordpress\/ -->\n<title>Prova comentada de Analista Administrativo - TRF\/3 - No\u00e7\u00f5es de AFO<\/title>\n<meta name=\"robots\" content=\"index, follow, max-snippet:-1, max-image-preview:large, max-video-preview:-1\" \/>\n<link rel=\"canonical\" href=\"https:\/\/www.estrategiaconcursos.com.br\/blog\/prova-comentada-de-analista-administrativo-trf3-nocoes-de-afo\/\" \/>\n<meta property=\"og:locale\" content=\"pt_BR\" \/>\n<meta property=\"og:type\" content=\"article\" \/>\n<meta property=\"og:title\" content=\"Prova comentada de Analista Administrativo - TRF\/3 - No\u00e7\u00f5es de AFO\" \/>\n<meta property=\"og:description\" content=\"Ol\u00e1 Concurseiros (as), como est\u00e3o? Estou aqui para apresentar para voc\u00eas a prova comentada de Analista Administrativo &#8211; TRF\/3, especificamente as quest\u00f5es de No\u00e7\u00f5es de AFO! Vamos ao trabalho? Obs: Estou utilizado a prova tipo 002 como refer\u00eancia ok? 54. Um analista judici\u00e1rio examinou o or\u00e7amento previsto para o Poder Judici\u00e1rio referente ao exerc\u00edcio de [&hellip;]\" \/>\n<meta property=\"og:url\" content=\"https:\/\/www.estrategiaconcursos.com.br\/blog\/prova-comentada-de-analista-administrativo-trf3-nocoes-de-afo\/\" \/>\n<meta property=\"og:site_name\" content=\"Estrat\u00e9gia Concursos\" \/>\n<meta property=\"article:published_time\" content=\"2016-04-06T20:04:54+00:00\" \/>\n<meta property=\"article:modified_time\" content=\"2016-07-21T18:54:34+00:00\" \/>\n<meta property=\"og:image\" content=\"https:\/\/dhg1h5j42swfq.cloudfront.net\/2016\/03\/21115355\/periscope.jpg\" \/>\n<meta name=\"author\" content=\"Equipe AFO e Direito Financeiro Estrat\u00e9gia Concursos\" \/>\n<meta name=\"twitter:card\" content=\"summary_large_image\" \/>\n<meta name=\"twitter:creator\" content=\"@EstratConcursos\" \/>\n<meta name=\"twitter:site\" content=\"@EstratConcursos\" \/>\n<meta name=\"twitter:label1\" content=\"Escrito por\" \/>\n\t<meta name=\"twitter:data1\" content=\"Equipe AFO e Direito Financeiro Estrat\u00e9gia Concursos\" \/>\n\t<meta name=\"twitter:label2\" content=\"Est. tempo de leitura\" \/>\n\t<meta name=\"twitter:data2\" content=\"12 minutos\" \/>\n<script type=\"application\/ld+json\" class=\"yoast-schema-graph\">{\"@context\":\"https:\/\/schema.org\",\"@graph\":[{\"@type\":\"NewsArticle\",\"@id\":\"https:\/\/www.estrategiaconcursos.com.br\/blog\/prova-comentada-de-analista-administrativo-trf3-nocoes-de-afo\/#article\",\"isPartOf\":{\"@id\":\"https:\/\/www.estrategiaconcursos.com.br\/blog\/prova-comentada-de-analista-administrativo-trf3-nocoes-de-afo\/\"},\"author\":{\"name\":\"Equipe AFO e Direito Financeiro Estrat\u00e9gia Concursos\",\"@id\":\"https:\/\/www.estrategiaconcursos.com.br\/blog\/#\/schema\/person\/77a2892ad782f0107fe53568a4b21468\"},\"headline\":\"Prova comentada de Analista Administrativo &#8211; TRF\/3 &#8211; No\u00e7\u00f5es de AFO\",\"datePublished\":\"2016-04-06T20:04:54+00:00\",\"dateModified\":\"2016-07-21T18:54:34+00:00\",\"mainEntityOfPage\":{\"@id\":\"https:\/\/www.estrategiaconcursos.com.br\/blog\/prova-comentada-de-analista-administrativo-trf3-nocoes-de-afo\/\"},\"wordCount\":2488,\"commentCount\":11,\"publisher\":{\"@id\":\"https:\/\/www.estrategiaconcursos.com.br\/blog\/#organization\"},\"image\":{\"@id\":\"https:\/\/www.estrategiaconcursos.com.br\/blog\/prova-comentada-de-analista-administrativo-trf3-nocoes-de-afo\/#primaryimage\"},\"thumbnailUrl\":\"https:\/\/dhg1h5j42swfq.cloudfront.net\/2016\/03\/21115355\/periscope.jpg\",\"keywords\":[\"AFO\",\"Estrat\u00e9gia Concuros\",\"LRF\",\"Or\u00e7amento P\u00fablico\",\"Prof. Vinicius Nascimento\",\"prova comentada\",\"Quest\u00f5es comentadas\",\"Tribunal Regional Federal\"],\"articleSection\":[\"Tribunais\"],\"inLanguage\":\"pt-BR\",\"potentialAction\":[{\"@type\":\"CommentAction\",\"name\":\"Comment\",\"target\":[\"https:\/\/www.estrategiaconcursos.com.br\/blog\/prova-comentada-de-analista-administrativo-trf3-nocoes-de-afo\/#respond\"]}],\"copyrightYear\":\"2016\",\"copyrightHolder\":{\"@id\":\"https:\/\/www.estrategiaconcursos.com.br\/blog\/#organization\"}},{\"@type\":\"WebPage\",\"@id\":\"https:\/\/www.estrategiaconcursos.com.br\/blog\/prova-comentada-de-analista-administrativo-trf3-nocoes-de-afo\/\",\"url\":\"https:\/\/www.estrategiaconcursos.com.br\/blog\/prova-comentada-de-analista-administrativo-trf3-nocoes-de-afo\/\",\"name\":\"Prova comentada de Analista Administrativo - TRF\/3 - No\u00e7\u00f5es de AFO\",\"isPartOf\":{\"@id\":\"https:\/\/www.estrategiaconcursos.com.br\/blog\/#website\"},\"primaryImageOfPage\":{\"@id\":\"https:\/\/www.estrategiaconcursos.com.br\/blog\/prova-comentada-de-analista-administrativo-trf3-nocoes-de-afo\/#primaryimage\"},\"image\":{\"@id\":\"https:\/\/www.estrategiaconcursos.com.br\/blog\/prova-comentada-de-analista-administrativo-trf3-nocoes-de-afo\/#primaryimage\"},\"thumbnailUrl\":\"https:\/\/dhg1h5j42swfq.cloudfront.net\/2016\/03\/21115355\/periscope.jpg\",\"datePublished\":\"2016-04-06T20:04:54+00:00\",\"dateModified\":\"2016-07-21T18:54:34+00:00\",\"breadcrumb\":{\"@id\":\"https:\/\/www.estrategiaconcursos.com.br\/blog\/prova-comentada-de-analista-administrativo-trf3-nocoes-de-afo\/#breadcrumb\"},\"inLanguage\":\"pt-BR\",\"potentialAction\":[{\"@type\":\"ReadAction\",\"target\":[\"https:\/\/www.estrategiaconcursos.com.br\/blog\/prova-comentada-de-analista-administrativo-trf3-nocoes-de-afo\/\"]}]},{\"@type\":\"ImageObject\",\"inLanguage\":\"pt-BR\",\"@id\":\"https:\/\/www.estrategiaconcursos.com.br\/blog\/prova-comentada-de-analista-administrativo-trf3-nocoes-de-afo\/#primaryimage\",\"url\":\"https:\/\/dhg1h5j42swfq.cloudfront.net\/2016\/03\/21115355\/periscope.jpg\",\"contentUrl\":\"https:\/\/dhg1h5j42swfq.cloudfront.net\/2016\/03\/21115355\/periscope.jpg\"},{\"@type\":\"BreadcrumbList\",\"@id\":\"https:\/\/www.estrategiaconcursos.com.br\/blog\/prova-comentada-de-analista-administrativo-trf3-nocoes-de-afo\/#breadcrumb\",\"itemListElement\":[{\"@type\":\"ListItem\",\"position\":1,\"name\":\"In\u00edcio\",\"item\":\"https:\/\/www.estrategiaconcursos.com.br\/blog\/\"},{\"@type\":\"ListItem\",\"position\":2,\"name\":\"Prova comentada de Analista Administrativo &#8211; TRF\/3 &#8211; No\u00e7\u00f5es de AFO\"}]},{\"@type\":\"WebSite\",\"@id\":\"https:\/\/www.estrategiaconcursos.com.br\/blog\/#website\",\"url\":\"https:\/\/www.estrategiaconcursos.com.br\/blog\/\",\"name\":\"Estrat\u00e9gia Concursos\",\"description\":\"O blog da Estrat\u00e9gia Concursos traz not\u00edcias sobre concursos e artigos de professores oferecendo cursos para concursos (pdf + videaulas) no site.\",\"publisher\":{\"@id\":\"https:\/\/www.estrategiaconcursos.com.br\/blog\/#organization\"},\"potentialAction\":[{\"@type\":\"SearchAction\",\"target\":{\"@type\":\"EntryPoint\",\"urlTemplate\":\"https:\/\/www.estrategiaconcursos.com.br\/blog\/?s={search_term_string}\"},\"query-input\":{\"@type\":\"PropertyValueSpecification\",\"valueRequired\":true,\"valueName\":\"search_term_string\"}}],\"inLanguage\":\"pt-BR\"},{\"@type\":\"Organization\",\"@id\":\"https:\/\/www.estrategiaconcursos.com.br\/blog\/#organization\",\"name\":\"Estrat\u00e9gia Concursos\",\"url\":\"https:\/\/www.estrategiaconcursos.com.br\/blog\/\",\"logo\":{\"@type\":\"ImageObject\",\"inLanguage\":\"pt-BR\",\"@id\":\"https:\/\/www.estrategiaconcursos.com.br\/blog\/#\/schema\/logo\/image\/\",\"url\":\"https:\/\/dhg1h5j42swfq.cloudfront.net\/2025\/06\/03203428\/logo_concursos-1.jpg\",\"contentUrl\":\"https:\/\/dhg1h5j42swfq.cloudfront.net\/2025\/06\/03203428\/logo_concursos-1.jpg\",\"width\":230,\"height\":60,\"caption\":\"Estrat\u00e9gia Concursos\"},\"image\":{\"@id\":\"https:\/\/www.estrategiaconcursos.com.br\/blog\/#\/schema\/logo\/image\/\"},\"sameAs\":[\"https:\/\/x.com\/EstratConcursos\"]},{\"@type\":\"Person\",\"@id\":\"https:\/\/www.estrategiaconcursos.com.br\/blog\/#\/schema\/person\/77a2892ad782f0107fe53568a4b21468\",\"name\":\"Equipe AFO e Direito Financeiro Estrat\u00e9gia Concursos\",\"image\":{\"@type\":\"ImageObject\",\"inLanguage\":\"pt-BR\",\"@id\":\"https:\/\/secure.gravatar.com\/avatar\/d41138c46db8615c04f3f4bacb65c20fd12675ce069a35a91c19fb13ad0747b7?s=96&d=mm&r=g\",\"url\":\"https:\/\/secure.gravatar.com\/avatar\/d41138c46db8615c04f3f4bacb65c20fd12675ce069a35a91c19fb13ad0747b7?s=96&d=mm&r=g\",\"contentUrl\":\"https:\/\/secure.gravatar.com\/avatar\/d41138c46db8615c04f3f4bacb65c20fd12675ce069a35a91c19fb13ad0747b7?s=96&d=mm&r=g\",\"caption\":\"Equipe AFO e Direito Financeiro Estrat\u00e9gia Concursos\"},\"url\":\"https:\/\/www.estrategiaconcursos.com.br\/blog\/author\/vinicius_nascimento1987hotmail-com\/\"}]}<\/script>\n<!-- \/ Yoast SEO Premium plugin. -->","yoast_head_json":{"title":"Prova comentada de Analista Administrativo - TRF\/3 - No\u00e7\u00f5es de AFO","robots":{"index":"index","follow":"follow","max-snippet":"max-snippet:-1","max-image-preview":"max-image-preview:large","max-video-preview":"max-video-preview:-1"},"canonical":"https:\/\/www.estrategiaconcursos.com.br\/blog\/prova-comentada-de-analista-administrativo-trf3-nocoes-de-afo\/","og_locale":"pt_BR","og_type":"article","og_title":"Prova comentada de Analista Administrativo - TRF\/3 - No\u00e7\u00f5es de AFO","og_description":"Ol\u00e1 Concurseiros (as), como est\u00e3o? Estou aqui para apresentar para voc\u00eas a prova comentada de Analista Administrativo &#8211; TRF\/3, especificamente as quest\u00f5es de No\u00e7\u00f5es de AFO! Vamos ao trabalho? Obs: Estou utilizado a prova tipo 002 como refer\u00eancia ok? 54. Um analista judici\u00e1rio examinou o or\u00e7amento previsto para o Poder Judici\u00e1rio referente ao exerc\u00edcio de [&hellip;]","og_url":"https:\/\/www.estrategiaconcursos.com.br\/blog\/prova-comentada-de-analista-administrativo-trf3-nocoes-de-afo\/","og_site_name":"Estrat\u00e9gia Concursos","article_published_time":"2016-04-06T20:04:54+00:00","article_modified_time":"2016-07-21T18:54:34+00:00","og_image":[{"url":"https:\/\/dhg1h5j42swfq.cloudfront.net\/2016\/03\/21115355\/periscope.jpg","type":"","width":"","height":""}],"author":"Equipe AFO e Direito Financeiro Estrat\u00e9gia Concursos","twitter_card":"summary_large_image","twitter_creator":"@EstratConcursos","twitter_site":"@EstratConcursos","twitter_misc":{"Escrito por":"Equipe AFO e Direito Financeiro Estrat\u00e9gia Concursos","Est. tempo de leitura":"12 minutos"},"schema":{"@context":"https:\/\/schema.org","@graph":[{"@type":"NewsArticle","@id":"https:\/\/www.estrategiaconcursos.com.br\/blog\/prova-comentada-de-analista-administrativo-trf3-nocoes-de-afo\/#article","isPartOf":{"@id":"https:\/\/www.estrategiaconcursos.com.br\/blog\/prova-comentada-de-analista-administrativo-trf3-nocoes-de-afo\/"},"author":{"name":"Equipe AFO e Direito Financeiro Estrat\u00e9gia Concursos","@id":"https:\/\/www.estrategiaconcursos.com.br\/blog\/#\/schema\/person\/77a2892ad782f0107fe53568a4b21468"},"headline":"Prova comentada de Analista Administrativo &#8211; TRF\/3 &#8211; No\u00e7\u00f5es de AFO","datePublished":"2016-04-06T20:04:54+00:00","dateModified":"2016-07-21T18:54:34+00:00","mainEntityOfPage":{"@id":"https:\/\/www.estrategiaconcursos.com.br\/blog\/prova-comentada-de-analista-administrativo-trf3-nocoes-de-afo\/"},"wordCount":2488,"commentCount":11,"publisher":{"@id":"https:\/\/www.estrategiaconcursos.com.br\/blog\/#organization"},"image":{"@id":"https:\/\/www.estrategiaconcursos.com.br\/blog\/prova-comentada-de-analista-administrativo-trf3-nocoes-de-afo\/#primaryimage"},"thumbnailUrl":"https:\/\/dhg1h5j42swfq.cloudfront.net\/2016\/03\/21115355\/periscope.jpg","keywords":["AFO","Estrat\u00e9gia Concuros","LRF","Or\u00e7amento P\u00fablico","Prof. Vinicius Nascimento","prova comentada","Quest\u00f5es comentadas","Tribunal Regional Federal"],"articleSection":["Tribunais"],"inLanguage":"pt-BR","potentialAction":[{"@type":"CommentAction","name":"Comment","target":["https:\/\/www.estrategiaconcursos.com.br\/blog\/prova-comentada-de-analista-administrativo-trf3-nocoes-de-afo\/#respond"]}],"copyrightYear":"2016","copyrightHolder":{"@id":"https:\/\/www.estrategiaconcursos.com.br\/blog\/#organization"}},{"@type":"WebPage","@id":"https:\/\/www.estrategiaconcursos.com.br\/blog\/prova-comentada-de-analista-administrativo-trf3-nocoes-de-afo\/","url":"https:\/\/www.estrategiaconcursos.com.br\/blog\/prova-comentada-de-analista-administrativo-trf3-nocoes-de-afo\/","name":"Prova comentada de Analista Administrativo - TRF\/3 - No\u00e7\u00f5es de AFO","isPartOf":{"@id":"https:\/\/www.estrategiaconcursos.com.br\/blog\/#website"},"primaryImageOfPage":{"@id":"https:\/\/www.estrategiaconcursos.com.br\/blog\/prova-comentada-de-analista-administrativo-trf3-nocoes-de-afo\/#primaryimage"},"image":{"@id":"https:\/\/www.estrategiaconcursos.com.br\/blog\/prova-comentada-de-analista-administrativo-trf3-nocoes-de-afo\/#primaryimage"},"thumbnailUrl":"https:\/\/dhg1h5j42swfq.cloudfront.net\/2016\/03\/21115355\/periscope.jpg","datePublished":"2016-04-06T20:04:54+00:00","dateModified":"2016-07-21T18:54:34+00:00","breadcrumb":{"@id":"https:\/\/www.estrategiaconcursos.com.br\/blog\/prova-comentada-de-analista-administrativo-trf3-nocoes-de-afo\/#breadcrumb"},"inLanguage":"pt-BR","potentialAction":[{"@type":"ReadAction","target":["https:\/\/www.estrategiaconcursos.com.br\/blog\/prova-comentada-de-analista-administrativo-trf3-nocoes-de-afo\/"]}]},{"@type":"ImageObject","inLanguage":"pt-BR","@id":"https:\/\/www.estrategiaconcursos.com.br\/blog\/prova-comentada-de-analista-administrativo-trf3-nocoes-de-afo\/#primaryimage","url":"https:\/\/dhg1h5j42swfq.cloudfront.net\/2016\/03\/21115355\/periscope.jpg","contentUrl":"https:\/\/dhg1h5j42swfq.cloudfront.net\/2016\/03\/21115355\/periscope.jpg"},{"@type":"BreadcrumbList","@id":"https:\/\/www.estrategiaconcursos.com.br\/blog\/prova-comentada-de-analista-administrativo-trf3-nocoes-de-afo\/#breadcrumb","itemListElement":[{"@type":"ListItem","position":1,"name":"In\u00edcio","item":"https:\/\/www.estrategiaconcursos.com.br\/blog\/"},{"@type":"ListItem","position":2,"name":"Prova comentada de Analista Administrativo &#8211; TRF\/3 &#8211; No\u00e7\u00f5es de AFO"}]},{"@type":"WebSite","@id":"https:\/\/www.estrategiaconcursos.com.br\/blog\/#website","url":"https:\/\/www.estrategiaconcursos.com.br\/blog\/","name":"Estrat\u00e9gia Concursos","description":"O blog da Estrat\u00e9gia Concursos traz not\u00edcias sobre concursos e artigos de professores oferecendo cursos para concursos (pdf + videaulas) no site.","publisher":{"@id":"https:\/\/www.estrategiaconcursos.com.br\/blog\/#organization"},"potentialAction":[{"@type":"SearchAction","target":{"@type":"EntryPoint","urlTemplate":"https:\/\/www.estrategiaconcursos.com.br\/blog\/?s={search_term_string}"},"query-input":{"@type":"PropertyValueSpecification","valueRequired":true,"valueName":"search_term_string"}}],"inLanguage":"pt-BR"},{"@type":"Organization","@id":"https:\/\/www.estrategiaconcursos.com.br\/blog\/#organization","name":"Estrat\u00e9gia Concursos","url":"https:\/\/www.estrategiaconcursos.com.br\/blog\/","logo":{"@type":"ImageObject","inLanguage":"pt-BR","@id":"https:\/\/www.estrategiaconcursos.com.br\/blog\/#\/schema\/logo\/image\/","url":"https:\/\/dhg1h5j42swfq.cloudfront.net\/2025\/06\/03203428\/logo_concursos-1.jpg","contentUrl":"https:\/\/dhg1h5j42swfq.cloudfront.net\/2025\/06\/03203428\/logo_concursos-1.jpg","width":230,"height":60,"caption":"Estrat\u00e9gia Concursos"},"image":{"@id":"https:\/\/www.estrategiaconcursos.com.br\/blog\/#\/schema\/logo\/image\/"},"sameAs":["https:\/\/x.com\/EstratConcursos"]},{"@type":"Person","@id":"https:\/\/www.estrategiaconcursos.com.br\/blog\/#\/schema\/person\/77a2892ad782f0107fe53568a4b21468","name":"Equipe AFO e Direito Financeiro Estrat\u00e9gia Concursos","image":{"@type":"ImageObject","inLanguage":"pt-BR","@id":"https:\/\/secure.gravatar.com\/avatar\/d41138c46db8615c04f3f4bacb65c20fd12675ce069a35a91c19fb13ad0747b7?s=96&d=mm&r=g","url":"https:\/\/secure.gravatar.com\/avatar\/d41138c46db8615c04f3f4bacb65c20fd12675ce069a35a91c19fb13ad0747b7?s=96&d=mm&r=g","contentUrl":"https:\/\/secure.gravatar.com\/avatar\/d41138c46db8615c04f3f4bacb65c20fd12675ce069a35a91c19fb13ad0747b7?s=96&d=mm&r=g","caption":"Equipe AFO e Direito Financeiro Estrat\u00e9gia Concursos"},"url":"https:\/\/www.estrategiaconcursos.com.br\/blog\/author\/vinicius_nascimento1987hotmail-com\/"}]}},"_links":{"self":[{"href":"https:\/\/www.estrategiaconcursos.com.br\/blog\/wp-json\/wp\/v2\/posts\/36413","targetHints":{"allow":["GET"]}}],"collection":[{"href":"https:\/\/www.estrategiaconcursos.com.br\/blog\/wp-json\/wp\/v2\/posts"}],"about":[{"href":"https:\/\/www.estrategiaconcursos.com.br\/blog\/wp-json\/wp\/v2\/types\/post"}],"author":[{"embeddable":true,"href":"https:\/\/www.estrategiaconcursos.com.br\/blog\/wp-json\/wp\/v2\/users\/212"}],"replies":[{"embeddable":true,"href":"https:\/\/www.estrategiaconcursos.com.br\/blog\/wp-json\/wp\/v2\/comments?post=36413"}],"version-history":[{"count":3,"href":"https:\/\/www.estrategiaconcursos.com.br\/blog\/wp-json\/wp\/v2\/posts\/36413\/revisions"}],"predecessor-version":[{"id":36470,"href":"https:\/\/www.estrategiaconcursos.com.br\/blog\/wp-json\/wp\/v2\/posts\/36413\/revisions\/36470"}],"wp:attachment":[{"href":"https:\/\/www.estrategiaconcursos.com.br\/blog\/wp-json\/wp\/v2\/media?parent=36413"}],"wp:term":[{"taxonomy":"category","embeddable":true,"href":"https:\/\/www.estrategiaconcursos.com.br\/blog\/wp-json\/wp\/v2\/categories?post=36413"},{"taxonomy":"post_tag","embeddable":true,"href":"https:\/\/www.estrategiaconcursos.com.br\/blog\/wp-json\/wp\/v2\/tags?post=36413"},{"taxonomy":"tax_estado","embeddable":true,"href":"https:\/\/www.estrategiaconcursos.com.br\/blog\/wp-json\/wp\/v2\/tax_estado?post=36413"}],"curies":[{"name":"wp","href":"https:\/\/api.w.org\/{rel}","templated":true}]}}