{"id":35952,"date":"2016-06-29T17:36:39","date_gmt":"2016-06-29T20:36:39","guid":{"rendered":"http:\/\/www.estrategiaconcursos.com.br\/blog\/?p=35952"},"modified":"2016-07-04T12:10:35","modified_gmt":"2016-07-04T15:10:35","slug":"recurso-esaf-uso-do-idioma","status":"publish","type":"post","link":"https:\/\/www.estrategiaconcursos.com.br\/blog\/recurso-esaf-uso-do-idioma\/","title":{"rendered":"Recurso ESAF: uso do idioma"},"content":{"rendered":"<p style=\"text-align: justify;\"><em><strong>Recurso ESAF: uso do idioma<\/strong><\/em><\/p>\n<p style=\"text-align: justify;\">Ol\u00e1, pessoal!<\/p>\n<p style=\"text-align: justify;\">Tudo bem?<\/p>\n<p style=\"text-align: justify;\"><img loading=\"lazy\" decoding=\"async\" class=\"alignleft size-medium wp-image-42860\" src=\"https:\/\/dhg1h5j42swfq.cloudfront.net\/2016\/06\/29210007\/esaf-receita-federal-2014-2-300x225.jpg\" alt=\"recurso esaf\" width=\"300\" height=\"225\" srcset=\"https:\/\/dhg1h5j42swfq.cloudfront.net\/2016\/06\/29210007\/esaf-receita-federal-2014-2.jpg 300w, https:\/\/dhg1h5j42swfq.cloudfront.net\/2016\/06\/29210007\/esaf-receita-federal-2014-2.jpg 400w, https:\/\/dhg1h5j42swfq.cloudfront.net\/2016\/06\/29210007\/esaf-receita-federal-2014-2.jpg 500w\" sizes=\"auto, (max-width: 300px) 100vw, 300px\" \/>Hoje eu quero bater um papo com voc\u00eas sobre recursos contra as provas discursivas da Esaf no que se refere ao uso do idioma.<\/p>\n<p style=\"text-align: justify;\">H\u00e1 algumas semanas, eu e outros professores do Estrat\u00e9gia formamos uma equipe para fazer recursos tanto de idioma quanto de conte\u00fado para a prova de APO\/MPOG, cuja banca examinadora foi a Esaf.<\/p>\n<p style=\"text-align: justify;\">Como surgiram muitas d\u00favidas dos alunos a respeito de provas da Esaf, seus crit\u00e9rios de corre\u00e7\u00e3o das provas discursivas, da rela\u00e7\u00e3o corre\u00e7\u00e3o e recursos, resolvi falar um pouco sobre tudo isso neste artigo. Sabemos que muitos outros concursos da Esaf vir\u00e3o, portanto \u00e9 bom os alunos j\u00e1 saberem de antem\u00e3o algumas particularidades, n\u00e3o \u00e9 mesmo?<\/p>\n<p style=\"text-align: justify;\">Antes de conversarmos sobre a Esaf, gostaria de falar com voc\u00eas um pouquinho sobre a etapa de recursos de um modo geral. Saibam que eu a considero como se fosse uma das provas do concurso, pois os examinadores se equivocam muito nas corre\u00e7\u00f5es. Dessa maneira, voc\u00eas provavelmente ter\u00e3o chances reais de conseguirem aumentar suas notas em idioma e em conte\u00fado.<\/p>\n<p style=\"text-align: justify;\">Embora seja de outra banca examinadora (Cespe), vou contar um exemplo para voc\u00eas. No concurso de Consultor Legislativo da C\u00e2mara dos Deputados (2014), eu estava em 5\u00b0 lugar no resultado provis\u00f3rio das provas discursivas (o edital s\u00f3 oferecia duas vagas para a minha \u00e1rea). Resolvi, ent\u00e3o, interpor recurso contra esse resultado. Eu mesma analisei as minhas reda\u00e7\u00f5es (disserta\u00e7\u00e3o, discurso, minuta de proposi\u00e7\u00e3o e parecer) e elaborei os respectivos recursos. Gra\u00e7as a eles, consegui 11 pontos e saltei do 5\u00b0 para o 2\u00b0 lugar e, assim, fiquei dentro das vagas previstas no edital.<\/p>\n<p style=\"text-align: justify;\">Com base nessa li\u00e7\u00e3o, pude ajudar alguns alunos no \u00faltimo concurso de AFRFB, vejam o retorno de tr\u00eas deles:<\/p>\n<p style=\"text-align: justify;\"><em>Bom dia Ludimila, passei basicamente para agradecer pelo seu trabalhode an\u00e1lise de minha prova discursiva pra AFRFB\/2014. Enviei o recurso dojeito que voc\u00ea me sugeriu, s\u00f3 CTRL+C e CTRL+V&#8230; Deu certo, ganhei 0,5ponto com o recurso. Tava em 37, pulei pra 35&#8230; foi importante pra mimpor causa da lota\u00e7\u00e3o inicial que depende da classifica\u00e7\u00e3o. Muito obrigadopelo trabalho. Att. xxxxx<\/em><\/p>\n<p style=\"text-align: justify;\"><em>Bom dia, professora Ludimila! Na quest\u00e3o 01 a nota aumentou de 8,75para 9,25; Na quest\u00e3o 02 a nota aumentou de 7,25 para 8,0. Ganho de1,25 pontos e de 34 posi\u00e7\u00f5es! Obrigado professora pela colabora\u00e7\u00e3o nestemomento t\u00e3o importante da minha vida! Segue, em anexo, a justificativados recursos. Um abra\u00e7o, xxxxx.<\/em><\/p>\n<p style=\"text-align: justify;\"><em>Oi, Ludimila!!! Nossa, tenho muito a agradecer pelo seu esfor\u00e7o!!Sensacional!! Consegui ganhar o 0,5 ponto que voc\u00ea disse que tinhachance. Os outros questionamentos realmente n\u00e3o eram poss\u00edveis de\u00eaxito e eu tinha consci\u00eancia disso. Obrigado, de cora\u00e7\u00e3o, inclusive, pelaaten\u00e7\u00e3o dada nesse momento. Grande abra\u00e7o, e parab\u00e9ns pela professoraque \u00e9s! xxxxx<\/em><\/p>\n<p style=\"text-align: justify;\"><span style=\"color: #0000ff;\"><em><strong><a style=\"color: #0000ff;\" href=\"https:\/\/www.estrategiaconcursos.com.br\/cursosPorConcurso\/recursos-para-discursivas\/\">Servi\u00e7o de recursos para ANAC &#8211; SAIBA MAIS<\/a><\/strong><\/em><\/span><\/p>\n<p style=\"text-align: justify;\">Ao longo da minha experi\u00eancia nessa \u00e1rea, constatei que a Esaf costuma acolher bem os recursos. Dessa forma, vale muito a pena recorrer, especialmente, em duas possibilidades:<\/p>\n<ol style=\"text-align: justify;\">\n<li>voc\u00ea acertou a quest\u00e3o e o examinador n\u00e3o lhe deu a pontua\u00e7\u00e3o;<\/li>\n<li>voc\u00ea acertou a quest\u00e3o e o examinador foi bem rigoroso na corre\u00e7\u00e3o do seu texto.<\/li>\n<\/ol>\n<p style=\"text-align: justify;\">Al\u00e9m disso, muitos candidatos entram com recursos mesmo estando em uma boa classifica\u00e7\u00e3o, com o intuito de\u00a0evitar poss\u00edveis perdas de posi\u00e7\u00f5es na classifica\u00e7\u00e3o\u00a0em virtude do acolhimento dos recursos de seus concorrentes.<\/p>\n<p style=\"text-align: justify;\">Ap\u00f3s a an\u00e1lise dos recursos, j\u00e1 presenciei diversas situa\u00e7\u00f5es: candidato fora das vagas que conseguiu entrar nas vagas; candidato dentro das vagas que perdeu sua coloca\u00e7\u00e3o; candidato eliminado que conseguiu reverter o quadro e candidato que n\u00e3o obteve qualquer modifica\u00e7\u00e3o de classifica\u00e7\u00e3o.<\/p>\n<p style=\"text-align: justify;\">\u00c9 interessante destacar que o Professor Carlos Roberto fez um \u00f3timo artigo sobre recursos de conte\u00fado, no qual ele colocou algumas estat\u00edsticas de penaliza\u00e7\u00f5es e deferimentos. Vale dar uma olhada:<span style=\"color: #0000ff;\"><strong> <a style=\"color: #0000ff;\" href=\"http:\/\/www.estrategiaconcursos.com.br\/blog\/recurso-discursiva-barema-esaf\/\">http:\/\/www.estrategiaconcursos.com.br\/blog\/recurso-discursiva-barema-esaf\/<\/a><\/strong><\/span><\/p>\n<p style=\"text-align: justify;\">Uma boa not\u00edcia no \u00faltimo concurso do MPOG foi a disponibiliza\u00e7\u00e3o das provas e dos espelhos de corre\u00e7\u00e3o por meio eletr\u00f4nico, o que facilitou bastante a vida dos candidatos. Esperamos que seja assim daqui em diante em todos os concursos da Esaf.<\/p>\n<p style=\"text-align: justify;\">A Esaf utiliza uma s\u00e9rie de marca\u00e7\u00f5es em c\u00f3digo para indicar os erros dos candidatos. Possivelmente, ao visualizar o caderno de resposta da discursiva com as corre\u00e7\u00f5es, voc\u00eas ir\u00e3o encontrar os seguintes c\u00f3digos referentes \u00e0 avalia\u00e7\u00e3o do uso do idioma.<\/p>\n<table>\n<tbody>\n<tr>\n<td width=\"288\"><span style=\"color: #000000;\">F<\/span><\/td>\n<td width=\"288\"><span style=\"color: #000000;\">Erros de forma em geral<\/span><\/td>\n<\/tr>\n<tr>\n<td width=\"288\"><span style=\"color: #000000;\">O<\/span><\/td>\n<td width=\"288\"><span style=\"color: #000000;\">Erros de ortografia<\/span><\/td>\n<\/tr>\n<tr>\n<td width=\"288\"><span style=\"color: #000000;\">MO<\/span><\/td>\n<td width=\"288\"><span style=\"color: #000000;\">Morfologia<\/span><\/td>\n<\/tr>\n<tr>\n<td width=\"288\"><span style=\"color: #000000;\">EC<\/span><\/td>\n<td width=\"288\"><span style=\"color: #000000;\">Sintaxe de emprego e coloca\u00e7\u00e3o<\/span><\/td>\n<\/tr>\n<tr>\n<td width=\"288\"><span style=\"color: #000000;\">RG<\/span><\/td>\n<td width=\"288\"><span style=\"color: #000000;\">Sintaxe de Reg\u00eancia<\/span><\/td>\n<\/tr>\n<tr>\n<td width=\"288\"><span style=\"color: #000000;\">PO<\/span><\/td>\n<td width=\"288\"><span style=\"color: #000000;\">Pontua\u00e7\u00e3o<\/span><\/td>\n<\/tr>\n<tr>\n<td width=\"288\"><span style=\"color: #000000;\">SDC<\/span><\/td>\n<td width=\"288\"><span style=\"color: #000000;\">Sintaxe de Constru\u00e7\u00e3o (coes\u00e3o prejudicada)<\/span><\/td>\n<\/tr>\n<tr>\n<td width=\"288\"><span style=\"color: #000000;\">CON<\/span><\/td>\n<td width=\"288\"><span style=\"color: #000000;\">Concord\u00e2ncia<\/span><\/td>\n<\/tr>\n<tr>\n<td width=\"288\"><span style=\"color: #000000;\">COV<\/span><\/td>\n<td width=\"288\"><span style=\"color: #000000;\">Clareza; concis\u00e3o; unidade tem\u00e1tica\/estilo; coer\u00eancia; propriedade vocabular; paralelismo sem\u00e2ntico e sint\u00e1tico<\/span><\/td>\n<\/tr>\n<tr>\n<td width=\"288\"><span style=\"color: #000000;\">PAR<\/span><\/td>\n<td width=\"288\"><span style=\"color: #000000;\">Paragrafa\u00e7\u00e3o<\/span><\/td>\n<\/tr>\n<tr>\n<td width=\"288\"><span style=\"color: #000000;\">LF<\/span><\/td>\n<td width=\"288\"><span style=\"color: #000000;\">Linha que faltou<\/span><\/td>\n<\/tr>\n<tr>\n<td width=\"288\"><span style=\"color: #000000;\">LE<\/span><\/td>\n<td width=\"288\"><span style=\"color: #000000;\">Linha excedente<\/span><\/td>\n<\/tr>\n<\/tbody>\n<\/table>\n<p style=\"text-align: justify;\">Os erros do tipo F, O, MO, RG e PAR s\u00e3o bem dif\u00edceis de terem o recurso acolhido.<\/p>\n<p style=\"text-align: justify;\">Erros de O e F, quase todas as vezes, s\u00e3o erros mesmo. Os alunos erram a grafia, deixam de acentuar ou colocar cedilha etc. Portanto, n\u00e3o h\u00e1 muito o que fazer. Em rela\u00e7\u00e3o a erros de forma em geral, no \u00faltimo concurso do MPOG, notei que muitos alunos deixaram de colocar aspas em palavras de outro idioma. Foram pontos preciosos perdidos em boas reda\u00e7\u00f5es, infelizmente.<\/p>\n<p style=\"text-align: justify;\"><em><strong><a style=\"color: #0000ff;\" href=\"https:\/\/www.estrategiaconcursos.com.br\/cursosPorConcurso\/recursos-para-discursivas\/\">Servi\u00e7o de recursos para ANAC &#8211; SAIBA MAIS<\/a><\/strong><\/em><\/p>\n<p style=\"text-align: justify;\">Quase nunca encontro erros de MO e PAR nos recursos que fa\u00e7o, s\u00e3o realmente bem raros. Quanto aos erros de RG, s\u00e3o muito frequentes aqueles relativos ao uso de crase.<\/p>\n<p style=\"text-align: justify;\">Por outro lado, os erros de EC, PO, SDC,CON e COV possuem uma boa chance de serem revertidos.<\/p>\n<p style=\"text-align: justify;\">Nesse contexto, h\u00e1 alguns erros de CON que conseguem ser revertidos com base em casos especiais de concord\u00e2ncia verbal ou nominal, muitas vezes n\u00e3o considerados pelo examinador na hora da corre\u00e7\u00e3o.<\/p>\n<p style=\"text-align: justify;\">Quanto aos erros de EC, SDC e COV, h\u00e1 uma boa chance de serem revertidos, por causa da exist\u00eancia de constru\u00e7\u00f5es que s\u00e3o aceitas por especialistas renomados, os quais n\u00e3o foram lembrados pelo examinador.<\/p>\n<p style=\"text-align: justify;\">No que se refere a erros de PO, j\u00e1 encontrei diversos empregos de v\u00edrgula considerados como erro pelo examinador, mas que, na verdade, eram casos de emprego facultativo.<\/p>\n<p style=\"text-align: justify;\">Por \u00faltimo, mais um detalhe: muitos alunos me perguntam se a interposi\u00e7\u00e3o de recurso pode diminuir a sua nota. Em minha experi\u00eancia com concursos, nunca presenciei e nem conhe\u00e7o algu\u00e9m que tenha tido a sua nota reduzida ap\u00f3s ingressar com um recurso em provas discursivas. Dessa forma, acho que vale muito a pena arriscar.<\/p>\n<p style=\"text-align: justify;\">Assim, na etapa de recursos, \u00e9 evidente a possibilidade de deferimento. Candidatos conscientes n\u00e3o podem desprezar essa oportunidade.<\/p>\n<p style=\"text-align: justify;\">\u00c9, ainda, importante observar que a parte de idioma geralmente corresponde a uma boa parcela da nota final da discursiva (no \u00faltimo concurso de APO\/MPOG, por exemplo, a parte de idioma das quest\u00f5es discursivas correspondia a 37,5%), o que pode realmente fazer a diferen\u00e7a! Portanto, o aluno deve entrar com recursos de conte\u00fado e de idioma. O candidato precisa estar ciente de que qualquer d\u00e9cimo acrescido \u00e0 sua nota pode mudar sua vida!<\/p>\n<p style=\"text-align: justify;\">Por isso, estou \u00e0 disposi\u00e7\u00e3o para ajud\u00e1-los. Contem comigo!<\/p>\n<p style=\"text-align: justify;\"><em><strong><a style=\"color: #0000ff;\" href=\"https:\/\/www.estrategiaconcursos.com.br\/cursosPorConcurso\/recursos-para-discursivas\/\">Servi\u00e7o de recursos para ANAC &#8211; SAIBA MAIS<\/a><\/strong><\/em><\/p>\n<p style=\"text-align: justify;\">Um abra\u00e7o,<\/p>\n<p style=\"text-align: justify;\">Professora Ludimila<\/p>\n<p style=\"text-align: justify;\"><span style=\"color: #0000ff;\"><a style=\"color: #0000ff;\" href=\"mailto:lpl.professora@gmail.com\">lpl.professora@gmail.com<\/a><\/span><\/p>\n<p style=\"text-align: justify;\">\n","protected":false},"excerpt":{"rendered":"<p>Recurso ESAF: uso do idioma Ol\u00e1, pessoal! Tudo bem? Hoje eu quero bater um papo com voc\u00eas sobre recursos contra as provas discursivas da Esaf no que se refere ao uso do idioma. H\u00e1 algumas semanas, eu e outros professores do Estrat\u00e9gia formamos uma equipe para fazer recursos tanto de idioma quanto de conte\u00fado para [&hellip;]<\/p>\n","protected":false},"author":172,"featured_media":0,"comment_status":"open","ping_status":"open","sticky":false,"template":"","format":"standard","meta":{"post_tipo":"article","footnotes":""},"categories":[1],"tags":[27,8,1088],"tax_estado":[],"class_list":["post-35952","post","type-post","status-publish","format-standard","hentry","category-cursos-e-concursos","tag-discursivas","tag-recurso","tag-recursos-para-discursivas"],"acf":[],"yoast_head":"<!-- This site is optimized with the Yoast SEO Premium plugin v27.2 (Yoast SEO v27.2) - https:\/\/yoast.com\/product\/yoast-seo-premium-wordpress\/ -->\n<title>Recurso ESAF: uso do idioma<\/title>\n<meta name=\"description\" content=\"Recurso ESAF:\u00a0Hoje eu quero bater um papo com voc\u00eas sobre recursos contra as provas discursivas da Esaf no que se refere ao uso do idioma.\" \/>\n<meta name=\"robots\" content=\"index, follow, max-snippet:-1, max-image-preview:large, max-video-preview:-1\" \/>\n<link rel=\"canonical\" href=\"https:\/\/www.estrategiaconcursos.com.br\/blog\/recurso-esaf-uso-do-idioma\/\" \/>\n<meta property=\"og:locale\" content=\"pt_BR\" \/>\n<meta property=\"og:type\" content=\"article\" \/>\n<meta property=\"og:title\" content=\"Recurso ESAF: uso do idioma\" \/>\n<meta property=\"og:description\" content=\"Recurso ESAF:\u00a0Hoje eu quero bater um papo com voc\u00eas sobre recursos contra as provas discursivas da Esaf no que se refere ao uso do idioma.\" \/>\n<meta property=\"og:url\" content=\"https:\/\/www.estrategiaconcursos.com.br\/blog\/recurso-esaf-uso-do-idioma\/\" \/>\n<meta property=\"og:site_name\" content=\"Estrat\u00e9gia Concursos\" \/>\n<meta property=\"article:published_time\" content=\"2016-06-29T20:36:39+00:00\" \/>\n<meta property=\"article:modified_time\" content=\"2016-07-04T15:10:35+00:00\" \/>\n<meta property=\"og:image\" content=\"https:\/\/dhg1h5j42swfq.cloudfront.net\/2016\/06\/29210007\/esaf-receita-federal-2014-2-300x225.jpg\" \/>\n<meta name=\"author\" content=\"Ludimila Lamounier\" \/>\n<meta name=\"twitter:card\" content=\"summary_large_image\" \/>\n<meta name=\"twitter:creator\" content=\"@EstratConcursos\" \/>\n<meta name=\"twitter:site\" content=\"@EstratConcursos\" \/>\n<meta name=\"twitter:label1\" content=\"Escrito por\" \/>\n\t<meta name=\"twitter:data1\" content=\"Ludimila Lamounier\" \/>\n\t<meta name=\"twitter:label2\" content=\"Est. tempo de leitura\" \/>\n\t<meta name=\"twitter:data2\" content=\"6 minutos\" \/>\n<script type=\"application\/ld+json\" class=\"yoast-schema-graph\">{\"@context\":\"https:\/\/schema.org\",\"@graph\":[{\"@type\":\"NewsArticle\",\"@id\":\"https:\/\/www.estrategiaconcursos.com.br\/blog\/recurso-esaf-uso-do-idioma\/#article\",\"isPartOf\":{\"@id\":\"https:\/\/www.estrategiaconcursos.com.br\/blog\/recurso-esaf-uso-do-idioma\/\"},\"author\":{\"name\":\"Ludimila Lamounier\",\"@id\":\"https:\/\/www.estrategiaconcursos.com.br\/blog\/#\/schema\/person\/b4b4016a4b8b90b3cd88e745a31a08d8\"},\"headline\":\"Recurso ESAF: uso do idioma\",\"datePublished\":\"2016-06-29T20:36:39+00:00\",\"dateModified\":\"2016-07-04T15:10:35+00:00\",\"mainEntityOfPage\":{\"@id\":\"https:\/\/www.estrategiaconcursos.com.br\/blog\/recurso-esaf-uso-do-idioma\/\"},\"wordCount\":1270,\"commentCount\":3,\"publisher\":{\"@id\":\"https:\/\/www.estrategiaconcursos.com.br\/blog\/#organization\"},\"image\":{\"@id\":\"https:\/\/www.estrategiaconcursos.com.br\/blog\/recurso-esaf-uso-do-idioma\/#primaryimage\"},\"thumbnailUrl\":\"https:\/\/dhg1h5j42swfq.cloudfront.net\/2016\/06\/29210007\/esaf-receita-federal-2014-2-300x225.jpg\",\"keywords\":[\"discursivas\",\"Recurso\",\"Recursos para discursivas\"],\"articleSection\":[\"Concursos P\u00fablicos\"],\"inLanguage\":\"pt-BR\",\"potentialAction\":[{\"@type\":\"CommentAction\",\"name\":\"Comment\",\"target\":[\"https:\/\/www.estrategiaconcursos.com.br\/blog\/recurso-esaf-uso-do-idioma\/#respond\"]}],\"copyrightYear\":\"2016\",\"copyrightHolder\":{\"@id\":\"https:\/\/www.estrategiaconcursos.com.br\/blog\/#organization\"}},{\"@type\":\"WebPage\",\"@id\":\"https:\/\/www.estrategiaconcursos.com.br\/blog\/recurso-esaf-uso-do-idioma\/\",\"url\":\"https:\/\/www.estrategiaconcursos.com.br\/blog\/recurso-esaf-uso-do-idioma\/\",\"name\":\"Recurso ESAF: uso do idioma\",\"isPartOf\":{\"@id\":\"https:\/\/www.estrategiaconcursos.com.br\/blog\/#website\"},\"primaryImageOfPage\":{\"@id\":\"https:\/\/www.estrategiaconcursos.com.br\/blog\/recurso-esaf-uso-do-idioma\/#primaryimage\"},\"image\":{\"@id\":\"https:\/\/www.estrategiaconcursos.com.br\/blog\/recurso-esaf-uso-do-idioma\/#primaryimage\"},\"thumbnailUrl\":\"https:\/\/dhg1h5j42swfq.cloudfront.net\/2016\/06\/29210007\/esaf-receita-federal-2014-2-300x225.jpg\",\"datePublished\":\"2016-06-29T20:36:39+00:00\",\"dateModified\":\"2016-07-04T15:10:35+00:00\",\"description\":\"Recurso ESAF:\u00a0Hoje eu quero bater um papo com voc\u00eas sobre recursos contra as provas discursivas da Esaf no que se refere ao uso do idioma.\",\"breadcrumb\":{\"@id\":\"https:\/\/www.estrategiaconcursos.com.br\/blog\/recurso-esaf-uso-do-idioma\/#breadcrumb\"},\"inLanguage\":\"pt-BR\",\"potentialAction\":[{\"@type\":\"ReadAction\",\"target\":[\"https:\/\/www.estrategiaconcursos.com.br\/blog\/recurso-esaf-uso-do-idioma\/\"]}]},{\"@type\":\"ImageObject\",\"inLanguage\":\"pt-BR\",\"@id\":\"https:\/\/www.estrategiaconcursos.com.br\/blog\/recurso-esaf-uso-do-idioma\/#primaryimage\",\"url\":\"https:\/\/dhg1h5j42swfq.cloudfront.net\/2016\/06\/29210007\/esaf-receita-federal-2014-2-300x225.jpg\",\"contentUrl\":\"https:\/\/dhg1h5j42swfq.cloudfront.net\/2016\/06\/29210007\/esaf-receita-federal-2014-2-300x225.jpg\"},{\"@type\":\"BreadcrumbList\",\"@id\":\"https:\/\/www.estrategiaconcursos.com.br\/blog\/recurso-esaf-uso-do-idioma\/#breadcrumb\",\"itemListElement\":[{\"@type\":\"ListItem\",\"position\":1,\"name\":\"In\u00edcio\",\"item\":\"https:\/\/www.estrategiaconcursos.com.br\/blog\/\"},{\"@type\":\"ListItem\",\"position\":2,\"name\":\"Recurso ESAF: uso do idioma\"}]},{\"@type\":\"WebSite\",\"@id\":\"https:\/\/www.estrategiaconcursos.com.br\/blog\/#website\",\"url\":\"https:\/\/www.estrategiaconcursos.com.br\/blog\/\",\"name\":\"Estrat\u00e9gia Concursos\",\"description\":\"O blog da Estrat\u00e9gia Concursos traz not\u00edcias sobre concursos e artigos de professores oferecendo cursos para concursos (pdf + videaulas) no site.\",\"publisher\":{\"@id\":\"https:\/\/www.estrategiaconcursos.com.br\/blog\/#organization\"},\"potentialAction\":[{\"@type\":\"SearchAction\",\"target\":{\"@type\":\"EntryPoint\",\"urlTemplate\":\"https:\/\/www.estrategiaconcursos.com.br\/blog\/?s={search_term_string}\"},\"query-input\":{\"@type\":\"PropertyValueSpecification\",\"valueRequired\":true,\"valueName\":\"search_term_string\"}}],\"inLanguage\":\"pt-BR\"},{\"@type\":\"Organization\",\"@id\":\"https:\/\/www.estrategiaconcursos.com.br\/blog\/#organization\",\"name\":\"Estrat\u00e9gia Concursos\",\"url\":\"https:\/\/www.estrategiaconcursos.com.br\/blog\/\",\"logo\":{\"@type\":\"ImageObject\",\"inLanguage\":\"pt-BR\",\"@id\":\"https:\/\/www.estrategiaconcursos.com.br\/blog\/#\/schema\/logo\/image\/\",\"url\":\"https:\/\/dhg1h5j42swfq.cloudfront.net\/2025\/06\/03203428\/logo_concursos-1.jpg\",\"contentUrl\":\"https:\/\/dhg1h5j42swfq.cloudfront.net\/2025\/06\/03203428\/logo_concursos-1.jpg\",\"width\":230,\"height\":60,\"caption\":\"Estrat\u00e9gia Concursos\"},\"image\":{\"@id\":\"https:\/\/www.estrategiaconcursos.com.br\/blog\/#\/schema\/logo\/image\/\"},\"sameAs\":[\"https:\/\/x.com\/EstratConcursos\"]},{\"@type\":\"Person\",\"@id\":\"https:\/\/www.estrategiaconcursos.com.br\/blog\/#\/schema\/person\/b4b4016a4b8b90b3cd88e745a31a08d8\",\"name\":\"Ludimila Lamounier\",\"image\":{\"@type\":\"ImageObject\",\"inLanguage\":\"pt-BR\",\"@id\":\"https:\/\/secure.gravatar.com\/avatar\/6a65684d0a8f67a5ea4895fd5140364da8ce4d1b8b1d5e2f99bfa33c901c1ebd?s=96&d=mm&r=g\",\"url\":\"https:\/\/secure.gravatar.com\/avatar\/6a65684d0a8f67a5ea4895fd5140364da8ce4d1b8b1d5e2f99bfa33c901c1ebd?s=96&d=mm&r=g\",\"contentUrl\":\"https:\/\/secure.gravatar.com\/avatar\/6a65684d0a8f67a5ea4895fd5140364da8ce4d1b8b1d5e2f99bfa33c901c1ebd?s=96&d=mm&r=g\",\"caption\":\"Ludimila Lamounier\"},\"url\":\"https:\/\/www.estrategiaconcursos.com.br\/blog\/author\/ludimilaestrategiaconcursos-com-br\/\"}]}<\/script>\n<!-- \/ Yoast SEO Premium plugin. -->","yoast_head_json":{"title":"Recurso ESAF: uso do idioma","description":"Recurso ESAF:\u00a0Hoje eu quero bater um papo com voc\u00eas sobre recursos contra as provas discursivas da Esaf no que se refere ao uso do idioma.","robots":{"index":"index","follow":"follow","max-snippet":"max-snippet:-1","max-image-preview":"max-image-preview:large","max-video-preview":"max-video-preview:-1"},"canonical":"https:\/\/www.estrategiaconcursos.com.br\/blog\/recurso-esaf-uso-do-idioma\/","og_locale":"pt_BR","og_type":"article","og_title":"Recurso ESAF: uso do idioma","og_description":"Recurso ESAF:\u00a0Hoje eu quero bater um papo com voc\u00eas sobre recursos contra as provas discursivas da Esaf no que se refere ao uso do idioma.","og_url":"https:\/\/www.estrategiaconcursos.com.br\/blog\/recurso-esaf-uso-do-idioma\/","og_site_name":"Estrat\u00e9gia Concursos","article_published_time":"2016-06-29T20:36:39+00:00","article_modified_time":"2016-07-04T15:10:35+00:00","og_image":[{"url":"https:\/\/dhg1h5j42swfq.cloudfront.net\/2016\/06\/29210007\/esaf-receita-federal-2014-2-300x225.jpg","type":"","width":"","height":""}],"author":"Ludimila Lamounier","twitter_card":"summary_large_image","twitter_creator":"@EstratConcursos","twitter_site":"@EstratConcursos","twitter_misc":{"Escrito por":"Ludimila Lamounier","Est. tempo de leitura":"6 minutos"},"schema":{"@context":"https:\/\/schema.org","@graph":[{"@type":"NewsArticle","@id":"https:\/\/www.estrategiaconcursos.com.br\/blog\/recurso-esaf-uso-do-idioma\/#article","isPartOf":{"@id":"https:\/\/www.estrategiaconcursos.com.br\/blog\/recurso-esaf-uso-do-idioma\/"},"author":{"name":"Ludimila Lamounier","@id":"https:\/\/www.estrategiaconcursos.com.br\/blog\/#\/schema\/person\/b4b4016a4b8b90b3cd88e745a31a08d8"},"headline":"Recurso ESAF: uso do idioma","datePublished":"2016-06-29T20:36:39+00:00","dateModified":"2016-07-04T15:10:35+00:00","mainEntityOfPage":{"@id":"https:\/\/www.estrategiaconcursos.com.br\/blog\/recurso-esaf-uso-do-idioma\/"},"wordCount":1270,"commentCount":3,"publisher":{"@id":"https:\/\/www.estrategiaconcursos.com.br\/blog\/#organization"},"image":{"@id":"https:\/\/www.estrategiaconcursos.com.br\/blog\/recurso-esaf-uso-do-idioma\/#primaryimage"},"thumbnailUrl":"https:\/\/dhg1h5j42swfq.cloudfront.net\/2016\/06\/29210007\/esaf-receita-federal-2014-2-300x225.jpg","keywords":["discursivas","Recurso","Recursos para discursivas"],"articleSection":["Concursos P\u00fablicos"],"inLanguage":"pt-BR","potentialAction":[{"@type":"CommentAction","name":"Comment","target":["https:\/\/www.estrategiaconcursos.com.br\/blog\/recurso-esaf-uso-do-idioma\/#respond"]}],"copyrightYear":"2016","copyrightHolder":{"@id":"https:\/\/www.estrategiaconcursos.com.br\/blog\/#organization"}},{"@type":"WebPage","@id":"https:\/\/www.estrategiaconcursos.com.br\/blog\/recurso-esaf-uso-do-idioma\/","url":"https:\/\/www.estrategiaconcursos.com.br\/blog\/recurso-esaf-uso-do-idioma\/","name":"Recurso ESAF: uso do idioma","isPartOf":{"@id":"https:\/\/www.estrategiaconcursos.com.br\/blog\/#website"},"primaryImageOfPage":{"@id":"https:\/\/www.estrategiaconcursos.com.br\/blog\/recurso-esaf-uso-do-idioma\/#primaryimage"},"image":{"@id":"https:\/\/www.estrategiaconcursos.com.br\/blog\/recurso-esaf-uso-do-idioma\/#primaryimage"},"thumbnailUrl":"https:\/\/dhg1h5j42swfq.cloudfront.net\/2016\/06\/29210007\/esaf-receita-federal-2014-2-300x225.jpg","datePublished":"2016-06-29T20:36:39+00:00","dateModified":"2016-07-04T15:10:35+00:00","description":"Recurso ESAF:\u00a0Hoje eu quero bater um papo com voc\u00eas sobre recursos contra as provas discursivas da Esaf no que se refere ao uso do idioma.","breadcrumb":{"@id":"https:\/\/www.estrategiaconcursos.com.br\/blog\/recurso-esaf-uso-do-idioma\/#breadcrumb"},"inLanguage":"pt-BR","potentialAction":[{"@type":"ReadAction","target":["https:\/\/www.estrategiaconcursos.com.br\/blog\/recurso-esaf-uso-do-idioma\/"]}]},{"@type":"ImageObject","inLanguage":"pt-BR","@id":"https:\/\/www.estrategiaconcursos.com.br\/blog\/recurso-esaf-uso-do-idioma\/#primaryimage","url":"https:\/\/dhg1h5j42swfq.cloudfront.net\/2016\/06\/29210007\/esaf-receita-federal-2014-2-300x225.jpg","contentUrl":"https:\/\/dhg1h5j42swfq.cloudfront.net\/2016\/06\/29210007\/esaf-receita-federal-2014-2-300x225.jpg"},{"@type":"BreadcrumbList","@id":"https:\/\/www.estrategiaconcursos.com.br\/blog\/recurso-esaf-uso-do-idioma\/#breadcrumb","itemListElement":[{"@type":"ListItem","position":1,"name":"In\u00edcio","item":"https:\/\/www.estrategiaconcursos.com.br\/blog\/"},{"@type":"ListItem","position":2,"name":"Recurso ESAF: uso do idioma"}]},{"@type":"WebSite","@id":"https:\/\/www.estrategiaconcursos.com.br\/blog\/#website","url":"https:\/\/www.estrategiaconcursos.com.br\/blog\/","name":"Estrat\u00e9gia Concursos","description":"O blog da Estrat\u00e9gia Concursos traz not\u00edcias sobre concursos e artigos de professores oferecendo cursos para concursos (pdf + videaulas) no site.","publisher":{"@id":"https:\/\/www.estrategiaconcursos.com.br\/blog\/#organization"},"potentialAction":[{"@type":"SearchAction","target":{"@type":"EntryPoint","urlTemplate":"https:\/\/www.estrategiaconcursos.com.br\/blog\/?s={search_term_string}"},"query-input":{"@type":"PropertyValueSpecification","valueRequired":true,"valueName":"search_term_string"}}],"inLanguage":"pt-BR"},{"@type":"Organization","@id":"https:\/\/www.estrategiaconcursos.com.br\/blog\/#organization","name":"Estrat\u00e9gia Concursos","url":"https:\/\/www.estrategiaconcursos.com.br\/blog\/","logo":{"@type":"ImageObject","inLanguage":"pt-BR","@id":"https:\/\/www.estrategiaconcursos.com.br\/blog\/#\/schema\/logo\/image\/","url":"https:\/\/dhg1h5j42swfq.cloudfront.net\/2025\/06\/03203428\/logo_concursos-1.jpg","contentUrl":"https:\/\/dhg1h5j42swfq.cloudfront.net\/2025\/06\/03203428\/logo_concursos-1.jpg","width":230,"height":60,"caption":"Estrat\u00e9gia Concursos"},"image":{"@id":"https:\/\/www.estrategiaconcursos.com.br\/blog\/#\/schema\/logo\/image\/"},"sameAs":["https:\/\/x.com\/EstratConcursos"]},{"@type":"Person","@id":"https:\/\/www.estrategiaconcursos.com.br\/blog\/#\/schema\/person\/b4b4016a4b8b90b3cd88e745a31a08d8","name":"Ludimila Lamounier","image":{"@type":"ImageObject","inLanguage":"pt-BR","@id":"https:\/\/secure.gravatar.com\/avatar\/6a65684d0a8f67a5ea4895fd5140364da8ce4d1b8b1d5e2f99bfa33c901c1ebd?s=96&d=mm&r=g","url":"https:\/\/secure.gravatar.com\/avatar\/6a65684d0a8f67a5ea4895fd5140364da8ce4d1b8b1d5e2f99bfa33c901c1ebd?s=96&d=mm&r=g","contentUrl":"https:\/\/secure.gravatar.com\/avatar\/6a65684d0a8f67a5ea4895fd5140364da8ce4d1b8b1d5e2f99bfa33c901c1ebd?s=96&d=mm&r=g","caption":"Ludimila Lamounier"},"url":"https:\/\/www.estrategiaconcursos.com.br\/blog\/author\/ludimilaestrategiaconcursos-com-br\/"}]}},"_links":{"self":[{"href":"https:\/\/www.estrategiaconcursos.com.br\/blog\/wp-json\/wp\/v2\/posts\/35952","targetHints":{"allow":["GET"]}}],"collection":[{"href":"https:\/\/www.estrategiaconcursos.com.br\/blog\/wp-json\/wp\/v2\/posts"}],"about":[{"href":"https:\/\/www.estrategiaconcursos.com.br\/blog\/wp-json\/wp\/v2\/types\/post"}],"author":[{"embeddable":true,"href":"https:\/\/www.estrategiaconcursos.com.br\/blog\/wp-json\/wp\/v2\/users\/172"}],"replies":[{"embeddable":true,"href":"https:\/\/www.estrategiaconcursos.com.br\/blog\/wp-json\/wp\/v2\/comments?post=35952"}],"version-history":[{"count":7,"href":"https:\/\/www.estrategiaconcursos.com.br\/blog\/wp-json\/wp\/v2\/posts\/35952\/revisions"}],"predecessor-version":[{"id":42862,"href":"https:\/\/www.estrategiaconcursos.com.br\/blog\/wp-json\/wp\/v2\/posts\/35952\/revisions\/42862"}],"wp:attachment":[{"href":"https:\/\/www.estrategiaconcursos.com.br\/blog\/wp-json\/wp\/v2\/media?parent=35952"}],"wp:term":[{"taxonomy":"category","embeddable":true,"href":"https:\/\/www.estrategiaconcursos.com.br\/blog\/wp-json\/wp\/v2\/categories?post=35952"},{"taxonomy":"post_tag","embeddable":true,"href":"https:\/\/www.estrategiaconcursos.com.br\/blog\/wp-json\/wp\/v2\/tags?post=35952"},{"taxonomy":"tax_estado","embeddable":true,"href":"https:\/\/www.estrategiaconcursos.com.br\/blog\/wp-json\/wp\/v2\/tax_estado?post=35952"}],"curies":[{"name":"wp","href":"https:\/\/api.w.org\/{rel}","templated":true}]}}