{"id":35904,"date":"2026-02-17T18:36:39","date_gmt":"2026-02-17T21:36:39","guid":{"rendered":"http:\/\/www.estrategiaconcursos.com.br\/blog\/?p=35904"},"modified":"2026-02-19T18:38:48","modified_gmt":"2026-02-19T21:38:48","slug":"concurso-pm-go","status":"publish","type":"post","link":"https:\/\/www.estrategiaconcursos.com.br\/blog\/concurso-pm-go\/","title":{"rendered":"Concurso PMGO: novo edital previsto. Veja os detalhes!"},"content":{"rendered":"\n<p style=\"font-size:clamp(15.197px, 0.95rem + ((1vw - 3.2px) * 0.765), 23px);\"><em><strong>Novo concurso PMGO pode ser realizado em 2026. \u00daltimo edital contou com 1.670 vagas para Soldado, Cadete e Tenente!<\/strong><\/em><\/p>\n\n\n\n<div style=\"height:20px\" aria-hidden=\"true\" class=\"wp-block-spacer\"><\/div>\n\n\n\n<hr class=\"wp-block-separator has-alpha-channel-opacity\"\/>\n\n\n<a id=\"cta-icon\" href=\"https:\/\/www.redirectmais.com\/wpp\/pm-go-grupo\" target=\"blank\" style=\"background:rgb(41,166,26)\">\n            <img decoding=\"async\" src=\"https:\/\/dhg1h5j42swfq.cloudfront.net\/2023\/12\/07154107\/whatsapp_13851.png\" alt=\"logo grupo whatsapp estrat\u00e9gia concursos\" alt=\"whatsapp_1385[1]\"><span > Acesse agora o Grupo de Estudos para o Concurso PM GO<\/span><\/a>\n\n\n\n<div style=\"height:20px\" aria-hidden=\"true\" class=\"wp-block-spacer\"><\/div>\n\n\n\n<p>Um novo <strong>concurso PMGO<\/strong> (<a href=\"https:\/\/www.estrategiaconcursos.com.br\/cursosPorConcurso\/policia-militar-go\/\" target=\"_blank\" rel=\"noreferrer noopener\">Pol\u00edcia Militar do Estado de Goi\u00e1s<\/a>) pode ser realizado a partir de 2026. Segundo o comandante-geral, coronel Marcelo Granja, a realiza\u00e7\u00e3o do certame est\u00e1 sendo discutida.<\/p>\n\n\n\n<p>A informa\u00e7\u00e3o foi revelada durante solenidade da Opera\u00e7\u00e3o de Est\u00e1gio Supervisionado do Curso de Forma\u00e7\u00e3o de Pra\u00e7as: <em>&#8220;Estamos com algumas discuss\u00f5es para um novo certame, pois a Pol\u00edcia Militar tem que estar presente nos 246 munic\u00edpios.&#8221;<\/em><\/p>\n\n\n\n<p>Vale lembrar que, em fevereiro de 2024, o coronel Durvalino C\u00e2mara revelou que a sele\u00e7\u00e3o estaria em fase de planejamento e que o pedido de edital ocorreria em breve.<\/p>\n\n\n\n<p>&#8220;<em>O comando-geral, atrav\u00e9s do coronel Andr\u00e9, nosso comandante-geral, j\u00e1 est\u00e1 em um planejamento para apresentar ao governador um novo concurso p\u00fablico, justamente pensando tanto na carreira dos Oficiais quanto de Pra\u00e7as<\/em>.&#8221;<\/p>\n\n\n\n<p>Inclusive, conv\u00e9m frisar que a Associa\u00e7\u00e3o dos Oficiais da Pol\u00edcia e Corpo de Bombeiros Militar (ASSOF), por meio de seu presidente, cel. Cardoso, <strong>solicitou um novo edital com 180 vagas para Oficial, em car\u00e1ter de urg\u00eancia.<\/strong><\/p>\n\n\n\n<ul class=\"wp-block-list has-very-light-gray-to-cyan-bluish-gray-gradient-background has-background\">\n<li><strong>Concurso PMGO<\/strong> &#8211; <strong>Oficiais e Soldados<\/strong><\/li>\n\n\n\n<li><strong>Situa\u00e7\u00e3o<\/strong>: previsto em 2026<\/li>\n\n\n\n<li><strong>Vagas<\/strong>: a definir<\/li>\n\n\n\n<li><strong>Sal\u00e1rio inicial:<\/strong>&nbsp;R$ 6.353,13 a R$ 13.901,60 [\u00faltimo edital]<\/li>\n\n\n\n<li><strong>Editais 2022<\/strong>: <a href=\"https:\/\/dhg1h5j42swfq.cloudfront.net\/2022\/05\/31121749\/edital-abertura-003-2022cadete-tentente-pmgo.pdf\" target=\"_blank\" rel=\"noreferrer noopener nofollow\">PMGO-Oficiais<\/a> | <a href=\"https:\/\/dhg1h5j42swfq.cloudfront.net\/2022\/05\/31121844\/edital_abertura_policia_militar_do_estado_de_goias.pdf\" target=\"_blank\" rel=\"noreferrer noopener nofollow\">PMGO-Soldado<\/a><\/li>\n<\/ul>\n\n\n\n<p>O \u00faltimo concurso PMGO ofertou <strong>1.670 vagas<\/strong>, sendo 1.500 para Soldado Combatente, 20 para Soldado M\u00fasico, 100 para Cadete e 50 para Tenente (sa\u00fade). Segundo informa\u00e7\u00f5es, a sele\u00e7\u00e3o para 2\u00ba Tenente &#8211; Sa\u00fade foi prorrogada por mais dois anos, seguindo vigente at\u00e9 abril de 2027.<\/p>\n\n\n\n<p id=\"indice\">Ao longo deste artigo \u00e9 poss\u00edvel conferir todas as novidades, al\u00e9m das principais informa\u00e7\u00f5es sobre o concurso PM GO. Acompanhe pelos t\u00f3picos: <\/p>\n\n\n\n<ul class=\"wp-block-list\">\n<li><a href=\"#situ\">Situa\u00e7\u00e3o atual do novo concurso<\/a>\n<ul class=\"wp-block-list\">\n<li><a href=\"#solicitado\">Concurso solicitado<\/a><\/li>\n\n\n\n<li><a href=\"#concurso-discussao\">Concurso em discuss\u00e3o<\/a><\/li>\n\n\n\n<li><a href=\"#previsto\">Concurso previsto<\/a><\/li>\n<\/ul>\n<\/li>\n\n\n\n<li><a href=\"#situacao-atual\">Edital publicado &#8211; 2022<\/a>\n<ul class=\"wp-block-list\">\n<li><a href=\"#retificacoes\">Retifica\u00e7\u00f5es<\/a><\/li>\n\n\n\n<li><a href=\"#cargos-vagas\">Cargos e vagas<\/a><\/li>\n\n\n\n<li><a href=\"#etapas\">Etapas e provas<\/a><\/li>\n\n\n\n<li><a href=\"#h-nomeacoes\">Nomea\u00e7\u00f5es<\/a><\/li>\n<\/ul>\n<\/li>\n\n\n\n<li><a href=\"#carreira\">Carreira da PM GO<\/a>\n<ul class=\"wp-block-list\">\n<li><a href=\"#vago\">Cargos vagos<\/a><\/li>\n\n\n\n<li><a href=\"#requisito-basicos-soldado-pm-go\">Requisitos Soldado<\/a><\/li>\n\n\n\n<li><a href=\"#requisito-cadete\">Requisitos Cadete<\/a><\/li>\n\n\n\n<li><a href=\"#salario\">Remunera\u00e7\u00e3o<\/a><\/li>\n<\/ul>\n<\/li>\n\n\n\n<li><a href=\"#ultimo-concurso\">\u00daltimo concurso<\/a>\n<ul class=\"wp-block-list\">\n<li><a href=\"#fases\">Etapas do concurso<\/a><\/li>\n\n\n\n<li><a href=\"#nomeacoes\">Nomea\u00e7\u00f5es<\/a><\/li>\n\n\n\n<li><a href=\"#nota-corte\">Nota de corte<\/a><\/li>\n<\/ul>\n<\/li>\n\n\n\n<li><a href=\"#estrategico\">Edital Estrat\u00e9gico<\/a><\/li>\n\n\n\n<li><a href=\"#cursos-assinatura\">Cursos e Assinaturas<\/a><\/li>\n\n\n\n<li><a href=\"#informacoes-do-ultimo-concurso-pm-go\">Ficha t\u00e9cnica<\/a><\/li>\n<\/ul>\n\n\n\n<div class=\"container\" id=\"boxes\">\n  <div class=\"row\">\n\n    <div class=\"col-sm\">\n      <div class=\"banner-policia-militar\" id=\"box-assinatura\">\n        <h2 class=\"titulo-assinatura\">Concurso PM GO<\/h2>\n        <p class=\"subtitulo-assinatura\">Rumo \u00e0 carreira policial dos seus sonhos! \u2b50<\/p>\n        <div class=\"box-botao\">\n          <a class=\"btn-assinatura\" target=\"_blank\" href=\"https:\/\/www.estrategiaconcursos.com.br\/cursosPorConcurso\/policia-militar-go\/\" role=\"button\" rel=\"noopener noreferrer\">COMECE J\u00c1<\/a>\n        <\/div>\n      <\/div>\n      <p class=\"texto-auxiliar\"><\/p>\n    <\/div>\n\n  <\/div>\n<\/div>\n\n\n\n<h2 class=\"wp-block-heading has-very-light-gray-to-cyan-bluish-gray-gradient-background has-background\" id=\"h-concurso-pmgo-situacao-atual\">Concurso PMGO: situa\u00e7\u00e3o atual<\/h2>\n\n\n\n<p>Veja abaixo as informa\u00e7\u00f5es mais importantes sobre o Concurso PMGO:<\/p>\n\n\n\n<h3 class=\"wp-block-heading\" id=\"solicitado\">Concurso solicitado<\/h3>\n\n\n\n<p>A Associa\u00e7\u00e3o dos Oficiais da Pol\u00edcia e Corpo de Bombeiros Militar (ASSOF), por meio de seu presidente, cel. Cardoso, solicitou um novo edital com 180 vagas para Oficial, em car\u00e1ter de urg\u00eancia.<\/p>\n\n\n\n<p>A informa\u00e7\u00e3o foi confirmada atrav\u00e9s das redes sociais ainda em 2025. Veja abaixo:<\/p>\n\n\n\n<blockquote class=\"instagram-media\" data-instgrm-captioned data-instgrm-permalink=\"https:\/\/www.instagram.com\/reel\/DHY3BSaOcck\/?utm_source=ig_embed&amp;utm_campaign=loading\" data-instgrm-version=\"14\" style=\" background:#FFF; border:0; border-radius:3px; box-shadow:0 0 1px 0 rgba(0,0,0,0.5),0 1px 10px 0 rgba(0,0,0,0.15); margin: 1px; max-width:540px; min-width:326px; padding:0; width:99.375%; width:-webkit-calc(100% - 2px); width:calc(100% - 2px);\"><div style=\"padding:16px;\"> <a href=\"https:\/\/www.instagram.com\/reel\/DHY3BSaOcck\/?utm_source=ig_embed&amp;utm_campaign=loading\" style=\" background:#FFFFFF; line-height:0; padding:0 0; text-align:center; text-decoration:none; width:100%;\" target=\"_blank\"> <div style=\" display: flex; flex-direction: row; align-items: center;\"> <div style=\"background-color: #F4F4F4; border-radius: 50%; flex-grow: 0; height: 40px; margin-right: 14px; width: 40px;\"><\/div> <div style=\"display: flex; flex-direction: column; flex-grow: 1; justify-content: center;\"> <div style=\" background-color: #F4F4F4; border-radius: 4px; flex-grow: 0; height: 14px; margin-bottom: 6px; width: 100px;\"><\/div> <div style=\" background-color: #F4F4F4; border-radius: 4px; flex-grow: 0; height: 14px; width: 60px;\"><\/div><\/div><\/div><div style=\"padding: 19% 0;\"><\/div> <div style=\"display:block; height:50px; margin:0 auto 12px; width:50px;\"><svg width=\"50px\" height=\"50px\" viewBox=\"0 0 60 60\" version=\"1.1\" xmlns=\"https:\/\/www.w3.org\/2000\/svg\" xmlns:xlink=\"https:\/\/www.w3.org\/1999\/xlink\"><g stroke=\"none\" stroke-width=\"1\" fill=\"none\" fill-rule=\"evenodd\"><\/g><g transform=\"translate(-511.000000, -20.000000)\" fill=\"#000000\"><\/g><g><path d=\"M556.869,30.41 C554.814,30.41 553.148,32.076 553.148,34.131 C553.148,36.186 554.814,37.852 556.869,37.852 C558.924,37.852 560.59,36.186 560.59,34.131 C560.59,32.076 558.924,30.41 556.869,30.41 M541,60.657 C535.114,60.657 530.342,55.887 530.342,50 C530.342,44.114 535.114,39.342 541,39.342 C546.887,39.342 551.658,44.114 551.658,50 C551.658,55.887 546.887,60.657 541,60.657 M541,33.886 C532.1,33.886 524.886,41.1 524.886,50 C524.886,58.899 532.1,66.113 541,66.113 C549.9,66.113 557.115,58.899 557.115,50 C557.115,41.1 549.9,33.886 541,33.886 M565.378,62.101 C565.244,65.022 564.756,66.606 564.346,67.663 C563.803,69.06 563.154,70.057 562.106,71.106 C561.058,72.155 560.06,72.803 558.662,73.347 C557.607,73.757 556.021,74.244 553.102,74.378 C549.944,74.521 548.997,74.552 541,74.552 C533.003,74.552 532.056,74.521 528.898,74.378 C525.979,74.244 524.393,73.757 523.338,73.347 C521.94,72.803 520.942,72.155 519.894,71.106 C518.846,70.057 518.197,69.06 517.654,67.663 C517.244,66.606 516.755,65.022 516.623,62.101 C516.479,58.943 516.448,57.996 516.448,50 C516.448,42.003 516.479,41.056 516.623,37.899 C516.755,34.978 517.244,33.391 517.654,32.338 C518.197,30.938 518.846,29.942 519.894,28.894 C520.942,27.846 521.94,27.196 523.338,26.654 C524.393,26.244 525.979,25.756 528.898,25.623 C532.057,25.479 533.004,25.448 541,25.448 C548.997,25.448 549.943,25.479 553.102,25.623 C556.021,25.756 557.607,26.244 558.662,26.654 C560.06,27.196 561.058,27.846 562.106,28.894 C563.154,29.942 563.803,30.938 564.346,32.338 C564.756,33.391 565.244,34.978 565.378,37.899 C565.522,41.056 565.552,42.003 565.552,50 C565.552,57.996 565.522,58.943 565.378,62.101 M570.82,37.631 C570.674,34.438 570.167,32.258 569.425,30.349 C568.659,28.377 567.633,26.702 565.965,25.035 C564.297,23.368 562.623,22.342 560.652,21.575 C558.743,20.834 556.562,20.326 553.369,20.18 C550.169,20.033 549.148,20 541,20 C532.853,20 531.831,20.033 528.631,20.18 C525.438,20.326 523.257,20.834 521.349,21.575 C519.376,22.342 517.703,23.368 516.035,25.035 C514.368,26.702 513.342,28.377 512.574,30.349 C511.834,32.258 511.326,34.438 511.181,37.631 C511.035,40.831 511,41.851 511,50 C511,58.147 511.035,59.17 511.181,62.369 C511.326,65.562 511.834,67.743 512.574,69.651 C513.342,71.625 514.368,73.296 516.035,74.965 C517.703,76.634 519.376,77.658 521.349,78.425 C523.257,79.167 525.438,79.673 528.631,79.82 C531.831,79.965 532.853,80.001 541,80.001 C549.148,80.001 550.169,79.965 553.369,79.82 C556.562,79.673 558.743,79.167 560.652,78.425 C562.623,77.658 564.297,76.634 565.965,74.965 C567.633,73.296 568.659,71.625 569.425,69.651 C570.167,67.743 570.674,65.562 570.82,62.369 C570.966,59.17 571,58.147 571,50 C571,41.851 570.966,40.831 570.82,37.631\"><\/path><\/g><\/svg><\/div><div style=\"padding-top: 8px;\"> <div style=\" color:#3897f0; font-family:Arial,sans-serif; font-size:14px; font-style:normal; font-weight:550; line-height:18px;\">Ver essa foto no Instagram<\/div><\/div><div style=\"padding: 12.5% 0;\"><\/div> <div style=\"display: flex; flex-direction: row; margin-bottom: 14px; align-items: center;\"><div> <div style=\"background-color: #F4F4F4; border-radius: 50%; height: 12.5px; width: 12.5px; transform: translateX(0px) translateY(7px);\"><\/div> <div style=\"background-color: #F4F4F4; height: 12.5px; transform: rotate(-45deg) translateX(3px) translateY(1px); width: 12.5px; flex-grow: 0; margin-right: 14px; margin-left: 2px;\"><\/div> <div style=\"background-color: #F4F4F4; border-radius: 50%; height: 12.5px; width: 12.5px; transform: translateX(9px) translateY(-18px);\"><\/div><\/div><div style=\"margin-left: 8px;\"> <div style=\" background-color: #F4F4F4; border-radius: 50%; flex-grow: 0; height: 20px; width: 20px;\"><\/div> <div style=\" width: 0; height: 0; border-top: 2px solid transparent; border-left: 6px solid #f4f4f4; border-bottom: 2px solid transparent; transform: translateX(16px) translateY(-4px) rotate(30deg)\"><\/div><\/div><div style=\"margin-left: auto;\"> <div style=\" width: 0px; border-top: 8px solid #F4F4F4; border-right: 8px solid transparent; transform: translateY(16px);\"><\/div> <div style=\" background-color: #F4F4F4; flex-grow: 0; height: 12px; width: 16px; transform: translateY(-4px);\"><\/div> <div style=\" width: 0; height: 0; border-top: 8px solid #F4F4F4; border-left: 8px solid transparent; transform: translateY(-4px) translateX(8px);\"><\/div><\/div><\/div> <div style=\"display: flex; flex-direction: column; flex-grow: 1; justify-content: center; margin-bottom: 24px;\"> <div style=\" background-color: #F4F4F4; border-radius: 4px; flex-grow: 0; height: 14px; margin-bottom: 6px; width: 224px;\"><\/div> <div style=\" background-color: #F4F4F4; border-radius: 4px; flex-grow: 0; height: 14px; width: 144px;\"><\/div><\/div><\/a><p style=\" color:#c9c8cd; font-family:Arial,sans-serif; font-size:14px; line-height:17px; margin-bottom:0; margin-top:8px; overflow:hidden; padding:8px 0 7px; text-align:center; text-overflow:ellipsis; white-space:nowrap;\"><a href=\"https:\/\/www.instagram.com\/reel\/DHY3BSaOcck\/?utm_source=ig_embed&amp;utm_campaign=loading\" style=\" color:#c9c8cd; font-family:Arial,sans-serif; font-size:14px; font-style:normal; font-weight:normal; line-height:17px; text-decoration:none;\" target=\"_blank\">Um post compartilhado por ASSOF PM | BM DE GOIA\u0301S (@assof.go)<\/a><\/p><\/div><\/blockquote>\n<script async src=\"\/\/www.instagram.com\/embed.js\"><\/script>\n\n\n\n<h3 class=\"wp-block-heading\" id=\"concurso-discussao\">Concurso PMGO em discuss\u00e3o<\/h3>\n\n\n\n<p>Segundo o comandante-geral da Pol\u00edcia Militar do Estado de Goi\u00e1s, coronel Marcelo Granja, a <strong>realiza\u00e7\u00e3o de um novo concurso p\u00fablico PM GO est\u00e1 sendo discutida<\/strong>.<\/p>\n\n\n\n<p>As informa\u00e7\u00f5es foram reveladas durante solenidade da Opera\u00e7\u00e3o de Est\u00e1gio Supervisionado do Curso de Forma\u00e7\u00e3o de Pra\u00e7as.<\/p>\n\n\n\n<p class=\"has-text-align-center has-medium-font-size\"><em>&#8220;Estamos com algumas discuss\u00f5es para um novo certame, pois a Pol\u00edcia Militar tem que estar presente nos 246 munic\u00edpios.&#8221;<\/em><\/p>\n\n\n\n<h3 class=\"wp-block-heading\" id=\"previsto\">Novo concurso previsto<\/h3>\n\n\n\n<p>Um novo <strong>concurso PM GO<\/strong> (Pol\u00edcia Militar de Goi\u00e1s) est\u00e1 em fase de planejamento e pode ser solicitado em breve, segundo informa\u00e7\u00f5es do Coronel Durvalino C\u00e2mara.<\/p>\n\n\n\n<p>A informa\u00e7\u00e3o foi confirmada durante entrevista ao <a href=\"https:\/\/www.youtube.com\/watch?v=r0vgH1S0HEo\" target=\"_blank\" rel=\"noreferrer noopener nofollow\">Programa Na Cena do Crime da TV Serra Dourada<\/a>. &#8220;<em>O comando-geral, atrav\u00e9s do Coronel Andr\u00e9, nosso comandante-geral, j\u00e1 est\u00e1 em um planejamento para apresentar ao governador um novo concurso p\u00fablico, justamente pensando tanto na carreira dos Oficiais, tanto na carreira das pra\u00e7as<\/em>.&#8221;<\/p>\n\n\n\n<h2 class=\"wp-block-heading has-very-light-gray-to-cyan-bluish-gray-gradient-background has-background\" id=\"situacao-atual\">Concurso PMGO 2022: informa\u00e7\u00f5es do edital<\/h2>\n\n\n\n<h3 class=\"wp-block-heading\" id=\"retificacoes\">Retifica\u00e7\u00f5es<\/h3>\n\n\n\n<div class=\"wp-block-columns is-layout-flex wp-container-core-columns-is-layout-28f84493 wp-block-columns-is-layout-flex\">\n<div class=\"wp-block-column is-layout-flow wp-block-column-is-layout-flow\">\n<ul class=\"wp-block-list\">\n<li><strong>Soldados:<\/strong><\/li>\n\n\n\n<li><a href=\"https:\/\/dhg1h5j42swfq.cloudfront.net\/2022\/04\/29154317\/pmgo-retific-2.pdf\" target=\"_blank\" rel=\"noreferrer noopener nofollow\">1\u00aa Retifica\u00e7\u00e3o<\/a>;<\/li>\n\n\n\n<li><a href=\"https:\/\/dhg1h5j42swfq.cloudfront.net\/2022\/05\/31122033\/termo_de_retificacao_anexo_ii_pmgo.pdf\" target=\"_blank\" rel=\"noreferrer noopener nofollow\">2\u00aa Retifica\u00e7\u00e3o<\/a>;<\/li>\n\n\n\n<li><a href=\"https:\/\/dhg1h5j42swfq.cloudfront.net\/2022\/05\/31122036\/terc-retifica-soldado.pdf\" target=\"_blank\" rel=\"noreferrer noopener nofollow\">3\u00aa Retifica\u00e7\u00e3o<\/a>.<\/li>\n<\/ul>\n<\/div>\n\n\n\n<div class=\"wp-block-column is-layout-flow wp-block-column-is-layout-flow\">\n<ul class=\"wp-block-list\">\n<li><strong>Oficiais:<\/strong><\/li>\n\n\n\n<li><a href=\"https:\/\/dhg1h5j42swfq.cloudfront.net\/2022\/04\/29154325\/pmgo-retific-3.pdf\" target=\"_blank\" rel=\"noreferrer noopener nofollow\">1\u00aa Retifica\u00e7\u00e3o<\/a>;<\/li>\n\n\n\n<li><a href=\"https:\/\/dhg1h5j42swfq.cloudfront.net\/2022\/05\/31122235\/segundo_termo_de_retificacao_pmgo.pdf\" target=\"_blank\" rel=\"noreferrer noopener nofollow\">2\u00aa Retifica\u00e7\u00e3o<\/a>;<\/li>\n\n\n\n<li><a href=\"https:\/\/dhg1h5j42swfq.cloudfront.net\/2022\/05\/31122242\/terc-retifica-ten-cadete.pdf\" target=\"_blank\" rel=\"noreferrer noopener nofollow\">3\u00aa Retifica\u00e7\u00e3o<\/a>.<\/li>\n<\/ul>\n<\/div>\n<\/div>\n\n\n\n<h3 class=\"wp-block-heading\" id=\"cargos-vagas\">Cargos e vagas <\/h3>\n\n\n\n<figure class=\"wp-block-table is-style-stripes\"><table class=\"has-very-light-gray-to-cyan-bluish-gray-gradient-background has-background has-fixed-layout\"><thead><tr><th class=\"has-text-align-center\" data-align=\"center\">Cargo<\/th><th class=\"has-text-align-center\" data-align=\"center\">Vagas<\/th><th class=\"has-text-align-center\" data-align=\"center\">Sal\u00e1rio<\/th><\/tr><\/thead><tbody><tr><td class=\"has-text-align-center\" data-align=\"center\">Soldado Combatente<\/td><td class=\"has-text-align-center\" data-align=\"center\">1.500<\/td><td class=\"has-text-align-center\" data-align=\"center\">R$ 6.353,13<\/td><\/tr><tr><td class=\"has-text-align-center\" data-align=\"center\">Soldado M\u00fasico<\/td><td class=\"has-text-align-center\" data-align=\"center\">20<\/td><td class=\"has-text-align-center\" data-align=\"center\">R$ 6.353,13<\/td><\/tr><tr><td class=\"has-text-align-center\" data-align=\"center\">Cadete<\/td><td class=\"has-text-align-center\" data-align=\"center\">100<\/td><td class=\"has-text-align-center\" data-align=\"center\">R$ 8.433,73 (1\u00ba ano)<\/td><\/tr><tr><td class=\"has-text-align-center\" data-align=\"center\">2\u00ba Tenente<\/td><td class=\"has-text-align-center\" data-align=\"center\">50<\/td><td class=\"has-text-align-center\" data-align=\"center\">R$ 13.901,60<\/td><\/tr><\/tbody><\/table><figcaption class=\"wp-element-caption\">Quadro de vagas e sal\u00e1rio do Concurso PM GO<\/figcaption><\/figure>\n\n\n\n<p><strong>Principais requisitos:<\/strong><\/p>\n\n\n\n<ul class=\"wp-block-list\">\n<li>N\u00edvel superior (qualquer \u00e1rea para Soldados, Direito para Cadete e \u00e1rea espec\u00edfica para 2\u00ba Tenente);<\/li>\n\n\n\n<li>CNH na categoria B;<\/li>\n\n\n\n<li>Altura m\u00ednima de 1,65m para homens e 1,60m para mulheres;<\/li>\n\n\n\n<li>Idade m\u00e1xima de 30 anos para Soldado, 32 anos para Cadete e 35 anos para Tenente.<\/li>\n<\/ul>\n\n\n\n<h3 class=\"wp-block-heading\">Demanda de inscritos<\/h3>\n\n\n\n<p>Foram registrados&nbsp;<strong>52.741 candidatos inscritos no Concurso PM Goi\u00e1s 2022<\/strong>, entre homens e mulheres.<\/p>\n\n\n\n<ul class=\"wp-block-list\">\n<li>Goi\u00e2nia: 12.765 <\/li>\n\n\n\n<li>Aparecida de Goi\u00e2nia: 3.225 <\/li>\n\n\n\n<li>An\u00e1polis: 3.049 <\/li>\n\n\n\n<li>Cidade de Goi\u00e1s: 2.144 <\/li>\n\n\n\n<li>Luzi\u00e2nia: 3.386 <\/li>\n\n\n\n<li>Itumbiara: 1.423 <\/li>\n\n\n\n<li>S\u00e3o Lu\u00eds de Montes Belos: 2.530 <\/li>\n\n\n\n<li>Rio Verde: 1.896 <\/li>\n\n\n\n<li>Catal\u00e3o: 1.586 <\/li>\n\n\n\n<li>Ceres: 2.274 <\/li>\n\n\n\n<li>Formosa: 2.179 <\/li>\n\n\n\n<li>Porangatu: 1.743 <\/li>\n\n\n\n<li>Posse: 1.983 <\/li>\n\n\n\n<li>Jata\u00ed: 1.648 <\/li>\n\n\n\n<li>Goian\u00e9sia: 1.941 <\/li>\n\n\n\n<li>Trindade: 2.226 <\/li>\n\n\n\n<li>\u00c1guas Lindas: 3.010 <\/li>\n\n\n\n<li>Urua\u00e7u: 2.175 <\/li>\n\n\n\n<li>Caldas Novas: 1.558 <\/li>\n<\/ul>\n\n\n\n<h3 class=\"wp-block-heading\" id=\"etapas\">Etapas e provas do concurso PMGO<\/h3>\n\n\n\n<p>A avalia\u00e7\u00e3o dos candidatos do concurso Pol\u00edcia Militar GO se deu mediante aplica\u00e7\u00e3o das seguintes etapas:<\/p>\n\n\n\n<ul class=\"wp-block-list\">\n<li><strong>1\u00aa Fase:<\/strong> Provas Objetiva e Discursiva\/Reda\u00e7\u00e3o &#8211; eliminat\u00f3ria e classificat\u00f3ria;<\/li>\n\n\n\n<li><strong>2\u00aa Fase: <\/strong>Teste de Avalia\u00e7\u00e3o F\u00edsica &#8211; eliminat\u00f3rio;<\/li>\n\n\n\n<li><strong>3\u00aa Fase:<\/strong> Teste de Habilidade Espec\u00edfica, exclusivo para Soldado M\u00fasico &#8211; eliminat\u00f3rio<\/li>\n\n\n\n<li><strong>4\u00aa Fase: <\/strong>Avalia\u00e7\u00e3o m\u00e9dica e Avalia\u00e7\u00e3o psicol\u00f3gica &#8211; eliminat\u00f3ria; <\/li>\n\n\n\n<li><strong>5\u00aa Fase: <\/strong>Avalia\u00e7\u00e3o da vida pregressa e Investiga\u00e7\u00e3o social &#8211; eliminat\u00f3rio.<\/li>\n<\/ul>\n\n\n\n<h4 class=\"wp-block-heading\" id=\"objetiva\">Provas Objetivas<\/h4>\n\n\n\n<p>A Prova Objetiva foi composta de <strong>50 quest\u00f5es de m\u00faltipla escolha<\/strong>, contendo cinco alternativas e apenas uma correta.<\/p>\n\n\n\n<p>Para Soldado, a prova foi aplicada nas cidades de Goi\u00e2nia, Itumbiara, Luzi\u00e2nia, Rio Verde e Urua\u00e7u, no Estado de Goi\u00e1s. Para os demais, apenas em Goi\u00e2nia.<\/p>\n\n\n\n<ul class=\"wp-block-list\">\n<li><strong>Soldado Combatente:<\/strong>\n<ul class=\"wp-block-list\">\n<li>L\u00edngua Portuguesa &#8211; 10<\/li>\n\n\n\n<li>Realidade \u00e9tnica, social, hist\u00f3rica, geogr\u00e1fica, cultural, pol\u00edtica e Econ\u00f4mica de Goi\u00e1s &#8211; 05<\/li>\n\n\n\n<li>No\u00e7\u00f5es de Direito Penal &#8211; 05<\/li>\n\n\n\n<li>No\u00e7\u00f5es de Direito Constitucional &#8211; 06<\/li>\n\n\n\n<li>No\u00e7\u00f5es de Direito Processual Penal &#8211; 05<\/li>\n\n\n\n<li>No\u00e7\u00f5es de Direito Administrativo &#8211; 06<\/li>\n\n\n\n<li>No\u00e7\u00f5es de Direito Penal Militar &#8211; 04<\/li>\n\n\n\n<li>No\u00e7\u00f5es de Direito Processual Penal Militar &#8211; 05<\/li>\n\n\n\n<li>Legisla\u00e7\u00e3o Extravagante &#8211; 04<\/li>\n<\/ul>\n<\/li>\n<\/ul>\n\n\n\n<ul class=\"wp-block-list\">\n<li><strong>Soldado M\u00fasico:<\/strong>\n<ul class=\"wp-block-list\">\n<li>L\u00edngua Portuguesa &#8211; 10<\/li>\n\n\n\n<li>Realidade \u00e9tnica, social, hist\u00f3rica, geogr\u00e1fica, cultural, pol\u00edtica e Econ\u00f4mica de Goi\u00e1s &#8211; 05<\/li>\n\n\n\n<li>No\u00e7\u00f5es de Direito Constitucional &#8211; 05<\/li>\n\n\n\n<li>No\u00e7\u00f5es de Direito Administrativo &#8211; 05<\/li>\n\n\n\n<li>No\u00e7\u00f5es de Direito Penal Militar &#8211; 05<\/li>\n\n\n\n<li>Teoria Musical &#8211; 20<\/li>\n<\/ul>\n<\/li>\n<\/ul>\n\n\n\n<ul class=\"wp-block-list\">\n<li><strong>Cadete:<\/strong>\n<ul class=\"wp-block-list\">\n<li>L\u00edngua Portuguesa &#8211; 10<\/li>\n\n\n\n<li>Realidade \u00e9tnica, social, hist\u00f3rica, geogr\u00e1fica, cultural, pol\u00edtica e Econ\u00f4mica de Goi\u00e1s &#8211; 05<\/li>\n\n\n\n<li>Direito Penal &#8211; 05<\/li>\n\n\n\n<li>Direito Constitucional &#8211; 06<\/li>\n\n\n\n<li>Direito Processual Penal &#8211; 05<\/li>\n\n\n\n<li>Direito Administrativo &#8211; 06<\/li>\n\n\n\n<li>Direito Penal Militar &#8211; 04<\/li>\n\n\n\n<li>Direito Processual Penal Militar &#8211; 04<\/li>\n\n\n\n<li>Legisla\u00e7\u00e3o Extravagante &#8211; 05<\/li>\n<\/ul>\n<\/li>\n<\/ul>\n\n\n\n<ul class=\"wp-block-list\">\n<li><strong>2\u00ba Tenente:<\/strong>\n<ul class=\"wp-block-list\">\n<li>L\u00edngua Portuguesa &#8211; 08<\/li>\n\n\n\n<li>Realidade \u00e9tnica, social, hist\u00f3rica, geogr\u00e1fica, cultural, pol\u00edtica e Econ\u00f4mica de Goi\u00e1s &#8211; 02<\/li>\n\n\n\n<li>Conhecimentos Espec\u00edficos &#8211; 40<\/li>\n<\/ul>\n<\/li>\n<\/ul>\n\n\n\n<p>Para n\u00e3o ser eliminado na Prova Objetiva e permanecer no concurso PM GO, o candidato deveria, al\u00e9m de n\u00e3o ser eliminado por outros crit\u00e9rios estabelecidos neste Edital:<\/p>\n\n\n\n<ul class=\"wp-block-list\">\n<li><strong>a)<\/strong> obter rendimento igual ou superior 60% do valor total da Prova Objetiva;<\/li>\n\n\n\n<li><strong>b) <\/strong>para o cargo de Cadete e Soldado n\u00e3o obter 0 pontos em nenhuma das \u00e1reas de conhecimento;<\/li>\n\n\n\n<li><strong>c) <\/strong>para o cargo de 2\u00ba Tenente n\u00e3o obter 0 pontos nas \u00e1reas de conhecimento, exceto Realidade \u00e9tnica, social, hist\u00f3rica, geogr\u00e1fica, cultural, pol\u00edtica e Econ\u00f4mica do Estado de Goi\u00e1s.<\/li>\n<\/ul>\n\n\n\n<h4 class=\"wp-block-heading\" id=\"prova-discursiva-1\">Prova Discursiva<\/h4>\n\n\n\n<p>A Prova Discursiva para Cadete e 2\u00ba Tenente foi composta por 01 quest\u00e3o de Conhecimentos Espec\u00edficos. O candidato disp\u00f4s de, no m\u00ednimo, 25 linhas, e no m\u00e1ximo, 40 linhas.<\/p>\n\n\n\n<p>A Reda\u00e7\u00e3o para o <strong>cargo de Soldado Combatente<\/strong> e<strong> M\u00fasico<\/strong> foi elaborada a partir de um tema proposto, baseado em um ou mais textos ou fragmentos de textos. O candidato disp\u00f4s de, no m\u00ednimo, 20 linhas, e no m\u00e1ximo, 30 linhas.<\/p>\n\n\n\n<p>Valendo o<strong> m\u00e1ximo de 25 pontos<\/strong>, seria necess\u00e1rio<strong> atingir 60% <\/strong>ou mais do total da pontua\u00e7\u00e3o prevista para a Prova Discursiva e Reda\u00e7\u00e3o do concurso PM GO.<\/p>\n\n\n\n<h4 class=\"wp-block-heading\" id=\"discursiva\">Teste de Avalia\u00e7\u00e3o F\u00edsica <\/h4>\n\n\n\n<p>O <a href=\"https:\/\/www.estrategiaconcursos.com.br\/blog\/preparacao-teste-aptidao-fisica\/\" target=\"_blank\" rel=\"noreferrer noopener\">Teste de Avalia\u00e7\u00e3o F\u00edsica<\/a>, de car\u00e1ter eliminat\u00f3rio, classificou o candidato como APTO ou INAPTO, sendo eliminado o INAPTO.<\/p>\n\n\n\n<p><strong>Testes exigidos<\/strong><\/p>\n\n\n\n<ul class=\"wp-block-list\">\n<li>Tra\u00e7\u00e3o na barra;<\/li>\n\n\n\n<li>Flex\u00e3o de bra\u00e7os;<\/li>\n\n\n\n<li>Abdominal Curl up;<\/li>\n\n\n\n<li>Corrida de 12 minutos; e<\/li>\n\n\n\n<li>Nata\u00e7\u00e3o de 25 metros.<\/li>\n<\/ul>\n\n\n\n<h4 class=\"wp-block-heading\" id=\"teste-de-habilidade-especifica\">Teste de Habilidade Espec\u00edfica<\/h4>\n\n\n\n<p>O Teste de Habilidade Espec\u00edfica, exclusivo para o cargo de Soldado M\u00fasico, foi aplicado pela Pol\u00edcia Militar, constando das seguintes provas:<\/p>\n\n\n\n<ol class=\"wp-block-list\">\n<li>Prova de Ditado R\u00edtmico e Mel\u00f3dico &#8211; valendo 3 pontos;<\/li>\n\n\n\n<li>Prova de Pr\u00e1tica Musical &#8211; valendo 7 pontos.<\/li>\n<\/ol>\n\n\n\n<p>O Teste de Habilidade Espec\u00edfica era eliminat\u00f3rio com notas de 0 a 10.<\/p>\n\n\n\n<h3 class=\"wp-block-heading\" id=\"h-nomeacoes\">Nomea\u00e7\u00f5es<\/h3>\n\n\n\n<ul class=\"wp-block-list\">\n<li><strong>05\/03\/2025<\/strong>: <a href=\"https:\/\/www.estrategiaconcursos.com.br\/blog\/concurso-pm-go-299-aprovados-sao-nomeados\/\" target=\"_blank\" rel=\"noreferrer noopener\">299<\/a><\/li>\n<\/ul>\n\n\n\n<h2 class=\"wp-block-heading has-very-light-gray-to-cyan-bluish-gray-gradient-background has-background\" id=\"carreira\">Concurso PMGO: carreira<\/h2>\n\n\n\n<h3 class=\"wp-block-heading\" id=\"vago\">Cargos vagos<\/h3>\n\n\n\n<p>Atualmente, segundo informa\u00e7\u00f5es do delegado Humberto Te\u00f3filo, mais de <strong>18 mil cargos est\u00e3o vagos<\/strong> na Pol\u00edcia Militar de Goi\u00e1s, somando todas as fun\u00e7\u00f5es da institui\u00e7\u00e3o policial.  <\/p>\n\n\n\n<h3 class=\"wp-block-heading\" id=\"requisito-basicos-soldado-pm-go\">Requisitos b\u00e1sicos para soldado<\/h3>\n\n\n\n<figure class=\"wp-block-table is-style-stripes\"><table class=\"has-very-light-gray-to-cyan-bluish-gray-gradient-background has-background has-fixed-layout\"><tbody><tr><td class=\"has-text-align-center\" data-align=\"center\">Idade m\u00ednima de 18 anos e m\u00e1xima de 30 anos na data da inscri\u00e7\u00e3o <\/td><\/tr><tr><td class=\"has-text-align-center\" data-align=\"center\">N\u00edvel superior em qualquer \u00e1rea de forma\u00e7\u00e3o at\u00e9 a data da incorpora\u00e7\u00e3o\/inclus\u00e3o\/matr\u00edcula nos quadros da Pol\u00edcia Militar do Estado de Goi\u00e1s<\/td><\/tr><tr><td class=\"has-text-align-center\" data-align=\"center\">Altura m\u00ednima de 1,65m (masculino) e 1,60m (feminino) <\/td><\/tr><tr><td class=\"has-text-align-center\" data-align=\"center\">CNH categoria B <\/td><\/tr><\/tbody><\/table><figcaption class=\"wp-element-caption\">Quadro de requisitos para Soldado do concurso PM GO<\/figcaption><\/figure>\n\n\n\n<h3 class=\"wp-block-heading\" id=\"requisito-cadete\">Requisitos b\u00e1sicos para cadete<\/h3>\n\n\n\n<figure class=\"wp-block-table is-style-stripes\"><table class=\"has-very-light-gray-to-cyan-bluish-gray-gradient-background has-background has-fixed-layout\"><tbody><tr><td class=\"has-text-align-center\" data-align=\"center\">Idade m\u00e1xima de 29 anos na data de incorpora\u00e7\u00e3o\/inclus\u00e3o\/matr\u00edcula <\/td><\/tr><tr><td class=\"has-text-align-center\" data-align=\"center\"><strong>Civil<\/strong>: idade m\u00e1xima de 32 anos na promo\u00e7\u00e3o ao primeiro posto<\/td><\/tr><tr><td class=\"has-text-align-center\" data-align=\"center\"><strong>Militar<\/strong>: idade m\u00e1xima de 32 anos na data de matr\u00edcula e m\u00e1xima de 35 anos na promo\u00e7\u00e3o ao primeiro posto <\/td><\/tr><tr><td class=\"has-text-align-center\" data-align=\"center\">Bacharelado em Direito <\/td><\/tr><tr><td class=\"has-text-align-center\" data-align=\"center\">Altura m\u00ednima de 1,65m (masculino) e 1,60m (feminino)  <\/td><\/tr><tr><td class=\"has-text-align-center\" data-align=\"center\">CNH categoria B  <\/td><\/tr><\/tbody><\/table><figcaption class=\"wp-element-caption\">Quadro de requisitos para Cadete do concurso PM GO<\/figcaption><\/figure>\n\n\n\n<h3 class=\"wp-block-heading\" id=\"salario\">Remunera\u00e7\u00e3o do concurso PM GO<\/h3>\n\n\n\n<figure class=\"wp-block-image aligncenter size-large\"><img decoding=\"async\" src=\"https:\/\/dhg1h5j42swfq.cloudfront.net\/2020\/10\/19161821\/Captura-de-Tela-2020-10-19-a%CC%80s-16.16.23-1-1024x742.png\" alt=\"Remunera\u00e7\u00e3o dos cargos do Concurso da PM GO.\" class=\"wp-image-591416\"\/><figcaption class=\"wp-element-caption\">Remunera\u00e7\u00e3o dos cargos da PM GO<\/figcaption><\/figure>\n\n\n\n<h2 class=\"wp-block-heading has-very-light-gray-to-cyan-bluish-gray-gradient-background has-background\" id=\"ultimo-concurso\">Concurso PM GO: \u00faltima edi\u00e7\u00e3o <\/h2>\n\n\n\n<p>O \u00faltimo concurso da PM GO aconteceu em 2016, sob organiza\u00e7\u00e3o da Funrio. Na ocasi\u00e3o, foram ofertadas<strong> 2.500 vagas<\/strong>, sendo<strong> 2.420 para o cargo de Soldado<\/strong> e <strong>80 para Cadete<\/strong>. <\/p>\n\n\n\n<p>As vagas foram distribu\u00eddas para as cidades de Goi\u00e2nia, Aparecida de Goi\u00e2nia, An\u00e1polis, Goi\u00e1s, Luzi\u00e2nia, Itumbiara, Ipor\u00e1, Rio Verde, Catal\u00e3o, Urua\u00e7u, Formosa, Porangatu, Posse, Jata\u00ed, Goian\u00e9sia, Ceres e \u00c1guas Lindas.<\/p>\n\n\n\n<p>O certame registrou 41.829 inscritos, sendo 6.992 inscri\u00e7\u00f5es para Cadete, uma m\u00e9dia de 87 candidatos por vaga e 34.837 para Soldado, aproximadamente, 14 candidatos por vaga.<\/p>\n\n\n\n<ul class=\"wp-block-list\">\n<li><strong>Data: <\/strong>2016<\/li>\n\n\n\n<li><strong>Vagas:<\/strong> 2.500<\/li>\n\n\n\n<li><strong>Cargos: <\/strong>Soldado e Cadete<\/li>\n\n\n\n<li><strong>Banca:<\/strong> Funrio<\/li>\n\n\n\n<li><strong style=\"color: initial;\">Escolaridade: <\/strong><span style=\"color: initial;\">n\u00edvel superior<\/span><\/li>\n\n\n\n<li><strong>Edital:<\/strong> <span class=\"underline\" style=\"text-decoration: underline\"><a href=\"https:\/\/dhg1h5j42swfq.cloudfront.net\/2019\/04\/17144413\/c35a35a289e6d0c73b90d125792f033a.pdf\" target=\"_blank\" rel=\"noreferrer noopener nofollow\">PM GO 2016<\/a><\/span>.<\/li>\n<\/ul>\n\n\n\n<h3 class=\"wp-block-heading\" id=\"fases\">Etapas do \u00faltimo concurso PM GO<\/h3>\n\n\n\n<p>O <strong>concurso PM GO<\/strong> foi regido por quatro fases, sendo elas:<\/p>\n\n\n\n<ul class=\"wp-block-list\">\n<li><strong>1\u00aa Fase:<\/strong> Provas Objetiva e Discursiva &#8211; eliminat\u00f3rio e classificat\u00f3rio;<\/li>\n\n\n\n<li><strong>2\u00aa Fase: <\/strong>Teste de Avalia\u00e7\u00e3o F\u00edsica &#8211; eliminat\u00f3rio;<\/li>\n\n\n\n<li><strong>3\u00aa Fase: <\/strong>Avalia\u00e7\u00e3o m\u00e9dica e Avalia\u00e7\u00e3o psicol\u00f3gica &#8211; eliminat\u00f3rio; e<\/li>\n\n\n\n<li><strong>4\u00aa Fase: <\/strong>Avalia\u00e7\u00e3o da vida pregressa e Investiga\u00e7\u00e3o social &#8211; eliminat\u00f3rio.<\/li>\n<\/ul>\n\n\n\n<h4 class=\"wp-block-heading\" id=\"prova-objetiva\">Prova objetiva<\/h4>\n\n\n\n<p>A prova Objetiva do concurso PM GO foi composta por<strong> 50 quest\u00f5es de m\u00faltipla escolha<\/strong>, que contou com a cobran\u00e7a das seguintes disciplinas:<\/p>\n\n\n\n<p><strong><em>Soldado<\/em><\/strong><\/p>\n\n\n\n<p>Conhecimentos Gerais &#8211; 15 quest\u00f5es (peso 1)<\/p>\n\n\n\n<ul class=\"wp-block-list\">\n<li><em>L\u00edngua Portuguesa<\/em><\/li>\n\n\n\n<li><em>Realidade \u00e9tnica, social, hist\u00f3rica, geogr\u00e1fica, cultural, pol\u00edtica e econ\u00f4mica do Estado de Goi\u00e1s<\/em><\/li>\n<\/ul>\n\n\n\n<p>Conhecimentos Espec\u00edficos &#8211; 35 quest\u00f5es (peso 2)<\/p>\n\n\n\n<ul class=\"wp-block-list\">\n<li><em>No\u00e7\u00f5es de Direito Penal <\/em><\/li>\n\n\n\n<li><em>No\u00e7\u00f5es de Direito Constitucional<\/em><\/li>\n\n\n\n<li><em>No\u00e7\u00f5es de Direito Processual Penal<\/em><\/li>\n\n\n\n<li><em>No\u00e7\u00f5es de Direito Administrativo<\/em><\/li>\n\n\n\n<li><em>No\u00e7\u00f5es de Direito Penal Militar<\/em><\/li>\n\n\n\n<li><em>Legisla\u00e7\u00e3o Extravagante<\/em><\/li>\n<\/ul>\n\n\n\n<p><strong><em>Cadete<\/em><\/strong><\/p>\n\n\n\n<p>Conhecimentos Gerais &#8211; 15 quest\u00f5es (peso 1)<\/p>\n\n\n\n<ul class=\"wp-block-list\">\n<li><em>L\u00edngua Portuguesa<\/em><\/li>\n\n\n\n<li><em>Realidade \u00e9tnica, social, hist\u00f3rica, geogr\u00e1fica, cultural, pol\u00edtica e econ\u00f4mica do Estado de Goi\u00e1s<\/em><\/li>\n<\/ul>\n\n\n\n<p>Conhecimentos Espec\u00edficos &#8211; 35 quest\u00f5es (peso 2)<\/p>\n\n\n\n<ul class=\"wp-block-list\">\n<li><em>Direito Penal <\/em><\/li>\n\n\n\n<li><em>Direito Constitucional<\/em><\/li>\n\n\n\n<li><em>Direito Processual Penal<\/em><\/li>\n\n\n\n<li><em>Direito Administrativo<\/em><\/li>\n\n\n\n<li><em>Direito Penal Militar<\/em><\/li>\n\n\n\n<li><em>Legisla\u00e7\u00e3o Extravagante<\/em><\/li>\n<\/ul>\n\n\n\n<h4 class=\"wp-block-heading\" id=\"prova-discursiva\">Prova discursiva<\/h4>\n\n\n\n<p>A prova Discursiva do concurso PM GO consistiu de uma <strong>reda\u00e7\u00e3o de texto dissertativo de at\u00e9 30 linhas<\/strong>, valendo, no m\u00e1ximo, <strong>15 pontos<\/strong>. Os crit\u00e9rios de avalia\u00e7\u00e3o foram:<\/p>\n\n\n\n<ul class=\"wp-block-list\">\n<li>Tema\/Texto\/Conhecimentos Espec\u00edficos do assunto: de 0 a 4 pontos<\/li>\n\n\n\n<li>Argumenta\u00e7\u00e3o: de 0 a 4 pontos<\/li>\n\n\n\n<li>Clareza e Objetividade da Exposi\u00e7\u00e3o e Gram\u00e1tica: de 0 a 3 pontos<\/li>\n\n\n\n<li>Elabora\u00e7\u00e3o Cr\u00edtica: de 0 a 4 pontos<\/li>\n<\/ul>\n\n\n\n<h4 class=\"wp-block-heading\" id=\"teste-de-aptidao-fisica-taf\">Teste de Aptid\u00e3o F\u00edsica (TAF)<\/h4>\n\n\n\n<figure class=\"wp-block-table is-style-stripes\"><table class=\"has-very-light-gray-to-cyan-bluish-gray-gradient-background has-background has-fixed-layout\"><tbody><tr><td class=\"has-text-align-center\" data-align=\"center\"><strong>MASCULINO<\/strong><\/td><td class=\"has-text-align-center\" data-align=\"center\"><strong>FEMININO<\/strong><\/td><\/tr><tr><td class=\"has-text-align-center\" data-align=\"center\">Teste de tra\u00e7\u00e3o na barra fixa <\/td><td class=\"has-text-align-center\" data-align=\"center\">Teste de tra\u00e7\u00e3o na barra isometria <\/td><\/tr><tr><td class=\"has-text-align-center\" data-align=\"center\">Flex\u00e3o de bra\u00e7o sobre o solo em quatro apoios <\/td><td class=\"has-text-align-center\" data-align=\"center\">Flex\u00e3o de bra\u00e7o sobre o solo em seis apoios <\/td><\/tr><tr><td class=\"has-text-align-center\" data-align=\"center\">Abdominal<em> Curl-up<\/em> <\/td><td class=\"has-text-align-center\" data-align=\"center\">Abdominal<em> Curl-up<\/em>  <\/td><\/tr><tr><td class=\"has-text-align-center\" data-align=\"center\">Corrida de 12 minutos <\/td><td class=\"has-text-align-center\" data-align=\"center\">Corrida de 12 minutos  <\/td><\/tr><tr><td class=\"has-text-align-center\" data-align=\"center\">Nata\u00e7\u00e3o de 25 metros <\/td><td class=\"has-text-align-center\" data-align=\"center\">Nata\u00e7\u00e3o de 25 metros  <\/td><\/tr><\/tbody><\/table><figcaption class=\"wp-element-caption\">Quadro de exerc\u00edcios do TAF Masculino e Feminino<\/figcaption><\/figure>\n\n\n\n<h3 class=\"wp-block-heading\" id=\"nomeacoes\">Nomea\u00e7\u00f5es<\/h3>\n\n\n\n<p>Segundo resposta obtida por meio da Ouvidoria da Pol\u00edcia Militar de Goi\u00e1s, <strong>2.329 nomea\u00e7\u00f5es<\/strong> referentes ao concurso realizado em 2016 j\u00e1 foram realizadas, sendo: <\/p>\n\n\n\n<figure class=\"wp-block-table is-style-stripes\"><table class=\"has-very-light-gray-to-cyan-bluish-gray-gradient-background has-background has-fixed-layout\"><tbody><tr><td class=\"has-text-align-center\" data-align=\"center\"><strong>Soldado<\/strong><\/td><td class=\"has-text-align-center\" data-align=\"center\"><strong>Cadete<\/strong><\/td><\/tr><tr><td class=\"has-text-align-center\" data-align=\"center\">2.225<\/td><td class=\"has-text-align-center\" data-align=\"center\">104<\/td><\/tr><\/tbody><\/table><figcaption class=\"wp-element-caption\">Quadro de nomea\u00e7\u00f5es realizadas por cargo<\/figcaption><\/figure>\n\n\n\n<h3 class=\"wp-block-heading\" id=\"nota-corte\">Nota de corte do concurso PM GO<\/h3>\n\n\n\n<p>A nota de corte do concurso PM GO para o cargo de cadete foi de <strong>75 pontos <\/strong>para candidatas do sexo feminino e <strong>74 <\/strong>para candidatos do sexo masculino. J\u00e1 para Soldado, as notas variaram entre 44 e 60 pontos de acordo com a cidade:<\/p>\n\n\n\n<figure class=\"wp-block-table is-style-stripes\"><table class=\"has-very-light-gray-to-cyan-bluish-gray-gradient-background has-background has-fixed-layout\"><tbody><tr><td class=\"has-text-align-center\" data-align=\"center\"><strong>MUNIC\u00cdPIO<\/strong><\/td><td class=\"has-text-align-center\" data-align=\"center\"><strong>FEMININO<\/strong><\/td><td class=\"has-text-align-center\" data-align=\"center\"><strong>MASCULINO<\/strong><\/td><\/tr><tr><td class=\"has-text-align-center\" data-align=\"center\">An\u00e1polis<\/td><td class=\"has-text-align-center\" data-align=\"center\">49<\/td><td class=\"has-text-align-center\" data-align=\"center\">54<\/td><\/tr><tr><td class=\"has-text-align-center\" data-align=\"center\">\u00c1guas Lindas<\/td><td class=\"has-text-align-center\" data-align=\"center\">49<\/td><td class=\"has-text-align-center\" data-align=\"center\">60<\/td><\/tr><tr><td class=\"has-text-align-center\" data-align=\"center\">Aparecida de Goi\u00e2nia<\/td><td class=\"has-text-align-center\" data-align=\"center\">44<\/td><td class=\"has-text-align-center\" data-align=\"center\">47<\/td><\/tr><tr><td class=\"has-text-align-center\" data-align=\"center\">Catal\u00e3o<\/td><td class=\"has-text-align-center\" data-align=\"center\">44<\/td><td class=\"has-text-align-center\" data-align=\"center\">56<\/td><\/tr><tr><td class=\"has-text-align-center\" data-align=\"center\">Ceres<\/td><td class=\"has-text-align-center\" data-align=\"center\">44<\/td><td class=\"has-text-align-center\" data-align=\"center\">53<\/td><\/tr><tr><td class=\"has-text-align-center\" data-align=\"center\">Formosa<\/td><td class=\"has-text-align-center\" data-align=\"center\">52<\/td><td class=\"has-text-align-center\" data-align=\"center\">58<\/td><\/tr><tr><td class=\"has-text-align-center\" data-align=\"center\">Goian\u00e9sia<\/td><td class=\"has-text-align-center\" data-align=\"center\">44<\/td><td class=\"has-text-align-center\" data-align=\"center\">57<\/td><\/tr><tr><td class=\"has-text-align-center\" data-align=\"center\">Goi\u00e2nia<\/td><td class=\"has-text-align-center\" data-align=\"center\">51<\/td><td class=\"has-text-align-center\" data-align=\"center\">60<\/td><\/tr><tr><td class=\"has-text-align-center\" data-align=\"center\">Goi\u00e1s<\/td><td class=\"has-text-align-center\" data-align=\"center\">48<\/td><td class=\"has-text-align-center\" data-align=\"center\">58<\/td><\/tr><tr><td class=\"has-text-align-center\" data-align=\"center\">Ipor\u00e1<\/td><td class=\"has-text-align-center\" data-align=\"center\">47<\/td><td class=\"has-text-align-center\" data-align=\"center\">57<\/td><\/tr><tr><td class=\"has-text-align-center\" data-align=\"center\">Itumbiara<\/td><td class=\"has-text-align-center\" data-align=\"center\">44<\/td><td class=\"has-text-align-center\" data-align=\"center\">54<\/td><\/tr><tr><td class=\"has-text-align-center\" data-align=\"center\">Jata\u00ed<\/td><td class=\"has-text-align-center\" data-align=\"center\">44<\/td><td class=\"has-text-align-center\" data-align=\"center\">51<\/td><\/tr><tr><td class=\"has-text-align-center\" data-align=\"center\">Luzi\u00e2nia<\/td><td class=\"has-text-align-center\" data-align=\"center\">51<\/td><td class=\"has-text-align-center\" data-align=\"center\">56<\/td><\/tr><tr><td class=\"has-text-align-center\" data-align=\"center\">Porangatu<\/td><td class=\"has-text-align-center\" data-align=\"center\">48<\/td><td class=\"has-text-align-center\" data-align=\"center\">54<\/td><\/tr><tr><td class=\"has-text-align-center\" data-align=\"center\">Posse<\/td><td class=\"has-text-align-center\" data-align=\"center\">48<\/td><td class=\"has-text-align-center\" data-align=\"center\">54<\/td><\/tr><tr><td class=\"has-text-align-center\" data-align=\"center\">Rio Verde<\/td><td class=\"has-text-align-center\" data-align=\"center\">44<\/td><td class=\"has-text-align-center\" data-align=\"center\">50<\/td><\/tr><tr><td class=\"has-text-align-center\" data-align=\"center\">Urugua\u00e7u<\/td><td class=\"has-text-align-center\" data-align=\"center\">44<\/td><td class=\"has-text-align-center\" data-align=\"center\">52<\/td><\/tr><\/tbody><\/table><figcaption class=\"wp-element-caption\">Quadro de nota de corte para Soldado por cidade<\/figcaption><\/figure>\n\n\n\n<h2 class=\"wp-block-heading\" id=\"estrategico\">Edital Estrat\u00e9gico Concurso PM GO<\/h2>\n\n\n\n<ul class=\"wp-block-list\">\n<li><a href=\"https:\/\/docs.google.com\/spreadsheets\/d\/1FIRSwv96tJWwvWvxI7Yr71yqrVhmybQo\/edit?usp=sharing&amp;ouid=111413565165405752883&amp;rtpof=true&amp;sd=true\" target=\"_blank\" rel=\"noreferrer noopener\">Soldado M\u00fasico<\/a><\/li>\n\n\n\n<li><a href=\"https:\/\/docs.google.com\/spreadsheets\/d\/17CpU9OikpnFwwPQJRTs950H02t0om804\/edit?usp=sharing&amp;ouid=101226721667621991976&amp;rtpof=true&amp;sd=true\" target=\"_blank\" rel=\"noreferrer noopener\">Soldado Combatente<\/a><\/li>\n\n\n\n<li><a href=\"https:\/\/docs.google.com\/spreadsheets\/d\/1RrfYMBlkMaTvAIFko2Anu6ZkLXyKwyto\/edit?usp=sharing&amp;ouid=101226721667621991976&amp;rtpof=true&amp;sd=true\" target=\"_blank\" rel=\"noreferrer noopener\">Cadete<\/a><\/li>\n<\/ul>\n\n\n\n<hr class=\"wp-block-separator has-css-opacity\"\/>\n\n\n\n<h2 class=\"wp-block-heading has-text-align-center\" id=\"curso\">Quer saber tudo sobre concursos previstos?<br \/>Confira nossos artigos!<\/h2>\n\n\n\n<ul class=\"wp-block-list\">\n<li><a href=\"https:\/\/www.estrategiaconcursos.com.br\/blog\/concursos-abertos\/\" target=\"_blank\" rel=\"noreferrer noopener\">Concursos abertos<\/a><\/li>\n\n\n\n<li><a href=\"https:\/\/www.estrategiaconcursos.com.br\/blog\/concursos-2026\" target=\"_blank\" rel=\"noreferrer noopener\">Concursos 2026<\/a><\/li>\n\n\n\n<li><a href=\"https:\/\/www.estrategiaconcursos.com.br\/blog\/concursos-policia-militar\" target=\"_blank\" rel=\"noreferrer noopener\">Concursos Pol\u00edcia Militar<\/a><\/li>\n\n\n\n<li><a href=\"https:\/\/www.estrategiaconcursos.com.br\/blog\/concursos-go\/\" target=\"_blank\" rel=\"noreferrer noopener\">Concursos GO<\/a><\/li>\n<\/ul>\n\n\n\n<h2 class=\"wp-block-heading has-text-align-center\" id=\"cursos-assinatura\">Quer estudar para o concurso PM GO?<\/h2>\n\n\n\n<div class=\"container\" id=\"boxes\">\n  <div class=\"row\">\n\n    <div class=\"col-sm\">\n      <div class=\"banner-policia-militar\" id=\"box-assinatura\">\n        <h3 class=\"titulo-assinatura\">Concurso PM GO<\/h3>\n        <p class=\"subtitulo-assinatura\">Rumo \u00e0 carreira policial dos seus sonhos! \u2b50<\/p>\n        <div class=\"box-botao\">\n          <a class=\"btn-assinatura\" target=\"_blank\" href=\"https:\/\/www.estrategiaconcursos.com.br\/cursosPorConcurso\/policia-militar-go\/\" role=\"button\" rel=\"noopener noreferrer\">COMECE J\u00c1<\/a>\n        <\/div>\n      <\/div>\n      <p class=\"texto-auxiliar\"><\/p>\n    <\/div>\n\n  <\/div>\n<\/div>\n\n\n\n<div class=\"container\" id=\"boxes\">\n  <div class=\"row\">\n\n    <div class=\"col-sm\">\n      <div class=\"estrategia\" id=\"box-assinatura\">\n        <h3 class=\"titulo-assinatura\">Assinatura de Concursos<\/h3>\n        <p class=\"subtitulo-assinatura\">Assinatura de 1 ano ou 2 anos<\/p>\n        <div class=\"box-botao\">\n          <a class=\"btn-assinatura\" target=\"_blank\" href=\"https:\/\/www.estrategiaconcursos.com.br\/assinaturas\/\" role=\"button\" rel=\"noopener noreferrer\">ASSINE AGORA<\/a>\n        <\/div>\n      <\/div>\n     \n    <\/div><\/div><\/div>\n\n\n\n<figure class=\"wp-block-image size-large is-resized\"><img loading=\"lazy\" decoding=\"async\" width=\"1024\" height=\"632\" src=\"https:\/\/dhg1h5j42swfq.cloudfront.net\/2021\/04\/08150612\/ficha-tecnica-109-1024x632.png\" alt=\"Ficha t\u00e9cnica para o concurso da pol\u00edcia militar de Goi\u00e1s.\" class=\"wp-image-710328\" style=\"width:247px;height:152px\" srcset=\"https:\/\/dhg1h5j42swfq.cloudfront.net\/2021\/04\/08150612\/ficha-tecnica-109-1024x632.png 1024w, https:\/\/dhg1h5j42swfq.cloudfront.net\/2021\/04\/08150612\/ficha-tecnica-109-300x185.png 300w, https:\/\/dhg1h5j42swfq.cloudfront.net\/2021\/04\/08150612\/ficha-tecnica-109-768x474.png 768w, https:\/\/dhg1h5j42swfq.cloudfront.net\/2021\/04\/08150612\/ficha-tecnica-109-1536x948.png 1536w, https:\/\/dhg1h5j42swfq.cloudfront.net\/2021\/04\/08150612\/ficha-tecnica-109-610x377.png 610w, https:\/\/dhg1h5j42swfq.cloudfront.net\/2021\/04\/08150612\/ficha-tecnica-109.png 1571w\" sizes=\"auto, (max-width: 1024px) 100vw, 1024px\" \/><\/figure>\n\n\n\n<h3 class=\"wp-block-heading\" id=\"informacoes-do-ultimo-concurso-pm-go\">\u2666 Informa\u00e7\u00f5es do \u00faltimo concurso PM GO<\/h3>\n\n\n\n<ul class=\"wp-block-list\">\n<li><strong>Prova: <\/strong>10, 17 e 24\/07\/2022<\/li>\n\n\n\n<li><strong>Vagas:<\/strong> 1.670<\/li>\n\n\n\n<li><strong>Cargos: <\/strong>Soldado, Cadete e Tenente<\/li>\n\n\n\n<li><strong>Banca:<\/strong> Instituto AOCP<\/li>\n\n\n\n<li><strong style=\"color: initial;\">Escolaridade: <\/strong><span style=\"color: initial;\">n\u00edvel superior<\/span><\/li>\n\n\n\n<li><strong>Editais retificados<\/strong>: <a href=\"https:\/\/dhg1h5j42swfq.cloudfront.net\/2022\/05\/31121749\/edital-abertura-003-2022cadete-tentente-pmgo.pdf\" target=\"_blank\" rel=\"noreferrer noopener nofollow\">PMGO-Oficiais<\/a> | <a href=\"https:\/\/dhg1h5j42swfq.cloudfront.net\/2022\/05\/31121844\/edital_abertura_policia_militar_do_estado_de_goias.pdf\" target=\"_blank\" rel=\"noreferrer noopener nofollow\">PMGO-Soldado<\/a><\/li>\n<\/ul>\n","protected":false},"excerpt":{"rendered":"<p>Novo concurso PMGO pode ser realizado em 2026. \u00daltimo edital contou com 1.670 vagas para Soldado, Cadete e Tenente! Um novo concurso PMGO (Pol\u00edcia Militar do Estado de Goi\u00e1s) pode ser realizado a partir de 2026. Segundo o comandante-geral, coronel Marcelo Granja, a realiza\u00e7\u00e3o do certame est\u00e1 sendo discutida. A informa\u00e7\u00e3o foi revelada durante solenidade [&hellip;]<\/p>\n","protected":false},"author":1206,"featured_media":1653875,"comment_status":"open","ping_status":"open","sticky":false,"template":"","format":"standard","meta":{"post_tipo":"news_page","footnotes":""},"categories":[220186,220187],"tags":[40,1400,1518,1521,1315],"tax_estado":[219972],"class_list":["post-35904","post","type-post","status-publish","format-standard","has-post-thumbnail","hentry","category-policial-oficial","category-policial-pracas","tag-concurso","tag-concurso-policia-militar-go","tag-pm-go","tag-policia-militar","tag-soldado","tax_estado-go"],"acf":[],"yoast_head":"<!-- This site is optimized with the Yoast SEO Premium plugin v27.2 (Yoast SEO v27.2) - https:\/\/yoast.com\/product\/yoast-seo-premium-wordpress\/ -->\n<title>Concurso PMGO: novo edital previsto. Veja os detalhes!<\/title>\n<meta name=\"description\" content=\"\u00daltimo Concurso PMGO ofertou 1.670 vagas para Soldado, Cadete e Tenente. Novo edital previsto est\u00e1 com planejamento em andamento!\" \/>\n<meta name=\"robots\" content=\"index, follow, max-snippet:-1, max-image-preview:large, max-video-preview:-1\" \/>\n<link rel=\"canonical\" href=\"https:\/\/www.estrategiaconcursos.com.br\/blog\/concurso-pm-go\/\" \/>\n<meta property=\"og:locale\" content=\"pt_BR\" \/>\n<meta property=\"og:type\" content=\"article\" \/>\n<meta property=\"og:title\" content=\"Concurso PMGO: novo edital previsto. Veja os detalhes!\" \/>\n<meta property=\"og:description\" content=\"\u00daltimo Concurso PMGO ofertou 1.670 vagas para Soldado, Cadete e Tenente. Novo edital previsto est\u00e1 com planejamento em andamento!\" \/>\n<meta property=\"og:url\" content=\"https:\/\/www.estrategiaconcursos.com.br\/blog\/concurso-pm-go\/\" \/>\n<meta property=\"og:site_name\" content=\"Estrat\u00e9gia Concursos\" \/>\n<meta property=\"article:published_time\" content=\"2026-02-17T21:36:39+00:00\" \/>\n<meta property=\"article:modified_time\" content=\"2026-02-19T21:38:48+00:00\" \/>\n<meta property=\"og:image\" content=\"https:\/\/dhg1h5j42swfq.cloudfront.net\/2025\/10\/11082518\/pmgo.jpg\" \/>\n\t<meta property=\"og:image:width\" content=\"768\" \/>\n\t<meta property=\"og:image:height\" content=\"432\" \/>\n\t<meta property=\"og:image:type\" content=\"image\/jpeg\" \/>\n<meta name=\"author\" content=\"Bruna de Andrade Fran\u00e7a\" \/>\n<meta name=\"twitter:card\" content=\"summary_large_image\" \/>\n<meta name=\"twitter:creator\" content=\"@EstratConcursos\" \/>\n<meta name=\"twitter:site\" content=\"@EstratConcursos\" \/>\n<meta name=\"twitter:label1\" content=\"Escrito por\" \/>\n\t<meta name=\"twitter:data1\" content=\"Bruna de Andrade Fran\u00e7a\" \/>\n\t<meta name=\"twitter:label2\" content=\"Est. tempo de leitura\" \/>\n\t<meta name=\"twitter:data2\" content=\"10 minutos\" \/>\n<script type=\"application\/ld+json\" class=\"yoast-schema-graph\">{\"@context\":\"https:\/\/schema.org\",\"@graph\":[{\"@type\":\"NewsArticle\",\"@id\":\"https:\/\/www.estrategiaconcursos.com.br\/blog\/concurso-pm-go\/#article\",\"isPartOf\":{\"@id\":\"https:\/\/www.estrategiaconcursos.com.br\/blog\/concurso-pm-go\/\"},\"author\":{\"name\":\"Bruna de Andrade Fran\u00e7a\",\"@id\":\"https:\/\/www.estrategiaconcursos.com.br\/blog\/#\/schema\/person\/6630f91134abc08115cca62ce6372855\"},\"headline\":\"Concurso PMGO: novo edital previsto. Veja os detalhes!\",\"datePublished\":\"2026-02-17T21:36:39+00:00\",\"dateModified\":\"2026-02-19T21:38:48+00:00\",\"mainEntityOfPage\":{\"@id\":\"https:\/\/www.estrategiaconcursos.com.br\/blog\/concurso-pm-go\/\"},\"wordCount\":2275,\"commentCount\":45,\"publisher\":{\"@id\":\"https:\/\/www.estrategiaconcursos.com.br\/blog\/#organization\"},\"image\":{\"@id\":\"https:\/\/www.estrategiaconcursos.com.br\/blog\/concurso-pm-go\/#primaryimage\"},\"thumbnailUrl\":\"https:\/\/dhg1h5j42swfq.cloudfront.net\/2025\/10\/11082518\/pmgo.jpg\",\"keywords\":[\"Concurso\",\"concurso Pol\u00edcia Militar GO\",\"pm-go\",\"pol\u00edcia militar\",\"Soldado\"],\"articleSection\":[\"Policial (PM\/BM - Oficial)\",\"Policial (PM\/BM - Pra\u00e7as)\"],\"inLanguage\":\"pt-BR\",\"potentialAction\":[{\"@type\":\"CommentAction\",\"name\":\"Comment\",\"target\":[\"https:\/\/www.estrategiaconcursos.com.br\/blog\/concurso-pm-go\/#respond\"]}],\"copyrightYear\":\"2026\",\"copyrightHolder\":{\"@id\":\"https:\/\/www.estrategiaconcursos.com.br\/blog\/#organization\"}},{\"@type\":\"WebPage\",\"@id\":\"https:\/\/www.estrategiaconcursos.com.br\/blog\/concurso-pm-go\/\",\"url\":\"https:\/\/www.estrategiaconcursos.com.br\/blog\/concurso-pm-go\/\",\"name\":\"Concurso PMGO: novo edital previsto. Veja os detalhes!\",\"isPartOf\":{\"@id\":\"https:\/\/www.estrategiaconcursos.com.br\/blog\/#website\"},\"primaryImageOfPage\":{\"@id\":\"https:\/\/www.estrategiaconcursos.com.br\/blog\/concurso-pm-go\/#primaryimage\"},\"image\":{\"@id\":\"https:\/\/www.estrategiaconcursos.com.br\/blog\/concurso-pm-go\/#primaryimage\"},\"thumbnailUrl\":\"https:\/\/dhg1h5j42swfq.cloudfront.net\/2025\/10\/11082518\/pmgo.jpg\",\"datePublished\":\"2026-02-17T21:36:39+00:00\",\"dateModified\":\"2026-02-19T21:38:48+00:00\",\"description\":\"\u00daltimo Concurso PMGO ofertou 1.670 vagas para Soldado, Cadete e Tenente. Novo edital previsto est\u00e1 com planejamento em andamento!\",\"breadcrumb\":{\"@id\":\"https:\/\/www.estrategiaconcursos.com.br\/blog\/concurso-pm-go\/#breadcrumb\"},\"inLanguage\":\"pt-BR\",\"potentialAction\":[{\"@type\":\"ReadAction\",\"target\":[\"https:\/\/www.estrategiaconcursos.com.br\/blog\/concurso-pm-go\/\"]}]},{\"@type\":\"ImageObject\",\"inLanguage\":\"pt-BR\",\"@id\":\"https:\/\/www.estrategiaconcursos.com.br\/blog\/concurso-pm-go\/#primaryimage\",\"url\":\"https:\/\/dhg1h5j42swfq.cloudfront.net\/2025\/10\/11082518\/pmgo.jpg\",\"contentUrl\":\"https:\/\/dhg1h5j42swfq.cloudfront.net\/2025\/10\/11082518\/pmgo.jpg\",\"width\":768,\"height\":432,\"caption\":\"concurso PMGO\"},{\"@type\":\"BreadcrumbList\",\"@id\":\"https:\/\/www.estrategiaconcursos.com.br\/blog\/concurso-pm-go\/#breadcrumb\",\"itemListElement\":[{\"@type\":\"ListItem\",\"position\":1,\"name\":\"In\u00edcio\",\"item\":\"https:\/\/www.estrategiaconcursos.com.br\/blog\/\"},{\"@type\":\"ListItem\",\"position\":2,\"name\":\"Concurso PMGO: novo edital previsto. Veja os detalhes!\"}]},{\"@type\":\"WebSite\",\"@id\":\"https:\/\/www.estrategiaconcursos.com.br\/blog\/#website\",\"url\":\"https:\/\/www.estrategiaconcursos.com.br\/blog\/\",\"name\":\"Estrat\u00e9gia Concursos\",\"description\":\"O blog da Estrat\u00e9gia Concursos traz not\u00edcias sobre concursos e artigos de professores oferecendo cursos para concursos (pdf + videaulas) no site.\",\"publisher\":{\"@id\":\"https:\/\/www.estrategiaconcursos.com.br\/blog\/#organization\"},\"potentialAction\":[{\"@type\":\"SearchAction\",\"target\":{\"@type\":\"EntryPoint\",\"urlTemplate\":\"https:\/\/www.estrategiaconcursos.com.br\/blog\/?s={search_term_string}\"},\"query-input\":{\"@type\":\"PropertyValueSpecification\",\"valueRequired\":true,\"valueName\":\"search_term_string\"}}],\"inLanguage\":\"pt-BR\"},{\"@type\":\"Organization\",\"@id\":\"https:\/\/www.estrategiaconcursos.com.br\/blog\/#organization\",\"name\":\"Estrat\u00e9gia Concursos\",\"url\":\"https:\/\/www.estrategiaconcursos.com.br\/blog\/\",\"logo\":{\"@type\":\"ImageObject\",\"inLanguage\":\"pt-BR\",\"@id\":\"https:\/\/www.estrategiaconcursos.com.br\/blog\/#\/schema\/logo\/image\/\",\"url\":\"https:\/\/dhg1h5j42swfq.cloudfront.net\/2025\/06\/03203428\/logo_concursos-1.jpg\",\"contentUrl\":\"https:\/\/dhg1h5j42swfq.cloudfront.net\/2025\/06\/03203428\/logo_concursos-1.jpg\",\"width\":230,\"height\":60,\"caption\":\"Estrat\u00e9gia Concursos\"},\"image\":{\"@id\":\"https:\/\/www.estrategiaconcursos.com.br\/blog\/#\/schema\/logo\/image\/\"},\"sameAs\":[\"https:\/\/x.com\/EstratConcursos\"]},{\"@type\":\"Person\",\"@id\":\"https:\/\/www.estrategiaconcursos.com.br\/blog\/#\/schema\/person\/6630f91134abc08115cca62ce6372855\",\"name\":\"Bruna de Andrade Fran\u00e7a\",\"image\":{\"@type\":\"ImageObject\",\"inLanguage\":\"pt-BR\",\"@id\":\"https:\/\/secure.gravatar.com\/avatar\/d6316d36d50cea0fadae28ed3015b8870cc90a2d3d8a95c37b44006af36a00e3?s=96&d=mm&r=g\",\"url\":\"https:\/\/secure.gravatar.com\/avatar\/d6316d36d50cea0fadae28ed3015b8870cc90a2d3d8a95c37b44006af36a00e3?s=96&d=mm&r=g\",\"contentUrl\":\"https:\/\/secure.gravatar.com\/avatar\/d6316d36d50cea0fadae28ed3015b8870cc90a2d3d8a95c37b44006af36a00e3?s=96&d=mm&r=g\",\"caption\":\"Bruna de Andrade Fran\u00e7a\"},\"description\":\"Bruna de Andrade Fran\u00e7a \u00e9 publicit\u00e1ria com p\u00f3s-gradua\u00e7\u00e3o em Marketing &amp; Growth, atuando h\u00e1 mais de 6 anos no universo dos concursos p\u00fablicos. Desde 2021, lidera no Blog do Estrat\u00e9gia Concursos a cobertura editorial especializada em Concursos Policiais (PF, PRF, PM, PC, etc.), al\u00e9m das frentes de concursos banc\u00e1rios, de sa\u00fade e da \u00e1rea legislativa. Especialista em reda\u00e7\u00e3o, com pr\u00e1ticas de SEO e Copywriting, possui tamb\u00e9m atua\u00e7\u00e3o pr\u00e1tica de contato direto com \u00f3rg\u00e3os p\u00fablicos respons\u00e1veis por editais, permitindo acesso antecipado a informa\u00e7\u00f5es, desdobramentos importantes e atualiza\u00e7\u00e3o eficiente dos concursos p\u00fablicos.\",\"url\":\"https:\/\/www.estrategiaconcursos.com.br\/blog\/author\/bruna-andrade\/\"}]}<\/script>\n<!-- \/ Yoast SEO Premium plugin. -->","yoast_head_json":{"title":"Concurso PMGO: novo edital previsto. Veja os detalhes!","description":"\u00daltimo Concurso PMGO ofertou 1.670 vagas para Soldado, Cadete e Tenente. Novo edital previsto est\u00e1 com planejamento em andamento!","robots":{"index":"index","follow":"follow","max-snippet":"max-snippet:-1","max-image-preview":"max-image-preview:large","max-video-preview":"max-video-preview:-1"},"canonical":"https:\/\/www.estrategiaconcursos.com.br\/blog\/concurso-pm-go\/","og_locale":"pt_BR","og_type":"article","og_title":"Concurso PMGO: novo edital previsto. Veja os detalhes!","og_description":"\u00daltimo Concurso PMGO ofertou 1.670 vagas para Soldado, Cadete e Tenente. Novo edital previsto est\u00e1 com planejamento em andamento!","og_url":"https:\/\/www.estrategiaconcursos.com.br\/blog\/concurso-pm-go\/","og_site_name":"Estrat\u00e9gia Concursos","article_published_time":"2026-02-17T21:36:39+00:00","article_modified_time":"2026-02-19T21:38:48+00:00","og_image":[{"width":768,"height":432,"url":"https:\/\/dhg1h5j42swfq.cloudfront.net\/2025\/10\/11082518\/pmgo.jpg","type":"image\/jpeg"}],"author":"Bruna de Andrade Fran\u00e7a","twitter_card":"summary_large_image","twitter_creator":"@EstratConcursos","twitter_site":"@EstratConcursos","twitter_misc":{"Escrito por":"Bruna de Andrade Fran\u00e7a","Est. tempo de leitura":"10 minutos"},"schema":{"@context":"https:\/\/schema.org","@graph":[{"@type":"NewsArticle","@id":"https:\/\/www.estrategiaconcursos.com.br\/blog\/concurso-pm-go\/#article","isPartOf":{"@id":"https:\/\/www.estrategiaconcursos.com.br\/blog\/concurso-pm-go\/"},"author":{"name":"Bruna de Andrade Fran\u00e7a","@id":"https:\/\/www.estrategiaconcursos.com.br\/blog\/#\/schema\/person\/6630f91134abc08115cca62ce6372855"},"headline":"Concurso PMGO: novo edital previsto. Veja os detalhes!","datePublished":"2026-02-17T21:36:39+00:00","dateModified":"2026-02-19T21:38:48+00:00","mainEntityOfPage":{"@id":"https:\/\/www.estrategiaconcursos.com.br\/blog\/concurso-pm-go\/"},"wordCount":2275,"commentCount":45,"publisher":{"@id":"https:\/\/www.estrategiaconcursos.com.br\/blog\/#organization"},"image":{"@id":"https:\/\/www.estrategiaconcursos.com.br\/blog\/concurso-pm-go\/#primaryimage"},"thumbnailUrl":"https:\/\/dhg1h5j42swfq.cloudfront.net\/2025\/10\/11082518\/pmgo.jpg","keywords":["Concurso","concurso Pol\u00edcia Militar GO","pm-go","pol\u00edcia militar","Soldado"],"articleSection":["Policial (PM\/BM - Oficial)","Policial (PM\/BM - Pra\u00e7as)"],"inLanguage":"pt-BR","potentialAction":[{"@type":"CommentAction","name":"Comment","target":["https:\/\/www.estrategiaconcursos.com.br\/blog\/concurso-pm-go\/#respond"]}],"copyrightYear":"2026","copyrightHolder":{"@id":"https:\/\/www.estrategiaconcursos.com.br\/blog\/#organization"}},{"@type":"WebPage","@id":"https:\/\/www.estrategiaconcursos.com.br\/blog\/concurso-pm-go\/","url":"https:\/\/www.estrategiaconcursos.com.br\/blog\/concurso-pm-go\/","name":"Concurso PMGO: novo edital previsto. Veja os detalhes!","isPartOf":{"@id":"https:\/\/www.estrategiaconcursos.com.br\/blog\/#website"},"primaryImageOfPage":{"@id":"https:\/\/www.estrategiaconcursos.com.br\/blog\/concurso-pm-go\/#primaryimage"},"image":{"@id":"https:\/\/www.estrategiaconcursos.com.br\/blog\/concurso-pm-go\/#primaryimage"},"thumbnailUrl":"https:\/\/dhg1h5j42swfq.cloudfront.net\/2025\/10\/11082518\/pmgo.jpg","datePublished":"2026-02-17T21:36:39+00:00","dateModified":"2026-02-19T21:38:48+00:00","description":"\u00daltimo Concurso PMGO ofertou 1.670 vagas para Soldado, Cadete e Tenente. Novo edital previsto est\u00e1 com planejamento em andamento!","breadcrumb":{"@id":"https:\/\/www.estrategiaconcursos.com.br\/blog\/concurso-pm-go\/#breadcrumb"},"inLanguage":"pt-BR","potentialAction":[{"@type":"ReadAction","target":["https:\/\/www.estrategiaconcursos.com.br\/blog\/concurso-pm-go\/"]}]},{"@type":"ImageObject","inLanguage":"pt-BR","@id":"https:\/\/www.estrategiaconcursos.com.br\/blog\/concurso-pm-go\/#primaryimage","url":"https:\/\/dhg1h5j42swfq.cloudfront.net\/2025\/10\/11082518\/pmgo.jpg","contentUrl":"https:\/\/dhg1h5j42swfq.cloudfront.net\/2025\/10\/11082518\/pmgo.jpg","width":768,"height":432,"caption":"concurso PMGO"},{"@type":"BreadcrumbList","@id":"https:\/\/www.estrategiaconcursos.com.br\/blog\/concurso-pm-go\/#breadcrumb","itemListElement":[{"@type":"ListItem","position":1,"name":"In\u00edcio","item":"https:\/\/www.estrategiaconcursos.com.br\/blog\/"},{"@type":"ListItem","position":2,"name":"Concurso PMGO: novo edital previsto. Veja os detalhes!"}]},{"@type":"WebSite","@id":"https:\/\/www.estrategiaconcursos.com.br\/blog\/#website","url":"https:\/\/www.estrategiaconcursos.com.br\/blog\/","name":"Estrat\u00e9gia Concursos","description":"O blog da Estrat\u00e9gia Concursos traz not\u00edcias sobre concursos e artigos de professores oferecendo cursos para concursos (pdf + videaulas) no site.","publisher":{"@id":"https:\/\/www.estrategiaconcursos.com.br\/blog\/#organization"},"potentialAction":[{"@type":"SearchAction","target":{"@type":"EntryPoint","urlTemplate":"https:\/\/www.estrategiaconcursos.com.br\/blog\/?s={search_term_string}"},"query-input":{"@type":"PropertyValueSpecification","valueRequired":true,"valueName":"search_term_string"}}],"inLanguage":"pt-BR"},{"@type":"Organization","@id":"https:\/\/www.estrategiaconcursos.com.br\/blog\/#organization","name":"Estrat\u00e9gia Concursos","url":"https:\/\/www.estrategiaconcursos.com.br\/blog\/","logo":{"@type":"ImageObject","inLanguage":"pt-BR","@id":"https:\/\/www.estrategiaconcursos.com.br\/blog\/#\/schema\/logo\/image\/","url":"https:\/\/dhg1h5j42swfq.cloudfront.net\/2025\/06\/03203428\/logo_concursos-1.jpg","contentUrl":"https:\/\/dhg1h5j42swfq.cloudfront.net\/2025\/06\/03203428\/logo_concursos-1.jpg","width":230,"height":60,"caption":"Estrat\u00e9gia Concursos"},"image":{"@id":"https:\/\/www.estrategiaconcursos.com.br\/blog\/#\/schema\/logo\/image\/"},"sameAs":["https:\/\/x.com\/EstratConcursos"]},{"@type":"Person","@id":"https:\/\/www.estrategiaconcursos.com.br\/blog\/#\/schema\/person\/6630f91134abc08115cca62ce6372855","name":"Bruna de Andrade Fran\u00e7a","image":{"@type":"ImageObject","inLanguage":"pt-BR","@id":"https:\/\/secure.gravatar.com\/avatar\/d6316d36d50cea0fadae28ed3015b8870cc90a2d3d8a95c37b44006af36a00e3?s=96&d=mm&r=g","url":"https:\/\/secure.gravatar.com\/avatar\/d6316d36d50cea0fadae28ed3015b8870cc90a2d3d8a95c37b44006af36a00e3?s=96&d=mm&r=g","contentUrl":"https:\/\/secure.gravatar.com\/avatar\/d6316d36d50cea0fadae28ed3015b8870cc90a2d3d8a95c37b44006af36a00e3?s=96&d=mm&r=g","caption":"Bruna de Andrade Fran\u00e7a"},"description":"Bruna de Andrade Fran\u00e7a \u00e9 publicit\u00e1ria com p\u00f3s-gradua\u00e7\u00e3o em Marketing &amp; Growth, atuando h\u00e1 mais de 6 anos no universo dos concursos p\u00fablicos. Desde 2021, lidera no Blog do Estrat\u00e9gia Concursos a cobertura editorial especializada em Concursos Policiais (PF, PRF, PM, PC, etc.), al\u00e9m das frentes de concursos banc\u00e1rios, de sa\u00fade e da \u00e1rea legislativa. Especialista em reda\u00e7\u00e3o, com pr\u00e1ticas de SEO e Copywriting, possui tamb\u00e9m atua\u00e7\u00e3o pr\u00e1tica de contato direto com \u00f3rg\u00e3os p\u00fablicos respons\u00e1veis por editais, permitindo acesso antecipado a informa\u00e7\u00f5es, desdobramentos importantes e atualiza\u00e7\u00e3o eficiente dos concursos p\u00fablicos.","url":"https:\/\/www.estrategiaconcursos.com.br\/blog\/author\/bruna-andrade\/"}]}},"_links":{"self":[{"href":"https:\/\/www.estrategiaconcursos.com.br\/blog\/wp-json\/wp\/v2\/posts\/35904","targetHints":{"allow":["GET"]}}],"collection":[{"href":"https:\/\/www.estrategiaconcursos.com.br\/blog\/wp-json\/wp\/v2\/posts"}],"about":[{"href":"https:\/\/www.estrategiaconcursos.com.br\/blog\/wp-json\/wp\/v2\/types\/post"}],"author":[{"embeddable":true,"href":"https:\/\/www.estrategiaconcursos.com.br\/blog\/wp-json\/wp\/v2\/users\/1206"}],"replies":[{"embeddable":true,"href":"https:\/\/www.estrategiaconcursos.com.br\/blog\/wp-json\/wp\/v2\/comments?post=35904"}],"version-history":[{"count":227,"href":"https:\/\/www.estrategiaconcursos.com.br\/blog\/wp-json\/wp\/v2\/posts\/35904\/revisions"}],"predecessor-version":[{"id":1718038,"href":"https:\/\/www.estrategiaconcursos.com.br\/blog\/wp-json\/wp\/v2\/posts\/35904\/revisions\/1718038"}],"wp:featuredmedia":[{"embeddable":true,"href":"https:\/\/www.estrategiaconcursos.com.br\/blog\/wp-json\/wp\/v2\/media\/1653875"}],"wp:attachment":[{"href":"https:\/\/www.estrategiaconcursos.com.br\/blog\/wp-json\/wp\/v2\/media?parent=35904"}],"wp:term":[{"taxonomy":"category","embeddable":true,"href":"https:\/\/www.estrategiaconcursos.com.br\/blog\/wp-json\/wp\/v2\/categories?post=35904"},{"taxonomy":"post_tag","embeddable":true,"href":"https:\/\/www.estrategiaconcursos.com.br\/blog\/wp-json\/wp\/v2\/tags?post=35904"},{"taxonomy":"tax_estado","embeddable":true,"href":"https:\/\/www.estrategiaconcursos.com.br\/blog\/wp-json\/wp\/v2\/tax_estado?post=35904"}],"curies":[{"name":"wp","href":"https:\/\/api.w.org\/{rel}","templated":true}]}}