{"id":35764,"date":"2016-03-26T13:08:12","date_gmt":"2016-03-26T16:08:12","guid":{"rendered":"http:\/\/www.estrategiaconcursos.com.br\/blog\/?p=35764"},"modified":"2016-03-30T15:22:34","modified_gmt":"2016-03-30T18:22:34","slug":"senado-corta-100-vagas-isso-e-uma-boa-noticia","status":"publish","type":"post","link":"https:\/\/www.estrategiaconcursos.com.br\/blog\/senado-corta-100-vagas-isso-e-uma-boa-noticia\/","title":{"rendered":"Senado corta 100 vagas: e isso \u00e9 uma boa not\u00edcia!"},"content":{"rendered":"<p style=\"text-align: justify;\">N\u00e3o pessoal, n\u00e3o estamos loucos, a informa\u00e7\u00e3o \u00e9 de fato essa: corte de 100 vagas no Senado Federal. E, sim, isso \u00e9 uma boa not\u00edcia! Vejamos.<\/p>\n<p style=\"text-align: justify;\">Em primeiro lugar, saiba que na \u00faltima quarta-feira, dia 23 de mar\u00e7o de 2016, foi noticiado no site do Senado (<a href=\"http:\/\/www12.senado.leg.br\/noticias\/materias\/2016\/03\/23\/senado-extingue-uma-centena-de-cargos\">not\u00edcia completa<\/a>) que a Mesa do Senado, em reuni\u00e3o, decidiu realizar cortes de exatos 100 (cem) cargos do quadro de servidores efetivos da Casa alegando aus\u00eancia de necessidade de preenchimento de tais cargos. Os cargos s\u00e3o provenientes de aposentadorias.<\/p>\n<p style=\"text-align: justify;\">Segundo a not\u00edcia, a lista dos cargos e quantitativos \u00e9 essa:<\/p>\n<p style=\"text-align: justify;\">\u2013 <strong>Analista Legislativo, especialidade Processo Legislativo<\/strong>: supress\u00e3o de 50 vagas;<\/p>\n<p style=\"text-align: justify;\">\u2013 <strong>T\u00e9cnico Legislativo, especialidade Administra\u00e7\u00e3o<\/strong>: supress\u00e3o de 25 vagas;<\/p>\n<p style=\"text-align: justify;\">\u2013 <strong>T\u00e9cnico Legislativo, especialidade Inform\u00e1tica Legislativa<\/strong>: supress\u00e3o de 3 vagas;<\/p>\n<p style=\"text-align: justify;\">\u2013 <strong>T\u00e9cnico Legislativo, especialidade Processo Industrial Gr\u00e1fico<\/strong>: supress\u00e3o de 17 vagas;<\/p>\n<p style=\"text-align: justify;\">\u2013 <strong>Consultor Legislativo, especialidade Assessoramento Legislativo<\/strong>: supress\u00e3o de 5 vagas<\/p>\n<p style=\"text-align: justify;\"><strong><a href=\"https:\/\/www.estrategiaconcursos.com.br\/cursosPorConcurso\/senado-federal-6\/\">Cursos para o concurso do Senado Federal<\/a><\/strong><\/p>\n<p style=\"text-align: justify;\">O quadro de vagas do portal da transpar\u00eancia, contudo, permanece at\u00e9 esta data aparentemente sem incluir essas altera\u00e7\u00f5es realizadas na \u00faltima semana, o que deve ser feito em breve.<\/p>\n<p style=\"text-align: justify;\"><em>E qual \u00e9 a boa not\u00edcia nisso, professor? <\/em>A boa nova \u00e9 que a Casa se mostra atenta ao atual cen\u00e1rio de vagas que, para determinados cargos, continua sendo muitas, e j\u00e1 se debru\u00e7ou sobre essa pauta administrativa, indicando que o quadro de vagas que permanece corresponde aos interesses da Casa, de agora em diante. Ou seja, o que &#8220;sobrar&#8221; de cargos vagos, tende a ser ocupado em breve, pois sintetiza os anseios de preenchimento do \u00f3rg\u00e3o.<\/p>\n<p style=\"text-align: justify;\">Assim, por exemplo, se para Analista Legislativo, Processo Legislativo, havia uma m\u00e9dia de 250 cargos vagos antes do corte, agora sobram, ainda, cerca de 200 cargos vagos e que a Casa entende ser preciso ocup\u00e1-los quando da realiza\u00e7\u00e3o do pr\u00f3ximo concurso. Duzentos cargos vagos (no nosso exemplo) continua sendo, em qualquer parte do Brasil, muita vaga a ser preenchida e certamente esse quantitativo prejudica e muito o desempenho das fun\u00e7\u00f5es do \u00f3rg\u00e3o.<\/p>\n<p style=\"text-align: justify;\"><em>Professor, isso quer dizer que j\u00e1 est\u00e3o se movimentando em prol da realiza\u00e7\u00e3o do concurso? <\/em>N\u00e3o afirmaria isso de pronto, mas demonstra que a Casa est\u00e1 atenta \u00e0s suas necessidades operacionais quanto ao preenchimento de cargos efetivos, a despeito da movimenta\u00e7\u00e3o pol\u00edtica que ocorre no pa\u00eds e tende a ocupar a aten\u00e7\u00e3o dos administradores p\u00fablicos.<\/p>\n<p style=\"text-align: justify;\">Portanto, meus caros, fica aqui o nosso alerta: continue focando e estudando, pois a indica\u00e7\u00e3o \u00e9 que essas vagas precisam ser preenchidas. Al\u00e9m disso, lembre-se, voc\u00ea s\u00f3 precisa de uma vaga para fazer parte do quadro efetivo de servidores.<\/p>\n<p style=\"text-align: justify;\"><strong><a href=\"https:\/\/www.estrategiaconcursos.com.br\/cursosPorConcurso\/senado-federal-6\/\">Cursos para o concurso do Senado Federal<\/a><\/strong><\/p>\n","protected":false},"excerpt":{"rendered":"<p>N\u00e3o pessoal, n\u00e3o estamos loucos, a informa\u00e7\u00e3o \u00e9 de fato essa: corte de 100 vagas no Senado Federal. E, sim, isso \u00e9 uma boa not\u00edcia! Vejamos. Em primeiro lugar, saiba que na \u00faltima quarta-feira, dia 23 de mar\u00e7o de 2016, foi noticiado no site do Senado (not\u00edcia completa) que a Mesa do Senado, em reuni\u00e3o, [&hellip;]<\/p>\n","protected":false},"author":48,"featured_media":0,"comment_status":"open","ping_status":"open","sticky":false,"template":"","format":"standard","meta":{"post_tipo":"article","footnotes":""},"categories":[1],"tags":[1301],"tax_estado":[],"class_list":["post-35764","post","type-post","status-publish","format-standard","hentry","category-cursos-e-concursos","tag-concurso-senado"],"acf":[],"yoast_head":"<!-- This site is optimized with the Yoast SEO Premium plugin v27.2 (Yoast SEO v27.2) - https:\/\/yoast.com\/product\/yoast-seo-premium-wordpress\/ -->\n<title>Senado corta 100 vagas: e isso \u00e9 uma boa not\u00edcia!<\/title>\n<meta name=\"robots\" content=\"index, follow, max-snippet:-1, max-image-preview:large, max-video-preview:-1\" \/>\n<link rel=\"canonical\" href=\"https:\/\/www.estrategiaconcursos.com.br\/blog\/senado-corta-100-vagas-isso-e-uma-boa-noticia\/\" \/>\n<meta property=\"og:locale\" content=\"pt_BR\" \/>\n<meta property=\"og:type\" content=\"article\" \/>\n<meta property=\"og:title\" content=\"Senado corta 100 vagas: e isso \u00e9 uma boa not\u00edcia!\" \/>\n<meta property=\"og:description\" content=\"N\u00e3o pessoal, n\u00e3o estamos loucos, a informa\u00e7\u00e3o \u00e9 de fato essa: corte de 100 vagas no Senado Federal. E, sim, isso \u00e9 uma boa not\u00edcia! Vejamos. Em primeiro lugar, saiba que na \u00faltima quarta-feira, dia 23 de mar\u00e7o de 2016, foi noticiado no site do Senado (not\u00edcia completa) que a Mesa do Senado, em reuni\u00e3o, [&hellip;]\" \/>\n<meta property=\"og:url\" content=\"https:\/\/www.estrategiaconcursos.com.br\/blog\/senado-corta-100-vagas-isso-e-uma-boa-noticia\/\" \/>\n<meta property=\"og:site_name\" content=\"Estrat\u00e9gia Concursos\" \/>\n<meta property=\"article:published_time\" content=\"2016-03-26T16:08:12+00:00\" \/>\n<meta property=\"article:modified_time\" content=\"2016-03-30T18:22:34+00:00\" \/>\n<meta name=\"author\" content=\"Coordena\u00e7\u00e3o\" \/>\n<meta name=\"twitter:card\" content=\"summary_large_image\" \/>\n<meta name=\"twitter:creator\" content=\"@EstratConcursos\" \/>\n<meta name=\"twitter:site\" content=\"@EstratConcursos\" \/>\n<meta name=\"twitter:label1\" content=\"Escrito por\" \/>\n\t<meta name=\"twitter:data1\" content=\"Coordena\u00e7\u00e3o\" \/>\n\t<meta name=\"twitter:label2\" content=\"Est. tempo de leitura\" \/>\n\t<meta name=\"twitter:data2\" content=\"2 minutos\" \/>\n<script type=\"application\/ld+json\" class=\"yoast-schema-graph\">{\"@context\":\"https:\/\/schema.org\",\"@graph\":[{\"@type\":\"NewsArticle\",\"@id\":\"https:\/\/www.estrategiaconcursos.com.br\/blog\/senado-corta-100-vagas-isso-e-uma-boa-noticia\/#article\",\"isPartOf\":{\"@id\":\"https:\/\/www.estrategiaconcursos.com.br\/blog\/senado-corta-100-vagas-isso-e-uma-boa-noticia\/\"},\"author\":{\"name\":\"Coordena\u00e7\u00e3o\",\"@id\":\"https:\/\/www.estrategiaconcursos.com.br\/blog\/#\/schema\/person\/cdad40b5818eb228a838461fcd656da7\"},\"headline\":\"Senado corta 100 vagas: e isso \u00e9 uma boa not\u00edcia!\",\"datePublished\":\"2016-03-26T16:08:12+00:00\",\"dateModified\":\"2016-03-30T18:22:34+00:00\",\"mainEntityOfPage\":{\"@id\":\"https:\/\/www.estrategiaconcursos.com.br\/blog\/senado-corta-100-vagas-isso-e-uma-boa-noticia\/\"},\"wordCount\":462,\"commentCount\":14,\"publisher\":{\"@id\":\"https:\/\/www.estrategiaconcursos.com.br\/blog\/#organization\"},\"keywords\":[\"concurso senado\"],\"articleSection\":[\"Concursos P\u00fablicos\"],\"inLanguage\":\"pt-BR\",\"potentialAction\":[{\"@type\":\"CommentAction\",\"name\":\"Comment\",\"target\":[\"https:\/\/www.estrategiaconcursos.com.br\/blog\/senado-corta-100-vagas-isso-e-uma-boa-noticia\/#respond\"]}],\"copyrightYear\":\"2016\",\"copyrightHolder\":{\"@id\":\"https:\/\/www.estrategiaconcursos.com.br\/blog\/#organization\"}},{\"@type\":\"WebPage\",\"@id\":\"https:\/\/www.estrategiaconcursos.com.br\/blog\/senado-corta-100-vagas-isso-e-uma-boa-noticia\/\",\"url\":\"https:\/\/www.estrategiaconcursos.com.br\/blog\/senado-corta-100-vagas-isso-e-uma-boa-noticia\/\",\"name\":\"Senado corta 100 vagas: e isso \u00e9 uma boa not\u00edcia!\",\"isPartOf\":{\"@id\":\"https:\/\/www.estrategiaconcursos.com.br\/blog\/#website\"},\"datePublished\":\"2016-03-26T16:08:12+00:00\",\"dateModified\":\"2016-03-30T18:22:34+00:00\",\"breadcrumb\":{\"@id\":\"https:\/\/www.estrategiaconcursos.com.br\/blog\/senado-corta-100-vagas-isso-e-uma-boa-noticia\/#breadcrumb\"},\"inLanguage\":\"pt-BR\",\"potentialAction\":[{\"@type\":\"ReadAction\",\"target\":[\"https:\/\/www.estrategiaconcursos.com.br\/blog\/senado-corta-100-vagas-isso-e-uma-boa-noticia\/\"]}]},{\"@type\":\"BreadcrumbList\",\"@id\":\"https:\/\/www.estrategiaconcursos.com.br\/blog\/senado-corta-100-vagas-isso-e-uma-boa-noticia\/#breadcrumb\",\"itemListElement\":[{\"@type\":\"ListItem\",\"position\":1,\"name\":\"In\u00edcio\",\"item\":\"https:\/\/www.estrategiaconcursos.com.br\/blog\/\"},{\"@type\":\"ListItem\",\"position\":2,\"name\":\"Senado corta 100 vagas: e isso \u00e9 uma boa not\u00edcia!\"}]},{\"@type\":\"WebSite\",\"@id\":\"https:\/\/www.estrategiaconcursos.com.br\/blog\/#website\",\"url\":\"https:\/\/www.estrategiaconcursos.com.br\/blog\/\",\"name\":\"Estrat\u00e9gia Concursos\",\"description\":\"O blog da Estrat\u00e9gia Concursos traz not\u00edcias sobre concursos e artigos de professores oferecendo cursos para concursos (pdf + videaulas) no site.\",\"publisher\":{\"@id\":\"https:\/\/www.estrategiaconcursos.com.br\/blog\/#organization\"},\"potentialAction\":[{\"@type\":\"SearchAction\",\"target\":{\"@type\":\"EntryPoint\",\"urlTemplate\":\"https:\/\/www.estrategiaconcursos.com.br\/blog\/?s={search_term_string}\"},\"query-input\":{\"@type\":\"PropertyValueSpecification\",\"valueRequired\":true,\"valueName\":\"search_term_string\"}}],\"inLanguage\":\"pt-BR\"},{\"@type\":\"Organization\",\"@id\":\"https:\/\/www.estrategiaconcursos.com.br\/blog\/#organization\",\"name\":\"Estrat\u00e9gia Concursos\",\"url\":\"https:\/\/www.estrategiaconcursos.com.br\/blog\/\",\"logo\":{\"@type\":\"ImageObject\",\"inLanguage\":\"pt-BR\",\"@id\":\"https:\/\/www.estrategiaconcursos.com.br\/blog\/#\/schema\/logo\/image\/\",\"url\":\"https:\/\/dhg1h5j42swfq.cloudfront.net\/2025\/06\/03203428\/logo_concursos-1.jpg\",\"contentUrl\":\"https:\/\/dhg1h5j42swfq.cloudfront.net\/2025\/06\/03203428\/logo_concursos-1.jpg\",\"width\":230,\"height\":60,\"caption\":\"Estrat\u00e9gia Concursos\"},\"image\":{\"@id\":\"https:\/\/www.estrategiaconcursos.com.br\/blog\/#\/schema\/logo\/image\/\"},\"sameAs\":[\"https:\/\/x.com\/EstratConcursos\"]},{\"@type\":\"Person\",\"@id\":\"https:\/\/www.estrategiaconcursos.com.br\/blog\/#\/schema\/person\/cdad40b5818eb228a838461fcd656da7\",\"name\":\"Coordena\u00e7\u00e3o\",\"image\":{\"@type\":\"ImageObject\",\"inLanguage\":\"pt-BR\",\"@id\":\"https:\/\/secure.gravatar.com\/avatar\/a413b22da0f5009c634f6c4586a2dbe5207074fd5becd88db5183b8069ef25e4?s=96&d=mm&r=g\",\"url\":\"https:\/\/secure.gravatar.com\/avatar\/a413b22da0f5009c634f6c4586a2dbe5207074fd5becd88db5183b8069ef25e4?s=96&d=mm&r=g\",\"contentUrl\":\"https:\/\/secure.gravatar.com\/avatar\/a413b22da0f5009c634f6c4586a2dbe5207074fd5becd88db5183b8069ef25e4?s=96&d=mm&r=g\",\"caption\":\"Coordena\u00e7\u00e3o\"},\"url\":\"https:\/\/www.estrategiaconcursos.com.br\/blog\/author\/contatoestrategiaconcursos-com-br\/\"}]}<\/script>\n<!-- \/ Yoast SEO Premium plugin. -->","yoast_head_json":{"title":"Senado corta 100 vagas: e isso \u00e9 uma boa not\u00edcia!","robots":{"index":"index","follow":"follow","max-snippet":"max-snippet:-1","max-image-preview":"max-image-preview:large","max-video-preview":"max-video-preview:-1"},"canonical":"https:\/\/www.estrategiaconcursos.com.br\/blog\/senado-corta-100-vagas-isso-e-uma-boa-noticia\/","og_locale":"pt_BR","og_type":"article","og_title":"Senado corta 100 vagas: e isso \u00e9 uma boa not\u00edcia!","og_description":"N\u00e3o pessoal, n\u00e3o estamos loucos, a informa\u00e7\u00e3o \u00e9 de fato essa: corte de 100 vagas no Senado Federal. E, sim, isso \u00e9 uma boa not\u00edcia! Vejamos. Em primeiro lugar, saiba que na \u00faltima quarta-feira, dia 23 de mar\u00e7o de 2016, foi noticiado no site do Senado (not\u00edcia completa) que a Mesa do Senado, em reuni\u00e3o, [&hellip;]","og_url":"https:\/\/www.estrategiaconcursos.com.br\/blog\/senado-corta-100-vagas-isso-e-uma-boa-noticia\/","og_site_name":"Estrat\u00e9gia Concursos","article_published_time":"2016-03-26T16:08:12+00:00","article_modified_time":"2016-03-30T18:22:34+00:00","author":"Coordena\u00e7\u00e3o","twitter_card":"summary_large_image","twitter_creator":"@EstratConcursos","twitter_site":"@EstratConcursos","twitter_misc":{"Escrito por":"Coordena\u00e7\u00e3o","Est. tempo de leitura":"2 minutos"},"schema":{"@context":"https:\/\/schema.org","@graph":[{"@type":"NewsArticle","@id":"https:\/\/www.estrategiaconcursos.com.br\/blog\/senado-corta-100-vagas-isso-e-uma-boa-noticia\/#article","isPartOf":{"@id":"https:\/\/www.estrategiaconcursos.com.br\/blog\/senado-corta-100-vagas-isso-e-uma-boa-noticia\/"},"author":{"name":"Coordena\u00e7\u00e3o","@id":"https:\/\/www.estrategiaconcursos.com.br\/blog\/#\/schema\/person\/cdad40b5818eb228a838461fcd656da7"},"headline":"Senado corta 100 vagas: e isso \u00e9 uma boa not\u00edcia!","datePublished":"2016-03-26T16:08:12+00:00","dateModified":"2016-03-30T18:22:34+00:00","mainEntityOfPage":{"@id":"https:\/\/www.estrategiaconcursos.com.br\/blog\/senado-corta-100-vagas-isso-e-uma-boa-noticia\/"},"wordCount":462,"commentCount":14,"publisher":{"@id":"https:\/\/www.estrategiaconcursos.com.br\/blog\/#organization"},"keywords":["concurso senado"],"articleSection":["Concursos P\u00fablicos"],"inLanguage":"pt-BR","potentialAction":[{"@type":"CommentAction","name":"Comment","target":["https:\/\/www.estrategiaconcursos.com.br\/blog\/senado-corta-100-vagas-isso-e-uma-boa-noticia\/#respond"]}],"copyrightYear":"2016","copyrightHolder":{"@id":"https:\/\/www.estrategiaconcursos.com.br\/blog\/#organization"}},{"@type":"WebPage","@id":"https:\/\/www.estrategiaconcursos.com.br\/blog\/senado-corta-100-vagas-isso-e-uma-boa-noticia\/","url":"https:\/\/www.estrategiaconcursos.com.br\/blog\/senado-corta-100-vagas-isso-e-uma-boa-noticia\/","name":"Senado corta 100 vagas: e isso \u00e9 uma boa not\u00edcia!","isPartOf":{"@id":"https:\/\/www.estrategiaconcursos.com.br\/blog\/#website"},"datePublished":"2016-03-26T16:08:12+00:00","dateModified":"2016-03-30T18:22:34+00:00","breadcrumb":{"@id":"https:\/\/www.estrategiaconcursos.com.br\/blog\/senado-corta-100-vagas-isso-e-uma-boa-noticia\/#breadcrumb"},"inLanguage":"pt-BR","potentialAction":[{"@type":"ReadAction","target":["https:\/\/www.estrategiaconcursos.com.br\/blog\/senado-corta-100-vagas-isso-e-uma-boa-noticia\/"]}]},{"@type":"BreadcrumbList","@id":"https:\/\/www.estrategiaconcursos.com.br\/blog\/senado-corta-100-vagas-isso-e-uma-boa-noticia\/#breadcrumb","itemListElement":[{"@type":"ListItem","position":1,"name":"In\u00edcio","item":"https:\/\/www.estrategiaconcursos.com.br\/blog\/"},{"@type":"ListItem","position":2,"name":"Senado corta 100 vagas: e isso \u00e9 uma boa not\u00edcia!"}]},{"@type":"WebSite","@id":"https:\/\/www.estrategiaconcursos.com.br\/blog\/#website","url":"https:\/\/www.estrategiaconcursos.com.br\/blog\/","name":"Estrat\u00e9gia Concursos","description":"O blog da Estrat\u00e9gia Concursos traz not\u00edcias sobre concursos e artigos de professores oferecendo cursos para concursos (pdf + videaulas) no site.","publisher":{"@id":"https:\/\/www.estrategiaconcursos.com.br\/blog\/#organization"},"potentialAction":[{"@type":"SearchAction","target":{"@type":"EntryPoint","urlTemplate":"https:\/\/www.estrategiaconcursos.com.br\/blog\/?s={search_term_string}"},"query-input":{"@type":"PropertyValueSpecification","valueRequired":true,"valueName":"search_term_string"}}],"inLanguage":"pt-BR"},{"@type":"Organization","@id":"https:\/\/www.estrategiaconcursos.com.br\/blog\/#organization","name":"Estrat\u00e9gia Concursos","url":"https:\/\/www.estrategiaconcursos.com.br\/blog\/","logo":{"@type":"ImageObject","inLanguage":"pt-BR","@id":"https:\/\/www.estrategiaconcursos.com.br\/blog\/#\/schema\/logo\/image\/","url":"https:\/\/dhg1h5j42swfq.cloudfront.net\/2025\/06\/03203428\/logo_concursos-1.jpg","contentUrl":"https:\/\/dhg1h5j42swfq.cloudfront.net\/2025\/06\/03203428\/logo_concursos-1.jpg","width":230,"height":60,"caption":"Estrat\u00e9gia Concursos"},"image":{"@id":"https:\/\/www.estrategiaconcursos.com.br\/blog\/#\/schema\/logo\/image\/"},"sameAs":["https:\/\/x.com\/EstratConcursos"]},{"@type":"Person","@id":"https:\/\/www.estrategiaconcursos.com.br\/blog\/#\/schema\/person\/cdad40b5818eb228a838461fcd656da7","name":"Coordena\u00e7\u00e3o","image":{"@type":"ImageObject","inLanguage":"pt-BR","@id":"https:\/\/secure.gravatar.com\/avatar\/a413b22da0f5009c634f6c4586a2dbe5207074fd5becd88db5183b8069ef25e4?s=96&d=mm&r=g","url":"https:\/\/secure.gravatar.com\/avatar\/a413b22da0f5009c634f6c4586a2dbe5207074fd5becd88db5183b8069ef25e4?s=96&d=mm&r=g","contentUrl":"https:\/\/secure.gravatar.com\/avatar\/a413b22da0f5009c634f6c4586a2dbe5207074fd5becd88db5183b8069ef25e4?s=96&d=mm&r=g","caption":"Coordena\u00e7\u00e3o"},"url":"https:\/\/www.estrategiaconcursos.com.br\/blog\/author\/contatoestrategiaconcursos-com-br\/"}]}},"_links":{"self":[{"href":"https:\/\/www.estrategiaconcursos.com.br\/blog\/wp-json\/wp\/v2\/posts\/35764","targetHints":{"allow":["GET"]}}],"collection":[{"href":"https:\/\/www.estrategiaconcursos.com.br\/blog\/wp-json\/wp\/v2\/posts"}],"about":[{"href":"https:\/\/www.estrategiaconcursos.com.br\/blog\/wp-json\/wp\/v2\/types\/post"}],"author":[{"embeddable":true,"href":"https:\/\/www.estrategiaconcursos.com.br\/blog\/wp-json\/wp\/v2\/users\/48"}],"replies":[{"embeddable":true,"href":"https:\/\/www.estrategiaconcursos.com.br\/blog\/wp-json\/wp\/v2\/comments?post=35764"}],"version-history":[{"count":2,"href":"https:\/\/www.estrategiaconcursos.com.br\/blog\/wp-json\/wp\/v2\/posts\/35764\/revisions"}],"predecessor-version":[{"id":35783,"href":"https:\/\/www.estrategiaconcursos.com.br\/blog\/wp-json\/wp\/v2\/posts\/35764\/revisions\/35783"}],"wp:attachment":[{"href":"https:\/\/www.estrategiaconcursos.com.br\/blog\/wp-json\/wp\/v2\/media?parent=35764"}],"wp:term":[{"taxonomy":"category","embeddable":true,"href":"https:\/\/www.estrategiaconcursos.com.br\/blog\/wp-json\/wp\/v2\/categories?post=35764"},{"taxonomy":"post_tag","embeddable":true,"href":"https:\/\/www.estrategiaconcursos.com.br\/blog\/wp-json\/wp\/v2\/tags?post=35764"},{"taxonomy":"tax_estado","embeddable":true,"href":"https:\/\/www.estrategiaconcursos.com.br\/blog\/wp-json\/wp\/v2\/tax_estado?post=35764"}],"curies":[{"name":"wp","href":"https:\/\/api.w.org\/{rel}","templated":true}]}}