{"id":35510,"date":"2026-04-16T15:04:41","date_gmt":"2026-04-16T18:04:41","guid":{"rendered":"http:\/\/www.estrategiaconcursos.com.br\/blog\/?p=35510"},"modified":"2026-04-16T15:59:12","modified_gmt":"2026-04-16T18:59:12","slug":"concurso-tcdf","status":"publish","type":"post","link":"https:\/\/www.estrategiaconcursos.com.br\/blog\/concurso-tcdf\/","title":{"rendered":"Concurso TCDF 2026: em contrata\u00e7\u00e3o da banca!"},"content":{"rendered":"\n<p style=\"font-size:clamp(15.747px, 0.984rem + ((1vw - 3.2px) * 0.809), 24px);\"><em><strong>Novo concurso TCDF ter\u00e1 vagas para Analista Administrativo; Cebraspe \u00e9 a banca mais cotada!<\/strong><\/em><\/p>\n\n\n\n<center><a id=\"cta-icon\" href=\"https:\/\/sndflw.com\/i\/tcdf-grupo\" target=\"_blank\" style=\"background:#29a61a; display:inline-flex; align-items:center; padding:10px 15px; border-radius:6px; color:#fff; text-decoration:none; font-weight:500; font-size:15px;\"><img decoding=\"async\" src=\"https:\/\/dhg1h5j42swfq.cloudfront.net\/2023\/12\/07154107\/whatsapp_13851.png\" alt=\"\" style=\"width:20px; height:20px; margin-right:8px;\"><span>Acesse agora o Grupo de Estudos para o Concurso TCDF<\/span><\/a><\/center>\n\n\n\n<div style=\"height:20px\" aria-hidden=\"true\" class=\"wp-block-spacer\"><\/div>\n\n\n\n<p>Um novo <strong>concurso p\u00fablico do TCDF (<a href=\"https:\/\/www.estrategiaconcursos.com.br\/cursosPorConcurso\/tribunal-de-contas-do-distrito-federal-tcdf\/\" target=\"_blank\" rel=\"noreferrer noopener\">Tribunal de Contas do Distrito Federal<\/a><\/strong>) ser\u00e1 realizado em <strong>2026<\/strong> e contar\u00e1 com o Cebraspe como organizador!<\/p>\n\n\n\n<p>O Estrat\u00e9gia Concursos obteve acesso ao Estudo T\u00e9cnico Preliminar (ETP) realizado pelo tribunal para compreender as possibilidades de realiza\u00e7\u00e3o do certame e viabilizar o novo edital.<\/p>\n\n\n\n<p>No <a href=\"#etp\">documento<\/a>, consta que a previs\u00e3o \u00e9 de <strong>10 vagas imediatas<\/strong> mais cadastro reserva para o cargo de Analista Administrativo de Controle Externo \u2013 ANACE, que exige n\u00edvel superior em qualquer \u00e1rea de forma\u00e7\u00e3o.<\/p>\n\n\n\n<p>A carreira, por sua vez, possui sal\u00e1rios iniciais pra l\u00e1 de atrativos, alcan\u00e7ando valores de <strong>R$ 14 mil<\/strong> no in\u00edcio da efetiva\u00e7\u00e3o, isso sem contar os benef\u00edcios do funcionalismo p\u00fablico do DF.<\/p>\n\n\n\n<p>Al\u00e9m disso, conforme o ETP, a inten\u00e7\u00e3o do TCDF era efetuar a contrata\u00e7\u00e3o da banca organizadora entre dezembro de 2025 e janeiro de 2026, o que n\u00e3o aconteceu. <strong>O certame segue em estudos.<\/strong><\/p>\n\n\n\n<ul class=\"wp-block-list has-very-light-gray-to-cyan-bluish-gray-gradient-background has-background\">\n<li><strong>Tribunal de Contas do Distrito Federal&nbsp;&#8211; 2026<\/strong><\/li>\n\n\n\n<li><strong>Status:<\/strong> previsto\/em estudos<\/li>\n\n\n\n<li><strong>Banca prevista:&nbsp;<\/strong>Cebraspe <\/li>\n\n\n\n<li><strong>Vagas:<\/strong> 10 + CR<\/li>\n\n\n\n<li><strong>Sal\u00e1rio inicial:<\/strong> R$ 14.207,61<\/li>\n<\/ul>\n\n\n\n<p>Enquanto isso, o concurso mais recente do TCDF foi realizado em 2024, dessa vez para <strong>Auditor de Controle Externo.<\/strong> Com organiza\u00e7\u00e3o do Cebraspe, foram ofertadas sete vagas nas especialidades de Orienta\u00e7\u00e3o Microinform\u00e1tica e Infraestrutura de TI (03); Psicologia (02) e Arquivologia (02).<\/p>\n\n\n\n<p>O certame segue <strong>vigente at\u00e9 1\u00ba de abril de 2027<\/strong>, podendo ser prorrogado por mais dois anos.<\/p>\n\n\n\n<ul class=\"wp-block-list has-very-light-gray-to-cyan-bluish-gray-gradient-background has-background\">\n<li><strong>Tribunal de Contas do Distrito Federal&nbsp;<\/strong>&#8211; 2024<\/li>\n\n\n\n<li><strong>Status:<\/strong> homologado<\/li>\n\n\n\n<li><strong>Banca prevista:&nbsp;<\/strong><a href=\"https:\/\/www.cebraspe.org.br\/concursos\/tc_df_24_auditor\" target=\"_blank\" rel=\"noreferrer noopener\">Cebraspe<\/a><\/li>\n\n\n\n<li><strong>Vagas:<\/strong> 07 + CR<\/li>\n\n\n\n<li><strong>Sal\u00e1rio inicial:<\/strong> R$ 21.183,51<\/li>\n\n\n\n<li><strong>Edital:<\/strong>&nbsp;<a href=\"https:\/\/dhg1h5j42swfq.cloudfront.net\/2024\/08\/05140125\/ed_1_tcdf_ace_abertura.pdf\" target=\"_blank\" rel=\"noreferrer noopener nofollow\">TCDF 2024<\/a><\/li>\n<\/ul>\n\n\n\n<p>Para ficar por dentro de todos os detalhes, confira neste artigo as principais informa\u00e7\u00f5es sobre o <strong>Concurso TCDF<\/strong>. Acompanhe os t\u00f3picos abaixo:<\/p>\n\n\n\n<ul id=\"indice\" class=\"wp-block-list\">\n<li><strong><a href=\"#atual\">Situa\u00e7\u00e3o atual &#8211; concurso ANACE<\/a><\/strong>\n<ul class=\"wp-block-list\">\n<li><a href=\"#etp\">Estudo T\u00e9cnico Preliminar<\/a><\/li>\n<\/ul>\n<\/li>\n\n\n\n<li><a href=\"#carreira\"><strong>Carreira<\/strong><\/a>\n<ul class=\"wp-block-list\">\n<li><a href=\"#nomenclatura\">Altera\u00e7\u00e3o na nomenclatura<\/a><\/li>\n\n\n\n<li><a href=\"#requisitos\">Requisitos<\/a><\/li>\n\n\n\n<li><a href=\"#remuneracao\">Remunera\u00e7\u00e3o<\/a>\n<ul class=\"wp-block-list\">\n<li><a href=\"#recomposicao\">Recomposi\u00e7\u00e3o salarial 2026<\/a><\/li>\n<\/ul>\n<\/li>\n\n\n\n<li><a href=\"#cargos-vagos\">Cargos vagos<\/a><\/li>\n<\/ul>\n<\/li>\n\n\n\n<li><a href=\"#ultimo\"><strong>\u00daltimos concursos<\/strong><\/a>\n<ul class=\"wp-block-list\">\n<li><a href=\"#2043\">Edital 2024<\/a><\/li>\n\n\n\n<li><a href=\"#2023\">Edital 2023<\/a><\/li>\n\n\n\n<li><a href=\"#2020\">Edital 2020<\/a><\/li>\n\n\n\n<li><a href=\"#nomeacoes\">Nomea\u00e7\u00f5es<\/a><\/li>\n<\/ul>\n<\/li>\n\n\n\n<li><strong><a href=\"#assinatura-e-cursos\">Assinatura e cursos<\/a><\/strong><\/li>\n\n\n\n<li><strong><a href=\"#ficha-tecnica\">Ficha t\u00e9cnica<\/a><\/strong><\/li>\n<\/ul>\n\n\n\n<p class=\"has-text-align-center has-background has-medium-font-size\" style=\"background-color:#e5e8ea\"><strong><a href=\"https:\/\/www.estrategiaconcursos.com.br\/blog\/estrategia-aprovados-concursos-controle-gestao\/\" target=\"_blank\" rel=\"noreferrer noopener\">Aprova\u00e7\u00e3o em peso: Estrat\u00e9gia \u00e9 refer\u00eancia na \u00e1rea de controle!<\/a><\/strong><\/p>\n\n\n\n<div id=\"boxes\" class=\"container\">\n<div class=\"row\">\n<div class=\"col-sm\">\n<div id=\"box-assinatura\" class=\"banner-controle-ec\">\n<h2 class=\"titulo-assinatura\">Concurso TCDF<\/h2>\n<p class=\"subtitulo-assinatura\">Prepara\u00e7\u00e3o completa para a carreira! \u2728<\/p>\n<div class=\"box-botao\"><a class=\"btn-assinatura\" role=\"button\" href=\"https:\/\/www.estrategiaconcursos.com.br\/cursosPorConcurso\/tribunal-de-contas-do-distrito-federal-tcdf\/\" target=\"_blank\" rel=\"noopener noreferrer\">VER CURSOS<\/a><\/div>\n<\/div>\n<\/div>\n<\/div>\n<\/div>\n\n\n\n<h2 class=\"wp-block-heading\" id=\"carreira\">Concurso TCDF ANACE: situa\u00e7\u00e3o atual<\/h2>\n\n\n\n<h3 class=\"wp-block-heading\" id=\"etp\">Estudo T\u00e9cnico Preliminar<\/h3>\n\n\n\n<p>O Estrat\u00e9gia Concursos obteve acesso ao Estudo T\u00e9cnico Preliminar (ETP) realizado pelo tribunal para compreender as possibilidades de realiza\u00e7\u00e3o do certame e viabilizar o novo edital.<\/p>\n\n\n\n<p>No <a href=\"https:\/\/dhg1h5j42swfq.cloudfront.net\/2025\/12\/11214203\/ante_projeto_anacevers_aoautoriza_o_ao-2-1_watermark.pdf\" target=\"_blank\" rel=\"noreferrer noopener nofollow\">documento<\/a>, consta que a previs\u00e3o \u00e9 de <strong>10 vagas imediatas<\/strong> mais cadastro reserva para o cargo de Analista Administrativo de Controle Externo \u2013 ANACE, que exige n\u00edvel superior em qualquer \u00e1rea de forma\u00e7\u00e3o. Veja:<\/p>\n\n\n\n<figure class=\"wp-block-image aligncenter size-full\"><img loading=\"lazy\" decoding=\"async\" width=\"595\" height=\"647\" src=\"https:\/\/dhg1h5j42swfq.cloudfront.net\/2025\/12\/11214429\/foto-2.jpg\" alt=\"Concurso TCDF: edital em mar\u00e7o; 10 vagas para Analista!\" class=\"wp-image-1684185\" srcset=\"https:\/\/dhg1h5j42swfq.cloudfront.net\/2025\/12\/11214429\/foto-2.jpg 595w, https:\/\/dhg1h5j42swfq.cloudfront.net\/2025\/12\/11214429\/foto-2-276x300.jpg 276w, https:\/\/dhg1h5j42swfq.cloudfront.net\/2025\/12\/11214429\/foto-2-150x163.jpg 150w\" sizes=\"auto, (max-width: 595px) 100vw, 595px\" \/><figcaption class=\"wp-element-caption\">Concurso TCDF: edital em mar\u00e7o; 10 vagas para Analista!<\/figcaption><\/figure>\n\n\n\n<p>Al\u00e9m disso, conforme o ETP, a inten\u00e7\u00e3o do TCDF era efetuar a contrata\u00e7\u00e3o da banca organizadora entre dezembro de 2025 e janeiro de 2026, com publica\u00e7\u00e3o do edital em mar\u00e7o de 2026, o que n\u00e3o ocorreu.<\/p>\n\n\n\n<p>J\u00e1 a etapa de provas, que ser\u00e1 composta por provas objetivas e discursivas, seria aplicada em junho de 2026, com resultado final em setembro. Veja:<\/p>\n\n\n\n<figure class=\"wp-block-image aligncenter size-full\"><img loading=\"lazy\" decoding=\"async\" width=\"976\" height=\"414\" src=\"https:\/\/dhg1h5j42swfq.cloudfront.net\/2025\/12\/11214418\/cronograma.jpg\" alt=\"Concurso TCDF: edital em mar\u00e7o; 10 vagas para Analista!\" class=\"wp-image-1684183\" srcset=\"https:\/\/dhg1h5j42swfq.cloudfront.net\/2025\/12\/11214418\/cronograma.jpg 976w, https:\/\/dhg1h5j42swfq.cloudfront.net\/2025\/12\/11214418\/cronograma-300x127.jpg 300w, https:\/\/dhg1h5j42swfq.cloudfront.net\/2025\/12\/11214418\/cronograma-768x326.jpg 768w, https:\/\/dhg1h5j42swfq.cloudfront.net\/2025\/12\/11214418\/cronograma-150x64.jpg 150w\" sizes=\"auto, (max-width: 976px) 100vw, 976px\" \/><figcaption class=\"wp-element-caption\">Concurso TCDF: edital em mar\u00e7o; 10 vagas para Analista!<\/figcaption><\/figure>\n\n\n\n<h3 class=\"wp-block-heading\" id=\"h-o-novo-concurso-tcdf-sera-realizado-devido-a-falta-de-aprovados-no-edital-de-2023\">O novo concurso TCDF ser\u00e1 realizado devido \u00e0 falta de aprovados no edital de 2023<\/h3>\n\n\n\n<p>O Estudo T\u00e9cnico Preliminar ainda traz informa\u00e7\u00f5es pertinentes do porqu\u00ea o TCDF planeja realizar um novo concurso p\u00fablico para a \u00e1rea de Analista Administrativo.<\/p>\n\n\n\n<p>No ETP, o \u00f3rg\u00e3o justifica que <strong>43,33%<\/strong> dos candidatos com potencial para compor o cadastro reserva n\u00e3o atingiram a nota m\u00ednima final.<\/p>\n\n\n\n<p>Isso resultou em um chamamento pelo cadastro reserva bem menor do que o esperado, transformando as oportunidades em <strong>68 aprovados<\/strong>, isto \u00e9, <strong>56,66%<\/strong> do esperado anteriormente.<\/p>\n\n\n\n<p>Este n\u00famero diminuiu ainda mais com a <strong>desist\u00eancia de candidatos <\/strong>para a nomea\u00e7\u00e3o, <strong>o n\u00famero de pessoas que decidiram n\u00e3o tomar posse<\/strong> e a quantidade de candidatos que pediram <strong>exonera\u00e7\u00e3o<\/strong>.<\/p>\n\n\n\n<p>Isso resultou apenas em <strong>42 aprovados efetivos no \u00f3rg\u00e3o<\/strong>, diminuindo drasticamente o poder profissional e a sufici\u00eancia de m\u00e3o de obra. Veja a tabela:<\/p>\n\n\n\n<figure class=\"wp-block-image aligncenter size-full is-resized\"><img loading=\"lazy\" decoding=\"async\" width=\"509\" height=\"228\" src=\"https:\/\/dhg1h5j42swfq.cloudfront.net\/2025\/12\/11214934\/image-109.png\" alt=\"\" class=\"wp-image-1684187\" style=\"width:594px;height:auto\" srcset=\"https:\/\/dhg1h5j42swfq.cloudfront.net\/2025\/12\/11214934\/image-109.png 509w, https:\/\/dhg1h5j42swfq.cloudfront.net\/2025\/12\/11214934\/image-109-300x134.png 300w, https:\/\/dhg1h5j42swfq.cloudfront.net\/2025\/12\/11214934\/image-109-150x67.png 150w\" sizes=\"auto, (max-width: 509px) 100vw, 509px\" \/><\/figure>\n\n\n\n<p>Os dados da tabela (8 desist\u00eancias de nomea\u00e7\u00e3o + 8 que n\u00e3o tomaram posse) somam 16 perdas antes mesmo do v\u00ednculo efetivo, resultando em um resultado de 49 servidores empossados.<\/p>\n\n\n\n<p>Essas perdas, por sua vez, foram justificadas pelos candidatos atrav\u00e9s da aprova\u00e7\u00e3o em outros concursos p\u00fablicos, o que fez com que eles desistissem do cargo atual.<\/p>\n\n\n\n<figure class=\"wp-block-image aligncenter size-full is-resized\"><img loading=\"lazy\" decoding=\"async\" width=\"536\" height=\"286\" src=\"https:\/\/dhg1h5j42swfq.cloudfront.net\/2025\/12\/11215027\/image-110.png\" alt=\"\" class=\"wp-image-1684189\" style=\"width:600px;height:auto\" srcset=\"https:\/\/dhg1h5j42swfq.cloudfront.net\/2025\/12\/11215027\/image-110.png 536w, https:\/\/dhg1h5j42swfq.cloudfront.net\/2025\/12\/11215027\/image-110-300x160.png 300w, https:\/\/dhg1h5j42swfq.cloudfront.net\/2025\/12\/11215027\/image-110-150x80.png 150w\" sizes=\"auto, (max-width: 536px) 100vw, 536px\" \/><\/figure>\n\n\n\n<h2 class=\"wp-block-heading\" id=\"carreira\">Carreira no TCDF<\/h2>\n\n\n\n<h3 class=\"wp-block-heading\" id=\"nomenclatura\">Altera\u00e7\u00e3o na nomenclatura<\/h3>\n\n\n\n<p>Foi sancionada a <a href=\"https:\/\/dhg1h5j42swfq.cloudfront.net\/2023\/05\/04081603\/df.pdf\" target=\"_blank\" rel=\"noreferrer noopener nofollow\">Lei N\u00ba 7.257\/2023<\/a> que alterou a denomina\u00e7\u00e3o dos cargos de Analista de Administra\u00e7\u00e3o P\u00fablica, T\u00e9cnico de Administra\u00e7\u00e3o P\u00fablica e Auxiliar de Administra\u00e7\u00e3o P\u00fablica.<\/p>\n\n\n\n<p>Com isso, o cargo de Auditor de Controle Externo e seus atuais ocupantes s\u00e3o alocados na \u00e1rea de concentra\u00e7\u00e3o especializada: <strong>Auditoria <\/strong>e <strong>Especializada<\/strong>. Confira os detalhes na tabela abaixo:<\/p>\n\n\n\n<figure class=\"wp-block-table is-style-stripes\"><table class=\"has-fixed-layout\"><thead><tr><th class=\"has-text-align-center\" data-align=\"center\">Nomenclatura anterior<\/th><th class=\"has-text-align-center\" data-align=\"center\">Nova nomenclatura<\/th><th class=\"has-text-align-center\" data-align=\"center\">Escolaridade<\/th><\/tr><\/thead><tbody><tr><td class=\"has-text-align-center\" data-align=\"center\">Analista de Administra\u00e7\u00e3o P\u00fablica<\/td><td class=\"has-text-align-center\" data-align=\"center\">Auditor de Controle Externo<\/td><td class=\"has-text-align-center\" data-align=\"center\">N\u00edvel superior<\/td><\/tr><tr><td class=\"has-text-align-center\" data-align=\"center\">T\u00e9cnico de Administra\u00e7\u00e3o P\u00fablica e T\u00e9cnico de Controle Externo<\/td><td class=\"has-text-align-center\" data-align=\"center\">Analista Administrativo de Controle Externo<\/td><td class=\"has-text-align-center\" data-align=\"center\">N\u00edvel superior<\/td><\/tr><tr><td class=\"has-text-align-center\" data-align=\"center\">Auxiliar de Administra\u00e7\u00e3o P\u00fablica<\/td><td class=\"has-text-align-center\" data-align=\"center\">T\u00e9cnico Administrativo de Controle Externo<\/td><td class=\"has-text-align-center\" data-align=\"center\">N\u00edvel m\u00e9dio<\/td><\/tr><\/tbody><\/table><figcaption class=\"wp-element-caption\">Tabela das novas nomenclaturas dos cargos<\/figcaption><\/figure>\n\n\n\n<h3 class=\"wp-block-heading\" id=\"requisitos\">Requisitos<\/h3>\n\n\n\n<p><strong>Auditor de Controle Externo &#8211; \u00c1rea Arquivologia:<\/strong> diploma, devidamente registrado, de conclus\u00e3o de curso superior em Arquivologia, fornecido por institui\u00e7\u00e3o de ensino superior reconhecida pelo Minist\u00e9rio da Educa\u00e7\u00e3o (MEC).<\/p>\n\n\n\n<p><strong>Auditor de Controle Externo &#8211; \u00c1rea Psicologia<\/strong>: diploma, devidamente registrado, de conclus\u00e3o de curso superior em Psicologia, fornecido por institui\u00e7\u00e3o de ensino superior reconhecida pelo MEC, e registro profissional no respectivo conselho de classe<\/p>\n\n\n\n<p><strong>Auditor de Controle Externo &#8211; \u00c1rea TI:<\/strong> diploma, devidamente registrado, de conclus\u00e3o de curso superior em qualquer \u00e1rea de forma\u00e7\u00e3o, fornecido por institui\u00e7\u00e3o de ensino superior reconhecida pelo MEC.<\/p>\n\n\n\n<h3 class=\"wp-block-heading\" id=\"remuneracao\">Remunera\u00e7\u00e3o<\/h3>\n\n\n\n<p>Para <strong>Auditor de Controle Externo<\/strong>, a remunera\u00e7\u00e3o inicial \u00e9 formada pelo vencimento base mais Gratifica\u00e7\u00e3o de Atividade da Carreira de Controle Externo (GACE), totalizando <strong>R$ 21.183,51<\/strong>.<\/p>\n\n\n\n<figure class=\"wp-block-image aligncenter size-full\"><img loading=\"lazy\" decoding=\"async\" width=\"538\" height=\"650\" src=\"https:\/\/dhg1h5j42swfq.cloudfront.net\/2024\/06\/12102914\/image-280.png\" alt=\"Tabela de remunera\u00e7\u00e3o reajustada para Auditor de Controle Externo e Analista de Administra\u00e7\u00e3o P\u00fablica do concurso TCDF.\" class=\"wp-image-1414049\" srcset=\"https:\/\/dhg1h5j42swfq.cloudfront.net\/2024\/06\/12102914\/image-280.png 538w, https:\/\/dhg1h5j42swfq.cloudfront.net\/2024\/06\/12102914\/image-280-248x300.png 248w, https:\/\/dhg1h5j42swfq.cloudfront.net\/2024\/06\/12102914\/image-280-150x181.png 150w\" sizes=\"auto, (max-width: 538px) 100vw, 538px\" \/><\/figure>\n\n\n\n<p>Para <strong>Analista Administrativo de Controle Externo<\/strong>, a remunera\u00e7\u00e3o inicial \u00e9 de <strong>R$ 14.207,61<\/strong>.<\/p>\n\n\n\n<figure class=\"wp-block-image aligncenter size-full\"><img loading=\"lazy\" decoding=\"async\" width=\"540\" height=\"645\" src=\"https:\/\/dhg1h5j42swfq.cloudfront.net\/2024\/06\/12102955\/image-281.png\" alt=\"Tabela de remunera\u00e7\u00e3o reajustada para T\u00e9cnico de Controle Externo e T\u00e9cnico de Administra\u00e7\u00e3o P\u00fablica do concurso TCDF.\" class=\"wp-image-1414050\" srcset=\"https:\/\/dhg1h5j42swfq.cloudfront.net\/2024\/06\/12102955\/image-281.png 540w, https:\/\/dhg1h5j42swfq.cloudfront.net\/2024\/06\/12102955\/image-281-251x300.png 251w, https:\/\/dhg1h5j42swfq.cloudfront.net\/2024\/06\/12102955\/image-281-150x179.png 150w\" sizes=\"auto, (max-width: 540px) 100vw, 540px\" \/><\/figure>\n\n\n\n<p>Al\u00e9m dos valores mencionados acima, os servidores ainda fazem jus ao <strong>aux\u00edlio alimenta\u00e7\u00e3o<\/strong> (R$ 2,5 mil) e <strong><a href=\"https:\/\/www.sinj.df.gov.br\/sinj\/Norma\/9028506bbea34a659e53f31b65dd696d\/tcdf_res_300_2016.html\" target=\"_blank\" rel=\"noreferrer noopener\">Adicional de Qualifica\u00e7\u00e3o<\/a> (AQ) <\/strong>de at\u00e9 15% do vencimento b\u00e1sico.<\/p>\n\n\n\n<p>Para exemplificar ainda melhor, trouxemos abaixo o valor real (ap\u00f3s os descontos obrigat\u00f3rios) recebido por&nbsp;<strong>servidores ativos no TCDF<\/strong>.<\/p>\n\n\n\n<p><strong>Auditor de Controle Externo &#8211; Admitido em 2024:<\/strong><\/p>\n\n\n\n<ul class=\"wp-block-list\">\n<li><strong>R$ 17.782,07<\/strong><\/li>\n<\/ul>\n\n\n\n<figure class=\"wp-block-image aligncenter size-large\"><img loading=\"lazy\" decoding=\"async\" width=\"1024\" height=\"322\" src=\"https:\/\/dhg1h5j42swfq.cloudfront.net\/2025\/12\/11103746\/image-88-1024x322.png\" alt=\"\" class=\"wp-image-1683612\" srcset=\"https:\/\/dhg1h5j42swfq.cloudfront.net\/2025\/12\/11103746\/image-88-1024x322.png 1024w, https:\/\/dhg1h5j42swfq.cloudfront.net\/2025\/12\/11103746\/image-88-300x94.png 300w, https:\/\/dhg1h5j42swfq.cloudfront.net\/2025\/12\/11103746\/image-88-768x241.png 768w, https:\/\/dhg1h5j42swfq.cloudfront.net\/2025\/12\/11103746\/image-88-1536x482.png 1536w, https:\/\/dhg1h5j42swfq.cloudfront.net\/2025\/12\/11103746\/image-88-150x47.png 150w, https:\/\/dhg1h5j42swfq.cloudfront.net\/2025\/12\/11103746\/image-88.png 1627w\" sizes=\"auto, (max-width: 1024px) 100vw, 1024px\" \/><\/figure>\n\n\n\n<hr class=\"wp-block-separator has-alpha-channel-opacity is-style-dots\"\/>\n\n\n\n<p><strong>Analista Administrativo &#8211; Admitido em 2024:<\/strong><\/p>\n\n\n\n<ul class=\"wp-block-list\">\n<li><strong>R$ 12.512,87<\/strong><\/li>\n<\/ul>\n\n\n\n<figure class=\"wp-block-image aligncenter size-large\"><img loading=\"lazy\" decoding=\"async\" width=\"1024\" height=\"323\" src=\"https:\/\/dhg1h5j42swfq.cloudfront.net\/2025\/12\/11103501\/image-86-1024x323.png\" alt=\"\" class=\"wp-image-1683610\" srcset=\"https:\/\/dhg1h5j42swfq.cloudfront.net\/2025\/12\/11103501\/image-86-1024x323.png 1024w, https:\/\/dhg1h5j42swfq.cloudfront.net\/2025\/12\/11103501\/image-86-300x95.png 300w, https:\/\/dhg1h5j42swfq.cloudfront.net\/2025\/12\/11103501\/image-86-768x242.png 768w, https:\/\/dhg1h5j42swfq.cloudfront.net\/2025\/12\/11103501\/image-86-1536x485.png 1536w, https:\/\/dhg1h5j42swfq.cloudfront.net\/2025\/12\/11103501\/image-86-150x47.png 150w, https:\/\/dhg1h5j42swfq.cloudfront.net\/2025\/12\/11103501\/image-86.png 1629w\" sizes=\"auto, (max-width: 1024px) 100vw, 1024px\" \/><\/figure>\n\n\n\n<ul class=\"wp-block-list\">\n<li><strong><a href=\"https:\/\/egesp.tc.df.gov.br\/site\/transparencia\/rendimento_folha\" target=\"_blank\" rel=\"noreferrer noopener\">Confira as remunera\u00e7\u00f5es reais diretamente no Portal da Transpar\u00eancia do TCDF<\/a><\/strong><\/li>\n<\/ul>\n\n\n\n<h3 class=\"wp-block-heading\" id=\"recomposicao\">Recomposi\u00e7\u00e3o salarial em 2026<\/h3>\n\n\n\n<p>A C\u00e2mara Legislativa do DF aprovou a reda\u00e7\u00e3o final do<strong> <a href=\"https:\/\/dhg1h5j42swfq.cloudfront.net\/2026\/03\/26162856\/1774548729440-redacao-final-seleg-328377.pdf\" target=\"_blank\" rel=\"noreferrer noopener nofollow\">PL que traz a recomposi\u00e7\u00e3o salarial<\/a> <\/strong>e a reestrutura\u00e7\u00e3o de cargos para o Tribunal de Contas do Distrito Federal.<\/p>\n\n\n\n<ul class=\"wp-block-list\">\n<li><strong>Auditor de Controle Externo:<\/strong> inicial de R$ 22.350,66, podendo chegar a mais de R$ 41 mil no topo da carreira;<\/li>\n\n\n\n<li><strong>Analista Administrativo:<\/strong> inicial de R$ 14.990,41;<\/li>\n\n\n\n<li><strong>T\u00e9cnico Administrativo:<\/strong> inicial de R$ 10.053,94.<\/li>\n<\/ul>\n\n\n\n<p>Al\u00e9m disso, o projeto cria novos n\u00edveis de fun\u00e7\u00f5es de confian\u00e7a, fortalecendo a estrutura administrativa do \u00f3rg\u00e3o.<\/p>\n\n\n\n<p>Ap\u00f3s a san\u00e7\u00e3o, os novos valores devem come\u00e7ar a valer j\u00e1 a partir do dia 1\u00ba de abril de 2026,<\/p>\n\n\n\n<h3 class=\"wp-block-heading\" id=\"cargos-vagos\">Cargos vagos<\/h3>\n\n\n\n<p>Conforme \u00faltima atualiza\u00e7\u00e3o do portal do Tribunal de Contas do Distrito Federal, <strong>h\u00e1 96 vagas dispon\u00edveis<\/strong>, divididas entre as carreiras abaixo:<\/p>\n\n\n\n<figure class=\"wp-block-table is-style-stripes\"><table><thead><tr><td class=\"has-text-align-center\" data-align=\"center\"><strong>Cargo<\/strong><\/td><td class=\"has-text-align-center\" data-align=\"center\"><strong>Ocupados<\/strong><\/td><td class=\"has-text-align-center\" data-align=\"center\"><strong>Vagos<\/strong><\/td><td class=\"has-text-align-center\" data-align=\"center\"><strong>Criados\/<\/strong><br \/><strong>Reservados<\/strong><\/td><td class=\"has-text-align-center\" data-align=\"center\"><strong>Total<\/strong><\/td><\/tr><\/thead><tbody><tr><td class=\"has-text-align-center\" data-align=\"center\">Auditor de Controle Externo &#8211; \u00e1rea de Auditoria<\/td><td class=\"has-text-align-center\" data-align=\"center\">217<\/td><td class=\"has-text-align-center\" data-align=\"center\">58<\/td><td class=\"has-text-align-center\" data-align=\"center\">25<\/td><td class=\"has-text-align-center\" data-align=\"center\">300<\/td><\/tr><tr><td class=\"has-text-align-center\" data-align=\"center\">Auditor de Controle Externo &#8211; \u00e1rea Especializada<\/td><td class=\"has-text-align-center\" data-align=\"center\">55<\/td><td class=\"has-text-align-center\" data-align=\"center\">3<\/td><td class=\"has-text-align-center\" data-align=\"center\">14<\/td><td class=\"has-text-align-center\" data-align=\"center\">72<\/td><\/tr><tr><td class=\"has-text-align-center\" data-align=\"center\">Analista Administrativo de Controle Externo &#8211; Serv. T\u00e9c. e Adm.<\/td><td class=\"has-text-align-center\" data-align=\"center\">50<\/td><td class=\"has-text-align-center\" data-align=\"center\">35<\/td><td class=\"has-text-align-center\" data-align=\"center\">35<\/td><td class=\"has-text-align-center\" data-align=\"center\">120<\/td><\/tr><tr><td class=\"has-text-align-center\" data-align=\"center\">Analista Administrativo de Controle Externo &#8211; Controle Externo<\/td><td class=\"has-text-align-center\" data-align=\"center\">0<\/td><td class=\"has-text-align-center\" data-align=\"center\">0<\/td><td class=\"has-text-align-center\" data-align=\"center\">34<\/td><td class=\"has-text-align-center\" data-align=\"center\">34<\/td><\/tr><\/tbody><\/table><figcaption class=\"wp-element-caption\">Cargos vagos &#8211; refer\u00eancia em 02\/2026<\/figcaption><\/figure>\n\n\n\n<hr class=\"wp-block-separator has-alpha-channel-opacity is-style-dots\"\/>\n\n\n\n<h2 class=\"wp-block-heading\" id=\"ultimo\">\u00daltimos concursos do TCDF<\/h2>\n\n\n\n<h3 class=\"wp-block-heading\" id=\"2024\">Edital 2024<\/h3>\n\n\n\n<p>J\u00e1 homologado, o certame ter\u00e1 validade de dois anos (at\u00e9 1\u00ba de abril de 2027), podendo ser prorrogado por mais dois anos. Durante esse per\u00edodo, o Tribunal dever\u00e1 convocar os candidatos aprovados.<\/p>\n\n\n\n<p>Vale lembrar que o certame registrou <a href=\"https:\/\/dhg1h5j42swfq.cloudfront.net\/2024\/11\/08155602\/tc_df_24_auditor___demanda_candidatos_por_vaga.pdf\" target=\"_blank\" rel=\"noreferrer noopener nofollow\">2.328 inscritos<\/a> para as 07 vagas imediatas mais oportunidades em cadastro reserva no cargo de Auditor de Controle.<\/p>\n\n\n\n<p>No dia da prova, foi registrada uma absten\u00e7\u00e3o de 42,40%, ou seja, cerca de 978&nbsp;candidatos n\u00e3o compareceram para realizar a etapa.<\/p>\n\n\n\n<p>As vagas contempladas no certame est\u00e3o distribu\u00eddas entre Orienta\u00e7\u00e3o Microinform\u00e1tica e Infraestrutura de TI (03); Psicologia (02) e Arquivologia.<\/p>\n\n\n\n<figure class=\"wp-block-table is-style-stripes\"><table><thead><tr><th class=\"has-text-align-center\" data-align=\"center\">Especialidade<\/th><th class=\"has-text-align-center\" data-align=\"center\">Vagas AC<\/th><th class=\"has-text-align-center\" data-align=\"center\">Negros<\/th><th class=\"has-text-align-center\" data-align=\"center\">Total<\/th><\/tr><\/thead><tbody><tr><td class=\"has-text-align-center\" data-align=\"center\">Especialidade 1: Auditor de Controle<br \/>Externo \u2013 \u00c1rea Especializada \u2013<br \/>Especialidade: <strong>Arquivologia<\/strong><\/td><td class=\"has-text-align-center\" data-align=\"center\">2<\/td><td class=\"has-text-align-center\" data-align=\"center\">&#8211;<\/td><td class=\"has-text-align-center\" data-align=\"center\">2<\/td><\/tr><tr><td class=\"has-text-align-center\" data-align=\"center\">Especialidade 2: Auditor de Controle<br \/>Externo \u2013 \u00c1rea Especializada<br \/>Especialidade: <strong>Psicologia<\/strong><\/td><td class=\"has-text-align-center\" data-align=\"center\">2<\/td><td class=\"has-text-align-center\" data-align=\"center\">&#8211;<\/td><td class=\"has-text-align-center\" data-align=\"center\">2<\/td><\/tr><tr><td class=\"has-text-align-center\" data-align=\"center\">Especialidade 3: Auditor de Controle<br \/>Externo \u2013 \u00c1rea Especializada \u2013<br \/>Especialidade: <strong>Tecnologia da<br \/>Informa\u00e7\u00e3o \u2013 Orienta\u00e7\u00e3o<br \/>Microinform\u00e1tica e Infraestrutura de TI<\/strong><\/td><td class=\"has-text-align-center\" data-align=\"center\">2<\/td><td class=\"has-text-align-center\" data-align=\"center\">1<\/td><td class=\"has-text-align-center\" data-align=\"center\">3<\/td><\/tr><\/tbody><\/table><figcaption class=\"wp-element-caption\">Distribui\u00e7\u00e3o das vagas por especialidade<\/figcaption><\/figure>\n\n\n\n<h4 class=\"wp-block-heading\" id=\"etapas\">Etapas do concurso TCDF<\/h4>\n\n\n\n<p>Os candidatos do concurso TCDF foram avaliados por meio de <strong>duas etapas<\/strong>:<\/p>\n\n\n\n<ul class=\"wp-block-list\">\n<li><strong>Prova objetiva<\/strong> (dividida em P1, P2 e P3) eliminat\u00f3ria e classificat\u00f3ria; e<\/li>\n\n\n\n<li><strong>Prova discursiva<\/strong>, eliminat\u00f3ria e classificat\u00f3ria.<\/li>\n<\/ul>\n\n\n\n<p><strong>&gt;&gt;&gt;<a href=\"https:\/\/dhg1h5j42swfq.cloudfront.net\/2024\/08\/05140125\/ed_1_tcdf_ace_abertura.pdf\" target=\"_blank\" rel=\"noreferrer noopener nofollow\">Edital do concurso TCDF 2024<\/a><\/strong><\/p>\n\n\n\n<h3 class=\"wp-block-heading\" id=\"2023\">Edital 2023<\/h3>\n\n\n\n<p>Tamb\u00e9m organizado pelo Cebraspe, o concurso foi destinado ao provimento de&nbsp;<strong>23 vagas imediatas<\/strong>, al\u00e9m de oportunidades para cadastro reserva, para os seguintes cargos de n\u00edvel superior:<\/p>\n\n\n\n<ul class=\"wp-block-list\">\n<li>Analista Administrativo de Controle Externo &#8211; <strong>10 vagas (3.299 inscritos)<\/strong><\/li>\n\n\n\n<li>Auditor de Controle Externo \u2013 \u00e1rea: Auditoria &#8211; 10 vagas <strong>(2.860 inscritos)<\/strong><\/li>\n\n\n\n<li>Auditor de Controle Externo \u2013 Orienta\u00e7\u00e3o Sistemas de TI &#8211;<strong><\/strong><strong> 03 vagas<\/strong> (1.240 inscritos)<\/li>\n<\/ul>\n\n\n\n<p>A sele\u00e7\u00e3o teve a sua <strong>validade prorrogada at\u00e9 abril de 2028<\/strong>. A medida viabiliza a convoca\u00e7\u00e3o de mais aprovados.<\/p>\n\n\n\n<figure class=\"wp-block-image aligncenter size-full is-resized\"><img loading=\"lazy\" decoding=\"async\" width=\"738\" height=\"736\" src=\"https:\/\/dhg1h5j42swfq.cloudfront.net\/2026\/04\/16150334\/gdf.jpg\" alt=\"prorrogada a validade do concurso TCDF 2023\" class=\"wp-image-1754667\" style=\"aspect-ratio:1.0027205596579867;width:573px;height:auto\" srcset=\"https:\/\/dhg1h5j42swfq.cloudfront.net\/2026\/04\/16150334\/gdf.jpg 738w, https:\/\/dhg1h5j42swfq.cloudfront.net\/2026\/04\/16150334\/gdf-300x300.jpg 300w, https:\/\/dhg1h5j42swfq.cloudfront.net\/2026\/04\/16150334\/gdf-150x150.jpg 150w, https:\/\/dhg1h5j42swfq.cloudfront.net\/2026\/04\/16150334\/gdf-96x96.jpg 96w\" sizes=\"auto, (max-width: 738px) 100vw, 738px\" \/><\/figure>\n\n\n\n<p><strong>&gt;&gt;&gt;<a href=\"https:\/\/dhg1h5j42swfq.cloudfront.net\/2023\/10\/11081930\/ed_1_2023_tcdf_abertura_versao_compilada_at_ret_ed_3.pdf\" target=\"_blank\" rel=\"noreferrer noopener nofollow\">Edital do concurso TCDF 2023<\/a><\/strong><\/p>\n\n\n\n<h3 class=\"wp-block-heading\" id=\"2020\">Edital 2020<\/h3>\n\n\n\n<p>Publicado em <strong>2020<\/strong>, sob organiza\u00e7\u00e3o do Cebraspe, o concurso para <strong>Auditor de Controle Externo<\/strong> ficou v\u00e1lido at\u00e9 agosto de 2023. Foram ofertadas <strong>10 vagas <\/strong>mais forma\u00e7\u00e3o de cadastro reserva, disputadas por <a href=\"https:\/\/dhg1h5j42swfq.cloudfront.net\/2021\/02\/12183011\/tc_df_20_ace_____demanda_candidatos_por_vaga.pdf\" target=\"_blank\" rel=\"noreferrer noopener nofollow\">5.864 candidatos<\/a>.<\/p>\n\n\n\n<p>A lista de convoca\u00e7\u00e3o dos candidatos aprovados foi zerada. Com 79 aprovados no total, vale ressaltar que alguns candidatos \u00e0s vagas para PcD e Negros obtiveram pontua\u00e7\u00e3o suficiente para serem aprovados na ampla concorr\u00eancia. Assim,<strong> foram efetivamente chamados 71 candidatos<\/strong>.<\/p>\n\n\n\n<p><strong>&gt;&gt;&gt;<a href=\"https:\/\/dhg1h5j42swfq.cloudfront.net\/2024\/06\/12152821\/ed_1_tcdf_ace_20_abt.pdf\" target=\"_blank\" rel=\"noreferrer noopener nofollow\">Edital do concurso TCDF 2020<\/a><\/strong><\/p>\n\n\n\n<h3 class=\"wp-block-heading\" id=\"nomeacoes\">Nomea\u00e7\u00f5es dos \u00faltimos concursos<\/h3>\n\n\n\n<figure class=\"wp-block-table is-style-stripes\"><table><thead><tr><td class=\"has-text-align-center\" data-align=\"center\"><strong>Edital Normativo<\/strong><\/td><td class=\"has-text-align-center\" data-align=\"center\"><strong>Data edital de abertura<\/strong><\/td><td class=\"has-text-align-center\" data-align=\"center\"><strong>Homologa\u00e7\u00e3o<\/strong><\/td><td class=\"has-text-align-center\" data-align=\"center\"><strong>Validade<\/strong><\/td><td class=\"has-text-align-center\" data-align=\"center\"><strong>Nomeados<\/strong><\/td><\/tr><\/thead><tbody><tr><td class=\"has-text-align-center\" data-align=\"center\">Edital n\u00b0 1\/2024 &#8211; ACE TI &#8211; Infra<\/td><td class=\"has-text-align-center\" data-align=\"center\">05\/08\/2024<\/td><td class=\"has-text-align-center\" data-align=\"center\">01\/04\/2025<\/td><td class=\"has-text-align-center\" data-align=\"center\">01\/04\/2027<\/td><td class=\"has-text-align-center\" data-align=\"center\">3<\/td><\/tr><tr><td class=\"has-text-align-center\" data-align=\"center\">Edital n\u00b0 1\/2024 &#8211; ACE &#8211; ARQ<\/td><td class=\"has-text-align-center\" data-align=\"center\">05\/08\/2024<\/td><td class=\"has-text-align-center\" data-align=\"center\">01\/04\/2025<\/td><td class=\"has-text-align-center\" data-align=\"center\">01\/04\/2027<\/td><td class=\"has-text-align-center\" data-align=\"center\">2<\/td><\/tr><tr><td class=\"has-text-align-center\" data-align=\"center\">Edital n\u00b0 1\/2024 &#8211; ACE &#8211; PSI<\/td><td class=\"has-text-align-center\" data-align=\"center\">05\/08\/2024<\/td><td class=\"has-text-align-center\" data-align=\"center\">01\/04\/2025<\/td><td class=\"has-text-align-center\" data-align=\"center\">01\/04\/2027<\/td><td class=\"has-text-align-center\" data-align=\"center\">2<\/td><\/tr><tr><td class=\"has-text-align-center\" data-align=\"center\">Edital 01\/2023 &#8211; Servi\u00e7os Auxiliares de 1\u00b0 de agosto de 2023 &#8211; Cargo 3 &#8211; ACE &#8211; ESP &#8211; TI &#8211; SI<\/td><td class=\"has-text-align-center\" data-align=\"center\">02\/08\/2023<\/td><td class=\"has-text-align-center\" data-align=\"center\">30\/04\/2024<\/td><td class=\"has-text-align-center\" data-align=\"center\">30\/04\/2026<\/td><td class=\"has-text-align-center\" data-align=\"center\">5<\/td><\/tr><tr><td class=\"has-text-align-center\" data-align=\"center\">Edital 01\/2023 &#8211; Servi\u00e7os Auxiliares de 1\u00b0 de agosto de 2023 &#8211; Cargo 2 &#8211; ACE &#8211; AJD<\/td><td class=\"has-text-align-center\" data-align=\"center\">02\/08\/2023<\/td><td class=\"has-text-align-center\" data-align=\"center\">30\/04\/2024<\/td><td class=\"has-text-align-center\" data-align=\"center\">30\/04\/2026<\/td><td class=\"has-text-align-center\" data-align=\"center\">40<\/td><\/tr><tr><td class=\"has-text-align-center\" data-align=\"center\">Edital 01\/2023 &#8211; Servi\u00e7os Auxiliares de 1\u00b0 de agosto de 2023 &#8211; Cargo 1 &#8211; ANACE<\/td><td class=\"has-text-align-center\" data-align=\"center\">02\/08\/2023<\/td><td class=\"has-text-align-center\" data-align=\"center\">30\/04\/2024<\/td><td class=\"has-text-align-center\" data-align=\"center\">30\/04\/2026<\/td><td class=\"has-text-align-center\" data-align=\"center\">46<\/td><\/tr><\/tbody><\/table><figcaption class=\"wp-element-caption\">Atualizado pelo TCDF em<strong>&nbsp;<\/strong>13\/10\/2025<\/figcaption><\/figure>\n\n\n\n<hr class=\"wp-block-separator has-css-opacity\"\/>\n\n\n\n<p class=\"has-text-align-center has-x-large-font-size\" id=\"assinatura-e-cursos\"><em><strong>Cursos para o Concurso TCDF:<\/strong><\/em><\/p>\n\n\n\n<div id=\"boxes\" class=\"container\">\n<div class=\"row\">\n<div class=\"col-sm\">\n<div id=\"box-assinatura\" class=\"banner-controle-ec\">\n<h2 class=\"titulo-assinatura\">Concurso TCDF<\/h2>\n<p class=\"subtitulo-assinatura\">Prepara\u00e7\u00e3o completa para a carreira! \u2728<\/p>\n<div class=\"box-botao\"><a class=\"btn-assinatura\" role=\"button\" href=\"https:\/\/www.estrategiaconcursos.com.br\/cursosPorConcurso\/tribunal-de-contas-do-distrito-federal-tcdf\/\" target=\"_blank\" rel=\"noopener noreferrer\">VER CURSOS<\/a><\/div>\n<\/div>\n<\/div>\n<\/div>\n<\/div>\n\n\n\n<div class=\"container\" id=\"boxes\">\r\n  <div class=\"row\">\r\n\r\n    <div class=\"col-sm\">\r\n      <div class=\"estrategia\" id=\"box-assinatura\">\r\n        <h3 class=\"titulo-assinatura\">Assinatura Concursos<\/h3>\r\n        <p class=\"subtitulo-assinatura\">Assinatura de 1 ano ou 2 anos<\/p>\r\n        <div class=\"box-botao\">\r\n          <a class=\"btn-assinatura\" target=\"_blank\" href=\"https:\/\/www.estrategiaconcursos.com.br\/assinaturas\/\" role=\"button\" rel=\"noopener noreferrer\">ASSINE AGORA<\/a>\r\n        <\/div>\r\n      <\/div><\/div><\/div><\/div>\n\n\n\n<p class=\"has-text-align-center has-x-large-font-size\" id=\"h-quer-saber-tudo-sobre-concursos-previstos-confira-nossos-artigos\"><strong>Quer saber tudo sobre concursos previstos? Confira nossos artigos!<\/strong><\/p>\n\n\n\n<ul class=\"wp-block-list\">\n<li><a href=\"https:\/\/www.estrategiaconcursos.com.br\/blog\/concursos-abertos\/\" target=\"_blank\" rel=\"noreferrer noopener\">Concursos Abertos<\/a><\/li>\n\n\n\n<li><a href=\"https:\/\/www.estrategiaconcursos.com.br\/blog\/concursos-controle\/\" target=\"_blank\" rel=\"noreferrer noopener\">Concursos Controle<\/a><\/li>\n\n\n\n<li><a href=\"https:\/\/www.estrategiaconcursos.com.br\/blog\/concursos-2026\/\" target=\"_blank\" rel=\"noreferrer noopener\">Concursos 2026<\/a><\/li>\n<\/ul>\n\n\n\n<figure class=\"wp-block-image size-large is-resized\"><img loading=\"lazy\" decoding=\"async\" width=\"1024\" height=\"632\" src=\"https:\/\/dhg1h5j42swfq.cloudfront.net\/2021\/03\/27100936\/ficha-tecnica-1024x632.png\" alt=\"Ficha t\u00e9cnica do concurso TCDF\" class=\"wp-image-702723\" style=\"width:253px;height:156px\" srcset=\"https:\/\/dhg1h5j42swfq.cloudfront.net\/2021\/03\/27100936\/ficha-tecnica-1024x632.png 1024w, https:\/\/dhg1h5j42swfq.cloudfront.net\/2021\/03\/27100936\/ficha-tecnica-300x185.png 300w, https:\/\/dhg1h5j42swfq.cloudfront.net\/2021\/03\/27100936\/ficha-tecnica-768x474.png 768w, https:\/\/dhg1h5j42swfq.cloudfront.net\/2021\/03\/27100936\/ficha-tecnica-1536x948.png 1536w, https:\/\/dhg1h5j42swfq.cloudfront.net\/2021\/03\/27100936\/ficha-tecnica-610x377.png 610w, https:\/\/dhg1h5j42swfq.cloudfront.net\/2021\/03\/27100936\/ficha-tecnica.png 1571w\" sizes=\"auto, (max-width: 1024px) 100vw, 1024px\" \/><\/figure>\n\n\n\n<h3 class=\"wp-block-heading\" id=\"ficha-tecnica\">Informa\u00e7\u00f5es do pr\u00f3ximo Concurso TCDF<\/h3>\n\n\n\n<ul class=\"wp-block-list\">\n<li><strong>Data prevista:<\/strong> 2026<\/li>\n\n\n\n<li><strong>Vagas:&nbsp;<\/strong>10 + CR<\/li>\n\n\n\n<li><strong>Poss\u00edvel banca:<\/strong>\u00a0Cebraspe<\/li>\n\n\n\n<li><strong>Cargos: <\/strong>Analista Administrativo de Controle Externo<\/li>\n\n\n\n<li><strong>Escolaridade:<\/strong>&nbsp;n\u00edvel superior<\/li>\n\n\n\n<li><strong>\u00daltimo edital:<\/strong>&nbsp;<a href=\"https:\/\/dhg1h5j42swfq.cloudfront.net\/2024\/08\/05140125\/ed_1_tcdf_ace_abertura.pdf\" target=\"_blank\" rel=\"noreferrer noopener nofollow\">TCDF 2024<\/a><\/li>\n<\/ul>\n","protected":false},"excerpt":{"rendered":"<p>Novo concurso TCDF ter\u00e1 vagas para Analista Administrativo; Cebraspe \u00e9 a banca mais cotada! Um novo concurso p\u00fablico do TCDF (Tribunal de Contas do Distrito Federal) ser\u00e1 realizado em 2026 e contar\u00e1 com o Cebraspe como organizador! O Estrat\u00e9gia Concursos obteve acesso ao Estudo T\u00e9cnico Preliminar (ETP) realizado pelo tribunal para compreender as possibilidades de [&hellip;]<\/p>\n","protected":false},"author":656,"featured_media":721980,"comment_status":"open","ping_status":"open","sticky":false,"template":"","format":"standard","meta":{"post_tipo":"news_page","footnotes":""},"categories":[214710],"tags":[1999],"tax_estado":[219970],"class_list":["post-35510","post","type-post","status-publish","format-standard","has-post-thumbnail","hentry","category-tribunais-de-contas","tag-tcdf","tax_estado-df"],"acf":[],"yoast_head":"<!-- This site is optimized with the Yoast SEO Premium plugin v27.2 (Yoast SEO v27.2) - https:\/\/yoast.com\/product\/yoast-seo-premium-wordpress\/ -->\n<title>Concurso TCDF 2026: em contrata\u00e7\u00e3o da banca!<\/title>\n<meta name=\"description\" content=\"Concurso TCDF: edital ser\u00e1 publicado em 2026 para Analista Administrativo e sal\u00e1rios de at\u00e9 R$ 14,2 mil. Acompanhe!\" \/>\n<meta name=\"robots\" content=\"index, follow, max-snippet:-1, max-image-preview:large, max-video-preview:-1\" \/>\n<link rel=\"canonical\" href=\"https:\/\/www.estrategiaconcursos.com.br\/blog\/concurso-tcdf\/\" \/>\n<meta property=\"og:locale\" content=\"pt_BR\" \/>\n<meta property=\"og:type\" content=\"article\" \/>\n<meta property=\"og:title\" content=\"Concurso TCDF 2026: em contrata\u00e7\u00e3o da banca!\" \/>\n<meta property=\"og:description\" content=\"Concurso TCDF: edital ser\u00e1 publicado em 2026 para Analista Administrativo e sal\u00e1rios de at\u00e9 R$ 14,2 mil. Acompanhe!\" \/>\n<meta property=\"og:url\" content=\"https:\/\/www.estrategiaconcursos.com.br\/blog\/concurso-tcdf\/\" \/>\n<meta property=\"og:site_name\" content=\"Estrat\u00e9gia Concursos\" \/>\n<meta property=\"article:published_time\" content=\"2026-04-16T18:04:41+00:00\" \/>\n<meta property=\"article:modified_time\" content=\"2026-04-16T18:59:12+00:00\" \/>\n<meta property=\"og:image\" content=\"https:\/\/dhg1h5j42swfq.cloudfront.net\/2021\/04\/23155112\/tcdf.jpg\" \/>\n\t<meta property=\"og:image:width\" content=\"768\" \/>\n\t<meta property=\"og:image:height\" content=\"432\" \/>\n\t<meta property=\"og:image:type\" content=\"image\/jpeg\" \/>\n<meta name=\"author\" content=\"F\u00e1bio Scaldelai\" \/>\n<meta name=\"twitter:card\" content=\"summary_large_image\" \/>\n<meta name=\"twitter:creator\" content=\"@EstratConcursos\" \/>\n<meta name=\"twitter:site\" content=\"@EstratConcursos\" \/>\n<meta name=\"twitter:label1\" content=\"Escrito por\" \/>\n\t<meta name=\"twitter:data1\" content=\"F\u00e1bio Scaldelai\" \/>\n\t<meta name=\"twitter:label2\" content=\"Est. tempo de leitura\" \/>\n\t<meta name=\"twitter:data2\" content=\"8 minutos\" \/>\n<script type=\"application\/ld+json\" class=\"yoast-schema-graph\">{\"@context\":\"https:\/\/schema.org\",\"@graph\":[{\"@type\":\"NewsArticle\",\"@id\":\"https:\/\/www.estrategiaconcursos.com.br\/blog\/concurso-tcdf\/#article\",\"isPartOf\":{\"@id\":\"https:\/\/www.estrategiaconcursos.com.br\/blog\/concurso-tcdf\/\"},\"author\":{\"name\":\"F\u00e1bio Scaldelai\",\"@id\":\"https:\/\/www.estrategiaconcursos.com.br\/blog\/#\/schema\/person\/e3b6b7ce0192dd4ad270655969d61750\"},\"headline\":\"Concurso TCDF 2026: em contrata\u00e7\u00e3o da banca!\",\"datePublished\":\"2026-04-16T18:04:41+00:00\",\"dateModified\":\"2026-04-16T18:59:12+00:00\",\"mainEntityOfPage\":{\"@id\":\"https:\/\/www.estrategiaconcursos.com.br\/blog\/concurso-tcdf\/\"},\"wordCount\":1801,\"commentCount\":29,\"publisher\":{\"@id\":\"https:\/\/www.estrategiaconcursos.com.br\/blog\/#organization\"},\"image\":{\"@id\":\"https:\/\/www.estrategiaconcursos.com.br\/blog\/concurso-tcdf\/#primaryimage\"},\"thumbnailUrl\":\"https:\/\/dhg1h5j42swfq.cloudfront.net\/2021\/04\/23155112\/tcdf.jpg\",\"keywords\":[\"tcdf\"],\"articleSection\":[\"Tribunais de Contas (TCU, TCE, TCM)\"],\"inLanguage\":\"pt-BR\",\"potentialAction\":[{\"@type\":\"CommentAction\",\"name\":\"Comment\",\"target\":[\"https:\/\/www.estrategiaconcursos.com.br\/blog\/concurso-tcdf\/#respond\"]}],\"copyrightYear\":\"2026\",\"copyrightHolder\":{\"@id\":\"https:\/\/www.estrategiaconcursos.com.br\/blog\/#organization\"}},{\"@type\":\"WebPage\",\"@id\":\"https:\/\/www.estrategiaconcursos.com.br\/blog\/concurso-tcdf\/\",\"url\":\"https:\/\/www.estrategiaconcursos.com.br\/blog\/concurso-tcdf\/\",\"name\":\"Concurso TCDF 2026: em contrata\u00e7\u00e3o da banca!\",\"isPartOf\":{\"@id\":\"https:\/\/www.estrategiaconcursos.com.br\/blog\/#website\"},\"primaryImageOfPage\":{\"@id\":\"https:\/\/www.estrategiaconcursos.com.br\/blog\/concurso-tcdf\/#primaryimage\"},\"image\":{\"@id\":\"https:\/\/www.estrategiaconcursos.com.br\/blog\/concurso-tcdf\/#primaryimage\"},\"thumbnailUrl\":\"https:\/\/dhg1h5j42swfq.cloudfront.net\/2021\/04\/23155112\/tcdf.jpg\",\"datePublished\":\"2026-04-16T18:04:41+00:00\",\"dateModified\":\"2026-04-16T18:59:12+00:00\",\"description\":\"Concurso TCDF: edital ser\u00e1 publicado em 2026 para Analista Administrativo e sal\u00e1rios de at\u00e9 R$ 14,2 mil. Acompanhe!\",\"breadcrumb\":{\"@id\":\"https:\/\/www.estrategiaconcursos.com.br\/blog\/concurso-tcdf\/#breadcrumb\"},\"inLanguage\":\"pt-BR\",\"potentialAction\":[{\"@type\":\"ReadAction\",\"target\":[\"https:\/\/www.estrategiaconcursos.com.br\/blog\/concurso-tcdf\/\"]}]},{\"@type\":\"ImageObject\",\"inLanguage\":\"pt-BR\",\"@id\":\"https:\/\/www.estrategiaconcursos.com.br\/blog\/concurso-tcdf\/#primaryimage\",\"url\":\"https:\/\/dhg1h5j42swfq.cloudfront.net\/2021\/04\/23155112\/tcdf.jpg\",\"contentUrl\":\"https:\/\/dhg1h5j42swfq.cloudfront.net\/2021\/04\/23155112\/tcdf.jpg\",\"width\":768,\"height\":432,\"caption\":\"contrato concurso TCDF\"},{\"@type\":\"BreadcrumbList\",\"@id\":\"https:\/\/www.estrategiaconcursos.com.br\/blog\/concurso-tcdf\/#breadcrumb\",\"itemListElement\":[{\"@type\":\"ListItem\",\"position\":1,\"name\":\"In\u00edcio\",\"item\":\"https:\/\/www.estrategiaconcursos.com.br\/blog\/\"},{\"@type\":\"ListItem\",\"position\":2,\"name\":\"Concurso TCDF 2026: em contrata\u00e7\u00e3o da banca!\"}]},{\"@type\":\"WebSite\",\"@id\":\"https:\/\/www.estrategiaconcursos.com.br\/blog\/#website\",\"url\":\"https:\/\/www.estrategiaconcursos.com.br\/blog\/\",\"name\":\"Estrat\u00e9gia Concursos\",\"description\":\"O blog da Estrat\u00e9gia Concursos traz not\u00edcias sobre concursos e artigos de professores oferecendo cursos para concursos (pdf + videaulas) no site.\",\"publisher\":{\"@id\":\"https:\/\/www.estrategiaconcursos.com.br\/blog\/#organization\"},\"potentialAction\":[{\"@type\":\"SearchAction\",\"target\":{\"@type\":\"EntryPoint\",\"urlTemplate\":\"https:\/\/www.estrategiaconcursos.com.br\/blog\/?s={search_term_string}\"},\"query-input\":{\"@type\":\"PropertyValueSpecification\",\"valueRequired\":true,\"valueName\":\"search_term_string\"}}],\"inLanguage\":\"pt-BR\"},{\"@type\":\"Organization\",\"@id\":\"https:\/\/www.estrategiaconcursos.com.br\/blog\/#organization\",\"name\":\"Estrat\u00e9gia Concursos\",\"url\":\"https:\/\/www.estrategiaconcursos.com.br\/blog\/\",\"logo\":{\"@type\":\"ImageObject\",\"inLanguage\":\"pt-BR\",\"@id\":\"https:\/\/www.estrategiaconcursos.com.br\/blog\/#\/schema\/logo\/image\/\",\"url\":\"https:\/\/dhg1h5j42swfq.cloudfront.net\/2025\/06\/03203428\/logo_concursos-1.jpg\",\"contentUrl\":\"https:\/\/dhg1h5j42swfq.cloudfront.net\/2025\/06\/03203428\/logo_concursos-1.jpg\",\"width\":230,\"height\":60,\"caption\":\"Estrat\u00e9gia Concursos\"},\"image\":{\"@id\":\"https:\/\/www.estrategiaconcursos.com.br\/blog\/#\/schema\/logo\/image\/\"},\"sameAs\":[\"https:\/\/x.com\/EstratConcursos\"]},{\"@type\":\"Person\",\"@id\":\"https:\/\/www.estrategiaconcursos.com.br\/blog\/#\/schema\/person\/e3b6b7ce0192dd4ad270655969d61750\",\"name\":\"F\u00e1bio Scaldelai\",\"image\":{\"@type\":\"ImageObject\",\"inLanguage\":\"pt-BR\",\"@id\":\"https:\/\/secure.gravatar.com\/avatar\/8ed7492c4d88d8495bc0cb24cda6847b8ae23eec459a919e08e77d0ca0fd79ec?s=96&d=mm&r=g\",\"url\":\"https:\/\/secure.gravatar.com\/avatar\/8ed7492c4d88d8495bc0cb24cda6847b8ae23eec459a919e08e77d0ca0fd79ec?s=96&d=mm&r=g\",\"contentUrl\":\"https:\/\/secure.gravatar.com\/avatar\/8ed7492c4d88d8495bc0cb24cda6847b8ae23eec459a919e08e77d0ca0fd79ec?s=96&d=mm&r=g\",\"caption\":\"F\u00e1bio Scaldelai\"},\"description\":\"Jornalista no Estrat\u00e9gia Concursos e Produtor de Televis\u00e3o, formado em Jornalismo, R\u00e1dio e TV pela Faculdade Integrada Rio Branco, com especializa\u00e7\u00f5es em Gest\u00e3o Empresarial e Marketing pelo M\u00f3dulo. Atuou como produtor no SBT, TV Bandeirantes e R\u00e1dio Band FM, al\u00e9m de acumular tr\u00eas anos de experi\u00eancia no setor de concursos p\u00fablicos pela LFG (Luiz Fl\u00e1vio Gomes). No Estrat\u00e9gia Concursos, atua na apura\u00e7\u00e3o de not\u00edcias da \u00e1rea fiscal, al\u00e9m de coberturas sobre concursos das \u00e1reas de controle (TCU, TCE, etc), concurso AFT, \u00e1rea de gest\u00e3o e administrativa, bem como dos \u00f3rg\u00e3os participantes do CNU. Tamb\u00e9m possui experi\u00eancia em link building e an\u00e1lise de m\u00eddia, adquirida durante sua atua\u00e7\u00e3o na ag\u00eancia SEO Marketing.\",\"url\":\"https:\/\/www.estrategiaconcursos.com.br\/blog\/author\/fabio-scaldelaiestrategiaconcursos-com-br\/\"}]}<\/script>\n<!-- \/ Yoast SEO Premium plugin. -->","yoast_head_json":{"title":"Concurso TCDF 2026: em contrata\u00e7\u00e3o da banca!","description":"Concurso TCDF: edital ser\u00e1 publicado em 2026 para Analista Administrativo e sal\u00e1rios de at\u00e9 R$ 14,2 mil. Acompanhe!","robots":{"index":"index","follow":"follow","max-snippet":"max-snippet:-1","max-image-preview":"max-image-preview:large","max-video-preview":"max-video-preview:-1"},"canonical":"https:\/\/www.estrategiaconcursos.com.br\/blog\/concurso-tcdf\/","og_locale":"pt_BR","og_type":"article","og_title":"Concurso TCDF 2026: em contrata\u00e7\u00e3o da banca!","og_description":"Concurso TCDF: edital ser\u00e1 publicado em 2026 para Analista Administrativo e sal\u00e1rios de at\u00e9 R$ 14,2 mil. Acompanhe!","og_url":"https:\/\/www.estrategiaconcursos.com.br\/blog\/concurso-tcdf\/","og_site_name":"Estrat\u00e9gia Concursos","article_published_time":"2026-04-16T18:04:41+00:00","article_modified_time":"2026-04-16T18:59:12+00:00","og_image":[{"width":768,"height":432,"url":"https:\/\/dhg1h5j42swfq.cloudfront.net\/2021\/04\/23155112\/tcdf.jpg","type":"image\/jpeg"}],"author":"F\u00e1bio Scaldelai","twitter_card":"summary_large_image","twitter_creator":"@EstratConcursos","twitter_site":"@EstratConcursos","twitter_misc":{"Escrito por":"F\u00e1bio Scaldelai","Est. tempo de leitura":"8 minutos"},"schema":{"@context":"https:\/\/schema.org","@graph":[{"@type":"NewsArticle","@id":"https:\/\/www.estrategiaconcursos.com.br\/blog\/concurso-tcdf\/#article","isPartOf":{"@id":"https:\/\/www.estrategiaconcursos.com.br\/blog\/concurso-tcdf\/"},"author":{"name":"F\u00e1bio Scaldelai","@id":"https:\/\/www.estrategiaconcursos.com.br\/blog\/#\/schema\/person\/e3b6b7ce0192dd4ad270655969d61750"},"headline":"Concurso TCDF 2026: em contrata\u00e7\u00e3o da banca!","datePublished":"2026-04-16T18:04:41+00:00","dateModified":"2026-04-16T18:59:12+00:00","mainEntityOfPage":{"@id":"https:\/\/www.estrategiaconcursos.com.br\/blog\/concurso-tcdf\/"},"wordCount":1801,"commentCount":29,"publisher":{"@id":"https:\/\/www.estrategiaconcursos.com.br\/blog\/#organization"},"image":{"@id":"https:\/\/www.estrategiaconcursos.com.br\/blog\/concurso-tcdf\/#primaryimage"},"thumbnailUrl":"https:\/\/dhg1h5j42swfq.cloudfront.net\/2021\/04\/23155112\/tcdf.jpg","keywords":["tcdf"],"articleSection":["Tribunais de Contas (TCU, TCE, TCM)"],"inLanguage":"pt-BR","potentialAction":[{"@type":"CommentAction","name":"Comment","target":["https:\/\/www.estrategiaconcursos.com.br\/blog\/concurso-tcdf\/#respond"]}],"copyrightYear":"2026","copyrightHolder":{"@id":"https:\/\/www.estrategiaconcursos.com.br\/blog\/#organization"}},{"@type":"WebPage","@id":"https:\/\/www.estrategiaconcursos.com.br\/blog\/concurso-tcdf\/","url":"https:\/\/www.estrategiaconcursos.com.br\/blog\/concurso-tcdf\/","name":"Concurso TCDF 2026: em contrata\u00e7\u00e3o da banca!","isPartOf":{"@id":"https:\/\/www.estrategiaconcursos.com.br\/blog\/#website"},"primaryImageOfPage":{"@id":"https:\/\/www.estrategiaconcursos.com.br\/blog\/concurso-tcdf\/#primaryimage"},"image":{"@id":"https:\/\/www.estrategiaconcursos.com.br\/blog\/concurso-tcdf\/#primaryimage"},"thumbnailUrl":"https:\/\/dhg1h5j42swfq.cloudfront.net\/2021\/04\/23155112\/tcdf.jpg","datePublished":"2026-04-16T18:04:41+00:00","dateModified":"2026-04-16T18:59:12+00:00","description":"Concurso TCDF: edital ser\u00e1 publicado em 2026 para Analista Administrativo e sal\u00e1rios de at\u00e9 R$ 14,2 mil. Acompanhe!","breadcrumb":{"@id":"https:\/\/www.estrategiaconcursos.com.br\/blog\/concurso-tcdf\/#breadcrumb"},"inLanguage":"pt-BR","potentialAction":[{"@type":"ReadAction","target":["https:\/\/www.estrategiaconcursos.com.br\/blog\/concurso-tcdf\/"]}]},{"@type":"ImageObject","inLanguage":"pt-BR","@id":"https:\/\/www.estrategiaconcursos.com.br\/blog\/concurso-tcdf\/#primaryimage","url":"https:\/\/dhg1h5j42swfq.cloudfront.net\/2021\/04\/23155112\/tcdf.jpg","contentUrl":"https:\/\/dhg1h5j42swfq.cloudfront.net\/2021\/04\/23155112\/tcdf.jpg","width":768,"height":432,"caption":"contrato concurso TCDF"},{"@type":"BreadcrumbList","@id":"https:\/\/www.estrategiaconcursos.com.br\/blog\/concurso-tcdf\/#breadcrumb","itemListElement":[{"@type":"ListItem","position":1,"name":"In\u00edcio","item":"https:\/\/www.estrategiaconcursos.com.br\/blog\/"},{"@type":"ListItem","position":2,"name":"Concurso TCDF 2026: em contrata\u00e7\u00e3o da banca!"}]},{"@type":"WebSite","@id":"https:\/\/www.estrategiaconcursos.com.br\/blog\/#website","url":"https:\/\/www.estrategiaconcursos.com.br\/blog\/","name":"Estrat\u00e9gia Concursos","description":"O blog da Estrat\u00e9gia Concursos traz not\u00edcias sobre concursos e artigos de professores oferecendo cursos para concursos (pdf + videaulas) no site.","publisher":{"@id":"https:\/\/www.estrategiaconcursos.com.br\/blog\/#organization"},"potentialAction":[{"@type":"SearchAction","target":{"@type":"EntryPoint","urlTemplate":"https:\/\/www.estrategiaconcursos.com.br\/blog\/?s={search_term_string}"},"query-input":{"@type":"PropertyValueSpecification","valueRequired":true,"valueName":"search_term_string"}}],"inLanguage":"pt-BR"},{"@type":"Organization","@id":"https:\/\/www.estrategiaconcursos.com.br\/blog\/#organization","name":"Estrat\u00e9gia Concursos","url":"https:\/\/www.estrategiaconcursos.com.br\/blog\/","logo":{"@type":"ImageObject","inLanguage":"pt-BR","@id":"https:\/\/www.estrategiaconcursos.com.br\/blog\/#\/schema\/logo\/image\/","url":"https:\/\/dhg1h5j42swfq.cloudfront.net\/2025\/06\/03203428\/logo_concursos-1.jpg","contentUrl":"https:\/\/dhg1h5j42swfq.cloudfront.net\/2025\/06\/03203428\/logo_concursos-1.jpg","width":230,"height":60,"caption":"Estrat\u00e9gia Concursos"},"image":{"@id":"https:\/\/www.estrategiaconcursos.com.br\/blog\/#\/schema\/logo\/image\/"},"sameAs":["https:\/\/x.com\/EstratConcursos"]},{"@type":"Person","@id":"https:\/\/www.estrategiaconcursos.com.br\/blog\/#\/schema\/person\/e3b6b7ce0192dd4ad270655969d61750","name":"F\u00e1bio Scaldelai","image":{"@type":"ImageObject","inLanguage":"pt-BR","@id":"https:\/\/secure.gravatar.com\/avatar\/8ed7492c4d88d8495bc0cb24cda6847b8ae23eec459a919e08e77d0ca0fd79ec?s=96&d=mm&r=g","url":"https:\/\/secure.gravatar.com\/avatar\/8ed7492c4d88d8495bc0cb24cda6847b8ae23eec459a919e08e77d0ca0fd79ec?s=96&d=mm&r=g","contentUrl":"https:\/\/secure.gravatar.com\/avatar\/8ed7492c4d88d8495bc0cb24cda6847b8ae23eec459a919e08e77d0ca0fd79ec?s=96&d=mm&r=g","caption":"F\u00e1bio Scaldelai"},"description":"Jornalista no Estrat\u00e9gia Concursos e Produtor de Televis\u00e3o, formado em Jornalismo, R\u00e1dio e TV pela Faculdade Integrada Rio Branco, com especializa\u00e7\u00f5es em Gest\u00e3o Empresarial e Marketing pelo M\u00f3dulo. Atuou como produtor no SBT, TV Bandeirantes e R\u00e1dio Band FM, al\u00e9m de acumular tr\u00eas anos de experi\u00eancia no setor de concursos p\u00fablicos pela LFG (Luiz Fl\u00e1vio Gomes). No Estrat\u00e9gia Concursos, atua na apura\u00e7\u00e3o de not\u00edcias da \u00e1rea fiscal, al\u00e9m de coberturas sobre concursos das \u00e1reas de controle (TCU, TCE, etc), concurso AFT, \u00e1rea de gest\u00e3o e administrativa, bem como dos \u00f3rg\u00e3os participantes do CNU. Tamb\u00e9m possui experi\u00eancia em link building e an\u00e1lise de m\u00eddia, adquirida durante sua atua\u00e7\u00e3o na ag\u00eancia SEO Marketing.","url":"https:\/\/www.estrategiaconcursos.com.br\/blog\/author\/fabio-scaldelaiestrategiaconcursos-com-br\/"}]}},"_links":{"self":[{"href":"https:\/\/www.estrategiaconcursos.com.br\/blog\/wp-json\/wp\/v2\/posts\/35510","targetHints":{"allow":["GET"]}}],"collection":[{"href":"https:\/\/www.estrategiaconcursos.com.br\/blog\/wp-json\/wp\/v2\/posts"}],"about":[{"href":"https:\/\/www.estrategiaconcursos.com.br\/blog\/wp-json\/wp\/v2\/types\/post"}],"author":[{"embeddable":true,"href":"https:\/\/www.estrategiaconcursos.com.br\/blog\/wp-json\/wp\/v2\/users\/656"}],"replies":[{"embeddable":true,"href":"https:\/\/www.estrategiaconcursos.com.br\/blog\/wp-json\/wp\/v2\/comments?post=35510"}],"version-history":[{"count":695,"href":"https:\/\/www.estrategiaconcursos.com.br\/blog\/wp-json\/wp\/v2\/posts\/35510\/revisions"}],"predecessor-version":[{"id":1754753,"href":"https:\/\/www.estrategiaconcursos.com.br\/blog\/wp-json\/wp\/v2\/posts\/35510\/revisions\/1754753"}],"wp:featuredmedia":[{"embeddable":true,"href":"https:\/\/www.estrategiaconcursos.com.br\/blog\/wp-json\/wp\/v2\/media\/721980"}],"wp:attachment":[{"href":"https:\/\/www.estrategiaconcursos.com.br\/blog\/wp-json\/wp\/v2\/media?parent=35510"}],"wp:term":[{"taxonomy":"category","embeddable":true,"href":"https:\/\/www.estrategiaconcursos.com.br\/blog\/wp-json\/wp\/v2\/categories?post=35510"},{"taxonomy":"post_tag","embeddable":true,"href":"https:\/\/www.estrategiaconcursos.com.br\/blog\/wp-json\/wp\/v2\/tags?post=35510"},{"taxonomy":"tax_estado","embeddable":true,"href":"https:\/\/www.estrategiaconcursos.com.br\/blog\/wp-json\/wp\/v2\/tax_estado?post=35510"}],"curies":[{"name":"wp","href":"https:\/\/api.w.org\/{rel}","templated":true}]}}