{"id":35345,"date":"2026-02-05T15:06:00","date_gmt":"2026-02-05T18:06:00","guid":{"rendered":"http:\/\/www.estrategiaconcursos.com.br\/blog\/?p=35345"},"modified":"2026-02-05T15:07:05","modified_gmt":"2026-02-05T18:07:05","slug":"concurso-cvm","status":"publish","type":"post","link":"https:\/\/www.estrategiaconcursos.com.br\/blog\/concurso-cvm\/","title":{"rendered":"Concurso CVM: inicial de R$ 20,9 mil. V\u00e1lido at\u00e9 2026!"},"content":{"rendered":"\n<p style=\"font-size:clamp(15.197px, 0.95rem + ((1vw - 3.2px) * 0.765), 23px);\"><strong><em>Apesar de solicita\u00e7\u00e3o em 2024, CVM confirma que n\u00e3o h\u00e1 previs\u00e3o de novo concurso no momento. S\u00e3o 121 cargos vagos!<\/em><\/strong><\/p>\n\n\n\n<div style=\"height:32px\" aria-hidden=\"true\" class=\"wp-block-spacer\"><\/div>\n\n\n<p><center><a id=\"cta-icon\" href=\"https:\/\/sndflw.com\/i\/cvm-grupo\" target=\"_blank\" style=\"background:#29a61a; display:inline-flex; align-items:center; padding:10px 15px; border-radius:6px; color:#fff; text-decoration:none; font-weight:500; font-size:15px;\"><img decoding=\"async\" src=\"https:\/\/dhg1h5j42swfq.cloudfront.net\/2023\/12\/07154107\/whatsapp_13851.png\" alt=\"\" style=\"width:20px; height:20px; margin-right:8px;\"><span>Acesse agora o Grupo de Estudos para o Concurso CVM<\/span><\/a><\/center><\/p>\n\n\n\n<div style=\"height:32px\" aria-hidden=\"true\" class=\"wp-block-spacer\"><\/div>\n\n\n\n<p>A <a href=\"https:\/\/www.estrategiaconcursos.com.br\/cursosPorConcurso\/cvm-comissao-de-valores-mobiliarios\/\" target=\"_blank\" rel=\"noreferrer noopener\">Comiss\u00e3o de Valores Mobili\u00e1rios<\/a> possui um <strong>concurso CVM<\/strong> em andamento, com validade at\u00e9 novembro de 2026.<\/p>\n\n\n\n<p>Foram ofertadas <strong>60 vagas<\/strong> para os <strong>cargos de Analista e Inspetor<\/strong>, que exigem forma\u00e7\u00e3o de n\u00edvel superior, com sal\u00e1rio de <strong>R$ 20.924,80.<\/strong> No total, foram registradas 10.675 inscri\u00e7\u00f5es.<\/p>\n\n\n\n<ul class=\"wp-block-list\">\n<li><a href=\"https:\/\/dhg1h5j42swfq.cloudfront.net\/2024\/12\/30162126\/portaria-mgi-no-9-787-de-27-de-dezembro-de-2024-portaria-mgi-no-9-787-de-27-de-dezembro-de-2024-dou-imprensa-nacional.pdf\" target=\"_blank\" rel=\"noreferrer noopener nofollow\">Nomea\u00e7\u00e3o dos aprovados do concurso CVM<\/a><\/li>\n<\/ul>\n\n\n\n<p>Em contato com o \u00f3rg\u00e3o, recebemos a confirma\u00e7\u00e3o de que <strong>n\u00e3o h\u00e1 um novo certame previsto<\/strong>, nem mesmo solicita\u00e7\u00e3o para um futuro edital.<\/p>\n\n\n\n<p>Atualmente, o quadro de pessoal da CVM possui 121 cargos vagos, sendo 108 para Agente Executivo e 13 para Inspetor Federal do Mercado de Capitais.<\/p>\n\n\n\n<ul class=\"wp-block-list has-very-light-gray-to-cyan-bluish-gray-gradient-background has-background\">\n<li><strong>Concurso CVM &#8211; Analista e Inspetor<\/strong><\/li>\n\n\n\n<li><strong>Situa\u00e7\u00e3o<\/strong>: v\u00e1lido at\u00e9 11\/2026<\/li>\n\n\n\n<li><strong style=\"color: initial;\">Vagas<\/strong><span style=\"color: initial;\">: <\/span>60<\/li>\n\n\n\n<li><strong>Sal\u00e1rio inicial<\/strong>: R$ 20.924,80<\/li>\n\n\n\n<li><strong>Banca do \u00faltimo concurso<\/strong>: <a href=\"https:\/\/conhecimento.fgv.br\/concursos\/cvm24\" target=\"_blank\" rel=\"noreferrer noopener\">FGV<\/a><\/li>\n\n\n\n<li><strong>Edital:&nbsp;<\/strong><a href=\"https:\/\/dhg1h5j42swfq.cloudfront.net\/2024\/01\/25160610\/edital-1-2024-abertura-concurso-cvm.pdf\" target=\"_blank\" rel=\"noreferrer noopener nofollow\">CVM-2024<\/a><\/li>\n<\/ul>\n\n\n\n<p>Neste artigo voc\u00ea encontrar\u00e1 as principais informa\u00e7\u00f5es sobre o concurso, com tudo o que precisa saber para sua prepara\u00e7\u00e3o. Confira os t\u00f3picos abaixo!<\/p>\n\n\n\n<ul id=\"indice\" class=\"wp-block-list\">\n<li><a href=\"#novo-concurso\">Novo concurso previsto<\/a>\n<ul class=\"wp-block-list\">\n<li><a href=\"#solicitado\">Edital solicitado<\/a><\/li>\n<\/ul>\n<\/li>\n\n\n\n<li><a href=\"#editalpubli\">Informa\u00e7\u00f5es do edital 2024<\/a>\n<ul class=\"wp-block-list\">\n<li><a href=\"#cargos-vagas\">Cargos e vagas<\/a><\/li>\n\n\n\n<li><a href=\"#etapas\">Etapas e provas<\/a><\/li>\n<\/ul>\n<\/li>\n\n\n\n<li><a href=\"#funcoes\">Conhe\u00e7a as fun\u00e7\u00f5es dos cargos<\/a>\n<ul class=\"wp-block-list\">\n<li><a href=\"#requisitos\">Requisitos<\/a><\/li>\n\n\n\n<li><a href=\"#atuacao\">Atua\u00e7\u00e3o<\/a><\/li>\n\n\n\n<li><a href=\"#remuneracao\">Sal\u00e1rios<\/a><\/li>\n\n\n\n<li><a href=\"#cargos-vagos\">Cargos vagos<\/a><\/li>\n\n\n\n<li><a href=\"#cvm\">O que \u00e9 a CVM<\/a><\/li>\n<\/ul>\n<\/li>\n\n\n\n<li><a href=\"#ultimo-concurso\" rel=\"noreferrer noopener\">O \u00faltimo concurso CVM<\/a>\n<ul class=\"wp-block-list\">\n<li><a href=\"#etapas\">Etapas e provas<\/a><\/li>\n\n\n\n<li><a href=\"#nota-de-corte\">Notas de corte<\/a><\/li>\n<\/ul>\n<\/li>\n\n\n\n<li><a href=\"#cursos\">Cursos e assinaturas<\/a><\/li>\n\n\n\n<li><a href=\"#ficha\">Ficha t\u00e9cnica<\/a><\/li>\n<\/ul>\n\n\n\n<div class=\"container\" id=\"boxes\">\n  <div class=\"row\">\n\n    <div class=\"col-sm\">\n      <div class=\"banner-financeiro\" id=\"box-assinatura\">\n        <h2 class=\"titulo-assinatura\">Concurso CVM<\/h2>\n        <p class=\"subtitulo-assinatura\">Prepara\u00e7\u00e3o completa para a carreira na CVM<\/p>\n        <div class=\"box-botao\">\n          <a class=\"btn-assinatura\" target=\"_blank\" href=\"https:\/\/www.estrategiaconcursos.com.br\/cursosPorConcurso\/cvm-comissao-de-valores-mobiliarios\/\" rel=\"noopener noreferrer\">INICIAR JORNADA<\/a>\n        <\/div>\n      <\/div>\n      \n    <\/div>\n\n  <\/div>\n<\/div>\n\n\n\n<h2 class=\"wp-block-heading\" id=\"novo-concurso\">Concurso CVM: situa\u00e7\u00e3o atual e panorama<\/h2>\n\n\n\n<h3 class=\"wp-block-heading\" id=\"solicitado\">Solicita\u00e7\u00e3o de concurso em 2024<\/h3>\n\n\n\n<p>Em abril de 2024, foi oficializada a solicita\u00e7\u00e3o de um novo concurso CVM. O pedido contemplou <strong>139 vagas<\/strong>, sendo 10 para Inspetores, 20 para Analistas e 109 para Agentes Executivos.<\/p>\n\n\n\n<figure class=\"wp-block-image aligncenter size-full\"><img loading=\"lazy\" decoding=\"async\" width=\"900\" height=\"583\" src=\"https:\/\/dhg1h5j42swfq.cloudfront.net\/2024\/12\/06101712\/image-92.png\" alt=\"Concurso Comiss\u00e3o de Valores Mobili\u00e1rios \u00e9 solicitado\" class=\"wp-image-1587778\" srcset=\"https:\/\/dhg1h5j42swfq.cloudfront.net\/2024\/12\/06101712\/image-92.png 900w, https:\/\/dhg1h5j42swfq.cloudfront.net\/2024\/12\/06101712\/image-92-300x194.png 300w, https:\/\/dhg1h5j42swfq.cloudfront.net\/2024\/12\/06101712\/image-92-768x497.png 768w, https:\/\/dhg1h5j42swfq.cloudfront.net\/2024\/12\/06101712\/image-92-150x97.png 150w\" sizes=\"auto, (max-width: 900px) 100vw, 900px\" \/><figcaption class=\"wp-element-caption\">Concurso Comiss\u00e3o de Valores Mobili\u00e1rios \u00e9 solicitado<\/figcaption><\/figure>\n\n\n\n<ul class=\"wp-block-list\">\n<li><a href=\"https:\/\/dhg1h5j42swfq.cloudfront.net\/2024\/05\/01150739\/sei_cvm-2026031-oficio-oficiocvm_pte_2024_039.pdf\" target=\"_blank\" rel=\"noreferrer noopener\">Pedido de concurso CVM &#8211; 2024<\/a><\/li>\n<\/ul>\n\n\n\n<p>Contudo, em contato com a Comiss\u00e3o de Valores Mobili\u00e1rios, fomos informados de que n\u00e3o previs\u00e3o de concurso no momento, t\u00e3o pouco solicita\u00e7\u00e3o em tr\u00e2mite para novo edital.<\/p>\n\n\n\n<p>Atualmente, o quadro de pessoal da CVM possui 121 cargos vagos, sendo 108 para Agente Executivo e 13 para Inspetor Federal do Mercado de Capitais.<\/p>\n\n\n\n<h2 class=\"wp-block-heading\" id=\"editalpubli\">Concurso CVM: informa\u00e7\u00f5es do edital 2024<\/h2>\n\n\n\n<h3 class=\"wp-block-heading\" id=\"cargos-vagas\">Cargos e vagas do concurso CVM<\/h3>\n\n\n\n<figure class=\"wp-block-table is-style-stripes\"><table class=\"has-very-light-gray-to-cyan-bluish-gray-gradient-background has-background has-fixed-layout\"><thead><tr><th class=\"has-text-align-center\" data-align=\"center\">Cargos<\/th><th class=\"has-text-align-center\" data-align=\"center\">Vagas <\/th><th class=\"has-text-align-center\" data-align=\"center\">Sal\u00e1rio<\/th><\/tr><\/thead><tbody><tr><td class=\"has-text-align-center\" data-align=\"center\">Inspetor<\/td><td class=\"has-text-align-center\" data-align=\"center\">20<\/td><td class=\"has-text-align-center\" data-align=\"center\">R$ 20.924,80<\/td><\/tr><tr><td class=\"has-text-align-center\" data-align=\"center\">Analista<\/td><td class=\"has-text-align-center\" data-align=\"center\">40<\/td><td class=\"has-text-align-center\" data-align=\"center\">R$ 20.924,80<\/td><\/tr><\/tbody><\/table><figcaption class=\"wp-element-caption\">Cargos, vagas e sal\u00e1rios previstos<\/figcaption><\/figure>\n\n\n\n<figure class=\"wp-block-image aligncenter\"><img loading=\"lazy\" decoding=\"async\" width=\"1024\" height=\"162\" src=\"https:\/\/dhg1h5j42swfq.cloudfront.net\/2024\/01\/12005734\/image-375-1024x162.png\" alt=\"Distribui\u00e7\u00e3o das vagas do concurso CVM\" class=\"wp-image-1334644\" srcset=\"https:\/\/dhg1h5j42swfq.cloudfront.net\/2024\/01\/12005734\/image-375-1024x162.png 1024w, https:\/\/dhg1h5j42swfq.cloudfront.net\/2024\/01\/12005734\/image-375-300x48.png 300w, https:\/\/dhg1h5j42swfq.cloudfront.net\/2024\/01\/12005734\/image-375-768x122.png 768w, https:\/\/dhg1h5j42swfq.cloudfront.net\/2024\/01\/12005734\/image-375-610x97.png 610w, https:\/\/dhg1h5j42swfq.cloudfront.net\/2024\/01\/12005734\/image-375-150x24.png 150w, https:\/\/dhg1h5j42swfq.cloudfront.net\/2024\/01\/12005734\/image-375.png 1085w\" sizes=\"auto, (max-width: 1024px) 100vw, 1024px\" \/><figcaption class=\"wp-element-caption\">Distribui\u00e7\u00e3o das vagas do concurso CVM<\/figcaption><\/figure>\n\n\n\n<h3 class=\"wp-block-heading\" id=\"etapas\">Etapas e provas do concurso CVM<\/h3>\n\n\n\n<p>A sele\u00e7\u00e3o dos candidatos inscritos no concurso CVM foi realizada mediante aplica\u00e7\u00e3o das seguintes etapas:<\/p>\n\n\n\n<ul class=\"wp-block-list\">\n<li><strong>Prova Objetiva<\/strong>, de car\u00e1ter eliminat\u00f3rio e classificat\u00f3rio; e<\/li>\n\n\n\n<li><strong>Prova Discursiva<\/strong>, de car\u00e1ter eliminat\u00f3rio e classificat\u00f3rio.<\/li>\n<\/ul>\n\n\n\n<h4 class=\"wp-block-heading\" id=\"objetiva\">Prova Objetiva<\/h4>\n\n\n\n<p>A Prova Objetiva foi composta por <strong>110 quest\u00f5es de m\u00faltipla escolha<\/strong>, sendo 40 de conhecimentos b\u00e1sicos e 70 de conhecimentos espec\u00edficos, valendo 1 ponto cada quest\u00e3o, totalizando 110 pontos.<\/p>\n\n\n\n<p>A referida avalia\u00e7\u00e3o do concurso CVM conteve cinco alternativas de resposta, sendo apenas uma considerada a correta, com a seguinte distribui\u00e7\u00e3o:<\/p>\n\n\n\n<p><strong>Conhecimentos B\u00e1sicos:<\/strong><\/p>\n\n\n\n<figure class=\"wp-block-image\"><img loading=\"lazy\" decoding=\"async\" width=\"1024\" height=\"137\" src=\"https:\/\/dhg1h5j42swfq.cloudfront.net\/2024\/01\/12005905\/image-376-1024x137.png\" alt=\"Tabela de conhecimentos b\u00e1sicos exigidos na prova objetiva do concurso CVM\" class=\"wp-image-1334645\" srcset=\"https:\/\/dhg1h5j42swfq.cloudfront.net\/2024\/01\/12005905\/image-376-1024x137.png 1024w, https:\/\/dhg1h5j42swfq.cloudfront.net\/2024\/01\/12005905\/image-376-300x40.png 300w, https:\/\/dhg1h5j42swfq.cloudfront.net\/2024\/01\/12005905\/image-376-768x103.png 768w, https:\/\/dhg1h5j42swfq.cloudfront.net\/2024\/01\/12005905\/image-376-610x82.png 610w, https:\/\/dhg1h5j42swfq.cloudfront.net\/2024\/01\/12005905\/image-376-150x20.png 150w, https:\/\/dhg1h5j42swfq.cloudfront.net\/2024\/01\/12005905\/image-376.png 1081w\" sizes=\"auto, (max-width: 1024px) 100vw, 1024px\" \/><\/figure>\n\n\n\n<p><strong>Conhecimentos Espec\u00edficos:<\/strong><\/p>\n\n\n\n<figure class=\"wp-block-image\"><img loading=\"lazy\" decoding=\"async\" width=\"850\" height=\"756\" src=\"https:\/\/dhg1h5j42swfq.cloudfront.net\/2024\/01\/12010029\/image-377.png\" alt=\"Tabela de conhecimentos espec\u00edficos exigidos na prova objetiva do concurso CVM\" class=\"wp-image-1334646\" srcset=\"https:\/\/dhg1h5j42swfq.cloudfront.net\/2024\/01\/12010029\/image-377.png 850w, https:\/\/dhg1h5j42swfq.cloudfront.net\/2024\/01\/12010029\/image-377-300x267.png 300w, https:\/\/dhg1h5j42swfq.cloudfront.net\/2024\/01\/12010029\/image-377-768x683.png 768w, https:\/\/dhg1h5j42swfq.cloudfront.net\/2024\/01\/12010029\/image-377-610x543.png 610w, https:\/\/dhg1h5j42swfq.cloudfront.net\/2024\/01\/12010029\/image-377-150x133.png 150w\" sizes=\"auto, (max-width: 850px) 100vw, 850px\" \/><\/figure>\n\n\n\n<p>Foi considerado aprovado na Prova Objetiva o candidato que, cumulativamente:<\/p>\n\n\n\n<ul class=\"wp-block-list\">\n<li>Obteve 16 acertos em Conhecimentos B\u00e1sicos;<\/li>\n\n\n\n<li>Obteve 28 acertos em Conhecimentos Espec\u00edficos; e<\/li>\n\n\n\n<li>N\u00e3o obteve nota zero na disciplina do M\u00f3dulo I \u2013 Conhecimentos B\u00e1sicos \u2013 Estrutura do Mercado de Valores Mobili\u00e1rios (MVM).<\/li>\n<\/ul>\n\n\n\n<h4 class=\"wp-block-heading\" id=\"h-prova-discursiva\">Prova Discursiva<\/h4>\n\n\n\n<p>Para todas as especialidades, exceto Inspetor \u2013 Contabilidade e Auditoria (Perfil 3), a Prova Discursiva consistiu de 2 quest\u00f5es, a serem respondidas em at\u00e9 30 linhas cada, valendo 20 pontos cada, totalizando 40 pontos.<\/p>\n\n\n\n<p>Para Inspetor \u2013 Contabilidade e Auditoria (Perfil 3), a Prova Discursiva foi constitu\u00edda de 3 quest\u00f5es, a serem respondidas em at\u00e9 30 linhas cada, valendo 20 pontos a quest\u00e3o 1 e 10 pontos cada as quest\u00f5es 2 e 3, totalizando 40 pontos.<\/p>\n\n\n\n<p>J\u00e1 a terceira quest\u00e3o versou sobre o conte\u00fado de l\u00edngua inglesa, conforme Anexo II do edital, e a(s) resposta(s) deveriam ser respondidas em ingl\u00eas.<\/p>\n\n\n\n<h3 class=\"wp-block-heading\" id=\"h-resultados\">Resultados<\/h3>\n\n\n\n<ul class=\"wp-block-list\">\n<li><a href=\"https:\/\/dhg1h5j42swfq.cloudfront.net\/2024\/09\/18123946\/773_cvm-resultado-definitivo-prova-objetiva-2024-08-13.pdf\" target=\"_blank\" rel=\"noreferrer noopener nofollow\">Veja aqui o resultado da prova objetiva<\/a><\/li>\n\n\n\n<li><a href=\"https:\/\/dhg1h5j42swfq.cloudfront.net\/2024\/11\/13112738\/773_cvm-resultado-definitivo-prova-discursiva-2024-10-31.pdf\" target=\"_blank\" rel=\"noreferrer noopener nofollow\">Veja aqui o resultado final da discursiva<\/a><\/li>\n\n\n\n<li><a href=\"https:\/\/dhg1h5j42swfq.cloudfront.net\/2024\/12\/10155622\/773_cvm-resultado-final-de-aprovados.pdf\" target=\"_blank\" rel=\"noreferrer noopener nofollow\">Veja aqui o resultado final de aprovados<\/a><\/li>\n<\/ul>\n\n\n\n<h2 class=\"wp-block-heading\" id=\"funcoes\">Concurso CVM: conhe\u00e7a os cargos da CVM<\/h2>\n\n\n\n<h3 class=\"wp-block-heading\" id=\"requisitos\">Requisitos<\/h3>\n\n\n\n<ul class=\"wp-block-list\">\n<li><strong>Inspetor:<\/strong> Curso superior em qualquer \u00e1rea de forma\u00e7\u00e3o.<\/li>\n\n\n\n<li><strong>Analista:&nbsp;<\/strong>Curso superior em \u00e1reas espec\u00edficas.<\/li>\n\n\n\n<li><strong>Agente Executivo:<\/strong> N\u00edvel m\u00e9dio completo.<\/li>\n<\/ul>\n\n\n\n<h3 class=\"wp-block-heading\" id=\"atuacao\">Atua\u00e7\u00e3o dos servidores<\/h3>\n\n\n\n<p><strong>Inspetor:<\/strong> Atua na fiscaliza\u00e7\u00e3o das entidades supervisionadas pela CVM, planejando e executando inspe\u00e7\u00f5es e instruindo processos sancionadores. Observa\u00e7\u00f5es: o candidato dever\u00e1 ter disponibilidade para viagens de inspe\u00e7\u00e3o.<\/p>\n\n\n\n<p><strong>Analista:&nbsp;<\/strong>Atua em diversos setores, como Mercado de Capitais, Arquivologia, Biblioteconomia, Recursos Humanos, Sistemas, Infraestrutura de TI, Normas Cont\u00e1beis e de Auditoria, Planejamento e Execu\u00e7\u00e3o Financeira e Contador.<\/p>\n\n\n\n<p><strong>Agente Executivo:<\/strong> Fornece o suporte especializado \u00e0 execu\u00e7\u00e3o das atividades da CVM, prestando apoio a Analistas e Inspetores em atividades de natureza t\u00e9cnico-administrativas.<\/p>\n\n\n\n<h3 class=\"wp-block-heading\" id=\"remuneracao\">Sal\u00e1rios dos cargos da CVM<\/h3>\n\n\n\n<ul class=\"wp-block-list\">\n<li><strong>Analista e Inspetor<\/strong><\/li>\n<\/ul>\n\n\n\n<figure class=\"wp-block-image aligncenter size-large\"><img loading=\"lazy\" decoding=\"async\" width=\"1024\" height=\"269\" src=\"https:\/\/dhg1h5j42swfq.cloudfront.net\/2023\/05\/02165518\/image-9-1024x269.png\" alt=\"Remunera\u00e7\u00e3o CVM para Analista e Inspetor\" class=\"wp-image-1209756\" srcset=\"https:\/\/dhg1h5j42swfq.cloudfront.net\/2023\/05\/02165518\/image-9-1024x269.png 1024w, https:\/\/dhg1h5j42swfq.cloudfront.net\/2023\/05\/02165518\/image-9-300x79.png 300w, https:\/\/dhg1h5j42swfq.cloudfront.net\/2023\/05\/02165518\/image-9-768x202.png 768w, https:\/\/dhg1h5j42swfq.cloudfront.net\/2023\/05\/02165518\/image-9-1536x404.png 1536w, https:\/\/dhg1h5j42swfq.cloudfront.net\/2023\/05\/02165518\/image-9-610x160.png 610w, https:\/\/dhg1h5j42swfq.cloudfront.net\/2023\/05\/02165518\/image-9-150x39.png 150w, https:\/\/dhg1h5j42swfq.cloudfront.net\/2023\/05\/02165518\/image-9.png 1927w\" sizes=\"auto, (max-width: 1024px) 100vw, 1024px\" \/><figcaption class=\"wp-element-caption\">Remunera\u00e7\u00e3o CVM para Analista e Inspetor<\/figcaption><\/figure>\n\n\n\n<ul class=\"wp-block-list\">\n<li><strong>Agente Executivo<\/strong><\/li>\n<\/ul>\n\n\n\n<figure class=\"wp-block-image aligncenter size-large\"><img loading=\"lazy\" decoding=\"async\" width=\"1024\" height=\"269\" src=\"https:\/\/dhg1h5j42swfq.cloudfront.net\/2023\/05\/02165547\/image-10-1024x269.png\" alt=\"Remunera\u00e7\u00e3o CVM para Agente Executivo\" class=\"wp-image-1209757\" srcset=\"https:\/\/dhg1h5j42swfq.cloudfront.net\/2023\/05\/02165547\/image-10-1024x269.png 1024w, https:\/\/dhg1h5j42swfq.cloudfront.net\/2023\/05\/02165547\/image-10-300x79.png 300w, https:\/\/dhg1h5j42swfq.cloudfront.net\/2023\/05\/02165547\/image-10-768x202.png 768w, https:\/\/dhg1h5j42swfq.cloudfront.net\/2023\/05\/02165547\/image-10-1536x404.png 1536w, https:\/\/dhg1h5j42swfq.cloudfront.net\/2023\/05\/02165547\/image-10-610x160.png 610w, https:\/\/dhg1h5j42swfq.cloudfront.net\/2023\/05\/02165547\/image-10-150x39.png 150w, https:\/\/dhg1h5j42swfq.cloudfront.net\/2023\/05\/02165547\/image-10.png 1955w\" sizes=\"auto, (max-width: 1024px) 100vw, 1024px\" \/><figcaption class=\"wp-element-caption\">Remunera\u00e7\u00e3o CVM para Agente<\/figcaption><\/figure>\n\n\n\n<h3 class=\"wp-block-heading\" id=\"cargos-vagos\">Cargos vagos do Concurso CVM<\/h3>\n\n\n\n<p>Dados de fevereiro de 2026, obtidos pelo jornalismo do Estrat\u00e9gia Concursos, apontam que a Comiss\u00e3o de Valores Mobili\u00e1rios conta com <strong>121 cargos vagos.<\/strong><\/p>\n\n\n\n<ul class=\"wp-block-list\">\n<li>Inspetor Federal do Mercado de Capitais: 13 cargos vagos;<\/li>\n\n\n\n<li>Agente Executivo: 108 cargos vagos;<\/li>\n<\/ul>\n\n\n\n<h3 class=\"wp-block-heading\" id=\"cvm\">O que \u00e9 a CVM?<\/h3>\n\n\n\n<p>A <strong>Comiss\u00e3o de Valores Mobili\u00e1rios <\/strong>(CVM) \u00e9 uma entidade aut\u00e1rquica, em regime especial, vinculada ao Minist\u00e9rio da Fazenda,&nbsp;que tem como fun\u00e7\u00e3o&nbsp;disciplinar, fiscalizar e desenvolver o mercado de valores mobili\u00e1rios. A sede \u00e9 no&nbsp;Rio de Janeiro.<\/p>\n\n\n\n<h2 class=\"wp-block-heading\" id=\"ultimo-concurso\">Concurso CVM: \u00faltimo edital &#8211; 2010<\/h2>\n\n\n\n<ul class=\"wp-block-list\">\n<li><strong>Edital:&nbsp;<a href=\"https:\/\/dhg1h5j42swfq.cloudfront.net\/2017\/05\/25105529\/1-Edital-de-abertura.pdf\" target=\"_blank\" rel=\"noreferrer noopener nofollow\">CVM &#8211; 2010<\/a><\/strong><\/li>\n<\/ul>\n\n\n\n<p>O \u00faltimo Concurso CVM foi realizado em <strong>2010<\/strong>, pela Escola de Administra\u00e7\u00e3o Fazend\u00e1ria. Foram ofertadas 150 vagas para os cargos de&nbsp;<strong>Inspetor<\/strong>, <strong>Analista<\/strong> e <strong>Agente Executivo<\/strong>. Na ocasi\u00e3o, os candidatos passaram por testes conhecimentos b\u00e1sicos e conhecimentos espec\u00edficos, al\u00e9m de provas discursivas.<\/p>\n\n\n\n<p><strong>Demanda de candidatos por vaga<\/strong><\/p>\n\n\n\n<p>Foram, no total, 30.873 inscritos para as 150 vagas ofertadas do concurso CVM. Veja na tabela abaixo, a rela\u00e7\u00e3o da concorr\u00eancia por vaga:<\/p>\n\n\n\n<figure class=\"wp-block-image aligncenter\"><img loading=\"lazy\" decoding=\"async\" width=\"901\" height=\"307\" src=\"https:\/\/dhg1h5j42swfq.cloudfront.net\/2017\/05\/25105834\/Capturar1.jpg\" alt=\"Quadro de demandas por vaga \" class=\"wp-image-118174\" srcset=\"https:\/\/dhg1h5j42swfq.cloudfront.net\/2017\/05\/25105834\/Capturar1.jpg 901w, https:\/\/dhg1h5j42swfq.cloudfront.net\/2017\/05\/25105834\/Capturar1.jpg 300w, https:\/\/dhg1h5j42swfq.cloudfront.net\/2017\/05\/25105834\/Capturar1.jpg 768w, https:\/\/dhg1h5j42swfq.cloudfront.net\/2017\/05\/25105834\/Capturar1.jpg 610w\" sizes=\"auto, (max-width: 901px) 100vw, 901px\" \/><figcaption class=\"wp-element-caption\">Demanda por vaga<\/figcaption><\/figure>\n\n\n\n<h3 class=\"wp-block-heading\" id=\"etapas\">Etapas do concurso CVM<\/h3>\n\n\n\n<ol class=\"wp-block-list\">\n<li><strong>Prova objetiva<\/strong> <strong>1<\/strong> (eliminat\u00f3ria e classificat\u00f3ria);<\/li>\n\n\n\n<li><strong>Prova objetiva 2<\/strong> (eliminat\u00f3ria e classificat\u00f3ria;<\/li>\n\n\n\n<li><strong>Prova discursiva<\/strong> (eliminat\u00f3ria e classificat\u00f3ria).<\/li>\n<\/ol>\n\n\n\n<p class=\"has-normal-font-size\"><em><strong>Inspetor e Analista<\/strong><\/em><\/p>\n\n\n\n<figure class=\"wp-block-table is-style-stripes\"><table class=\"has-very-light-gray-to-cyan-bluish-gray-gradient-background has-background has-fixed-layout\"><tbody><tr><td class=\"has-text-align-center\" data-align=\"center\"><strong>PROVAS<\/strong>   <\/td><td class=\"has-text-align-center\" data-align=\"center\"><strong>PER\u00cdODO<\/strong>   <\/td><td class=\"has-text-align-center\" data-align=\"center\"><strong>DURA\u00c7\u00c3O   <\/strong><\/td><\/tr><tr><td class=\"has-text-align-center\" data-align=\"center\">Objetiva 1 \u2013 Conhecimentos Gerais   e Prova Discursiva   <\/td><td class=\"has-text-align-center\" data-align=\"center\">Matutino   <\/td><td class=\"has-text-align-center\" data-align=\"center\">4 horas   <\/td><\/tr><tr><td class=\"has-text-align-center\" data-align=\"center\">Objetiva 2 \u2013 Conhecimentos   Espec\u00edficos   <\/td><td class=\"has-text-align-center\" data-align=\"center\">Vespertino   <\/td><td class=\"has-text-align-center\" data-align=\"center\">4 horas   <\/td><\/tr><\/tbody><\/table><figcaption class=\"wp-element-caption\">Quadro de etapas para Inspetor e Analista<\/figcaption><\/figure>\n\n\n\n<p class=\"has-normal-font-size\"><em><strong>Agente Executivo<\/strong><\/em><\/p>\n\n\n\n<figure class=\"wp-block-table is-style-stripes\"><table class=\"has-very-light-gray-to-cyan-bluish-gray-gradient-background has-background has-fixed-layout\"><tbody><tr><td class=\"has-text-align-center\" data-align=\"center\"><strong>PROVAS<\/strong>   <\/td><td class=\"has-text-align-center\" data-align=\"center\"><strong>PER\u00cdODO<\/strong>   <\/td><td class=\"has-text-align-center\" data-align=\"center\"><strong>DURA\u00c7\u00c3O   <\/strong><\/td><\/tr><tr><td class=\"has-text-align-center\" data-align=\"center\">Objetiva 1 \u2013 Conhecimentos Gerais   <\/td><td class=\"has-text-align-center\" data-align=\"center\">Matutino   <\/td><td class=\"has-text-align-center\" data-align=\"center\">2h30min    <\/td><\/tr><tr><td class=\"has-text-align-center\" data-align=\"center\">Objetiva 2 \u2013 Conhecimentos   Espec\u00edficos e Prova Discursiva   <\/td><td class=\"has-text-align-center\" data-align=\"center\">Vespertino   <\/td><td class=\"has-text-align-center\" data-align=\"center\">3h30min   <\/td><\/tr><\/tbody><\/table><figcaption class=\"wp-element-caption\">Quadro de etapas para Agente Executivo<\/figcaption><\/figure>\n\n\n\n<h4 class=\"wp-block-heading\" id=\"provas-objetivas\">Provas objetivas do \u00faltimo concurso CVM<\/h4>\n\n\n\n<p><em>Inspetor<\/em><\/p>\n\n\n\n<ul class=\"wp-block-list\">\n<li><em style=\"\"><b>Conhecimentos Gerais (<\/b><\/em><strong><em>m\u00ednimo de 16 pontos): <\/em><\/strong>\n<ul class=\"wp-block-list\">\n<li>L\u00edngua Portuguesa &#8211; 10 quest\u00f5es<\/li>\n\n\n\n<li>L\u00edngua Inglesa &#8211; 10 quest\u00f5es<\/li>\n\n\n\n<li>Matem\u00e1tica Financeira &#8211; 10 quest\u00f5es<\/li>\n\n\n\n<li>Estrutura do Mercado de Valores Mobili\u00e1rios &#8211; 10 quest\u00f5es<\/li>\n<\/ul>\n<\/li>\n<\/ul>\n\n\n\n<ul class=\"wp-block-list\">\n<li><em style=\"\"><b>Conhecimentos Espec\u00edficos (<\/b><\/em><strong><em>m\u00ednimo de 24 pontos): <\/em><\/strong>\n<ul class=\"wp-block-list\">\n<li>Contabilidade &#8211; 20 quest\u00f5es<\/li>\n\n\n\n<li>Auditoria &#8211; 10 quest\u00f5es<\/li>\n\n\n\n<li>Funcionamento do Mercado de Valores Mobili\u00e1rios &#8211; 20 quest\u00f5es<\/li>\n\n\n\n<li>Economia &#8211; 10 quest\u00f5es<\/li>\n<\/ul>\n<\/li>\n<\/ul>\n\n\n\n<p><em>Agente Executivo<\/em><\/p>\n\n\n\n<ul class=\"wp-block-list\">\n<li><strong><em>Conhecimentos Gerais (m\u00ednimo de 20 pontos):<\/em><\/strong>\n<ul class=\"wp-block-list\">\n<li>L\u00edngua Portuguesa &#8211; 15 quest\u00f5es<\/li>\n\n\n\n<li>Conhecimentos Contempor\u00e2neos &#8211; 20 quest\u00f5es<\/li>\n\n\n\n<li>Estrutura do Mercado de Valores Mobili\u00e1rios &#8211; 15 quest\u00f5es<\/li>\n<\/ul>\n<\/li>\n<\/ul>\n\n\n\n<ul class=\"wp-block-list\">\n<li><strong><em>Conhecimentos Espec\u00edficos (m\u00ednimo de 16 pontos):<\/em><\/strong>\n<ul class=\"wp-block-list\">\n<li>Conhecimentos B\u00e1sicos de Administra\u00e7\u00e3o &#8211; 20 quest\u00f5es<\/li>\n\n\n\n<li>Administra\u00e7\u00e3o P\u00fablica &#8211; 20 quest\u00f5es<\/li>\n<\/ul>\n<\/li>\n<\/ul>\n\n\n\n<p><em>Analista &#8211; Mercado de Capitais<\/em><\/p>\n\n\n\n<ul class=\"wp-block-list\">\n<li><strong><em>Conhecimentos Gerais (m\u00ednimo de 16 pontos):<\/em><\/strong>\n<ul class=\"wp-block-list\">\n<li>L\u00edngua Portuguesa &#8211; 10 quest\u00f5es<\/li>\n\n\n\n<li>L\u00edngua Inglesa &#8211; 10 quest\u00f5es<\/li>\n\n\n\n<li>Matem\u00e1tica Financeira &#8211; 10 quest\u00f5es<\/li>\n\n\n\n<li>Estrutura do Mercado de Valores Mobili\u00e1rios &#8211; 10 quest\u00f5es<\/li>\n<\/ul>\n<\/li>\n<\/ul>\n\n\n\n<ul class=\"wp-block-list\">\n<li><em><strong>Conhecimentos Espec\u00edficos (m\u00ednimo de 24 pontos):<\/strong><\/em>\n<ul class=\"wp-block-list\">\n<li>Contabilidade &#8211; 18 quest\u00f5es<\/li>\n\n\n\n<li>Auditoria &#8211; 7 quest\u00f5es<\/li>\n\n\n\n<li>Funcionamento do Mercado de Valores Mobili\u00e1rios &#8211; 25 quest\u00f5es<\/li>\n\n\n\n<li>Economia &#8211; 10 quest\u00f5es<\/li>\n<\/ul>\n<\/li>\n<\/ul>\n\n\n\n<p><em>Analista &#8211; Normas cont\u00e1beis de auditoria<\/em> <\/p>\n\n\n\n<ul class=\"wp-block-list\">\n<li><em><strong>Conhecimentos Gerais (m\u00ednimo de 16 pontos):<\/strong><\/em>\n<ul class=\"wp-block-list\">\n<li>L\u00edngua Portuguesa &#8211; 10 quest\u00f5es<\/li>\n\n\n\n<li>L\u00edngua Inglesa &#8211; 10 quest\u00f5es<\/li>\n\n\n\n<li>Matem\u00e1tica Financeira &#8211; 10 quest\u00f5es<\/li>\n\n\n\n<li>Estrutura do Mercado de Valores &#8211; 10 quest\u00f5es<\/li>\n<\/ul>\n<\/li>\n<\/ul>\n\n\n\n<ul class=\"wp-block-list\">\n<li><em><span><b>Conhecimentos Espec\u00edficos (<\/b><\/span><strong>m\u00ednimo de 24 pontos):<\/strong><\/em>\n<ul class=\"wp-block-list\">\n<li>Contabilidade &#8211; 25 quest\u00f5es<\/li>\n\n\n\n<li>Auditoria &#8211; 15 quest\u00f5es<\/li>\n\n\n\n<li>Funcionamento do Mercado de Valores Mobili\u00e1rios &#8211; 20 quest\u00f5es<\/li>\n<\/ul>\n<\/li>\n<\/ul>\n\n\n\n<p><em>Analista &#8211; Planejamento e execu\u00e7\u00e3o financeira<\/em> e <em>Analista &#8211; Planejamento e execu\u00e7\u00e3o financeira (contador)<\/em> <\/p>\n\n\n\n<ul class=\"wp-block-list\">\n<li><strong><em>Conhecimentos Gerais (m\u00ednimo de 16 pontos):<\/em><\/strong>\n<ul class=\"wp-block-list\">\n<li>L\u00edngua Portuguesa &#8211; 10 quest\u00f5es<\/li>\n\n\n\n<li>L\u00edngua Inglesa &#8211; 10 quest\u00f5es<\/li>\n\n\n\n<li>Administra\u00e7\u00e3o P\u00fablica I &#8211; 10 quest\u00f5es<\/li>\n\n\n\n<li>Estrutura do Mercado de Valores Mobili\u00e1rios &#8211; 10 quest\u00f5es<\/li>\n<\/ul>\n<\/li>\n<\/ul>\n\n\n\n<ul class=\"wp-block-list\">\n<li><em><strong>Conhecimentos espec\u00edficos (m\u00ednimo de 24 pontos):<\/strong><\/em>\n<ul class=\"wp-block-list\">\n<li>Administra\u00e7\u00e3o P\u00fablica II &#8211; 30 quest\u00f5es<\/li>\n\n\n\n<li>Contabilidade P\u00fablica &#8211; 30 quest\u00f5es<\/li>\n<\/ul>\n<\/li>\n<\/ul>\n\n\n\n<p><em>Analista &#8211; Recursos Humanos<\/em><\/p>\n\n\n\n<ul class=\"wp-block-list\">\n<li><em><strong>Conhecimentos Gerais (m\u00ednimo de 16 pontos):<\/strong><\/em>\n<ul class=\"wp-block-list\">\n<li>L\u00edngua Portuguesa &#8211; 10 quest\u00f5es<\/li>\n\n\n\n<li>L\u00edngua Inglesa &#8211; 10 quest\u00f5es<\/li>\n\n\n\n<li>Administra\u00e7\u00e3o P\u00fablica I &#8211; 10 quest\u00f5es<\/li>\n\n\n\n<li>Estrutura do Mercado de Valores Mobili\u00e1rios &#8211; 10 quest\u00f5es<\/li>\n<\/ul>\n<\/li>\n<\/ul>\n\n\n\n<ul class=\"wp-block-list\">\n<li><em><strong>Conhecimentos Espec\u00edficos (m\u00ednimo de 24 pontos):<\/strong><\/em>\n<ul class=\"wp-block-list\">\n<li>Administra\u00e7\u00e3o P\u00fablica III &#8211; 20 quest\u00f5es<\/li>\n\n\n\n<li>Recursos humanos &#8211; 40 quest\u00f5es<\/li>\n<\/ul>\n<\/li>\n<\/ul>\n\n\n\n<p><em>Analista &#8211; Arquivologia, Biblioteconomia, Sistemas e Infraestrutura de TI<\/em><\/p>\n\n\n\n<ul class=\"wp-block-list\">\n<li><em><strong>Conhecimentos Gerais (m\u00ednimo de 16 pontos):<\/strong><\/em>\n<ul class=\"wp-block-list\">\n<li>L\u00edngua Portuguesa &#8211; 10 quest\u00f5es<\/li>\n\n\n\n<li>L\u00edngua Inglesa &#8211; 10 quest\u00f5es<\/li>\n\n\n\n<li>Administra\u00e7\u00e3o P\u00fablica I &#8211; 10 quest\u00f5es<\/li>\n\n\n\n<li>Estrutura do Mercado de Valores Mobili\u00e1rios &#8211; 10 quest\u00f5es<\/li>\n<\/ul>\n<\/li>\n<\/ul>\n\n\n\n<p><em style=\"\"><b>Conhecimentos <\/b><\/em><strong><em>Espec\u00edficos (m\u00ednimo de 24 pontos) &#8211; <\/em><\/strong>60 quest\u00f5es<\/p>\n\n\n\n<h4 class=\"wp-block-heading\" id=\"provas-discursivas\">Provas discursivas<\/h4>\n\n\n\n<p>A prova do \u00faltimo concurso CVM valeu, no m\u00e1ximo, 10 pontos para todos os cargos. A prova discursiva versou sobre o desenvolvimento de 1 tema da atualidade, em um m\u00ednimo de 40 e em um m\u00e1ximo de 60 linhas, observados os roteiros estabelecidos na prova. <\/p>\n\n\n\n<p><em>Provas corrigidas<\/em><\/p>\n\n\n\n<figure class=\"wp-block-table is-style-stripes\"><table class=\"has-very-light-gray-to-cyan-bluish-gray-gradient-background has-background has-fixed-layout\"><tbody><tr><td class=\"has-text-align-center\" data-align=\"center\"><strong>Cargo\/Especializa\u00e7\u00e3o\/Cidade   <\/strong><\/td><td class=\"has-text-align-center\" data-align=\"center\"><strong>Ampla concorr\u00eancia    <\/strong><\/td><td class=\"has-text-align-center\" data-align=\"center\"><strong>Pessoa com defici\u00eancia   <\/strong> <\/td><\/tr><tr><td class=\"has-text-align-center\" data-align=\"center\">Inspetor &#8211; RJ<\/td><td class=\"has-text-align-center\" data-align=\"center\">90    <\/td><td class=\"has-text-align-center\" data-align=\"center\">10    <\/td><\/tr><tr><td class=\"has-text-align-center\" data-align=\"center\">Inspetor &#8211; SP   <\/td><td class=\"has-text-align-center\" data-align=\"center\">58    <\/td><td class=\"has-text-align-center\" data-align=\"center\">10    <\/td><\/tr><tr><td class=\"has-text-align-center\" data-align=\"center\">Analista Mercado de Capitais &#8211; RJ<\/td><td class=\"has-text-align-center\" data-align=\"center\">132    <\/td><td class=\"has-text-align-center\" data-align=\"center\">28    <\/td><\/tr><tr><td class=\"has-text-align-center\" data-align=\"center\">Analista Mercado de Capitais &#8211; SP      <\/td><td class=\"has-text-align-center\" data-align=\"center\">64    <\/td><td class=\"has-text-align-center\" data-align=\"center\">10    <\/td><\/tr><tr><td class=\"has-text-align-center\" data-align=\"center\">Analista Arquivologia &#8211; RJ <\/td><td class=\"has-text-align-center\" data-align=\"center\">10    <\/td><td class=\"has-text-align-center\" data-align=\"center\">&#8211;    <\/td><\/tr><tr><td class=\"has-text-align-center\" data-align=\"center\">Analista Arquivologia &#8211; SP  <\/td><td class=\"has-text-align-center\" data-align=\"center\">10    <\/td><td class=\"has-text-align-center\" data-align=\"center\">&#8211;    <\/td><\/tr><tr><td class=\"has-text-align-center\" data-align=\"center\">Analista Biblioteconomia &#8211; RJ   <\/td><td class=\"has-text-align-center\" data-align=\"center\">10    <\/td><td class=\"has-text-align-center\" data-align=\"center\">&#8211;    <\/td><\/tr><tr><td class=\"has-text-align-center\" data-align=\"center\">Analista Recursos Humanos &#8211; RJ    <\/td><td class=\"has-text-align-center\" data-align=\"center\">18    <\/td><td class=\"has-text-align-center\" data-align=\"center\">&#8211;    <\/td><\/tr><tr><td class=\"has-text-align-center\" data-align=\"center\">Analista Sistemas &#8211; RJ<\/td><td class=\"has-text-align-center\" data-align=\"center\">36    <\/td><td class=\"has-text-align-center\" data-align=\"center\">&#8211; <\/td><\/tr><tr><td class=\"has-text-align-center\" data-align=\"center\">Analista Infraestrutura de TI &#8211; RJ      <\/td><td class=\"has-text-align-center\" data-align=\"center\">36    <\/td><td class=\"has-text-align-center\" data-align=\"center\">&#8211; <\/td><\/tr><tr><td class=\"has-text-align-center\" data-align=\"center\">Analista Normas Cont\u00e1beis e de Auditoria   &#8211; RJ    <\/td><td class=\"has-text-align-center\" data-align=\"center\">18    <\/td><td class=\"has-text-align-center\" data-align=\"center\">&#8211;    <\/td><\/tr><tr><td class=\"has-text-align-center\" data-align=\"center\">Analista Planejamento e Execu\u00e7\u00e3o   Financeira &#8211; RJ <\/td><td class=\"has-text-align-center\" data-align=\"center\">50    <\/td><td class=\"has-text-align-center\" data-align=\"center\">10    <\/td><\/tr><tr><td class=\"has-text-align-center\" data-align=\"center\">Analista Planejamento e Execu\u00e7\u00e3o   Financeira (Contador) &#8211; RJ<\/td><td class=\"has-text-align-center\" data-align=\"center\">18    <\/td><td class=\"has-text-align-center\" data-align=\"center\">&#8211;  <\/td><\/tr><tr><td class=\"has-text-align-center\" data-align=\"center\">Agente Executivo &#8211; RJ<\/td><td class=\"has-text-align-center\" data-align=\"center\">123    <\/td><td class=\"has-text-align-center\" data-align=\"center\">28    <\/td><\/tr><tr><td class=\"has-text-align-center\" data-align=\"center\">Agente Executivo &#8211; SP<\/td><td class=\"has-text-align-center\" data-align=\"center\">44    <\/td><td class=\"has-text-align-center\" data-align=\"center\">10    <\/td><\/tr><\/tbody><\/table><figcaption class=\"wp-element-caption\">Quadro de provas corrigidas por vagas do concurso CVM<\/figcaption><\/figure>\n\n\n\n<p><strong>Notas m\u00ednimas<\/strong><\/p>\n\n\n\n<p><em>Prova objetiva<\/em><\/p>\n\n\n\n<ul class=\"wp-block-list\">\n<li>Conhecimentos gerais: 40%<\/li>\n\n\n\n<li>Conhecimentos espec\u00edficos: 40%<\/li>\n<\/ul>\n\n\n\n<p><em>Prova discursiva<\/em><\/p>\n\n\n\n<ul class=\"wp-block-list\">\n<li><strong>Nota m\u00ednima<\/strong>: n\u00e3o zerar a reda\u00e7\u00e3o.<\/li>\n<\/ul>\n\n\n\n<h3 class=\"wp-block-heading\" id=\"nota-de-corte\">Notas de corte do \u00faltimo concurso CVM<\/h3>\n\n\n\n<figure class=\"wp-block-image aligncenter\"><img loading=\"lazy\" decoding=\"async\" width=\"902\" height=\"535\" src=\"https:\/\/dhg1h5j42swfq.cloudfront.net\/2019\/06\/07113247\/image55.png\" alt=\"Quadro demonstrando as notas de corte \" class=\"wp-image-385064\" srcset=\"https:\/\/dhg1h5j42swfq.cloudfront.net\/2019\/06\/07113247\/image55.png 902w, https:\/\/dhg1h5j42swfq.cloudfront.net\/2019\/06\/07113247\/image55.png 300w, https:\/\/dhg1h5j42swfq.cloudfront.net\/2019\/06\/07113247\/image55.png 768w, https:\/\/dhg1h5j42swfq.cloudfront.net\/2019\/06\/07113247\/image55.png 610w\" sizes=\"auto, (max-width: 902px) 100vw, 902px\" \/><figcaption class=\"wp-element-caption\">Notas de corte do \u00faltimo concurso CVM<\/figcaption><\/figure>\n\n\n\n<hr class=\"wp-block-separator has-css-opacity\"\/>\n\n\n\n<h2 class=\"wp-block-heading has-text-align-center\" id=\"h-quer-saber-tudo-sobre-concursos-bancarios-confira-nossos-artigos\">Quer saber tudo sobre concursos banc\u00e1rios?<br \/>Confira nossos artigos!<\/h2>\n\n\n\n<ul class=\"wp-block-list\">\n<li><a href=\"https:\/\/www.estrategiaconcursos.com.br\/blog\/concursos-bancarios\/\" target=\"_blank\" rel=\"noreferrer noopener\">Concursos banc\u00e1rios<\/a><\/li>\n\n\n\n<li><a href=\"https:\/\/www.estrategiaconcursos.com.br\/blog\/concursos-abertos\/\" target=\"_blank\" rel=\"noreferrer noopener\">Concursos abertos<\/a><\/li>\n\n\n\n<li><a href=\"https:\/\/www.estrategiaconcursos.com.br\/blog\/concurso-bacen\/\" target=\"_blank\" rel=\"noreferrer noopener\">Concurso BACEN<\/a><\/li>\n\n\n\n<li><a href=\"https:\/\/www.estrategiaconcursos.com.br\/blog\/concursos-2026\/\" target=\"_blank\" rel=\"noreferrer noopener\">Concursos 2026<\/a><\/li>\n<\/ul>\n\n\n\n<h2 class=\"wp-block-heading has-text-align-center\" id=\"cursos\"><em>Quer estudar para concurso CVM?<\/em><\/h2>\n\n\n\n<div class=\"container\" id=\"boxes\">\n  <div class=\"row\">\n\n    <div class=\"col-sm\">\n      <div class=\"banner-financeiro\" id=\"box-assinatura\">\n        <h3 class=\"titulo-assinatura\">Concurso CVM<\/h3>\n        <p class=\"subtitulo-assinatura\">Prepara\u00e7\u00e3o completa para a carreira na CVM<\/p>\n        <div class=\"box-botao\">\n          <a class=\"btn-assinatura\" target=\"_blank\" href=\"https:\/\/www.estrategiaconcursos.com.br\/cursosPorConcurso\/cvm-comissao-de-valores-mobiliarios\/\" rel=\"noopener noreferrer\">INICIAR JORNADA<\/a>\n        <\/div>\n      <\/div>\n      \n    <\/div>\n\n  <\/div>\n<\/div>\n\n\n\n<div class=\"container\" id=\"boxes\">\n  <div class=\"row\">\n\n    <div class=\"col-sm\">\n      <div class=\"estrategia\" id=\"box-assinatura\">\n        <h3 class=\"titulo-assinatura\">Assinatura de Concursos<\/h3>\n        <p class=\"subtitulo-assinatura\">Assinatura de 1 ano ou 2 anos<\/p>\n        <div class=\"box-botao\">\n          <a class=\"btn-assinatura\" target=\"_blank\" href=\"https:\/\/www.estrategiaconcursos.com.br\/assinaturas\/\" role=\"button\" rel=\"noopener noreferrer\">ASSINE AGORA<\/a>\n        <\/div>\n      <\/div>\n     \n    <\/div><\/div><\/div>\n\n\n\n<figure class=\"wp-block-image size-large is-resized\"><img loading=\"lazy\" decoding=\"async\" width=\"1024\" height=\"632\" src=\"https:\/\/dhg1h5j42swfq.cloudfront.net\/2021\/04\/09143350\/ficha-tecnica-10-1024x632-1.png\" alt=\"Ficha t\u00e9cnica \" class=\"wp-image-711098\" style=\"aspect-ratio:1.6319444444444444;width:267px;height:auto\" srcset=\"https:\/\/dhg1h5j42swfq.cloudfront.net\/2021\/04\/09143350\/ficha-tecnica-10-1024x632-1.png 1024w, https:\/\/dhg1h5j42swfq.cloudfront.net\/2021\/04\/09143350\/ficha-tecnica-10-1024x632-1-300x185.png 300w, https:\/\/dhg1h5j42swfq.cloudfront.net\/2021\/04\/09143350\/ficha-tecnica-10-1024x632-1-768x474.png 768w, https:\/\/dhg1h5j42swfq.cloudfront.net\/2021\/04\/09143350\/ficha-tecnica-10-1024x632-1-610x376.png 610w\" sizes=\"auto, (max-width: 1024px) 100vw, 1024px\" \/><\/figure>\n\n\n\n<h3 class=\"wp-block-heading\" id=\"ficha\">Informa\u00e7\u00f5es do \u00faltimo concurso&nbsp;CVM<\/h3>\n\n\n\n<ul class=\"wp-block-list\">\n<li><strong>Provas: <\/strong>23\/06\/2024<\/li>\n\n\n\n<li><strong>Vagas: <\/strong>60<\/li>\n\n\n\n<li><strong>Cargos<\/strong>: Inspetor e Analista<\/li>\n\n\n\n<li><strong>Banca:&nbsp;<\/strong>FGV<\/li>\n\n\n\n<li><strong>Escolaridade: <\/strong>superior<\/li>\n\n\n\n<li><strong>Edital:&nbsp;<\/strong><a href=\"https:\/\/dhg1h5j42swfq.cloudfront.net\/2024\/01\/25160610\/edital-1-2024-abertura-concurso-cvm.pdf\" target=\"_blank\" rel=\"noreferrer noopener nofollow\">CVM-2024<\/a><\/li>\n<\/ul>\n","protected":false},"excerpt":{"rendered":"<p>Apesar de solicita\u00e7\u00e3o em 2024, CVM confirma que n\u00e3o h\u00e1 previs\u00e3o de novo concurso no momento. S\u00e3o 121 cargos vagos! A Comiss\u00e3o de Valores Mobili\u00e1rios possui um concurso CVM em andamento, com validade at\u00e9 novembro de 2026. Foram ofertadas 60 vagas para os cargos de Analista e Inspetor, que exigem forma\u00e7\u00e3o de n\u00edvel superior, com [&hellip;]<\/p>\n","protected":false},"author":2134,"featured_media":1276114,"comment_status":"open","ping_status":"open","sticky":false,"template":"","format":"standard","meta":{"post_tipo":"news_page","footnotes":""},"categories":[220181],"tags":[1463,1462,1461,48,39],"tax_estado":[219963],"class_list":["post-35345","post","type-post","status-publish","format-standard","has-post-thumbnail","hentry","category-area-financeira","tag-agente-executivo","tag-concurso-comissao-de-valores-mobiliarios","tag-concurso-cvm","tag-edital","tag-vagas","tax_estado-concursos-federais"],"acf":[],"yoast_head":"<!-- This site is optimized with the Yoast SEO Premium plugin v27.2 (Yoast SEO v27.2) - https:\/\/yoast.com\/product\/yoast-seo-premium-wordpress\/ -->\n<title>Concurso CVM: inicial de R$ 20,9 mil. V\u00e1lido at\u00e9 2026!<\/title>\n<meta name=\"description\" content=\"Concurso da CVM ofereceu 60 vagas e sal\u00e1rios de R$ 20,9 mil. Validade segue at\u00e9 novembro de 2026. Confira todos os detalhes!\" \/>\n<meta name=\"robots\" content=\"index, follow, max-snippet:-1, max-image-preview:large, max-video-preview:-1\" \/>\n<link rel=\"canonical\" href=\"https:\/\/www.estrategiaconcursos.com.br\/blog\/concurso-cvm\/\" \/>\n<meta property=\"og:locale\" content=\"pt_BR\" \/>\n<meta property=\"og:type\" content=\"article\" \/>\n<meta property=\"og:title\" content=\"Concurso CVM: inicial de R$ 20,9 mil. V\u00e1lido at\u00e9 2026!\" \/>\n<meta property=\"og:description\" content=\"Concurso da CVM ofereceu 60 vagas e sal\u00e1rios de R$ 20,9 mil. Validade segue at\u00e9 novembro de 2026. Confira todos os detalhes!\" \/>\n<meta property=\"og:url\" content=\"https:\/\/www.estrategiaconcursos.com.br\/blog\/concurso-cvm\/\" \/>\n<meta property=\"og:site_name\" content=\"Estrat\u00e9gia Concursos\" \/>\n<meta property=\"article:published_time\" content=\"2026-02-05T18:06:00+00:00\" \/>\n<meta property=\"article:modified_time\" content=\"2026-02-05T18:07:05+00:00\" \/>\n<meta property=\"og:image\" content=\"https:\/\/dhg1h5j42swfq.cloudfront.net\/2023\/09\/12112654\/cvm.jpg\" \/>\n\t<meta property=\"og:image:width\" content=\"768\" \/>\n\t<meta property=\"og:image:height\" content=\"432\" \/>\n\t<meta property=\"og:image:type\" content=\"image\/jpeg\" \/>\n<meta name=\"author\" content=\"Rafaela Teixeira\" \/>\n<meta name=\"twitter:card\" content=\"summary_large_image\" \/>\n<meta name=\"twitter:creator\" content=\"@EstratConcursos\" \/>\n<meta name=\"twitter:site\" content=\"@EstratConcursos\" \/>\n<meta name=\"twitter:label1\" content=\"Escrito por\" \/>\n\t<meta name=\"twitter:data1\" content=\"Rafaela Teixeira\" \/>\n\t<meta name=\"twitter:label2\" content=\"Est. tempo de leitura\" \/>\n\t<meta name=\"twitter:data2\" content=\"8 minutos\" \/>\n<script type=\"application\/ld+json\" class=\"yoast-schema-graph\">{\"@context\":\"https:\/\/schema.org\",\"@graph\":[{\"@type\":\"NewsArticle\",\"@id\":\"https:\/\/www.estrategiaconcursos.com.br\/blog\/concurso-cvm\/#article\",\"isPartOf\":{\"@id\":\"https:\/\/www.estrategiaconcursos.com.br\/blog\/concurso-cvm\/\"},\"author\":{\"name\":\"Rafaela Teixeira\",\"@id\":\"https:\/\/www.estrategiaconcursos.com.br\/blog\/#\/schema\/person\/e75352021ea7f60781c599934f916eb1\"},\"headline\":\"Concurso CVM: inicial de R$ 20,9 mil. V\u00e1lido at\u00e9 2026!\",\"datePublished\":\"2026-02-05T18:06:00+00:00\",\"dateModified\":\"2026-02-05T18:07:05+00:00\",\"mainEntityOfPage\":{\"@id\":\"https:\/\/www.estrategiaconcursos.com.br\/blog\/concurso-cvm\/\"},\"wordCount\":1790,\"commentCount\":5,\"publisher\":{\"@id\":\"https:\/\/www.estrategiaconcursos.com.br\/blog\/#organization\"},\"image\":{\"@id\":\"https:\/\/www.estrategiaconcursos.com.br\/blog\/concurso-cvm\/#primaryimage\"},\"thumbnailUrl\":\"https:\/\/dhg1h5j42swfq.cloudfront.net\/2023\/09\/12112654\/cvm.jpg\",\"keywords\":[\"agente executivo\",\"concurso Comiss\u00e3o de Valores Mobili\u00e1rios\",\"concurso CVM\",\"edital\",\"vagas\"],\"articleSection\":[\"Financeira (BACEN, CVM, SUSEP e BNDES)\"],\"inLanguage\":\"pt-BR\",\"potentialAction\":[{\"@type\":\"CommentAction\",\"name\":\"Comment\",\"target\":[\"https:\/\/www.estrategiaconcursos.com.br\/blog\/concurso-cvm\/#respond\"]}],\"copyrightYear\":\"2026\",\"copyrightHolder\":{\"@id\":\"https:\/\/www.estrategiaconcursos.com.br\/blog\/#organization\"}},{\"@type\":\"WebPage\",\"@id\":\"https:\/\/www.estrategiaconcursos.com.br\/blog\/concurso-cvm\/\",\"url\":\"https:\/\/www.estrategiaconcursos.com.br\/blog\/concurso-cvm\/\",\"name\":\"Concurso CVM: inicial de R$ 20,9 mil. V\u00e1lido at\u00e9 2026!\",\"isPartOf\":{\"@id\":\"https:\/\/www.estrategiaconcursos.com.br\/blog\/#website\"},\"primaryImageOfPage\":{\"@id\":\"https:\/\/www.estrategiaconcursos.com.br\/blog\/concurso-cvm\/#primaryimage\"},\"image\":{\"@id\":\"https:\/\/www.estrategiaconcursos.com.br\/blog\/concurso-cvm\/#primaryimage\"},\"thumbnailUrl\":\"https:\/\/dhg1h5j42swfq.cloudfront.net\/2023\/09\/12112654\/cvm.jpg\",\"datePublished\":\"2026-02-05T18:06:00+00:00\",\"dateModified\":\"2026-02-05T18:07:05+00:00\",\"description\":\"Concurso da CVM ofereceu 60 vagas e sal\u00e1rios de R$ 20,9 mil. Validade segue at\u00e9 novembro de 2026. Confira todos os detalhes!\",\"breadcrumb\":{\"@id\":\"https:\/\/www.estrategiaconcursos.com.br\/blog\/concurso-cvm\/#breadcrumb\"},\"inLanguage\":\"pt-BR\",\"potentialAction\":[{\"@type\":\"ReadAction\",\"target\":[\"https:\/\/www.estrategiaconcursos.com.br\/blog\/concurso-cvm\/\"]}]},{\"@type\":\"ImageObject\",\"inLanguage\":\"pt-BR\",\"@id\":\"https:\/\/www.estrategiaconcursos.com.br\/blog\/concurso-cvm\/#primaryimage\",\"url\":\"https:\/\/dhg1h5j42swfq.cloudfront.net\/2023\/09\/12112654\/cvm.jpg\",\"contentUrl\":\"https:\/\/dhg1h5j42swfq.cloudfront.net\/2023\/09\/12112654\/cvm.jpg\",\"width\":768,\"height\":432,\"caption\":\"CVM\"},{\"@type\":\"BreadcrumbList\",\"@id\":\"https:\/\/www.estrategiaconcursos.com.br\/blog\/concurso-cvm\/#breadcrumb\",\"itemListElement\":[{\"@type\":\"ListItem\",\"position\":1,\"name\":\"In\u00edcio\",\"item\":\"https:\/\/www.estrategiaconcursos.com.br\/blog\/\"},{\"@type\":\"ListItem\",\"position\":2,\"name\":\"Concurso CVM: inicial de R$ 20,9 mil. V\u00e1lido at\u00e9 2026!\"}]},{\"@type\":\"WebSite\",\"@id\":\"https:\/\/www.estrategiaconcursos.com.br\/blog\/#website\",\"url\":\"https:\/\/www.estrategiaconcursos.com.br\/blog\/\",\"name\":\"Estrat\u00e9gia Concursos\",\"description\":\"O blog da Estrat\u00e9gia Concursos traz not\u00edcias sobre concursos e artigos de professores oferecendo cursos para concursos (pdf + videaulas) no site.\",\"publisher\":{\"@id\":\"https:\/\/www.estrategiaconcursos.com.br\/blog\/#organization\"},\"potentialAction\":[{\"@type\":\"SearchAction\",\"target\":{\"@type\":\"EntryPoint\",\"urlTemplate\":\"https:\/\/www.estrategiaconcursos.com.br\/blog\/?s={search_term_string}\"},\"query-input\":{\"@type\":\"PropertyValueSpecification\",\"valueRequired\":true,\"valueName\":\"search_term_string\"}}],\"inLanguage\":\"pt-BR\"},{\"@type\":\"Organization\",\"@id\":\"https:\/\/www.estrategiaconcursos.com.br\/blog\/#organization\",\"name\":\"Estrat\u00e9gia Concursos\",\"url\":\"https:\/\/www.estrategiaconcursos.com.br\/blog\/\",\"logo\":{\"@type\":\"ImageObject\",\"inLanguage\":\"pt-BR\",\"@id\":\"https:\/\/www.estrategiaconcursos.com.br\/blog\/#\/schema\/logo\/image\/\",\"url\":\"https:\/\/dhg1h5j42swfq.cloudfront.net\/2025\/06\/03203428\/logo_concursos-1.jpg\",\"contentUrl\":\"https:\/\/dhg1h5j42swfq.cloudfront.net\/2025\/06\/03203428\/logo_concursos-1.jpg\",\"width\":230,\"height\":60,\"caption\":\"Estrat\u00e9gia Concursos\"},\"image\":{\"@id\":\"https:\/\/www.estrategiaconcursos.com.br\/blog\/#\/schema\/logo\/image\/\"},\"sameAs\":[\"https:\/\/x.com\/EstratConcursos\"]},{\"@type\":\"Person\",\"@id\":\"https:\/\/www.estrategiaconcursos.com.br\/blog\/#\/schema\/person\/e75352021ea7f60781c599934f916eb1\",\"name\":\"Rafaela Teixeira\",\"image\":{\"@type\":\"ImageObject\",\"inLanguage\":\"pt-BR\",\"@id\":\"https:\/\/secure.gravatar.com\/avatar\/8a349a2b22039b1ee88fc06461487c950fd6aa411ea8af8633314b43334ae793?s=96&d=mm&r=g\",\"url\":\"https:\/\/secure.gravatar.com\/avatar\/8a349a2b22039b1ee88fc06461487c950fd6aa411ea8af8633314b43334ae793?s=96&d=mm&r=g\",\"contentUrl\":\"https:\/\/secure.gravatar.com\/avatar\/8a349a2b22039b1ee88fc06461487c950fd6aa411ea8af8633314b43334ae793?s=96&d=mm&r=g\",\"caption\":\"Rafaela Teixeira\"},\"description\":\"Rafaela Teixeira \u00e9 advogada conveniada \u00e0 Defensoria P\u00fablica de S\u00e3o Paulo pela OAB, com experi\u00eancia em reda\u00e7\u00e3o jur\u00eddica e atua\u00e7\u00e3o em institui\u00e7\u00f5es p\u00fablicas, incluindo est\u00e1gio no TRE-SP. Possui mais de 7 anos de experi\u00eancia na produ\u00e7\u00e3o de conte\u00fados voltados ao nicho de concursos p\u00fablicos, com foco em apura\u00e7\u00e3o jornal\u00edstica cont\u00ednua, an\u00e1lise de editais e obten\u00e7\u00e3o de informa\u00e7\u00f5es diretamente junto a \u00f3rg\u00e3os e fontes oficiais. No Blog do Estrat\u00e9gia Concursos, atua como Analista de Conte\u00fado S\u00eanior, respons\u00e1vel pelo jornalismo do per\u00edodo noturno e da madrugada, com atua\u00e7\u00e3o transversal na cobertura de concursos p\u00fablicos, garantindo a continuidade, fluidez e confiabilidade das publica\u00e7\u00f5es e dos bastidores dos certames.\",\"url\":\"https:\/\/www.estrategiaconcursos.com.br\/blog\/author\/rafaela-teixeira\/\"}]}<\/script>\n<!-- \/ Yoast SEO Premium plugin. -->","yoast_head_json":{"title":"Concurso CVM: inicial de R$ 20,9 mil. V\u00e1lido at\u00e9 2026!","description":"Concurso da CVM ofereceu 60 vagas e sal\u00e1rios de R$ 20,9 mil. Validade segue at\u00e9 novembro de 2026. Confira todos os detalhes!","robots":{"index":"index","follow":"follow","max-snippet":"max-snippet:-1","max-image-preview":"max-image-preview:large","max-video-preview":"max-video-preview:-1"},"canonical":"https:\/\/www.estrategiaconcursos.com.br\/blog\/concurso-cvm\/","og_locale":"pt_BR","og_type":"article","og_title":"Concurso CVM: inicial de R$ 20,9 mil. V\u00e1lido at\u00e9 2026!","og_description":"Concurso da CVM ofereceu 60 vagas e sal\u00e1rios de R$ 20,9 mil. Validade segue at\u00e9 novembro de 2026. Confira todos os detalhes!","og_url":"https:\/\/www.estrategiaconcursos.com.br\/blog\/concurso-cvm\/","og_site_name":"Estrat\u00e9gia Concursos","article_published_time":"2026-02-05T18:06:00+00:00","article_modified_time":"2026-02-05T18:07:05+00:00","og_image":[{"width":768,"height":432,"url":"https:\/\/dhg1h5j42swfq.cloudfront.net\/2023\/09\/12112654\/cvm.jpg","type":"image\/jpeg"}],"author":"Rafaela Teixeira","twitter_card":"summary_large_image","twitter_creator":"@EstratConcursos","twitter_site":"@EstratConcursos","twitter_misc":{"Escrito por":"Rafaela Teixeira","Est. tempo de leitura":"8 minutos"},"schema":{"@context":"https:\/\/schema.org","@graph":[{"@type":"NewsArticle","@id":"https:\/\/www.estrategiaconcursos.com.br\/blog\/concurso-cvm\/#article","isPartOf":{"@id":"https:\/\/www.estrategiaconcursos.com.br\/blog\/concurso-cvm\/"},"author":{"name":"Rafaela Teixeira","@id":"https:\/\/www.estrategiaconcursos.com.br\/blog\/#\/schema\/person\/e75352021ea7f60781c599934f916eb1"},"headline":"Concurso CVM: inicial de R$ 20,9 mil. V\u00e1lido at\u00e9 2026!","datePublished":"2026-02-05T18:06:00+00:00","dateModified":"2026-02-05T18:07:05+00:00","mainEntityOfPage":{"@id":"https:\/\/www.estrategiaconcursos.com.br\/blog\/concurso-cvm\/"},"wordCount":1790,"commentCount":5,"publisher":{"@id":"https:\/\/www.estrategiaconcursos.com.br\/blog\/#organization"},"image":{"@id":"https:\/\/www.estrategiaconcursos.com.br\/blog\/concurso-cvm\/#primaryimage"},"thumbnailUrl":"https:\/\/dhg1h5j42swfq.cloudfront.net\/2023\/09\/12112654\/cvm.jpg","keywords":["agente executivo","concurso Comiss\u00e3o de Valores Mobili\u00e1rios","concurso CVM","edital","vagas"],"articleSection":["Financeira (BACEN, CVM, SUSEP e BNDES)"],"inLanguage":"pt-BR","potentialAction":[{"@type":"CommentAction","name":"Comment","target":["https:\/\/www.estrategiaconcursos.com.br\/blog\/concurso-cvm\/#respond"]}],"copyrightYear":"2026","copyrightHolder":{"@id":"https:\/\/www.estrategiaconcursos.com.br\/blog\/#organization"}},{"@type":"WebPage","@id":"https:\/\/www.estrategiaconcursos.com.br\/blog\/concurso-cvm\/","url":"https:\/\/www.estrategiaconcursos.com.br\/blog\/concurso-cvm\/","name":"Concurso CVM: inicial de R$ 20,9 mil. V\u00e1lido at\u00e9 2026!","isPartOf":{"@id":"https:\/\/www.estrategiaconcursos.com.br\/blog\/#website"},"primaryImageOfPage":{"@id":"https:\/\/www.estrategiaconcursos.com.br\/blog\/concurso-cvm\/#primaryimage"},"image":{"@id":"https:\/\/www.estrategiaconcursos.com.br\/blog\/concurso-cvm\/#primaryimage"},"thumbnailUrl":"https:\/\/dhg1h5j42swfq.cloudfront.net\/2023\/09\/12112654\/cvm.jpg","datePublished":"2026-02-05T18:06:00+00:00","dateModified":"2026-02-05T18:07:05+00:00","description":"Concurso da CVM ofereceu 60 vagas e sal\u00e1rios de R$ 20,9 mil. Validade segue at\u00e9 novembro de 2026. Confira todos os detalhes!","breadcrumb":{"@id":"https:\/\/www.estrategiaconcursos.com.br\/blog\/concurso-cvm\/#breadcrumb"},"inLanguage":"pt-BR","potentialAction":[{"@type":"ReadAction","target":["https:\/\/www.estrategiaconcursos.com.br\/blog\/concurso-cvm\/"]}]},{"@type":"ImageObject","inLanguage":"pt-BR","@id":"https:\/\/www.estrategiaconcursos.com.br\/blog\/concurso-cvm\/#primaryimage","url":"https:\/\/dhg1h5j42swfq.cloudfront.net\/2023\/09\/12112654\/cvm.jpg","contentUrl":"https:\/\/dhg1h5j42swfq.cloudfront.net\/2023\/09\/12112654\/cvm.jpg","width":768,"height":432,"caption":"CVM"},{"@type":"BreadcrumbList","@id":"https:\/\/www.estrategiaconcursos.com.br\/blog\/concurso-cvm\/#breadcrumb","itemListElement":[{"@type":"ListItem","position":1,"name":"In\u00edcio","item":"https:\/\/www.estrategiaconcursos.com.br\/blog\/"},{"@type":"ListItem","position":2,"name":"Concurso CVM: inicial de R$ 20,9 mil. V\u00e1lido at\u00e9 2026!"}]},{"@type":"WebSite","@id":"https:\/\/www.estrategiaconcursos.com.br\/blog\/#website","url":"https:\/\/www.estrategiaconcursos.com.br\/blog\/","name":"Estrat\u00e9gia Concursos","description":"O blog da Estrat\u00e9gia Concursos traz not\u00edcias sobre concursos e artigos de professores oferecendo cursos para concursos (pdf + videaulas) no site.","publisher":{"@id":"https:\/\/www.estrategiaconcursos.com.br\/blog\/#organization"},"potentialAction":[{"@type":"SearchAction","target":{"@type":"EntryPoint","urlTemplate":"https:\/\/www.estrategiaconcursos.com.br\/blog\/?s={search_term_string}"},"query-input":{"@type":"PropertyValueSpecification","valueRequired":true,"valueName":"search_term_string"}}],"inLanguage":"pt-BR"},{"@type":"Organization","@id":"https:\/\/www.estrategiaconcursos.com.br\/blog\/#organization","name":"Estrat\u00e9gia Concursos","url":"https:\/\/www.estrategiaconcursos.com.br\/blog\/","logo":{"@type":"ImageObject","inLanguage":"pt-BR","@id":"https:\/\/www.estrategiaconcursos.com.br\/blog\/#\/schema\/logo\/image\/","url":"https:\/\/dhg1h5j42swfq.cloudfront.net\/2025\/06\/03203428\/logo_concursos-1.jpg","contentUrl":"https:\/\/dhg1h5j42swfq.cloudfront.net\/2025\/06\/03203428\/logo_concursos-1.jpg","width":230,"height":60,"caption":"Estrat\u00e9gia Concursos"},"image":{"@id":"https:\/\/www.estrategiaconcursos.com.br\/blog\/#\/schema\/logo\/image\/"},"sameAs":["https:\/\/x.com\/EstratConcursos"]},{"@type":"Person","@id":"https:\/\/www.estrategiaconcursos.com.br\/blog\/#\/schema\/person\/e75352021ea7f60781c599934f916eb1","name":"Rafaela Teixeira","image":{"@type":"ImageObject","inLanguage":"pt-BR","@id":"https:\/\/secure.gravatar.com\/avatar\/8a349a2b22039b1ee88fc06461487c950fd6aa411ea8af8633314b43334ae793?s=96&d=mm&r=g","url":"https:\/\/secure.gravatar.com\/avatar\/8a349a2b22039b1ee88fc06461487c950fd6aa411ea8af8633314b43334ae793?s=96&d=mm&r=g","contentUrl":"https:\/\/secure.gravatar.com\/avatar\/8a349a2b22039b1ee88fc06461487c950fd6aa411ea8af8633314b43334ae793?s=96&d=mm&r=g","caption":"Rafaela Teixeira"},"description":"Rafaela Teixeira \u00e9 advogada conveniada \u00e0 Defensoria P\u00fablica de S\u00e3o Paulo pela OAB, com experi\u00eancia em reda\u00e7\u00e3o jur\u00eddica e atua\u00e7\u00e3o em institui\u00e7\u00f5es p\u00fablicas, incluindo est\u00e1gio no TRE-SP. Possui mais de 7 anos de experi\u00eancia na produ\u00e7\u00e3o de conte\u00fados voltados ao nicho de concursos p\u00fablicos, com foco em apura\u00e7\u00e3o jornal\u00edstica cont\u00ednua, an\u00e1lise de editais e obten\u00e7\u00e3o de informa\u00e7\u00f5es diretamente junto a \u00f3rg\u00e3os e fontes oficiais. No Blog do Estrat\u00e9gia Concursos, atua como Analista de Conte\u00fado S\u00eanior, respons\u00e1vel pelo jornalismo do per\u00edodo noturno e da madrugada, com atua\u00e7\u00e3o transversal na cobertura de concursos p\u00fablicos, garantindo a continuidade, fluidez e confiabilidade das publica\u00e7\u00f5es e dos bastidores dos certames.","url":"https:\/\/www.estrategiaconcursos.com.br\/blog\/author\/rafaela-teixeira\/"}]}},"_links":{"self":[{"href":"https:\/\/www.estrategiaconcursos.com.br\/blog\/wp-json\/wp\/v2\/posts\/35345","targetHints":{"allow":["GET"]}}],"collection":[{"href":"https:\/\/www.estrategiaconcursos.com.br\/blog\/wp-json\/wp\/v2\/posts"}],"about":[{"href":"https:\/\/www.estrategiaconcursos.com.br\/blog\/wp-json\/wp\/v2\/types\/post"}],"author":[{"embeddable":true,"href":"https:\/\/www.estrategiaconcursos.com.br\/blog\/wp-json\/wp\/v2\/users\/2134"}],"replies":[{"embeddable":true,"href":"https:\/\/www.estrategiaconcursos.com.br\/blog\/wp-json\/wp\/v2\/comments?post=35345"}],"version-history":[{"count":189,"href":"https:\/\/www.estrategiaconcursos.com.br\/blog\/wp-json\/wp\/v2\/posts\/35345\/revisions"}],"predecessor-version":[{"id":1711080,"href":"https:\/\/www.estrategiaconcursos.com.br\/blog\/wp-json\/wp\/v2\/posts\/35345\/revisions\/1711080"}],"wp:featuredmedia":[{"embeddable":true,"href":"https:\/\/www.estrategiaconcursos.com.br\/blog\/wp-json\/wp\/v2\/media\/1276114"}],"wp:attachment":[{"href":"https:\/\/www.estrategiaconcursos.com.br\/blog\/wp-json\/wp\/v2\/media?parent=35345"}],"wp:term":[{"taxonomy":"category","embeddable":true,"href":"https:\/\/www.estrategiaconcursos.com.br\/blog\/wp-json\/wp\/v2\/categories?post=35345"},{"taxonomy":"post_tag","embeddable":true,"href":"https:\/\/www.estrategiaconcursos.com.br\/blog\/wp-json\/wp\/v2\/tags?post=35345"},{"taxonomy":"tax_estado","embeddable":true,"href":"https:\/\/www.estrategiaconcursos.com.br\/blog\/wp-json\/wp\/v2\/tax_estado?post=35345"}],"curies":[{"name":"wp","href":"https:\/\/api.w.org\/{rel}","templated":true}]}}