{"id":35255,"date":"2026-04-09T13:00:59","date_gmt":"2026-04-09T16:00:59","guid":{"rendered":"http:\/\/www.estrategiaconcursos.com.br\/blog\/?p=35255"},"modified":"2026-04-09T13:01:02","modified_gmt":"2026-04-09T16:01:02","slug":"concurso-tj-rs","status":"publish","type":"post","link":"https:\/\/www.estrategiaconcursos.com.br\/blog\/concurso-tj-rs\/","title":{"rendered":"Concurso TJ RS: comiss\u00e3o formada para novo edital de Analista"},"content":{"rendered":"\n<p style=\"font-size:clamp(15.197px, 0.95rem + ((1vw - 3.2px) * 0.765), 23px);\"><strong><em>J\u00e1 os Editais do Concurso TJ RS para Analista e T\u00e9cnico est\u00e3o com os resultados preliminares da prova objetiva divulgados. Confira o andamento!<\/em><\/strong><\/p>\n\n\n<p><center><a id=\"cta-icon\" href=\"https:\/\/sndflw.com\/i\/tj-rs-grupo\" target=\"_blank\" style=\"background:#29a61a; display:inline-flex; align-items:center; padding:10px 15px; border-radius:6px; color:#fff; text-decoration:none; font-weight:500; font-size:15px;\"><img decoding=\"async\" src=\"https:\/\/dhg1h5j42swfq.cloudfront.net\/2023\/12\/07154107\/whatsapp_13851.png\" alt=\"\" style=\"width:20px; height:20px; margin-right:8px;\"><span>Acesse agora o Grupo de Estudos para o Concurso TJ RS<\/span><\/a><\/center><\/p>\n\n\n\n<p id=\"block-36e05328-4d50-4aed-b9d3-09fb1047ee65\">O <strong><a href=\"https:\/\/www.estrategiaconcursos.com.br\/cursosPorConcurso\/tribunal-de-justica-do-rio-grande-do-sul-tj-rs\/\" target=\"_blank\" rel=\"noreferrer noopener\">Tribunal de Justi\u00e7a do Rio Grande do Sul<\/a> (TJ RS)<\/strong> ter\u00e1 novo edital de concurso p\u00fablico e j\u00e1 est\u00e1 com comiss\u00e3o formada. As oportunidades ser\u00e3o para<strong> Analista do Poder Judici\u00e1rio<\/strong> &#8211; \u00c1rea de Apoio Especializado nas \u00e1reas de:<\/p>\n\n\n\n<ul class=\"wp-block-list\">\n<li>Arquitetura,<\/li>\n\n\n\n<li>Engenharia Civil, <\/li>\n\n\n\n<li>Engenharia El\u00e9trica, <\/li>\n\n\n\n<li>Engenharia Mec\u00e2nica, <\/li>\n\n\n\n<li>Jornalismo, <\/li>\n\n\n\n<li>Publicidade e Propaganda, <\/li>\n\n\n\n<li>Rela\u00e7\u00f5es P\u00fablicas, <\/li>\n\n\n\n<li>Pedagogia, <\/li>\n\n\n\n<li>Psicologia e Servi\u00e7o Social.<\/li>\n<\/ul>\n\n\n\n<ul class=\"wp-block-list has-very-light-gray-to-cyan-bluish-gray-gradient-background has-background\">\n<li><strong>Concurso TJ RS &#8211; Analista &#8211; \u00c1rea de Apoio<\/strong><\/li>\n\n\n\n<li><strong>Status:<\/strong> comiss\u00e3o formada <\/li>\n\n\n\n<li><strong>Banca:<\/strong> a definir <\/li>\n\n\n\n<li><strong>Vagas:<\/strong> a definir <\/li>\n\n\n\n<li><strong>Sal\u00e1rio inicial:<\/strong> R$ 4.843,63 a R$ 9.226,01 [\u00faltimo edital] <\/li>\n\n\n\n<li><strong>\u00daltimo edital:<\/strong> <a href=\"https:\/\/dhg1h5j42swfq.cloudfront.net\/2025\/08\/22213223\/edital-tj-rs.pdf\" target=\"_blank\" rel=\"noreferrer noopener nofollow\">TJ RS 2025<\/a><\/li>\n<\/ul>\n\n\n\n<p>Al\u00e9m disso, h\u00e1 edital vigente e com resultado definitivo da prova objetiva divulgado. Veja o documento abaixo:<\/p>\n\n\n\n<ul class=\"wp-block-list\">\n<li><a href=\"https:\/\/dhg1h5j42swfq.cloudfront.net\/2026\/03\/02215912\/combined-pdf-edital-definitivo-objetiva.pdf\" target=\"_blank\" rel=\"noreferrer noopener nofollow\">Resultado final da prova objetiva<\/a><\/li>\n<\/ul>\n\n\n\n<p>As vagas s\u00e3o para as fun\u00e7\u00f5es de <strong>T\u00e9cnico<\/strong> (\u00e1rea Administrativo-judici\u00e1ria) e <strong>Analista<\/strong> (\u00e1reas Administrativa e Judici\u00e1ria), de n\u00edveis m\u00e9dio e superior de forma\u00e7\u00e3o. Os sal\u00e1rios v\u00e3o de <strong>R$ 4.843,63 a R$ 9.226,01<\/strong>.<\/p>\n\n\n\n<p>Comece navegando pela aba &#8216;situa\u00e7\u00e3o atual&#8217; disposta no \u00edndice abaixo!<\/p>\n\n\n\n<ul class=\"wp-block-list has-very-light-gray-to-cyan-bluish-gray-gradient-background has-background\">\n<li><strong>Concurso TJ RS &#8211; Analista e T\u00e9cnico<\/strong><\/li>\n\n\n\n<li><strong>Status:<\/strong> resultado da objetiva<\/li>\n\n\n\n<li><strong>Banca:<\/strong> <a href=\"https:\/\/conhecimento.fgv.br\/concursos\/tjrs25\" target=\"_blank\" rel=\"noreferrer noopener\">FGV<\/a><\/li>\n\n\n\n<li><strong>Vagas:<\/strong> CR<\/li>\n\n\n\n<li><strong>Sal\u00e1rio inicial:<\/strong> R$ 4.843,63 a R$ 9.226,01<\/li>\n\n\n\n<li><strong>Edital:<\/strong> <a href=\"https:\/\/dhg1h5j42swfq.cloudfront.net\/2025\/08\/22213223\/edital-tj-rs.pdf\" target=\"_blank\" rel=\"noreferrer noopener nofollow\">TJ RS 2025<\/a><\/li>\n<\/ul>\n\n\n\n<div class=\"container\" id=\"boxes\">\n  <div class=\"row\">\n\n    <div class=\"col-sm\">\n      <div class=\"banner-tribunal\" id=\"box-assinatura\">\n        <h3 class=\"titulo-assinatura\">Curso TJ RS<\/h3>\n        <p class=\"subtitulo-assinatura\">Conhe\u00e7a os cursos<\/p>\n        <div class=\"box-botao\">\n          <a class=\"btn-assinatura\" target=\"_blank\" href=\"https:\/\/www.estrategiaconcursos.com.br\/cursosPorConcurso\/tribunal-de-justica-do-rio-grande-do-sul-tj-rs\/\" role=\"button\" rel=\"noopener noreferrer\">Conhe\u00e7a mais<\/a>\n        <\/div>\n      <\/div>\n    \n    <\/div>\n\n  <\/div>\n<\/div>\n\n\n\n<ul class=\"wp-block-list\">\n<li><a href=\"#atual\"><strong>Situa\u00e7\u00e3o atual do concurso<\/strong><\/a>\n<ul class=\"wp-block-list\">\n<li><strong><a href=\"#comisao-formada\">Comiss\u00e3o formada<\/a> para novo concurso 2026<\/strong><\/li>\n<\/ul>\n<\/li>\n\n\n\n<li><a href=\"#h-concurso-tj-rs-vigente-2025\"><strong>Concurso TJ RS 2025 &#8211; vigente<\/strong><\/a>\n<ul class=\"wp-block-list\">\n<li><strong><a href=\"#datas\">Resultados<\/a><\/strong><\/li>\n\n\n\n<li><a href=\"#h-inscritos\"><strong>Inscritos<\/strong><\/a><\/li>\n\n\n\n<li><strong><a href=\"#cargos\">Cargos e vagas<\/a><\/strong><\/li>\n\n\n\n<li><strong><a href=\"#cargos\">Etapas e provas<\/a><\/strong><\/li>\n<\/ul>\n<\/li>\n\n\n\n<li><strong><a href=\"#h-concurso-tj-rs-carreira\">Carreira<\/a><\/strong>\n<ul class=\"wp-block-list\">\n<li><a href=\"#cargos-vagos\"><strong>Cargos vagos<\/strong><\/a><\/li>\n\n\n\n<li><strong><a href=\"#h-estrutura-remuneratoria\">Estrutura remunerat\u00f3ria<\/a><\/strong><\/li>\n\n\n\n<li><a href=\"#h-beneficios\"><strong>Benef\u00edcios<\/strong><\/a><\/li>\n<\/ul>\n<\/li>\n\n\n\n<li><strong><a href=\"#h-edital-ti\">Edital TI<\/a><\/strong>\n<ul class=\"wp-block-list\">\n<li><strong><a href=\"#h-resultado-final-ti\">Resultado final<\/a><\/strong><\/li>\n\n\n\n<li><strong><a href=\"#cargos-e-vagas-ti\">Cargos e vagas TI<\/a><\/strong><\/li>\n\n\n\n<li><strong><a href=\"#etapas-e-provas-ti\">Etapas e provas TI<\/a><\/strong><\/li>\n<\/ul>\n<\/li>\n\n\n\n<li><strong><a href=\"#proximo-edital-tj-rs\" target=\"_blank\" rel=\"noreferrer noopener\">Oficial de Justi\u00e7a (PJ-H) e Assistente Social<\/a><\/strong><ul><li><a href=\"#homologado\"><strong>Resultado homologado<\/strong><\/a><\/li><li><strong><a href=\"#cargos-vagas-proximo\">Cargos, vagas e remunera\u00e7\u00f5es<\/a> <\/strong><\/li><\/ul>\n<ul class=\"wp-block-list\">\n<li><strong><a href=\"#prova\">Etapas de provas <\/a><\/strong><\/li>\n<\/ul>\n<\/li>\n\n\n\n<li><strong><a href=\"#edital-engenharia\">Engenharia Civil e T\u00e9cnico em Inform\u00e1tica (M)<\/a> <\/strong>\n<ul class=\"wp-block-list\">\n<li><strong><a href=\"#vagas\">Cargos, vagas e remunera\u00e7\u00f5es<\/a><\/strong><\/li>\n\n\n\n<li><strong><a href=\"#atribuicoes\">Requisitos e atribui\u00e7\u00f5es dos cargos<\/a><\/strong><\/li>\n\n\n\n<li><strong><a href=\"#fases\">Etapas do concurso<\/a><\/strong><\/li>\n<\/ul>\n<\/li>\n\n\n\n<li><strong><a href=\"#concurso-tj-rts-oficial-de-justica\">Oficial de Justi\u00e7a (O)<\/a><\/strong>\n\n\n\n\n\n\n\n\n\n\n\n\n\n\n\n\n\n\n\n\n\n\n\n\n\n\n\n\n\n\n\n\n\n\n\n\n\n\n\n\n\n\n\n\n\n\n\n\n\n\n\n\n\n\n\n\n\n\n\n\n\n\n\n\n\n\n\n\n\n\n\n\n\n\n\n\n\n\n\n\n\n\n\n\n\n\n\n\n\n\n\n\n\n\n\n\n\n\n\n\n\n\n\n\n\n\n\n\n\n\n\n\n\n\n\n\n\n\n\n\n\n\n\n\n\n\n<ul class=\"wp-block-list\">\n<li><strong><a href=\"#cargos\">Cargos, vagas e remunera\u00e7\u00f5es<\/a><\/strong><\/li>\n\n\n\n<li><strong><a href=\"#requisitos\">Requisitos e atribui\u00e7\u00f5es do cargo<\/a><\/strong><\/li>\n\n\n\n<li><strong><a href=\"#remuneracao\">Benef\u00edcios e carga hor\u00e1ria<\/a><\/strong><\/li>\n<\/ul>\n\n\n\n<ul class=\"wp-block-list\">\n<li><strong><a href=\"#provas-concurso\">Etapas do concurso<\/a><\/strong><\/li>\n<\/ul>\n<\/li>\n\n\n\n<li><strong><a href=\"#edital-estrategico-tj-rs\">Edital Estrat\u00e9gico<\/a><\/strong><\/li>\n\n\n\n<li><a href=\"#guia-de-edtudos\"><strong>Guia de estudos<\/strong><\/a><\/li>\n\n\n\n<li><strong><a href=\"#cursos-assinatura\">Cursos e Assinaturas<\/a><\/strong><\/li>\n\n\n\n<li><strong><a href=\"#ficha-tecnica\">Ficha t\u00e9cnica<\/a><\/strong><\/li>\n<\/ul>\n\n\n\n<p class=\"has-text-align-center\"><em>Se voc\u00ea tem interesse em alguma de todas essas oportunidades, conhe\u00e7a nosso <strong>curso exclusivo e totalmente voltado ao \u00f3rg\u00e3o e suas carreiras<\/strong>, sabendo que as <strong>aprova\u00e7\u00f5es dos alunos Estrat\u00e9gia<\/strong> em <a href=\"https:\/\/www.estrategiaconcursos.com.br\/blog\/concursos-tribunais-2022\/\" target=\"_blank\" rel=\"noreferrer noopener\">concursos tribunais<\/a> <strong>atingem \u00edndices pr\u00f3ximos de 70%<\/strong>. Confira!<\/em><\/p>\n\n\n\n<h2 class=\"wp-block-heading\" id=\"atual\">Concurso TJ RS: situa\u00e7\u00e3o atual<\/h2>\n\n\n\n<p>Veja as informa\u00e7\u00f5es mais recentes do Concurso TJ RS:<\/p>\n\n\n\n<h3 class=\"wp-block-heading\" id=\"h-comissao-formada-para-novo-concurso-tj-rs-2026\">Comiss\u00e3o formada para novo Concurso TJ RS 2026<\/h3>\n\n\n\n<p>No dia 19 de dezembro de 2025 foi publicado no Di\u00e1rio de Justi\u00e7a Eletr\u00f4nico a forma\u00e7\u00e3o da <a href=\"https:\/\/www.estrategiaconcursos.com.br\/blog\/concurso-tj-rs-2025-comissao-formada\/\" target=\"_blank\" rel=\"noreferrer noopener\">comiss\u00e3o organizadora do pr\u00f3ximo Concurso TJ RS<\/a>:<\/p>\n\n\n\n<figure class=\"wp-block-image size-large\"><img loading=\"lazy\" decoding=\"async\" width=\"1024\" height=\"397\" src=\"https:\/\/dhg1h5j42swfq.cloudfront.net\/2025\/12\/20084458\/065a2fb2-fe6c-4e0b-bcc0-afc8a40a009c-1024x397.png\" alt=\"Comiss\u00e3o organizadora do pr\u00f3ximo Concurso TJ RS\" class=\"wp-image-1689166\" srcset=\"https:\/\/dhg1h5j42swfq.cloudfront.net\/2025\/12\/20084458\/065a2fb2-fe6c-4e0b-bcc0-afc8a40a009c-1024x397.png 1024w, https:\/\/dhg1h5j42swfq.cloudfront.net\/2025\/12\/20084458\/065a2fb2-fe6c-4e0b-bcc0-afc8a40a009c-300x116.png 300w, https:\/\/dhg1h5j42swfq.cloudfront.net\/2025\/12\/20084458\/065a2fb2-fe6c-4e0b-bcc0-afc8a40a009c-768x298.png 768w, https:\/\/dhg1h5j42swfq.cloudfront.net\/2025\/12\/20084458\/065a2fb2-fe6c-4e0b-bcc0-afc8a40a009c-150x58.png 150w, https:\/\/dhg1h5j42swfq.cloudfront.net\/2025\/12\/20084458\/065a2fb2-fe6c-4e0b-bcc0-afc8a40a009c.png 1268w\" sizes=\"auto, (max-width: 1024px) 100vw, 1024px\" \/><\/figure>\n\n\n\n<h2 class=\"wp-block-heading\" id=\"h-concurso-tj-rs-edital-2025-vigente\">Concurso TJ RS &#8211; edital 2025 (vigente)<\/h2>\n\n\n\n<h3 class=\"wp-block-heading\" id=\"h-resultados\">Resultados<\/h3>\n\n\n\n<p>Veja as informa\u00e7\u00f5es mais importantes do Concurso TJ RS:<\/p>\n\n\n\n<ul class=\"wp-block-list\">\n<li><a href=\"https:\/\/dhg1h5j42swfq.cloudfront.net\/2025\/11\/25010228\/tjrs-tjrs-edital-gabarito-preliminar-analista_slljsksandlasih.pdf\" target=\"_blank\" rel=\"noreferrer noopener nofollow\">Gabaritos para Analista<\/a>;<\/li>\n\n\n\n<li><a href=\"https:\/\/conhecimento.fgv.br\/sites\/default\/files\/concursos\/tjrs-edital-gabarito-preliminar-tecnico-retificado.pdf\" target=\"_blank\" rel=\"noreferrer noopener nofollow\">Gabaritos para T\u00e9cnico<\/a>;<\/li>\n\n\n\n<li><a href=\"https:\/\/dhg1h5j42swfq.cloudfront.net\/2026\/02\/06010345\/tjrs-edital-resultado-preliminar-prova-objetiva.pdf\" target=\"_blank\" rel=\"noreferrer noopener nofollow\">Resultado da prova objetiva<\/a>.<\/li>\n<\/ul>\n\n\n\n<h3 class=\"wp-block-heading\" id=\"h-inscritos\">Inscritos<\/h3>\n\n\n\n<p>Foram registradas mais de 45 mil inscri\u00e7\u00f5es no concurso, sendo:<\/p>\n\n\n\n<ul class=\"wp-block-list\">\n<li>T\u00e9cnico do Poder Judici\u00e1rio (\u00e1rea Administrativo-judici\u00e1ria): 28.454;<\/li>\n\n\n\n<li>Analista da \u00c1rea Judici\u00e1ria: 13.236, e <\/li>\n\n\n\n<li>Analista da \u00c1rea Administrativa: 3.382.<\/li>\n<\/ul>\n\n\n\n<h3 class=\"wp-block-heading\" id=\"cargos\">Cargos e vagas do concurso TJ RS<\/h3>\n\n\n\n<h4 class=\"wp-block-heading\" id=\"block-11a77531-07e3-42eb-b8a5-522206249bdc\">Ensino m\u00e9dio<\/h4>\n\n\n\n<figure class=\"wp-block-table is-style-stripes\"><table class=\"has-fixed-layout\"><thead><tr><th class=\"has-text-align-center\" data-align=\"center\">CARGOS<\/th><th class=\"has-text-align-center\" data-align=\"center\">VAGAS<\/th><th class=\"has-text-align-center\" data-align=\"center\">SAL\u00c1RIO<\/th><\/tr><\/thead><tbody><tr><td class=\"has-text-align-center\" data-align=\"center\"><strong>T\u00e9cnico do Poder Judici\u00e1rio \u2013 \u00c1rea<br \/>Administrativo-judici\u00e1ria <\/strong><\/td><td class=\"has-text-align-center\" data-align=\"center\">CR<\/td><td class=\"has-text-align-center\" data-align=\"center\">R$ 4.843,63 <\/td><\/tr><\/tbody><\/table><\/figure>\n\n\n\n<h4 class=\"wp-block-heading\" id=\"block-87fd863b-ae1e-4623-bc8a-7f0668bc5766\">Curso superior<\/h4>\n\n\n\n<figure class=\"wp-block-table is-style-stripes\"><table class=\"has-fixed-layout\"><thead><tr><th class=\"has-text-align-center\" data-align=\"center\">CARGOS<\/th><th class=\"has-text-align-center\" data-align=\"center\">VAGAS<\/th><th class=\"has-text-align-center\" data-align=\"center\">SAL\u00c1RIO<\/th><\/tr><\/thead><tbody><tr><td class=\"has-text-align-center\" data-align=\"center\"><strong>Analista do Poder Judici\u00e1rio \u2013 \u00c1rea Administrativa<\/strong><\/td><td class=\"has-text-align-center\" data-align=\"center\">CR<\/td><td class=\"has-text-align-center\" data-align=\"center\">R$ 9.226,01<\/td><\/tr><tr><td class=\"has-text-align-center\" data-align=\"center\"><strong>Analista do Poder Judici\u00e1rio \u2013 \u00c1rea Judici\u00e1ria<\/strong><\/td><td class=\"has-text-align-center\" data-align=\"center\">CR<\/td><td class=\"has-text-align-center\" data-align=\"center\">R$ 9.226,01<\/td><\/tr><\/tbody><\/table><\/figure>\n\n\n\n<h3 class=\"wp-block-heading\" id=\"etapas\">Etapas e provas do concurso TJ RS<\/h3>\n\n\n\n<p id=\"block-85757e53-8a71-4336-8568-6db84610df8f\">Os candidatos do concurso TJ RS s\u00e3o avaliados mediante aplica\u00e7\u00e3o de etapa \u00fanica, sendo de prova objetiva, de car\u00e1ter eliminat\u00f3rio e classificat\u00f3rio.<\/p>\n\n\n\n<h4 class=\"wp-block-heading\" id=\"block-a8830966-1cd7-4447-a610-340c263a6e21\">Prova Objetiva<\/h4>\n\n\n\n<p>Com dura\u00e7\u00e3o de 4 horas, a prova objetiva do concurso TJ RS 2025 foi composta por 80 quest\u00f5es de m\u00faltipla escolha, sendo 5 alternativas e apenas uma considerada a correta.<\/p>\n\n\n\n<p><strong>Analista do Poder Judici\u00e1rio &#8211; Administrativa<\/strong><\/p>\n\n\n\n<ul class=\"wp-block-list\">\n<li>L\u00edngua Portuguesa &#8211; 22<\/li>\n\n\n\n<li>T\u00f3picos de Legisla\u00e7\u00e3o &#8211; 10<\/li>\n\n\n\n<li>No\u00e7\u00f5es de An\u00e1lise de Dados e IA &#8211; 12<\/li>\n\n\n\n<li>Administra\u00e7\u00e3o Geral e P\u00fablica &#8211; 10<\/li>\n\n\n\n<li>Administra\u00e7\u00e3o Financeira e Or\u00e7ament\u00e1ria &#8211; 10<\/li>\n\n\n\n<li>Direito Constitucional &#8211; 8<\/li>\n\n\n\n<li>Direito Administrativo &#8211; 8<\/li>\n<\/ul>\n\n\n\n<p><strong>Analista do Poder Judici\u00e1rio &#8211; Judici\u00e1ria<\/strong><\/p>\n\n\n\n<ul class=\"wp-block-list\">\n<li>L\u00edngua Portuguesa &#8211; 22<\/li>\n\n\n\n<li>T\u00f3picos de Legisla\u00e7\u00e3o &#8211; 10<\/li>\n\n\n\n<li>No\u00e7\u00f5es de An\u00e1lise de Dados e IA &#8211; 12<\/li>\n\n\n\n<li>Direito Constitucional &#8211; 8<\/li>\n\n\n\n<li>Direito Administrativo &#8211; 6<\/li>\n\n\n\n<li>Direito Civil e Processual Civil &#8211; 14<\/li>\n\n\n\n<li>Direito Penal e Processual Penal &#8211; 8<\/li>\n<\/ul>\n\n\n\n<p><strong>T\u00e9cnico do Poder Judici\u00e1rio<\/strong><\/p>\n\n\n\n<ul class=\"wp-block-list\">\n<li>L\u00edngua Portuguesa &#8211; 28<\/li>\n\n\n\n<li>Racioc\u00ednio L\u00f3gico &#8211; 24<\/li>\n\n\n\n<li>Legisla\u00e7\u00e3o &#8211; 16<\/li>\n\n\n\n<li>No\u00e7\u00f5es de An\u00e1lise de Dados e IA &#8211; 12<\/li>\n<\/ul>\n\n\n\n<p>Foi considerado aprovado na Prova Objetiva, para os cargos de Analista do Poder Judici\u00e1rio \u2013 \u00c1rea Administrativa e Analista do Poder Judici\u00e1rio \u2013 \u00c1rea Judici\u00e1ria, o candidato que, cumulativamente:<\/p>\n\n\n\n<ul class=\"wp-block-list\">\n<li>acertou, no m\u00ednimo, 13 (treze) quest\u00f5es de L\u00edngua Portuguesa;<\/li>\n\n\n\n<li>acertou, no m\u00ednimo, 06 (seis) quest\u00f5es de T\u00f3picos de Legisla\u00e7\u00e3o;<\/li>\n\n\n\n<li>acertou, no m\u00ednimo, 07 (sete) quest\u00f5es de No\u00e7\u00f5es de an\u00e1lise de dados e IA ;<\/li>\n\n\n\n<li>acertou, no m\u00ednimo, 22 (vinte e duas) quest\u00f5es do M\u00f3dulo de Conhecimentos Espec\u00edficos;<\/li>\n\n\n\n<li>acertou, no m\u00ednimo, 48 (quarenta e oito) quest\u00f5es do total da Prova Objetiva.<\/li>\n<\/ul>\n\n\n\n<p>Em rela\u00e7\u00e3o aos candidatos enquadrados como pessoa com defici\u00eancia, ind\u00edgenas e negros, foram considerados aprovados os candidatos que alcan\u00e7arem pontua\u00e7\u00e3o 20% inferior \u00e0 nota m\u00ednima estabelecida para aprova\u00e7\u00e3o dos candidatos da ampla concorr\u00eancia:<\/p>\n\n\n\n<ul class=\"wp-block-list\">\n<li>acertou, no m\u00ednimo, 10 (dez) quest\u00f5es de L\u00edngua Portuguesa;<\/li>\n\n\n\n<li>acertou, no m\u00ednimo, 04 (quatro) quest\u00f5es de T\u00f3picos de Legisla\u00e7\u00e3o;<\/li>\n\n\n\n<li>acertou, no m\u00ednimo, 05 (cinco) quest\u00f5es de No\u00e7\u00f5es de an\u00e1lise de dados e IA;<\/li>\n\n\n\n<li>acertou, no m\u00ednimo, 17 (dezessete) quest\u00f5es do M\u00f3dulo de Conhecimentos Espec\u00edficos;<\/li>\n\n\n\n<li>acertou, no m\u00ednimo, 38 (trinta e oito) quest\u00f5es do total da Prova Objetiva.<\/li>\n<\/ul>\n\n\n\n<p>Para o cargo de T\u00e9cnico do Poder Judici\u00e1rio \u2013 \u00c1rea administrativo-judici\u00e1ria, conforme o edital TJ RS 2025, o candidato que, cumulativamente:<\/p>\n\n\n\n<ul class=\"wp-block-list\">\n<li>acertou, no m\u00ednimo, 17 (dezessete) quest\u00f5es de L\u00edngua Portuguesa;<\/li>\n\n\n\n<li>acertou, no m\u00ednimo, 14 (quatorze) quest\u00f5es de Racioc\u00ednio L\u00f3gico;<\/li>\n\n\n\n<li>acertou, no m\u00ednimo, 10 (dez)quest\u00f5es de Legisla\u00e7\u00e3o;<\/li>\n\n\n\n<li>acertou, no m\u00ednimo, 07 (sete) quest\u00f5es de No\u00e7\u00f5es de an\u00e1lise de dados e IA ;<\/li>\n\n\n\n<li>acertou, no m\u00ednimo, 48 (quarenta e oito) quest\u00f5es do total da Prova Objetiva.<\/li>\n<\/ul>\n\n\n\n<p>Em rela\u00e7\u00e3o aos candidatos enquadrados como pessoa com defici\u00eancia, ind\u00edgenas e negros, foram considerados aprovados os candidatos que alcan\u00e7arem pontua\u00e7\u00e3o 20% inferior \u00e0 nota m\u00ednima estabelecida para aprova\u00e7\u00e3o dos candidatos da ampla concorr\u00eancia:<\/p>\n\n\n\n<ul class=\"wp-block-list\">\n<li>acertou, no m\u00ednimo, 13 (treze) quest\u00f5es de L\u00edngua Portuguesa;<\/li>\n\n\n\n<li>acertou, no m\u00ednimo, 11 (onze) quest\u00f5es de Racioc\u00ednio L\u00f3gico;<\/li>\n\n\n\n<li>acertou, no m\u00ednimo, 08 (oito) quest\u00f5es de Legisla\u00e7\u00e3o;<\/li>\n\n\n\n<li>acertou, no m\u00ednimo, 05 (cinco) quest\u00f5es de No\u00e7\u00f5es de an\u00e1lise de dados e IA;<\/li>\n\n\n\n<li>acertou, no m\u00ednimo, 38 (trinta e oito) quest\u00f5es do total da Prova Objetiva.<\/li>\n<\/ul>\n\n\n\n<h2 class=\"wp-block-heading\" id=\"h-carreira-no-tj-rs\">Carreira no TJ RS<\/h2>\n\n\n\n<h3 class=\"wp-block-heading\" id=\"h-cargos-vagos\">Cargos vagos<\/h3>\n\n\n\n<p>Segundo dados dispon\u00edveis no <a href=\"https:\/\/www.tjrs.jus.br\/novo\/institucional\/transparencia\/transparencia-e-prestacao-de-contas\/gestao-de-pessoas\/quantitativo-de-cargos-efetivos\/\" target=\"_blank\" rel=\"noreferrer noopener nofollow\">Portal da Transpar\u00eancia<\/a> do <strong>TJ RS<\/strong>, com refer\u00eancia em novembro de 2025, existem 1.056 cargos vagos. Confira abaixo os cargos com maior vac\u00e2ncia:<\/p>\n\n\n\n<figure class=\"wp-block-table is-style-stripes\"><table class=\"has-cyan-bluish-gray-background-color has-background\"><thead><tr><th class=\"has-text-align-center\" data-align=\"center\">CARGOS<\/th><th class=\"has-text-align-center\" data-align=\"center\">VAC\u00c2NCIAS<\/th><\/tr><\/thead><tbody><tr><td class=\"has-text-align-center\" data-align=\"center\">Agente de Pol\u00edcia Judicial<\/td><td class=\"has-text-align-center\" data-align=\"center\">55<\/td><\/tr><tr><td class=\"has-text-align-center\" data-align=\"center\">Analista  Judici\u00e1rio- Tecnologia da Informa\u00e7\u00e3o <\/td><td class=\"has-text-align-center\" data-align=\"center\">32<\/td><\/tr><tr><td class=\"has-text-align-center\" data-align=\"center\">Analista do Poder Judici\u00e1rio<\/td><td class=\"has-text-align-center\" data-align=\"center\">377<\/td><\/tr><tr><td class=\"has-text-align-center\" data-align=\"center\">Oficial de Justi\u00e7a Estadual<\/td><td class=\"has-text-align-center\" data-align=\"center\">224<\/td><\/tr><tr><td class=\"has-text-align-center\" data-align=\"center\">Oficial Superior Judici\u00e1rio<\/td><td class=\"has-text-align-center\" data-align=\"center\">74<\/td><\/tr><tr><td class=\"has-text-align-center\" data-align=\"center\">T\u00e9cnico de Tecnologia da Informa\u00e7\u00e3o<\/td><td class=\"has-text-align-center\" data-align=\"center\">23<\/td><\/tr><tr><td class=\"has-text-align-center\" data-align=\"center\">T\u00e9cnico do Poder Judici\u00e1rio<\/td><td class=\"has-text-align-center\" data-align=\"center\">251<\/td><\/tr><\/tbody><\/table><figcaption class=\"wp-element-caption\">Cargos vagos no TJ RS<\/figcaption><\/figure>\n\n\n\n<h3 class=\"wp-block-heading\" id=\"h-estrutura-remuneratoria\">Estrutura Remunerat\u00f3ria<\/h3>\n\n\n\n<p>A <a href=\"https:\/\/www.tjrs.jus.br\/static\/2025\/06\/2025-06-estrutura-remuneratoria-do-cargos-efetivos.pdf\" target=\"_blank\" rel=\"noreferrer noopener nofollow\">remunera\u00e7\u00e3o dos servidores <\/a>do \u00f3rg\u00e3o \u00e9 composta pelo vencimento b\u00e1sico, e pode ser acrescida de gratifica\u00e7\u00f5es e benef\u00edcios conforme a <a href=\"https:\/\/www.al.rs.gov.br\/filerepository\/repLegis\/arquivos\/LEI%2015.737.pdf\" target=\"_blank\" rel=\"noreferrer noopener nofollow\">Lei N\u00ba 15.737<\/a>, de 30 de novembro de 2021.<\/p>\n\n\n\n<p>Confira a tabela de remunera\u00e7\u00f5es abaixo de acordo com o \u00faltimo levantamento realizado, em junho de 2025, e coletadas atrav\u00e9s do Portal da Transpar\u00eancia do TJ RS:<\/p>\n\n\n\n<figure class=\"wp-block-table is-style-stripes\"><table class=\"has-cyan-bluish-gray-background-color has-background has-fixed-layout\"><thead><tr><th class=\"has-text-align-center\" data-align=\"center\">Cargo<\/th><th class=\"has-text-align-center\" data-align=\"center\">Remunera\u00e7\u00e3o inicial<\/th><th class=\"has-text-align-center\" data-align=\"center\">Remunera\u00e7\u00e3o final<\/th><\/tr><\/thead><tbody><tr><td class=\"has-text-align-center\" data-align=\"center\">Analista do Poder Judici\u00e1rio<\/td><td class=\"has-text-align-center\" data-align=\"center\">R$ 9.226,01<\/td><td class=\"has-text-align-center\" data-align=\"center\">R$ 17.277,79<\/td><\/tr><tr><td class=\"has-text-align-center\" data-align=\"center\">T\u00e9cnico do Poder Judici\u00e1rio<\/td><td class=\"has-text-align-center\" data-align=\"center\">R$ 4.843,63<\/td><td class=\"has-text-align-center\" data-align=\"center\">R$ 9.067,25<\/td><\/tr><tr><td class=\"has-text-align-center\" data-align=\"center\">Agente de Pol\u00edcia Judicial<\/td><td class=\"has-text-align-center\" data-align=\"center\">R$ 4.680,52<\/td><td class=\"has-text-align-center\" data-align=\"center\">R$ 8.902,87<\/td><\/tr><tr><td class=\"has-text-align-center\" data-align=\"center\">Analista Judici\u00e1rio- Tecnologia da Informa\u00e7\u00e3o<\/td><td class=\"has-text-align-center\" data-align=\"center\">R$ 12.142,00<\/td><td class=\"has-text-align-center\" data-align=\"center\">R$ 17.277,79<\/td><\/tr><tr><td class=\"has-text-align-center\" data-align=\"center\">Oficial de Justi\u00e7a Estadual<\/td><td class=\"has-text-align-center\" data-align=\"center\">R$ 7.982,58<\/td><td class=\"has-text-align-center\" data-align=\"center\">R$ 13.089,11<\/td><\/tr><tr><td class=\"has-text-align-center\" data-align=\"center\">Oficial Superior Judici\u00e1rio<\/td><td class=\"has-text-align-center\" data-align=\"center\">R$ 5.913,03<\/td><td class=\"has-text-align-center\" data-align=\"center\">R$ 14.803,81<\/td><\/tr><tr><td class=\"has-text-align-center\" data-align=\"center\">T\u00e9cnico de Tecnologia da Informa\u00e7\u00e3o<\/td><td class=\"has-text-align-center\" data-align=\"center\">R$ 5.913,02<\/td><td class=\"has-text-align-center\" data-align=\"center\">R$ 9.067,25<\/td><\/tr><\/tbody><\/table><figcaption class=\"wp-element-caption\">Tabela de remunera\u00e7\u00e3o.<\/figcaption><\/figure>\n\n\n\n<h3 class=\"wp-block-heading\" id=\"h-beneficios\">Benef\u00edcios<\/h3>\n\n\n\n<p>Os servidores fazem jus aos benef\u00edcios abaixo:<\/p>\n\n\n\n<ul class=\"wp-block-list\">\n<li>AUX\u00cdLIO-REFEI\u00c7\u00c3O (Servidores) &#8211; 1.960,26;<\/li>\n\n\n\n<li>AUX\u00cdLIO CRECHE\/BAB\u00c1 TURNO INTEGRAL &#8211; 898,27;<\/li>\n\n\n\n<li>AUX\u00cdLIO CRECHE\/BAB\u00c1 MEIO TURNO &#8211; 598,85;<\/li>\n\n\n\n<li>AUX\u00cdLIO PR\u00c9-ESCOLAR TURNO INTEGRAL &#8211; 898,27;<\/li>\n\n\n\n<li>AUX\u00cdLIO PR\u00c9-ESCOLAR MEIO TURNO &#8211; ;598,85<\/li>\n\n\n\n<li>AUX\u00cdLIO-TRANSPORTE\u00b2 &#8211; valor m\u00e1ximo 220,80;<\/li>\n\n\n\n<li>ASSIST\u00caNCIA M\u00c9DICA E ODONTOL\u00d3GICA &#8211; PARTICIPA\u00c7\u00c3O DO \u00d3RG\u00c3O &#8211; valor m\u00e1ximo 5.638,48.<\/li>\n<\/ul>\n\n\n\n<h3 class=\"wp-block-heading\" id=\"h-requisitos-dos-cargos\">Requisitos dos cargos<\/h3>\n\n\n\n<p><strong>Analista Judici\u00e1rio &#8211; \u00c1rea Judici\u00e1ria<\/strong> &#8211; Diploma ou certificado, devidamente registrado, de curso de Gradua\u00e7\u00e3o em Ci\u00eancias Jur\u00eddicas e Sociais, reconhecido pelo Minist\u00e9rio da Educa\u00e7\u00e3o (MEC).<\/p>\n\n\n\n<p><strong>Analista Judici\u00e1rio &#8211; \u00c1rea Administrativa <\/strong>&#8211; Diploma ou certificado, devidamente registrado, em um dos seguintes cursos de Gradua\u00e7\u00e3o: Administra\u00e7\u00e3o, Ci\u00eancias Cont\u00e1beis, Ci\u00eancias Jur\u00eddicas e Sociais ou Economia, reconhecido pelo Minist\u00e9rio da Educa\u00e7\u00e3o (MEC).<\/p>\n\n\n\n<p><strong>T\u00e9cnico Judici\u00e1rio<\/strong> &#8211; Diploma ou certificado, devidamente registrado, de curso de N\u00edvel M\u00e9dio ou equivalente.<\/p>\n\n\n\n<h2 class=\"wp-block-heading\" id=\"h-concurso-tj-rs-edital-ti-2023\">Concurso TJ RS: edital TI &#8211; 2023<\/h2>\n\n\n\n<h3 class=\"wp-block-heading\" id=\"h-resultado-final\">Resultado final <\/h3>\n\n\n\n<p>O edital foi homologado em 2024 e <a href=\"https:\/\/dhg1h5j42swfq.cloudfront.net\/2025\/10\/30211316\/captura-de-tela-2025-10-30-as-21-12-17.png\" target=\"_blank\" rel=\"noreferrer noopener nofollow\">prorrogado em 30 de outubro de 2025.<\/a><\/p>\n\n\n\n<p>E o <a href=\"https:\/\/dhg1h5j42swfq.cloudfront.net\/2024\/03\/08183444\/tj-rs-classificaac2a7ao-fianl.pdf\" target=\"_blank\" rel=\"noreferrer noopener nofollow\">resultado e a classifica\u00e7\u00e3o final<\/a> do concurso com vagas para a \u00e1rea de Tecnologia tamb\u00e9m est\u00e3o dispon\u00edveis.<\/p>\n\n\n\n<h3 class=\"wp-block-heading\" id=\"h-cargos-e-vagas\">Cargos e vagas<\/h3>\n\n\n\n<figure class=\"wp-block-table is-style-stripes\"><table class=\"has-very-light-gray-to-cyan-bluish-gray-gradient-background has-background\"><thead><tr><th class=\"has-text-align-center\" data-align=\"center\">CARGOS<\/th><th class=\"has-text-align-center\" data-align=\"center\">VAGAS<\/th><th class=\"has-text-align-center\" data-align=\"center\">SAL\u00c1RIO<\/th><\/tr><\/thead><tbody><tr><td class=\"has-text-align-center\" data-align=\"center\">Analista de Tecnologia da Informa\u00e7\u00e3o<br \/>An\u00e1lise de Sistemas<\/td><td class=\"has-text-align-center\" data-align=\"center\">13<\/td><td class=\"has-text-align-center\" data-align=\"center\">R$ 10.257,56<\/td><\/tr><tr><td class=\"has-text-align-center\" data-align=\"center\">Analista de Tecnologia da Informa\u00e7\u00e3o<br \/>An\u00e1lise de Suporte<\/td><td class=\"has-text-align-center\" data-align=\"center\">09<\/td><td class=\"has-text-align-center\" data-align=\"center\">R$ 10.257,56<\/td><\/tr><tr><td class=\"has-text-align-center\" data-align=\"center\">T\u00e9cnico de Tecnologia da Informa\u00e7\u00e3o<\/td><td class=\"has-text-align-center\" data-align=\"center\">04<\/td><td class=\"has-text-align-center\" data-align=\"center\">R$ 4.995,33<\/td><\/tr><\/tbody><\/table><\/figure>\n\n\n\n<h3 class=\"wp-block-heading\" id=\"etapas\">Concurso TJ RS &#8211; TI: etapas e provas<\/h3>\n\n\n\n<p>A sele\u00e7\u00e3o dos candidatos inscritos no edital TJ RS se deu mediante aplica\u00e7\u00e3o das seguintes etapas:<\/p>\n\n\n\n<ul class=\"wp-block-list\">\n<li>Prova objetiva \u2013 eliminat\u00f3rio e classificat\u00f3rio;<\/li>\n\n\n\n<li>Prova de T\u00edtulos (Analista de Tecnologia da Informa\u00e7\u00e3o) \u2013 classificat\u00f3rio.<\/li>\n<\/ul>\n\n\n\n<p>As provas objetivas para os cargos de Analista de Tecnologia da Informa\u00e7\u00e3o &#8211; An\u00e1lise de Sistemas e de Analista de Tecnologia da Informa\u00e7\u00e3o &#8211; An\u00e1lise de Suporte foram aplicadas no per\u00edodo da manh\u00e3, no dia 20 de agosto de 2023.<\/p>\n\n\n\n<p>J\u00e1 para  para o cargo de T\u00e9cnico de Tecnologia da Informa\u00e7\u00e3o foi no per\u00edodo da tarde, tamb\u00e9m em 20 de agosto. <\/p>\n\n\n\n<p>Para os cargos de <strong>Analista de Tecnologia da Informa\u00e7\u00e3o<\/strong>, a Prova Objetiva, de car\u00e1ter eliminat\u00f3rio e classificat\u00f3rio, com o valor de 80 pontos, foi constitu\u00edda de 80 quest\u00f5es objetivas, assim distribu\u00eddas:<\/p>\n\n\n\n<ul class=\"wp-block-list\">\n<li>Parte 1: 16 (dezesseis) quest\u00f5es de L\u00edngua Portuguesa, valendo 16 pontos.<\/li>\n\n\n\n<li>Parte 2: 40 (quarenta) quest\u00f5es de Conhecimentos Espec\u00edficos, valendo 40 pontos.<\/li>\n\n\n\n<li>Parte 3: 12 (doze) quest\u00f5es de L\u00edngua Inglesa, valendo 12 pontos.<\/li>\n\n\n\n<li>Parte 4: 12 (doze) quest\u00f5es de T\u00f3picos de Legisla\u00e7\u00e3o, valendo 12 pontos.<\/li>\n<\/ul>\n\n\n\n<p>Para o cargo de <strong>T\u00e9cnico de Tecnologia da Informa\u00e7\u00e3o<\/strong>, a Prova Objetiva, de car\u00e1ter eliminat\u00f3rio e classificat\u00f3rio, com o valor de 60 pontos, foi constitu\u00edda de 60 quest\u00f5es objetivas, assim distribu\u00eddas:<\/p>\n\n\n\n<ul class=\"wp-block-list\">\n<li>Parte 1: 12 (doze) quest\u00f5es de L\u00edngua Portuguesa, valendo 12 pontos.<\/li>\n\n\n\n<li>Parte 2: 30 (trinta) quest\u00f5es de Conhecimentos Espec\u00edficos, valendo 30 pontos.<\/li>\n\n\n\n<li>Parte 3: 09 (nove) quest\u00f5es de L\u00edngua Inglesa, valendo 09 pontos.<\/li>\n\n\n\n<li>Parte 4: 09 (nove) quest\u00f5es de T\u00f3picos de Legisla\u00e7\u00e3o, valendo 09 pontos.<\/li>\n<\/ul>\n\n\n\n<h3 class=\"wp-block-heading\" id=\"h-cargos-e-vagas-0\">Cargos e vagas<\/h3>\n\n\n\n<figure class=\"wp-block-table is-style-stripes\"><table class=\"has-background has-fixed-layout\" style=\"background-color:#e7f5fe\"><tbody><tr><td class=\"has-text-align-center\" data-align=\"center\">\n  <strong>Cargo<\/strong>\n  <\/td><td class=\"has-text-align-center\" data-align=\"center\">\n  <strong>Vagas<\/strong>\n  <\/td><\/tr><tr><td class=\"has-text-align-center\" data-align=\"center\">\n  Oficial de Justi\u00e7a (Classe PJ-H)\n  <\/td><td class=\"has-text-align-center\" data-align=\"center\">\n  24\n  <\/td><\/tr><tr><td class=\"has-text-align-center\" data-align=\"center\">\n  Assistente Social Judici\u00e1rio\n  <\/td><td class=\"has-text-align-center\" data-align=\"center\">\n  4\n  <\/td><\/tr><\/tbody><\/table><figcaption class=\"wp-element-caption\">Tabela de cargos e vagas<\/figcaption><\/figure>\n\n\n\n<h3 class=\"wp-block-heading\" id=\"concurso-tj-rs-remuneracao\">Remunera\u00e7\u00e3o<\/h3>\n\n\n\n<figure class=\"wp-block-table is-style-stripes\"><table class=\"has-fixed-layout\"><tbody><tr><td class=\"has-text-align-center\" data-align=\"center\">\n  <strong>Cargo<\/strong>\n  <\/td><td class=\"has-text-align-center\" data-align=\"center\">\n  <strong>Remunera\u00e7\u00e3o<\/strong>\n  <\/td><\/tr><tr><td class=\"has-text-align-center\" data-align=\"center\">\n  Oficial de Justi\u00e7a (Classe PJ-H)\n  <\/td><td class=\"has-text-align-center\" data-align=\"center\">   R$ 6.361,94   <\/td><\/tr><\/tbody><\/table><figcaption class=\"wp-element-caption\">Tabela de remunera\u00e7\u00e3o<\/figcaption><\/figure>\n\n\n\n<ul class=\"wp-block-list\">\n<li>Aux\u00edlio-condu\u00e7\u00e3o: R$ 1885,02 (40%)<\/li>\n\n\n\n<li>Risco de vida: R$ 1.649,39 (35%)<\/li>\n\n\n\n<li>Indeniza\u00e7\u00e3o por plant\u00e3o (R$ 240,00 &#8211; R$ 480,00) <\/li>\n<\/ul>\n\n\n\n<figure class=\"wp-block-table is-style-stripes\"><table class=\"has-background has-fixed-layout\" style=\"background-color:#e7f5fe\"><tbody><tr><td class=\"has-text-align-center\" data-align=\"center\">\n  <strong>Cargo<\/strong>\n  <\/td><td class=\"has-text-align-center\" data-align=\"center\">\n  <strong>Remunera\u00e7\u00e3o<\/strong>\n  <\/td><\/tr><tr><td class=\"has-text-align-center\" data-align=\"center\">\n  Assistente Social Judici\u00e1rio\n  <\/td><td class=\"has-text-align-center\" data-align=\"center\">   R$ 7.352,93 <\/td><\/tr><\/tbody><\/table><figcaption class=\"wp-element-caption\">Tabela de remunera\u00e7\u00e3o<\/figcaption><\/figure>\n\n\n\n<ul class=\"wp-block-list\">\n<li>Gratifica\u00e7\u00e3o: &nbsp; R$2.764,83 (40%)<\/li>\n<\/ul>\n\n\n\n<h3 class=\"wp-block-heading\" id=\"prova\">Etapas de provas<\/h3>\n\n\n\n<p>Os candidatos foram avaliados por meio de prova objetiva em<strong> 12 de junho de 2022<\/strong>. A estrutura da <strong>Prova Objetiva<\/strong>, que contou com <strong>80 quest\u00f5es<\/strong> de m\u00faltipla escolha, foi dividida em quatro partes:<\/p>\n\n\n\n<ul class=\"wp-block-list\">\n<li>Portugu\u00eas<\/li>\n\n\n\n<li>Conhecimentos Espec\u00edficos<\/li>\n\n\n\n<li>T\u00f3picos de Legisla\u00e7\u00e3o<\/li>\n\n\n\n<li>Microinform\u00e1tica<\/li>\n<\/ul>\n\n\n\n<p>O n\u00famero m\u00ednimo de acertos foi de 48 pontos, o peso e n\u00famero de quest\u00f5es varia conforme o cargo pretendido, conforme especificado abaixo:<\/p>\n\n\n\n<h3 class=\"wp-block-heading\" id=\"provas-para-oficial-de-justica\">Provas para oficial de justi\u00e7a <\/h3>\n\n\n\n<figure class=\"wp-block-image size-full\"><img loading=\"lazy\" decoding=\"async\" width=\"1024\" height=\"282\" src=\"https:\/\/dhg1h5j42swfq.cloudfront.net\/2022\/05\/04112556\/informacoes-prova-objetiva-para-o-concurso-tj-rs.png\" alt=\"Detalhes da prova objetiva para Oficial do Concurso TJ RS 2023\" class=\"wp-image-1021003\" srcset=\"https:\/\/dhg1h5j42swfq.cloudfront.net\/2022\/05\/04112556\/informacoes-prova-objetiva-para-o-concurso-tj-rs.png 1024w, https:\/\/dhg1h5j42swfq.cloudfront.net\/2022\/05\/04112556\/informacoes-prova-objetiva-para-o-concurso-tj-rs-300x83.png 300w, https:\/\/dhg1h5j42swfq.cloudfront.net\/2022\/05\/04112556\/informacoes-prova-objetiva-para-o-concurso-tj-rs-768x212.png 768w, https:\/\/dhg1h5j42swfq.cloudfront.net\/2022\/05\/04112556\/informacoes-prova-objetiva-para-o-concurso-tj-rs-610x168.png 610w\" sizes=\"auto, (max-width: 1024px) 100vw, 1024px\" \/><\/figure>\n\n\n\n<p>Para o cargo de Oficial de Justi\u00e7a Estadual,&nbsp;a Prova Objetiva, de car\u00e1ter eliminat\u00f3rio e classificat\u00f3rio, teve o valor de&nbsp;80,0&nbsp;pontos e foi constitu\u00edda de&nbsp;80 quest\u00f5es objetivas, assim distribu\u00eddas:<\/p>\n\n\n\n<p>Parte 1: 30 quest\u00f5es de&nbsp;L\u00edngua Portuguesa, valendo 30,0 pontos.<br \/>Parte 2: 42 quest\u00f5es de&nbsp;Conhecimentos Espec\u00edficos\/T\u00f3picos de Legisla\u00e7\u00e3o, valendo 42,0 pontos.<br \/>Parte 3:&nbsp;08 quest\u00f5es de&nbsp;Microinform\u00e1tica, valendo 8,0 pontos.<\/p>\n\n\n\n<h3 class=\"wp-block-heading\" id=\"provas-para-assistente-social-judiciario\">Provas para Assistente Social Judici\u00e1rio<\/h3>\n\n\n\n<figure class=\"wp-block-image size-full is-resized\"><img loading=\"lazy\" decoding=\"async\" width=\"768\" height=\"241\" src=\"https:\/\/dhg1h5j42swfq.cloudfront.net\/2022\/05\/04113124\/informacoes-concurso-tj-rs-prova-objetiva-nivel-superior.png\" alt=\"Detalhes da prova objetiva para Assistente Social Judici\u00e1rio do Concurso TJ RS 2023\" class=\"wp-image-1021012\" style=\"width:822px;height:258px\" srcset=\"https:\/\/dhg1h5j42swfq.cloudfront.net\/2022\/05\/04113124\/informacoes-concurso-tj-rs-prova-objetiva-nivel-superior.png 768w, https:\/\/dhg1h5j42swfq.cloudfront.net\/2022\/05\/04113124\/informacoes-concurso-tj-rs-prova-objetiva-nivel-superior-300x94.png 300w, https:\/\/dhg1h5j42swfq.cloudfront.net\/2022\/05\/04113124\/informacoes-concurso-tj-rs-prova-objetiva-nivel-superior-610x191.png 610w\" sizes=\"auto, (max-width: 768px) 100vw, 768px\" \/><\/figure>\n\n\n\n<p>Para o cargo de Analista do Poder Judici\u00e1rio&nbsp;\u2013&nbsp;\u00c1rea de Apoio Especializado em Servi\u00e7o Social, a Prova Objetiva, de car\u00e1ter eliminat\u00f3rio e classificat\u00f3rio, teve o valor de&nbsp;80,0 pontos&nbsp;e foi constitu\u00edda de&nbsp;80&nbsp;quest\u00f5es objetivas, assim distribu\u00eddas:<\/p>\n\n\n\n<p>Parte 1: 30 quest\u00f5es de&nbsp;L\u00edngua Portuguesa, valendo 30,0 pontos.<br \/>Parte 2: 30 quest\u00f5es de&nbsp;Conhecimentos Espec\u00edficos, valendo 30,0 pontos.&nbsp;<\/p>\n\n\n\n<p>Parte 3: 15  quest\u00f5es de&nbsp;T\u00f3picos de Legisla\u00e7\u00e3o, valendo 15,0 pontos.&nbsp;<\/p>\n\n\n\n<p>Parte 4: 05 quest\u00f5es de&nbsp;Microinform\u00e1tica, valendo 5,0 pontos.<\/p>\n\n\n\n<h3 class=\"wp-block-heading\" id=\"concurso-tj-rs-requisitos-e-atribuicoes\">Requisitos<\/h3>\n\n\n\n<ul class=\"wp-block-list\">\n<li><a href=\"https:\/\/www.estrategiaconcursos.com.br\/curso\/tj-rs-oficial-de-justica-estadual-pacote-2022-pos-edital\/\" target=\"_blank\" rel=\"noreferrer noopener\">Oficial de Justi\u00e7a Estadual<\/a>: n\u00edvel superior, gradua\u00e7\u00e3o em Direito, modalidade bacharelado.<\/li>\n\n\n\n<li><a href=\"https:\/\/www.estrategiaconcursos.com.br\/curso\/tj-rs-analista-judiciario-servico-social-pacote-2022-pos-edital\/\" target=\"_blank\" rel=\"noreferrer noopener\">Analista do Poder Judici\u00e1rio&nbsp;\u2013&nbsp;\u00c1rea de Apoio Especializado em Servi\u00e7o Social<\/a>: registro legal para o exerc\u00edcio profissional no Conselho Regional de Servi\u00e7o Social (CRESS).<\/li>\n<\/ul>\n\n\n\n<p><strong>Analista de Tecnologia da Informa\u00e7\u00e3o &#8211; Especialidade AN\u00c1LISE DE SISTEMAS<\/strong>: curso de gradua\u00e7\u00e3o, modalidade bacharelado, em Engenharia de Sistemas, Engenharia da Computa\u00e7\u00e3o, Ci\u00eancias da Computa\u00e7\u00e3o, Sistemas de Informa\u00e7\u00e3o, ou qualquer curso de gradua\u00e7\u00e3o com experi\u00eancia profissional comprovada de dois anos, no m\u00ednimo, em atividades relacionadas \u00e0s fun\u00e7\u00f5es do cargo, ou curso de p\u00f3s-gradua\u00e7\u00e3o na \u00e1rea, reconhecido pela autoridade competente.<\/p>\n\n\n\n<p><strong><\/strong><strong>Analista de Tecnologia da Informa\u00e7\u00e3o &#8211; Especialidade <\/strong>AN\u00c1LISE DE SUPORTE: curso de gradua\u00e7\u00e3o, modalidade bacharelado, em Engenharia de Sistemas, Engenharia da Computa\u00e7\u00e3o, Ci\u00eancias da Computa\u00e7\u00e3o, Sistemas de Informa\u00e7\u00e3o ou qualquer curso de gradua\u00e7\u00e3o com experi\u00eancia profissional comprovada de dois anos, no m\u00ednimo, em atividades relacionadas \u00e0s fun\u00e7\u00f5es do cargo, ou curso de p\u00f3s-gradua\u00e7\u00e3o na \u00e1rea, reconhecido pela autoridade competente.<\/p>\n\n\n\n<p><strong>T\u00e9cnico de Tecnologia da Informa\u00e7\u00e3o<\/strong>: n\u00edvel m\u00e9dio completo, ou equivalente, com curso reconhecido oficialmente na \u00e1rea.<\/p>\n\n\n\n<h2 class=\"wp-block-heading\" id=\"h-concurso-tj-rs-oficial-de-justica-pj-h-e-assistente-social-2022\">Concurso TJ RS: Oficial de Justi\u00e7a (PJ-H) e Assistente Social &#8211; 2022<\/h2>\n\n\n\n<h3 class=\"wp-block-heading\" id=\"homologado\">Resultado homologado <\/h3>\n\n\n\n<p>O edital para o concurso de Oficial de Justi\u00e7a e Assistente Social teve a sua <a href=\"https:\/\/dhg1h5j42swfq.cloudfront.net\/2022\/10\/31121418\/captura-de-tela-2022-10-31-as-12-12-32-1.png\" target=\"_blank\" rel=\"noreferrer noopener nofollow\">homologa\u00e7\u00e3o divulgada<\/a> no dia 30 de agosto de 2022. Com isso, os candidatos aprovados j\u00e1 podem ser convocados.<\/p>\n\n\n\n<h2 class=\"wp-block-heading\" id=\"edital-engenharia\">Concurso TJ RS: Engenharia Civil e T\u00e9cnico em Inform\u00e1tica &#8211; 2021<\/h2>\n\n\n\n<p>O edital do concurso TJ RS para <strong>Engenharia Civil e T\u00e9cnico em Inform\u00e1tica (M)<\/strong> foi publicado em 2021. O Instituto Brasileiro de Gest\u00e3o e Pesquisa &#8211; <strong>IGBP<\/strong> foi a banca organizadora da sele\u00e7\u00e3o.<\/p>\n\n\n\n<p>O concurso TJ RS foi composto por <strong>provas objetivas<\/strong>, de car\u00e1ter eliminat\u00f3rio e classificat\u00f3rio para todos os cargos. A aplica\u00e7\u00e3o ocorreu em&nbsp;5 de dezembro, no turno da manh\u00e3, na cidade de Porto Alegre.<\/p>\n\n\n\n<h3 class=\"wp-block-heading\" id=\"vagas\">Cargos, vagas e remunera\u00e7\u00f5es<\/h3>\n\n\n\n<figure class=\"wp-block-table is-style-stripes\"><table class=\"has-background has-fixed-layout\" style=\"background-color:#e7f5fe\"><tbody><tr><td class=\"has-text-align-center\" data-align=\"center\">\n  <strong>Cargo<\/strong>\n  <\/td><td class=\"has-text-align-center\" data-align=\"center\">\n  <strong>Vagas<\/strong>\n  <\/td><td><strong>Remunera\u00e7\u00f5es<\/strong><\/td><\/tr><tr><td class=\"has-text-align-center\" data-align=\"center\">   T\u00e9cnico em Inform\u00e1tica  <\/td><td class=\"has-text-align-center\" data-align=\"center\">1<\/td><td>R$ 4.712,55<\/td><\/tr><tr><td class=\"has-text-align-center\" data-align=\"center\">   Analista Judici\u00e1rio \u2013 Engenharia Civil<\/td><td class=\"has-text-align-center\" data-align=\"center\">   1   <\/td><td>R$ 7.352,93<\/td><\/tr><\/tbody><\/table><figcaption class=\"wp-element-caption\">Tabela de cargos e vagas<\/figcaption><\/figure>\n\n\n\n<h3 class=\"wp-block-heading\" id=\"atribuicoes\">Requisitos e atribui\u00e7\u00f5es<\/h3>\n\n\n\n<h4 class=\"wp-block-heading\" id=\"sal\u00e1rio\"><strong>T\u00e9cnico em Inform\u00e1tica<\/strong><\/h4>\n\n\n\n<p><strong>Requisitos<\/strong>:  Diploma ou certificado, devidamente registrado, de n\u00edvel m\u00e9dio ou equivalente. Possuir curso de aperfei\u00e7oamento na \u00e1rea (m\u00ednimo de 80 horas) e experi\u00eancia m\u00ednima  comprovada de 01 ano em servi\u00e7os conexos com as fun\u00e7\u00f5es do cargo.<\/p>\n\n\n\n<p><strong>Atribui\u00e7\u00f5es: <\/strong>testar e documentar aplicativos a serem instalados em equipamentos de inform\u00e1tica; apresentar solu\u00e7\u00f5es na utiliza\u00e7\u00e3o de softwares; auxiliar os usu\u00e1rios na elabora\u00e7\u00e3o de solu\u00e7\u00f5es com a utiliza\u00e7\u00e3o de aplicativos comerciais; prestar assist\u00eancia aos usu\u00e1rios para resolu\u00e7\u00e3o de problemas; instalar e configurar softwares; efetuar levantamento e apresentar solu\u00e7\u00f5es para a instala\u00e7\u00e3o de redes; elaborar or\u00e7amentos, cronogramas e an\u00e1lise de viabilidade t\u00e9cnica e econ\u00f4mica para a instala\u00e7\u00e3o de redes de computadores; efetuar an\u00e1lise de tr\u00e1fego na rede, usu\u00e1rios conectados, acesso externo; implantar servidores de redes; implantar redes em esta\u00e7\u00f5es de trabalho; racionalizar e projetar redes de computadores; definir e documentar novas redes e altera\u00e7\u00f5es de redes; acompanhar a instala\u00e7\u00e3o de cabeamento l\u00f3gico de redes; assistir as \u00e1reas afins quanto \u00e0 utiliza\u00e7\u00e3o de redes de computadores; administrar prazos, recursos e planos de teste na instala\u00e7\u00e3o de redes; definir normas e padr\u00f5es de utiliza\u00e7\u00e3o, seguran\u00e7a e funcionamento das redes; verificar os softwares de rede adquiridos; auxiliar e\/ou elaborar informa\u00e7\u00f5es t\u00e9cnicas relativas a redes de computadores. <\/p>\n\n\n\n<h4 class=\"wp-block-heading\" id=\"h-analista-judiciario-engenharia-civil\">Analista Judici\u00e1rio \u2013 Engenharia Civil<\/h4>\n\n\n\n<p><strong>Requisitos<\/strong>:  Diploma ou certificado, devidamente registrado, do curso de Gradua\u00e7\u00e3o em Engenharia Civil, reconhecido pelo Minist\u00e9rio da Educa\u00e7\u00e3o (MEC) E registro legal para o exerc\u00edcio profissional no Conselho Regional de Engenharia e Agronomia (CREA).<\/p>\n\n\n\n<p><strong>Atribui\u00e7\u00f5es:<\/strong> elaborar o planejamento e os projetos, em geral, de regi\u00f5es, zonas, obras, estruturas, transportes e explora\u00e7\u00f5es de recursos naturais, relacionados \u00e0s obras e \u00e0s reformas desenvolvidas pelo Poder Judici\u00e1rio Estadual; elaborar estudos, projetos e pareceres t\u00e9cnicos da sua \u00e1rea de atua\u00e7\u00e3o; realizar an\u00e1lises, avalia\u00e7\u00f5es, vistorias, enfim, a fiscaliza\u00e7\u00e3o de obras e servi\u00e7os t\u00e9cnicos prestados para o Poder Judici\u00e1rio; supervisionar a dire\u00e7\u00e3o e a execu\u00e7\u00e3o de obras e servi\u00e7os t\u00e9cnicos; responsabilizar-se por equipes auxiliares necess\u00e1rias \u00e0 execu\u00e7\u00e3o das atividades pr\u00f3prias do cargo; realizar outras atividades correlatas \u00e0 sua especialidade e relacionadas \u00e0s atividades desempenhadas pela unidade de lota\u00e7\u00e3o.<\/p>\n\n\n\n<h2 class=\"wp-block-heading\" id=\"concurso-tj-rts-oficial-de-justica\">Concurso TJ RS: Oficial de Justi\u00e7a Classe (O) &#8211; 2019<\/h2>\n\n\n\n<p>Foi homologado o <a href=\"https:\/\/dhg1h5j42swfq.cloudfront.net\/2021\/10\/05105305\/classificacao-tj-rs.pdf\" target=\"_blank\" rel=\"noreferrer noopener nofollow\">resultado final<\/a> do concurso TJ RS para Oficial de Justi\u00e7a Classe (O). Vale lembrar que o exame foi realizado no per\u00edodo da manh\u00e3. Foram ofertadas quatro tipos de provas objetiva, de car\u00e1ter eliminat\u00f3rio e classificat\u00f3rio. Ao todo os candidatos resolveram <strong>80 quest\u00f5es<\/strong> alternativas, cada uma com cinco op\u00e7\u00f5es de resposta onde apenas uma \u00e9 a correta.<\/p>\n\n\n\n<p>O concurso ofertou tr\u00eas vagas e cadastro de reserva para o cargo de Oficial de Justi\u00e7a (Classe O) do Tribunal de Justi\u00e7a do Rio Grande do Sul. A remunera\u00e7\u00e3o inicial \u00e9 de <strong>R$ 9.305,55<\/strong>, exigindo-se apenas n\u00edvel m\u00e9dio para o cargo. A Prova Objetiva do certame foi realizada no dia <strong>16 de fevereiro de 2020.  <\/strong><\/p>\n\n\n\n<h3 class=\"wp-block-heading\" id=\"cargos\">Cargos, Vagas e Remunera\u00e7\u00f5es<\/h3>\n\n\n\n<figure class=\"wp-block-table aligncenter is-style-stripes\"><table class=\"has-background has-fixed-layout\" style=\"background-color:#e7f5fe\"><tbody><tr><td><strong>Cargos<\/strong><\/td><td><strong>Escolaridade<\/strong><\/td><td><strong>Vagas <\/strong><\/td><td><strong>Remunera\u00e7\u00f5es<\/strong><\/td><\/tr><tr><td>Oficial de Justi\u00e7a, Classe O<\/td><td>N\u00edvel M\u00e9dio<\/td><td>3 vagas + CR<\/td><td>R$ 9.305,55<\/td><\/tr><\/tbody><\/table><figcaption class=\"wp-element-caption\">Tabela de cargos, vagas e remunera\u00e7\u00f5es<\/figcaption><\/figure>\n\n\n\n<h3 class=\"wp-block-heading\" id=\"requisitos\">Requisitos b\u00e1sicos e atribui\u00e7\u00f5es do cargo <\/h3>\n\n\n\n<h4 class=\"wp-block-heading\" id=\"requisitos-1\"><strong>Requisitos: <\/strong><\/h4>\n\n\n\n<p>Apresentar comprova\u00e7\u00e3o de N\u00edvel M\u00e9dio completo ou equivalente, reconhecido pelo Minist\u00e9rio da Educa\u00e7\u00e3o.<\/p>\n\n\n\n<h4 class=\"wp-block-heading\" id=\"atribuicoes-1\">Atribui\u00e7\u00f5es:<\/h4>\n\n\n\n<p>Os candidatos aprovados ter\u00e3o como tarefas primordiais preparar salas, livros e materiais para o funcionamento das sess\u00f5es de julgamento, prestando informa\u00e7\u00f5es aos presentes \u00e0 sess\u00e3o; efetuar a circula\u00e7\u00e3o de documentos para as sess\u00f5es; fazer preg\u00f5es; e cumprir mandados, dentre outras fun\u00e7\u00f5es complementares. <\/p>\n\n\n\n<h3 class=\"wp-block-heading\" id=\"remuneracao\">Benef\u00edcios e carga hor\u00e1ria<\/h3>\n\n\n\n<h4 class=\"wp-block-heading\" id=\"oficial-de-justica-classe-o\"><strong>Oficial de Justi\u00e7a<\/strong> &#8211; Classe O<\/h4>\n\n\n\n<p>O vencimento b\u00e1sico inicial, \u00e9 de R$ 5.639,73, mais gratifica\u00e7\u00e3o de R$ 845,96, aux\u00edlio-condu\u00e7\u00e3o de R$ 845,96 e risco de vida de R$ 1.973,90. Totalizando R$ 9.305,55. A carga hor\u00e1ria \u00e9 de 40 horas semanais. <\/p>\n\n\n\n<p>Segundo as Leis Estaduais do Rio Grande do Sul, \u00e9 previsto que os servidores p\u00fablicos recebam os seguintes benef\u00edcios: <em>abono familiar; licen\u00e7a para tratamento de sa\u00fade; licen\u00e7a-gestante, \u00e0 adotante e licen\u00e7a-paternidade; licen\u00e7a por acidente em servi\u00e7o; aposentadoria; aux\u00edlio-funeral; complementa\u00e7\u00e3o de pens\u00e3o e aux\u00edlio transporte.<\/em><\/p>\n\n\n\n<p>E ainda podemos informar sobre os benef\u00edcios em valores, que o Estrat\u00e9gia Concursos coletou, constando da seguinte forma:<\/p>\n\n\n\n<ul class=\"wp-block-list\">\n<li><strong>Aux\u00edlio Refei\u00e7\u00e3o<\/strong>: R$ 92,18, R$ 4,16 por dia trabalhado;<\/li>\n\n\n\n<li><strong>Aux\u00edlio Alimenta\u00e7\u00e3o<\/strong>: R$ 498,00;<\/li>\n\n\n\n<li><strong>Avan\u00e7o salarial<\/strong>: acr\u00e9scimo de 3% a partir do tri\u00eanio de exerc\u00edcio;<\/li>\n\n\n\n<li><strong>Adicional por tempo de servi\u00e7o<\/strong>: 15% ou 25% depois de 15 e 25 anos;<\/li>\n\n\n\n<li><strong>Abono Familiar<\/strong>: acr\u00e9scimo de mais 10% em ativos ou inativos.<\/li>\n<\/ul>\n\n\n\n<h3 class=\"wp-block-heading\" id=\"provas-concurso\">Etapas do concurso TJ RS para Oficial de Justi\u00e7a (O) <\/h3>\n\n\n\n<p>O <strong>concurso TJ-RS Oficial de Justi\u00e7a (O) foi composto por uma \u00fanica etapa<\/strong>, composta por uma <strong>prova objetiva<\/strong> de car\u00e1ter eliminat\u00f3rio e classificat\u00f3rio. Ao todo foram <strong>80 quest\u00f5es<\/strong> alternativas, cada uma com cinco op\u00e7\u00f5es de resposta onde apenas uma \u00e9 a correta.<\/p>\n\n\n\n<p>Confira abaixo a distribui\u00e7\u00e3o das quest\u00f5es:<\/p>\n\n\n\n<ul class=\"wp-block-list\">\n<li><strong>L\u00edngua Portuguesa<\/strong>&nbsp;\u2013 30 quest\u00f5es<\/li>\n\n\n\n<li><strong>Conhecimentos Espec\u00edficos\/T\u00f3picos de Legisla\u00e7\u00e3o<\/strong>&nbsp;\u2013 40 quest\u00f5es<\/li>\n\n\n\n<li><strong>Microinform\u00e1tica<\/strong>&nbsp;\u2013 10 quest\u00f5es<\/li>\n<\/ul>\n\n\n\n<p>Os conhecimentos espec\u00edficos\/T\u00f3picos de Legisla\u00e7\u00e3o s\u00e3o compostos pelas seguintes disciplinas:<\/p>\n\n\n\n<ul class=\"wp-block-list\">\n<li><em>Direito Constitucional<\/em><\/li>\n\n\n\n<li><em>Direito Civil e Processual<\/em><\/li>\n\n\n\n<li><em>Direito Penal e Processual Penal<\/em><\/li>\n\n\n\n<li><em>Legisla\u00e7\u00e3o Especial<\/em><\/li>\n\n\n\n<li><em>Legisla\u00e7\u00e3o Administrativa<\/em><\/li>\n<\/ul>\n\n\n\n<p>Os conte\u00fados cobrados em microinform\u00e1tica s\u00e3o as seguintes:<\/p>\n\n\n\n<ul class=\"wp-block-list\">\n<li><em>Ambiente operacional WINDOWS<\/em><\/li>\n\n\n\n<li><em>Processadores de textos WORD e Writer<\/em><\/li>\n\n\n\n<li><em>Planilhas eletr\u00f4nicas EXCEL e Calc<\/em><\/li>\n\n\n\n<li><em>Softwares de apresenta\u00e7\u00e3o POWERPOINT e Impress<\/em><\/li>\n\n\n\n<li><em>Redes de Computadores e Internet<\/em><\/li>\n\n\n\n<li><em>Conceitos de prote\u00e7\u00e3o e seguran\u00e7a<\/em><\/li>\n<\/ul>\n\n\n\n<p>Os candidatos realizaram as provas no dia 16 de fevereiro, com tempo m\u00e1ximo de 4 horas. A defini\u00e7\u00e3o dos locais de provas ser\u00e1 divulgada no dia 3 de fevereiro, no site da banca FGV.<\/p>\n\n\n\n<h3 class=\"wp-block-heading\" id=\"edital-estrategico-tj-rs\">Edital Estrat\u00e9gico TJ RS<\/h3>\n\n\n\n<p class=\"has-text-align-center has-very-light-gray-background-color has-background has-medium-font-size\"><a href=\"https:\/\/drive.google.com\/file\/d\/19MNYbRy3c33M6UYU9wZfb6cIcMYZKp0l\/view\" target=\"_blank\" rel=\"noreferrer noopener nofollow\"><strong>Baixe aqui o Edital Estrat\u00e9gico TJ RS<\/strong><\/a><\/p>\n\n\n\n<p>IMPORTANTE:  Ao clicar no link acima, vai ser aberta uma janela do Google Drive que tentar\u00e1 carregar a visualiza\u00e7\u00e3o da planilha no seu navegador. N\u00e3o h\u00e1 necessidade de esperar essa visualiza\u00e7\u00e3o (talvez at\u00e9 nem carregue, j\u00e1 que os arquivos s\u00e3o pesados).<\/p>\n\n\n\n<p>Fa\u00e7a o download clicando na seta para baixo no canto superior direito da janela do Google Drive que vai ser aberta ao clicar nos links acima.<\/p>\n\n\n\n<p>Todos os arquivos foram testados em diferentes computadores e celulares e est\u00e3o ok. Talvez alguma incompatibilidade (ou mensagem de erro, como &#8220;arquivo inv\u00e1lido&#8221;) ocorra em virtude do seu pr\u00f3prio computador ou do tamanho dos arquivos que possuem mais conte\u00fado.<\/p>\n\n\n\n<h2 class=\"wp-block-heading\" id=\"h-guia-de-estudos\">Guia de estudos<\/h2>\n\n\n\n<p>&nbsp;O <strong>Guia de Estudos&nbsp;<\/strong>para o curso&nbsp;<strong>TJ-RS (T\u00e9cnico Judici\u00e1rio &#8211; \u00c1rea Administrativo-Judici\u00e1ria) Pacote &#8211; 2025 (P\u00f3s-Edital)<\/strong> est\u00e1 dispon\u00edvel:<\/p>\n\n\n\n<ul class=\"wp-block-list\">\n<li><a href=\"https:\/\/concursos.estrategia.com\/cadernos-e-simulados\/cadernos\/c21c02b1-ccff-40a3-b53a-ab1f26e9adac\" target=\"_blank\" rel=\"noreferrer noopener\">Portugu\u00eas<\/a>;<\/li>\n\n\n\n<li><a href=\"https:\/\/concursos.estrategia.com\/cadernos-e-simulados\/cadernos\/a1fd92d4-9f2a-4b09-a34b-9ae3b21eda6b\" target=\"_blank\" rel=\"noreferrer noopener\">RLM<\/a>;<\/li>\n\n\n\n<li><a href=\"https:\/\/concursos.estrategia.com\/cadernos-e-simulados\/cadernos\/283ff9f1-e187-4c4d-9c76-c0b95a76e2a9\" target=\"_blank\" rel=\"noreferrer noopener\">T\u00f3picos de Legisla\u00e7\u00e3o<\/a>;<\/li>\n\n\n\n<li><a href=\"https:\/\/concursos.estrategia.com\/cadernos-e-simulados\/cadernos\/e1a25af8-1d04-4b5f-97d8-4d04cab6c6d9\" target=\"_blank\" rel=\"noreferrer noopener\">Direito Constitucional<\/a>;<\/li>\n\n\n\n<li><a href=\"https:\/\/concursos.estrategia.com\/cadernos-e-simulados\/cadernos\/e833e17d-5e04-4d42-a7fe-d8ef901da9f5\" target=\"_blank\" rel=\"noreferrer noopener\">Direito Administrativo<\/a>.<\/li>\n<\/ul>\n\n\n\n<h2 class=\"wp-block-heading\" id=\"PROVAS-ANTERIORES\">Concurso TJ RS: provas anteriores<\/h2>\n\n\n\n<ul class=\"wp-block-list\">\n<li><a href=\"https:\/\/dhg1h5j42swfq.cloudfront.net\/2020\/03\/07113423\/officium-2003-tj-rs-oficial-de-justica-prova.pdf\" target=\"_blank\" rel=\"noreferrer noopener nofollow\">Prova OFFICIUM &#8211; 2003 &#8211; TJ-RS &#8211; Oficial de Justi\u00e7a<\/a> \/ <a href=\"https:\/\/dhg1h5j42swfq.cloudfront.net\/2020\/03\/07113453\/officium-2003-tj-rs-oficial-de-justica-gabarito.pdf\" target=\"_blank\" rel=\"noreferrer noopener nofollow\">Gabarito<\/a><\/li>\n\n\n\n<li><a href=\"https:\/\/dhg1h5j42swfq.cloudfront.net\/2020\/03\/07113657\/officium-2005-tj-rs-auxiliar-judiciario-prova.pdf\" target=\"_blank\" rel=\"noreferrer noopener nofollow\">Prova OFFICIUM &#8211; 2005 &#8211; TJ-RS &#8211; Auxiliar Judici\u00e1rio<\/a>  \/ <a href=\"https:\/\/dhg1h5j42swfq.cloudfront.net\/2020\/03\/07113732\/officium-2005-tj-rs-auxiliar-judiciario-gabarito.pdf\" target=\"_blank\" rel=\"noreferrer noopener nofollow\">Gabarito<\/a><\/li>\n\n\n\n<li><a href=\"https:\/\/dhg1h5j42swfq.cloudfront.net\/2020\/03\/07114413\/faurgs-2016-tj-rs-contador-prova.pdf\" target=\"_blank\" rel=\"noreferrer noopener nofollow\">Prova FAURGS &#8211; 2016 &#8211; TJ-RS &#8211; Contador<\/a> \/ <a href=\"https:\/\/dhg1h5j42swfq.cloudfront.net\/2020\/03\/07114528\/faurgs-2016-tj-rs-contador-gabarito.pdf\" target=\"_blank\" rel=\"noreferrer noopener nofollow\">Gabarito<\/a><\/li>\n\n\n\n<li><a href=\"https:\/\/dhg1h5j42swfq.cloudfront.net\/2020\/03\/07114607\/faurgs-2017-tj-rs-analista-judiciario-ciencias-juridicas-e-sociais-prova.pdf\" target=\"_blank\" rel=\"noreferrer noopener nofollow\">Prova FAURGS &#8211; 2017 &#8211; TJ-RS &#8211; Analista Judici\u00e1rio &#8211; (Ci\u00eancias Jur\u00eddicas e Sociais)<\/a> \/ <a href=\"https:\/\/dhg1h5j42swfq.cloudfront.net\/2020\/03\/07114636\/faurgs-2017-tj-rs-analista-judiciario-ciencias-juridicas-e-sociais-gabarito.pdf\" target=\"_blank\" rel=\"noreferrer noopener nofollow\">Gabarito<\/a><\/li>\n\n\n\n<li><a href=\"https:\/\/dhg1h5j42swfq.cloudfront.net\/2020\/03\/07114707\/faurgs-2017-tj-rs-analista-judiciario-area-administrativa-administracao-ciencias-contabeis-economia-prova.pdf\" target=\"_blank\" rel=\"noreferrer noopener nofollow\">Prova FAURGS &#8211; 2017 &#8211; TJ-RS &#8211; Analista Judici\u00e1rio &#8211; \u00c1rea Administrativa (Administra\u00e7\u00e3o; Ci\u00eancias Cont\u00e1beis; Economia)<\/a> \/ <a href=\"https:\/\/dhg1h5j42swfq.cloudfront.net\/2020\/03\/07114725\/faurgs-2017-tj-rs-analista-judiciario-area-administrativa-administracao-ciencias-contabeis-economia-gabarito.pdf\" target=\"_blank\" rel=\"noreferrer noopener nofollow\">Gabarito<\/a><\/li>\n\n\n\n<li><a href=\"https:\/\/dhg1h5j42swfq.cloudfront.net\/2020\/03\/07114752\/faurgs-2017-tj-rs-tecnico-judiciario-prova.pdf\" target=\"_blank\" rel=\"noreferrer noopener nofollow\">Prova FAURGS &#8211; 2017 &#8211; TJ-RS &#8211; T\u00e9cnico Judici\u00e1rio<\/a> \/ <a href=\"https:\/\/dhg1h5j42swfq.cloudfront.net\/2020\/03\/07114816\/faurgs-2017-tj-rs-tecnico-judiciario-gabarito.pdf\" target=\"_blank\" rel=\"noreferrer noopener nofollow\">Gabarito<\/a><\/li>\n\n\n\n<li><a href=\"https:\/\/dhg1h5j42swfq.cloudfront.net\/2020\/03\/07115101\/faurgs-2018-tj-rs-analista-de-sistemas-prova.pdf\" target=\"_blank\" rel=\"noreferrer noopener nofollow\">Prova FAURGS &#8211; 2018 &#8211; TJ-RS &#8211; Analista de Sistemas<\/a> \/ <a href=\"https:\/\/dhg1h5j42swfq.cloudfront.net\/2020\/03\/07115126\/faurgs-2018-tj-rs-analista-de-sistemas-gabarito.pdf\" target=\"_blank\" rel=\"noreferrer noopener nofollow\">Gabarito<\/a><\/li>\n\n\n\n<li><a href=\"https:\/\/dhg1h5j42swfq.cloudfront.net\/2020\/03\/07114944\/faurgs-2018-tj-rs-tecnico-em-eletronica-gabarito.pdf\" target=\"_blank\" rel=\"noreferrer noopener nofollow\">Prova FAURGS &#8211; 2018 &#8211; TJ-RS &#8211; T\u00e9cnico em Eletr\u00f4nica<\/a> \/ <a href=\"https:\/\/dhg1h5j42swfq.cloudfront.net\/2020\/03\/07115014\/faurgs-2018-tj-rs-tecnico-em-eletronica-gabarito-1.pdf\" target=\"_blank\" rel=\"noreferrer noopener nofollow\">Gabarito<\/a><\/li>\n<\/ul>\n\n\n\n<hr class=\"wp-block-separator has-css-opacity\"\/>\n\n\n\n<h2 class=\"wp-block-heading has-text-align-center\" id=\"cursos-assinatura\"><strong><em>Quer estudar para o Concurso TJ RS?<\/em><\/strong><\/h2>\n\n\n\n<div class=\"container\" id=\"boxes\">\n  <div class=\"row\">\n\n    <div class=\"col-sm\">\n      <div class=\"banner-tribunal\" id=\"box-assinatura\">\n        <h3 class=\"titulo-assinatura\">Curso TJ RS<\/h3>\n        <p class=\"subtitulo-assinatura\">Conhe\u00e7a os cursos<\/p>\n        <div class=\"box-botao\">\n          <a class=\"btn-assinatura\" target=\"_blank\" href=\"https:\/\/www.estrategiaconcursos.com.br\/cursosPorConcurso\/tribunal-de-justica-do-rio-grande-do-sul-tj-rs\/\" role=\"button\" rel=\"noopener noreferrer\">Conhe\u00e7a mais<\/a>\n        <\/div>\n      <\/div>\n     \n    <\/div>\n\n  <\/div>\n<\/div>\n\n\n\n<div class=\"container\" id=\"boxes\">\n  <div class=\"row\">\n\n    <div class=\"col-sm\">\n      <div class=\"estrategia\" id=\"box-assinatura\">\n        <h3 class=\"titulo-assinatura\">Assinatura Concursos<\/h3>\n        <p class=\"subtitulo-assinatura\">Assinatura de 1 ano ou 2 anos<\/p>\n        <div class=\"box-botao\">\n          <a class=\"btn-assinatura\" target=\"_blank\" href=\"https:\/\/www.estrategiaconcursos.com.br\/assinaturas\/\" role=\"button\" rel=\"noopener noreferrer\">ASSINE AGORA<\/a>\n        <\/div>\n      <\/div>\n     \n    <\/div><\/div><\/div>\n\n\n\n<h2 class=\"wp-block-heading has-text-align-center\" id=\"h-quer-saber-tudo-sobre-concursos-previstos-confira-nossos-artigos\">Quer saber tudo sobre concursos previstos?<br \/>Confira nossos artigos!<\/h2>\n\n\n\n<ul class=\"wp-block-list\">\n<li><a href=\"https:\/\/www.estrategiaconcursos.com.br\/blog\/concursos-abertos\/\" target=\"_blank\" rel=\"noreferrer noopener\">Concursos abertos<\/a><\/li>\n\n\n\n<li><a href=\"https:\/\/www.estrategiaconcursos.com.br\/blog\/concursos-tribunais\/\" target=\"_blank\" rel=\"noreferrer noopener\">Concursos tribunais<\/a><\/li>\n\n\n\n<li><a href=\"https:\/\/www.estrategiaconcursos.com.br\/blog\/concursos-2026\/\" target=\"_blank\" rel=\"noreferrer noopener\">Concursos 2026<\/a><\/li>\n<\/ul>\n\n\n\n<figure class=\"wp-block-image size-large is-resized\"><img loading=\"lazy\" decoding=\"async\" width=\"1024\" height=\"632\" src=\"https:\/\/dhg1h5j42swfq.cloudfront.net\/2021\/04\/06110732\/ficha-tecnica-45-1024x632.png\" alt=\"ficha t\u00e9cnica para o concurso TJ RS\" class=\"wp-image-708268\" style=\"aspect-ratio:1.625;width:288px;height:auto\" srcset=\"https:\/\/dhg1h5j42swfq.cloudfront.net\/2021\/04\/06110732\/ficha-tecnica-45-1024x632.png 1024w, https:\/\/dhg1h5j42swfq.cloudfront.net\/2021\/04\/06110732\/ficha-tecnica-45-300x185.png 300w, https:\/\/dhg1h5j42swfq.cloudfront.net\/2021\/04\/06110732\/ficha-tecnica-45-768x474.png 768w, https:\/\/dhg1h5j42swfq.cloudfront.net\/2021\/04\/06110732\/ficha-tecnica-45-1536x948.png 1536w, https:\/\/dhg1h5j42swfq.cloudfront.net\/2021\/04\/06110732\/ficha-tecnica-45-610x377.png 610w, https:\/\/dhg1h5j42swfq.cloudfront.net\/2021\/04\/06110732\/ficha-tecnica-45.png 1571w\" sizes=\"auto, (max-width: 1024px) 100vw, 1024px\" \/><\/figure>\n\n\n\n<p id=\"ficha-tecnica\"><br \/>Informa\u00e7\u00f5es do novo concurso TJ RS<\/p>\n\n\n\n<ul class=\"wp-block-list\">\n<li><strong>Provas<\/strong>: <s>23<\/s> <s>e 30\/11\/2025<\/s><\/li>\n\n\n\n<li><strong>Vagas<\/strong>: CR<\/li>\n\n\n\n<li><strong>Cargos<\/strong>: Analista e T\u00e9cnico<\/li>\n\n\n\n<li><strong>Banca<\/strong>: FGV<\/li>\n\n\n\n<li><strong>Escolaridade<\/strong>: m\u00e9dio e superior<\/li>\n\n\n\n<li><strong>Edital:<\/strong> <a href=\"https:\/\/dhg1h5j42swfq.cloudfront.net\/2025\/08\/22213223\/edital-tj-rs.pdf\" target=\"_blank\" rel=\"noreferrer noopener\">TJ RS 2025<\/a><\/li>\n<\/ul>\n\n\n\n<p id=\"block-ba1614b5-988b-41ef-892d-f4c9f7e9dd42\">Informa\u00e7\u00f5es do edital TJ RS &#8211; TI<\/p>\n\n\n\n<ul id=\"block-46dd482c-33cf-409c-8762-75c111403f14\" class=\"wp-block-list\">\n<li><strong>Provas<\/strong>: <s>20\/08\/2023<\/s><\/li>\n\n\n\n<li><strong>Vagas<\/strong>: 26<\/li>\n\n\n\n<li><strong>Cargos<\/strong>: Tecnologia da Informa\u00e7\u00e3o <\/li>\n\n\n\n<li><strong>Banca<\/strong>: Vunesp<\/li>\n\n\n\n<li><strong>Escolaridade<\/strong>: m\u00e9dio e superior <\/li>\n\n\n\n<li><strong>Edital<\/strong>: <a href=\"https:\/\/dhg1h5j42swfq.cloudfront.net\/2023\/05\/11164917\/diariooficial-3-27-55-1.pdf\" target=\"_blank\" rel=\"noreferrer noopener\">TJ RS 2023<\/a><\/li>\n<\/ul>\n\n\n\n<h3 class=\"wp-block-heading\" id=\"ficha-tecnica\"><br \/><\/h3>\n","protected":false},"excerpt":{"rendered":"<p>J\u00e1 os Editais do Concurso TJ RS para Analista e T\u00e9cnico est\u00e3o com os resultados preliminares da prova objetiva divulgados. Confira o andamento! O Tribunal de Justi\u00e7a do Rio Grande do Sul (TJ RS) ter\u00e1 novo edital de concurso p\u00fablico e j\u00e1 est\u00e1 com comiss\u00e3o formada. As oportunidades ser\u00e3o para Analista do Poder Judici\u00e1rio &#8211; [&hellip;]<\/p>\n","protected":false},"author":1,"featured_media":827679,"comment_status":"open","ping_status":"open","sticky":false,"template":"","format":"standard","meta":{"post_tipo":"news_page","footnotes":""},"categories":[1984],"tags":[1450,1451,1452],"tax_estado":[219986],"class_list":["post-35255","post","type-post","status-publish","format-standard","has-post-thumbnail","hentry","category-tribunais","tag-concurso-tj-rs","tag-concurso-tjrs","tag-edital-concurso-tjrs","tax_estado-rs"],"acf":[],"yoast_head":"<!-- This site is optimized with the Yoast SEO Premium plugin v27.2 (Yoast SEO v27.2) - https:\/\/yoast.com\/product\/yoast-seo-premium-wordpress\/ -->\n<title>Concurso TJ RS: comiss\u00e3o formada para novo edital de Analista<\/title>\n<meta name=\"description\" content=\"Editais do Concurso TJ RS para Analista e T\u00e9cnico est\u00e3o com os resultados preliminares da prova objetiva divulgados. Confira o andamento!\" \/>\n<meta name=\"robots\" content=\"index, follow, max-snippet:-1, max-image-preview:large, max-video-preview:-1\" \/>\n<link rel=\"canonical\" href=\"https:\/\/www.estrategiaconcursos.com.br\/blog\/concurso-tj-rs\/\" \/>\n<meta property=\"og:locale\" content=\"pt_BR\" \/>\n<meta property=\"og:type\" content=\"article\" \/>\n<meta property=\"og:title\" content=\"Concurso TJ RS: comiss\u00e3o formada para novo edital de Analista\" \/>\n<meta property=\"og:description\" content=\"Editais do Concurso TJ RS para Analista e T\u00e9cnico est\u00e3o com os resultados preliminares da prova objetiva divulgados. Confira o andamento!\" \/>\n<meta property=\"og:url\" content=\"https:\/\/www.estrategiaconcursos.com.br\/blog\/concurso-tj-rs\/\" \/>\n<meta property=\"og:site_name\" content=\"Estrat\u00e9gia Concursos\" \/>\n<meta property=\"article:author\" content=\"https:\/\/www.facebook.com\/EstrategiaConcursos\" \/>\n<meta property=\"article:published_time\" content=\"2026-04-09T16:00:59+00:00\" \/>\n<meta property=\"article:modified_time\" content=\"2026-04-09T16:01:02+00:00\" \/>\n<meta property=\"og:image\" content=\"https:\/\/dhg1h5j42swfq.cloudfront.net\/2021\/07\/03112527\/tj-rs.jpeg\" \/>\n\t<meta property=\"og:image:width\" content=\"768\" \/>\n\t<meta property=\"og:image:height\" content=\"432\" \/>\n\t<meta property=\"og:image:type\" content=\"image\/jpeg\" \/>\n<meta name=\"author\" content=\"Coordena\u00e7\u00e3o\" \/>\n<meta name=\"twitter:card\" content=\"summary_large_image\" \/>\n<meta name=\"twitter:creator\" content=\"@EstratConcursos\" \/>\n<meta name=\"twitter:site\" content=\"@EstratConcursos\" \/>\n<meta name=\"twitter:label1\" content=\"Escrito por\" \/>\n\t<meta name=\"twitter:data1\" content=\"Coordena\u00e7\u00e3o\" \/>\n\t<meta name=\"twitter:label2\" content=\"Est. tempo de leitura\" \/>\n\t<meta name=\"twitter:data2\" content=\"20 minutos\" \/>\n<script type=\"application\/ld+json\" class=\"yoast-schema-graph\">{\"@context\":\"https:\/\/schema.org\",\"@graph\":[{\"@type\":\"NewsArticle\",\"@id\":\"https:\/\/www.estrategiaconcursos.com.br\/blog\/concurso-tj-rs\/#article\",\"isPartOf\":{\"@id\":\"https:\/\/www.estrategiaconcursos.com.br\/blog\/concurso-tj-rs\/\"},\"author\":{\"name\":\"Coordena\u00e7\u00e3o\",\"@id\":\"https:\/\/www.estrategiaconcursos.com.br\/blog\/#\/schema\/person\/b4a388c97673c5f483d72185668afa1f\"},\"headline\":\"Concurso TJ RS: comiss\u00e3o formada para novo edital de Analista\",\"datePublished\":\"2026-04-09T16:00:59+00:00\",\"dateModified\":\"2026-04-09T16:01:02+00:00\",\"mainEntityOfPage\":{\"@id\":\"https:\/\/www.estrategiaconcursos.com.br\/blog\/concurso-tj-rs\/\"},\"wordCount\":3963,\"commentCount\":21,\"publisher\":{\"@id\":\"https:\/\/www.estrategiaconcursos.com.br\/blog\/#organization\"},\"image\":{\"@id\":\"https:\/\/www.estrategiaconcursos.com.br\/blog\/concurso-tj-rs\/#primaryimage\"},\"thumbnailUrl\":\"https:\/\/dhg1h5j42swfq.cloudfront.net\/2021\/07\/03112527\/tj-rs.jpeg\",\"keywords\":[\"concurso TJ RS\",\"concurso TJRS\",\"edital concurso TJRS\"],\"articleSection\":[\"Tribunais\"],\"inLanguage\":\"pt-BR\",\"potentialAction\":[{\"@type\":\"CommentAction\",\"name\":\"Comment\",\"target\":[\"https:\/\/www.estrategiaconcursos.com.br\/blog\/concurso-tj-rs\/#respond\"]}],\"copyrightYear\":\"2026\",\"copyrightHolder\":{\"@id\":\"https:\/\/www.estrategiaconcursos.com.br\/blog\/#organization\"}},{\"@type\":\"WebPage\",\"@id\":\"https:\/\/www.estrategiaconcursos.com.br\/blog\/concurso-tj-rs\/\",\"url\":\"https:\/\/www.estrategiaconcursos.com.br\/blog\/concurso-tj-rs\/\",\"name\":\"Concurso TJ RS: comiss\u00e3o formada para novo edital de Analista\",\"isPartOf\":{\"@id\":\"https:\/\/www.estrategiaconcursos.com.br\/blog\/#website\"},\"primaryImageOfPage\":{\"@id\":\"https:\/\/www.estrategiaconcursos.com.br\/blog\/concurso-tj-rs\/#primaryimage\"},\"image\":{\"@id\":\"https:\/\/www.estrategiaconcursos.com.br\/blog\/concurso-tj-rs\/#primaryimage\"},\"thumbnailUrl\":\"https:\/\/dhg1h5j42swfq.cloudfront.net\/2021\/07\/03112527\/tj-rs.jpeg\",\"datePublished\":\"2026-04-09T16:00:59+00:00\",\"dateModified\":\"2026-04-09T16:01:02+00:00\",\"description\":\"Editais do Concurso TJ RS para Analista e T\u00e9cnico est\u00e3o com os resultados preliminares da prova objetiva divulgados. Confira o andamento!\",\"breadcrumb\":{\"@id\":\"https:\/\/www.estrategiaconcursos.com.br\/blog\/concurso-tj-rs\/#breadcrumb\"},\"inLanguage\":\"pt-BR\",\"potentialAction\":[{\"@type\":\"ReadAction\",\"target\":[\"https:\/\/www.estrategiaconcursos.com.br\/blog\/concurso-tj-rs\/\"]}]},{\"@type\":\"ImageObject\",\"inLanguage\":\"pt-BR\",\"@id\":\"https:\/\/www.estrategiaconcursos.com.br\/blog\/concurso-tj-rs\/#primaryimage\",\"url\":\"https:\/\/dhg1h5j42swfq.cloudfront.net\/2021\/07\/03112527\/tj-rs.jpeg\",\"contentUrl\":\"https:\/\/dhg1h5j42swfq.cloudfront.net\/2021\/07\/03112527\/tj-rs.jpeg\",\"width\":768,\"height\":432,\"caption\":\"TJ RS\"},{\"@type\":\"BreadcrumbList\",\"@id\":\"https:\/\/www.estrategiaconcursos.com.br\/blog\/concurso-tj-rs\/#breadcrumb\",\"itemListElement\":[{\"@type\":\"ListItem\",\"position\":1,\"name\":\"In\u00edcio\",\"item\":\"https:\/\/www.estrategiaconcursos.com.br\/blog\/\"},{\"@type\":\"ListItem\",\"position\":2,\"name\":\"Concurso TJ RS: comiss\u00e3o formada para novo edital de Analista\"}]},{\"@type\":\"WebSite\",\"@id\":\"https:\/\/www.estrategiaconcursos.com.br\/blog\/#website\",\"url\":\"https:\/\/www.estrategiaconcursos.com.br\/blog\/\",\"name\":\"Estrat\u00e9gia Concursos\",\"description\":\"O blog da Estrat\u00e9gia Concursos traz not\u00edcias sobre concursos e artigos de professores oferecendo cursos para concursos (pdf + videaulas) no site.\",\"publisher\":{\"@id\":\"https:\/\/www.estrategiaconcursos.com.br\/blog\/#organization\"},\"potentialAction\":[{\"@type\":\"SearchAction\",\"target\":{\"@type\":\"EntryPoint\",\"urlTemplate\":\"https:\/\/www.estrategiaconcursos.com.br\/blog\/?s={search_term_string}\"},\"query-input\":{\"@type\":\"PropertyValueSpecification\",\"valueRequired\":true,\"valueName\":\"search_term_string\"}}],\"inLanguage\":\"pt-BR\"},{\"@type\":\"Organization\",\"@id\":\"https:\/\/www.estrategiaconcursos.com.br\/blog\/#organization\",\"name\":\"Estrat\u00e9gia Concursos\",\"url\":\"https:\/\/www.estrategiaconcursos.com.br\/blog\/\",\"logo\":{\"@type\":\"ImageObject\",\"inLanguage\":\"pt-BR\",\"@id\":\"https:\/\/www.estrategiaconcursos.com.br\/blog\/#\/schema\/logo\/image\/\",\"url\":\"https:\/\/dhg1h5j42swfq.cloudfront.net\/2025\/06\/03203428\/logo_concursos-1.jpg\",\"contentUrl\":\"https:\/\/dhg1h5j42swfq.cloudfront.net\/2025\/06\/03203428\/logo_concursos-1.jpg\",\"width\":230,\"height\":60,\"caption\":\"Estrat\u00e9gia Concursos\"},\"image\":{\"@id\":\"https:\/\/www.estrategiaconcursos.com.br\/blog\/#\/schema\/logo\/image\/\"},\"sameAs\":[\"https:\/\/x.com\/EstratConcursos\"]},{\"@type\":\"Person\",\"@id\":\"https:\/\/www.estrategiaconcursos.com.br\/blog\/#\/schema\/person\/b4a388c97673c5f483d72185668afa1f\",\"name\":\"Coordena\u00e7\u00e3o\",\"image\":{\"@type\":\"ImageObject\",\"inLanguage\":\"pt-BR\",\"@id\":\"https:\/\/secure.gravatar.com\/avatar\/b720319e4c9a967eb58678d110f4fe35452fc5d5f97b202bac7b8acceb18c6ad?s=96&d=mm&r=g\",\"url\":\"https:\/\/secure.gravatar.com\/avatar\/b720319e4c9a967eb58678d110f4fe35452fc5d5f97b202bac7b8acceb18c6ad?s=96&d=mm&r=g\",\"contentUrl\":\"https:\/\/secure.gravatar.com\/avatar\/b720319e4c9a967eb58678d110f4fe35452fc5d5f97b202bac7b8acceb18c6ad?s=96&d=mm&r=g\",\"caption\":\"Coordena\u00e7\u00e3o\"},\"sameAs\":[\"https:\/\/www.facebook.com\/EstrategiaConcursos\",\"https:\/\/x.com\/EstratConcursos\"],\"url\":\"https:\/\/www.estrategiaconcursos.com.br\/blog\/author\/estrategia2013\/\"}]}<\/script>\n<!-- \/ Yoast SEO Premium plugin. -->","yoast_head_json":{"title":"Concurso TJ RS: comiss\u00e3o formada para novo edital de Analista","description":"Editais do Concurso TJ RS para Analista e T\u00e9cnico est\u00e3o com os resultados preliminares da prova objetiva divulgados. Confira o andamento!","robots":{"index":"index","follow":"follow","max-snippet":"max-snippet:-1","max-image-preview":"max-image-preview:large","max-video-preview":"max-video-preview:-1"},"canonical":"https:\/\/www.estrategiaconcursos.com.br\/blog\/concurso-tj-rs\/","og_locale":"pt_BR","og_type":"article","og_title":"Concurso TJ RS: comiss\u00e3o formada para novo edital de Analista","og_description":"Editais do Concurso TJ RS para Analista e T\u00e9cnico est\u00e3o com os resultados preliminares da prova objetiva divulgados. Confira o andamento!","og_url":"https:\/\/www.estrategiaconcursos.com.br\/blog\/concurso-tj-rs\/","og_site_name":"Estrat\u00e9gia Concursos","article_author":"https:\/\/www.facebook.com\/EstrategiaConcursos","article_published_time":"2026-04-09T16:00:59+00:00","article_modified_time":"2026-04-09T16:01:02+00:00","og_image":[{"width":768,"height":432,"url":"https:\/\/dhg1h5j42swfq.cloudfront.net\/2021\/07\/03112527\/tj-rs.jpeg","type":"image\/jpeg"}],"author":"Coordena\u00e7\u00e3o","twitter_card":"summary_large_image","twitter_creator":"@EstratConcursos","twitter_site":"@EstratConcursos","twitter_misc":{"Escrito por":"Coordena\u00e7\u00e3o","Est. tempo de leitura":"20 minutos"},"schema":{"@context":"https:\/\/schema.org","@graph":[{"@type":"NewsArticle","@id":"https:\/\/www.estrategiaconcursos.com.br\/blog\/concurso-tj-rs\/#article","isPartOf":{"@id":"https:\/\/www.estrategiaconcursos.com.br\/blog\/concurso-tj-rs\/"},"author":{"name":"Coordena\u00e7\u00e3o","@id":"https:\/\/www.estrategiaconcursos.com.br\/blog\/#\/schema\/person\/b4a388c97673c5f483d72185668afa1f"},"headline":"Concurso TJ RS: comiss\u00e3o formada para novo edital de Analista","datePublished":"2026-04-09T16:00:59+00:00","dateModified":"2026-04-09T16:01:02+00:00","mainEntityOfPage":{"@id":"https:\/\/www.estrategiaconcursos.com.br\/blog\/concurso-tj-rs\/"},"wordCount":3963,"commentCount":21,"publisher":{"@id":"https:\/\/www.estrategiaconcursos.com.br\/blog\/#organization"},"image":{"@id":"https:\/\/www.estrategiaconcursos.com.br\/blog\/concurso-tj-rs\/#primaryimage"},"thumbnailUrl":"https:\/\/dhg1h5j42swfq.cloudfront.net\/2021\/07\/03112527\/tj-rs.jpeg","keywords":["concurso TJ RS","concurso TJRS","edital concurso TJRS"],"articleSection":["Tribunais"],"inLanguage":"pt-BR","potentialAction":[{"@type":"CommentAction","name":"Comment","target":["https:\/\/www.estrategiaconcursos.com.br\/blog\/concurso-tj-rs\/#respond"]}],"copyrightYear":"2026","copyrightHolder":{"@id":"https:\/\/www.estrategiaconcursos.com.br\/blog\/#organization"}},{"@type":"WebPage","@id":"https:\/\/www.estrategiaconcursos.com.br\/blog\/concurso-tj-rs\/","url":"https:\/\/www.estrategiaconcursos.com.br\/blog\/concurso-tj-rs\/","name":"Concurso TJ RS: comiss\u00e3o formada para novo edital de Analista","isPartOf":{"@id":"https:\/\/www.estrategiaconcursos.com.br\/blog\/#website"},"primaryImageOfPage":{"@id":"https:\/\/www.estrategiaconcursos.com.br\/blog\/concurso-tj-rs\/#primaryimage"},"image":{"@id":"https:\/\/www.estrategiaconcursos.com.br\/blog\/concurso-tj-rs\/#primaryimage"},"thumbnailUrl":"https:\/\/dhg1h5j42swfq.cloudfront.net\/2021\/07\/03112527\/tj-rs.jpeg","datePublished":"2026-04-09T16:00:59+00:00","dateModified":"2026-04-09T16:01:02+00:00","description":"Editais do Concurso TJ RS para Analista e T\u00e9cnico est\u00e3o com os resultados preliminares da prova objetiva divulgados. Confira o andamento!","breadcrumb":{"@id":"https:\/\/www.estrategiaconcursos.com.br\/blog\/concurso-tj-rs\/#breadcrumb"},"inLanguage":"pt-BR","potentialAction":[{"@type":"ReadAction","target":["https:\/\/www.estrategiaconcursos.com.br\/blog\/concurso-tj-rs\/"]}]},{"@type":"ImageObject","inLanguage":"pt-BR","@id":"https:\/\/www.estrategiaconcursos.com.br\/blog\/concurso-tj-rs\/#primaryimage","url":"https:\/\/dhg1h5j42swfq.cloudfront.net\/2021\/07\/03112527\/tj-rs.jpeg","contentUrl":"https:\/\/dhg1h5j42swfq.cloudfront.net\/2021\/07\/03112527\/tj-rs.jpeg","width":768,"height":432,"caption":"TJ RS"},{"@type":"BreadcrumbList","@id":"https:\/\/www.estrategiaconcursos.com.br\/blog\/concurso-tj-rs\/#breadcrumb","itemListElement":[{"@type":"ListItem","position":1,"name":"In\u00edcio","item":"https:\/\/www.estrategiaconcursos.com.br\/blog\/"},{"@type":"ListItem","position":2,"name":"Concurso TJ RS: comiss\u00e3o formada para novo edital de Analista"}]},{"@type":"WebSite","@id":"https:\/\/www.estrategiaconcursos.com.br\/blog\/#website","url":"https:\/\/www.estrategiaconcursos.com.br\/blog\/","name":"Estrat\u00e9gia Concursos","description":"O blog da Estrat\u00e9gia Concursos traz not\u00edcias sobre concursos e artigos de professores oferecendo cursos para concursos (pdf + videaulas) no site.","publisher":{"@id":"https:\/\/www.estrategiaconcursos.com.br\/blog\/#organization"},"potentialAction":[{"@type":"SearchAction","target":{"@type":"EntryPoint","urlTemplate":"https:\/\/www.estrategiaconcursos.com.br\/blog\/?s={search_term_string}"},"query-input":{"@type":"PropertyValueSpecification","valueRequired":true,"valueName":"search_term_string"}}],"inLanguage":"pt-BR"},{"@type":"Organization","@id":"https:\/\/www.estrategiaconcursos.com.br\/blog\/#organization","name":"Estrat\u00e9gia Concursos","url":"https:\/\/www.estrategiaconcursos.com.br\/blog\/","logo":{"@type":"ImageObject","inLanguage":"pt-BR","@id":"https:\/\/www.estrategiaconcursos.com.br\/blog\/#\/schema\/logo\/image\/","url":"https:\/\/dhg1h5j42swfq.cloudfront.net\/2025\/06\/03203428\/logo_concursos-1.jpg","contentUrl":"https:\/\/dhg1h5j42swfq.cloudfront.net\/2025\/06\/03203428\/logo_concursos-1.jpg","width":230,"height":60,"caption":"Estrat\u00e9gia Concursos"},"image":{"@id":"https:\/\/www.estrategiaconcursos.com.br\/blog\/#\/schema\/logo\/image\/"},"sameAs":["https:\/\/x.com\/EstratConcursos"]},{"@type":"Person","@id":"https:\/\/www.estrategiaconcursos.com.br\/blog\/#\/schema\/person\/b4a388c97673c5f483d72185668afa1f","name":"Coordena\u00e7\u00e3o","image":{"@type":"ImageObject","inLanguage":"pt-BR","@id":"https:\/\/secure.gravatar.com\/avatar\/b720319e4c9a967eb58678d110f4fe35452fc5d5f97b202bac7b8acceb18c6ad?s=96&d=mm&r=g","url":"https:\/\/secure.gravatar.com\/avatar\/b720319e4c9a967eb58678d110f4fe35452fc5d5f97b202bac7b8acceb18c6ad?s=96&d=mm&r=g","contentUrl":"https:\/\/secure.gravatar.com\/avatar\/b720319e4c9a967eb58678d110f4fe35452fc5d5f97b202bac7b8acceb18c6ad?s=96&d=mm&r=g","caption":"Coordena\u00e7\u00e3o"},"sameAs":["https:\/\/www.facebook.com\/EstrategiaConcursos","https:\/\/x.com\/EstratConcursos"],"url":"https:\/\/www.estrategiaconcursos.com.br\/blog\/author\/estrategia2013\/"}]}},"_links":{"self":[{"href":"https:\/\/www.estrategiaconcursos.com.br\/blog\/wp-json\/wp\/v2\/posts\/35255","targetHints":{"allow":["GET"]}}],"collection":[{"href":"https:\/\/www.estrategiaconcursos.com.br\/blog\/wp-json\/wp\/v2\/posts"}],"about":[{"href":"https:\/\/www.estrategiaconcursos.com.br\/blog\/wp-json\/wp\/v2\/types\/post"}],"author":[{"embeddable":true,"href":"https:\/\/www.estrategiaconcursos.com.br\/blog\/wp-json\/wp\/v2\/users\/1"}],"replies":[{"embeddable":true,"href":"https:\/\/www.estrategiaconcursos.com.br\/blog\/wp-json\/wp\/v2\/comments?post=35255"}],"version-history":[{"count":651,"href":"https:\/\/www.estrategiaconcursos.com.br\/blog\/wp-json\/wp\/v2\/posts\/35255\/revisions"}],"predecessor-version":[{"id":1741889,"href":"https:\/\/www.estrategiaconcursos.com.br\/blog\/wp-json\/wp\/v2\/posts\/35255\/revisions\/1741889"}],"wp:featuredmedia":[{"embeddable":true,"href":"https:\/\/www.estrategiaconcursos.com.br\/blog\/wp-json\/wp\/v2\/media\/827679"}],"wp:attachment":[{"href":"https:\/\/www.estrategiaconcursos.com.br\/blog\/wp-json\/wp\/v2\/media?parent=35255"}],"wp:term":[{"taxonomy":"category","embeddable":true,"href":"https:\/\/www.estrategiaconcursos.com.br\/blog\/wp-json\/wp\/v2\/categories?post=35255"},{"taxonomy":"post_tag","embeddable":true,"href":"https:\/\/www.estrategiaconcursos.com.br\/blog\/wp-json\/wp\/v2\/tags?post=35255"},{"taxonomy":"tax_estado","embeddable":true,"href":"https:\/\/www.estrategiaconcursos.com.br\/blog\/wp-json\/wp\/v2\/tax_estado?post=35255"}],"curies":[{"name":"wp","href":"https:\/\/api.w.org\/{rel}","templated":true}]}}