{"id":34571,"date":"2016-03-10T17:08:28","date_gmt":"2016-03-10T20:08:28","guid":{"rendered":"http:\/\/www.estrategiaconcursos.com.br\/blog\/?p=34571"},"modified":"2016-03-14T10:21:58","modified_gmt":"2016-03-14T13:21:58","slug":"comentarios-prova-trt-14a-regiao-tecnico-judiciario-tecnologia-da-informacao","status":"publish","type":"post","link":"https:\/\/www.estrategiaconcursos.com.br\/blog\/comentarios-prova-trt-14a-regiao-tecnico-judiciario-tecnologia-da-informacao\/","title":{"rendered":"Coment\u00e1rios Prova TRT 14\u00aa Regi\u00e3o \u2013 T\u00e9cnico Judici\u00e1rio &#8211; Tecnologia da Informa\u00e7\u00e3o"},"content":{"rendered":"<p>Ol\u00e1 pessoal,<\/p>\n<p>dando sequ\u00eancia \u00e0 corre\u00e7\u00e3o das provas do\u00a0TRT 14\u00aa Regi\u00e3o, dessa vez comentarei a prova para o cargo de\u00a0T\u00e9cnico Judici\u00e1rio\u00a0&#8211;\u00a0Tecnologia da Informa\u00e7\u00e3o.<\/p>\n<p>&nbsp;<\/p>\n<p><strong>28) Os resultados da etapa de An\u00e1lise e Avalia\u00e7\u00e3o de Riscos permitem criar perfis de riscos dos programas, projetos e processos final\u00edsticos da organiza\u00e7\u00e3o, os quais<\/strong><\/p>\n<p>(A) s\u00e3o identificados atrav\u00e9s da matriz RACI, que categoriza os riscos em uma escala de 0 a 10.<\/p>\n<p><strong>(B) capturam as raz\u00f5es das decis\u00f5es tomadas sobre o que \u00e9 exposi\u00e7\u00e3o toler\u00e1vel e n\u00e3o toler\u00e1vel.<\/strong><\/p>\n<p>(C) refletem o gerenciamento de riscos impl\u00edcitos, expl\u00edcitos, realizados e n\u00e3o realizados.<\/p>\n<p>(D) impedem a reavalia\u00e7\u00e3o e monitoramento dos riscos finalizados.<\/p>\n<p>(E) fornecem uma base de decis\u00e3o para a etapa de Identifica\u00e7\u00e3o dos Riscos.<\/p>\n<p>&nbsp;<\/p>\n<p><strong>Coment\u00e1rio:<\/strong> A se\u00e7\u00e3o 10.2.3 do <em>Guia de Orienta\u00e7\u00e3o para Gerenciamento de Riscos,<\/em> cita que os resultados da etapa de an\u00e1lise e avalia\u00e7\u00e3o de riscos permitem criar perfis de riscos dos programas, projetos e processos final\u00edsticos da organiza\u00e7\u00e3o, os quais:<\/p>\n<ol>\n<li>Facilitam a identifica\u00e7\u00e3o da prioridade de riscos (em particular identifica os mais importantes riscos com os quais a alta administra\u00e7\u00e3o deve se preocupar);<\/li>\n<li><strong><em><u>Capturam as raz\u00f5es pelas quais as decis\u00f5es tomadas sobre o que \u00e9 exposi\u00e7\u00e3o toler\u00e1vel e n\u00e3o toler\u00e1vel;<\/u><\/em><\/strong><\/li>\n<li>Permitem \u00e0queles envolvidos no gerenciamento de riscos uma visualiza\u00e7\u00e3o de perfis de riscos e como essas \u00e1reas e responsabilidades est\u00e3o relacionadas;<\/li>\n<li>Facilitam a reavalia\u00e7\u00e3o e monitoramento dos riscos;<\/li>\n<li>Fornecem uma base de decis\u00e3o para a etapa de Planejamento de Respostas aos Riscos.<\/li>\n<\/ol>\n<p>&nbsp;<\/p>\n<p>Resposta certa, <strong>alternativa B).<\/strong><\/p>\n<p>&nbsp;<\/p>\n<p><strong>42) <em>Prestar servi\u00e7os operacionais de TI a todos os usu\u00e1rios exige capacidades de servi\u00e7o (infraestrutura, aplicativos) bem como pessoas qualificadas. Diversos processos de presta\u00e7\u00e3o de servi\u00e7os tamb\u00e9m devem ser implementados, apoiados pelas estruturas organizacionais adequadas, que demonstram como todos os habilitadores s\u00e3o necess\u00e1rios para uma presta\u00e7\u00e3o de servi\u00e7os bem<\/em><\/strong><strong>\u2010<\/strong><strong><em>sucedida.<\/em><\/strong><\/p>\n<p><strong>\u00a0<\/strong><strong>O texto evidencia a aplica\u00e7\u00e3o do princ\u00edpio do COBIT 5:<\/strong><\/p>\n<p>(A) Cobrir as necessidades dos <em>stakeholders<\/em>.<\/p>\n<p><strong>(B) Permitir uma abordagem hol\u00edstica.<\/strong><\/p>\n<p>(C) Distinguir a organiza\u00e7\u00e3o de ponta a ponta.<\/p>\n<p>(D) Criar um modelo \u00fanico integrado.<\/p>\n<p>(E) Atender \u00e0s necessidades da Governan\u00e7a e da Gest\u00e3o.<\/p>\n<p>&nbsp;<\/p>\n<p><strong>Coment\u00e1rio:<\/strong> O texto do enunciado foi retirado do cap\u00edtulo 5 do guia oficial, exatamente pra exemplificar que, pra uma governan\u00e7a e gest\u00e3o eficiente e eficaz de TI, a organiza\u00e7\u00e3o deve <strong><em><u>permitir uma abordagem hol\u00edstica<\/u><\/em><\/strong>, isto \u00e9, que leve em conta seus diversos componentes interligados, os chamados habilitadores, que s\u00e3o fatores que, individualmente e coletivamente, exercem influ\u00eancia sobre algumas atividades, sendo, no caso, as atividades de governar e gerir TI.<\/p>\n<p>&nbsp;<\/p>\n<p>Resposta certa, <strong>alternativa B).<\/strong><\/p>\n<p>&nbsp;<\/p>\n<p><strong>43) Quando um risco for identificado e analisado, deve ser sempre considerado o risco<\/strong><\/p>\n<p>(A) interno, que \u00e9 a exposi\u00e7\u00e3o remanescente de um risco espec\u00edfico ap\u00f3s uma a\u00e7\u00e3o ser tomada para gerenci\u00e1-lo, assumindo que esta a\u00e7\u00e3o seja efetiva.<\/p>\n<p>(B) externo, que \u00e9 a exposi\u00e7\u00e3o proveniente de um risco espec\u00edfico antes que qualquer a\u00e7\u00e3o seja tomada para gerenci\u00e1-lo.<\/p>\n<p><strong>(C) inerente e n\u00e3o o risco residual. Se isto n\u00e3o for realizado, a organiza\u00e7\u00e3o n\u00e3o saber\u00e1 qual ser\u00e1 a sua exposi\u00e7\u00e3o ao risco se a a\u00e7\u00e3o de controle falhar.<\/strong><\/p>\n<p>(D) organizacional, que permite avaliar se ele est\u00e1 dentro do apetite de risco da organiza\u00e7\u00e3o e se n\u00e3o precisam ser gastos recursos para controlar este risco.<\/p>\n<p>(E) residual e n\u00e3o o risco inerente. Se isto n\u00e3o for realizado, a organiza\u00e7\u00e3o n\u00e3o saber\u00e1 qual ser\u00e1 a sua exposi\u00e7\u00e3o ao risco se a a\u00e7\u00e3o de controle falhar.<\/p>\n<p>&nbsp;<\/p>\n<p><strong>Coment\u00e1rio:<\/strong> Mais uma quest\u00e3o retirada do <em>Guia de Orienta\u00e7\u00e3o para Gerenciamento de Riscos.<\/em> A se\u00e7\u00e3o 10.2.3, que disp\u00f5e sobre Risco Inerente e Risco Residual, define o <strong><em><u>risco inerente<\/u><\/em><\/strong> como sendo a exposi\u00e7\u00e3o proveniente de um risco espec\u00edfico antes que qualquer a\u00e7\u00e3o seja tomada para gerenci\u00e1-lo e o <strong><em><u>risco residual<\/u><\/em><\/strong> \u00e9 a exposi\u00e7\u00e3o remanescente de um risco espec\u00edfico ap\u00f3s uma a\u00e7\u00e3o ser tomada para gerenci\u00e1-lo, assumindo que esta a\u00e7\u00e3o seja efetiva, o que tornam as alternativas A) e B) equivocadas. O guia ainda cita que o <strong><em><u>conhecimento sobre o risco inerente<\/u><\/em><\/strong> tamb\u00e9m permite avaliar se ele est\u00e1 dentro do apetite de risco da organiza\u00e7\u00e3o e se n\u00e3o precisam ser gastos recursos para controlar estes riscos, invalidando, portanto, a alternativa D).<\/p>\n<p>Por fim, o guia conclui dizendo que quando um risco for identificado e analisado, deve ser sempre considerado o risco <strong><em><u>inerente e n\u00e3o o risco residual. Se isto n\u00e3o for realizado, a organiza\u00e7\u00e3o n\u00e3o vai saber qual ser\u00e1 a sua exposi\u00e7\u00e3o ao risco, se a a\u00e7\u00e3o de controle falhar<\/u><\/em><\/strong>.<\/p>\n<p>&nbsp;<\/p>\n<p>Resposta certa, <strong>alternativa C).<\/strong><\/p>\n<p>&nbsp;<\/p>\n<p><strong>44) Um T\u00e9cnico participou da elabora\u00e7\u00e3o do Termo de Abertura do Projeto &#8211; TAP seguindo as boas pr\u00e1ticas do PMBoK 5\u00aa edi\u00e7\u00e3o. Este TAP<\/strong><\/p>\n<p>(A) d\u00e1 \u00e0s partes interessadas a autoridade necess\u00e1ria para aplicar recursos organizacionais \u00e0s atividades do projeto.<\/p>\n<p>(B) delimita o cronograma do projeto e cria um registro formal, que deve ser assinado pela dire\u00e7\u00e3o executiva, aceitando todos os gastos at\u00e9 a conclus\u00e3o do projeto.<\/p>\n<p><strong>(C) n\u00e3o \u00e9 considerado um contrato, porque n\u00e3o h\u00e1 pagamento, promessa ou troca de dinheiro envolvidos na sua cria\u00e7\u00e3o.<\/strong><\/p>\n<p>(D) recomenda o nome do gerente do projeto, que n\u00e3o deve participar de sua elabora\u00e7\u00e3o para n\u00e3o influenciar na escolha de seu nome.<\/p>\n<p>(E) faz parte do Gerenciamento do Escopo do Projeto. O TAP valida o alinhamento do projeto com a estrat\u00e9gia e o trabalho em progresso da organiza\u00e7\u00e3o.<\/p>\n<p>&nbsp;<\/p>\n<p><strong>Coment\u00e1rios:<\/strong> Segundo o PMBOK 5\u00aa edi\u00e7\u00e3o, o Termo de Abertura do Projeto (TAP), que faz parte do <strong><em><u>Gerenciamento da Integra\u00e7\u00e3o do Projeto<\/u><\/em><\/strong>, \u00e9 o documento que formalmente autoriza a exist\u00eancia de um projeto e d\u00e1 ao <strong><em><u>gerente do projeto<\/u><\/em><\/strong> a autoridade necess\u00e1ria para aplicar recursos organizacionais \u00e0s atividades do projeto. O respons\u00e1vel inicial ou patrocinador do projeto deve estar em um n\u00edvel apropriado para captar o financiamento e dedicar recursos para o projeto. Entretanto, deve ser analisado criticamente cada gasto envolvido, <strong><em><u>evitando assim, que sejam aceitos<\/u><\/em><\/strong><strong><em><u> todos os gastos at\u00e9 a conclus\u00e3o do projeto<\/u><\/em><\/strong>.<\/p>\n<p>O Guia ainda cita que <strong><em><u>\u00e9 recomend\u00e1vel que o gerente do projeto participe do desenvolvimento do termo de abertura do projeto<\/u><\/em><\/strong> para obter uma compreens\u00e3o de base dos requisitos do mesmo. Por fim, o termo de abertura de projeto <strong><em><u>n\u00e3o \u00e9 considerado um contrato, porque n\u00e3o h\u00e1 pagamento, promessa ou troca de dinheiro envolvidos na sua cria\u00e7\u00e3o<\/u><\/em><\/strong>.<\/p>\n<p>&nbsp;<\/p>\n<p>Resposta certa, <strong>alternativa C).<\/strong><\/p>\n<p>&nbsp;<\/p>\n<p><strong>45) De acordo com a ITIL v3 atualizada em 2011, o Portf\u00f3lio de Servi\u00e7o \u00e9<\/strong><\/p>\n<p>(A) um aplicativo que prov\u00ea as fun\u00e7\u00f5es requeridas por um servi\u00e7o de TI.<\/p>\n<p><strong>(B) utilizado para gerenciar o ciclo de vida inteiro de todos os servi\u00e7os de TI, incluindo 3 categorias: funil de servi\u00e7o, cat\u00e1logo de servi\u00e7o e servi\u00e7os obsoletos.<\/strong><\/p>\n<p>(C) parte do cat\u00e1logo de servi\u00e7o e cont\u00e9m informa\u00e7\u00f5es sobre 2 tipos de servi\u00e7os de TI: de suporte e voltados para o cliente.<\/p>\n<p>(D) um documento que cont\u00e9m detalhes de um servi\u00e7o novo ou modificado recentemente.<\/p>\n<p>(E) o processo respons\u00e1vel por fornecer e manter o cat\u00e1logo de servi\u00e7o e por garantir que esteja dispon\u00edvel \u00e0queles autorizados a acess\u00e1-lo.<\/p>\n<p>&nbsp;<\/p>\n<p><strong>Coment\u00e1rios:<\/strong> O Portf\u00f3lio de Servi\u00e7o \u00e9 utilizado para gerenciar o ciclo de vida inteiro de todos os servi\u00e7os de TI, incluindo 3 categorias: funil de servi\u00e7o, cat\u00e1logo de servi\u00e7o e servi\u00e7os obsoletos, conforme figura 1 exibida abaixo:<\/p>\n<p><a href=\"https:\/\/dhg1h5j42swfq.cloudfront.net\/2016\/03\/06121546\/portfolio-servicos.jpg\" rel=\"attachment wp-att-34572\"><img loading=\"lazy\" decoding=\"async\" class=\"size-medium wp-image-34572 aligncenter\" src=\"https:\/\/dhg1h5j42swfq.cloudfront.net\/2016\/03\/06121546\/portfolio-servicos-209x300.jpg\" alt=\"portfolio-servicos\" width=\"209\" height=\"300\" srcset=\"https:\/\/dhg1h5j42swfq.cloudfront.net\/2016\/03\/06121546\/portfolio-servicos.jpg 209w, https:\/\/dhg1h5j42swfq.cloudfront.net\/2016\/03\/06121546\/portfolio-servicos.jpg 383w\" sizes=\"auto, (max-width: 209px) 100vw, 209px\" \/><\/a><\/p>\n<p style=\"text-align: center\"><strong>Figura 1 &#8211; Portf\u00f3lio de Servi\u00e7o<\/strong><\/p>\n<p>&nbsp;<\/p>\n<p>Com rela\u00e7\u00e3o \u00e0s outras alternativas, temos as seguintes considera\u00e7\u00f5es:<\/p>\n<p>(A) Defini\u00e7\u00e3o para <strong><em><u>software<\/u><\/em><\/strong>, segundo o gloss\u00e1rio da ITIL.<\/p>\n<p><strong>(B) Correta.<\/strong><\/p>\n<p>(C) O <strong><em><u>Cat\u00e1logo de Servi\u00e7o<\/u><\/em><\/strong> \u00e9 quem faz parte do Portf\u00f3lio de Servi\u00e7o.<\/p>\n<p>(D) Defini\u00e7\u00e3o para <strong><em><u>Termo de Abertura de Servi\u00e7o<\/u><\/em><\/strong>, segundo o gloss\u00e1rio da ITIL.<\/p>\n<p>(E) O processo respons\u00e1vel por fornecer e manter o cat\u00e1logo de servi\u00e7o \u00e9 justamente o <strong><em><u>Gerenciamento de Cat\u00e1logo de Servi\u00e7os<\/u><\/em><\/strong>.<\/p>\n<p>&nbsp;<\/p>\n<p>Resposta certa, <strong>alternativa B).<\/strong><\/p>\n<p>&nbsp;<\/p>\n<p><strong>46) O modelo de qualidade de <em>software <\/em>CMMI, vers\u00e3o 1.3,<\/strong><\/p>\n<p>(A) \u00e9 largamente utilizado pelos Tribunais que utilizam o Scrum, pois o modelo MPS.BR conflita com as metodologias \u00e1geis de <em>software<\/em>.<\/p>\n<p>(B) adota a ITIL v3 como padr\u00e3o de gerenciamento da qualidade de servi\u00e7os de TI.<\/p>\n<p><strong>(C) utiliza a representa\u00e7\u00e3o cont\u00ednua para permitir que a organiza\u00e7\u00e3o atinja n\u00edveis de capacidade.<\/strong><\/p>\n<p>(D) n\u00e3o atende \u00e0s necessidades das grandes empresas brasileiras, por isso foi criado o modelo MPS.BR.<\/p>\n<p>(E) foi modificado em 2010 para manter compatibilidade com a Norma NBR ISO\/IEC 12207:2009.<\/p>\n<p>&nbsp;<\/p>\n<p><strong>Coment\u00e1rios:<\/strong> O modelo de qualidade de software CMMI, em sua vers\u00e3o 1.3, <strong><em><u>utiliza as representa\u00e7\u00f5es cont\u00ednua e por est\u00e1gio para permitir que a organiza\u00e7\u00e3o atinja n\u00edveis de capacidade<\/u><\/em><\/strong> e maturidade respectivamente.<\/p>\n<p>Ademais, o modelo MPS.BR<strong> <em><u>N\u00c3O conflita com as metodologias \u00e1geis de software<\/u><\/em><\/strong>, sobretudo com o <strong><em><u>SCRUM<\/u><\/em><\/strong>, devendo a organiza\u00e7\u00e3o realizar algumas adapta\u00e7\u00f5es nas pr\u00e1ticas do Scrum para serem completamente aderentes ao MPS.BR.<\/p>\n<p>O CMMI <strong><em><u>N\u00c3O<\/u><\/em><\/strong> adota a ITIL v3 como padr\u00e3o de gerenciamento da qualidade de servi\u00e7os de TI. Al\u00e9m disso, <strong><em><u>atende \u00e0s necessidades das grandes empresas brasileiras<\/u><\/em><\/strong>, apesar de ser mais caro que o modelo MPS.BR.<\/p>\n<p>Por fim, vale lembrar que o modelo modificado em 2010 para manter compatibilidade com a Norma NBR ISO\/IEC 12207:2009 foi o <strong><em><u>MPS.BR<\/u><\/em><\/strong>, e n\u00e3o o CMMI.<\/p>\n<p>&nbsp;<\/p>\n<p>Resposta certa, <strong>alternativa C).<\/strong><\/p>\n<p>&nbsp;<\/p>\n<p>Espero que tenham gostado dos coment\u00e1rios e quaisquer d\u00favidas, sugest\u00f5es ou elogios, comentem no f\u00f3rum.<\/p>\n<p>Grande abra\u00e7o!<\/p>\n<p>&nbsp;<\/p>\n","protected":false},"excerpt":{"rendered":"<p>Ol\u00e1 pessoal, dando sequ\u00eancia \u00e0 corre\u00e7\u00e3o das provas do\u00a0TRT 14\u00aa Regi\u00e3o, dessa vez comentarei a prova para o cargo de\u00a0T\u00e9cnico Judici\u00e1rio\u00a0&#8211;\u00a0Tecnologia da Informa\u00e7\u00e3o. &nbsp; 28) Os resultados da etapa de An\u00e1lise e Avalia\u00e7\u00e3o de Riscos permitem criar perfis de riscos dos programas, projetos e processos final\u00edsticos da organiza\u00e7\u00e3o, os quais (A) s\u00e3o identificados atrav\u00e9s da [&hellip;]<\/p>\n","protected":false},"author":271,"featured_media":0,"comment_status":"open","ping_status":"open","sticky":false,"template":"","format":"standard","meta":{"post_tipo":"article","footnotes":""},"categories":[1],"tags":[25,801],"tax_estado":[],"class_list":["post-34571","post","type-post","status-publish","format-standard","hentry","category-cursos-e-concursos","tag-tecnologia-da-informacao","tag-trt-14"],"acf":[],"yoast_head":"<!-- This site is optimized with the Yoast SEO Premium plugin v27.2 (Yoast SEO v27.2) - https:\/\/yoast.com\/product\/yoast-seo-premium-wordpress\/ -->\n<title>Coment\u00e1rios Prova TRT 14\u00aa Regi\u00e3o \u2013 T\u00e9cnico Judici\u00e1rio - Tecnologia da Informa\u00e7\u00e3o<\/title>\n<meta name=\"robots\" content=\"index, follow, max-snippet:-1, max-image-preview:large, max-video-preview:-1\" \/>\n<link rel=\"canonical\" href=\"https:\/\/www.estrategiaconcursos.com.br\/blog\/comentarios-prova-trt-14a-regiao-tecnico-judiciario-tecnologia-da-informacao\/\" \/>\n<meta property=\"og:locale\" content=\"pt_BR\" \/>\n<meta property=\"og:type\" content=\"article\" \/>\n<meta property=\"og:title\" content=\"Coment\u00e1rios Prova TRT 14\u00aa Regi\u00e3o \u2013 T\u00e9cnico Judici\u00e1rio - Tecnologia da Informa\u00e7\u00e3o\" \/>\n<meta property=\"og:description\" content=\"Ol\u00e1 pessoal, dando sequ\u00eancia \u00e0 corre\u00e7\u00e3o das provas do\u00a0TRT 14\u00aa Regi\u00e3o, dessa vez comentarei a prova para o cargo de\u00a0T\u00e9cnico Judici\u00e1rio\u00a0&#8211;\u00a0Tecnologia da Informa\u00e7\u00e3o. &nbsp; 28) Os resultados da etapa de An\u00e1lise e Avalia\u00e7\u00e3o de Riscos permitem criar perfis de riscos dos programas, projetos e processos final\u00edsticos da organiza\u00e7\u00e3o, os quais (A) s\u00e3o identificados atrav\u00e9s da [&hellip;]\" \/>\n<meta property=\"og:url\" content=\"https:\/\/www.estrategiaconcursos.com.br\/blog\/comentarios-prova-trt-14a-regiao-tecnico-judiciario-tecnologia-da-informacao\/\" \/>\n<meta property=\"og:site_name\" content=\"Estrat\u00e9gia Concursos\" \/>\n<meta property=\"article:published_time\" content=\"2016-03-10T20:08:28+00:00\" \/>\n<meta property=\"article:modified_time\" content=\"2016-03-14T13:21:58+00:00\" \/>\n<meta property=\"og:image\" content=\"https:\/\/dhg1h5j42swfq.cloudfront.net\/2016\/03\/06121546\/portfolio-servicos-209x300.jpg\" \/>\n<meta name=\"author\" content=\"Marcelo Rezende Bueno\" \/>\n<meta name=\"twitter:card\" content=\"summary_large_image\" \/>\n<meta name=\"twitter:creator\" content=\"@EstratConcursos\" \/>\n<meta name=\"twitter:site\" content=\"@EstratConcursos\" \/>\n<meta name=\"twitter:label1\" content=\"Escrito por\" \/>\n\t<meta name=\"twitter:data1\" content=\"Marcelo Rezende Bueno\" \/>\n\t<meta name=\"twitter:label2\" content=\"Est. tempo de leitura\" \/>\n\t<meta name=\"twitter:data2\" content=\"8 minutos\" \/>\n<script type=\"application\/ld+json\" class=\"yoast-schema-graph\">{\"@context\":\"https:\/\/schema.org\",\"@graph\":[{\"@type\":\"NewsArticle\",\"@id\":\"https:\/\/www.estrategiaconcursos.com.br\/blog\/comentarios-prova-trt-14a-regiao-tecnico-judiciario-tecnologia-da-informacao\/#article\",\"isPartOf\":{\"@id\":\"https:\/\/www.estrategiaconcursos.com.br\/blog\/comentarios-prova-trt-14a-regiao-tecnico-judiciario-tecnologia-da-informacao\/\"},\"author\":{\"name\":\"Marcelo Rezende Bueno\",\"@id\":\"https:\/\/www.estrategiaconcursos.com.br\/blog\/#\/schema\/person\/2539832ff2350976e3a71447f526f1c1\"},\"headline\":\"Coment\u00e1rios Prova TRT 14\u00aa Regi\u00e3o \u2013 T\u00e9cnico Judici\u00e1rio &#8211; Tecnologia da Informa\u00e7\u00e3o\",\"datePublished\":\"2016-03-10T20:08:28+00:00\",\"dateModified\":\"2016-03-14T13:21:58+00:00\",\"mainEntityOfPage\":{\"@id\":\"https:\/\/www.estrategiaconcursos.com.br\/blog\/comentarios-prova-trt-14a-regiao-tecnico-judiciario-tecnologia-da-informacao\/\"},\"wordCount\":1697,\"commentCount\":1,\"publisher\":{\"@id\":\"https:\/\/www.estrategiaconcursos.com.br\/blog\/#organization\"},\"image\":{\"@id\":\"https:\/\/www.estrategiaconcursos.com.br\/blog\/comentarios-prova-trt-14a-regiao-tecnico-judiciario-tecnologia-da-informacao\/#primaryimage\"},\"thumbnailUrl\":\"https:\/\/dhg1h5j42swfq.cloudfront.net\/2016\/03\/06121546\/portfolio-servicos-209x300.jpg\",\"keywords\":[\"Tecnologia da Informa\u00e7\u00e3o\",\"TRT 14\"],\"articleSection\":[\"Concursos P\u00fablicos\"],\"inLanguage\":\"pt-BR\",\"potentialAction\":[{\"@type\":\"CommentAction\",\"name\":\"Comment\",\"target\":[\"https:\/\/www.estrategiaconcursos.com.br\/blog\/comentarios-prova-trt-14a-regiao-tecnico-judiciario-tecnologia-da-informacao\/#respond\"]}],\"copyrightYear\":\"2016\",\"copyrightHolder\":{\"@id\":\"https:\/\/www.estrategiaconcursos.com.br\/blog\/#organization\"}},{\"@type\":\"WebPage\",\"@id\":\"https:\/\/www.estrategiaconcursos.com.br\/blog\/comentarios-prova-trt-14a-regiao-tecnico-judiciario-tecnologia-da-informacao\/\",\"url\":\"https:\/\/www.estrategiaconcursos.com.br\/blog\/comentarios-prova-trt-14a-regiao-tecnico-judiciario-tecnologia-da-informacao\/\",\"name\":\"Coment\u00e1rios Prova TRT 14\u00aa Regi\u00e3o \u2013 T\u00e9cnico Judici\u00e1rio - Tecnologia da Informa\u00e7\u00e3o\",\"isPartOf\":{\"@id\":\"https:\/\/www.estrategiaconcursos.com.br\/blog\/#website\"},\"primaryImageOfPage\":{\"@id\":\"https:\/\/www.estrategiaconcursos.com.br\/blog\/comentarios-prova-trt-14a-regiao-tecnico-judiciario-tecnologia-da-informacao\/#primaryimage\"},\"image\":{\"@id\":\"https:\/\/www.estrategiaconcursos.com.br\/blog\/comentarios-prova-trt-14a-regiao-tecnico-judiciario-tecnologia-da-informacao\/#primaryimage\"},\"thumbnailUrl\":\"https:\/\/dhg1h5j42swfq.cloudfront.net\/2016\/03\/06121546\/portfolio-servicos-209x300.jpg\",\"datePublished\":\"2016-03-10T20:08:28+00:00\",\"dateModified\":\"2016-03-14T13:21:58+00:00\",\"breadcrumb\":{\"@id\":\"https:\/\/www.estrategiaconcursos.com.br\/blog\/comentarios-prova-trt-14a-regiao-tecnico-judiciario-tecnologia-da-informacao\/#breadcrumb\"},\"inLanguage\":\"pt-BR\",\"potentialAction\":[{\"@type\":\"ReadAction\",\"target\":[\"https:\/\/www.estrategiaconcursos.com.br\/blog\/comentarios-prova-trt-14a-regiao-tecnico-judiciario-tecnologia-da-informacao\/\"]}]},{\"@type\":\"ImageObject\",\"inLanguage\":\"pt-BR\",\"@id\":\"https:\/\/www.estrategiaconcursos.com.br\/blog\/comentarios-prova-trt-14a-regiao-tecnico-judiciario-tecnologia-da-informacao\/#primaryimage\",\"url\":\"https:\/\/dhg1h5j42swfq.cloudfront.net\/2016\/03\/06121546\/portfolio-servicos-209x300.jpg\",\"contentUrl\":\"https:\/\/dhg1h5j42swfq.cloudfront.net\/2016\/03\/06121546\/portfolio-servicos-209x300.jpg\"},{\"@type\":\"BreadcrumbList\",\"@id\":\"https:\/\/www.estrategiaconcursos.com.br\/blog\/comentarios-prova-trt-14a-regiao-tecnico-judiciario-tecnologia-da-informacao\/#breadcrumb\",\"itemListElement\":[{\"@type\":\"ListItem\",\"position\":1,\"name\":\"In\u00edcio\",\"item\":\"https:\/\/www.estrategiaconcursos.com.br\/blog\/\"},{\"@type\":\"ListItem\",\"position\":2,\"name\":\"Coment\u00e1rios Prova TRT 14\u00aa Regi\u00e3o \u2013 T\u00e9cnico Judici\u00e1rio &#8211; Tecnologia da Informa\u00e7\u00e3o\"}]},{\"@type\":\"WebSite\",\"@id\":\"https:\/\/www.estrategiaconcursos.com.br\/blog\/#website\",\"url\":\"https:\/\/www.estrategiaconcursos.com.br\/blog\/\",\"name\":\"Estrat\u00e9gia Concursos\",\"description\":\"O blog da Estrat\u00e9gia Concursos traz not\u00edcias sobre concursos e artigos de professores oferecendo cursos para concursos (pdf + videaulas) no site.\",\"publisher\":{\"@id\":\"https:\/\/www.estrategiaconcursos.com.br\/blog\/#organization\"},\"potentialAction\":[{\"@type\":\"SearchAction\",\"target\":{\"@type\":\"EntryPoint\",\"urlTemplate\":\"https:\/\/www.estrategiaconcursos.com.br\/blog\/?s={search_term_string}\"},\"query-input\":{\"@type\":\"PropertyValueSpecification\",\"valueRequired\":true,\"valueName\":\"search_term_string\"}}],\"inLanguage\":\"pt-BR\"},{\"@type\":\"Organization\",\"@id\":\"https:\/\/www.estrategiaconcursos.com.br\/blog\/#organization\",\"name\":\"Estrat\u00e9gia Concursos\",\"url\":\"https:\/\/www.estrategiaconcursos.com.br\/blog\/\",\"logo\":{\"@type\":\"ImageObject\",\"inLanguage\":\"pt-BR\",\"@id\":\"https:\/\/www.estrategiaconcursos.com.br\/blog\/#\/schema\/logo\/image\/\",\"url\":\"https:\/\/dhg1h5j42swfq.cloudfront.net\/2025\/06\/03203428\/logo_concursos-1.jpg\",\"contentUrl\":\"https:\/\/dhg1h5j42swfq.cloudfront.net\/2025\/06\/03203428\/logo_concursos-1.jpg\",\"width\":230,\"height\":60,\"caption\":\"Estrat\u00e9gia Concursos\"},\"image\":{\"@id\":\"https:\/\/www.estrategiaconcursos.com.br\/blog\/#\/schema\/logo\/image\/\"},\"sameAs\":[\"https:\/\/x.com\/EstratConcursos\"]},{\"@type\":\"Person\",\"@id\":\"https:\/\/www.estrategiaconcursos.com.br\/blog\/#\/schema\/person\/2539832ff2350976e3a71447f526f1c1\",\"name\":\"Marcelo Rezende Bueno\",\"image\":{\"@type\":\"ImageObject\",\"inLanguage\":\"pt-BR\",\"@id\":\"https:\/\/secure.gravatar.com\/avatar\/0edc7173e0d9908b025232b4d29b301518ab81721d4af0bcf6a7eec202530a9e?s=96&d=mm&r=g\",\"url\":\"https:\/\/secure.gravatar.com\/avatar\/0edc7173e0d9908b025232b4d29b301518ab81721d4af0bcf6a7eec202530a9e?s=96&d=mm&r=g\",\"contentUrl\":\"https:\/\/secure.gravatar.com\/avatar\/0edc7173e0d9908b025232b4d29b301518ab81721d4af0bcf6a7eec202530a9e?s=96&d=mm&r=g\",\"caption\":\"Marcelo Rezende Bueno\"},\"url\":\"https:\/\/www.estrategiaconcursos.com.br\/blog\/author\/marcelorezendebuenogmail-com\/\"}]}<\/script>\n<!-- \/ Yoast SEO Premium plugin. -->","yoast_head_json":{"title":"Coment\u00e1rios Prova TRT 14\u00aa Regi\u00e3o \u2013 T\u00e9cnico Judici\u00e1rio - Tecnologia da Informa\u00e7\u00e3o","robots":{"index":"index","follow":"follow","max-snippet":"max-snippet:-1","max-image-preview":"max-image-preview:large","max-video-preview":"max-video-preview:-1"},"canonical":"https:\/\/www.estrategiaconcursos.com.br\/blog\/comentarios-prova-trt-14a-regiao-tecnico-judiciario-tecnologia-da-informacao\/","og_locale":"pt_BR","og_type":"article","og_title":"Coment\u00e1rios Prova TRT 14\u00aa Regi\u00e3o \u2013 T\u00e9cnico Judici\u00e1rio - Tecnologia da Informa\u00e7\u00e3o","og_description":"Ol\u00e1 pessoal, dando sequ\u00eancia \u00e0 corre\u00e7\u00e3o das provas do\u00a0TRT 14\u00aa Regi\u00e3o, dessa vez comentarei a prova para o cargo de\u00a0T\u00e9cnico Judici\u00e1rio\u00a0&#8211;\u00a0Tecnologia da Informa\u00e7\u00e3o. &nbsp; 28) Os resultados da etapa de An\u00e1lise e Avalia\u00e7\u00e3o de Riscos permitem criar perfis de riscos dos programas, projetos e processos final\u00edsticos da organiza\u00e7\u00e3o, os quais (A) s\u00e3o identificados atrav\u00e9s da [&hellip;]","og_url":"https:\/\/www.estrategiaconcursos.com.br\/blog\/comentarios-prova-trt-14a-regiao-tecnico-judiciario-tecnologia-da-informacao\/","og_site_name":"Estrat\u00e9gia Concursos","article_published_time":"2016-03-10T20:08:28+00:00","article_modified_time":"2016-03-14T13:21:58+00:00","og_image":[{"url":"https:\/\/dhg1h5j42swfq.cloudfront.net\/2016\/03\/06121546\/portfolio-servicos-209x300.jpg","type":"","width":"","height":""}],"author":"Marcelo Rezende Bueno","twitter_card":"summary_large_image","twitter_creator":"@EstratConcursos","twitter_site":"@EstratConcursos","twitter_misc":{"Escrito por":"Marcelo Rezende Bueno","Est. tempo de leitura":"8 minutos"},"schema":{"@context":"https:\/\/schema.org","@graph":[{"@type":"NewsArticle","@id":"https:\/\/www.estrategiaconcursos.com.br\/blog\/comentarios-prova-trt-14a-regiao-tecnico-judiciario-tecnologia-da-informacao\/#article","isPartOf":{"@id":"https:\/\/www.estrategiaconcursos.com.br\/blog\/comentarios-prova-trt-14a-regiao-tecnico-judiciario-tecnologia-da-informacao\/"},"author":{"name":"Marcelo Rezende Bueno","@id":"https:\/\/www.estrategiaconcursos.com.br\/blog\/#\/schema\/person\/2539832ff2350976e3a71447f526f1c1"},"headline":"Coment\u00e1rios Prova TRT 14\u00aa Regi\u00e3o \u2013 T\u00e9cnico Judici\u00e1rio &#8211; Tecnologia da Informa\u00e7\u00e3o","datePublished":"2016-03-10T20:08:28+00:00","dateModified":"2016-03-14T13:21:58+00:00","mainEntityOfPage":{"@id":"https:\/\/www.estrategiaconcursos.com.br\/blog\/comentarios-prova-trt-14a-regiao-tecnico-judiciario-tecnologia-da-informacao\/"},"wordCount":1697,"commentCount":1,"publisher":{"@id":"https:\/\/www.estrategiaconcursos.com.br\/blog\/#organization"},"image":{"@id":"https:\/\/www.estrategiaconcursos.com.br\/blog\/comentarios-prova-trt-14a-regiao-tecnico-judiciario-tecnologia-da-informacao\/#primaryimage"},"thumbnailUrl":"https:\/\/dhg1h5j42swfq.cloudfront.net\/2016\/03\/06121546\/portfolio-servicos-209x300.jpg","keywords":["Tecnologia da Informa\u00e7\u00e3o","TRT 14"],"articleSection":["Concursos P\u00fablicos"],"inLanguage":"pt-BR","potentialAction":[{"@type":"CommentAction","name":"Comment","target":["https:\/\/www.estrategiaconcursos.com.br\/blog\/comentarios-prova-trt-14a-regiao-tecnico-judiciario-tecnologia-da-informacao\/#respond"]}],"copyrightYear":"2016","copyrightHolder":{"@id":"https:\/\/www.estrategiaconcursos.com.br\/blog\/#organization"}},{"@type":"WebPage","@id":"https:\/\/www.estrategiaconcursos.com.br\/blog\/comentarios-prova-trt-14a-regiao-tecnico-judiciario-tecnologia-da-informacao\/","url":"https:\/\/www.estrategiaconcursos.com.br\/blog\/comentarios-prova-trt-14a-regiao-tecnico-judiciario-tecnologia-da-informacao\/","name":"Coment\u00e1rios Prova TRT 14\u00aa Regi\u00e3o \u2013 T\u00e9cnico Judici\u00e1rio - Tecnologia da Informa\u00e7\u00e3o","isPartOf":{"@id":"https:\/\/www.estrategiaconcursos.com.br\/blog\/#website"},"primaryImageOfPage":{"@id":"https:\/\/www.estrategiaconcursos.com.br\/blog\/comentarios-prova-trt-14a-regiao-tecnico-judiciario-tecnologia-da-informacao\/#primaryimage"},"image":{"@id":"https:\/\/www.estrategiaconcursos.com.br\/blog\/comentarios-prova-trt-14a-regiao-tecnico-judiciario-tecnologia-da-informacao\/#primaryimage"},"thumbnailUrl":"https:\/\/dhg1h5j42swfq.cloudfront.net\/2016\/03\/06121546\/portfolio-servicos-209x300.jpg","datePublished":"2016-03-10T20:08:28+00:00","dateModified":"2016-03-14T13:21:58+00:00","breadcrumb":{"@id":"https:\/\/www.estrategiaconcursos.com.br\/blog\/comentarios-prova-trt-14a-regiao-tecnico-judiciario-tecnologia-da-informacao\/#breadcrumb"},"inLanguage":"pt-BR","potentialAction":[{"@type":"ReadAction","target":["https:\/\/www.estrategiaconcursos.com.br\/blog\/comentarios-prova-trt-14a-regiao-tecnico-judiciario-tecnologia-da-informacao\/"]}]},{"@type":"ImageObject","inLanguage":"pt-BR","@id":"https:\/\/www.estrategiaconcursos.com.br\/blog\/comentarios-prova-trt-14a-regiao-tecnico-judiciario-tecnologia-da-informacao\/#primaryimage","url":"https:\/\/dhg1h5j42swfq.cloudfront.net\/2016\/03\/06121546\/portfolio-servicos-209x300.jpg","contentUrl":"https:\/\/dhg1h5j42swfq.cloudfront.net\/2016\/03\/06121546\/portfolio-servicos-209x300.jpg"},{"@type":"BreadcrumbList","@id":"https:\/\/www.estrategiaconcursos.com.br\/blog\/comentarios-prova-trt-14a-regiao-tecnico-judiciario-tecnologia-da-informacao\/#breadcrumb","itemListElement":[{"@type":"ListItem","position":1,"name":"In\u00edcio","item":"https:\/\/www.estrategiaconcursos.com.br\/blog\/"},{"@type":"ListItem","position":2,"name":"Coment\u00e1rios Prova TRT 14\u00aa Regi\u00e3o \u2013 T\u00e9cnico Judici\u00e1rio &#8211; Tecnologia da Informa\u00e7\u00e3o"}]},{"@type":"WebSite","@id":"https:\/\/www.estrategiaconcursos.com.br\/blog\/#website","url":"https:\/\/www.estrategiaconcursos.com.br\/blog\/","name":"Estrat\u00e9gia Concursos","description":"O blog da Estrat\u00e9gia Concursos traz not\u00edcias sobre concursos e artigos de professores oferecendo cursos para concursos (pdf + videaulas) no site.","publisher":{"@id":"https:\/\/www.estrategiaconcursos.com.br\/blog\/#organization"},"potentialAction":[{"@type":"SearchAction","target":{"@type":"EntryPoint","urlTemplate":"https:\/\/www.estrategiaconcursos.com.br\/blog\/?s={search_term_string}"},"query-input":{"@type":"PropertyValueSpecification","valueRequired":true,"valueName":"search_term_string"}}],"inLanguage":"pt-BR"},{"@type":"Organization","@id":"https:\/\/www.estrategiaconcursos.com.br\/blog\/#organization","name":"Estrat\u00e9gia Concursos","url":"https:\/\/www.estrategiaconcursos.com.br\/blog\/","logo":{"@type":"ImageObject","inLanguage":"pt-BR","@id":"https:\/\/www.estrategiaconcursos.com.br\/blog\/#\/schema\/logo\/image\/","url":"https:\/\/dhg1h5j42swfq.cloudfront.net\/2025\/06\/03203428\/logo_concursos-1.jpg","contentUrl":"https:\/\/dhg1h5j42swfq.cloudfront.net\/2025\/06\/03203428\/logo_concursos-1.jpg","width":230,"height":60,"caption":"Estrat\u00e9gia Concursos"},"image":{"@id":"https:\/\/www.estrategiaconcursos.com.br\/blog\/#\/schema\/logo\/image\/"},"sameAs":["https:\/\/x.com\/EstratConcursos"]},{"@type":"Person","@id":"https:\/\/www.estrategiaconcursos.com.br\/blog\/#\/schema\/person\/2539832ff2350976e3a71447f526f1c1","name":"Marcelo Rezende Bueno","image":{"@type":"ImageObject","inLanguage":"pt-BR","@id":"https:\/\/secure.gravatar.com\/avatar\/0edc7173e0d9908b025232b4d29b301518ab81721d4af0bcf6a7eec202530a9e?s=96&d=mm&r=g","url":"https:\/\/secure.gravatar.com\/avatar\/0edc7173e0d9908b025232b4d29b301518ab81721d4af0bcf6a7eec202530a9e?s=96&d=mm&r=g","contentUrl":"https:\/\/secure.gravatar.com\/avatar\/0edc7173e0d9908b025232b4d29b301518ab81721d4af0bcf6a7eec202530a9e?s=96&d=mm&r=g","caption":"Marcelo Rezende Bueno"},"url":"https:\/\/www.estrategiaconcursos.com.br\/blog\/author\/marcelorezendebuenogmail-com\/"}]}},"_links":{"self":[{"href":"https:\/\/www.estrategiaconcursos.com.br\/blog\/wp-json\/wp\/v2\/posts\/34571","targetHints":{"allow":["GET"]}}],"collection":[{"href":"https:\/\/www.estrategiaconcursos.com.br\/blog\/wp-json\/wp\/v2\/posts"}],"about":[{"href":"https:\/\/www.estrategiaconcursos.com.br\/blog\/wp-json\/wp\/v2\/types\/post"}],"author":[{"embeddable":true,"href":"https:\/\/www.estrategiaconcursos.com.br\/blog\/wp-json\/wp\/v2\/users\/271"}],"replies":[{"embeddable":true,"href":"https:\/\/www.estrategiaconcursos.com.br\/blog\/wp-json\/wp\/v2\/comments?post=34571"}],"version-history":[{"count":3,"href":"https:\/\/www.estrategiaconcursos.com.br\/blog\/wp-json\/wp\/v2\/posts\/34571\/revisions"}],"predecessor-version":[{"id":34969,"href":"https:\/\/www.estrategiaconcursos.com.br\/blog\/wp-json\/wp\/v2\/posts\/34571\/revisions\/34969"}],"wp:attachment":[{"href":"https:\/\/www.estrategiaconcursos.com.br\/blog\/wp-json\/wp\/v2\/media?parent=34571"}],"wp:term":[{"taxonomy":"category","embeddable":true,"href":"https:\/\/www.estrategiaconcursos.com.br\/blog\/wp-json\/wp\/v2\/categories?post=34571"},{"taxonomy":"post_tag","embeddable":true,"href":"https:\/\/www.estrategiaconcursos.com.br\/blog\/wp-json\/wp\/v2\/tags?post=34571"},{"taxonomy":"tax_estado","embeddable":true,"href":"https:\/\/www.estrategiaconcursos.com.br\/blog\/wp-json\/wp\/v2\/tax_estado?post=34571"}],"curies":[{"name":"wp","href":"https:\/\/api.w.org\/{rel}","templated":true}]}}