{"id":34425,"date":"2016-03-04T15:54:56","date_gmt":"2016-03-04T18:54:56","guid":{"rendered":"http:\/\/www.estrategiaconcursos.com.br\/blog\/?p=34425"},"modified":"2016-03-07T11:36:18","modified_gmt":"2016-03-07T14:36:18","slug":"comentarios-prova-tr-14a-regiao-analista-judiciario-tecnologia-da-informacao","status":"publish","type":"post","link":"https:\/\/www.estrategiaconcursos.com.br\/blog\/comentarios-prova-tr-14a-regiao-analista-judiciario-tecnologia-da-informacao\/","title":{"rendered":"Coment\u00e1rios Prova TRT 14\u00aa Regi\u00e3o &#8211; Analista Judici\u00e1rio \u2013 Tecnologia da Informa\u00e7\u00e3o"},"content":{"rendered":"<p>Ol\u00e1 Pessoal! Voltei! Agora com os coment\u00e1rios da prova do TRT\/14\u00aa Regi\u00e3o, aplicada pela FCC.<\/p>\n<p>Vamos ao que interessa!<\/p>\n<p>FCC \u2013 TRT\/14\u00aa Regi\u00e3o \u2013 2016 \u2013 Analista Judici\u00e1rio \u2013 Tecnologia da Informa\u00e7\u00e3o<\/p>\n<p>Uma proposta enviada a um Tribunal por um fornecedor externo previa os seguintes recursos de TI:<\/p>\n<p>I. Entrega de aplicativo port\u00e1vel dentro de ambientes Linux e Unix, sem compatibilidade com plataformas propriet\u00e1rias.<br \/>\nII. Padr\u00f5es de interoperabilidade de acordo com as regras do fornecedor.<br \/>\nIII. Suporte para assinatura baseado em certificado emitido por Autoridade Certificadora credenciada na forma da Infraestrutura de Chaves P\u00fablicas Brasileira \u2212 ICP Brasil.<br \/>\nIV. Link de transmiss\u00e3o entre o fornecedor e o Tribunal para o tr\u00e1fego de dados e informa\u00e7\u00f5es, garantindo a disponibilidade exigida pelo aplicativo de, no m\u00ednimo, de 2 Gbps.<\/p>\n<p>Ao analisar os recursos de TI previstos, um Analista do Tribunal concluiu corretamente que o contrato com o fornecedor:<br \/>\n(A) poderia ser assinado, pois todos os recursos est\u00e3o de acordo com a Resolu\u00e7\u00e3o CNJ no 90\/2009.<br \/>\n(B) poderia ser assinado, modificando-se apenas o recurso constante no item II para respeitar as regras de interoperabilidade do governo eletr\u00f4nico e-MAG.<br \/>\n(C) n\u00e3o poderia ser assinado, pois o link teria que ser limitado a 1 Gbps.<br \/>\n(D) n\u00e3o poderia ser assinado, pois alguns recursos conflitam com a Resolu\u00e7\u00e3o CNJ no 90\/2009.<br \/>\n(E) poderia ser assinado, pois todos os recursos est\u00e3o de acordo com a Resolu\u00e7\u00e3o CNJ no 182\/2013.<\/p>\n<p>Coment\u00e1rios: Na\u00a0minha opini\u00e3o, uma quest\u00e3o confusa, mas f\u00e1cil se consideradas as alternativas que o examinador nos imp\u00f4s! Vamos analisar primeiro as situa\u00e7\u00f5es elencadas pela FCC.<\/p>\n<p>Item I.\u201d Entrega de aplicativo port\u00e1vel dentro de ambientes Linux e Unix, sem compatibilidade com plataformas propriet\u00e1rias.\u201d<\/p>\n<p>A Resolu\u00e7\u00e3o CNJ n\u00b0 90 n\u00e3o \u201cfala\u201d nada sobre compatibilidade com plataformas propriet\u00e1rias, por\u00e9m determina que as aplica\u00e7\u00f5es devem ser interoper\u00e1veis e port\u00e1veis.<\/p>\n<p>Item II. Padr\u00f5es de interoperabilidade de acordo com as regras do fornecedor.<br \/>\nOs padr\u00f5es de interoperabilidade n\u00e3o s\u00e3o definidos pelo fornecedor.<\/p>\n<p>A Resolu\u00e7\u00e3o 90 determina que as novas aplica\u00e7\u00f5es de sistemas de automa\u00e7\u00e3o de procedimentos judiciais dever\u00e3o utilizar os padr\u00f5es de interoperabilidade do Governo Federal. Al\u00e9m disso, este conjunto de padr\u00f5es \u00e9 denominado e-Ping e n\u00e3o e-Mag que se refere aos padr\u00f5es de acessibilidade.<\/p>\n<p>Item III. Suporte para assinatura baseado em certificado emitido por Autoridade Certificadora credenciada na forma da Infraestrutura de Chaves P\u00fablicas Brasileira \u2212 ICP Brasil.<\/p>\n<p>Este est\u00e1 correto. De fato, a Resolu\u00e7\u00e3o determina que os sistemas devem oferecer suporte para assinatura baseado em certificado emitido por Autoridade Certificadora credenciada na forma da Infraestrutura de Chaves P\u00fablicas Brasileira &#8211; ICP Brasil.<\/p>\n<p>Item IV. Link de transmiss\u00e3o entre o fornecedor e o Tribunal para o tr\u00e1fego de dados e informa\u00e7\u00f5es, garantindo a disponibilidade exigida pelo aplicativo de, no m\u00ednimo, de 2 Gbps.<\/p>\n<p>Dentre os requisitos de infraestrutura constantes na Resolu\u00e7\u00e3o 90 est\u00e1 o de que os links de transmiss\u00e3o entre as unidades e o Tribunal devem ser suficientes para suportar o tr\u00e1fego de dados e informa\u00e7\u00f5es e garantir a disponibilidade exigida pelos aplicativos, sendo o m\u00ednimo de 2 <strong>M<\/strong>bps para download. Nada \u00e9 dito sobre conex\u00e3o entre fornecedor e o tribunal.<\/p>\n<p>Ante a an\u00e1lise de cada uma das situa\u00e7\u00f5es, chegamos ao gabarito que \u00e9 a letra D, pois alguns itens contrariam a Resolu\u00e7\u00e3o 90 e tamb\u00e9m a Resolu\u00e7\u00e3o 182 que o examinador colocou na letra E pra tentar \u201cpegar\u201d os candidatos!<\/p>\n<p>FCC \u2013 TRT\/14\u00aa Regi\u00e3o \u2013 2016 \u2013 T\u00e9cnico Judici\u00e1rio \u2013 Tecnologia da Informa\u00e7\u00e3o<\/p>\n<p>47. Uma empresa foi contratada para fornecer uma solu\u00e7\u00e3o de TI para o Tribunal Regional do Trabalho e um T\u00e9cnico do Tribunal foi indicado para ser diretamente subordinado a um Analista desta empresa. Este fato<br \/>\n(A) est\u00e1 de acordo com a Resolu\u00e7\u00e3o CNJ 90\/2009.<br \/>\n(B) est\u00e1 de acordo com a Resolu\u00e7\u00e3o CNJ 182\/2013.<br \/>\n(C) contraria o artigo 11 da Resolu\u00e7\u00e3o CNJ 182\/2013.<br \/>\n(D) contraria o artigo 11 da Resolu\u00e7\u00e3o CNJ 90\/2009.<br \/>\n(E) \u00e9 comum e faz parte das boas pr\u00e1ticas de gest\u00e3o e fiscaliza\u00e7\u00e3o de contratos.<\/p>\n<p>Coment\u00e1rios: A resposta est\u00e1 no Art. 11 da Resolu\u00e7\u00e3o 182:<\/p>\n<p>\u201cArt. 11. \u00c9 vedado nas contrata\u00e7\u00f5es:<br \/>\n<strong>I \u2013 estabelecer v\u00ednculo de subordina\u00e7\u00e3o com funcion\u00e1rios da empresa contratada;<\/strong><br \/>\nII \u2013 indicar pessoas para compor o quadro funcional da empresa contratada;<br \/>\nIII \u2013 reembolsar despesas com transporte, viagens, hospedagem e outros custos operacionais, que dever\u00e3o ser de exclusiva responsabilidade da empresa contratada, exceto quando indicadas, no Projeto B\u00e1sico ou no Termo de Refer\u00eancia;<br \/>\nIV \u2013 prever exig\u00eancias em edital que constituam interven\u00e7\u00e3o indevida da Administra\u00e7\u00e3o na gest\u00e3o interna dos fornecedores; e<br \/>\nV \u2013 prever exig\u00eancias em edital para que os fornecedores apresentem, em seus quadros, previamente \u00e0 assinatura do contrato, documenta\u00e7\u00e3o de funcion\u00e1rios com o objetivo de aferir a qualifica\u00e7\u00e3o t\u00e9cnica ou a forma\u00e7\u00e3o da equipe que prestar\u00e1 os servi\u00e7os contratados.\u201d<\/p>\n<p>N\u00e3o precisa dizer mais nada n\u00e9?! \u00a0Gabarito letra C.<\/p>\n<p>Ab\u00e7os e Sucesso!<\/p>\n<p>F\u00e1bio Alves<\/p>\n","protected":false},"excerpt":{"rendered":"<p>Ol\u00e1 Pessoal! Voltei! Agora com os coment\u00e1rios da prova do TRT\/14\u00aa Regi\u00e3o, aplicada pela FCC. Vamos ao que interessa! FCC \u2013 TRT\/14\u00aa Regi\u00e3o \u2013 2016 \u2013 Analista Judici\u00e1rio \u2013 Tecnologia da Informa\u00e7\u00e3o Uma proposta enviada a um Tribunal por um fornecedor externo previa os seguintes recursos de TI: I. Entrega de aplicativo port\u00e1vel dentro de [&hellip;]<\/p>\n","protected":false},"author":100,"featured_media":0,"comment_status":"open","ping_status":"open","sticky":false,"template":"","format":"standard","meta":{"post_tipo":"article","footnotes":""},"categories":[],"tags":[25,801],"tax_estado":[],"class_list":["post-34425","post","type-post","status-publish","format-standard","hentry","tag-tecnologia-da-informacao","tag-trt-14"],"acf":[],"yoast_head":"<!-- This site is optimized with the Yoast SEO Premium plugin v27.2 (Yoast SEO v27.2) - https:\/\/yoast.com\/product\/yoast-seo-premium-wordpress\/ -->\n<title>Coment\u00e1rios Prova de TI - TRT 14\u00aa Regi\u00e3o - Analista<\/title>\n<meta name=\"description\" content=\"Quest\u00f5es comentadas de Tecnologia da Informa\u00e7\u00e3o da Prova do concurso TRT 14\u00aa Regi\u00e3o, aplicada pela FGV em fevereiro 2016.\" \/>\n<meta name=\"robots\" content=\"index, follow, max-snippet:-1, max-image-preview:large, max-video-preview:-1\" \/>\n<link rel=\"canonical\" href=\"https:\/\/www.estrategiaconcursos.com.br\/blog\/comentarios-prova-tr-14a-regiao-analista-judiciario-tecnologia-da-informacao\/\" \/>\n<meta property=\"og:locale\" content=\"pt_BR\" \/>\n<meta property=\"og:type\" content=\"article\" \/>\n<meta property=\"og:title\" content=\"Coment\u00e1rios Prova TRT 14\u00aa Regi\u00e3o - Analista Judici\u00e1rio \u2013 Tecnologia da Informa\u00e7\u00e3o\" \/>\n<meta property=\"og:description\" content=\"Quest\u00f5es comentadas de Tecnologia da Informa\u00e7\u00e3o da Prova do concurso TRT 14\u00aa Regi\u00e3o, aplicada pela FGV em fevereiro 2016.\" \/>\n<meta property=\"og:url\" content=\"https:\/\/www.estrategiaconcursos.com.br\/blog\/comentarios-prova-tr-14a-regiao-analista-judiciario-tecnologia-da-informacao\/\" \/>\n<meta property=\"og:site_name\" content=\"Estrat\u00e9gia Concursos\" \/>\n<meta property=\"article:published_time\" content=\"2016-03-04T18:54:56+00:00\" \/>\n<meta property=\"article:modified_time\" content=\"2016-03-07T14:36:18+00:00\" \/>\n<meta name=\"author\" content=\"F\u00e1bio Alves\" \/>\n<meta name=\"twitter:card\" content=\"summary_large_image\" \/>\n<meta name=\"twitter:creator\" content=\"@EstratConcursos\" \/>\n<meta name=\"twitter:site\" content=\"@EstratConcursos\" \/>\n<meta name=\"twitter:label1\" content=\"Escrito por\" \/>\n\t<meta name=\"twitter:data1\" content=\"F\u00e1bio Alves\" \/>\n\t<meta name=\"twitter:label2\" content=\"Est. tempo de leitura\" \/>\n\t<meta name=\"twitter:data2\" content=\"4 minutos\" \/>\n<script type=\"application\/ld+json\" class=\"yoast-schema-graph\">{\"@context\":\"https:\/\/schema.org\",\"@graph\":[{\"@type\":\"NewsArticle\",\"@id\":\"https:\/\/www.estrategiaconcursos.com.br\/blog\/comentarios-prova-tr-14a-regiao-analista-judiciario-tecnologia-da-informacao\/#article\",\"isPartOf\":{\"@id\":\"https:\/\/www.estrategiaconcursos.com.br\/blog\/comentarios-prova-tr-14a-regiao-analista-judiciario-tecnologia-da-informacao\/\"},\"author\":{\"name\":\"F\u00e1bio Alves\",\"@id\":\"https:\/\/www.estrategiaconcursos.com.br\/blog\/#\/schema\/person\/fd4e12a9213010d2228e6bc69b89b33a\"},\"headline\":\"Coment\u00e1rios Prova TRT 14\u00aa Regi\u00e3o &#8211; Analista Judici\u00e1rio \u2013 Tecnologia da Informa\u00e7\u00e3o\",\"datePublished\":\"2016-03-04T18:54:56+00:00\",\"dateModified\":\"2016-03-07T14:36:18+00:00\",\"mainEntityOfPage\":{\"@id\":\"https:\/\/www.estrategiaconcursos.com.br\/blog\/comentarios-prova-tr-14a-regiao-analista-judiciario-tecnologia-da-informacao\/\"},\"wordCount\":864,\"commentCount\":0,\"publisher\":{\"@id\":\"https:\/\/www.estrategiaconcursos.com.br\/blog\/#organization\"},\"keywords\":[\"Tecnologia da Informa\u00e7\u00e3o\",\"TRT 14\"],\"inLanguage\":\"pt-BR\",\"potentialAction\":[{\"@type\":\"CommentAction\",\"name\":\"Comment\",\"target\":[\"https:\/\/www.estrategiaconcursos.com.br\/blog\/comentarios-prova-tr-14a-regiao-analista-judiciario-tecnologia-da-informacao\/#respond\"]}],\"copyrightYear\":\"2016\",\"copyrightHolder\":{\"@id\":\"https:\/\/www.estrategiaconcursos.com.br\/blog\/#organization\"}},{\"@type\":\"WebPage\",\"@id\":\"https:\/\/www.estrategiaconcursos.com.br\/blog\/comentarios-prova-tr-14a-regiao-analista-judiciario-tecnologia-da-informacao\/\",\"url\":\"https:\/\/www.estrategiaconcursos.com.br\/blog\/comentarios-prova-tr-14a-regiao-analista-judiciario-tecnologia-da-informacao\/\",\"name\":\"Coment\u00e1rios Prova de TI - TRT 14\u00aa Regi\u00e3o - Analista\",\"isPartOf\":{\"@id\":\"https:\/\/www.estrategiaconcursos.com.br\/blog\/#website\"},\"datePublished\":\"2016-03-04T18:54:56+00:00\",\"dateModified\":\"2016-03-07T14:36:18+00:00\",\"description\":\"Quest\u00f5es comentadas de Tecnologia da Informa\u00e7\u00e3o da Prova do concurso TRT 14\u00aa Regi\u00e3o, aplicada pela FGV em fevereiro 2016.\",\"breadcrumb\":{\"@id\":\"https:\/\/www.estrategiaconcursos.com.br\/blog\/comentarios-prova-tr-14a-regiao-analista-judiciario-tecnologia-da-informacao\/#breadcrumb\"},\"inLanguage\":\"pt-BR\",\"potentialAction\":[{\"@type\":\"ReadAction\",\"target\":[\"https:\/\/www.estrategiaconcursos.com.br\/blog\/comentarios-prova-tr-14a-regiao-analista-judiciario-tecnologia-da-informacao\/\"]}]},{\"@type\":\"BreadcrumbList\",\"@id\":\"https:\/\/www.estrategiaconcursos.com.br\/blog\/comentarios-prova-tr-14a-regiao-analista-judiciario-tecnologia-da-informacao\/#breadcrumb\",\"itemListElement\":[{\"@type\":\"ListItem\",\"position\":1,\"name\":\"In\u00edcio\",\"item\":\"https:\/\/www.estrategiaconcursos.com.br\/blog\/\"},{\"@type\":\"ListItem\",\"position\":2,\"name\":\"Coment\u00e1rios Prova TRT 14\u00aa Regi\u00e3o &#8211; Analista Judici\u00e1rio \u2013 Tecnologia da Informa\u00e7\u00e3o\"}]},{\"@type\":\"WebSite\",\"@id\":\"https:\/\/www.estrategiaconcursos.com.br\/blog\/#website\",\"url\":\"https:\/\/www.estrategiaconcursos.com.br\/blog\/\",\"name\":\"Estrat\u00e9gia Concursos\",\"description\":\"O blog da Estrat\u00e9gia Concursos traz not\u00edcias sobre concursos e artigos de professores oferecendo cursos para concursos (pdf + videaulas) no site.\",\"publisher\":{\"@id\":\"https:\/\/www.estrategiaconcursos.com.br\/blog\/#organization\"},\"potentialAction\":[{\"@type\":\"SearchAction\",\"target\":{\"@type\":\"EntryPoint\",\"urlTemplate\":\"https:\/\/www.estrategiaconcursos.com.br\/blog\/?s={search_term_string}\"},\"query-input\":{\"@type\":\"PropertyValueSpecification\",\"valueRequired\":true,\"valueName\":\"search_term_string\"}}],\"inLanguage\":\"pt-BR\"},{\"@type\":\"Organization\",\"@id\":\"https:\/\/www.estrategiaconcursos.com.br\/blog\/#organization\",\"name\":\"Estrat\u00e9gia Concursos\",\"url\":\"https:\/\/www.estrategiaconcursos.com.br\/blog\/\",\"logo\":{\"@type\":\"ImageObject\",\"inLanguage\":\"pt-BR\",\"@id\":\"https:\/\/www.estrategiaconcursos.com.br\/blog\/#\/schema\/logo\/image\/\",\"url\":\"https:\/\/dhg1h5j42swfq.cloudfront.net\/2025\/06\/03203428\/logo_concursos-1.jpg\",\"contentUrl\":\"https:\/\/dhg1h5j42swfq.cloudfront.net\/2025\/06\/03203428\/logo_concursos-1.jpg\",\"width\":230,\"height\":60,\"caption\":\"Estrat\u00e9gia Concursos\"},\"image\":{\"@id\":\"https:\/\/www.estrategiaconcursos.com.br\/blog\/#\/schema\/logo\/image\/\"},\"sameAs\":[\"https:\/\/x.com\/EstratConcursos\"]},{\"@type\":\"Person\",\"@id\":\"https:\/\/www.estrategiaconcursos.com.br\/blog\/#\/schema\/person\/fd4e12a9213010d2228e6bc69b89b33a\",\"name\":\"F\u00e1bio Alves\",\"image\":{\"@type\":\"ImageObject\",\"inLanguage\":\"pt-BR\",\"@id\":\"https:\/\/secure.gravatar.com\/avatar\/014c4afcbfcf7619f1d2feefbf6091f475f447368bbefcd03c9110b71d59a764?s=96&d=mm&r=g\",\"url\":\"https:\/\/secure.gravatar.com\/avatar\/014c4afcbfcf7619f1d2feefbf6091f475f447368bbefcd03c9110b71d59a764?s=96&d=mm&r=g\",\"contentUrl\":\"https:\/\/secure.gravatar.com\/avatar\/014c4afcbfcf7619f1d2feefbf6091f475f447368bbefcd03c9110b71d59a764?s=96&d=mm&r=g\",\"caption\":\"F\u00e1bio Alves\"},\"url\":\"https:\/\/www.estrategiaconcursos.com.br\/blog\/author\/fabioalvesestrategiaconcursos-com-br\/\"}]}<\/script>\n<!-- \/ Yoast SEO Premium plugin. -->","yoast_head_json":{"title":"Coment\u00e1rios Prova de TI - TRT 14\u00aa Regi\u00e3o - Analista","description":"Quest\u00f5es comentadas de Tecnologia da Informa\u00e7\u00e3o da Prova do concurso TRT 14\u00aa Regi\u00e3o, aplicada pela FGV em fevereiro 2016.","robots":{"index":"index","follow":"follow","max-snippet":"max-snippet:-1","max-image-preview":"max-image-preview:large","max-video-preview":"max-video-preview:-1"},"canonical":"https:\/\/www.estrategiaconcursos.com.br\/blog\/comentarios-prova-tr-14a-regiao-analista-judiciario-tecnologia-da-informacao\/","og_locale":"pt_BR","og_type":"article","og_title":"Coment\u00e1rios Prova TRT 14\u00aa Regi\u00e3o - Analista Judici\u00e1rio \u2013 Tecnologia da Informa\u00e7\u00e3o","og_description":"Quest\u00f5es comentadas de Tecnologia da Informa\u00e7\u00e3o da Prova do concurso TRT 14\u00aa Regi\u00e3o, aplicada pela FGV em fevereiro 2016.","og_url":"https:\/\/www.estrategiaconcursos.com.br\/blog\/comentarios-prova-tr-14a-regiao-analista-judiciario-tecnologia-da-informacao\/","og_site_name":"Estrat\u00e9gia Concursos","article_published_time":"2016-03-04T18:54:56+00:00","article_modified_time":"2016-03-07T14:36:18+00:00","author":"F\u00e1bio Alves","twitter_card":"summary_large_image","twitter_creator":"@EstratConcursos","twitter_site":"@EstratConcursos","twitter_misc":{"Escrito por":"F\u00e1bio Alves","Est. tempo de leitura":"4 minutos"},"schema":{"@context":"https:\/\/schema.org","@graph":[{"@type":"NewsArticle","@id":"https:\/\/www.estrategiaconcursos.com.br\/blog\/comentarios-prova-tr-14a-regiao-analista-judiciario-tecnologia-da-informacao\/#article","isPartOf":{"@id":"https:\/\/www.estrategiaconcursos.com.br\/blog\/comentarios-prova-tr-14a-regiao-analista-judiciario-tecnologia-da-informacao\/"},"author":{"name":"F\u00e1bio Alves","@id":"https:\/\/www.estrategiaconcursos.com.br\/blog\/#\/schema\/person\/fd4e12a9213010d2228e6bc69b89b33a"},"headline":"Coment\u00e1rios Prova TRT 14\u00aa Regi\u00e3o &#8211; Analista Judici\u00e1rio \u2013 Tecnologia da Informa\u00e7\u00e3o","datePublished":"2016-03-04T18:54:56+00:00","dateModified":"2016-03-07T14:36:18+00:00","mainEntityOfPage":{"@id":"https:\/\/www.estrategiaconcursos.com.br\/blog\/comentarios-prova-tr-14a-regiao-analista-judiciario-tecnologia-da-informacao\/"},"wordCount":864,"commentCount":0,"publisher":{"@id":"https:\/\/www.estrategiaconcursos.com.br\/blog\/#organization"},"keywords":["Tecnologia da Informa\u00e7\u00e3o","TRT 14"],"inLanguage":"pt-BR","potentialAction":[{"@type":"CommentAction","name":"Comment","target":["https:\/\/www.estrategiaconcursos.com.br\/blog\/comentarios-prova-tr-14a-regiao-analista-judiciario-tecnologia-da-informacao\/#respond"]}],"copyrightYear":"2016","copyrightHolder":{"@id":"https:\/\/www.estrategiaconcursos.com.br\/blog\/#organization"}},{"@type":"WebPage","@id":"https:\/\/www.estrategiaconcursos.com.br\/blog\/comentarios-prova-tr-14a-regiao-analista-judiciario-tecnologia-da-informacao\/","url":"https:\/\/www.estrategiaconcursos.com.br\/blog\/comentarios-prova-tr-14a-regiao-analista-judiciario-tecnologia-da-informacao\/","name":"Coment\u00e1rios Prova de TI - TRT 14\u00aa Regi\u00e3o - Analista","isPartOf":{"@id":"https:\/\/www.estrategiaconcursos.com.br\/blog\/#website"},"datePublished":"2016-03-04T18:54:56+00:00","dateModified":"2016-03-07T14:36:18+00:00","description":"Quest\u00f5es comentadas de Tecnologia da Informa\u00e7\u00e3o da Prova do concurso TRT 14\u00aa Regi\u00e3o, aplicada pela FGV em fevereiro 2016.","breadcrumb":{"@id":"https:\/\/www.estrategiaconcursos.com.br\/blog\/comentarios-prova-tr-14a-regiao-analista-judiciario-tecnologia-da-informacao\/#breadcrumb"},"inLanguage":"pt-BR","potentialAction":[{"@type":"ReadAction","target":["https:\/\/www.estrategiaconcursos.com.br\/blog\/comentarios-prova-tr-14a-regiao-analista-judiciario-tecnologia-da-informacao\/"]}]},{"@type":"BreadcrumbList","@id":"https:\/\/www.estrategiaconcursos.com.br\/blog\/comentarios-prova-tr-14a-regiao-analista-judiciario-tecnologia-da-informacao\/#breadcrumb","itemListElement":[{"@type":"ListItem","position":1,"name":"In\u00edcio","item":"https:\/\/www.estrategiaconcursos.com.br\/blog\/"},{"@type":"ListItem","position":2,"name":"Coment\u00e1rios Prova TRT 14\u00aa Regi\u00e3o &#8211; Analista Judici\u00e1rio \u2013 Tecnologia da Informa\u00e7\u00e3o"}]},{"@type":"WebSite","@id":"https:\/\/www.estrategiaconcursos.com.br\/blog\/#website","url":"https:\/\/www.estrategiaconcursos.com.br\/blog\/","name":"Estrat\u00e9gia Concursos","description":"O blog da Estrat\u00e9gia Concursos traz not\u00edcias sobre concursos e artigos de professores oferecendo cursos para concursos (pdf + videaulas) no site.","publisher":{"@id":"https:\/\/www.estrategiaconcursos.com.br\/blog\/#organization"},"potentialAction":[{"@type":"SearchAction","target":{"@type":"EntryPoint","urlTemplate":"https:\/\/www.estrategiaconcursos.com.br\/blog\/?s={search_term_string}"},"query-input":{"@type":"PropertyValueSpecification","valueRequired":true,"valueName":"search_term_string"}}],"inLanguage":"pt-BR"},{"@type":"Organization","@id":"https:\/\/www.estrategiaconcursos.com.br\/blog\/#organization","name":"Estrat\u00e9gia Concursos","url":"https:\/\/www.estrategiaconcursos.com.br\/blog\/","logo":{"@type":"ImageObject","inLanguage":"pt-BR","@id":"https:\/\/www.estrategiaconcursos.com.br\/blog\/#\/schema\/logo\/image\/","url":"https:\/\/dhg1h5j42swfq.cloudfront.net\/2025\/06\/03203428\/logo_concursos-1.jpg","contentUrl":"https:\/\/dhg1h5j42swfq.cloudfront.net\/2025\/06\/03203428\/logo_concursos-1.jpg","width":230,"height":60,"caption":"Estrat\u00e9gia Concursos"},"image":{"@id":"https:\/\/www.estrategiaconcursos.com.br\/blog\/#\/schema\/logo\/image\/"},"sameAs":["https:\/\/x.com\/EstratConcursos"]},{"@type":"Person","@id":"https:\/\/www.estrategiaconcursos.com.br\/blog\/#\/schema\/person\/fd4e12a9213010d2228e6bc69b89b33a","name":"F\u00e1bio Alves","image":{"@type":"ImageObject","inLanguage":"pt-BR","@id":"https:\/\/secure.gravatar.com\/avatar\/014c4afcbfcf7619f1d2feefbf6091f475f447368bbefcd03c9110b71d59a764?s=96&d=mm&r=g","url":"https:\/\/secure.gravatar.com\/avatar\/014c4afcbfcf7619f1d2feefbf6091f475f447368bbefcd03c9110b71d59a764?s=96&d=mm&r=g","contentUrl":"https:\/\/secure.gravatar.com\/avatar\/014c4afcbfcf7619f1d2feefbf6091f475f447368bbefcd03c9110b71d59a764?s=96&d=mm&r=g","caption":"F\u00e1bio Alves"},"url":"https:\/\/www.estrategiaconcursos.com.br\/blog\/author\/fabioalvesestrategiaconcursos-com-br\/"}]}},"_links":{"self":[{"href":"https:\/\/www.estrategiaconcursos.com.br\/blog\/wp-json\/wp\/v2\/posts\/34425","targetHints":{"allow":["GET"]}}],"collection":[{"href":"https:\/\/www.estrategiaconcursos.com.br\/blog\/wp-json\/wp\/v2\/posts"}],"about":[{"href":"https:\/\/www.estrategiaconcursos.com.br\/blog\/wp-json\/wp\/v2\/types\/post"}],"author":[{"embeddable":true,"href":"https:\/\/www.estrategiaconcursos.com.br\/blog\/wp-json\/wp\/v2\/users\/100"}],"replies":[{"embeddable":true,"href":"https:\/\/www.estrategiaconcursos.com.br\/blog\/wp-json\/wp\/v2\/comments?post=34425"}],"version-history":[{"count":3,"href":"https:\/\/www.estrategiaconcursos.com.br\/blog\/wp-json\/wp\/v2\/posts\/34425\/revisions"}],"predecessor-version":[{"id":34519,"href":"https:\/\/www.estrategiaconcursos.com.br\/blog\/wp-json\/wp\/v2\/posts\/34425\/revisions\/34519"}],"wp:attachment":[{"href":"https:\/\/www.estrategiaconcursos.com.br\/blog\/wp-json\/wp\/v2\/media?parent=34425"}],"wp:term":[{"taxonomy":"category","embeddable":true,"href":"https:\/\/www.estrategiaconcursos.com.br\/blog\/wp-json\/wp\/v2\/categories?post=34425"},{"taxonomy":"post_tag","embeddable":true,"href":"https:\/\/www.estrategiaconcursos.com.br\/blog\/wp-json\/wp\/v2\/tags?post=34425"},{"taxonomy":"tax_estado","embeddable":true,"href":"https:\/\/www.estrategiaconcursos.com.br\/blog\/wp-json\/wp\/v2\/tax_estado?post=34425"}],"curies":[{"name":"wp","href":"https:\/\/api.w.org\/{rel}","templated":true}]}}