{"id":34416,"date":"2016-03-03T15:59:41","date_gmt":"2016-03-03T18:59:41","guid":{"rendered":"http:\/\/www.estrategiaconcursos.com.br\/blog\/?p=34416"},"modified":"2016-03-03T15:59:41","modified_gmt":"2016-03-03T18:59:41","slug":"comentarios-da-prova-de-comunicacao-funpresp-2016-cespe","status":"publish","type":"post","link":"https:\/\/www.estrategiaconcursos.com.br\/blog\/comentarios-da-prova-de-comunicacao-funpresp-2016-cespe\/","title":{"rendered":"Prova de Comunica\u00e7\u00e3o FUNPRESP 2016 toda comentada e recursos ;)"},"content":{"rendered":"<p style=\"text-align: left\">Ol\u00e1, queridos concurseiros!<\/p>\n<p style=\"text-align: left\">A prova da FUNPRESP para Analista, cargo 2 (\u00e1rea Comunica\u00e7\u00e3o), veio dentro do esperado. <em>Se compararmos com as \u00faltimas provas do Cespe<\/em>, foi uma prova at\u00e9 f\u00e1cil&#8230; Mas claro, estamos falando do Cespe, ent\u00e3o n\u00e3o foi uma prova trivial, foi preciso estudo e dedica\u00e7\u00e3o para ter o m\u00ednimo de aproveitamento.<\/p>\n<p style=\"text-align: left\">N\u00e3o tivemos muitas surpresas, apenas uma quantidade razo\u00e1vel, dentro do esperado. A linguagem e abordagem dos temas tamb\u00e9m corresponderam com a expectativa. N\u00e3o encontramos muitos erros, o que n\u00e3o nos garante muitas possibilidades para recurso&#8230; Mas, \u201ccatucando\u201d um pouco, conseguimos vislumbrar algumas, sim, e est\u00e3o todas destacadas nos coment\u00e1rios.<\/p>\n<p style=\"text-align: left\">Lembre-se de que essas s\u00e3o apenas as possibilidades que <u>n\u00f3s<\/u> vislumbramos, voc\u00ea pode ter visto outras \u2013 \u201cdificuldade de interpreta\u00e7\u00e3o\u201d e \u201cdubiedade\u201d s\u00e3o aspectos relativos e se voc\u00ea percebeu esses ou outros fatores nas demais quest\u00f5es: FA\u00c7A O SEU RECURSO.<\/p>\n<p style=\"text-align: left\">Um recurso n\u00e3o precisa ser um texto longo e elaborado, seja objetivo e exponha as raz\u00f5es para o recurso. N\u00e3o se acanhe, voc\u00ea n\u00e3o tem nada a perder, na duvida recorra<\/p>\n<p style=\"text-align: left\">A seguir, temos uma lista de TODAS AS QUEST\u00d5ES COMENTADAS, mas como sei que o prazo para recursos \u00e9 curto e se essa for sua maior preocupa\u00e7\u00e3o segue antes a rela\u00e7\u00e3o das quest\u00f5es sobre as quais n\u00f3s achamos ser poss\u00edvel elaborar um recurso para voc\u00ea ir direto nelas: <strong>63, 69, 90, 91, 101, 114.<\/strong><\/p>\n<p style=\"text-align: left\">Boa sorte a todos!<\/p>\n<p style=\"text-align: left\"><strong>\u00a0<\/strong><\/p>\n<p style=\"text-align: left\"><strong>\u00a0<\/strong><\/p>\n<ol style=\"text-align: left\" start=\"51\">\n<li>Na Escola de Frankfurt, pensadores propuseram uma compreens\u00e3o da comunica\u00e7\u00e3o como processo social permanente, que deve ser estudado a partir de um modelo circular.<\/li>\n<\/ol>\n<p style=\"text-align: left\"><strong>\u00a0<\/strong><strong>COMENT\u00c1RIOS:<\/strong> Os modelos que consideraram a retroa\u00e7\u00e3o ou feedback como agende regulador da circularidade da informa\u00e7\u00e3o s\u00e3o os chamados \u201ccibern\u00e9ticos\u201d.<\/p>\n<p style=\"text-align: left\">GABARITO PRELIMINAR: ERRADO<\/p>\n<p style=\"text-align: left\">\n<ol style=\"text-align: left\" start=\"52\">\n<li>Ferdinand de Saussure diferenciou l\u00edngua (langue) de fala (parole), evidenciando que as regras de qualquer sistema lingu\u00edstico se atualizam na aplica\u00e7\u00e3o concreta no ato da fala.<\/li>\n<\/ol>\n<p style=\"text-align: left\"><strong>COMENT\u00c1RIOS: <\/strong>Como falamos na aula, Saussure considera que o objeto da lingu\u00edstica deve ser o sistema constitu\u00eddo da l\u00edngua (<em>langue<\/em>) e n\u00e3o a fala (<em>parole<\/em>). Para ele a <em>parole<\/em> que se realiza atrav\u00e9s da estrutura normativa da l\u00edngua. A l\u00edngua (langue) \u00e9 um conjunto de regras que se concretiza atrav\u00e9s do ato da fala (<em>parole<\/em>).<\/p>\n<p style=\"text-align: left\">GABARITO PRELIMINAR: CERTO<\/p>\n<p style=\"text-align: left\"><strong>\u00a0<\/strong><\/p>\n<ol style=\"text-align: left\" start=\"53\">\n<li>Espiral do sil\u00eancio \u00e9 a t\u00e9cnica elaborada em sondagens para descobrir opini\u00f5es n\u00e3o captadas pelos m\u00e9todos quantitativos de pesquisa.<\/li>\n<\/ol>\n<p style=\"text-align: left\"><strong>\u00a0<\/strong><strong>COMENT\u00c1RIOS: <\/strong>Pesquisei em todos os livros e manuais a que tenho acesso, busquei em artigos na internet e n\u00e3o encontrei uma refer\u00eancia sequer \u00e0 hip\u00f3tese da \u201cespiral do sil\u00eancio\u201d como t\u00e9cnica utilizada em sondagens em qualquer m\u00e9todo de pesquisa.<\/p>\n<p style=\"text-align: left\">Na verdade, encontrei considera\u00e7\u00f5es, sugest\u00f5es de que a tend\u00eancia abordada por Noelle-Neumann em suas pesquisas fossem consideradas, uma vez que, atrav\u00e9s do movimento da espiral do sil\u00eancio, algumas opini\u00f5es podem n\u00e3o ser expostas.<\/p>\n<p style=\"text-align: left\">Mas perceba que, a quest\u00e3o trata a hip\u00f3tese como <em>t\u00e9cnica <\/em>em pesquisas de opini\u00e3o, que n\u00e3o corresponde com os estudos sobre a hip\u00f3tese.<\/p>\n<p style=\"text-align: left\">O que encontramos no livro \u201cTeorias da Comunica\u00e7\u00e3o. Conceitos, escolas e tend\u00eancias\u201d, organizado por Hohlfeldt, Martino e Fran\u00e7a (p\u00e1gina 234) \u00e9 que Noelle Neumann insiste sobre a necessidade de se <em>conhecer <\/em>as condi\u00e7\u00f5es necess\u00e1rias para o estudo emp\u00edrico da opini\u00e3o p\u00fablica, incluindo alguns questionamentos b\u00e1sicos sobre a distribui\u00e7\u00e3o da opini\u00e3o p\u00fablica sobre um tema com m\u00e9todos pertinentes de pesquisa representativa, o clima de opini\u00e3o, considera\u00e7\u00f5es populares sobre a evolu\u00e7\u00e3o de um tema controvertido e a necessidade de medir a disposi\u00e7\u00e3o de expressar-se ou omitir-se sobre um tema.<\/p>\n<p style=\"text-align: left\">Enfim, n\u00e3o encontro na literatura algo que corrobore o posto na quest\u00e3o.<\/p>\n<p style=\"text-align: left\">GABARITO PRELIMINAR: CERTO<\/p>\n<p style=\"text-align: left\"><u>RECURSO<\/u>: Anular a quest\u00e3o ou mudar o gabarito para errado.<\/p>\n<p style=\"text-align: left\"><strong>\u00a0<\/strong><\/p>\n<ol style=\"text-align: left\" start=\"54\">\n<li>Para o pensamento do s\u00e9culo XIX, o progresso da industrializa\u00e7\u00e3o, a revolu\u00e7\u00e3o dos transportes e do com\u00e9rcio e os valores de igualdade e liberdade resultaram na sociedade de massa, cujo conceito \u00e9 fundamental para a compreens\u00e3o da teoria hipod\u00e9rmica da comunica\u00e7\u00e3o.<\/li>\n<\/ol>\n<p style=\"text-align: left\"><strong>COMENT\u00c1RIOS:<\/strong> Como vimos, teorias sobre os efeitos da comunica\u00e7\u00e3o come\u00e7aram a ser consideradas (mesmo que de modo geral) no contexto hist\u00f3rico acarretado principalmente pelos avan\u00e7os da Revolu\u00e7\u00e3o Industrial (que acontece aproximadamente entre 1760 e 1830 \u2013 influenciando, portanto, o pensamento no s\u00e9culo XIX).<\/p>\n<p style=\"text-align: left\">GABARITO PRELIMINAR: CERTO<\/p>\n<p style=\"text-align: left\"><strong>\u00a0<\/strong><\/p>\n<ol style=\"text-align: left\" start=\"55\">\n<li>A abordagem emp\u00edrico-experimental do final da d\u00e9cada de 40 do s\u00e9culo XX pode ser sintetizada pela formula\u00e7\u00e3o das seguintes perguntas: quem? Diz o qu\u00ea? Atrav\u00e9s de que canal? Com que efeito?<\/li>\n<\/ol>\n<p style=\"text-align: left\"><strong>COMENT\u00c1RIOS: <\/strong>Vimos que teoria ou abordagem \u201cemp\u00edrico-experimental\u201d \u00e9 um outro nome para a Teoria da Persuas\u00e3o. Vimos tamb\u00e9m que a teoria que pode ser sintetizada pela formula\u00e7\u00e3o das perguntas em quest\u00e3o \u00e9 o modelo de Laswell (produto da teoria hipod\u00e9rmica).<\/p>\n<p style=\"text-align: left\">GABARITO PRELIMINAR: ERRADO<\/p>\n<p style=\"text-align: left\"><strong>\u00a0<\/strong><strong>\u00a0<\/strong><\/p>\n<ol style=\"text-align: left\" start=\"56\">\n<li>A ind\u00fastria cultural, consequ\u00eancia da sociedade de mercado, caracteriza-se pela valoriza\u00e7\u00e3o do ineditismo das obras art\u00edsticas, n\u00e3o reconhecendo reinterpreta\u00e7\u00f5es ou reapresenta\u00e7\u00f5es do produto cultural.<\/li>\n<\/ol>\n<p style=\"text-align: left\"><strong>\u00a0<\/strong><strong>COMENT\u00c1RIOS: <\/strong>Pelo contr\u00e1rio! A ind\u00fastria cultural foi uma denomina\u00e7\u00e3o forjada para caracterizar, dentre outras coisas, a produ\u00e7\u00e3o art\u00edstica da sociedade capitalista, que passa a produzir em s\u00e9rie, em ineditismo destac\u00e1vel.<\/p>\n<p style=\"text-align: left\">GABARITO PRELIMINAR: ERRADO<\/p>\n<p style=\"text-align: left\"><strong>\u00a0<\/strong><strong>\u00a0<\/strong><\/p>\n<ol style=\"text-align: left\" start=\"57\">\n<li>Conforme o agenda-setting, o p\u00fablico real\u00e7a ou negligencia elementos do cen\u00e1rio p\u00fablico conforme a a\u00e7\u00e3o dos meios de informa\u00e7\u00e3o.<\/li>\n<\/ol>\n<p style=\"text-align: left\"><strong>COMENT\u00c1RIOS: <\/strong>Isso mesmo. Atrav\u00e9s da hip\u00f3tese do agenda-setting, percebe-se que o p\u00fablico considera os temas tratados nos meios de comunica\u00e7\u00e3o para formular uma pauta, destacando sobre o que ser\u00e1 tratado (os elementos que ser\u00e3o considerados \u2013 real\u00e7ados ou negligenciados), mas n\u00e3o <em>como<\/em>.<\/p>\n<p style=\"text-align: left\">GABARITO PRELIMINAR: CERTO<\/p>\n<p style=\"text-align: left\">\n<ol style=\"text-align: left\" start=\"58\">\n<li><em>Stakeholders<\/em> s\u00e3o os p\u00fablicos externos com os quais a empresa se relaciona, que s\u00e3o importantes para que a empresa seja percebida de acordo com sua ess\u00eancia<\/li>\n<\/ol>\n<p style=\"text-align: left\"><strong>COMENT\u00c1RIOS: <\/strong>Destacamos bastante em nossas aulas de comunica\u00e7\u00e3o organizacional que os stakeholders s\u00e3o indiv\u00edduos ou grupos que de alguma forma s\u00e3o partes interessadas ou intervenientes da institui\u00e7\u00e3o. Esses estariam dentro ou fora da organiza\u00e7\u00e3o \u2013 n\u00e3o sendo <em>apenas\u00ad<\/em> os p\u00fablicos externos.<\/p>\n<p style=\"text-align: left\">GABARITO PRELIMINAR: ERRADO<\/p>\n<p style=\"text-align: left\"><strong>\u00a0<\/strong><\/p>\n<ol style=\"text-align: left\" start=\"59\">\n<li>O projeto editorial consiste em uma diretriz daquilo que \u00e9 essencial para uma publica\u00e7\u00e3o, incluindo seus objetivos e o perfil do p\u00fablico e, ainda, os fatores t\u00e9cnicos de produ\u00e7\u00e3o e revis\u00e3o.<\/li>\n<\/ol>\n<p style=\"text-align: left\"><strong>\u00a0<\/strong><strong>COMENT\u00c1RIOS: <\/strong>O projeto editorial \u00e9 um documento que re\u00fane os detalhes para a elabora\u00e7\u00e3o de um produto editorial (seja revista, jornal, site, etc). Ele estabelece os temas a serem abordados, a linguagem a ser utilizada, enfim, \u00e9 nesse projeto que estar\u00e3o as informa\u00e7\u00f5es que dizem respeito ao conte\u00fado a ser publicado.<\/p>\n<p style=\"text-align: left\">GABARITO PRELIMINAR: CERTO<\/p>\n<p style=\"text-align: left\"><strong>\u00a0<\/strong><\/p>\n<ol style=\"text-align: left\" start=\"60\">\n<li>Newsletters consistem na vers\u00e3o impressa de jornais e boletins on-line com o perfil informativo, opinativo e interpretativo, disponibilizada periodicamente.<\/li>\n<\/ol>\n<p style=\"text-align: left\"><strong>COMENT\u00c1RIOS: <\/strong>O newsletter pode ser impresso ou eletr\u00f4nico, muito embora vejamos a tend\u00eancia crescente de substituir a vers\u00e3o impressa pela digital.<\/p>\n<p style=\"text-align: left\">GABARITO PRELIMINAR: ERRADO<\/p>\n<p style=\"text-align: left\"><strong>\u00a0<\/strong><\/p>\n<ol style=\"text-align: left\" start=\"61\">\n<li><em>Mailing<\/em> \u2014 lista de contatos de interesse espec\u00edfico da empresa \u2014 \u00e9 uma ferramenta da comunica\u00e7\u00e3o corporativa.<\/li>\n<\/ol>\n<p style=\"text-align: left\"><strong>COMENT\u00c1RIOS: <\/strong>O <em>mailing-list<\/em> ou simplesmente <em>mailing<\/em> \u00e9 um banco de dados de potenciais consumidores para enviar campanhas promocionais, de cunho interno ou externo. Sem d\u00favida uma forte ferramenta para a comunica\u00e7\u00e3o corporativa.<\/p>\n<p style=\"text-align: left\">GABARITO PRELIMINAR: CERTO<\/p>\n<p style=\"text-align: left\"><strong>\u00a0<\/strong><\/p>\n<ol style=\"text-align: left\" start=\"62\">\n<li>O fluxo de comunica\u00e7\u00e3o descendente leva as informa\u00e7\u00f5es da base da organiza\u00e7\u00e3o para o comando hier\u00e1rquico.<\/li>\n<\/ol>\n<p style=\"text-align: left\">\n<p style=\"text-align: left\"><strong>COMENT\u00c1RIOS:<\/strong> Descendente quer dizer \u201cque desce\u201d, \u201cde cima para baixo\u201d. Diferente disso, levar a informa\u00e7\u00e3o da base para o comando hier\u00e1rquico \u00e9 um movimento ascendente!<\/p>\n<p style=\"text-align: left\">GABARITO PRELIMINAR: ERRADO<\/p>\n<p style=\"text-align: left\"><strong>\u00a0<\/strong><\/p>\n<ol style=\"text-align: left\" start=\"63\">\n<li>Um acontecimento programado, que gera expectativa e necessidade de retorno institucional, inclui-se entre os instrumentos de marketing.<\/li>\n<\/ol>\n<p style=\"text-align: left\"><strong>COMENT\u00c1RIOS:<\/strong> Sinceramente, achei essa quest\u00e3o extremamente mal elaborada. A banca n\u00e3o deixa clara a que acontecimento est\u00e1 se referindo, dando margem para v\u00e1rias interpreta\u00e7\u00f5es. Com certeza, essa \u00e9 uma possibilidade para que se recorra e anulem a quest\u00e3o.<\/p>\n<p style=\"text-align: left\">GABARITO PRELIMINAR: CERTO<\/p>\n<p style=\"text-align: left\"><u>RECURSO<\/u>: Anular a quest\u00e3o.<\/p>\n<p style=\"text-align: left\"><strong>\u00a0<\/strong><\/p>\n<ol style=\"text-align: left\" start=\"64\">\n<li>A intera\u00e7\u00e3o e o feedback s\u00e3o caracter\u00edsticas da comunica\u00e7\u00e3o digital e objetivos das rela\u00e7\u00f5es p\u00fablicas.<\/li>\n<\/ol>\n<p style=\"text-align: left\"><strong>COMENT\u00c1RIOS:<\/strong> Essa \u00e9 uma quest\u00e3o bem interessante e inteligente do meu ponto de vista. Como vimos, a comunica\u00e7\u00e3o digital viabiliza o tr\u00e2nsito quase irrestrito de informa\u00e7\u00f5es. Ela permite um maior grau de interatividade e feedback.<\/p>\n<p style=\"text-align: left\">Do mesmo jeito, as rela\u00e7\u00f5es p\u00fablicas t\u00eam como objetivo abrir canais de intera\u00e7\u00e3o da organiza\u00e7\u00e3o com os diferentes p\u00fablicos, tanto para comunicar, quanto para dar feedback dos assuntos mais pertinentes.<\/p>\n<p style=\"text-align: left\">Como a quest\u00e3o n\u00e3o restringiu quais seriam os conte\u00fados dessas intera\u00e7\u00f5es ou feedbacks, acredito que ela esteja correta, sim.<\/p>\n<p style=\"text-align: left\">GABARITO PRELIMINAR: CERTA<\/p>\n<p style=\"text-align: left\"><strong>\u00a0<\/strong><\/p>\n<ol style=\"text-align: left\" start=\"65\">\n<li>A nota oficial pode ser utilizada pela assessoria de imprensa para esclarecer o p\u00fablico sobre problemas estruturais eventualmente ocorridos nos eventos.<\/li>\n<\/ol>\n<p style=\"text-align: left\"><strong>\u00a0<\/strong><strong>COMENT\u00c1RIOS:<\/strong> Sim, a nota oficial \u00e9 uma declara\u00e7\u00e3o formal da organiza\u00e7\u00e3o sobre determinado assunto.<\/p>\n<p style=\"text-align: left\">GABARITO PRELIMINAR: CERTO<\/p>\n<p style=\"text-align: left\"><strong>\u00a0<\/strong><\/p>\n<ol style=\"text-align: left\" start=\"66\">\n<li>Define-se pauta como a reuni\u00e3o das principais informa\u00e7\u00f5es sobre o p\u00fablico, o pre\u00e7o e a comunica\u00e7\u00e3o, al\u00e9m dos modelos de an\u00e1lise que comp\u00f5em o ambiente competitivo para um evento.<\/li>\n<\/ol>\n<p style=\"text-align: left\"><strong>\u00a0<\/strong><strong>COMENT\u00c1RIOS: <\/strong>O documento a que a quest\u00e3o se refere \u00e9 o briefing ou a an\u00e1lise SWOT. A pauta, na verdade, \u00e9 uma rela\u00e7\u00e3o dos assuntos a serem tratados.<\/p>\n<p style=\"text-align: left\">GABARITO PRELIMINAR: ERRADO<\/p>\n<p style=\"text-align: left\"><strong>\u00a0<\/strong><strong>\u00a0<\/strong><\/p>\n<ol style=\"text-align: left\" start=\"67\">\n<li>Denomina-se entrevista coletiva a a\u00e7\u00e3o de receber os profissionais de ve\u00edculos de comunica\u00e7\u00e3o, em um mesmo dia, mas em hor\u00e1rios diferentes, para garantir-lhes acesso amplo aos diversos processos de produ\u00e7\u00e3o da not\u00edcia.<\/li>\n<\/ol>\n<p style=\"text-align: left\"><strong>COMENT\u00c1RIOS:<\/strong> O erro est\u00e1 em dizer que essa recep\u00e7\u00e3o de profissionais de ve\u00edculos de comunica\u00e7\u00e3o \u00e9 feita em \u201chor\u00e1rios diferentes\u201d. Na verdade, acontece apenas um evento, em um \u00fanico momento, para todos.<\/p>\n<p style=\"text-align: left\">GABARITO PRELIMINAR: ERRADO<\/p>\n<p style=\"text-align: left\"><strong>\u00a0<\/strong><\/p>\n<p style=\"text-align: left\"><strong>68.<\/strong>O objetivo do house organ \u00e9 informar o p\u00fablico externo de mudan\u00e7as em uma corpora\u00e7\u00e3o.<\/p>\n<p style=\"text-align: left\"><strong>\u00a0<\/strong><strong>COMENT\u00c1RIOS:<\/strong> Tradicionalmente, \u201chouse organ\u201d \u00e9 outro nome para os ve\u00edculos de comunica\u00e7\u00e3o interna. No entanto, tem sido usado para denominar qualquer ve\u00edculo de comunica\u00e7\u00e3o corporativa, indepentende do p\u00fablico. Mesmo assim, a quest\u00e3o est\u00e1 errada, j\u00e1 que seu <em>\u00fanico<\/em> objetivo (como sugere a quest\u00e3o) n\u00e3o o de \u201cinformar o p\u00fablico (&#8230;) de mudan\u00e7as em uma corpora\u00e7\u00e3o\u201d, podendo ter assuntos variados, de acordo com a necessidade.<\/p>\n<p style=\"text-align: left\">GABARITO PRELIMINAR: ERRADO<\/p>\n<p style=\"text-align: left\"><strong>\u00a0<\/strong><strong>\u00a0<\/strong><\/p>\n<ol style=\"text-align: left\" start=\"69\">\n<li><em>Clipping<\/em> consiste no recorte e na grava\u00e7\u00e3o de reportagens, colunas, notas e artigos, para arquivamento e an\u00e1lise, realizados pela assessoria de imprensa ap\u00f3s a realiza\u00e7\u00e3o e a divulga\u00e7\u00e3o de um evento.<\/li>\n<\/ol>\n<p style=\"text-align: left\"><strong>\u00a0<\/strong><strong>COMENT\u00c1RIOS: <\/strong>Aten\u00e7\u00e3o! A quest\u00e3o nos faz concluir que o <em>clipping<\/em> serve apenas para observar a repercuss\u00e3o de um evento na m\u00eddia. Isso n\u00e3o \u00e9 verdade!<\/p>\n<p style=\"text-align: left\">Essa ferramenta, como bem tratou Maristela Mafei (em seu livro \u201cAssessoria de Imprensa: Como se relacionar com a m\u00eddia.\u201d, da editora Contexto, p\u00e1gina 72 e 73), tem um papel bem mais estrat\u00e9gico.<\/p>\n<p style=\"text-align: left\">O <em>clipping <\/em>tem sido usado, inclusive \u201cpara monitorar a exposi\u00e7\u00e3o, dentro e fora do pa\u00eds, de determinadas empresas que podem se tornar clientes, parceiras ou concorrentes.\u201d Para Mafei, a an\u00e1lise detalhada desse material \u00e9 poss\u00edvel rever o plano de neg\u00f3cios e interpretar melhor as tend\u00eancias do setor.<\/p>\n<p style=\"text-align: left\">Veja que vai muito al\u00e9m do que calcular a repercuss\u00e3o de um evento. Talvez o elaborador tivesse a inten\u00e7\u00e3o de, na primeira parte da quest\u00e3o apenas descrever o <em>clipping<\/em>, que, ao fazer de maneira ampla, est\u00e1 correta; e na segunda parte, dizer que \u201ctamb\u00e9m\u201d \u00e9 utilizada pela assessoria de imprensa ap\u00f3s a realiza\u00e7\u00e3o e divulga\u00e7\u00e3o de um evento. No entanto, a formula\u00e7\u00e3o da assertiva d\u00e1 margem para outras interpreta\u00e7\u00f5es. Inclusive essa restritiva que reduz a utiliza\u00e7\u00e3o do <em>clipping<\/em>, como comentamos.<\/p>\n<p style=\"text-align: left\">GABARITO PRELIMINAR: CERTO<\/p>\n<p style=\"text-align: left\"><u>RECURSO<\/u>: Anular ou mudar o gabarito.<\/p>\n<p style=\"text-align: left\"><strong>\u00a0<\/strong><strong>\u00a0<\/strong><\/p>\n<ol style=\"text-align: left\" start=\"70\">\n<li>Um p\u00fablico focal \u00e9 o destino privilegiado de uma mensagem institucional ou mercadol\u00f3gica, podendo ser interno, externo e misto.<\/li>\n<\/ol>\n<p style=\"text-align: left\"><strong>\u00a0<\/strong><strong>COMENT\u00c1RIOS: <\/strong>Embora menos usado, o termo \u201cp\u00fablico focal\u201d \u00e9 equivalente a \u201cp\u00fablico-alvo\u201d, que significa o grupo de pessoas para o qual determinada mensagem ser\u00e1 dirigida preferencialmente \u2013 ele pode, sim, ser interno externo ou misto.<\/p>\n<p style=\"text-align: left\">GABARITO PRELIMINAR: CERTO<\/p>\n<p style=\"text-align: left\"><strong>\u00a0<\/strong><\/p>\n<p style=\"text-align: left\"><strong>\u00a0<\/strong><\/p>\n<ol style=\"text-align: left\" start=\"71\">\n<li>Press kit \u00e9 um texto conciso e objetivo, em que se evita o emprego de adjetivos, constru\u00eddo por meio de t\u00e9cnicas jornal\u00edsticas para ser distribu\u00eddo em coletivas e atos formais.<\/li>\n<\/ol>\n<p style=\"text-align: left\"><strong>\u00a0<\/strong><strong>COMENT\u00c1RIOS: <\/strong>Com nossas aulas voc\u00ea viu que \u201cpress kit\u201d \u00e9 exatamente o que diz, um \u201ckit para a imprensa\u201d. Uma pasta ou um arquivo eletr\u00f4nico que inclui os principais textos sobre o assessorado, o conjunto de informa\u00e7\u00f5es b\u00e1sicas sobre sua performance, sua atividade, seu hist\u00f3rico, inser\u00e7\u00e3o no segmento, \u00edndices de desempenho (faturamento, locais em que atua, setores aos quais se dedica etc), a\u00e7\u00f5es de responsabilidade social e outros.<\/p>\n<p style=\"text-align: left\">GABARITO PRELIMINAR: ERRADO<\/p>\n<p style=\"text-align: left\"><strong>\u00a0<\/strong><strong>\u00a0<\/strong><\/p>\n<ol style=\"text-align: left\" start=\"72\">\n<li>A atividade de rela\u00e7\u00f5es p\u00fablicas busca legitimar a empresa fazendo seu p\u00fablico crer em seus valores, assim como no fato de que as decis\u00f5es da empresa s\u00e3o tomadas para satisfaz\u00ea-lo.<\/li>\n<\/ol>\n<p style=\"text-align: left\"><strong>\u00a0<\/strong><strong>COMENT\u00c1RIOS: <\/strong>O RP deve elaborar a postura e discurso da empresa para que o p\u00fablico acredite que ele est\u00e1 em \u201cprimeiro lugar\u201d dentro da empresa.<\/p>\n<p style=\"text-align: left\">GABARITO PRELIMINAR: CERTO<\/p>\n<p style=\"text-align: left\"><strong>\u00a0<\/strong><\/p>\n<ol style=\"text-align: left\" start=\"73\">\n<li>A identifica\u00e7\u00e3o da realidade organizacional \u00e9 uma das etapas do processo de planejamento de rela\u00e7\u00f5es p\u00fablicas.<\/li>\n<\/ol>\n<p style=\"text-align: left\"><strong>\u00a0<\/strong><strong>COMENT\u00c1RIOS:\u00a0 <\/strong>A base para qualquer planejamento \u00e9 estabelecida a partir dos par\u00e2metros atuais, ou seja, da identifica\u00e7\u00e3o da realidade (de verdade) da organiza\u00e7\u00e3o.<\/p>\n<p style=\"text-align: left\">GABARITO PRELIMINAR: CERTO<\/p>\n<p style=\"text-align: left\"><strong>\u00a0<\/strong><\/p>\n<ol style=\"text-align: left\" start=\"74\">\n<li>As declara\u00e7\u00f5es de miss\u00e3o e de vis\u00e3o estabelecem tanto a defini\u00e7\u00e3o do neg\u00f3cio e do setor de atua\u00e7\u00e3o da organiza\u00e7\u00e3o quanto os planos compartilhados pelos seus membros.<\/li>\n<\/ol>\n<p style=\"text-align: left\"><strong>\u00a0<\/strong><strong>COMENT\u00c1RIOS: <\/strong>Depois de analisada a situa\u00e7\u00e3o real da empresa, parte-se para a constata\u00e7\u00e3o de onde se quer chegar, como ela pretender ser vista no mercado a longo-prazo. Ou seja, \u00e9 preciso estabelecer a miss\u00e3o e a vis\u00e3o da organiza\u00e7\u00e3o. Essas declara\u00e7\u00f5es (miss\u00e3o e vis\u00e3o) norteiam desde o plano de neg\u00f3cios, at\u00e9 as mais simples estrat\u00e9gias de venda.<\/p>\n<p style=\"text-align: left\">GABARITO PRELIMINAR: CERTO<\/p>\n<p style=\"text-align: left\"><strong>\u00a0<\/strong><\/p>\n<ol style=\"text-align: left\" start=\"75\">\n<li>O marketing institucional, para fomentar sua identidade e envolver diferentes p\u00fablicos, busca a forma\u00e7\u00e3o e a consolida\u00e7\u00e3o da imagem de uma institui\u00e7\u00e3o.<\/li>\n<\/ol>\n<p style=\"text-align: left\"><strong>\u00a0<\/strong><strong>COMENT\u00c1RIOS:<\/strong> O principal produto de um bom marketing institucional \u00e9 a formula\u00e7\u00e3o positiva da imagem institucional.<\/p>\n<p style=\"text-align: left\">GABARITO PRELIMINAR: CERTO<\/p>\n<p style=\"text-align: left\"><strong>\u00a0<\/strong><strong>\u00a0<\/strong><\/p>\n<ol style=\"text-align: left\" start=\"76\">\n<li>Al\u00e9m da satisfa\u00e7\u00e3o do cliente, as a\u00e7\u00f5es de marketing visam estabelecer comunica\u00e7\u00e3o com o p\u00fablico, definir o pre\u00e7o certo para os produtos e distribu\u00ed-los de forma \u00e1gil e eficiente.<\/li>\n<\/ol>\n<p style=\"text-align: left\"><strong>\u00a0<\/strong><strong>COMENT\u00c1RIOS: <\/strong>Para responder a quest\u00e3o \u00e9 preciso ter em mente os 4 P\u2019s do marketing: Pre\u00e7o, Pra\u00e7a (distribui\u00e7\u00e3o), Promo\u00e7\u00e3o (comunica\u00e7\u00e3o) e Produto.<\/p>\n<p style=\"text-align: left\">GABARITO PRELIMINAR: CERTO<\/p>\n<p style=\"text-align: left\"><strong>\u00a0<\/strong><\/p>\n<ol style=\"text-align: left\" start=\"77\">\n<li>Para se diferenciar da concorr\u00eancia e superar as expectativas do consumidor\/cliente, uma institui\u00e7\u00e3o deve adotar o conceito de gera\u00e7\u00e3o de valor, que consiste em criar produtos que sejam de melhor qualidade, ainda que mais caros.<\/li>\n<\/ol>\n<p style=\"text-align: left\"><strong>\u00a0<\/strong><strong>COMENT\u00c1RIOS: <\/strong>O conceito de gerar ou agregar valor \u00e9 muito mais abstrato do que aquele sugerido na quest\u00e3o. Em termos bem b\u00e1sico, para gerar valor \u00e9 preciso utilizar m\u00e9todos comunicativos ou mercadol\u00f3gicos que conven\u00e7am o potencial consumidor que ele s\u00f3 tem \u201cbenef\u00edcios\u201d ao adquirir o produto.<\/p>\n<p style=\"text-align: left\">N\u00e3o est\u00e1, necessariamente, ligado ao pre\u00e7o dos produtos. \u00c9 uma quest\u00e3o de posicionamento.<\/p>\n<p style=\"text-align: left\">GABARITO PRELIMINAR: ERRADO<\/p>\n<p style=\"text-align: left\"><strong>\u00a0<\/strong><\/p>\n<ol style=\"text-align: left\" start=\"78\">\n<li>A linguagem t\u00e9cnica e formal deve ser utilizada em instrumentos de coleta de dados quantitativos, uma vez que \u00e9 a que melhor se adapta a qualquer tipo de p\u00fablico.<\/li>\n<\/ol>\n<p style=\"text-align: left\"><strong>COMENT\u00c1RIOS: <\/strong>O tipo de linguagem deve estar relacionado ao p\u00fablico de interesse da pesquisa e n\u00e3o ao tipo de pesquisa.<\/p>\n<p style=\"text-align: left\">Imagine utilizar uma linguagem t\u00e9cnica e formal sobre um assunto cient\u00edfico em uma pesquisa feita para o grande p\u00fablico. Por outro lado, se a pesquisa se dirigir \u00e0 comunidade cient\u00edfica daquela \u00e1rea, utilizar tal linguagem faz todo sentido.<\/p>\n<p style=\"text-align: left\">GABARITO PRELIMINAR: ERRADO<\/p>\n<p style=\"text-align: left\"><strong>\u00a0<\/strong><\/p>\n<ol style=\"text-align: left\" start=\"79\">\n<li>As amostragens n\u00e3o probabil\u00edstica e representativa, utilizadas em pesquisas com grupos focais, devem ser evitadas nos casos em que o objetivo da pesquisa seja avaliar as rea\u00e7\u00f5es de consumidores a novos produtos ou servi\u00e7os.<\/li>\n<\/ol>\n<p style=\"text-align: left\"><strong>\u00a0<\/strong><strong>COMENT\u00c1RIOS: <\/strong>As <u>amostras probabil\u00edsticas<\/u> acontecem quando cada membro da popula\u00e7\u00e3o pode de ser inclu\u00eddo na pesquisa e os pesquisadores podem calcular os limites de erros da amostragem. A amostragem probabil\u00edstica \u00e9 que <em>\u00e9<\/em> representativa da popula\u00e7\u00e3o.<\/p>\n<p style=\"text-align: left\">As <u>amostras n\u00e3o probabil\u00edsticas<\/u> n\u00e3o permitem que os resultados sejam generalizados para a popula\u00e7\u00e3o em bases estat\u00edsticas (portanto, n\u00e3o s\u00e3o representativas), impedem que certas t\u00e9cnicas estat\u00edsticas sejam empregadas.<\/p>\n<p style=\"text-align: left\">O melhor m\u00e9todo depende das necessidades do projeto de pesquisa. Os grupos focais, por exemplo, (m\u00e9todo em que o moderador estimula uma discuss\u00e3o livre e aberta em um grupo) s\u00e3o, muito usados em testes da publicidade, testes de conceito e como pr\u00e9-fase de estudos quantitativos maiores.<\/p>\n<p style=\"text-align: left\">GABARITO PRELIMINAR: ERRADO<\/p>\n<p style=\"text-align: left\"><strong>\u00a0<\/strong><\/p>\n<ol style=\"text-align: left\" start=\"80\">\n<li>A confirma\u00e7\u00e3o ou a refuta\u00e7\u00e3o de hip\u00f3teses formuladas na etapa de defini\u00e7\u00e3o do problema de pesquisa podem ser obtidas por meio da an\u00e1lise de dados quantitativos ou qualitativos de estudos descritivos.<\/li>\n<\/ol>\n<p style=\"text-align: left\"><strong>\u00a0<\/strong><\/p>\n<p style=\"text-align: left\"><strong>COMENT\u00c1RIOS: <\/strong>Isso mesmo, para come\u00e7ar a pesquisa, \u00e9 preciso definir o problema a partir de confirma\u00e7\u00e3o ou refuta\u00e7\u00e3o de hip\u00f3teses. Esse processo pode acontecer ao se analisar estudos descritivos pr\u00e9vios.<\/p>\n<p style=\"text-align: left\">GABARITO PRELIMINAR: CERTO<\/p>\n<p style=\"text-align: left\"><strong>\u00a0<\/strong><\/p>\n<ol style=\"text-align: left\" start=\"81\">\n<li>Se a sociedade aderir cada vez mais ao consumo consciente, poder\u00e1 ocorrer altera\u00e7\u00e3o da din\u00e2mica do mercado, em virtude de as organiza\u00e7\u00f5es passarem a adotar medidas que estimulem o consumo sustent\u00e1vel.<\/li>\n<\/ol>\n<p style=\"text-align: left\"><strong>\u00a0<\/strong><strong>COMENT\u00c1RIOS:<\/strong> As organiza\u00e7\u00f5es se moldam pelo mercado. Se h\u00e1 uma mudan\u00e7a no mercado, as organiza\u00e7\u00f5es tendem a absorver essas mudan\u00e7as.<\/p>\n<p style=\"text-align: left\">GABARITO PRELIMINAR: CERTO<\/p>\n<p style=\"text-align: left\"><strong>\u00a0<\/strong><\/p>\n<ol style=\"text-align: left\" start=\"82\">\n<li>Uma organiza\u00e7\u00e3o deve buscar se relacionar constantemente com a comunidade para garantir que esta se mobilize contra qualquer fato de repercuss\u00e3o negativa que venha a envolver a organiza\u00e7\u00e3o.<\/li>\n<\/ol>\n<p style=\"text-align: left\"><strong>\u00a0<\/strong><strong>COMENT\u00c1RIOS:<\/strong> N\u00e3o se deve esperar que a comunidade se mobilize em favor de uma organiza\u00e7\u00e3o \u2013 isso \u00e9 uma fantasia! A organiza\u00e7\u00e3o deve estar sempre em contato com a comunidade para que, no caso de um fato de repercuss\u00e3o negativa, ela tenha o canal aberto para se explicar e contornar a situa\u00e7\u00e3o da forma mais transparente e r\u00e1pida poss\u00edvel.<\/p>\n<p style=\"text-align: left\">GABARITO PRELIMINAR: ERRADO<\/p>\n<p style=\"text-align: left\"><strong>\u00a0<\/strong><\/p>\n<ol style=\"text-align: left\" start=\"83\">\n<li>A responsabilidade social das organiza\u00e7\u00f5es \u2014 uma pr\u00e1tica volunt\u00e1ria \u2014 n\u00e3o deve ser confundida com a\u00e7\u00f5es impostas pelo governo ou por incentivos externos como, por exemplo, benef\u00edcios fiscais.<\/li>\n<\/ol>\n<p style=\"text-align: left\"><strong>\u00a0<\/strong><strong>COMENT\u00c1RIOS:<\/strong> Exatamente, a pr\u00e1tica de responsabilidade social deve ser uma forma de gest\u00e3o da empresa e n\u00e3o uma forma de se beneficiar ou para apenas parecer.<\/p>\n<p style=\"text-align: left\">GABARITO PRELIMINAR: CERTO<\/p>\n<p style=\"text-align: left\"><strong>\u00a0<\/strong><strong>\u00a0<\/strong><\/p>\n<ol style=\"text-align: left\" start=\"84\">\n<li>O planejamento de comunica\u00e7\u00e3o organizacional desconsidera as defini\u00e7\u00f5es de miss\u00e3o, vis\u00e3o e valores voltados \u00e0 comunica\u00e7\u00e3o.<\/li>\n<\/ol>\n<p style=\"text-align: left\"><strong>\u00a0<\/strong><strong>COMENT\u00c1RIOS: <\/strong>De jeito nenhum desconsidera! Na verdade, o planejamento de comunica\u00e7\u00e3o vem a defini-los, destaca-los e exaut\u00e1-los.<\/p>\n<p style=\"text-align: left\">GABARITO PRELIMINAR: ERRADO<\/p>\n<p style=\"text-align: left\"><strong>\u00a0<\/strong><strong>\u00a0<\/strong><\/p>\n<ol style=\"text-align: left\" start=\"85\">\n<li>Deve-se evitar o detalhamento da avalia\u00e7\u00e3o das necessidades de comunica\u00e7\u00e3o durante a elabora\u00e7\u00e3o do planejamento de comunica\u00e7\u00e3o organizacional, especialmente no caso de tais necessidades serem de conhecimento pr\u00e9vio da organiza\u00e7\u00e3o.<\/li>\n<\/ol>\n<p style=\"text-align: left\"><strong>\u00a0<\/strong><strong>COMENT\u00c1RIOS: <\/strong>A quest\u00e3o n\u00e3o faz sentido algum! \u00c9 com base nesse detalhamento que o planejamento deve definir as t\u00e1ticas e estrat\u00e9gias.<\/p>\n<p style=\"text-align: left\">GABARITO PRELIMINAR: ERRADO<\/p>\n<p style=\"text-align: left\"><strong>\u00a0<\/strong><strong>\u00a0<\/strong><\/p>\n<ol style=\"text-align: left\" start=\"86\">\n<li>A an\u00e1lise SWOT \u00e9 uma das t\u00e9cnicas mais utilizadas para a constru\u00e7\u00e3o de diagn\u00f3sticos no planejamento de comunica\u00e7\u00e3o organizacional e de marketing, pois ela permite identificar for\u00e7as, fraquezas, oportunidades e amea\u00e7as dos ambientes internos e externos de uma organiza\u00e7\u00e3o.<\/li>\n<\/ol>\n<p style=\"text-align: left\"><strong>COMENT\u00c1RIOS: <\/strong>SWOT significa exatamente isso: Strengths (for\u00e7as), Weaknesses (fraquezas), Opportunities (oportunidades) e Threats\u00a0 (amea\u00e7as). Essa \u00e9 uma t\u00e9cnica de avalia\u00e7\u00e3o dos ambientes que envolvem a organiza\u00e7\u00e3o para constata\u00e7\u00e3o desses pontos e formula\u00e7\u00e3o de um diagn\u00f3stico para servir de partida<\/p>\n<p style=\"text-align: left\">GABARITO PRELIMINAR: CERTO<\/p>\n<p style=\"text-align: left\"><strong>\u00a0<\/strong><\/p>\n<ol style=\"text-align: left\" start=\"87\">\n<li>Por meio da parceria entre as \u00e1reas de comunica\u00e7\u00e3o e marketing, torna-se poss\u00edvel uma organiza\u00e7\u00e3o administrar estrategicamente a comunica\u00e7\u00e3o com diversos p\u00fablicos, como empregados, consumidores, imprensa, poderes p\u00fablicos, investidores e fornecedores.<\/li>\n<\/ol>\n<p style=\"text-align: left\"><strong>\u00a0<\/strong><strong>COMENT\u00c1RIOS:<\/strong> Sim! Essa parceria, como falamos, est\u00e1 dentro da l\u00f3gica da Comunica\u00e7\u00e3o Organizacional Integrada.<\/p>\n<p style=\"text-align: left\">GABARITO PRELIMINAR: CERTO<\/p>\n<p style=\"text-align: left\"><strong>\u00a0<\/strong><strong>\u00a0<\/strong><\/p>\n<ol style=\"text-align: left\" start=\"88\">\n<li>Para a alta administra\u00e7\u00e3o de organiza\u00e7\u00f5es com n\u00edvel de excel\u00eancia em estrat\u00e9gia, processos e opera\u00e7\u00f5es, o papel da comunica\u00e7\u00e3o restringe-se a executar as a\u00e7\u00f5es previstas no planejamento estrat\u00e9gico.<\/li>\n<\/ol>\n<p style=\"text-align: left\"><strong>\u00a0<\/strong><strong>COMENT\u00c1RIOS: <\/strong>Para estar nesse n\u00edvel de excel\u00eancia a comunica\u00e7\u00e3o precisa estar preparada para recepcionar o feedback, por exemplo, o p\u00fablico e aplicar as devidas mudan\u00e7as constatadas. \u00c9 preciso uma via de m\u00e3o dupla&#8230; Estar pronto para reformular a rota tra\u00e7ada \u00e9 uma premissa b\u00e1sica.<\/p>\n<p style=\"text-align: left\">GABARITO PRELIMINAR: ERRADO<\/p>\n<p style=\"text-align: left\"><strong>\u00a0<\/strong><\/p>\n<ol style=\"text-align: left\" start=\"89\">\n<li>Para manter um relacionamento adequado com a administra\u00e7\u00e3o da organiza\u00e7\u00e3o, o profissional de rela\u00e7\u00f5es p\u00fablicas deve demonstrar conhecimentos relativos \u00e0s teorias de gerenciamento ou de administra\u00e7\u00e3o.<\/li>\n<\/ol>\n<p style=\"text-align: left\"><strong>\u00a0<\/strong><strong>COMENT\u00c1RIOS: <\/strong>Isso mesmo! Se um dos p\u00fablicos que o RP deve se relacionar \u00e9 o alto escal\u00e3o administrativo da organiza\u00e7\u00e3o, ele precisa estar familiarizado com o vocabul\u00e1rio e conhecimentos pertinentes a essa \u00e1rea.<\/p>\n<p style=\"text-align: left\">GABARITO PRELIMINAR: CERTO<\/p>\n<p style=\"text-align: left\"><strong>\u00a0<\/strong><\/p>\n<ol style=\"text-align: left\" start=\"90\">\n<li>O inter-relacionamento entre \u00e1reas de recursos humanos e rela\u00e7\u00f5es p\u00fablicas em uma organiza\u00e7\u00e3o potencializa a comunica\u00e7\u00e3o interna desta e fortalece seu planejamento estrat\u00e9gico.<\/li>\n<\/ol>\n<p style=\"text-align: left\"><strong>\u00a0<\/strong><strong>COMENT\u00c1RIOS: <\/strong>N\u00e3o existe d\u00favida de que esse \u00e9 o maior benef\u00edcio desse inter-relacionamento.<\/p>\n<p style=\"text-align: left\">GABARITO PRELIMINAR: CERTO<\/p>\n<p style=\"text-align: left\"><strong>\u00a0<\/strong><\/p>\n<ol style=\"text-align: left\" start=\"91\">\n<li>A principal fun\u00e7\u00e3o do profissional de rela\u00e7\u00f5es p\u00fablicas na \u00e1rea de recursos humanos consiste em preparar informativos, boletins e outros tipos de comunica\u00e7\u00e3o interna.<\/li>\n<\/ol>\n<p style=\"text-align: left\"><strong>\u00a0<\/strong><strong>COMENT\u00c1RIOS:<\/strong> Embora essa fun\u00e7\u00e3o possa ser agregada pelo RP em algumas institui\u00e7\u00f5es menores, de modo algum podemos dizer que essa \u00e9 a principal fun\u00e7\u00e3o do profissional.<\/p>\n<p style=\"text-align: left\">GABARITO PRELIMINAR: ERRADO<\/p>\n<p style=\"text-align: left\"><strong>\u00a0<\/strong><\/p>\n<ol style=\"text-align: left\" start=\"92\">\n<li>Conversas informais e reuni\u00f5es grupais s\u00e3o os instrumentos de comunica\u00e7\u00e3o interna mais adequados para que a alta gest\u00e3o transmita mensagens corporativas a seus colaboradores.<\/li>\n<\/ol>\n<p style=\"text-align: left\"><strong>COMENT\u00c1RIOS: <\/strong>As mensagens corporativas da alta gest\u00e3o a seus colaboradores, na maioria das vezes, precisam transmitir a autoridade para o cumprimento de regras, por exemplo. Sendo assim, precisam ocorrer por meio de canais mais formasis.<\/p>\n<p style=\"text-align: left\">GABARITO PRELIMINAR: ERRADO<\/p>\n<p style=\"text-align: left\"><strong>\u00a0<\/strong><\/p>\n<p style=\"text-align: left\"><strong>93.<\/strong>Os instrumentos de comunica\u00e7\u00e3o interna podem ser formais, como relat\u00f3rios administrativos, memorandos, manuais de pol\u00edticas e procedimentos, ou informais, como conversas com colegas e reuni\u00f5es informais com o superior.<\/p>\n<p style=\"text-align: left\"><strong>\u00a0<\/strong><strong>COMENT\u00c1RIOS:<\/strong> Isso mesmo! Esses s\u00e3o alguns exemplos de comunica\u00e7\u00e3o interna formal e informal.<\/p>\n<p style=\"text-align: left\">GABARITO PRELIMINAR: CERTO<\/p>\n<p style=\"text-align: left\"><strong>\u00a0<\/strong><\/p>\n<ol style=\"text-align: left\" start=\"94\">\n<li>O <em>buzz marketing<\/em> \u00e9 utilizado como um <em>press release<\/em> virtual para disseminar informa\u00e7\u00f5es em jornais e revistas dispon\u00edveis na Internet.<\/li>\n<\/ol>\n<p style=\"text-align: left\"><strong>\u00a0<\/strong><strong>COMENT\u00c1RIOS: <\/strong>O <em>buzz marketing<\/em> \u00e9 uma forma de viralizar mensagens j\u00e1 prontas no ambiente virtual. Algumas revistas ou jornais podem utilizar essas mensagens em suas pautas, no entanto, n\u00e3o podemos dizer que o buzz marketing \u00e9 uma sugest\u00e3o de pauta encaminhada ao ve\u00edculo (defini\u00e7\u00e3o de press release).<\/p>\n<p style=\"text-align: left\">GABARITO PRELIMINAR: ERRADO<\/p>\n<p style=\"text-align: left\"><strong>\u00a0<\/strong><\/p>\n<ol style=\"text-align: left\" start=\"95\">\n<li>O marketing viral \u00e9 uma estrat\u00e9gia que visa promover vendas diretas pela Internet.<\/li>\n<\/ol>\n<p style=\"text-align: left\"><strong>\u00a0<\/strong><strong>COMENT\u00c1RIOS: <\/strong>O marketing viral visa a dissemina\u00e7\u00e3o r\u00e1pida e indiscriminada de uma mensagem, pode ser mercadol\u00f3gica ou institucional&#8230; mas n\u00e3o exclusivamente para promover vendas pela internet.<\/p>\n<p style=\"text-align: left\">GABARITO PRELIMINAR: ERRADO<\/p>\n<p style=\"text-align: left\"><strong>\u00a0<\/strong><\/p>\n<ol style=\"text-align: left\" start=\"96\">\n<li>Na decis\u00e3o sobre os meios de comunica\u00e7\u00e3o interna a serem utilizados por uma organiza\u00e7\u00e3o, o conte\u00fado da mensagem, a forma como ela ser\u00e1 entregue e seu p\u00fablico-alvo devem ser considerados.<\/li>\n<\/ol>\n<p style=\"text-align: left\"><strong>\u00a0<\/strong><strong>COMENT\u00c1RIOS:<\/strong> Sempre! N\u00e3o s\u00f3 na comunica\u00e7\u00e3o interna, todos esses aspectos devem ser considerados. Como a quest\u00e3o n\u00e3o diz \u201cs\u00f3\u201d a comunica\u00e7\u00e3o interna, ela permanece correta.<\/p>\n<p style=\"text-align: left\">GABARITO PRELIMINAR: CERTO<\/p>\n<p style=\"text-align: left\"><strong>\u00a0<\/strong><\/p>\n<ol style=\"text-align: left\" start=\"97\">\n<li>A premissa de que todos os cidad\u00e3os t\u00eam direito de acesso \u00e0 mesma informa\u00e7\u00e3o garante que todas as informa\u00e7\u00f5es, simples ou complexas, sejam divulgadas por meios de comunica\u00e7\u00e3o massiva.<\/li>\n<\/ol>\n<p style=\"text-align: left\"><strong>\u00a0<\/strong><strong>COMENT\u00c1RIOS: <\/strong>O erro est\u00e1 em dizer que a informa\u00e7\u00e3o seja divulgada em meios de comunica\u00e7\u00e3o massiva. Quando, na realidade, o cidad\u00e3o ganha o direito de solicitar essas informa\u00e7\u00f5es por vias diretas e individuais.<\/p>\n<p style=\"text-align: left\">GABARITO PRELIMINAR: ERRADO<\/p>\n<p style=\"text-align: left\"><strong>\u00a0<\/strong><\/p>\n<ol style=\"text-align: left\" start=\"98\">\n<li>A comunica\u00e7\u00e3o p\u00fablica \u00e9 um processo comunicativo que se estabelece entre o Estado, o governo e a sociedade, com o objetivo de promover a constru\u00e7\u00e3o da cidadania.<\/li>\n<\/ol>\n<p style=\"text-align: left\"><strong>\u00a0<\/strong><strong>COMENT\u00c1RIOS: <\/strong>Essa \u00e9 uma forma simples, por\u00e9m correta, de descrever a comunica\u00e7\u00e3o p\u00fablica.<\/p>\n<p style=\"text-align: left\">GABARITO PRELIMINAR: CERTO<\/p>\n<p style=\"text-align: left\"><strong>\u00a0<\/strong><strong>\u00a0<\/strong><\/p>\n<ol style=\"text-align: left\" start=\"99\">\n<li>Cabe \u00e0 comunica\u00e7\u00e3o p\u00fablica informar o p\u00fablico a respeito da presta\u00e7\u00e3o de servi\u00e7os das institui\u00e7\u00f5es p\u00fablicas, sem que isso as torne conhecidas.<\/li>\n<\/ol>\n<p style=\"text-align: left\"><strong>\u00a0<\/strong><strong>COMENT\u00c1RIOS: <\/strong>Seria at\u00e9 dif\u00edcil executar tal feito! Imagine divulgar os servi\u00e7os prestados pelas institui\u00e7\u00f5es p\u00fablicas, sem que os cidad\u00e3os tomem conhecimento da exist\u00eancia de tais institui\u00e7\u00f5es! O conhecimento sobre as institui\u00e7\u00f5es tamb\u00e9m conte\u00fado para a comunica\u00e7\u00e3o p\u00fablica.<\/p>\n<p style=\"text-align: left\">GABARITO PRELIMINAR: ERRADA<\/p>\n<p style=\"text-align: left\"><strong>\u00a0<\/strong><\/p>\n<ol style=\"text-align: left\" start=\"100\">\n<li>Uma institui\u00e7\u00e3o, ao utilizar a comunica\u00e7\u00e3o p\u00fablica em a\u00e7\u00f5es voltadas ao interesse p\u00fablico, deve buscar conhecer as caracter\u00edsticas, expectativas e necessidades dos cidad\u00e3os, bem como planejar e definir os instrumentos adequados para executar tais a\u00e7\u00f5es.<\/li>\n<\/ol>\n<p style=\"text-align: left\"><strong>\u00a0<\/strong><strong>COMENT\u00c1RIOS: <\/strong>Mais uma vez: sempre! Para formular qualquer mensagem, em qualquer esfera da comunica\u00e7\u00e3o (inclusive a p\u00fablica) \u00e9 preciso conhecer o p\u00fablico (no caso da comunica\u00e7\u00e3o p\u00fablica, o cidad\u00e3o) para buscar as melhores formas de alcan\u00e7a-lo.<\/p>\n<p style=\"text-align: left\">GABARITO PRELIMINAR: CERTO<\/p>\n<p style=\"text-align: left\"><strong>\u00a0<\/strong><\/p>\n<ol style=\"text-align: left\" start=\"101\">\n<li>A comunica\u00e7\u00e3o governamental, como uma comunica\u00e7\u00e3o p\u00fablica, torna-se um instrumento de constru\u00e7\u00e3o da agenda p\u00fablica ao atuar na presta\u00e7\u00e3o de contas e estimular o engajamento pol\u00edtico da popula\u00e7\u00e3o e o reconhecimento das a\u00e7\u00f5es desenvolvidas nos campos pol\u00edtico, econ\u00f4mico e social, promovendo, portanto, o debate p\u00fablico.<\/li>\n<\/ol>\n<p style=\"text-align: left\"><strong>\u00a0<\/strong><strong>COMENT\u00c1RIOS: <\/strong>A quest\u00e3o d\u00e1 a entender que a comunica\u00e7\u00e3o governamental \u00e9 um tipo de comunica\u00e7\u00e3o p\u00fablica. No entanto, n\u00e3o vejo respaldo na literatura para fazer tal afirma\u00e7\u00e3o. Elas de fato se relacionam, mas s\u00e3o diferentes em sua ess\u00eancia.<\/p>\n<p style=\"text-align: left\">GABARITO PRELIMINAR: ERRADO<\/p>\n<p style=\"text-align: left\"><u>RECURSO<\/u>: Mudar o gabarito ou anular a quest\u00e3o.<\/p>\n<p style=\"text-align: left\"><strong>\u00a0<\/strong><\/p>\n<ol style=\"text-align: left\" start=\"102\">\n<li>Visibilidade e identidade devem ser conciliadas dentro de uma organiza\u00e7\u00e3o, j\u00e1 que a primeira se refere ao conjunto de manifesta\u00e7\u00f5es que tornam essa organiza\u00e7\u00e3o percept\u00edvel ao seu p\u00fablico, e a segunda, \u00e0 personalidade da organiza\u00e7\u00e3o, identific\u00e1vel em seus produtos, em sua cultura organizacional e em sua hist\u00f3ria.<\/li>\n<\/ol>\n<p style=\"text-align: left\"><strong>\u00a0<\/strong><strong>COMENT\u00c1RIOS: <\/strong>\u201cVisibilidade\u201d n\u00e3o \u00e9 um conceito muito abordado pelos estudiosos, acredito que pela clareza do termo. A visibilidade de qualquer coisa consiste na amplitude de fatores e formas que tornam a coisa percept\u00edvel.<\/p>\n<p style=\"text-align: left\">GABARITO PRELIMINAR: CERTO<\/p>\n<p style=\"text-align: left\"><strong>\u00a0<\/strong><\/p>\n<ol style=\"text-align: left\" start=\"103\">\n<li>Durante um momento de crise, uma organiza\u00e7\u00e3o deve evitar grande visibilidade e aguardar seu restabelecimento para dar continuidade \u00e0s a\u00e7\u00f5es criativas, a fim de resguardar sua imagem e sua identidade.<\/li>\n<\/ol>\n<p style=\"text-align: left\"><strong>\u00a0<\/strong><strong>COMENT\u00c1RIOS: <\/strong>A melhor forma de agir em um momento de crise \u00e9 r\u00e1pido (t\u00e3o logo se formule uma solu\u00e7\u00e3o ou resposta) e clareza. Parte-se do princ\u00edpio que o cidad\u00e3o ou consumidor merece ter total conhecimento dos fatos. Ignorar esse apelo ou retirar-se num momento como esse pode ser extremamente nocivo para a imagem da organiza\u00e7\u00e3o.<\/p>\n<p style=\"text-align: left\">GABARITO PRELIMINAR: ERRADO<\/p>\n<p style=\"text-align: left\"><strong>\u00a0<\/strong><\/p>\n<ol style=\"text-align: left\" start=\"104\">\n<li>Com base no princ\u00edpio da transpar\u00eancia, uma empresa deve, ao disponibilizar suas informa\u00e7\u00f5es, exibir desempenho, fazer an\u00e1lises da conjuntura e responder \u00e0s demandas ambientais relativas a sua situa\u00e7\u00e3o, de forma que n\u00e3o haja nenhum preju\u00edzo \u00e0s informa\u00e7\u00f5es estrat\u00e9gicas.<\/li>\n<\/ol>\n<p style=\"text-align: left\"><strong>\u00a0<\/strong><strong>COMENT\u00c1RIOS:<\/strong> Isso mesmo, transpar\u00eancia e responsabilidade social caminham juntas para a constru\u00e7\u00e3o de uma imagem positiva perante o p\u00fablico.<\/p>\n<p style=\"text-align: left\">GABARITO PRELIMINAR: CERTO<\/p>\n<p style=\"text-align: left\"><strong>\u00a0<\/strong><\/p>\n<ol style=\"text-align: left\" start=\"105\">\n<li>A imagem institucional \u00e9 uma representa\u00e7\u00e3o da percep\u00e7\u00e3o e do imagin\u00e1rio do p\u00fablico em rela\u00e7\u00e3o \u00e0 institui\u00e7\u00e3o.<\/li>\n<\/ol>\n<p style=\"text-align: left\"><strong>\u00a0<\/strong><strong>COMENT\u00c1RIOS: <\/strong>Isso mesmo! Ao contr\u00e1rio da identidade (que \u00e9 como a institui\u00e7\u00e3o DESEJA ser notada), a imagem \u00e9 como o p\u00fablico REALMENTE PERCEBE a institui\u00e7\u00e3o.<\/p>\n<p style=\"text-align: left\">GABARITO PRELIMINAR: CERTO<\/p>\n<p style=\"text-align: left\"><strong>\u00a0<\/strong><\/p>\n<ol style=\"text-align: left\" start=\"106\">\n<li>Em abertura de solenidade da qual participem personalidades ligadas a algum n\u00edvel do governo, incluindo-se o presidente da Rep\u00fablica, a preced\u00eancia dos discursos ocorre em ordem direta, a come\u00e7ar pelo anfitri\u00e3o, seguindo-se os demais.<\/li>\n<\/ol>\n<p style=\"text-align: left\"><strong>\u00a0<\/strong><strong>COMENT\u00c1RIOS:<\/strong> Em se tratando da ordem dos oradores, o anfitri\u00e3o \u00e9 sempre o \u00faltimo a proferir a palavra.<\/p>\n<p style=\"text-align: left\">GABARITO PRELIMINAR: ERRADO<\/p>\n<p style=\"text-align: left\"><strong>\u00a0<\/strong><\/p>\n<ol style=\"text-align: left\" start=\"107\">\n<li>O Hino Nacional pode ser executado ou na abertura da cerim\u00f4nia, antes de as autoridades ocuparem seus respectivos lugares, ou, em alguns casos, no encerramento do evento.<\/li>\n<\/ol>\n<p style=\"text-align: left\"><strong>\u00a0<\/strong><strong>COMENT\u00c1RIOS: <\/strong>O hino nacional s\u00f3 tem in\u00edcio depois de composta a mesa de autoridades, n\u00e3o antes.<\/p>\n<p style=\"text-align: left\">GABARITO PRELIMINAR: ERRADO<\/p>\n<p style=\"text-align: left\"><strong>\u00a0<\/strong><\/p>\n<ol style=\"text-align: left\" start=\"108\">\n<li>A sinaliza\u00e7\u00e3o placement, utilizada em banquetes altamente formais, indica o nome da pessoa a quem determinado lugar est\u00e1 reservado.<\/li>\n<\/ol>\n<p style=\"text-align: left\"><strong>\u00a0<\/strong><strong>COMENT\u00c1RIOS: <\/strong>Em casos de jantares muito formais, a posi\u00e7\u00e3o dos convidados \u00e9 preestabelecida e identificada a partir da sinaliza\u00e7\u00e3o, conhecida como placement.<\/p>\n<p style=\"text-align: left\">GABARITO PRELIMINAR: CERTO<\/p>\n<p style=\"text-align: left\"><strong>\u00a0<\/strong><\/p>\n<ol style=\"text-align: left\" start=\"109\">\n<li>Cerimonial \u00e9 um conjunto de normas jur\u00eddicas, regras de comportamento, costumes e ritos de uma sociedade em determinado momento hist\u00f3rico, enquanto protocolo se refere \u00e0 aplica\u00e7\u00e3o pr\u00e1tica do cerimonial.<\/li>\n<\/ol>\n<p style=\"text-align: left\"><strong>COMENT\u00c1RIOS: <\/strong><strong>Cerimonial<\/strong> \u00e9 o <u>conjunto de procedimentos ou formalidades de eventos oficiais ou particulares de car\u00e1ter mais solene e formal<\/u>. <strong>Protocolo<\/strong> pode ser conceituado como <u>regras de conduta ou diretrizes que orientam os participantes<\/u> de um evento para determinadas a\u00e7\u00f5es e conduta em cerim\u00f4nias p\u00fablicas ou privadas de n\u00edvel elevado.<\/p>\n<p style=\"text-align: left\">GABARITO PRELIMINAR: ERRADO<\/p>\n<p style=\"text-align: left\"><strong>\u00a0<\/strong><\/p>\n<ol style=\"text-align: left\" start=\"110\">\n<li>A programa\u00e7\u00e3o de um evento consiste em informar e instruir seus organizadores a respeito dos aspectos mais relevantes do evento.<\/li>\n<\/ol>\n<p style=\"text-align: left\"><strong>\u00a0<\/strong><strong>COMENT\u00c1RIOS: <\/strong>N\u00e3o existe essa fase de \u201cprograma\u00e7\u00e3o\u201d, propriamente dita<\/p>\n<p style=\"text-align: left\">GABARITO PRELIMINAR: ERRADA<\/p>\n<p style=\"text-align: left\"><strong>\u00a0<\/strong><\/p>\n<ol style=\"text-align: left\" start=\"111\">\n<li>Embora os eventos corporativos disponham de prazo estendido para serem organizados, os recursos financeiros a eles destinados s\u00e3o escassos, pois n\u00e3o prov\u00eam de patrocinadores.<\/li>\n<\/ol>\n<p style=\"text-align: left\"><strong>COMENT\u00c1RIOS:<\/strong> Na maioria das vezes, os eventos s\u00e3o formulados a partir de patroc\u00ednio, que agrega valor ao evento e ao patrocinador.<\/p>\n<p style=\"text-align: left\">GABARITO PRELIMINAR: ERRADO<\/p>\n<p style=\"text-align: left\"><strong>\u00a0<\/strong><\/p>\n<ol style=\"text-align: left\" start=\"112\">\n<li>Algumas das principais caracter\u00edsticas dos eventos associativos s\u00e3o a participa\u00e7\u00e3o volunt\u00e1ria de seus delegados e a arrecada\u00e7\u00e3o de recursos mediante cotas de patroc\u00ednio.<\/li>\n<\/ol>\n<p style=\"text-align: left\"><strong>\u00a0<\/strong><strong>COMENT\u00c1RIOS: <\/strong>Isso mesmo! A quest\u00e3o descreve corretamente como acontecem os eventos associativos em que a participa\u00e7\u00e3o \u00e9 volunt\u00e1ria dos delegados e o recurso \u201cdoado\u201d \u00e9 feito por meio de cotas de patroc\u00ednio.<\/p>\n<p style=\"text-align: left\">GABARITO PRELIMINAR: CERTO<\/p>\n<p style=\"text-align: left\"><strong>\u00a0<\/strong><\/p>\n<ol style=\"text-align: left\" start=\"113\">\n<li>O cronograma de execu\u00e7\u00e3o de um evento cont\u00e9m a descri\u00e7\u00e3o detalhada das atividades do evento, a indica\u00e7\u00e3o dos respons\u00e1veis pela execu\u00e7\u00e3o e a data estimada de in\u00edcio e t\u00e9rmino de cada tarefa.<\/li>\n<\/ol>\n<p style=\"text-align: left\"><strong>COMENT\u00c1RIOS:<\/strong> Como vimos na aula: \u201cNa fase em que se estabelece um cronograma, \u00e9 passada a descri\u00e7\u00e3o detalhada e estruturada das atividades do evento, indica\u00e7\u00e3o dos respons\u00e1veis pela execu\u00e7\u00e3o e a data estimada de in\u00edcio e t\u00e9rmino de cada tarefa.\u201d<\/p>\n<p style=\"text-align: left\">GABARITO PRELIMINAR: CERTO<\/p>\n<p style=\"text-align: left\"><strong>\u00a0<\/strong><\/p>\n<ol style=\"text-align: left\" start=\"114\">\n<li>A forma de tratamento Vossa Excel\u00eancia \u00e9 adequada para figurar em convite de solenidade destinado a procurador-geral da Rep\u00fablica, embaixadores, ju\u00edzes e governadores.<\/li>\n<\/ol>\n<p style=\"text-align: left\"><strong>\u00a0<\/strong><strong>COMENT\u00c1RIOS: <\/strong>De acordo com o manual da Casa Civil, em envelopes de convites para essas autoridades \u00e9 \u201cExcelent\u00edssimo Senhor\u201d. No entanto, a formula\u00e7\u00e3o da quest\u00e3o n\u00e3o deixa claro se se trata de envelope ou n\u00e3o.<\/p>\n<p style=\"text-align: left\">Com certeza uma possibilidade de recurso por n\u00e3o permitir uma interpreta\u00e7\u00e3o clara da quest\u00e3o.<\/p>\n<p style=\"text-align: left\">GABARITO PRELIMINAR: ERRADA<\/p>\n<p style=\"text-align: left\"><u>RECURSO<\/u>: Anular a quest\u00e3o.<\/p>\n<p style=\"text-align: left\"><strong>\u00a0<\/strong><strong>\u00a0<\/strong><\/p>\n<ol style=\"text-align: left\" start=\"115\">\n<li>O f\u00f3rum \u00e9 um tipo de evento que conta com a participa\u00e7\u00e3o de um grupo selecionado e reduzido de pessoas e tem a finalidade de promover uma discuss\u00e3o informal por interm\u00e9dio de palestrante, debatedores ou diversos expositores acerca de um problema ou tema pr\u00e9-selecionado.<\/li>\n<\/ol>\n<p style=\"text-align: left\"><strong>\u00a0<\/strong><\/p>\n<p style=\"text-align: left\"><strong>COMENT\u00c1RIOS: <\/strong>O f\u00f3rum \u00e9 um evento menos t\u00e9cnico e visa levantar um problema de interesse geral em que se inclua a participa\u00e7\u00e3o da coletividade.<\/p>\n<p style=\"text-align: left\">Esse encontro \u00e9 caracterizado pelo debate livre e discuss\u00f5es e, por isso, torna-se necess\u00e1ria a presen\u00e7a de um coordenador, durante a apresenta\u00e7\u00e3o das exposi\u00e7\u00f5es, para organizar a ordem de perguntas da plateia.<\/p>\n<p style=\"text-align: left\">No \ufb01nal, colhem-se as opini\u00f5es e apresenta-se conclus\u00e3o que re\ufb02ita a opini\u00e3o da maioria. O objetivo dos organizadores \u00e9 conseguir a efetiva participa\u00e7\u00e3o da plateia, que deve ser numerosa para melhor representar as preocupa\u00e7\u00f5es, interesses e anseios da coletividade.<\/p>\n<p style=\"text-align: left\">GABARITO PRELIMINAR: ERRADO<\/p>\n<p style=\"text-align: left\"><strong>\u00a0<\/strong><\/p>\n<ol style=\"text-align: left\" start=\"116\">\n<li>A mesa-redonda \u00e9 um tipo de evento sem a participa\u00e7\u00e3o da plateia com perguntas, no qual dois oradores, intermediados por um moderador, debatem sobre um assunto de interesse p\u00fablico.<\/li>\n<\/ol>\n<p style=\"text-align: left\"><strong>\u00a0<\/strong><strong>COMENT\u00c1RIOS: <\/strong>A mesa redonda tr\u00e1s, sentados em semic\u00edrculo, quatro a oito autoridades no assunto debatem sobre um tema pol\u00eamico, controvertido ou de interesse da sociedade, ap\u00f3s terem feito uma apresenta\u00e7\u00e3o inicial.<\/p>\n<p style=\"text-align: left\">O moderador coordena o tempo de apresenta\u00e7\u00e3o de cada integrante da mesa e o tempo de resposta. No \ufb01nal, o moderador designa tempo para perguntas da plateia, que poder\u00e3o ser encaminhadas por escrito para o moderador.<\/p>\n<p style=\"text-align: left\">GABARITO PRELIMINAR: ERRADO<\/p>\n<p style=\"text-align: left\"><strong>\u00a0<\/strong><\/p>\n<ol style=\"text-align: left\" start=\"117\">\n<li>A confer\u00eancia \u00e9 um evento formal no qual um especialista em determinado assunto apresenta um tema informativo para um grande n\u00famero de pessoas.<\/li>\n<\/ol>\n<p style=\"text-align: left\"><strong>\u00a0<\/strong><strong>COMENT\u00c1RIOS: <\/strong>Comum em solenidades de abertura de encontros, a confer\u00eancia nada mais \u00e9 do que a exposi\u00e7\u00e3o de um assunto de amplo conhecimento do conferencista, autoridade no tema.<\/p>\n<p style=\"text-align: left\">Quando a confer\u00eancia ocorre durante a solenidade de abertura de encontros, n\u00e3o se abre espa\u00e7o para as perguntas da plateia, por causa da restri\u00e7\u00e3o de tempo.<\/p>\n<p style=\"text-align: left\">GABARITO PRELIMINAR: CERTO<\/p>\n<p style=\"text-align: left\"><strong>\u00a0<\/strong><\/p>\n<ol style=\"text-align: left\" start=\"118\">\n<li>A jornada consiste em uma exibi\u00e7\u00e3o p\u00fablica de produ\u00e7\u00e3o art\u00edstica, industrial, t\u00e9cnica ou cient\u00edfica, que pode ou n\u00e3o ter o prop\u00f3sito de venda dos produtos apresentados.<\/li>\n<\/ol>\n<p style=\"text-align: left\"><strong>COMENT\u00c1RIOS: <\/strong>As jornadas s\u00e3o encontros de grupos profissionais, de \u00e2mbito regional, para discutir periodicamente assuntos de interesse do grupo. Promovidas por entidades de classe, as jornadas t\u00eam dura\u00e7\u00e3o de v\u00e1rios dias. Suas conclus\u00f5es podem servir de diretriz para a classe. Nada de vender produtos!<\/p>\n<p style=\"text-align: left\">GABARITO PRELIMINAR: ERRADO<\/p>\n<p style=\"text-align: left\"><strong>\u00a0<\/strong><\/p>\n<ol style=\"text-align: left\" start=\"119\">\n<li>O congresso \u00e9 um evento solene de grande porte, com alto n\u00famero de participantes, promovido por associa\u00e7\u00f5es ou entidades de classe em \u00e2mbito regional, nacional ou internacional.<\/li>\n<\/ol>\n<p style=\"text-align: left\"><strong>\u00a0<\/strong><strong>COMENT\u00c1RIOS: <\/strong>Como vimos, \u00c9 um encontro solene, geralmente, de grande porte. Pode ter car\u00e1ter regional, nacional ou internacional. Seu objetivo \u00e9 a apresenta\u00e7\u00e3o e debate de assuntos espec\u00edficos de determinada categoria ou ramo profissional, t\u00e9cnico, cultural, art\u00edstico, pol\u00edtico, hist\u00f3rico etc.<\/p>\n<p style=\"text-align: left\">O fator de maior relev\u00e2ncia de um congresso \u00e9 a difus\u00e3o de novas teorias e conceitos atualizados para promover a integra\u00e7\u00e3o dos participantes em torno das mat\u00e9rias abordadas.<\/p>\n<p style=\"text-align: left\">A programa\u00e7\u00e3o do congresso pode distribuir as atividades do evento em mesas-redondas, reuni\u00f5es, palestras, workshops. No decorrer dos congressos, \u00e9 tradicional a realiza\u00e7\u00e3o de intensa programa\u00e7\u00e3o complementar constante de atividades sociais, gastron\u00f4micas, passeios e comemora\u00e7\u00f5es.<\/p>\n<p style=\"text-align: left\">GABARITO PRELIMINAR: CERTO<\/p>\n<p style=\"text-align: left\"><strong>\u00a0<\/strong><\/p>\n<ol style=\"text-align: left\" start=\"120\">\n<li>Workshop \u00e9 um evento em que se debatem casos pr\u00e1ticos apresentados pelos participantes com o objetivo de solucion\u00e1-los mediante o aux\u00edlio de t\u00e9cnicos ou especialistas.<\/li>\n<\/ol>\n<p style=\"text-align: left\"><strong>\u00a0<\/strong><strong>COMENT\u00c1RIOS: <\/strong>Tamb\u00e9m chamado de oficina ou laborat\u00f3rio, os workshops pretendem debater e obter solu\u00e7\u00f5es para casos pr\u00e1ticos apresentados por participantes do evento, com o aux\u00edlio de especialistas ou t\u00e9cnicos.<\/p>\n<p style=\"text-align: left\">GABARITO PRELIMINAR: CERTO<\/p>\n<p style=\"text-align: left\">\n<p style=\"text-align: left\">\n<p style=\"text-align: left\">\n","protected":false},"excerpt":{"rendered":"<p>Ol\u00e1, queridos concurseiros! A prova da FUNPRESP para Analista, cargo 2 (\u00e1rea Comunica\u00e7\u00e3o), veio dentro do esperado. Se compararmos com as \u00faltimas provas do Cespe, foi uma prova at\u00e9 f\u00e1cil&#8230; Mas claro, estamos falando do Cespe, ent\u00e3o n\u00e3o foi uma prova trivial, foi preciso estudo e dedica\u00e7\u00e3o para ter o m\u00ednimo de aproveitamento. N\u00e3o tivemos [&hellip;]<\/p>\n","protected":false},"author":132,"featured_media":0,"comment_status":"open","ping_status":"open","sticky":false,"template":"","format":"standard","meta":{"post_tipo":"article","footnotes":""},"categories":[1],"tags":[],"tax_estado":[],"class_list":["post-34416","post","type-post","status-publish","format-standard","hentry","category-cursos-e-concursos"],"acf":[],"yoast_head":"<!-- This site is optimized with the Yoast SEO Premium plugin v27.2 (Yoast SEO v27.2) - https:\/\/yoast.com\/product\/yoast-seo-premium-wordpress\/ -->\n<title>Prova de Comunica\u00e7\u00e3o FUNPRESP 2016 toda comentada e recursos ;)<\/title>\n<meta name=\"robots\" content=\"index, follow, max-snippet:-1, max-image-preview:large, max-video-preview:-1\" \/>\n<link rel=\"canonical\" href=\"https:\/\/www.estrategiaconcursos.com.br\/blog\/comentarios-da-prova-de-comunicacao-funpresp-2016-cespe\/\" \/>\n<meta property=\"og:locale\" content=\"pt_BR\" \/>\n<meta property=\"og:type\" content=\"article\" \/>\n<meta property=\"og:title\" content=\"Prova de Comunica\u00e7\u00e3o FUNPRESP 2016 toda comentada e recursos ;)\" \/>\n<meta property=\"og:description\" content=\"Ol\u00e1, queridos concurseiros! A prova da FUNPRESP para Analista, cargo 2 (\u00e1rea Comunica\u00e7\u00e3o), veio dentro do esperado. Se compararmos com as \u00faltimas provas do Cespe, foi uma prova at\u00e9 f\u00e1cil&#8230; Mas claro, estamos falando do Cespe, ent\u00e3o n\u00e3o foi uma prova trivial, foi preciso estudo e dedica\u00e7\u00e3o para ter o m\u00ednimo de aproveitamento. N\u00e3o tivemos [&hellip;]\" \/>\n<meta property=\"og:url\" content=\"https:\/\/www.estrategiaconcursos.com.br\/blog\/comentarios-da-prova-de-comunicacao-funpresp-2016-cespe\/\" \/>\n<meta property=\"og:site_name\" content=\"Estrat\u00e9gia Concursos\" \/>\n<meta property=\"article:published_time\" content=\"2016-03-03T18:59:41+00:00\" \/>\n<meta name=\"author\" content=\"Paolla Marletti\" \/>\n<meta name=\"twitter:card\" content=\"summary_large_image\" \/>\n<meta name=\"twitter:creator\" content=\"@EstratConcursos\" \/>\n<meta name=\"twitter:site\" content=\"@EstratConcursos\" \/>\n<meta name=\"twitter:label1\" content=\"Escrito por\" \/>\n\t<meta name=\"twitter:data1\" content=\"Paolla Marletti\" \/>\n\t<meta name=\"twitter:label2\" content=\"Est. tempo de leitura\" \/>\n\t<meta name=\"twitter:data2\" content=\"30 minutos\" \/>\n<script type=\"application\/ld+json\" class=\"yoast-schema-graph\">{\"@context\":\"https:\/\/schema.org\",\"@graph\":[{\"@type\":\"NewsArticle\",\"@id\":\"https:\/\/www.estrategiaconcursos.com.br\/blog\/comentarios-da-prova-de-comunicacao-funpresp-2016-cespe\/#article\",\"isPartOf\":{\"@id\":\"https:\/\/www.estrategiaconcursos.com.br\/blog\/comentarios-da-prova-de-comunicacao-funpresp-2016-cespe\/\"},\"author\":{\"name\":\"Paolla Marletti\",\"@id\":\"https:\/\/www.estrategiaconcursos.com.br\/blog\/#\/schema\/person\/0c6e647bdf552c63f59be39be8f3abd1\"},\"headline\":\"Prova de Comunica\u00e7\u00e3o FUNPRESP 2016 toda comentada e recursos ;)\",\"datePublished\":\"2016-03-03T18:59:41+00:00\",\"mainEntityOfPage\":{\"@id\":\"https:\/\/www.estrategiaconcursos.com.br\/blog\/comentarios-da-prova-de-comunicacao-funpresp-2016-cespe\/\"},\"wordCount\":6025,\"commentCount\":1,\"publisher\":{\"@id\":\"https:\/\/www.estrategiaconcursos.com.br\/blog\/#organization\"},\"articleSection\":[\"Concursos P\u00fablicos\"],\"inLanguage\":\"pt-BR\",\"potentialAction\":[{\"@type\":\"CommentAction\",\"name\":\"Comment\",\"target\":[\"https:\/\/www.estrategiaconcursos.com.br\/blog\/comentarios-da-prova-de-comunicacao-funpresp-2016-cespe\/#respond\"]}],\"copyrightYear\":\"2016\",\"copyrightHolder\":{\"@id\":\"https:\/\/www.estrategiaconcursos.com.br\/blog\/#organization\"}},{\"@type\":\"WebPage\",\"@id\":\"https:\/\/www.estrategiaconcursos.com.br\/blog\/comentarios-da-prova-de-comunicacao-funpresp-2016-cespe\/\",\"url\":\"https:\/\/www.estrategiaconcursos.com.br\/blog\/comentarios-da-prova-de-comunicacao-funpresp-2016-cespe\/\",\"name\":\"Prova de Comunica\u00e7\u00e3o FUNPRESP 2016 toda comentada e recursos ;)\",\"isPartOf\":{\"@id\":\"https:\/\/www.estrategiaconcursos.com.br\/blog\/#website\"},\"datePublished\":\"2016-03-03T18:59:41+00:00\",\"breadcrumb\":{\"@id\":\"https:\/\/www.estrategiaconcursos.com.br\/blog\/comentarios-da-prova-de-comunicacao-funpresp-2016-cespe\/#breadcrumb\"},\"inLanguage\":\"pt-BR\",\"potentialAction\":[{\"@type\":\"ReadAction\",\"target\":[\"https:\/\/www.estrategiaconcursos.com.br\/blog\/comentarios-da-prova-de-comunicacao-funpresp-2016-cespe\/\"]}]},{\"@type\":\"BreadcrumbList\",\"@id\":\"https:\/\/www.estrategiaconcursos.com.br\/blog\/comentarios-da-prova-de-comunicacao-funpresp-2016-cespe\/#breadcrumb\",\"itemListElement\":[{\"@type\":\"ListItem\",\"position\":1,\"name\":\"In\u00edcio\",\"item\":\"https:\/\/www.estrategiaconcursos.com.br\/blog\/\"},{\"@type\":\"ListItem\",\"position\":2,\"name\":\"Prova de Comunica\u00e7\u00e3o FUNPRESP 2016 toda comentada e recursos ;)\"}]},{\"@type\":\"WebSite\",\"@id\":\"https:\/\/www.estrategiaconcursos.com.br\/blog\/#website\",\"url\":\"https:\/\/www.estrategiaconcursos.com.br\/blog\/\",\"name\":\"Estrat\u00e9gia Concursos\",\"description\":\"O blog da Estrat\u00e9gia Concursos traz not\u00edcias sobre concursos e artigos de professores oferecendo cursos para concursos (pdf + videaulas) no site.\",\"publisher\":{\"@id\":\"https:\/\/www.estrategiaconcursos.com.br\/blog\/#organization\"},\"potentialAction\":[{\"@type\":\"SearchAction\",\"target\":{\"@type\":\"EntryPoint\",\"urlTemplate\":\"https:\/\/www.estrategiaconcursos.com.br\/blog\/?s={search_term_string}\"},\"query-input\":{\"@type\":\"PropertyValueSpecification\",\"valueRequired\":true,\"valueName\":\"search_term_string\"}}],\"inLanguage\":\"pt-BR\"},{\"@type\":\"Organization\",\"@id\":\"https:\/\/www.estrategiaconcursos.com.br\/blog\/#organization\",\"name\":\"Estrat\u00e9gia Concursos\",\"url\":\"https:\/\/www.estrategiaconcursos.com.br\/blog\/\",\"logo\":{\"@type\":\"ImageObject\",\"inLanguage\":\"pt-BR\",\"@id\":\"https:\/\/www.estrategiaconcursos.com.br\/blog\/#\/schema\/logo\/image\/\",\"url\":\"https:\/\/dhg1h5j42swfq.cloudfront.net\/2025\/06\/03203428\/logo_concursos-1.jpg\",\"contentUrl\":\"https:\/\/dhg1h5j42swfq.cloudfront.net\/2025\/06\/03203428\/logo_concursos-1.jpg\",\"width\":230,\"height\":60,\"caption\":\"Estrat\u00e9gia Concursos\"},\"image\":{\"@id\":\"https:\/\/www.estrategiaconcursos.com.br\/blog\/#\/schema\/logo\/image\/\"},\"sameAs\":[\"https:\/\/x.com\/EstratConcursos\"]},{\"@type\":\"Person\",\"@id\":\"https:\/\/www.estrategiaconcursos.com.br\/blog\/#\/schema\/person\/0c6e647bdf552c63f59be39be8f3abd1\",\"name\":\"Paolla Marletti\",\"image\":{\"@type\":\"ImageObject\",\"inLanguage\":\"pt-BR\",\"@id\":\"https:\/\/secure.gravatar.com\/avatar\/81ca430c5e463b368e921df3750fde65347090cb8f2fc0e79531b700d2547daf?s=96&d=mm&r=g\",\"url\":\"https:\/\/secure.gravatar.com\/avatar\/81ca430c5e463b368e921df3750fde65347090cb8f2fc0e79531b700d2547daf?s=96&d=mm&r=g\",\"contentUrl\":\"https:\/\/secure.gravatar.com\/avatar\/81ca430c5e463b368e921df3750fde65347090cb8f2fc0e79531b700d2547daf?s=96&d=mm&r=g\",\"caption\":\"Paolla Marletti\"},\"url\":\"https:\/\/www.estrategiaconcursos.com.br\/blog\/author\/paollamarlettiestrategiaconcursos-com-br\/\"}]}<\/script>\n<!-- \/ Yoast SEO Premium plugin. -->","yoast_head_json":{"title":"Prova de Comunica\u00e7\u00e3o FUNPRESP 2016 toda comentada e recursos ;)","robots":{"index":"index","follow":"follow","max-snippet":"max-snippet:-1","max-image-preview":"max-image-preview:large","max-video-preview":"max-video-preview:-1"},"canonical":"https:\/\/www.estrategiaconcursos.com.br\/blog\/comentarios-da-prova-de-comunicacao-funpresp-2016-cespe\/","og_locale":"pt_BR","og_type":"article","og_title":"Prova de Comunica\u00e7\u00e3o FUNPRESP 2016 toda comentada e recursos ;)","og_description":"Ol\u00e1, queridos concurseiros! A prova da FUNPRESP para Analista, cargo 2 (\u00e1rea Comunica\u00e7\u00e3o), veio dentro do esperado. Se compararmos com as \u00faltimas provas do Cespe, foi uma prova at\u00e9 f\u00e1cil&#8230; Mas claro, estamos falando do Cespe, ent\u00e3o n\u00e3o foi uma prova trivial, foi preciso estudo e dedica\u00e7\u00e3o para ter o m\u00ednimo de aproveitamento. N\u00e3o tivemos [&hellip;]","og_url":"https:\/\/www.estrategiaconcursos.com.br\/blog\/comentarios-da-prova-de-comunicacao-funpresp-2016-cespe\/","og_site_name":"Estrat\u00e9gia Concursos","article_published_time":"2016-03-03T18:59:41+00:00","author":"Paolla Marletti","twitter_card":"summary_large_image","twitter_creator":"@EstratConcursos","twitter_site":"@EstratConcursos","twitter_misc":{"Escrito por":"Paolla Marletti","Est. tempo de leitura":"30 minutos"},"schema":{"@context":"https:\/\/schema.org","@graph":[{"@type":"NewsArticle","@id":"https:\/\/www.estrategiaconcursos.com.br\/blog\/comentarios-da-prova-de-comunicacao-funpresp-2016-cespe\/#article","isPartOf":{"@id":"https:\/\/www.estrategiaconcursos.com.br\/blog\/comentarios-da-prova-de-comunicacao-funpresp-2016-cespe\/"},"author":{"name":"Paolla Marletti","@id":"https:\/\/www.estrategiaconcursos.com.br\/blog\/#\/schema\/person\/0c6e647bdf552c63f59be39be8f3abd1"},"headline":"Prova de Comunica\u00e7\u00e3o FUNPRESP 2016 toda comentada e recursos ;)","datePublished":"2016-03-03T18:59:41+00:00","mainEntityOfPage":{"@id":"https:\/\/www.estrategiaconcursos.com.br\/blog\/comentarios-da-prova-de-comunicacao-funpresp-2016-cespe\/"},"wordCount":6025,"commentCount":1,"publisher":{"@id":"https:\/\/www.estrategiaconcursos.com.br\/blog\/#organization"},"articleSection":["Concursos P\u00fablicos"],"inLanguage":"pt-BR","potentialAction":[{"@type":"CommentAction","name":"Comment","target":["https:\/\/www.estrategiaconcursos.com.br\/blog\/comentarios-da-prova-de-comunicacao-funpresp-2016-cespe\/#respond"]}],"copyrightYear":"2016","copyrightHolder":{"@id":"https:\/\/www.estrategiaconcursos.com.br\/blog\/#organization"}},{"@type":"WebPage","@id":"https:\/\/www.estrategiaconcursos.com.br\/blog\/comentarios-da-prova-de-comunicacao-funpresp-2016-cespe\/","url":"https:\/\/www.estrategiaconcursos.com.br\/blog\/comentarios-da-prova-de-comunicacao-funpresp-2016-cespe\/","name":"Prova de Comunica\u00e7\u00e3o FUNPRESP 2016 toda comentada e recursos ;)","isPartOf":{"@id":"https:\/\/www.estrategiaconcursos.com.br\/blog\/#website"},"datePublished":"2016-03-03T18:59:41+00:00","breadcrumb":{"@id":"https:\/\/www.estrategiaconcursos.com.br\/blog\/comentarios-da-prova-de-comunicacao-funpresp-2016-cespe\/#breadcrumb"},"inLanguage":"pt-BR","potentialAction":[{"@type":"ReadAction","target":["https:\/\/www.estrategiaconcursos.com.br\/blog\/comentarios-da-prova-de-comunicacao-funpresp-2016-cespe\/"]}]},{"@type":"BreadcrumbList","@id":"https:\/\/www.estrategiaconcursos.com.br\/blog\/comentarios-da-prova-de-comunicacao-funpresp-2016-cespe\/#breadcrumb","itemListElement":[{"@type":"ListItem","position":1,"name":"In\u00edcio","item":"https:\/\/www.estrategiaconcursos.com.br\/blog\/"},{"@type":"ListItem","position":2,"name":"Prova de Comunica\u00e7\u00e3o FUNPRESP 2016 toda comentada e recursos ;)"}]},{"@type":"WebSite","@id":"https:\/\/www.estrategiaconcursos.com.br\/blog\/#website","url":"https:\/\/www.estrategiaconcursos.com.br\/blog\/","name":"Estrat\u00e9gia Concursos","description":"O blog da Estrat\u00e9gia Concursos traz not\u00edcias sobre concursos e artigos de professores oferecendo cursos para concursos (pdf + videaulas) no site.","publisher":{"@id":"https:\/\/www.estrategiaconcursos.com.br\/blog\/#organization"},"potentialAction":[{"@type":"SearchAction","target":{"@type":"EntryPoint","urlTemplate":"https:\/\/www.estrategiaconcursos.com.br\/blog\/?s={search_term_string}"},"query-input":{"@type":"PropertyValueSpecification","valueRequired":true,"valueName":"search_term_string"}}],"inLanguage":"pt-BR"},{"@type":"Organization","@id":"https:\/\/www.estrategiaconcursos.com.br\/blog\/#organization","name":"Estrat\u00e9gia Concursos","url":"https:\/\/www.estrategiaconcursos.com.br\/blog\/","logo":{"@type":"ImageObject","inLanguage":"pt-BR","@id":"https:\/\/www.estrategiaconcursos.com.br\/blog\/#\/schema\/logo\/image\/","url":"https:\/\/dhg1h5j42swfq.cloudfront.net\/2025\/06\/03203428\/logo_concursos-1.jpg","contentUrl":"https:\/\/dhg1h5j42swfq.cloudfront.net\/2025\/06\/03203428\/logo_concursos-1.jpg","width":230,"height":60,"caption":"Estrat\u00e9gia Concursos"},"image":{"@id":"https:\/\/www.estrategiaconcursos.com.br\/blog\/#\/schema\/logo\/image\/"},"sameAs":["https:\/\/x.com\/EstratConcursos"]},{"@type":"Person","@id":"https:\/\/www.estrategiaconcursos.com.br\/blog\/#\/schema\/person\/0c6e647bdf552c63f59be39be8f3abd1","name":"Paolla Marletti","image":{"@type":"ImageObject","inLanguage":"pt-BR","@id":"https:\/\/secure.gravatar.com\/avatar\/81ca430c5e463b368e921df3750fde65347090cb8f2fc0e79531b700d2547daf?s=96&d=mm&r=g","url":"https:\/\/secure.gravatar.com\/avatar\/81ca430c5e463b368e921df3750fde65347090cb8f2fc0e79531b700d2547daf?s=96&d=mm&r=g","contentUrl":"https:\/\/secure.gravatar.com\/avatar\/81ca430c5e463b368e921df3750fde65347090cb8f2fc0e79531b700d2547daf?s=96&d=mm&r=g","caption":"Paolla Marletti"},"url":"https:\/\/www.estrategiaconcursos.com.br\/blog\/author\/paollamarlettiestrategiaconcursos-com-br\/"}]}},"_links":{"self":[{"href":"https:\/\/www.estrategiaconcursos.com.br\/blog\/wp-json\/wp\/v2\/posts\/34416","targetHints":{"allow":["GET"]}}],"collection":[{"href":"https:\/\/www.estrategiaconcursos.com.br\/blog\/wp-json\/wp\/v2\/posts"}],"about":[{"href":"https:\/\/www.estrategiaconcursos.com.br\/blog\/wp-json\/wp\/v2\/types\/post"}],"author":[{"embeddable":true,"href":"https:\/\/www.estrategiaconcursos.com.br\/blog\/wp-json\/wp\/v2\/users\/132"}],"replies":[{"embeddable":true,"href":"https:\/\/www.estrategiaconcursos.com.br\/blog\/wp-json\/wp\/v2\/comments?post=34416"}],"version-history":[{"count":1,"href":"https:\/\/www.estrategiaconcursos.com.br\/blog\/wp-json\/wp\/v2\/posts\/34416\/revisions"}],"predecessor-version":[{"id":34418,"href":"https:\/\/www.estrategiaconcursos.com.br\/blog\/wp-json\/wp\/v2\/posts\/34416\/revisions\/34418"}],"wp:attachment":[{"href":"https:\/\/www.estrategiaconcursos.com.br\/blog\/wp-json\/wp\/v2\/media?parent=34416"}],"wp:term":[{"taxonomy":"category","embeddable":true,"href":"https:\/\/www.estrategiaconcursos.com.br\/blog\/wp-json\/wp\/v2\/categories?post=34416"},{"taxonomy":"post_tag","embeddable":true,"href":"https:\/\/www.estrategiaconcursos.com.br\/blog\/wp-json\/wp\/v2\/tags?post=34416"},{"taxonomy":"tax_estado","embeddable":true,"href":"https:\/\/www.estrategiaconcursos.com.br\/blog\/wp-json\/wp\/v2\/tax_estado?post=34416"}],"curies":[{"name":"wp","href":"https:\/\/api.w.org\/{rel}","templated":true}]}}