{"id":34232,"date":"2016-03-01T10:55:04","date_gmt":"2016-03-01T13:55:04","guid":{"rendered":"http:\/\/www.estrategiaconcursos.com.br\/blog\/?p=34232"},"modified":"2016-03-01T10:55:04","modified_gmt":"2016-03-01T13:55:04","slug":"comentario-prova-trt-mt-e-analise-sobre-cobranca-de-legislacao-revogada","status":"publish","type":"post","link":"https:\/\/www.estrategiaconcursos.com.br\/blog\/comentario-prova-trt-mt-e-analise-sobre-cobranca-de-legislacao-revogada\/","title":{"rendered":"Coment\u00e1rio prova TRT-MT e An\u00e1lise sobre cobran\u00e7a de Legisla\u00e7\u00e3o Revogada"},"content":{"rendered":"<p>Ol\u00e1 Pessoal!<br \/>\nHoje estou aqui para comentar apenas uma quest\u00e3o da prova do TRT-MT e aproveitar o ensejo para tirar uma d\u00favida que perturbou muito os concurseiros de TI que iam ou v\u00e3o fazer provas para Tribunais nestes primeiros meses de 2016. Tal fato se deu, pois no final de 2015, mais precisamente em Dezembro, o CNJ decidiu revogar as Resolu\u00e7\u00f5es 90 e 99 que constavam, por exemplo, no edital do TRT-MT.<br \/>\nChoveu d\u00favida de alunos (as) querendo saber se as bancas poderiam ou n\u00e3o cobrar as normas revogadas. Ou se poderiam cobrar as novas Resolu\u00e7\u00f5es (revogadoras) ou ainda se poderiam cobrar todas (revogadas e revogadoras). Para colocar um ponto final no assunto trago o seguinte entendimento:<br \/>\nEm geral, os editais trazem algo parecido com os seguintes trechos:<br \/>\n\u201cAs altera\u00e7\u00f5es de legisla\u00e7\u00e3o com entrada em vigor antes da data de publica\u00e7\u00e3o deste edital ser\u00e3o objeto de avalia\u00e7\u00e3o, ainda que n\u00e3o mencionadas nos objetos de avalia\u00e7\u00e3o constantes do item XX deste edital.\u201d<br \/>\n\u201cA legisla\u00e7\u00e3o com entrada em vigor ap\u00f3s a data de publica\u00e7\u00e3o deste edital, bem como as altera\u00e7\u00f5es em dispositivos legais e normativos a ele posteriores n\u00e3o ser\u00e3o objeto de avalia\u00e7\u00e3o, salvo se listadas nos objetos de avalia\u00e7\u00e3o constantes do item xx deste edital. &#8221;<br \/>\nAl\u00e9m disso, a jurisprud\u00eancia aponta que a Banca pode cobrar conhecimentos sobre a legisla\u00e7\u00e3o vigente \u00e0 \u00e9poca de publica\u00e7\u00e3o do Edital, mesmo que revogada por lei nova como podemos consultar em http:\/\/www.jusbrasil.com.br\/busca?q=Edital+Publicado+Sob+Vig%C3%AAncia+de+Lei+Anterior&amp;c=<br \/>\n\u201cO edital, considerado a lei do concurso, estabelece um v\u00ednculo entre a Administra\u00e7\u00e3o e os candidatos, de maneira que altera\u00e7\u00f5es legislativas posteriores que restrinjam os crit\u00e9rios do edital n\u00e3o se aplicam ao certame regido por lei anterior, sob pena de ofensa ao princ\u00edpio da seguran\u00e7a jur\u00eddica.\u201d<br \/>\nSTJ &#8211; AGRAVO REGIMENTAL NO AGRAVO DE INSTRUMENTO AgRg no Ag 1212609 SE 2009\/0140562-6 (STJ)<\/p>\n<p>\u201cReputa-se ato jur\u00eddico perfeito o j\u00e1 consumado segundo a lei vigente ao tempo em que se efetuou.&#8221; 16. O ato jur\u00eddico perfeito \u00e9 aquele j\u00e1 realizado, acabado segundo a lei vigente ao tempo em que se efetuou, pois j\u00e1 satisfez todos os requisitos formais para gerar a plenitude dos seus efeitos, tornando-se, portanto, completo ou aperfei\u00e7oado. \u00c9 o caso do Edital que sendo publicado de acordo com a lei vigente e produzindo efeitos em rela\u00e7\u00e3o a todos os participantes do concurso , n\u00e3o pode ser posteriormente modificado ou anulado em virtude de lei nova, ficando preservada assim, a seguran\u00e7a das rela\u00e7\u00f5es jur\u00eddicas.\u201d<\/p>\n<p>STJ &#8211; RECURSO ORDIN\u00c1RIO EM MANDADO DE SEGURAN\u00c7A : RMS 24198 SP 2007\/0109924-1<\/p>\n<p>Bom, resolvida esta celeuma, vamos ao coment\u00e1rio da quest\u00e3o. Penso que a FCC optou por n\u00e3o \u201cprovocar\u201d os concurseiros (talvez com pregui\u00e7a dos recursos que apareceriam) e n\u00e3o cobrou nenhuma quest\u00e3o das normas revogadas. Cobrou apenas a Resolu\u00e7\u00e3o CNJ n\u00b0 182 que trata das contrata\u00e7\u00f5es de TI no \u00e2mbito do Judici\u00e1rio.<\/p>\n<p>\u201cUm Analista do Tribunal pretende contratar algumas solu\u00e7\u00f5es de Tecnologia da Informa\u00e7\u00e3o e Comunica\u00e7\u00e3o para serem utilizadas em seu projeto priorit\u00e1rio. Para tanto, ele deve reportar-se \u00e0 Resolu\u00e7\u00e3o no 182 de 17 de outubro de 2013 que disp\u00f5e sobre as diretrizes para as contrata\u00e7\u00f5es de Solu\u00e7\u00e3o de Tecnologia da Informa\u00e7\u00e3o e Comunica\u00e7\u00e3o pelos \u00f3rg\u00e3os submetidos ao controle administrativo e financeiro do Conselho Nacional de Justi\u00e7a \u2212 CNJ. Ao estudar a referida resolu\u00e7\u00e3o ele viu que a execu\u00e7\u00e3o da fase de Elabora\u00e7\u00e3o dos Estudos Preliminares da STIC \u00e9<br \/>\n(A) obrigat\u00f3ria independentemente do tipo de contrata\u00e7\u00e3o.<br \/>\n(B) necess\u00e1ria, por\u00e9m n\u00e3o \u00e9 obrigat\u00f3ria.<br \/>\n(C) obrigat\u00f3ria, mas n\u00e3o nos casos de inexigibilidade.<br \/>\n(D) obrigat\u00f3ria somente nos casos de dispensa de licita\u00e7\u00e3o.<br \/>\n(E) obrigat\u00f3ria, mas n\u00e3o nos casos de conv\u00eanios.\u201d<\/p>\n<p>Coment\u00e1rios: Bom pessoal, como vimos em nossa aula 03 (p\u00e1g. 21), a elabora\u00e7\u00e3o dos estudos t\u00e9cnicos preliminares \u00e9 obrigat\u00f3ria mesmo nos seguintes casos: Inexigibilidade, dispensa de licita\u00e7\u00e3o, cria\u00e7\u00e3o ou ades\u00e3o \u00e0 ata de registro de pre\u00e7os, contrata\u00e7\u00f5es com recursos oriundos de organismos internacionais, e em termos de coopera\u00e7\u00e3o, conv\u00eanios e documentos afins com uso de recursos financeiros de institui\u00e7\u00f5es nacionais. Isto quer dizer que a \u201cdispensa de licita\u00e7\u00e3o\u201d n\u00e3o afasta, sob hip\u00f3tese alguma, a necessidade de planejamento da contrata\u00e7\u00e3o. Os demais casos \u201cespeciais\u201d (inexigibilidade e ades\u00e3o \u00e0 ata de registro de pre\u00e7os) de contrata\u00e7\u00f5es, bem como as contrata\u00e7\u00f5es realizadas com verbas de organismos internacionais, tamb\u00e9m exigem que o planejamento seja realizado.<\/p>\n<p>Sendo assim, gabarito letra A!<\/p>\n<p>Ab\u00e7os e Sucesso!<\/p>\n<p>F\u00e1bio Alves<\/p>\n","protected":false},"excerpt":{"rendered":"<p>Ol\u00e1 Pessoal! Hoje estou aqui para comentar apenas uma quest\u00e3o da prova do TRT-MT e aproveitar o ensejo para tirar uma d\u00favida que perturbou muito os concurseiros de TI que iam ou v\u00e3o fazer provas para Tribunais nestes primeiros meses de 2016. Tal fato se deu, pois no final de 2015, mais precisamente em Dezembro, [&hellip;]<\/p>\n","protected":false},"author":100,"featured_media":0,"comment_status":"open","ping_status":"open","sticky":false,"template":"","format":"standard","meta":{"post_tipo":"article","footnotes":""},"categories":[1],"tags":[1365,1066],"tax_estado":[],"class_list":["post-34232","post","type-post","status-publish","format-standard","hentry","category-cursos-e-concursos","tag-ti-para-tribunais","tag-trt-23"],"acf":[],"yoast_head":"<!-- This site is optimized with the Yoast SEO Premium plugin v27.2 (Yoast SEO v27.2) - https:\/\/yoast.com\/product\/yoast-seo-premium-wordpress\/ -->\n<title>Coment\u00e1rio prova TRT-MT e An\u00e1lise sobre cobran\u00e7a de Legisla\u00e7\u00e3o Revogada<\/title>\n<meta name=\"robots\" content=\"index, follow, max-snippet:-1, max-image-preview:large, max-video-preview:-1\" \/>\n<link rel=\"canonical\" href=\"https:\/\/www.estrategiaconcursos.com.br\/blog\/comentario-prova-trt-mt-e-analise-sobre-cobranca-de-legislacao-revogada\/\" \/>\n<meta property=\"og:locale\" content=\"pt_BR\" \/>\n<meta property=\"og:type\" content=\"article\" \/>\n<meta property=\"og:title\" content=\"Coment\u00e1rio prova TRT-MT e An\u00e1lise sobre cobran\u00e7a de Legisla\u00e7\u00e3o Revogada\" \/>\n<meta property=\"og:description\" content=\"Ol\u00e1 Pessoal! Hoje estou aqui para comentar apenas uma quest\u00e3o da prova do TRT-MT e aproveitar o ensejo para tirar uma d\u00favida que perturbou muito os concurseiros de TI que iam ou v\u00e3o fazer provas para Tribunais nestes primeiros meses de 2016. Tal fato se deu, pois no final de 2015, mais precisamente em Dezembro, [&hellip;]\" \/>\n<meta property=\"og:url\" content=\"https:\/\/www.estrategiaconcursos.com.br\/blog\/comentario-prova-trt-mt-e-analise-sobre-cobranca-de-legislacao-revogada\/\" \/>\n<meta property=\"og:site_name\" content=\"Estrat\u00e9gia Concursos\" \/>\n<meta property=\"article:published_time\" content=\"2016-03-01T13:55:04+00:00\" \/>\n<meta name=\"author\" content=\"F\u00e1bio Alves\" \/>\n<meta name=\"twitter:card\" content=\"summary_large_image\" \/>\n<meta name=\"twitter:creator\" content=\"@EstratConcursos\" \/>\n<meta name=\"twitter:site\" content=\"@EstratConcursos\" \/>\n<meta name=\"twitter:label1\" content=\"Escrito por\" \/>\n\t<meta name=\"twitter:data1\" content=\"F\u00e1bio Alves\" \/>\n\t<meta name=\"twitter:label2\" content=\"Est. tempo de leitura\" \/>\n\t<meta name=\"twitter:data2\" content=\"4 minutos\" \/>\n<script type=\"application\/ld+json\" class=\"yoast-schema-graph\">{\"@context\":\"https:\/\/schema.org\",\"@graph\":[{\"@type\":\"NewsArticle\",\"@id\":\"https:\/\/www.estrategiaconcursos.com.br\/blog\/comentario-prova-trt-mt-e-analise-sobre-cobranca-de-legislacao-revogada\/#article\",\"isPartOf\":{\"@id\":\"https:\/\/www.estrategiaconcursos.com.br\/blog\/comentario-prova-trt-mt-e-analise-sobre-cobranca-de-legislacao-revogada\/\"},\"author\":{\"name\":\"F\u00e1bio Alves\",\"@id\":\"https:\/\/www.estrategiaconcursos.com.br\/blog\/#\/schema\/person\/fd4e12a9213010d2228e6bc69b89b33a\"},\"headline\":\"Coment\u00e1rio prova TRT-MT e An\u00e1lise sobre cobran\u00e7a de Legisla\u00e7\u00e3o Revogada\",\"datePublished\":\"2016-03-01T13:55:04+00:00\",\"mainEntityOfPage\":{\"@id\":\"https:\/\/www.estrategiaconcursos.com.br\/blog\/comentario-prova-trt-mt-e-analise-sobre-cobranca-de-legislacao-revogada\/\"},\"wordCount\":820,\"commentCount\":0,\"publisher\":{\"@id\":\"https:\/\/www.estrategiaconcursos.com.br\/blog\/#organization\"},\"keywords\":[\"TI para Tribunais\",\"TRT 23\"],\"articleSection\":[\"Concursos P\u00fablicos\"],\"inLanguage\":\"pt-BR\",\"potentialAction\":[{\"@type\":\"CommentAction\",\"name\":\"Comment\",\"target\":[\"https:\/\/www.estrategiaconcursos.com.br\/blog\/comentario-prova-trt-mt-e-analise-sobre-cobranca-de-legislacao-revogada\/#respond\"]}],\"copyrightYear\":\"2016\",\"copyrightHolder\":{\"@id\":\"https:\/\/www.estrategiaconcursos.com.br\/blog\/#organization\"}},{\"@type\":\"WebPage\",\"@id\":\"https:\/\/www.estrategiaconcursos.com.br\/blog\/comentario-prova-trt-mt-e-analise-sobre-cobranca-de-legislacao-revogada\/\",\"url\":\"https:\/\/www.estrategiaconcursos.com.br\/blog\/comentario-prova-trt-mt-e-analise-sobre-cobranca-de-legislacao-revogada\/\",\"name\":\"Coment\u00e1rio prova TRT-MT e An\u00e1lise sobre cobran\u00e7a de Legisla\u00e7\u00e3o Revogada\",\"isPartOf\":{\"@id\":\"https:\/\/www.estrategiaconcursos.com.br\/blog\/#website\"},\"datePublished\":\"2016-03-01T13:55:04+00:00\",\"breadcrumb\":{\"@id\":\"https:\/\/www.estrategiaconcursos.com.br\/blog\/comentario-prova-trt-mt-e-analise-sobre-cobranca-de-legislacao-revogada\/#breadcrumb\"},\"inLanguage\":\"pt-BR\",\"potentialAction\":[{\"@type\":\"ReadAction\",\"target\":[\"https:\/\/www.estrategiaconcursos.com.br\/blog\/comentario-prova-trt-mt-e-analise-sobre-cobranca-de-legislacao-revogada\/\"]}]},{\"@type\":\"BreadcrumbList\",\"@id\":\"https:\/\/www.estrategiaconcursos.com.br\/blog\/comentario-prova-trt-mt-e-analise-sobre-cobranca-de-legislacao-revogada\/#breadcrumb\",\"itemListElement\":[{\"@type\":\"ListItem\",\"position\":1,\"name\":\"In\u00edcio\",\"item\":\"https:\/\/www.estrategiaconcursos.com.br\/blog\/\"},{\"@type\":\"ListItem\",\"position\":2,\"name\":\"Coment\u00e1rio prova TRT-MT e An\u00e1lise sobre cobran\u00e7a de Legisla\u00e7\u00e3o Revogada\"}]},{\"@type\":\"WebSite\",\"@id\":\"https:\/\/www.estrategiaconcursos.com.br\/blog\/#website\",\"url\":\"https:\/\/www.estrategiaconcursos.com.br\/blog\/\",\"name\":\"Estrat\u00e9gia Concursos\",\"description\":\"O blog da Estrat\u00e9gia Concursos traz not\u00edcias sobre concursos e artigos de professores oferecendo cursos para concursos (pdf + videaulas) no site.\",\"publisher\":{\"@id\":\"https:\/\/www.estrategiaconcursos.com.br\/blog\/#organization\"},\"potentialAction\":[{\"@type\":\"SearchAction\",\"target\":{\"@type\":\"EntryPoint\",\"urlTemplate\":\"https:\/\/www.estrategiaconcursos.com.br\/blog\/?s={search_term_string}\"},\"query-input\":{\"@type\":\"PropertyValueSpecification\",\"valueRequired\":true,\"valueName\":\"search_term_string\"}}],\"inLanguage\":\"pt-BR\"},{\"@type\":\"Organization\",\"@id\":\"https:\/\/www.estrategiaconcursos.com.br\/blog\/#organization\",\"name\":\"Estrat\u00e9gia Concursos\",\"url\":\"https:\/\/www.estrategiaconcursos.com.br\/blog\/\",\"logo\":{\"@type\":\"ImageObject\",\"inLanguage\":\"pt-BR\",\"@id\":\"https:\/\/www.estrategiaconcursos.com.br\/blog\/#\/schema\/logo\/image\/\",\"url\":\"https:\/\/dhg1h5j42swfq.cloudfront.net\/2025\/06\/03203428\/logo_concursos-1.jpg\",\"contentUrl\":\"https:\/\/dhg1h5j42swfq.cloudfront.net\/2025\/06\/03203428\/logo_concursos-1.jpg\",\"width\":230,\"height\":60,\"caption\":\"Estrat\u00e9gia Concursos\"},\"image\":{\"@id\":\"https:\/\/www.estrategiaconcursos.com.br\/blog\/#\/schema\/logo\/image\/\"},\"sameAs\":[\"https:\/\/x.com\/EstratConcursos\"]},{\"@type\":\"Person\",\"@id\":\"https:\/\/www.estrategiaconcursos.com.br\/blog\/#\/schema\/person\/fd4e12a9213010d2228e6bc69b89b33a\",\"name\":\"F\u00e1bio Alves\",\"image\":{\"@type\":\"ImageObject\",\"inLanguage\":\"pt-BR\",\"@id\":\"https:\/\/secure.gravatar.com\/avatar\/014c4afcbfcf7619f1d2feefbf6091f475f447368bbefcd03c9110b71d59a764?s=96&d=mm&r=g\",\"url\":\"https:\/\/secure.gravatar.com\/avatar\/014c4afcbfcf7619f1d2feefbf6091f475f447368bbefcd03c9110b71d59a764?s=96&d=mm&r=g\",\"contentUrl\":\"https:\/\/secure.gravatar.com\/avatar\/014c4afcbfcf7619f1d2feefbf6091f475f447368bbefcd03c9110b71d59a764?s=96&d=mm&r=g\",\"caption\":\"F\u00e1bio Alves\"},\"url\":\"https:\/\/www.estrategiaconcursos.com.br\/blog\/author\/fabioalvesestrategiaconcursos-com-br\/\"}]}<\/script>\n<!-- \/ Yoast SEO Premium plugin. -->","yoast_head_json":{"title":"Coment\u00e1rio prova TRT-MT e An\u00e1lise sobre cobran\u00e7a de Legisla\u00e7\u00e3o Revogada","robots":{"index":"index","follow":"follow","max-snippet":"max-snippet:-1","max-image-preview":"max-image-preview:large","max-video-preview":"max-video-preview:-1"},"canonical":"https:\/\/www.estrategiaconcursos.com.br\/blog\/comentario-prova-trt-mt-e-analise-sobre-cobranca-de-legislacao-revogada\/","og_locale":"pt_BR","og_type":"article","og_title":"Coment\u00e1rio prova TRT-MT e An\u00e1lise sobre cobran\u00e7a de Legisla\u00e7\u00e3o Revogada","og_description":"Ol\u00e1 Pessoal! Hoje estou aqui para comentar apenas uma quest\u00e3o da prova do TRT-MT e aproveitar o ensejo para tirar uma d\u00favida que perturbou muito os concurseiros de TI que iam ou v\u00e3o fazer provas para Tribunais nestes primeiros meses de 2016. Tal fato se deu, pois no final de 2015, mais precisamente em Dezembro, [&hellip;]","og_url":"https:\/\/www.estrategiaconcursos.com.br\/blog\/comentario-prova-trt-mt-e-analise-sobre-cobranca-de-legislacao-revogada\/","og_site_name":"Estrat\u00e9gia Concursos","article_published_time":"2016-03-01T13:55:04+00:00","author":"F\u00e1bio Alves","twitter_card":"summary_large_image","twitter_creator":"@EstratConcursos","twitter_site":"@EstratConcursos","twitter_misc":{"Escrito por":"F\u00e1bio Alves","Est. tempo de leitura":"4 minutos"},"schema":{"@context":"https:\/\/schema.org","@graph":[{"@type":"NewsArticle","@id":"https:\/\/www.estrategiaconcursos.com.br\/blog\/comentario-prova-trt-mt-e-analise-sobre-cobranca-de-legislacao-revogada\/#article","isPartOf":{"@id":"https:\/\/www.estrategiaconcursos.com.br\/blog\/comentario-prova-trt-mt-e-analise-sobre-cobranca-de-legislacao-revogada\/"},"author":{"name":"F\u00e1bio Alves","@id":"https:\/\/www.estrategiaconcursos.com.br\/blog\/#\/schema\/person\/fd4e12a9213010d2228e6bc69b89b33a"},"headline":"Coment\u00e1rio prova TRT-MT e An\u00e1lise sobre cobran\u00e7a de Legisla\u00e7\u00e3o Revogada","datePublished":"2016-03-01T13:55:04+00:00","mainEntityOfPage":{"@id":"https:\/\/www.estrategiaconcursos.com.br\/blog\/comentario-prova-trt-mt-e-analise-sobre-cobranca-de-legislacao-revogada\/"},"wordCount":820,"commentCount":0,"publisher":{"@id":"https:\/\/www.estrategiaconcursos.com.br\/blog\/#organization"},"keywords":["TI para Tribunais","TRT 23"],"articleSection":["Concursos P\u00fablicos"],"inLanguage":"pt-BR","potentialAction":[{"@type":"CommentAction","name":"Comment","target":["https:\/\/www.estrategiaconcursos.com.br\/blog\/comentario-prova-trt-mt-e-analise-sobre-cobranca-de-legislacao-revogada\/#respond"]}],"copyrightYear":"2016","copyrightHolder":{"@id":"https:\/\/www.estrategiaconcursos.com.br\/blog\/#organization"}},{"@type":"WebPage","@id":"https:\/\/www.estrategiaconcursos.com.br\/blog\/comentario-prova-trt-mt-e-analise-sobre-cobranca-de-legislacao-revogada\/","url":"https:\/\/www.estrategiaconcursos.com.br\/blog\/comentario-prova-trt-mt-e-analise-sobre-cobranca-de-legislacao-revogada\/","name":"Coment\u00e1rio prova TRT-MT e An\u00e1lise sobre cobran\u00e7a de Legisla\u00e7\u00e3o Revogada","isPartOf":{"@id":"https:\/\/www.estrategiaconcursos.com.br\/blog\/#website"},"datePublished":"2016-03-01T13:55:04+00:00","breadcrumb":{"@id":"https:\/\/www.estrategiaconcursos.com.br\/blog\/comentario-prova-trt-mt-e-analise-sobre-cobranca-de-legislacao-revogada\/#breadcrumb"},"inLanguage":"pt-BR","potentialAction":[{"@type":"ReadAction","target":["https:\/\/www.estrategiaconcursos.com.br\/blog\/comentario-prova-trt-mt-e-analise-sobre-cobranca-de-legislacao-revogada\/"]}]},{"@type":"BreadcrumbList","@id":"https:\/\/www.estrategiaconcursos.com.br\/blog\/comentario-prova-trt-mt-e-analise-sobre-cobranca-de-legislacao-revogada\/#breadcrumb","itemListElement":[{"@type":"ListItem","position":1,"name":"In\u00edcio","item":"https:\/\/www.estrategiaconcursos.com.br\/blog\/"},{"@type":"ListItem","position":2,"name":"Coment\u00e1rio prova TRT-MT e An\u00e1lise sobre cobran\u00e7a de Legisla\u00e7\u00e3o Revogada"}]},{"@type":"WebSite","@id":"https:\/\/www.estrategiaconcursos.com.br\/blog\/#website","url":"https:\/\/www.estrategiaconcursos.com.br\/blog\/","name":"Estrat\u00e9gia Concursos","description":"O blog da Estrat\u00e9gia Concursos traz not\u00edcias sobre concursos e artigos de professores oferecendo cursos para concursos (pdf + videaulas) no site.","publisher":{"@id":"https:\/\/www.estrategiaconcursos.com.br\/blog\/#organization"},"potentialAction":[{"@type":"SearchAction","target":{"@type":"EntryPoint","urlTemplate":"https:\/\/www.estrategiaconcursos.com.br\/blog\/?s={search_term_string}"},"query-input":{"@type":"PropertyValueSpecification","valueRequired":true,"valueName":"search_term_string"}}],"inLanguage":"pt-BR"},{"@type":"Organization","@id":"https:\/\/www.estrategiaconcursos.com.br\/blog\/#organization","name":"Estrat\u00e9gia Concursos","url":"https:\/\/www.estrategiaconcursos.com.br\/blog\/","logo":{"@type":"ImageObject","inLanguage":"pt-BR","@id":"https:\/\/www.estrategiaconcursos.com.br\/blog\/#\/schema\/logo\/image\/","url":"https:\/\/dhg1h5j42swfq.cloudfront.net\/2025\/06\/03203428\/logo_concursos-1.jpg","contentUrl":"https:\/\/dhg1h5j42swfq.cloudfront.net\/2025\/06\/03203428\/logo_concursos-1.jpg","width":230,"height":60,"caption":"Estrat\u00e9gia Concursos"},"image":{"@id":"https:\/\/www.estrategiaconcursos.com.br\/blog\/#\/schema\/logo\/image\/"},"sameAs":["https:\/\/x.com\/EstratConcursos"]},{"@type":"Person","@id":"https:\/\/www.estrategiaconcursos.com.br\/blog\/#\/schema\/person\/fd4e12a9213010d2228e6bc69b89b33a","name":"F\u00e1bio Alves","image":{"@type":"ImageObject","inLanguage":"pt-BR","@id":"https:\/\/secure.gravatar.com\/avatar\/014c4afcbfcf7619f1d2feefbf6091f475f447368bbefcd03c9110b71d59a764?s=96&d=mm&r=g","url":"https:\/\/secure.gravatar.com\/avatar\/014c4afcbfcf7619f1d2feefbf6091f475f447368bbefcd03c9110b71d59a764?s=96&d=mm&r=g","contentUrl":"https:\/\/secure.gravatar.com\/avatar\/014c4afcbfcf7619f1d2feefbf6091f475f447368bbefcd03c9110b71d59a764?s=96&d=mm&r=g","caption":"F\u00e1bio Alves"},"url":"https:\/\/www.estrategiaconcursos.com.br\/blog\/author\/fabioalvesestrategiaconcursos-com-br\/"}]}},"_links":{"self":[{"href":"https:\/\/www.estrategiaconcursos.com.br\/blog\/wp-json\/wp\/v2\/posts\/34232","targetHints":{"allow":["GET"]}}],"collection":[{"href":"https:\/\/www.estrategiaconcursos.com.br\/blog\/wp-json\/wp\/v2\/posts"}],"about":[{"href":"https:\/\/www.estrategiaconcursos.com.br\/blog\/wp-json\/wp\/v2\/types\/post"}],"author":[{"embeddable":true,"href":"https:\/\/www.estrategiaconcursos.com.br\/blog\/wp-json\/wp\/v2\/users\/100"}],"replies":[{"embeddable":true,"href":"https:\/\/www.estrategiaconcursos.com.br\/blog\/wp-json\/wp\/v2\/comments?post=34232"}],"version-history":[{"count":2,"href":"https:\/\/www.estrategiaconcursos.com.br\/blog\/wp-json\/wp\/v2\/posts\/34232\/revisions"}],"predecessor-version":[{"id":34235,"href":"https:\/\/www.estrategiaconcursos.com.br\/blog\/wp-json\/wp\/v2\/posts\/34232\/revisions\/34235"}],"wp:attachment":[{"href":"https:\/\/www.estrategiaconcursos.com.br\/blog\/wp-json\/wp\/v2\/media?parent=34232"}],"wp:term":[{"taxonomy":"category","embeddable":true,"href":"https:\/\/www.estrategiaconcursos.com.br\/blog\/wp-json\/wp\/v2\/categories?post=34232"},{"taxonomy":"post_tag","embeddable":true,"href":"https:\/\/www.estrategiaconcursos.com.br\/blog\/wp-json\/wp\/v2\/tags?post=34232"},{"taxonomy":"tax_estado","embeddable":true,"href":"https:\/\/www.estrategiaconcursos.com.br\/blog\/wp-json\/wp\/v2\/tax_estado?post=34232"}],"curies":[{"name":"wp","href":"https:\/\/api.w.org\/{rel}","templated":true}]}}