{"id":34201,"date":"2025-12-26T11:43:00","date_gmt":"2025-12-26T14:43:00","guid":{"rendered":"http:\/\/www.estrategiaconcursos.com.br\/blog\/?p=34201"},"modified":"2026-02-06T14:08:12","modified_gmt":"2026-02-06T17:08:12","slug":"concurso-trt-14","status":"publish","type":"post","link":"https:\/\/www.estrategiaconcursos.com.br\/blog\/concurso-trt-14\/","title":{"rendered":"Concurso TRT 14 (RO e AC): edital vigente at\u00e9 2027!"},"content":{"rendered":"\n<p>Foi prorrogada at\u00e9 30 de  maio de 2027, a validade do <strong>concurso <\/strong>do <a href=\"https:\/\/www.estrategiaconcursos.com.br\/cursosPorConcurso\/trt-14-regiao-rondonia-e-acre-305\/\" target=\"_blank\" rel=\"noreferrer noopener\">Tribunal Regional do Trabalho&nbsp;da&nbsp;14\u00aa&nbsp;Regi\u00e3o<\/a> (<strong>TRT 14<\/strong>), que abrange os Estados de Rond\u00f4nia e Acre!<\/p>\n\n\n\n<p>As oportunidades do certame foram para Analista e T\u00e9cnico Judici\u00e1rio, que exigiram a \u00e9poca forma\u00e7\u00e3o de n\u00edveis superior e m\u00e9dio, respectivamente.<\/p>\n\n\n\n<p>Vale destacar que em 2026 os sal\u00e1rios ser\u00e3o maiores, pois, no dia 22 de dezembro de 2025, o presidente Lula sancionou parcialmente o&nbsp;<strong><a href=\"https:\/\/www25.senado.leg.br\/web\/atividade\/materias\/-\/materia\/171600?utm_source=google&amp;utm_medium=cpc&amp;utm_campaign=ec-adm-vd-gdy-telebras-web-101215\" target=\"_blank\" rel=\"noreferrer noopener\">Projeto de Lei n\u00ba 4.750\/25<\/a><\/strong>, referente ao reajuste salarial dos servidores do Judici\u00e1rio federal.<\/p>\n\n\n\n<p>As corre\u00e7\u00f5es sucessivas de 8% previstas para ocorrer anualmente em 2026, 2027 e 2028 foram limitadas a uma parcela apenas, paga no pr\u00f3ximo ano.<\/p>\n\n\n\n<ul class=\"wp-block-list has-very-light-gray-to-cyan-bluish-gray-gradient-background has-background\">\n<li><strong>Concurso TRT 14 (RO e AC)<\/strong><\/li>\n\n\n\n<li><strong>Status:<\/strong>&nbsp;resultado homologado<\/li>\n\n\n\n<li><strong>Banca<\/strong>: FCC<\/li>\n\n\n\n<li><strong>Vagas:<\/strong>&nbsp;01 + CR<\/li>\n\n\n\n<li><strong>Sal\u00e1rios a partir de Jul. de 2026:\u00a0<\/strong>R$ 9.776,74 (T\u00e9cnico) e R$ 16.041,21 (Analista)<\/li>\n\n\n\n<li><strong>Edital:<\/strong> <a href=\"https:\/\/dhg1h5j42swfq.cloudfront.net\/2022\/09\/26200106\/edital-trt-14-1.pdf\" target=\"_blank\" rel=\"noreferrer noopener nofollow\">TRT 14 2022<\/a><\/li>\n<\/ul>\n\n\n\n<p>Ao longo deste artigo voc\u00ea confere mais detalhes sobre o<strong> concurso TRT 14 <\/strong>e curiosidades sobre o \u00f3rg\u00e3o, como remunera\u00e7\u00e3o, atribui\u00e7\u00f5es dos cargos, etapas dos certames, entre outros.<\/p>\n\n\n\n<ul class=\"wp-block-list\">\n<li><a href=\"#situacao\"><strong>Situa\u00e7\u00e3o atual do concurso<\/strong><\/a>\n<ul class=\"wp-block-list\">\n<li><strong><a href=\"#resultado-preliminar\">Resultado preliminar<\/a><\/strong><\/li>\n\n\n\n<li><a href=\"#gabarito-preliminar\"><strong>Gabarito preliminar<\/strong><\/a><\/li>\n\n\n\n<li><a href=\"#convocacao-provas\"><strong>Convoca\u00e7\u00e3o provas<\/strong><\/a><\/li>\n\n\n\n<li><a href=\"#inscritos\"><strong>Quantitativo de inscritos<\/strong><\/a><\/li>\n\n\n\n<li><a href=\"#edital-retificado\"><strong>Edital retificado<\/strong><\/a><\/li>\n\n\n\n<li><strong><a href=\"#vagas\">Cargos e vagas<\/a><\/strong><\/li>\n\n\n\n<li><strong><a href=\"#provas\">Etapas e provas<\/a><\/strong><\/li>\n<\/ul>\n<\/li>\n\n\n\n<li><strong style=\"color: initial;\"><a href=\"#carreira\">Carreira<\/a> <\/strong>\n<ul class=\"wp-block-list\">\n<li><strong><a href=\"#remuneracao\">Remunera\u00e7\u00e3o e Benef\u00edcios<\/a><\/strong><\/li>\n\n\n\n<li><strong><a href=\"#atribuicoes\">Atribui\u00e7\u00f5es dos cargos<\/a><\/strong><\/li>\n\n\n\n<li><strong><a href=\"#requisitos\">Requisitos dos cargos<\/a><\/strong><\/li>\n\n\n\n<li><strong><a href=\"#vagos\">Cargos vagos<\/a><\/strong><\/li>\n<\/ul>\n<\/li>\n\n\n\n<li><strong><a href=\"#concurso-2018\">\u00daltimo concurso &#8211; 2018<\/a><\/strong><\/li>\n\n\n\n<li><strong><a href=\"#concurso-2015\">Concurso 2015<\/a><\/strong><\/li>\n\n\n\n<li><strong><a href=\"#assinatura-e-cursos\">Assinaturas e cursos<\/a><\/strong><\/li>\n\n\n\n<li><strong><a href=\"#ficha\">Ficha t\u00e9cnica<\/a><\/strong><\/li>\n<\/ul>\n\n\n\n<div class=\"container\" id=\"boxes\">\n  <div class=\"row\">\n\n    <div class=\"col-sm\">\n      <div class=\"banner-tribunal\" id=\"box-assinatura\">\n        <h3 class=\"titulo-assinatura\">Cursos para TRT 14<\/h3>\n        <p class=\"subtitulo-assinatura\">Conhe\u00e7a os cursos<\/p>\n        <div class=\"box-botao\">\n          <a class=\"btn-assinatura\" target=\"_blank\" href=\"https:\/\/www.estrategiaconcursos.com.br\/cursosPorConcurso\/trt-14-regiao-rondonia-e-acre-305\/\" role=\"button\" rel=\"noopener noreferrer\">Conhe\u00e7a mais<\/a>\n        <\/div>\n      <\/div>\n      <p class=\"texto-auxiliar\">Prepare-se com o melhor material e com quem mais aprova em Concursos P\u00fablicos em todo o pa\u00eds.<\/p>\n    <\/div>\n\n  <\/div>\n<\/div>\n\n\n\n<h2 class=\"wp-block-heading\" id=\"situacao\">Concurso TRT 14: situa\u00e7\u00e3o atual<\/h2>\n\n\n\n<h3 class=\"wp-block-heading\">Resultado definitivo <\/h3>\n\n\n\n<p>Os resultados definitivos est\u00e3o dispon\u00edveis. Os candidatos que fizeram as provas objetivas e discursivas poder\u00e3o verificar os resultados no site da banca, <a href=\"http:\/\/www.concursosfcc.com.br\" target=\"_blank\" rel=\"noreferrer noopener\">FCC<\/a>.<\/p>\n\n\n\n<h3 class=\"wp-block-heading\" id=\"gabarito-preliminar\">Gabarito preliminar<\/h3>\n\n\n\n<p>O concurso do Tribunal Regional do Trabalho&nbsp;da&nbsp;14\u00aa&nbsp;Regi\u00e3o <strong>(TRT 14<\/strong>) disponibilizou os gabaritos para consulta, que deve ser realizada atrav\u00e9s do site da banca organizadora do certame, a FCC. Confira abaixo!<\/p>\n\n\n\n<ul class=\"wp-block-list\">\n<li><a href=\"https:\/\/www.concursosfcc.com.br\/concursos\/trt14122\/gabaritos\/index3.html\" target=\"_blank\" rel=\"noreferrer noopener\">Gabaritos preliminares<\/a>.<\/li>\n<\/ul>\n\n\n\n<p>Vale lembrar que os interessados em interpor recursos contra o gabarito preliminar dever\u00e3o faz\u00ea-lo em at\u00e9 02 (dois) dias \u00fateis ap\u00f3s a publica\u00e7\u00e3o do mesmo.<\/p>\n\n\n\n<h3 class=\"wp-block-heading\">Convoca\u00e7\u00e3o provas <\/h3>\n\n\n\n<p>O&nbsp;Tribunal Regional do Trabalho&nbsp;da&nbsp;14\u00aa&nbsp;Regi\u00e3o&nbsp;publicou a convoca\u00e7\u00e3o para as provas no Di\u00e1rio Oficial da Uni\u00e3o do dia 23 de novembro.<\/p>\n\n\n\n<p>As provas ser\u00e3o aplicadas no dia 11 de dezembro, nas cidades de Porto Velho \u2013 estado de Rond\u00f4nia e Rio Branco \u2013 estado do Acre, e os candidatos j\u00e1 podem consultar o local de realiza\u00e7\u00e3o das provas no site da FCC.<\/p>\n\n\n\n<h4 class=\"wp-block-heading\">Manh\u00e3 (Hor\u00e1rio Oficial local)<\/h4>\n\n\n\n<ul class=\"wp-block-list\">\n<li><strong>Hor\u00e1rio de Apresenta\u00e7\u00e3o<\/strong>: 8h<\/li>\n\n\n\n<li><strong>Hor\u00e1rio de Fechamento dos Port\u00f5es<\/strong>: 08h30<\/li>\n\n\n\n<li><strong>Provas Objetivas e Discursivas<\/strong>: cargo de T\u00e9cnico Judici\u00e1rio \u2013 todas as \u00e1reas e especialidades.<\/li>\n\n\n\n<li><strong>Dura\u00e7\u00e3o total das Provas<\/strong>: 4h30<\/li>\n<\/ul>\n\n\n\n<h4 class=\"wp-block-heading\">Tarde (Hor\u00e1rio Oficial local)<\/h4>\n\n\n\n<ul class=\"wp-block-list\">\n<li><strong>Hor\u00e1rio de Apresenta\u00e7\u00e3o<\/strong>: 14h<\/li>\n\n\n\n<li><strong>Hor\u00e1rio de Fechamento dos Port\u00f5es<\/strong>: 14h30<\/li>\n\n\n\n<li><strong>Provas Objetivas e Discursivas<\/strong>: cargos de Analista Judici\u00e1rio, todas as \u00e1reas e especialidades.<\/li>\n\n\n\n<li><strong>Dura\u00e7\u00e3o total das Provas<\/strong>: 4h30.<\/li>\n<\/ul>\n\n\n\n<h3 class=\"wp-block-heading\" id=\"inscritos\">Quantitativo de inscritos<\/h3>\n\n\n\n<p>Ao todo <strong>15 mil<\/strong> candidaturas foram registradas e divulgadas pela banca FCC, considerando os inscritos de Porto Velho e Rio Branco.<\/p>\n\n\n\n<p>O cargo com maior n\u00famero de candidatos foi o de T\u00e9cnico Judici\u00e1rio- \u00e1rea administrativa, de n\u00edvel m\u00e9dio de escolaridade, com a somat\u00f3ria de <strong>8.041<\/strong> inscritos.<\/p>\n\n\n\n<p>J\u00e1 o segunda cargo com mais candidaturas, o de Analista Judici\u00e1rio- \u00e1rea administrativa, de n\u00edvel superior, registrou <a href=\"https:\/\/www.estrategiaconcursos.com.br\/blog\/concurso-trt-14-inscritos\/\">3.088 inscritos<\/a>.<\/p>\n\n\n\n<h3 class=\"wp-block-heading\">Edital retificado<\/h3>\n\n\n\n<p>No dia 28 de outubro o edital TRT 14 passou por retifica\u00e7\u00e3o. A mudan\u00e7a \u00e9 referente ao tempo de dura\u00e7\u00e3o das provas, classifica\u00e7\u00e3o final e o cronograma final. Confira o documento:<\/p>\n\n\n\n<p class=\"has-text-align-center has-pale-cyan-blue-background-color has-background\"><a href=\"https:\/\/www.concursosfcc.com.br\/concursos\/trt14122\/edital_retificacao__2_.pdf\" target=\"_blank\" rel=\"noreferrer noopener\">Edital retificado<\/a><\/p>\n\n\n\n<h3 class=\"wp-block-heading\" id=\"alteracao-de-escolaridade\">Altera\u00e7\u00e3o de escolaridade<\/h3>\n\n\n\n<p>O \u00faltimo edital do concurso do TRT 14 trouxe vagas de n\u00edveis m\u00e9dio e superior. No entanto, ap\u00f3s a divulga\u00e7\u00e3o do edital foi promulgado o Projeto de Lei&nbsp;<strong>3662\/21<\/strong>, que altera a escolaridade do cargo de T\u00e9cnico Judici\u00e1rio e estabelece o n\u00edvel superior como requisito aos&nbsp;<strong>concursos Tribunais<\/strong>.<\/p>\n\n\n\n<p>Segundo a Federa\u00e7\u00e3o Nacional dos Trabalhadores e Trabalhadoras do Judici\u00e1rio Federal e Minist\u00e9rio P\u00fablico da Uni\u00e3o (Fenajufe) a altera\u00e7\u00e3o da escolaridade valoriza a carreira de T\u00e9cnico Judici\u00e1rio, visto que as atividades desempenhadas pelos t\u00e9cnicos s\u00e3o complexas e sua import\u00e2ncia necessitava de reconhecimento.<\/p>\n\n\n\n<p>Sendo assim, para assumir o cargo de T\u00e9cnico Judici\u00e1rio, os candidatos agora devem possuir como requisito n\u00edvel superior de escolaridade.<\/p>\n\n\n\n<h2 class=\"wp-block-heading\" id=\"vagas\">Concurso TRT 14: cargos e vagas<\/h2>\n\n\n\n<h3 class=\"wp-block-heading\" id=\"nivel-medio-tecnico\">N\u00edvel m\u00e9dio\/t\u00e9cnico<\/h3>\n\n\n\n<figure class=\"wp-block-table is-style-stripes\"><table class=\"has-pale-cyan-blue-background-color has-background has-fixed-layout\"><thead><tr><th class=\"has-text-align-center\" data-align=\"center\">CARGOS<\/th><th class=\"has-text-align-center\" data-align=\"center\">VAGAS<\/th><th class=\"has-text-align-center\" data-align=\"center\">SAL\u00c1RIO<\/th><\/tr><\/thead><tbody><tr><td class=\"has-text-align-center\" data-align=\"center\"><a href=\"https:\/\/www.estrategiaconcursos.com.br\/curso\/trt-14-regiao-tecnico-judiciario-area-administrativa-pacote-completo-2022-pre-edital\/\" target=\"_blank\" rel=\"noreferrer noopener\">T\u00e9cnico Judici\u00e1rio \u2013 \u00c1rea Administrativa<\/a><\/td><td class=\"has-text-align-center\" data-align=\"center\">CR<\/td><td class=\"has-text-align-center\" data-align=\"center\">R$ 7.591,37<\/td><\/tr><tr><td class=\"has-text-align-center\" data-align=\"center\">T\u00e9cnico Judici\u00e1rio \u2013 \u00c1rea Apoio Especializado, Especialidade: Tecnologia da Informa\u00e7\u00e3o<\/td><td class=\"has-text-align-center\" data-align=\"center\">01<\/td><td class=\"has-text-align-center\" data-align=\"center\">R$ 7.591,37<\/td><\/tr><\/tbody><\/table><figcaption class=\"wp-element-caption\">Cargos de n\u00edvel m\u00e9dio concurso TRT 14<\/figcaption><\/figure>\n\n\n\n<h3 class=\"wp-block-heading\" id=\"nivel-superior\">N\u00edvel superior<\/h3>\n\n\n\n<figure class=\"wp-block-table is-style-stripes\"><table class=\"has-pale-cyan-blue-background-color has-background has-fixed-layout\"><thead><tr><th class=\"has-text-align-center\" data-align=\"center\">CARGOS<\/th><th class=\"has-text-align-center\" data-align=\"center\">VAGAS<\/th><th class=\"has-text-align-center\" data-align=\"center\">SAL\u00c1RIO<\/th><\/tr><\/thead><tbody><tr><td class=\"has-text-align-center\" data-align=\"center\"><a href=\"https:\/\/www.estrategiaconcursos.com.br\/curso\/trt-14-regiao-analista-judiciario-area-judiciaria-pacote-completo-2022-pre-edital\/\" target=\"_blank\" rel=\"noreferrer noopener\">Analista Judici\u00e1rio \u2013 \u00c1rea Judici\u00e1ria<\/a><\/td><td class=\"has-text-align-center\" data-align=\"center\">CR<\/td><td class=\"has-text-align-center\" data-align=\"center\">R$ 12.455,30<\/td><\/tr><tr><td class=\"has-text-align-center\" data-align=\"center\">Analista Judici\u00e1rio \u2013 \u00c1rea Administrativa<\/td><td class=\"has-text-align-center\" data-align=\"center\">CR<\/td><td class=\"has-text-align-center\" data-align=\"center\">R$ 12.455,30<\/td><\/tr><tr><td class=\"has-text-align-center\" data-align=\"center\"><a href=\"https:\/\/www.estrategiaconcursos.com.br\/curso\/trt-14-regiao-analista-judiciario-oficial-de-justica-avaliador-federal-pacote-completo-2022-pre-edital\/\" target=\"_blank\" rel=\"noreferrer noopener\">Analista Judici\u00e1rio \u2013 \u00c1rea Apoio Especializado, Especialidade: Oficial de Justi\u00e7a Avaliador Federal<\/a><\/td><td class=\"has-text-align-center\" data-align=\"center\">CR<\/td><td class=\"has-text-align-center\" data-align=\"center\">R$ 14.271,70<\/td><\/tr><tr><td class=\"has-text-align-center\" data-align=\"center\">Analista Judici\u00e1rio \u2013 \u00c1rea Apoio Especializado, Especialidade: Tecnologia da Informa\u00e7\u00e3o<\/td><td class=\"has-text-align-center\" data-align=\"center\">CR<\/td><td class=\"has-text-align-center\" data-align=\"center\">R$ 12.455,30<\/td><\/tr><\/tbody><\/table><figcaption class=\"wp-element-caption\">Cargos de n\u00edvel superior concurso TRT 14<\/figcaption><\/figure>\n\n\n\n<h3 class=\"wp-block-heading\" id=\"provas\">Etapas e provas<\/h3>\n\n\n\n<p>O concurso constou das seguintes provas:<\/p>\n\n\n\n<ul class=\"wp-block-list\">\n<li>Provas Objetivas &#8211; car\u00e1ter eliminat\u00f3rio e classificat\u00f3rio; e<\/li>\n\n\n\n<li>Provas Discursivas &#8211; car\u00e1ter eliminat\u00f3rio e classificat\u00f3rio;<\/li>\n<\/ul>\n\n\n\n<p>As provas foram realizadas nas cidades de Porto Velho (RO) e Rio Branco (AC). No per\u00edodo da manh\u00e3, foram realizadas as provas para os cargos de T\u00e9cnico Judici\u00e1rio. Para Analista, no per\u00edodo da tarde.<\/p>\n\n\n\n<h4 class=\"wp-block-heading\">Prova Objetiva<\/h4>\n\n\n\n<p>As provas objetivas foram compostas de 60 quest\u00f5es objetivas de m\u00faltipla escolha, com cinco alternativas cada quest\u00e3o.<\/p>\n\n\n\n<p>Com dura\u00e7\u00e3o de quatro horas, as provas foram na seguinte composi\u00e7\u00e3o:<\/p>\n\n\n\n<figure class=\"wp-block-image aligncenter size-full\"><img loading=\"lazy\" decoding=\"async\" width=\"589\" height=\"776\" src=\"https:\/\/dhg1h5j42swfq.cloudfront.net\/2022\/09\/26193854\/image-362.png\" alt=\"Tabela de detalhes da prova objetiva\" class=\"wp-image-1100887\" srcset=\"https:\/\/dhg1h5j42swfq.cloudfront.net\/2022\/09\/26193854\/image-362.png 589w, https:\/\/dhg1h5j42swfq.cloudfront.net\/2022\/09\/26193854\/image-362-228x300.png 228w, https:\/\/dhg1h5j42swfq.cloudfront.net\/2022\/09\/26193854\/image-362-150x198.png 150w\" sizes=\"auto, (max-width: 589px) 100vw, 589px\" \/><figcaption class=\"wp-element-caption\">Quadro de provas do concurso TRT 14<\/figcaption><\/figure>\n\n\n\n<h4 class=\"wp-block-heading\">Prova Discursiva<\/h4>\n\n\n\n<h5 class=\"wp-block-heading\" id=\"h-redacao\">Reda\u00e7\u00e3o<\/h5>\n\n\n\n<p>A Prova Discursiva-Reda\u00e7\u00e3o ser\u00e1 aplicada para os cargos de Analista Judici\u00e1rio &#8211; \u00c1rea Administrativa, T\u00e9cnico Judici\u00e1rio \u2013 \u00c1rea Administrativa e T\u00e9cnico Judici\u00e1rio &#8211; \u00c1rea Apoio Especializado Especialidade Tecnologia da Informa\u00e7\u00e3o.<\/p>\n\n\n\n<p>Na Prova Discursiva-Reda\u00e7\u00e3o, o candidato dever\u00e1 desenvolver texto dissertativo-argumentativo a partir de proposta \u00fanica, sobre assunto de interesse geral n\u00e3o atrelado necessariamente ao Conte\u00fado Program\u00e1tico de Conhecimentos Espec\u00edficos.<\/p>\n\n\n\n<h5 class=\"wp-block-heading\" id=\"h-estudo-de-caso\">Estudo de caso<\/h5>\n\n\n\n<p>A Prova Discursiva &#8211; Estudo de Caso ser\u00e1 aplicada para os Cargos de Analista Judici\u00e1rio &#8211; \u00c1rea Judici\u00e1ria, Analista Judici\u00e1rio &#8211; \u00c1rea Judici\u00e1ria \u2013 Especialidade Oficial de Justi\u00e7a Avaliador Federal e Analista Judici\u00e1rio &#8211; \u00c1rea Apoio Especializado &#8211; Especialidade Tecnologia da Informa\u00e7\u00e3o, no mesmo dia e hor\u00e1rio das Provas Objetivas de Conhecimentos Gerais e de Conhecimentos Espec\u00edficos.<\/p>\n\n\n\n<p>A Prova Discursiva &#8211; Estudo de Caso constar\u00e1 de 01 (uma) quest\u00e3o pr\u00e1tica, para a qual o candidato dever\u00e1 apresentar, por escrito, as solu\u00e7\u00f5es. Os temas versar\u00e3o sobre conte\u00fado pertinente a Conhecimentos Espec\u00edficos.<\/p>\n\n\n\n<p>A Prova Discursiva &#8211; Estudo de Caso ter\u00e1 car\u00e1ter eliminat\u00f3rio e classificat\u00f3rio e ser\u00e1 avaliada na escala de 0 (zero) a 100,00 (cem) pontos, considerando-se  habilitado o candidato que nela obtiver nota igual ou superior a 60,00 (sessenta) pontos.<\/p>\n\n\n\n<h2 class=\"wp-block-heading\" id=\"carreira\">Carreira no TRT 14<\/h2>\n\n\n\n<h3 class=\"wp-block-heading\" id=\"remuneracao\">Remunera\u00e7\u00e3o e benef\u00edcios<\/h3>\n\n\n\n<p>A Justi\u00e7a Federal teve o&nbsp;<a href=\"https:\/\/www.estrategiaconcursos.com.br\/blog\/lula-sancionou-reajuste-salarial-aos-servidores-para-2026\/\">reajuste salarial de 8%<\/a>&nbsp;para todas as carreiras sancionado pelo governo federal. Com isso, os sal\u00e1rios iniciais podem&nbsp;<strong>chegar a R$&nbsp;16.041,21<\/strong>, al\u00e9m de benef\u00edcios.<\/p>\n\n\n\n<p>O adicional de qualifica\u00e7\u00e3o tamb\u00e9m foi reajustado. Atualmente, um analista em final de carreira pode somar R$ 1.161,52 se tiver doutorado, por exemplo.&nbsp;<\/p>\n\n\n\n<p>Com a mudan\u00e7a, o valor vai para&nbsp;<strong>R$ 3.857,75<\/strong>&nbsp;a partir de 2026, considerando-se o reajuste de 8% a partir do pr\u00f3ximo ano, previsto na&nbsp;Lei 15.293, de 19 de dezembro de 2025.<\/p>\n\n\n\n<p>Tamb\u00e9m a partir de 2026, o mestrado valer\u00e1&nbsp;<strong>R$ 2.700,43 (contra os atuais R$ 929,21)<\/strong>. Essas duas qualifica\u00e7\u00f5es n\u00e3o podem ser acumuladas entre si e absorvem outras de valores menores.<\/p>\n\n\n\n<p>Com o reajuste, os vencimentos b\u00e1sicos iniciais para os cargos ficam com os seguintes valores a partir de julho de 2026:<\/p>\n\n\n\n<p><strong>R$ 16.041,21 (Analista)<\/strong><\/p>\n\n\n\n<p><strong>R$ 9.776,74 (T\u00e9cnico)&nbsp;<\/strong><\/p>\n\n\n\n<p>Al\u00e9m do vencimento b\u00e1sico atualizado, os aprovados ter\u00e3o direito a benef\u00edcios como&nbsp;<strong>aux\u00edlio pr\u00e9-escolar<\/strong>&nbsp;no valor de&nbsp;<strong><\/strong><strong>R$ 1.288,47<\/strong>, e&nbsp;<strong>aux\u00edlio alimenta\u00e7\u00e3o<\/strong>&nbsp;no valor de&nbsp;<strong><\/strong><strong>R$ 1.860,51<\/strong>,&nbsp;<strong>Aux\u00edlio-Natalidade<\/strong>&nbsp;no valor de&nbsp;<strong>R$718,58<\/strong>&nbsp;e&nbsp;<strong>Aux\u00edlio-Sa\u00fade&nbsp;<\/strong>no valor de&nbsp;<strong>R$579,39<\/strong>.<strong> <\/strong><\/p>\n\n\n\n<h2 class=\"wp-block-heading\" id=\"atribuicoes\">Atribui\u00e7\u00f5es dos cargos do concurso TRT 14<\/h2>\n\n\n\n<h4 class=\"wp-block-heading\" id=\"analista-judiciario-do-trt-14-area-judiciaria\"><strong>Analista Judici\u00e1rio do TRT 14 \u2013 \u00c1rea Judici\u00e1ria <\/strong><\/h4>\n\n\n\n<ul class=\"wp-block-list\">\n<li>Analisar peti\u00e7\u00f5es e processos, confeccionar minutas de votos, emitir informa\u00e7\u00f5es e pareceres; <\/li>\n\n\n\n<li>proceder a estudos e pesquisas na legisla\u00e7\u00e3o, na jurisprud\u00eancia e na doutrina pertinente para fundamentar a an\u00e1lise de processo e emiss\u00e3o de parecer; <\/li>\n\n\n\n<li>fornecer suporte t\u00e9cnico e administrativo aos magistrados, \u00f3rg\u00e3os julgadores e unidades do Tribunal; <\/li>\n\n\n\n<li>inserir, atualizar e consultar informa\u00e7\u00f5es em base de dados; <\/li>\n\n\n\n<li>verificar prazos processuais. <\/li>\n<\/ul>\n\n\n\n<h4 class=\"wp-block-heading\" id=\"analista-judiciario-do-trt-14-especialidade-oficial-de-justica-avaliador-federal\">Analista Judici\u00e1rio do TRT 14 \u2013 Especialidade Oficial de Justi\u00e7a Avaliador Federal<\/h4>\n\n\n\n<ul class=\"wp-block-list\">\n<li>Executar cita\u00e7\u00f5es, notifica\u00e7\u00f5es, intima\u00e7\u00f5es e demais ordens judiciais, certificando no mandado o ocorrido; <\/li>\n\n\n\n<li>executar penhoras, avalia\u00e7\u00f5es, arremata\u00e7\u00f5es, pra\u00e7as e hastas p\u00fablicas, remiss\u00f5es, adjudica\u00e7\u00f5es, arrestos, sequestros, buscas e apreens\u00f5es, lavrando no local o respectivo auto circunstanciado.  <\/li>\n<\/ul>\n\n\n\n<h4 class=\"wp-block-heading\" id=\"analista-judiciario-do-trt-14-especialidade-tecnologia-da-informacao\">Analista Judici\u00e1rio do TRT 14 \u2013 Especialidade Tecnologia da Informa\u00e7\u00e3o <\/h4>\n\n\n\n<ul class=\"wp-block-list\">\n<li>Desenvolver projetos e sistemas de inform\u00e1tica; <\/li>\n\n\n\n<li>documentar os sistemas; <\/li>\n\n\n\n<li>analisar e avaliar diagramas, estruturas e descri\u00e7\u00f5es de entradas e sa\u00eddas de sistemas; <\/li>\n\n\n\n<li>sugerir as caracter\u00edsticas e quantitativos de equipamentos necess\u00e1rios \u00e0 utiliza\u00e7\u00e3o dos sistemas; <\/li>\n\n\n\n<li>analisar e avaliar as defini\u00e7\u00f5es e documenta\u00e7\u00e3o de arquivos, programas, rotinas de produ\u00e7\u00e3o e testes de sistemas; <\/li>\n\n\n\n<li>identificar as necessidades de produ\u00e7\u00e3o, altera\u00e7\u00e3o e otimiza\u00e7\u00e3o de sistemas; <\/li>\n\n\n\n<li>prestar suporte t\u00e9cnico e treinamento aos usu\u00e1rios de sistemas; analisar e avaliar procedimentos para instala\u00e7\u00e3o de base de dados, assim como definir dados a serem coletados para teste paralelo de sistemas; <\/li>\n\n\n\n<li>planejar e coordenar as atividades de manuten\u00e7\u00e3o dos sistemas em opera\u00e7\u00e3o.  <\/li>\n<\/ul>\n\n\n\n<h4 class=\"wp-block-heading\" id=\"analista-judiciario-do-trt-14-especialidade-psicologia\">Analista Judici\u00e1rio do TRT 14 \u2013 Especialidade Psicologia<\/h4>\n\n\n\n<ul class=\"wp-block-list\">\n<li>Realizar atividades relacionadas \u00e0s \u00e1reas de psicologia organizacional e cl\u00ednica; <\/li>\n\n\n\n<li>realizar atendimentos, diagn\u00f3sticos e inspe\u00e7\u00f5es de sa\u00fade; <\/li>\n\n\n\n<li>prescrever tratamentos; <\/li>\n\n\n\n<li>realizar visitas domiciliares ou em depend\u00eancias hospitalares; <\/li>\n\n\n\n<li>emitir laudos e pareceres; <\/li>\n\n\n\n<li>conceder licen\u00e7as para tratamento de sa\u00fade relacionadas \u00e0 psicologia; <\/li>\n\n\n\n<li>homologar atestados de sa\u00fade relacionados \u00e0 psicologia emitidos por profissionais externos ao quadro do Tribunal; <\/li>\n\n\n\n<li>atuar em programas de educa\u00e7\u00e3o e preven\u00e7\u00e3o de doen\u00e7as; <\/li>\n\n\n\n<li>atuar em processos de sele\u00e7\u00e3o, acompanhamento, treinamento, an\u00e1lise ocupacional, avalia\u00e7\u00e3o de desempenho e desligamento de pessoal.  <\/li>\n<\/ul>\n\n\n\n<h4 class=\"wp-block-heading\" id=\"analista-judiciario-do-trt-14-especialidade-estatistica\">Analista Judici\u00e1rio do TRT 14 \u2013 Especialidade Estat\u00edstica<\/h4>\n\n\n\n<ul class=\"wp-block-list\">\n<li>Planejar e desenvolver investiga\u00e7\u00f5es estat\u00edsticas; <\/li>\n\n\n\n<li>coordenar os trabalhos de coleta, an\u00e1lise e interpreta\u00e7\u00e3o de dados; <\/li>\n\n\n\n<li>elaborar pareceres e instrumentais t\u00e9cnicos, laudos e relat\u00f3rios; fornecer informa\u00e7\u00f5es que favore\u00e7am tomadas de decis\u00f5es e o acompanhamento da execu\u00e7\u00e3o de atividades. <\/li>\n<\/ul>\n\n\n\n<h4 class=\"wp-block-heading\" id=\"tecnico-judiciario-do-trt-14-area-administrativa\">T\u00e9cnico Judici\u00e1rio do TRT 14 \u2013 \u00c1rea Administrativa <\/h4>\n\n\n\n<ul class=\"wp-block-list\">\n<li>Prestar apoio t\u00e9cnico e administrativo pertinente \u00e0s atribui\u00e7\u00f5es das unidades organizacionais; <\/li>\n\n\n\n<li>executar tarefas de apoio \u00e0 atividade judici\u00e1ria; <\/li>\n\n\n\n<li>arquivar documentos; <\/li>\n\n\n\n<li>efetuar tarefas relacionadas \u00e0 movimenta\u00e7\u00e3o e \u00e0 guarda de processos e documentos; <\/li>\n\n\n\n<li>atender ao p\u00fablico interno e externo; <\/li>\n\n\n\n<li>classificar e autuar processos; <\/li>\n\n\n\n<li>realizar estudos, pesquisas e rotinas administrativas.  <\/li>\n<\/ul>\n\n\n\n<h4 class=\"wp-block-heading\" id=\"tecnico-judiciario-do-trt-14-especialidade-tecnologia-da-informacao\">T\u00e9cnico Judici\u00e1rio  do TRT 14 \u2013 Especialidade Tecnologia da Informa\u00e7\u00e3o <\/h4>\n\n\n\n<ul class=\"wp-block-list\">\n<li>Executar atividades relacionadas ao desenvolvimento, teste, codifica\u00e7\u00e3o, manuten\u00e7\u00e3o e documenta\u00e7\u00e3o de programas e sistemas de inform\u00e1tica; <\/li>\n\n\n\n<li>prestar suporte t\u00e9cnico e treinamento a usu\u00e1rios; <\/li>\n\n\n\n<li>elaborar p\u00e1ginas para internet e intranet; <\/li>\n\n\n\n<li>identificar as necessidades de produ\u00e7\u00e3o, altera\u00e7\u00e3o e otimiza\u00e7\u00e3o de sistemas; <\/li>\n\n\n\n<li>efetuar os procedimentos de c\u00f3pia, transfer\u00eancia, armazenamento e recupera\u00e7\u00e3o de arquivos de dados; <\/li>\n\n\n\n<li>elaborar pareceres t\u00e9cnicos.  <\/li>\n<\/ul>\n\n\n\n<h3 class=\"wp-block-heading\" id=\"requisitos\">Requisitos dos cargos do concurso TRT 14<\/h3>\n\n\n\n<p><strong>Analista Judici\u00e1rio \u2013 \u00c1rea Judici\u00e1ria <br \/><\/strong>Diploma de curso de Gradua\u00e7\u00e3o em Direito. <\/p>\n\n\n\n<p><strong>Analista Judici\u00e1rio \u2013 Especialidade Oficial de Justi\u00e7a Avaliador Federal <br \/><\/strong>Diploma de curso de Gradua\u00e7\u00e3o em Direito. <\/p>\n\n\n\n<p><strong>Analista Judici\u00e1rio \u2013 Especialidade Tecnologia da Informa\u00e7\u00e3o <br \/><\/strong>Diploma de curso superior em Tecnologia da Informa\u00e7\u00e3o, ou de qualquer outro curso superior com P\u00f3s-Gradua\u00e7\u00e3o na \u00e1rea de Tecnologia da Informa\u00e7\u00e3o. <\/p>\n\n\n\n<p><strong>Analista Judici\u00e1rio \u2013 Especialidade Estat\u00edstica <\/strong><br \/>Diploma de curso de gradua\u00e7\u00e3o em Estat\u00edstica e registro no Conselho Regional de Estat\u00edstica.  <\/p>\n\n\n\n<p><strong>Analista Judici\u00e1rio \u2013 Especialidade Psicologia <br \/><\/strong>Diploma de curso de gradua\u00e7\u00e3o em Psicologia e registro no Conselho Regional de Psicologia. <\/p>\n\n\n\n<p class=\"has-text-align-left\"><strong>T\u00e9cnico Judici\u00e1rio \u2013 \u00c1rea Administrativa <br \/><\/strong>Certificado de conclus\u00e3o de curso de ensino m\u00e9dio ou de curso t\u00e9cnico equivalente. <\/p>\n\n\n\n<p><strong>T\u00e9cnico Judici\u00e1rio \u2013 Especialidade Tecnologia da Informa\u00e7\u00e3o <br \/><\/strong>Certificado de curso de n\u00edvel m\u00e9dio acrescido de curso de programa\u00e7\u00e3o com, no m\u00ednimo, 120 horas\/aula, ou curso t\u00e9cnico na \u00e1rea de inform\u00e1tica.  <\/p>\n\n\n\n<h2 class=\"wp-block-heading\" id=\"vagos\">Concurso TRT 14: cargos vagos<\/h2>\n\n\n\n<p>Confira abaixo a lista de cargos vagos no TRT 14, conforme levantamento realizado em dezembro de 2024:<\/p>\n\n\n\n<ul class=\"wp-block-list\">\n<li><strong>Analista Judici\u00e1rio:<\/strong> 12 cargos vagos<\/li>\n\n\n\n<li><strong>T\u00e9cnico Judici\u00e1rio:<\/strong> 29 cargos vagos<\/li>\n<\/ul>\n\n\n\n<h2 class=\"wp-block-heading\" id=\"concurso-2018\">\u00daltimo concurso TRT 14<\/h2>\n\n\n\n<p>O \u00faltimo concurso do TRT 14 foi realizado em <strong>2018<\/strong>, sob organiza\u00e7\u00e3o da Funda\u00e7\u00e3o Carlos Chagas, a FCC. O certame ofertou <strong>02 vagas imediatas mais cadastro de reserva<\/strong> para o cargo de Analista Judici\u00e1rio nas especialidades Estat\u00edstica e Psicologia.<\/p>\n\n\n\n<p>Foram registrados no total <strong>599 inscri\u00e7\u00f5es<\/strong>, sendo 190 para candidatura \u00e0 especialidade Estat\u00edstica e 409 \u00e0 especialidade Psicologia. <\/p>\n\n\n\n<p>Homologado em novembro de 2018, o certame fica v\u00e1lido por dois anos, at\u00e9 2020. Caso seja necess\u00e1rio, o concurso poder\u00e1 ser prorrogado por mais dois anos uma \u00fanica vez.<\/p>\n\n\n\n<h3 class=\"wp-block-heading\" id=\"etapas-do-concurso\">Etapas do concurso<\/h3>\n\n\n\n<p>Com dura\u00e7\u00e3o de 4 horas e 30 minutos, os candidatos realizaram uma<strong> Prova Objetiva <\/strong>de conhecimentos gerais e espec\u00edficos e um <strong>Estudo de Caso<\/strong>.<\/p>\n\n\n\n<p>Conhecimentos Gerais &#8211; 20 quest\u00f5es (peso 1)<\/p>\n\n\n\n<ul class=\"wp-block-list\">\n<li>L\u00edngua Portuguesa<\/li>\n\n\n\n<li>Racioc\u00ednio L\u00f3gico-Matem\u00e1tico <\/li>\n\n\n\n<li>No\u00e7\u00f5es sobre Direitos das Pessoas com Defici\u00eancia <\/li>\n\n\n\n<li>No\u00e7\u00f5es de Direito Constitucional<\/li>\n\n\n\n<li>No\u00e7\u00f5es de Inform\u00e1tica <\/li>\n\n\n\n<li>No\u00e7\u00f5es de Direito Administrativo<\/li>\n\n\n\n<li>No\u00e7\u00f5es de Administra\u00e7\u00e3o P\u00fablica <\/li>\n<\/ul>\n\n\n\n<p>Conhecimentos Espec\u00edficos &#8211; 40 quest\u00f5es (peso 3)<\/p>\n\n\n\n<p>Estudo de Caso (peso 1)<\/p>\n\n\n\n<h3 class=\"wp-block-heading\" id=\"convocacoes\">Convoca\u00e7\u00f5es<\/h3>\n\n\n\n<p>At\u00e9 o momento foram convocados somente 02 candidatos, ambos empossados. Com o concurso v\u00e1lido at\u00e9 novembro de 2020, \u00e9 poss\u00edvel que esse n\u00famero aumente, uma vez que o edital prev\u00ea a oferta de cadastro reserva conforme disponibilidade do \u00f3rg\u00e3o.<\/p>\n\n\n\n<h2 class=\"wp-block-heading\" id=\"concurso-2015\">Concurso TRT 14: edital 2015<\/h2>\n\n\n\n<p>O concurso de 2015 ofertou vagas para Analista e T\u00e9cnico Judici\u00e1rio. Foram ofertadas no total, 06 vagas imediatas mais cadastro de reserva. <\/p>\n\n\n\n<p>Assim como o certame de 2018, a organiza\u00e7\u00e3o ficou por conta da FCC. Homologado em 2016, o certame foi posteriormente prorrogado por dois anos, ficando <strong>v\u00e1lido at\u00e9 30 de julho de 2020<\/strong>.<\/p>\n\n\n\n<h4 class=\"wp-block-heading\" id=\"analista-judiciario\">Analista Judici\u00e1rio<\/h4>\n\n\n\n<ul class=\"wp-block-list\">\n<li>01 + CR: \u00c1rea Judici\u00e1ria  <\/li>\n\n\n\n<li>CR: Especialidade Oficial de Justi\u00e7a Avaliador Federal <\/li>\n\n\n\n<li>CR: Especialidade Tecnologia da Informa\u00e7\u00e3o <\/li>\n<\/ul>\n\n\n\n<h4 class=\"wp-block-heading\" id=\"tecnico-judiciario\">T\u00e9cnico Judici\u00e1rio<\/h4>\n\n\n\n<ul class=\"wp-block-list\">\n<li>05 + CR: \u00c1rea Administrativa <\/li>\n\n\n\n<li>CR: Especialidade Tecnologia da Informa\u00e7\u00e3o <\/li>\n<\/ul>\n\n\n\n<h3 class=\"wp-block-heading\" id=\"etapas-do-concurso\">Etapas do concurso<\/h3>\n\n\n\n<p>A sele\u00e7\u00e3o foi composta por uma <strong>Prova Objetiva<\/strong> de conhecimentos gerais e espec\u00edficos. Os candidatos ao cargo de Analista realizaram ainda uma <strong>Prova Discursiva<\/strong>. Os candidatos ao cargo de T\u00e9cnico tiveram 3 horas para realizar a prova, enquanto os candidatos ao cargo de Analista tiveram 4 horas.<\/p>\n\n\n\n<p>As Provas foram realizadas nas cidades de Porto Velho e Ji-Paran\u00e1 \u2013 estado de Rond\u00f4nia, e Rio Branco \u2013 estado do Acre, conforme op\u00e7\u00e3o indicada pelo candidato no formul\u00e1rio de inscri\u00e7\u00e3o.<\/p>\n\n\n\n<h3 class=\"wp-block-heading\" id=\"quantitativo-de-inscritos\">Quantitativo de inscritos<\/h3>\n\n\n\n<p>Foram registrados <strong>23.918 candidatos inscritos<\/strong>. O cargo que teve maior procura foi o de T\u00e9cnico Judici\u00e1rio &#8211; \u00c1rea Administrativa, com 17.134 inscritos, que equivale a 71% do total de inscri\u00e7\u00f5es.<\/p>\n\n\n\n<ul class=\"wp-block-list\">\n<li>An. Jud. &#8211; Judici\u00e1ria: 4.143 inscritos<\/li>\n\n\n\n<li>An. Jud. &#8211; OJAF: 1.404 inscritos<\/li>\n\n\n\n<li>An. Jud. &#8211; T.I.: 592 inscritos<\/li>\n\n\n\n<li>T\u00e9c. Jud. &#8211; Administrativa: 17.134 inscritos <\/li>\n\n\n\n<li>T\u00e9c. Jud. &#8211; T.I.: 645 inscritos<\/li>\n<\/ul>\n\n\n\n<h3 class=\"wp-block-heading\" id=\"convocacoes\">Convoca\u00e7\u00f5es<\/h3>\n\n\n\n<p>Segundo o levantamento mais recente dispon\u00edvel no site do TRT 14, j\u00e1 foram <strong>convocados 130 candidatos<\/strong>. Desses, 90 tomaram posse. Os candidatos que n\u00e3o tomaram posse foram aproveitados pelo TRF 1, reposicionados para o final da lista, desistiram, entre outras situa\u00e7\u00f5es.<\/p>\n\n\n\n<p><\/p>\n\n\n\n<figure class=\"wp-block-table is-style-stripes\"><table class=\"has-background has-fixed-layout\" style=\"background-color:#e7f5fe\"><tbody><tr><td class=\"has-text-align-center\" data-align=\"center\"><strong>Cargo<\/strong><\/td><td class=\"has-text-align-center\" data-align=\"center\"><strong>Convocados<\/strong><\/td><td class=\"has-text-align-center\" data-align=\"center\"><strong>Empossados<\/strong><\/td><\/tr><tr><td class=\"has-text-align-center\" data-align=\"center\">An. Jud. \u2013 Judici\u00e1ria <\/td><td class=\"has-text-align-center\" data-align=\"center\">23<\/td><td class=\"has-text-align-center\" data-align=\"center\">10<\/td><\/tr><tr><td class=\"has-text-align-center\" data-align=\"center\">An. Jud. \u2013 OJAF<\/td><td class=\"has-text-align-center\" data-align=\"center\">17<\/td><td class=\"has-text-align-center\" data-align=\"center\">13<\/td><\/tr><tr><td class=\"has-text-align-center\" data-align=\"center\">An. Jud. \u2013 T.I.<\/td><td class=\"has-text-align-center\" data-align=\"center\">4<\/td><td class=\"has-text-align-center\" data-align=\"center\">2<\/td><\/tr><tr><td class=\"has-text-align-center\" data-align=\"center\">T\u00e9c. Jud. \u2013 Administrativa <\/td><td class=\"has-text-align-center\" data-align=\"center\">80<\/td><td class=\"has-text-align-center\" data-align=\"center\">61<\/td><\/tr><tr><td class=\"has-text-align-center\" data-align=\"center\">T\u00e9c. Jud. \u2013 T.I.<\/td><td class=\"has-text-align-center\" data-align=\"center\">6<\/td><td class=\"has-text-align-center\" data-align=\"center\">4<\/td><\/tr><\/tbody><\/table><figcaption class=\"wp-element-caption\"><strong>Tabela de convocados e empossados<\/strong><\/figcaption><\/figure>\n\n\n\n<h2 class=\"wp-block-heading has-text-align-center\" id=\"h-quer-saber-tudo-sobre-concursos-previstos-confira-nossos-artigos\">Quer saber tudo sobre concursos previstos?<br \/>Confira nossos artigos!<\/h2>\n\n\n\n<ul class=\"wp-block-list\">\n<li><a href=\"https:\/\/www.estrategiaconcursos.com.br\/blog\/concursos-abertos\/\" target=\"_blank\" rel=\"noreferrer noopener\">Concursos abertos<\/a><\/li>\n\n\n\n<li><a href=\"https:\/\/www.estrategiaconcursos.com.br\/blog\/concursos-tribunais\/\">Concursos tribunais<\/a><\/li>\n\n\n\n<li><a href=\"https:\/\/www.estrategiaconcursos.com.br\/blog\/concursos-trt\/\">Concursos TRT<\/a><\/li>\n\n\n\n<li><a href=\"https:\/\/www.estrategiaconcursos.com.br\/blog\/concursos-2026\/\" target=\"_blank\" rel=\"noreferrer noopener\">Concursos 2026<\/a><\/li>\n<\/ul>\n\n\n\n<h2 class=\"wp-block-heading has-text-align-center\" id=\"assinatura-e-cursos\">Cursos para o concurso TRT 14<\/h2>\n\n\n\n<div class=\"container\" id=\"boxes\">\n  <div class=\"row\">\n\n    <div class=\"col-sm\">\n      <div class=\"banner-tribunal\" id=\"box-assinatura\">\n        <h3 class=\"titulo-assinatura\">Cursos para TRT 14<\/h3>\n        <p class=\"subtitulo-assinatura\">Conhe\u00e7a os cursos<\/p>\n        <div class=\"box-botao\">\n          <a class=\"btn-assinatura\" target=\"_blank\" href=\"https:\/\/www.estrategiaconcursos.com.br\/cursosPorConcurso\/trt-14-regiao-rondonia-e-acre-305\/\" role=\"button\" rel=\"noopener noreferrer\">Conhe\u00e7a mais<\/a>\n        <\/div>\n      <\/div>\n      <p class=\"texto-auxiliar\">Prepare-se com o melhor material e com quem mais aprova em Concursos P\u00fablicos em todo o pa\u00eds.<\/p>\n    <\/div>\n\n  <\/div>\n<\/div>\n\n\n\n<div class=\"container\" id=\"boxes\">\n  <div class=\"row\">\n\n    <div class=\"col-sm\">\n      <div class=\"estrategia\" id=\"box-assinatura\">\n        <h3 class=\"titulo-assinatura\">Assinatura Concursos<\/h3>\n        <p class=\"subtitulo-assinatura\">Assinatura de 1 ano ou 2 anos<\/p>\n        <div class=\"box-botao\">\n          <a class=\"btn-assinatura\" target=\"_blank\" href=\"https:\/\/www.estrategiaconcursos.com.br\/assinaturas\/\" role=\"button\" rel=\"noopener noreferrer\">ASSINE AGORA<\/a>\n        <\/div>\n      <\/div>\n     \n    <\/div><\/div><\/div>\n\n\n\n<figure class=\"wp-block-image size-large is-resized\"><img loading=\"lazy\" decoding=\"async\" width=\"1024\" height=\"632\" src=\"https:\/\/dhg1h5j42swfq.cloudfront.net\/2021\/04\/06120844\/ficha-tecnica-87-1024x632.png\" alt=\"\" class=\"wp-image-708448\" style=\"width:236px;height:auto\" srcset=\"https:\/\/dhg1h5j42swfq.cloudfront.net\/2021\/04\/06120844\/ficha-tecnica-87-1024x632.png 1024w, https:\/\/dhg1h5j42swfq.cloudfront.net\/2021\/04\/06120844\/ficha-tecnica-87-300x185.png 300w, https:\/\/dhg1h5j42swfq.cloudfront.net\/2021\/04\/06120844\/ficha-tecnica-87-768x474.png 768w, https:\/\/dhg1h5j42swfq.cloudfront.net\/2021\/04\/06120844\/ficha-tecnica-87-1536x948.png 1536w, https:\/\/dhg1h5j42swfq.cloudfront.net\/2021\/04\/06120844\/ficha-tecnica-87-610x377.png 610w, https:\/\/dhg1h5j42swfq.cloudfront.net\/2021\/04\/06120844\/ficha-tecnica-87.png 1571w\" sizes=\"auto, (max-width: 1024px) 100vw, 1024px\" \/><\/figure>\n\n\n\n<h4 class=\"wp-block-heading\" id=\"ficha\"><strong> Concurso TRT 14<\/strong> <strong>(RO e AC)<\/strong><\/h4>\n\n\n\n<p>\u25ba<strong>Data: <\/strong><s>11\/12\/2022<\/s><strong><br \/>\u25baVagas: <\/strong>CR<strong><br \/>\u25baCargos: <\/strong>Analista e T\u00e9cnico Judici\u00e1rio<strong><br \/>\u25baBanca:<\/strong><b><strong>&nbsp;<\/strong><\/b>FCC<strong><br \/>\u25baEscolaridade:<\/strong> m\u00e9dio e superior<br \/><strong>\u25baEdital:<\/strong> <a href=\"https:\/\/dhg1h5j42swfq.cloudfront.net\/2022\/09\/26200106\/edital-trt-14-1.pdf\" target=\"_blank\" rel=\"noreferrer noopener nofollow\">TRT 14 2022<\/a><strong><br \/>\u25ba\u00daltimo edital:<\/strong>&nbsp;<a href=\"https:\/\/dhg1h5j42swfq.cloudfront.net\/2018\/06\/29103456\/Edital-TRT-14-2018-FCC.pdf\" target=\"_blank\" rel=\"noreferrer noopener\">TRT 14 2018<\/a><\/p>\n","protected":false},"excerpt":{"rendered":"<p>Foi prorrogada at\u00e9 30 de maio de 2027, a validade do concurso do Tribunal Regional do Trabalho&nbsp;da&nbsp;14\u00aa&nbsp;Regi\u00e3o (TRT 14), que abrange os Estados de Rond\u00f4nia e Acre! As oportunidades do certame foram para Analista e T\u00e9cnico Judici\u00e1rio, que exigiram a \u00e9poca forma\u00e7\u00e3o de n\u00edveis superior e m\u00e9dio, respectivamente. Vale destacar que em 2026 os sal\u00e1rios [&hellip;]<\/p>\n","protected":false},"author":1,"featured_media":1016713,"comment_status":"open","ping_status":"open","sticky":false,"template":"","format":"standard","meta":{"post_tipo":"news_page","footnotes":""},"categories":[1984],"tags":[697,712,801],"tax_estado":[219964,219984],"class_list":["post-34201","post","type-post","status-publish","format-standard","has-post-thumbnail","hentry","category-tribunais","tag-gabaritos","tag-provas","tag-trt-14","tax_estado-ac","tax_estado-ro"],"acf":[],"yoast_head":"<!-- This site is optimized with the Yoast SEO Premium plugin v27.2 (Yoast SEO v27.2) - https:\/\/yoast.com\/product\/yoast-seo-premium-wordpress\/ -->\n<title>Concurso TRT 14 (RO e AC): edital vigente at\u00e9 2027!<\/title>\n<meta name=\"description\" content=\"Concurso TRT 14 (RO e AC): resultado final homologado dispon\u00edvel! Edital ofertou 01 vaga imediata + CR para Analista e T\u00e9cnico.\" \/>\n<meta name=\"robots\" content=\"index, follow, max-snippet:-1, max-image-preview:large, max-video-preview:-1\" \/>\n<link rel=\"canonical\" href=\"https:\/\/www.estrategiaconcursos.com.br\/blog\/concurso-trt-14\/\" \/>\n<meta property=\"og:locale\" content=\"pt_BR\" \/>\n<meta property=\"og:type\" content=\"article\" \/>\n<meta property=\"og:title\" content=\"Concurso TRT 14 (RO e AC): edital vigente at\u00e9 2027!\" \/>\n<meta property=\"og:description\" content=\"Concurso TRT 14 (RO e AC): resultado final homologado dispon\u00edvel! Edital ofertou 01 vaga imediata + CR para Analista e T\u00e9cnico.\" \/>\n<meta property=\"og:url\" content=\"https:\/\/www.estrategiaconcursos.com.br\/blog\/concurso-trt-14\/\" \/>\n<meta property=\"og:site_name\" content=\"Estrat\u00e9gia Concursos\" \/>\n<meta property=\"article:author\" content=\"https:\/\/www.facebook.com\/EstrategiaConcursos\" \/>\n<meta property=\"article:published_time\" content=\"2025-12-26T14:43:00+00:00\" \/>\n<meta property=\"article:modified_time\" content=\"2026-02-06T17:08:12+00:00\" \/>\n<meta property=\"og:image\" content=\"https:\/\/dhg1h5j42swfq.cloudfront.net\/2022\/04\/27161125\/trt-14.jpeg\" \/>\n\t<meta property=\"og:image:width\" content=\"768\" \/>\n\t<meta property=\"og:image:height\" content=\"432\" \/>\n\t<meta property=\"og:image:type\" content=\"image\/jpeg\" \/>\n<meta name=\"author\" content=\"Coordena\u00e7\u00e3o\" \/>\n<meta name=\"twitter:card\" content=\"summary_large_image\" \/>\n<meta name=\"twitter:creator\" content=\"@EstratConcursos\" \/>\n<meta name=\"twitter:site\" content=\"@EstratConcursos\" \/>\n<meta name=\"twitter:label1\" content=\"Escrito por\" \/>\n\t<meta name=\"twitter:data1\" content=\"Coordena\u00e7\u00e3o\" \/>\n\t<meta name=\"twitter:label2\" content=\"Est. tempo de leitura\" \/>\n\t<meta name=\"twitter:data2\" content=\"14 minutos\" \/>\n<script type=\"application\/ld+json\" class=\"yoast-schema-graph\">{\"@context\":\"https:\/\/schema.org\",\"@graph\":[{\"@type\":\"NewsArticle\",\"@id\":\"https:\/\/www.estrategiaconcursos.com.br\/blog\/concurso-trt-14\/#article\",\"isPartOf\":{\"@id\":\"https:\/\/www.estrategiaconcursos.com.br\/blog\/concurso-trt-14\/\"},\"author\":{\"name\":\"Coordena\u00e7\u00e3o\",\"@id\":\"https:\/\/www.estrategiaconcursos.com.br\/blog\/#\/schema\/person\/b4a388c97673c5f483d72185668afa1f\"},\"headline\":\"Concurso TRT 14 (RO e AC): edital vigente at\u00e9 2027!\",\"datePublished\":\"2025-12-26T14:43:00+00:00\",\"dateModified\":\"2026-02-06T17:08:12+00:00\",\"mainEntityOfPage\":{\"@id\":\"https:\/\/www.estrategiaconcursos.com.br\/blog\/concurso-trt-14\/\"},\"wordCount\":2777,\"commentCount\":12,\"publisher\":{\"@id\":\"https:\/\/www.estrategiaconcursos.com.br\/blog\/#organization\"},\"image\":{\"@id\":\"https:\/\/www.estrategiaconcursos.com.br\/blog\/concurso-trt-14\/#primaryimage\"},\"thumbnailUrl\":\"https:\/\/dhg1h5j42swfq.cloudfront.net\/2022\/04\/27161125\/trt-14.jpeg\",\"keywords\":[\"Gabaritos\",\"Provas\",\"TRT 14\"],\"articleSection\":[\"Tribunais\"],\"inLanguage\":\"pt-BR\",\"potentialAction\":[{\"@type\":\"CommentAction\",\"name\":\"Comment\",\"target\":[\"https:\/\/www.estrategiaconcursos.com.br\/blog\/concurso-trt-14\/#respond\"]}],\"copyrightYear\":\"2025\",\"copyrightHolder\":{\"@id\":\"https:\/\/www.estrategiaconcursos.com.br\/blog\/#organization\"}},{\"@type\":\"WebPage\",\"@id\":\"https:\/\/www.estrategiaconcursos.com.br\/blog\/concurso-trt-14\/\",\"url\":\"https:\/\/www.estrategiaconcursos.com.br\/blog\/concurso-trt-14\/\",\"name\":\"Concurso TRT 14 (RO e AC): edital vigente at\u00e9 2027!\",\"isPartOf\":{\"@id\":\"https:\/\/www.estrategiaconcursos.com.br\/blog\/#website\"},\"primaryImageOfPage\":{\"@id\":\"https:\/\/www.estrategiaconcursos.com.br\/blog\/concurso-trt-14\/#primaryimage\"},\"image\":{\"@id\":\"https:\/\/www.estrategiaconcursos.com.br\/blog\/concurso-trt-14\/#primaryimage\"},\"thumbnailUrl\":\"https:\/\/dhg1h5j42swfq.cloudfront.net\/2022\/04\/27161125\/trt-14.jpeg\",\"datePublished\":\"2025-12-26T14:43:00+00:00\",\"dateModified\":\"2026-02-06T17:08:12+00:00\",\"description\":\"Concurso TRT 14 (RO e AC): resultado final homologado dispon\u00edvel! Edital ofertou 01 vaga imediata + CR para Analista e T\u00e9cnico.\",\"breadcrumb\":{\"@id\":\"https:\/\/www.estrategiaconcursos.com.br\/blog\/concurso-trt-14\/#breadcrumb\"},\"inLanguage\":\"pt-BR\",\"potentialAction\":[{\"@type\":\"ReadAction\",\"target\":[\"https:\/\/www.estrategiaconcursos.com.br\/blog\/concurso-trt-14\/\"]}]},{\"@type\":\"ImageObject\",\"inLanguage\":\"pt-BR\",\"@id\":\"https:\/\/www.estrategiaconcursos.com.br\/blog\/concurso-trt-14\/#primaryimage\",\"url\":\"https:\/\/dhg1h5j42swfq.cloudfront.net\/2022\/04\/27161125\/trt-14.jpeg\",\"contentUrl\":\"https:\/\/dhg1h5j42swfq.cloudfront.net\/2022\/04\/27161125\/trt-14.jpeg\",\"width\":768,\"height\":432},{\"@type\":\"BreadcrumbList\",\"@id\":\"https:\/\/www.estrategiaconcursos.com.br\/blog\/concurso-trt-14\/#breadcrumb\",\"itemListElement\":[{\"@type\":\"ListItem\",\"position\":1,\"name\":\"In\u00edcio\",\"item\":\"https:\/\/www.estrategiaconcursos.com.br\/blog\/\"},{\"@type\":\"ListItem\",\"position\":2,\"name\":\"Concurso TRT 14 (RO e AC): edital vigente at\u00e9 2027!\"}]},{\"@type\":\"WebSite\",\"@id\":\"https:\/\/www.estrategiaconcursos.com.br\/blog\/#website\",\"url\":\"https:\/\/www.estrategiaconcursos.com.br\/blog\/\",\"name\":\"Estrat\u00e9gia Concursos\",\"description\":\"O blog da Estrat\u00e9gia Concursos traz not\u00edcias sobre concursos e artigos de professores oferecendo cursos para concursos (pdf + videaulas) no site.\",\"publisher\":{\"@id\":\"https:\/\/www.estrategiaconcursos.com.br\/blog\/#organization\"},\"potentialAction\":[{\"@type\":\"SearchAction\",\"target\":{\"@type\":\"EntryPoint\",\"urlTemplate\":\"https:\/\/www.estrategiaconcursos.com.br\/blog\/?s={search_term_string}\"},\"query-input\":{\"@type\":\"PropertyValueSpecification\",\"valueRequired\":true,\"valueName\":\"search_term_string\"}}],\"inLanguage\":\"pt-BR\"},{\"@type\":\"Organization\",\"@id\":\"https:\/\/www.estrategiaconcursos.com.br\/blog\/#organization\",\"name\":\"Estrat\u00e9gia Concursos\",\"url\":\"https:\/\/www.estrategiaconcursos.com.br\/blog\/\",\"logo\":{\"@type\":\"ImageObject\",\"inLanguage\":\"pt-BR\",\"@id\":\"https:\/\/www.estrategiaconcursos.com.br\/blog\/#\/schema\/logo\/image\/\",\"url\":\"https:\/\/dhg1h5j42swfq.cloudfront.net\/2025\/06\/03203428\/logo_concursos-1.jpg\",\"contentUrl\":\"https:\/\/dhg1h5j42swfq.cloudfront.net\/2025\/06\/03203428\/logo_concursos-1.jpg\",\"width\":230,\"height\":60,\"caption\":\"Estrat\u00e9gia Concursos\"},\"image\":{\"@id\":\"https:\/\/www.estrategiaconcursos.com.br\/blog\/#\/schema\/logo\/image\/\"},\"sameAs\":[\"https:\/\/x.com\/EstratConcursos\"]},{\"@type\":\"Person\",\"@id\":\"https:\/\/www.estrategiaconcursos.com.br\/blog\/#\/schema\/person\/b4a388c97673c5f483d72185668afa1f\",\"name\":\"Coordena\u00e7\u00e3o\",\"image\":{\"@type\":\"ImageObject\",\"inLanguage\":\"pt-BR\",\"@id\":\"https:\/\/secure.gravatar.com\/avatar\/b720319e4c9a967eb58678d110f4fe35452fc5d5f97b202bac7b8acceb18c6ad?s=96&d=mm&r=g\",\"url\":\"https:\/\/secure.gravatar.com\/avatar\/b720319e4c9a967eb58678d110f4fe35452fc5d5f97b202bac7b8acceb18c6ad?s=96&d=mm&r=g\",\"contentUrl\":\"https:\/\/secure.gravatar.com\/avatar\/b720319e4c9a967eb58678d110f4fe35452fc5d5f97b202bac7b8acceb18c6ad?s=96&d=mm&r=g\",\"caption\":\"Coordena\u00e7\u00e3o\"},\"sameAs\":[\"https:\/\/www.facebook.com\/EstrategiaConcursos\",\"https:\/\/x.com\/EstratConcursos\"],\"url\":\"https:\/\/www.estrategiaconcursos.com.br\/blog\/author\/estrategia2013\/\"}]}<\/script>\n<!-- \/ Yoast SEO Premium plugin. -->","yoast_head_json":{"title":"Concurso TRT 14 (RO e AC): edital vigente at\u00e9 2027!","description":"Concurso TRT 14 (RO e AC): resultado final homologado dispon\u00edvel! Edital ofertou 01 vaga imediata + CR para Analista e T\u00e9cnico.","robots":{"index":"index","follow":"follow","max-snippet":"max-snippet:-1","max-image-preview":"max-image-preview:large","max-video-preview":"max-video-preview:-1"},"canonical":"https:\/\/www.estrategiaconcursos.com.br\/blog\/concurso-trt-14\/","og_locale":"pt_BR","og_type":"article","og_title":"Concurso TRT 14 (RO e AC): edital vigente at\u00e9 2027!","og_description":"Concurso TRT 14 (RO e AC): resultado final homologado dispon\u00edvel! Edital ofertou 01 vaga imediata + CR para Analista e T\u00e9cnico.","og_url":"https:\/\/www.estrategiaconcursos.com.br\/blog\/concurso-trt-14\/","og_site_name":"Estrat\u00e9gia Concursos","article_author":"https:\/\/www.facebook.com\/EstrategiaConcursos","article_published_time":"2025-12-26T14:43:00+00:00","article_modified_time":"2026-02-06T17:08:12+00:00","og_image":[{"width":768,"height":432,"url":"https:\/\/dhg1h5j42swfq.cloudfront.net\/2022\/04\/27161125\/trt-14.jpeg","type":"image\/jpeg"}],"author":"Coordena\u00e7\u00e3o","twitter_card":"summary_large_image","twitter_creator":"@EstratConcursos","twitter_site":"@EstratConcursos","twitter_misc":{"Escrito por":"Coordena\u00e7\u00e3o","Est. tempo de leitura":"14 minutos"},"schema":{"@context":"https:\/\/schema.org","@graph":[{"@type":"NewsArticle","@id":"https:\/\/www.estrategiaconcursos.com.br\/blog\/concurso-trt-14\/#article","isPartOf":{"@id":"https:\/\/www.estrategiaconcursos.com.br\/blog\/concurso-trt-14\/"},"author":{"name":"Coordena\u00e7\u00e3o","@id":"https:\/\/www.estrategiaconcursos.com.br\/blog\/#\/schema\/person\/b4a388c97673c5f483d72185668afa1f"},"headline":"Concurso TRT 14 (RO e AC): edital vigente at\u00e9 2027!","datePublished":"2025-12-26T14:43:00+00:00","dateModified":"2026-02-06T17:08:12+00:00","mainEntityOfPage":{"@id":"https:\/\/www.estrategiaconcursos.com.br\/blog\/concurso-trt-14\/"},"wordCount":2777,"commentCount":12,"publisher":{"@id":"https:\/\/www.estrategiaconcursos.com.br\/blog\/#organization"},"image":{"@id":"https:\/\/www.estrategiaconcursos.com.br\/blog\/concurso-trt-14\/#primaryimage"},"thumbnailUrl":"https:\/\/dhg1h5j42swfq.cloudfront.net\/2022\/04\/27161125\/trt-14.jpeg","keywords":["Gabaritos","Provas","TRT 14"],"articleSection":["Tribunais"],"inLanguage":"pt-BR","potentialAction":[{"@type":"CommentAction","name":"Comment","target":["https:\/\/www.estrategiaconcursos.com.br\/blog\/concurso-trt-14\/#respond"]}],"copyrightYear":"2025","copyrightHolder":{"@id":"https:\/\/www.estrategiaconcursos.com.br\/blog\/#organization"}},{"@type":"WebPage","@id":"https:\/\/www.estrategiaconcursos.com.br\/blog\/concurso-trt-14\/","url":"https:\/\/www.estrategiaconcursos.com.br\/blog\/concurso-trt-14\/","name":"Concurso TRT 14 (RO e AC): edital vigente at\u00e9 2027!","isPartOf":{"@id":"https:\/\/www.estrategiaconcursos.com.br\/blog\/#website"},"primaryImageOfPage":{"@id":"https:\/\/www.estrategiaconcursos.com.br\/blog\/concurso-trt-14\/#primaryimage"},"image":{"@id":"https:\/\/www.estrategiaconcursos.com.br\/blog\/concurso-trt-14\/#primaryimage"},"thumbnailUrl":"https:\/\/dhg1h5j42swfq.cloudfront.net\/2022\/04\/27161125\/trt-14.jpeg","datePublished":"2025-12-26T14:43:00+00:00","dateModified":"2026-02-06T17:08:12+00:00","description":"Concurso TRT 14 (RO e AC): resultado final homologado dispon\u00edvel! Edital ofertou 01 vaga imediata + CR para Analista e T\u00e9cnico.","breadcrumb":{"@id":"https:\/\/www.estrategiaconcursos.com.br\/blog\/concurso-trt-14\/#breadcrumb"},"inLanguage":"pt-BR","potentialAction":[{"@type":"ReadAction","target":["https:\/\/www.estrategiaconcursos.com.br\/blog\/concurso-trt-14\/"]}]},{"@type":"ImageObject","inLanguage":"pt-BR","@id":"https:\/\/www.estrategiaconcursos.com.br\/blog\/concurso-trt-14\/#primaryimage","url":"https:\/\/dhg1h5j42swfq.cloudfront.net\/2022\/04\/27161125\/trt-14.jpeg","contentUrl":"https:\/\/dhg1h5j42swfq.cloudfront.net\/2022\/04\/27161125\/trt-14.jpeg","width":768,"height":432},{"@type":"BreadcrumbList","@id":"https:\/\/www.estrategiaconcursos.com.br\/blog\/concurso-trt-14\/#breadcrumb","itemListElement":[{"@type":"ListItem","position":1,"name":"In\u00edcio","item":"https:\/\/www.estrategiaconcursos.com.br\/blog\/"},{"@type":"ListItem","position":2,"name":"Concurso TRT 14 (RO e AC): edital vigente at\u00e9 2027!"}]},{"@type":"WebSite","@id":"https:\/\/www.estrategiaconcursos.com.br\/blog\/#website","url":"https:\/\/www.estrategiaconcursos.com.br\/blog\/","name":"Estrat\u00e9gia Concursos","description":"O blog da Estrat\u00e9gia Concursos traz not\u00edcias sobre concursos e artigos de professores oferecendo cursos para concursos (pdf + videaulas) no site.","publisher":{"@id":"https:\/\/www.estrategiaconcursos.com.br\/blog\/#organization"},"potentialAction":[{"@type":"SearchAction","target":{"@type":"EntryPoint","urlTemplate":"https:\/\/www.estrategiaconcursos.com.br\/blog\/?s={search_term_string}"},"query-input":{"@type":"PropertyValueSpecification","valueRequired":true,"valueName":"search_term_string"}}],"inLanguage":"pt-BR"},{"@type":"Organization","@id":"https:\/\/www.estrategiaconcursos.com.br\/blog\/#organization","name":"Estrat\u00e9gia Concursos","url":"https:\/\/www.estrategiaconcursos.com.br\/blog\/","logo":{"@type":"ImageObject","inLanguage":"pt-BR","@id":"https:\/\/www.estrategiaconcursos.com.br\/blog\/#\/schema\/logo\/image\/","url":"https:\/\/dhg1h5j42swfq.cloudfront.net\/2025\/06\/03203428\/logo_concursos-1.jpg","contentUrl":"https:\/\/dhg1h5j42swfq.cloudfront.net\/2025\/06\/03203428\/logo_concursos-1.jpg","width":230,"height":60,"caption":"Estrat\u00e9gia Concursos"},"image":{"@id":"https:\/\/www.estrategiaconcursos.com.br\/blog\/#\/schema\/logo\/image\/"},"sameAs":["https:\/\/x.com\/EstratConcursos"]},{"@type":"Person","@id":"https:\/\/www.estrategiaconcursos.com.br\/blog\/#\/schema\/person\/b4a388c97673c5f483d72185668afa1f","name":"Coordena\u00e7\u00e3o","image":{"@type":"ImageObject","inLanguage":"pt-BR","@id":"https:\/\/secure.gravatar.com\/avatar\/b720319e4c9a967eb58678d110f4fe35452fc5d5f97b202bac7b8acceb18c6ad?s=96&d=mm&r=g","url":"https:\/\/secure.gravatar.com\/avatar\/b720319e4c9a967eb58678d110f4fe35452fc5d5f97b202bac7b8acceb18c6ad?s=96&d=mm&r=g","contentUrl":"https:\/\/secure.gravatar.com\/avatar\/b720319e4c9a967eb58678d110f4fe35452fc5d5f97b202bac7b8acceb18c6ad?s=96&d=mm&r=g","caption":"Coordena\u00e7\u00e3o"},"sameAs":["https:\/\/www.facebook.com\/EstrategiaConcursos","https:\/\/x.com\/EstratConcursos"],"url":"https:\/\/www.estrategiaconcursos.com.br\/blog\/author\/estrategia2013\/"}]}},"_links":{"self":[{"href":"https:\/\/www.estrategiaconcursos.com.br\/blog\/wp-json\/wp\/v2\/posts\/34201","targetHints":{"allow":["GET"]}}],"collection":[{"href":"https:\/\/www.estrategiaconcursos.com.br\/blog\/wp-json\/wp\/v2\/posts"}],"about":[{"href":"https:\/\/www.estrategiaconcursos.com.br\/blog\/wp-json\/wp\/v2\/types\/post"}],"author":[{"embeddable":true,"href":"https:\/\/www.estrategiaconcursos.com.br\/blog\/wp-json\/wp\/v2\/users\/1"}],"replies":[{"embeddable":true,"href":"https:\/\/www.estrategiaconcursos.com.br\/blog\/wp-json\/wp\/v2\/comments?post=34201"}],"version-history":[{"count":149,"href":"https:\/\/www.estrategiaconcursos.com.br\/blog\/wp-json\/wp\/v2\/posts\/34201\/revisions"}],"predecessor-version":[{"id":1711780,"href":"https:\/\/www.estrategiaconcursos.com.br\/blog\/wp-json\/wp\/v2\/posts\/34201\/revisions\/1711780"}],"wp:featuredmedia":[{"embeddable":true,"href":"https:\/\/www.estrategiaconcursos.com.br\/blog\/wp-json\/wp\/v2\/media\/1016713"}],"wp:attachment":[{"href":"https:\/\/www.estrategiaconcursos.com.br\/blog\/wp-json\/wp\/v2\/media?parent=34201"}],"wp:term":[{"taxonomy":"category","embeddable":true,"href":"https:\/\/www.estrategiaconcursos.com.br\/blog\/wp-json\/wp\/v2\/categories?post=34201"},{"taxonomy":"post_tag","embeddable":true,"href":"https:\/\/www.estrategiaconcursos.com.br\/blog\/wp-json\/wp\/v2\/tags?post=34201"},{"taxonomy":"tax_estado","embeddable":true,"href":"https:\/\/www.estrategiaconcursos.com.br\/blog\/wp-json\/wp\/v2\/tax_estado?post=34201"}],"curies":[{"name":"wp","href":"https:\/\/api.w.org\/{rel}","templated":true}]}}