{"id":33974,"date":"2016-02-25T15:19:22","date_gmt":"2016-02-25T18:19:22","guid":{"rendered":"http:\/\/www.estrategiaconcursos.com.br\/blog\/?p=33974"},"modified":"2016-02-25T15:19:22","modified_gmt":"2016-02-25T18:19:22","slug":"portugues-ans-comentada-tecnico-em-regulacao","status":"publish","type":"post","link":"https:\/\/www.estrategiaconcursos.com.br\/blog\/portugues-ans-comentada-tecnico-em-regulacao\/","title":{"rendered":"Portugu\u00eas ANS comentada (T\u00e9cnico em Regula\u00e7\u00e3o)"},"content":{"rendered":"<p style=\"text-align: justify\">Ol\u00e1, amigos! Tudo bem?<\/p>\n<p style=\"text-align: justify\">Vamos \u201cpra cima\u201d da prova de T\u00e9cnico em Regula\u00e7\u00e3o (T) da ANS!! J\u00e1 vou adiantando que a quest\u00e3o 9 merece aten\u00e7\u00e3o de voc\u00eas!! N\u00e3o sei se teria recuso aceito, mas quem quiser tentar!<\/p>\n<p style=\"text-align: justify\">A banca trouxe um belo texto liter\u00e1rio do tipo narrativo, com as duas primeiras quest\u00f5es de interpreta\u00e7\u00e3o textual, a terceira sobre tipologia e as demais de gram\u00e1tica.<\/p>\n<p style=\"text-align: justify\">Vamos aos coment\u00e1rios!<\/p>\n<p style=\"text-align: justify\">\u00a0<a href=\"https:\/\/dhg1h5j42swfq.cloudfront.net\/2016\/02\/25150720\/quest%C3%A3o-11.png\" rel=\"attachment wp-att-34011\"><img loading=\"lazy\" decoding=\"async\" class=\"wp-image-34011 aligncenter\" src=\"https:\/\/dhg1h5j42swfq.cloudfront.net\/2016\/02\/25150720\/quest%C3%A3o-11-300x184.png\" alt=\"quest\u00e3o 1\" width=\"334\" height=\"210\" \/><\/a><\/p>\n<p style=\"text-align: justify\">Coment\u00e1rio \u2013 quest\u00e3o 1: o trecho que indica a miss\u00e3o do her\u00f3i consta no par\u00e1grafo 3. A saber: \u201cN\u00e3o, quero viver; quero lutar at\u00e9 ao fim; quero reconquistar a ventura que me foi roubada. Antes de morrer, esquecia-me que tenho de vingar-me dos meus algozes, e talvez, quem sabe? de recompensar alguns amigos.\u201d<br \/>\nGabarito: B<\/p>\n<p style=\"text-align: justify\">\n<p style=\"text-align: justify\"><a href=\"https:\/\/dhg1h5j42swfq.cloudfront.net\/2016\/02\/25150722\/quest%C3%A3o-21.png\" rel=\"attachment wp-att-34012\"><img loading=\"lazy\" decoding=\"async\" class=\"wp-image-34012 aligncenter\" src=\"https:\/\/dhg1h5j42swfq.cloudfront.net\/2016\/02\/25150722\/quest%C3%A3o-21-236x300.png\" alt=\"quest\u00e3o 2\" width=\"285\" height=\"359\" \/><\/a><\/p>\n<p style=\"text-align: justify\">Coment\u00e1rio \u2013 quest\u00e3o 2: as afirmativas I, III e IV est\u00e3o corretas. Resumindo-as: o her\u00f3i trava uma luta consigo mesmo (III) e se caracteriza como tal devido \u00e0 for\u00e7a de seu car\u00e1ter (IV), que \u00e9 demonstrado a partir da recusa da \u201ctal sa\u00edda\u201d (o suic\u00eddio), do enfrentamento das adversidades e da supera\u00e7\u00e3o dos \u201cobst\u00e1culos que se apresentarem no seu caminho\u201d (I).<br \/>\nGabarito: E<\/p>\n<p style=\"text-align: justify\">\n<p style=\"text-align: justify\"><a href=\"https:\/\/dhg1h5j42swfq.cloudfront.net\/2016\/02\/25150724\/quest%C3%A3o-3.png\" rel=\"attachment wp-att-34013\"><img loading=\"lazy\" decoding=\"async\" class=\"wp-image-34013 aligncenter\" src=\"https:\/\/dhg1h5j42swfq.cloudfront.net\/2016\/02\/25150724\/quest%C3%A3o-3-300x221.png\" alt=\"quest\u00e3o 3\" width=\"347\" height=\"259\" \/><\/a><\/p>\n<p style=\"text-align: justify\">Coment\u00e1rio \u2013 quest\u00e3o 3: O texto apresenta as caracter\u00edsticas do tipo textual narrativo conforme consta na letra B. H\u00e1 passagem de tempo cronol\u00f3gico ligada \u00e0 evolu\u00e7\u00e3o das a\u00e7\u00f5es do personagem. H\u00e1 um espa\u00e7o em que os fatos ocorrem. Al\u00e9m disso, \u00e9 poss\u00edvel perceber a presen\u00e7a de um narrador em terceira pessoa.<br \/>\nGabarito: B<\/p>\n<p style=\"text-align: justify\">\n<p style=\"text-align: justify\"><a href=\"https:\/\/dhg1h5j42swfq.cloudfront.net\/2016\/02\/25150725\/quest%C3%A3o-4.png\" rel=\"attachment wp-att-34014\"><img loading=\"lazy\" decoding=\"async\" class=\"alignnone  wp-image-34014\" src=\"https:\/\/dhg1h5j42swfq.cloudfront.net\/2016\/02\/25150725\/quest%C3%A3o-4-300x292.png\" alt=\"quest\u00e3o 4\" width=\"330\" height=\"322\" srcset=\"https:\/\/dhg1h5j42swfq.cloudfront.net\/2016\/02\/25150725\/quest%C3%A3o-4.png 300w, https:\/\/dhg1h5j42swfq.cloudfront.net\/2016\/02\/25150725\/quest%C3%A3o-4.png 308w, https:\/\/dhg1h5j42swfq.cloudfront.net\/2016\/02\/25150725\/quest%C3%A3o-4.png 328w\" sizes=\"auto, (max-width: 330px) 100vw, 330px\" \/><\/a><\/p>\n<p style=\"text-align: justify\">Coment\u00e1rio \u2013 quest\u00e3o 4: na alternativa A, a ambiguidade (livre do que o amarrava ou livre por n\u00e3o ser mais prisioneiro) no trecho n\u00e3o ocorre pela posi\u00e7\u00e3o do adjetivo \u201clivre\u201d. Alternativa errada.<br \/>\nEm B, a palavra \u201calgozes\u201d \u00e9 sin\u00f4nima de \u201ccarrascos\u201d. Portanto a substitui\u00e7\u00e3o proposta \u00e9 vi\u00e1vel e essa alternativa correta.<br \/>\nEm C, a palavra \u201ccomo\u201d introduz uma ora\u00e7\u00e3o subordinada adverbial comparativa e n\u00e3o causal. Alternativa errada.<br \/>\nEm D, n\u00e3o h\u00e1 simultaneidade de fatos. Alternativa errada.<br \/>\nJ\u00e1 em E, \u201cdo suic\u00eddio\u201d \u00e9 adjunto adnominal de \u201cideia\u201d e \u201cpela sua presen\u00e7a\u201d \u00e9 adjunto adverbial do verbo \u201cafastar\u201d. Um termo est\u00e1 ligado a um nome e o outro, a um verbo, n\u00e3o poderiam manter o mesmo tipo de rela\u00e7\u00e3o sint\u00e1tica. Alternativa errada.<br \/>\nA alternativa correta, ent\u00e3o, \u00e9 a letra B<br \/>\nGabarito: B<\/p>\n<p style=\"text-align: justify\">\n<p style=\"text-align: justify\"><a href=\"https:\/\/dhg1h5j42swfq.cloudfront.net\/2016\/02\/25150727\/quest%C3%A3o-5.png\" rel=\"attachment wp-att-34015\"><img loading=\"lazy\" decoding=\"async\" class=\"wp-image-34015 aligncenter\" src=\"https:\/\/dhg1h5j42swfq.cloudfront.net\/2016\/02\/25150727\/quest%C3%A3o-5-249x300.png\" alt=\"quest\u00e3o 5\" width=\"286\" height=\"342\" \/><\/a><\/p>\n<p style=\"text-align: justify\">Coment\u00e1rio &#8211; quest\u00e3o 5: as afirmativas I e III est\u00e3o corretas. Na I a repeti\u00e7\u00e3o da forma verbal \u201cquero\u201d, conjugada na 1\u00aa pessoa do singular, d\u00e1 ideia de conversa consigo mesmo, de luta interior. Na III, o verbo \u201cvingar-se\u201d \u00e9 transitivo direto e indireto, sendo o seu objeto direto o pr\u00f3prio sujeito (vingar-me) e o seu objeto indireto \u201cdos meus algozes\u201d.<\/p>\n<p style=\"text-align: justify\">A afirmativa II est\u00e1 incorreta porque o uso do verbo no indicativo \u201csabe\u201d est\u00e1 em paralelismo com o outro verbo da ora\u00e7\u00e3o \u201ctenho\u201d. Al\u00e9m disso, ambos, de acordo com o contexto, indicam um pensamento do personagem.<\/p>\n<p style=\"text-align: justify\">A alternativa correta \u00e9 a letra C.<\/p>\n<p style=\"text-align: justify\">Gabarito: C<\/p>\n<p style=\"text-align: justify\">\n<p style=\"text-align: justify\"><a href=\"https:\/\/dhg1h5j42swfq.cloudfront.net\/2016\/02\/25150729\/quest%C3%A3o-61.png\" rel=\"attachment wp-att-34016\"><img loading=\"lazy\" decoding=\"async\" class=\"wp-image-34016 aligncenter\" src=\"https:\/\/dhg1h5j42swfq.cloudfront.net\/2016\/02\/25150729\/quest%C3%A3o-61-300x184.png\" alt=\"quest\u00e3o 6\" width=\"334\" height=\"210\" \/><\/a><\/p>\n<p style=\"text-align: justify\">Coment\u00e1rio &#8211; quest\u00e3o 6: notemos que em ambos os verbos a part\u00edcula \u201cse\u201d indica que o sujeito est\u00e1 praticando uma a\u00e7\u00e3o contra si mesmo. Ele \u00e9 sujeito agente e sujeito paciente dos verbos \u201cerguer\u201d e \u201centesar\u201d. Nas duas ocorr\u00eancias, o \u201cse\u201d \u00e9 pronome reflexivo.<\/p>\n<p style=\"text-align: justify\">O nosso gabarito \u00e9, portanto, a letra E.<\/p>\n<p style=\"text-align: justify\">Gabarito: E<\/p>\n<p style=\"text-align: justify\">\n<p style=\"text-align: justify\"><a href=\"https:\/\/dhg1h5j42swfq.cloudfront.net\/2016\/02\/25150730\/quest%C3%A3o-71.png\" rel=\"attachment wp-att-34017\"><img loading=\"lazy\" decoding=\"async\" class=\"wp-image-34017 aligncenter\" src=\"https:\/\/dhg1h5j42swfq.cloudfront.net\/2016\/02\/25150730\/quest%C3%A3o-71-300x189.png\" alt=\"quest\u00e3o 7\" width=\"349\" height=\"225\" \/><\/a><\/p>\n<p style=\"text-align: justify\">Coment\u00e1rio &#8211; quest\u00e3o 7: a alternativa correta aqui \u00e9 a D. O pronome \u201clhe\u201d est\u00e1 ligado ao nome \u201cpernas\u201d dando ideia de posse (a corda amarrava as pernas DELE). Vamos ver a classifica\u00e7\u00e3o correta do termos destacado nas outras alternativas:<br \/>\nA) \u201clivre\u201d \u2013 adjunto adverbial de modo.<br \/>\nB) \u201cque lhe gelava o cora\u00e7\u00e3o\u201d \u2013 ora\u00e7\u00e3o restritiva.<br \/>\nC) \u201ccemit\u00e9rio\u201d \u2013 n\u00facleo do predicativo.<br \/>\nE) \u201cno meio do sil\u00eancio\u201d \u2013 adjunto adverbial de modo\/tempo.<\/p>\n<p style=\"text-align: justify\">Gabarito: D<\/p>\n<p style=\"text-align: justify\">\n<p style=\"text-align: justify\"><a href=\"https:\/\/dhg1h5j42swfq.cloudfront.net\/2016\/02\/25150733\/quest%C3%A3o-91.png\" rel=\"attachment wp-att-34019\"><img loading=\"lazy\" decoding=\"async\" class=\"wp-image-34019 aligncenter\" src=\"https:\/\/dhg1h5j42swfq.cloudfront.net\/2016\/02\/25150733\/quest%C3%A3o-91-300x199.png\" alt=\"quest\u00e3o 9\" width=\"342\" height=\"231\" \/><\/a><\/p>\n<p style=\"text-align: justify\">Coment\u00e1rio &#8211; quest\u00e3o 8: na alternativa A, temos um erro de reg\u00eancia com rela\u00e7\u00e3o ao verbo \u201cter\u201d, que \u00e9 transitivo direto, mas que, no texto, est\u00e1 precedido de preposi\u00e7\u00e3o. Al\u00e9m disso, h\u00e1 um equ\u00edvoco com rela\u00e7\u00e3o ao verbo \u201cesquecer\u201d. Se ele for usado de maneira pronominal (como \u00e9 o caso), \u00e9 obrigat\u00f3rio o uso da preposi\u00e7\u00e3o \u201cde\u201d: esquecia-me de que&#8230;<br \/>\nGabarito: A<\/p>\n<p style=\"text-align: justify\">\n<p style=\"text-align: justify\">ATEN\u00c7\u00c3O:<\/p>\n<p style=\"text-align: justify\"><a href=\"https:\/\/dhg1h5j42swfq.cloudfront.net\/2016\/02\/25150732\/quest%C3%A3o-9.1.png\" rel=\"attachment wp-att-34018\"><img loading=\"lazy\" decoding=\"async\" class=\"wp-image-34018 aligncenter\" src=\"https:\/\/dhg1h5j42swfq.cloudfront.net\/2016\/02\/25150732\/quest%C3%A3o-9.1-300x288.png\" alt=\"quest\u00e3o 9.1\" width=\"333\" height=\"320\" srcset=\"https:\/\/dhg1h5j42swfq.cloudfront.net\/2016\/02\/25150732\/quest%C3%A3o-9.1.png 300w, https:\/\/dhg1h5j42swfq.cloudfront.net\/2016\/02\/25150732\/quest%C3%A3o-9.1.png 313w, https:\/\/dhg1h5j42swfq.cloudfront.net\/2016\/02\/25150732\/quest%C3%A3o-9.1.png 321w\" sizes=\"auto, (max-width: 333px) 100vw, 333px\" \/><\/a><\/p>\n<p style=\"text-align: justify\">Coment\u00e1rio &#8211; quest\u00e3o 9: vamos analisar cada alternativa:<br \/>\nA) o \u201cmuitos\u201d n\u00e3o foi usado como recurso anaf\u00f3rico em nenhum dos dois casos, o que torna a alternativa errada.<br \/>\nB) GABARITO INDICADO PELA BANCA. Em II, o \u201cmuitos\u201d possui fun\u00e7\u00e3o modificadora intensificando o sentido do verbo \u201cauxiliar\u201d. Por\u00e9m, a mobilidade posicional do termo com rela\u00e7\u00e3o ao verbo acarretaria diferen\u00e7a de sentido, ou seja, n\u00e3o h\u00e1 mobilidade posicional perfeita na frase. \u00c9 diferente dizer: \u201cMas hoje seria realmente auxiliar muito\u201d e \u201cMas hoje seria realmente muito auxiliar\u201d.<br \/>\nA banca n\u00e3o especificou se o candidato deveria analisar apenas a corre\u00e7\u00e3o gramatical ou tamb\u00e9m o sentido. Se pensarmos apenas na adequa\u00e7\u00e3o sint\u00e1tica, alterar a posi\u00e7\u00e3o do termo \u201cmuitas\u201d seria poss\u00edvel, embora ocorra mudan\u00e7a de sentido. Como a banca n\u00e3o especificou isso, devemos entender que TUDO deveria ser avaliado. Sendo assim, a alternativa B est\u00e1 ERRADA! RECURSO!<br \/>\nC) e D) n\u00e3o fazem sentido! Foram colocadas na prova para confundir o aluno.<br \/>\nE) Em I, integra um sintagma verbal, n\u00e3o nominal.<br \/>\nGabarito: B<\/p>\n<p style=\"text-align: justify\">\n<p style=\"text-align: justify\"><a href=\"https:\/\/dhg1h5j42swfq.cloudfront.net\/2016\/02\/25150735\/quest%C3%A3o-101.png\" rel=\"attachment wp-att-34020\"><img loading=\"lazy\" decoding=\"async\" class=\"wp-image-34020 aligncenter\" src=\"https:\/\/dhg1h5j42swfq.cloudfront.net\/2016\/02\/25150735\/quest%C3%A3o-101-300x245.png\" alt=\"quest\u00e3o 10\" width=\"337\" height=\"278\" \/><\/a><\/p>\n<p style=\"text-align: justify\">Coment\u00e1rio &#8211; quest\u00e3o 10: a palavra \u201cque\u201d, na primeira ocorr\u00eancia, \u00e9 pronome relativo, pois est\u00e1 retomando o termo que o antecede (objeto); na segunda ocorr\u00eancia, \u00e9 sim conjun\u00e7\u00e3o integrante e est\u00e1 iniciando uma ora\u00e7\u00e3o objetiva direta.<\/p>\n<p style=\"text-align: justify\">Em B, a afirma\u00e7\u00e3o est\u00e1 correta.<\/p>\n<p style=\"text-align: justify\">Em C, a conjun\u00e7\u00e3o \u201cembora\u201d inicia uma ora\u00e7\u00e3o subordinada adverbial concessiva e n\u00e3o coordenada adversativa.<\/p>\n<p style=\"text-align: justify\">Em D, a conjun\u00e7\u00e3o \u201ccontudo\u201d tem valor adversativo,<\/p>\n<p style=\"text-align: justify\">Gabarito: B<\/p>\n<p style=\"text-align: justify\">\u00c9 isso, queridos! Uma prova com bastante an\u00e1lise gramatical dos termos da ora\u00e7\u00e3o, mas sem grandes surpresas!<\/p>\n<p style=\"text-align: justify\">Espero ter ajudado!<\/p>\n<p style=\"text-align: justify\">Abra\u00e7o!<\/p>\n<p style=\"text-align: justify\">Contem comigo!<\/p>\n<p style=\"text-align: justify\">Rafaela Freitas.<\/p>\n","protected":false},"excerpt":{"rendered":"<p>Ol\u00e1, amigos! Tudo bem? Vamos \u201cpra cima\u201d da prova de T\u00e9cnico em Regula\u00e7\u00e3o (T) da ANS!! J\u00e1 vou adiantando que a quest\u00e3o 9 merece aten\u00e7\u00e3o de voc\u00eas!! N\u00e3o sei se teria recuso aceito, mas quem quiser tentar! A banca trouxe um belo texto liter\u00e1rio do tipo narrativo, com as duas primeiras quest\u00f5es de interpreta\u00e7\u00e3o textual, [&hellip;]<\/p>\n","protected":false},"author":190,"featured_media":0,"comment_status":"open","ping_status":"open","sticky":false,"template":"","format":"standard","meta":{"post_tipo":"article","footnotes":""},"categories":[1],"tags":[778,15,1358,867,1353],"tax_estado":[],"class_list":["post-33974","post","type-post","status-publish","format-standard","hentry","category-cursos-e-concursos","tag-ans","tag-portugues","tag-portugues-ans","tag-prova-comentada","tag-tecnico-em-regulacao"],"acf":[],"yoast_head":"<!-- This site is optimized with the Yoast SEO Premium plugin v27.2 (Yoast SEO v27.2) - https:\/\/yoast.com\/product\/yoast-seo-premium-wordpress\/ -->\n<title>Portugu\u00eas ANS comentada (T\u00e9cnico em Regula\u00e7\u00e3o)<\/title>\n<meta name=\"robots\" content=\"index, follow, max-snippet:-1, max-image-preview:large, max-video-preview:-1\" \/>\n<link rel=\"canonical\" href=\"https:\/\/www.estrategiaconcursos.com.br\/blog\/portugues-ans-comentada-tecnico-em-regulacao\/\" \/>\n<meta property=\"og:locale\" content=\"pt_BR\" \/>\n<meta property=\"og:type\" content=\"article\" \/>\n<meta property=\"og:title\" content=\"Portugu\u00eas ANS comentada (T\u00e9cnico em Regula\u00e7\u00e3o)\" \/>\n<meta property=\"og:description\" content=\"Ol\u00e1, amigos! Tudo bem? Vamos \u201cpra cima\u201d da prova de T\u00e9cnico em Regula\u00e7\u00e3o (T) da ANS!! J\u00e1 vou adiantando que a quest\u00e3o 9 merece aten\u00e7\u00e3o de voc\u00eas!! N\u00e3o sei se teria recuso aceito, mas quem quiser tentar! A banca trouxe um belo texto liter\u00e1rio do tipo narrativo, com as duas primeiras quest\u00f5es de interpreta\u00e7\u00e3o textual, [&hellip;]\" \/>\n<meta property=\"og:url\" content=\"https:\/\/www.estrategiaconcursos.com.br\/blog\/portugues-ans-comentada-tecnico-em-regulacao\/\" \/>\n<meta property=\"og:site_name\" content=\"Estrat\u00e9gia Concursos\" \/>\n<meta property=\"article:published_time\" content=\"2016-02-25T18:19:22+00:00\" \/>\n<meta property=\"og:image\" content=\"https:\/\/dhg1h5j42swfq.cloudfront.net\/2016\/02\/25150720\/quest%C3%A3o-11-300x184.png\" \/>\n<meta name=\"author\" content=\"Rafaela Freitas\" \/>\n<meta name=\"twitter:card\" content=\"summary_large_image\" \/>\n<meta name=\"twitter:creator\" content=\"@EstratConcursos\" \/>\n<meta name=\"twitter:site\" content=\"@EstratConcursos\" \/>\n<meta name=\"twitter:label1\" content=\"Escrito por\" \/>\n\t<meta name=\"twitter:data1\" content=\"Rafaela Freitas\" \/>\n\t<meta name=\"twitter:label2\" content=\"Est. tempo de leitura\" \/>\n\t<meta name=\"twitter:data2\" content=\"5 minutos\" \/>\n<script type=\"application\/ld+json\" class=\"yoast-schema-graph\">{\"@context\":\"https:\/\/schema.org\",\"@graph\":[{\"@type\":\"NewsArticle\",\"@id\":\"https:\/\/www.estrategiaconcursos.com.br\/blog\/portugues-ans-comentada-tecnico-em-regulacao\/#article\",\"isPartOf\":{\"@id\":\"https:\/\/www.estrategiaconcursos.com.br\/blog\/portugues-ans-comentada-tecnico-em-regulacao\/\"},\"author\":{\"name\":\"Rafaela Freitas\",\"@id\":\"https:\/\/www.estrategiaconcursos.com.br\/blog\/#\/schema\/person\/b91f2c79fa09f992bd34e4182afb626c\"},\"headline\":\"Portugu\u00eas ANS comentada (T\u00e9cnico em Regula\u00e7\u00e3o)\",\"datePublished\":\"2016-02-25T18:19:22+00:00\",\"mainEntityOfPage\":{\"@id\":\"https:\/\/www.estrategiaconcursos.com.br\/blog\/portugues-ans-comentada-tecnico-em-regulacao\/\"},\"wordCount\":1010,\"commentCount\":1,\"publisher\":{\"@id\":\"https:\/\/www.estrategiaconcursos.com.br\/blog\/#organization\"},\"image\":{\"@id\":\"https:\/\/www.estrategiaconcursos.com.br\/blog\/portugues-ans-comentada-tecnico-em-regulacao\/#primaryimage\"},\"thumbnailUrl\":\"https:\/\/dhg1h5j42swfq.cloudfront.net\/2016\/02\/25150720\/quest%C3%A3o-11-300x184.png\",\"keywords\":[\"ANS\",\"Portugu\u00eas\",\"portugues ans\",\"prova comentada\",\"T\u00e9cnico em Regula\u00e7\u00e3o\"],\"articleSection\":[\"Concursos P\u00fablicos\"],\"inLanguage\":\"pt-BR\",\"potentialAction\":[{\"@type\":\"CommentAction\",\"name\":\"Comment\",\"target\":[\"https:\/\/www.estrategiaconcursos.com.br\/blog\/portugues-ans-comentada-tecnico-em-regulacao\/#respond\"]}],\"copyrightYear\":\"2016\",\"copyrightHolder\":{\"@id\":\"https:\/\/www.estrategiaconcursos.com.br\/blog\/#organization\"}},{\"@type\":\"WebPage\",\"@id\":\"https:\/\/www.estrategiaconcursos.com.br\/blog\/portugues-ans-comentada-tecnico-em-regulacao\/\",\"url\":\"https:\/\/www.estrategiaconcursos.com.br\/blog\/portugues-ans-comentada-tecnico-em-regulacao\/\",\"name\":\"Portugu\u00eas ANS comentada (T\u00e9cnico em Regula\u00e7\u00e3o)\",\"isPartOf\":{\"@id\":\"https:\/\/www.estrategiaconcursos.com.br\/blog\/#website\"},\"primaryImageOfPage\":{\"@id\":\"https:\/\/www.estrategiaconcursos.com.br\/blog\/portugues-ans-comentada-tecnico-em-regulacao\/#primaryimage\"},\"image\":{\"@id\":\"https:\/\/www.estrategiaconcursos.com.br\/blog\/portugues-ans-comentada-tecnico-em-regulacao\/#primaryimage\"},\"thumbnailUrl\":\"https:\/\/dhg1h5j42swfq.cloudfront.net\/2016\/02\/25150720\/quest%C3%A3o-11-300x184.png\",\"datePublished\":\"2016-02-25T18:19:22+00:00\",\"breadcrumb\":{\"@id\":\"https:\/\/www.estrategiaconcursos.com.br\/blog\/portugues-ans-comentada-tecnico-em-regulacao\/#breadcrumb\"},\"inLanguage\":\"pt-BR\",\"potentialAction\":[{\"@type\":\"ReadAction\",\"target\":[\"https:\/\/www.estrategiaconcursos.com.br\/blog\/portugues-ans-comentada-tecnico-em-regulacao\/\"]}]},{\"@type\":\"ImageObject\",\"inLanguage\":\"pt-BR\",\"@id\":\"https:\/\/www.estrategiaconcursos.com.br\/blog\/portugues-ans-comentada-tecnico-em-regulacao\/#primaryimage\",\"url\":\"https:\/\/dhg1h5j42swfq.cloudfront.net\/2016\/02\/25150720\/quest%C3%A3o-11-300x184.png\",\"contentUrl\":\"https:\/\/dhg1h5j42swfq.cloudfront.net\/2016\/02\/25150720\/quest%C3%A3o-11-300x184.png\"},{\"@type\":\"BreadcrumbList\",\"@id\":\"https:\/\/www.estrategiaconcursos.com.br\/blog\/portugues-ans-comentada-tecnico-em-regulacao\/#breadcrumb\",\"itemListElement\":[{\"@type\":\"ListItem\",\"position\":1,\"name\":\"In\u00edcio\",\"item\":\"https:\/\/www.estrategiaconcursos.com.br\/blog\/\"},{\"@type\":\"ListItem\",\"position\":2,\"name\":\"Portugu\u00eas ANS comentada (T\u00e9cnico em Regula\u00e7\u00e3o)\"}]},{\"@type\":\"WebSite\",\"@id\":\"https:\/\/www.estrategiaconcursos.com.br\/blog\/#website\",\"url\":\"https:\/\/www.estrategiaconcursos.com.br\/blog\/\",\"name\":\"Estrat\u00e9gia Concursos\",\"description\":\"O blog da Estrat\u00e9gia Concursos traz not\u00edcias sobre concursos e artigos de professores oferecendo cursos para concursos (pdf + videaulas) no site.\",\"publisher\":{\"@id\":\"https:\/\/www.estrategiaconcursos.com.br\/blog\/#organization\"},\"potentialAction\":[{\"@type\":\"SearchAction\",\"target\":{\"@type\":\"EntryPoint\",\"urlTemplate\":\"https:\/\/www.estrategiaconcursos.com.br\/blog\/?s={search_term_string}\"},\"query-input\":{\"@type\":\"PropertyValueSpecification\",\"valueRequired\":true,\"valueName\":\"search_term_string\"}}],\"inLanguage\":\"pt-BR\"},{\"@type\":\"Organization\",\"@id\":\"https:\/\/www.estrategiaconcursos.com.br\/blog\/#organization\",\"name\":\"Estrat\u00e9gia Concursos\",\"url\":\"https:\/\/www.estrategiaconcursos.com.br\/blog\/\",\"logo\":{\"@type\":\"ImageObject\",\"inLanguage\":\"pt-BR\",\"@id\":\"https:\/\/www.estrategiaconcursos.com.br\/blog\/#\/schema\/logo\/image\/\",\"url\":\"https:\/\/dhg1h5j42swfq.cloudfront.net\/2025\/06\/03203428\/logo_concursos-1.jpg\",\"contentUrl\":\"https:\/\/dhg1h5j42swfq.cloudfront.net\/2025\/06\/03203428\/logo_concursos-1.jpg\",\"width\":230,\"height\":60,\"caption\":\"Estrat\u00e9gia Concursos\"},\"image\":{\"@id\":\"https:\/\/www.estrategiaconcursos.com.br\/blog\/#\/schema\/logo\/image\/\"},\"sameAs\":[\"https:\/\/x.com\/EstratConcursos\"]},{\"@type\":\"Person\",\"@id\":\"https:\/\/www.estrategiaconcursos.com.br\/blog\/#\/schema\/person\/b91f2c79fa09f992bd34e4182afb626c\",\"name\":\"Rafaela Freitas\",\"image\":{\"@type\":\"ImageObject\",\"inLanguage\":\"pt-BR\",\"@id\":\"https:\/\/secure.gravatar.com\/avatar\/97ece78bdb320995d343d6c012a26475a2b8b6a591c52fbbd62c62640f68911e?s=96&d=mm&r=g\",\"url\":\"https:\/\/secure.gravatar.com\/avatar\/97ece78bdb320995d343d6c012a26475a2b8b6a591c52fbbd62c62640f68911e?s=96&d=mm&r=g\",\"contentUrl\":\"https:\/\/secure.gravatar.com\/avatar\/97ece78bdb320995d343d6c012a26475a2b8b6a591c52fbbd62c62640f68911e?s=96&d=mm&r=g\",\"caption\":\"Rafaela Freitas\"},\"url\":\"https:\/\/www.estrategiaconcursos.com.br\/blog\/author\/rafaelafreitasestrategiaconcursos-com-br\/\"}]}<\/script>\n<!-- \/ Yoast SEO Premium plugin. -->","yoast_head_json":{"title":"Portugu\u00eas ANS comentada (T\u00e9cnico em Regula\u00e7\u00e3o)","robots":{"index":"index","follow":"follow","max-snippet":"max-snippet:-1","max-image-preview":"max-image-preview:large","max-video-preview":"max-video-preview:-1"},"canonical":"https:\/\/www.estrategiaconcursos.com.br\/blog\/portugues-ans-comentada-tecnico-em-regulacao\/","og_locale":"pt_BR","og_type":"article","og_title":"Portugu\u00eas ANS comentada (T\u00e9cnico em Regula\u00e7\u00e3o)","og_description":"Ol\u00e1, amigos! Tudo bem? Vamos \u201cpra cima\u201d da prova de T\u00e9cnico em Regula\u00e7\u00e3o (T) da ANS!! J\u00e1 vou adiantando que a quest\u00e3o 9 merece aten\u00e7\u00e3o de voc\u00eas!! N\u00e3o sei se teria recuso aceito, mas quem quiser tentar! A banca trouxe um belo texto liter\u00e1rio do tipo narrativo, com as duas primeiras quest\u00f5es de interpreta\u00e7\u00e3o textual, [&hellip;]","og_url":"https:\/\/www.estrategiaconcursos.com.br\/blog\/portugues-ans-comentada-tecnico-em-regulacao\/","og_site_name":"Estrat\u00e9gia Concursos","article_published_time":"2016-02-25T18:19:22+00:00","og_image":[{"url":"https:\/\/dhg1h5j42swfq.cloudfront.net\/2016\/02\/25150720\/quest%C3%A3o-11-300x184.png","type":"","width":"","height":""}],"author":"Rafaela Freitas","twitter_card":"summary_large_image","twitter_creator":"@EstratConcursos","twitter_site":"@EstratConcursos","twitter_misc":{"Escrito por":"Rafaela Freitas","Est. tempo de leitura":"5 minutos"},"schema":{"@context":"https:\/\/schema.org","@graph":[{"@type":"NewsArticle","@id":"https:\/\/www.estrategiaconcursos.com.br\/blog\/portugues-ans-comentada-tecnico-em-regulacao\/#article","isPartOf":{"@id":"https:\/\/www.estrategiaconcursos.com.br\/blog\/portugues-ans-comentada-tecnico-em-regulacao\/"},"author":{"name":"Rafaela Freitas","@id":"https:\/\/www.estrategiaconcursos.com.br\/blog\/#\/schema\/person\/b91f2c79fa09f992bd34e4182afb626c"},"headline":"Portugu\u00eas ANS comentada (T\u00e9cnico em Regula\u00e7\u00e3o)","datePublished":"2016-02-25T18:19:22+00:00","mainEntityOfPage":{"@id":"https:\/\/www.estrategiaconcursos.com.br\/blog\/portugues-ans-comentada-tecnico-em-regulacao\/"},"wordCount":1010,"commentCount":1,"publisher":{"@id":"https:\/\/www.estrategiaconcursos.com.br\/blog\/#organization"},"image":{"@id":"https:\/\/www.estrategiaconcursos.com.br\/blog\/portugues-ans-comentada-tecnico-em-regulacao\/#primaryimage"},"thumbnailUrl":"https:\/\/dhg1h5j42swfq.cloudfront.net\/2016\/02\/25150720\/quest%C3%A3o-11-300x184.png","keywords":["ANS","Portugu\u00eas","portugues ans","prova comentada","T\u00e9cnico em Regula\u00e7\u00e3o"],"articleSection":["Concursos P\u00fablicos"],"inLanguage":"pt-BR","potentialAction":[{"@type":"CommentAction","name":"Comment","target":["https:\/\/www.estrategiaconcursos.com.br\/blog\/portugues-ans-comentada-tecnico-em-regulacao\/#respond"]}],"copyrightYear":"2016","copyrightHolder":{"@id":"https:\/\/www.estrategiaconcursos.com.br\/blog\/#organization"}},{"@type":"WebPage","@id":"https:\/\/www.estrategiaconcursos.com.br\/blog\/portugues-ans-comentada-tecnico-em-regulacao\/","url":"https:\/\/www.estrategiaconcursos.com.br\/blog\/portugues-ans-comentada-tecnico-em-regulacao\/","name":"Portugu\u00eas ANS comentada (T\u00e9cnico em Regula\u00e7\u00e3o)","isPartOf":{"@id":"https:\/\/www.estrategiaconcursos.com.br\/blog\/#website"},"primaryImageOfPage":{"@id":"https:\/\/www.estrategiaconcursos.com.br\/blog\/portugues-ans-comentada-tecnico-em-regulacao\/#primaryimage"},"image":{"@id":"https:\/\/www.estrategiaconcursos.com.br\/blog\/portugues-ans-comentada-tecnico-em-regulacao\/#primaryimage"},"thumbnailUrl":"https:\/\/dhg1h5j42swfq.cloudfront.net\/2016\/02\/25150720\/quest%C3%A3o-11-300x184.png","datePublished":"2016-02-25T18:19:22+00:00","breadcrumb":{"@id":"https:\/\/www.estrategiaconcursos.com.br\/blog\/portugues-ans-comentada-tecnico-em-regulacao\/#breadcrumb"},"inLanguage":"pt-BR","potentialAction":[{"@type":"ReadAction","target":["https:\/\/www.estrategiaconcursos.com.br\/blog\/portugues-ans-comentada-tecnico-em-regulacao\/"]}]},{"@type":"ImageObject","inLanguage":"pt-BR","@id":"https:\/\/www.estrategiaconcursos.com.br\/blog\/portugues-ans-comentada-tecnico-em-regulacao\/#primaryimage","url":"https:\/\/dhg1h5j42swfq.cloudfront.net\/2016\/02\/25150720\/quest%C3%A3o-11-300x184.png","contentUrl":"https:\/\/dhg1h5j42swfq.cloudfront.net\/2016\/02\/25150720\/quest%C3%A3o-11-300x184.png"},{"@type":"BreadcrumbList","@id":"https:\/\/www.estrategiaconcursos.com.br\/blog\/portugues-ans-comentada-tecnico-em-regulacao\/#breadcrumb","itemListElement":[{"@type":"ListItem","position":1,"name":"In\u00edcio","item":"https:\/\/www.estrategiaconcursos.com.br\/blog\/"},{"@type":"ListItem","position":2,"name":"Portugu\u00eas ANS comentada (T\u00e9cnico em Regula\u00e7\u00e3o)"}]},{"@type":"WebSite","@id":"https:\/\/www.estrategiaconcursos.com.br\/blog\/#website","url":"https:\/\/www.estrategiaconcursos.com.br\/blog\/","name":"Estrat\u00e9gia Concursos","description":"O blog da Estrat\u00e9gia Concursos traz not\u00edcias sobre concursos e artigos de professores oferecendo cursos para concursos (pdf + videaulas) no site.","publisher":{"@id":"https:\/\/www.estrategiaconcursos.com.br\/blog\/#organization"},"potentialAction":[{"@type":"SearchAction","target":{"@type":"EntryPoint","urlTemplate":"https:\/\/www.estrategiaconcursos.com.br\/blog\/?s={search_term_string}"},"query-input":{"@type":"PropertyValueSpecification","valueRequired":true,"valueName":"search_term_string"}}],"inLanguage":"pt-BR"},{"@type":"Organization","@id":"https:\/\/www.estrategiaconcursos.com.br\/blog\/#organization","name":"Estrat\u00e9gia Concursos","url":"https:\/\/www.estrategiaconcursos.com.br\/blog\/","logo":{"@type":"ImageObject","inLanguage":"pt-BR","@id":"https:\/\/www.estrategiaconcursos.com.br\/blog\/#\/schema\/logo\/image\/","url":"https:\/\/dhg1h5j42swfq.cloudfront.net\/2025\/06\/03203428\/logo_concursos-1.jpg","contentUrl":"https:\/\/dhg1h5j42swfq.cloudfront.net\/2025\/06\/03203428\/logo_concursos-1.jpg","width":230,"height":60,"caption":"Estrat\u00e9gia Concursos"},"image":{"@id":"https:\/\/www.estrategiaconcursos.com.br\/blog\/#\/schema\/logo\/image\/"},"sameAs":["https:\/\/x.com\/EstratConcursos"]},{"@type":"Person","@id":"https:\/\/www.estrategiaconcursos.com.br\/blog\/#\/schema\/person\/b91f2c79fa09f992bd34e4182afb626c","name":"Rafaela Freitas","image":{"@type":"ImageObject","inLanguage":"pt-BR","@id":"https:\/\/secure.gravatar.com\/avatar\/97ece78bdb320995d343d6c012a26475a2b8b6a591c52fbbd62c62640f68911e?s=96&d=mm&r=g","url":"https:\/\/secure.gravatar.com\/avatar\/97ece78bdb320995d343d6c012a26475a2b8b6a591c52fbbd62c62640f68911e?s=96&d=mm&r=g","contentUrl":"https:\/\/secure.gravatar.com\/avatar\/97ece78bdb320995d343d6c012a26475a2b8b6a591c52fbbd62c62640f68911e?s=96&d=mm&r=g","caption":"Rafaela Freitas"},"url":"https:\/\/www.estrategiaconcursos.com.br\/blog\/author\/rafaelafreitasestrategiaconcursos-com-br\/"}]}},"_links":{"self":[{"href":"https:\/\/www.estrategiaconcursos.com.br\/blog\/wp-json\/wp\/v2\/posts\/33974","targetHints":{"allow":["GET"]}}],"collection":[{"href":"https:\/\/www.estrategiaconcursos.com.br\/blog\/wp-json\/wp\/v2\/posts"}],"about":[{"href":"https:\/\/www.estrategiaconcursos.com.br\/blog\/wp-json\/wp\/v2\/types\/post"}],"author":[{"embeddable":true,"href":"https:\/\/www.estrategiaconcursos.com.br\/blog\/wp-json\/wp\/v2\/users\/190"}],"replies":[{"embeddable":true,"href":"https:\/\/www.estrategiaconcursos.com.br\/blog\/wp-json\/wp\/v2\/comments?post=33974"}],"version-history":[{"count":3,"href":"https:\/\/www.estrategiaconcursos.com.br\/blog\/wp-json\/wp\/v2\/posts\/33974\/revisions"}],"predecessor-version":[{"id":34022,"href":"https:\/\/www.estrategiaconcursos.com.br\/blog\/wp-json\/wp\/v2\/posts\/33974\/revisions\/34022"}],"wp:attachment":[{"href":"https:\/\/www.estrategiaconcursos.com.br\/blog\/wp-json\/wp\/v2\/media?parent=33974"}],"wp:term":[{"taxonomy":"category","embeddable":true,"href":"https:\/\/www.estrategiaconcursos.com.br\/blog\/wp-json\/wp\/v2\/categories?post=33974"},{"taxonomy":"post_tag","embeddable":true,"href":"https:\/\/www.estrategiaconcursos.com.br\/blog\/wp-json\/wp\/v2\/tags?post=33974"},{"taxonomy":"tax_estado","embeddable":true,"href":"https:\/\/www.estrategiaconcursos.com.br\/blog\/wp-json\/wp\/v2\/tax_estado?post=33974"}],"curies":[{"name":"wp","href":"https:\/\/api.w.org\/{rel}","templated":true}]}}