{"id":33941,"date":"2016-02-24T19:54:55","date_gmt":"2016-02-24T22:54:55","guid":{"rendered":"http:\/\/www.estrategiaconcursos.com.br\/blog\/?p=33941"},"modified":"2016-02-24T19:58:03","modified_gmt":"2016-02-24T22:58:03","slug":"prova-comentada-ans-2016-tecnico-administrativo-nocoes-de-orcamento-publico","status":"publish","type":"post","link":"https:\/\/www.estrategiaconcursos.com.br\/blog\/prova-comentada-ans-2016-tecnico-administrativo-nocoes-de-orcamento-publico\/","title":{"rendered":"Prova comentada ANS- 2016 &#8211; T\u00e9cnico Administrativo &#8211; No\u00e7\u00f5es de Or\u00e7amento P\u00fablico"},"content":{"rendered":"<p>Ol\u00e1 amigos! Como \u00e9 bom estar aqui!<\/p>\n<p><strong>\u00a0<\/strong><\/p>\n<p>Seguem os coment\u00e1rios da prova de No\u00e7\u00f5es de Or\u00e7amento P\u00fablico de T\u00e9cnico Administrativo da ANS.<\/p>\n<p>&nbsp;<\/p>\n<p>Uma das piores provas que j\u00e1 vi. N\u00e3o h\u00e1 erros de gabarito ou possibilidades de recursos, mas \u00e9 uma prova de decoreba pura da Lei 4320\/1964 e da Lei de Responsabilidade Fiscal. A FUNCAB j\u00e1 fez boas provas, mas essa deixou muito a desejar. O examinador deve ter montado essa prova em menos de meia hora, porque \u00e9 muito f\u00e1cil montar uma prova assim com as leis para consultar, apesar de ser muito dif\u00edcil para o candidato responder sem poder fazer o mesmo.<\/p>\n<p><strong>\u00a0<\/strong><\/p>\n<p>Utilizarei\u00a0a prova <strong>T<\/strong>. Vou apresentar a literalidade que vai responder cada quest\u00e3o e trazer uma explica\u00e7\u00e3o adicional que poder\u00e1 ajudar em provas futuras.<\/p>\n<p><strong>\u00a0<\/strong><\/p>\n<p><strong><u><strong>Quest\u00e3o 54<\/strong><\/u><\/strong><\/p>\n<p>&nbsp;<\/p>\n<p><strong>Literalidade para a resolu\u00e7\u00e3o da quest\u00e3o:<\/strong><\/p>\n<p>&nbsp;<\/p>\n<p>A Lei do Or\u00e7amento conter\u00e1 a discrimina\u00e7\u00e3o da receita e despesa de forma a evidenciar a pol\u00edtica econ\u00f4mica financeira e o programa de trabalho do Governo, obedecidos os princ\u00edpios de <strong>unidade, universalidade e anualidade<\/strong> (art. 2\u00ba da Lei 4320\/1964).<\/p>\n<p>&nbsp;<\/p>\n<p>Gabarito: Letra A<\/p>\n<p>&nbsp;<\/p>\n<p><strong>Para uma melhor compreens\u00e3o:<\/strong><\/p>\n<p>&nbsp;<\/p>\n<p>Segundo o princ\u00edpio da unidade, o or\u00e7amento deve ser uno, isto \u00e9, deve existir apenas um or\u00e7amento, e n\u00e3o mais que um para cada ente da Federa\u00e7\u00e3o em cada exerc\u00edcio financeiro.<\/p>\n<p>&nbsp;<\/p>\n<p>De acordo com o princ\u00edpio da universalidade, o or\u00e7amento deve conter todas as receitas e despesas referentes aos Poderes da Uni\u00e3o, seus fundos, \u00f3rg\u00e3os e entidades da Administra\u00e7\u00e3o direta e indireta.<\/p>\n<p>&nbsp;<\/p>\n<p>Consoante o princ\u00edpio da anualidade, o or\u00e7amento deve ser elaborado e autorizado para um per\u00edodo de um ano.<\/p>\n<p>&nbsp;<\/p>\n<p><strong><u><strong>Quest\u00e3o 55<\/strong><\/u><\/strong><\/p>\n<p><strong>\u00a0<\/strong><\/p>\n<p><strong>Literalidade para a resolu\u00e7\u00e3o da quest\u00e3o:<\/strong><\/p>\n<p><strong>\u00a0<\/strong><\/p>\n<p>Os atos que criarem ou aumentarem despesa obrigat\u00f3ria de car\u00e1ter continuado dever\u00e3o ser instru\u00eddos com a estimativa prevista no inciso I do art. 16 (estimativa do impacto or\u00e7ament\u00e1rio-financeiro no exerc\u00edcio em que deva entrar em vigor e nos dois subsequentes) e demonstrar a origem dos recursos para seu custeio (art. 17, \u00a7 1\u00ba, da LRF).<\/p>\n<p>&nbsp;<\/p>\n<p>Gabarito: Letra E<\/p>\n<p>&nbsp;<\/p>\n<p><strong>Para uma melhor compreens\u00e3o:<\/strong><\/p>\n<p>&nbsp;<\/p>\n<p>Algumas despesas s\u00e3o consideradas com maior potencial para causar danos ao equil\u00edbrio das contas p\u00fablicas do que outras. Para essas, a LRF estabeleceu regras mais r\u00edgidas para que se realizem ou sejam aumentadas, especialmente aquelas que se prolongarem por mais de dois exerc\u00edcios, como as despesas obrigat\u00f3rias de car\u00e1ter continuado.<\/p>\n<p>&nbsp;<\/p>\n<p>S\u00e3o exig\u00eancias para cria\u00e7\u00e3o ou aumento das despesas obrigat\u00f3rias de car\u00e1ter continuado:<\/p>\n<p>_ Atos que criarem as despesas ou as aumentarem dever\u00e3o ser instru\u00eddos com estimativas do impacto or\u00e7ament\u00e1rio-financeiro, no exerc\u00edcio que deva entrar em vigor e nos dois subsequentes.<\/p>\n<p>_ Demonstra\u00e7\u00e3o da origem dos recursos para seu custeio.<\/p>\n<p>_ Comprova\u00e7\u00e3o de que a cria\u00e7\u00e3o ou o aumento da despesa n\u00e3o afetar\u00e1 as metas de resultados fiscais previstas no anexo de metas fiscais da LDO.<\/p>\n<p>_ Tal comprova\u00e7\u00e3o, apresentada pelo proponente, conter\u00e1 as premissas e metodologia de c\u00e1lculo utilizadas, sem preju\u00edzo do exame de compatibilidade da despesa com as demais normas do PPA e da LDO.<\/p>\n<p>_ Compensa\u00e7\u00e3o dos seus efeitos financeiros, nos per\u00edodos seguintes, pelo aumento permanente de receita ou pela redu\u00e7\u00e3o permanente de despesa.<\/p>\n<p>&nbsp;<\/p>\n<p><strong><u><strong>Quest\u00e3o 56<\/strong><\/u><\/strong><\/p>\n<p><strong>\u00a0<\/strong><\/p>\n<p><strong>Literalidade para a resolu\u00e7\u00e3o da quest\u00e3o:<\/strong><\/p>\n<p><strong>\u00a0<\/strong>a) b) e e) Erradas. Consideram-se Restos a Pagar as despesas empenhadas mas n\u00e3o pagas at\u00e9 o dia <strong>31 de dezembro distinguindo-se<\/strong> as processadas das n\u00e3o processadas (art. 36, <em>caput<\/em>, da Lei 4320\/1964).<\/p>\n<p>c) Correta e d) Errada. Os empenhos que sorvem a conta de cr\u00e9ditos com vig\u00eancia plurienal, que n\u00e3o tenham sido liquidados, s\u00f3 ser\u00e3o computados como Restos a Pagar <strong>no \u00faltimo ano<\/strong> de vig\u00eancia do cr\u00e9dito (art. 36, par\u00e1grafo \u00fanico, da Lei 4320\/1964).<\/p>\n<p>&nbsp;<\/p>\n<p>Gabarito: Letra C<\/p>\n<p>&nbsp;<\/p>\n<p><strong>Para uma melhor compreens\u00e3o:<\/strong><\/p>\n<p>&nbsp;<\/p>\n<p>Depois que \u00e9 feito o empenho tendo como base a dota\u00e7\u00e3o or\u00e7ament\u00e1ria \u00e0 respectiva despesa, tem-se o in\u00edcio do cumprimento do contrato, conv\u00eanio ou determina\u00e7\u00e3o legal.<\/p>\n<p>&nbsp;<\/p>\n<p>O pr\u00f3ximo passo \u00e9 a liquida\u00e7\u00e3o da despesa, a qual consiste na verifica\u00e7\u00e3o do direito do credor com base nos t\u00edtulos e documentos comprobat\u00f3rios do respectivo cr\u00e9dito, tendo por finalidade apurar a origem e o objeto do que se deve pagar, a import\u00e2ncia exata, e a quem se deve pagar para extinguir a obriga\u00e7\u00e3o.<\/p>\n<p>&nbsp;<\/p>\n<p>No entanto, se a despesa n\u00e3o for paga at\u00e9 o t\u00e9rmino do exerc\u00edcio financeiro, dia 31 de dezembro, o cr\u00e9dito poder\u00e1 ser inscrito em \u201crestos a pagar\u201d, com o pagamento podendo realizar-se em exerc\u00edcio subsequente, caso se concluam os est\u00e1gios faltantes.<\/p>\n<p>&nbsp;<\/p>\n<p>Consideram-se <strong>restos a pagar <\/strong>ou res\u00edduos passivos as despesas empenhadas, mas n\u00e3o pagas dentro do exerc\u00edcio financeiro, logo, at\u00e9 o dia 31 de dezembro.<\/p>\n<p>&nbsp;<\/p>\n<p>Os empenhos que sorvem a conta de cr\u00e9ditos com vig\u00eancia plurianual, que <strong>n\u00e3o<\/strong> tenham sido liquidados, s\u00f3 ser\u00e3o computados como restos a pagar no \u00faltimo ano de vig\u00eancia do cr\u00e9dito. Ou seja, durante os outros anos s\u00f3 ser\u00e3o inscritos em restos a pagar os cr\u00e9ditos plurianuais <strong>liquidados<\/strong>.<\/p>\n<p>Exemplo: determinado cr\u00e9dito adicional especial com vig\u00eancia plurianual teve no primeiro ano:<\/p>\n<p>Empenhados: R$ 200 mil.<\/p>\n<p>Liquidados: R$ 160 mil.<\/p>\n<p>Pagos: R$ 130 mil.<\/p>\n<p>&nbsp;<\/p>\n<p>Assim, apenas R$ 30 mil (liquidados e n\u00e3o pagos) ser\u00e3o inscritos em restos a pagar no primeiro ano, porque os empenhos que sorvem a conta de cr\u00e9ditos com vig\u00eancia plurianual, que n\u00e3o tenham sido liquidados, s\u00f3 ser\u00e3o computados como restos a pagar no \u00faltimo ano de vig\u00eancia do cr\u00e9dito.<\/p>\n<p>&nbsp;<\/p>\n<p><strong><u><strong>Quest\u00e3o 57<\/strong><\/u><\/strong><\/p>\n<p>&nbsp;<\/p>\n<p>Na Lei 4320\/1964:<\/p>\n<p>&nbsp;<\/p>\n<p><em>Art. 6\u00ba (&#8230;).<\/em><\/p>\n<p><em>1\u00ba As cotas de receitas que uma entidade p\u00fablica deva transferir a outra incluir-se-\u00e3o, como despesa, no or\u00e7amento da entidade obrigada a transfer\u00eancia e, como receita, no or\u00e7amento da que as deva receber.<\/em><\/p>\n<p><em>2\u00ba Para cumprimento do disposto no par\u00e1grafo anterior, o c\u00e1lculo das cotas ter\u00e1 por base os dados apurados <u>no balan\u00e7o do exerc\u00edcio anterior aquele em que se elaborar a proposta or\u00e7ament\u00e1ria do governo obrigado a transfer\u00eancia<\/u>.\u00a0<\/em><\/p>\n<p><sub>\u00a0<\/sub><\/p>\n<p>Gabarito: Letra B<\/p>\n<p>&nbsp;<\/p>\n<p><strong><u><strong>Quest\u00e3o 58<\/strong><\/u><\/strong><\/p>\n<p><strong>\u00a0<\/strong><\/p>\n<p><strong>Literalidade para a resolu\u00e7\u00e3o da quest\u00e3o:<\/strong><\/p>\n<p><strong>\u00a0<\/strong><\/p>\n<p>Impostos, Taxas e <u>Contribui\u00e7\u00f5es de Melhoria<\/u> s\u00e3o receitas <strong>tribut\u00e1rias<\/strong>.<\/p>\n<p><strong>\u00a0<\/strong><\/p>\n<p>Gabarito: Letra E<\/p>\n<p>&nbsp;<\/p>\n<p><strong>Para uma melhor compreens\u00e3o:<\/strong><\/p>\n<p>&nbsp;<\/p>\n<p>O art. 5\u00ba do CTN define que as esp\u00e9cies de tributos s\u00e3o impostos, taxas e contribui\u00e7\u00f5es de melhorias:<\/p>\n<p>&nbsp;<\/p>\n<ul>\n<li><strong>Imposto: <\/strong>imposto \u00e9 o tributo cuja obriga\u00e7\u00e3o tem por fato gerador uma situa\u00e7\u00e3o independente de qualquer atividade estatal espec\u00edfica, relativa ao contribuinte. Sempre que poss\u00edvel, os impostos ter\u00e3o car\u00e1ter pessoal e ser\u00e3o graduados segundo a capacidade econ\u00f4mica do contribuinte, facultado \u00e0 Administra\u00e7\u00e3o Tribut\u00e1ria, especialmente para conferir efetividade a esses objetivos, identificar, respeitados os direitos individuais e nos termos da lei, o patrim\u00f4nio, os rendimentos e as atividades econ\u00f4micas do contribuinte.<\/li>\n<li><strong>Taxa: <\/strong>as taxas cobradas pela Uni\u00e3o, pelos Estados, pelo Distrito Federal ou pelos Munic\u00edpios, no \u00e2mbito de suas respectivas atribui\u00e7\u00f5es, t\u00eam como fato gerador o exerc\u00edcio regular do poder de pol\u00edcia, ou a utiliza\u00e7\u00e3o, efetiva ou potencial, de servi\u00e7o p\u00fablico espec\u00edfico e divis\u00edvel, prestado ao contribuinte ou posto \u00e0 sua disposi\u00e7\u00e3o. As taxas n\u00e3o poder\u00e3o ter base de c\u00e1lculo pr\u00f3pria de impostos.<\/li>\n<li><strong>Contribui\u00e7\u00e3o de melhoria:<\/strong> a contribui\u00e7\u00e3o de melhoria cobrada pela Uni\u00e3o, pelos Estados, pelo Distrito Federal ou pelos Munic\u00edpios, no \u00e2mbito de suas respectivas atribui\u00e7\u00f5es, \u00e9 institu\u00edda para fazer face ao custo de obras p\u00fablicas de que decorra valoriza\u00e7\u00e3o imobili\u00e1ria, tendo como limite total a despesa realizada e como limite individual o acr\u00e9scimo de valor que da obra resultar para cada im\u00f3vel beneficiado.<\/li>\n<\/ul>\n<p><strong>\u00a0<\/strong><\/p>\n<p><strong><u><strong>Quest\u00e3o 59<\/strong><\/u><\/strong><\/p>\n<p><strong>\u00a0<\/strong><\/p>\n<p><strong>Literalidade para a resolu\u00e7\u00e3o da quest\u00e3o:<\/strong><\/p>\n<p><strong>\u00a0<\/strong><\/p>\n<p>Classificam-se como <strong>Transfer\u00eancias Correntes<\/strong> as dota\u00e7\u00f5es para despesas as quais n\u00e3o corresponda contrapresta\u00e7\u00e3o direta em bens ou servi\u00e7os, inclusive para contribui\u00e7\u00f5es e subven\u00e7\u00f5es destinadas a atender \u00e0 manifesta\u00e7\u00e3o de outras entidades de direito p\u00fablico ou privado (art. 12, \u00a7 2\u00ba, da Lei 4320\/1964).<\/p>\n<p>&nbsp;<\/p>\n<p>Gabarito: Letra C<\/p>\n<p>&nbsp;<\/p>\n<p><strong>Para uma melhor compreens\u00e3o:<\/strong><\/p>\n<p>&nbsp;<\/p>\n<p>As transfer\u00eancias correntes e as despesas de custeio, pela Lei 4320\/1964, s\u00e3o despesas correntes. Classificam-se como Despesas de Custeio as dota\u00e7\u00f5es para manuten\u00e7\u00e3o de servi\u00e7os anteriormente criados, inclusive as destinadas a atender a obras de conserva\u00e7\u00e3o e adapta\u00e7\u00e3o de bens im\u00f3veis.<\/p>\n<p>&nbsp;<\/p>\n<p><strong><u><strong>Quest\u00e3o 60<\/strong><\/u><\/strong><\/p>\n<p>&nbsp;<\/p>\n<p><strong>Literalidade para a resolu\u00e7\u00e3o da quest\u00e3o:<\/strong><\/p>\n<p>&nbsp;<\/p>\n<p>Tributo \u00e9 <u>a receita derivada institu\u00edda pelas entidades de direito p\u00fablico, compreendendo os impostos, as taxas e contribui\u00e7\u00f5es nos termos da constitui\u00e7\u00e3o e das leis vigentes em mat\u00e9ria financeira, destinando-se o seu produto ao custeio de atividades gerais ou especificas exercidas por essas entidades <\/u>(art. 9\u00ba da Lei 4320\/1964).<\/p>\n<p><strong>\u00a0<\/strong><\/p>\n<p>Gabarito: Letra A<\/p>\n<p>&nbsp;<\/p>\n<p><strong>Para uma melhor compreens\u00e3o:<\/strong><\/p>\n<p>&nbsp;<\/p>\n<p>Para que o Estado possa custear suas atividades, s\u00e3o necess\u00e1rios recursos financeiros. Uma de suas fontes \u00e9 o tributo, o qual \u00e9 definido pelo art. 3\u00ba do C\u00f3digo Tribut\u00e1rio Nacional \u2013 CTN:<\/p>\n<p><em>\u201cArt. 3\u00ba Tributo \u00e9 toda presta\u00e7\u00e3o pecuni\u00e1ria compuls\u00f3ria, em moeda ou cujo valor nela se possa exprimir, que n\u00e3o constitua san\u00e7\u00e3o de ato il\u00edcito, institu\u00edda em lei e cobrada mediante atividade administrativa plenamente vinculada.\u201d<\/em><\/p>\n<p>&nbsp;<\/p>\n<p>Independentemente do nome ou da destina\u00e7\u00e3o, o que vai caracterizar o tributo \u00e9 o seu <strong>fato gerador<\/strong>, o qual \u00e9 a situa\u00e7\u00e3o definida em lei como necess\u00e1ria e suficiente \u00e0 sua ocorr\u00eancia. Assim, s\u00e3o <strong>irrelevantes<\/strong> sua denomina\u00e7\u00e3o e a destina\u00e7\u00e3o legal do produto de sua arrecada\u00e7\u00e3o.<\/p>\n<p>&nbsp;<\/p>\n<p>Ficamos por aqui!<\/p>\n<p>&nbsp;<\/p>\n<p>Forte abra\u00e7o!<\/p>\n<p>&nbsp;<\/p>\n<p>S\u00e9rgio Mendes<\/p>\n<p>&nbsp;<\/p>\n<p>Fa\u00e7a um curso\u00a0online espec\u00edfico para o seu concurso: <a href=\"http:\/\/www.estrategiaconcursos.com.br\/cursosPorProfessor\/sergio-mendes-3000\/\"><u>http:\/\/www.estrategiaconcursos.com.br\/cursosPorProfessor\/sergio-mendes-3000\/<\/u><\/a><\/p>\n<p>.<\/p>\n<p>Quer uma prepara\u00e7\u00e3o mais geral para diversos concursos? Fa\u00e7a o curso regular de Administra\u00e7\u00e3o Financeira e Or\u00e7ament\u00e1ria e Lei de Responsabilidade Fiscal:<\/p>\n<p><a href=\"https:\/\/www.estrategiaconcursos.com.br\/curso\/curso-regular-de-administracao-financeira-e-orcamentaria-e-lei-de-resp-fiscal-com-videoaulas-6129\/\"><u>https:\/\/www.estrategiaconcursos.com.br\/curso\/curso-regular-de-administracao-financeira-e-orcamentaria-e-lei-de-resp-fiscal-com-videoaulas-6129\/<\/u><\/a><\/p>\n","protected":false},"excerpt":{"rendered":"<p>Ol\u00e1 amigos! Como \u00e9 bom estar aqui! \u00a0 Seguem os coment\u00e1rios da prova de No\u00e7\u00f5es de Or\u00e7amento P\u00fablico de T\u00e9cnico Administrativo da ANS. &nbsp; Uma das piores provas que j\u00e1 vi. N\u00e3o h\u00e1 erros de gabarito ou possibilidades de recursos, mas \u00e9 uma prova de decoreba pura da Lei 4320\/1964 e da Lei de Responsabilidade [&hellip;]<\/p>\n","protected":false},"author":29,"featured_media":0,"comment_status":"open","ping_status":"open","sticky":false,"template":"","format":"standard","meta":{"post_tipo":"article","footnotes":""},"categories":[],"tags":[],"tax_estado":[],"class_list":["post-33941","post","type-post","status-publish","format-standard","hentry"],"acf":[],"yoast_head":"<!-- This site is optimized with the Yoast SEO Premium plugin v27.2 (Yoast SEO v27.2) - https:\/\/yoast.com\/product\/yoast-seo-premium-wordpress\/ -->\n<title>Prova comentada ANS- 2016 - T\u00e9cnico Administrativo - No\u00e7\u00f5es de Or\u00e7amento P\u00fablico<\/title>\n<meta name=\"robots\" content=\"index, follow, max-snippet:-1, max-image-preview:large, max-video-preview:-1\" \/>\n<link rel=\"canonical\" href=\"https:\/\/www.estrategiaconcursos.com.br\/blog\/prova-comentada-ans-2016-tecnico-administrativo-nocoes-de-orcamento-publico\/\" \/>\n<meta property=\"og:locale\" content=\"pt_BR\" \/>\n<meta property=\"og:type\" content=\"article\" \/>\n<meta property=\"og:title\" content=\"Prova comentada ANS- 2016 - T\u00e9cnico Administrativo - No\u00e7\u00f5es de Or\u00e7amento P\u00fablico\" \/>\n<meta property=\"og:description\" content=\"Ol\u00e1 amigos! Como \u00e9 bom estar aqui! \u00a0 Seguem os coment\u00e1rios da prova de No\u00e7\u00f5es de Or\u00e7amento P\u00fablico de T\u00e9cnico Administrativo da ANS. &nbsp; Uma das piores provas que j\u00e1 vi. N\u00e3o h\u00e1 erros de gabarito ou possibilidades de recursos, mas \u00e9 uma prova de decoreba pura da Lei 4320\/1964 e da Lei de Responsabilidade [&hellip;]\" \/>\n<meta property=\"og:url\" content=\"https:\/\/www.estrategiaconcursos.com.br\/blog\/prova-comentada-ans-2016-tecnico-administrativo-nocoes-de-orcamento-publico\/\" \/>\n<meta property=\"og:site_name\" content=\"Estrat\u00e9gia Concursos\" \/>\n<meta property=\"article:author\" content=\"https:\/\/www.facebook.com\/profsergiomendes\" \/>\n<meta property=\"article:published_time\" content=\"2016-02-24T22:54:55+00:00\" \/>\n<meta property=\"article:modified_time\" content=\"2016-02-24T22:58:03+00:00\" \/>\n<meta name=\"author\" content=\"S\u00e9rgio Mendes\" \/>\n<meta name=\"twitter:card\" content=\"summary_large_image\" \/>\n<meta name=\"twitter:creator\" content=\"@EstratConcursos\" \/>\n<meta name=\"twitter:site\" content=\"@EstratConcursos\" \/>\n<meta name=\"twitter:label1\" content=\"Escrito por\" \/>\n\t<meta name=\"twitter:data1\" content=\"S\u00e9rgio Mendes\" \/>\n\t<meta name=\"twitter:label2\" content=\"Est. tempo de leitura\" \/>\n\t<meta name=\"twitter:data2\" content=\"9 minutos\" \/>\n<script type=\"application\/ld+json\" class=\"yoast-schema-graph\">{\"@context\":\"https:\/\/schema.org\",\"@graph\":[{\"@type\":\"NewsArticle\",\"@id\":\"https:\/\/www.estrategiaconcursos.com.br\/blog\/prova-comentada-ans-2016-tecnico-administrativo-nocoes-de-orcamento-publico\/#article\",\"isPartOf\":{\"@id\":\"https:\/\/www.estrategiaconcursos.com.br\/blog\/prova-comentada-ans-2016-tecnico-administrativo-nocoes-de-orcamento-publico\/\"},\"author\":{\"name\":\"S\u00e9rgio Mendes\",\"@id\":\"https:\/\/www.estrategiaconcursos.com.br\/blog\/#\/schema\/person\/4ddc4a162b4fdffa2ea9956dbf62f583\"},\"headline\":\"Prova comentada ANS- 2016 &#8211; T\u00e9cnico Administrativo &#8211; No\u00e7\u00f5es de Or\u00e7amento P\u00fablico\",\"datePublished\":\"2016-02-24T22:54:55+00:00\",\"dateModified\":\"2016-02-24T22:58:03+00:00\",\"mainEntityOfPage\":{\"@id\":\"https:\/\/www.estrategiaconcursos.com.br\/blog\/prova-comentada-ans-2016-tecnico-administrativo-nocoes-de-orcamento-publico\/\"},\"wordCount\":1744,\"commentCount\":2,\"publisher\":{\"@id\":\"https:\/\/www.estrategiaconcursos.com.br\/blog\/#organization\"},\"inLanguage\":\"pt-BR\",\"potentialAction\":[{\"@type\":\"CommentAction\",\"name\":\"Comment\",\"target\":[\"https:\/\/www.estrategiaconcursos.com.br\/blog\/prova-comentada-ans-2016-tecnico-administrativo-nocoes-de-orcamento-publico\/#respond\"]}],\"copyrightYear\":\"2016\",\"copyrightHolder\":{\"@id\":\"https:\/\/www.estrategiaconcursos.com.br\/blog\/#organization\"}},{\"@type\":\"WebPage\",\"@id\":\"https:\/\/www.estrategiaconcursos.com.br\/blog\/prova-comentada-ans-2016-tecnico-administrativo-nocoes-de-orcamento-publico\/\",\"url\":\"https:\/\/www.estrategiaconcursos.com.br\/blog\/prova-comentada-ans-2016-tecnico-administrativo-nocoes-de-orcamento-publico\/\",\"name\":\"Prova comentada ANS- 2016 - T\u00e9cnico Administrativo - No\u00e7\u00f5es de Or\u00e7amento P\u00fablico\",\"isPartOf\":{\"@id\":\"https:\/\/www.estrategiaconcursos.com.br\/blog\/#website\"},\"datePublished\":\"2016-02-24T22:54:55+00:00\",\"dateModified\":\"2016-02-24T22:58:03+00:00\",\"breadcrumb\":{\"@id\":\"https:\/\/www.estrategiaconcursos.com.br\/blog\/prova-comentada-ans-2016-tecnico-administrativo-nocoes-de-orcamento-publico\/#breadcrumb\"},\"inLanguage\":\"pt-BR\",\"potentialAction\":[{\"@type\":\"ReadAction\",\"target\":[\"https:\/\/www.estrategiaconcursos.com.br\/blog\/prova-comentada-ans-2016-tecnico-administrativo-nocoes-de-orcamento-publico\/\"]}]},{\"@type\":\"BreadcrumbList\",\"@id\":\"https:\/\/www.estrategiaconcursos.com.br\/blog\/prova-comentada-ans-2016-tecnico-administrativo-nocoes-de-orcamento-publico\/#breadcrumb\",\"itemListElement\":[{\"@type\":\"ListItem\",\"position\":1,\"name\":\"In\u00edcio\",\"item\":\"https:\/\/www.estrategiaconcursos.com.br\/blog\/\"},{\"@type\":\"ListItem\",\"position\":2,\"name\":\"Prova comentada ANS- 2016 &#8211; T\u00e9cnico Administrativo &#8211; No\u00e7\u00f5es de Or\u00e7amento P\u00fablico\"}]},{\"@type\":\"WebSite\",\"@id\":\"https:\/\/www.estrategiaconcursos.com.br\/blog\/#website\",\"url\":\"https:\/\/www.estrategiaconcursos.com.br\/blog\/\",\"name\":\"Estrat\u00e9gia Concursos\",\"description\":\"O blog da Estrat\u00e9gia Concursos traz not\u00edcias sobre concursos e artigos de professores oferecendo cursos para concursos (pdf + videaulas) no site.\",\"publisher\":{\"@id\":\"https:\/\/www.estrategiaconcursos.com.br\/blog\/#organization\"},\"potentialAction\":[{\"@type\":\"SearchAction\",\"target\":{\"@type\":\"EntryPoint\",\"urlTemplate\":\"https:\/\/www.estrategiaconcursos.com.br\/blog\/?s={search_term_string}\"},\"query-input\":{\"@type\":\"PropertyValueSpecification\",\"valueRequired\":true,\"valueName\":\"search_term_string\"}}],\"inLanguage\":\"pt-BR\"},{\"@type\":\"Organization\",\"@id\":\"https:\/\/www.estrategiaconcursos.com.br\/blog\/#organization\",\"name\":\"Estrat\u00e9gia Concursos\",\"url\":\"https:\/\/www.estrategiaconcursos.com.br\/blog\/\",\"logo\":{\"@type\":\"ImageObject\",\"inLanguage\":\"pt-BR\",\"@id\":\"https:\/\/www.estrategiaconcursos.com.br\/blog\/#\/schema\/logo\/image\/\",\"url\":\"https:\/\/dhg1h5j42swfq.cloudfront.net\/2025\/06\/03203428\/logo_concursos-1.jpg\",\"contentUrl\":\"https:\/\/dhg1h5j42swfq.cloudfront.net\/2025\/06\/03203428\/logo_concursos-1.jpg\",\"width\":230,\"height\":60,\"caption\":\"Estrat\u00e9gia Concursos\"},\"image\":{\"@id\":\"https:\/\/www.estrategiaconcursos.com.br\/blog\/#\/schema\/logo\/image\/\"},\"sameAs\":[\"https:\/\/x.com\/EstratConcursos\"]},{\"@type\":\"Person\",\"@id\":\"https:\/\/www.estrategiaconcursos.com.br\/blog\/#\/schema\/person\/4ddc4a162b4fdffa2ea9956dbf62f583\",\"name\":\"S\u00e9rgio Mendes\",\"image\":{\"@type\":\"ImageObject\",\"inLanguage\":\"pt-BR\",\"@id\":\"https:\/\/secure.gravatar.com\/avatar\/4eb4b562c33f40d6f7f76579da7e07350c69579df7db305d32a69ed32ecfd5ce?s=96&d=mm&r=g\",\"url\":\"https:\/\/secure.gravatar.com\/avatar\/4eb4b562c33f40d6f7f76579da7e07350c69579df7db305d32a69ed32ecfd5ce?s=96&d=mm&r=g\",\"contentUrl\":\"https:\/\/secure.gravatar.com\/avatar\/4eb4b562c33f40d6f7f76579da7e07350c69579df7db305d32a69ed32ecfd5ce?s=96&d=mm&r=g\",\"caption\":\"S\u00e9rgio Mendes\"},\"sameAs\":[\"https:\/\/www.facebook.com\/profsergiomendes\"],\"url\":\"https:\/\/www.estrategiaconcursos.com.br\/blog\/author\/sergiomendesestrategiaconcursos-com-br\/\"}]}<\/script>\n<!-- \/ Yoast SEO Premium plugin. -->","yoast_head_json":{"title":"Prova comentada ANS- 2016 - T\u00e9cnico Administrativo - No\u00e7\u00f5es de Or\u00e7amento P\u00fablico","robots":{"index":"index","follow":"follow","max-snippet":"max-snippet:-1","max-image-preview":"max-image-preview:large","max-video-preview":"max-video-preview:-1"},"canonical":"https:\/\/www.estrategiaconcursos.com.br\/blog\/prova-comentada-ans-2016-tecnico-administrativo-nocoes-de-orcamento-publico\/","og_locale":"pt_BR","og_type":"article","og_title":"Prova comentada ANS- 2016 - T\u00e9cnico Administrativo - No\u00e7\u00f5es de Or\u00e7amento P\u00fablico","og_description":"Ol\u00e1 amigos! Como \u00e9 bom estar aqui! \u00a0 Seguem os coment\u00e1rios da prova de No\u00e7\u00f5es de Or\u00e7amento P\u00fablico de T\u00e9cnico Administrativo da ANS. &nbsp; Uma das piores provas que j\u00e1 vi. N\u00e3o h\u00e1 erros de gabarito ou possibilidades de recursos, mas \u00e9 uma prova de decoreba pura da Lei 4320\/1964 e da Lei de Responsabilidade [&hellip;]","og_url":"https:\/\/www.estrategiaconcursos.com.br\/blog\/prova-comentada-ans-2016-tecnico-administrativo-nocoes-de-orcamento-publico\/","og_site_name":"Estrat\u00e9gia Concursos","article_author":"https:\/\/www.facebook.com\/profsergiomendes","article_published_time":"2016-02-24T22:54:55+00:00","article_modified_time":"2016-02-24T22:58:03+00:00","author":"S\u00e9rgio Mendes","twitter_card":"summary_large_image","twitter_creator":"@EstratConcursos","twitter_site":"@EstratConcursos","twitter_misc":{"Escrito por":"S\u00e9rgio Mendes","Est. tempo de leitura":"9 minutos"},"schema":{"@context":"https:\/\/schema.org","@graph":[{"@type":"NewsArticle","@id":"https:\/\/www.estrategiaconcursos.com.br\/blog\/prova-comentada-ans-2016-tecnico-administrativo-nocoes-de-orcamento-publico\/#article","isPartOf":{"@id":"https:\/\/www.estrategiaconcursos.com.br\/blog\/prova-comentada-ans-2016-tecnico-administrativo-nocoes-de-orcamento-publico\/"},"author":{"name":"S\u00e9rgio Mendes","@id":"https:\/\/www.estrategiaconcursos.com.br\/blog\/#\/schema\/person\/4ddc4a162b4fdffa2ea9956dbf62f583"},"headline":"Prova comentada ANS- 2016 &#8211; T\u00e9cnico Administrativo &#8211; No\u00e7\u00f5es de Or\u00e7amento P\u00fablico","datePublished":"2016-02-24T22:54:55+00:00","dateModified":"2016-02-24T22:58:03+00:00","mainEntityOfPage":{"@id":"https:\/\/www.estrategiaconcursos.com.br\/blog\/prova-comentada-ans-2016-tecnico-administrativo-nocoes-de-orcamento-publico\/"},"wordCount":1744,"commentCount":2,"publisher":{"@id":"https:\/\/www.estrategiaconcursos.com.br\/blog\/#organization"},"inLanguage":"pt-BR","potentialAction":[{"@type":"CommentAction","name":"Comment","target":["https:\/\/www.estrategiaconcursos.com.br\/blog\/prova-comentada-ans-2016-tecnico-administrativo-nocoes-de-orcamento-publico\/#respond"]}],"copyrightYear":"2016","copyrightHolder":{"@id":"https:\/\/www.estrategiaconcursos.com.br\/blog\/#organization"}},{"@type":"WebPage","@id":"https:\/\/www.estrategiaconcursos.com.br\/blog\/prova-comentada-ans-2016-tecnico-administrativo-nocoes-de-orcamento-publico\/","url":"https:\/\/www.estrategiaconcursos.com.br\/blog\/prova-comentada-ans-2016-tecnico-administrativo-nocoes-de-orcamento-publico\/","name":"Prova comentada ANS- 2016 - T\u00e9cnico Administrativo - No\u00e7\u00f5es de Or\u00e7amento P\u00fablico","isPartOf":{"@id":"https:\/\/www.estrategiaconcursos.com.br\/blog\/#website"},"datePublished":"2016-02-24T22:54:55+00:00","dateModified":"2016-02-24T22:58:03+00:00","breadcrumb":{"@id":"https:\/\/www.estrategiaconcursos.com.br\/blog\/prova-comentada-ans-2016-tecnico-administrativo-nocoes-de-orcamento-publico\/#breadcrumb"},"inLanguage":"pt-BR","potentialAction":[{"@type":"ReadAction","target":["https:\/\/www.estrategiaconcursos.com.br\/blog\/prova-comentada-ans-2016-tecnico-administrativo-nocoes-de-orcamento-publico\/"]}]},{"@type":"BreadcrumbList","@id":"https:\/\/www.estrategiaconcursos.com.br\/blog\/prova-comentada-ans-2016-tecnico-administrativo-nocoes-de-orcamento-publico\/#breadcrumb","itemListElement":[{"@type":"ListItem","position":1,"name":"In\u00edcio","item":"https:\/\/www.estrategiaconcursos.com.br\/blog\/"},{"@type":"ListItem","position":2,"name":"Prova comentada ANS- 2016 &#8211; T\u00e9cnico Administrativo &#8211; No\u00e7\u00f5es de Or\u00e7amento P\u00fablico"}]},{"@type":"WebSite","@id":"https:\/\/www.estrategiaconcursos.com.br\/blog\/#website","url":"https:\/\/www.estrategiaconcursos.com.br\/blog\/","name":"Estrat\u00e9gia Concursos","description":"O blog da Estrat\u00e9gia Concursos traz not\u00edcias sobre concursos e artigos de professores oferecendo cursos para concursos (pdf + videaulas) no site.","publisher":{"@id":"https:\/\/www.estrategiaconcursos.com.br\/blog\/#organization"},"potentialAction":[{"@type":"SearchAction","target":{"@type":"EntryPoint","urlTemplate":"https:\/\/www.estrategiaconcursos.com.br\/blog\/?s={search_term_string}"},"query-input":{"@type":"PropertyValueSpecification","valueRequired":true,"valueName":"search_term_string"}}],"inLanguage":"pt-BR"},{"@type":"Organization","@id":"https:\/\/www.estrategiaconcursos.com.br\/blog\/#organization","name":"Estrat\u00e9gia Concursos","url":"https:\/\/www.estrategiaconcursos.com.br\/blog\/","logo":{"@type":"ImageObject","inLanguage":"pt-BR","@id":"https:\/\/www.estrategiaconcursos.com.br\/blog\/#\/schema\/logo\/image\/","url":"https:\/\/dhg1h5j42swfq.cloudfront.net\/2025\/06\/03203428\/logo_concursos-1.jpg","contentUrl":"https:\/\/dhg1h5j42swfq.cloudfront.net\/2025\/06\/03203428\/logo_concursos-1.jpg","width":230,"height":60,"caption":"Estrat\u00e9gia Concursos"},"image":{"@id":"https:\/\/www.estrategiaconcursos.com.br\/blog\/#\/schema\/logo\/image\/"},"sameAs":["https:\/\/x.com\/EstratConcursos"]},{"@type":"Person","@id":"https:\/\/www.estrategiaconcursos.com.br\/blog\/#\/schema\/person\/4ddc4a162b4fdffa2ea9956dbf62f583","name":"S\u00e9rgio Mendes","image":{"@type":"ImageObject","inLanguage":"pt-BR","@id":"https:\/\/secure.gravatar.com\/avatar\/4eb4b562c33f40d6f7f76579da7e07350c69579df7db305d32a69ed32ecfd5ce?s=96&d=mm&r=g","url":"https:\/\/secure.gravatar.com\/avatar\/4eb4b562c33f40d6f7f76579da7e07350c69579df7db305d32a69ed32ecfd5ce?s=96&d=mm&r=g","contentUrl":"https:\/\/secure.gravatar.com\/avatar\/4eb4b562c33f40d6f7f76579da7e07350c69579df7db305d32a69ed32ecfd5ce?s=96&d=mm&r=g","caption":"S\u00e9rgio Mendes"},"sameAs":["https:\/\/www.facebook.com\/profsergiomendes"],"url":"https:\/\/www.estrategiaconcursos.com.br\/blog\/author\/sergiomendesestrategiaconcursos-com-br\/"}]}},"_links":{"self":[{"href":"https:\/\/www.estrategiaconcursos.com.br\/blog\/wp-json\/wp\/v2\/posts\/33941","targetHints":{"allow":["GET"]}}],"collection":[{"href":"https:\/\/www.estrategiaconcursos.com.br\/blog\/wp-json\/wp\/v2\/posts"}],"about":[{"href":"https:\/\/www.estrategiaconcursos.com.br\/blog\/wp-json\/wp\/v2\/types\/post"}],"author":[{"embeddable":true,"href":"https:\/\/www.estrategiaconcursos.com.br\/blog\/wp-json\/wp\/v2\/users\/29"}],"replies":[{"embeddable":true,"href":"https:\/\/www.estrategiaconcursos.com.br\/blog\/wp-json\/wp\/v2\/comments?post=33941"}],"version-history":[{"count":3,"href":"https:\/\/www.estrategiaconcursos.com.br\/blog\/wp-json\/wp\/v2\/posts\/33941\/revisions"}],"predecessor-version":[{"id":33943,"href":"https:\/\/www.estrategiaconcursos.com.br\/blog\/wp-json\/wp\/v2\/posts\/33941\/revisions\/33943"}],"wp:attachment":[{"href":"https:\/\/www.estrategiaconcursos.com.br\/blog\/wp-json\/wp\/v2\/media?parent=33941"}],"wp:term":[{"taxonomy":"category","embeddable":true,"href":"https:\/\/www.estrategiaconcursos.com.br\/blog\/wp-json\/wp\/v2\/categories?post=33941"},{"taxonomy":"post_tag","embeddable":true,"href":"https:\/\/www.estrategiaconcursos.com.br\/blog\/wp-json\/wp\/v2\/tags?post=33941"},{"taxonomy":"tax_estado","embeddable":true,"href":"https:\/\/www.estrategiaconcursos.com.br\/blog\/wp-json\/wp\/v2\/tax_estado?post=33941"}],"curies":[{"name":"wp","href":"https:\/\/api.w.org\/{rel}","templated":true}]}}