{"id":33920,"date":"2016-02-24T18:06:55","date_gmt":"2016-02-24T21:06:55","guid":{"rendered":"http:\/\/www.estrategiaconcursos.com.br\/blog\/?p=33920"},"modified":"2016-03-01T09:45:24","modified_gmt":"2016-03-01T12:45:24","slug":"resolucao-da-prova-de-administracao-tecnico-adm-ans","status":"publish","type":"post","link":"https:\/\/www.estrategiaconcursos.com.br\/blog\/resolucao-da-prova-de-administracao-tecnico-adm-ans\/","title":{"rendered":"Administra\u00e7\u00e3o &#8211; Resolu\u00e7\u00e3o da Prova de T\u00e9cnico Adm. ANS"},"content":{"rendered":"<p>Ol\u00e1 pessoal,<\/p>\n<p>Seguem abaixo as quest\u00f5es de Administra\u00e7\u00e3o da prova de T\u00e9cnico Administrativo da ANS comentadas.<\/p>\n<p><b><i><span style=\"color: #000000;font-family: verdana;font-size: medium\">(FUNCAB \u2013 ANS \u2013 T\u00c9CNICO ADMINISTRATIVO \u2013 2016) Considerando as fun\u00e7\u00f5es do administrador como um processo sequencial, assinale a alternativa que cont\u00e9m a fun\u00e7\u00e3o que d\u00e1 in\u00edcio a esse processo.<\/span><\/i><\/b><\/p>\n<p><b><i><span style=\"color: #000000;font-family: verdana;font-size: medium\">(A) Dire\u00e7\u00e3o.<\/span><\/i><\/b><\/p>\n<p><b><i><span style=\"color: #000000;font-family: verdana;font-size: medium\">(B) Organiza\u00e7\u00e3o.<\/span><\/i><\/b><\/p>\n<p><b><i><span style=\"color: #000000;font-family: verdana;font-size: medium\">(C) Planejamento.<\/span><\/i><\/b><\/p>\n<p><b><i><span style=\"color: #000000;font-family: verdana;font-size: medium\">(D) Coordena\u00e7\u00e3o.<\/span><\/i><\/b><\/p>\n<p><b><i><span style=\"color: #000000;font-family: verdana;font-size: medium\">(E) Controle.<\/span><\/i><\/b><\/p>\n<p><span style=\"color: #000000;font-family: verdana;font-size: medium\">\u00a0<\/span><\/p>\n<p><span style=\"color: #000000;font-family: verdana;font-size: medium\">Se formos ver as fun\u00e7\u00f5es administrativas como um processo sequencial, ter\u00edamos a seguinte ordem: planejamento, organiza\u00e7\u00e3o, dire\u00e7\u00e3o e controle. Desse modo, o gabarito \u00e9 mesmo a letra C. <\/span><\/p>\n<p><span style=\"color: #000000;font-family: verdana;font-size: medium\">\u00a0<\/span><\/p>\n<p><b><i><span style=\"color: #000000;font-family: verdana;font-size: medium\">(FUNCAB \u2013 ANS \u2013 T\u00c9CNICO ADMINISTRATIVO \u2013 2016) A estrutura que combina duas formas de departamentaliza\u00e7\u00e3o funcional com a departamentaliza\u00e7\u00e3o de produto ou projeto na mesma estrutura organizacional \u00e9 uma estrutura h\u00edbrida e apresenta duas dimens\u00f5es, com gerentes funcionais e gerentes de produtos ou de projeto, \u00e9 denominada:<\/span><\/i><\/b><\/p>\n<p><b><i><span style=\"color: #000000;font-family: verdana;font-size: medium\">(A) organiza\u00e7\u00e3o geogr\u00e1fica.<\/span><\/i><\/b><\/p>\n<p><b><i><span style=\"color: #000000;font-family: verdana;font-size: medium\">(B) redes.<\/span><\/i><\/b><\/p>\n<p><b><i><span style=\"color: #000000;font-family: verdana;font-size: medium\">(C) cadeia.<\/span><\/i><\/b><\/p>\n<p><b><i><span style=\"color: #000000;font-family: verdana;font-size: medium\">(D) organiza\u00e7\u00e3o em grade.<\/span><\/i><\/b><\/p>\n<p><b><i><span style=\"color: #000000;font-family: verdana;font-size: medium\">(E) linear.<\/span><\/i><\/b><\/p>\n<p><span style=\"color: #000000;font-family: verdana;font-size: medium\">\u00a0<\/span><\/p>\n<p><span style=\"color: #000000;font-family: verdana;font-size: medium\">A descri\u00e7\u00e3o de um tipo de estrutura que combina dois tipos de departamentaliza\u00e7\u00e3o, um funcional com outro em projeto ou produto, est\u00e1 associada a estrutura matricial. Nunca a vi descrita como organiza\u00e7\u00e3o &#8220;em grade&#8221;, mas pelo jeito a banca resolveu inovar e escolheu um nome que n\u00e3o est\u00e1 descrito na literatura dominante. <\/span><\/p>\n<p><span style=\"color: #000000;font-family: verdana;font-size: medium\">As demais alternativas de estrutura citadas, como a em rede e a linear n\u00e3o est\u00e3o associadas com o que o enunciado apresentou. O gabarito deve ser mesmo mantido na letra D. <\/span><\/p>\n<p><span style=\"color: #000000;font-family: verdana;font-size: medium\">\u00a0<\/span><\/p>\n<p><b><i><span style=\"color: #000000;font-family: verdana;font-size: medium\">(FUNCAB \u2013 ANS \u2013 T\u00c9CNICO ADMINISTRATIVO \u2013 2016) Teve o m\u00e9rito de demonstrar que a recompensa salarial &#8211; mesmo quando efetuada em bases justas ou generosas &#8211; n\u00e3o \u00e9 o \u00fanico fator decisivo na satisfa\u00e7\u00e3o do trabalhador dentro da situa\u00e7\u00e3o de trabalho. Esse contexto est\u00e1 associado \u00e0:<\/span><\/i><\/b><\/p>\n<p><b><i><span style=\"color: #000000;font-family: verdana;font-size: medium\">(A) Teoria Cl\u00e1ssica &#8211; Henri Fayol.<\/span><\/i><\/b><\/p>\n<p><b><i><span style=\"color: #000000;font-family: verdana;font-size: medium\">(B) Escola da Administra\u00e7\u00e3o Cient\u00edfica &#8211; Henry Ford.<\/span><\/i><\/b><\/p>\n<p><b><i><span style=\"color: #000000;font-family: verdana;font-size: medium\">(C) Experi\u00eancia de Hawthorne &#8211; Elton Mayo.<\/span><\/i><\/b><\/p>\n<p><b><i><span style=\"color: #000000;font-family: verdana;font-size: medium\">(D) Escola da Administra\u00e7\u00e3o Cient\u00edfica &#8211; Frederick Taylor.<\/span><\/i><\/b><\/p>\n<p><b><i><span style=\"color: #000000;font-family: verdana;font-size: medium\">(E) Abordagem Contingencial &#8211; Tom Burns.<\/span><\/i><\/b><\/p>\n<p><span style=\"color: #000000;font-family: verdana;font-size: medium\">\u00a0<\/span><\/p>\n<p><span style=\"color: #000000;font-family: verdana;font-size: medium\">Tanto a escola da Administra\u00e7\u00e3o Cient\u00edfica (Taylor), quanto a Teoria Cl\u00e1ssica (Fayol) tinham o conceito de &#8220;<\/span><i><span style=\"color: #000000;font-family: verdana;font-size: medium\">homo economicus<\/span><\/i><span style=\"color: #000000;font-family: verdana;font-size: medium\">&#8221; como um dos seus pilares. Ou seja, viam as recompensas salariais como um fator decisivo para a produtividade e a satisfa\u00e7\u00e3o do trabalhador.<\/span><\/p>\n<p><span style=\"color: #000000;font-family: verdana;font-size: medium\">Somente com o trabalho de Elton Mayo, ocorrido em Hawthorne, que o foco passa para o funcionamento dos grupos, para os aspectos psicol\u00f3gicos. O trabalho de Tom Burns, junto com seu parceiro Stalker (organiza\u00e7\u00f5es mecanicistas e org\u00e2nicas), foi importante mesmo para a Teoria Contingencial. Entretanto, esse estudo ocorreu muito ap\u00f3s o trabalho de Mayo. O gabarito \u00e9 mesmo a letra C.\u00a0\u00a0 <\/span><\/p>\n<p><span style=\"color: #000000;font-family: verdana;font-size: medium\">\u00a0<\/span><\/p>\n<p><b><i><span style=\"color: #000000;font-family: verdana;font-size: medium\">(FUNCAB \u2013 ANS \u2013 T\u00c9CNICO ADMINISTRATIVO \u2013 2016) Considerando os principais te\u00f3ricos, a afirmativa &#8220;A qualidade deve ter como objetivo as necessidades do usu\u00e1rio, presentes e futuras&#8221; \u00e9 atribu\u00edda a:<\/span><\/i><\/b><\/p>\n<p><b><i><span style=\"color: #000000;font-family: verdana;font-size: medium\">(A) Juran.<\/span><\/i><\/b><\/p>\n<p><b><i><span style=\"color: #000000;font-family: verdana;font-size: medium\">(B) Feigebaum.<\/span><\/i><\/b><\/p>\n<p><b><i><span style=\"color: #000000;font-family: verdana;font-size: medium\">(C) Deming.<\/span><\/i><\/b><\/p>\n<p><b><i><span style=\"color: #000000;font-family: verdana;font-size: medium\">(D) Crosby.<\/span><\/i><\/b><\/p>\n<p><b><i><span style=\"color: #000000;font-family: verdana;font-size: medium\">(E) Chiavenato.<\/span><\/i><\/b><\/p>\n<p><span style=\"color: #000000;font-family: verdana;font-size: medium\">\u00a0<\/span><\/p>\n<p><span style=\"color: #000000;font-family: verdana;font-size: medium\">Quest\u00e3ozinha bem &#8220;decoreba&#8221; da banca. A frase em quest\u00e3o foi mesmo produzida pelo autor considerado um dos pais da gest\u00e3o da qualidade, por seu trabalho no Jap\u00e3o p\u00f3s segunda guerra mundial: William Deming. O gabarito \u00e9 mesmo a letra C. <\/span><\/p>\n<p><span style=\"color: #000000;font-family: verdana;font-size: medium\">\u00a0<\/span><\/p>\n<p><b><i><span style=\"color: #000000;font-family: verdana;font-size: medium\">(FUNCAB \u2013 ANS \u2013 T\u00c9CNICO ADMINISTRATIVO \u2013 2016) A classe de indicadores mais dif\u00edcil de ser mensurada, dada a natureza dos dados e o car\u00e1ter temporal, e que est\u00e1 vinculada ao grau de satisfa\u00e7\u00e3o ou ainda ao valor agregado, \u00e0 transforma\u00e7\u00e3o produzida no contexto em geral, \u00e9 relacionada com a miss\u00e3o da institui\u00e7\u00e3o e que se constitui em uma das dimens\u00f5es do resultado, \u00e9 referente \u00e0:<\/span><\/i><\/b><\/p>\n<p><b><i><span style=\"color: #000000;font-family: verdana;font-size: medium\">(A) efici\u00eancia.<\/span><\/i><\/b><\/p>\n<p><b><i><span style=\"color: #000000;font-family: verdana;font-size: medium\">(B) execu\u00e7\u00e3o.<\/span><\/i><\/b><\/p>\n<p><b><i><span style=\"color: #000000;font-family: verdana;font-size: medium\">(C) efetividade.<\/span><\/i><\/b><\/p>\n<p><b><i><span style=\"color: #000000;font-family: verdana;font-size: medium\">(D) economicidade.<\/span><\/i><\/b><\/p>\n<p><b><i><span style=\"color: #000000;font-family: verdana;font-size: medium\">(E) excel\u00eancia.<\/span><\/i><\/b><\/p>\n<p><span style=\"color: #000000;font-family: verdana;font-size: medium\">\u00a0<\/span><\/p>\n<p><span style=\"color: #000000;font-family: verdana;font-size: medium\">A banca apresenta um conceito de indicador que \u00e9 &#8220;dif\u00edcil de ser mensurado&#8221; por seu car\u00e1ter &#8220;temporal&#8221;, que est\u00e1 vinculada ao grau de satisfa\u00e7\u00e3o ou \u00e0 transforma\u00e7\u00e3o produzida no contexto em geral. Esse conceito \u00e9 mesmo o de efetividade, que est\u00e1 associado ao efeito ou impacto na sociedade que as a\u00e7\u00f5es buscam gerar. O gabarito \u00e9 mesmo a letra C. <\/span><\/p>\n<p><span style=\"color: #000000;font-family: verdana;font-size: medium\">\u00a0<\/span><\/p>\n<p><b><i><span style=\"color: #000000;font-family: verdana;font-size: medium\">(FUNCAB \u2013 ANS \u2013 T\u00c9CNICO ADMINISTRATIVO \u2013 2016) Considerando os tr\u00eas passos iniciais do mapeamento de processos, a sequ\u00eancia correta \u00e9 a identifica\u00e7\u00e3o:<\/span><\/i><\/b><\/p>\n<p><b><i><span style=\"color: #000000;font-family: verdana;font-size: medium\">(A) dos objetivos, das sa\u00eddas e dos clientes do processo.<\/span><\/i><\/b><\/p>\n<p><b><i><span style=\"color: #000000;font-family: verdana;font-size: medium\">(B) dos clientes, das sa\u00eddas e dos objetivos do processo.<\/span><\/i><\/b><\/p>\n<p><b><i><span style=\"color: #000000;font-family: verdana;font-size: medium\">(C) das sa\u00eddas, dos clientes e dos objetivos do processo.<\/span><\/i><\/b><\/p>\n<p><b><i><span style=\"color: #000000;font-family: verdana;font-size: medium\">(D) dos objetivos, dos clientes e das sa\u00eddas do processo.<\/span><\/i><\/b><\/p>\n<p><b><i><span style=\"color: #000000;font-family: verdana;font-size: medium\">(E) dos clientes, dos objetivos e das sa\u00eddas do processo.<\/span><\/i><\/b><\/p>\n<p><span style=\"color: #000000;font-family: verdana;font-size: medium\">\u00a0<\/span><\/p>\n<p><span style=\"color: #000000;font-family: verdana;font-size: medium\">Essa quest\u00e3o mostra o motivo de tantos alunos n\u00e3o gostarem da mat\u00e9ria de Administra\u00e7\u00e3o. A banca apresenta uma \u201csequ\u00eancia correta\u201d de identifica\u00e7\u00e3o dos passos iniciais do mapeamento de processos. O problema \u00e9 que n\u00e3o h\u00e1 consenso na literatura sobre qual seria essa \u201csequ\u00eancia correta\u201d e tampouco a banca cita qual seria o autor que est\u00e1 seguindo. Na pr\u00e1tica, o candidato teria de \u201cadivinhar\u201d qual \u00e9 a literatura utilizada. <\/span><\/p>\n<p><span style=\"color: #000000;font-family: verdana;font-size: medium\">Al\u00e9m disso, a identifica\u00e7\u00e3o desses fatores citados pela banca \u00e9 importante (clientes, objetivos e sa\u00eddas dos processos), mas existem autores que n\u00e3o os p\u00f5em em uma sequ\u00eancia, como Jos\u00e9 Osvaldo de Sordi (Gest\u00e3o por Processos, pg 213, Ed. Saraiva, 2010). <\/span><\/p>\n<p><span style=\"color: #000000;font-family: verdana;font-size: medium\">O mapeamento tamb\u00e9m envolve identificar outros aspectos como, por exemplo, as entradas do processo (inputs). Dessa forma, eu pediria a anula\u00e7\u00e3o da quest\u00e3o por falta de consenso na literatura.<\/span><\/p>\n<p><span style=\"color: #000000;font-family: verdana;font-size: medium\">\u00a0<\/span><\/p>\n<p><b><i><span style=\"color: #000000;font-family: verdana;font-size: medium\">(FUNCAB \u2013 ANS \u2013 T\u00c9CNICO ADMINISTRATIVO \u2013 2016) Em uma organiza\u00e7\u00e3o, o \u00f3rg\u00e3o de suprimento est\u00e1 subordinado geralmente \u00e0(ao):<\/span><\/i><\/b><\/p>\n<p><b><i><span style=\"color: #000000;font-family: verdana;font-size: medium\">(A) \u00e1rea de produ\u00e7\u00e3o.<\/span><\/i><\/b><\/p>\n<p><b><i><span style=\"color: #000000;font-family: verdana;font-size: medium\">(B) \u00e1rea jur\u00eddica.<\/span><\/i><\/b><\/p>\n<p><b><i><span style=\"color: #000000;font-family: verdana;font-size: medium\">(C) \u00e1rea de log\u00edstica.<\/span><\/i><\/b><\/p>\n<p><b><i><span style=\"color: #000000;font-family: verdana;font-size: medium\">(D) usu\u00e1rio final.<\/span><\/i><\/b><\/p>\n<p><b><i><span style=\"color: #000000;font-family: verdana;font-size: medium\">(E) \u00e1rea comercial.<\/span><\/i><\/b><\/p>\n<p><span style=\"color: #000000;font-family: verdana;font-size: medium\">\u00a0<\/span><\/p>\n<p><span style=\"color: #000000;font-family: verdana;font-size: medium\">Quest\u00e3o capciosa. A \u00e1rea de suprimento poderia sim estar subordinada \u00e0 \u00e1rea de log\u00edstica, mas realmente \u00e9 mais comum estarem inseridas na \u00e1rea de produ\u00e7\u00e3o. O gabarito \u00e9 mesmo a letra A.<\/span><\/p>\n<p>&nbsp;<\/p>\n<p>Ficamos por aqui!<\/p>\n<p>Bons estudos!<\/p>\n<p>&nbsp;<\/p>\n<p>Rodrigo Renn\u00f3<\/p>\n<p>rodrigorenno99@hotmail.com<\/p>\n<p><a href=\"https:\/\/www.facebook.com\/profrodrigorenno\"><u>http:\/\/www.facebook.com\/rodrigorenno99<\/u><\/a><\/p>\n<p><a href=\"http:\/\/twitter.com\/rrenno99\"><u>http:\/\/twitter.com\/rrenno99<\/u><\/a><\/p>\n<p><a href=\"https:\/\/www.youtube.com\/user\/rodrigorenno99\/\"><u>https:\/\/www.youtube.com\/user\/rodrigorenno99\/<\/u><\/a><\/p>\n<p>&nbsp;<\/p>\n","protected":false},"excerpt":{"rendered":"<p>Ol\u00e1 pessoal, Seguem abaixo as quest\u00f5es de Administra\u00e7\u00e3o da prova de T\u00e9cnico Administrativo da ANS comentadas. (FUNCAB \u2013 ANS \u2013 T\u00c9CNICO ADMINISTRATIVO \u2013 2016) Considerando as fun\u00e7\u00f5es do administrador como um processo sequencial, assinale a alternativa que cont\u00e9m a fun\u00e7\u00e3o que d\u00e1 in\u00edcio a esse processo. (A) Dire\u00e7\u00e3o. (B) Organiza\u00e7\u00e3o. (C) Planejamento. (D) Coordena\u00e7\u00e3o. (E) [&hellip;]<\/p>\n","protected":false},"author":28,"featured_media":0,"comment_status":"open","ping_status":"open","sticky":false,"template":"","format":"standard","meta":{"post_tipo":"article","footnotes":""},"categories":[1],"tags":[42,778,46,40],"tax_estado":[],"class_list":["post-33920","post","type-post","status-publish","format-standard","hentry","category-cursos-e-concursos","tag-administracao","tag-ans","tag-comentarios","tag-concurso"],"acf":[],"yoast_head":"<!-- This site is optimized with the Yoast SEO Premium plugin v27.2 (Yoast SEO v27.2) - https:\/\/yoast.com\/product\/yoast-seo-premium-wordpress\/ -->\n<title>Administra\u00e7\u00e3o - Resolu\u00e7\u00e3o da Prova de T\u00e9cnico Adm. ANS<\/title>\n<meta name=\"robots\" content=\"index, follow, max-snippet:-1, max-image-preview:large, max-video-preview:-1\" \/>\n<link rel=\"canonical\" href=\"https:\/\/www.estrategiaconcursos.com.br\/blog\/resolucao-da-prova-de-administracao-tecnico-adm-ans\/\" \/>\n<meta property=\"og:locale\" content=\"pt_BR\" \/>\n<meta property=\"og:type\" content=\"article\" \/>\n<meta property=\"og:title\" content=\"Administra\u00e7\u00e3o - Resolu\u00e7\u00e3o da Prova de T\u00e9cnico Adm. ANS\" \/>\n<meta property=\"og:description\" content=\"Ol\u00e1 pessoal, Seguem abaixo as quest\u00f5es de Administra\u00e7\u00e3o da prova de T\u00e9cnico Administrativo da ANS comentadas. (FUNCAB \u2013 ANS \u2013 T\u00c9CNICO ADMINISTRATIVO \u2013 2016) Considerando as fun\u00e7\u00f5es do administrador como um processo sequencial, assinale a alternativa que cont\u00e9m a fun\u00e7\u00e3o que d\u00e1 in\u00edcio a esse processo. (A) Dire\u00e7\u00e3o. (B) Organiza\u00e7\u00e3o. (C) Planejamento. (D) Coordena\u00e7\u00e3o. (E) [&hellip;]\" \/>\n<meta property=\"og:url\" content=\"https:\/\/www.estrategiaconcursos.com.br\/blog\/resolucao-da-prova-de-administracao-tecnico-adm-ans\/\" \/>\n<meta property=\"og:site_name\" content=\"Estrat\u00e9gia Concursos\" \/>\n<meta property=\"article:author\" content=\"https:\/\/www.facebook.com\/profrodrigorenno\/\" \/>\n<meta property=\"article:published_time\" content=\"2016-02-24T21:06:55+00:00\" \/>\n<meta property=\"article:modified_time\" content=\"2016-03-01T12:45:24+00:00\" \/>\n<meta name=\"author\" content=\"Rodrigo Renn\u00f3\" \/>\n<meta name=\"twitter:card\" content=\"summary_large_image\" \/>\n<meta name=\"twitter:creator\" content=\"@rrenno99\" \/>\n<meta name=\"twitter:site\" content=\"@EstratConcursos\" \/>\n<meta name=\"twitter:label1\" content=\"Escrito por\" \/>\n\t<meta name=\"twitter:data1\" content=\"Rodrigo Renn\u00f3\" \/>\n\t<meta name=\"twitter:label2\" content=\"Est. tempo de leitura\" \/>\n\t<meta name=\"twitter:data2\" content=\"5 minutos\" \/>\n<script type=\"application\/ld+json\" class=\"yoast-schema-graph\">{\"@context\":\"https:\/\/schema.org\",\"@graph\":[{\"@type\":\"NewsArticle\",\"@id\":\"https:\/\/www.estrategiaconcursos.com.br\/blog\/resolucao-da-prova-de-administracao-tecnico-adm-ans\/#article\",\"isPartOf\":{\"@id\":\"https:\/\/www.estrategiaconcursos.com.br\/blog\/resolucao-da-prova-de-administracao-tecnico-adm-ans\/\"},\"author\":{\"name\":\"Rodrigo Renn\u00f3\",\"@id\":\"https:\/\/www.estrategiaconcursos.com.br\/blog\/#\/schema\/person\/bf6975c1a7ae4811d6ab0380ae0cca4f\"},\"headline\":\"Administra\u00e7\u00e3o &#8211; Resolu\u00e7\u00e3o da Prova de T\u00e9cnico Adm. ANS\",\"datePublished\":\"2016-02-24T21:06:55+00:00\",\"dateModified\":\"2016-03-01T12:45:24+00:00\",\"mainEntityOfPage\":{\"@id\":\"https:\/\/www.estrategiaconcursos.com.br\/blog\/resolucao-da-prova-de-administracao-tecnico-adm-ans\/\"},\"wordCount\":1004,\"commentCount\":7,\"publisher\":{\"@id\":\"https:\/\/www.estrategiaconcursos.com.br\/blog\/#organization\"},\"keywords\":[\"Administra\u00e7\u00e3o\",\"ANS\",\"Coment\u00e1rios\",\"Concurso\"],\"articleSection\":[\"Concursos P\u00fablicos\"],\"inLanguage\":\"pt-BR\",\"potentialAction\":[{\"@type\":\"CommentAction\",\"name\":\"Comment\",\"target\":[\"https:\/\/www.estrategiaconcursos.com.br\/blog\/resolucao-da-prova-de-administracao-tecnico-adm-ans\/#respond\"]}],\"copyrightYear\":\"2016\",\"copyrightHolder\":{\"@id\":\"https:\/\/www.estrategiaconcursos.com.br\/blog\/#organization\"}},{\"@type\":\"WebPage\",\"@id\":\"https:\/\/www.estrategiaconcursos.com.br\/blog\/resolucao-da-prova-de-administracao-tecnico-adm-ans\/\",\"url\":\"https:\/\/www.estrategiaconcursos.com.br\/blog\/resolucao-da-prova-de-administracao-tecnico-adm-ans\/\",\"name\":\"Administra\u00e7\u00e3o - Resolu\u00e7\u00e3o da Prova de T\u00e9cnico Adm. ANS\",\"isPartOf\":{\"@id\":\"https:\/\/www.estrategiaconcursos.com.br\/blog\/#website\"},\"datePublished\":\"2016-02-24T21:06:55+00:00\",\"dateModified\":\"2016-03-01T12:45:24+00:00\",\"breadcrumb\":{\"@id\":\"https:\/\/www.estrategiaconcursos.com.br\/blog\/resolucao-da-prova-de-administracao-tecnico-adm-ans\/#breadcrumb\"},\"inLanguage\":\"pt-BR\",\"potentialAction\":[{\"@type\":\"ReadAction\",\"target\":[\"https:\/\/www.estrategiaconcursos.com.br\/blog\/resolucao-da-prova-de-administracao-tecnico-adm-ans\/\"]}]},{\"@type\":\"BreadcrumbList\",\"@id\":\"https:\/\/www.estrategiaconcursos.com.br\/blog\/resolucao-da-prova-de-administracao-tecnico-adm-ans\/#breadcrumb\",\"itemListElement\":[{\"@type\":\"ListItem\",\"position\":1,\"name\":\"In\u00edcio\",\"item\":\"https:\/\/www.estrategiaconcursos.com.br\/blog\/\"},{\"@type\":\"ListItem\",\"position\":2,\"name\":\"Administra\u00e7\u00e3o &#8211; Resolu\u00e7\u00e3o da Prova de T\u00e9cnico Adm. ANS\"}]},{\"@type\":\"WebSite\",\"@id\":\"https:\/\/www.estrategiaconcursos.com.br\/blog\/#website\",\"url\":\"https:\/\/www.estrategiaconcursos.com.br\/blog\/\",\"name\":\"Estrat\u00e9gia Concursos\",\"description\":\"O blog da Estrat\u00e9gia Concursos traz not\u00edcias sobre concursos e artigos de professores oferecendo cursos para concursos (pdf + videaulas) no site.\",\"publisher\":{\"@id\":\"https:\/\/www.estrategiaconcursos.com.br\/blog\/#organization\"},\"potentialAction\":[{\"@type\":\"SearchAction\",\"target\":{\"@type\":\"EntryPoint\",\"urlTemplate\":\"https:\/\/www.estrategiaconcursos.com.br\/blog\/?s={search_term_string}\"},\"query-input\":{\"@type\":\"PropertyValueSpecification\",\"valueRequired\":true,\"valueName\":\"search_term_string\"}}],\"inLanguage\":\"pt-BR\"},{\"@type\":\"Organization\",\"@id\":\"https:\/\/www.estrategiaconcursos.com.br\/blog\/#organization\",\"name\":\"Estrat\u00e9gia Concursos\",\"url\":\"https:\/\/www.estrategiaconcursos.com.br\/blog\/\",\"logo\":{\"@type\":\"ImageObject\",\"inLanguage\":\"pt-BR\",\"@id\":\"https:\/\/www.estrategiaconcursos.com.br\/blog\/#\/schema\/logo\/image\/\",\"url\":\"https:\/\/dhg1h5j42swfq.cloudfront.net\/2025\/06\/03203428\/logo_concursos-1.jpg\",\"contentUrl\":\"https:\/\/dhg1h5j42swfq.cloudfront.net\/2025\/06\/03203428\/logo_concursos-1.jpg\",\"width\":230,\"height\":60,\"caption\":\"Estrat\u00e9gia Concursos\"},\"image\":{\"@id\":\"https:\/\/www.estrategiaconcursos.com.br\/blog\/#\/schema\/logo\/image\/\"},\"sameAs\":[\"https:\/\/x.com\/EstratConcursos\"]},{\"@type\":\"Person\",\"@id\":\"https:\/\/www.estrategiaconcursos.com.br\/blog\/#\/schema\/person\/bf6975c1a7ae4811d6ab0380ae0cca4f\",\"name\":\"Rodrigo Renn\u00f3\",\"image\":{\"@type\":\"ImageObject\",\"inLanguage\":\"pt-BR\",\"@id\":\"https:\/\/secure.gravatar.com\/avatar\/efdc384f2d98c0ae80e238b5e4017956d7560318cb79eb2ce7daa3ff14769c10?s=96&d=mm&r=g\",\"url\":\"https:\/\/secure.gravatar.com\/avatar\/efdc384f2d98c0ae80e238b5e4017956d7560318cb79eb2ce7daa3ff14769c10?s=96&d=mm&r=g\",\"contentUrl\":\"https:\/\/secure.gravatar.com\/avatar\/efdc384f2d98c0ae80e238b5e4017956d7560318cb79eb2ce7daa3ff14769c10?s=96&d=mm&r=g\",\"caption\":\"Rodrigo Renn\u00f3\"},\"sameAs\":[\"https:\/\/www.facebook.com\/profrodrigorenno\/\",\"https:\/\/x.com\/rrenno99\"],\"url\":\"https:\/\/www.estrategiaconcursos.com.br\/blog\/author\/rodrigorennoestrategiaconcursos-com-br\/\"}]}<\/script>\n<!-- \/ Yoast SEO Premium plugin. -->","yoast_head_json":{"title":"Administra\u00e7\u00e3o - Resolu\u00e7\u00e3o da Prova de T\u00e9cnico Adm. ANS","robots":{"index":"index","follow":"follow","max-snippet":"max-snippet:-1","max-image-preview":"max-image-preview:large","max-video-preview":"max-video-preview:-1"},"canonical":"https:\/\/www.estrategiaconcursos.com.br\/blog\/resolucao-da-prova-de-administracao-tecnico-adm-ans\/","og_locale":"pt_BR","og_type":"article","og_title":"Administra\u00e7\u00e3o - Resolu\u00e7\u00e3o da Prova de T\u00e9cnico Adm. ANS","og_description":"Ol\u00e1 pessoal, Seguem abaixo as quest\u00f5es de Administra\u00e7\u00e3o da prova de T\u00e9cnico Administrativo da ANS comentadas. (FUNCAB \u2013 ANS \u2013 T\u00c9CNICO ADMINISTRATIVO \u2013 2016) Considerando as fun\u00e7\u00f5es do administrador como um processo sequencial, assinale a alternativa que cont\u00e9m a fun\u00e7\u00e3o que d\u00e1 in\u00edcio a esse processo. (A) Dire\u00e7\u00e3o. (B) Organiza\u00e7\u00e3o. (C) Planejamento. (D) Coordena\u00e7\u00e3o. (E) [&hellip;]","og_url":"https:\/\/www.estrategiaconcursos.com.br\/blog\/resolucao-da-prova-de-administracao-tecnico-adm-ans\/","og_site_name":"Estrat\u00e9gia Concursos","article_author":"https:\/\/www.facebook.com\/profrodrigorenno\/","article_published_time":"2016-02-24T21:06:55+00:00","article_modified_time":"2016-03-01T12:45:24+00:00","author":"Rodrigo Renn\u00f3","twitter_card":"summary_large_image","twitter_creator":"@rrenno99","twitter_site":"@EstratConcursos","twitter_misc":{"Escrito por":"Rodrigo Renn\u00f3","Est. tempo de leitura":"5 minutos"},"schema":{"@context":"https:\/\/schema.org","@graph":[{"@type":"NewsArticle","@id":"https:\/\/www.estrategiaconcursos.com.br\/blog\/resolucao-da-prova-de-administracao-tecnico-adm-ans\/#article","isPartOf":{"@id":"https:\/\/www.estrategiaconcursos.com.br\/blog\/resolucao-da-prova-de-administracao-tecnico-adm-ans\/"},"author":{"name":"Rodrigo Renn\u00f3","@id":"https:\/\/www.estrategiaconcursos.com.br\/blog\/#\/schema\/person\/bf6975c1a7ae4811d6ab0380ae0cca4f"},"headline":"Administra\u00e7\u00e3o &#8211; Resolu\u00e7\u00e3o da Prova de T\u00e9cnico Adm. ANS","datePublished":"2016-02-24T21:06:55+00:00","dateModified":"2016-03-01T12:45:24+00:00","mainEntityOfPage":{"@id":"https:\/\/www.estrategiaconcursos.com.br\/blog\/resolucao-da-prova-de-administracao-tecnico-adm-ans\/"},"wordCount":1004,"commentCount":7,"publisher":{"@id":"https:\/\/www.estrategiaconcursos.com.br\/blog\/#organization"},"keywords":["Administra\u00e7\u00e3o","ANS","Coment\u00e1rios","Concurso"],"articleSection":["Concursos P\u00fablicos"],"inLanguage":"pt-BR","potentialAction":[{"@type":"CommentAction","name":"Comment","target":["https:\/\/www.estrategiaconcursos.com.br\/blog\/resolucao-da-prova-de-administracao-tecnico-adm-ans\/#respond"]}],"copyrightYear":"2016","copyrightHolder":{"@id":"https:\/\/www.estrategiaconcursos.com.br\/blog\/#organization"}},{"@type":"WebPage","@id":"https:\/\/www.estrategiaconcursos.com.br\/blog\/resolucao-da-prova-de-administracao-tecnico-adm-ans\/","url":"https:\/\/www.estrategiaconcursos.com.br\/blog\/resolucao-da-prova-de-administracao-tecnico-adm-ans\/","name":"Administra\u00e7\u00e3o - Resolu\u00e7\u00e3o da Prova de T\u00e9cnico Adm. ANS","isPartOf":{"@id":"https:\/\/www.estrategiaconcursos.com.br\/blog\/#website"},"datePublished":"2016-02-24T21:06:55+00:00","dateModified":"2016-03-01T12:45:24+00:00","breadcrumb":{"@id":"https:\/\/www.estrategiaconcursos.com.br\/blog\/resolucao-da-prova-de-administracao-tecnico-adm-ans\/#breadcrumb"},"inLanguage":"pt-BR","potentialAction":[{"@type":"ReadAction","target":["https:\/\/www.estrategiaconcursos.com.br\/blog\/resolucao-da-prova-de-administracao-tecnico-adm-ans\/"]}]},{"@type":"BreadcrumbList","@id":"https:\/\/www.estrategiaconcursos.com.br\/blog\/resolucao-da-prova-de-administracao-tecnico-adm-ans\/#breadcrumb","itemListElement":[{"@type":"ListItem","position":1,"name":"In\u00edcio","item":"https:\/\/www.estrategiaconcursos.com.br\/blog\/"},{"@type":"ListItem","position":2,"name":"Administra\u00e7\u00e3o &#8211; Resolu\u00e7\u00e3o da Prova de T\u00e9cnico Adm. ANS"}]},{"@type":"WebSite","@id":"https:\/\/www.estrategiaconcursos.com.br\/blog\/#website","url":"https:\/\/www.estrategiaconcursos.com.br\/blog\/","name":"Estrat\u00e9gia Concursos","description":"O blog da Estrat\u00e9gia Concursos traz not\u00edcias sobre concursos e artigos de professores oferecendo cursos para concursos (pdf + videaulas) no site.","publisher":{"@id":"https:\/\/www.estrategiaconcursos.com.br\/blog\/#organization"},"potentialAction":[{"@type":"SearchAction","target":{"@type":"EntryPoint","urlTemplate":"https:\/\/www.estrategiaconcursos.com.br\/blog\/?s={search_term_string}"},"query-input":{"@type":"PropertyValueSpecification","valueRequired":true,"valueName":"search_term_string"}}],"inLanguage":"pt-BR"},{"@type":"Organization","@id":"https:\/\/www.estrategiaconcursos.com.br\/blog\/#organization","name":"Estrat\u00e9gia Concursos","url":"https:\/\/www.estrategiaconcursos.com.br\/blog\/","logo":{"@type":"ImageObject","inLanguage":"pt-BR","@id":"https:\/\/www.estrategiaconcursos.com.br\/blog\/#\/schema\/logo\/image\/","url":"https:\/\/dhg1h5j42swfq.cloudfront.net\/2025\/06\/03203428\/logo_concursos-1.jpg","contentUrl":"https:\/\/dhg1h5j42swfq.cloudfront.net\/2025\/06\/03203428\/logo_concursos-1.jpg","width":230,"height":60,"caption":"Estrat\u00e9gia Concursos"},"image":{"@id":"https:\/\/www.estrategiaconcursos.com.br\/blog\/#\/schema\/logo\/image\/"},"sameAs":["https:\/\/x.com\/EstratConcursos"]},{"@type":"Person","@id":"https:\/\/www.estrategiaconcursos.com.br\/blog\/#\/schema\/person\/bf6975c1a7ae4811d6ab0380ae0cca4f","name":"Rodrigo Renn\u00f3","image":{"@type":"ImageObject","inLanguage":"pt-BR","@id":"https:\/\/secure.gravatar.com\/avatar\/efdc384f2d98c0ae80e238b5e4017956d7560318cb79eb2ce7daa3ff14769c10?s=96&d=mm&r=g","url":"https:\/\/secure.gravatar.com\/avatar\/efdc384f2d98c0ae80e238b5e4017956d7560318cb79eb2ce7daa3ff14769c10?s=96&d=mm&r=g","contentUrl":"https:\/\/secure.gravatar.com\/avatar\/efdc384f2d98c0ae80e238b5e4017956d7560318cb79eb2ce7daa3ff14769c10?s=96&d=mm&r=g","caption":"Rodrigo Renn\u00f3"},"sameAs":["https:\/\/www.facebook.com\/profrodrigorenno\/","https:\/\/x.com\/rrenno99"],"url":"https:\/\/www.estrategiaconcursos.com.br\/blog\/author\/rodrigorennoestrategiaconcursos-com-br\/"}]}},"_links":{"self":[{"href":"https:\/\/www.estrategiaconcursos.com.br\/blog\/wp-json\/wp\/v2\/posts\/33920","targetHints":{"allow":["GET"]}}],"collection":[{"href":"https:\/\/www.estrategiaconcursos.com.br\/blog\/wp-json\/wp\/v2\/posts"}],"about":[{"href":"https:\/\/www.estrategiaconcursos.com.br\/blog\/wp-json\/wp\/v2\/types\/post"}],"author":[{"embeddable":true,"href":"https:\/\/www.estrategiaconcursos.com.br\/blog\/wp-json\/wp\/v2\/users\/28"}],"replies":[{"embeddable":true,"href":"https:\/\/www.estrategiaconcursos.com.br\/blog\/wp-json\/wp\/v2\/comments?post=33920"}],"version-history":[{"count":4,"href":"https:\/\/www.estrategiaconcursos.com.br\/blog\/wp-json\/wp\/v2\/posts\/33920\/revisions"}],"predecessor-version":[{"id":35573,"href":"https:\/\/www.estrategiaconcursos.com.br\/blog\/wp-json\/wp\/v2\/posts\/33920\/revisions\/35573"}],"wp:attachment":[{"href":"https:\/\/www.estrategiaconcursos.com.br\/blog\/wp-json\/wp\/v2\/media?parent=33920"}],"wp:term":[{"taxonomy":"category","embeddable":true,"href":"https:\/\/www.estrategiaconcursos.com.br\/blog\/wp-json\/wp\/v2\/categories?post=33920"},{"taxonomy":"post_tag","embeddable":true,"href":"https:\/\/www.estrategiaconcursos.com.br\/blog\/wp-json\/wp\/v2\/tags?post=33920"},{"taxonomy":"tax_estado","embeddable":true,"href":"https:\/\/www.estrategiaconcursos.com.br\/blog\/wp-json\/wp\/v2\/tax_estado?post=33920"}],"curies":[{"name":"wp","href":"https:\/\/api.w.org\/{rel}","templated":true}]}}