{"id":33897,"date":"2016-02-24T11:41:51","date_gmt":"2016-02-24T14:41:51","guid":{"rendered":"http:\/\/www.estrategiaconcursos.com.br\/blog\/?p=33897"},"modified":"2023-06-22T16:00:38","modified_gmt":"2023-06-22T19:00:38","slug":"33897-2","status":"publish","type":"post","link":"https:\/\/www.estrategiaconcursos.com.br\/blog\/33897-2\/","title":{"rendered":"Resolu\u00e7\u00e3o Racioc\u00ednio L\u00f3gico &#8211; ANS (T\u00e9cnico Administrativo)"},"content":{"rendered":"<p>Ol\u00e1 Pessoal!<\/p>\n<p>Estou passando aqui para apresentar a resolu\u00e7\u00e3o da prova de Racioc\u00ednio L\u00f3gico do concurso da ANS, para o cargo de T\u00e9cnico Administrativo, que foi realizado no \u00faltimo domingo, dia 21 de fevereiro, pela FUNCAB. Em novo artigo eu trarei a resolu\u00e7\u00e3o da prova de T\u00e9cnico em Regula\u00e7\u00e3o de Sa\u00fade Suplementar.<\/p>\n<p><a href=\"https:\/\/dhg1h5j42swfq.cloudfront.net\/2016\/02\/24113328\/Resolu%C3%A7%C3%A3o-da-Prova-ANS-T%C3%A9c.-Administrativo-23.02.2016.pdf\" rel=\"\">Resolu\u00e7\u00e3o da Prova ANS T\u00e9c. Administrativo &#8211; 21.02.2016<\/a><\/p>\n<p>Um abra\u00e7o!<\/p>\n<p>Marcos Pi\u00f1on<\/p>\n<p>Periscope: @rl50webs<\/p>\n","protected":false},"excerpt":{"rendered":"<p>Ol\u00e1 Pessoal! Estou passando aqui para apresentar a resolu\u00e7\u00e3o da prova de Racioc\u00ednio L\u00f3gico do concurso da ANS, para o cargo de T\u00e9cnico Administrativo, que foi realizado no \u00faltimo domingo, dia 21 de fevereiro, pela FUNCAB. Em novo artigo eu trarei a resolu\u00e7\u00e3o da prova de T\u00e9cnico em Regula\u00e7\u00e3o de Sa\u00fade Suplementar. Resolu\u00e7\u00e3o da Prova [&hellip;]<\/p>\n","protected":false},"author":21,"featured_media":0,"comment_status":"open","ping_status":"open","sticky":false,"template":"","format":"standard","meta":{"post_tipo":"article","footnotes":""},"categories":[1],"tags":[778,487],"tax_estado":[],"class_list":["post-33897","post","type-post","status-publish","format-standard","hentry","category-cursos-e-concursos","tag-ans","tag-raciocinio-logico"],"acf":[],"yoast_head":"<!-- This site is optimized with the Yoast SEO Premium plugin v27.2 (Yoast SEO v27.2) - https:\/\/yoast.com\/product\/yoast-seo-premium-wordpress\/ -->\n<title>Resolu\u00e7\u00e3o Racioc\u00ednio L\u00f3gico - ANS (T\u00e9cnico Administrativo)<\/title>\n<meta name=\"robots\" content=\"index, follow, max-snippet:-1, max-image-preview:large, max-video-preview:-1\" \/>\n<link rel=\"canonical\" href=\"https:\/\/www.estrategiaconcursos.com.br\/blog\/33897-2\/\" \/>\n<meta property=\"og:locale\" content=\"pt_BR\" \/>\n<meta property=\"og:type\" content=\"article\" \/>\n<meta property=\"og:title\" content=\"Resolu\u00e7\u00e3o Racioc\u00ednio L\u00f3gico - ANS (T\u00e9cnico Administrativo)\" \/>\n<meta property=\"og:description\" content=\"Ol\u00e1 Pessoal! Estou passando aqui para apresentar a resolu\u00e7\u00e3o da prova de Racioc\u00ednio L\u00f3gico do concurso da ANS, para o cargo de T\u00e9cnico Administrativo, que foi realizado no \u00faltimo domingo, dia 21 de fevereiro, pela FUNCAB. Em novo artigo eu trarei a resolu\u00e7\u00e3o da prova de T\u00e9cnico em Regula\u00e7\u00e3o de Sa\u00fade Suplementar. Resolu\u00e7\u00e3o da Prova [&hellip;]\" \/>\n<meta property=\"og:url\" content=\"https:\/\/www.estrategiaconcursos.com.br\/blog\/33897-2\/\" \/>\n<meta property=\"og:site_name\" content=\"Estrat\u00e9gia Concursos\" \/>\n<meta property=\"article:published_time\" content=\"2016-02-24T14:41:51+00:00\" \/>\n<meta property=\"article:modified_time\" content=\"2023-06-22T19:00:38+00:00\" \/>\n<meta name=\"author\" content=\"Marcos Pi\u00f1on\" \/>\n<meta name=\"twitter:card\" content=\"summary_large_image\" \/>\n<meta name=\"twitter:creator\" content=\"@EstratConcursos\" \/>\n<meta name=\"twitter:site\" content=\"@EstratConcursos\" \/>\n<meta name=\"twitter:label1\" content=\"Escrito por\" \/>\n\t<meta name=\"twitter:data1\" content=\"Marcos Pi\u00f1on\" \/>\n<script type=\"application\/ld+json\" class=\"yoast-schema-graph\">{\"@context\":\"https:\/\/schema.org\",\"@graph\":[{\"@type\":\"NewsArticle\",\"@id\":\"https:\/\/www.estrategiaconcursos.com.br\/blog\/33897-2\/#article\",\"isPartOf\":{\"@id\":\"https:\/\/www.estrategiaconcursos.com.br\/blog\/33897-2\/\"},\"author\":{\"name\":\"Marcos Pi\u00f1on\",\"@id\":\"https:\/\/www.estrategiaconcursos.com.br\/blog\/#\/schema\/person\/5757d6700366591f503433750f1f667b\"},\"headline\":\"Resolu\u00e7\u00e3o Racioc\u00ednio L\u00f3gico &#8211; ANS (T\u00e9cnico Administrativo)\",\"datePublished\":\"2016-02-24T14:41:51+00:00\",\"dateModified\":\"2023-06-22T19:00:38+00:00\",\"mainEntityOfPage\":{\"@id\":\"https:\/\/www.estrategiaconcursos.com.br\/blog\/33897-2\/\"},\"wordCount\":88,\"commentCount\":0,\"publisher\":{\"@id\":\"https:\/\/www.estrategiaconcursos.com.br\/blog\/#organization\"},\"keywords\":[\"ANS\",\"Racioc\u00ednio L\u00f3gico\"],\"articleSection\":[\"Concursos P\u00fablicos\"],\"inLanguage\":\"pt-BR\",\"potentialAction\":[{\"@type\":\"CommentAction\",\"name\":\"Comment\",\"target\":[\"https:\/\/www.estrategiaconcursos.com.br\/blog\/33897-2\/#respond\"]}],\"copyrightYear\":\"2016\",\"copyrightHolder\":{\"@id\":\"https:\/\/www.estrategiaconcursos.com.br\/blog\/#organization\"}},{\"@type\":\"WebPage\",\"@id\":\"https:\/\/www.estrategiaconcursos.com.br\/blog\/33897-2\/\",\"url\":\"https:\/\/www.estrategiaconcursos.com.br\/blog\/33897-2\/\",\"name\":\"Resolu\u00e7\u00e3o Racioc\u00ednio L\u00f3gico - ANS (T\u00e9cnico Administrativo)\",\"isPartOf\":{\"@id\":\"https:\/\/www.estrategiaconcursos.com.br\/blog\/#website\"},\"datePublished\":\"2016-02-24T14:41:51+00:00\",\"dateModified\":\"2023-06-22T19:00:38+00:00\",\"breadcrumb\":{\"@id\":\"https:\/\/www.estrategiaconcursos.com.br\/blog\/33897-2\/#breadcrumb\"},\"inLanguage\":\"pt-BR\",\"potentialAction\":[{\"@type\":\"ReadAction\",\"target\":[\"https:\/\/www.estrategiaconcursos.com.br\/blog\/33897-2\/\"]}]},{\"@type\":\"BreadcrumbList\",\"@id\":\"https:\/\/www.estrategiaconcursos.com.br\/blog\/33897-2\/#breadcrumb\",\"itemListElement\":[{\"@type\":\"ListItem\",\"position\":1,\"name\":\"In\u00edcio\",\"item\":\"https:\/\/www.estrategiaconcursos.com.br\/blog\/\"},{\"@type\":\"ListItem\",\"position\":2,\"name\":\"Resolu\u00e7\u00e3o Racioc\u00ednio L\u00f3gico &#8211; ANS (T\u00e9cnico Administrativo)\"}]},{\"@type\":\"WebSite\",\"@id\":\"https:\/\/www.estrategiaconcursos.com.br\/blog\/#website\",\"url\":\"https:\/\/www.estrategiaconcursos.com.br\/blog\/\",\"name\":\"Estrat\u00e9gia Concursos\",\"description\":\"O blog da Estrat\u00e9gia Concursos traz not\u00edcias sobre concursos e artigos de professores oferecendo cursos para concursos (pdf + videaulas) no site.\",\"publisher\":{\"@id\":\"https:\/\/www.estrategiaconcursos.com.br\/blog\/#organization\"},\"potentialAction\":[{\"@type\":\"SearchAction\",\"target\":{\"@type\":\"EntryPoint\",\"urlTemplate\":\"https:\/\/www.estrategiaconcursos.com.br\/blog\/?s={search_term_string}\"},\"query-input\":{\"@type\":\"PropertyValueSpecification\",\"valueRequired\":true,\"valueName\":\"search_term_string\"}}],\"inLanguage\":\"pt-BR\"},{\"@type\":\"Organization\",\"@id\":\"https:\/\/www.estrategiaconcursos.com.br\/blog\/#organization\",\"name\":\"Estrat\u00e9gia Concursos\",\"url\":\"https:\/\/www.estrategiaconcursos.com.br\/blog\/\",\"logo\":{\"@type\":\"ImageObject\",\"inLanguage\":\"pt-BR\",\"@id\":\"https:\/\/www.estrategiaconcursos.com.br\/blog\/#\/schema\/logo\/image\/\",\"url\":\"https:\/\/dhg1h5j42swfq.cloudfront.net\/2025\/06\/03203428\/logo_concursos-1.jpg\",\"contentUrl\":\"https:\/\/dhg1h5j42swfq.cloudfront.net\/2025\/06\/03203428\/logo_concursos-1.jpg\",\"width\":230,\"height\":60,\"caption\":\"Estrat\u00e9gia Concursos\"},\"image\":{\"@id\":\"https:\/\/www.estrategiaconcursos.com.br\/blog\/#\/schema\/logo\/image\/\"},\"sameAs\":[\"https:\/\/x.com\/EstratConcursos\"]},{\"@type\":\"Person\",\"@id\":\"https:\/\/www.estrategiaconcursos.com.br\/blog\/#\/schema\/person\/5757d6700366591f503433750f1f667b\",\"name\":\"Marcos Pi\u00f1on\",\"image\":{\"@type\":\"ImageObject\",\"inLanguage\":\"pt-BR\",\"@id\":\"https:\/\/secure.gravatar.com\/avatar\/07b42b1443c523255e05f6393d6e90701353c16b7cc37e54dd0a0a44629adfdb?s=96&d=mm&r=g\",\"url\":\"https:\/\/secure.gravatar.com\/avatar\/07b42b1443c523255e05f6393d6e90701353c16b7cc37e54dd0a0a44629adfdb?s=96&d=mm&r=g\",\"contentUrl\":\"https:\/\/secure.gravatar.com\/avatar\/07b42b1443c523255e05f6393d6e90701353c16b7cc37e54dd0a0a44629adfdb?s=96&d=mm&r=g\",\"caption\":\"Marcos Pi\u00f1on\"},\"url\":\"https:\/\/www.estrategiaconcursos.com.br\/blog\/author\/marcospinonestrategiaconcursos-com-br\/\"}]}<\/script>\n<!-- \/ Yoast SEO Premium plugin. -->","yoast_head_json":{"title":"Resolu\u00e7\u00e3o Racioc\u00ednio L\u00f3gico - ANS (T\u00e9cnico Administrativo)","robots":{"index":"index","follow":"follow","max-snippet":"max-snippet:-1","max-image-preview":"max-image-preview:large","max-video-preview":"max-video-preview:-1"},"canonical":"https:\/\/www.estrategiaconcursos.com.br\/blog\/33897-2\/","og_locale":"pt_BR","og_type":"article","og_title":"Resolu\u00e7\u00e3o Racioc\u00ednio L\u00f3gico - ANS (T\u00e9cnico Administrativo)","og_description":"Ol\u00e1 Pessoal! Estou passando aqui para apresentar a resolu\u00e7\u00e3o da prova de Racioc\u00ednio L\u00f3gico do concurso da ANS, para o cargo de T\u00e9cnico Administrativo, que foi realizado no \u00faltimo domingo, dia 21 de fevereiro, pela FUNCAB. Em novo artigo eu trarei a resolu\u00e7\u00e3o da prova de T\u00e9cnico em Regula\u00e7\u00e3o de Sa\u00fade Suplementar. Resolu\u00e7\u00e3o da Prova [&hellip;]","og_url":"https:\/\/www.estrategiaconcursos.com.br\/blog\/33897-2\/","og_site_name":"Estrat\u00e9gia Concursos","article_published_time":"2016-02-24T14:41:51+00:00","article_modified_time":"2023-06-22T19:00:38+00:00","author":"Marcos Pi\u00f1on","twitter_card":"summary_large_image","twitter_creator":"@EstratConcursos","twitter_site":"@EstratConcursos","twitter_misc":{"Escrito por":"Marcos Pi\u00f1on"},"schema":{"@context":"https:\/\/schema.org","@graph":[{"@type":"NewsArticle","@id":"https:\/\/www.estrategiaconcursos.com.br\/blog\/33897-2\/#article","isPartOf":{"@id":"https:\/\/www.estrategiaconcursos.com.br\/blog\/33897-2\/"},"author":{"name":"Marcos Pi\u00f1on","@id":"https:\/\/www.estrategiaconcursos.com.br\/blog\/#\/schema\/person\/5757d6700366591f503433750f1f667b"},"headline":"Resolu\u00e7\u00e3o Racioc\u00ednio L\u00f3gico &#8211; ANS (T\u00e9cnico Administrativo)","datePublished":"2016-02-24T14:41:51+00:00","dateModified":"2023-06-22T19:00:38+00:00","mainEntityOfPage":{"@id":"https:\/\/www.estrategiaconcursos.com.br\/blog\/33897-2\/"},"wordCount":88,"commentCount":0,"publisher":{"@id":"https:\/\/www.estrategiaconcursos.com.br\/blog\/#organization"},"keywords":["ANS","Racioc\u00ednio L\u00f3gico"],"articleSection":["Concursos P\u00fablicos"],"inLanguage":"pt-BR","potentialAction":[{"@type":"CommentAction","name":"Comment","target":["https:\/\/www.estrategiaconcursos.com.br\/blog\/33897-2\/#respond"]}],"copyrightYear":"2016","copyrightHolder":{"@id":"https:\/\/www.estrategiaconcursos.com.br\/blog\/#organization"}},{"@type":"WebPage","@id":"https:\/\/www.estrategiaconcursos.com.br\/blog\/33897-2\/","url":"https:\/\/www.estrategiaconcursos.com.br\/blog\/33897-2\/","name":"Resolu\u00e7\u00e3o Racioc\u00ednio L\u00f3gico - ANS (T\u00e9cnico Administrativo)","isPartOf":{"@id":"https:\/\/www.estrategiaconcursos.com.br\/blog\/#website"},"datePublished":"2016-02-24T14:41:51+00:00","dateModified":"2023-06-22T19:00:38+00:00","breadcrumb":{"@id":"https:\/\/www.estrategiaconcursos.com.br\/blog\/33897-2\/#breadcrumb"},"inLanguage":"pt-BR","potentialAction":[{"@type":"ReadAction","target":["https:\/\/www.estrategiaconcursos.com.br\/blog\/33897-2\/"]}]},{"@type":"BreadcrumbList","@id":"https:\/\/www.estrategiaconcursos.com.br\/blog\/33897-2\/#breadcrumb","itemListElement":[{"@type":"ListItem","position":1,"name":"In\u00edcio","item":"https:\/\/www.estrategiaconcursos.com.br\/blog\/"},{"@type":"ListItem","position":2,"name":"Resolu\u00e7\u00e3o Racioc\u00ednio L\u00f3gico &#8211; ANS (T\u00e9cnico Administrativo)"}]},{"@type":"WebSite","@id":"https:\/\/www.estrategiaconcursos.com.br\/blog\/#website","url":"https:\/\/www.estrategiaconcursos.com.br\/blog\/","name":"Estrat\u00e9gia Concursos","description":"O blog da Estrat\u00e9gia Concursos traz not\u00edcias sobre concursos e artigos de professores oferecendo cursos para concursos (pdf + videaulas) no site.","publisher":{"@id":"https:\/\/www.estrategiaconcursos.com.br\/blog\/#organization"},"potentialAction":[{"@type":"SearchAction","target":{"@type":"EntryPoint","urlTemplate":"https:\/\/www.estrategiaconcursos.com.br\/blog\/?s={search_term_string}"},"query-input":{"@type":"PropertyValueSpecification","valueRequired":true,"valueName":"search_term_string"}}],"inLanguage":"pt-BR"},{"@type":"Organization","@id":"https:\/\/www.estrategiaconcursos.com.br\/blog\/#organization","name":"Estrat\u00e9gia Concursos","url":"https:\/\/www.estrategiaconcursos.com.br\/blog\/","logo":{"@type":"ImageObject","inLanguage":"pt-BR","@id":"https:\/\/www.estrategiaconcursos.com.br\/blog\/#\/schema\/logo\/image\/","url":"https:\/\/dhg1h5j42swfq.cloudfront.net\/2025\/06\/03203428\/logo_concursos-1.jpg","contentUrl":"https:\/\/dhg1h5j42swfq.cloudfront.net\/2025\/06\/03203428\/logo_concursos-1.jpg","width":230,"height":60,"caption":"Estrat\u00e9gia Concursos"},"image":{"@id":"https:\/\/www.estrategiaconcursos.com.br\/blog\/#\/schema\/logo\/image\/"},"sameAs":["https:\/\/x.com\/EstratConcursos"]},{"@type":"Person","@id":"https:\/\/www.estrategiaconcursos.com.br\/blog\/#\/schema\/person\/5757d6700366591f503433750f1f667b","name":"Marcos Pi\u00f1on","image":{"@type":"ImageObject","inLanguage":"pt-BR","@id":"https:\/\/secure.gravatar.com\/avatar\/07b42b1443c523255e05f6393d6e90701353c16b7cc37e54dd0a0a44629adfdb?s=96&d=mm&r=g","url":"https:\/\/secure.gravatar.com\/avatar\/07b42b1443c523255e05f6393d6e90701353c16b7cc37e54dd0a0a44629adfdb?s=96&d=mm&r=g","contentUrl":"https:\/\/secure.gravatar.com\/avatar\/07b42b1443c523255e05f6393d6e90701353c16b7cc37e54dd0a0a44629adfdb?s=96&d=mm&r=g","caption":"Marcos Pi\u00f1on"},"url":"https:\/\/www.estrategiaconcursos.com.br\/blog\/author\/marcospinonestrategiaconcursos-com-br\/"}]}},"_links":{"self":[{"href":"https:\/\/www.estrategiaconcursos.com.br\/blog\/wp-json\/wp\/v2\/posts\/33897","targetHints":{"allow":["GET"]}}],"collection":[{"href":"https:\/\/www.estrategiaconcursos.com.br\/blog\/wp-json\/wp\/v2\/posts"}],"about":[{"href":"https:\/\/www.estrategiaconcursos.com.br\/blog\/wp-json\/wp\/v2\/types\/post"}],"author":[{"embeddable":true,"href":"https:\/\/www.estrategiaconcursos.com.br\/blog\/wp-json\/wp\/v2\/users\/21"}],"replies":[{"embeddable":true,"href":"https:\/\/www.estrategiaconcursos.com.br\/blog\/wp-json\/wp\/v2\/comments?post=33897"}],"version-history":[{"count":2,"href":"https:\/\/www.estrategiaconcursos.com.br\/blog\/wp-json\/wp\/v2\/posts\/33897\/revisions"}],"predecessor-version":[{"id":1237452,"href":"https:\/\/www.estrategiaconcursos.com.br\/blog\/wp-json\/wp\/v2\/posts\/33897\/revisions\/1237452"}],"wp:attachment":[{"href":"https:\/\/www.estrategiaconcursos.com.br\/blog\/wp-json\/wp\/v2\/media?parent=33897"}],"wp:term":[{"taxonomy":"category","embeddable":true,"href":"https:\/\/www.estrategiaconcursos.com.br\/blog\/wp-json\/wp\/v2\/categories?post=33897"},{"taxonomy":"post_tag","embeddable":true,"href":"https:\/\/www.estrategiaconcursos.com.br\/blog\/wp-json\/wp\/v2\/tags?post=33897"},{"taxonomy":"tax_estado","embeddable":true,"href":"https:\/\/www.estrategiaconcursos.com.br\/blog\/wp-json\/wp\/v2\/tax_estado?post=33897"}],"curies":[{"name":"wp","href":"https:\/\/api.w.org\/{rel}","templated":true}]}}