{"id":33852,"date":"2016-02-24T00:12:05","date_gmt":"2016-02-24T03:12:05","guid":{"rendered":"http:\/\/www.estrategiaconcursos.com.br\/blog\/?p=33852"},"modified":"2016-02-24T00:12:05","modified_gmt":"2016-02-24T03:12:05","slug":"comentarios-prova-de-direito-constitucional-do-concurso-ans-cabe-recurso","status":"publish","type":"post","link":"https:\/\/www.estrategiaconcursos.com.br\/blog\/comentarios-prova-de-direito-constitucional-do-concurso-ans-cabe-recurso\/","title":{"rendered":"Coment\u00e1rios \u00e0 Prova de Direito Constitucional do Concurso ANS &#8211; Cabe Recurso!"},"content":{"rendered":"<p>Ol\u00e1, pessoal, tudo bem?<\/p>\n<p>Comentarei, hoje, a prova de Direito Constitucional do <em><strong>concurso ANS<\/strong><\/em>, cargos de <b><i>T\u00e9cnico Administrativo e de T\u00e9cnico em Regula\u00e7\u00e3o de Sa\u00fade Suplementar<\/i><\/b>, cujos gabaritos preliminares foram divulgados pela <em><strong>FUNCAB<\/strong><\/em>.<\/p>\n<p><strong><em><span style=\"color: #0000ff\">Prova Comentada de Direito Constitucional da ANS (T\u00e9cnico Administrativo)<\/span><\/em><\/strong><\/p>\n<p><strong>21) A Constitui\u00e7\u00e3o da Rep\u00fablica Federativa do Brasil \u00e9 classificada como:<\/strong><\/p>\n<p>a) promulgada, escrita, sint\u00e9tica, r\u00edgida e preceitual<\/p>\n<p>b) escrita, promulgada, formal, r\u00edgida e hist\u00f3rica<\/p>\n<p>c) outorgada, costumeira, sint\u00e9tica, hist\u00f3rica e flex\u00edvel<\/p>\n<p>d) escrita, promulgada, anal\u00edtica, principiol\u00f3gica e r\u00edgida<\/p>\n<p>e) escrita, outorgada, sint\u00e9tica, dogm\u00e1tica e principiol\u00f3gica<\/p>\n<p><strong>Coment\u00e1rios:<\/strong><\/p>\n<p>A CF\/88 \u00e9 escrita, promulgada (ou democr\u00e1tica), anal\u00edtica, principiol\u00f3gica (ou aberta) e r\u00edgida. O gabarito \u00e9 a letra D.<\/p>\n<p><strong>22) A perda do mandato presidencial \u00e9 provocada por extin\u00e7\u00e3o ou cassa\u00e7\u00e3o. Em rela\u00e7\u00e3o \u00e0 cassa\u00e7\u00e3o do mandato presidencial, assinale a alternativa correta.<\/strong><\/p>\n<p>a) O Presidente da Rep\u00fablica, na vig\u00eancia de seu mandato, n\u00e3o pode ser responsabilizado por atos estranhos ao exerc\u00edcio de suas fun\u00e7\u00f5es.<\/p>\n<p>b) O mandato presidencial \u00e9 cassado pela condena\u00e7\u00e3o por crime comum, suspens\u00e3o ou perda dos direitos pol\u00edticos e n\u00e3o comparecimento para a investidura no cargo eletivo.<\/p>\n<p>c) Admitida a acusa\u00e7\u00e3o contra o Presidente da Rep\u00fablica, por maioria simples da C\u00e2mara dos Deputados, ser\u00e1 ele submetido a julgamento perante o Supremo Tribunal Federal, nas infra\u00e7\u00f5es penais comuns, ou perante o Senado Federal, nos crimes de responsabilidade.<\/p>\n<p>d) O mandato presidencial \u00e9 cassado pela condena\u00e7\u00e3o por crime comum, por decis\u00e3o irrecorr\u00edvel do Superior Tribunal de Justi\u00e7a.<\/p>\n<p>e) O Presidente da Rep\u00fablica, nas infra\u00e7\u00f5es comuns, estar\u00e1 sujeito \u00e0 pris\u00e3o preventiva ou tempor\u00e1ria, enquanto n\u00e3o sobrevier senten\u00e7a condenat\u00f3ria.<\/p>\n<p><strong>Coment\u00e1rios:<\/strong><\/p>\n<p>A letra A est\u00e1 correta. \u00c9 o que prev\u00ea o art. 86, \u00a7 4<sup>o<\/sup>, da Constitui\u00e7\u00e3o, que traduz a <strong><em>cl\u00e1usula da irresponsabilidade penal relativa<\/em><\/strong>.<\/p>\n<p>A letra B est\u00e1 incorreta. Ocorrer\u00e1 vac\u00e2ncia do cargo de Presidente nos seguintes casos:<\/p>\n<p><strong>a)<\/strong> <strong>N\u00e3o comparecimento dentro de 10 dias da data fixada para a posse<\/strong>, exceto por motivo de for\u00e7a maior.<\/p>\n<p><strong>b)<\/strong> Por morte, ren\u00fancia, perda ou suspens\u00e3o dos direitos pol\u00edticos e perda da nacionalidade brasileira.<\/p>\n<p><strong>c)<\/strong> Condena\u00e7\u00e3o por <strong>crime de responsabilidade<\/strong>, ou <strong>comum<\/strong>, mediante decis\u00e3o do Senado Federal ou do STF, respectivamente.<\/p>\n<p><strong>d)<\/strong> <strong>Aus\u00eancia do pa\u00eds por mais de 15 dias sem autoriza\u00e7\u00e3o<\/strong> do Congresso Nacional.<\/p>\n<p>O erro do enunciado foi n\u00e3o ter mencionado que, <strong><em>em caso de for\u00e7a maior<\/em><\/strong>, o <strong><em>Presidente da Rep\u00fablica n\u00e3o perder\u00e1 o cargo<\/em><\/strong>, ainda que n\u00e3o compare\u00e7a dentro de 10 dias da data fixada para a posse.<\/p>\n<p>A letra C est\u00e1 incorreta. Admitida a acusa\u00e7\u00e3o contra o Presidente da Rep\u00fablica, por <strong><em>dois ter\u00e7os<\/em><\/strong> da C\u00e2mara dos Deputados, ser\u00e1 ele submetido a julgamento perante o Supremo Tribunal Federal, nas infra\u00e7\u00f5es penais comuns, ou perante o Senado Federal, nos crimes de responsabilidade (art. 86, \u201ccaput\u201d, CF).<\/p>\n<p>A letra D est\u00e1 incorreta. O Presidente da Rep\u00fablica s\u00f3 pode ser condenado por crime comum por decis\u00e3o do <strong><em>STF<\/em><\/strong> (art. 86, \u201ccaput\u201d, CF).<\/p>\n<p>A letra E est\u00e1 incorreta. Enquanto n\u00e3o sobrevier senten\u00e7a condenat\u00f3ria, nas infra\u00e7\u00f5es comuns, o Presidente da Rep\u00fablica <strong><em>n\u00e3o estar\u00e1 sujeito a pris\u00e3o<\/em><\/strong> (art. 86, \u00a7 3<sup>o<\/sup>, CF). Trata-se de uma imunidade formal do Presidente da Rep\u00fablica.<\/p>\n<p>O gabarito \u00e9 a letra A.<\/p>\n<p><strong>23) Andr\u00e9, filho de pais brasileiros, nasceu no estrangeiro, porque um de seus ascendentes estava a servi\u00e7o da Rep\u00fablica Federativa do Brasil. A partir dessa situa\u00e7\u00e3o hipot\u00e9tica, assinale a op\u00e7\u00e3o correta.<\/strong><\/p>\n<p>a) Andr\u00e9 n\u00e3o ser\u00e1 brasileiro nato, mas poder\u00e1 requerer sua naturaliza\u00e7\u00e3o, desde que resida no Brasil por um ano ininterrupto.<\/p>\n<p>b) Andr\u00e9 ser\u00e1 brasileiro nato, salvo se a nacionalidade de seu pai ou de sua m\u00e3e tiver sido adquirida por naturaliza\u00e7\u00e3o.<\/p>\n<p>c) Andr\u00e9 s\u00f3 ser\u00e1 brasileiro nato se tiver nascido em pa\u00edses origin\u00e1rios de l\u00edngua portuguesa, como por exemplo, em Portugal.<\/p>\n<p>d) Andr\u00e9 ser\u00e1 brasileiro nato, mesmo que a nacionalidade de seu pai ou de sua m\u00e3e tenha sido adquirida por naturaliza\u00e7\u00e3o.<\/p>\n<p>e) Andr\u00e9 n\u00e3o poder\u00e1 ser brasileiro nato, uma vez que o nascimento ocorreu em territ\u00f3rio diverso do brasileiro.<\/p>\n<p><strong>Coment\u00e1rios:<\/strong><\/p>\n<p>De acordo com o art. 12, I, \u201cb\u201d, da Constitui\u00e7\u00e3o, s\u00e3o brasileiros natos os nascidos no estrangeiro, de pai brasileiro ou m\u00e3e brasileira, desde que qualquer deles esteja a servi\u00e7o da Rep\u00fablica Federativa do Brasil<em>. <\/em>Essa regra vale tanto para ascendentes brasileiros natos quanto para naturalizados. Por isso, Andr\u00e9 \u00e9, sim, brasileiro nato, independentemente de a nacionalidade de seu pai ou de sua m\u00e3e ter sido adquirida por naturaliza\u00e7\u00e3o.<\/p>\n<p>O gabarito \u00e9 a letra D.<\/p>\n<p><strong>24) Integram o Poder Judici\u00e1rio, EXCETO:<\/strong><\/p>\n<p>a) Ministro do Tribunal Superior do Trabalho.<\/p>\n<p>b) Desembargador de Tribunal de Justi\u00e7a.<\/p>\n<p>c) Ministro da Justi\u00e7a.<\/p>\n<p>d) Ministro do Supremo Tribunal Federal.<\/p>\n<p>e) Juiz militar.<\/p>\n<p><strong>Coment\u00e1rios:<\/strong><\/p>\n<p>A quest\u00e3o cobra, de forma criativa, o conhecimento do art. 92 da CF\/88, segundo o qual s\u00e3o \u00f3rg\u00e3os do Poder Judici\u00e1rio:<\/p>\n<ul>\n<li>o Supremo Tribunal Federal;<\/li>\n<li>o Conselho Nacional de Justi\u00e7a;<\/li>\n<li>o Superior Tribunal de Justi\u00e7a;<\/li>\n<li>os Tribunais Regionais Federais e Ju\u00edzes Federais;<\/li>\n<li>os Tribunais e Ju\u00edzes do Trabalho;<\/li>\n<li>os Tribunais e Ju\u00edzes Eleitorais;<\/li>\n<li>os Tribunais e Ju\u00edzes Militares;<\/li>\n<li>os Tribunais e Ju\u00edzes dos Estados e do Distrito Federal e Territ\u00f3rios.<\/li>\n<\/ul>\n<p>O Ministro da Justi\u00e7a, Chefe do Minist\u00e9rio da Justi\u00e7a, integra o Poder Executivo, n\u00e3o o Poder Judici\u00e1rio. O gabarito \u00e9 a letra C.<\/p>\n<p><strong>25) Em rela\u00e7\u00e3o \u00e0s fun\u00e7\u00f5es essenciais da justi\u00e7a e correlatos princ\u00edpios, assinale a alternativa correta.<\/strong><\/p>\n<p>a) Englobam a Advocacia P\u00fablica, Defensoria P\u00fablica, Minist\u00e9rio P\u00fablico e Pol\u00edcias Civil e Militar.<\/p>\n<p>b) Constituem princ\u00edpios institucionais do Minist\u00e9rio P\u00fablico a unidade, indivisibilidade e depend\u00eancia funcional.<\/p>\n<p>c) O Minist\u00e9rio P\u00fablico integra o Poder Judici\u00e1rio, essencial \u00e0 fun\u00e7\u00e3o jurisdicional do Estado, incumbindo-lhe a orienta\u00e7\u00e3o jur\u00eddica e promo\u00e7\u00e3o dos direitos humanos.<\/p>\n<p>d) A Advocacia-Geral da Uni\u00e3o tem por chefe o Advogado-Geral da Uni\u00e3o, de livre nomea\u00e7\u00e3o pelo Presidente da Rep\u00fablica dentre cidad\u00e3os maiores de trinta e cinco anos.<\/p>\n<p>e) Os membros do Minist\u00e9rio P\u00fablico n\u00e3o gozam da garantia de irredutibilidade de subs\u00eddio.<\/p>\n<p><strong>Coment\u00e1rios:<\/strong><\/p>\n<p>A letra A est\u00e1 incorreta. As Pol\u00edcias Civil e Militar n\u00e3o fazem parte das fun\u00e7\u00f5es essenciais \u00e0 justi\u00e7a.<\/p>\n<p>A letra B est\u00e1 incorreta. S\u00e3o princ\u00edpios institucionais do Minist\u00e9rio P\u00fablico a unidade, a indivisibilidade e a independ\u00eancia funcional (art. 127, \u00a7 1<sup>o<\/sup>, CF).<\/p>\n<p>A letra C est\u00e1 incorreta. O Minist\u00e9rio P\u00fablico faz parte das fun\u00e7\u00f5es essenciais \u00e0 justi\u00e7a, n\u00e3o do Poder Judici\u00e1rio. Al\u00e9m disso, a orienta\u00e7\u00e3o jur\u00eddica e promo\u00e7\u00e3o dos direitos humanos dos necessitados s\u00e3o fun\u00e7\u00f5es da Defensoria P\u00fablica.<\/p>\n<p>A letra D est\u00e1 correta. \u00c9 o que prev\u00ea o art. 131, \u00a7 1<sup>o<\/sup>, da Constitui\u00e7\u00e3o.<\/p>\n<p>A letra E est\u00e1 incorreta. Os membros do Minist\u00e9rio P\u00fablico gozam, sim, dessa garantia (art. 128, \u00a7 5<sup>o<\/sup>, I, \u201cc\u201d, CF).<\/p>\n<p>O gabarito \u00e9 a letra D.<\/p>\n<p><span style=\"color: #0000ff\"><em><strong>Prova Comentada de Direito Constitucional da ANS (T\u00e9cnico em Regula\u00e7\u00e3o de Sa\u00fade Suplementar)\u00a0<\/strong><\/em><\/span><\/p>\n<p><strong>21) Disp\u00f5e o artigo 5<sup>o<\/sup>, inciso XI da Constitui\u00e7\u00e3o da Rep\u00fablica Federativa do Brasil \u201ca casa \u00e9 asilo inviol\u00e1vel do indiv\u00edduo, ningu\u00e9m nela podendo penetrar sem consentimento do morador, salvo em caso de flagrante delito ou desastre, ou para prestar socorro, ou, durante o dia, por determina\u00e7\u00e3o judicial\u201d. Nesse sentido, assinale a alternativa correta.<\/strong><\/p>\n<p>a) O conceito de \u201ccasa\u201d, na seara constitucional, tem que ser interpretado em car\u00e1ter abrangente. Ou seja, para fins do inciso XI do art. 5<sup>o<\/sup> da CRBB\/1988, um bar, um restaurante, um \u00f4nibus utilizado como transporte, por exemplo, participam do conceito constitucional de \u201ccasa\u201d.<\/p>\n<p>b) Em caso de infra\u00e7\u00f5es penais, o ingresso em casa alheia, mesmo sem autoriza\u00e7\u00e3o do titular, pode se dar sem mandado, inclusive durante a noite, esteja o crime ocorrendo ou na imin\u00eancia de ocorrer.<\/p>\n<p>c) As Comiss\u00f5es Parlamentares de Inqu\u00e9rito, por exercerem poderes de investiga\u00e7\u00e3o pr\u00f3prios das autoridades judiciais, podem, sem ordem judicial, determinar o ingresso for\u00e7ado em domic\u00edlio alheio.<\/p>\n<p>d) O conceito de \u201ccasa\u201d, aludido no artigo supra, tem que ser interpretado em car\u00e1ter restrito. Ou seja, \u201ccasa\u201d \u00e9 apenas a resid\u00eancia, a habita\u00e7\u00e3o com inten\u00e7\u00e3o definitiva de estabelecimento do indiv\u00edduo, n\u00e3o abrangendo o espa\u00e7o em que o indiv\u00edduo exerce qualquer atividade de \u00edndole profissional.<\/p>\n<p>e) Quaisquer ordens judiciais determinando a viola\u00e7\u00e3o de domic\u00edlio devem ser cumpridas durante o dia ou durante a noite.<\/p>\n<p><strong>Coment\u00e1rios:<\/strong><\/p>\n<p>A letra A est\u00e1 incorreta. De fato, para o STF, o conceito de \u201ccasa\u201d revela-se abrangente, estendendo-se a: <strong>i)<\/strong> <strong>qualquer compartimento habitado<\/strong>; <strong>ii)<\/strong> <strong>qualquer aposento ocupado de habita\u00e7\u00e3o coletiva<\/strong>; e <strong>iii)<\/strong> <strong>qualquer compartimento privado n\u00e3o aberto ao p\u00fablico<\/strong>, onde algu\u00e9m exerce profiss\u00e3o ou atividade pessoal.<a href=\"#_ftn1\" name=\"_ftnref1\">[1]<\/a> O erro da alternativa A \u00e9 que bares, restaurantes e \u00f4nibus n\u00e3o est\u00e3o compreendidos no conceito de casa, por n\u00e3o corresponderem a nenhuma dessas hip\u00f3teses (i, ii e iii).<\/p>\n<p>A letra B est\u00e1 correta. No caso de flagrante delito, o ingresso em casa alheia independe de autoriza\u00e7\u00e3o judicial, podendo ocorrer tanto de dia quanto de noite.<\/p>\n<p>A letra C est\u00e1 incorreta. Somente as autoridades judiciais podem determinar o ingresso for\u00e7ado em domic\u00edlio alheio. As CPIs n\u00e3o t\u00eam compet\u00eancia para faz\u00ea-lo.<\/p>\n<p>A letra D est\u00e1 incorreta. Segundo o STF, trata-se de conceito abrangente, que compreende, inclusive, o espa\u00e7o em que o indiv\u00edduo exerce qualquer atividade de \u00edndole profissional.<\/p>\n<p>A letra E est\u00e1 incorreta. A viola\u00e7\u00e3o de domic\u00edlio por ordem judicial s\u00f3 pode ocorrer durante o dia.<\/p>\n<p>O gabarito \u00e9 a letra B.<\/p>\n<p><strong>22) Compete privativamente ao Presidente da Rep\u00fablica, EXCETO:<\/strong><\/p>\n<p>a) nomear e exonerar os Ministros de Estado.<\/p>\n<p>b) decretar e executar a interven\u00e7\u00e3o federal.<\/p>\n<p>c) decretar o estado de defesa.<\/p>\n<p>d) vetar projetos de lei, total ou parcialmente.<\/p>\n<p>e) expedir instru\u00e7\u00f5es para a execu\u00e7\u00e3o das leis, decretos e regulamentos.<\/p>\n<p><strong>Coment\u00e1rios:<\/strong><\/p>\n<p>Todas as alternativas, com exce\u00e7\u00e3o da letra E, s\u00e3o compet\u00eancias privativas do Presidente da Rep\u00fablica, estando previstas no art. 84 da Constitui\u00e7\u00e3o. A letra E prev\u00ea uma compet\u00eancia dos Ministros de Estado (art. 87, par\u00e1grafo \u00fanico, II, CF) e \u00e9 o gabarito da quest\u00e3o.<\/p>\n<p><strong>23) Cl\u00e1udia, atendente de telecomunica\u00e7\u00f5es de sociedade de economia mista, acumula o emprego com cargo p\u00fablico de magist\u00e9rio. Nessa hip\u00f3tese, de acordo com entendimento doutrin\u00e1rio e jurisprudencial, assinale a alternativa correta.<\/strong><\/p>\n<p>a) Cl\u00e1udia n\u00e3o poder\u00e1 acumular os dois cargos p\u00fablicos, tendo em vista que a Carta Magna veda a acumula\u00e7\u00e3o remunerada de cargos p\u00fablicos.<\/p>\n<p>b) Cl\u00e1udia n\u00e3o poder\u00e1 acumular os dois cargos p\u00fablicos, tendo em vista que a atividade de telefonista se reveste de caracter\u00edsticas simples e repetitivas, de modo a afastar a incid\u00eancia do permissivo constitucional de acumula\u00e7\u00e3o de cargos.<\/p>\n<p>c) Cl\u00e1udia poder\u00e1 acumular os dois cargos p\u00fablicos, independentemente da compatibilidade de hor\u00e1rios, e em observ\u00e2ncia \u00e0 permiss\u00e3o constitucional de acumular um cargo de professor com outro t\u00e9cnico ou cient\u00edfico.<\/p>\n<p>d) Cl\u00e1udia poder\u00e1 acumular a remunera\u00e7\u00e3o desses dois cargos p\u00fablicos, se houver compatibilidade de hor\u00e1rios, e em observ\u00e2ncia \u00e0 permiss\u00e3o constitucional de acumular um cargo de professor com outro t\u00e9cnico ou cient\u00edfico.<\/p>\n<p>e) Cl\u00e1udia poder\u00e1 acumular a remunera\u00e7\u00e3o desses dois cargos, tendo em vista que a proibi\u00e7\u00e3o de acumular a remunera\u00e7\u00e3o de dois cargos n\u00e3o abrange autarquias, funda\u00e7\u00f5es, empresas p\u00fablicas, sociedades de economia mista, suas subsidi\u00e1rias e sociedades controladas direta ou indiretamente pelo Poder P\u00fablico.<\/p>\n<p><strong>Coment\u00e1rios:<\/strong><\/p>\n<p>A letra A est\u00e1 incorreta. De fato, a regra \u00e9 a veda\u00e7\u00e3o \u00e0 acumula\u00e7\u00e3o de cargos p\u00fablicos, mas h\u00e1 exce\u00e7\u00f5es (art. 37, XVI, CF).<\/p>\n<p>A letra B est\u00e1 correta e a letra D est\u00e1 incorreta. O STJ considera que cargos <strong><em>com natureza meramente burocr\u00e1tica<\/em><\/strong> n\u00e3o podem ser considerados t\u00e9cnicos ou cient\u00edficos. \u00c9 o caso do cargo de atendente de telecomunica\u00e7\u00f5es, ocupado por Cl\u00e1udia, que se reveste de caracter\u00edsticas simples e repetitivas.<\/p>\n<p>A letra C est\u00e1 incorreta. A <strong><em>compatibilidade de hor\u00e1rios<\/em><\/strong> \u00e9 requisito para a acumula\u00e7\u00e3o de cargos p\u00fablicos, nas hip\u00f3teses previstas na Constitui\u00e7\u00e3o. Al\u00e9m disso, o cargo de atendente de telecomunica\u00e7\u00f5es n\u00e3o pode ser considerado t\u00e9cnico ou cient\u00edfico, n\u00e3o podendo ser acumulado com o de professor.<\/p>\n<p>A letra E est\u00e1 incorreta. A proibi\u00e7\u00e3o de acumular estende-se a empregos e fun\u00e7\u00f5es e abrange autarquias, funda\u00e7\u00f5es, empresas p\u00fablicas, sociedades de economia mista, suas subsidi\u00e1rias, e sociedades controladas, direta ou indiretamente, pelo poder p\u00fablico (art. 37, XVII, CF).<\/p>\n<p>O gabarito \u00e9 a letra B.<\/p>\n<p><strong>24) As esp\u00e9cies normativas previstas na Constitui\u00e7\u00e3o da Rep\u00fablica Federativa do Brasil s\u00e3o fracionadas em emendas \u00e0 Constitui\u00e7\u00e3o, leis complementares, leis ordin\u00e1rias, leis delegadas, decretos legislativos, resolu\u00e7\u00f5es e medidas provis\u00f3rias. Sobre as emendas \u00e0 Constitui\u00e7\u00e3o, \u00e9 correto afirmar que:<\/strong><\/p>\n<p>a) cabe emenda \u00e0 Constitui\u00e7\u00e3o na vig\u00eancia de interven\u00e7\u00e3o federal, de estado de defesa ou de estado de s\u00edtio.<\/p>\n<p>b) o texto constitucional exige o qu\u00f3rum de um ter\u00e7o dos votos dos membros de cada uma das Casas do Congresso, exigido em dois turnos, com aprecia\u00e7\u00e3o em separado em cada C\u00e2mara, para aprova\u00e7\u00e3o de emenda constitucional.<\/p>\n<p>c) a forma federativa de Estado \u00e9 um exemplo de limita\u00e7\u00e3o material expl\u00edcita ao poder de reforma da Constitui\u00e7\u00e3o Federal, n\u00e3o sendo admiss\u00edvel a emenda tendente a aboli-la.<\/p>\n<p>d) a proposta de emenda rejeitada ou havida por prejudicada pode ser representada na mesma sess\u00e3o legislativa.<\/p>\n<p>e) a Constitui\u00e7\u00e3o poder\u00e1 ser emendada mediante proposta de mais da metade, no m\u00ednimo, dos membros da C\u00e2mara dos Deputados ou Senado Federal.<\/p>\n<p><strong>Coment\u00e1rios:<\/strong><\/p>\n<p>A letra A est\u00e1 incorreta. A Constitui\u00e7\u00e3o n\u00e3o pode ser reformada na vig\u00eancia de interven\u00e7\u00e3o federal, de estado de defesa ou de estado de s\u00edtio (art. 60, \u00a7 1<sup>o<\/sup>, CF). S\u00e3o as <strong><em>limita\u00e7\u00f5es circunstanciais<\/em><\/strong> ao poder de reforma.<\/p>\n<p>A letra B est\u00e1 incorreta. A Carta Magna exige o qu\u00f3rum de <strong><em>tr\u00eas quintos<\/em><\/strong> dos votos dos membros de cada uma das Casas do Congresso, exigido em dois turnos, com aprecia\u00e7\u00e3o em separado em cada C\u00e2mara, para aprova\u00e7\u00e3o de emenda constitucional (art. 60, \u00a7 2<sup>o<\/sup>, CF).<\/p>\n<p>A letra C est\u00e1 correta. Trata-se, de fato, de uma <strong><em>cl\u00e1usula p\u00e9trea<\/em><\/strong>, que n\u00e3o pode sofrer emenda tendente a aboli-la (art. 60, \u00a7 4<sup>o<\/sup>, I, CF).<\/p>\n<p>A letra D est\u00e1 incorreta. A mat\u00e9ria constante de proposta de emenda rejeitada ou havida por prejudicada n\u00e3o pode ser objeto de nova proposta na mesma sess\u00e3o legislativa (art. 60, \u00a7 5<sup>o<\/sup>, CF). A <strong><em>irrepetibilidade \u00e9 absoluta<\/em><\/strong>.<\/p>\n<p>A letra E est\u00e1 incorreta. a Constitui\u00e7\u00e3o poder\u00e1 ser emendada mediante proposta de <strong><em>um ter\u00e7o<\/em><\/strong>, no m\u00ednimo, dos membros da C\u00e2mara dos Deputados ou do Senado Federal<\/p>\n<p>O gabarito \u00e9 a letra C.<\/p>\n<p><strong>25) Conforme disp\u00f5e a Carta Magna, a s\u00famula vinculante editada pelo Supremo Tribunal Federal vincula:<\/strong><\/p>\n<p>a) a Administra\u00e7\u00e3o P\u00fablica federal e o Poder Executivo.<\/p>\n<p>b) os Poderes Judici\u00e1rio e Legislativo.<\/p>\n<p>c) a Administra\u00e7\u00e3o P\u00fablica federal.<\/p>\n<p>d) os \u00f3rg\u00e3os do Poder Judici\u00e1rio e Administra\u00e7\u00e3o P\u00fablica direta e indireta, nas esferas federal, estadual e municipal.<\/p>\n<p>e) o Superior Tribunal de Justi\u00e7a.<\/p>\n<p><strong>Coment\u00e1rios:<\/strong><\/p>\n<p>A s\u00famula vinculante editada pelo STF vincula <strong><em>os demais \u00f3rg\u00e3os do Poder Judici\u00e1rio<\/em><\/strong> e a administra\u00e7\u00e3o p\u00fablica direta e indireta, nas esferas federal, estadual e municipal (art. 103-A, \u201ccaput\u201d, CF).<\/p>\n<p>Na minha opini\u00e3o, a quest\u00e3o <strong><em>deveria ser anulada<\/em><\/strong>, uma vez que a s\u00famula vinculante <strong><em>n\u00e3o vincula o pr\u00f3prio STF<\/em><\/strong>. A letra D, que foi considerada correta no gabarito preliminar, n\u00e3o deixou isso claro. Faltou dizer que a s\u00famula vincula os \u201cdemais \u00f3rg\u00e3os\u201d do Poder Judici\u00e1rio, n\u00e3o todos eles.<\/p>\n<p>Abra\u00e7os,<\/p>\n<p>N\u00e1dia Carolina<\/p>\n<p><strong><a href=\"https:\/\/dhg1h5j42swfq.cloudfront.net\/2016\/02\/03151842\/Periscope.png\" rel=\"attachment wp-att-32733\"><img loading=\"lazy\" decoding=\"async\" class=\"alignnone size-full wp-image-32733\" src=\"https:\/\/dhg1h5j42swfq.cloudfront.net\/2016\/02\/03151842\/Periscope.png\" alt=\"Periscope\" width=\"75\" height=\"76\" \/><\/a><\/strong>: <em><strong>@NadiaCarolStos<\/strong><\/em><\/p>\n<p><strong><a href=\"https:\/\/dhg1h5j42swfq.cloudfront.net\/2016\/02\/03152041\/imagem-facebook.png\" rel=\"attachment wp-att-32735\"><img loading=\"lazy\" decoding=\"async\" class=\"alignnone size-full wp-image-32735\" src=\"https:\/\/dhg1h5j42swfq.cloudfront.net\/2016\/02\/03152041\/imagem-facebook.png\" alt=\"imagem facebook\" width=\"70\" height=\"70\" \/><\/a>: Clique no\u00a0<\/strong> <a href=\"https:\/\/www.facebook.com\/nadia.c.santos.16\" target=\"_blank\">LINK<\/a><\/p>\n<p><strong><a href=\"https:\/\/dhg1h5j42swfq.cloudfront.net\/2016\/02\/03152106\/youtube.png\" rel=\"attachment wp-att-32736\"><img loading=\"lazy\" decoding=\"async\" class=\"alignnone size-full wp-image-32736\" src=\"https:\/\/dhg1h5j42swfq.cloudfront.net\/2016\/02\/03152106\/youtube.png\" alt=\"youtube\" width=\"92\" height=\"64\" \/><\/a>\u00a0(Ricardo Vale):<\/strong>\u00a0 Clique no\u00a0<a href=\"https:\/\/www.youtube.com\/channel\/UC32LlMyS96biplI715yzS9Q\" target=\"_blank\">LINK<\/a><\/p>\n<p><strong>\u00a0<\/strong><\/p>\n<p>&nbsp;<\/p>\n<p><a href=\"#_ftnref1\" name=\"_ftn1\">[1]<\/a> <a href=\"http:\/\/redir.stf.jus.br\/paginador\/paginador.jsp?docTP=AC&amp;docID=539135&amp;pgI=1&amp;pgF=100000\">HC 93.050<\/a>, Rel. Min. Celso de Mello, julgamento em 10-6-2008, Segunda Turma, <em>DJE<\/em> de 1\u00ba-8-2008.<\/p>\n","protected":false},"excerpt":{"rendered":"<p>Ol\u00e1, pessoal, tudo bem? Comentarei, hoje, a prova de Direito Constitucional do concurso ANS, cargos de T\u00e9cnico Administrativo e de T\u00e9cnico em Regula\u00e7\u00e3o de Sa\u00fade Suplementar, cujos gabaritos preliminares foram divulgados pela FUNCAB. Prova Comentada de Direito Constitucional da ANS (T\u00e9cnico Administrativo) 21) A Constitui\u00e7\u00e3o da Rep\u00fablica Federativa do Brasil \u00e9 classificada como: a) promulgada, [&hellip;]<\/p>\n","protected":false},"author":58,"featured_media":0,"comment_status":"open","ping_status":"open","sticky":false,"template":"","format":"standard","meta":{"post_tipo":"article","footnotes":""},"categories":[1],"tags":[],"tax_estado":[],"class_list":["post-33852","post","type-post","status-publish","format-standard","hentry","category-cursos-e-concursos"],"acf":[],"yoast_head":"<!-- This site is optimized with the Yoast SEO Premium plugin v27.2 (Yoast SEO v27.2) - https:\/\/yoast.com\/product\/yoast-seo-premium-wordpress\/ -->\n<title>Coment\u00e1rios \u00e0 Prova de Direito Constitucional do Concurso ANS - Cabe Recurso!<\/title>\n<meta name=\"description\" content=\"Neste artigo, a professora N\u00e1dia comenta a prova de Direito Constitucional do Concurso ANS, banca FUNCAB. Saiba mais...\" \/>\n<meta name=\"robots\" content=\"index, follow, max-snippet:-1, max-image-preview:large, max-video-preview:-1\" \/>\n<link rel=\"canonical\" href=\"https:\/\/www.estrategiaconcursos.com.br\/blog\/comentarios-prova-de-direito-constitucional-do-concurso-ans-cabe-recurso\/\" \/>\n<meta property=\"og:locale\" content=\"pt_BR\" \/>\n<meta property=\"og:type\" content=\"article\" \/>\n<meta property=\"og:title\" content=\"Coment\u00e1rios \u00e0 Prova de Direito Constitucional do Concurso ANS - Cabe Recurso!\" \/>\n<meta property=\"og:description\" content=\"Neste artigo, a professora N\u00e1dia comenta a prova de Direito Constitucional do Concurso ANS, banca FUNCAB. Saiba mais...\" \/>\n<meta property=\"og:url\" content=\"https:\/\/www.estrategiaconcursos.com.br\/blog\/comentarios-prova-de-direito-constitucional-do-concurso-ans-cabe-recurso\/\" \/>\n<meta property=\"og:site_name\" content=\"Estrat\u00e9gia Concursos\" \/>\n<meta property=\"article:author\" content=\"https:\/\/www.facebook.com\/nadia.c.santos.16\" \/>\n<meta property=\"article:published_time\" content=\"2016-02-24T03:12:05+00:00\" \/>\n<meta property=\"og:image\" content=\"https:\/\/dhg1h5j42swfq.cloudfront.net\/2016\/02\/03151842\/Periscope.png\" \/>\n<meta name=\"author\" content=\"N\u00e1dia Carolina\" \/>\n<meta name=\"twitter:card\" content=\"summary_large_image\" \/>\n<meta name=\"twitter:creator\" content=\"@EstratConcursos\" \/>\n<meta name=\"twitter:site\" content=\"@EstratConcursos\" \/>\n<meta name=\"twitter:label1\" content=\"Escrito por\" \/>\n\t<meta name=\"twitter:data1\" content=\"N\u00e1dia Carolina\" \/>\n\t<meta name=\"twitter:label2\" content=\"Est. tempo de leitura\" \/>\n\t<meta name=\"twitter:data2\" content=\"14 minutos\" \/>\n<script type=\"application\/ld+json\" class=\"yoast-schema-graph\">{\"@context\":\"https:\/\/schema.org\",\"@graph\":[{\"@type\":\"NewsArticle\",\"@id\":\"https:\/\/www.estrategiaconcursos.com.br\/blog\/comentarios-prova-de-direito-constitucional-do-concurso-ans-cabe-recurso\/#article\",\"isPartOf\":{\"@id\":\"https:\/\/www.estrategiaconcursos.com.br\/blog\/comentarios-prova-de-direito-constitucional-do-concurso-ans-cabe-recurso\/\"},\"author\":{\"name\":\"N\u00e1dia Carolina\",\"@id\":\"https:\/\/www.estrategiaconcursos.com.br\/blog\/#\/schema\/person\/bf1b1d1865628ae32d608d5bad5442c6\"},\"headline\":\"Coment\u00e1rios \u00e0 Prova de Direito Constitucional do Concurso ANS &#8211; Cabe Recurso!\",\"datePublished\":\"2016-02-24T03:12:05+00:00\",\"mainEntityOfPage\":{\"@id\":\"https:\/\/www.estrategiaconcursos.com.br\/blog\/comentarios-prova-de-direito-constitucional-do-concurso-ans-cabe-recurso\/\"},\"wordCount\":2784,\"commentCount\":4,\"publisher\":{\"@id\":\"https:\/\/www.estrategiaconcursos.com.br\/blog\/#organization\"},\"image\":{\"@id\":\"https:\/\/www.estrategiaconcursos.com.br\/blog\/comentarios-prova-de-direito-constitucional-do-concurso-ans-cabe-recurso\/#primaryimage\"},\"thumbnailUrl\":\"https:\/\/dhg1h5j42swfq.cloudfront.net\/2016\/02\/03151842\/Periscope.png\",\"articleSection\":[\"Concursos P\u00fablicos\"],\"inLanguage\":\"pt-BR\",\"potentialAction\":[{\"@type\":\"CommentAction\",\"name\":\"Comment\",\"target\":[\"https:\/\/www.estrategiaconcursos.com.br\/blog\/comentarios-prova-de-direito-constitucional-do-concurso-ans-cabe-recurso\/#respond\"]}],\"copyrightYear\":\"2016\",\"copyrightHolder\":{\"@id\":\"https:\/\/www.estrategiaconcursos.com.br\/blog\/#organization\"}},{\"@type\":\"WebPage\",\"@id\":\"https:\/\/www.estrategiaconcursos.com.br\/blog\/comentarios-prova-de-direito-constitucional-do-concurso-ans-cabe-recurso\/\",\"url\":\"https:\/\/www.estrategiaconcursos.com.br\/blog\/comentarios-prova-de-direito-constitucional-do-concurso-ans-cabe-recurso\/\",\"name\":\"Coment\u00e1rios \u00e0 Prova de Direito Constitucional do Concurso ANS - Cabe Recurso!\",\"isPartOf\":{\"@id\":\"https:\/\/www.estrategiaconcursos.com.br\/blog\/#website\"},\"primaryImageOfPage\":{\"@id\":\"https:\/\/www.estrategiaconcursos.com.br\/blog\/comentarios-prova-de-direito-constitucional-do-concurso-ans-cabe-recurso\/#primaryimage\"},\"image\":{\"@id\":\"https:\/\/www.estrategiaconcursos.com.br\/blog\/comentarios-prova-de-direito-constitucional-do-concurso-ans-cabe-recurso\/#primaryimage\"},\"thumbnailUrl\":\"https:\/\/dhg1h5j42swfq.cloudfront.net\/2016\/02\/03151842\/Periscope.png\",\"datePublished\":\"2016-02-24T03:12:05+00:00\",\"description\":\"Neste artigo, a professora N\u00e1dia comenta a prova de Direito Constitucional do Concurso ANS, banca FUNCAB. Saiba mais...\",\"breadcrumb\":{\"@id\":\"https:\/\/www.estrategiaconcursos.com.br\/blog\/comentarios-prova-de-direito-constitucional-do-concurso-ans-cabe-recurso\/#breadcrumb\"},\"inLanguage\":\"pt-BR\",\"potentialAction\":[{\"@type\":\"ReadAction\",\"target\":[\"https:\/\/www.estrategiaconcursos.com.br\/blog\/comentarios-prova-de-direito-constitucional-do-concurso-ans-cabe-recurso\/\"]}]},{\"@type\":\"ImageObject\",\"inLanguage\":\"pt-BR\",\"@id\":\"https:\/\/www.estrategiaconcursos.com.br\/blog\/comentarios-prova-de-direito-constitucional-do-concurso-ans-cabe-recurso\/#primaryimage\",\"url\":\"https:\/\/dhg1h5j42swfq.cloudfront.net\/2016\/02\/03151842\/Periscope.png\",\"contentUrl\":\"https:\/\/dhg1h5j42swfq.cloudfront.net\/2016\/02\/03151842\/Periscope.png\"},{\"@type\":\"BreadcrumbList\",\"@id\":\"https:\/\/www.estrategiaconcursos.com.br\/blog\/comentarios-prova-de-direito-constitucional-do-concurso-ans-cabe-recurso\/#breadcrumb\",\"itemListElement\":[{\"@type\":\"ListItem\",\"position\":1,\"name\":\"In\u00edcio\",\"item\":\"https:\/\/www.estrategiaconcursos.com.br\/blog\/\"},{\"@type\":\"ListItem\",\"position\":2,\"name\":\"Coment\u00e1rios \u00e0 Prova de Direito Constitucional do Concurso ANS &#8211; Cabe Recurso!\"}]},{\"@type\":\"WebSite\",\"@id\":\"https:\/\/www.estrategiaconcursos.com.br\/blog\/#website\",\"url\":\"https:\/\/www.estrategiaconcursos.com.br\/blog\/\",\"name\":\"Estrat\u00e9gia Concursos\",\"description\":\"O blog da Estrat\u00e9gia Concursos traz not\u00edcias sobre concursos e artigos de professores oferecendo cursos para concursos (pdf + videaulas) no site.\",\"publisher\":{\"@id\":\"https:\/\/www.estrategiaconcursos.com.br\/blog\/#organization\"},\"potentialAction\":[{\"@type\":\"SearchAction\",\"target\":{\"@type\":\"EntryPoint\",\"urlTemplate\":\"https:\/\/www.estrategiaconcursos.com.br\/blog\/?s={search_term_string}\"},\"query-input\":{\"@type\":\"PropertyValueSpecification\",\"valueRequired\":true,\"valueName\":\"search_term_string\"}}],\"inLanguage\":\"pt-BR\"},{\"@type\":\"Organization\",\"@id\":\"https:\/\/www.estrategiaconcursos.com.br\/blog\/#organization\",\"name\":\"Estrat\u00e9gia Concursos\",\"url\":\"https:\/\/www.estrategiaconcursos.com.br\/blog\/\",\"logo\":{\"@type\":\"ImageObject\",\"inLanguage\":\"pt-BR\",\"@id\":\"https:\/\/www.estrategiaconcursos.com.br\/blog\/#\/schema\/logo\/image\/\",\"url\":\"https:\/\/dhg1h5j42swfq.cloudfront.net\/2025\/06\/03203428\/logo_concursos-1.jpg\",\"contentUrl\":\"https:\/\/dhg1h5j42swfq.cloudfront.net\/2025\/06\/03203428\/logo_concursos-1.jpg\",\"width\":230,\"height\":60,\"caption\":\"Estrat\u00e9gia Concursos\"},\"image\":{\"@id\":\"https:\/\/www.estrategiaconcursos.com.br\/blog\/#\/schema\/logo\/image\/\"},\"sameAs\":[\"https:\/\/x.com\/EstratConcursos\"]},{\"@type\":\"Person\",\"@id\":\"https:\/\/www.estrategiaconcursos.com.br\/blog\/#\/schema\/person\/bf1b1d1865628ae32d608d5bad5442c6\",\"name\":\"N\u00e1dia Carolina\",\"image\":{\"@type\":\"ImageObject\",\"inLanguage\":\"pt-BR\",\"@id\":\"https:\/\/secure.gravatar.com\/avatar\/0ec0c484339a071f22ea5ced30956ccdaab0f83125b2dc1857c3b038404136a7?s=96&d=mm&r=g\",\"url\":\"https:\/\/secure.gravatar.com\/avatar\/0ec0c484339a071f22ea5ced30956ccdaab0f83125b2dc1857c3b038404136a7?s=96&d=mm&r=g\",\"contentUrl\":\"https:\/\/secure.gravatar.com\/avatar\/0ec0c484339a071f22ea5ced30956ccdaab0f83125b2dc1857c3b038404136a7?s=96&d=mm&r=g\",\"caption\":\"N\u00e1dia Carolina\"},\"sameAs\":[\"https:\/\/www.facebook.com\/nadia.c.santos.16\"],\"url\":\"https:\/\/www.estrategiaconcursos.com.br\/blog\/author\/nadiaestrategiaconcursos-com-br\/\"}]}<\/script>\n<!-- \/ Yoast SEO Premium plugin. -->","yoast_head_json":{"title":"Coment\u00e1rios \u00e0 Prova de Direito Constitucional do Concurso ANS - Cabe Recurso!","description":"Neste artigo, a professora N\u00e1dia comenta a prova de Direito Constitucional do Concurso ANS, banca FUNCAB. Saiba mais...","robots":{"index":"index","follow":"follow","max-snippet":"max-snippet:-1","max-image-preview":"max-image-preview:large","max-video-preview":"max-video-preview:-1"},"canonical":"https:\/\/www.estrategiaconcursos.com.br\/blog\/comentarios-prova-de-direito-constitucional-do-concurso-ans-cabe-recurso\/","og_locale":"pt_BR","og_type":"article","og_title":"Coment\u00e1rios \u00e0 Prova de Direito Constitucional do Concurso ANS - Cabe Recurso!","og_description":"Neste artigo, a professora N\u00e1dia comenta a prova de Direito Constitucional do Concurso ANS, banca FUNCAB. Saiba mais...","og_url":"https:\/\/www.estrategiaconcursos.com.br\/blog\/comentarios-prova-de-direito-constitucional-do-concurso-ans-cabe-recurso\/","og_site_name":"Estrat\u00e9gia Concursos","article_author":"https:\/\/www.facebook.com\/nadia.c.santos.16","article_published_time":"2016-02-24T03:12:05+00:00","og_image":[{"url":"https:\/\/dhg1h5j42swfq.cloudfront.net\/2016\/02\/03151842\/Periscope.png","type":"","width":"","height":""}],"author":"N\u00e1dia Carolina","twitter_card":"summary_large_image","twitter_creator":"@EstratConcursos","twitter_site":"@EstratConcursos","twitter_misc":{"Escrito por":"N\u00e1dia Carolina","Est. tempo de leitura":"14 minutos"},"schema":{"@context":"https:\/\/schema.org","@graph":[{"@type":"NewsArticle","@id":"https:\/\/www.estrategiaconcursos.com.br\/blog\/comentarios-prova-de-direito-constitucional-do-concurso-ans-cabe-recurso\/#article","isPartOf":{"@id":"https:\/\/www.estrategiaconcursos.com.br\/blog\/comentarios-prova-de-direito-constitucional-do-concurso-ans-cabe-recurso\/"},"author":{"name":"N\u00e1dia Carolina","@id":"https:\/\/www.estrategiaconcursos.com.br\/blog\/#\/schema\/person\/bf1b1d1865628ae32d608d5bad5442c6"},"headline":"Coment\u00e1rios \u00e0 Prova de Direito Constitucional do Concurso ANS &#8211; Cabe Recurso!","datePublished":"2016-02-24T03:12:05+00:00","mainEntityOfPage":{"@id":"https:\/\/www.estrategiaconcursos.com.br\/blog\/comentarios-prova-de-direito-constitucional-do-concurso-ans-cabe-recurso\/"},"wordCount":2784,"commentCount":4,"publisher":{"@id":"https:\/\/www.estrategiaconcursos.com.br\/blog\/#organization"},"image":{"@id":"https:\/\/www.estrategiaconcursos.com.br\/blog\/comentarios-prova-de-direito-constitucional-do-concurso-ans-cabe-recurso\/#primaryimage"},"thumbnailUrl":"https:\/\/dhg1h5j42swfq.cloudfront.net\/2016\/02\/03151842\/Periscope.png","articleSection":["Concursos P\u00fablicos"],"inLanguage":"pt-BR","potentialAction":[{"@type":"CommentAction","name":"Comment","target":["https:\/\/www.estrategiaconcursos.com.br\/blog\/comentarios-prova-de-direito-constitucional-do-concurso-ans-cabe-recurso\/#respond"]}],"copyrightYear":"2016","copyrightHolder":{"@id":"https:\/\/www.estrategiaconcursos.com.br\/blog\/#organization"}},{"@type":"WebPage","@id":"https:\/\/www.estrategiaconcursos.com.br\/blog\/comentarios-prova-de-direito-constitucional-do-concurso-ans-cabe-recurso\/","url":"https:\/\/www.estrategiaconcursos.com.br\/blog\/comentarios-prova-de-direito-constitucional-do-concurso-ans-cabe-recurso\/","name":"Coment\u00e1rios \u00e0 Prova de Direito Constitucional do Concurso ANS - Cabe Recurso!","isPartOf":{"@id":"https:\/\/www.estrategiaconcursos.com.br\/blog\/#website"},"primaryImageOfPage":{"@id":"https:\/\/www.estrategiaconcursos.com.br\/blog\/comentarios-prova-de-direito-constitucional-do-concurso-ans-cabe-recurso\/#primaryimage"},"image":{"@id":"https:\/\/www.estrategiaconcursos.com.br\/blog\/comentarios-prova-de-direito-constitucional-do-concurso-ans-cabe-recurso\/#primaryimage"},"thumbnailUrl":"https:\/\/dhg1h5j42swfq.cloudfront.net\/2016\/02\/03151842\/Periscope.png","datePublished":"2016-02-24T03:12:05+00:00","description":"Neste artigo, a professora N\u00e1dia comenta a prova de Direito Constitucional do Concurso ANS, banca FUNCAB. Saiba mais...","breadcrumb":{"@id":"https:\/\/www.estrategiaconcursos.com.br\/blog\/comentarios-prova-de-direito-constitucional-do-concurso-ans-cabe-recurso\/#breadcrumb"},"inLanguage":"pt-BR","potentialAction":[{"@type":"ReadAction","target":["https:\/\/www.estrategiaconcursos.com.br\/blog\/comentarios-prova-de-direito-constitucional-do-concurso-ans-cabe-recurso\/"]}]},{"@type":"ImageObject","inLanguage":"pt-BR","@id":"https:\/\/www.estrategiaconcursos.com.br\/blog\/comentarios-prova-de-direito-constitucional-do-concurso-ans-cabe-recurso\/#primaryimage","url":"https:\/\/dhg1h5j42swfq.cloudfront.net\/2016\/02\/03151842\/Periscope.png","contentUrl":"https:\/\/dhg1h5j42swfq.cloudfront.net\/2016\/02\/03151842\/Periscope.png"},{"@type":"BreadcrumbList","@id":"https:\/\/www.estrategiaconcursos.com.br\/blog\/comentarios-prova-de-direito-constitucional-do-concurso-ans-cabe-recurso\/#breadcrumb","itemListElement":[{"@type":"ListItem","position":1,"name":"In\u00edcio","item":"https:\/\/www.estrategiaconcursos.com.br\/blog\/"},{"@type":"ListItem","position":2,"name":"Coment\u00e1rios \u00e0 Prova de Direito Constitucional do Concurso ANS &#8211; Cabe Recurso!"}]},{"@type":"WebSite","@id":"https:\/\/www.estrategiaconcursos.com.br\/blog\/#website","url":"https:\/\/www.estrategiaconcursos.com.br\/blog\/","name":"Estrat\u00e9gia Concursos","description":"O blog da Estrat\u00e9gia Concursos traz not\u00edcias sobre concursos e artigos de professores oferecendo cursos para concursos (pdf + videaulas) no site.","publisher":{"@id":"https:\/\/www.estrategiaconcursos.com.br\/blog\/#organization"},"potentialAction":[{"@type":"SearchAction","target":{"@type":"EntryPoint","urlTemplate":"https:\/\/www.estrategiaconcursos.com.br\/blog\/?s={search_term_string}"},"query-input":{"@type":"PropertyValueSpecification","valueRequired":true,"valueName":"search_term_string"}}],"inLanguage":"pt-BR"},{"@type":"Organization","@id":"https:\/\/www.estrategiaconcursos.com.br\/blog\/#organization","name":"Estrat\u00e9gia Concursos","url":"https:\/\/www.estrategiaconcursos.com.br\/blog\/","logo":{"@type":"ImageObject","inLanguage":"pt-BR","@id":"https:\/\/www.estrategiaconcursos.com.br\/blog\/#\/schema\/logo\/image\/","url":"https:\/\/dhg1h5j42swfq.cloudfront.net\/2025\/06\/03203428\/logo_concursos-1.jpg","contentUrl":"https:\/\/dhg1h5j42swfq.cloudfront.net\/2025\/06\/03203428\/logo_concursos-1.jpg","width":230,"height":60,"caption":"Estrat\u00e9gia Concursos"},"image":{"@id":"https:\/\/www.estrategiaconcursos.com.br\/blog\/#\/schema\/logo\/image\/"},"sameAs":["https:\/\/x.com\/EstratConcursos"]},{"@type":"Person","@id":"https:\/\/www.estrategiaconcursos.com.br\/blog\/#\/schema\/person\/bf1b1d1865628ae32d608d5bad5442c6","name":"N\u00e1dia Carolina","image":{"@type":"ImageObject","inLanguage":"pt-BR","@id":"https:\/\/secure.gravatar.com\/avatar\/0ec0c484339a071f22ea5ced30956ccdaab0f83125b2dc1857c3b038404136a7?s=96&d=mm&r=g","url":"https:\/\/secure.gravatar.com\/avatar\/0ec0c484339a071f22ea5ced30956ccdaab0f83125b2dc1857c3b038404136a7?s=96&d=mm&r=g","contentUrl":"https:\/\/secure.gravatar.com\/avatar\/0ec0c484339a071f22ea5ced30956ccdaab0f83125b2dc1857c3b038404136a7?s=96&d=mm&r=g","caption":"N\u00e1dia Carolina"},"sameAs":["https:\/\/www.facebook.com\/nadia.c.santos.16"],"url":"https:\/\/www.estrategiaconcursos.com.br\/blog\/author\/nadiaestrategiaconcursos-com-br\/"}]}},"_links":{"self":[{"href":"https:\/\/www.estrategiaconcursos.com.br\/blog\/wp-json\/wp\/v2\/posts\/33852","targetHints":{"allow":["GET"]}}],"collection":[{"href":"https:\/\/www.estrategiaconcursos.com.br\/blog\/wp-json\/wp\/v2\/posts"}],"about":[{"href":"https:\/\/www.estrategiaconcursos.com.br\/blog\/wp-json\/wp\/v2\/types\/post"}],"author":[{"embeddable":true,"href":"https:\/\/www.estrategiaconcursos.com.br\/blog\/wp-json\/wp\/v2\/users\/58"}],"replies":[{"embeddable":true,"href":"https:\/\/www.estrategiaconcursos.com.br\/blog\/wp-json\/wp\/v2\/comments?post=33852"}],"version-history":[{"count":8,"href":"https:\/\/www.estrategiaconcursos.com.br\/blog\/wp-json\/wp\/v2\/posts\/33852\/revisions"}],"predecessor-version":[{"id":33861,"href":"https:\/\/www.estrategiaconcursos.com.br\/blog\/wp-json\/wp\/v2\/posts\/33852\/revisions\/33861"}],"wp:attachment":[{"href":"https:\/\/www.estrategiaconcursos.com.br\/blog\/wp-json\/wp\/v2\/media?parent=33852"}],"wp:term":[{"taxonomy":"category","embeddable":true,"href":"https:\/\/www.estrategiaconcursos.com.br\/blog\/wp-json\/wp\/v2\/categories?post=33852"},{"taxonomy":"post_tag","embeddable":true,"href":"https:\/\/www.estrategiaconcursos.com.br\/blog\/wp-json\/wp\/v2\/tags?post=33852"},{"taxonomy":"tax_estado","embeddable":true,"href":"https:\/\/www.estrategiaconcursos.com.br\/blog\/wp-json\/wp\/v2\/tax_estado?post=33852"}],"curies":[{"name":"wp","href":"https:\/\/api.w.org\/{rel}","templated":true}]}}