{"id":33828,"date":"2016-02-23T18:25:13","date_gmt":"2016-02-23T21:25:13","guid":{"rendered":"http:\/\/www.estrategiaconcursos.com.br\/blog\/?p=33828"},"modified":"2016-02-23T20:18:44","modified_gmt":"2016-02-23T23:18:44","slug":"trt-23a-regiao-prova-de-sustentabilidade-comentada","status":"publish","type":"post","link":"https:\/\/www.estrategiaconcursos.com.br\/blog\/trt-23a-regiao-prova-de-sustentabilidade-comentada\/","title":{"rendered":"TRT 23\u00aa Regi\u00e3o &#8211; Prova de Sustentabilidade Comentada"},"content":{"rendered":"<p><em><strong>Ol\u00e1, pessoal!<\/strong><\/em><\/p>\n<p>Espero que tenham feito boa prova!<\/p>\n<p>A prova de No\u00e7\u00f5es de Sustentabilidade ficou dentro do esperado e todas as quest\u00f5es foram apresentadas no nosso material.<\/p>\n<p>A prova foi bem decoreba mesmo, seguindo o padr\u00e3o da FCC para quest\u00f5es de legisla\u00e7\u00e3o. Como havia alertado, a cobran\u00e7a seria da lei seca, letra da lei mesmo e era necess\u00e1rio memorizar os dispositivos.<\/p>\n<p>Abaixo est\u00e3o as quest\u00f5es da prova de T\u00e9cnico Judici\u00e1rio\u00a0\u00c1rea Administrativa. Coloquei a refer\u00eancia na legisla\u00e7\u00e3o e tamb\u00e9m as p\u00e1ginas do nosso material em que voc\u00eas podem encontrar as respostas para as quest\u00f5es.<\/p>\n<p><strong>15. De acordo com a Lei n\u00ba 12.305\/2010, o plano estadual de res\u00edduos s\u00f3lidos que abranger\u00e1 todo o territ\u00f3rio de um Estado, ser\u00e1 elaborado para vig\u00eancia<\/strong><\/p>\n<p><strong>(A) por prazo indeterminado, com horizonte de doze\u00a0 anos e revis\u00f5es a cada tr\u00eas anos.<\/strong><\/p>\n<p><strong>(B) pelo prazo de dez anos, com revis\u00f5es a cada dois anos.<\/strong><\/p>\n<p><strong>(C) por prazo indeterminado, com horizonte de vinte anos, a ser atualizado a cada 4 anos.<\/strong><\/p>\n<p><strong>(D) por prazo indeterminado, com horizonte de quinze anos e revis\u00f5es a cada cinco anos.<\/strong><\/p>\n<p><strong>(E) pelo prazo de quinze anos, com revis\u00f5es a cada tr\u00eas anos.<\/strong><\/p>\n<p><strong>Gabarito: Letra C.<\/strong><\/p>\n<p>De acordo com o art. 17, da PNRS, temos que o \u00a0plano estadual de res\u00edduos s\u00f3lidos ser\u00e1 elaborado para vig\u00eancia por prazo indeterminado, abrangendo todo o territ\u00f3rio do Estado, com horizonte de atua\u00e7\u00e3o de 20 (vinte) anos e revis\u00f5es a cada 4 (quatro) anos.<\/p>\n<ul>\n<li><em><strong>P\u00e1gina 20 da aula 01 e p\u00e1gina 9 do Bizu.<\/strong><\/em><\/li>\n<\/ul>\n<p>&nbsp;<\/p>\n<p><strong>16. De acordo com o Decreto n\u00ba 7.746\/2012, a fun\u00e7\u00e3o de Secretaria-Executiva da Comiss\u00e3o Interministerial de Sustentabilidade na Administra\u00e7\u00e3o P\u00fablica \u2212 CISAP ser\u00e1 exercida pela Secretaria<\/strong><\/p>\n<p><strong>(A) do Meio-Ambiente e Desenvolvimento Ambiental.<\/strong><\/p>\n<p><strong>(B) de Log\u00edstica e Tecnologia da Informa\u00e7\u00e3o.<\/strong><\/p>\n<p><strong>(C) do Patrim\u00f4nio da Uni\u00e3o.<\/strong><\/p>\n<p><strong>(D) da Fazenda.<\/strong><\/p>\n<p><strong>(E) da Assist\u00eancia Social.<\/strong><\/p>\n<p><strong>Gabarito: Letra B. <\/strong><\/p>\n<p>Consoante disp\u00f5e o art. 15, \u00a7 2<u><sup>o<\/sup><\/u>, do Decreto n\u00ba 7.746\/2012, a Secretaria de Log\u00edstica e Tecnologia da Informa\u00e7\u00e3o exercer\u00e1 a fun\u00e7\u00e3o de Secretaria-Executiva da CISAP.<\/p>\n<ul>\n<li><em><strong>P\u00e1gina 9 da aula 03.<\/strong><\/em><\/li>\n<\/ul>\n<p>&nbsp;<\/p>\n<p><strong>17. Considere:<\/strong><\/p>\n<p><strong>I Direitos Humanos.<\/strong><\/p>\n<p><strong>II Pr\u00e1ticas internas de trabalho.<\/strong><\/p>\n<p><strong>III. Pr\u00e1ticas leais de opera\u00e7\u00e3o.<\/strong><\/p>\n<p><strong>IV Quest\u00f5es relativas ao usu\u00e1rio-cidad\u00e3o.<\/strong><\/p>\n<p><strong>De acordo com o Ato Conjunto CSJT.TST.GP n 24\/2014, s\u00e3o, dentre outros, eixos de atua\u00e7\u00e3o da PNRSJT os indicados em<\/strong><\/p>\n<p><strong>(A) II e III, apenas.<\/strong><\/p>\n<p><strong>(B) I, II e III, apenas.<\/strong><\/p>\n<p><strong>(C) I, II, III e IV.<\/strong><\/p>\n<p><strong>(D) I, II e IV, apenas.<\/strong><\/p>\n<p><strong>(E) III e IV, apenas.<\/strong><\/p>\n<p><strong>Gabarito: Letra C.<\/strong><\/p>\n<p>No art. 18 do Ato Conjunto CSJT.TST.GP n 24\/2014, temos os eixos de atua\u00e7\u00e3o da PNRSJT:<\/p>\n<p>I &#8211; Direitos Humanos; II &#8211; Pr\u00e1ticas internas de trabalho; III &#8211; Meio ambiente; IV &#8211; Pr\u00e1ticas leais de opera\u00e7\u00e3o; V &#8211; Quest\u00f5es relativas ao usu\u00e1rio-cidad\u00e3o; VI &#8211; Envolvimento e desenvolvimento da comunidade.<\/p>\n<ul>\n<li><em><strong>P\u00e1ginas 53 e 54 da aula 04 + Quest\u00e3o 15 do simulado, p\u00e1gina 77 da aula 04 + P\u00e1gina 41 do Bizu.<\/strong><\/em><\/li>\n<\/ul>\n<p>Essa era esperada pelo padr\u00e3o decoreba da FCC.<\/p>\n<p>&nbsp;<\/p>\n<p><strong>18. De acordo com o PLANO DE LOG\u00cdSTICA SUSTENT\u00c1VEL DO PODER JUDICI\u00c1RIO \u2212 PLS-PJ, os \u00f3rg\u00e3os e conselhos do Poder Judici\u00e1rio dever\u00e3o constituir comiss\u00e3o gestora do PLS-PJ composta por, no m\u00ednimo,<\/strong><\/p>\n<p><strong>(A) 10 servidores, que ser\u00e3o designados pela alta administra\u00e7\u00e3o no prazo de 30 dias a partir da constitui\u00e7\u00e3o das unidades ou n\u00facleos socioambientais.<\/strong><\/p>\n<p><strong>(B) 7 servidores, que ser\u00e3o designados pela alta administra\u00e7\u00e3o no prazo de 60 dias a partir da constitui\u00e7\u00e3o das unidades ou n\u00facleos socioambientais.<\/strong><\/p>\n<p><strong>(C) 10 servidores, que ser\u00e3o designados pela alta administra\u00e7\u00e3o no prazo de 60 dias a partir da constitui\u00e7\u00e3o das unidades ou n\u00facleos socioambientais.<\/strong><\/p>\n<p><strong>(D) 5 servidores, que ser\u00e3o designados pela alta administra\u00e7\u00e3o no prazo de 30 dias a partir da constitui\u00e7\u00e3o das unidades ou n\u00facleos socioambientais.<\/strong><\/p>\n<p><strong>(E) 5 servidores, que ser\u00e3o designados pela alta administra\u00e7\u00e3o no prazo de 120 dias a partir da constitui\u00e7\u00e3o das unidades ou n\u00facleos socioambientais.<\/strong><\/p>\n<p><strong>Gabarito: Letra D.<\/strong><\/p>\n<p>Art. 12, da Resolu\u00e7\u00e3o N\u00ba 201\/15.<\/p>\n<p>Os \u00f3rg\u00e3os e conselhos do Poder Judici\u00e1rio dever\u00e3o constituir comiss\u00e3o gestora do PLS-PJ composta por no m\u00ednimo 5 (cinco) servidores, que ser\u00e3o designados pela alta administra\u00e7\u00e3o no prazo de 30 dias a partir da constitui\u00e7\u00e3o das unidades ou n\u00facleos socioambientais.<\/p>\n<ul>\n<li><strong>P\u00e1gina 7 da aula 02 e p\u00e1gina 15 do Bizu.<\/strong><\/li>\n<\/ul>\n<p>&nbsp;<\/p>\n<p><strong><em>Sucesso e felicidades, sempre!<\/em><\/strong><\/p>\n<p><strong><em>Fiquem com Deus.<\/em><\/strong><\/p>\n<p><strong><em>Abra\u00e7os.<\/em><\/strong><\/p>\n<p><strong><em>Rosenval Jr.<\/em><\/strong><\/p>\n","protected":false},"excerpt":{"rendered":"<p>TRT 23\u00aa Regi\u00e3o &#8211; Prova de Sustentabilidade Comentada Estrat\u00e9gia Concursos Prof. Rosenval J\u00fanior<\/p>\n","protected":false},"author":73,"featured_media":0,"comment_status":"open","ping_status":"open","sticky":false,"template":"","format":"standard","meta":{"post_tipo":"article","footnotes":""},"categories":[],"tags":[1352,977,1351,1065],"tax_estado":[],"class_list":["post-33828","post","type-post","status-publish","format-standard","hentry","tag-concurso-trt","tag-sustentabilidade","tag-trt-23a-regiao","tag-trt-mt"],"acf":[],"yoast_head":"<!-- This site is optimized with the Yoast SEO Premium plugin v27.2 (Yoast SEO v27.2) - https:\/\/yoast.com\/product\/yoast-seo-premium-wordpress\/ -->\n<title>TRT 23\u00aa Regi\u00e3o - Prova de Sustentabilidade Comentada<\/title>\n<meta name=\"robots\" content=\"index, follow, max-snippet:-1, max-image-preview:large, max-video-preview:-1\" \/>\n<link rel=\"canonical\" href=\"https:\/\/www.estrategiaconcursos.com.br\/blog\/trt-23a-regiao-prova-de-sustentabilidade-comentada\/\" \/>\n<meta property=\"og:locale\" content=\"pt_BR\" \/>\n<meta property=\"og:type\" content=\"article\" \/>\n<meta property=\"og:title\" content=\"TRT 23\u00aa Regi\u00e3o - Prova de Sustentabilidade Comentada\" \/>\n<meta property=\"og:description\" content=\"TRT 23\u00aa Regi\u00e3o - Prova de Sustentabilidade Comentada Estrat\u00e9gia Concursos Prof. Rosenval J\u00fanior\" \/>\n<meta property=\"og:url\" content=\"https:\/\/www.estrategiaconcursos.com.br\/blog\/trt-23a-regiao-prova-de-sustentabilidade-comentada\/\" \/>\n<meta property=\"og:site_name\" content=\"Estrat\u00e9gia Concursos\" \/>\n<meta property=\"article:author\" content=\"https:\/\/www.facebook.com\/rosenvaljr\" \/>\n<meta property=\"article:published_time\" content=\"2016-02-23T21:25:13+00:00\" \/>\n<meta property=\"article:modified_time\" content=\"2016-02-23T23:18:44+00:00\" \/>\n<meta name=\"author\" content=\"Rosenval J\u00fanior\" \/>\n<meta name=\"twitter:card\" content=\"summary_large_image\" \/>\n<meta name=\"twitter:creator\" content=\"@EstratConcursos\" \/>\n<meta name=\"twitter:site\" content=\"@EstratConcursos\" \/>\n<meta name=\"twitter:label1\" content=\"Escrito por\" \/>\n\t<meta name=\"twitter:data1\" content=\"Rosenval J\u00fanior\" \/>\n\t<meta name=\"twitter:label2\" content=\"Est. tempo de leitura\" \/>\n\t<meta name=\"twitter:data2\" content=\"4 minutos\" \/>\n<script type=\"application\/ld+json\" class=\"yoast-schema-graph\">{\"@context\":\"https:\/\/schema.org\",\"@graph\":[{\"@type\":\"NewsArticle\",\"@id\":\"https:\/\/www.estrategiaconcursos.com.br\/blog\/trt-23a-regiao-prova-de-sustentabilidade-comentada\/#article\",\"isPartOf\":{\"@id\":\"https:\/\/www.estrategiaconcursos.com.br\/blog\/trt-23a-regiao-prova-de-sustentabilidade-comentada\/\"},\"author\":{\"name\":\"Rosenval J\u00fanior\",\"@id\":\"https:\/\/www.estrategiaconcursos.com.br\/blog\/#\/schema\/person\/3489eb8fb39ff11193689cf7762b03b0\"},\"headline\":\"TRT 23\u00aa Regi\u00e3o &#8211; Prova de Sustentabilidade Comentada\",\"datePublished\":\"2016-02-23T21:25:13+00:00\",\"dateModified\":\"2016-02-23T23:18:44+00:00\",\"mainEntityOfPage\":{\"@id\":\"https:\/\/www.estrategiaconcursos.com.br\/blog\/trt-23a-regiao-prova-de-sustentabilidade-comentada\/\"},\"wordCount\":774,\"commentCount\":5,\"publisher\":{\"@id\":\"https:\/\/www.estrategiaconcursos.com.br\/blog\/#organization\"},\"keywords\":[\"CONCURSO TRT\",\"SUSTENTABILIDADE\",\"TRT 23\u00aa Regi\u00e3o\",\"TRT-MT\"],\"inLanguage\":\"pt-BR\",\"potentialAction\":[{\"@type\":\"CommentAction\",\"name\":\"Comment\",\"target\":[\"https:\/\/www.estrategiaconcursos.com.br\/blog\/trt-23a-regiao-prova-de-sustentabilidade-comentada\/#respond\"]}],\"copyrightYear\":\"2016\",\"copyrightHolder\":{\"@id\":\"https:\/\/www.estrategiaconcursos.com.br\/blog\/#organization\"}},{\"@type\":\"WebPage\",\"@id\":\"https:\/\/www.estrategiaconcursos.com.br\/blog\/trt-23a-regiao-prova-de-sustentabilidade-comentada\/\",\"url\":\"https:\/\/www.estrategiaconcursos.com.br\/blog\/trt-23a-regiao-prova-de-sustentabilidade-comentada\/\",\"name\":\"TRT 23\u00aa Regi\u00e3o - Prova de Sustentabilidade Comentada\",\"isPartOf\":{\"@id\":\"https:\/\/www.estrategiaconcursos.com.br\/blog\/#website\"},\"datePublished\":\"2016-02-23T21:25:13+00:00\",\"dateModified\":\"2016-02-23T23:18:44+00:00\",\"breadcrumb\":{\"@id\":\"https:\/\/www.estrategiaconcursos.com.br\/blog\/trt-23a-regiao-prova-de-sustentabilidade-comentada\/#breadcrumb\"},\"inLanguage\":\"pt-BR\",\"potentialAction\":[{\"@type\":\"ReadAction\",\"target\":[\"https:\/\/www.estrategiaconcursos.com.br\/blog\/trt-23a-regiao-prova-de-sustentabilidade-comentada\/\"]}]},{\"@type\":\"BreadcrumbList\",\"@id\":\"https:\/\/www.estrategiaconcursos.com.br\/blog\/trt-23a-regiao-prova-de-sustentabilidade-comentada\/#breadcrumb\",\"itemListElement\":[{\"@type\":\"ListItem\",\"position\":1,\"name\":\"In\u00edcio\",\"item\":\"https:\/\/www.estrategiaconcursos.com.br\/blog\/\"},{\"@type\":\"ListItem\",\"position\":2,\"name\":\"TRT 23\u00aa Regi\u00e3o &#8211; Prova de Sustentabilidade Comentada\"}]},{\"@type\":\"WebSite\",\"@id\":\"https:\/\/www.estrategiaconcursos.com.br\/blog\/#website\",\"url\":\"https:\/\/www.estrategiaconcursos.com.br\/blog\/\",\"name\":\"Estrat\u00e9gia Concursos\",\"description\":\"O blog da Estrat\u00e9gia Concursos traz not\u00edcias sobre concursos e artigos de professores oferecendo cursos para concursos (pdf + videaulas) no site.\",\"publisher\":{\"@id\":\"https:\/\/www.estrategiaconcursos.com.br\/blog\/#organization\"},\"potentialAction\":[{\"@type\":\"SearchAction\",\"target\":{\"@type\":\"EntryPoint\",\"urlTemplate\":\"https:\/\/www.estrategiaconcursos.com.br\/blog\/?s={search_term_string}\"},\"query-input\":{\"@type\":\"PropertyValueSpecification\",\"valueRequired\":true,\"valueName\":\"search_term_string\"}}],\"inLanguage\":\"pt-BR\"},{\"@type\":\"Organization\",\"@id\":\"https:\/\/www.estrategiaconcursos.com.br\/blog\/#organization\",\"name\":\"Estrat\u00e9gia Concursos\",\"url\":\"https:\/\/www.estrategiaconcursos.com.br\/blog\/\",\"logo\":{\"@type\":\"ImageObject\",\"inLanguage\":\"pt-BR\",\"@id\":\"https:\/\/www.estrategiaconcursos.com.br\/blog\/#\/schema\/logo\/image\/\",\"url\":\"https:\/\/dhg1h5j42swfq.cloudfront.net\/2025\/06\/03203428\/logo_concursos-1.jpg\",\"contentUrl\":\"https:\/\/dhg1h5j42swfq.cloudfront.net\/2025\/06\/03203428\/logo_concursos-1.jpg\",\"width\":230,\"height\":60,\"caption\":\"Estrat\u00e9gia Concursos\"},\"image\":{\"@id\":\"https:\/\/www.estrategiaconcursos.com.br\/blog\/#\/schema\/logo\/image\/\"},\"sameAs\":[\"https:\/\/x.com\/EstratConcursos\"]},{\"@type\":\"Person\",\"@id\":\"https:\/\/www.estrategiaconcursos.com.br\/blog\/#\/schema\/person\/3489eb8fb39ff11193689cf7762b03b0\",\"name\":\"Rosenval J\u00fanior\",\"image\":{\"@type\":\"ImageObject\",\"inLanguage\":\"pt-BR\",\"@id\":\"https:\/\/secure.gravatar.com\/avatar\/dc38e7bcadccb99c8a28b35b027bdc6b8b6a65ee938a25ed335e3e31eed462e0?s=96&d=mm&r=g\",\"url\":\"https:\/\/secure.gravatar.com\/avatar\/dc38e7bcadccb99c8a28b35b027bdc6b8b6a65ee938a25ed335e3e31eed462e0?s=96&d=mm&r=g\",\"contentUrl\":\"https:\/\/secure.gravatar.com\/avatar\/dc38e7bcadccb99c8a28b35b027bdc6b8b6a65ee938a25ed335e3e31eed462e0?s=96&d=mm&r=g\",\"caption\":\"Rosenval J\u00fanior\"},\"description\":\"Graduado pela Universidade Federal de Vi\u00e7osa - UFV. P\u00f3s-graduado em Direito Ambiental. Graduado tamb\u00e9m em Gest\u00e3o Ambiental, com tr\u00eas especializa\u00e7\u00f5es na \u00e1rea ambiental. Mestrando em Engenharia Ambiental. Servidor p\u00fablico do Minist\u00e9rio da Justi\u00e7a e professor de Direito Ambiental, Meio Ambiente, Direito Agr\u00e1rio e Direito Urban\u00edstico para concursos p\u00fablicos. Professor de Direito Ambiental para o Exame de Ordem. Aprovado em 15 concursos p\u00fablicos na \u00e1rea de Meio Ambiente como Analista Ambiental do Instituto Brasileiro do Meio Ambiente e dos Recursos Naturais Renov\u00e1veis - IBAMA; Analista Pericial - Especialidade Engenharia Florestal do Minist\u00e9rio P\u00fablico da Uni\u00e3o - MPU; Analista de Infraestrutura - \u00c1rea de Especializa\u00e7\u00e3o Ambiental do Departamento Nacional de Infraestrutura de Transportes - DNIT; Especialista em Regula\u00e7\u00e3o - \u00c1rea Engenharia Ambiental e Engenharia Florestal, com \u00eanfase em Meio Ambiente da Ag\u00eancia Nacional de Transportes Terrestres - ANTT; Consultor Legislativo em Meio Ambiente e Direito Ambiental, Organiza\u00e7\u00e3o Territorial, Desenvolvimento Urbano e Regional da C\u00e2mara dos Deputados; entre outros. Autor do livro \\\"Direito Ambiental para Concursos e Exame de Ordem\\\", Editora Juru\u00e1. Iniciou sua carreira no servi\u00e7o p\u00fablico federal em 2006, quando obteve aprova\u00e7\u00e3o em 1\u00b0 lugar para o cargo de engenheiro florestal da Casa Civil da Presid\u00eancia da Rep\u00fablica\/Arquivo Nacional. Alguns concursos em que foi aprovado: 1\u00b0 lugar para Analista do Minist\u00e9rio P\u00fablico de MG; 1\u00ba lugar para Engenheiro da Casa Civil da Presid\u00eancia da Rep\u00fablica; 1\u00b0 lugar para T\u00e9cnico em Recursos Naturais \u2013 n\u00edvel II \u2013 \u00c1rea Engenharia Florestal do IDAF; 2\u00b0 lugar para Analista Pericial do Minist\u00e9rio P\u00fablico da Uni\u00e3o - MPU; 2\u00b0 lugar para Analista em Reforma e Desenvolvimento Agr\u00e1rio do INCRA; 7\u00ba lugar Engenheiro J\u00fanior da Caixa Econ\u00f4mica Federal; 10\u00ba lugar para Analista Ambiental do Instituto Estadual de Florestas - IEF\/MG; 6\u00ba lugar para Analista de Infraestrutura (\u00c1rea de Especializa\u00e7\u00e3o Ambiental) do Departamento Nacional de Infraestrutura de Transportes \u2013 DNIT (Prova objetiva e discursiva); 2\u00b0 lugar para Perito Criminal da Pol\u00edcia Civil do Estado do Rio de Janeiro \u2013PCERJ (Resultado na Prova objetiva, TAF, Avalia\u00e7\u00e3o M\u00e9dica, e Psicot\u00e9cnico); 10\u00ba lugar para Perito Criminal da Pol\u00edcia Federal \u2013 DPF \u2013 \u00c1rea 9 (Resultado definitivo na prova objetiva e discursiva); 2\u00b0 lugar para Analista Ambiental do Instituto Brasileiro do Meio Ambiente e dos Recursos Naturais Renov\u00e1veis \u2013 IBAMA (Prova objetiva e discursiva); 1\u00b0 lugar para Especialista em Regula\u00e7\u00e3o Engenharia Ambiental e Engenharia Florestal (com \u00eanfase em meio ambiente) da Ag\u00eancia Nacional de Transportes Terrestres - ANTT (Resultado da prova objetiva, discursiva e de t\u00edtulos); 10\u00ba lugar para Consultor Legislativo em Meio Ambiente e Direito Ambiental, Organiza\u00e7\u00e3o Territorial, Desenvolvimento Urbano e Regional da C\u00e2mara dos Deputados. (Resultado da prova objetiva, discursiva e de t\u00edtulos) Entre em contato comigo pelo facebook e pelo Youtube. Basta colocar na busca: Rosenval J\u00fanior. Ou copiar e colar o endere\u00e7o: www.facebook.com\/rosenvaljr Acesse o meu site e saiba mais: www.aprendadireitoambiental.com.br\",\"sameAs\":[\"http:\/\/www.aprendadireitoambiental.com.br\",\"https:\/\/www.facebook.com\/rosenvaljr\"],\"url\":\"https:\/\/www.estrategiaconcursos.com.br\/blog\/author\/rosenvaljuniorestrategiaconcursos-com-br\/\"}]}<\/script>\n<!-- \/ Yoast SEO Premium plugin. -->","yoast_head_json":{"title":"TRT 23\u00aa Regi\u00e3o - Prova de Sustentabilidade Comentada","robots":{"index":"index","follow":"follow","max-snippet":"max-snippet:-1","max-image-preview":"max-image-preview:large","max-video-preview":"max-video-preview:-1"},"canonical":"https:\/\/www.estrategiaconcursos.com.br\/blog\/trt-23a-regiao-prova-de-sustentabilidade-comentada\/","og_locale":"pt_BR","og_type":"article","og_title":"TRT 23\u00aa Regi\u00e3o - Prova de Sustentabilidade Comentada","og_description":"TRT 23\u00aa Regi\u00e3o - Prova de Sustentabilidade Comentada Estrat\u00e9gia Concursos Prof. Rosenval J\u00fanior","og_url":"https:\/\/www.estrategiaconcursos.com.br\/blog\/trt-23a-regiao-prova-de-sustentabilidade-comentada\/","og_site_name":"Estrat\u00e9gia Concursos","article_author":"https:\/\/www.facebook.com\/rosenvaljr","article_published_time":"2016-02-23T21:25:13+00:00","article_modified_time":"2016-02-23T23:18:44+00:00","author":"Rosenval J\u00fanior","twitter_card":"summary_large_image","twitter_creator":"@EstratConcursos","twitter_site":"@EstratConcursos","twitter_misc":{"Escrito por":"Rosenval J\u00fanior","Est. tempo de leitura":"4 minutos"},"schema":{"@context":"https:\/\/schema.org","@graph":[{"@type":"NewsArticle","@id":"https:\/\/www.estrategiaconcursos.com.br\/blog\/trt-23a-regiao-prova-de-sustentabilidade-comentada\/#article","isPartOf":{"@id":"https:\/\/www.estrategiaconcursos.com.br\/blog\/trt-23a-regiao-prova-de-sustentabilidade-comentada\/"},"author":{"name":"Rosenval J\u00fanior","@id":"https:\/\/www.estrategiaconcursos.com.br\/blog\/#\/schema\/person\/3489eb8fb39ff11193689cf7762b03b0"},"headline":"TRT 23\u00aa Regi\u00e3o &#8211; Prova de Sustentabilidade Comentada","datePublished":"2016-02-23T21:25:13+00:00","dateModified":"2016-02-23T23:18:44+00:00","mainEntityOfPage":{"@id":"https:\/\/www.estrategiaconcursos.com.br\/blog\/trt-23a-regiao-prova-de-sustentabilidade-comentada\/"},"wordCount":774,"commentCount":5,"publisher":{"@id":"https:\/\/www.estrategiaconcursos.com.br\/blog\/#organization"},"keywords":["CONCURSO TRT","SUSTENTABILIDADE","TRT 23\u00aa Regi\u00e3o","TRT-MT"],"inLanguage":"pt-BR","potentialAction":[{"@type":"CommentAction","name":"Comment","target":["https:\/\/www.estrategiaconcursos.com.br\/blog\/trt-23a-regiao-prova-de-sustentabilidade-comentada\/#respond"]}],"copyrightYear":"2016","copyrightHolder":{"@id":"https:\/\/www.estrategiaconcursos.com.br\/blog\/#organization"}},{"@type":"WebPage","@id":"https:\/\/www.estrategiaconcursos.com.br\/blog\/trt-23a-regiao-prova-de-sustentabilidade-comentada\/","url":"https:\/\/www.estrategiaconcursos.com.br\/blog\/trt-23a-regiao-prova-de-sustentabilidade-comentada\/","name":"TRT 23\u00aa Regi\u00e3o - Prova de Sustentabilidade Comentada","isPartOf":{"@id":"https:\/\/www.estrategiaconcursos.com.br\/blog\/#website"},"datePublished":"2016-02-23T21:25:13+00:00","dateModified":"2016-02-23T23:18:44+00:00","breadcrumb":{"@id":"https:\/\/www.estrategiaconcursos.com.br\/blog\/trt-23a-regiao-prova-de-sustentabilidade-comentada\/#breadcrumb"},"inLanguage":"pt-BR","potentialAction":[{"@type":"ReadAction","target":["https:\/\/www.estrategiaconcursos.com.br\/blog\/trt-23a-regiao-prova-de-sustentabilidade-comentada\/"]}]},{"@type":"BreadcrumbList","@id":"https:\/\/www.estrategiaconcursos.com.br\/blog\/trt-23a-regiao-prova-de-sustentabilidade-comentada\/#breadcrumb","itemListElement":[{"@type":"ListItem","position":1,"name":"In\u00edcio","item":"https:\/\/www.estrategiaconcursos.com.br\/blog\/"},{"@type":"ListItem","position":2,"name":"TRT 23\u00aa Regi\u00e3o &#8211; Prova de Sustentabilidade Comentada"}]},{"@type":"WebSite","@id":"https:\/\/www.estrategiaconcursos.com.br\/blog\/#website","url":"https:\/\/www.estrategiaconcursos.com.br\/blog\/","name":"Estrat\u00e9gia Concursos","description":"O blog da Estrat\u00e9gia Concursos traz not\u00edcias sobre concursos e artigos de professores oferecendo cursos para concursos (pdf + videaulas) no site.","publisher":{"@id":"https:\/\/www.estrategiaconcursos.com.br\/blog\/#organization"},"potentialAction":[{"@type":"SearchAction","target":{"@type":"EntryPoint","urlTemplate":"https:\/\/www.estrategiaconcursos.com.br\/blog\/?s={search_term_string}"},"query-input":{"@type":"PropertyValueSpecification","valueRequired":true,"valueName":"search_term_string"}}],"inLanguage":"pt-BR"},{"@type":"Organization","@id":"https:\/\/www.estrategiaconcursos.com.br\/blog\/#organization","name":"Estrat\u00e9gia Concursos","url":"https:\/\/www.estrategiaconcursos.com.br\/blog\/","logo":{"@type":"ImageObject","inLanguage":"pt-BR","@id":"https:\/\/www.estrategiaconcursos.com.br\/blog\/#\/schema\/logo\/image\/","url":"https:\/\/dhg1h5j42swfq.cloudfront.net\/2025\/06\/03203428\/logo_concursos-1.jpg","contentUrl":"https:\/\/dhg1h5j42swfq.cloudfront.net\/2025\/06\/03203428\/logo_concursos-1.jpg","width":230,"height":60,"caption":"Estrat\u00e9gia Concursos"},"image":{"@id":"https:\/\/www.estrategiaconcursos.com.br\/blog\/#\/schema\/logo\/image\/"},"sameAs":["https:\/\/x.com\/EstratConcursos"]},{"@type":"Person","@id":"https:\/\/www.estrategiaconcursos.com.br\/blog\/#\/schema\/person\/3489eb8fb39ff11193689cf7762b03b0","name":"Rosenval J\u00fanior","image":{"@type":"ImageObject","inLanguage":"pt-BR","@id":"https:\/\/secure.gravatar.com\/avatar\/dc38e7bcadccb99c8a28b35b027bdc6b8b6a65ee938a25ed335e3e31eed462e0?s=96&d=mm&r=g","url":"https:\/\/secure.gravatar.com\/avatar\/dc38e7bcadccb99c8a28b35b027bdc6b8b6a65ee938a25ed335e3e31eed462e0?s=96&d=mm&r=g","contentUrl":"https:\/\/secure.gravatar.com\/avatar\/dc38e7bcadccb99c8a28b35b027bdc6b8b6a65ee938a25ed335e3e31eed462e0?s=96&d=mm&r=g","caption":"Rosenval J\u00fanior"},"description":"Graduado pela Universidade Federal de Vi\u00e7osa - UFV. P\u00f3s-graduado em Direito Ambiental. Graduado tamb\u00e9m em Gest\u00e3o Ambiental, com tr\u00eas especializa\u00e7\u00f5es na \u00e1rea ambiental. Mestrando em Engenharia Ambiental. Servidor p\u00fablico do Minist\u00e9rio da Justi\u00e7a e professor de Direito Ambiental, Meio Ambiente, Direito Agr\u00e1rio e Direito Urban\u00edstico para concursos p\u00fablicos. Professor de Direito Ambiental para o Exame de Ordem. Aprovado em 15 concursos p\u00fablicos na \u00e1rea de Meio Ambiente como Analista Ambiental do Instituto Brasileiro do Meio Ambiente e dos Recursos Naturais Renov\u00e1veis - IBAMA; Analista Pericial - Especialidade Engenharia Florestal do Minist\u00e9rio P\u00fablico da Uni\u00e3o - MPU; Analista de Infraestrutura - \u00c1rea de Especializa\u00e7\u00e3o Ambiental do Departamento Nacional de Infraestrutura de Transportes - DNIT; Especialista em Regula\u00e7\u00e3o - \u00c1rea Engenharia Ambiental e Engenharia Florestal, com \u00eanfase em Meio Ambiente da Ag\u00eancia Nacional de Transportes Terrestres - ANTT; Consultor Legislativo em Meio Ambiente e Direito Ambiental, Organiza\u00e7\u00e3o Territorial, Desenvolvimento Urbano e Regional da C\u00e2mara dos Deputados; entre outros. Autor do livro \"Direito Ambiental para Concursos e Exame de Ordem\", Editora Juru\u00e1. Iniciou sua carreira no servi\u00e7o p\u00fablico federal em 2006, quando obteve aprova\u00e7\u00e3o em 1\u00b0 lugar para o cargo de engenheiro florestal da Casa Civil da Presid\u00eancia da Rep\u00fablica\/Arquivo Nacional. Alguns concursos em que foi aprovado: 1\u00b0 lugar para Analista do Minist\u00e9rio P\u00fablico de MG; 1\u00ba lugar para Engenheiro da Casa Civil da Presid\u00eancia da Rep\u00fablica; 1\u00b0 lugar para T\u00e9cnico em Recursos Naturais \u2013 n\u00edvel II \u2013 \u00c1rea Engenharia Florestal do IDAF; 2\u00b0 lugar para Analista Pericial do Minist\u00e9rio P\u00fablico da Uni\u00e3o - MPU; 2\u00b0 lugar para Analista em Reforma e Desenvolvimento Agr\u00e1rio do INCRA; 7\u00ba lugar Engenheiro J\u00fanior da Caixa Econ\u00f4mica Federal; 10\u00ba lugar para Analista Ambiental do Instituto Estadual de Florestas - IEF\/MG; 6\u00ba lugar para Analista de Infraestrutura (\u00c1rea de Especializa\u00e7\u00e3o Ambiental) do Departamento Nacional de Infraestrutura de Transportes \u2013 DNIT (Prova objetiva e discursiva); 2\u00b0 lugar para Perito Criminal da Pol\u00edcia Civil do Estado do Rio de Janeiro \u2013PCERJ (Resultado na Prova objetiva, TAF, Avalia\u00e7\u00e3o M\u00e9dica, e Psicot\u00e9cnico); 10\u00ba lugar para Perito Criminal da Pol\u00edcia Federal \u2013 DPF \u2013 \u00c1rea 9 (Resultado definitivo na prova objetiva e discursiva); 2\u00b0 lugar para Analista Ambiental do Instituto Brasileiro do Meio Ambiente e dos Recursos Naturais Renov\u00e1veis \u2013 IBAMA (Prova objetiva e discursiva); 1\u00b0 lugar para Especialista em Regula\u00e7\u00e3o Engenharia Ambiental e Engenharia Florestal (com \u00eanfase em meio ambiente) da Ag\u00eancia Nacional de Transportes Terrestres - ANTT (Resultado da prova objetiva, discursiva e de t\u00edtulos); 10\u00ba lugar para Consultor Legislativo em Meio Ambiente e Direito Ambiental, Organiza\u00e7\u00e3o Territorial, Desenvolvimento Urbano e Regional da C\u00e2mara dos Deputados. (Resultado da prova objetiva, discursiva e de t\u00edtulos) Entre em contato comigo pelo facebook e pelo Youtube. Basta colocar na busca: Rosenval J\u00fanior. Ou copiar e colar o endere\u00e7o: www.facebook.com\/rosenvaljr Acesse o meu site e saiba mais: www.aprendadireitoambiental.com.br","sameAs":["http:\/\/www.aprendadireitoambiental.com.br","https:\/\/www.facebook.com\/rosenvaljr"],"url":"https:\/\/www.estrategiaconcursos.com.br\/blog\/author\/rosenvaljuniorestrategiaconcursos-com-br\/"}]}},"_links":{"self":[{"href":"https:\/\/www.estrategiaconcursos.com.br\/blog\/wp-json\/wp\/v2\/posts\/33828","targetHints":{"allow":["GET"]}}],"collection":[{"href":"https:\/\/www.estrategiaconcursos.com.br\/blog\/wp-json\/wp\/v2\/posts"}],"about":[{"href":"https:\/\/www.estrategiaconcursos.com.br\/blog\/wp-json\/wp\/v2\/types\/post"}],"author":[{"embeddable":true,"href":"https:\/\/www.estrategiaconcursos.com.br\/blog\/wp-json\/wp\/v2\/users\/73"}],"replies":[{"embeddable":true,"href":"https:\/\/www.estrategiaconcursos.com.br\/blog\/wp-json\/wp\/v2\/comments?post=33828"}],"version-history":[{"count":2,"href":"https:\/\/www.estrategiaconcursos.com.br\/blog\/wp-json\/wp\/v2\/posts\/33828\/revisions"}],"predecessor-version":[{"id":33835,"href":"https:\/\/www.estrategiaconcursos.com.br\/blog\/wp-json\/wp\/v2\/posts\/33828\/revisions\/33835"}],"wp:attachment":[{"href":"https:\/\/www.estrategiaconcursos.com.br\/blog\/wp-json\/wp\/v2\/media?parent=33828"}],"wp:term":[{"taxonomy":"category","embeddable":true,"href":"https:\/\/www.estrategiaconcursos.com.br\/blog\/wp-json\/wp\/v2\/categories?post=33828"},{"taxonomy":"post_tag","embeddable":true,"href":"https:\/\/www.estrategiaconcursos.com.br\/blog\/wp-json\/wp\/v2\/tags?post=33828"},{"taxonomy":"tax_estado","embeddable":true,"href":"https:\/\/www.estrategiaconcursos.com.br\/blog\/wp-json\/wp\/v2\/tax_estado?post=33828"}],"curies":[{"name":"wp","href":"https:\/\/api.w.org\/{rel}","templated":true}]}}