{"id":33813,"date":"2016-02-24T10:43:56","date_gmt":"2016-02-24T13:43:56","guid":{"rendered":"http:\/\/www.estrategiaconcursos.com.br\/blog\/?p=33813"},"modified":"2022-11-10T16:55:14","modified_gmt":"2022-11-10T19:55:14","slug":"concurso-pf-delegado-2016","status":"publish","type":"post","link":"https:\/\/www.estrategiaconcursos.com.br\/blog\/concurso-pf-delegado-2016\/","title":{"rendered":"Concurso PF deve ter 491 vagas para delegado com sal\u00e1rio de R$ 16 mil"},"content":{"rendered":"<p style=\"text-align: justify;\"><strong><span style=\"color: #000000;\">Leia as not\u00edcias mais recentes sobre o\u00a0<a href=\"https:\/\/www.estrategiaconcursos.com.br\/blog\/concurso-pf\/\">Concurso da Pol\u00edcia Federal aqui\u00a0<\/a><a style=\"color: #000000;\" href=\"https:\/\/www.estrategiaconcursos.com.br\/blog\/concurso-pf-delegado-2016\/pf-logo\/\" rel=\"attachment wp-att-33817\"><img loading=\"lazy\" decoding=\"async\" class=\"alignleft wp-image-33817 size-thumbnail\" style=\"float: right;\" src=\"https:\/\/dhg1h5j42swfq.cloudfront.net\/2016\/02\/23144830\/PF-LOGO.jpg\" alt=\"concurso PF\" width=\"150\" height=\"150\" \/><\/a><\/span><\/strong><\/p>\n<p style=\"text-align: justify;\"><span style=\"color: #000000;\">O concurso para delegado da Pol\u00edcia Federal pode ser realizado no segundo semestre de 2016, mesmo depois da suspens\u00e3o das sele\u00e7\u00f5es anunciada pela presidente Dilma Rousseff para cortar despesas. Segundo informa\u00e7\u00e3o do Minist\u00e9rio do Planejamento, Or\u00e7amento e Gest\u00e3o, o certame pode ser autorizado em regime de exce\u00e7\u00e3o.<\/span><\/p>\n<p style=\"text-align: justify;\"><span style=\"color: #000000;\">O pedido feito at\u00e9 o prazo de 31 de maio, indicaria a escolha da organizadora, lan\u00e7amento de edital, per\u00edodo de inscri\u00e7\u00f5es, provas e divulga\u00e7\u00e3o do resultado ainda este ano, por\u00e9m com as contrata\u00e7\u00f5es sendo feiras a partir de 2017. Ou seja, dentro do or\u00e7amento do pr\u00f3ximo ano.<\/span><\/p>\n<p style=\"text-align: justify;\"><span style=\"color: #000000;\">A Pol\u00edcia Federal \u00e9 um dos \u00f3rg\u00e3os que n\u00e3o precisa de autoriza\u00e7\u00e3o do Minist\u00e9rio do Planejamento para realizar concursos p\u00fablicos, conforme prev\u00ea o Decreto n\u00ba8.326. No entanto, o Minist\u00e9rio precisa confirmar se existem recursos dispon\u00edveis para contrata\u00e7\u00e3o dos aprovados.<\/span><\/p>\n<p style=\"text-align: justify;\"><span style=\"color: #000000;\">Uma estimativa da Associa\u00e7\u00e3o Nacional dos Delegados de Pol\u00edcia Federal (ADPF), aponta que existe uma necessidade urgente de contrata\u00e7\u00e3o de novos servidores para PF. Por isso, a inten\u00e7\u00e3o do \u00f3rg\u00e7ao \u00e9 abrir sele\u00e7\u00e3o para 558 vagas, sendo 491 para delegado e 67 para perito. Os cargos, de n\u00edvel superior, tem sal\u00e1rio inicial de R$ R$ 16.830,85 .<\/span><\/p>\n<p style=\"text-align: justify;\"><span style=\"color: #000000;\">Para concorrer ao cargo de delegado da PF, o candidato deve ser bacharel em Direito, com experi\u00eancia m\u00ednima de tr\u00eas anos em atividade jur\u00eddica ou policial.<\/span><\/p>\n<p style=\"text-align: justify;\"><span style=\"color: #000000;\">O \u00faltimo concurso PF para delegado teve edital lan\u00e7ado em 2012. A organizadora foi o Cespe\/Unb.<\/span><\/p>\n<p style=\"text-align: justify;\"><a href=\"http:\/\/www.cespe.unb.br\/concursos\/DPF_12_DELEGADO\/\" target=\"_blank\" rel=\"noopener noreferrer\"><strong>Confira AQUI o edital do \u00faltimo concurso.<\/strong><\/a><\/p>\n<p style=\"text-align: justify;\"><span style=\"color: #000000;\"><strong>O Estrat\u00e9gia Concursos j\u00e1 lan\u00e7ou cursos para este concurso.\u00a0Confira em:<\/strong><\/span><\/p>\n<p style=\"text-align: justify;\"><a href=\"https:\/\/www.estrategiaconcursos.com.br\/cursosPorConcurso\/policia-federal-delegado-79\/\">https:\/\/www.estrategiaconcursos.com.br\/cursosPorConcurso\/policia-federal-delegado-79\/<\/a><\/p>\n<p style=\"text-align: justify;\"><span style=\"color: #000000;\">Assessoria de Comunica\u00e7\u00e3o<\/span><\/p>\n<p style=\"text-align: justify;\"><span style=\"color: #000000;\">comunicacao@estrategiaconcursos.com.br<\/span><\/p>\n<p style=\"text-align: justify;\"><strong>\u00a0<\/strong><\/p>\n","protected":false},"excerpt":{"rendered":"<p>Leia as not\u00edcias mais recentes sobre o\u00a0Concurso da Pol\u00edcia Federal aqui\u00a0 O concurso para delegado da Pol\u00edcia Federal pode ser realizado no segundo semestre de 2016, mesmo depois da suspens\u00e3o das sele\u00e7\u00f5es anunciada pela presidente Dilma Rousseff para cortar despesas. Segundo informa\u00e7\u00e3o do Minist\u00e9rio do Planejamento, Or\u00e7amento e Gest\u00e3o, o certame pode ser autorizado em [&hellip;]<\/p>\n","protected":false},"author":1,"featured_media":0,"comment_status":"open","ping_status":"open","sticky":false,"template":"","format":"standard","meta":{"post_tipo":"news","footnotes":""},"categories":[1],"tags":[1350,1248,1349,754,48,39],"tax_estado":[],"class_list":["post-33813","post","type-post","status-publish","format-standard","hentry","category-cursos-e-concursos","tag-concurso-delegado-pf","tag-concurso-pf","tag-concurso-policia-federal","tag-delegado","tag-edital","tag-vagas"],"acf":[],"yoast_head":"<!-- This site is optimized with the Yoast SEO Premium plugin v27.2 (Yoast SEO v27.2) - https:\/\/yoast.com\/product\/yoast-seo-premium-wordpress\/ -->\n<title>Concurso PF deve ter 491 vagas para delegado com sal\u00e1rio de R$ 16 mil<\/title>\n<meta name=\"description\" content=\"A PF \u00e9 um dos \u00f3rg\u00e3os que n\u00e3o precisa de autoriza\u00e7\u00e3o do Minist\u00e9rio do Planejamento para realizar concursos p\u00fablicos, conforme prev\u00ea o Decreto n\u00ba8.326.\" \/>\n<meta name=\"robots\" content=\"index, follow, max-snippet:-1, max-image-preview:large, max-video-preview:-1\" \/>\n<link rel=\"canonical\" href=\"https:\/\/www.estrategiaconcursos.com.br\/blog\/concurso-pf-delegado-2016\/\" \/>\n<meta property=\"og:locale\" content=\"pt_BR\" \/>\n<meta property=\"og:type\" content=\"article\" \/>\n<meta property=\"og:title\" content=\"Concurso PF deve ter 491 vagas para delegado com sal\u00e1rio de R$ 16 mil\" \/>\n<meta property=\"og:description\" content=\"A PF \u00e9 um dos \u00f3rg\u00e3os que n\u00e3o precisa de autoriza\u00e7\u00e3o do Minist\u00e9rio do Planejamento para realizar concursos p\u00fablicos, conforme prev\u00ea o Decreto n\u00ba8.326.\" \/>\n<meta property=\"og:url\" content=\"https:\/\/www.estrategiaconcursos.com.br\/blog\/concurso-pf-delegado-2016\/\" \/>\n<meta property=\"og:site_name\" content=\"Estrat\u00e9gia Concursos\" \/>\n<meta property=\"article:author\" content=\"https:\/\/www.facebook.com\/EstrategiaConcursos\" \/>\n<meta property=\"article:published_time\" content=\"2016-02-24T13:43:56+00:00\" \/>\n<meta property=\"article:modified_time\" content=\"2022-11-10T19:55:14+00:00\" \/>\n<meta property=\"og:image\" content=\"https:\/\/www.estrategiaconcursos.com.br\/blog\/wp-content\/uploads\/2016\/02\/PF-LOGO.jpg\" \/>\n<meta name=\"author\" content=\"Coordena\u00e7\u00e3o\" \/>\n<meta name=\"twitter:card\" content=\"summary_large_image\" \/>\n<meta name=\"twitter:creator\" content=\"@EstratConcursos\" \/>\n<meta name=\"twitter:site\" content=\"@EstratConcursos\" \/>\n<meta name=\"twitter:label1\" content=\"Escrito por\" \/>\n\t<meta name=\"twitter:data1\" content=\"Coordena\u00e7\u00e3o\" \/>\n\t<meta name=\"twitter:label2\" content=\"Est. tempo de leitura\" \/>\n\t<meta name=\"twitter:data2\" content=\"2 minutos\" \/>\n<script type=\"application\/ld+json\" class=\"yoast-schema-graph\">{\"@context\":\"https:\/\/schema.org\",\"@graph\":[{\"@type\":\"NewsArticle\",\"@id\":\"https:\/\/www.estrategiaconcursos.com.br\/blog\/concurso-pf-delegado-2016\/#article\",\"isPartOf\":{\"@id\":\"https:\/\/www.estrategiaconcursos.com.br\/blog\/concurso-pf-delegado-2016\/\"},\"author\":{\"name\":\"Coordena\u00e7\u00e3o\",\"@id\":\"https:\/\/www.estrategiaconcursos.com.br\/blog\/#\/schema\/person\/b4a388c97673c5f483d72185668afa1f\"},\"headline\":\"Concurso PF deve ter 491 vagas para delegado com sal\u00e1rio de R$ 16 mil\",\"datePublished\":\"2016-02-24T13:43:56+00:00\",\"dateModified\":\"2022-11-10T19:55:14+00:00\",\"mainEntityOfPage\":{\"@id\":\"https:\/\/www.estrategiaconcursos.com.br\/blog\/concurso-pf-delegado-2016\/\"},\"wordCount\":322,\"commentCount\":1,\"publisher\":{\"@id\":\"https:\/\/www.estrategiaconcursos.com.br\/blog\/#organization\"},\"image\":{\"@id\":\"https:\/\/www.estrategiaconcursos.com.br\/blog\/concurso-pf-delegado-2016\/#primaryimage\"},\"thumbnailUrl\":\"https:\/\/www.estrategiaconcursos.com.br\/blog\/wp-content\/uploads\/2016\/02\/PF-LOGO.jpg\",\"keywords\":[\"concurso delegado PF\",\"concurso PF\",\"concurso pol\u00edcia federal\",\"Delegado\",\"edital\",\"vagas\"],\"articleSection\":[\"Concursos P\u00fablicos\"],\"inLanguage\":\"pt-BR\",\"potentialAction\":[{\"@type\":\"CommentAction\",\"name\":\"Comment\",\"target\":[\"https:\/\/www.estrategiaconcursos.com.br\/blog\/concurso-pf-delegado-2016\/#respond\"]}],\"copyrightYear\":\"2016\",\"copyrightHolder\":{\"@id\":\"https:\/\/www.estrategiaconcursos.com.br\/blog\/#organization\"}},{\"@type\":\"WebPage\",\"@id\":\"https:\/\/www.estrategiaconcursos.com.br\/blog\/concurso-pf-delegado-2016\/\",\"url\":\"https:\/\/www.estrategiaconcursos.com.br\/blog\/concurso-pf-delegado-2016\/\",\"name\":\"Concurso PF deve ter 491 vagas para delegado com sal\u00e1rio de R$ 16 mil\",\"isPartOf\":{\"@id\":\"https:\/\/www.estrategiaconcursos.com.br\/blog\/#website\"},\"primaryImageOfPage\":{\"@id\":\"https:\/\/www.estrategiaconcursos.com.br\/blog\/concurso-pf-delegado-2016\/#primaryimage\"},\"image\":{\"@id\":\"https:\/\/www.estrategiaconcursos.com.br\/blog\/concurso-pf-delegado-2016\/#primaryimage\"},\"thumbnailUrl\":\"https:\/\/www.estrategiaconcursos.com.br\/blog\/wp-content\/uploads\/2016\/02\/PF-LOGO.jpg\",\"datePublished\":\"2016-02-24T13:43:56+00:00\",\"dateModified\":\"2022-11-10T19:55:14+00:00\",\"description\":\"A PF \u00e9 um dos \u00f3rg\u00e3os que n\u00e3o precisa de autoriza\u00e7\u00e3o do Minist\u00e9rio do Planejamento para realizar concursos p\u00fablicos, conforme prev\u00ea o Decreto n\u00ba8.326.\",\"breadcrumb\":{\"@id\":\"https:\/\/www.estrategiaconcursos.com.br\/blog\/concurso-pf-delegado-2016\/#breadcrumb\"},\"inLanguage\":\"pt-BR\",\"potentialAction\":[{\"@type\":\"ReadAction\",\"target\":[\"https:\/\/www.estrategiaconcursos.com.br\/blog\/concurso-pf-delegado-2016\/\"]}]},{\"@type\":\"ImageObject\",\"inLanguage\":\"pt-BR\",\"@id\":\"https:\/\/www.estrategiaconcursos.com.br\/blog\/concurso-pf-delegado-2016\/#primaryimage\",\"url\":\"https:\/\/dhg1h5j42swfq.cloudfront.net\/2016\/02\/23144830\/PF-LOGO.jpg\",\"contentUrl\":\"https:\/\/dhg1h5j42swfq.cloudfront.net\/2016\/02\/23144830\/PF-LOGO.jpg\",\"width\":292,\"height\":346},{\"@type\":\"BreadcrumbList\",\"@id\":\"https:\/\/www.estrategiaconcursos.com.br\/blog\/concurso-pf-delegado-2016\/#breadcrumb\",\"itemListElement\":[{\"@type\":\"ListItem\",\"position\":1,\"name\":\"In\u00edcio\",\"item\":\"https:\/\/www.estrategiaconcursos.com.br\/blog\/\"},{\"@type\":\"ListItem\",\"position\":2,\"name\":\"Concurso PF deve ter 491 vagas para delegado com sal\u00e1rio de R$ 16 mil\"}]},{\"@type\":\"WebSite\",\"@id\":\"https:\/\/www.estrategiaconcursos.com.br\/blog\/#website\",\"url\":\"https:\/\/www.estrategiaconcursos.com.br\/blog\/\",\"name\":\"Estrat\u00e9gia Concursos\",\"description\":\"O blog da Estrat\u00e9gia Concursos traz not\u00edcias sobre concursos e artigos de professores oferecendo cursos para concursos (pdf + videaulas) no site.\",\"publisher\":{\"@id\":\"https:\/\/www.estrategiaconcursos.com.br\/blog\/#organization\"},\"potentialAction\":[{\"@type\":\"SearchAction\",\"target\":{\"@type\":\"EntryPoint\",\"urlTemplate\":\"https:\/\/www.estrategiaconcursos.com.br\/blog\/?s={search_term_string}\"},\"query-input\":{\"@type\":\"PropertyValueSpecification\",\"valueRequired\":true,\"valueName\":\"search_term_string\"}}],\"inLanguage\":\"pt-BR\"},{\"@type\":\"Organization\",\"@id\":\"https:\/\/www.estrategiaconcursos.com.br\/blog\/#organization\",\"name\":\"Estrat\u00e9gia Concursos\",\"url\":\"https:\/\/www.estrategiaconcursos.com.br\/blog\/\",\"logo\":{\"@type\":\"ImageObject\",\"inLanguage\":\"pt-BR\",\"@id\":\"https:\/\/www.estrategiaconcursos.com.br\/blog\/#\/schema\/logo\/image\/\",\"url\":\"https:\/\/dhg1h5j42swfq.cloudfront.net\/2025\/06\/03203428\/logo_concursos-1.jpg\",\"contentUrl\":\"https:\/\/dhg1h5j42swfq.cloudfront.net\/2025\/06\/03203428\/logo_concursos-1.jpg\",\"width\":230,\"height\":60,\"caption\":\"Estrat\u00e9gia Concursos\"},\"image\":{\"@id\":\"https:\/\/www.estrategiaconcursos.com.br\/blog\/#\/schema\/logo\/image\/\"},\"sameAs\":[\"https:\/\/x.com\/EstratConcursos\"]},{\"@type\":\"Person\",\"@id\":\"https:\/\/www.estrategiaconcursos.com.br\/blog\/#\/schema\/person\/b4a388c97673c5f483d72185668afa1f\",\"name\":\"Coordena\u00e7\u00e3o\",\"image\":{\"@type\":\"ImageObject\",\"inLanguage\":\"pt-BR\",\"@id\":\"https:\/\/secure.gravatar.com\/avatar\/b720319e4c9a967eb58678d110f4fe35452fc5d5f97b202bac7b8acceb18c6ad?s=96&d=mm&r=g\",\"url\":\"https:\/\/secure.gravatar.com\/avatar\/b720319e4c9a967eb58678d110f4fe35452fc5d5f97b202bac7b8acceb18c6ad?s=96&d=mm&r=g\",\"contentUrl\":\"https:\/\/secure.gravatar.com\/avatar\/b720319e4c9a967eb58678d110f4fe35452fc5d5f97b202bac7b8acceb18c6ad?s=96&d=mm&r=g\",\"caption\":\"Coordena\u00e7\u00e3o\"},\"sameAs\":[\"https:\/\/www.facebook.com\/EstrategiaConcursos\",\"https:\/\/x.com\/EstratConcursos\"],\"url\":\"https:\/\/www.estrategiaconcursos.com.br\/blog\/author\/estrategia2013\/\"}]}<\/script>\n<!-- \/ Yoast SEO Premium plugin. -->","yoast_head_json":{"title":"Concurso PF deve ter 491 vagas para delegado com sal\u00e1rio de R$ 16 mil","description":"A PF \u00e9 um dos \u00f3rg\u00e3os que n\u00e3o precisa de autoriza\u00e7\u00e3o do Minist\u00e9rio do Planejamento para realizar concursos p\u00fablicos, conforme prev\u00ea o Decreto n\u00ba8.326.","robots":{"index":"index","follow":"follow","max-snippet":"max-snippet:-1","max-image-preview":"max-image-preview:large","max-video-preview":"max-video-preview:-1"},"canonical":"https:\/\/www.estrategiaconcursos.com.br\/blog\/concurso-pf-delegado-2016\/","og_locale":"pt_BR","og_type":"article","og_title":"Concurso PF deve ter 491 vagas para delegado com sal\u00e1rio de R$ 16 mil","og_description":"A PF \u00e9 um dos \u00f3rg\u00e3os que n\u00e3o precisa de autoriza\u00e7\u00e3o do Minist\u00e9rio do Planejamento para realizar concursos p\u00fablicos, conforme prev\u00ea o Decreto n\u00ba8.326.","og_url":"https:\/\/www.estrategiaconcursos.com.br\/blog\/concurso-pf-delegado-2016\/","og_site_name":"Estrat\u00e9gia Concursos","article_author":"https:\/\/www.facebook.com\/EstrategiaConcursos","article_published_time":"2016-02-24T13:43:56+00:00","article_modified_time":"2022-11-10T19:55:14+00:00","og_image":[{"url":"https:\/\/www.estrategiaconcursos.com.br\/blog\/wp-content\/uploads\/2016\/02\/PF-LOGO.jpg","type":"","width":"","height":""}],"author":"Coordena\u00e7\u00e3o","twitter_card":"summary_large_image","twitter_creator":"@EstratConcursos","twitter_site":"@EstratConcursos","twitter_misc":{"Escrito por":"Coordena\u00e7\u00e3o","Est. tempo de leitura":"2 minutos"},"schema":{"@context":"https:\/\/schema.org","@graph":[{"@type":"NewsArticle","@id":"https:\/\/www.estrategiaconcursos.com.br\/blog\/concurso-pf-delegado-2016\/#article","isPartOf":{"@id":"https:\/\/www.estrategiaconcursos.com.br\/blog\/concurso-pf-delegado-2016\/"},"author":{"name":"Coordena\u00e7\u00e3o","@id":"https:\/\/www.estrategiaconcursos.com.br\/blog\/#\/schema\/person\/b4a388c97673c5f483d72185668afa1f"},"headline":"Concurso PF deve ter 491 vagas para delegado com sal\u00e1rio de R$ 16 mil","datePublished":"2016-02-24T13:43:56+00:00","dateModified":"2022-11-10T19:55:14+00:00","mainEntityOfPage":{"@id":"https:\/\/www.estrategiaconcursos.com.br\/blog\/concurso-pf-delegado-2016\/"},"wordCount":322,"commentCount":1,"publisher":{"@id":"https:\/\/www.estrategiaconcursos.com.br\/blog\/#organization"},"image":{"@id":"https:\/\/www.estrategiaconcursos.com.br\/blog\/concurso-pf-delegado-2016\/#primaryimage"},"thumbnailUrl":"https:\/\/www.estrategiaconcursos.com.br\/blog\/wp-content\/uploads\/2016\/02\/PF-LOGO.jpg","keywords":["concurso delegado PF","concurso PF","concurso pol\u00edcia federal","Delegado","edital","vagas"],"articleSection":["Concursos P\u00fablicos"],"inLanguage":"pt-BR","potentialAction":[{"@type":"CommentAction","name":"Comment","target":["https:\/\/www.estrategiaconcursos.com.br\/blog\/concurso-pf-delegado-2016\/#respond"]}],"copyrightYear":"2016","copyrightHolder":{"@id":"https:\/\/www.estrategiaconcursos.com.br\/blog\/#organization"}},{"@type":"WebPage","@id":"https:\/\/www.estrategiaconcursos.com.br\/blog\/concurso-pf-delegado-2016\/","url":"https:\/\/www.estrategiaconcursos.com.br\/blog\/concurso-pf-delegado-2016\/","name":"Concurso PF deve ter 491 vagas para delegado com sal\u00e1rio de R$ 16 mil","isPartOf":{"@id":"https:\/\/www.estrategiaconcursos.com.br\/blog\/#website"},"primaryImageOfPage":{"@id":"https:\/\/www.estrategiaconcursos.com.br\/blog\/concurso-pf-delegado-2016\/#primaryimage"},"image":{"@id":"https:\/\/www.estrategiaconcursos.com.br\/blog\/concurso-pf-delegado-2016\/#primaryimage"},"thumbnailUrl":"https:\/\/www.estrategiaconcursos.com.br\/blog\/wp-content\/uploads\/2016\/02\/PF-LOGO.jpg","datePublished":"2016-02-24T13:43:56+00:00","dateModified":"2022-11-10T19:55:14+00:00","description":"A PF \u00e9 um dos \u00f3rg\u00e3os que n\u00e3o precisa de autoriza\u00e7\u00e3o do Minist\u00e9rio do Planejamento para realizar concursos p\u00fablicos, conforme prev\u00ea o Decreto n\u00ba8.326.","breadcrumb":{"@id":"https:\/\/www.estrategiaconcursos.com.br\/blog\/concurso-pf-delegado-2016\/#breadcrumb"},"inLanguage":"pt-BR","potentialAction":[{"@type":"ReadAction","target":["https:\/\/www.estrategiaconcursos.com.br\/blog\/concurso-pf-delegado-2016\/"]}]},{"@type":"ImageObject","inLanguage":"pt-BR","@id":"https:\/\/www.estrategiaconcursos.com.br\/blog\/concurso-pf-delegado-2016\/#primaryimage","url":"https:\/\/dhg1h5j42swfq.cloudfront.net\/2016\/02\/23144830\/PF-LOGO.jpg","contentUrl":"https:\/\/dhg1h5j42swfq.cloudfront.net\/2016\/02\/23144830\/PF-LOGO.jpg","width":292,"height":346},{"@type":"BreadcrumbList","@id":"https:\/\/www.estrategiaconcursos.com.br\/blog\/concurso-pf-delegado-2016\/#breadcrumb","itemListElement":[{"@type":"ListItem","position":1,"name":"In\u00edcio","item":"https:\/\/www.estrategiaconcursos.com.br\/blog\/"},{"@type":"ListItem","position":2,"name":"Concurso PF deve ter 491 vagas para delegado com sal\u00e1rio de R$ 16 mil"}]},{"@type":"WebSite","@id":"https:\/\/www.estrategiaconcursos.com.br\/blog\/#website","url":"https:\/\/www.estrategiaconcursos.com.br\/blog\/","name":"Estrat\u00e9gia Concursos","description":"O blog da Estrat\u00e9gia Concursos traz not\u00edcias sobre concursos e artigos de professores oferecendo cursos para concursos (pdf + videaulas) no site.","publisher":{"@id":"https:\/\/www.estrategiaconcursos.com.br\/blog\/#organization"},"potentialAction":[{"@type":"SearchAction","target":{"@type":"EntryPoint","urlTemplate":"https:\/\/www.estrategiaconcursos.com.br\/blog\/?s={search_term_string}"},"query-input":{"@type":"PropertyValueSpecification","valueRequired":true,"valueName":"search_term_string"}}],"inLanguage":"pt-BR"},{"@type":"Organization","@id":"https:\/\/www.estrategiaconcursos.com.br\/blog\/#organization","name":"Estrat\u00e9gia Concursos","url":"https:\/\/www.estrategiaconcursos.com.br\/blog\/","logo":{"@type":"ImageObject","inLanguage":"pt-BR","@id":"https:\/\/www.estrategiaconcursos.com.br\/blog\/#\/schema\/logo\/image\/","url":"https:\/\/dhg1h5j42swfq.cloudfront.net\/2025\/06\/03203428\/logo_concursos-1.jpg","contentUrl":"https:\/\/dhg1h5j42swfq.cloudfront.net\/2025\/06\/03203428\/logo_concursos-1.jpg","width":230,"height":60,"caption":"Estrat\u00e9gia Concursos"},"image":{"@id":"https:\/\/www.estrategiaconcursos.com.br\/blog\/#\/schema\/logo\/image\/"},"sameAs":["https:\/\/x.com\/EstratConcursos"]},{"@type":"Person","@id":"https:\/\/www.estrategiaconcursos.com.br\/blog\/#\/schema\/person\/b4a388c97673c5f483d72185668afa1f","name":"Coordena\u00e7\u00e3o","image":{"@type":"ImageObject","inLanguage":"pt-BR","@id":"https:\/\/secure.gravatar.com\/avatar\/b720319e4c9a967eb58678d110f4fe35452fc5d5f97b202bac7b8acceb18c6ad?s=96&d=mm&r=g","url":"https:\/\/secure.gravatar.com\/avatar\/b720319e4c9a967eb58678d110f4fe35452fc5d5f97b202bac7b8acceb18c6ad?s=96&d=mm&r=g","contentUrl":"https:\/\/secure.gravatar.com\/avatar\/b720319e4c9a967eb58678d110f4fe35452fc5d5f97b202bac7b8acceb18c6ad?s=96&d=mm&r=g","caption":"Coordena\u00e7\u00e3o"},"sameAs":["https:\/\/www.facebook.com\/EstrategiaConcursos","https:\/\/x.com\/EstratConcursos"],"url":"https:\/\/www.estrategiaconcursos.com.br\/blog\/author\/estrategia2013\/"}]}},"_links":{"self":[{"href":"https:\/\/www.estrategiaconcursos.com.br\/blog\/wp-json\/wp\/v2\/posts\/33813","targetHints":{"allow":["GET"]}}],"collection":[{"href":"https:\/\/www.estrategiaconcursos.com.br\/blog\/wp-json\/wp\/v2\/posts"}],"about":[{"href":"https:\/\/www.estrategiaconcursos.com.br\/blog\/wp-json\/wp\/v2\/types\/post"}],"author":[{"embeddable":true,"href":"https:\/\/www.estrategiaconcursos.com.br\/blog\/wp-json\/wp\/v2\/users\/1"}],"replies":[{"embeddable":true,"href":"https:\/\/www.estrategiaconcursos.com.br\/blog\/wp-json\/wp\/v2\/comments?post=33813"}],"version-history":[{"count":9,"href":"https:\/\/www.estrategiaconcursos.com.br\/blog\/wp-json\/wp\/v2\/posts\/33813\/revisions"}],"predecessor-version":[{"id":1123377,"href":"https:\/\/www.estrategiaconcursos.com.br\/blog\/wp-json\/wp\/v2\/posts\/33813\/revisions\/1123377"}],"wp:attachment":[{"href":"https:\/\/www.estrategiaconcursos.com.br\/blog\/wp-json\/wp\/v2\/media?parent=33813"}],"wp:term":[{"taxonomy":"category","embeddable":true,"href":"https:\/\/www.estrategiaconcursos.com.br\/blog\/wp-json\/wp\/v2\/categories?post=33813"},{"taxonomy":"post_tag","embeddable":true,"href":"https:\/\/www.estrategiaconcursos.com.br\/blog\/wp-json\/wp\/v2\/tags?post=33813"},{"taxonomy":"tax_estado","embeddable":true,"href":"https:\/\/www.estrategiaconcursos.com.br\/blog\/wp-json\/wp\/v2\/tax_estado?post=33813"}],"curies":[{"name":"wp","href":"https:\/\/api.w.org\/{rel}","templated":true}]}}