{"id":33790,"date":"2016-02-23T09:55:01","date_gmt":"2016-02-23T12:55:01","guid":{"rendered":"http:\/\/www.estrategiaconcursos.com.br\/blog\/?p=33790"},"modified":"2016-02-23T20:26:31","modified_gmt":"2016-02-23T23:26:31","slug":"de-olho-no-enem-meio-ambiente-em-pais-desenvolvido-cidade-da-alemanha-proibe-uso-de-capsulas-de-cafe-expresso","status":"publish","type":"post","link":"https:\/\/www.estrategiaconcursos.com.br\/blog\/de-olho-no-enem-meio-ambiente-em-pais-desenvolvido-cidade-da-alemanha-proibe-uso-de-capsulas-de-cafe-expresso\/","title":{"rendered":"[De olho no ENEM] Meio ambiente: Cidade da Alemanha pro\u00edbe uso de c\u00e1psulas de caf\u00e9"},"content":{"rendered":"<p>Ol\u00e1, pessoal!<\/p>\n<p>Hoje venho aqui tratar de um assunto importante para sua prova do ENEM, que sempre traz muitas quest\u00f5es sobre o tema Ambiente e Polui\u00e7\u00e3o Ambiental.<\/p>\n<p><strong>Cidade alem\u00e3 pro\u00edbe uso de c\u00e1psulas de caf\u00e9 expresso em pr\u00e9dios p\u00fablicos\u00a0<\/strong><\/p>\n<p><strong>Do UOL, em S\u00e3o Paulo<\/strong><\/p>\n<p>22\/02\/201620h22<\/p>\n<p><strong>C\u00e1psulas n\u00e3o s\u00e3o facilmente recicl\u00e1veis porque s\u00e3o feitas de uma mistura de pl\u00e1stico e alum\u00ednio. A borra de caf\u00e9 restante tamb\u00e9m dificulta o processo<\/strong><\/p>\n<p>A cidade de Hamburgo, segunda maior da Alemanha, proibiu a compra de c\u00e1psulas de caf\u00e9 por reparti\u00e7\u00f5es p\u00fablicas. A medida introduzida em janeiro faz parte de um grande esfor\u00e7o da gest\u00e3o p\u00fablica para reduzir a quantidade de res\u00edduos s\u00f3lidos lan\u00e7ados ao meio ambiente.<\/p>\n<p>O Guia para Contratos Ecologicamente Respons\u00e1veis, um documento de 150 p\u00e1ginas, tamb\u00e9m baniu garrafas pl\u00e1sticas de \u00e1gua, produtos de limpeza \u00e0 base de cloro, pratos e talheres de pl\u00e1stico, entre outros produtos.<\/p>\n<p>Sobre as c\u00e1psulas de caf\u00e9, o documento afirma que &#8220;essas pequenas embalagens causam gastos desnecess\u00e1rios e geram res\u00edduos que, geralmente, cont\u00eam alum\u00ednio poluente&#8221; e diz estar proibida a compra deles para uso em &#8220;Kaffee Kapselmaschine&#8221;, ou m\u00e1quina de c\u00e1psula de caf\u00e9. Em cada oito caf\u00e9s vendidos na Alemanha, um deles vem de c\u00e1psulas individuais.<\/p>\n<p>O porta-voz do Departamento de Meio Ambiente e Energia de Hamburgo, Jan Dube, afirmou em entrevista \u00e0 BBC que essas c\u00e1psulas n\u00e3o s\u00e3o facilmente recicl\u00e1veis por serem &#8220;geralmente feitas de uma mistura de pl\u00e1stico e alum\u00ednio&#8221;.<\/p>\n<p>&#8220;N\u00f3s aqui em Hamburgo pensamos que essas c\u00e1psulas com 6 gramas de caf\u00e9 em um pacote de 3 gramas n\u00e3o devem ser compradas com o dinheiro do contribuinte&#8221;, afirma.<\/p>\n<p>Al\u00e9m da complexidade da embalagem, a c\u00e1psula usada ainda guarda borra de caf\u00e9 mo\u00eddo, o que a torna dif\u00edcil de ser processada nas f\u00e1bricas comuns de reciclagem do munic\u00edpio.<\/p>\n<p>O\u00a0<a href=\"http:\/\/www1.folha.uol.com.br\/mercado\/2016\/01\/1732854-febre-das-capsulas-de-cafe-nao-e-acompanhada-pela-reciclagem.shtml\">mercado do caf\u00e9 em c\u00e1psula no Brasil saltou de R$ 19 milh\u00f5es, em 2005, para R$ 1,4 bilh\u00e3o, em 2015.<\/a>\u00a0Mais de 7.000 toneladas do caf\u00e9 nas embalagens individuais foram vendidas no ano passado no pa\u00eds, segundo a consultoria Euromonitor. Mas, as empresas n\u00e3o informam quanto dessas c\u00e1psulas foram recicladas.<\/p>\n<p>O curioso \u00e9 que, no Brasil, o chique \u00e9 ter estas m\u00e1quinas e usar tais sach\u00eas!!!! =) O que voc\u00eas acham dessas m\u00e1quinas? Deixem seus coment\u00e1rios! =)<\/p>\n<p>&nbsp;<\/p>\n<p>At\u00e9 a pr\u00f3xima!!<\/p>\n<p>Prof. Wagner Bertolini<\/p>\n<p>Prof. de Qu\u00edmica<\/p>\n<p>Coordenador <a href=\"https:\/\/www.estrategiaconcursos.com.br\/cursosPorConcurso\/preparatorio-para-enem-exame-nacional-do-ensino-medio-2016\/\">ESTRAT\u00c9GIA ENEM<\/a><\/p>\n<p>&nbsp;<\/p>\n","protected":false},"excerpt":{"rendered":"<p>Ol\u00e1, pessoal! Hoje venho aqui tratar de um assunto importante para sua prova do ENEM, que sempre traz muitas quest\u00f5es sobre o tema Ambiente e Polui\u00e7\u00e3o Ambiental. Cidade alem\u00e3 pro\u00edbe uso de c\u00e1psulas de caf\u00e9 expresso em pr\u00e9dios p\u00fablicos\u00a0 Do UOL, em S\u00e3o Paulo 22\/02\/201620h22 C\u00e1psulas n\u00e3o s\u00e3o facilmente recicl\u00e1veis porque s\u00e3o feitas de uma [&hellip;]<\/p>\n","protected":false},"author":1,"featured_media":0,"comment_status":"open","ping_status":"open","sticky":false,"template":"","format":"standard","meta":{"post_tipo":"news","footnotes":""},"categories":[1],"tags":[786],"tax_estado":[],"class_list":["post-33790","post","type-post","status-publish","format-standard","hentry","category-cursos-e-concursos","tag-enem"],"acf":[],"yoast_head":"<!-- This site is optimized with the Yoast SEO Premium plugin v27.2 (Yoast SEO v27.2) - https:\/\/yoast.com\/product\/yoast-seo-premium-wordpress\/ -->\n<title>Cidade da Alemanha pro\u00edbe uso de c\u00e1psulas de caf\u00e9 expresso<\/title>\n<meta name=\"description\" content=\"Cidade alem\u00e3 pro\u00edbe uso de c\u00e1psulas de caf\u00e9 expresso.\u00a0Assunto importante para ENEM, que sempre traz quest\u00f5es sobre Ambiente e Polui\u00e7\u00e3o Ambiental!\" \/>\n<meta name=\"robots\" content=\"index, follow, max-snippet:-1, max-image-preview:large, max-video-preview:-1\" \/>\n<link rel=\"canonical\" href=\"https:\/\/www.estrategiaconcursos.com.br\/blog\/de-olho-no-enem-meio-ambiente-em-pais-desenvolvido-cidade-da-alemanha-proibe-uso-de-capsulas-de-cafe-expresso\/\" \/>\n<meta property=\"og:locale\" content=\"pt_BR\" \/>\n<meta property=\"og:type\" content=\"article\" \/>\n<meta property=\"og:title\" content=\"[De olho no ENEM] Meio ambiente: Cidade da Alemanha pro\u00edbe uso de c\u00e1psulas de caf\u00e9\" \/>\n<meta property=\"og:description\" content=\"Cidade alem\u00e3 pro\u00edbe uso de c\u00e1psulas de caf\u00e9 expresso.\u00a0Assunto importante para ENEM, que sempre traz quest\u00f5es sobre Ambiente e Polui\u00e7\u00e3o Ambiental!\" \/>\n<meta property=\"og:url\" content=\"https:\/\/www.estrategiaconcursos.com.br\/blog\/de-olho-no-enem-meio-ambiente-em-pais-desenvolvido-cidade-da-alemanha-proibe-uso-de-capsulas-de-cafe-expresso\/\" \/>\n<meta property=\"og:site_name\" content=\"Estrat\u00e9gia Concursos\" \/>\n<meta property=\"article:author\" content=\"https:\/\/www.facebook.com\/EstrategiaConcursos\" \/>\n<meta property=\"article:published_time\" content=\"2016-02-23T12:55:01+00:00\" \/>\n<meta property=\"article:modified_time\" content=\"2016-02-23T23:26:31+00:00\" \/>\n<meta name=\"author\" content=\"Coordena\u00e7\u00e3o\" \/>\n<meta name=\"twitter:card\" content=\"summary_large_image\" \/>\n<meta name=\"twitter:creator\" content=\"@EstratConcursos\" \/>\n<meta name=\"twitter:site\" content=\"@EstratConcursos\" \/>\n<meta name=\"twitter:label1\" content=\"Escrito por\" \/>\n\t<meta name=\"twitter:data1\" content=\"Coordena\u00e7\u00e3o\" \/>\n\t<meta name=\"twitter:label2\" content=\"Est. tempo de leitura\" \/>\n\t<meta name=\"twitter:data2\" content=\"2 minutos\" \/>\n<script type=\"application\/ld+json\" class=\"yoast-schema-graph\">{\"@context\":\"https:\/\/schema.org\",\"@graph\":[{\"@type\":\"NewsArticle\",\"@id\":\"https:\/\/www.estrategiaconcursos.com.br\/blog\/de-olho-no-enem-meio-ambiente-em-pais-desenvolvido-cidade-da-alemanha-proibe-uso-de-capsulas-de-cafe-expresso\/#article\",\"isPartOf\":{\"@id\":\"https:\/\/www.estrategiaconcursos.com.br\/blog\/de-olho-no-enem-meio-ambiente-em-pais-desenvolvido-cidade-da-alemanha-proibe-uso-de-capsulas-de-cafe-expresso\/\"},\"author\":{\"name\":\"Coordena\u00e7\u00e3o\",\"@id\":\"https:\/\/www.estrategiaconcursos.com.br\/blog\/#\/schema\/person\/b4a388c97673c5f483d72185668afa1f\"},\"headline\":\"[De olho no ENEM] Meio ambiente: Cidade da Alemanha pro\u00edbe uso de c\u00e1psulas de caf\u00e9\",\"datePublished\":\"2016-02-23T12:55:01+00:00\",\"dateModified\":\"2016-02-23T23:26:31+00:00\",\"mainEntityOfPage\":{\"@id\":\"https:\/\/www.estrategiaconcursos.com.br\/blog\/de-olho-no-enem-meio-ambiente-em-pais-desenvolvido-cidade-da-alemanha-proibe-uso-de-capsulas-de-cafe-expresso\/\"},\"wordCount\":454,\"commentCount\":2,\"publisher\":{\"@id\":\"https:\/\/www.estrategiaconcursos.com.br\/blog\/#organization\"},\"keywords\":[\"ENEM\"],\"articleSection\":[\"Concursos P\u00fablicos\"],\"inLanguage\":\"pt-BR\",\"potentialAction\":[{\"@type\":\"CommentAction\",\"name\":\"Comment\",\"target\":[\"https:\/\/www.estrategiaconcursos.com.br\/blog\/de-olho-no-enem-meio-ambiente-em-pais-desenvolvido-cidade-da-alemanha-proibe-uso-de-capsulas-de-cafe-expresso\/#respond\"]}],\"copyrightYear\":\"2016\",\"copyrightHolder\":{\"@id\":\"https:\/\/www.estrategiaconcursos.com.br\/blog\/#organization\"}},{\"@type\":\"WebPage\",\"@id\":\"https:\/\/www.estrategiaconcursos.com.br\/blog\/de-olho-no-enem-meio-ambiente-em-pais-desenvolvido-cidade-da-alemanha-proibe-uso-de-capsulas-de-cafe-expresso\/\",\"url\":\"https:\/\/www.estrategiaconcursos.com.br\/blog\/de-olho-no-enem-meio-ambiente-em-pais-desenvolvido-cidade-da-alemanha-proibe-uso-de-capsulas-de-cafe-expresso\/\",\"name\":\"Cidade da Alemanha pro\u00edbe uso de c\u00e1psulas de caf\u00e9 expresso\",\"isPartOf\":{\"@id\":\"https:\/\/www.estrategiaconcursos.com.br\/blog\/#website\"},\"datePublished\":\"2016-02-23T12:55:01+00:00\",\"dateModified\":\"2016-02-23T23:26:31+00:00\",\"description\":\"Cidade alem\u00e3 pro\u00edbe uso de c\u00e1psulas de caf\u00e9 expresso.\u00a0Assunto importante para ENEM, que sempre traz quest\u00f5es sobre Ambiente e Polui\u00e7\u00e3o Ambiental!\",\"breadcrumb\":{\"@id\":\"https:\/\/www.estrategiaconcursos.com.br\/blog\/de-olho-no-enem-meio-ambiente-em-pais-desenvolvido-cidade-da-alemanha-proibe-uso-de-capsulas-de-cafe-expresso\/#breadcrumb\"},\"inLanguage\":\"pt-BR\",\"potentialAction\":[{\"@type\":\"ReadAction\",\"target\":[\"https:\/\/www.estrategiaconcursos.com.br\/blog\/de-olho-no-enem-meio-ambiente-em-pais-desenvolvido-cidade-da-alemanha-proibe-uso-de-capsulas-de-cafe-expresso\/\"]}]},{\"@type\":\"BreadcrumbList\",\"@id\":\"https:\/\/www.estrategiaconcursos.com.br\/blog\/de-olho-no-enem-meio-ambiente-em-pais-desenvolvido-cidade-da-alemanha-proibe-uso-de-capsulas-de-cafe-expresso\/#breadcrumb\",\"itemListElement\":[{\"@type\":\"ListItem\",\"position\":1,\"name\":\"In\u00edcio\",\"item\":\"https:\/\/www.estrategiaconcursos.com.br\/blog\/\"},{\"@type\":\"ListItem\",\"position\":2,\"name\":\"[De olho no ENEM] Meio ambiente: Cidade da Alemanha pro\u00edbe uso de c\u00e1psulas de caf\u00e9\"}]},{\"@type\":\"WebSite\",\"@id\":\"https:\/\/www.estrategiaconcursos.com.br\/blog\/#website\",\"url\":\"https:\/\/www.estrategiaconcursos.com.br\/blog\/\",\"name\":\"Estrat\u00e9gia Concursos\",\"description\":\"O blog da Estrat\u00e9gia Concursos traz not\u00edcias sobre concursos e artigos de professores oferecendo cursos para concursos (pdf + videaulas) no site.\",\"publisher\":{\"@id\":\"https:\/\/www.estrategiaconcursos.com.br\/blog\/#organization\"},\"potentialAction\":[{\"@type\":\"SearchAction\",\"target\":{\"@type\":\"EntryPoint\",\"urlTemplate\":\"https:\/\/www.estrategiaconcursos.com.br\/blog\/?s={search_term_string}\"},\"query-input\":{\"@type\":\"PropertyValueSpecification\",\"valueRequired\":true,\"valueName\":\"search_term_string\"}}],\"inLanguage\":\"pt-BR\"},{\"@type\":\"Organization\",\"@id\":\"https:\/\/www.estrategiaconcursos.com.br\/blog\/#organization\",\"name\":\"Estrat\u00e9gia Concursos\",\"url\":\"https:\/\/www.estrategiaconcursos.com.br\/blog\/\",\"logo\":{\"@type\":\"ImageObject\",\"inLanguage\":\"pt-BR\",\"@id\":\"https:\/\/www.estrategiaconcursos.com.br\/blog\/#\/schema\/logo\/image\/\",\"url\":\"https:\/\/dhg1h5j42swfq.cloudfront.net\/2025\/06\/03203428\/logo_concursos-1.jpg\",\"contentUrl\":\"https:\/\/dhg1h5j42swfq.cloudfront.net\/2025\/06\/03203428\/logo_concursos-1.jpg\",\"width\":230,\"height\":60,\"caption\":\"Estrat\u00e9gia Concursos\"},\"image\":{\"@id\":\"https:\/\/www.estrategiaconcursos.com.br\/blog\/#\/schema\/logo\/image\/\"},\"sameAs\":[\"https:\/\/x.com\/EstratConcursos\"]},{\"@type\":\"Person\",\"@id\":\"https:\/\/www.estrategiaconcursos.com.br\/blog\/#\/schema\/person\/b4a388c97673c5f483d72185668afa1f\",\"name\":\"Coordena\u00e7\u00e3o\",\"image\":{\"@type\":\"ImageObject\",\"inLanguage\":\"pt-BR\",\"@id\":\"https:\/\/secure.gravatar.com\/avatar\/b720319e4c9a967eb58678d110f4fe35452fc5d5f97b202bac7b8acceb18c6ad?s=96&d=mm&r=g\",\"url\":\"https:\/\/secure.gravatar.com\/avatar\/b720319e4c9a967eb58678d110f4fe35452fc5d5f97b202bac7b8acceb18c6ad?s=96&d=mm&r=g\",\"contentUrl\":\"https:\/\/secure.gravatar.com\/avatar\/b720319e4c9a967eb58678d110f4fe35452fc5d5f97b202bac7b8acceb18c6ad?s=96&d=mm&r=g\",\"caption\":\"Coordena\u00e7\u00e3o\"},\"sameAs\":[\"https:\/\/www.facebook.com\/EstrategiaConcursos\",\"https:\/\/x.com\/EstratConcursos\"],\"url\":\"https:\/\/www.estrategiaconcursos.com.br\/blog\/author\/estrategia2013\/\"}]}<\/script>\n<!-- \/ Yoast SEO Premium plugin. -->","yoast_head_json":{"title":"Cidade da Alemanha pro\u00edbe uso de c\u00e1psulas de caf\u00e9 expresso","description":"Cidade alem\u00e3 pro\u00edbe uso de c\u00e1psulas de caf\u00e9 expresso.\u00a0Assunto importante para ENEM, que sempre traz quest\u00f5es sobre Ambiente e Polui\u00e7\u00e3o Ambiental!","robots":{"index":"index","follow":"follow","max-snippet":"max-snippet:-1","max-image-preview":"max-image-preview:large","max-video-preview":"max-video-preview:-1"},"canonical":"https:\/\/www.estrategiaconcursos.com.br\/blog\/de-olho-no-enem-meio-ambiente-em-pais-desenvolvido-cidade-da-alemanha-proibe-uso-de-capsulas-de-cafe-expresso\/","og_locale":"pt_BR","og_type":"article","og_title":"[De olho no ENEM] Meio ambiente: Cidade da Alemanha pro\u00edbe uso de c\u00e1psulas de caf\u00e9","og_description":"Cidade alem\u00e3 pro\u00edbe uso de c\u00e1psulas de caf\u00e9 expresso.\u00a0Assunto importante para ENEM, que sempre traz quest\u00f5es sobre Ambiente e Polui\u00e7\u00e3o Ambiental!","og_url":"https:\/\/www.estrategiaconcursos.com.br\/blog\/de-olho-no-enem-meio-ambiente-em-pais-desenvolvido-cidade-da-alemanha-proibe-uso-de-capsulas-de-cafe-expresso\/","og_site_name":"Estrat\u00e9gia Concursos","article_author":"https:\/\/www.facebook.com\/EstrategiaConcursos","article_published_time":"2016-02-23T12:55:01+00:00","article_modified_time":"2016-02-23T23:26:31+00:00","author":"Coordena\u00e7\u00e3o","twitter_card":"summary_large_image","twitter_creator":"@EstratConcursos","twitter_site":"@EstratConcursos","twitter_misc":{"Escrito por":"Coordena\u00e7\u00e3o","Est. tempo de leitura":"2 minutos"},"schema":{"@context":"https:\/\/schema.org","@graph":[{"@type":"NewsArticle","@id":"https:\/\/www.estrategiaconcursos.com.br\/blog\/de-olho-no-enem-meio-ambiente-em-pais-desenvolvido-cidade-da-alemanha-proibe-uso-de-capsulas-de-cafe-expresso\/#article","isPartOf":{"@id":"https:\/\/www.estrategiaconcursos.com.br\/blog\/de-olho-no-enem-meio-ambiente-em-pais-desenvolvido-cidade-da-alemanha-proibe-uso-de-capsulas-de-cafe-expresso\/"},"author":{"name":"Coordena\u00e7\u00e3o","@id":"https:\/\/www.estrategiaconcursos.com.br\/blog\/#\/schema\/person\/b4a388c97673c5f483d72185668afa1f"},"headline":"[De olho no ENEM] Meio ambiente: Cidade da Alemanha pro\u00edbe uso de c\u00e1psulas de caf\u00e9","datePublished":"2016-02-23T12:55:01+00:00","dateModified":"2016-02-23T23:26:31+00:00","mainEntityOfPage":{"@id":"https:\/\/www.estrategiaconcursos.com.br\/blog\/de-olho-no-enem-meio-ambiente-em-pais-desenvolvido-cidade-da-alemanha-proibe-uso-de-capsulas-de-cafe-expresso\/"},"wordCount":454,"commentCount":2,"publisher":{"@id":"https:\/\/www.estrategiaconcursos.com.br\/blog\/#organization"},"keywords":["ENEM"],"articleSection":["Concursos P\u00fablicos"],"inLanguage":"pt-BR","potentialAction":[{"@type":"CommentAction","name":"Comment","target":["https:\/\/www.estrategiaconcursos.com.br\/blog\/de-olho-no-enem-meio-ambiente-em-pais-desenvolvido-cidade-da-alemanha-proibe-uso-de-capsulas-de-cafe-expresso\/#respond"]}],"copyrightYear":"2016","copyrightHolder":{"@id":"https:\/\/www.estrategiaconcursos.com.br\/blog\/#organization"}},{"@type":"WebPage","@id":"https:\/\/www.estrategiaconcursos.com.br\/blog\/de-olho-no-enem-meio-ambiente-em-pais-desenvolvido-cidade-da-alemanha-proibe-uso-de-capsulas-de-cafe-expresso\/","url":"https:\/\/www.estrategiaconcursos.com.br\/blog\/de-olho-no-enem-meio-ambiente-em-pais-desenvolvido-cidade-da-alemanha-proibe-uso-de-capsulas-de-cafe-expresso\/","name":"Cidade da Alemanha pro\u00edbe uso de c\u00e1psulas de caf\u00e9 expresso","isPartOf":{"@id":"https:\/\/www.estrategiaconcursos.com.br\/blog\/#website"},"datePublished":"2016-02-23T12:55:01+00:00","dateModified":"2016-02-23T23:26:31+00:00","description":"Cidade alem\u00e3 pro\u00edbe uso de c\u00e1psulas de caf\u00e9 expresso.\u00a0Assunto importante para ENEM, que sempre traz quest\u00f5es sobre Ambiente e Polui\u00e7\u00e3o Ambiental!","breadcrumb":{"@id":"https:\/\/www.estrategiaconcursos.com.br\/blog\/de-olho-no-enem-meio-ambiente-em-pais-desenvolvido-cidade-da-alemanha-proibe-uso-de-capsulas-de-cafe-expresso\/#breadcrumb"},"inLanguage":"pt-BR","potentialAction":[{"@type":"ReadAction","target":["https:\/\/www.estrategiaconcursos.com.br\/blog\/de-olho-no-enem-meio-ambiente-em-pais-desenvolvido-cidade-da-alemanha-proibe-uso-de-capsulas-de-cafe-expresso\/"]}]},{"@type":"BreadcrumbList","@id":"https:\/\/www.estrategiaconcursos.com.br\/blog\/de-olho-no-enem-meio-ambiente-em-pais-desenvolvido-cidade-da-alemanha-proibe-uso-de-capsulas-de-cafe-expresso\/#breadcrumb","itemListElement":[{"@type":"ListItem","position":1,"name":"In\u00edcio","item":"https:\/\/www.estrategiaconcursos.com.br\/blog\/"},{"@type":"ListItem","position":2,"name":"[De olho no ENEM] Meio ambiente: Cidade da Alemanha pro\u00edbe uso de c\u00e1psulas de caf\u00e9"}]},{"@type":"WebSite","@id":"https:\/\/www.estrategiaconcursos.com.br\/blog\/#website","url":"https:\/\/www.estrategiaconcursos.com.br\/blog\/","name":"Estrat\u00e9gia Concursos","description":"O blog da Estrat\u00e9gia Concursos traz not\u00edcias sobre concursos e artigos de professores oferecendo cursos para concursos (pdf + videaulas) no site.","publisher":{"@id":"https:\/\/www.estrategiaconcursos.com.br\/blog\/#organization"},"potentialAction":[{"@type":"SearchAction","target":{"@type":"EntryPoint","urlTemplate":"https:\/\/www.estrategiaconcursos.com.br\/blog\/?s={search_term_string}"},"query-input":{"@type":"PropertyValueSpecification","valueRequired":true,"valueName":"search_term_string"}}],"inLanguage":"pt-BR"},{"@type":"Organization","@id":"https:\/\/www.estrategiaconcursos.com.br\/blog\/#organization","name":"Estrat\u00e9gia Concursos","url":"https:\/\/www.estrategiaconcursos.com.br\/blog\/","logo":{"@type":"ImageObject","inLanguage":"pt-BR","@id":"https:\/\/www.estrategiaconcursos.com.br\/blog\/#\/schema\/logo\/image\/","url":"https:\/\/dhg1h5j42swfq.cloudfront.net\/2025\/06\/03203428\/logo_concursos-1.jpg","contentUrl":"https:\/\/dhg1h5j42swfq.cloudfront.net\/2025\/06\/03203428\/logo_concursos-1.jpg","width":230,"height":60,"caption":"Estrat\u00e9gia Concursos"},"image":{"@id":"https:\/\/www.estrategiaconcursos.com.br\/blog\/#\/schema\/logo\/image\/"},"sameAs":["https:\/\/x.com\/EstratConcursos"]},{"@type":"Person","@id":"https:\/\/www.estrategiaconcursos.com.br\/blog\/#\/schema\/person\/b4a388c97673c5f483d72185668afa1f","name":"Coordena\u00e7\u00e3o","image":{"@type":"ImageObject","inLanguage":"pt-BR","@id":"https:\/\/secure.gravatar.com\/avatar\/b720319e4c9a967eb58678d110f4fe35452fc5d5f97b202bac7b8acceb18c6ad?s=96&d=mm&r=g","url":"https:\/\/secure.gravatar.com\/avatar\/b720319e4c9a967eb58678d110f4fe35452fc5d5f97b202bac7b8acceb18c6ad?s=96&d=mm&r=g","contentUrl":"https:\/\/secure.gravatar.com\/avatar\/b720319e4c9a967eb58678d110f4fe35452fc5d5f97b202bac7b8acceb18c6ad?s=96&d=mm&r=g","caption":"Coordena\u00e7\u00e3o"},"sameAs":["https:\/\/www.facebook.com\/EstrategiaConcursos","https:\/\/x.com\/EstratConcursos"],"url":"https:\/\/www.estrategiaconcursos.com.br\/blog\/author\/estrategia2013\/"}]}},"_links":{"self":[{"href":"https:\/\/www.estrategiaconcursos.com.br\/blog\/wp-json\/wp\/v2\/posts\/33790","targetHints":{"allow":["GET"]}}],"collection":[{"href":"https:\/\/www.estrategiaconcursos.com.br\/blog\/wp-json\/wp\/v2\/posts"}],"about":[{"href":"https:\/\/www.estrategiaconcursos.com.br\/blog\/wp-json\/wp\/v2\/types\/post"}],"author":[{"embeddable":true,"href":"https:\/\/www.estrategiaconcursos.com.br\/blog\/wp-json\/wp\/v2\/users\/1"}],"replies":[{"embeddable":true,"href":"https:\/\/www.estrategiaconcursos.com.br\/blog\/wp-json\/wp\/v2\/comments?post=33790"}],"version-history":[{"count":5,"href":"https:\/\/www.estrategiaconcursos.com.br\/blog\/wp-json\/wp\/v2\/posts\/33790\/revisions"}],"predecessor-version":[{"id":33844,"href":"https:\/\/www.estrategiaconcursos.com.br\/blog\/wp-json\/wp\/v2\/posts\/33790\/revisions\/33844"}],"wp:attachment":[{"href":"https:\/\/www.estrategiaconcursos.com.br\/blog\/wp-json\/wp\/v2\/media?parent=33790"}],"wp:term":[{"taxonomy":"category","embeddable":true,"href":"https:\/\/www.estrategiaconcursos.com.br\/blog\/wp-json\/wp\/v2\/categories?post=33790"},{"taxonomy":"post_tag","embeddable":true,"href":"https:\/\/www.estrategiaconcursos.com.br\/blog\/wp-json\/wp\/v2\/tags?post=33790"},{"taxonomy":"tax_estado","embeddable":true,"href":"https:\/\/www.estrategiaconcursos.com.br\/blog\/wp-json\/wp\/v2\/tax_estado?post=33790"}],"curies":[{"name":"wp","href":"https:\/\/api.w.org\/{rel}","templated":true}]}}