{"id":33080,"date":"2016-02-11T19:42:06","date_gmt":"2016-02-11T22:42:06","guid":{"rendered":"http:\/\/www.estrategiaconcursos.com.br\/blog\/?p=33080"},"modified":"2017-03-08T08:14:12","modified_gmt":"2017-03-08T11:14:12","slug":"concurso-prf-2013","status":"publish","type":"post","link":"https:\/\/www.estrategiaconcursos.com.br\/blog\/concurso-prf-2013\/","title":{"rendered":"Concurso PRF 2013: divulgado edital de convoca\u00e7\u00e3o para curso de forma\u00e7\u00e3o"},"content":{"rendered":"<p style=\"text-align: justify;\">\n\t<span style=\"color: #000000;\"><a href=\"http:\/\/www.estrategiaconcursos.com.br\/blog\/concurso-prf-analise-completa-do-ultimo-edital\/farda-prf\/\" rel=\"attachment wp-att-32042\"><img loading=\"lazy\" decoding=\"async\" alt=\"concurso PRF 2013\" class=\"alignleft wp-image-32042 size-medium\" height=\"169\" src=\"https:\/\/dhg1h5j42swfq.cloudfront.net\/2016\/01\/25134535\/farda-PRF.jpg\" width=\"300\" srcset=\"https:\/\/dhg1h5j42swfq.cloudfront.net\/2016\/01\/25134535\/farda-PRF.jpg 660w, https:\/\/dhg1h5j42swfq.cloudfront.net\/2016\/01\/25134535\/farda-PRF.jpg 300w, https:\/\/dhg1h5j42swfq.cloudfront.net\/2016\/01\/25134535\/farda-PRF.jpg 500w\" sizes=\"auto, (max-width: 300px) 100vw, 300px\" \/><\/a>Foi divulgado, no Di&aacute;rio Oficial da Uni&atilde;o, o edital de convoca&ccedil;&atilde;o dos candidatos aprovados no <a href=\"https:\/\/www.estrategiaconcursos.com.br\/cursosPorConcurso\/prf-policial-rodoviario-federal\/\">concurso&nbsp;da Pol&iacute;cia Rodovi&aacute;ria Federal (PRF)<\/a> em 2013.&nbsp;<\/span>\n<\/p>\n<p style=\"text-align: justify;\">\n\t<span style=\"color: #000000;\">A matr&iacute;cula no Curso de Forma&ccedil;&atilde;o ser&aacute; efetuada, exclusivamente, via internet, no endere&ccedil;o eletr&ocirc;nico<\/span> <a href=\"http:\/\/www.cespe.unb.br\/concursos\/dprf_13\">http:\/\/www.cespe.unb.br\/concursos\/dprf_13<\/a><span style=\"color: #000000;\">, das 10 horas do dia 11 de fevereiro de 2016 &agrave;s 16 horas do dia 13 de fevereiro de 2016, observado o hor&aacute;rio oficial de Bras&iacute;lia\/DF. O Curso de Forma&ccedil;&atilde;o da terceira turma da PRF, ser&aacute; realizado&nbsp;na Academia Nacional da Pol&iacute;cia Rodovi&aacute;ria Federal, em Florian&oacute;polis,&nbsp;do dia 15 de fevereiro ao dia 20 de maio.<\/span>\n<\/p>\n<p style=\"text-align: justify;\">\n\t<span style=\"color: #000000;\">Essa &eacute; a terceira convoca&ccedil;&atilde;o de aprovados realizada desde a realiza&ccedil;&atilde;o do certame. A primeira, de 18 de agosto de 2014, autorizou o provimento de 500 vagas no cargo. J&aacute; a&nbsp;segunda, com data&nbsp;de 19 de fevereiro de 2015, convocou mais 421 aprovados.&nbsp;Os 579&nbsp;candidatos que s&atilde;o convocados agora ao Curso de Forma&ccedil;&atilde;o, tiveram a sua nomea&ccedil;&atilde;o autorizada no final de 2015.<\/span>\n<\/p>\n<p>\n\t<span style=\"color: #000000;\">Confira o edital de convoca&ccedil;&atilde;o:<\/span>\n<\/p>\n<p>\n\t<a href=\"http:\/\/www.cespe.unb.br\/concursos\/dprf_13\/arquivos\/EDITAL_41_DPRF_AGENTE_ED_41___CONV_CFP_3_TURMA_FINAL.PDF\">http:\/\/www.cespe.unb.br\/concursos\/dprf_13\/arquivos\/EDITAL_41_DPRF_AGENTE_ED_41___CONV_CFP_3_TURMA_FINAL.PDF<\/a>\n<\/p>\n<p>\n\t<span style=\"color: #000000;\"><strong>Concurso PRF 2013<\/strong><\/span>\n<\/p>\n<p>\n\t<span style=\"color: #000000;\">O concurso PRF foi aberto em 2013 e teve&nbsp;prazo de validade&nbsp;prorrogado at&eacute; 23 de maio de 2016. Foram mais de&nbsp;109 mil inscritos&nbsp;concorrendo a 1.000 vagas no cargo de Policial Rodovi&aacute;rio Federal.<\/span>\n<\/p>\n<p style=\"text-align: justify;\">\n\t<span style=\"color: #000000;\">A fun&ccedil;&atilde;o exige diploma de conclus&atilde;o de curso de gradua&ccedil;&atilde;o de n&iacute;vel superior em qualquer &aacute;rea de forma&ccedil;&atilde;o e Carteira Nacional de Habilita&ccedil;&atilde;o na categoria &ldquo;B&rdquo;. A remunera&ccedil;&atilde;o atual &eacute; de R$ 6.719,25 mais aux&iacute;lio alimenta&ccedil;&atilde;o de R$ 458,00&nbsp;e a&nbsp;jornada de trabalho &eacute; de 40 horas semanais.<\/span>\n<\/p>\n<p style=\"text-align: justify;\">\n\t<span style=\"color: #000000;\">Assessoria de Comunica&ccedil;&atilde;o<\/span>\n<\/p>\n<p style=\"text-align: justify;\">\n\t<span style=\"color: #000000;\">comunicacao@estrategiaconcursos.com.br<\/span><\/p>\n","protected":false},"excerpt":{"rendered":"<p>Foi divulgado, no Di&aacute;rio Oficial da Uni&atilde;o, o edital de convoca&ccedil;&atilde;o dos candidatos aprovados no concurso&nbsp;da Pol&iacute;cia Rodovi&aacute;ria Federal (PRF) em 2013.&nbsp; A matr&iacute;cula no Curso de Forma&ccedil;&atilde;o ser&aacute; efetuada, exclusivamente, via internet, no endere&ccedil;o eletr&ocirc;nico http:\/\/www.cespe.unb.br\/concursos\/dprf_13, das 10 horas do dia 11 de fevereiro de 2016 &agrave;s 16 horas do dia 13 de fevereiro [&hellip;]<\/p>\n","protected":false},"author":1,"featured_media":0,"comment_status":"open","ping_status":"open","sticky":false,"template":"","format":"standard","meta":{"post_tipo":"news","footnotes":""},"categories":[1],"tags":[451,1307],"tax_estado":[],"class_list":["post-33080","post","type-post","status-publish","format-standard","hentry","category-cursos-e-concursos","tag-prf","tag-prf-2013"],"acf":[],"yoast_head":"<!-- This site is optimized with the Yoast SEO Premium plugin v27.2 (Yoast SEO v27.2) - https:\/\/yoast.com\/product\/yoast-seo-premium-wordpress\/ -->\n<title>Concurso PRF 2013: divulgado edital de convoca\u00e7\u00e3o para curso de forma\u00e7\u00e3o<\/title>\n<meta name=\"description\" content=\"Foi divulgado, no Di\u00e1rio Oficial da Uni\u00e3o, o edital de convoca\u00e7\u00e3o dos candidatos aprovados no concurso PRF 2013. Confira!\" \/>\n<meta name=\"robots\" content=\"index, follow, max-snippet:-1, max-image-preview:large, max-video-preview:-1\" \/>\n<link rel=\"canonical\" href=\"https:\/\/www.estrategiaconcursos.com.br\/blog\/concurso-prf-2013\/\" \/>\n<meta property=\"og:locale\" content=\"pt_BR\" \/>\n<meta property=\"og:type\" content=\"article\" \/>\n<meta property=\"og:title\" content=\"Concurso PRF 2013: divulgado edital de convoca\u00e7\u00e3o para curso de forma\u00e7\u00e3o\" \/>\n<meta property=\"og:description\" content=\"Foi divulgado, no Di\u00e1rio Oficial da Uni\u00e3o, o edital de convoca\u00e7\u00e3o dos candidatos aprovados no concurso PRF 2013. Confira!\" \/>\n<meta property=\"og:url\" content=\"https:\/\/www.estrategiaconcursos.com.br\/blog\/concurso-prf-2013\/\" \/>\n<meta property=\"og:site_name\" content=\"Estrat\u00e9gia Concursos\" \/>\n<meta property=\"article:author\" content=\"https:\/\/www.facebook.com\/EstrategiaConcursos\" \/>\n<meta property=\"article:published_time\" content=\"2016-02-11T22:42:06+00:00\" \/>\n<meta property=\"article:modified_time\" content=\"2017-03-08T11:14:12+00:00\" \/>\n<meta property=\"og:image\" content=\"https:\/\/www.estrategiaconcursos.com.br\/blog\/wp-content\/uploads\/2016\/01\/farda-PRF-300x169.jpg\" \/>\n<meta name=\"author\" content=\"Coordena\u00e7\u00e3o\" \/>\n<meta name=\"twitter:card\" content=\"summary_large_image\" \/>\n<meta name=\"twitter:creator\" content=\"@EstratConcursos\" \/>\n<meta name=\"twitter:site\" content=\"@EstratConcursos\" \/>\n<meta name=\"twitter:label1\" content=\"Escrito por\" \/>\n\t<meta name=\"twitter:data1\" content=\"Coordena\u00e7\u00e3o\" \/>\n\t<meta name=\"twitter:label2\" content=\"Est. tempo de leitura\" \/>\n\t<meta name=\"twitter:data2\" content=\"2 minutos\" \/>\n<script type=\"application\/ld+json\" class=\"yoast-schema-graph\">{\"@context\":\"https:\/\/schema.org\",\"@graph\":[{\"@type\":\"NewsArticle\",\"@id\":\"https:\/\/www.estrategiaconcursos.com.br\/blog\/concurso-prf-2013\/#article\",\"isPartOf\":{\"@id\":\"https:\/\/www.estrategiaconcursos.com.br\/blog\/concurso-prf-2013\/\"},\"author\":{\"name\":\"Coordena\u00e7\u00e3o\",\"@id\":\"https:\/\/www.estrategiaconcursos.com.br\/blog\/#\/schema\/person\/b4a388c97673c5f483d72185668afa1f\"},\"headline\":\"Concurso PRF 2013: divulgado edital de convoca\u00e7\u00e3o para curso de forma\u00e7\u00e3o\",\"datePublished\":\"2016-02-11T22:42:06+00:00\",\"dateModified\":\"2017-03-08T11:14:12+00:00\",\"mainEntityOfPage\":{\"@id\":\"https:\/\/www.estrategiaconcursos.com.br\/blog\/concurso-prf-2013\/\"},\"wordCount\":368,\"commentCount\":0,\"publisher\":{\"@id\":\"https:\/\/www.estrategiaconcursos.com.br\/blog\/#organization\"},\"image\":{\"@id\":\"https:\/\/www.estrategiaconcursos.com.br\/blog\/concurso-prf-2013\/#primaryimage\"},\"thumbnailUrl\":\"https:\/\/www.estrategiaconcursos.com.br\/blog\/wp-content\/uploads\/2016\/01\/farda-PRF-300x169.jpg\",\"keywords\":[\"PRF\",\"PRF 2013\"],\"articleSection\":[\"Concursos P\u00fablicos\"],\"inLanguage\":\"pt-BR\",\"potentialAction\":[{\"@type\":\"CommentAction\",\"name\":\"Comment\",\"target\":[\"https:\/\/www.estrategiaconcursos.com.br\/blog\/concurso-prf-2013\/#respond\"]}],\"copyrightYear\":\"2016\",\"copyrightHolder\":{\"@id\":\"https:\/\/www.estrategiaconcursos.com.br\/blog\/#organization\"}},{\"@type\":\"WebPage\",\"@id\":\"https:\/\/www.estrategiaconcursos.com.br\/blog\/concurso-prf-2013\/\",\"url\":\"https:\/\/www.estrategiaconcursos.com.br\/blog\/concurso-prf-2013\/\",\"name\":\"Concurso PRF 2013: divulgado edital de convoca\u00e7\u00e3o para curso de forma\u00e7\u00e3o\",\"isPartOf\":{\"@id\":\"https:\/\/www.estrategiaconcursos.com.br\/blog\/#website\"},\"primaryImageOfPage\":{\"@id\":\"https:\/\/www.estrategiaconcursos.com.br\/blog\/concurso-prf-2013\/#primaryimage\"},\"image\":{\"@id\":\"https:\/\/www.estrategiaconcursos.com.br\/blog\/concurso-prf-2013\/#primaryimage\"},\"thumbnailUrl\":\"https:\/\/www.estrategiaconcursos.com.br\/blog\/wp-content\/uploads\/2016\/01\/farda-PRF-300x169.jpg\",\"datePublished\":\"2016-02-11T22:42:06+00:00\",\"dateModified\":\"2017-03-08T11:14:12+00:00\",\"description\":\"Foi divulgado, no Di\u00e1rio Oficial da Uni\u00e3o, o edital de convoca\u00e7\u00e3o dos candidatos aprovados no concurso PRF 2013. Confira!\",\"breadcrumb\":{\"@id\":\"https:\/\/www.estrategiaconcursos.com.br\/blog\/concurso-prf-2013\/#breadcrumb\"},\"inLanguage\":\"pt-BR\",\"potentialAction\":[{\"@type\":\"ReadAction\",\"target\":[\"https:\/\/www.estrategiaconcursos.com.br\/blog\/concurso-prf-2013\/\"]}]},{\"@type\":\"ImageObject\",\"inLanguage\":\"pt-BR\",\"@id\":\"https:\/\/www.estrategiaconcursos.com.br\/blog\/concurso-prf-2013\/#primaryimage\",\"url\":\"https:\/\/dhg1h5j42swfq.cloudfront.net\/2016\/01\/25134535\/farda-PRF.jpg\",\"contentUrl\":\"https:\/\/dhg1h5j42swfq.cloudfront.net\/2016\/01\/25134535\/farda-PRF.jpg\",\"width\":660,\"height\":371},{\"@type\":\"BreadcrumbList\",\"@id\":\"https:\/\/www.estrategiaconcursos.com.br\/blog\/concurso-prf-2013\/#breadcrumb\",\"itemListElement\":[{\"@type\":\"ListItem\",\"position\":1,\"name\":\"In\u00edcio\",\"item\":\"https:\/\/www.estrategiaconcursos.com.br\/blog\/\"},{\"@type\":\"ListItem\",\"position\":2,\"name\":\"Concurso PRF 2013: divulgado edital de convoca\u00e7\u00e3o para curso de forma\u00e7\u00e3o\"}]},{\"@type\":\"WebSite\",\"@id\":\"https:\/\/www.estrategiaconcursos.com.br\/blog\/#website\",\"url\":\"https:\/\/www.estrategiaconcursos.com.br\/blog\/\",\"name\":\"Estrat\u00e9gia Concursos\",\"description\":\"O blog da Estrat\u00e9gia Concursos traz not\u00edcias sobre concursos e artigos de professores oferecendo cursos para concursos (pdf + videaulas) no site.\",\"publisher\":{\"@id\":\"https:\/\/www.estrategiaconcursos.com.br\/blog\/#organization\"},\"potentialAction\":[{\"@type\":\"SearchAction\",\"target\":{\"@type\":\"EntryPoint\",\"urlTemplate\":\"https:\/\/www.estrategiaconcursos.com.br\/blog\/?s={search_term_string}\"},\"query-input\":{\"@type\":\"PropertyValueSpecification\",\"valueRequired\":true,\"valueName\":\"search_term_string\"}}],\"inLanguage\":\"pt-BR\"},{\"@type\":\"Organization\",\"@id\":\"https:\/\/www.estrategiaconcursos.com.br\/blog\/#organization\",\"name\":\"Estrat\u00e9gia Concursos\",\"url\":\"https:\/\/www.estrategiaconcursos.com.br\/blog\/\",\"logo\":{\"@type\":\"ImageObject\",\"inLanguage\":\"pt-BR\",\"@id\":\"https:\/\/www.estrategiaconcursos.com.br\/blog\/#\/schema\/logo\/image\/\",\"url\":\"https:\/\/dhg1h5j42swfq.cloudfront.net\/2025\/06\/03203428\/logo_concursos-1.jpg\",\"contentUrl\":\"https:\/\/dhg1h5j42swfq.cloudfront.net\/2025\/06\/03203428\/logo_concursos-1.jpg\",\"width\":230,\"height\":60,\"caption\":\"Estrat\u00e9gia Concursos\"},\"image\":{\"@id\":\"https:\/\/www.estrategiaconcursos.com.br\/blog\/#\/schema\/logo\/image\/\"},\"sameAs\":[\"https:\/\/x.com\/EstratConcursos\"]},{\"@type\":\"Person\",\"@id\":\"https:\/\/www.estrategiaconcursos.com.br\/blog\/#\/schema\/person\/b4a388c97673c5f483d72185668afa1f\",\"name\":\"Coordena\u00e7\u00e3o\",\"image\":{\"@type\":\"ImageObject\",\"inLanguage\":\"pt-BR\",\"@id\":\"https:\/\/secure.gravatar.com\/avatar\/b720319e4c9a967eb58678d110f4fe35452fc5d5f97b202bac7b8acceb18c6ad?s=96&d=mm&r=g\",\"url\":\"https:\/\/secure.gravatar.com\/avatar\/b720319e4c9a967eb58678d110f4fe35452fc5d5f97b202bac7b8acceb18c6ad?s=96&d=mm&r=g\",\"contentUrl\":\"https:\/\/secure.gravatar.com\/avatar\/b720319e4c9a967eb58678d110f4fe35452fc5d5f97b202bac7b8acceb18c6ad?s=96&d=mm&r=g\",\"caption\":\"Coordena\u00e7\u00e3o\"},\"sameAs\":[\"https:\/\/www.facebook.com\/EstrategiaConcursos\",\"https:\/\/x.com\/EstratConcursos\"],\"url\":\"https:\/\/www.estrategiaconcursos.com.br\/blog\/author\/estrategia2013\/\"}]}<\/script>\n<!-- \/ Yoast SEO Premium plugin. -->","yoast_head_json":{"title":"Concurso PRF 2013: divulgado edital de convoca\u00e7\u00e3o para curso de forma\u00e7\u00e3o","description":"Foi divulgado, no Di\u00e1rio Oficial da Uni\u00e3o, o edital de convoca\u00e7\u00e3o dos candidatos aprovados no concurso PRF 2013. Confira!","robots":{"index":"index","follow":"follow","max-snippet":"max-snippet:-1","max-image-preview":"max-image-preview:large","max-video-preview":"max-video-preview:-1"},"canonical":"https:\/\/www.estrategiaconcursos.com.br\/blog\/concurso-prf-2013\/","og_locale":"pt_BR","og_type":"article","og_title":"Concurso PRF 2013: divulgado edital de convoca\u00e7\u00e3o para curso de forma\u00e7\u00e3o","og_description":"Foi divulgado, no Di\u00e1rio Oficial da Uni\u00e3o, o edital de convoca\u00e7\u00e3o dos candidatos aprovados no concurso PRF 2013. Confira!","og_url":"https:\/\/www.estrategiaconcursos.com.br\/blog\/concurso-prf-2013\/","og_site_name":"Estrat\u00e9gia Concursos","article_author":"https:\/\/www.facebook.com\/EstrategiaConcursos","article_published_time":"2016-02-11T22:42:06+00:00","article_modified_time":"2017-03-08T11:14:12+00:00","og_image":[{"url":"https:\/\/www.estrategiaconcursos.com.br\/blog\/wp-content\/uploads\/2016\/01\/farda-PRF-300x169.jpg","type":"","width":"","height":""}],"author":"Coordena\u00e7\u00e3o","twitter_card":"summary_large_image","twitter_creator":"@EstratConcursos","twitter_site":"@EstratConcursos","twitter_misc":{"Escrito por":"Coordena\u00e7\u00e3o","Est. tempo de leitura":"2 minutos"},"schema":{"@context":"https:\/\/schema.org","@graph":[{"@type":"NewsArticle","@id":"https:\/\/www.estrategiaconcursos.com.br\/blog\/concurso-prf-2013\/#article","isPartOf":{"@id":"https:\/\/www.estrategiaconcursos.com.br\/blog\/concurso-prf-2013\/"},"author":{"name":"Coordena\u00e7\u00e3o","@id":"https:\/\/www.estrategiaconcursos.com.br\/blog\/#\/schema\/person\/b4a388c97673c5f483d72185668afa1f"},"headline":"Concurso PRF 2013: divulgado edital de convoca\u00e7\u00e3o para curso de forma\u00e7\u00e3o","datePublished":"2016-02-11T22:42:06+00:00","dateModified":"2017-03-08T11:14:12+00:00","mainEntityOfPage":{"@id":"https:\/\/www.estrategiaconcursos.com.br\/blog\/concurso-prf-2013\/"},"wordCount":368,"commentCount":0,"publisher":{"@id":"https:\/\/www.estrategiaconcursos.com.br\/blog\/#organization"},"image":{"@id":"https:\/\/www.estrategiaconcursos.com.br\/blog\/concurso-prf-2013\/#primaryimage"},"thumbnailUrl":"https:\/\/www.estrategiaconcursos.com.br\/blog\/wp-content\/uploads\/2016\/01\/farda-PRF-300x169.jpg","keywords":["PRF","PRF 2013"],"articleSection":["Concursos P\u00fablicos"],"inLanguage":"pt-BR","potentialAction":[{"@type":"CommentAction","name":"Comment","target":["https:\/\/www.estrategiaconcursos.com.br\/blog\/concurso-prf-2013\/#respond"]}],"copyrightYear":"2016","copyrightHolder":{"@id":"https:\/\/www.estrategiaconcursos.com.br\/blog\/#organization"}},{"@type":"WebPage","@id":"https:\/\/www.estrategiaconcursos.com.br\/blog\/concurso-prf-2013\/","url":"https:\/\/www.estrategiaconcursos.com.br\/blog\/concurso-prf-2013\/","name":"Concurso PRF 2013: divulgado edital de convoca\u00e7\u00e3o para curso de forma\u00e7\u00e3o","isPartOf":{"@id":"https:\/\/www.estrategiaconcursos.com.br\/blog\/#website"},"primaryImageOfPage":{"@id":"https:\/\/www.estrategiaconcursos.com.br\/blog\/concurso-prf-2013\/#primaryimage"},"image":{"@id":"https:\/\/www.estrategiaconcursos.com.br\/blog\/concurso-prf-2013\/#primaryimage"},"thumbnailUrl":"https:\/\/www.estrategiaconcursos.com.br\/blog\/wp-content\/uploads\/2016\/01\/farda-PRF-300x169.jpg","datePublished":"2016-02-11T22:42:06+00:00","dateModified":"2017-03-08T11:14:12+00:00","description":"Foi divulgado, no Di\u00e1rio Oficial da Uni\u00e3o, o edital de convoca\u00e7\u00e3o dos candidatos aprovados no concurso PRF 2013. Confira!","breadcrumb":{"@id":"https:\/\/www.estrategiaconcursos.com.br\/blog\/concurso-prf-2013\/#breadcrumb"},"inLanguage":"pt-BR","potentialAction":[{"@type":"ReadAction","target":["https:\/\/www.estrategiaconcursos.com.br\/blog\/concurso-prf-2013\/"]}]},{"@type":"ImageObject","inLanguage":"pt-BR","@id":"https:\/\/www.estrategiaconcursos.com.br\/blog\/concurso-prf-2013\/#primaryimage","url":"https:\/\/dhg1h5j42swfq.cloudfront.net\/2016\/01\/25134535\/farda-PRF.jpg","contentUrl":"https:\/\/dhg1h5j42swfq.cloudfront.net\/2016\/01\/25134535\/farda-PRF.jpg","width":660,"height":371},{"@type":"BreadcrumbList","@id":"https:\/\/www.estrategiaconcursos.com.br\/blog\/concurso-prf-2013\/#breadcrumb","itemListElement":[{"@type":"ListItem","position":1,"name":"In\u00edcio","item":"https:\/\/www.estrategiaconcursos.com.br\/blog\/"},{"@type":"ListItem","position":2,"name":"Concurso PRF 2013: divulgado edital de convoca\u00e7\u00e3o para curso de forma\u00e7\u00e3o"}]},{"@type":"WebSite","@id":"https:\/\/www.estrategiaconcursos.com.br\/blog\/#website","url":"https:\/\/www.estrategiaconcursos.com.br\/blog\/","name":"Estrat\u00e9gia Concursos","description":"O blog da Estrat\u00e9gia Concursos traz not\u00edcias sobre concursos e artigos de professores oferecendo cursos para concursos (pdf + videaulas) no site.","publisher":{"@id":"https:\/\/www.estrategiaconcursos.com.br\/blog\/#organization"},"potentialAction":[{"@type":"SearchAction","target":{"@type":"EntryPoint","urlTemplate":"https:\/\/www.estrategiaconcursos.com.br\/blog\/?s={search_term_string}"},"query-input":{"@type":"PropertyValueSpecification","valueRequired":true,"valueName":"search_term_string"}}],"inLanguage":"pt-BR"},{"@type":"Organization","@id":"https:\/\/www.estrategiaconcursos.com.br\/blog\/#organization","name":"Estrat\u00e9gia Concursos","url":"https:\/\/www.estrategiaconcursos.com.br\/blog\/","logo":{"@type":"ImageObject","inLanguage":"pt-BR","@id":"https:\/\/www.estrategiaconcursos.com.br\/blog\/#\/schema\/logo\/image\/","url":"https:\/\/dhg1h5j42swfq.cloudfront.net\/2025\/06\/03203428\/logo_concursos-1.jpg","contentUrl":"https:\/\/dhg1h5j42swfq.cloudfront.net\/2025\/06\/03203428\/logo_concursos-1.jpg","width":230,"height":60,"caption":"Estrat\u00e9gia Concursos"},"image":{"@id":"https:\/\/www.estrategiaconcursos.com.br\/blog\/#\/schema\/logo\/image\/"},"sameAs":["https:\/\/x.com\/EstratConcursos"]},{"@type":"Person","@id":"https:\/\/www.estrategiaconcursos.com.br\/blog\/#\/schema\/person\/b4a388c97673c5f483d72185668afa1f","name":"Coordena\u00e7\u00e3o","image":{"@type":"ImageObject","inLanguage":"pt-BR","@id":"https:\/\/secure.gravatar.com\/avatar\/b720319e4c9a967eb58678d110f4fe35452fc5d5f97b202bac7b8acceb18c6ad?s=96&d=mm&r=g","url":"https:\/\/secure.gravatar.com\/avatar\/b720319e4c9a967eb58678d110f4fe35452fc5d5f97b202bac7b8acceb18c6ad?s=96&d=mm&r=g","contentUrl":"https:\/\/secure.gravatar.com\/avatar\/b720319e4c9a967eb58678d110f4fe35452fc5d5f97b202bac7b8acceb18c6ad?s=96&d=mm&r=g","caption":"Coordena\u00e7\u00e3o"},"sameAs":["https:\/\/www.facebook.com\/EstrategiaConcursos","https:\/\/x.com\/EstratConcursos"],"url":"https:\/\/www.estrategiaconcursos.com.br\/blog\/author\/estrategia2013\/"}]}},"_links":{"self":[{"href":"https:\/\/www.estrategiaconcursos.com.br\/blog\/wp-json\/wp\/v2\/posts\/33080","targetHints":{"allow":["GET"]}}],"collection":[{"href":"https:\/\/www.estrategiaconcursos.com.br\/blog\/wp-json\/wp\/v2\/posts"}],"about":[{"href":"https:\/\/www.estrategiaconcursos.com.br\/blog\/wp-json\/wp\/v2\/types\/post"}],"author":[{"embeddable":true,"href":"https:\/\/www.estrategiaconcursos.com.br\/blog\/wp-json\/wp\/v2\/users\/1"}],"replies":[{"embeddable":true,"href":"https:\/\/www.estrategiaconcursos.com.br\/blog\/wp-json\/wp\/v2\/comments?post=33080"}],"version-history":[{"count":10,"href":"https:\/\/www.estrategiaconcursos.com.br\/blog\/wp-json\/wp\/v2\/posts\/33080\/revisions"}],"predecessor-version":[{"id":66642,"href":"https:\/\/www.estrategiaconcursos.com.br\/blog\/wp-json\/wp\/v2\/posts\/33080\/revisions\/66642"}],"wp:attachment":[{"href":"https:\/\/www.estrategiaconcursos.com.br\/blog\/wp-json\/wp\/v2\/media?parent=33080"}],"wp:term":[{"taxonomy":"category","embeddable":true,"href":"https:\/\/www.estrategiaconcursos.com.br\/blog\/wp-json\/wp\/v2\/categories?post=33080"},{"taxonomy":"post_tag","embeddable":true,"href":"https:\/\/www.estrategiaconcursos.com.br\/blog\/wp-json\/wp\/v2\/tags?post=33080"},{"taxonomy":"tax_estado","embeddable":true,"href":"https:\/\/www.estrategiaconcursos.com.br\/blog\/wp-json\/wp\/v2\/tax_estado?post=33080"}],"curies":[{"name":"wp","href":"https:\/\/api.w.org\/{rel}","templated":true}]}}