{"id":32820,"date":"2016-02-05T15:14:22","date_gmt":"2016-02-05T18:14:22","guid":{"rendered":"http:\/\/www.estrategiaconcursos.com.br\/blog\/?p=32820"},"modified":"2016-02-05T15:14:44","modified_gmt":"2016-02-05T18:14:44","slug":"comentarios-a-prova-de-direito-constitucional-do-concurso-tre-pi-ajaj","status":"publish","type":"post","link":"https:\/\/www.estrategiaconcursos.com.br\/blog\/comentarios-a-prova-de-direito-constitucional-do-concurso-tre-pi-ajaj\/","title":{"rendered":"Coment\u00e1rios \u00e0 Prova de Direito Constitucional do Concurso TRE PI (AJAJ)"},"content":{"rendered":"<p>Ol\u00e1, pessoal, tudo bem?<\/p>\n<p>Aqui \u00e9 o Ricardo Vale, coordenador e professor do Estrat\u00e9gia Concursos.<\/p>\n<p>Hoje, passo por aqui rapidamente para comentar a prova de Direito Constitucional do <em><strong>concurso TRE-PI<\/strong><\/em>, cargo de <em><strong>Analista Judici\u00e1rio<\/strong><strong>\u00a0\u2013 \u00c1rea Judici\u00e1ria<\/strong><\/em>, cujo gabarito preliminar foi divulgado pelo Cespe.<\/p>\n<p>\u2026\u2026\u2026\u2026\u2026\u2026\u2026\u2026\u2026\u2026\u2026\u2026\u2026\u2026\u2026\u2026\u2026\u2026\u2026\u2026\u2026\u2026\u2026\u2026\u2026\u2026\u2026\u2026\u2026\u2026\u2026\u2026\u2026\u2026\u2026\u2026\u2026\u2026<\/p>\n<p><strong>36) ( Direito Constitucional TRE PI AJAJ) Acerca do direito constitucional, assinale a op\u00e7\u00e3o correta.<\/strong><\/p>\n<p>a) As v\u00e1rias reformas j\u00e1 sofridas pela CF, por meio de emendas constitucionais, s\u00e3o express\u00e3o do poder constituinte derivado decorrente.<\/p>\n<p>b) De acordo com a doutrina dominante, a CF, ao se materializar em um s\u00f3 c\u00f3digo b\u00e1sico, afasta os usos e costumes como fonte do direito constitucional.<\/p>\n<p>c) O neoconstitucionalismo, ao promover a for\u00e7a normativa da Constitui\u00e7\u00e3o, acarretou a diminui\u00e7\u00e3o da atividade judicial, dado o alto grau de vincula\u00e7\u00e3o das decis\u00f5es judiciais aos dispositivos constitucionais<\/p>\n<p>d) A derrotabilidade de uma norma constitucional ocorrer\u00e1 caso uma norma jur\u00eddica deixe de ser aplicada em determinado caso concreto, permanecendo, contudo, no ordenamento jur\u00eddico para regular outras rela\u00e7\u00f5es jur\u00eddicas.<\/p>\n<p>e) A interpreta\u00e7\u00e3o da Constitui\u00e7\u00e3o sob o m\u00e9todo teleol\u00f3gico busca investigar as origens dos conceitos e institutos pelo pr\u00f3prio legislador constituinte.<\/p>\n<p><strong>Coment\u00e1rios:<\/strong><\/p>\n<p>A letra A est\u00e1 incorreta. As reformas sofridas pela Constitui\u00e7\u00e3o s\u00e3o fruto do <strong><em>poder constituinte derivado reformador<\/em><\/strong>.<\/p>\n<p>A letra B est\u00e1 incorreta. O fato de as normas constitucionais estarem materializadas num \u00fanico documento n\u00e3o afasta os usos e costumes como fonte do direito constitucional.<\/p>\n<p>A letra C est\u00e1 incorreta. Pelo contr\u00e1rio! O <strong><em>neoconstitucionalismo<\/em><\/strong> est\u00e1 fortemente relacionado ao aumento da <strong><em>atividade judicial<\/em><\/strong>. Isso porque o pensamento jur\u00eddico p\u00f3s-positivista evoluiu no sentido de que as normas jur\u00eddicas abstratas n\u00e3o s\u00e3o suficientes para solucionar todos os problemas jur\u00eddicos, cabendo ao Judici\u00e1rio faz\u00ea-lo.<\/p>\n<p>A letra D est\u00e1 correta. A <strong><em>derrotabilidade de uma norma constitucional<\/em><\/strong> consiste na possibilidade de ela deixar de ser aplicada num caso concreto, mesmo permanecendo no ordenamento jur\u00eddico e regulando outras situa\u00e7\u00f5es jur\u00eddicas. Segundo o jurista ingl\u00eas Herbert Hart, criador desse conceito, as normas jur\u00eddicas n\u00e3o conseguem prever todas as situa\u00e7\u00f5es f\u00e1ticas. Por isso, elas cont\u00eam, implicitamente, uma cl\u00e1usula de exce\u00e7\u00e3o que permite que, num caso concreto, ocorra sua derrota ou supera\u00e7\u00e3o.<\/p>\n<p>A letra E est\u00e1 incorreta. A interpreta\u00e7\u00e3o <strong><em>teleol\u00f3gica<\/em><\/strong> busca investigar a <strong><em>finalidade<\/em><\/strong> da norma.<\/p>\n<p>O gabarito \u00e9 a letra D.<\/p>\n<p><strong>37) (Direito Constitucional TRE PI AJAJ) A respeito dos princ\u00edpios fundamentais e dos direitos e das garantias fundamentais, assinale a op\u00e7\u00e3o correta.<\/strong><\/p>\n<p>a) Por constitu\u00edrem direitos relativos \u00e0s pessoas naturais, os direitos e garantias fundamentais n\u00e3o s\u00e3o extens\u00edveis \u00e0s pessoas jur\u00eddicas.<\/p>\n<p>b) Enquanto os direitos civis e pol\u00edticos se baseiam em absten\u00e7\u00f5es por parte do Estado, os direitos sociais pressup\u00f5em presta\u00e7\u00f5es positivas do Estado.<\/p>\n<p>c) De acordo com o STF, um direito fundamental constitucionalmente previsto possui car\u00e1ter absoluto e se sobrep\u00f5e a eventual interesse p\u00fablico.<\/p>\n<p>d) A ado\u00e7\u00e3o da Federa\u00e7\u00e3o como forma de Estado pela CF \u00e9 embasada na descentraliza\u00e7\u00e3o pol\u00edtica e na soberania dos Estados-membros, que s\u00e3o capazes de se auto-organizar por meio de suas pr\u00f3prias constitui\u00e7\u00f5es.<\/p>\n<p>e) Em rela\u00e7\u00e3o aos direitos pol\u00edticos, o mandado de seguran\u00e7a coletivo e o <em>habeas corpus<\/em> s\u00e3o formas de exerc\u00edcio direto da soberania popular, como previsto na CF.<\/p>\n<p><strong>Coment\u00e1rios:<\/strong><\/p>\n<p>A letra A est\u00e1 incorreta. Os direitos e garantias fundamentais s\u00e3o, sim, extens\u00edveis \u00e0s pessoas jur\u00eddicas. \u00c9 o caso do direito \u00e0 honra, por exemplo.<\/p>\n<p>A letra B est\u00e1 correta. De fato, os direitos civis e pol\u00edticos se baseiam em absten\u00e7\u00f5es por parte do Estado, enquanto os direitos sociais pressup\u00f5em presta\u00e7\u00f5es positivas do Estado.<\/p>\n<p>A letra C est\u00e1 incorreta. Nenhum direito fundamental \u00e9 absoluto.<\/p>\n<p>A letra D est\u00e1 incorreta. Os Estados-membros n\u00e3o s\u00e3o soberanos, mas sim aut\u00f4nomos. A soberania \u00e9 atributo da Rep\u00fablica Federativa do Brasil.<\/p>\n<p>A letra E est\u00e1 incorreta. O mandado de seguran\u00e7a coletivo e o <em>habeas corpus<\/em> s\u00e3o rem\u00e9dios constitucionais. A Constitui\u00e7\u00e3o prev\u00ea, como formas de exerc\u00edcio direto da soberania popular, o plebiscito, o referendo e a iniciativa popular.<\/p>\n<p>O gabarito \u00e9 a letra B.<\/p>\n<p><strong>38) (Direito Constitucional TRE PI AJAJ) Assinale a op\u00e7\u00e3o correta acerca dos direitos e das garantias fundamentais.<\/strong><\/p>\n<p>a) Dever\u00e3o ser cassados os direitos pol\u00edticos de parlamentar condenado por crime de corrup\u00e7\u00e3o em senten\u00e7a criminal transitada em julgado.<\/p>\n<p>b) Lei que altere o processo eleitoral editada no mesmo ano de um pleito eletivo, ainda que em vigor, ser\u00e1 aplicada no ano subsequente, conforme o princ\u00edpio da anterioridade eleitoral.<\/p>\n<p>c) Grava\u00e7\u00e3o de conversa telef\u00f4nica sem autoriza\u00e7\u00e3o judicial, registrada por um dos interlocutores, \u00e9 considerada prova il\u00edcita, ante o sigilo das comunica\u00e7\u00f5es telef\u00f4nicas, constitucionalmente assegurado.<\/p>\n<p>d) A instaura\u00e7\u00e3o de processo administrativo disciplinar contra servidor p\u00fablico para apura\u00e7\u00e3o de irregularidade funcional garante ao servidor o direito de impetrar habeas corpus para impedir o prosseguimento do processo administrativo.<\/p>\n<p>e) Estrangeiro de qualquer nacionalidade pode se candidatar a cargos eletivos, com exce\u00e7\u00e3o dos cargos para os quais se exige a condi\u00e7\u00e3o de brasileiro nato.<\/p>\n<p><strong>Coment\u00e1rios:<\/strong><\/p>\n<p>A letra A est\u00e1 incorreta. A Constitui\u00e7\u00e3o Federal veda a cassa\u00e7\u00e3o de direitos pol\u00edticos. A condena\u00e7\u00e3o criminal transitada em julgado \u00e9 causa de <strong><em>suspens\u00e3o de direitos pol\u00edticos<\/em><\/strong>.<\/p>\n<p>A letra B est\u00e1 correta. \u00c9 o que prev\u00ea o art. 16 da CF\/88.<\/p>\n<p>A letra C est\u00e1 incorreta. A <strong>grava\u00e7\u00e3o telef\u00f4nica<\/strong> \u00e9 feita por <strong>um dos interlocutores do di\u00e1logo, sem o consentimento ou ci\u00eancia do outro<\/strong>. Nem sempre \u00e9 il\u00edcita. De acordo com o STF, \u00e9 \u201c<em>inconsistente e fere o senso comum falar-se em viola\u00e7\u00e3o do direito \u00e0 privacidade quando interlocutor grava di\u00e1logo com sequestradores, estelionat\u00e1rios ou qualquer tipo de chantagista\u201d.<\/em><a href=\"#_ftn1\" name=\"_ftnref1\"><em><strong>[1]<\/strong><\/em><\/a> Nesse caso, percebe-se que a grava\u00e7\u00e3o clandestina foi feita em leg\u00edtima defesa, sendo, portanto, leg\u00edtima.<\/p>\n<p>A letra D est\u00e1 incorreta. N\u00e3o cabe <em>habeas corpus<\/em> contra instaura\u00e7\u00e3o de processo administrativo disciplinar, uma vez que o direito de locomo\u00e7\u00e3o n\u00e3o se encontra amea\u00e7ado.<\/p>\n<p>A letra E est\u00e1 incorreta. A <strong><em>nacionalidade brasileira<\/em><\/strong> \u00e9 condi\u00e7\u00e3o de <strong><em>elegibilidade<\/em><\/strong> (art. 14, \u00a7 3<sup>o<\/sup>, I, CF).<\/p>\n<p>O gabarito \u00e9 a letra B.<\/p>\n<p><strong>39) (Direito Constitucional TRE PI AJAJ) Acerca dos Poderes da Rep\u00fablica e das fun\u00e7\u00f5es essenciais \u00e0 justi\u00e7a, assinale a op\u00e7\u00e3o correta.<\/strong><\/p>\n<p>a) Em raz\u00e3o do princ\u00edpio da separa\u00e7\u00e3o dos poderes, a s\u00famula vinculante editada pelo STF \u00e9 efetiva apenas para os \u00f3rg\u00e3os do Poder Judici\u00e1rio.<\/p>\n<p>b) Eventual conflito de compet\u00eancia entre um tribunal regional eleitoral e um tribunal regional federal dever\u00e1 ser revolvido pelo STF.<\/p>\n<p>c) A Advocacia-Geral da Uni\u00e3o, por ser \u00f3rg\u00e3o do Poder Executivo, n\u00e3o det\u00e9m compet\u00eancia para representar judicialmente o Poder Judici\u00e1rio.<\/p>\n<p>d) De acordo com o STF, as comiss\u00f5es parlamentares de inqu\u00e9rito possuem poderes de investiga\u00e7\u00e3o pr\u00f3prios das autoridades judiciais, mas n\u00e3o t\u00eam compet\u00eancia para determinar a intercepta\u00e7\u00e3o telef\u00f4nica.<\/p>\n<p>e) Convalida o v\u00edcio de iniciativa a san\u00e7\u00e3o presidencial a projeto de lei de autoria de senador acerca de mat\u00e9ria de iniciativa privativa do presidente da Rep\u00fablica<\/p>\n<p><strong>Coment\u00e1rios:<\/strong><\/p>\n<p>A letra A est\u00e1 incorreta. A <strong><em>s\u00famula vinculante<\/em><\/strong> editada pelo STF \u00e9 efetiva para os <strong><em>demais \u00f3rg\u00e3os do Poder Judici\u00e1rio<\/em><\/strong> e para <strong><em>a administra\u00e7\u00e3o p\u00fablica direta e indireta, nas esferas federal, estadual e municipal <\/em><\/strong>(art. 103-A, \u201ccaput\u201d, CF).<\/p>\n<p>A letra B est\u00e1 incorreta. Trata-se de compet\u00eancia do STJ (art. 105, I, \u201cd\u201d, CF).<\/p>\n<p>A letra C est\u00e1 incorreta. A Advocacia-Geral da Uni\u00e3o representa a <strong><em>Uni\u00e3o<\/em><\/strong> judicialmente, que inclui os Poderes Executivo, Legislativo e Judici\u00e1rio, al\u00e9m dos \u00f3rg\u00e3os p\u00fablicos que exercem fun\u00e7\u00e3o essencial \u00e0 justi\u00e7a.<\/p>\n<p>A letra D est\u00e1 correta. De fato, as comiss\u00f5es parlamentares de inqu\u00e9rito (CPIs) <strong><em>n\u00e3o podem determinar a intercepta\u00e7\u00e3o telef\u00f4nica<\/em><\/strong>. Trata-se de medida que s\u00f3 pode ser autorizada pelo Poder Judici\u00e1rio.<\/p>\n<p>A letra E est\u00e1 incorreta. Segundo o STF, a san\u00e7\u00e3o presidencial <strong><em>n\u00e3o convalida<\/em><\/strong> v\u00edcio de iniciativa.<\/p>\n<p>O gabarito \u00e9 a letra D.<\/p>\n<p><strong>40) (Direito Constitucional TRE PI AJAJ) A respeito do controle de constitucionalidade, das finan\u00e7as p\u00fablicas e da ordem econ\u00f4mica financeira, assinale a op\u00e7\u00e3o correta.<\/strong><\/p>\n<p>a) De acordo com a CF, a realiza\u00e7\u00e3o de licita\u00e7\u00e3o para a presta\u00e7\u00e3o de servi\u00e7os p\u00fablicos \u00e9 obrigat\u00f3ria sob o regime de concess\u00e3o, mas dispens\u00e1vel no caso de permiss\u00e3o.<\/p>\n<p>b) Em raz\u00e3o da sua natureza meramente administrativa, o TCU n\u00e3o poder\u00e1 exercer o controle de constitucionalidade incidental de uma lei ou de atos do poder p\u00fablico quando do julgamento de seus processos.<\/p>\n<p>c) A decis\u00e3o em sede de ADI, apesar de sua efic\u00e1cia contra todos e de seu efeito vinculante, n\u00e3o atinge o Poder Legislativo em sua fun\u00e7\u00e3o t\u00edpica.<\/p>\n<p>d) Lei Org\u00e2nica municipal que receba emenda com previs\u00e3o para obriga\u00e7\u00e3o vedada expressamente pela CF, em raz\u00e3o da pertin\u00eancia tem\u00e1tica, poder\u00e1 ser objeto de ADI perante o STF.<\/p>\n<p>e) Ainda que tenha vedado a possibilidade de abertura de cr\u00e9dito extraordin\u00e1rio por medida provis\u00f3ria para atender despesas imprevis\u00edveis e urgentes, a CF previu a possibilidade de tramita\u00e7\u00e3o legislativa em regime de urg\u00eancia.<\/p>\n<p><strong>Coment\u00e1rios:<\/strong><\/p>\n<p>A letra A est\u00e1 incorreta. A realiza\u00e7\u00e3o de <strong><em>licita\u00e7\u00e3o<\/em><\/strong> \u00e9 obrigat\u00f3ria para a presta\u00e7\u00e3o de servi\u00e7os p\u00fablicos tanto sob regime de <strong><em>concess\u00e3o<\/em><\/strong> quanto de <strong><em>permiss\u00e3o<\/em><\/strong> (art. 175, \u201ccaput\u201d, CF).<\/p>\n<p>A letra B est\u00e1 incorreta. O TCU pode, sim exercer o controle de constitucionalidade incidental (<strong><em>s\u00famula 347 do STF<\/em><\/strong>).<\/p>\n<p>A letra C est\u00e1 correta. De fato, a decis\u00e3o em sede de ADI n\u00e3o atinge o Poder Legislativo em sua fun\u00e7\u00e3o t\u00edpica. Todavia, quando o Poder Legislativo exerce sua <strong><em>fun\u00e7\u00e3o at\u00edpica de administrar<\/em><\/strong>, deve, sim, obedi\u00eancia \u00e0s s\u00famulas vinculantes.<\/p>\n<p>A letra D est\u00e1 incorreta. A A\u00e7\u00e3o Direta de Inconstitucionalidade (ADI) tem como objeto a aferi\u00e7\u00e3o da validade de <strong>lei ou ato normativo federal ou estadual<\/strong> editados <strong>posteriormente<\/strong> \u00e0 promulga\u00e7\u00e3o da Constitui\u00e7\u00e3o Federal (art. 102, I, al\u00ednea \u201ca\u201d). Por isso, Lei Org\u00e2nica Municipal n\u00e3o pode ser objeto de ADI perante o STF.<\/p>\n<p>A letra E est\u00e1 incorreta. A Constitui\u00e7\u00e3o Federal permite, sim, que <strong><em>medida provis\u00f3ria<\/em><\/strong> disponha sobre a abertura de <strong><em>cr\u00e9ditos extraordin\u00e1rios<\/em><\/strong>.<\/p>\n<p>O gabarito \u00e9 a letra C.<\/p>\n<p><a href=\"#_ftnref1\" name=\"_ftn1\">[1]<\/a> STF,HC 75.338\/RJ, Rel. Min. Nelson Jobim, j. 11.03.98, DJ de 25.09.98.<\/p>\n<p>Abra\u00e7os,<\/p>\n<p>Ricardo Vale<\/p>\n<p><strong><a href=\"https:\/\/dhg1h5j42swfq.cloudfront.net\/2016\/02\/03151842\/Periscope.png\" rel=\"attachment wp-att-32733\"><img loading=\"lazy\" decoding=\"async\" class=\"alignnone size-full wp-image-32733\" src=\"https:\/\/dhg1h5j42swfq.cloudfront.net\/2016\/02\/03151842\/Periscope.png\" alt=\"Periscope\" width=\"75\" height=\"76\" \/><\/a><\/strong>: <em><strong>@profricardovale<\/strong><\/em><\/p>\n<p><strong><a href=\"https:\/\/dhg1h5j42swfq.cloudfront.net\/2016\/02\/03152041\/imagem-facebook.png\" rel=\"attachment wp-att-32735\"><img loading=\"lazy\" decoding=\"async\" class=\"alignnone size-full wp-image-32735\" src=\"https:\/\/dhg1h5j42swfq.cloudfront.net\/2016\/02\/03152041\/imagem-facebook.png\" alt=\"imagem facebook\" width=\"70\" height=\"70\" \/><\/a>: Clique no\u00a0<\/strong> <a href=\"https:\/\/www.facebook.com\/profricardovale\/?fref=ts\" target=\"_blank\">LINK<\/a><\/p>\n<p><strong><a href=\"https:\/\/dhg1h5j42swfq.cloudfront.net\/2016\/02\/03152106\/youtube.png\" rel=\"attachment wp-att-32736\"><img loading=\"lazy\" decoding=\"async\" class=\"alignnone size-full wp-image-32736\" src=\"https:\/\/dhg1h5j42swfq.cloudfront.net\/2016\/02\/03152106\/youtube.png\" alt=\"youtube\" width=\"92\" height=\"64\" \/><\/a>:<\/strong>\u00a0 Clique no\u00a0<a href=\"https:\/\/www.youtube.com\/channel\/UC32LlMyS96biplI715yzS9Q\" target=\"_blank\">LINK<\/a><\/p>\n","protected":false},"excerpt":{"rendered":"<p>Ol\u00e1, pessoal, tudo bem? Aqui \u00e9 o Ricardo Vale, coordenador e professor do Estrat\u00e9gia Concursos. Hoje, passo por aqui rapidamente para comentar a prova de Direito Constitucional do concurso TRE-PI, cargo de Analista Judici\u00e1rio\u00a0\u2013 \u00c1rea Judici\u00e1ria, cujo gabarito preliminar foi divulgado pelo Cespe. \u2026\u2026\u2026\u2026\u2026\u2026\u2026\u2026\u2026\u2026\u2026\u2026\u2026\u2026\u2026\u2026\u2026\u2026\u2026\u2026\u2026\u2026\u2026\u2026\u2026\u2026\u2026\u2026\u2026\u2026\u2026\u2026\u2026\u2026\u2026\u2026\u2026\u2026 36) ( Direito Constitucional TRE PI AJAJ) Acerca do direito constitucional, [&hellip;]<\/p>\n","protected":false},"author":26,"featured_media":0,"comment_status":"open","ping_status":"open","sticky":false,"template":"","format":"standard","meta":{"post_tipo":"article","footnotes":""},"categories":[1],"tags":[1296],"tax_estado":[],"class_list":["post-32820","post","type-post","status-publish","format-standard","hentry","category-cursos-e-concursos","tag-direito-constitucional-tre-pi-ajaj"],"acf":[],"yoast_head":"<!-- This site is optimized with the Yoast SEO Premium plugin v27.2 (Yoast SEO v27.2) - https:\/\/yoast.com\/product\/yoast-seo-premium-wordpress\/ -->\n<title>Coment\u00e1rios \u00e0 Prova de Direito Constitucional do Concurso TRE PI (AJAJ)<\/title>\n<meta name=\"description\" content=\"Neste artigo, o professor Ricardo Vale comenta a prova de Direito Constitucional TRE PI AJAJ, aplicada em 2016. Confira!\" \/>\n<meta name=\"robots\" content=\"index, follow, max-snippet:-1, max-image-preview:large, max-video-preview:-1\" \/>\n<link rel=\"canonical\" href=\"https:\/\/www.estrategiaconcursos.com.br\/blog\/comentarios-a-prova-de-direito-constitucional-do-concurso-tre-pi-ajaj\/\" \/>\n<meta property=\"og:locale\" content=\"pt_BR\" \/>\n<meta property=\"og:type\" content=\"article\" \/>\n<meta property=\"og:title\" content=\"Coment\u00e1rios \u00e0 Prova de Direito Constitucional do Concurso TRE PI (AJAJ)\" \/>\n<meta property=\"og:description\" content=\"Neste artigo, o professor Ricardo Vale comenta a prova de Direito Constitucional TRE PI AJAJ, aplicada em 2016. Confira!\" \/>\n<meta property=\"og:url\" content=\"https:\/\/www.estrategiaconcursos.com.br\/blog\/comentarios-a-prova-de-direito-constitucional-do-concurso-tre-pi-ajaj\/\" \/>\n<meta property=\"og:site_name\" content=\"Estrat\u00e9gia Concursos\" \/>\n<meta property=\"article:author\" content=\"https:\/\/www.facebook.com\/rvale01\" \/>\n<meta property=\"article:published_time\" content=\"2016-02-05T18:14:22+00:00\" \/>\n<meta property=\"article:modified_time\" content=\"2016-02-05T18:14:44+00:00\" \/>\n<meta property=\"og:image\" content=\"https:\/\/dhg1h5j42swfq.cloudfront.net\/2016\/02\/03151842\/Periscope.png\" \/>\n<meta name=\"author\" content=\"Ricardo Vale\" \/>\n<meta name=\"twitter:card\" content=\"summary_large_image\" \/>\n<meta name=\"twitter:creator\" content=\"@https:\/\/twitter.com\/EstratConcursos\" \/>\n<meta name=\"twitter:site\" content=\"@EstratConcursos\" \/>\n<meta name=\"twitter:label1\" content=\"Escrito por\" \/>\n\t<meta name=\"twitter:data1\" content=\"Ricardo Vale\" \/>\n\t<meta name=\"twitter:label2\" content=\"Est. tempo de leitura\" \/>\n\t<meta name=\"twitter:data2\" content=\"9 minutos\" \/>\n<script type=\"application\/ld+json\" class=\"yoast-schema-graph\">{\"@context\":\"https:\/\/schema.org\",\"@graph\":[{\"@type\":\"NewsArticle\",\"@id\":\"https:\/\/www.estrategiaconcursos.com.br\/blog\/comentarios-a-prova-de-direito-constitucional-do-concurso-tre-pi-ajaj\/#article\",\"isPartOf\":{\"@id\":\"https:\/\/www.estrategiaconcursos.com.br\/blog\/comentarios-a-prova-de-direito-constitucional-do-concurso-tre-pi-ajaj\/\"},\"author\":{\"name\":\"Ricardo Vale\",\"@id\":\"https:\/\/www.estrategiaconcursos.com.br\/blog\/#\/schema\/person\/c32e47dba2159cafe7796a9569a6ff7e\"},\"headline\":\"Coment\u00e1rios \u00e0 Prova de Direito Constitucional do Concurso TRE PI (AJAJ)\",\"datePublished\":\"2016-02-05T18:14:22+00:00\",\"dateModified\":\"2016-02-05T18:14:44+00:00\",\"mainEntityOfPage\":{\"@id\":\"https:\/\/www.estrategiaconcursos.com.br\/blog\/comentarios-a-prova-de-direito-constitucional-do-concurso-tre-pi-ajaj\/\"},\"wordCount\":1813,\"commentCount\":0,\"publisher\":{\"@id\":\"https:\/\/www.estrategiaconcursos.com.br\/blog\/#organization\"},\"image\":{\"@id\":\"https:\/\/www.estrategiaconcursos.com.br\/blog\/comentarios-a-prova-de-direito-constitucional-do-concurso-tre-pi-ajaj\/#primaryimage\"},\"thumbnailUrl\":\"https:\/\/dhg1h5j42swfq.cloudfront.net\/2016\/02\/03151842\/Periscope.png\",\"keywords\":[\"direito constitucional tre pi ajaj\"],\"articleSection\":[\"Concursos P\u00fablicos\"],\"inLanguage\":\"pt-BR\",\"potentialAction\":[{\"@type\":\"CommentAction\",\"name\":\"Comment\",\"target\":[\"https:\/\/www.estrategiaconcursos.com.br\/blog\/comentarios-a-prova-de-direito-constitucional-do-concurso-tre-pi-ajaj\/#respond\"]}],\"copyrightYear\":\"2016\",\"copyrightHolder\":{\"@id\":\"https:\/\/www.estrategiaconcursos.com.br\/blog\/#organization\"}},{\"@type\":\"WebPage\",\"@id\":\"https:\/\/www.estrategiaconcursos.com.br\/blog\/comentarios-a-prova-de-direito-constitucional-do-concurso-tre-pi-ajaj\/\",\"url\":\"https:\/\/www.estrategiaconcursos.com.br\/blog\/comentarios-a-prova-de-direito-constitucional-do-concurso-tre-pi-ajaj\/\",\"name\":\"Coment\u00e1rios \u00e0 Prova de Direito Constitucional do Concurso TRE PI (AJAJ)\",\"isPartOf\":{\"@id\":\"https:\/\/www.estrategiaconcursos.com.br\/blog\/#website\"},\"primaryImageOfPage\":{\"@id\":\"https:\/\/www.estrategiaconcursos.com.br\/blog\/comentarios-a-prova-de-direito-constitucional-do-concurso-tre-pi-ajaj\/#primaryimage\"},\"image\":{\"@id\":\"https:\/\/www.estrategiaconcursos.com.br\/blog\/comentarios-a-prova-de-direito-constitucional-do-concurso-tre-pi-ajaj\/#primaryimage\"},\"thumbnailUrl\":\"https:\/\/dhg1h5j42swfq.cloudfront.net\/2016\/02\/03151842\/Periscope.png\",\"datePublished\":\"2016-02-05T18:14:22+00:00\",\"dateModified\":\"2016-02-05T18:14:44+00:00\",\"description\":\"Neste artigo, o professor Ricardo Vale comenta a prova de Direito Constitucional TRE PI AJAJ, aplicada em 2016. Confira!\",\"breadcrumb\":{\"@id\":\"https:\/\/www.estrategiaconcursos.com.br\/blog\/comentarios-a-prova-de-direito-constitucional-do-concurso-tre-pi-ajaj\/#breadcrumb\"},\"inLanguage\":\"pt-BR\",\"potentialAction\":[{\"@type\":\"ReadAction\",\"target\":[\"https:\/\/www.estrategiaconcursos.com.br\/blog\/comentarios-a-prova-de-direito-constitucional-do-concurso-tre-pi-ajaj\/\"]}]},{\"@type\":\"ImageObject\",\"inLanguage\":\"pt-BR\",\"@id\":\"https:\/\/www.estrategiaconcursos.com.br\/blog\/comentarios-a-prova-de-direito-constitucional-do-concurso-tre-pi-ajaj\/#primaryimage\",\"url\":\"https:\/\/dhg1h5j42swfq.cloudfront.net\/2016\/02\/03151842\/Periscope.png\",\"contentUrl\":\"https:\/\/dhg1h5j42swfq.cloudfront.net\/2016\/02\/03151842\/Periscope.png\"},{\"@type\":\"BreadcrumbList\",\"@id\":\"https:\/\/www.estrategiaconcursos.com.br\/blog\/comentarios-a-prova-de-direito-constitucional-do-concurso-tre-pi-ajaj\/#breadcrumb\",\"itemListElement\":[{\"@type\":\"ListItem\",\"position\":1,\"name\":\"In\u00edcio\",\"item\":\"https:\/\/www.estrategiaconcursos.com.br\/blog\/\"},{\"@type\":\"ListItem\",\"position\":2,\"name\":\"Coment\u00e1rios \u00e0 Prova de Direito Constitucional do Concurso TRE PI (AJAJ)\"}]},{\"@type\":\"WebSite\",\"@id\":\"https:\/\/www.estrategiaconcursos.com.br\/blog\/#website\",\"url\":\"https:\/\/www.estrategiaconcursos.com.br\/blog\/\",\"name\":\"Estrat\u00e9gia Concursos\",\"description\":\"O blog da Estrat\u00e9gia Concursos traz not\u00edcias sobre concursos e artigos de professores oferecendo cursos para concursos (pdf + videaulas) no site.\",\"publisher\":{\"@id\":\"https:\/\/www.estrategiaconcursos.com.br\/blog\/#organization\"},\"potentialAction\":[{\"@type\":\"SearchAction\",\"target\":{\"@type\":\"EntryPoint\",\"urlTemplate\":\"https:\/\/www.estrategiaconcursos.com.br\/blog\/?s={search_term_string}\"},\"query-input\":{\"@type\":\"PropertyValueSpecification\",\"valueRequired\":true,\"valueName\":\"search_term_string\"}}],\"inLanguage\":\"pt-BR\"},{\"@type\":\"Organization\",\"@id\":\"https:\/\/www.estrategiaconcursos.com.br\/blog\/#organization\",\"name\":\"Estrat\u00e9gia Concursos\",\"url\":\"https:\/\/www.estrategiaconcursos.com.br\/blog\/\",\"logo\":{\"@type\":\"ImageObject\",\"inLanguage\":\"pt-BR\",\"@id\":\"https:\/\/www.estrategiaconcursos.com.br\/blog\/#\/schema\/logo\/image\/\",\"url\":\"https:\/\/dhg1h5j42swfq.cloudfront.net\/2025\/06\/03203428\/logo_concursos-1.jpg\",\"contentUrl\":\"https:\/\/dhg1h5j42swfq.cloudfront.net\/2025\/06\/03203428\/logo_concursos-1.jpg\",\"width\":230,\"height\":60,\"caption\":\"Estrat\u00e9gia Concursos\"},\"image\":{\"@id\":\"https:\/\/www.estrategiaconcursos.com.br\/blog\/#\/schema\/logo\/image\/\"},\"sameAs\":[\"https:\/\/x.com\/EstratConcursos\"]},{\"@type\":\"Person\",\"@id\":\"https:\/\/www.estrategiaconcursos.com.br\/blog\/#\/schema\/person\/c32e47dba2159cafe7796a9569a6ff7e\",\"name\":\"Ricardo Vale\",\"image\":{\"@type\":\"ImageObject\",\"inLanguage\":\"pt-BR\",\"@id\":\"https:\/\/secure.gravatar.com\/avatar\/e5a5658c798bb49dd53314263f59f38c192d73370fb65839a372c2ae9027be74?s=96&d=mm&r=g\",\"url\":\"https:\/\/secure.gravatar.com\/avatar\/e5a5658c798bb49dd53314263f59f38c192d73370fb65839a372c2ae9027be74?s=96&d=mm&r=g\",\"contentUrl\":\"https:\/\/secure.gravatar.com\/avatar\/e5a5658c798bb49dd53314263f59f38c192d73370fb65839a372c2ae9027be74?s=96&d=mm&r=g\",\"caption\":\"Ricardo Vale\"},\"sameAs\":[\"https:\/\/www.facebook.com\/rvale01\",\"https:\/\/x.com\/https:\/\/twitter.com\/EstratConcursos\"],\"url\":\"https:\/\/www.estrategiaconcursos.com.br\/blog\/author\/ricardovaleestrategiaconcursos-com-br\/\"}]}<\/script>\n<!-- \/ Yoast SEO Premium plugin. -->","yoast_head_json":{"title":"Coment\u00e1rios \u00e0 Prova de Direito Constitucional do Concurso TRE PI (AJAJ)","description":"Neste artigo, o professor Ricardo Vale comenta a prova de Direito Constitucional TRE PI AJAJ, aplicada em 2016. Confira!","robots":{"index":"index","follow":"follow","max-snippet":"max-snippet:-1","max-image-preview":"max-image-preview:large","max-video-preview":"max-video-preview:-1"},"canonical":"https:\/\/www.estrategiaconcursos.com.br\/blog\/comentarios-a-prova-de-direito-constitucional-do-concurso-tre-pi-ajaj\/","og_locale":"pt_BR","og_type":"article","og_title":"Coment\u00e1rios \u00e0 Prova de Direito Constitucional do Concurso TRE PI (AJAJ)","og_description":"Neste artigo, o professor Ricardo Vale comenta a prova de Direito Constitucional TRE PI AJAJ, aplicada em 2016. Confira!","og_url":"https:\/\/www.estrategiaconcursos.com.br\/blog\/comentarios-a-prova-de-direito-constitucional-do-concurso-tre-pi-ajaj\/","og_site_name":"Estrat\u00e9gia Concursos","article_author":"https:\/\/www.facebook.com\/rvale01","article_published_time":"2016-02-05T18:14:22+00:00","article_modified_time":"2016-02-05T18:14:44+00:00","og_image":[{"url":"https:\/\/dhg1h5j42swfq.cloudfront.net\/2016\/02\/03151842\/Periscope.png","type":"","width":"","height":""}],"author":"Ricardo Vale","twitter_card":"summary_large_image","twitter_creator":"@https:\/\/twitter.com\/EstratConcursos","twitter_site":"@EstratConcursos","twitter_misc":{"Escrito por":"Ricardo Vale","Est. tempo de leitura":"9 minutos"},"schema":{"@context":"https:\/\/schema.org","@graph":[{"@type":"NewsArticle","@id":"https:\/\/www.estrategiaconcursos.com.br\/blog\/comentarios-a-prova-de-direito-constitucional-do-concurso-tre-pi-ajaj\/#article","isPartOf":{"@id":"https:\/\/www.estrategiaconcursos.com.br\/blog\/comentarios-a-prova-de-direito-constitucional-do-concurso-tre-pi-ajaj\/"},"author":{"name":"Ricardo Vale","@id":"https:\/\/www.estrategiaconcursos.com.br\/blog\/#\/schema\/person\/c32e47dba2159cafe7796a9569a6ff7e"},"headline":"Coment\u00e1rios \u00e0 Prova de Direito Constitucional do Concurso TRE PI (AJAJ)","datePublished":"2016-02-05T18:14:22+00:00","dateModified":"2016-02-05T18:14:44+00:00","mainEntityOfPage":{"@id":"https:\/\/www.estrategiaconcursos.com.br\/blog\/comentarios-a-prova-de-direito-constitucional-do-concurso-tre-pi-ajaj\/"},"wordCount":1813,"commentCount":0,"publisher":{"@id":"https:\/\/www.estrategiaconcursos.com.br\/blog\/#organization"},"image":{"@id":"https:\/\/www.estrategiaconcursos.com.br\/blog\/comentarios-a-prova-de-direito-constitucional-do-concurso-tre-pi-ajaj\/#primaryimage"},"thumbnailUrl":"https:\/\/dhg1h5j42swfq.cloudfront.net\/2016\/02\/03151842\/Periscope.png","keywords":["direito constitucional tre pi ajaj"],"articleSection":["Concursos P\u00fablicos"],"inLanguage":"pt-BR","potentialAction":[{"@type":"CommentAction","name":"Comment","target":["https:\/\/www.estrategiaconcursos.com.br\/blog\/comentarios-a-prova-de-direito-constitucional-do-concurso-tre-pi-ajaj\/#respond"]}],"copyrightYear":"2016","copyrightHolder":{"@id":"https:\/\/www.estrategiaconcursos.com.br\/blog\/#organization"}},{"@type":"WebPage","@id":"https:\/\/www.estrategiaconcursos.com.br\/blog\/comentarios-a-prova-de-direito-constitucional-do-concurso-tre-pi-ajaj\/","url":"https:\/\/www.estrategiaconcursos.com.br\/blog\/comentarios-a-prova-de-direito-constitucional-do-concurso-tre-pi-ajaj\/","name":"Coment\u00e1rios \u00e0 Prova de Direito Constitucional do Concurso TRE PI (AJAJ)","isPartOf":{"@id":"https:\/\/www.estrategiaconcursos.com.br\/blog\/#website"},"primaryImageOfPage":{"@id":"https:\/\/www.estrategiaconcursos.com.br\/blog\/comentarios-a-prova-de-direito-constitucional-do-concurso-tre-pi-ajaj\/#primaryimage"},"image":{"@id":"https:\/\/www.estrategiaconcursos.com.br\/blog\/comentarios-a-prova-de-direito-constitucional-do-concurso-tre-pi-ajaj\/#primaryimage"},"thumbnailUrl":"https:\/\/dhg1h5j42swfq.cloudfront.net\/2016\/02\/03151842\/Periscope.png","datePublished":"2016-02-05T18:14:22+00:00","dateModified":"2016-02-05T18:14:44+00:00","description":"Neste artigo, o professor Ricardo Vale comenta a prova de Direito Constitucional TRE PI AJAJ, aplicada em 2016. Confira!","breadcrumb":{"@id":"https:\/\/www.estrategiaconcursos.com.br\/blog\/comentarios-a-prova-de-direito-constitucional-do-concurso-tre-pi-ajaj\/#breadcrumb"},"inLanguage":"pt-BR","potentialAction":[{"@type":"ReadAction","target":["https:\/\/www.estrategiaconcursos.com.br\/blog\/comentarios-a-prova-de-direito-constitucional-do-concurso-tre-pi-ajaj\/"]}]},{"@type":"ImageObject","inLanguage":"pt-BR","@id":"https:\/\/www.estrategiaconcursos.com.br\/blog\/comentarios-a-prova-de-direito-constitucional-do-concurso-tre-pi-ajaj\/#primaryimage","url":"https:\/\/dhg1h5j42swfq.cloudfront.net\/2016\/02\/03151842\/Periscope.png","contentUrl":"https:\/\/dhg1h5j42swfq.cloudfront.net\/2016\/02\/03151842\/Periscope.png"},{"@type":"BreadcrumbList","@id":"https:\/\/www.estrategiaconcursos.com.br\/blog\/comentarios-a-prova-de-direito-constitucional-do-concurso-tre-pi-ajaj\/#breadcrumb","itemListElement":[{"@type":"ListItem","position":1,"name":"In\u00edcio","item":"https:\/\/www.estrategiaconcursos.com.br\/blog\/"},{"@type":"ListItem","position":2,"name":"Coment\u00e1rios \u00e0 Prova de Direito Constitucional do Concurso TRE PI (AJAJ)"}]},{"@type":"WebSite","@id":"https:\/\/www.estrategiaconcursos.com.br\/blog\/#website","url":"https:\/\/www.estrategiaconcursos.com.br\/blog\/","name":"Estrat\u00e9gia Concursos","description":"O blog da Estrat\u00e9gia Concursos traz not\u00edcias sobre concursos e artigos de professores oferecendo cursos para concursos (pdf + videaulas) no site.","publisher":{"@id":"https:\/\/www.estrategiaconcursos.com.br\/blog\/#organization"},"potentialAction":[{"@type":"SearchAction","target":{"@type":"EntryPoint","urlTemplate":"https:\/\/www.estrategiaconcursos.com.br\/blog\/?s={search_term_string}"},"query-input":{"@type":"PropertyValueSpecification","valueRequired":true,"valueName":"search_term_string"}}],"inLanguage":"pt-BR"},{"@type":"Organization","@id":"https:\/\/www.estrategiaconcursos.com.br\/blog\/#organization","name":"Estrat\u00e9gia Concursos","url":"https:\/\/www.estrategiaconcursos.com.br\/blog\/","logo":{"@type":"ImageObject","inLanguage":"pt-BR","@id":"https:\/\/www.estrategiaconcursos.com.br\/blog\/#\/schema\/logo\/image\/","url":"https:\/\/dhg1h5j42swfq.cloudfront.net\/2025\/06\/03203428\/logo_concursos-1.jpg","contentUrl":"https:\/\/dhg1h5j42swfq.cloudfront.net\/2025\/06\/03203428\/logo_concursos-1.jpg","width":230,"height":60,"caption":"Estrat\u00e9gia Concursos"},"image":{"@id":"https:\/\/www.estrategiaconcursos.com.br\/blog\/#\/schema\/logo\/image\/"},"sameAs":["https:\/\/x.com\/EstratConcursos"]},{"@type":"Person","@id":"https:\/\/www.estrategiaconcursos.com.br\/blog\/#\/schema\/person\/c32e47dba2159cafe7796a9569a6ff7e","name":"Ricardo Vale","image":{"@type":"ImageObject","inLanguage":"pt-BR","@id":"https:\/\/secure.gravatar.com\/avatar\/e5a5658c798bb49dd53314263f59f38c192d73370fb65839a372c2ae9027be74?s=96&d=mm&r=g","url":"https:\/\/secure.gravatar.com\/avatar\/e5a5658c798bb49dd53314263f59f38c192d73370fb65839a372c2ae9027be74?s=96&d=mm&r=g","contentUrl":"https:\/\/secure.gravatar.com\/avatar\/e5a5658c798bb49dd53314263f59f38c192d73370fb65839a372c2ae9027be74?s=96&d=mm&r=g","caption":"Ricardo Vale"},"sameAs":["https:\/\/www.facebook.com\/rvale01","https:\/\/x.com\/https:\/\/twitter.com\/EstratConcursos"],"url":"https:\/\/www.estrategiaconcursos.com.br\/blog\/author\/ricardovaleestrategiaconcursos-com-br\/"}]}},"_links":{"self":[{"href":"https:\/\/www.estrategiaconcursos.com.br\/blog\/wp-json\/wp\/v2\/posts\/32820","targetHints":{"allow":["GET"]}}],"collection":[{"href":"https:\/\/www.estrategiaconcursos.com.br\/blog\/wp-json\/wp\/v2\/posts"}],"about":[{"href":"https:\/\/www.estrategiaconcursos.com.br\/blog\/wp-json\/wp\/v2\/types\/post"}],"author":[{"embeddable":true,"href":"https:\/\/www.estrategiaconcursos.com.br\/blog\/wp-json\/wp\/v2\/users\/26"}],"replies":[{"embeddable":true,"href":"https:\/\/www.estrategiaconcursos.com.br\/blog\/wp-json\/wp\/v2\/comments?post=32820"}],"version-history":[{"count":2,"href":"https:\/\/www.estrategiaconcursos.com.br\/blog\/wp-json\/wp\/v2\/posts\/32820\/revisions"}],"predecessor-version":[{"id":32824,"href":"https:\/\/www.estrategiaconcursos.com.br\/blog\/wp-json\/wp\/v2\/posts\/32820\/revisions\/32824"}],"wp:attachment":[{"href":"https:\/\/www.estrategiaconcursos.com.br\/blog\/wp-json\/wp\/v2\/media?parent=32820"}],"wp:term":[{"taxonomy":"category","embeddable":true,"href":"https:\/\/www.estrategiaconcursos.com.br\/blog\/wp-json\/wp\/v2\/categories?post=32820"},{"taxonomy":"post_tag","embeddable":true,"href":"https:\/\/www.estrategiaconcursos.com.br\/blog\/wp-json\/wp\/v2\/tags?post=32820"},{"taxonomy":"tax_estado","embeddable":true,"href":"https:\/\/www.estrategiaconcursos.com.br\/blog\/wp-json\/wp\/v2\/tax_estado?post=32820"}],"curies":[{"name":"wp","href":"https:\/\/api.w.org\/{rel}","templated":true}]}}