{"id":32791,"date":"2026-01-22T12:02:00","date_gmt":"2026-01-22T15:02:00","guid":{"rendered":"http:\/\/www.estrategiaconcursos.com.br\/blog\/?p=32791"},"modified":"2026-02-06T13:18:30","modified_gmt":"2026-02-06T16:18:30","slug":"concurso-trf-2","status":"publish","type":"post","link":"https:\/\/www.estrategiaconcursos.com.br\/blog\/concurso-trf-2\/","title":{"rendered":"Concurso TRF 2: novos sal\u00e1rios em 2026; veja!"},"content":{"rendered":"<p><center><a id=\"cta-icon\" href=\"https:\/\/sndflw.com\/i\/trf2-grupo\" target=\"_blank\" style=\"background:#29a61a; display:inline-flex; align-items:center; padding:10px 15px; border-radius:6px; color:#fff; text-decoration:none; font-weight:500; font-size:15px;\"><img decoding=\"async\" src=\"https:\/\/dhg1h5j42swfq.cloudfront.net\/2023\/12\/07154107\/whatsapp_13851.png\" alt=\"\" style=\"width:20px; height:20px; margin-right:8px;\"><span>Acesse agora o Grupo de Estudos para o Concurso TRF 2<\/span><\/a><\/center><\/p>\n\n\n\n<p>Foi publicado o <strong>resultado final e a homologa\u00e7\u00e3o<\/strong> do concurso p\u00fablico do <a href=\"https:\/\/www.estrategiaconcursos.com.br\/cursosPorConcurso\/trf-2-regiao-43\/\" target=\"_blank\" rel=\"noreferrer noopener\">Tribunal Regional Federal da 2\u00aa Regi\u00e3o<\/a> (<strong>TRF 2<\/strong>)! Veja:<\/p>\n\n\n\n<ul class=\"wp-block-list\">\n<li><a href=\"https:\/\/dhg1h5j42swfq.cloudfront.net\/2024\/11\/26064504\/trf2resultados.pdf\" target=\"_blank\" rel=\"noreferrer noopener\">Resultado final e homologa\u00e7\u00e3o<\/a>;<\/li>\n\n\n\n<li><a href=\"https:\/\/dhg1h5j42swfq.cloudfront.net\/2024\/11\/20064356\/edital-no-56-de-18-de-dezembro-de-2024-edital-no-56-de-18-de-dezembro-de-2024-dou-imprensa-nacional.pdf\">Resultado Final &#8211; Homologado (T\u00e9cnico Judici\u00e1rio, \u00c1rea Administrativa, Especialidade Agente da Pol\u00edcia Judicial)<\/a>.<\/li>\n<\/ul>\n\n\n\n<p>O Tribunal que abrange os estados do Rio de Janeiro e Esp\u00edrito Santo oferta em seu edital, <strong>vagas em cadastro de reserva<\/strong> para os cargos de&nbsp;<strong>Analista e T\u00e9cnico Judici\u00e1rio<\/strong>, de N\u00edvel Superior de escolaridade, com sal\u00e1rio inicial de&nbsp;<strong>R$ 8.529,65<\/strong>&nbsp;a&nbsp;<strong>R$ 13.994,78<\/strong>.<\/p>\n\n\n\n<p>Importante lembrar que a partir de julho de 2026, os aprovados ter\u00e3o novos sal\u00e1rios previstos na&nbsp;<strong>Lei 15293\/25<\/strong>. Assim, as remunera\u00e7\u00f5es iniciais passam a ter os valores abaixo:<\/p>\n\n\n\n<ul class=\"wp-block-list\">\n<li><strong>Analista Judici\u00e1rio:<\/strong>&nbsp;R$ 16.041,21.<\/li>\n\n\n\n<li><strong>T\u00e9cnico Judici\u00e1rio:<\/strong>&nbsp;R$ 9.776,74.<\/li>\n<\/ul>\n\n\n\n<p>Confira mais informa\u00e7\u00f5es no decorrer do artigo!<\/p>\n\n\n\n<ul class=\"wp-block-list has-blush-light-purple-gradient-background has-background\">\n<li><strong>Concurso TRF<\/strong> <strong>2<\/strong><\/li>\n\n\n\n<li><strong>Status:<\/strong> homologado<\/li>\n\n\n\n<li><strong>Banca:&nbsp;<\/strong><a href=\"https:\/\/www.institutoaocp.org.br\/concursos\/601\">Instituto AOCP<\/a><\/li>\n\n\n\n<li><strong>Vagas:&nbsp;<\/strong>CR<\/li>\n\n\n\n<li><strong>Sal\u00e1rios a partir de Jul. de 2026:&nbsp;<\/strong>R$ 9.776,74 (T\u00e9cnico)\/R$ 16.041,21 (Analista)<\/li>\n\n\n\n<li><strong>Escolaridade: <\/strong>n\u00edvel superior<\/li>\n\n\n\n<li><strong>Edital: <\/strong><a href=\"https:\/\/dhg1h5j42swfq.cloudfront.net\/2024\/04\/11055943\/edital-de-abertura-trf2-1.pdf\" target=\"_blank\" rel=\"noreferrer noopener nofollow\">TRF 2 2024<\/a><\/li>\n<\/ul>\n\n\n\n<div class=\"container\" id=\"boxes\">\n  <div class=\"row\">\n\n    <div class=\"col-sm\">\n      <div class=\"banner-tribunal\" id=\"box-assinatura\">\n        <h3 class=\"titulo-assinatura\">Curso TRF 2<\/h3>\n        <p class=\"subtitulo-assinatura\">Conhe\u00e7a os cursos<\/p>\n        <div class=\"box-botao\">\n          <a class=\"btn-assinatura\" target=\"_blank\" href=\"https:\/\/www.estrategiaconcursos.com.br\/cursosPorConcurso\/trf-2-regiao-43\/\" role=\"button\" rel=\"noopener noreferrer\">Conhe\u00e7a mais<\/a>\n        <\/div>\n      <\/div>\n      <p class=\"texto-auxiliar\">Prepare-se com o melhor material e com quem mais aprova em Concursos P\u00fablicos em todo o pa\u00eds.<\/p>\n    <\/div>\n\n  <\/div>\n<\/div>\n\n\n\n<ul class=\"wp-block-list\">\n<li><strong><a href=\"#atual\">Situa\u00e7\u00e3o atual do concurso<\/a><\/strong><\/li>\n\n\n\n<li><strong><a href=\"#cargos-vagas\">Cargos e vagas<\/a><\/strong><\/li>\n\n\n\n<li><a href=\"#requisitos\"><strong>Requisitos<\/strong><\/a><\/li>\n\n\n\n<li><strong><a href=\"#etapas\">Etapas e provas<\/a><\/strong>\n<ul class=\"wp-block-list\">\n<li><strong><a href=\"#objetiva\">Objetiva<\/a><\/strong><\/li>\n\n\n\n<li><strong><a href=\"#h-prova-discursiva\">Discursiva<\/a><\/strong><\/li>\n\n\n\n<li><strong><a href=\"#h-prova-de-aptidao-fisica\">Aptid\u00e3o F\u00edsica<\/a><\/strong><\/li>\n<\/ul>\n<\/li>\n\n\n\n<li><strong><a href=\"#carreira\">Carreira<\/a><\/strong>\n<ul class=\"wp-block-list\">\n<li><strong><a href=\"#ofertados\">Cargos ofertados<\/a><\/strong><\/li>\n\n\n\n<li><a href=\"#salarios\"><strong>Sal\u00e1rios e benef\u00edcios<\/strong><\/a><\/li>\n\n\n\n<li><a href=\"#escolaridade\"><strong>Altera\u00e7\u00e3o de escolaridade<\/strong><\/a><\/li>\n\n\n\n<li><a href=\"#inscritos\"><strong>Inscritos no concurso<\/strong><\/a><\/li>\n<\/ul>\n<\/li>\n\n\n\n<li><strong><a href=\"#prova\">Etapas de provas<\/a><\/strong><\/li>\n\n\n\n<li><a href=\"#ultimo\"><strong>\u00daltimo concurso<\/strong><\/a><\/li>\n\n\n\n<li><a href=\"#nomeacoes\"><strong>Nomea\u00e7\u00f5es <\/strong><\/a>\n<ul class=\"wp-block-list\">\n<li><a href=\"#rio-de-janeiro\"><strong>Rio de Janeiro<\/strong><\/a><\/li>\n\n\n\n<li><a href=\"#espirito-santo\"><strong>Esp\u00edrito Santo<\/strong><\/a><\/li>\n<\/ul>\n<\/li>\n\n\n\n<li><strong><a href=\"#curso\">Cursos e Assinaturas<\/a><\/strong><\/li>\n\n\n\n<li><strong><a href=\"#ficha\">Ficha T\u00e9cnica <\/a><\/strong><\/li>\n<\/ul>\n\n\n\n<h2 class=\"wp-block-heading\" id=\"atual\">Concurso TRF 2: Situa\u00e7\u00e3o atual<\/h2>\n\n\n\n<h3 class=\"wp-block-heading\" id=\"datas\">Sal\u00e1rios e adicionais de qualifica\u00e7\u00e3o reajustados<\/h3>\n\n\n\n<p>A Justi\u00e7a Federal teve o&nbsp;<a href=\"https:\/\/www.estrategiaconcursos.com.br\/blog\/lula-sancionou-reajuste-salarial-aos-servidores-para-2026\/\">reajuste salarial de 8%<\/a>&nbsp;para todas as carreiras sancionado pelo governo federal. Com isso, os sal\u00e1rios iniciais podem&nbsp;<strong>chegar a R$&nbsp;16.041,21<\/strong>, al\u00e9m de benef\u00edcios.<\/p>\n\n\n\n<p>O adicional de qualifica\u00e7\u00e3o tamb\u00e9m foi reajustado. Atualmente, um analista em final de carreira pode somar R$ 1.161,52 se tiver doutorado, por exemplo.&nbsp;<\/p>\n\n\n\n<p>Com a mudan\u00e7a, o valor vai para&nbsp;<strong>R$ 3.857,75<\/strong>&nbsp;a partir de 2026, considerando-se o reajuste de 8% a partir do pr\u00f3ximo ano, previsto na&nbsp;Lei 15.293, de 19 de dezembro de 2025.<\/p>\n\n\n\n<p>Tamb\u00e9m a partir de 2026, o mestrado valer\u00e1&nbsp;<strong>R$ 2.700,43 (contra os atuais R$ 929,21)<\/strong>. Essas duas qualifica\u00e7\u00f5es n\u00e3o podem ser acumuladas entre si e absorvem outras de valores menores.<\/p>\n\n\n\n<p>Com o reajuste, os vencimentos b\u00e1sicos iniciais para os cargos ficam com os seguintes valores a partir de julho de 2026:<\/p>\n\n\n\n<ul class=\"wp-block-list\">\n<li><strong>R$ 9.776,74 (T\u00e9cnico)&nbsp;<\/strong><\/li>\n\n\n\n<li><strong>R$ 16.041,21 (Analista)<\/strong><\/li>\n<\/ul>\n\n\n\n<p id=\"datas\">Al\u00e9m do vencimento b\u00e1sico atualizado, os aprovados ter\u00e3o direito a benef\u00edcios como\u00a0<strong>aux\u00edlio pr\u00e9-escolar<\/strong>\u00a0no valor de\u00a0<strong><\/strong><strong>R$ 1.288,47<\/strong>, e\u00a0<strong>aux\u00edlio alimenta\u00e7\u00e3o<\/strong>\u00a0no valor de\u00a0<strong><\/strong><strong>R$ 1.860,51<\/strong>,\u00a0<strong>Aux\u00edlio-Natalidade<\/strong>\u00a0no valor de\u00a0<strong>R$718,58<\/strong>\u00a0e\u00a0<strong>Aux\u00edlio-Sa\u00fade\u00a0<\/strong>no valor de\u00a0<strong>R$579,39<\/strong>.<\/p>\n\n\n\n<h2 class=\"wp-block-heading\" id=\"cargos-vagas\">Concurso TRF 2: cargos e vagas<\/h2>\n\n\n\n<h3 class=\"wp-block-heading\" id=\"tecnico\">N\u00edvel superior<\/h3>\n\n\n\n<figure class=\"wp-block-table is-style-stripes\"><table class=\"has-blush-light-purple-gradient-background has-background has-fixed-layout\"><thead><tr><th class=\"has-text-align-center\" data-align=\"center\">CARGOS<\/th><th class=\"has-text-align-center\" data-align=\"center\">VAGAS<\/th><th class=\"has-text-align-center\" data-align=\"center\">SAL\u00c1RIO<\/th><\/tr><\/thead><tbody><tr><td class=\"has-text-align-center\" data-align=\"center\">Analista Judici\u00e1rio &#8211; \u00c1rea Administrativa<\/td><td class=\"has-text-align-center\" data-align=\"center\">CR<\/td><td class=\"has-text-align-center\" data-align=\"center\">R$ 13.994,78<\/td><\/tr><tr><td class=\"has-text-align-center\" data-align=\"center\">Analista Judici\u00e1rio &#8211; \u00c1rea Judici\u00e1ria<\/td><td class=\"has-text-align-center\" data-align=\"center\">CR<\/td><td class=\"has-text-align-center\" data-align=\"center\">R$ 13.994,78<\/td><\/tr><tr><td class=\"has-text-align-center\" data-align=\"center\">Analista Judici\u00e1rio &#8211; \u00c1rea Apoio Especializado: Odontologia<\/td><td class=\"has-text-align-center\" data-align=\"center\">CR<\/td><td class=\"has-text-align-center\" data-align=\"center\">R$ 13.994,78<\/td><\/tr><tr><td class=\"has-text-align-center\" data-align=\"center\">Analista Judici\u00e1rio &#8211; \u00c1rea Apoio Especializado: Servi\u00e7o Social<\/td><td class=\"has-text-align-center\" data-align=\"center\">CR<\/td><td class=\"has-text-align-center\" data-align=\"center\">R$ 13.994,78<\/td><\/tr><tr><td class=\"has-text-align-center\" data-align=\"center\"><a href=\"https:\/\/www.estrategiaconcursos.com.br\/curso\/trf-2-regiao-analista-judiciario-engenharia-civil-pacote\/\">Analista Judici\u00e1rio &#8211; \u00c1rea Apoio Especializado: Engenharia Civil<\/a><\/td><td class=\"has-text-align-center\" data-align=\"center\">CR<\/td><td class=\"has-text-align-center\" data-align=\"center\">R$ 13.994,78<\/td><\/tr><tr><td class=\"has-text-align-center\" data-align=\"center\"><a href=\"https:\/\/www.estrategiaconcursos.com.br\/curso\/trf-2-regiao-analista-judiciario-engenharia-eletrica-pacote\/\">Analista Judici\u00e1rio &#8211; \u00c1rea Apoio Especializado: Engenharia El\u00e9trica<\/a><\/td><td class=\"has-text-align-center\" data-align=\"center\">CR<\/td><td class=\"has-text-align-center\" data-align=\"center\">R$ 13.994,78<\/td><\/tr><tr><td class=\"has-text-align-center\" data-align=\"center\">Analista Judici\u00e1rio &#8211; \u00c1rea Apoio Especializado: Engenharia Mec\u00e2nica<\/td><td class=\"has-text-align-center\" data-align=\"center\">CR<\/td><td class=\"has-text-align-center\" data-align=\"center\">R$ 13.994,78<\/td><\/tr><tr><td class=\"has-text-align-center\" data-align=\"center\">Analista Judici\u00e1rio &#8211; \u00c1rea Apoio Especializado: Engenharia Eletr\u00f4nica<\/td><td class=\"has-text-align-center\" data-align=\"center\">CR<\/td><td class=\"has-text-align-center\" data-align=\"center\">R$ 13.994,78<\/td><\/tr><tr><td class=\"has-text-align-center\" data-align=\"center\">Analista Judici\u00e1rio &#8211; \u00c1rea Apoio Especializado: Engenharia de Seguran\u00e7a do<br \/>Trabalho<\/td><td class=\"has-text-align-center\" data-align=\"center\">CR<\/td><td class=\"has-text-align-center\" data-align=\"center\">R$ 13.994,78<\/td><\/tr><tr><td class=\"has-text-align-center\" data-align=\"center\"><a href=\"https:\/\/www.estrategiaconcursos.com.br\/curso\/trf-2-regiao-analista-judiciario-contadoria-pacote\/\">Analista Judici\u00e1rio &#8211; \u00c1rea Apoio Especializado: Contabilidade<\/a><\/td><td class=\"has-text-align-center\" data-align=\"center\">CR<\/td><td class=\"has-text-align-center\" data-align=\"center\">R$ 13.994,78<\/td><\/tr><tr><td class=\"has-text-align-center\" data-align=\"center\">Analista Judici\u00e1rio &#8211; \u00c1rea Apoio Especializado: Tecnologia da Informa\u00e7\u00e3o<\/td><td class=\"has-text-align-center\" data-align=\"center\">CR<\/td><td class=\"has-text-align-center\" data-align=\"center\">R$ 13.994,78<\/td><\/tr><tr><td class=\"has-text-align-center\" data-align=\"center\"><a href=\"https:\/\/www.estrategiaconcursos.com.br\/curso\/trf-2-regiao-analista-judiciario-estatistica-pacote\/\">Analista Judici\u00e1rio &#8211; \u00c1rea Apoio Especializado: Estat\u00edstica<\/a><\/td><td class=\"has-text-align-center\" data-align=\"center\">CR<\/td><td class=\"has-text-align-center\" data-align=\"center\">R$ 13.994,78<\/td><\/tr><tr><td class=\"has-text-align-center\" data-align=\"center\"><a href=\"https:\/\/www.estrategiaconcursos.com.br\/curso\/trf-2-regiao-analista-judiciario-arquivologia-pacote\/\">Analista Judici\u00e1rio &#8211; \u00c1rea Apoio Especializado: Arquivologia<\/a><\/td><td class=\"has-text-align-center\" data-align=\"center\">CR<\/td><td class=\"has-text-align-center\" data-align=\"center\">R$ 13.994,78<\/td><\/tr><tr><td class=\"has-text-align-center\" data-align=\"center\">Analista Judici\u00e1rio &#8211; \u00c1rea Apoio Especializado: Medicina do Trabalho<\/td><td class=\"has-text-align-center\" data-align=\"center\">CR<\/td><td class=\"has-text-align-center\" data-align=\"center\">R$ 13.994,78<\/td><\/tr><tr><td class=\"has-text-align-center\" data-align=\"center\">Analista Judici\u00e1rio &#8211; \u00c1rea Apoio Especializado: Medicina Cl\u00ednica Geral<\/td><td class=\"has-text-align-center\" data-align=\"center\">CR<\/td><td class=\"has-text-align-center\" data-align=\"center\">R$ 13.994,78<\/td><\/tr><tr><td class=\"has-text-align-center\" data-align=\"center\">Analista Judici\u00e1rio &#8211; \u00c1rea Apoio Especializado: Medicina-Psiquiatria<\/td><td class=\"has-text-align-center\" data-align=\"center\">CR<\/td><td class=\"has-text-align-center\" data-align=\"center\">R$ 13.994,78<\/td><\/tr><tr><td class=\"has-text-align-center\" data-align=\"center\">Analista Judici\u00e1rio &#8211; \u00c1rea Apoio Especializado: Enfermagem<\/td><td class=\"has-text-align-center\" data-align=\"center\">CR<\/td><td class=\"has-text-align-center\" data-align=\"center\">R$ 13.994,78<\/td><\/tr><tr><td class=\"has-text-align-center\" data-align=\"center\">Analista Judici\u00e1rio &#8211; \u00c1rea Apoio Especializado: Enfermagem do Trabalho<\/td><td class=\"has-text-align-center\" data-align=\"center\">CR<\/td><td class=\"has-text-align-center\" data-align=\"center\">R$ 13.994,78<\/td><\/tr><tr><td class=\"has-text-align-center\" data-align=\"center\">Analista Judici\u00e1rio &#8211; \u00c1rea Apoio Especializado: Psicologia<\/td><td class=\"has-text-align-center\" data-align=\"center\">CR<\/td><td class=\"has-text-align-center\" data-align=\"center\">R$ 13.994,78<\/td><\/tr><tr><td class=\"has-text-align-center\" data-align=\"center\">Analista Judici\u00e1rio &#8211; \u00c1rea Apoio Especializado: Arquitetura<\/td><td class=\"has-text-align-center\" data-align=\"center\">CR<\/td><td class=\"has-text-align-center\" data-align=\"center\">R$ 13.994,78<\/td><\/tr><tr><td class=\"has-text-align-center\" data-align=\"center\"><a href=\"https:\/\/www.estrategiaconcursos.com.br\/curso\/trf-2-regiao-tecnico-judiciario-area-administrativa-pacote\/\">T\u00e9cnico Judici\u00e1rio &#8211; \u00c1rea Administrativa<\/a><\/td><td class=\"has-text-align-center\" data-align=\"center\">CR<\/td><td class=\"has-text-align-center\" data-align=\"center\">R$ 8.529,65<\/td><\/tr><tr><td class=\"has-text-align-center\" data-align=\"center\"><a href=\"https:\/\/www.estrategiaconcursos.com.br\/curso\/trf-2-regiao-tecnico-judiciario-agente-da-policia-judicial-pacote\/\">T\u00e9cnico Judici\u00e1rio &#8211; \u00c1rea Administrativa: Agente da Pol\u00edcia Judicial<\/a><\/td><td class=\"has-text-align-center\" data-align=\"center\">CR<\/td><td class=\"has-text-align-center\" data-align=\"center\">R$ 8.529,65<\/td><\/tr><tr><td class=\"has-text-align-center\" data-align=\"center\">T\u00e9cnico Judici\u00e1rio &#8211; \u00c1rea Apoio Especializado: Tecnologia da Informa\u00e7\u00e3o<\/td><td class=\"has-text-align-center\" data-align=\"center\">CR<\/td><td class=\"has-text-align-center\" data-align=\"center\">R$ 8.529,65<\/td><\/tr><tr><td class=\"has-text-align-center\" data-align=\"center\">T\u00e9cnico Judici\u00e1rio &#8211; \u00c1rea Apoio Especializado: Enfermagem<\/td><td class=\"has-text-align-center\" data-align=\"center\">CR<\/td><td class=\"has-text-align-center\" data-align=\"center\">R$ 8.529,65<\/td><\/tr><tr><td class=\"has-text-align-center\" data-align=\"center\">T\u00e9cnico Judici\u00e1rio &#8211; \u00c1rea Apoio Especializado: Contabilidade<\/td><td class=\"has-text-align-center\" data-align=\"center\">CR<\/td><td class=\"has-text-align-center\" data-align=\"center\">R$ 8.529,65<\/td><\/tr><\/tbody><\/table><figcaption class=\"wp-element-caption\">Distribui\u00e7\u00e3o das vagas, cargos e sal\u00e1rios do TRF 2<\/figcaption><\/figure>\n\n\n\n<h2 class=\"wp-block-heading\" id=\"requisitos\">Requisitos<\/h2>\n\n\n\n<p><strong>T\u00e9cnico judici\u00e1rio:<\/strong><\/p>\n\n\n\n<ul class=\"wp-block-list\">\n<li>sem especialidade (n\u00edvel superior em qualquer \u00e1rea);<\/li>\n\n\n\n<li>Inform\u00e1tica (n\u00edvel superior em qualquer \u00e1rea, acrescido de cursos de programa\u00e7\u00e3o de sistemas que totalizem, no m\u00ednimo, 180 horas\/aula, ou curso t\u00e9cnico em Inform\u00e1tica);<\/li>\n\n\n\n<li>agente da pol\u00edcia judicial (n\u00edvel superior em qualquer \u00e1rea e Carteira Nacional de Habilita\u00e7\u00e3o);<\/li>\n\n\n\n<li>Telecomunica\u00e7\u00f5es e Eletricidade (n\u00edvel superior em qualquer \u00e1rea);<\/li>\n\n\n\n<li>Enfermagem (n\u00edvel superior em qualquer \u00e1rea; registro no Conselho Regional da Classe e dois anos de experi\u00eancia como t\u00e9cnico de enfermagem);<\/li>\n\n\n\n<li>Contabilidade (n\u00edvel superior em qualquer \u00e1rea e registro no Conselho Regional da Classe).<\/li>\n<\/ul>\n\n\n\n<p><strong>Analisa judici\u00e1rio:<\/strong><\/p>\n\n\n\n<ul class=\"wp-block-list\">\n<li>sem especialidade\/\u00e1rea administrativa (n\u00edvel superior em qualquer \u00e1rea);<\/li>\n\n\n\n<li>sem especialidade\/\u00e1rea judici\u00e1ria (n\u00edvel superior em Direito);<\/li>\n\n\n\n<li>Odontologia (n\u00edvel superior na \u00e1rea; registro no Conselho Regional correspondente e dois anos de experi\u00eancia);<\/li>\n\n\n\n<li>Servi\u00e7o Social (n\u00edvel superior na \u00e1rea; e registro no Conselho Regional correspondente);<\/li>\n\n\n\n<li>Engenharia Civil (n\u00edvel superior na \u00e1rea; e registro no Conselho Regional correspondente);<\/li>\n\n\n\n<li>Engenharia El\u00e9trica (n\u00edvel superior na \u00e1rea; e registro no Conselho Regional correspondente);<\/li>\n\n\n\n<li>Engenharia Mec\u00e2nica (n\u00edvel superior na \u00e1rea; e registro no Conselho Regional correspondente);<\/li>\n\n\n\n<li>Engenharia Eletr\u00f4nica (n\u00edvel superior na \u00e1rea; e registro no Conselho Regional correspondente);<\/li>\n\n\n\n<li>Contadoria (n\u00edvel superior na \u00e1rea; e registro no Conselho Regional correspondente);<\/li>\n\n\n\n<li>Inform\u00e1tica \u2013 Infraestrutura (n\u00edvel superior em qualquer \u00e1rea; e certificado de especializa\u00e7\u00e3o em Tecnologia da Informa\u00e7\u00e3o; ou curso superior de Inform\u00e1tica);<\/li>\n\n\n\n<li>Inform\u00e1tica \u2013 Desenvolvimento (n\u00edvel superior em qualquer \u00e1rea; e certificado de especializa\u00e7\u00e3o em Tecnologia da Informa\u00e7\u00e3o; ou curso superior de Inform\u00e1tica);<\/li>\n\n\n\n<li>Estat\u00edstica (n\u00edvel superior na \u00e1rea; e registro no Conselho Regional correspondente);<\/li>\n\n\n\n<li>Arquivologia (n\u00edvel superior na \u00e1rea; e registro na Delegacia Regional do Trabalho);<\/li>\n\n\n\n<li>Medicina do Trabalho (n\u00edvel superior em Medina; resid\u00eancia ou t\u00edtulo de especialista na \u00e1rea; registro no Conselho Regional; e dois anos de experi\u00eancia profissional na especialidade);<\/li>\n\n\n\n<li>Medicina Cl\u00ednica (n\u00edvel superior em Medina; resid\u00eancia ou t\u00edtulo de especialista na \u00e1rea; registro no Conselho Regional; e dois anos de experi\u00eancia profissional na especialidade);<\/li>\n\n\n\n<li>Medicina Psiquiatria (n\u00edvel superior em Medina; resid\u00eancia ou t\u00edtulo de especialista na \u00e1rea; registro no Conselho Regional; e dois anos de experi\u00eancia profissional na especialidade);<\/li>\n\n\n\n<li>Enfermagem (n\u00edvel superior na \u00e1rea; registro no Conselho Regional correspondente e dois anos de experi\u00eancia);<\/li>\n\n\n\n<li>Enfermagem do Trabalho (n\u00edvel superior na \u00e1rea; p\u00f3s-gradua\u00e7\u00e3o em Enfermagem do Trabalho; registro no Conselho Regional correspondente e dois anos de experi\u00eancia);<\/li>\n\n\n\n<li>Psicologia (n\u00edvel superior na \u00e1rea; registro no Conselho Regional correspondente e dois anos de experi\u00eancia);<\/li>\n\n\n\n<li>Arquitetura (n\u00edvel superior na \u00e1rea; e registro no Conselho Regional correspondente).<\/li>\n<\/ul>\n\n\n\n<h2 class=\"wp-block-heading\" id=\"etapas\">Concurso TRF 2: etapas e provas<\/h2>\n\n\n\n<p>Os candidatos foram avaliados pelas seguintes etapas:<\/p>\n\n\n\n<ul class=\"wp-block-list\">\n<li><strong>Prova objetiva,<\/strong> de car\u00e1ter eliminat\u00f3rio e classificat\u00f3rio, para todos os cargos;<\/li>\n\n\n\n<li><strong>Prova discursiva<\/strong>, de car\u00e1ter eliminat\u00f3rio e classificat\u00f3rio, para todos os cargos;<\/li>\n\n\n\n<li><strong>Prova de aptid\u00e3o f\u00edsica<\/strong>, de car\u00e1ter eliminat\u00f3rio, para o cargo de T\u00e9cnico Judici\u00e1rio Agente da Pol\u00edcia Judicial.<\/li>\n<\/ul>\n\n\n\n<p>A etapa de provas foram aplicadas nos dias&nbsp;07 e 14 de julho de 2024, com dura\u00e7\u00e3o m\u00e1xima de 5 (cinco) horas.<\/p>\n\n\n\n<h3 class=\"wp-block-heading\" id=\"objetiva\">Provas Objetivas<\/h3>\n\n\n\n<p>As provas objetivas tiveram de&nbsp;<strong>40 a<\/strong>&nbsp;<strong>55 quest\u00f5es<\/strong>&nbsp;de m\u00faltipla escolha, com cinco alternativas, sendo apenas uma correta.<\/p>\n\n\n\n<p>A etapa versou sobre as seguintes disciplinas:<\/p>\n\n\n\n<ul class=\"wp-block-list\">\n<li><strong>Conhecimentos gerais:<\/strong>\n<ul class=\"wp-block-list\">\n<li>L\u00edngua Portuguesa;<\/li>\n\n\n\n<li>Racioc\u00ednio L\u00f3gico e Matem\u00e1tico;<\/li>\n\n\n\n<li>No\u00e7\u00f5es de Sustentabilidade;<\/li>\n\n\n\n<li>No\u00e7\u00f5es de Governan\u00e7a;<\/li>\n\n\n\n<li>No\u00e7\u00f5es de Gest\u00e3o Estrat\u00e9gica;<\/li>\n\n\n\n<li>No\u00e7\u00f5es de Direitos Humanos e Fundamentais e de Acessibilidade;<\/li>\n\n\n\n<li>No\u00e7\u00f5es de Direito Administrativo;<\/li>\n\n\n\n<li>No\u00e7\u00f5es de Direito Constitucional (\u00e1rea judici\u00e1ria);<\/li>\n\n\n\n<li>No\u00e7\u00f5es de Direito Penal (\u00e1rea judici\u00e1ria);<\/li>\n<\/ul>\n<\/li>\n\n\n\n<li><strong>Conhecimentos espec\u00edficos<\/strong><\/li>\n<\/ul>\n\n\n\n<h3 class=\"wp-block-heading\" id=\"h-prova-discursiva\">Prova discursiva<\/h3>\n\n\n\n<p>A Prova Discursiva de Reda\u00e7\u00e3o foi elaborada a partir de um tema proposto, baseado em um ou mais textos ou fragmentos de textos. O candidato ou a candidata adotou uma linha de abordagem, utilizando a tipologia textual \u201cDisserta\u00e7\u00e3o Argumentativa\u201d.<\/p>\n\n\n\n<p>Na etapa, deveria ser observado pelo candidato ou pela candidata os limites m\u00ednimo de 20 (vinte) linhas e m\u00e1ximo de 30 (trinta) linhas para elaborar a Vers\u00e3o Definitiva da Reda\u00e7\u00e3o.<\/p>\n\n\n\n<p>J\u00e1 a Prova Discursiva de Estudo de Caso, de car\u00e1ter eliminat\u00f3rio e classificat\u00f3rio, foi composta de 3 (tr\u00eas) quest\u00f5es discursivas de Estudo de Caso. Tamb\u00e9m deveria ser observado pelo candidato ou pela candidata o limite m\u00e1ximo de 15 (quinze) linhas para cada resposta \u00e0s quest\u00f5es propostas.<\/p>\n\n\n\n<h3 class=\"wp-block-heading\" id=\"h-prova-de-aptidao-fisica\">Prova de aptid\u00e3o f\u00edsica<\/h3>\n\n\n\n<p>A Prova de Aptid\u00e3o F\u00edsica consiste na realiza\u00e7\u00e3o de testes de car\u00e1ter eliminat\u00f3rio, nos quais os candidatos e as candidatas dever\u00e3o atingir um desempenho m\u00ednimo para serem considerados(as) aptos(as).<\/p>\n\n\n\n<p>A etapa foi composta pelas seguintes testes:<\/p>\n\n\n\n<ul class=\"wp-block-list\">\n<li>Teste de Flex\u00e3o de Bra\u00e7o na Barra Fixa (somente para os candidatos do sexo masculino);<\/li>\n\n\n\n<li>Teste Est\u00e1tico de Barra (somente para as candidatas do sexo feminino);<\/li>\n\n\n\n<li>Teste Abdominal;<\/li>\n\n\n\n<li>Teste de Corrida de 12 (doze) Minutos.<\/li>\n<\/ul>\n\n\n\n<h2 class=\"wp-block-heading\" id=\"carreira\">Carreira no TRF 2<\/h2>\n\n\n\n<h3 class=\"wp-block-heading\" id=\"h-cargos-vagos\">Cargos vagos<\/h3>\n\n\n\n<p>Segundo o <a href=\"https:\/\/static.trf2.jus.br\/nas-internet\/documento\/transparencia\/gestao-de-pessoas\/magistrados-e-servidores\/quantitativos\/trf2\/2024\/quantitativo-de-cargos-e-funcoes-trf2-2024-12.pdf\">Portal da Transpar\u00eancia<\/a> do \u00f3rg\u00e3o, com refer\u00eancia a agosto de 2025, constam:<\/p>\n\n\n\n<ul class=\"wp-block-list\">\n<li>Analista Judici\u00e1rio &#8211; 5 cargos vagos<\/li>\n\n\n\n<li>T\u00e9cnico Judici\u00e1rio &#8211; 6 cargos vagos<\/li>\n<\/ul>\n\n\n\n<h3 class=\"wp-block-heading\" id=\"escolaridade\">Altera\u00e7\u00e3o de escolaridade<\/h3>\n\n\n\n<p>O Projeto de Lei&nbsp;<strong>3662\/21<\/strong>, que altera a escolaridade do cargo de T\u00e9cnico Judici\u00e1rio e estabelece o n\u00edvel superior como requisito aos concursos Tribunais, foi promulgado.<\/p>\n\n\n\n<p>De acordo com a Federa\u00e7\u00e3o Nacional dos Trabalhadores e Trabalhadoras do Judici\u00e1rio Federal e Minist\u00e9rio P\u00fablico da Uni\u00e3o (Fenajufe) a altera\u00e7\u00e3o da escolaridade valoriza a carreira de T\u00e9cnico Judici\u00e1rio, uma vez que as atividades desempenhadas pelos t\u00e9cnicos s\u00e3o complexas e sua import\u00e2ncia necessitava de reconhecimento.<\/p>\n\n\n\n<p>Desta forma, para assumir o cargo de T\u00e9cnico Judici\u00e1rio, os candidatos agora devem possuir como requisito n\u00edvel superior de escolaridade.<\/p>\n\n\n\n<h3 class=\"wp-block-heading\" id=\"inscritos\">Inscritos no concurso TRF 2<\/h3>\n\n\n\n<p>O certame contou com 204.452 inscritos, sendo 146.779 para o Rio de Janeiro e 57.673 para o Esp\u00edrito Santo.&nbsp;O cargo com mais inscritos foi o de T\u00e9cnico Judici\u00e1rio, com&nbsp;64.737 candidatos para o Estado do Rio e&nbsp;25.764 para o Esp\u00edrito Santo.<\/p>\n\n\n\n<p>J\u00e1 para&nbsp;Analista Judici\u00e1rio, foram&nbsp;17.084 e&nbsp;8.023 candidatos, respectivamente. J\u00e1 o cargo com menor concorr\u00eancia foi o de&nbsp;Analista Judici\u00e1rio &#8211; Apoio Especializado &#8211; Medicina do Trabalho, para o Rio de Janeiro, com&nbsp;117 inscritos.<\/p>\n\n\n\n<h2 class=\"wp-block-heading\" id=\"prova\">Como foram as provas do \u00faltimo edital TRF 2?<\/h2>\n\n\n\n<p>As provas foram&nbsp;constitu\u00edam de&nbsp;quest\u00f5es de m\u00faltipla escolha,&nbsp;divididas em conhecimentos gerais (com 10 a 20 quest\u00f5es, a depender do cargo, e peso 1 por quest\u00e3o) e conhecimentos espec\u00edficos (com 30 a 40 quest\u00f5es, conforme o cargo, e peso 2 por quest\u00e3o).<\/p>\n\n\n\n<p>Al\u00e9m disso, os candidatos enfrentaram uma prova dissertativa, na mesma data. Dependendo do cargo, os candidatos foram avaliados por uma reda\u00e7\u00e3o ou&nbsp;estudo&nbsp;de caso.<\/p>\n\n\n\n<h2 class=\"wp-block-heading\" id=\"ultimo\">Nomea\u00e7\u00f5es do \u00faltimo concurso TRF 2<\/h2>\n\n\n\n<p>Segundo o quadro de nomea\u00e7\u00f5es do \u00faltimo edital, atualizado em 2 de fevereiro de 2023, o n\u00famero de candidatos nomeados era o seguinte:<\/p>\n\n\n\n<h3 class=\"wp-block-heading\" id=\"rio-de-janeiro\">Rio de Janeiro<\/h3>\n\n\n\n<figure id=\"tablepress-5\" class=\"wp-block-table is-style-stripes\"><table class=\"has-fixed-layout\"><tbody><tr><td>CARGOS<\/td><td>Total de vagas oferecidas da lista de pessoas com defici\u00eancia<\/td><td>Classifica\u00e7\u00e3o do \u00faltimo nomeado da lista de pessoas com defici\u00eancia&nbsp;<\/td><td>Total de vagas oferecidas da lista de candidatos negros<\/td><td>Classifica\u00e7\u00e3o do \u00faltimo nomeado da lista de candidatos negros<\/td><td>Total de vagas oferecidas da lista geral<\/td><td>Classifica\u00e7\u00e3o do \u00faltimo nomeado da lista geral<\/td><\/tr><tr><td>Analista Judici\u00e1rio, \u00c1rea Administrativa<\/td><td>3<\/td><td>3\u00aa<\/td><td>10<\/td><td>10\u00aa<\/td><td>36<\/td><td>51\u00aa<\/td><\/tr><tr><td>Analista Judici\u00e1rio, \u00c1rea Judici\u00e1ria<\/td><td>6<\/td><td>7\u00aa<\/td><td>24<\/td><td>36\u00aa<\/td><td>90<\/td><td>121\u00aa<\/td><\/tr><tr><td>Analista Judici\u00e1rio\/Oficial de Justi\u00e7a Avaliador Federal<\/td><td>1<\/td><td>3\u00aa (lista esgotada)<\/td><td>6<\/td><td>9\u00aa<\/td><td>25<\/td><td>41\u00aa<\/td><\/tr><tr><td>Analista Judici\u00e1rio\/Biblioteconomia<\/td><td>&#8211;&nbsp;<\/td><td>&#8211;<\/td><td>&#8211;&nbsp;<\/td><td>&#8211;<\/td><td>&#8211;&nbsp;<\/td><td>&#8211;<\/td><\/tr><tr><td>Analista Judici\u00e1rio\/Medicina Cl\u00ednica<\/td><td>&#8211;&nbsp;<\/td><td>&#8211;<\/td><td>&#8211;&nbsp;<\/td><td>&#8211;<\/td><td>2<\/td><td>2\u00aa<\/td><\/tr><tr><td>Analista Judici\u00e1rio\/Medicina do Trabalho<\/td><td>&#8211;&nbsp;<\/td><td>&#8211;<\/td><td>&#8211;&nbsp;<\/td><td>&#8211;<\/td><td>1<\/td><td>2\u00aa<\/td><\/tr><tr><td>Analista Judici\u00e1rio\/Medicina Psiquiatria<\/td><td>&#8211;&nbsp;<\/td><td>&#8211;<\/td><td>&#8211;&nbsp;<\/td><td>&#8211;<\/td><td>&#8211;&nbsp;<\/td><td>&#8211;<\/td><\/tr><tr><td>Analista Judici\u00e1rio\/Odontologia<\/td><td>&#8211;&nbsp;<\/td><td>&#8211;<\/td><td>&#8211;&nbsp;<\/td><td>&#8211;<\/td><td>&#8211;&nbsp;<\/td><td>&#8211;<\/td><\/tr><tr><td>Analista Judici\u00e1rio\/Enfermagem<\/td><td>&#8211;&nbsp;<\/td><td>&#8211;<\/td><td>&#8211;&nbsp;<\/td><td>&#8211;<\/td><td>1<\/td><td>1\u00aa<\/td><\/tr><tr><td>Analista Judici\u00e1rio\/Enfermagem do Trabalho<\/td><td>&#8211;&nbsp;<\/td><td>&#8211;<\/td><td>&#8211;&nbsp;<\/td><td>&#8211;<\/td><td>&#8211;&nbsp;<\/td><td>&#8211;<\/td><\/tr><tr><td>Analista Judici\u00e1rio\/Servi\u00e7o Social<\/td><td>&#8211;&nbsp;<\/td><td>&#8211;<\/td><td>&#8211;&nbsp;<\/td><td>&#8211;<\/td><td>&#8211;&nbsp;<\/td><td>&#8211;<\/td><\/tr><tr><td>Analista Judici\u00e1rio\/Psicologia<\/td><td>&#8211;&nbsp;<\/td><td>&#8211;<\/td><td>&#8211;&nbsp;<\/td><td>&#8211;<\/td><td>&#8211;&nbsp;<\/td><td>&#8211;<\/td><\/tr><tr><td>Analista Judici\u00e1rio\/Arquitetura<\/td><td>&#8211;&nbsp;<\/td><td>&#8211;<\/td><td>&#8211;&nbsp;<\/td><td>&#8211;<\/td><td>1<\/td><td>1\u00aa<\/td><\/tr><tr><td>Analista Judici\u00e1rio\/Engenharia Civil<\/td><td>&#8211;&nbsp;<\/td><td>&#8211;<\/td><td>&#8211;&nbsp;<\/td><td>&#8211;<\/td><td>2&nbsp;<\/td><td>2\u00aa<\/td><\/tr><tr><td>Analista Judici\u00e1rio\/Engenharia El\u00e9trica<\/td><td>&#8211;&nbsp;<\/td><td>&#8211;<\/td><td>&#8211;&nbsp;<\/td><td>&#8211;<\/td><td>1<\/td><td>ver obs.<\/td><\/tr><tr><td>Analista Judici\u00e1rio\/Engenharia Mec\u00e2nica<\/td><td>&#8211;&nbsp;<\/td><td>&#8211;<\/td><td>&#8211;&nbsp;<\/td><td>&#8211;<\/td><td>1<\/td><td>2\u00aa<\/td><\/tr><tr><td>Analista Judici\u00e1rio\/Engenharia Eletr\u00f4nica<\/td><td>&#8211;&nbsp;<\/td><td>&#8211;<\/td><td>&#8211;&nbsp;<\/td><td>&#8211;<\/td><td>2<\/td><td>4\u00aa<\/td><\/tr><tr><td>Analista Judici\u00e1rio\/Contadoria<\/td><td>&#8211;&nbsp;<\/td><td>&#8211;<\/td><td>1<\/td><td>6\u00aa<\/td><td>2<\/td><td>3\u00aa<\/td><\/tr><tr><td>Analista Judici\u00e1rio\/Arquivologia<\/td><td>&#8211;&nbsp;<\/td><td>&#8211;<\/td><td>&#8211;&nbsp;<\/td><td>&#8211;<\/td><td>&#8211;&nbsp;<\/td><td>&#8211;<\/td><\/tr><tr><td>Analista Judici\u00e1rio\/Estat\u00edstica<\/td><td>&#8211;&nbsp;<\/td><td>&#8211;<\/td><td>&#8211;&nbsp;<\/td><td>&#8211;<\/td><td>1<\/td><td>1\u00aa<\/td><\/tr><tr><td>Analista Judici\u00e1rio\/Inform\u00e1tica &#8211; Desenvolvimento<\/td><td>&#8211;&nbsp;<\/td><td>&#8211;<\/td><td>1<\/td><td>1\u00aa<\/td><td>4<\/td><td>7\u00aa<\/td><\/tr><tr><td>Analista Judici\u00e1rio\/Inform\u00e1tica &#8211; Infraestrutura<\/td><td>&#8211;&nbsp;<\/td><td>&#8211;<\/td><td>&#8211;&nbsp;<\/td><td>&#8211;<\/td><td>&#8211;&nbsp;<\/td><td>&#8211;<\/td><\/tr><tr><td>T\u00e9cnico Judici\u00e1rio<\/td><td>15<\/td><td>24\u00aa<\/td><td>60<\/td><td>86\u00aa<\/td><td>223<\/td><td>349\u00aa<\/td><\/tr><tr><td>T\u00e9cnico Judici\u00e1rio\/Seguran\u00e7a e Transporte<\/td><td>2<\/td><td>7\u00aa<\/td><td>7<\/td><td>8\u00aa<\/td><td>26<\/td><td>43\u00aa<\/td><\/tr><tr><td>T\u00e9cnico Judici\u00e1rio\/Inform\u00e1tica<\/td><td>1<\/td><td>1\u00aa<\/td><td>2<\/td><td>5\u00aa<\/td><td>8<\/td><td>20\u00aa<\/td><\/tr><tr><td>T\u00e9cnico Judici\u00e1rio\/Enfermagem<\/td><td>&#8211;&nbsp;<\/td><td>&#8211;<\/td><td>&#8211;&nbsp;<\/td><td>&#8211;<\/td><td>2<\/td><td>2\u00aa<\/td><\/tr><tr><td>T\u00e9cnico Judici\u00e1rio\/Telecomunica\u00e7\u00f5es e Eletricidade<\/td><td>&#8211;&nbsp;<\/td><td>&#8211;<\/td><td>&#8211;&nbsp;<\/td><td>&#8211;<\/td><td>2<\/td><td>3\u00aa<\/td><\/tr><tr><td><strong>Total<\/strong><\/td><td><strong>28<\/strong><\/td><td><\/td><td><strong>111<\/strong><\/td><td><\/td><td><strong>370<\/strong><\/td><td><strong>509<\/strong><\/td><\/tr><\/tbody><\/table><figcaption class=\"wp-element-caption\">Nomeados no \u00faltimo concurso TRF 2 para Rio de Janeiro<\/figcaption><\/figure>\n\n\n\n<h3 class=\"wp-block-heading\" id=\"espirito-santo\">Esp\u00edrito Santo <\/h3>\n\n\n\n<figure id=\"tablepress-6\" class=\"wp-block-table is-style-stripes\"><table class=\"has-fixed-layout\"><tbody><tr><td>CARGOS<\/td><td>Total de vagas oferecidas da lista de pessoas com defici\u00eancia<\/td><td>Classifica\u00e7\u00e3o do \u00faltimo nomeado da lista de pessoas com defici\u00eancia&nbsp;<\/td><td>Total de vagas oferecidas da lista de candidatos negros<\/td><td>Classifica\u00e7\u00e3o do \u00faltimo nomeado da lista de candidatos negros<\/td><td>Total de vagas oferecidas da lista geral<\/td><td>Classifica\u00e7\u00e3o do \u00faltimo nomeado da lista geral<\/td><\/tr><tr><td>Analista Judici\u00e1rio, \u00c1rea Administrativa<\/td><td>1<\/td><td>1\u00aa<\/td><td>1<\/td><td>1\u00aa<\/td><td>5<\/td><td>6\u00aa<\/td><\/tr><tr><td>Analista Judici\u00e1rio, \u00c1rea Judici\u00e1ria<\/td><td>2<\/td><td>2\u00aa<\/td><td>5<\/td><td>8\u00aa<\/td><td>17<\/td><td>29\u00aa<\/td><\/tr><tr><td>Analista Judici\u00e1rio\/Oficial de Justi\u00e7a Avaliador Federal<\/td><td>&#8211;<\/td><td>&#8211;<\/td><td>&#8211;<\/td><td>&#8211;<\/td><td>2<\/td><td>2\u00aa<\/td><\/tr><tr><td>Analista Judici\u00e1rio\/Biblioteconomia<\/td><td>&#8211;<\/td><td>&#8211;<\/td><td>&#8211;<\/td><td>&#8211;<\/td><td>&#8211;<\/td><td>&#8211;<\/td><\/tr><tr><td>Analista Judici\u00e1rio\/Medicina Cl\u00ednica<\/td><td>&#8211;<\/td><td>&#8211;<\/td><td>&#8211;<\/td><td>&#8211;<\/td><td>1<\/td><td>1\u00aa<\/td><\/tr><tr><td>Analista Judici\u00e1rio\/Odontologia<\/td><td>&#8211;<\/td><td>&#8211;<\/td><td>&#8211;<\/td><td>&#8211;<\/td><td>&#8211;<\/td><td>&#8211;<\/td><\/tr><tr><td>Analista Judici\u00e1rio\/Servi\u00e7o Social<\/td><td>&#8211;<\/td><td>&#8211;<\/td><td>&#8211;<\/td><td>&#8211;<\/td><td>1<\/td><td>1\u00aa<\/td><\/tr><tr><td>Analista Judici\u00e1rio\/Psicologia<\/td><td>&#8211;<\/td><td>&#8211;<\/td><td>&#8211;<\/td><td>&#8211;<\/td><td>&#8211;<\/td><td>&#8211;<\/td><\/tr><tr><td>Analista Judici\u00e1rio\/Engenharia Civil<\/td><td>&#8211;<\/td><td>&#8211;<\/td><td>&#8211;<\/td><td>&#8211;<\/td><td>1<\/td><td>1\u00aa<\/td><\/tr><tr><td>Analista Judici\u00e1rio\/Engenharia El\u00e9trica<\/td><td>&#8211;<\/td><td>&#8211;<\/td><td>&#8211;<\/td><td>&#8211;<\/td><td>&#8211;<\/td><td>&#8211;<\/td><\/tr><tr><td>Analista Judici\u00e1rio\/Engenharia Mec\u00e2nica<\/td><td>&#8211;<\/td><td>&#8211;<\/td><td>&#8211;<\/td><td>&#8211;<\/td><td>&#8211;<\/td><td>&#8211;<\/td><\/tr><tr><td>Analista Judici\u00e1rio\/Contadoria<\/td><td>&#8211;<\/td><td>&#8211;<\/td><td>&#8211;<\/td><td>&#8211;<\/td><td>&#8211;<\/td><td>&#8211;<\/td><\/tr><tr><td>Analista Judici\u00e1rio\/Inform\u00e1tica &#8211; Desenvolvimento<\/td><td>&#8211;<\/td><td>&#8211;<\/td><td>&#8211;<\/td><td>&#8211;<\/td><td>&#8211;<\/td><td>&#8211;<\/td><\/tr><tr><td>Analista Judici\u00e1rio\/Inform\u00e1tica &#8211; Infraestrutura<\/td><td>&#8211;<\/td><td>&#8211;<\/td><td>&#8211;<\/td><td>&#8211;<\/td><td>&#8211;<\/td><td>&#8211;<\/td><\/tr><tr><td>T\u00e9cnico Judici\u00e1rio<\/td><td>3<\/td><td>11\u00aa<\/td><td>9<\/td><td>12\u00aa<\/td><td>34<\/td><td>63\u00aa<\/td><\/tr><tr><td>T\u00e9cnico Judici\u00e1rio\/Seguran\u00e7a e Transporte<\/td><td>&#8211;<\/td><td>&#8211;<\/td><td>1<\/td><td>2\u00aa<\/td><td>2<\/td><td>2\u00aa<\/td><\/tr><tr><td>T\u00e9cnico Judici\u00e1rio\/Inform\u00e1tica<\/td><td>1<\/td><td>2\u00aa<\/td><td>2<\/td><td>2\u00aa<\/td><td>7<\/td><td>8\u00aa<\/td><\/tr><tr><td>T\u00e9cnico Judici\u00e1rio\/Enfermagem<\/td><td>&#8211;<\/td><td>&#8211;<\/td><td>&#8211;<\/td><td>&#8211;<\/td><td>&#8211;<\/td><td>&#8211;<\/td><\/tr><tr><td><strong>TOTAL<\/strong><\/td><td><strong>7<\/strong><\/td><td><\/td><td><strong>18<\/strong><\/td><td><\/td><td><strong>70<\/strong><\/td><td><strong>95<\/strong><\/td><\/tr><\/tbody><\/table><figcaption class=\"wp-element-caption\">Nomeados no \u00faltimo concurso TRF 2 para Esp\u00edrito Santo<\/figcaption><\/figure>\n\n\n\n<h2 class=\"wp-block-heading has-text-align-center\" id=\"h-quer-saber-tudo-sobre-concursos-previstos-confira-nossos-artigos\">Quer saber tudo sobre concursos previstos?<br \/>Confira nossos artigos!<\/h2>\n\n\n\n<ul class=\"wp-block-list\">\n<li><a href=\"https:\/\/www.estrategiaconcursos.com.br\/blog\/concursos-abertos\/\" target=\"_blank\" rel=\"noreferrer noopener\">Concursos abertos<\/a><\/li>\n\n\n\n<li><a href=\"https:\/\/www.estrategiaconcursos.com.br\/blog\/concursos-tribunais\/\">Concursos tribunais<\/a><\/li>\n\n\n\n<li><a href=\"https:\/\/www.estrategiaconcursos.com.br\/blog\/concursos-trf\/\">Concursos TRF<\/a><\/li>\n\n\n\n<li><a href=\"https:\/\/www.estrategiaconcursos.com.br\/blog\/concursos-2026\/\">Concursos 2026<\/a><\/li>\n<\/ul>\n\n\n\n<h2 class=\"wp-block-heading has-text-align-center\" id=\"CURSO\">CURSOS E ASSINATURAS<\/h2>\n\n\n\n<div class=\"container\" id=\"boxes\">\n  <div class=\"row\">\n\n    <div class=\"col-sm\">\n      <div class=\"banner-tribunal\" id=\"box-assinatura\">\n        <h3 class=\"titulo-assinatura\">Curso TRF 2<\/h3>\n        <p class=\"subtitulo-assinatura\">Conhe\u00e7a os cursos<\/p>\n        <div class=\"box-botao\">\n          <a class=\"btn-assinatura\" target=\"_blank\" href=\"https:\/\/www.estrategiaconcursos.com.br\/cursosPorConcurso\/trf-2-regiao-43\/\" role=\"button\" rel=\"noopener noreferrer\">Conhe\u00e7a mais<\/a>\n        <\/div>\n      <\/div>\n      <p class=\"texto-auxiliar\">Prepare-se com o melhor material e com quem mais aprova em Concursos P\u00fablicos em todo o pa\u00eds.<\/p>\n    <\/div>\n\n  <\/div>\n<\/div>\n\n\n\n<div class=\"container\" id=\"boxes\">\n  <div class=\"row\">\n    <div class=\"col-sm\">\n      <div class=\"estrategia\" id=\"box-assinatura\">\n        <h3 class=\"titulo-assinatura\">Assinatura Concursos<\/h3>\n        <p class=\"subtitulo-assinatura\">Assinatura de 1 ano ou 2 anos*<\/p>\n        <div class=\"box-botao\">\n          <a class=\"btn-assinatura\" target=\"_blank\" href=\"https:\/\/www.estrategiaconcursos.com.br\/assinaturas\/\" role=\"button\" rel=\"noopener noreferrer\">ASSINE AGORA<\/a>\n        <\/div>\n      <\/div>\n      <p class=\"texto-auxiliar\"><\/p>\n    <\/div>\n    <div class=\"col-sm\">\n      <div class=\"questoes\" id=\"box-assinatura\">\n        <h3 class=\"titulo-assinatura\">Sistema de Quest\u00f5es<\/h3>\n        <p class=\"subtitulo-assinatura\">Assinatura de 1 ano ou 2 anos\n<\/p>\n        <div class=\"box-botao\">\n          <a class=\"btn-assinatura\" target=\"_blank\" href=\"https:\/\/www.estrategiaconcursos.com.br\/cursosPorConcurso\/sistema-de-questoes\/#\/\" role=\"button\" rel=\"noopener noreferrer\">ASSINE AGORA<\/a>\n        <\/div>\n      <\/div>\n      <p class=\"texto-auxiliar\"><\/p>\n    <\/div>\n  <\/div>\n<\/div>\n\n\n\n<figure class=\"wp-block-image size-large is-resized\"><img loading=\"lazy\" decoding=\"async\" width=\"1024\" height=\"632\" src=\"https:\/\/dhg1h5j42swfq.cloudfront.net\/2021\/04\/06121628\/ficha-tecnica-99-1024x632.png\" alt=\"\" class=\"wp-image-708471\" style=\"width:208px;height:auto\" srcset=\"https:\/\/dhg1h5j42swfq.cloudfront.net\/2021\/04\/06121628\/ficha-tecnica-99-1024x632.png 1024w, https:\/\/dhg1h5j42swfq.cloudfront.net\/2021\/04\/06121628\/ficha-tecnica-99-300x185.png 300w, https:\/\/dhg1h5j42swfq.cloudfront.net\/2021\/04\/06121628\/ficha-tecnica-99-768x474.png 768w, https:\/\/dhg1h5j42swfq.cloudfront.net\/2021\/04\/06121628\/ficha-tecnica-99-1536x948.png 1536w, https:\/\/dhg1h5j42swfq.cloudfront.net\/2021\/04\/06121628\/ficha-tecnica-99-610x377.png 610w, https:\/\/dhg1h5j42swfq.cloudfront.net\/2021\/04\/06121628\/ficha-tecnica-99.png 1571w\" sizes=\"auto, (max-width: 1024px) 100vw, 1024px\" \/><\/figure>\n\n\n\n<h3 class=\"wp-block-heading\" id=\"h-informacoes-sobre-o-concurso-trf-2\">Informa\u00e7\u00f5es sobre o concurso TRF 2<\/h3>\n\n\n\n<ul class=\"wp-block-list\">\n<li><strong>Provas:<\/strong> <s>07 e 14\/07\/2024<\/s><\/li>\n\n\n\n<li><strong>Lota\u00e7\u00f5es:<\/strong> RJ e ES<\/li>\n\n\n\n<li><strong>Vagas:<\/strong> CR<\/li>\n\n\n\n<li><strong>Escolaridade:<\/strong> N\u00edvel superior<\/li>\n\n\n\n<li><strong>Edital:<\/strong> <a href=\"https:\/\/dhg1h5j42swfq.cloudfront.net\/2024\/04\/11055943\/edital-de-abertura-trf2-1.pdf\" target=\"_blank\" rel=\"noreferrer noopener nofollow\">TRF 2 2024<\/a><\/li>\n<\/ul>\n\n\n\n<p id=\"ficha\"><\/p>\n","protected":false},"excerpt":{"rendered":"<p>Foi publicado o resultado final e a homologa\u00e7\u00e3o do concurso p\u00fablico do Tribunal Regional Federal da 2\u00aa Regi\u00e3o (TRF 2)! Veja: O Tribunal que abrange os estados do Rio de Janeiro e Esp\u00edrito Santo oferta em seu edital, vagas em cadastro de reserva para os cargos de&nbsp;Analista e T\u00e9cnico Judici\u00e1rio, de N\u00edvel Superior de escolaridade, [&hellip;]<\/p>\n","protected":false},"author":1,"featured_media":1329166,"comment_status":"open","ping_status":"open","sticky":false,"template":"","format":"standard","meta":{"post_tipo":"news_page","footnotes":""},"categories":[1984],"tags":[1614],"tax_estado":[219971,219982],"class_list":["post-32791","post","type-post","status-publish","format-standard","has-post-thumbnail","hentry","category-tribunais","tag-concurso-trf-2","tax_estado-es","tax_estado-rj"],"acf":[],"yoast_head":"<!-- This site is optimized with the Yoast SEO Premium plugin v27.2 (Yoast SEO v27.2) - https:\/\/yoast.com\/product\/yoast-seo-premium-wordpress\/ -->\n<title>Concurso TRF 2: novos sal\u00e1rios em 2026; veja!<\/title>\n<meta name=\"description\" content=\"Concurso TRF 2 (RJ e ES): publicados o resultado final e a homologa\u00e7\u00e3o! Edital ofertou vagas em CR para Analista e T\u00e9cnico.\" \/>\n<meta name=\"robots\" content=\"index, follow, max-snippet:-1, max-image-preview:large, max-video-preview:-1\" \/>\n<link rel=\"canonical\" href=\"https:\/\/www.estrategiaconcursos.com.br\/blog\/concurso-trf-2\/\" \/>\n<meta property=\"og:locale\" content=\"pt_BR\" \/>\n<meta property=\"og:type\" content=\"article\" \/>\n<meta property=\"og:title\" content=\"Concurso TRF 2: novos sal\u00e1rios em 2026; veja!\" \/>\n<meta property=\"og:description\" content=\"Concurso TRF 2 (RJ e ES): publicados o resultado final e a homologa\u00e7\u00e3o! Edital ofertou vagas em CR para Analista e T\u00e9cnico.\" \/>\n<meta property=\"og:url\" content=\"https:\/\/www.estrategiaconcursos.com.br\/blog\/concurso-trf-2\/\" \/>\n<meta property=\"og:site_name\" content=\"Estrat\u00e9gia Concursos\" \/>\n<meta property=\"article:author\" content=\"https:\/\/www.facebook.com\/EstrategiaConcursos\" \/>\n<meta property=\"article:published_time\" content=\"2026-01-22T15:02:00+00:00\" \/>\n<meta property=\"article:modified_time\" content=\"2026-02-06T16:18:30+00:00\" \/>\n<meta property=\"og:image\" content=\"https:\/\/dhg1h5j42swfq.cloudfront.net\/2023\/12\/03175513\/trf-2.jpg\" \/>\n\t<meta property=\"og:image:width\" content=\"768\" \/>\n\t<meta property=\"og:image:height\" content=\"432\" \/>\n\t<meta property=\"og:image:type\" content=\"image\/jpeg\" \/>\n<meta name=\"author\" content=\"Coordena\u00e7\u00e3o\" \/>\n<meta name=\"twitter:card\" content=\"summary_large_image\" \/>\n<meta name=\"twitter:creator\" content=\"@EstratConcursos\" \/>\n<meta name=\"twitter:site\" content=\"@EstratConcursos\" \/>\n<meta name=\"twitter:label1\" content=\"Escrito por\" \/>\n\t<meta name=\"twitter:data1\" content=\"Coordena\u00e7\u00e3o\" \/>\n\t<meta name=\"twitter:label2\" content=\"Est. tempo de leitura\" \/>\n\t<meta name=\"twitter:data2\" content=\"6 minutos\" \/>\n<script type=\"application\/ld+json\" class=\"yoast-schema-graph\">{\"@context\":\"https:\/\/schema.org\",\"@graph\":[{\"@type\":\"NewsArticle\",\"@id\":\"https:\/\/www.estrategiaconcursos.com.br\/blog\/concurso-trf-2\/#article\",\"isPartOf\":{\"@id\":\"https:\/\/www.estrategiaconcursos.com.br\/blog\/concurso-trf-2\/\"},\"author\":{\"name\":\"Coordena\u00e7\u00e3o\",\"@id\":\"https:\/\/www.estrategiaconcursos.com.br\/blog\/#\/schema\/person\/b4a388c97673c5f483d72185668afa1f\"},\"headline\":\"Concurso TRF 2: novos sal\u00e1rios em 2026; veja!\",\"datePublished\":\"2026-01-22T15:02:00+00:00\",\"dateModified\":\"2026-02-06T16:18:30+00:00\",\"mainEntityOfPage\":{\"@id\":\"https:\/\/www.estrategiaconcursos.com.br\/blog\/concurso-trf-2\/\"},\"wordCount\":2720,\"commentCount\":57,\"publisher\":{\"@id\":\"https:\/\/www.estrategiaconcursos.com.br\/blog\/#organization\"},\"image\":{\"@id\":\"https:\/\/www.estrategiaconcursos.com.br\/blog\/concurso-trf-2\/#primaryimage\"},\"thumbnailUrl\":\"https:\/\/dhg1h5j42swfq.cloudfront.net\/2023\/12\/03175513\/trf-2.jpg\",\"keywords\":[\"concurso trf 2\"],\"articleSection\":[\"Tribunais\"],\"inLanguage\":\"pt-BR\",\"potentialAction\":[{\"@type\":\"CommentAction\",\"name\":\"Comment\",\"target\":[\"https:\/\/www.estrategiaconcursos.com.br\/blog\/concurso-trf-2\/#respond\"]}],\"copyrightYear\":\"2026\",\"copyrightHolder\":{\"@id\":\"https:\/\/www.estrategiaconcursos.com.br\/blog\/#organization\"}},{\"@type\":\"WebPage\",\"@id\":\"https:\/\/www.estrategiaconcursos.com.br\/blog\/concurso-trf-2\/\",\"url\":\"https:\/\/www.estrategiaconcursos.com.br\/blog\/concurso-trf-2\/\",\"name\":\"Concurso TRF 2: novos sal\u00e1rios em 2026; veja!\",\"isPartOf\":{\"@id\":\"https:\/\/www.estrategiaconcursos.com.br\/blog\/#website\"},\"primaryImageOfPage\":{\"@id\":\"https:\/\/www.estrategiaconcursos.com.br\/blog\/concurso-trf-2\/#primaryimage\"},\"image\":{\"@id\":\"https:\/\/www.estrategiaconcursos.com.br\/blog\/concurso-trf-2\/#primaryimage\"},\"thumbnailUrl\":\"https:\/\/dhg1h5j42swfq.cloudfront.net\/2023\/12\/03175513\/trf-2.jpg\",\"datePublished\":\"2026-01-22T15:02:00+00:00\",\"dateModified\":\"2026-02-06T16:18:30+00:00\",\"description\":\"Concurso TRF 2 (RJ e ES): publicados o resultado final e a homologa\u00e7\u00e3o! Edital ofertou vagas em CR para Analista e T\u00e9cnico.\",\"breadcrumb\":{\"@id\":\"https:\/\/www.estrategiaconcursos.com.br\/blog\/concurso-trf-2\/#breadcrumb\"},\"inLanguage\":\"pt-BR\",\"potentialAction\":[{\"@type\":\"ReadAction\",\"target\":[\"https:\/\/www.estrategiaconcursos.com.br\/blog\/concurso-trf-2\/\"]}]},{\"@type\":\"ImageObject\",\"inLanguage\":\"pt-BR\",\"@id\":\"https:\/\/www.estrategiaconcursos.com.br\/blog\/concurso-trf-2\/#primaryimage\",\"url\":\"https:\/\/dhg1h5j42swfq.cloudfront.net\/2023\/12\/03175513\/trf-2.jpg\",\"contentUrl\":\"https:\/\/dhg1h5j42swfq.cloudfront.net\/2023\/12\/03175513\/trf-2.jpg\",\"width\":768,\"height\":432,\"caption\":\"Resumo de Estrutura Organizacional para o TRF 2\"},{\"@type\":\"BreadcrumbList\",\"@id\":\"https:\/\/www.estrategiaconcursos.com.br\/blog\/concurso-trf-2\/#breadcrumb\",\"itemListElement\":[{\"@type\":\"ListItem\",\"position\":1,\"name\":\"In\u00edcio\",\"item\":\"https:\/\/www.estrategiaconcursos.com.br\/blog\/\"},{\"@type\":\"ListItem\",\"position\":2,\"name\":\"Concurso TRF 2: novos sal\u00e1rios em 2026; veja!\"}]},{\"@type\":\"WebSite\",\"@id\":\"https:\/\/www.estrategiaconcursos.com.br\/blog\/#website\",\"url\":\"https:\/\/www.estrategiaconcursos.com.br\/blog\/\",\"name\":\"Estrat\u00e9gia Concursos\",\"description\":\"O blog da Estrat\u00e9gia Concursos traz not\u00edcias sobre concursos e artigos de professores oferecendo cursos para concursos (pdf + videaulas) no site.\",\"publisher\":{\"@id\":\"https:\/\/www.estrategiaconcursos.com.br\/blog\/#organization\"},\"potentialAction\":[{\"@type\":\"SearchAction\",\"target\":{\"@type\":\"EntryPoint\",\"urlTemplate\":\"https:\/\/www.estrategiaconcursos.com.br\/blog\/?s={search_term_string}\"},\"query-input\":{\"@type\":\"PropertyValueSpecification\",\"valueRequired\":true,\"valueName\":\"search_term_string\"}}],\"inLanguage\":\"pt-BR\"},{\"@type\":\"Organization\",\"@id\":\"https:\/\/www.estrategiaconcursos.com.br\/blog\/#organization\",\"name\":\"Estrat\u00e9gia Concursos\",\"url\":\"https:\/\/www.estrategiaconcursos.com.br\/blog\/\",\"logo\":{\"@type\":\"ImageObject\",\"inLanguage\":\"pt-BR\",\"@id\":\"https:\/\/www.estrategiaconcursos.com.br\/blog\/#\/schema\/logo\/image\/\",\"url\":\"https:\/\/dhg1h5j42swfq.cloudfront.net\/2025\/06\/03203428\/logo_concursos-1.jpg\",\"contentUrl\":\"https:\/\/dhg1h5j42swfq.cloudfront.net\/2025\/06\/03203428\/logo_concursos-1.jpg\",\"width\":230,\"height\":60,\"caption\":\"Estrat\u00e9gia Concursos\"},\"image\":{\"@id\":\"https:\/\/www.estrategiaconcursos.com.br\/blog\/#\/schema\/logo\/image\/\"},\"sameAs\":[\"https:\/\/x.com\/EstratConcursos\"]},{\"@type\":\"Person\",\"@id\":\"https:\/\/www.estrategiaconcursos.com.br\/blog\/#\/schema\/person\/b4a388c97673c5f483d72185668afa1f\",\"name\":\"Coordena\u00e7\u00e3o\",\"image\":{\"@type\":\"ImageObject\",\"inLanguage\":\"pt-BR\",\"@id\":\"https:\/\/secure.gravatar.com\/avatar\/b720319e4c9a967eb58678d110f4fe35452fc5d5f97b202bac7b8acceb18c6ad?s=96&d=mm&r=g\",\"url\":\"https:\/\/secure.gravatar.com\/avatar\/b720319e4c9a967eb58678d110f4fe35452fc5d5f97b202bac7b8acceb18c6ad?s=96&d=mm&r=g\",\"contentUrl\":\"https:\/\/secure.gravatar.com\/avatar\/b720319e4c9a967eb58678d110f4fe35452fc5d5f97b202bac7b8acceb18c6ad?s=96&d=mm&r=g\",\"caption\":\"Coordena\u00e7\u00e3o\"},\"sameAs\":[\"https:\/\/www.facebook.com\/EstrategiaConcursos\",\"https:\/\/x.com\/EstratConcursos\"],\"url\":\"https:\/\/www.estrategiaconcursos.com.br\/blog\/author\/estrategia2013\/\"}]}<\/script>\n<!-- \/ Yoast SEO Premium plugin. -->","yoast_head_json":{"title":"Concurso TRF 2: novos sal\u00e1rios em 2026; veja!","description":"Concurso TRF 2 (RJ e ES): publicados o resultado final e a homologa\u00e7\u00e3o! Edital ofertou vagas em CR para Analista e T\u00e9cnico.","robots":{"index":"index","follow":"follow","max-snippet":"max-snippet:-1","max-image-preview":"max-image-preview:large","max-video-preview":"max-video-preview:-1"},"canonical":"https:\/\/www.estrategiaconcursos.com.br\/blog\/concurso-trf-2\/","og_locale":"pt_BR","og_type":"article","og_title":"Concurso TRF 2: novos sal\u00e1rios em 2026; veja!","og_description":"Concurso TRF 2 (RJ e ES): publicados o resultado final e a homologa\u00e7\u00e3o! Edital ofertou vagas em CR para Analista e T\u00e9cnico.","og_url":"https:\/\/www.estrategiaconcursos.com.br\/blog\/concurso-trf-2\/","og_site_name":"Estrat\u00e9gia Concursos","article_author":"https:\/\/www.facebook.com\/EstrategiaConcursos","article_published_time":"2026-01-22T15:02:00+00:00","article_modified_time":"2026-02-06T16:18:30+00:00","og_image":[{"width":768,"height":432,"url":"https:\/\/dhg1h5j42swfq.cloudfront.net\/2023\/12\/03175513\/trf-2.jpg","type":"image\/jpeg"}],"author":"Coordena\u00e7\u00e3o","twitter_card":"summary_large_image","twitter_creator":"@EstratConcursos","twitter_site":"@EstratConcursos","twitter_misc":{"Escrito por":"Coordena\u00e7\u00e3o","Est. tempo de leitura":"6 minutos"},"schema":{"@context":"https:\/\/schema.org","@graph":[{"@type":"NewsArticle","@id":"https:\/\/www.estrategiaconcursos.com.br\/blog\/concurso-trf-2\/#article","isPartOf":{"@id":"https:\/\/www.estrategiaconcursos.com.br\/blog\/concurso-trf-2\/"},"author":{"name":"Coordena\u00e7\u00e3o","@id":"https:\/\/www.estrategiaconcursos.com.br\/blog\/#\/schema\/person\/b4a388c97673c5f483d72185668afa1f"},"headline":"Concurso TRF 2: novos sal\u00e1rios em 2026; veja!","datePublished":"2026-01-22T15:02:00+00:00","dateModified":"2026-02-06T16:18:30+00:00","mainEntityOfPage":{"@id":"https:\/\/www.estrategiaconcursos.com.br\/blog\/concurso-trf-2\/"},"wordCount":2720,"commentCount":57,"publisher":{"@id":"https:\/\/www.estrategiaconcursos.com.br\/blog\/#organization"},"image":{"@id":"https:\/\/www.estrategiaconcursos.com.br\/blog\/concurso-trf-2\/#primaryimage"},"thumbnailUrl":"https:\/\/dhg1h5j42swfq.cloudfront.net\/2023\/12\/03175513\/trf-2.jpg","keywords":["concurso trf 2"],"articleSection":["Tribunais"],"inLanguage":"pt-BR","potentialAction":[{"@type":"CommentAction","name":"Comment","target":["https:\/\/www.estrategiaconcursos.com.br\/blog\/concurso-trf-2\/#respond"]}],"copyrightYear":"2026","copyrightHolder":{"@id":"https:\/\/www.estrategiaconcursos.com.br\/blog\/#organization"}},{"@type":"WebPage","@id":"https:\/\/www.estrategiaconcursos.com.br\/blog\/concurso-trf-2\/","url":"https:\/\/www.estrategiaconcursos.com.br\/blog\/concurso-trf-2\/","name":"Concurso TRF 2: novos sal\u00e1rios em 2026; veja!","isPartOf":{"@id":"https:\/\/www.estrategiaconcursos.com.br\/blog\/#website"},"primaryImageOfPage":{"@id":"https:\/\/www.estrategiaconcursos.com.br\/blog\/concurso-trf-2\/#primaryimage"},"image":{"@id":"https:\/\/www.estrategiaconcursos.com.br\/blog\/concurso-trf-2\/#primaryimage"},"thumbnailUrl":"https:\/\/dhg1h5j42swfq.cloudfront.net\/2023\/12\/03175513\/trf-2.jpg","datePublished":"2026-01-22T15:02:00+00:00","dateModified":"2026-02-06T16:18:30+00:00","description":"Concurso TRF 2 (RJ e ES): publicados o resultado final e a homologa\u00e7\u00e3o! Edital ofertou vagas em CR para Analista e T\u00e9cnico.","breadcrumb":{"@id":"https:\/\/www.estrategiaconcursos.com.br\/blog\/concurso-trf-2\/#breadcrumb"},"inLanguage":"pt-BR","potentialAction":[{"@type":"ReadAction","target":["https:\/\/www.estrategiaconcursos.com.br\/blog\/concurso-trf-2\/"]}]},{"@type":"ImageObject","inLanguage":"pt-BR","@id":"https:\/\/www.estrategiaconcursos.com.br\/blog\/concurso-trf-2\/#primaryimage","url":"https:\/\/dhg1h5j42swfq.cloudfront.net\/2023\/12\/03175513\/trf-2.jpg","contentUrl":"https:\/\/dhg1h5j42swfq.cloudfront.net\/2023\/12\/03175513\/trf-2.jpg","width":768,"height":432,"caption":"Resumo de Estrutura Organizacional para o TRF 2"},{"@type":"BreadcrumbList","@id":"https:\/\/www.estrategiaconcursos.com.br\/blog\/concurso-trf-2\/#breadcrumb","itemListElement":[{"@type":"ListItem","position":1,"name":"In\u00edcio","item":"https:\/\/www.estrategiaconcursos.com.br\/blog\/"},{"@type":"ListItem","position":2,"name":"Concurso TRF 2: novos sal\u00e1rios em 2026; veja!"}]},{"@type":"WebSite","@id":"https:\/\/www.estrategiaconcursos.com.br\/blog\/#website","url":"https:\/\/www.estrategiaconcursos.com.br\/blog\/","name":"Estrat\u00e9gia Concursos","description":"O blog da Estrat\u00e9gia Concursos traz not\u00edcias sobre concursos e artigos de professores oferecendo cursos para concursos (pdf + videaulas) no site.","publisher":{"@id":"https:\/\/www.estrategiaconcursos.com.br\/blog\/#organization"},"potentialAction":[{"@type":"SearchAction","target":{"@type":"EntryPoint","urlTemplate":"https:\/\/www.estrategiaconcursos.com.br\/blog\/?s={search_term_string}"},"query-input":{"@type":"PropertyValueSpecification","valueRequired":true,"valueName":"search_term_string"}}],"inLanguage":"pt-BR"},{"@type":"Organization","@id":"https:\/\/www.estrategiaconcursos.com.br\/blog\/#organization","name":"Estrat\u00e9gia Concursos","url":"https:\/\/www.estrategiaconcursos.com.br\/blog\/","logo":{"@type":"ImageObject","inLanguage":"pt-BR","@id":"https:\/\/www.estrategiaconcursos.com.br\/blog\/#\/schema\/logo\/image\/","url":"https:\/\/dhg1h5j42swfq.cloudfront.net\/2025\/06\/03203428\/logo_concursos-1.jpg","contentUrl":"https:\/\/dhg1h5j42swfq.cloudfront.net\/2025\/06\/03203428\/logo_concursos-1.jpg","width":230,"height":60,"caption":"Estrat\u00e9gia Concursos"},"image":{"@id":"https:\/\/www.estrategiaconcursos.com.br\/blog\/#\/schema\/logo\/image\/"},"sameAs":["https:\/\/x.com\/EstratConcursos"]},{"@type":"Person","@id":"https:\/\/www.estrategiaconcursos.com.br\/blog\/#\/schema\/person\/b4a388c97673c5f483d72185668afa1f","name":"Coordena\u00e7\u00e3o","image":{"@type":"ImageObject","inLanguage":"pt-BR","@id":"https:\/\/secure.gravatar.com\/avatar\/b720319e4c9a967eb58678d110f4fe35452fc5d5f97b202bac7b8acceb18c6ad?s=96&d=mm&r=g","url":"https:\/\/secure.gravatar.com\/avatar\/b720319e4c9a967eb58678d110f4fe35452fc5d5f97b202bac7b8acceb18c6ad?s=96&d=mm&r=g","contentUrl":"https:\/\/secure.gravatar.com\/avatar\/b720319e4c9a967eb58678d110f4fe35452fc5d5f97b202bac7b8acceb18c6ad?s=96&d=mm&r=g","caption":"Coordena\u00e7\u00e3o"},"sameAs":["https:\/\/www.facebook.com\/EstrategiaConcursos","https:\/\/x.com\/EstratConcursos"],"url":"https:\/\/www.estrategiaconcursos.com.br\/blog\/author\/estrategia2013\/"}]}},"_links":{"self":[{"href":"https:\/\/www.estrategiaconcursos.com.br\/blog\/wp-json\/wp\/v2\/posts\/32791","targetHints":{"allow":["GET"]}}],"collection":[{"href":"https:\/\/www.estrategiaconcursos.com.br\/blog\/wp-json\/wp\/v2\/posts"}],"about":[{"href":"https:\/\/www.estrategiaconcursos.com.br\/blog\/wp-json\/wp\/v2\/types\/post"}],"author":[{"embeddable":true,"href":"https:\/\/www.estrategiaconcursos.com.br\/blog\/wp-json\/wp\/v2\/users\/1"}],"replies":[{"embeddable":true,"href":"https:\/\/www.estrategiaconcursos.com.br\/blog\/wp-json\/wp\/v2\/comments?post=32791"}],"version-history":[{"count":247,"href":"https:\/\/www.estrategiaconcursos.com.br\/blog\/wp-json\/wp\/v2\/posts\/32791\/revisions"}],"predecessor-version":[{"id":1711703,"href":"https:\/\/www.estrategiaconcursos.com.br\/blog\/wp-json\/wp\/v2\/posts\/32791\/revisions\/1711703"}],"wp:featuredmedia":[{"embeddable":true,"href":"https:\/\/www.estrategiaconcursos.com.br\/blog\/wp-json\/wp\/v2\/media\/1329166"}],"wp:attachment":[{"href":"https:\/\/www.estrategiaconcursos.com.br\/blog\/wp-json\/wp\/v2\/media?parent=32791"}],"wp:term":[{"taxonomy":"category","embeddable":true,"href":"https:\/\/www.estrategiaconcursos.com.br\/blog\/wp-json\/wp\/v2\/categories?post=32791"},{"taxonomy":"post_tag","embeddable":true,"href":"https:\/\/www.estrategiaconcursos.com.br\/blog\/wp-json\/wp\/v2\/tags?post=32791"},{"taxonomy":"tax_estado","embeddable":true,"href":"https:\/\/www.estrategiaconcursos.com.br\/blog\/wp-json\/wp\/v2\/tax_estado?post=32791"}],"curies":[{"name":"wp","href":"https:\/\/api.w.org\/{rel}","templated":true}]}}