{"id":32752,"date":"2016-02-03T19:40:27","date_gmt":"2016-02-03T22:40:27","guid":{"rendered":"http:\/\/www.estrategiaconcursos.com.br\/blog\/?p=32752"},"modified":"2016-02-05T12:56:42","modified_gmt":"2016-02-05T15:56:42","slug":"acao-de-ressarcimento-de-danos-fazenda-nao-e-imprescritivel","status":"publish","type":"post","link":"https:\/\/www.estrategiaconcursos.com.br\/blog\/acao-de-ressarcimento-de-danos-fazenda-nao-e-imprescritivel\/","title":{"rendered":"A\u00e7\u00e3o de Ressarcimento de Danos a Fazenda n\u00e3o imprescrit\u00edvel"},"content":{"rendered":"<p>Prezados,<br \/>\nHoje o STF julgou recurso extraordin\u00e1rio com repercuss\u00e3o geral e assentou o seguinte entendimento: <em><strong><a href=\"http:\/\/www.stf.jus.br\/portal\/cms\/verNoticiaDetalhe.asp?idConteudo=309262\" target=\"_blank\">\u201c\u00e9 prescrit\u00edvel a a\u00e7\u00e3o de repara\u00e7\u00e3o de danos \u00e0 Fazenda P\u00fablica decorrente de il\u00edcito civil\u201d<\/a>.<\/strong><\/em><br \/>\nNo <a href=\"http:\/\/www.stf.jus.br\/portal\/processo\/verProcessoAndamento.asp?numero=669069&amp;classe=RE&amp;origem=AP&amp;recurso=0&amp;tipoJulgamento=M\">RE 669069<\/a> o STF debateu o <a href=\"http:\/\/www.planalto.gov.br\/ccivil_03\/Constituicao\/Constituicao.htm\" target=\"_blank\">art. 37, \u00a7 5o, da CF<\/a>, que assim disp\u00f5e:<br \/>\n<strong>\u00a7 5\u00ba A lei estabelecer\u00e1 os prazos de prescri\u00e7\u00e3o para il\u00edcitos praticados por qualquer agente, servidor ou n\u00e3o, que causem preju\u00edzos ao er\u00e1rio, ressalvadas as respectivas a\u00e7\u00f5es de ressarcimento.<\/strong><br \/>\nEsse dispositivo contraria a seguran\u00e7a jur\u00eddica tamb\u00e9m consagrada na Constitui\u00e7\u00e3o Federal ao informar que o Estado poderia cobrar eternamente um preju\u00edzo que sofreu do particular.<br \/>\nNesse sentido, o relator do processo no STF, Ministro Teori Zavascki, considerou que &#8220;a ressalva contida na parte final do par\u00e1grafo 5\u00ba do artigo 37 da Constitui\u00e7\u00e3o Federal, que remete a lei a fixa\u00e7\u00e3o de prazos de prescri\u00e7\u00e3o para il\u00edcitos que causem preju\u00edzos ao er\u00e1rio, mas excetua respectivas a\u00e7\u00f5es de ressarcimento, deve ser entendida de forma estrita. Segundo ele, uma interpreta\u00e7\u00e3o ampla da ressalva final conduziria \u00e0 imprescritibilidade de toda e qualquer a\u00e7\u00e3o de ressarcimento movida pelo er\u00e1rio, mesmo as fundadas em il\u00edcitos civis que n\u00e3o decorram de culpa ou dolo&#8221;.<br \/>\nEst\u00e1 em aberto, contudo, o entendimento do STF quanto a aplica\u00e7\u00e3o do art. 37, \u00a7 5o, da CF, quanto aos danos ao er\u00e1rio decorrentes de atos de improbidade. Tudo indica que a imprescritibilidade somente deve ser aplicada nessa hip\u00f3tese. Na minha opini\u00e3o pessoal, esse parece ser o sentido do referido artigo.<\/p>\n<p><img loading=\"lazy\" decoding=\"async\" class=\"alignnone size-full wp-image-32755\" src=\"https:\/\/dhg1h5j42swfq.cloudfront.net\/2016\/02\/03193943\/stf.jpg\" alt=\"stf\" width=\"120\" height=\"97\" \/><\/p>\n<p>Imagem extra\u00edda do\u00a0http:\/\/www.stf.jus.br\/portal\/principal\/principal.asp<\/p>\n<p>&nbsp;<\/p>\n","protected":false},"excerpt":{"rendered":"<p>Prezados, Hoje o STF julgou recurso extraordin\u00e1rio com repercuss\u00e3o geral e assentou o seguinte entendimento: \u201c\u00e9 prescrit\u00edvel a a\u00e7\u00e3o de repara\u00e7\u00e3o de danos \u00e0 Fazenda P\u00fablica decorrente de il\u00edcito civil\u201d. No RE 669069 o STF debateu o art. 37, \u00a7 5o, da CF, que assim disp\u00f5e: \u00a7 5\u00ba A lei estabelecer\u00e1 os prazos de prescri\u00e7\u00e3o [&hellip;]<\/p>\n","protected":false},"author":8,"featured_media":0,"comment_status":"open","ping_status":"open","sticky":false,"template":"","format":"standard","meta":{"post_tipo":"article","footnotes":""},"categories":[1],"tags":[506],"tax_estado":[],"class_list":["post-32752","post","type-post","status-publish","format-standard","hentry","category-cursos-e-concursos","tag-direito-constitucional"],"acf":[],"yoast_head":"<!-- This site is optimized with the Yoast SEO Premium plugin v27.2 (Yoast SEO v27.2) - https:\/\/yoast.com\/product\/yoast-seo-premium-wordpress\/ -->\n<title>A\u00e7\u00e3o de Ressarcimento de Danos a Fazenda n\u00e3o imprescrit\u00edvel<\/title>\n<meta name=\"description\" content=\"STF julgou recurso extraordin\u00e1rio com repercuss\u00e3o geral e assentou o seguinte entendimento:\u00a0\u201c\u00e9 prescrit\u00edvel a a\u00e7\u00e3o de repara\u00e7\u00e3o de danos \u00e0 Fazenda P\u00fablica decorrente de il\u00edcito civil\u201d\" \/>\n<meta name=\"robots\" content=\"index, follow, max-snippet:-1, max-image-preview:large, max-video-preview:-1\" \/>\n<link rel=\"canonical\" href=\"https:\/\/www.estrategiaconcursos.com.br\/blog\/acao-de-ressarcimento-de-danos-fazenda-nao-e-imprescritivel\/\" \/>\n<meta property=\"og:locale\" content=\"pt_BR\" \/>\n<meta property=\"og:type\" content=\"article\" \/>\n<meta property=\"og:title\" content=\"A\u00e7\u00e3o de Ressarcimento de Danos a Fazenda n\u00e3o imprescrit\u00edvel\" \/>\n<meta property=\"og:description\" content=\"STF julgou recurso extraordin\u00e1rio com repercuss\u00e3o geral e assentou o seguinte entendimento:\u00a0\u201c\u00e9 prescrit\u00edvel a a\u00e7\u00e3o de repara\u00e7\u00e3o de danos \u00e0 Fazenda P\u00fablica decorrente de il\u00edcito civil\u201d\" \/>\n<meta property=\"og:url\" content=\"https:\/\/www.estrategiaconcursos.com.br\/blog\/acao-de-ressarcimento-de-danos-fazenda-nao-e-imprescritivel\/\" \/>\n<meta property=\"og:site_name\" content=\"Estrat\u00e9gia Concursos\" \/>\n<meta property=\"article:published_time\" content=\"2016-02-03T22:40:27+00:00\" \/>\n<meta property=\"article:modified_time\" content=\"2016-02-05T15:56:42+00:00\" \/>\n<meta property=\"og:image\" content=\"https:\/\/dhg1h5j42swfq.cloudfront.net\/2016\/02\/03193943\/stf.jpg\" \/>\n<meta name=\"author\" content=\"Daniel Mesquita\" \/>\n<meta name=\"twitter:card\" content=\"summary_large_image\" \/>\n<meta name=\"twitter:creator\" content=\"@EstratConcursos\" \/>\n<meta name=\"twitter:site\" content=\"@EstratConcursos\" \/>\n<meta name=\"twitter:label1\" content=\"Escrito por\" \/>\n\t<meta name=\"twitter:data1\" content=\"Daniel Mesquita\" \/>\n\t<meta name=\"twitter:label2\" content=\"Est. tempo de leitura\" \/>\n\t<meta name=\"twitter:data2\" content=\"1 minuto\" \/>\n<script type=\"application\/ld+json\" class=\"yoast-schema-graph\">{\"@context\":\"https:\/\/schema.org\",\"@graph\":[{\"@type\":\"NewsArticle\",\"@id\":\"https:\/\/www.estrategiaconcursos.com.br\/blog\/acao-de-ressarcimento-de-danos-fazenda-nao-e-imprescritivel\/#article\",\"isPartOf\":{\"@id\":\"https:\/\/www.estrategiaconcursos.com.br\/blog\/acao-de-ressarcimento-de-danos-fazenda-nao-e-imprescritivel\/\"},\"author\":{\"name\":\"Daniel Mesquita\",\"@id\":\"https:\/\/www.estrategiaconcursos.com.br\/blog\/#\/schema\/person\/9eaf1124191babd2cd91ce9a50b4df1b\"},\"headline\":\"A\u00e7\u00e3o de Ressarcimento de Danos a Fazenda n\u00e3o imprescrit\u00edvel\",\"datePublished\":\"2016-02-03T22:40:27+00:00\",\"dateModified\":\"2016-02-05T15:56:42+00:00\",\"mainEntityOfPage\":{\"@id\":\"https:\/\/www.estrategiaconcursos.com.br\/blog\/acao-de-ressarcimento-de-danos-fazenda-nao-e-imprescritivel\/\"},\"wordCount\":292,\"commentCount\":1,\"publisher\":{\"@id\":\"https:\/\/www.estrategiaconcursos.com.br\/blog\/#organization\"},\"image\":{\"@id\":\"https:\/\/www.estrategiaconcursos.com.br\/blog\/acao-de-ressarcimento-de-danos-fazenda-nao-e-imprescritivel\/#primaryimage\"},\"thumbnailUrl\":\"https:\/\/dhg1h5j42swfq.cloudfront.net\/2016\/02\/03193943\/stf.jpg\",\"keywords\":[\"Direito Constitucional\"],\"articleSection\":[\"Concursos P\u00fablicos\"],\"inLanguage\":\"pt-BR\",\"potentialAction\":[{\"@type\":\"CommentAction\",\"name\":\"Comment\",\"target\":[\"https:\/\/www.estrategiaconcursos.com.br\/blog\/acao-de-ressarcimento-de-danos-fazenda-nao-e-imprescritivel\/#respond\"]}],\"copyrightYear\":\"2016\",\"copyrightHolder\":{\"@id\":\"https:\/\/www.estrategiaconcursos.com.br\/blog\/#organization\"}},{\"@type\":\"WebPage\",\"@id\":\"https:\/\/www.estrategiaconcursos.com.br\/blog\/acao-de-ressarcimento-de-danos-fazenda-nao-e-imprescritivel\/\",\"url\":\"https:\/\/www.estrategiaconcursos.com.br\/blog\/acao-de-ressarcimento-de-danos-fazenda-nao-e-imprescritivel\/\",\"name\":\"A\u00e7\u00e3o de Ressarcimento de Danos a Fazenda n\u00e3o imprescrit\u00edvel\",\"isPartOf\":{\"@id\":\"https:\/\/www.estrategiaconcursos.com.br\/blog\/#website\"},\"primaryImageOfPage\":{\"@id\":\"https:\/\/www.estrategiaconcursos.com.br\/blog\/acao-de-ressarcimento-de-danos-fazenda-nao-e-imprescritivel\/#primaryimage\"},\"image\":{\"@id\":\"https:\/\/www.estrategiaconcursos.com.br\/blog\/acao-de-ressarcimento-de-danos-fazenda-nao-e-imprescritivel\/#primaryimage\"},\"thumbnailUrl\":\"https:\/\/dhg1h5j42swfq.cloudfront.net\/2016\/02\/03193943\/stf.jpg\",\"datePublished\":\"2016-02-03T22:40:27+00:00\",\"dateModified\":\"2016-02-05T15:56:42+00:00\",\"description\":\"STF julgou recurso extraordin\u00e1rio com repercuss\u00e3o geral e assentou o seguinte entendimento:\u00a0\u201c\u00e9 prescrit\u00edvel a a\u00e7\u00e3o de repara\u00e7\u00e3o de danos \u00e0 Fazenda P\u00fablica decorrente de il\u00edcito civil\u201d\",\"breadcrumb\":{\"@id\":\"https:\/\/www.estrategiaconcursos.com.br\/blog\/acao-de-ressarcimento-de-danos-fazenda-nao-e-imprescritivel\/#breadcrumb\"},\"inLanguage\":\"pt-BR\",\"potentialAction\":[{\"@type\":\"ReadAction\",\"target\":[\"https:\/\/www.estrategiaconcursos.com.br\/blog\/acao-de-ressarcimento-de-danos-fazenda-nao-e-imprescritivel\/\"]}]},{\"@type\":\"ImageObject\",\"inLanguage\":\"pt-BR\",\"@id\":\"https:\/\/www.estrategiaconcursos.com.br\/blog\/acao-de-ressarcimento-de-danos-fazenda-nao-e-imprescritivel\/#primaryimage\",\"url\":\"https:\/\/dhg1h5j42swfq.cloudfront.net\/2016\/02\/03193943\/stf.jpg\",\"contentUrl\":\"https:\/\/dhg1h5j42swfq.cloudfront.net\/2016\/02\/03193943\/stf.jpg\"},{\"@type\":\"BreadcrumbList\",\"@id\":\"https:\/\/www.estrategiaconcursos.com.br\/blog\/acao-de-ressarcimento-de-danos-fazenda-nao-e-imprescritivel\/#breadcrumb\",\"itemListElement\":[{\"@type\":\"ListItem\",\"position\":1,\"name\":\"In\u00edcio\",\"item\":\"https:\/\/www.estrategiaconcursos.com.br\/blog\/\"},{\"@type\":\"ListItem\",\"position\":2,\"name\":\"A\u00e7\u00e3o de Ressarcimento de Danos a Fazenda n\u00e3o imprescrit\u00edvel\"}]},{\"@type\":\"WebSite\",\"@id\":\"https:\/\/www.estrategiaconcursos.com.br\/blog\/#website\",\"url\":\"https:\/\/www.estrategiaconcursos.com.br\/blog\/\",\"name\":\"Estrat\u00e9gia Concursos\",\"description\":\"O blog da Estrat\u00e9gia Concursos traz not\u00edcias sobre concursos e artigos de professores oferecendo cursos para concursos (pdf + videaulas) no site.\",\"publisher\":{\"@id\":\"https:\/\/www.estrategiaconcursos.com.br\/blog\/#organization\"},\"potentialAction\":[{\"@type\":\"SearchAction\",\"target\":{\"@type\":\"EntryPoint\",\"urlTemplate\":\"https:\/\/www.estrategiaconcursos.com.br\/blog\/?s={search_term_string}\"},\"query-input\":{\"@type\":\"PropertyValueSpecification\",\"valueRequired\":true,\"valueName\":\"search_term_string\"}}],\"inLanguage\":\"pt-BR\"},{\"@type\":\"Organization\",\"@id\":\"https:\/\/www.estrategiaconcursos.com.br\/blog\/#organization\",\"name\":\"Estrat\u00e9gia Concursos\",\"url\":\"https:\/\/www.estrategiaconcursos.com.br\/blog\/\",\"logo\":{\"@type\":\"ImageObject\",\"inLanguage\":\"pt-BR\",\"@id\":\"https:\/\/www.estrategiaconcursos.com.br\/blog\/#\/schema\/logo\/image\/\",\"url\":\"https:\/\/dhg1h5j42swfq.cloudfront.net\/2025\/06\/03203428\/logo_concursos-1.jpg\",\"contentUrl\":\"https:\/\/dhg1h5j42swfq.cloudfront.net\/2025\/06\/03203428\/logo_concursos-1.jpg\",\"width\":230,\"height\":60,\"caption\":\"Estrat\u00e9gia Concursos\"},\"image\":{\"@id\":\"https:\/\/www.estrategiaconcursos.com.br\/blog\/#\/schema\/logo\/image\/\"},\"sameAs\":[\"https:\/\/x.com\/EstratConcursos\"]},{\"@type\":\"Person\",\"@id\":\"https:\/\/www.estrategiaconcursos.com.br\/blog\/#\/schema\/person\/9eaf1124191babd2cd91ce9a50b4df1b\",\"name\":\"Daniel Mesquita\",\"image\":{\"@type\":\"ImageObject\",\"inLanguage\":\"pt-BR\",\"@id\":\"https:\/\/secure.gravatar.com\/avatar\/706770cb0fb6fef61b228494b341a7865da68c2e586815b508303374d2dc2223?s=96&d=mm&r=g\",\"url\":\"https:\/\/secure.gravatar.com\/avatar\/706770cb0fb6fef61b228494b341a7865da68c2e586815b508303374d2dc2223?s=96&d=mm&r=g\",\"contentUrl\":\"https:\/\/secure.gravatar.com\/avatar\/706770cb0fb6fef61b228494b341a7865da68c2e586815b508303374d2dc2223?s=96&d=mm&r=g\",\"caption\":\"Daniel Mesquita\"},\"url\":\"https:\/\/www.estrategiaconcursos.com.br\/blog\/author\/danielmesquitaestrategiaconcursos-com-br\/\"}]}<\/script>\n<!-- \/ Yoast SEO Premium plugin. -->","yoast_head_json":{"title":"A\u00e7\u00e3o de Ressarcimento de Danos a Fazenda n\u00e3o imprescrit\u00edvel","description":"STF julgou recurso extraordin\u00e1rio com repercuss\u00e3o geral e assentou o seguinte entendimento:\u00a0\u201c\u00e9 prescrit\u00edvel a a\u00e7\u00e3o de repara\u00e7\u00e3o de danos \u00e0 Fazenda P\u00fablica decorrente de il\u00edcito civil\u201d","robots":{"index":"index","follow":"follow","max-snippet":"max-snippet:-1","max-image-preview":"max-image-preview:large","max-video-preview":"max-video-preview:-1"},"canonical":"https:\/\/www.estrategiaconcursos.com.br\/blog\/acao-de-ressarcimento-de-danos-fazenda-nao-e-imprescritivel\/","og_locale":"pt_BR","og_type":"article","og_title":"A\u00e7\u00e3o de Ressarcimento de Danos a Fazenda n\u00e3o imprescrit\u00edvel","og_description":"STF julgou recurso extraordin\u00e1rio com repercuss\u00e3o geral e assentou o seguinte entendimento:\u00a0\u201c\u00e9 prescrit\u00edvel a a\u00e7\u00e3o de repara\u00e7\u00e3o de danos \u00e0 Fazenda P\u00fablica decorrente de il\u00edcito civil\u201d","og_url":"https:\/\/www.estrategiaconcursos.com.br\/blog\/acao-de-ressarcimento-de-danos-fazenda-nao-e-imprescritivel\/","og_site_name":"Estrat\u00e9gia Concursos","article_published_time":"2016-02-03T22:40:27+00:00","article_modified_time":"2016-02-05T15:56:42+00:00","og_image":[{"url":"https:\/\/dhg1h5j42swfq.cloudfront.net\/2016\/02\/03193943\/stf.jpg","type":"","width":"","height":""}],"author":"Daniel Mesquita","twitter_card":"summary_large_image","twitter_creator":"@EstratConcursos","twitter_site":"@EstratConcursos","twitter_misc":{"Escrito por":"Daniel Mesquita","Est. tempo de leitura":"1 minuto"},"schema":{"@context":"https:\/\/schema.org","@graph":[{"@type":"NewsArticle","@id":"https:\/\/www.estrategiaconcursos.com.br\/blog\/acao-de-ressarcimento-de-danos-fazenda-nao-e-imprescritivel\/#article","isPartOf":{"@id":"https:\/\/www.estrategiaconcursos.com.br\/blog\/acao-de-ressarcimento-de-danos-fazenda-nao-e-imprescritivel\/"},"author":{"name":"Daniel Mesquita","@id":"https:\/\/www.estrategiaconcursos.com.br\/blog\/#\/schema\/person\/9eaf1124191babd2cd91ce9a50b4df1b"},"headline":"A\u00e7\u00e3o de Ressarcimento de Danos a Fazenda n\u00e3o imprescrit\u00edvel","datePublished":"2016-02-03T22:40:27+00:00","dateModified":"2016-02-05T15:56:42+00:00","mainEntityOfPage":{"@id":"https:\/\/www.estrategiaconcursos.com.br\/blog\/acao-de-ressarcimento-de-danos-fazenda-nao-e-imprescritivel\/"},"wordCount":292,"commentCount":1,"publisher":{"@id":"https:\/\/www.estrategiaconcursos.com.br\/blog\/#organization"},"image":{"@id":"https:\/\/www.estrategiaconcursos.com.br\/blog\/acao-de-ressarcimento-de-danos-fazenda-nao-e-imprescritivel\/#primaryimage"},"thumbnailUrl":"https:\/\/dhg1h5j42swfq.cloudfront.net\/2016\/02\/03193943\/stf.jpg","keywords":["Direito Constitucional"],"articleSection":["Concursos P\u00fablicos"],"inLanguage":"pt-BR","potentialAction":[{"@type":"CommentAction","name":"Comment","target":["https:\/\/www.estrategiaconcursos.com.br\/blog\/acao-de-ressarcimento-de-danos-fazenda-nao-e-imprescritivel\/#respond"]}],"copyrightYear":"2016","copyrightHolder":{"@id":"https:\/\/www.estrategiaconcursos.com.br\/blog\/#organization"}},{"@type":"WebPage","@id":"https:\/\/www.estrategiaconcursos.com.br\/blog\/acao-de-ressarcimento-de-danos-fazenda-nao-e-imprescritivel\/","url":"https:\/\/www.estrategiaconcursos.com.br\/blog\/acao-de-ressarcimento-de-danos-fazenda-nao-e-imprescritivel\/","name":"A\u00e7\u00e3o de Ressarcimento de Danos a Fazenda n\u00e3o imprescrit\u00edvel","isPartOf":{"@id":"https:\/\/www.estrategiaconcursos.com.br\/blog\/#website"},"primaryImageOfPage":{"@id":"https:\/\/www.estrategiaconcursos.com.br\/blog\/acao-de-ressarcimento-de-danos-fazenda-nao-e-imprescritivel\/#primaryimage"},"image":{"@id":"https:\/\/www.estrategiaconcursos.com.br\/blog\/acao-de-ressarcimento-de-danos-fazenda-nao-e-imprescritivel\/#primaryimage"},"thumbnailUrl":"https:\/\/dhg1h5j42swfq.cloudfront.net\/2016\/02\/03193943\/stf.jpg","datePublished":"2016-02-03T22:40:27+00:00","dateModified":"2016-02-05T15:56:42+00:00","description":"STF julgou recurso extraordin\u00e1rio com repercuss\u00e3o geral e assentou o seguinte entendimento:\u00a0\u201c\u00e9 prescrit\u00edvel a a\u00e7\u00e3o de repara\u00e7\u00e3o de danos \u00e0 Fazenda P\u00fablica decorrente de il\u00edcito civil\u201d","breadcrumb":{"@id":"https:\/\/www.estrategiaconcursos.com.br\/blog\/acao-de-ressarcimento-de-danos-fazenda-nao-e-imprescritivel\/#breadcrumb"},"inLanguage":"pt-BR","potentialAction":[{"@type":"ReadAction","target":["https:\/\/www.estrategiaconcursos.com.br\/blog\/acao-de-ressarcimento-de-danos-fazenda-nao-e-imprescritivel\/"]}]},{"@type":"ImageObject","inLanguage":"pt-BR","@id":"https:\/\/www.estrategiaconcursos.com.br\/blog\/acao-de-ressarcimento-de-danos-fazenda-nao-e-imprescritivel\/#primaryimage","url":"https:\/\/dhg1h5j42swfq.cloudfront.net\/2016\/02\/03193943\/stf.jpg","contentUrl":"https:\/\/dhg1h5j42swfq.cloudfront.net\/2016\/02\/03193943\/stf.jpg"},{"@type":"BreadcrumbList","@id":"https:\/\/www.estrategiaconcursos.com.br\/blog\/acao-de-ressarcimento-de-danos-fazenda-nao-e-imprescritivel\/#breadcrumb","itemListElement":[{"@type":"ListItem","position":1,"name":"In\u00edcio","item":"https:\/\/www.estrategiaconcursos.com.br\/blog\/"},{"@type":"ListItem","position":2,"name":"A\u00e7\u00e3o de Ressarcimento de Danos a Fazenda n\u00e3o imprescrit\u00edvel"}]},{"@type":"WebSite","@id":"https:\/\/www.estrategiaconcursos.com.br\/blog\/#website","url":"https:\/\/www.estrategiaconcursos.com.br\/blog\/","name":"Estrat\u00e9gia Concursos","description":"O blog da Estrat\u00e9gia Concursos traz not\u00edcias sobre concursos e artigos de professores oferecendo cursos para concursos (pdf + videaulas) no site.","publisher":{"@id":"https:\/\/www.estrategiaconcursos.com.br\/blog\/#organization"},"potentialAction":[{"@type":"SearchAction","target":{"@type":"EntryPoint","urlTemplate":"https:\/\/www.estrategiaconcursos.com.br\/blog\/?s={search_term_string}"},"query-input":{"@type":"PropertyValueSpecification","valueRequired":true,"valueName":"search_term_string"}}],"inLanguage":"pt-BR"},{"@type":"Organization","@id":"https:\/\/www.estrategiaconcursos.com.br\/blog\/#organization","name":"Estrat\u00e9gia Concursos","url":"https:\/\/www.estrategiaconcursos.com.br\/blog\/","logo":{"@type":"ImageObject","inLanguage":"pt-BR","@id":"https:\/\/www.estrategiaconcursos.com.br\/blog\/#\/schema\/logo\/image\/","url":"https:\/\/dhg1h5j42swfq.cloudfront.net\/2025\/06\/03203428\/logo_concursos-1.jpg","contentUrl":"https:\/\/dhg1h5j42swfq.cloudfront.net\/2025\/06\/03203428\/logo_concursos-1.jpg","width":230,"height":60,"caption":"Estrat\u00e9gia Concursos"},"image":{"@id":"https:\/\/www.estrategiaconcursos.com.br\/blog\/#\/schema\/logo\/image\/"},"sameAs":["https:\/\/x.com\/EstratConcursos"]},{"@type":"Person","@id":"https:\/\/www.estrategiaconcursos.com.br\/blog\/#\/schema\/person\/9eaf1124191babd2cd91ce9a50b4df1b","name":"Daniel Mesquita","image":{"@type":"ImageObject","inLanguage":"pt-BR","@id":"https:\/\/secure.gravatar.com\/avatar\/706770cb0fb6fef61b228494b341a7865da68c2e586815b508303374d2dc2223?s=96&d=mm&r=g","url":"https:\/\/secure.gravatar.com\/avatar\/706770cb0fb6fef61b228494b341a7865da68c2e586815b508303374d2dc2223?s=96&d=mm&r=g","contentUrl":"https:\/\/secure.gravatar.com\/avatar\/706770cb0fb6fef61b228494b341a7865da68c2e586815b508303374d2dc2223?s=96&d=mm&r=g","caption":"Daniel Mesquita"},"url":"https:\/\/www.estrategiaconcursos.com.br\/blog\/author\/danielmesquitaestrategiaconcursos-com-br\/"}]}},"_links":{"self":[{"href":"https:\/\/www.estrategiaconcursos.com.br\/blog\/wp-json\/wp\/v2\/posts\/32752","targetHints":{"allow":["GET"]}}],"collection":[{"href":"https:\/\/www.estrategiaconcursos.com.br\/blog\/wp-json\/wp\/v2\/posts"}],"about":[{"href":"https:\/\/www.estrategiaconcursos.com.br\/blog\/wp-json\/wp\/v2\/types\/post"}],"author":[{"embeddable":true,"href":"https:\/\/www.estrategiaconcursos.com.br\/blog\/wp-json\/wp\/v2\/users\/8"}],"replies":[{"embeddable":true,"href":"https:\/\/www.estrategiaconcursos.com.br\/blog\/wp-json\/wp\/v2\/comments?post=32752"}],"version-history":[{"count":3,"href":"https:\/\/www.estrategiaconcursos.com.br\/blog\/wp-json\/wp\/v2\/posts\/32752\/revisions"}],"predecessor-version":[{"id":32815,"href":"https:\/\/www.estrategiaconcursos.com.br\/blog\/wp-json\/wp\/v2\/posts\/32752\/revisions\/32815"}],"wp:attachment":[{"href":"https:\/\/www.estrategiaconcursos.com.br\/blog\/wp-json\/wp\/v2\/media?parent=32752"}],"wp:term":[{"taxonomy":"category","embeddable":true,"href":"https:\/\/www.estrategiaconcursos.com.br\/blog\/wp-json\/wp\/v2\/categories?post=32752"},{"taxonomy":"post_tag","embeddable":true,"href":"https:\/\/www.estrategiaconcursos.com.br\/blog\/wp-json\/wp\/v2\/tags?post=32752"},{"taxonomy":"tax_estado","embeddable":true,"href":"https:\/\/www.estrategiaconcursos.com.br\/blog\/wp-json\/wp\/v2\/tax_estado?post=32752"}],"curies":[{"name":"wp","href":"https:\/\/api.w.org\/{rel}","templated":true}]}}